{"id":4648,"date":"2010-07-22T08:59:57","date_gmt":"2010-07-22T05:59:57","guid":{"rendered":"http:\/\/localhost\/wordpress\/2010\/07\/22\/kati-ve-soguktum-bir-kopruydum-bir-ucurum-uzerinde-uzanmis-yatiyordum-franz-kafka\/"},"modified":"2010-07-22T08:59:57","modified_gmt":"2010-07-22T05:59:57","slug":"kati-ve-soguktum-bir-kopruydum-bir-ucurum-uzerinde-uzanmis-yatiyordum-franz-kafka","status":"publish","type":"post","link":"https:\/\/narteks.net\/index.php\/2010\/07\/22\/kati-ve-soguktum-bir-kopruydum-bir-ucurum-uzerinde-uzanmis-yatiyordum-franz-kafka\/","title":{"rendered":"Kat\u0131 ve so\u011fuktum, bir k\u00f6pr\u00fcyd\u00fcm, bir u\u00e7urum \u00fczerinde uzanm\u0131\u015f yat\u0131yordum | Franz Kafka"},"content":{"rendered":"<p style=\"text-align: justify;\"><img loading=\"lazy\" decoding=\"async\" src=\"http:\/\/20gradosbajocero.files.wordpress.com\/2009\/10\/franz-kafka-v.jpg\" border=\"0\" width=\"155\" height=\"205\" style=\"float: left;\" \/>Kat\u0131 ve so\u011fuktum, bir k\u00f6pr\u00fcyd\u00fcm, bir u\u00e7urum \u00fczerinde uzanm\u0131\u015f yat\u0131yordum. Bir yakaya ayak u\u00e7lar\u0131m, \u00f6b\u00fcr yakaya ellerim g\u00f6m\u00fclm\u00fc\u015ft\u00fc; \u00e7atlay\u0131p d\u00f6k\u00fclen bal\u00e7\u0131k topra\u011fa s\u0131ms\u0131k\u0131 ge\u00e7irmi\u015ftim di\u015flerimi. Giysimin etekleri iki yan\u0131mda u\u00e7u\u015fuyor, derinlerde o buz gibi suyuyla alabal\u0131kl\u0131 dere g\u00fcr\u00fcl g\u00fcr\u00fcl ak\u0131yordu.<\/p>\n<p style=\"text-align: justify;\">Hi\u00e7bir turist yolunu \u015fa\u015f\u0131r\u0131p da bu ge\u00e7it vermez y\u00fccelere u\u011fram\u0131yordu, hen\u00fcz haritalara ge\u00e7irilmemi\u015fti k\u00f6pr\u00fc. B\u00f6ylece u\u00e7urum \u00fczerinde uzanm\u0131\u015f yat\u0131yor, bekliyordum; \u00e7aresiz bekliyordum. Bir k\u00f6pr\u00fc bir kez kurulmaya g\u00f6rs\u00fcn, y\u0131k\u0131l\u0131p \u00e7\u00f6kmedik\u00e7e kurtulamaz k\u00f6pr\u00fcl\u00fckten. Bir g\u00fcn ak\u015fama do\u011fruydu birinci ak\u015fam m\u0131, bininci ak\u015fam m\u0131, bilmiyorum d\u00fc\u015f\u00fcncelerim aral\u0131ks\u0131z bir karma\u015fa i\u00e7inde y\u00fcz\u00fcyor, boyuna \u00e7emberler \u00e7iziyordu.<\/p>\n<p style=\"text-align: justify;\">Yaz\u0131n bir ak\u015fam\u00fczeri her zamankinden daha bo\u011fuk \u00e7a\u011f\u0131ld\u0131yordu dere ans\u0131z\u0131n bir insan\u0131n ayak seslerini i\u015fittim.Bana do\u011fru, bana do\u011fru! Uzan, gerin k\u00f6pr\u00fc, \u00e7ekid\u00fczen ver kendine, korkuluksuz ah\u015fap k\u00f6pr\u00fc; sana kendini emanet edeni elinden tut, ad\u0131mlar\u0131ndaki g\u00fcvensizli\u011fi sezdirmeden yok et ve bakt\u0131n sendeliyor, g\u00f6ster kim oldu\u011funu, bir da\u011f tanr\u0131s\u0131 gibi f\u0131rlat\u0131p onu kayaya at!<\/p>\n<p>Adam gelip bastonunun demir ucuyla \u015f\u00f6yle bir yoklad\u0131 beni, sonra yine bastonunun ucuyla giysimin eteklerini kald\u0131r\u0131p \u00fczerimde d\u00fczeltti. Bastonunun ucunu \u00e7al\u0131 gibi sa\u00e7lar\u0131ma dald\u0131rd\u0131 ve belki yabanc\u0131 bak\u0131\u015flar\u0131n\u0131 \u00e7evresinde gezdirip uzun s\u00fcre \u00f6ylece tuttu. Ama derken o anda dere tepe adam\u0131n pe\u015finden se\u011firtiyordum d\u00fc\u015f\u00fcmde her iki aya\u011f\u0131yla s\u0131\u00e7rad\u0131\u011f\u0131 gibi karn\u0131m\u0131n orta yerine gelip dikildi.<\/p>\n<p>M\u00fcthi\u015f bir ac\u0131yla korkudan donakald\u0131m; kim oldu\u011fundan \u015funcac\u0131k haberim yoktu.<\/p>\n<p>Bir \u00e7ocuk mu?<br \/>Bir d\u00fc\u015f m\u00fc?<br \/>Bir e\u015fkiya m\u0131?<br \/>Can\u0131na k\u0131ymak isteyen biri mi?<br \/>Bir ba\u015ftan \u00e7\u0131kar\u0131c\u0131 m\u0131? Bir yok edici mi?<\/p>\n<p>Ve onu g\u00f6rmek i\u00e7in arkama d\u00f6nd\u00fcm. K\u00f6pr\u00fc arkas\u0131na d\u00f6n\u00fcyor!<\/p>\n<p>Hen\u00fcz d\u00f6nmem sona ermemi\u015fti ki; birden \u00e7\u00f6kmeye ba\u015flad\u0131m, \u00e7\u00f6kt\u00fcm ve \u00e7ok ge\u00e7meden parampar\u00e7a oldum, doludizgin akan sularda \u015fimdiye dek beni hep sessiz sakin s\u00fcz\u00fcp durmu\u015f \u00e7ak\u0131llar\u0131n \u015fi\u015flerine ge\u00e7irildim.<\/p>\n<p style=\"text-align: justify;\">K\u00f6pr\u00fc-F.Kafka<\/p>\n","protected":false},"excerpt":{"rendered":"<p>Kat\u0131 ve so\u011fuktum, bir k\u00f6pr\u00fcyd\u00fcm, bir u\u00e7urum \u00fczerinde uzanm\u0131\u015f yat\u0131yordum. Bir yakaya ayak u\u00e7lar\u0131m, \u00f6b\u00fcr yakaya ellerim g\u00f6m\u00fclm\u00fc\u015ft\u00fc; \u00e7atlay\u0131p d\u00f6k\u00fclen bal\u00e7\u0131k topra\u011fa s\u0131ms\u0131k\u0131 ge\u00e7irmi\u015ftim di\u015flerimi. Giysimin etekleri iki yan\u0131mda u\u00e7u\u015fuyor, derinlerde o buz gibi suyuyla alabal\u0131kl\u0131 dere g\u00fcr\u00fcl g\u00fcr\u00fcl ak\u0131yordu. Hi\u00e7bir turist yolunu \u015fa\u015f\u0131r\u0131p da bu ge\u00e7it vermez y\u00fccelere u\u011fram\u0131yordu, hen\u00fcz haritalara ge\u00e7irilmemi\u015fti k\u00f6pr\u00fc. B\u00f6ylece [&hellip;]<\/p>\n","protected":false},"author":1,"featured_media":0,"comment_status":"open","ping_status":"open","sticky":false,"template":"","format":"standard","meta":{"footnotes":""},"categories":[138],"tags":[],"class_list":{"0":"post-4648","1":"post","2":"type-post","3":"status-publish","4":"format-standard","6":"category-edebiyat-dunya"},"yoast_head":"<!-- This site is optimized with the Yoast SEO Premium plugin v24.9 (Yoast SEO v24.9) - https:\/\/yoast.com\/wordpress\/plugins\/seo\/ -->\n<title>Kat\u0131 ve so\u011fuktum, bir k\u00f6pr\u00fcyd\u00fcm, bir u\u00e7urum \u00fczerinde uzanm\u0131\u015f yat\u0131yordum | Franz Kafka - narteks.net<\/title>\n<meta name=\"robots\" content=\"index, follow, max-snippet:-1, max-image-preview:large, max-video-preview:-1\" \/>\n<link rel=\"canonical\" href=\"https:\/\/narteks.net\/index.php\/2010\/07\/22\/kati-ve-soguktum-bir-kopruydum-bir-ucurum-uzerinde-uzanmis-yatiyordum-franz-kafka\/\" \/>\n<meta property=\"og:locale\" content=\"tr_TR\" \/>\n<meta property=\"og:type\" content=\"article\" \/>\n<meta property=\"og:title\" content=\"Kat\u0131 ve so\u011fuktum, bir k\u00f6pr\u00fcyd\u00fcm, bir u\u00e7urum \u00fczerinde uzanm\u0131\u015f yat\u0131yordum | Franz Kafka\" \/>\n<meta property=\"og:description\" content=\"Kat\u0131 ve so\u011fuktum, bir k\u00f6pr\u00fcyd\u00fcm, bir u\u00e7urum \u00fczerinde uzanm\u0131\u015f yat\u0131yordum. Bir yakaya ayak u\u00e7lar\u0131m, \u00f6b\u00fcr yakaya ellerim g\u00f6m\u00fclm\u00fc\u015ft\u00fc; \u00e7atlay\u0131p d\u00f6k\u00fclen bal\u00e7\u0131k topra\u011fa s\u0131ms\u0131k\u0131 ge\u00e7irmi\u015ftim di\u015flerimi. Giysimin etekleri iki yan\u0131mda u\u00e7u\u015fuyor, derinlerde o buz gibi suyuyla alabal\u0131kl\u0131 dere g\u00fcr\u00fcl g\u00fcr\u00fcl ak\u0131yordu. Hi\u00e7bir turist yolunu \u015fa\u015f\u0131r\u0131p da bu ge\u00e7it vermez y\u00fccelere u\u011fram\u0131yordu, hen\u00fcz haritalara ge\u00e7irilmemi\u015fti k\u00f6pr\u00fc. B\u00f6ylece [&hellip;]\" \/>\n<meta property=\"og:url\" content=\"https:\/\/narteks.net\/index.php\/2010\/07\/22\/kati-ve-soguktum-bir-kopruydum-bir-ucurum-uzerinde-uzanmis-yatiyordum-franz-kafka\/\" \/>\n<meta property=\"og:site_name\" content=\"narteks.net\" \/>\n<meta property=\"article:published_time\" content=\"2010-07-22T05:59:57+00:00\" \/>\n<meta property=\"og:image\" content=\"http:\/\/20gradosbajocero.files.wordpress.com\/2009\/10\/franz-kafka-v.jpg\" \/>\n<meta name=\"author\" content=\"Tar\u0131k\" \/>\n<meta name=\"twitter:card\" content=\"summary_large_image\" \/>\n<meta name=\"twitter:creator\" content=\"@narteks\" \/>\n<meta name=\"twitter:site\" content=\"@narteks\" \/>\n<meta name=\"twitter:label1\" content=\"Yazan:\" \/>\n\t<meta name=\"twitter:data1\" content=\"Tar\u0131k\" \/>\n\t<meta name=\"twitter:label2\" content=\"Tahmini okuma s\u00fcresi\" \/>\n\t<meta name=\"twitter:data2\" content=\"2 dakika\" \/>\n<script type=\"application\/ld+json\" class=\"yoast-schema-graph\">{\"@context\":\"https:\/\/schema.org\",\"@graph\":[{\"@type\":\"Article\",\"@id\":\"https:\/\/narteks.net\/index.php\/2010\/07\/22\/kati-ve-soguktum-bir-kopruydum-bir-ucurum-uzerinde-uzanmis-yatiyordum-franz-kafka\/#article\",\"isPartOf\":{\"@id\":\"https:\/\/narteks.net\/index.php\/2010\/07\/22\/kati-ve-soguktum-bir-kopruydum-bir-ucurum-uzerinde-uzanmis-yatiyordum-franz-kafka\/\"},\"author\":{\"name\":\"Tar\u0131k\",\"@id\":\"https:\/\/narteks.net\/#\/schema\/person\/61f37d9834294b72d31d274e7ed79bca\"},\"headline\":\"Kat\u0131 ve so\u011fuktum, bir k\u00f6pr\u00fcyd\u00fcm, bir u\u00e7urum \u00fczerinde uzanm\u0131\u015f yat\u0131yordum | Franz Kafka\",\"datePublished\":\"2010-07-22T05:59:57+00:00\",\"mainEntityOfPage\":{\"@id\":\"https:\/\/narteks.net\/index.php\/2010\/07\/22\/kati-ve-soguktum-bir-kopruydum-bir-ucurum-uzerinde-uzanmis-yatiyordum-franz-kafka\/\"},\"wordCount\":432,\"commentCount\":0,\"publisher\":{\"@id\":\"https:\/\/narteks.net\/#organization\"},\"image\":{\"@id\":\"https:\/\/narteks.net\/index.php\/2010\/07\/22\/kati-ve-soguktum-bir-kopruydum-bir-ucurum-uzerinde-uzanmis-yatiyordum-franz-kafka\/#primaryimage\"},\"thumbnailUrl\":\"http:\/\/20gradosbajocero.files.wordpress.com\/2009\/10\/franz-kafka-v.jpg\",\"articleSection\":[\"Edebiyat ( D\u00fcnya )\"],\"inLanguage\":\"tr\",\"potentialAction\":[{\"@type\":\"CommentAction\",\"name\":\"Comment\",\"target\":[\"https:\/\/narteks.net\/index.php\/2010\/07\/22\/kati-ve-soguktum-bir-kopruydum-bir-ucurum-uzerinde-uzanmis-yatiyordum-franz-kafka\/#respond\"]}]},{\"@type\":\"WebPage\",\"@id\":\"https:\/\/narteks.net\/index.php\/2010\/07\/22\/kati-ve-soguktum-bir-kopruydum-bir-ucurum-uzerinde-uzanmis-yatiyordum-franz-kafka\/\",\"url\":\"https:\/\/narteks.net\/index.php\/2010\/07\/22\/kati-ve-soguktum-bir-kopruydum-bir-ucurum-uzerinde-uzanmis-yatiyordum-franz-kafka\/\",\"name\":\"Kat\u0131 ve so\u011fuktum, bir k\u00f6pr\u00fcyd\u00fcm, bir u\u00e7urum \u00fczerinde uzanm\u0131\u015f yat\u0131yordum | Franz Kafka - narteks.net\",\"isPartOf\":{\"@id\":\"https:\/\/narteks.net\/#website\"},\"primaryImageOfPage\":{\"@id\":\"https:\/\/narteks.net\/index.php\/2010\/07\/22\/kati-ve-soguktum-bir-kopruydum-bir-ucurum-uzerinde-uzanmis-yatiyordum-franz-kafka\/#primaryimage\"},\"image\":{\"@id\":\"https:\/\/narteks.net\/index.php\/2010\/07\/22\/kati-ve-soguktum-bir-kopruydum-bir-ucurum-uzerinde-uzanmis-yatiyordum-franz-kafka\/#primaryimage\"},\"thumbnailUrl\":\"http:\/\/20gradosbajocero.files.wordpress.com\/2009\/10\/franz-kafka-v.jpg\",\"datePublished\":\"2010-07-22T05:59:57+00:00\",\"breadcrumb\":{\"@id\":\"https:\/\/narteks.net\/index.php\/2010\/07\/22\/kati-ve-soguktum-bir-kopruydum-bir-ucurum-uzerinde-uzanmis-yatiyordum-franz-kafka\/#breadcrumb\"},\"inLanguage\":\"tr\",\"potentialAction\":[{\"@type\":\"ReadAction\",\"target\":[\"https:\/\/narteks.net\/index.php\/2010\/07\/22\/kati-ve-soguktum-bir-kopruydum-bir-ucurum-uzerinde-uzanmis-yatiyordum-franz-kafka\/\"]}]},{\"@type\":\"ImageObject\",\"inLanguage\":\"tr\",\"@id\":\"https:\/\/narteks.net\/index.php\/2010\/07\/22\/kati-ve-soguktum-bir-kopruydum-bir-ucurum-uzerinde-uzanmis-yatiyordum-franz-kafka\/#primaryimage\",\"url\":\"http:\/\/20gradosbajocero.files.wordpress.com\/2009\/10\/franz-kafka-v.jpg\",\"contentUrl\":\"http:\/\/20gradosbajocero.files.wordpress.com\/2009\/10\/franz-kafka-v.jpg\"},{\"@type\":\"BreadcrumbList\",\"@id\":\"https:\/\/narteks.net\/index.php\/2010\/07\/22\/kati-ve-soguktum-bir-kopruydum-bir-ucurum-uzerinde-uzanmis-yatiyordum-franz-kafka\/#breadcrumb\",\"itemListElement\":[{\"@type\":\"ListItem\",\"position\":1,\"name\":\"Anasayfa\",\"item\":\"https:\/\/narteks.net\/\"},{\"@type\":\"ListItem\",\"position\":2,\"name\":\"Kat\u0131 ve so\u011fuktum, bir k\u00f6pr\u00fcyd\u00fcm, bir u\u00e7urum \u00fczerinde uzanm\u0131\u015f yat\u0131yordum | Franz Kafka\"}]},{\"@type\":\"WebSite\",\"@id\":\"https:\/\/narteks.net\/#website\",\"url\":\"https:\/\/narteks.net\/\",\"name\":\"narteks.net\",\"description\":\"K\u00fclt\u00fcr Sanat Edebiyat Felsefe\",\"publisher\":{\"@id\":\"https:\/\/narteks.net\/#organization\"},\"alternateName\":\"K\u00fclt\u00fcr Sanat Edebiyat Felsefe\",\"potentialAction\":[{\"@type\":\"SearchAction\",\"target\":{\"@type\":\"EntryPoint\",\"urlTemplate\":\"https:\/\/narteks.net\/?s={search_term_string}\"},\"query-input\":{\"@type\":\"PropertyValueSpecification\",\"valueRequired\":true,\"valueName\":\"search_term_string\"}}],\"inLanguage\":\"tr\"},{\"@type\":\"Organization\",\"@id\":\"https:\/\/narteks.net\/#organization\",\"name\":\"narteks.net\",\"url\":\"https:\/\/narteks.net\/\",\"logo\":{\"@type\":\"ImageObject\",\"inLanguage\":\"tr\",\"@id\":\"https:\/\/narteks.net\/#\/schema\/logo\/image\/\",\"url\":\"https:\/\/narteks.net\/wp-content\/uploads\/narteks.png\",\"contentUrl\":\"https:\/\/narteks.net\/wp-content\/uploads\/narteks.png\",\"width\":300,\"height\":90,\"caption\":\"narteks.net\"},\"image\":{\"@id\":\"https:\/\/narteks.net\/#\/schema\/logo\/image\/\"},\"sameAs\":[\"https:\/\/x.com\/narteks\",\"https:\/\/instagram.com\/narteksnet\"]},{\"@type\":\"Person\",\"@id\":\"https:\/\/narteks.net\/#\/schema\/person\/61f37d9834294b72d31d274e7ed79bca\",\"name\":\"Tar\u0131k\",\"image\":{\"@type\":\"ImageObject\",\"inLanguage\":\"tr\",\"@id\":\"https:\/\/narteks.net\/#\/schema\/person\/image\/\",\"url\":\"https:\/\/secure.gravatar.com\/avatar\/50865afb55632c4ae467e0af0930f6510aa2297d8014be502a55b14f3b7550cf?s=96&d=mm&r=g\",\"contentUrl\":\"https:\/\/secure.gravatar.com\/avatar\/50865afb55632c4ae467e0af0930f6510aa2297d8014be502a55b14f3b7550cf?s=96&d=mm&r=g\",\"caption\":\"Tar\u0131k\"},\"sameAs\":[\"http:\/\/narteks.net\"],\"url\":\"https:\/\/narteks.net\/index.php\/author\/narbak\/\"}]}<\/script>\n<!-- \/ Yoast SEO Premium plugin. -->","yoast_head_json":{"title":"Kat\u0131 ve so\u011fuktum, bir k\u00f6pr\u00fcyd\u00fcm, bir u\u00e7urum \u00fczerinde uzanm\u0131\u015f yat\u0131yordum | Franz Kafka - narteks.net","robots":{"index":"index","follow":"follow","max-snippet":"max-snippet:-1","max-image-preview":"max-image-preview:large","max-video-preview":"max-video-preview:-1"},"canonical":"https:\/\/narteks.net\/index.php\/2010\/07\/22\/kati-ve-soguktum-bir-kopruydum-bir-ucurum-uzerinde-uzanmis-yatiyordum-franz-kafka\/","og_locale":"tr_TR","og_type":"article","og_title":"Kat\u0131 ve so\u011fuktum, bir k\u00f6pr\u00fcyd\u00fcm, bir u\u00e7urum \u00fczerinde uzanm\u0131\u015f yat\u0131yordum | Franz Kafka","og_description":"Kat\u0131 ve so\u011fuktum, bir k\u00f6pr\u00fcyd\u00fcm, bir u\u00e7urum \u00fczerinde uzanm\u0131\u015f yat\u0131yordum. Bir yakaya ayak u\u00e7lar\u0131m, \u00f6b\u00fcr yakaya ellerim g\u00f6m\u00fclm\u00fc\u015ft\u00fc; \u00e7atlay\u0131p d\u00f6k\u00fclen bal\u00e7\u0131k topra\u011fa s\u0131ms\u0131k\u0131 ge\u00e7irmi\u015ftim di\u015flerimi. Giysimin etekleri iki yan\u0131mda u\u00e7u\u015fuyor, derinlerde o buz gibi suyuyla alabal\u0131kl\u0131 dere g\u00fcr\u00fcl g\u00fcr\u00fcl ak\u0131yordu. Hi\u00e7bir turist yolunu \u015fa\u015f\u0131r\u0131p da bu ge\u00e7it vermez y\u00fccelere u\u011fram\u0131yordu, hen\u00fcz haritalara ge\u00e7irilmemi\u015fti k\u00f6pr\u00fc. B\u00f6ylece [&hellip;]","og_url":"https:\/\/narteks.net\/index.php\/2010\/07\/22\/kati-ve-soguktum-bir-kopruydum-bir-ucurum-uzerinde-uzanmis-yatiyordum-franz-kafka\/","og_site_name":"narteks.net","article_published_time":"2010-07-22T05:59:57+00:00","og_image":[{"url":"http:\/\/20gradosbajocero.files.wordpress.com\/2009\/10\/franz-kafka-v.jpg","type":"","width":"","height":""}],"author":"Tar\u0131k","twitter_card":"summary_large_image","twitter_creator":"@narteks","twitter_site":"@narteks","twitter_misc":{"Yazan:":"Tar\u0131k","Tahmini okuma s\u00fcresi":"2 dakika"},"schema":{"@context":"https:\/\/schema.org","@graph":[{"@type":"Article","@id":"https:\/\/narteks.net\/index.php\/2010\/07\/22\/kati-ve-soguktum-bir-kopruydum-bir-ucurum-uzerinde-uzanmis-yatiyordum-franz-kafka\/#article","isPartOf":{"@id":"https:\/\/narteks.net\/index.php\/2010\/07\/22\/kati-ve-soguktum-bir-kopruydum-bir-ucurum-uzerinde-uzanmis-yatiyordum-franz-kafka\/"},"author":{"name":"Tar\u0131k","@id":"https:\/\/narteks.net\/#\/schema\/person\/61f37d9834294b72d31d274e7ed79bca"},"headline":"Kat\u0131 ve so\u011fuktum, bir k\u00f6pr\u00fcyd\u00fcm, bir u\u00e7urum \u00fczerinde uzanm\u0131\u015f yat\u0131yordum | Franz Kafka","datePublished":"2010-07-22T05:59:57+00:00","mainEntityOfPage":{"@id":"https:\/\/narteks.net\/index.php\/2010\/07\/22\/kati-ve-soguktum-bir-kopruydum-bir-ucurum-uzerinde-uzanmis-yatiyordum-franz-kafka\/"},"wordCount":432,"commentCount":0,"publisher":{"@id":"https:\/\/narteks.net\/#organization"},"image":{"@id":"https:\/\/narteks.net\/index.php\/2010\/07\/22\/kati-ve-soguktum-bir-kopruydum-bir-ucurum-uzerinde-uzanmis-yatiyordum-franz-kafka\/#primaryimage"},"thumbnailUrl":"http:\/\/20gradosbajocero.files.wordpress.com\/2009\/10\/franz-kafka-v.jpg","articleSection":["Edebiyat ( D\u00fcnya )"],"inLanguage":"tr","potentialAction":[{"@type":"CommentAction","name":"Comment","target":["https:\/\/narteks.net\/index.php\/2010\/07\/22\/kati-ve-soguktum-bir-kopruydum-bir-ucurum-uzerinde-uzanmis-yatiyordum-franz-kafka\/#respond"]}]},{"@type":"WebPage","@id":"https:\/\/narteks.net\/index.php\/2010\/07\/22\/kati-ve-soguktum-bir-kopruydum-bir-ucurum-uzerinde-uzanmis-yatiyordum-franz-kafka\/","url":"https:\/\/narteks.net\/index.php\/2010\/07\/22\/kati-ve-soguktum-bir-kopruydum-bir-ucurum-uzerinde-uzanmis-yatiyordum-franz-kafka\/","name":"Kat\u0131 ve so\u011fuktum, bir k\u00f6pr\u00fcyd\u00fcm, bir u\u00e7urum \u00fczerinde uzanm\u0131\u015f yat\u0131yordum | Franz Kafka - narteks.net","isPartOf":{"@id":"https:\/\/narteks.net\/#website"},"primaryImageOfPage":{"@id":"https:\/\/narteks.net\/index.php\/2010\/07\/22\/kati-ve-soguktum-bir-kopruydum-bir-ucurum-uzerinde-uzanmis-yatiyordum-franz-kafka\/#primaryimage"},"image":{"@id":"https:\/\/narteks.net\/index.php\/2010\/07\/22\/kati-ve-soguktum-bir-kopruydum-bir-ucurum-uzerinde-uzanmis-yatiyordum-franz-kafka\/#primaryimage"},"thumbnailUrl":"http:\/\/20gradosbajocero.files.wordpress.com\/2009\/10\/franz-kafka-v.jpg","datePublished":"2010-07-22T05:59:57+00:00","breadcrumb":{"@id":"https:\/\/narteks.net\/index.php\/2010\/07\/22\/kati-ve-soguktum-bir-kopruydum-bir-ucurum-uzerinde-uzanmis-yatiyordum-franz-kafka\/#breadcrumb"},"inLanguage":"tr","potentialAction":[{"@type":"ReadAction","target":["https:\/\/narteks.net\/index.php\/2010\/07\/22\/kati-ve-soguktum-bir-kopruydum-bir-ucurum-uzerinde-uzanmis-yatiyordum-franz-kafka\/"]}]},{"@type":"ImageObject","inLanguage":"tr","@id":"https:\/\/narteks.net\/index.php\/2010\/07\/22\/kati-ve-soguktum-bir-kopruydum-bir-ucurum-uzerinde-uzanmis-yatiyordum-franz-kafka\/#primaryimage","url":"http:\/\/20gradosbajocero.files.wordpress.com\/2009\/10\/franz-kafka-v.jpg","contentUrl":"http:\/\/20gradosbajocero.files.wordpress.com\/2009\/10\/franz-kafka-v.jpg"},{"@type":"BreadcrumbList","@id":"https:\/\/narteks.net\/index.php\/2010\/07\/22\/kati-ve-soguktum-bir-kopruydum-bir-ucurum-uzerinde-uzanmis-yatiyordum-franz-kafka\/#breadcrumb","itemListElement":[{"@type":"ListItem","position":1,"name":"Anasayfa","item":"https:\/\/narteks.net\/"},{"@type":"ListItem","position":2,"name":"Kat\u0131 ve so\u011fuktum, bir k\u00f6pr\u00fcyd\u00fcm, bir u\u00e7urum \u00fczerinde uzanm\u0131\u015f yat\u0131yordum | Franz Kafka"}]},{"@type":"WebSite","@id":"https:\/\/narteks.net\/#website","url":"https:\/\/narteks.net\/","name":"narteks.net","description":"K\u00fclt\u00fcr Sanat Edebiyat Felsefe","publisher":{"@id":"https:\/\/narteks.net\/#organization"},"alternateName":"K\u00fclt\u00fcr Sanat Edebiyat Felsefe","potentialAction":[{"@type":"SearchAction","target":{"@type":"EntryPoint","urlTemplate":"https:\/\/narteks.net\/?s={search_term_string}"},"query-input":{"@type":"PropertyValueSpecification","valueRequired":true,"valueName":"search_term_string"}}],"inLanguage":"tr"},{"@type":"Organization","@id":"https:\/\/narteks.net\/#organization","name":"narteks.net","url":"https:\/\/narteks.net\/","logo":{"@type":"ImageObject","inLanguage":"tr","@id":"https:\/\/narteks.net\/#\/schema\/logo\/image\/","url":"https:\/\/narteks.net\/wp-content\/uploads\/narteks.png","contentUrl":"https:\/\/narteks.net\/wp-content\/uploads\/narteks.png","width":300,"height":90,"caption":"narteks.net"},"image":{"@id":"https:\/\/narteks.net\/#\/schema\/logo\/image\/"},"sameAs":["https:\/\/x.com\/narteks","https:\/\/instagram.com\/narteksnet"]},{"@type":"Person","@id":"https:\/\/narteks.net\/#\/schema\/person\/61f37d9834294b72d31d274e7ed79bca","name":"Tar\u0131k","image":{"@type":"ImageObject","inLanguage":"tr","@id":"https:\/\/narteks.net\/#\/schema\/person\/image\/","url":"https:\/\/secure.gravatar.com\/avatar\/50865afb55632c4ae467e0af0930f6510aa2297d8014be502a55b14f3b7550cf?s=96&d=mm&r=g","contentUrl":"https:\/\/secure.gravatar.com\/avatar\/50865afb55632c4ae467e0af0930f6510aa2297d8014be502a55b14f3b7550cf?s=96&d=mm&r=g","caption":"Tar\u0131k"},"sameAs":["http:\/\/narteks.net"],"url":"https:\/\/narteks.net\/index.php\/author\/narbak\/"}]}},"_links":{"self":[{"href":"https:\/\/narteks.net\/index.php\/wp-json\/wp\/v2\/posts\/4648","targetHints":{"allow":["GET"]}}],"collection":[{"href":"https:\/\/narteks.net\/index.php\/wp-json\/wp\/v2\/posts"}],"about":[{"href":"https:\/\/narteks.net\/index.php\/wp-json\/wp\/v2\/types\/post"}],"author":[{"embeddable":true,"href":"https:\/\/narteks.net\/index.php\/wp-json\/wp\/v2\/users\/1"}],"replies":[{"embeddable":true,"href":"https:\/\/narteks.net\/index.php\/wp-json\/wp\/v2\/comments?post=4648"}],"version-history":[{"count":0,"href":"https:\/\/narteks.net\/index.php\/wp-json\/wp\/v2\/posts\/4648\/revisions"}],"wp:attachment":[{"href":"https:\/\/narteks.net\/index.php\/wp-json\/wp\/v2\/media?parent=4648"}],"wp:term":[{"taxonomy":"category","embeddable":true,"href":"https:\/\/narteks.net\/index.php\/wp-json\/wp\/v2\/categories?post=4648"},{"taxonomy":"post_tag","embeddable":true,"href":"https:\/\/narteks.net\/index.php\/wp-json\/wp\/v2\/tags?post=4648"}],"curies":[{"name":"wp","href":"https:\/\/api.w.org\/{rel}","templated":true}]}}