{"id":4649,"date":"2010-07-22T09:50:08","date_gmt":"2010-07-22T06:50:08","guid":{"rendered":"http:\/\/localhost\/wordpress\/2010\/07\/22\/yezidilikte-tanri-dunyanin-sadece-yaraticisidir-ancak-surdurucusu-degildir-ezidi-yezidiler\/"},"modified":"2010-07-22T09:50:08","modified_gmt":"2010-07-22T06:50:08","slug":"yezidilikte-tanri-dunyanin-sadece-yaraticisidir-ancak-surdurucusu-degildir-ezidi-yezidiler","status":"publish","type":"post","link":"https:\/\/narteks.net\/index.php\/2010\/07\/22\/yezidilikte-tanri-dunyanin-sadece-yaraticisidir-ancak-surdurucusu-degildir-ezidi-yezidiler\/","title":{"rendered":"Yezidilikte tanr\u0131 d\u00fcnyan\u0131n sadece yarat\u0131c\u0131s\u0131d\u0131r, ancak s\u00fcrd\u00fcr\u00fcc\u00fcs\u00fc de\u011fildir | Ezidi -Yezidiler"},"content":{"rendered":"<p style=\"text-align: justify;\"><img decoding=\"async\" src=\"images\/stories\/melek_taus.jpg\" border=\"0\" alt=\"melek_tavus\" style=\"float: left;\" \/>Yezidilik (Arap\u00e7a: \u064a\u0632\u064a\u062f\u064a\u0629, Fars\u00e7a:\u06cc\u0632\u06cc\u062f\u06cc\u0627\u0646, K\u00fcrt\u00e7e: \u00cazid\u00eet\u00ee, \u00cazid\u00eey\u00ean), Ortado\u011fu k\u00f6kenli bir dindir. \u015eeyh Adi taraf\u0131ndan kurumla\u015ft\u0131r\u0131lm\u0131\u015f olan bu dinde inananlar\u0131n tamam\u0131 K\u00fcrt olup, a\u011f\u0131rl\u0131kl\u0131 olarak Irak&#8217;\u0131n Musul kentinde ya\u015famaktad\u0131rlar. Suriye, T\u00fcrkiye, \u0130ran, G\u00fcrcistan\u00a0 ve Ermenistan&#8217;da da cemaatleri bulunan Yezidiler&#8217;in bug\u00fcnk\u00fc toplam say\u0131s\u0131n\u0131n 1,000,000 civar\u0131nda oldu\u011fu tahmin edilmektedir. Ayr\u0131ca ba\u015fta Almanya ve \u0130sve\u00e7\u00a0 olmak \u00fczere Avrupa \u00fclkelerinde de bir\u00e7ok g\u00f6\u00e7men Yezidi ya\u015famaktad\u0131r.<\/p>\n<p style=\"text-align: justify;\">1970&#8217;li y\u0131llara kadar \u00f6zellikle Urfa-Viran\u015fehir&#8217;de yo\u011fun olarak ya\u015fayan ve say\u0131lar\u0131 80.000&#8217;i bulan T\u00fcrkiye Yezidileri, 1980&#8217;lerle beraber yurtd\u0131\u015f\u0131na g\u00f6\u00e7 etmeye ba\u015flam\u0131\u015flard\u0131r. 1985 y\u0131l\u0131nda 23.000&#8217;e inen say\u0131lar\u0131, 2007 y\u0131l\u0131nda 377&#8217;ye kadar (Urfa&#8217;da 243, Batman&#8217;da 72, Mardin&#8217;de 51, Diyarbak\u0131r&#8217;da 11 ki\u015fi) gerilemi\u015ftir. T\u00fcrkiye Yezidilerinin b\u00fcy\u00fck bir k\u0131sm\u0131 bug\u00fcn Almanya&#8217;da ya\u015famaktad\u0131r, Avrupa Parlamentosu \u00fcyesi Feleknas Uca bunlardan biridir.&#8221;Yezidi&#8221; kelimesi bu dinin tanr\u0131s\u0131 olan Azda kelimesinden t\u00fcretilmi\u015ftir.<\/p>\n<p style=\"text-align: justify;\">Lali\u015f (Kuzey Irak)<\/p>\n<p>Yezidilik&#8217;in \u00f6nceki ilahi dinlerde anlat\u0131lan, D\u00fc\u015fm\u00fc\u015f mele\u011fin, yarat\u0131c\u0131n\u0131n buyru\u011funa ra\u011fmen insan kar\u015f\u0131s\u0131nda e\u011filmeyip sayg\u0131 g\u00f6stermemesi, onun asl\u0131nda ne kadar asil oldu\u011funun t\u00fcm evrene ispat\u0131d\u0131r ve yarat\u0131c\u0131 taraf\u0131ndan s\u0131nanm\u0131\u015ft\u0131r. \u0130\u015fte bu s\u0131nav\u0131 ba\u015far\u0131 ile verip t\u00fcm insanl\u0131\u011f\u0131n ve d\u00fcnya i\u015flerinin ba\u015f\u0131na ge\u00e7me hakk\u0131n\u0131 kazanm\u0131\u015ft\u0131r diye d\u00fc\u015f\u00fcn\u00fcl\u00fcr.<\/p>\n<p>Ancak burada d\u00fc\u015fm\u00fc\u015f mele\u011fin sahip oldu\u011fu \u00f6zellikler di\u011fer dinlerden farkl\u0131d\u0131r. Yezidilikte tanr\u0131 d\u00fcnyan\u0131n sadece yarat\u0131c\u0131s\u0131d\u0131r, ancak s\u00fcrd\u00fcr\u00fcc\u00fcs\u00fc de\u011fildir. Tanr\u0131sal iradenin v\u00fccut bulmas\u0131 i\u00e7in D\u00fc\u015fm\u00fc\u015f melek bir nevi arac\u0131l\u0131k rol\u00fc \u00fcstlenmi\u015ftir. D\u00fc\u015fm\u00fc\u015f melek olan Melek Tavus(\u0130slam inanc\u0131nda \u015eeytan) (K\u00fcrt\u00e7e: Taw\u00fbs\u00ea Melek, Melek\u00ea Tavis) olarak adland\u0131r\u0131l\u0131r ve bir tavus ku\u015fu ile simgelenir. Tanr\u0131 \u00f6z\u00fcnde iyilikle dolu oldu\u011fundan ibadet edip onun g\u00f6nl\u00fcn\u00fc kazanmak gerekmez. Aksine ibadetin ona de\u011fil i\u00e7i k\u00f6t\u00fcl\u00fcklerle dolu olana, Tavus&#8217;a yap\u0131lmas\u0131 ile k\u00f6t\u00fcl\u00fc\u011f\u00fcn en b\u00fcy\u00fck kayna\u011f\u0131ndan korunulur. Bu anlamda iyilik ve k\u00f6t\u00fcl\u00fc\u011f\u00fcn kayna\u011f\u0131 asl\u0131nda Melek Tavus&#8217;tur. Ahiret inanc\u0131 gibi sonradan hesap verilecek bir yerin varl\u0131\u011f\u0131 s\u00f6z konusu de\u011fildir. \u0130nsan\u0131n inan\u0131\u015f\u0131na ve ya\u015fay\u0131\u015f\u0131na g\u00f6re d\u00fcnya cennete de cehenneme de d\u00f6n\u00fc\u015febilir. Melek Tavus b\u00fct\u00fcn bu i\u015flerin denetleyicisi ve tanr\u0131n\u0131n bu d\u00fcnyadaki g\u00f6lgesidir.<\/p>\n<p>Ayr\u0131ca Yezidilik&#8217;teki Melek Tavus incanc\u0131 ile eski Zerd\u00fc\u015ftl\u00fck ve Mitraizm&#8217;den etkilenmi\u015ftir. G\u00fcn\u00fcm\u00fczde, Yezidiler olduk\u00e7a kapal\u0131 ve geleneklerine ba\u011fl\u0131 olarak k\u00fclt\u00fcrlerini devam ettirmektedirler.<\/p>\n<p>Ba\u015flang\u0131\u00e7ta Tanr\u0131 Azda kendi ate\u015finden Melek Tavus(\u015eeytan)&#8217;u yarat\u0131r ve ona evreni ve insan\u0131 yaratma g\u00f6revini verir. Bununla birlikte yarad\u0131l\u0131\u015f i\u015finde Tavus&#8217;a yard\u0131mc\u0131 olacak alt\u0131 melek daha yarat\u0131r. Bunun \u00fczerine Melek Tavus, Azda&#8217;n\u0131n verdi\u011fi buyruk do\u011frultusunda ve yine Azda&#8217;dan ald\u0131\u011f\u0131 bir toz ile Erkek ile Kad\u0131n&#8217;\u0131, ve evreni yarat\u0131r. Ayr\u0131ca ayak i\u015flerini g\u00f6rmesi i\u00e7in de d\u00f6rt tane de cin.<\/p>\n<p>Daha sonra Melek Tavus(\u015eeytan) yaratt\u0131\u011f\u0131 bu iki insan\u0131 takdim etmek \u00fczere Azda&#8217;n\u0131n yan\u0131na gider ve Azda Melek Tavus&#8217;a &#8220;Bundan sonra bu iki insana tabi olacaks\u0131n&#8221; der. Bunun \u00fczerine Melek Tavus &#8220;Bu iki insan\u0131 yaratan yoktan vareden benim ni\u00e7in onlara tabi olay\u0131m ben sadece beni yaratan sana tabi olur, sana ibadet ederim&#8221; der.<\/p>\n<p>Bu ilk iki insandan toplam 80 \u00e7ocuk d\u00fcnyaya gelir. Daha sonra bu ilk iki insan, ideal insan konuda anla\u015fmazl\u0131\u011fa d\u00fc\u015ferek kavgaya tutu\u015furlar ve s\u0131navdan ge\u00e7irilmelerine karar verilir. Her ikisi de ruhlar\u0131n\u0131, d\u00fc\u015f\u00fcncelerini bir k\u00fcpe doldururlar ve a\u011fz\u0131n\u0131 kapat\u0131rlar. 40 g\u00fcn sonra Erkek olan\u0131n k\u00fcp\u00fcnden \u015eahid bin Car ad\u0131nda g\u00fczel bir gen\u00e7 \u00e7\u0131kar. Kad\u0131n\u0131nkinden ise s\u00fcr\u00fcngenler, akrepler, \u00e7\u0131yanlar.<\/p>\n<p>Adam \u015eahid bin Car&#8217;\u0131 o kadar sever ki di\u011fer 80 \u00e7ocu\u011fuyla art\u0131k ilgilenmez olur. Bu da kad\u0131n ve 80 \u00e7ocu\u011fu aras\u0131nda k\u0131skan\u00e7l\u0131k ve nefrete neden olur. Karar verirler \u015eahid bin Car \u00f6ld\u00fcr\u00fclecektir. Kad\u0131n bir parola belirler ve suikast\u0131n yap\u0131laca\u011f\u0131n\u0131 bu parolayla bildirece\u011fini s\u00f6yler. Ancak her \u015feyi bilen ve duyan Melek Tavus&#8217;u hesaba katmam\u0131\u015ft\u0131r Melek Tavus, yaratt\u0131\u011f\u0131 d\u00f6rt cine emir verir ve cinler gece olunca bu 80 \u00e7ocu\u011fun a\u011f\u0131zlar\u0131na \u00fcflerler. Uyand\u0131klar\u0131nda 80&#8217;i de farkl\u0131 dil konu\u015fmaktad\u0131rlar. Bu sebeple annelerinin s\u00f6yledi\u011fi parolay\u0131 da anlayamazlar \u015eahid bin Car b\u00f6ylelikle Melek Tavus&#8217;un sayesinde kurtulur.<\/p>\n<p>Daha sonra \u015eahid bin Car&#8217;a di\u015fi bir melek g\u00f6nderilir ve bundan olan \u00e7ocuklar Yezidilerin atalar\u0131n\u0131 olu\u015fturur, di\u011fer 80\u00c7ocuktan d\u00fcnyaya gelenlerse di\u011fer insanlar\u0131 olu\u015ftururlar.<\/p>\n<p><strong>Yezidiler kendilerine &#8220;Azday Halk\u0131&#8221; ad\u0131n\u0131 verirler. \u0130nan\u00e7lar\u0131 aras\u0131nda.<\/strong><\/p>\n<p> * D\u00fcnya sonsuzdur, d\u00fcnyay\u0131 yaratan tanr\u0131 onu asla y\u0131kmaz.<br \/> * Do\u011fan\u0131n korunmas\u0131 ve do\u011faya sayg\u0131y\u0131 benimserler.<br \/> * G\u00fcnde \u00fc\u00e7 defa g\u00fcne\u015fe d\u00f6nerek ibadet edilir.<br \/> * \u00c7ar\u015famba g\u00fcn\u00fcn\u00fc dinlenme g\u00fcn\u00fc olarak kabul ederler \u00e7\u00fcnk\u00fc, Melek Tavus&#8217;un yarat\u0131ld\u0131\u011f\u0131 g\u00fcn, \u0130lk iki insan\u0131n yarat\u0131ld\u0131\u011f\u0131 g\u00fcn ve \u015eahid bin Car&#8217;\u0131n meydana geldi\u011fi g\u00fcnd\u00fcr \u00e7ar\u015famba.<br \/> * Sonradan Yezidi olmaya izin verilmez.<br \/> * \u015eeytan&#8217;\u0131n ad\u0131n\u0131 telaffuz etmek haramd\u0131r<br \/> * \u015eeytan&#8217;\u0131n ad\u0131n\u0131 an\u0131msatan kelimeleri anmak (Kitan, \u015ear, \u015eat, mel&#8217;un, na&#8217;l) haramd\u0131r.<\/p>\n<p><strong>Yezidiler&#8217;in iki kutsal kitab\u0131 oldu\u011fu ortaya at\u0131lm\u0131\u015f;<\/strong><\/p>\n<p>1. Meshaf Re\u015f (K\u00fcrt\u00e7e: Mishefa Re\u015f, &#8216;Kara Kitap&#8217;):<\/p>\n<p> 15. yy da yaz\u0131ld\u0131\u011f\u0131 ortaya at\u0131lm\u0131\u015f olan ve Yezidiler&#8217;in mitolojisini anlatan bir eser. Ayr\u0131ca kitab\u0131n sonunda Yezidiler&#8217;in yapmalar\u0131n\u0131n yasak oldu\u011fu \u015feyler bildirilir.<\/p>\n<p>2. Kitab el Celve (K\u00fcrt\u00e7e: Kit\u00eab\u00ea Cilwe, &#8216;Tanr\u0131sal \u0130zahatlar&#8217;):<\/p>\n<p> Daha geni\u015f bir zaman diliminde yaz\u0131lm\u0131\u015f, Yezidiler&#8217;i bilgilendiren bir kitapt\u0131r. Bu kitab\u0131n i\u00e7ide bu kitab\u0131n sadece Yezidiler taraf\u0131ndan okunmas\u0131 gerekti\u011fi ve yabanc\u0131lar\u0131n eline ge\u00e7memesi gerekti\u011fi s\u00f6ylenir. Be\u015f b\u00f6l\u00fcmden olu\u015fur.<\/p>\n<p> * Birinci B\u00f6l\u00fcm: Melek Tavus&#8217;un ezeli olu\u015fu, ve s\u0131fatlar\u0131. Di\u011fer dinlerin art\u0131k h\u00fck\u00fcms\u00fcz olu\u015fu ve kitaplar\u0131n\u0131n ge\u00e7erlilili\u011fini yitirmi\u015f oldu\u011fu.<br \/> * \u0130kinci B\u00f6l\u00fcm: \u00d6d\u00fcl ve Ceza, Reenkarnasyon.<br \/> * \u00dc\u00e7\u00fcnc\u00fc B\u00f6l\u00fcm: Her\u015feyin Melek Tavus&#8217;un denetiminde oldu\u011funu anlatan b\u00f6l\u00fcm.<br \/> * D\u00f6rd\u00fcnc\u00fc B\u00f6l\u00fcm: Mevsimler, yasalar ile ilgili bilgiler ve yabanc\u0131 inan\u00e7lara kap\u0131lmamak gerekti\u011fine dair uyar\u0131lar.<br \/> * Be\u015finci B\u00f6l\u00fcm: Kendisini simgeleyen kavramlara sayg\u0131l\u0131 olmay\u0131 buyuran b\u00f6l\u00fcm.<\/p>\n<p>Bug\u00fcn \u00e7a\u011fda\u015f dilbilimciler bu eserlerin asl\u0131nda Yezidilerin kutsal kitab\u0131 olmad\u0131\u011f\u0131n\u0131 kabul ederler ve yukar\u0131da ge\u00e7en iki eserin de eski \u00e7a\u011flara dayanmad\u0131\u011f\u0131 kan\u0131tlanm\u0131\u015ft\u0131r. Bunun en b\u00fcy\u00fck sebebi Yezidili\u011fin b\u00fcy\u00fck \u00f6l\u00e7\u00fcde s\u00f6zl\u00fc bir edeb\u00ee gelene\u011fe dayanmas\u0131d\u0131r; bu sebeple b\u00fcy\u00fck \u0130brahim\u00ee dinlerdeki gibi bir yaz\u0131l\u0131 kutsal metin mevcut de\u011fildir. Bununla birlikte son zamanlarda Yezidiler rit\u00fcellerde kulland\u0131klar\u0131 \u015fark\u0131lar gibi \u00e7e\u015fitli din\u00ee s\u00f6zl\u00fc edebiyat\u0131 yaz\u0131l\u0131 forma ge\u00e7irmeye ve basmaya ba\u015flam\u0131\u015flard\u0131r.<\/p>\n","protected":false},"excerpt":{"rendered":"<p>Yezidilik (Arap\u00e7a: \u064a\u0632\u064a\u062f\u064a\u0629, Fars\u00e7a:\u06cc\u0632\u06cc\u062f\u06cc\u0627\u0646, K\u00fcrt\u00e7e: \u00cazid\u00eet\u00ee, \u00cazid\u00eey\u00ean), Ortado\u011fu k\u00f6kenli bir dindir. \u015eeyh Adi taraf\u0131ndan kurumla\u015ft\u0131r\u0131lm\u0131\u015f olan bu dinde inananlar\u0131n tamam\u0131 K\u00fcrt olup, a\u011f\u0131rl\u0131kl\u0131 olarak Irak&#8217;\u0131n Musul kentinde ya\u015famaktad\u0131rlar. Suriye, T\u00fcrkiye, \u0130ran, G\u00fcrcistan\u00a0 ve Ermenistan&#8217;da da cemaatleri bulunan Yezidiler&#8217;in bug\u00fcnk\u00fc toplam say\u0131s\u0131n\u0131n 1,000,000 civar\u0131nda oldu\u011fu tahmin edilmektedir. Ayr\u0131ca ba\u015fta Almanya ve \u0130sve\u00e7\u00a0 olmak \u00fczere Avrupa \u00fclkelerinde [&hellip;]<\/p>\n","protected":false},"author":1,"featured_media":0,"comment_status":"open","ping_status":"open","sticky":false,"template":"","format":"standard","meta":{"footnotes":""},"categories":[97],"tags":[],"class_list":{"0":"post-4649","1":"post","2":"type-post","3":"status-publish","4":"format-standard","6":"category-halklar"},"yoast_head":"<!-- This site is optimized with the Yoast SEO Premium plugin v24.9 (Yoast SEO v24.9) - https:\/\/yoast.com\/wordpress\/plugins\/seo\/ -->\n<title>Yezidilikte tanr\u0131 d\u00fcnyan\u0131n sadece yarat\u0131c\u0131s\u0131d\u0131r, ancak s\u00fcrd\u00fcr\u00fcc\u00fcs\u00fc de\u011fildir | Ezidi -Yezidiler - narteks.net<\/title>\n<meta name=\"robots\" content=\"index, follow, max-snippet:-1, max-image-preview:large, max-video-preview:-1\" \/>\n<link rel=\"canonical\" href=\"https:\/\/narteks.net\/index.php\/2010\/07\/22\/yezidilikte-tanri-dunyanin-sadece-yaraticisidir-ancak-surdurucusu-degildir-ezidi-yezidiler\/\" \/>\n<meta property=\"og:locale\" content=\"tr_TR\" \/>\n<meta property=\"og:type\" content=\"article\" \/>\n<meta property=\"og:title\" content=\"Yezidilikte tanr\u0131 d\u00fcnyan\u0131n sadece yarat\u0131c\u0131s\u0131d\u0131r, ancak s\u00fcrd\u00fcr\u00fcc\u00fcs\u00fc de\u011fildir | Ezidi -Yezidiler\" \/>\n<meta property=\"og:description\" content=\"Yezidilik (Arap\u00e7a: \u064a\u0632\u064a\u062f\u064a\u0629, Fars\u00e7a:\u06cc\u0632\u06cc\u062f\u06cc\u0627\u0646, K\u00fcrt\u00e7e: \u00cazid\u00eet\u00ee, \u00cazid\u00eey\u00ean), Ortado\u011fu k\u00f6kenli bir dindir. \u015eeyh Adi taraf\u0131ndan kurumla\u015ft\u0131r\u0131lm\u0131\u015f olan bu dinde inananlar\u0131n tamam\u0131 K\u00fcrt olup, a\u011f\u0131rl\u0131kl\u0131 olarak Irak&#8217;\u0131n Musul kentinde ya\u015famaktad\u0131rlar. Suriye, T\u00fcrkiye, \u0130ran, G\u00fcrcistan\u00a0 ve Ermenistan&#8217;da da cemaatleri bulunan Yezidiler&#8217;in bug\u00fcnk\u00fc toplam say\u0131s\u0131n\u0131n 1,000,000 civar\u0131nda oldu\u011fu tahmin edilmektedir. Ayr\u0131ca ba\u015fta Almanya ve \u0130sve\u00e7\u00a0 olmak \u00fczere Avrupa \u00fclkelerinde [&hellip;]\" \/>\n<meta property=\"og:url\" content=\"https:\/\/narteks.net\/index.php\/2010\/07\/22\/yezidilikte-tanri-dunyanin-sadece-yaraticisidir-ancak-surdurucusu-degildir-ezidi-yezidiler\/\" \/>\n<meta property=\"og:site_name\" content=\"narteks.net\" \/>\n<meta property=\"article:published_time\" content=\"2010-07-22T06:50:08+00:00\" \/>\n<meta property=\"og:image\" content=\"https:\/\/narteks.net\/wp-content\/uploads\/narteks.png\" \/>\n\t<meta property=\"og:image:width\" content=\"300\" \/>\n\t<meta property=\"og:image:height\" content=\"90\" \/>\n\t<meta property=\"og:image:type\" content=\"image\/png\" \/>\n<meta name=\"author\" content=\"Tar\u0131k\" \/>\n<meta name=\"twitter:card\" content=\"summary_large_image\" \/>\n<meta name=\"twitter:creator\" content=\"@narteks\" \/>\n<meta name=\"twitter:site\" content=\"@narteks\" \/>\n<meta name=\"twitter:label1\" content=\"Yazan:\" \/>\n\t<meta name=\"twitter:data1\" content=\"Tar\u0131k\" \/>\n\t<meta name=\"twitter:label2\" content=\"Tahmini okuma s\u00fcresi\" \/>\n\t<meta name=\"twitter:data2\" content=\"6 dakika\" \/>\n<script type=\"application\/ld+json\" class=\"yoast-schema-graph\">{\"@context\":\"https:\/\/schema.org\",\"@graph\":[{\"@type\":\"Article\",\"@id\":\"https:\/\/narteks.net\/index.php\/2010\/07\/22\/yezidilikte-tanri-dunyanin-sadece-yaraticisidir-ancak-surdurucusu-degildir-ezidi-yezidiler\/#article\",\"isPartOf\":{\"@id\":\"https:\/\/narteks.net\/index.php\/2010\/07\/22\/yezidilikte-tanri-dunyanin-sadece-yaraticisidir-ancak-surdurucusu-degildir-ezidi-yezidiler\/\"},\"author\":{\"name\":\"Tar\u0131k\",\"@id\":\"https:\/\/narteks.net\/#\/schema\/person\/61f37d9834294b72d31d274e7ed79bca\"},\"headline\":\"Yezidilikte tanr\u0131 d\u00fcnyan\u0131n sadece yarat\u0131c\u0131s\u0131d\u0131r, ancak s\u00fcrd\u00fcr\u00fcc\u00fcs\u00fc de\u011fildir | Ezidi -Yezidiler\",\"datePublished\":\"2010-07-22T06:50:08+00:00\",\"mainEntityOfPage\":{\"@id\":\"https:\/\/narteks.net\/index.php\/2010\/07\/22\/yezidilikte-tanri-dunyanin-sadece-yaraticisidir-ancak-surdurucusu-degildir-ezidi-yezidiler\/\"},\"wordCount\":1273,\"commentCount\":0,\"publisher\":{\"@id\":\"https:\/\/narteks.net\/#organization\"},\"articleSection\":[\"Halklar\"],\"inLanguage\":\"tr\",\"potentialAction\":[{\"@type\":\"CommentAction\",\"name\":\"Comment\",\"target\":[\"https:\/\/narteks.net\/index.php\/2010\/07\/22\/yezidilikte-tanri-dunyanin-sadece-yaraticisidir-ancak-surdurucusu-degildir-ezidi-yezidiler\/#respond\"]}]},{\"@type\":\"WebPage\",\"@id\":\"https:\/\/narteks.net\/index.php\/2010\/07\/22\/yezidilikte-tanri-dunyanin-sadece-yaraticisidir-ancak-surdurucusu-degildir-ezidi-yezidiler\/\",\"url\":\"https:\/\/narteks.net\/index.php\/2010\/07\/22\/yezidilikte-tanri-dunyanin-sadece-yaraticisidir-ancak-surdurucusu-degildir-ezidi-yezidiler\/\",\"name\":\"Yezidilikte tanr\u0131 d\u00fcnyan\u0131n sadece yarat\u0131c\u0131s\u0131d\u0131r, ancak s\u00fcrd\u00fcr\u00fcc\u00fcs\u00fc de\u011fildir | Ezidi -Yezidiler - narteks.net\",\"isPartOf\":{\"@id\":\"https:\/\/narteks.net\/#website\"},\"datePublished\":\"2010-07-22T06:50:08+00:00\",\"breadcrumb\":{\"@id\":\"https:\/\/narteks.net\/index.php\/2010\/07\/22\/yezidilikte-tanri-dunyanin-sadece-yaraticisidir-ancak-surdurucusu-degildir-ezidi-yezidiler\/#breadcrumb\"},\"inLanguage\":\"tr\",\"potentialAction\":[{\"@type\":\"ReadAction\",\"target\":[\"https:\/\/narteks.net\/index.php\/2010\/07\/22\/yezidilikte-tanri-dunyanin-sadece-yaraticisidir-ancak-surdurucusu-degildir-ezidi-yezidiler\/\"]}]},{\"@type\":\"BreadcrumbList\",\"@id\":\"https:\/\/narteks.net\/index.php\/2010\/07\/22\/yezidilikte-tanri-dunyanin-sadece-yaraticisidir-ancak-surdurucusu-degildir-ezidi-yezidiler\/#breadcrumb\",\"itemListElement\":[{\"@type\":\"ListItem\",\"position\":1,\"name\":\"Anasayfa\",\"item\":\"https:\/\/narteks.net\/\"},{\"@type\":\"ListItem\",\"position\":2,\"name\":\"Yezidilikte tanr\u0131 d\u00fcnyan\u0131n sadece yarat\u0131c\u0131s\u0131d\u0131r, ancak s\u00fcrd\u00fcr\u00fcc\u00fcs\u00fc de\u011fildir | Ezidi -Yezidiler\"}]},{\"@type\":\"WebSite\",\"@id\":\"https:\/\/narteks.net\/#website\",\"url\":\"https:\/\/narteks.net\/\",\"name\":\"narteks.net\",\"description\":\"K\u00fclt\u00fcr Sanat Edebiyat Felsefe\",\"publisher\":{\"@id\":\"https:\/\/narteks.net\/#organization\"},\"alternateName\":\"K\u00fclt\u00fcr Sanat Edebiyat Felsefe\",\"potentialAction\":[{\"@type\":\"SearchAction\",\"target\":{\"@type\":\"EntryPoint\",\"urlTemplate\":\"https:\/\/narteks.net\/?s={search_term_string}\"},\"query-input\":{\"@type\":\"PropertyValueSpecification\",\"valueRequired\":true,\"valueName\":\"search_term_string\"}}],\"inLanguage\":\"tr\"},{\"@type\":\"Organization\",\"@id\":\"https:\/\/narteks.net\/#organization\",\"name\":\"narteks.net\",\"url\":\"https:\/\/narteks.net\/\",\"logo\":{\"@type\":\"ImageObject\",\"inLanguage\":\"tr\",\"@id\":\"https:\/\/narteks.net\/#\/schema\/logo\/image\/\",\"url\":\"https:\/\/narteks.net\/wp-content\/uploads\/narteks.png\",\"contentUrl\":\"https:\/\/narteks.net\/wp-content\/uploads\/narteks.png\",\"width\":300,\"height\":90,\"caption\":\"narteks.net\"},\"image\":{\"@id\":\"https:\/\/narteks.net\/#\/schema\/logo\/image\/\"},\"sameAs\":[\"https:\/\/x.com\/narteks\",\"https:\/\/instagram.com\/narteksnet\"]},{\"@type\":\"Person\",\"@id\":\"https:\/\/narteks.net\/#\/schema\/person\/61f37d9834294b72d31d274e7ed79bca\",\"name\":\"Tar\u0131k\",\"image\":{\"@type\":\"ImageObject\",\"inLanguage\":\"tr\",\"@id\":\"https:\/\/narteks.net\/#\/schema\/person\/image\/\",\"url\":\"https:\/\/secure.gravatar.com\/avatar\/50865afb55632c4ae467e0af0930f6510aa2297d8014be502a55b14f3b7550cf?s=96&d=mm&r=g\",\"contentUrl\":\"https:\/\/secure.gravatar.com\/avatar\/50865afb55632c4ae467e0af0930f6510aa2297d8014be502a55b14f3b7550cf?s=96&d=mm&r=g\",\"caption\":\"Tar\u0131k\"},\"sameAs\":[\"http:\/\/narteks.net\"],\"url\":\"https:\/\/narteks.net\/index.php\/author\/narbak\/\"}]}<\/script>\n<!-- \/ Yoast SEO Premium plugin. -->","yoast_head_json":{"title":"Yezidilikte tanr\u0131 d\u00fcnyan\u0131n sadece yarat\u0131c\u0131s\u0131d\u0131r, ancak s\u00fcrd\u00fcr\u00fcc\u00fcs\u00fc de\u011fildir | Ezidi -Yezidiler - narteks.net","robots":{"index":"index","follow":"follow","max-snippet":"max-snippet:-1","max-image-preview":"max-image-preview:large","max-video-preview":"max-video-preview:-1"},"canonical":"https:\/\/narteks.net\/index.php\/2010\/07\/22\/yezidilikte-tanri-dunyanin-sadece-yaraticisidir-ancak-surdurucusu-degildir-ezidi-yezidiler\/","og_locale":"tr_TR","og_type":"article","og_title":"Yezidilikte tanr\u0131 d\u00fcnyan\u0131n sadece yarat\u0131c\u0131s\u0131d\u0131r, ancak s\u00fcrd\u00fcr\u00fcc\u00fcs\u00fc de\u011fildir | Ezidi -Yezidiler","og_description":"Yezidilik (Arap\u00e7a: \u064a\u0632\u064a\u062f\u064a\u0629, Fars\u00e7a:\u06cc\u0632\u06cc\u062f\u06cc\u0627\u0646, K\u00fcrt\u00e7e: \u00cazid\u00eet\u00ee, \u00cazid\u00eey\u00ean), Ortado\u011fu k\u00f6kenli bir dindir. \u015eeyh Adi taraf\u0131ndan kurumla\u015ft\u0131r\u0131lm\u0131\u015f olan bu dinde inananlar\u0131n tamam\u0131 K\u00fcrt olup, a\u011f\u0131rl\u0131kl\u0131 olarak Irak&#8217;\u0131n Musul kentinde ya\u015famaktad\u0131rlar. Suriye, T\u00fcrkiye, \u0130ran, G\u00fcrcistan\u00a0 ve Ermenistan&#8217;da da cemaatleri bulunan Yezidiler&#8217;in bug\u00fcnk\u00fc toplam say\u0131s\u0131n\u0131n 1,000,000 civar\u0131nda oldu\u011fu tahmin edilmektedir. Ayr\u0131ca ba\u015fta Almanya ve \u0130sve\u00e7\u00a0 olmak \u00fczere Avrupa \u00fclkelerinde [&hellip;]","og_url":"https:\/\/narteks.net\/index.php\/2010\/07\/22\/yezidilikte-tanri-dunyanin-sadece-yaraticisidir-ancak-surdurucusu-degildir-ezidi-yezidiler\/","og_site_name":"narteks.net","article_published_time":"2010-07-22T06:50:08+00:00","og_image":[{"width":300,"height":90,"url":"https:\/\/narteks.net\/wp-content\/uploads\/narteks.png","type":"image\/png"}],"author":"Tar\u0131k","twitter_card":"summary_large_image","twitter_creator":"@narteks","twitter_site":"@narteks","twitter_misc":{"Yazan:":"Tar\u0131k","Tahmini okuma s\u00fcresi":"6 dakika"},"schema":{"@context":"https:\/\/schema.org","@graph":[{"@type":"Article","@id":"https:\/\/narteks.net\/index.php\/2010\/07\/22\/yezidilikte-tanri-dunyanin-sadece-yaraticisidir-ancak-surdurucusu-degildir-ezidi-yezidiler\/#article","isPartOf":{"@id":"https:\/\/narteks.net\/index.php\/2010\/07\/22\/yezidilikte-tanri-dunyanin-sadece-yaraticisidir-ancak-surdurucusu-degildir-ezidi-yezidiler\/"},"author":{"name":"Tar\u0131k","@id":"https:\/\/narteks.net\/#\/schema\/person\/61f37d9834294b72d31d274e7ed79bca"},"headline":"Yezidilikte tanr\u0131 d\u00fcnyan\u0131n sadece yarat\u0131c\u0131s\u0131d\u0131r, ancak s\u00fcrd\u00fcr\u00fcc\u00fcs\u00fc de\u011fildir | Ezidi -Yezidiler","datePublished":"2010-07-22T06:50:08+00:00","mainEntityOfPage":{"@id":"https:\/\/narteks.net\/index.php\/2010\/07\/22\/yezidilikte-tanri-dunyanin-sadece-yaraticisidir-ancak-surdurucusu-degildir-ezidi-yezidiler\/"},"wordCount":1273,"commentCount":0,"publisher":{"@id":"https:\/\/narteks.net\/#organization"},"articleSection":["Halklar"],"inLanguage":"tr","potentialAction":[{"@type":"CommentAction","name":"Comment","target":["https:\/\/narteks.net\/index.php\/2010\/07\/22\/yezidilikte-tanri-dunyanin-sadece-yaraticisidir-ancak-surdurucusu-degildir-ezidi-yezidiler\/#respond"]}]},{"@type":"WebPage","@id":"https:\/\/narteks.net\/index.php\/2010\/07\/22\/yezidilikte-tanri-dunyanin-sadece-yaraticisidir-ancak-surdurucusu-degildir-ezidi-yezidiler\/","url":"https:\/\/narteks.net\/index.php\/2010\/07\/22\/yezidilikte-tanri-dunyanin-sadece-yaraticisidir-ancak-surdurucusu-degildir-ezidi-yezidiler\/","name":"Yezidilikte tanr\u0131 d\u00fcnyan\u0131n sadece yarat\u0131c\u0131s\u0131d\u0131r, ancak s\u00fcrd\u00fcr\u00fcc\u00fcs\u00fc de\u011fildir | Ezidi -Yezidiler - narteks.net","isPartOf":{"@id":"https:\/\/narteks.net\/#website"},"datePublished":"2010-07-22T06:50:08+00:00","breadcrumb":{"@id":"https:\/\/narteks.net\/index.php\/2010\/07\/22\/yezidilikte-tanri-dunyanin-sadece-yaraticisidir-ancak-surdurucusu-degildir-ezidi-yezidiler\/#breadcrumb"},"inLanguage":"tr","potentialAction":[{"@type":"ReadAction","target":["https:\/\/narteks.net\/index.php\/2010\/07\/22\/yezidilikte-tanri-dunyanin-sadece-yaraticisidir-ancak-surdurucusu-degildir-ezidi-yezidiler\/"]}]},{"@type":"BreadcrumbList","@id":"https:\/\/narteks.net\/index.php\/2010\/07\/22\/yezidilikte-tanri-dunyanin-sadece-yaraticisidir-ancak-surdurucusu-degildir-ezidi-yezidiler\/#breadcrumb","itemListElement":[{"@type":"ListItem","position":1,"name":"Anasayfa","item":"https:\/\/narteks.net\/"},{"@type":"ListItem","position":2,"name":"Yezidilikte tanr\u0131 d\u00fcnyan\u0131n sadece yarat\u0131c\u0131s\u0131d\u0131r, ancak s\u00fcrd\u00fcr\u00fcc\u00fcs\u00fc de\u011fildir | Ezidi -Yezidiler"}]},{"@type":"WebSite","@id":"https:\/\/narteks.net\/#website","url":"https:\/\/narteks.net\/","name":"narteks.net","description":"K\u00fclt\u00fcr Sanat Edebiyat Felsefe","publisher":{"@id":"https:\/\/narteks.net\/#organization"},"alternateName":"K\u00fclt\u00fcr Sanat Edebiyat Felsefe","potentialAction":[{"@type":"SearchAction","target":{"@type":"EntryPoint","urlTemplate":"https:\/\/narteks.net\/?s={search_term_string}"},"query-input":{"@type":"PropertyValueSpecification","valueRequired":true,"valueName":"search_term_string"}}],"inLanguage":"tr"},{"@type":"Organization","@id":"https:\/\/narteks.net\/#organization","name":"narteks.net","url":"https:\/\/narteks.net\/","logo":{"@type":"ImageObject","inLanguage":"tr","@id":"https:\/\/narteks.net\/#\/schema\/logo\/image\/","url":"https:\/\/narteks.net\/wp-content\/uploads\/narteks.png","contentUrl":"https:\/\/narteks.net\/wp-content\/uploads\/narteks.png","width":300,"height":90,"caption":"narteks.net"},"image":{"@id":"https:\/\/narteks.net\/#\/schema\/logo\/image\/"},"sameAs":["https:\/\/x.com\/narteks","https:\/\/instagram.com\/narteksnet"]},{"@type":"Person","@id":"https:\/\/narteks.net\/#\/schema\/person\/61f37d9834294b72d31d274e7ed79bca","name":"Tar\u0131k","image":{"@type":"ImageObject","inLanguage":"tr","@id":"https:\/\/narteks.net\/#\/schema\/person\/image\/","url":"https:\/\/secure.gravatar.com\/avatar\/50865afb55632c4ae467e0af0930f6510aa2297d8014be502a55b14f3b7550cf?s=96&d=mm&r=g","contentUrl":"https:\/\/secure.gravatar.com\/avatar\/50865afb55632c4ae467e0af0930f6510aa2297d8014be502a55b14f3b7550cf?s=96&d=mm&r=g","caption":"Tar\u0131k"},"sameAs":["http:\/\/narteks.net"],"url":"https:\/\/narteks.net\/index.php\/author\/narbak\/"}]}},"_links":{"self":[{"href":"https:\/\/narteks.net\/index.php\/wp-json\/wp\/v2\/posts\/4649","targetHints":{"allow":["GET"]}}],"collection":[{"href":"https:\/\/narteks.net\/index.php\/wp-json\/wp\/v2\/posts"}],"about":[{"href":"https:\/\/narteks.net\/index.php\/wp-json\/wp\/v2\/types\/post"}],"author":[{"embeddable":true,"href":"https:\/\/narteks.net\/index.php\/wp-json\/wp\/v2\/users\/1"}],"replies":[{"embeddable":true,"href":"https:\/\/narteks.net\/index.php\/wp-json\/wp\/v2\/comments?post=4649"}],"version-history":[{"count":0,"href":"https:\/\/narteks.net\/index.php\/wp-json\/wp\/v2\/posts\/4649\/revisions"}],"wp:attachment":[{"href":"https:\/\/narteks.net\/index.php\/wp-json\/wp\/v2\/media?parent=4649"}],"wp:term":[{"taxonomy":"category","embeddable":true,"href":"https:\/\/narteks.net\/index.php\/wp-json\/wp\/v2\/categories?post=4649"},{"taxonomy":"post_tag","embeddable":true,"href":"https:\/\/narteks.net\/index.php\/wp-json\/wp\/v2\/tags?post=4649"}],"curies":[{"name":"wp","href":"https:\/\/api.w.org\/{rel}","templated":true}]}}