{"id":4651,"date":"2010-07-28T12:25:55","date_gmt":"2010-07-28T09:25:55","guid":{"rendered":"http:\/\/localhost\/wordpress\/2010\/07\/28\/orta-asyadan-balkanlara-dunya-muzik-cografyasinda-keyifli-bir-yolculuk-etni-ka-pangea\/"},"modified":"2010-07-28T12:25:55","modified_gmt":"2010-07-28T09:25:55","slug":"orta-asyadan-balkanlara-dunya-muzik-cografyasinda-keyifli-bir-yolculuk-etni-ka-pangea","status":"publish","type":"post","link":"https:\/\/narteks.net\/index.php\/2010\/07\/28\/orta-asyadan-balkanlara-dunya-muzik-cografyasinda-keyifli-bir-yolculuk-etni-ka-pangea\/","title":{"rendered":"Orta Asya\u2019dan Balkanlar\u2019a d\u00fcnya m\u00fczik co\u011frafyas\u0131nda keyifli bir yolculuk | Etni-Ka Pangea"},"content":{"rendered":"<p style=\"text-align: justify;\"><img loading=\"lazy\" decoding=\"async\" src=\"images\/stories\/etni-ka-pangea.jpg\" border=\"0\" width=\"155\" height=\"205\" style=\"float: left;\" \/>G\u00fcrcistan\u2019dan, Selanik\u2019e; Makedonya\u2019dan Anadolu\u2019ya ve Bulgaristan\u2019a uzanan geni\u015f bir co\u011frafyan\u0131n ezgilerinin yer ald\u0131\u011f\u0131 alb\u00fcmde ayn\u0131 zamanda yeni besteler de yer almaktad\u0131r.<\/p>\n<p>Grup Ekim 2006 da Sinan AYYILDIZ ve Serdar DEL\u0130 taraf\u0131ndan kuruldu. T\u00fcrk halk \u00e7alg\u0131lar\u0131n\u0131n kapasitesini g\u00f6stermek ve s\u0131n\u0131rlar\u0131n\u0131 zorlayarak g\u00fcn\u00fcm\u00fczde hakim olan vokal anlay\u0131\u015fl\u0131 m\u00fczi\u011fe muhalif olarak ortaya \u00e7\u0131kt\u0131. M\u00fczikteki farkl\u0131 etkile\u015fimleri kendilerine \u00f6zg\u00fc icra teknikleri ile arayan bu iki m\u00fczisyene daha sonra gitarda \u00d6zg\u00fcr \u015eAH\u0130N kat\u0131ld\u0131. Bir s\u00fcre \u00fc\u00e7l\u00fc olarak \u00e7al\u0131\u015fan ve sahne alan ekibe son olarak basgitarda Ersan ERG\u00dcN ve perk\u00fcsyonda \u00dcmit KARTAL\u2019\u0131n kat\u0131l\u0131m\u0131yla grup son halini ald\u0131.<\/p>\n<p>Etni-Ka Pangea<\/p>\n<p style=\"text-align: justify;\">Grubun ilk alb\u00fcm\u00fc olan Pangea\u2019da birbirinden g\u00fczel 11 ezgi yer almakta. Y\u00f6resel motifleri modern m\u00fczikal t\u0131n\u0131larla harmanlayan Etnika; dinleyenleri Orta Asya\u2019dan Balkanlar\u2019a d\u00fcnya m\u00fczik co\u011frafyas\u0131nda keyifli bir yolculu\u011fa davet ederken enstr\u00fcmantal m\u00fczi\u011fe yeni bir soluk kazand\u0131r\u0131yor. Alb\u00fcme grup \u00fcyelerinin yan\u0131s\u0131ra Erol PARLAK \u00fc\u00e7telli ba\u011flamas\u0131yla, Bekir SAKARYA akordeonuyla, G\u00fcrkan \u00c7AKMAK balaban\u0131yla, U\u011fur \u00d6M\u00dcR kaman\u00e7as\u0131yla katk\u0131da bulundu.<\/p>\n<p><strong>Etni-Ka<\/strong><\/p>\n<p>M\u00fczik bize insanl\u0131k kadar eski zamanlardan sesleniyor. Yarad\u0131l\u0131\u015ftan \u00f6nceki zamanlar\u0131n a\u00e7\u0131kland\u0131\u011f\u0131 en saf kelime: Kaos<\/p>\n<p>Ba\u015flang\u0131\u00e7ta \u201ckaos\u201d vard\u0131. T\u00fcm zamanlar\u0131n en dinamik kavram\u0131. Kaos bizi tarihin derinliklerinde bir k\u00fclt\u00fcre, Babil\u2019e g\u00f6t\u00fcr\u00fcr. Babil\u2019in anlamlar\u0131ndan biri de karga\u015fad\u0131r. Karga\u015fa ve kaos iki karde\u015f kavram. Her ikisinde de d\u00fczenin altyap\u0131s\u0131 g\u00f6r\u00fcl\u00fcr. Kaos olmadan d\u00fczen olmaz.<\/p>\n<p>Babil ad\u0131n\u0131 me\u015fhur asma bah\u00e7elerle tarihe per\u00e7inlemekle kalmam\u0131\u015f, ayn\u0131 zamanda dillerin meydana geli\u015f efsanesi ile de ilgi oda\u011f\u0131 olmu\u015ftur. T\u00fcm dillerin Babillilere verilen bir ceza sonucu olu\u015ftu\u011funu unutmamak gerekir. Yery\u00fcz\u00fcn\u00fcn tek dilli oldu\u011fu d\u00f6nem Babilliler y\u00fcz\u00fcnden sona ermi\u015ftir.<\/p>\n<p>Kaosun do\u011furdu\u011fu d\u00fczen sonunda yery\u00fcz\u00fcne insanlar\u0131n ya\u015fayabilece\u011fi ortam\u0131 getirdi. Ve ortaya Pangea \u00e7\u0131kt\u0131.<\/p>\n<p>T\u00fcm k\u0131talar\u0131n sular i\u00e7inde tek par\u00e7a olma durumu. T\u0131pk\u0131 \u201cvahdet-i v\u00fccud\u201d, yani mutlak birli\u011fin olma hali.K\u0131sacas\u0131 \u201cbir\u201d olma hali.<\/p>\n<p>Zamanla ikiye b\u00f6l\u00fcnen Pangea\u2019n\u0131n g\u00fcney k\u0131sm\u0131: Gondvana, kuzeyi ise: Lavrasya olarak adland\u0131r\u0131l\u0131r. Daha sonra, di\u011fer b\u00f6l\u00fcnmeler ile d\u00fcnyam\u0131z bu g\u00fcnk\u00fc halini ald\u0131.<\/p>\n<p>Gerek Babil olsun, gerek Pangea olsun her ikisi de \u00e7okluk ve birlik kavramlar\u0131n\u0131 i\u00e7erir. T\u0131pk\u0131 bu kavramlar\u0131 b\u00fcnyesinde bar\u0131nd\u0131ran Etni-ka gibi. Etni-ka da \u00e7okluk kavram\u0131ndan yola \u00e7\u0131karak birli\u011fe y\u00f6nelen, kendini m\u00fczi\u011fin k\u00fclt\u00fcrel kodlar\u0131 ile ifade ederek tek anlam denizi olu\u015fturmaya \u00e7al\u0131\u015fan m\u00fczik grubu<\/p>\n<p>T\u0131pk\u0131 \u201ckaos\u201dun do\u011furdu\u011fu toprak ana ve di\u011ferleri gibi. Kaos ve Etnika aras\u0131ndaki ba\u011flant\u0131, kelimenin i\u00e7inde gizli. Etnoloji ve kaostan gelen iki ek; \u201cEtni-Ka\u201dy\u0131 do\u011furmu\u015ftur. Etnoloji (budunbilim) asl\u0131nda etnik\u2019e de\u011fil, k\u00fclt\u00fcre g\u00f6nderme yapar. K\u00fclt\u00fcr her\u015feyi kapsayand\u0131r. Sanat k\u00fclt\u00fcr\u00fcn i\u00e7indedir. M\u00fczik de sanat\u0131n, dolay\u0131s\u0131yla k\u00fclt\u00fcr\u00fcn alan\u0131nda yer al\u0131r. Etnika\u2019daki \u201cetnik\u201d kelimesi m\u00fczik k\u00fclt\u00fcr\u00fcne y\u00f6nelik anlam ifade eder. \u201cKa\u201d eki ise kaostan gelir. Kaos, varolan \u201cd\u00fczen\u201dsizli\u011fi g\u00fcn\u00fcm\u00fczde karma\u015fay\u0131 anlat\u0131r. Kaosta s\u0131\u011f\u0131nak sanat, yani m\u00fcziktir. M\u00fczik kaostaki negatif enerjiyi yok etmekte en \u00f6nemli sanat eleman\u0131d\u0131r.<\/p>\n<p>Etnika grubu, m\u00fczikal \u00e7al\u0131\u015fmalar\u0131 ile, bizleri g\u00fcndelik ya\u015fam\u0131n s\u0131k\u0131nt\u0131lar\u0131ndan s\u0131y\u0131r\u0131p, farkl\u0131 boyutlara g\u00f6t\u00fcrebilecek potansiye ta\u015f\u0131yor. Kayna\u011f\u0131n\u0131 ald\u0131klar\u0131 Anadolu M\u00fczik K\u00fclt\u00fcr\u00fc, \u00e7al\u0131\u015fmalar\u0131n\u0131n her d\u00fczyinde kendini g\u00f6steriyor. Yap\u0131lan \u201cbeste\u201dlerde \u00fczerinde ya\u015fad\u0131\u011f\u0131m\u0131z zeybek, horon, kar\u015f\u0131lama, halay vd. m\u00fczikal k\u00fclt\u00fcr\u00fcn n\u00fcveleri kodlanm\u0131\u015f durumda. \u00c7alg\u0131lar\u0131n teknik icras\u0131 ve sanat\u00e7\u0131lar\u0131m\u0131z\u0131n senkronizasyonu, Etnika\u2019n\u0131n geldi\u011fi a\u015famay\u0131 g\u00f6steriyor.<\/p>\n<p>Yeni bir m\u00fczik grubunun do\u011fu\u015funa tan\u0131k oluyoruz. Etni-ka\u2026<\/p>\n<p>T\u0131pk\u0131 \u201ckaos\u201dun do\u011furdu\u011fu toprak ana ve di\u011ferleri gibi. Kaos ve Etni-ka aras\u0131ndaki ba\u011flant\u0131, kelimenin i\u00e7inde gizli. Etnoloji ve kaostan gelen iki ek; \u201cEtni-ka\u201dn\u0131n alt yap\u0131s\u0131n\u0131 olu\u015fturdu. Etnoloji (budunbilim) asl\u0131nda etnik\u2019e de\u011fil, k\u00fclt\u00fcre g\u00f6nderme yapar. K\u00fclt\u00fcr her \u015feyi kapsayand\u0131r. Sanat k\u00fclt\u00fcr\u00fcn i\u00e7indedir. M\u00fczik de sanat\u0131n, dolay\u0131s\u0131yla k\u00fclt\u00fcr\u00fcn alan\u0131nda yer al\u0131r. Etni-ka\u2019daki \u201cetnik\u201d kelimesi m\u00fczik k\u00fclt\u00fcr\u00fcne y\u00f6nelik anlam ifade eder. \u201cKa\u201d eki ise kaostan gelir. Kaos, var olan \u201cd\u00fczen\u201dsizli\u011fi g\u00fcn\u00fcm\u00fczde karma\u015fay\u0131 anlat\u0131r. Kaosta s\u0131\u011f\u0131nak sanat, yani m\u00fcziktir. M\u00fczik kaostaki negatif enerjiyi yok etmekte en \u00f6nemli sanat eleman\u0131d\u0131r.<\/p>\n<p>Enstrumantal m\u00fczikte cesur bir \u00e7\u0131k\u0131\u015f yapan Etni-ka, Anadolu i\u00e7lerinden ba\u015flay\u0131p yay\u0131lan ezgileri, ba\u011flaman\u0131n g\u00fc\u00e7l\u00fc ifadesi ve kaval\u0131n s\u00fcr\u00fckleyici b\u00fcy\u00fcl\u00fc sesiyle d\u00fcnya literat\u00fcr\u00fcne ta\u015f\u0131yor. K\u00fclt\u00fcr\u00fcm\u00fcz\u00fcn m\u00fczikal kodlar\u0131n\u0131, Balkanlardan Orta asya\u2019ya g\u00fcney ve kuzey bat\u0131 Avrupa\u2019dan Afrika\u2019ya yerel m\u00fczikal \u00f6\u011felerle yo\u011furup kendi b\u00fcnyesinde i\u00e7selle\u015ftiriyor. Etni-ka, m\u00fczi\u011fin dilinde yeni bir aray\u0131\u015fa girerek, naif bir melodik yap\u0131n\u0131n, metaforik olarak alg\u0131lanmas\u0131n\u0131 ba\u015far\u0131yor. Ezgisel kal\u0131plar\u0131n sofistik i\u00e7eri\u011fi, naiflik olgusu ile z\u0131tl\u0131k g\u00f6sterirken dinleyiciyi ironik atmosfere s\u00fcr\u00fckl\u00fcyor.<\/p>\n<p>Vural Y\u0131ld\u0131r\u0131m, M\u00fczikbilimci<\/p>\n<p><strong>Alb\u00fcmdeki Kay\u0131tlar<\/strong><\/p>\n<p>1. Ay La\u00e7in (Azerbaycan) M\u00fczik: Geleneksel<br \/>2. Kartuli Popuri (G\u00fcrc\u00fc Potpurisi \/ G\u00fcrcistan)&#8230;. M\u00fczik: Geleneksel<br \/>3. a) Zerreden Deryaya &#8230;M\u00fczik: Sinan Ayy\u0131ld\u0131z<br \/>B-Sureyya (Azerbaycan) &#8230;..Intro: Nevid Mosmer (\u0130ran) M\u00fczik: Seyit Rustemov<br \/>4. Karadeniz Rapsodisi &#8230;.M\u00fczik: Sinan Ayy\u0131ld\u0131z<br \/>5. Omorfi Thesselanoki (G\u00fczel Selanik \/ Yunanistan) &#8230;&#8230;M\u00fczik: Vasilla Tsitsanis<br \/>6. Patuvanje (Makedonya)&#8230;..M\u00fczik: Dragan Dautovski<br \/>7. \u0130kiparmak Zeybe\u011fi &#8230;&#8230;..Derleyen: Abdurrahim Karademir M\u00fczik: Geleneksel<br \/>8. \u0130lkbahar &#8230;&#8230;.M\u00fczik: Derdar Deli<br \/>9. a) Fadik (U.H.) &#8230;&#8230;.M\u00fczik: Geleneksel (Tokat)<br \/>B-Abum Abum G\u0131z Abum (Tokat) &#8230;&#8230;Derleyen: Davut \u015eahin<br \/>c) Eve D\u00f6n\u00fc\u015f &#8230;&#8230;M\u00fczik: Sinan Ayy\u0131ld\u0131z<br \/>10. Gankino Horo (Bulgaristan) &#8230;&#8230;..M\u00fczik: Geleneksel<br \/>11. Macar Dans\u0131 (Geleneksel Yahudi Ezgisi) &#8230;&#8230;.M\u00fczik: J.Brahms \u0130ntro: Danse De Rabbi Jacob<\/p>\n<p>&lt;<\/p>\n","protected":false},"excerpt":{"rendered":"<p>G\u00fcrcistan\u2019dan, Selanik\u2019e; Makedonya\u2019dan Anadolu\u2019ya ve Bulgaristan\u2019a uzanan geni\u015f bir co\u011frafyan\u0131n ezgilerinin yer ald\u0131\u011f\u0131 alb\u00fcmde ayn\u0131 zamanda yeni besteler de yer almaktad\u0131r. Grup Ekim 2006 da Sinan AYYILDIZ ve Serdar DEL\u0130 taraf\u0131ndan kuruldu. T\u00fcrk halk \u00e7alg\u0131lar\u0131n\u0131n kapasitesini g\u00f6stermek ve s\u0131n\u0131rlar\u0131n\u0131 zorlayarak g\u00fcn\u00fcm\u00fczde hakim olan vokal anlay\u0131\u015fl\u0131 m\u00fczi\u011fe muhalif olarak ortaya \u00e7\u0131kt\u0131. M\u00fczikteki farkl\u0131 etkile\u015fimleri kendilerine \u00f6zg\u00fc [&hellip;]<\/p>\n","protected":false},"author":1,"featured_media":0,"comment_status":"open","ping_status":"open","sticky":false,"template":"","format":"standard","meta":{"footnotes":""},"categories":[127],"tags":[],"class_list":["post-4651","post","type-post","status-publish","format-standard","category-muzik-gruplari"],"yoast_head":"<!-- This site is optimized with the Yoast SEO Premium plugin v24.9 (Yoast SEO v24.9) - https:\/\/yoast.com\/wordpress\/plugins\/seo\/ -->\n<title>Orta Asya\u2019dan Balkanlar\u2019a d\u00fcnya m\u00fczik co\u011frafyas\u0131nda keyifli bir yolculuk | Etni-Ka Pangea - narteks.net<\/title>\n<meta name=\"robots\" content=\"index, follow, max-snippet:-1, max-image-preview:large, max-video-preview:-1\" \/>\n<link rel=\"canonical\" href=\"https:\/\/narteks.net\/index.php\/2010\/07\/28\/orta-asyadan-balkanlara-dunya-muzik-cografyasinda-keyifli-bir-yolculuk-etni-ka-pangea\/\" \/>\n<meta property=\"og:locale\" content=\"tr_TR\" \/>\n<meta property=\"og:type\" content=\"article\" \/>\n<meta property=\"og:title\" content=\"Orta Asya\u2019dan Balkanlar\u2019a d\u00fcnya m\u00fczik co\u011frafyas\u0131nda keyifli bir yolculuk | Etni-Ka Pangea\" \/>\n<meta property=\"og:description\" content=\"G\u00fcrcistan\u2019dan, Selanik\u2019e; Makedonya\u2019dan Anadolu\u2019ya ve Bulgaristan\u2019a uzanan geni\u015f bir co\u011frafyan\u0131n ezgilerinin yer ald\u0131\u011f\u0131 alb\u00fcmde ayn\u0131 zamanda yeni besteler de yer almaktad\u0131r. Grup Ekim 2006 da Sinan AYYILDIZ ve Serdar DEL\u0130 taraf\u0131ndan kuruldu. T\u00fcrk halk \u00e7alg\u0131lar\u0131n\u0131n kapasitesini g\u00f6stermek ve s\u0131n\u0131rlar\u0131n\u0131 zorlayarak g\u00fcn\u00fcm\u00fczde hakim olan vokal anlay\u0131\u015fl\u0131 m\u00fczi\u011fe muhalif olarak ortaya \u00e7\u0131kt\u0131. M\u00fczikteki farkl\u0131 etkile\u015fimleri kendilerine \u00f6zg\u00fc [&hellip;]\" \/>\n<meta property=\"og:url\" content=\"https:\/\/narteks.net\/index.php\/2010\/07\/28\/orta-asyadan-balkanlara-dunya-muzik-cografyasinda-keyifli-bir-yolculuk-etni-ka-pangea\/\" \/>\n<meta property=\"og:site_name\" content=\"narteks.net\" \/>\n<meta property=\"article:published_time\" content=\"2010-07-28T09:25:55+00:00\" \/>\n<meta property=\"og:image\" content=\"https:\/\/narteks.net\/wp-content\/uploads\/narteks.png\" \/>\n\t<meta property=\"og:image:width\" content=\"300\" \/>\n\t<meta property=\"og:image:height\" content=\"90\" \/>\n\t<meta property=\"og:image:type\" content=\"image\/png\" \/>\n<meta name=\"author\" content=\"Tar\u0131k\" \/>\n<meta name=\"twitter:card\" content=\"summary_large_image\" \/>\n<meta name=\"twitter:creator\" content=\"@narteks\" \/>\n<meta name=\"twitter:site\" content=\"@narteks\" \/>\n<meta name=\"twitter:label1\" content=\"Yazan:\" \/>\n\t<meta name=\"twitter:data1\" content=\"Tar\u0131k\" \/>\n\t<meta name=\"twitter:label2\" content=\"Tahmini okuma s\u00fcresi\" \/>\n\t<meta name=\"twitter:data2\" content=\"6 dakika\" \/>\n<script type=\"application\/ld+json\" class=\"yoast-schema-graph\">{\"@context\":\"https:\/\/schema.org\",\"@graph\":[{\"@type\":\"Article\",\"@id\":\"https:\/\/narteks.net\/index.php\/2010\/07\/28\/orta-asyadan-balkanlara-dunya-muzik-cografyasinda-keyifli-bir-yolculuk-etni-ka-pangea\/#article\",\"isPartOf\":{\"@id\":\"https:\/\/narteks.net\/index.php\/2010\/07\/28\/orta-asyadan-balkanlara-dunya-muzik-cografyasinda-keyifli-bir-yolculuk-etni-ka-pangea\/\"},\"author\":{\"name\":\"Tar\u0131k\",\"@id\":\"https:\/\/narteks.net\/#\/schema\/person\/61f37d9834294b72d31d274e7ed79bca\"},\"headline\":\"Orta Asya\u2019dan Balkanlar\u2019a d\u00fcnya m\u00fczik co\u011frafyas\u0131nda keyifli bir yolculuk | Etni-Ka Pangea\",\"datePublished\":\"2010-07-28T09:25:55+00:00\",\"mainEntityOfPage\":{\"@id\":\"https:\/\/narteks.net\/index.php\/2010\/07\/28\/orta-asyadan-balkanlara-dunya-muzik-cografyasinda-keyifli-bir-yolculuk-etni-ka-pangea\/\"},\"wordCount\":1147,\"commentCount\":0,\"publisher\":{\"@id\":\"https:\/\/narteks.net\/#organization\"},\"articleSection\":[\"M\u00fczik Gruplar\u0131\"],\"inLanguage\":\"tr\",\"potentialAction\":[{\"@type\":\"CommentAction\",\"name\":\"Comment\",\"target\":[\"https:\/\/narteks.net\/index.php\/2010\/07\/28\/orta-asyadan-balkanlara-dunya-muzik-cografyasinda-keyifli-bir-yolculuk-etni-ka-pangea\/#respond\"]}]},{\"@type\":\"WebPage\",\"@id\":\"https:\/\/narteks.net\/index.php\/2010\/07\/28\/orta-asyadan-balkanlara-dunya-muzik-cografyasinda-keyifli-bir-yolculuk-etni-ka-pangea\/\",\"url\":\"https:\/\/narteks.net\/index.php\/2010\/07\/28\/orta-asyadan-balkanlara-dunya-muzik-cografyasinda-keyifli-bir-yolculuk-etni-ka-pangea\/\",\"name\":\"Orta Asya\u2019dan Balkanlar\u2019a d\u00fcnya m\u00fczik co\u011frafyas\u0131nda keyifli bir yolculuk | Etni-Ka Pangea - narteks.net\",\"isPartOf\":{\"@id\":\"https:\/\/narteks.net\/#website\"},\"datePublished\":\"2010-07-28T09:25:55+00:00\",\"breadcrumb\":{\"@id\":\"https:\/\/narteks.net\/index.php\/2010\/07\/28\/orta-asyadan-balkanlara-dunya-muzik-cografyasinda-keyifli-bir-yolculuk-etni-ka-pangea\/#breadcrumb\"},\"inLanguage\":\"tr\",\"potentialAction\":[{\"@type\":\"ReadAction\",\"target\":[\"https:\/\/narteks.net\/index.php\/2010\/07\/28\/orta-asyadan-balkanlara-dunya-muzik-cografyasinda-keyifli-bir-yolculuk-etni-ka-pangea\/\"]}]},{\"@type\":\"BreadcrumbList\",\"@id\":\"https:\/\/narteks.net\/index.php\/2010\/07\/28\/orta-asyadan-balkanlara-dunya-muzik-cografyasinda-keyifli-bir-yolculuk-etni-ka-pangea\/#breadcrumb\",\"itemListElement\":[{\"@type\":\"ListItem\",\"position\":1,\"name\":\"Anasayfa\",\"item\":\"https:\/\/narteks.net\/\"},{\"@type\":\"ListItem\",\"position\":2,\"name\":\"Orta Asya\u2019dan Balkanlar\u2019a d\u00fcnya m\u00fczik co\u011frafyas\u0131nda keyifli bir yolculuk | Etni-Ka Pangea\"}]},{\"@type\":\"WebSite\",\"@id\":\"https:\/\/narteks.net\/#website\",\"url\":\"https:\/\/narteks.net\/\",\"name\":\"narteks.net\",\"description\":\"K\u00fclt\u00fcr Sanat Edebiyat Felsefe\",\"publisher\":{\"@id\":\"https:\/\/narteks.net\/#organization\"},\"alternateName\":\"K\u00fclt\u00fcr Sanat Edebiyat Felsefe\",\"potentialAction\":[{\"@type\":\"SearchAction\",\"target\":{\"@type\":\"EntryPoint\",\"urlTemplate\":\"https:\/\/narteks.net\/?s={search_term_string}\"},\"query-input\":{\"@type\":\"PropertyValueSpecification\",\"valueRequired\":true,\"valueName\":\"search_term_string\"}}],\"inLanguage\":\"tr\"},{\"@type\":\"Organization\",\"@id\":\"https:\/\/narteks.net\/#organization\",\"name\":\"narteks.net\",\"url\":\"https:\/\/narteks.net\/\",\"logo\":{\"@type\":\"ImageObject\",\"inLanguage\":\"tr\",\"@id\":\"https:\/\/narteks.net\/#\/schema\/logo\/image\/\",\"url\":\"https:\/\/narteks.net\/wp-content\/uploads\/narteks.png\",\"contentUrl\":\"https:\/\/narteks.net\/wp-content\/uploads\/narteks.png\",\"width\":300,\"height\":90,\"caption\":\"narteks.net\"},\"image\":{\"@id\":\"https:\/\/narteks.net\/#\/schema\/logo\/image\/\"},\"sameAs\":[\"https:\/\/x.com\/narteks\",\"https:\/\/instagram.com\/narteksnet\"]},{\"@type\":\"Person\",\"@id\":\"https:\/\/narteks.net\/#\/schema\/person\/61f37d9834294b72d31d274e7ed79bca\",\"name\":\"Tar\u0131k\",\"image\":{\"@type\":\"ImageObject\",\"inLanguage\":\"tr\",\"@id\":\"https:\/\/narteks.net\/#\/schema\/person\/image\/\",\"url\":\"https:\/\/secure.gravatar.com\/avatar\/50865afb55632c4ae467e0af0930f6510aa2297d8014be502a55b14f3b7550cf?s=96&d=mm&r=g\",\"contentUrl\":\"https:\/\/secure.gravatar.com\/avatar\/50865afb55632c4ae467e0af0930f6510aa2297d8014be502a55b14f3b7550cf?s=96&d=mm&r=g\",\"caption\":\"Tar\u0131k\"},\"sameAs\":[\"http:\/\/narteks.net\"],\"url\":\"https:\/\/narteks.net\/index.php\/author\/narbak\/\"}]}<\/script>\n<!-- \/ Yoast SEO Premium plugin. -->","yoast_head_json":{"title":"Orta Asya\u2019dan Balkanlar\u2019a d\u00fcnya m\u00fczik co\u011frafyas\u0131nda keyifli bir yolculuk | Etni-Ka Pangea - narteks.net","robots":{"index":"index","follow":"follow","max-snippet":"max-snippet:-1","max-image-preview":"max-image-preview:large","max-video-preview":"max-video-preview:-1"},"canonical":"https:\/\/narteks.net\/index.php\/2010\/07\/28\/orta-asyadan-balkanlara-dunya-muzik-cografyasinda-keyifli-bir-yolculuk-etni-ka-pangea\/","og_locale":"tr_TR","og_type":"article","og_title":"Orta Asya\u2019dan Balkanlar\u2019a d\u00fcnya m\u00fczik co\u011frafyas\u0131nda keyifli bir yolculuk | Etni-Ka Pangea","og_description":"G\u00fcrcistan\u2019dan, Selanik\u2019e; Makedonya\u2019dan Anadolu\u2019ya ve Bulgaristan\u2019a uzanan geni\u015f bir co\u011frafyan\u0131n ezgilerinin yer ald\u0131\u011f\u0131 alb\u00fcmde ayn\u0131 zamanda yeni besteler de yer almaktad\u0131r. Grup Ekim 2006 da Sinan AYYILDIZ ve Serdar DEL\u0130 taraf\u0131ndan kuruldu. T\u00fcrk halk \u00e7alg\u0131lar\u0131n\u0131n kapasitesini g\u00f6stermek ve s\u0131n\u0131rlar\u0131n\u0131 zorlayarak g\u00fcn\u00fcm\u00fczde hakim olan vokal anlay\u0131\u015fl\u0131 m\u00fczi\u011fe muhalif olarak ortaya \u00e7\u0131kt\u0131. M\u00fczikteki farkl\u0131 etkile\u015fimleri kendilerine \u00f6zg\u00fc [&hellip;]","og_url":"https:\/\/narteks.net\/index.php\/2010\/07\/28\/orta-asyadan-balkanlara-dunya-muzik-cografyasinda-keyifli-bir-yolculuk-etni-ka-pangea\/","og_site_name":"narteks.net","article_published_time":"2010-07-28T09:25:55+00:00","og_image":[{"width":300,"height":90,"url":"https:\/\/narteks.net\/wp-content\/uploads\/narteks.png","type":"image\/png"}],"author":"Tar\u0131k","twitter_card":"summary_large_image","twitter_creator":"@narteks","twitter_site":"@narteks","twitter_misc":{"Yazan:":"Tar\u0131k","Tahmini okuma s\u00fcresi":"6 dakika"},"schema":{"@context":"https:\/\/schema.org","@graph":[{"@type":"Article","@id":"https:\/\/narteks.net\/index.php\/2010\/07\/28\/orta-asyadan-balkanlara-dunya-muzik-cografyasinda-keyifli-bir-yolculuk-etni-ka-pangea\/#article","isPartOf":{"@id":"https:\/\/narteks.net\/index.php\/2010\/07\/28\/orta-asyadan-balkanlara-dunya-muzik-cografyasinda-keyifli-bir-yolculuk-etni-ka-pangea\/"},"author":{"name":"Tar\u0131k","@id":"https:\/\/narteks.net\/#\/schema\/person\/61f37d9834294b72d31d274e7ed79bca"},"headline":"Orta Asya\u2019dan Balkanlar\u2019a d\u00fcnya m\u00fczik co\u011frafyas\u0131nda keyifli bir yolculuk | Etni-Ka Pangea","datePublished":"2010-07-28T09:25:55+00:00","mainEntityOfPage":{"@id":"https:\/\/narteks.net\/index.php\/2010\/07\/28\/orta-asyadan-balkanlara-dunya-muzik-cografyasinda-keyifli-bir-yolculuk-etni-ka-pangea\/"},"wordCount":1147,"commentCount":0,"publisher":{"@id":"https:\/\/narteks.net\/#organization"},"articleSection":["M\u00fczik Gruplar\u0131"],"inLanguage":"tr","potentialAction":[{"@type":"CommentAction","name":"Comment","target":["https:\/\/narteks.net\/index.php\/2010\/07\/28\/orta-asyadan-balkanlara-dunya-muzik-cografyasinda-keyifli-bir-yolculuk-etni-ka-pangea\/#respond"]}]},{"@type":"WebPage","@id":"https:\/\/narteks.net\/index.php\/2010\/07\/28\/orta-asyadan-balkanlara-dunya-muzik-cografyasinda-keyifli-bir-yolculuk-etni-ka-pangea\/","url":"https:\/\/narteks.net\/index.php\/2010\/07\/28\/orta-asyadan-balkanlara-dunya-muzik-cografyasinda-keyifli-bir-yolculuk-etni-ka-pangea\/","name":"Orta Asya\u2019dan Balkanlar\u2019a d\u00fcnya m\u00fczik co\u011frafyas\u0131nda keyifli bir yolculuk | Etni-Ka Pangea - narteks.net","isPartOf":{"@id":"https:\/\/narteks.net\/#website"},"datePublished":"2010-07-28T09:25:55+00:00","breadcrumb":{"@id":"https:\/\/narteks.net\/index.php\/2010\/07\/28\/orta-asyadan-balkanlara-dunya-muzik-cografyasinda-keyifli-bir-yolculuk-etni-ka-pangea\/#breadcrumb"},"inLanguage":"tr","potentialAction":[{"@type":"ReadAction","target":["https:\/\/narteks.net\/index.php\/2010\/07\/28\/orta-asyadan-balkanlara-dunya-muzik-cografyasinda-keyifli-bir-yolculuk-etni-ka-pangea\/"]}]},{"@type":"BreadcrumbList","@id":"https:\/\/narteks.net\/index.php\/2010\/07\/28\/orta-asyadan-balkanlara-dunya-muzik-cografyasinda-keyifli-bir-yolculuk-etni-ka-pangea\/#breadcrumb","itemListElement":[{"@type":"ListItem","position":1,"name":"Anasayfa","item":"https:\/\/narteks.net\/"},{"@type":"ListItem","position":2,"name":"Orta Asya\u2019dan Balkanlar\u2019a d\u00fcnya m\u00fczik co\u011frafyas\u0131nda keyifli bir yolculuk | Etni-Ka Pangea"}]},{"@type":"WebSite","@id":"https:\/\/narteks.net\/#website","url":"https:\/\/narteks.net\/","name":"narteks.net","description":"K\u00fclt\u00fcr Sanat Edebiyat Felsefe","publisher":{"@id":"https:\/\/narteks.net\/#organization"},"alternateName":"K\u00fclt\u00fcr Sanat Edebiyat Felsefe","potentialAction":[{"@type":"SearchAction","target":{"@type":"EntryPoint","urlTemplate":"https:\/\/narteks.net\/?s={search_term_string}"},"query-input":{"@type":"PropertyValueSpecification","valueRequired":true,"valueName":"search_term_string"}}],"inLanguage":"tr"},{"@type":"Organization","@id":"https:\/\/narteks.net\/#organization","name":"narteks.net","url":"https:\/\/narteks.net\/","logo":{"@type":"ImageObject","inLanguage":"tr","@id":"https:\/\/narteks.net\/#\/schema\/logo\/image\/","url":"https:\/\/narteks.net\/wp-content\/uploads\/narteks.png","contentUrl":"https:\/\/narteks.net\/wp-content\/uploads\/narteks.png","width":300,"height":90,"caption":"narteks.net"},"image":{"@id":"https:\/\/narteks.net\/#\/schema\/logo\/image\/"},"sameAs":["https:\/\/x.com\/narteks","https:\/\/instagram.com\/narteksnet"]},{"@type":"Person","@id":"https:\/\/narteks.net\/#\/schema\/person\/61f37d9834294b72d31d274e7ed79bca","name":"Tar\u0131k","image":{"@type":"ImageObject","inLanguage":"tr","@id":"https:\/\/narteks.net\/#\/schema\/person\/image\/","url":"https:\/\/secure.gravatar.com\/avatar\/50865afb55632c4ae467e0af0930f6510aa2297d8014be502a55b14f3b7550cf?s=96&d=mm&r=g","contentUrl":"https:\/\/secure.gravatar.com\/avatar\/50865afb55632c4ae467e0af0930f6510aa2297d8014be502a55b14f3b7550cf?s=96&d=mm&r=g","caption":"Tar\u0131k"},"sameAs":["http:\/\/narteks.net"],"url":"https:\/\/narteks.net\/index.php\/author\/narbak\/"}]}},"_links":{"self":[{"href":"https:\/\/narteks.net\/index.php\/wp-json\/wp\/v2\/posts\/4651","targetHints":{"allow":["GET"]}}],"collection":[{"href":"https:\/\/narteks.net\/index.php\/wp-json\/wp\/v2\/posts"}],"about":[{"href":"https:\/\/narteks.net\/index.php\/wp-json\/wp\/v2\/types\/post"}],"author":[{"embeddable":true,"href":"https:\/\/narteks.net\/index.php\/wp-json\/wp\/v2\/users\/1"}],"replies":[{"embeddable":true,"href":"https:\/\/narteks.net\/index.php\/wp-json\/wp\/v2\/comments?post=4651"}],"version-history":[{"count":0,"href":"https:\/\/narteks.net\/index.php\/wp-json\/wp\/v2\/posts\/4651\/revisions"}],"wp:attachment":[{"href":"https:\/\/narteks.net\/index.php\/wp-json\/wp\/v2\/media?parent=4651"}],"wp:term":[{"taxonomy":"category","embeddable":true,"href":"https:\/\/narteks.net\/index.php\/wp-json\/wp\/v2\/categories?post=4651"},{"taxonomy":"post_tag","embeddable":true,"href":"https:\/\/narteks.net\/index.php\/wp-json\/wp\/v2\/tags?post=4651"}],"curies":[{"name":"wp","href":"https:\/\/api.w.org\/{rel}","templated":true}]}}