{"id":4654,"date":"2010-08-07T10:29:14","date_gmt":"2010-08-07T07:29:14","guid":{"rendered":"http:\/\/localhost\/wordpress\/2010\/08\/07\/silahlarin-yani-sira-kitaplari-da-sucluymus-gibi-her-gece-televizyon-ekranlarinda-teshir-ediyorlardi-ahmet-umit\/"},"modified":"2010-08-07T10:29:14","modified_gmt":"2010-08-07T07:29:14","slug":"silahlarin-yani-sira-kitaplari-da-sucluymus-gibi-her-gece-televizyon-ekranlarinda-teshir-ediyorlardi-ahmet-umit","status":"publish","type":"post","link":"https:\/\/narteks.net\/index.php\/2010\/08\/07\/silahlarin-yani-sira-kitaplari-da-sucluymus-gibi-her-gece-televizyon-ekranlarinda-teshir-ediyorlardi-ahmet-umit\/","title":{"rendered":"Silahlar\u0131n yan\u0131 s\u0131ra kitaplar\u0131 da su\u00e7luymu\u015f gibi her gece televizyon ekranlar\u0131nda te\u015fhir ediyorlard\u0131 | Ahmet \u00dcmit"},"content":{"rendered":"<p style=\"text-align: justify;\"><img loading=\"lazy\" decoding=\"async\" src=\"http:\/\/www.harikasozler.net\/data\/media\/1867\/www.harikasozler.net_-_Vicdan_azab_eken_bir_insan_yanstan_heykel.jpg\" border=\"0\" width=\"155\" height=\"205\" style=\"float: left;\" \/>Yery\u00fcz\u00fcn\u00fc kaplayan a\u00e7l\u0131\u011f\u0131, sava\u015f\u0131 akl\u0131m\u0131za hi\u00e7 getirmeden, \u015fiirlerimizi, romanlar\u0131m\u0131z\u0131 yazmak m\u00fcmk\u00fcn! Ama vicdan\u0131m\u0131z bu m\u00fcmk\u00fcn\u00fcn neresinde yer alacak?<\/p>\n<p>Y\u0131l 1974; 12 Mart darbesiyle erke el koyan diktat\u00f6rl\u00fck \u00e7\u00f6z\u00fcl\u00fcyordu. 12 Mart darbecilerinin zindanlara att\u0131\u011f\u0131, kur\u015funlad\u0131\u011f\u0131, haks\u0131z yere idam etti\u011fi gen\u00e7lerin itibarlar\u0131 h\u0131zla iade ediliyordu. Onlar\u0131n isimleri umutlu bir t\u00fcrk\u00fc gibi dilden dile dola\u015f\u0131yor, dipten gelen g\u00fc\u00e7l\u00fc bir dalga fabrikalardan \u00fcniversitelere, k\u00f6ylerden gecekondulara kadar \u00fclkenin her yerinde yank\u0131 buluyordu. \u0130nsanlar bu yeni dalgay\u0131, \u00f6zg\u00fcr ve demokratik T\u00fcrkiye&#8217;yi kurabilecek bir politik g\u00fc\u00e7 olarak g\u00f6rmeye ba\u015fl\u0131yordu.<\/p>\n<p>O y\u0131llarda ben Gaziantep&#8217;te lise 1. s\u0131n\u0131f \u00f6\u011frencisiydim. \u00dclkedeki sol dalga Antep&#8217;e de ula\u015fm\u0131\u015f, iki arkada\u015f\u0131mla birlikte, \u00f6rg\u00fct\u00fcn ne oldu\u011funu bile bilmeden, bir \u00f6rg\u00fct kurmak hevesiyle yan\u0131p tutu\u015fuyorduk. \u00c7\u00fcnk\u00fc kendimizi g\u00f6stermek istiyorduk, \u00e7\u00fcnk\u00fc T\u00fcrkiye&#8217;nin, d\u00fcnyan\u0131n bize gereksinimi oldu\u011funu d\u00fc\u015f\u00fcn\u00fcyorduk, \u00e7\u00fcnk\u00fc anlaml\u0131 bir varolu\u015f pe\u015finde ko\u015fuyorduk. \u00d6rg\u00fct olu\u015fturman\u0131n ilk ad\u0131m\u0131n\u0131n ise kitap edinmek oldu\u011funu san\u0131yorduk.<\/p>\n<p>O yaz tatilinde \u00e7al\u0131\u015farak kazand\u0131\u011f\u0131m\u0131z paralarla \u015fehrin tek solcu kitap\u00e7\u0131s\u0131ndan Maksim Gorki&#8217;nin, N\u00e2z\u0131m Hikmet&#8217;in, Fakir Baykurt&#8217;un, Ahmed Arif&#8217;in kitaplar\u0131n\u0131 sat\u0131n almaya koyulduk. K\u00fct\u00fcphanemiz her hafta sonu biraz daha b\u00fcy\u00fcyor, okudu\u011fumuz roman, \u00f6yk\u00fc, \u015fiir say\u0131s\u0131 her ge\u00e7en g\u00fcn biraz daha art\u0131yordu. Okullar a\u00e7\u0131ld\u0131\u011f\u0131nda art\u0131k bilin\u00e7lenmi\u015f devrimciler olarak, ceketlerimizin cebinde &#8216;Cumhuriyet&#8217; ve d\u00f6nemin daha solda yer alan gazetesi &#8216;Yeni Ortam&#8217;la giriyorduk s\u0131n\u0131flara. Gazetelerin logolar\u0131n\u0131 d\u0131\u015fa \u00e7evirip, \u00f6zellikle g\u00f6r\u00fcnmesini sa\u011flayarak. Ayd\u0131n oldu\u011fumuzu, emekten yana oldu\u011fumuzu, cesur oldu\u011fumuzu, ahlakl\u0131 oldu\u011fumuzu, fedak\u00e2r oldu\u011fumuzu herkes g\u00f6rs\u00fcn diye. Kimse de yad\u0131rgam\u0131yordu bu halimizi \u00e7\u00fcnk\u00fc r\u00fczg\u00e2r ezilenlerden yana esiyor, \u00e7o\u011funluk ilericilere sempatiyle bak\u0131yordu. \u00c7ok ge\u00e7meden bizim romantik, naif \u00f6rg\u00fct\u00fcm\u00fcz de sona erdi ve bizler hen\u00fcz on d\u00f6rt ya\u015f\u0131nda olmam\u0131za ald\u0131rmadan -belki de \u00f6zellikle on d\u00f6rt ya\u015f\u0131nda oldu\u011fumuz i\u00e7in- sol bir \u00f6rg\u00fcte kat\u0131larak, devrimin kararl\u0131 aktivistleri olarak \u00fclkenin ve d\u00fcnyan\u0131n sorunlar\u0131yla bo\u011fu\u015fmak i\u00e7in kollar\u0131 s\u0131vad\u0131k.<\/p>\n<p>Okudu\u011fumuz kitaplar\u0131n aras\u0131na art\u0131k kuramsal metinler de eklenmi\u015fti. Leo Huberman&#8217;\u0131n Sosyalizmin Alfabesi, Georges Politzer&#8217;in Felsefenin Temel \u0130lkeleri, Marks ve Engels&#8217;in birlikte kaleme ald\u0131klar\u0131 Kom\u00fcnist Manifesto art\u0131k ba\u015fucu kitaplar\u0131m\u0131zd\u0131. Ama romanlardan, \u00f6yk\u00fclerden, \u015fiirlerden vazge\u00e7miyorduk; \u00f6zellikle de \u015fiirlerden. \u00c7\u00fcnk\u00fc biz \u015fiir gibi bir ya\u015fam\u0131 \u00f6zl\u00fcyorduk. Herkesin yetene\u011fine g\u00f6re \u00e7al\u0131\u015ft\u0131\u011f\u0131, yarat\u0131lan de\u011ferlerin herkese ihtiyac\u0131na g\u00f6re da\u011f\u0131t\u0131ld\u0131\u011f\u0131, insanlar\u0131n dil, din, \u0131rk fark\u0131 olmadan, birbirlerini s\u00f6m\u00fcrmeden, birbirlerini \u00f6ld\u00fcrmeden, birbirlerini a\u015fa\u011f\u0131lamadan adalet i\u00e7inde ve \u00f6zg\u00fcrce ya\u015fayaca\u011f\u0131 o muhte\u015fem d\u00fcnyay\u0131 istiyorduk. Bu \u00fctopyay\u0131 ger\u00e7ek k\u0131lacak, \u00fclkemizdeki ve d\u00fcnyadaki b\u00fcy\u00fck de\u011fi\u015fimi gere\u00e7ekle\u015ftirecek en \u00f6nemli ara\u00e7lardan birinin de kitap oldu\u011funu d\u00fc\u015f\u00fcn\u00fcyorduk.<br \/>Ama kitaplar\u0131n yery\u00fcz\u00fcn\u00fc de\u011fi\u015ftirebilece\u011fini d\u00fc\u015f\u00fcnen sadece bizler de\u011fildik, kar\u015f\u0131tlar\u0131m\u0131zda ayn\u0131 fikirdeydiler.<\/p>\n<p>12 Eyl\u00fcl darbesiyle \u00fclkedeki erke el koyanlar, kitaplar\u0131 da d\u0131\u015f d\u00fc\u015fman\u0131n i\u00e7erdeki kollar\u0131ndan biri sayarak, imha etmeye \u00e7al\u0131\u015f\u0131yorlar, gelecek ku\u015faklar\u0131 kitaptan so\u011futmak i\u00e7in ellerinden gelen her t\u00fcrl\u00fc \u00e7abay\u0131 g\u00f6steriyorlard\u0131. \u00d6rne\u011fin g\u00fcnlerdir i\u015fkencede insan g\u00f6r\u00fcn\u00fcm\u00fcnden \u00e7\u0131kart\u0131lm\u0131\u015f zanl\u0131larla birlikte, \u00f6rg\u00fct d\u00f6k\u00fcmanlar\u0131n\u0131n, silahlar\u0131n yan\u0131 s\u0131ra kitaplar\u0131 da su\u00e7luymu\u015f gibi her gece televizyon ekranlar\u0131nda te\u015fhir ediyorlard\u0131.<\/p>\n<p>Bu kampanyalar y\u0131llarca s\u00fcrd\u00fc ve ne yaz\u0131k ki diktat\u00f6rler istedikleri sonu\u00e7lara ula\u015ft\u0131lar. \u0130nsanlar kitaptan korkar oldu, edebiyattan so\u011fudu, yazarlara ku\u015fkuyla bakar oldu. \u00dclkemizde kitab\u0131n itibar\u0131n\u0131n iade edilmesi i\u00e7in aradan y\u0131llar\u0131n ge\u00e7mesi gerekecekti. Son on y\u0131lda k\u00fclt\u00fcrs\u00fczle\u015ftirme politikalar\u0131n\u0131n etkisi azalmaya ba\u015flad\u0131 ama ayn\u0131 \u015feyi depolitizasyon i\u00e7in s\u00f6ylemek olduk\u00e7a g\u00fc\u00e7. \u0130\u015fin k\u00f6t\u00fc taraf\u0131 depolitizasyonun, yazarlar\u0131 da derinden etkileyerek, onlar\u0131n yap\u0131tlar\u0131n\u0131, ya\u015fama bak\u0131\u015flar\u0131n\u0131 t\u00fcm\u00fcyle de\u011fi\u015ftirmesiydi.<\/p>\n<p>Oysa bu topraklarda \u00e7o\u011funlukla edebiyat\u00e7\u0131lar, Sel\u00e7uklu&#8217;dan Osmanl\u0131&#8217;ya, Osmanl\u0131&#8217;dan T\u00fcrkiye Cumhuriyeti&#8217;ne, Pir Sultan&#8217;dan, Ziya G\u00f6kalp&#8217;e, Halide Edip&#8217;ten N\u00e2z\u0131m Hikmet&#8217;e kadar hi\u00e7bir zaman politikadan t\u00fcm\u00fcyle kopuk olmam\u0131\u015flard\u0131. Kalem erbablar\u0131n\u0131n, yazarlar\u0131n ayn\u0131 zamanda muhalif bir duru\u015fu vard\u0131. \u0130ktidarlarla \u00e7at\u0131\u015fmamaya \u00f6zen g\u00f6steren Mevl\u00e2n\u00e2 bile yap\u0131tlar\u0131nda alternatif bir ya\u015fam \u00f6neriyordu. Bu anlamda g\u00fcndelik ya\u015fama muhalif bir tav\u0131r sergiliyordu. Ama topraklar\u0131m\u0131zdaki y\u00fczlerce y\u0131ll\u0131k bu gelenek, 12 Eyl\u00fcl 1980 darbesinin ard\u0131ndan usulca sona erdi. Ku\u015fkusuz bunda sadece \u00fclke i\u00e7i fakt\u00f6rler de\u011fil, d\u00fcnyada Sovyet tipi sosyalizmin y\u0131k\u0131l\u0131\u015f\u0131, insanl\u0131\u011f\u0131n daha g\u00fczel, daha adil bir d\u00fcnya aray\u0131\u015f\u0131n\u0131n ge\u00e7ici de olsa yenilgiye u\u011framas\u0131 da etkili olmu\u015ftu. Kapitalizmin uygarl\u0131\u011f\u0131n tek se\u00e7ene\u011fi oldu\u011fu, piyasa ekonomisinin ise bunun en geli\u015fmi\u015f bi\u00e7imi oldu\u011fu tezleri yery\u00fcz\u00fcn\u00fc kaplam\u0131\u015f, alternatif ya\u015fam bi\u00e7imleri t\u00fcm\u00fcyle reddedilmeye ba\u015flanm\u0131\u015ft\u0131. Onlara g\u00f6re kapitalizm ya da piyasa ekonomisi \u00f6zg\u00fcrl\u00fck demekti, \u00e7o\u011fulculuk demekti, giri\u015fimcilik demekti. Hangi yolla olursa olsun, milyonlarca insan\u0131n i\u00e7inden s\u0131yr\u0131lmak, tek ba\u015f\u0131na kurtulu\u015fu yakalamak, en \u00f6nemli beceri demekti. Yery\u00fcz\u00fcn\u00fcn en b\u00fcy\u00fck ordusuna sahip olmak, hakl\u0131 olmakla ayn\u0131 say\u0131l\u0131yordu. G\u00fc\u00e7, art\u0131k adaletin \u00f6n\u00fcndeydi. G\u00fc\u00e7l\u00fc olanlar\u0131n g\u00fc\u00e7s\u00fczlerin efendisi olmaya hakk\u0131 vard\u0131. \u00c7\u00fcnk\u00fc g\u00fc\u00e7l\u00fcler zengindi, k\u00fclt\u00fcrl\u00fcyd\u00fc, zerafat sahibiydi, geli\u015fmi\u015fti.<\/p>\n<p>Edebiyata duyulan tepki<\/p>\n<p>Bu anlay\u0131\u015f, k\u0131sa s\u00fcrede sanat \u00fczerinde de etkisini g\u00f6sterdi. Yap\u0131lanmas\u0131n\u0131 postmodenizm de, postkolonyalizm de ya da ad\u0131na ne denirse densin, bu tufhaf karma\u015fada bulan yeni anlay\u0131\u015f mimaride, sinemada, tiyatroda, resimde ve edebiyatta kendini d\u0131\u015fa vurmaya ba\u015flad\u0131. Ve bu e\u011filim, 12 Eyl\u00fcl D\u00f6nemi&#8217;nin a\u011f\u0131r k\u00fclt\u00fcr ter\u00f6r\u00fcyle g\u00fc\u00e7l\u00fc bir travma ya\u015fayan edebiyat\u0131m\u0131z\u0131 da avucuna almakta gecikmedi. \u00d6zg\u00fcrl\u00fck\u00e7\u00fc s\u00f6ylemleri, yarat\u0131c\u0131l\u0131\u011fa a\u00e7\u0131k y\u00f6ntemleriyle herkese sevimli g\u00f6r\u00fcnen bu yeni ak\u0131m, yazarlar\u0131m\u0131z\u0131n g\u00f6nl\u00fcnde de taht kurmaya ba\u015flad\u0131. Edebiyat yaln\u0131zca bir zevk sorunsal\u0131 haline getirdi. Yaz\u0131nsal metinler dil zenginli\u011fine, kurgu oyunlar\u0131na, hik\u00e2yenin karma\u015f\u0131k ve \u00e7ok katmanl\u0131 olu\u015funa indirgendi. \u00dclkenin, d\u00fcnyan\u0131n, insan\u0131n sorunlar\u0131yla ilgilenen edebiyat k\u00fc\u00e7\u00fcmsenmeye, bu t\u00fcr metinler kaleme alan yazarlar d\u0131\u015flanmaya ba\u015fland\u0131.<\/p>\n<p>Yeni anlay\u0131\u015f, ayn\u0131 zamanda, uzun y\u0131llar kurallar\u0131n\u0131 solcu estetik\u00e7ilerin koydu\u011fu kat\u0131 toplumsalc\u0131 edebiyata duyulan tepkinin a\u00e7\u0131k\u00e7a, hatta biraz da \u00f6fkeyle d\u0131\u015favurulmas\u0131yd\u0131. Ki, bu tepkide hakl\u0131l\u0131k pay\u0131 da vard\u0131. \u00c7ok de\u011fil, bundan otuz y\u0131l \u00f6nce, d\u00fcnyada ve \u00fclkede r\u00fczg\u00e2r soldan eserken, toplumsal sorunlardan bahsetmedi\u011fi i\u00e7in \u00f6ne \u00e7\u0131kar\u0131lmayan O\u011fuz Atay ve Yusuf At\u0131lgan gibi \u00fclkemiz edebiyat\u0131n\u0131n en \u00f6zg\u00fcn iki yazar\u0131 &#8216;bireyci&#8217; olarak su\u00e7lanarak d\u0131\u015flanm\u0131\u015flard\u0131. Edebiyat \u00e7ok y\u00f6nl\u00fcl\u00fc\u011f\u00fcn\u00fc, \u00e7ok i\u015flevlili\u011fini yitirmi\u015f, sadece e\u011fitmek, ayd\u0131nlatmak, bilgilendirmek ama\u00e7lar\u0131na s\u0131k\u0131\u015ft\u0131r\u0131lm\u0131\u015ft\u0131. \u0130ster erkte olsun, ister muhalefette devrimci \u00f6rg\u00fct\u00fcn plan ve programlar\u0131n\u0131 destekleyen metinler \u00fcreten bir zanaat dal\u0131 haline getirilmi\u015fti. \u0130\u015fte \u015fimdi de yeni d\u00f6nem her ne kadar fark\u0131 bir s\u00f6ylemi benimsese bile eski y\u00f6ntemi kullanarak, eski d\u00f6nemden intikam almaya koyulmu\u015ftu.<\/p>\n<p>\u00dcstelik bu yeni anlay\u0131\u015f, sadece yaz\u0131lan metinleri de\u011fi\u015ftirmekle kalm\u0131yor, ayn\u0131 zamanda biz yazarlar\u0131n hem ki\u015fisel, hem de deyim yerindeyse mesleki duru\u015flar\u0131m\u0131zda da b\u00fcy\u00fck de\u011fi\u015fiklikler meydana getiriyordu. Bir zamanlar kendini insandan, yazd\u0131\u011f\u0131 metinleri toplumsal sorunlardan ay\u0131rmayan yazar\u0131n yerini \u015fimdi sadece kendini ve yap\u0131t\u0131n\u0131n ba\u015far\u0131s\u0131n\u0131 d\u00fc\u015f\u00fcnen yazar tipi almaya ba\u015flam\u0131\u015ft\u0131. 12 Eyl\u00fcl y\u00f6netimi taraf\u0131ndan ad\u0131m ad\u0131m politikas\u0131zla\u015ft\u0131r\u0131lan okur kitlesi de bu durumu hi\u00e7 yad\u0131rgam\u0131yor, hatta yedi\u011fi depolitizasyon zokas\u0131yla, politik metinlerden uzak durarak, yeni anlay\u0131\u015fa yeterli deste\u011fi sunuyordu. B\u00f6ylece yazar\u0131yla-okuruyla-ele\u015ftirmeniyle yeni edebiyat anlay\u0131\u015f\u0131, kendi sistemini yaratm\u0131\u015f oldu.<\/p>\n<p>Ama gel gelelim yery\u00fcz\u00fc h\u00e2l\u00e2 eski yery\u00fcz\u00fc, insan da eski insan. Yery\u00fcz\u00fcnde h\u00e2l\u00e2 insanlar a\u00e7l\u0131kla bo\u011fu\u015fuyor, sava\u015flarda \u00f6l\u00fcyorlar, ruhlar\u0131n\u0131 yitiriyorlar, mutsuzluk i\u00e7inde k\u0131vran\u0131yorlar. Toprak, deniz ve g\u00f6ky\u00fcz\u00fc h\u0131zla kirleniyor. Yery\u00fcz\u00fc insan eliyle haz\u0131rlanan bir k\u0131yamete do\u011fru y\u00fcr\u00fcyor. Ve bu y\u0131k\u0131m\u0131 kendi elleriyle haz\u0131rlayan insan, bundan zarar g\u00f6r\u00fcyor, mutsuz oluyor. \u0130\u015fte tam da bu noktada, yapt\u0131\u011f\u0131 \u00fcretim gere\u011fi, toplumun sosyolojik, psikolojik, tarihsel, politik, sanatsal, ahlaki, dinsel katmanlar\u0131n\u0131 g\u00f6rebilen, g\u00f6rebildi\u011fi i\u00e7in de s\u00f6zc\u00fcklerle yeni bir d\u00fcnya yaratabilen biz yazarlar, \u00f6nemli sorularla kar\u015f\u0131 kar\u015f\u0131ya kal\u0131yoruz: &#8220;Ya\u015fananlara g\u00f6zlerimi kapayarak, insan\u0131 anlatabilir miyim?&#8221; &#8220;Yaratt\u0131\u011f\u0131m karakterlerin y\u0131k\u0131c\u0131l\u0131\u011f\u0131n\u0131, yarat\u0131c\u0131l\u0131\u011f\u0131n\u0131, korkakl\u0131\u011f\u0131n\u0131, kahramanl\u0131\u011f\u0131n\u0131, basitli\u011fini, y\u00fcceli\u011fini, yani b\u00fct\u00fcn hallerini derinlemesine verebilir miyim?&#8221; &#8220;Teknoloji \u00e7a\u011f\u0131nda, bedeni, ruhu ya\u011fmalanm\u0131\u015f insan\u0131n o \u00e7\u0131r\u0131l\u00e7\u0131plak \u00e7\u0131\u011fl\u0131\u011f\u0131n\u0131 duymazsam g\u00fcn\u00fcm\u00fcz bireyini \u00e7\u00f6z\u00fcmleyebilir miyim?&#8221; &#8220;Hepsinden \u00f6nemlisi g\u00fc\u00e7l\u00fcn\u00fcn haks\u0131zl\u0131\u011f\u0131na kar\u015f\u0131 durmazsam, ger\u00e7ek \u00f6zg\u00fcrl\u00fc\u011fe, ger\u00e7ek masumiyete, ger\u00e7ek g\u00fczelli\u011fe bir \u00e7a\u011fr\u0131 olan metnimin i\u00e7tenli\u011fini koruyabilir miyim?&#8221;<\/p>\n<p>Sorular\u0131 art\u0131rmak m\u00fcmk\u00fcn? Ama bu sorular\u0131 hi\u00e7 sormamak da m\u00fcmk\u00fcn. Bu sorular\u0131 hi\u00e7 sormadan, yery\u00fcz\u00fcn\u00fc ad\u0131m ad\u0131m kaplayan kirlenmeyi, a\u00e7l\u0131\u011f\u0131, sava\u015f\u0131, mutsuzlu\u011fu akl\u0131m\u0131za hi\u00e7 getirmeden, bilgisayarlar\u0131m\u0131z\u0131n ba\u015f\u0131na ge\u00e7erek, yaz\u0131lm\u0131\u015flar\u0131n derinliklerinden yeni hik\u00e2yeler bulup, \u015fiirlerimizi, \u00f6yk\u00fclerimizi, romanlar\u0131m\u0131z\u0131, denemelerimizi yazmak da m\u00fcmk\u00fcn? Ama vicdan\u0131m\u0131z bu m\u00fcmk\u00fcn\u00fcn neresinde yer alacak? \u00c7\u00fcnk\u00fc yetene\u011fimiz gibi vicdan\u0131m\u0131z da varolu\u015fsal bir \u00f6zelli\u011fimiz. Hatta vicdan\u0131m\u0131z, yetene\u011fimizden daha derin k\u00f6klere sahip bir \u00f6zelli\u011fimiz. O y\u00fczden as\u0131l mesele vicdan\u0131m\u0131z\u0131n bu durumu nereye kadar kald\u0131rabilece\u011fi. \u00c7\u00fcnk\u00fc bencillik ve \u00f6zveri, birbirine ba\u011fl\u0131 iki dal gibi birlikte b\u00fcy\u00fcyor ruhumuzun \u00e7ok \u00e7atall\u0131 a\u011fac\u0131nda. \u00c7\u00fcnk\u00fc insandan asla umut kesilmez; yazarlardan ise hi\u00e7bir zaman.<\/p>\n","protected":false},"excerpt":{"rendered":"<p>Yery\u00fcz\u00fcn\u00fc kaplayan a\u00e7l\u0131\u011f\u0131, sava\u015f\u0131 akl\u0131m\u0131za hi\u00e7 getirmeden, \u015fiirlerimizi, romanlar\u0131m\u0131z\u0131 yazmak m\u00fcmk\u00fcn! Ama vicdan\u0131m\u0131z bu m\u00fcmk\u00fcn\u00fcn neresinde yer alacak? Y\u0131l 1974; 12 Mart darbesiyle erke el koyan diktat\u00f6rl\u00fck \u00e7\u00f6z\u00fcl\u00fcyordu. 12 Mart darbecilerinin zindanlara att\u0131\u011f\u0131, kur\u015funlad\u0131\u011f\u0131, haks\u0131z yere idam etti\u011fi gen\u00e7lerin itibarlar\u0131 h\u0131zla iade ediliyordu. Onlar\u0131n isimleri umutlu bir t\u00fcrk\u00fc gibi dilden dile dola\u015f\u0131yor, dipten gelen g\u00fc\u00e7l\u00fc [&hellip;]<\/p>\n","protected":false},"author":1,"featured_media":0,"comment_status":"open","ping_status":"open","sticky":false,"template":"","format":"standard","meta":{"footnotes":""},"categories":[137],"tags":[],"class_list":{"0":"post-4654","1":"post","2":"type-post","3":"status-publish","4":"format-standard","6":"category-edebiyat-turkiye"},"yoast_head":"<!-- This site is optimized with the Yoast SEO Premium plugin v24.9 (Yoast SEO v24.9) - https:\/\/yoast.com\/wordpress\/plugins\/seo\/ -->\n<title>Silahlar\u0131n yan\u0131 s\u0131ra kitaplar\u0131 da su\u00e7luymu\u015f gibi her gece televizyon ekranlar\u0131nda te\u015fhir ediyorlard\u0131 | Ahmet \u00dcmit - narteks.net<\/title>\n<meta name=\"robots\" content=\"index, follow, max-snippet:-1, max-image-preview:large, max-video-preview:-1\" \/>\n<link rel=\"canonical\" href=\"https:\/\/narteks.net\/index.php\/2010\/08\/07\/silahlarin-yani-sira-kitaplari-da-sucluymus-gibi-her-gece-televizyon-ekranlarinda-teshir-ediyorlardi-ahmet-umit\/\" \/>\n<meta property=\"og:locale\" content=\"tr_TR\" \/>\n<meta property=\"og:type\" content=\"article\" \/>\n<meta property=\"og:title\" content=\"Silahlar\u0131n yan\u0131 s\u0131ra kitaplar\u0131 da su\u00e7luymu\u015f gibi her gece televizyon ekranlar\u0131nda te\u015fhir ediyorlard\u0131 | Ahmet \u00dcmit\" \/>\n<meta property=\"og:description\" content=\"Yery\u00fcz\u00fcn\u00fc kaplayan a\u00e7l\u0131\u011f\u0131, sava\u015f\u0131 akl\u0131m\u0131za hi\u00e7 getirmeden, \u015fiirlerimizi, romanlar\u0131m\u0131z\u0131 yazmak m\u00fcmk\u00fcn! Ama vicdan\u0131m\u0131z bu m\u00fcmk\u00fcn\u00fcn neresinde yer alacak? Y\u0131l 1974; 12 Mart darbesiyle erke el koyan diktat\u00f6rl\u00fck \u00e7\u00f6z\u00fcl\u00fcyordu. 12 Mart darbecilerinin zindanlara att\u0131\u011f\u0131, kur\u015funlad\u0131\u011f\u0131, haks\u0131z yere idam etti\u011fi gen\u00e7lerin itibarlar\u0131 h\u0131zla iade ediliyordu. Onlar\u0131n isimleri umutlu bir t\u00fcrk\u00fc gibi dilden dile dola\u015f\u0131yor, dipten gelen g\u00fc\u00e7l\u00fc [&hellip;]\" \/>\n<meta property=\"og:url\" content=\"https:\/\/narteks.net\/index.php\/2010\/08\/07\/silahlarin-yani-sira-kitaplari-da-sucluymus-gibi-her-gece-televizyon-ekranlarinda-teshir-ediyorlardi-ahmet-umit\/\" \/>\n<meta property=\"og:site_name\" content=\"narteks.net\" \/>\n<meta property=\"article:published_time\" content=\"2010-08-07T07:29:14+00:00\" \/>\n<meta property=\"og:image\" content=\"http:\/\/www.harikasozler.net\/data\/media\/1867\/www.harikasozler.net_-_Vicdan_azab_eken_bir_insan_yanstan_heykel.jpg\" \/>\n<meta name=\"author\" content=\"Tar\u0131k\" \/>\n<meta name=\"twitter:card\" content=\"summary_large_image\" \/>\n<meta name=\"twitter:creator\" content=\"@narteks\" \/>\n<meta name=\"twitter:site\" content=\"@narteks\" \/>\n<meta name=\"twitter:label1\" content=\"Yazan:\" \/>\n\t<meta name=\"twitter:data1\" content=\"Tar\u0131k\" \/>\n\t<meta name=\"twitter:label2\" content=\"Tahmini okuma s\u00fcresi\" \/>\n\t<meta name=\"twitter:data2\" content=\"9 dakika\" \/>\n<script type=\"application\/ld+json\" class=\"yoast-schema-graph\">{\"@context\":\"https:\/\/schema.org\",\"@graph\":[{\"@type\":\"Article\",\"@id\":\"https:\/\/narteks.net\/index.php\/2010\/08\/07\/silahlarin-yani-sira-kitaplari-da-sucluymus-gibi-her-gece-televizyon-ekranlarinda-teshir-ediyorlardi-ahmet-umit\/#article\",\"isPartOf\":{\"@id\":\"https:\/\/narteks.net\/index.php\/2010\/08\/07\/silahlarin-yani-sira-kitaplari-da-sucluymus-gibi-her-gece-televizyon-ekranlarinda-teshir-ediyorlardi-ahmet-umit\/\"},\"author\":{\"name\":\"Tar\u0131k\",\"@id\":\"https:\/\/narteks.net\/#\/schema\/person\/61f37d9834294b72d31d274e7ed79bca\"},\"headline\":\"Silahlar\u0131n yan\u0131 s\u0131ra kitaplar\u0131 da su\u00e7luymu\u015f gibi her gece televizyon ekranlar\u0131nda te\u015fhir ediyorlard\u0131 | Ahmet \u00dcmit\",\"datePublished\":\"2010-08-07T07:29:14+00:00\",\"mainEntityOfPage\":{\"@id\":\"https:\/\/narteks.net\/index.php\/2010\/08\/07\/silahlarin-yani-sira-kitaplari-da-sucluymus-gibi-her-gece-televizyon-ekranlarinda-teshir-ediyorlardi-ahmet-umit\/\"},\"wordCount\":1847,\"commentCount\":0,\"publisher\":{\"@id\":\"https:\/\/narteks.net\/#organization\"},\"image\":{\"@id\":\"https:\/\/narteks.net\/index.php\/2010\/08\/07\/silahlarin-yani-sira-kitaplari-da-sucluymus-gibi-her-gece-televizyon-ekranlarinda-teshir-ediyorlardi-ahmet-umit\/#primaryimage\"},\"thumbnailUrl\":\"http:\/\/www.harikasozler.net\/data\/media\/1867\/www.harikasozler.net_-_Vicdan_azab_eken_bir_insan_yanstan_heykel.jpg\",\"articleSection\":[\"Edebiyat ( T\u00fcrkiye )\"],\"inLanguage\":\"tr\",\"potentialAction\":[{\"@type\":\"CommentAction\",\"name\":\"Comment\",\"target\":[\"https:\/\/narteks.net\/index.php\/2010\/08\/07\/silahlarin-yani-sira-kitaplari-da-sucluymus-gibi-her-gece-televizyon-ekranlarinda-teshir-ediyorlardi-ahmet-umit\/#respond\"]}]},{\"@type\":\"WebPage\",\"@id\":\"https:\/\/narteks.net\/index.php\/2010\/08\/07\/silahlarin-yani-sira-kitaplari-da-sucluymus-gibi-her-gece-televizyon-ekranlarinda-teshir-ediyorlardi-ahmet-umit\/\",\"url\":\"https:\/\/narteks.net\/index.php\/2010\/08\/07\/silahlarin-yani-sira-kitaplari-da-sucluymus-gibi-her-gece-televizyon-ekranlarinda-teshir-ediyorlardi-ahmet-umit\/\",\"name\":\"Silahlar\u0131n yan\u0131 s\u0131ra kitaplar\u0131 da su\u00e7luymu\u015f gibi her gece televizyon ekranlar\u0131nda te\u015fhir ediyorlard\u0131 | Ahmet \u00dcmit - narteks.net\",\"isPartOf\":{\"@id\":\"https:\/\/narteks.net\/#website\"},\"primaryImageOfPage\":{\"@id\":\"https:\/\/narteks.net\/index.php\/2010\/08\/07\/silahlarin-yani-sira-kitaplari-da-sucluymus-gibi-her-gece-televizyon-ekranlarinda-teshir-ediyorlardi-ahmet-umit\/#primaryimage\"},\"image\":{\"@id\":\"https:\/\/narteks.net\/index.php\/2010\/08\/07\/silahlarin-yani-sira-kitaplari-da-sucluymus-gibi-her-gece-televizyon-ekranlarinda-teshir-ediyorlardi-ahmet-umit\/#primaryimage\"},\"thumbnailUrl\":\"http:\/\/www.harikasozler.net\/data\/media\/1867\/www.harikasozler.net_-_Vicdan_azab_eken_bir_insan_yanstan_heykel.jpg\",\"datePublished\":\"2010-08-07T07:29:14+00:00\",\"breadcrumb\":{\"@id\":\"https:\/\/narteks.net\/index.php\/2010\/08\/07\/silahlarin-yani-sira-kitaplari-da-sucluymus-gibi-her-gece-televizyon-ekranlarinda-teshir-ediyorlardi-ahmet-umit\/#breadcrumb\"},\"inLanguage\":\"tr\",\"potentialAction\":[{\"@type\":\"ReadAction\",\"target\":[\"https:\/\/narteks.net\/index.php\/2010\/08\/07\/silahlarin-yani-sira-kitaplari-da-sucluymus-gibi-her-gece-televizyon-ekranlarinda-teshir-ediyorlardi-ahmet-umit\/\"]}]},{\"@type\":\"ImageObject\",\"inLanguage\":\"tr\",\"@id\":\"https:\/\/narteks.net\/index.php\/2010\/08\/07\/silahlarin-yani-sira-kitaplari-da-sucluymus-gibi-her-gece-televizyon-ekranlarinda-teshir-ediyorlardi-ahmet-umit\/#primaryimage\",\"url\":\"http:\/\/www.harikasozler.net\/data\/media\/1867\/www.harikasozler.net_-_Vicdan_azab_eken_bir_insan_yanstan_heykel.jpg\",\"contentUrl\":\"http:\/\/www.harikasozler.net\/data\/media\/1867\/www.harikasozler.net_-_Vicdan_azab_eken_bir_insan_yanstan_heykel.jpg\"},{\"@type\":\"BreadcrumbList\",\"@id\":\"https:\/\/narteks.net\/index.php\/2010\/08\/07\/silahlarin-yani-sira-kitaplari-da-sucluymus-gibi-her-gece-televizyon-ekranlarinda-teshir-ediyorlardi-ahmet-umit\/#breadcrumb\",\"itemListElement\":[{\"@type\":\"ListItem\",\"position\":1,\"name\":\"Anasayfa\",\"item\":\"https:\/\/narteks.net\/\"},{\"@type\":\"ListItem\",\"position\":2,\"name\":\"Silahlar\u0131n yan\u0131 s\u0131ra kitaplar\u0131 da su\u00e7luymu\u015f gibi her gece televizyon ekranlar\u0131nda te\u015fhir ediyorlard\u0131 | Ahmet \u00dcmit\"}]},{\"@type\":\"WebSite\",\"@id\":\"https:\/\/narteks.net\/#website\",\"url\":\"https:\/\/narteks.net\/\",\"name\":\"narteks.net\",\"description\":\"K\u00fclt\u00fcr Sanat Edebiyat Felsefe\",\"publisher\":{\"@id\":\"https:\/\/narteks.net\/#organization\"},\"alternateName\":\"K\u00fclt\u00fcr Sanat Edebiyat Felsefe\",\"potentialAction\":[{\"@type\":\"SearchAction\",\"target\":{\"@type\":\"EntryPoint\",\"urlTemplate\":\"https:\/\/narteks.net\/?s={search_term_string}\"},\"query-input\":{\"@type\":\"PropertyValueSpecification\",\"valueRequired\":true,\"valueName\":\"search_term_string\"}}],\"inLanguage\":\"tr\"},{\"@type\":\"Organization\",\"@id\":\"https:\/\/narteks.net\/#organization\",\"name\":\"narteks.net\",\"url\":\"https:\/\/narteks.net\/\",\"logo\":{\"@type\":\"ImageObject\",\"inLanguage\":\"tr\",\"@id\":\"https:\/\/narteks.net\/#\/schema\/logo\/image\/\",\"url\":\"https:\/\/narteks.net\/wp-content\/uploads\/narteks.png\",\"contentUrl\":\"https:\/\/narteks.net\/wp-content\/uploads\/narteks.png\",\"width\":300,\"height\":90,\"caption\":\"narteks.net\"},\"image\":{\"@id\":\"https:\/\/narteks.net\/#\/schema\/logo\/image\/\"},\"sameAs\":[\"https:\/\/x.com\/narteks\",\"https:\/\/instagram.com\/narteksnet\"]},{\"@type\":\"Person\",\"@id\":\"https:\/\/narteks.net\/#\/schema\/person\/61f37d9834294b72d31d274e7ed79bca\",\"name\":\"Tar\u0131k\",\"image\":{\"@type\":\"ImageObject\",\"inLanguage\":\"tr\",\"@id\":\"https:\/\/narteks.net\/#\/schema\/person\/image\/\",\"url\":\"https:\/\/secure.gravatar.com\/avatar\/50865afb55632c4ae467e0af0930f6510aa2297d8014be502a55b14f3b7550cf?s=96&d=mm&r=g\",\"contentUrl\":\"https:\/\/secure.gravatar.com\/avatar\/50865afb55632c4ae467e0af0930f6510aa2297d8014be502a55b14f3b7550cf?s=96&d=mm&r=g\",\"caption\":\"Tar\u0131k\"},\"sameAs\":[\"http:\/\/narteks.net\"],\"url\":\"https:\/\/narteks.net\/index.php\/author\/narbak\/\"}]}<\/script>\n<!-- \/ Yoast SEO Premium plugin. -->","yoast_head_json":{"title":"Silahlar\u0131n yan\u0131 s\u0131ra kitaplar\u0131 da su\u00e7luymu\u015f gibi her gece televizyon ekranlar\u0131nda te\u015fhir ediyorlard\u0131 | Ahmet \u00dcmit - narteks.net","robots":{"index":"index","follow":"follow","max-snippet":"max-snippet:-1","max-image-preview":"max-image-preview:large","max-video-preview":"max-video-preview:-1"},"canonical":"https:\/\/narteks.net\/index.php\/2010\/08\/07\/silahlarin-yani-sira-kitaplari-da-sucluymus-gibi-her-gece-televizyon-ekranlarinda-teshir-ediyorlardi-ahmet-umit\/","og_locale":"tr_TR","og_type":"article","og_title":"Silahlar\u0131n yan\u0131 s\u0131ra kitaplar\u0131 da su\u00e7luymu\u015f gibi her gece televizyon ekranlar\u0131nda te\u015fhir ediyorlard\u0131 | Ahmet \u00dcmit","og_description":"Yery\u00fcz\u00fcn\u00fc kaplayan a\u00e7l\u0131\u011f\u0131, sava\u015f\u0131 akl\u0131m\u0131za hi\u00e7 getirmeden, \u015fiirlerimizi, romanlar\u0131m\u0131z\u0131 yazmak m\u00fcmk\u00fcn! Ama vicdan\u0131m\u0131z bu m\u00fcmk\u00fcn\u00fcn neresinde yer alacak? Y\u0131l 1974; 12 Mart darbesiyle erke el koyan diktat\u00f6rl\u00fck \u00e7\u00f6z\u00fcl\u00fcyordu. 12 Mart darbecilerinin zindanlara att\u0131\u011f\u0131, kur\u015funlad\u0131\u011f\u0131, haks\u0131z yere idam etti\u011fi gen\u00e7lerin itibarlar\u0131 h\u0131zla iade ediliyordu. Onlar\u0131n isimleri umutlu bir t\u00fcrk\u00fc gibi dilden dile dola\u015f\u0131yor, dipten gelen g\u00fc\u00e7l\u00fc [&hellip;]","og_url":"https:\/\/narteks.net\/index.php\/2010\/08\/07\/silahlarin-yani-sira-kitaplari-da-sucluymus-gibi-her-gece-televizyon-ekranlarinda-teshir-ediyorlardi-ahmet-umit\/","og_site_name":"narteks.net","article_published_time":"2010-08-07T07:29:14+00:00","og_image":[{"url":"http:\/\/www.harikasozler.net\/data\/media\/1867\/www.harikasozler.net_-_Vicdan_azab_eken_bir_insan_yanstan_heykel.jpg","type":"","width":"","height":""}],"author":"Tar\u0131k","twitter_card":"summary_large_image","twitter_creator":"@narteks","twitter_site":"@narteks","twitter_misc":{"Yazan:":"Tar\u0131k","Tahmini okuma s\u00fcresi":"9 dakika"},"schema":{"@context":"https:\/\/schema.org","@graph":[{"@type":"Article","@id":"https:\/\/narteks.net\/index.php\/2010\/08\/07\/silahlarin-yani-sira-kitaplari-da-sucluymus-gibi-her-gece-televizyon-ekranlarinda-teshir-ediyorlardi-ahmet-umit\/#article","isPartOf":{"@id":"https:\/\/narteks.net\/index.php\/2010\/08\/07\/silahlarin-yani-sira-kitaplari-da-sucluymus-gibi-her-gece-televizyon-ekranlarinda-teshir-ediyorlardi-ahmet-umit\/"},"author":{"name":"Tar\u0131k","@id":"https:\/\/narteks.net\/#\/schema\/person\/61f37d9834294b72d31d274e7ed79bca"},"headline":"Silahlar\u0131n yan\u0131 s\u0131ra kitaplar\u0131 da su\u00e7luymu\u015f gibi her gece televizyon ekranlar\u0131nda te\u015fhir ediyorlard\u0131 | Ahmet \u00dcmit","datePublished":"2010-08-07T07:29:14+00:00","mainEntityOfPage":{"@id":"https:\/\/narteks.net\/index.php\/2010\/08\/07\/silahlarin-yani-sira-kitaplari-da-sucluymus-gibi-her-gece-televizyon-ekranlarinda-teshir-ediyorlardi-ahmet-umit\/"},"wordCount":1847,"commentCount":0,"publisher":{"@id":"https:\/\/narteks.net\/#organization"},"image":{"@id":"https:\/\/narteks.net\/index.php\/2010\/08\/07\/silahlarin-yani-sira-kitaplari-da-sucluymus-gibi-her-gece-televizyon-ekranlarinda-teshir-ediyorlardi-ahmet-umit\/#primaryimage"},"thumbnailUrl":"http:\/\/www.harikasozler.net\/data\/media\/1867\/www.harikasozler.net_-_Vicdan_azab_eken_bir_insan_yanstan_heykel.jpg","articleSection":["Edebiyat ( T\u00fcrkiye )"],"inLanguage":"tr","potentialAction":[{"@type":"CommentAction","name":"Comment","target":["https:\/\/narteks.net\/index.php\/2010\/08\/07\/silahlarin-yani-sira-kitaplari-da-sucluymus-gibi-her-gece-televizyon-ekranlarinda-teshir-ediyorlardi-ahmet-umit\/#respond"]}]},{"@type":"WebPage","@id":"https:\/\/narteks.net\/index.php\/2010\/08\/07\/silahlarin-yani-sira-kitaplari-da-sucluymus-gibi-her-gece-televizyon-ekranlarinda-teshir-ediyorlardi-ahmet-umit\/","url":"https:\/\/narteks.net\/index.php\/2010\/08\/07\/silahlarin-yani-sira-kitaplari-da-sucluymus-gibi-her-gece-televizyon-ekranlarinda-teshir-ediyorlardi-ahmet-umit\/","name":"Silahlar\u0131n yan\u0131 s\u0131ra kitaplar\u0131 da su\u00e7luymu\u015f gibi her gece televizyon ekranlar\u0131nda te\u015fhir ediyorlard\u0131 | Ahmet \u00dcmit - narteks.net","isPartOf":{"@id":"https:\/\/narteks.net\/#website"},"primaryImageOfPage":{"@id":"https:\/\/narteks.net\/index.php\/2010\/08\/07\/silahlarin-yani-sira-kitaplari-da-sucluymus-gibi-her-gece-televizyon-ekranlarinda-teshir-ediyorlardi-ahmet-umit\/#primaryimage"},"image":{"@id":"https:\/\/narteks.net\/index.php\/2010\/08\/07\/silahlarin-yani-sira-kitaplari-da-sucluymus-gibi-her-gece-televizyon-ekranlarinda-teshir-ediyorlardi-ahmet-umit\/#primaryimage"},"thumbnailUrl":"http:\/\/www.harikasozler.net\/data\/media\/1867\/www.harikasozler.net_-_Vicdan_azab_eken_bir_insan_yanstan_heykel.jpg","datePublished":"2010-08-07T07:29:14+00:00","breadcrumb":{"@id":"https:\/\/narteks.net\/index.php\/2010\/08\/07\/silahlarin-yani-sira-kitaplari-da-sucluymus-gibi-her-gece-televizyon-ekranlarinda-teshir-ediyorlardi-ahmet-umit\/#breadcrumb"},"inLanguage":"tr","potentialAction":[{"@type":"ReadAction","target":["https:\/\/narteks.net\/index.php\/2010\/08\/07\/silahlarin-yani-sira-kitaplari-da-sucluymus-gibi-her-gece-televizyon-ekranlarinda-teshir-ediyorlardi-ahmet-umit\/"]}]},{"@type":"ImageObject","inLanguage":"tr","@id":"https:\/\/narteks.net\/index.php\/2010\/08\/07\/silahlarin-yani-sira-kitaplari-da-sucluymus-gibi-her-gece-televizyon-ekranlarinda-teshir-ediyorlardi-ahmet-umit\/#primaryimage","url":"http:\/\/www.harikasozler.net\/data\/media\/1867\/www.harikasozler.net_-_Vicdan_azab_eken_bir_insan_yanstan_heykel.jpg","contentUrl":"http:\/\/www.harikasozler.net\/data\/media\/1867\/www.harikasozler.net_-_Vicdan_azab_eken_bir_insan_yanstan_heykel.jpg"},{"@type":"BreadcrumbList","@id":"https:\/\/narteks.net\/index.php\/2010\/08\/07\/silahlarin-yani-sira-kitaplari-da-sucluymus-gibi-her-gece-televizyon-ekranlarinda-teshir-ediyorlardi-ahmet-umit\/#breadcrumb","itemListElement":[{"@type":"ListItem","position":1,"name":"Anasayfa","item":"https:\/\/narteks.net\/"},{"@type":"ListItem","position":2,"name":"Silahlar\u0131n yan\u0131 s\u0131ra kitaplar\u0131 da su\u00e7luymu\u015f gibi her gece televizyon ekranlar\u0131nda te\u015fhir ediyorlard\u0131 | Ahmet \u00dcmit"}]},{"@type":"WebSite","@id":"https:\/\/narteks.net\/#website","url":"https:\/\/narteks.net\/","name":"narteks.net","description":"K\u00fclt\u00fcr Sanat Edebiyat Felsefe","publisher":{"@id":"https:\/\/narteks.net\/#organization"},"alternateName":"K\u00fclt\u00fcr Sanat Edebiyat Felsefe","potentialAction":[{"@type":"SearchAction","target":{"@type":"EntryPoint","urlTemplate":"https:\/\/narteks.net\/?s={search_term_string}"},"query-input":{"@type":"PropertyValueSpecification","valueRequired":true,"valueName":"search_term_string"}}],"inLanguage":"tr"},{"@type":"Organization","@id":"https:\/\/narteks.net\/#organization","name":"narteks.net","url":"https:\/\/narteks.net\/","logo":{"@type":"ImageObject","inLanguage":"tr","@id":"https:\/\/narteks.net\/#\/schema\/logo\/image\/","url":"https:\/\/narteks.net\/wp-content\/uploads\/narteks.png","contentUrl":"https:\/\/narteks.net\/wp-content\/uploads\/narteks.png","width":300,"height":90,"caption":"narteks.net"},"image":{"@id":"https:\/\/narteks.net\/#\/schema\/logo\/image\/"},"sameAs":["https:\/\/x.com\/narteks","https:\/\/instagram.com\/narteksnet"]},{"@type":"Person","@id":"https:\/\/narteks.net\/#\/schema\/person\/61f37d9834294b72d31d274e7ed79bca","name":"Tar\u0131k","image":{"@type":"ImageObject","inLanguage":"tr","@id":"https:\/\/narteks.net\/#\/schema\/person\/image\/","url":"https:\/\/secure.gravatar.com\/avatar\/50865afb55632c4ae467e0af0930f6510aa2297d8014be502a55b14f3b7550cf?s=96&d=mm&r=g","contentUrl":"https:\/\/secure.gravatar.com\/avatar\/50865afb55632c4ae467e0af0930f6510aa2297d8014be502a55b14f3b7550cf?s=96&d=mm&r=g","caption":"Tar\u0131k"},"sameAs":["http:\/\/narteks.net"],"url":"https:\/\/narteks.net\/index.php\/author\/narbak\/"}]}},"_links":{"self":[{"href":"https:\/\/narteks.net\/index.php\/wp-json\/wp\/v2\/posts\/4654","targetHints":{"allow":["GET"]}}],"collection":[{"href":"https:\/\/narteks.net\/index.php\/wp-json\/wp\/v2\/posts"}],"about":[{"href":"https:\/\/narteks.net\/index.php\/wp-json\/wp\/v2\/types\/post"}],"author":[{"embeddable":true,"href":"https:\/\/narteks.net\/index.php\/wp-json\/wp\/v2\/users\/1"}],"replies":[{"embeddable":true,"href":"https:\/\/narteks.net\/index.php\/wp-json\/wp\/v2\/comments?post=4654"}],"version-history":[{"count":0,"href":"https:\/\/narteks.net\/index.php\/wp-json\/wp\/v2\/posts\/4654\/revisions"}],"wp:attachment":[{"href":"https:\/\/narteks.net\/index.php\/wp-json\/wp\/v2\/media?parent=4654"}],"wp:term":[{"taxonomy":"category","embeddable":true,"href":"https:\/\/narteks.net\/index.php\/wp-json\/wp\/v2\/categories?post=4654"},{"taxonomy":"post_tag","embeddable":true,"href":"https:\/\/narteks.net\/index.php\/wp-json\/wp\/v2\/tags?post=4654"}],"curies":[{"name":"wp","href":"https:\/\/api.w.org\/{rel}","templated":true}]}}