{"id":4657,"date":"2010-08-11T11:14:43","date_gmt":"2010-08-11T08:14:43","guid":{"rendered":"http:\/\/localhost\/wordpress\/2010\/08\/11\/olum-beni-cagiriyor-yilmaz-guney\/"},"modified":"2010-08-11T11:14:43","modified_gmt":"2010-08-11T08:14:43","slug":"olum-beni-cagiriyor-yilmaz-guney","status":"publish","type":"post","link":"https:\/\/narteks.net\/index.php\/2010\/08\/11\/olum-beni-cagiriyor-yilmaz-guney\/","title":{"rendered":"\u00d6l\u00fcm Beni \u00c7a\u011f\u0131r\u0131yor | Y\u0131lmaz G\u00fcney"},"content":{"rendered":"<p style=\"text-align: justify;\"><img loading=\"lazy\" decoding=\"async\" src=\"http:\/\/www.unlulerkervani.com\/data\/media\/315\/yilmaz_guney_2.gif\" border=\"0\" width=\"155\" height=\"205\" style=\"float: left;\" \/>Beni niye \u00f6ld\u00fcrd\u00fcn G.<br \/>Seni sevmek i\u00e7in<br \/>Ya\u015famak istiyorum&#8230;<\/p>\n<p>\u00c7oktand\u0131r \u00f6zledi\u011fim yan\u0131k saman kokulu bu toprak \u00fczerinde dal\u0131p kalm\u0131\u015f\u0131m.<\/p>\n<p>Uyuyor muyum; yoksa r\u00fcya m\u0131 g\u00f6r\u00fcyorum. Bilmiyorum.. Serin bir g\u00f6lge. Kafamda 12 tonluk Bussinglerin korkun\u00e7 g\u00fcr\u00fclt\u00fcs\u00fc. Bir \u015feyler d\u00fc\u015f\u00fcnmek istiyorum. \u0130ki \u015feyi biraraya getiremiyorum bir t\u00fcrl\u00fc.<\/p>\n<p>D\u00fc\u015f\u00fcncelerim hep u\u00e7uyor. Biri daha u\u00e7tu. Yapraklar\u0131 d\u00f6k\u00fclm\u00fc\u015f kuru bir dala tak\u0131ld\u0131 kald\u0131. A\u011fac\u0131 sallad\u0131m, sallad\u0131m. D\u00fc\u015f\u00fcremedim. Sonra, d\u00fc\u015f\u00fcn\u00fcm testi olup d\u00fc\u015f\u00fcverdi. K\u0131r\u0131ld\u0131.<\/p>\n<p>\u0130\u00e7inden bir k\u0131z \u00e7\u0131kt\u0131. K\u0131z\u0131l m\u0131s\u0131r p\u00fcsk\u00fcl\u00fc gibi parlak, yumu\u015fak sa\u00e7lar\u0131 vard\u0131. G\u00f6zlerim mavi mi, yoksa ye\u015fil mi? G\u00f6z\u00fcn\u00fcn rengini bir t\u00fcrl\u00fc bulam\u0131yorum. K\u0131z\u0131n sa\u00e7lar\u0131 \u0131slanm\u0131\u015f. G\u00f6zya\u015flar\u0131mdand\u0131r, diyorum. Aya\u011fa kalkt\u0131. &#8220;Benden ne istiyorsun?&#8221; dedi. G\u00fclmeye \u00e7al\u0131\u015ft\u0131m. Dudaklar\u0131m\u0131 oynatmak istedim. Dudaklar\u0131m donmu\u015f.<\/p>\n<p>Kulaklar\u0131m oynuyor. Burnuma bir sinek kondu. Sonra, burnumdan i\u00e7eri girdi. G\u0131d\u0131kland\u0131m. D\u00fc\u015f\u00fcn\u00fcmdeki k\u0131z, &#8220;Beni b\u0131rak gideyim&#8221; dedi. &#8220;Yar\u0131n say\u0131m var.&#8221;<\/p>\n<p>K\u0131z\u0131n rengini bilmedi\u011fim g\u00f6zlerine bakt\u0131m. &#8220;Git&#8221; dedim. &#8220;Git. Elini kolunu tutan yok ya.&#8221; k\u0131z gitti. Arkas\u0131ndan bakt\u0131m. K\u0131z\u0131n ne g\u00fczel sa\u00e7lar\u0131 vard\u0131.<\/p>\n<p>Sonra, tesitinin, her biri bir tarafa gitmi\u015f par\u00e7alar\u0131na bak\u0131yorum. K\u0131r\u0131k par\u00e7alar\u0131 toplay\u0131p eski haline sokmak istiyorum. Koca bir par\u00e7a eksik. Yerini dolduracak \u015fey bulam\u0131yorum..<\/p>\n<p>Karmakar\u0131\u015f\u0131k sesler duyuyorum. Biri, g\u00f6\u011fs\u00fcn\u00fc g\u00f6stererek: &#8220;Burdan girmi\u015f, burdan \u00e7\u0131km\u0131\u015f,&#8221; diyor. Ne bu girip \u00e7\u0131kan? Memlekette trafik yok mu?<br \/>Bilmiyorum. Ba\u015fka biri: &#8220;Ci\u011ferlerini par\u00e7a par\u00e7a etmi\u015f,&#8221; dedi. Bir u\u011fultu duydum. Biri kula\u011f\u0131m\u0131 kesiyordu.. Kulaklar\u0131m\u0131 ald\u0131, cebine koydu. &#8220;Hat\u0131ra!&#8221; dedi. Herif, tam da se\u00e7ti hat\u0131ra olacak \u015feyi. Ondan, ne duyarsa gelip bana s\u00f6yler.. Ba\u015fka biri sa\u00e7lar\u0131ma bakt\u0131: &#8220;Sa\u00e7lar\u0131 da esasl\u0131,&#8221; dedi. Ya herif k\u0131z\u0131lderiliyse. \u0130lk i\u015fi sa\u00e7lar\u0131m\u0131 k\u00f6k\u00fcnden s\u00f6k\u00fcp \u00e7ad\u0131r\u0131na asmak olacak. Ya bir \u00e7ingene \u00e7\u0131kar da: &#8220;Derisini de ben alacam, iyi davul olur,&#8221; derse. Kalkmak istiyorum. Yere kaz\u0131klam\u0131\u015flar sanki. Beyaz boyal\u0131 bir otomobil geldi. \u00dczerinde bir \u015feyler yaz\u0131l\u0131. Yaz\u0131lar\u0131 okumak istiyorum. Okuyam\u0131yorum. Okumay\u0131 unutmu\u015fum.<\/p>\n<p>Oysa ki ben liseyi, lise de beni bitirdi. \u00dcst\u00fcmdeki kaz\u0131klar\u0131 \u00e7\u0131kar\u0131p beyaz boyal\u0131 otomobile bindirdiler.. Bir v\u0131nlama ortal\u0131\u011f\u0131 birbirine katt\u0131. Bana ne olmu\u015ftu da bu otomobile bindirdiler. Bilmiyorum.<\/p>\n<p>Penceresi, kap\u0131s\u0131, tavan\u0131 oldu\u011funa g\u00f6re buras\u0131 oda. Burada d\u00fc\u015f\u00fcn\u00fclerimden ba\u015fka her\u015fey beyaz. Bir de, \u015fu k\u0131z\u0131n g\u00f6zleri beyaz de\u011fil. A\u011fz\u0131ma bir \u015fey soktular. Ne soktuklar\u0131n\u0131 bilmiyorum. Salt biri &#8220;Yuttu be..&#8221; dedi. G\u00f6zlerimi tavana diktim. Bir \u0131\u015f\u0131k yand\u0131. Ortal\u0131k sar\u0131 bir \u0131\u015f\u0131\u011fa bo\u011fuldu. Bak\u0131\u015flar\u0131m tavan\u0131 deldi. T\u00e2.. g\u00f6ky\u00fcz\u00fcnde bir y\u0131ld\u0131za \u00e7arpt\u0131. Y\u0131ld\u0131z kayd\u0131. Arkas\u0131ndan hi\u00e7bir iz b\u0131rakmad\u0131. \u00d6b\u00fcrleri yine \u0131\u015f\u0131l \u0131\u015f\u0131l..<\/p>\n<p>Tam y\u0131ld\u0131z\u0131n alt\u0131ndaki k\u00f6yde, bir erkek, bir kad\u0131na: &#8220;Bak Ha\u00e7\u00e7a&#8221; dedi.<\/p>\n<p>&#8220;Y\u0131ld\u0131zgayd\u0131.&#8221; Ha\u00e7\u00e7a, kayan y\u0131ld\u0131za bakt\u0131. Kafas\u0131n\u0131 sallad\u0131. &#8220;Biri \u00f6ld\u00fc desene,&#8221; dedi.<\/p>\n<p>Kayan y\u0131ld\u0131z benmi\u015fim.. \u0130nsan\u0131n kendi y\u0131ld\u0131z\u0131n\u0131 bilmesi ne iyi \u015fey.. Teliim ona bakar. G\u00fcn\u00fcn birinde y\u0131ld\u0131z\u0131 kayarsa: &#8220;Vay can\u0131na, ben \u00f6ld\u00fcm,&#8221; der ve d\u00fc\u015fer \u00f6l\u00fcr.. Y\u0131ld\u0131z\u0131m, bulundu\u011fum yerin dam\u0131na d\u00fc\u015ft\u00fc.<\/p>\n<p>Birden kap\u0131 a\u00e7\u0131ld\u0131. \u0130\u00e7eri anam girdi. \u00dczerime aband\u0131. A\u011flad\u0131, a\u011flad\u0131&#8230;<\/p>\n<p>&#8220;Yavrum&#8221; dedi. &#8220;Yavrum,&#8221; ba\u015fka demedi, bay\u0131ld\u0131. Bana ne oldu. G\u00f6zl\u00fckl\u00fc biri, g\u00f6zlerimi kapad\u0131.<\/p>\n<p>Aradan ne kadar zaman ge\u00e7ti bilmiyorum. Beyazlara sarm\u0131\u015flard\u0131 beni. Sonra bir sand\u0131\u011fa koydular. Sand\u0131\u011f\u0131 iyice kapad\u0131lar.<\/p>\n<p>G\u00fcld\u00fcm. &#8220;Korkma, ka\u00e7mam,&#8221; dedim. Biraz sonra siyah bir otomobile bindirdiler. \u0130\u015fler, amma da ters gidiyor ha. Daha demin miydi neydi, beyaza bindik, \u015fimdi siyaha.. Olur mu bu? Hem ben Fenerbah\u00e7eliyim. Oysa ki \u015fimdi Be\u015fikta\u015fl\u0131 oldum. Buna d\u00fcped\u00fcz din de\u011fi\u015ftirmek denir..<\/p>\n<p>Bir m\u00fcddet gittik. Sonra durduk. Kap\u0131 a\u00e7\u0131ld\u0131. Hop deyip, ald\u0131lar sand\u0131\u011f\u0131. G\u00f6zleri ya\u015fl\u0131 bir s\u00fcr\u00fc insan aras\u0131ndan ge\u00e7irdiler. Evvelce kaz\u0131lm\u0131\u015f bir kuyuya att\u0131lar. \u00dczerime toprak atmaya ba\u015flad\u0131lar. Nas\u0131l da bilirler topra\u011f\u0131 sevdi\u011fimi.. Yo.. yo.. bu kadar\u0131 \u00e7ok. Sonra nefes al\u0131rken zorluk \u00e7ekerim..<\/p>\n<p>S\u00f6ylediklerimi duymad\u0131lar. Ellerini havaya kald\u0131r\u0131p bir \u015feyler m\u0131r\u0131ldand\u0131lar.<\/p>\n<p>Ya\u011fmur i\u00e7in dua ediyorlar diye d\u00fc\u015f\u00fcnd\u00fcm. Sonra \u00e7ekip gittiler. Hey.. nereye gidiyorsunuz? Sa\u011f\u0131r m\u0131s\u0131n\u0131z? S\u00f6ylediklerimi duymuyor musunuz? Ya.. ben size demedim mi, nefes al\u0131rken zorluk \u00e7ekerim diye.. Arkalar\u0131ndan ba\u011f\u0131rd\u0131m, \u00e7a\u011f\u0131rd\u0131m, duyuramad\u0131m. Kalk\u0131p arkalar\u0131ndan ko\u015fmak i\u00e7in davrand\u0131m.. Kafam sert bir \u015feye \u00e7arpt\u0131. &#8220;Ha..&#8221; dedim. &#8220;Demek ben \u00f6lm\u00fc\u015ft\u00fcm.&#8221; Buran\u0131n ne penceresi, ne de dikiz ge\u00e7ilecek bir yeri var. Ya\u015fad\u0131\u011f\u0131m yerler bamba\u015fkayd\u0131. Biri geldi<br \/>yan\u0131ma. &#8220;Ho\u015f geldin&#8221; dedi. &#8220;Biraz sonra giri\u015f muamelen yap\u0131lacak.&#8221; Bu arada ba\u015f ucunda bir k\u0131z belirdi. G\u00f6zleri a\u011flamaktan \u015fi\u015fmi\u015fti. Hala da a\u011fl\u0131yordu ya.. K\u0131z\u0131n ya\u015f dolu g\u00f6zlerine bakt\u0131m. &#8220;A\u011flama art\u0131k&#8221; dedim. &#8220;Bilirsin,<br \/>a\u011flayanlar\u0131 hi\u00e7 sevmem. Hem a\u011flanacak ne var ki bunda. \u00d6l\u00fcm i\u015fte.. A\u011flasan geri gelecek de\u011filim ki. Zaten gelmek istesem bile, buradan b\u0131rakmazlar. Giri\u015f muamelem yap\u0131l\u0131yormu\u015f. Sen de git. Sevdi\u011fim b\u00fct\u00fcn insanlar\u0131n yapt\u0131\u011f\u0131 gibi, sen de git \u00d6l\u00fcler sevilmez art\u0131k. \u00d6lenlerin arkas\u0131ndan salt s\u00f6ylenir. Benim s\u00f6ylenenecek bir \u015feyim yok ki.. Neyse uzatma da git. Beni yaln\u0131z b\u0131rak..<\/p>\n<p>Senden bir ricam var. G\u00f6zlerim G.&#8217;de kald\u0131. Ona s\u00f6yle g\u00f6zlerimi g\u00f6ndersin.<\/p>\n<p>Hadi git..&#8221;<\/p>\n<p>Y\u0131lmaz G\u00fcney<\/p>\n","protected":false},"excerpt":{"rendered":"<p>Beni niye \u00f6ld\u00fcrd\u00fcn G.Seni sevmek i\u00e7inYa\u015famak istiyorum&#8230; \u00c7oktand\u0131r \u00f6zledi\u011fim yan\u0131k saman kokulu bu toprak \u00fczerinde dal\u0131p kalm\u0131\u015f\u0131m. Uyuyor muyum; yoksa r\u00fcya m\u0131 g\u00f6r\u00fcyorum. Bilmiyorum.. Serin bir g\u00f6lge. Kafamda 12 tonluk Bussinglerin korkun\u00e7 g\u00fcr\u00fclt\u00fcs\u00fc. Bir \u015feyler d\u00fc\u015f\u00fcnmek istiyorum. \u0130ki \u015feyi biraraya getiremiyorum bir t\u00fcrl\u00fc. D\u00fc\u015f\u00fcncelerim hep u\u00e7uyor. Biri daha u\u00e7tu. Yapraklar\u0131 d\u00f6k\u00fclm\u00fc\u015f kuru bir dala tak\u0131ld\u0131 [&hellip;]<\/p>\n","protected":false},"author":1,"featured_media":0,"comment_status":"open","ping_status":"open","sticky":false,"template":"","format":"standard","meta":{"footnotes":""},"categories":[112],"tags":[],"class_list":{"0":"post-4657","1":"post","2":"type-post","3":"status-publish","4":"format-standard","6":"category-yedinci-sanat"},"yoast_head":"<!-- This site is optimized with the Yoast SEO Premium plugin v24.9 (Yoast SEO v24.9) - https:\/\/yoast.com\/wordpress\/plugins\/seo\/ -->\n<title>\u00d6l\u00fcm Beni \u00c7a\u011f\u0131r\u0131yor | Y\u0131lmaz G\u00fcney - narteks.net<\/title>\n<meta name=\"robots\" content=\"index, follow, max-snippet:-1, max-image-preview:large, max-video-preview:-1\" \/>\n<link rel=\"canonical\" href=\"https:\/\/narteks.net\/index.php\/2010\/08\/11\/olum-beni-cagiriyor-yilmaz-guney\/\" \/>\n<meta property=\"og:locale\" content=\"tr_TR\" \/>\n<meta property=\"og:type\" content=\"article\" \/>\n<meta property=\"og:title\" content=\"\u00d6l\u00fcm Beni \u00c7a\u011f\u0131r\u0131yor | Y\u0131lmaz G\u00fcney\" \/>\n<meta property=\"og:description\" content=\"Beni niye \u00f6ld\u00fcrd\u00fcn G.Seni sevmek i\u00e7inYa\u015famak istiyorum&#8230; \u00c7oktand\u0131r \u00f6zledi\u011fim yan\u0131k saman kokulu bu toprak \u00fczerinde dal\u0131p kalm\u0131\u015f\u0131m. Uyuyor muyum; yoksa r\u00fcya m\u0131 g\u00f6r\u00fcyorum. Bilmiyorum.. Serin bir g\u00f6lge. Kafamda 12 tonluk Bussinglerin korkun\u00e7 g\u00fcr\u00fclt\u00fcs\u00fc. Bir \u015feyler d\u00fc\u015f\u00fcnmek istiyorum. \u0130ki \u015feyi biraraya getiremiyorum bir t\u00fcrl\u00fc. D\u00fc\u015f\u00fcncelerim hep u\u00e7uyor. Biri daha u\u00e7tu. Yapraklar\u0131 d\u00f6k\u00fclm\u00fc\u015f kuru bir dala tak\u0131ld\u0131 [&hellip;]\" \/>\n<meta property=\"og:url\" content=\"https:\/\/narteks.net\/index.php\/2010\/08\/11\/olum-beni-cagiriyor-yilmaz-guney\/\" \/>\n<meta property=\"og:site_name\" content=\"narteks.net\" \/>\n<meta property=\"article:published_time\" content=\"2010-08-11T08:14:43+00:00\" \/>\n<meta property=\"og:image\" content=\"http:\/\/www.unlulerkervani.com\/data\/media\/315\/yilmaz_guney_2.gif\" \/>\n<meta name=\"author\" content=\"Tar\u0131k\" \/>\n<meta name=\"twitter:card\" content=\"summary_large_image\" \/>\n<meta name=\"twitter:creator\" content=\"@narteks\" \/>\n<meta name=\"twitter:site\" content=\"@narteks\" \/>\n<meta name=\"twitter:label1\" content=\"Yazan:\" \/>\n\t<meta name=\"twitter:data1\" content=\"Tar\u0131k\" \/>\n\t<meta name=\"twitter:label2\" content=\"Tahmini okuma s\u00fcresi\" \/>\n\t<meta name=\"twitter:data2\" content=\"5 dakika\" \/>\n<script type=\"application\/ld+json\" class=\"yoast-schema-graph\">{\"@context\":\"https:\/\/schema.org\",\"@graph\":[{\"@type\":\"Article\",\"@id\":\"https:\/\/narteks.net\/index.php\/2010\/08\/11\/olum-beni-cagiriyor-yilmaz-guney\/#article\",\"isPartOf\":{\"@id\":\"https:\/\/narteks.net\/index.php\/2010\/08\/11\/olum-beni-cagiriyor-yilmaz-guney\/\"},\"author\":{\"name\":\"Tar\u0131k\",\"@id\":\"https:\/\/narteks.net\/#\/schema\/person\/61f37d9834294b72d31d274e7ed79bca\"},\"headline\":\"\u00d6l\u00fcm Beni \u00c7a\u011f\u0131r\u0131yor | Y\u0131lmaz G\u00fcney\",\"datePublished\":\"2010-08-11T08:14:43+00:00\",\"mainEntityOfPage\":{\"@id\":\"https:\/\/narteks.net\/index.php\/2010\/08\/11\/olum-beni-cagiriyor-yilmaz-guney\/\"},\"wordCount\":1032,\"commentCount\":0,\"publisher\":{\"@id\":\"https:\/\/narteks.net\/#organization\"},\"image\":{\"@id\":\"https:\/\/narteks.net\/index.php\/2010\/08\/11\/olum-beni-cagiriyor-yilmaz-guney\/#primaryimage\"},\"thumbnailUrl\":\"http:\/\/www.unlulerkervani.com\/data\/media\/315\/yilmaz_guney_2.gif\",\"articleSection\":[\"Yedinci Sanat\"],\"inLanguage\":\"tr\",\"potentialAction\":[{\"@type\":\"CommentAction\",\"name\":\"Comment\",\"target\":[\"https:\/\/narteks.net\/index.php\/2010\/08\/11\/olum-beni-cagiriyor-yilmaz-guney\/#respond\"]}]},{\"@type\":\"WebPage\",\"@id\":\"https:\/\/narteks.net\/index.php\/2010\/08\/11\/olum-beni-cagiriyor-yilmaz-guney\/\",\"url\":\"https:\/\/narteks.net\/index.php\/2010\/08\/11\/olum-beni-cagiriyor-yilmaz-guney\/\",\"name\":\"\u00d6l\u00fcm Beni \u00c7a\u011f\u0131r\u0131yor | Y\u0131lmaz G\u00fcney - narteks.net\",\"isPartOf\":{\"@id\":\"https:\/\/narteks.net\/#website\"},\"primaryImageOfPage\":{\"@id\":\"https:\/\/narteks.net\/index.php\/2010\/08\/11\/olum-beni-cagiriyor-yilmaz-guney\/#primaryimage\"},\"image\":{\"@id\":\"https:\/\/narteks.net\/index.php\/2010\/08\/11\/olum-beni-cagiriyor-yilmaz-guney\/#primaryimage\"},\"thumbnailUrl\":\"http:\/\/www.unlulerkervani.com\/data\/media\/315\/yilmaz_guney_2.gif\",\"datePublished\":\"2010-08-11T08:14:43+00:00\",\"breadcrumb\":{\"@id\":\"https:\/\/narteks.net\/index.php\/2010\/08\/11\/olum-beni-cagiriyor-yilmaz-guney\/#breadcrumb\"},\"inLanguage\":\"tr\",\"potentialAction\":[{\"@type\":\"ReadAction\",\"target\":[\"https:\/\/narteks.net\/index.php\/2010\/08\/11\/olum-beni-cagiriyor-yilmaz-guney\/\"]}]},{\"@type\":\"ImageObject\",\"inLanguage\":\"tr\",\"@id\":\"https:\/\/narteks.net\/index.php\/2010\/08\/11\/olum-beni-cagiriyor-yilmaz-guney\/#primaryimage\",\"url\":\"http:\/\/www.unlulerkervani.com\/data\/media\/315\/yilmaz_guney_2.gif\",\"contentUrl\":\"http:\/\/www.unlulerkervani.com\/data\/media\/315\/yilmaz_guney_2.gif\"},{\"@type\":\"BreadcrumbList\",\"@id\":\"https:\/\/narteks.net\/index.php\/2010\/08\/11\/olum-beni-cagiriyor-yilmaz-guney\/#breadcrumb\",\"itemListElement\":[{\"@type\":\"ListItem\",\"position\":1,\"name\":\"Anasayfa\",\"item\":\"https:\/\/narteks.net\/\"},{\"@type\":\"ListItem\",\"position\":2,\"name\":\"\u00d6l\u00fcm Beni \u00c7a\u011f\u0131r\u0131yor | Y\u0131lmaz G\u00fcney\"}]},{\"@type\":\"WebSite\",\"@id\":\"https:\/\/narteks.net\/#website\",\"url\":\"https:\/\/narteks.net\/\",\"name\":\"narteks.net\",\"description\":\"K\u00fclt\u00fcr Sanat Edebiyat Felsefe\",\"publisher\":{\"@id\":\"https:\/\/narteks.net\/#organization\"},\"alternateName\":\"K\u00fclt\u00fcr Sanat Edebiyat Felsefe\",\"potentialAction\":[{\"@type\":\"SearchAction\",\"target\":{\"@type\":\"EntryPoint\",\"urlTemplate\":\"https:\/\/narteks.net\/?s={search_term_string}\"},\"query-input\":{\"@type\":\"PropertyValueSpecification\",\"valueRequired\":true,\"valueName\":\"search_term_string\"}}],\"inLanguage\":\"tr\"},{\"@type\":\"Organization\",\"@id\":\"https:\/\/narteks.net\/#organization\",\"name\":\"narteks.net\",\"url\":\"https:\/\/narteks.net\/\",\"logo\":{\"@type\":\"ImageObject\",\"inLanguage\":\"tr\",\"@id\":\"https:\/\/narteks.net\/#\/schema\/logo\/image\/\",\"url\":\"https:\/\/narteks.net\/wp-content\/uploads\/narteks.png\",\"contentUrl\":\"https:\/\/narteks.net\/wp-content\/uploads\/narteks.png\",\"width\":300,\"height\":90,\"caption\":\"narteks.net\"},\"image\":{\"@id\":\"https:\/\/narteks.net\/#\/schema\/logo\/image\/\"},\"sameAs\":[\"https:\/\/x.com\/narteks\",\"https:\/\/instagram.com\/narteksnet\"]},{\"@type\":\"Person\",\"@id\":\"https:\/\/narteks.net\/#\/schema\/person\/61f37d9834294b72d31d274e7ed79bca\",\"name\":\"Tar\u0131k\",\"image\":{\"@type\":\"ImageObject\",\"inLanguage\":\"tr\",\"@id\":\"https:\/\/narteks.net\/#\/schema\/person\/image\/\",\"url\":\"https:\/\/secure.gravatar.com\/avatar\/50865afb55632c4ae467e0af0930f6510aa2297d8014be502a55b14f3b7550cf?s=96&d=mm&r=g\",\"contentUrl\":\"https:\/\/secure.gravatar.com\/avatar\/50865afb55632c4ae467e0af0930f6510aa2297d8014be502a55b14f3b7550cf?s=96&d=mm&r=g\",\"caption\":\"Tar\u0131k\"},\"sameAs\":[\"http:\/\/narteks.net\"],\"url\":\"https:\/\/narteks.net\/index.php\/author\/narbak\/\"}]}<\/script>\n<!-- \/ Yoast SEO Premium plugin. -->","yoast_head_json":{"title":"\u00d6l\u00fcm Beni \u00c7a\u011f\u0131r\u0131yor | Y\u0131lmaz G\u00fcney - narteks.net","robots":{"index":"index","follow":"follow","max-snippet":"max-snippet:-1","max-image-preview":"max-image-preview:large","max-video-preview":"max-video-preview:-1"},"canonical":"https:\/\/narteks.net\/index.php\/2010\/08\/11\/olum-beni-cagiriyor-yilmaz-guney\/","og_locale":"tr_TR","og_type":"article","og_title":"\u00d6l\u00fcm Beni \u00c7a\u011f\u0131r\u0131yor | Y\u0131lmaz G\u00fcney","og_description":"Beni niye \u00f6ld\u00fcrd\u00fcn G.Seni sevmek i\u00e7inYa\u015famak istiyorum&#8230; \u00c7oktand\u0131r \u00f6zledi\u011fim yan\u0131k saman kokulu bu toprak \u00fczerinde dal\u0131p kalm\u0131\u015f\u0131m. Uyuyor muyum; yoksa r\u00fcya m\u0131 g\u00f6r\u00fcyorum. Bilmiyorum.. Serin bir g\u00f6lge. Kafamda 12 tonluk Bussinglerin korkun\u00e7 g\u00fcr\u00fclt\u00fcs\u00fc. Bir \u015feyler d\u00fc\u015f\u00fcnmek istiyorum. \u0130ki \u015feyi biraraya getiremiyorum bir t\u00fcrl\u00fc. D\u00fc\u015f\u00fcncelerim hep u\u00e7uyor. Biri daha u\u00e7tu. Yapraklar\u0131 d\u00f6k\u00fclm\u00fc\u015f kuru bir dala tak\u0131ld\u0131 [&hellip;]","og_url":"https:\/\/narteks.net\/index.php\/2010\/08\/11\/olum-beni-cagiriyor-yilmaz-guney\/","og_site_name":"narteks.net","article_published_time":"2010-08-11T08:14:43+00:00","og_image":[{"url":"http:\/\/www.unlulerkervani.com\/data\/media\/315\/yilmaz_guney_2.gif","type":"","width":"","height":""}],"author":"Tar\u0131k","twitter_card":"summary_large_image","twitter_creator":"@narteks","twitter_site":"@narteks","twitter_misc":{"Yazan:":"Tar\u0131k","Tahmini okuma s\u00fcresi":"5 dakika"},"schema":{"@context":"https:\/\/schema.org","@graph":[{"@type":"Article","@id":"https:\/\/narteks.net\/index.php\/2010\/08\/11\/olum-beni-cagiriyor-yilmaz-guney\/#article","isPartOf":{"@id":"https:\/\/narteks.net\/index.php\/2010\/08\/11\/olum-beni-cagiriyor-yilmaz-guney\/"},"author":{"name":"Tar\u0131k","@id":"https:\/\/narteks.net\/#\/schema\/person\/61f37d9834294b72d31d274e7ed79bca"},"headline":"\u00d6l\u00fcm Beni \u00c7a\u011f\u0131r\u0131yor | Y\u0131lmaz G\u00fcney","datePublished":"2010-08-11T08:14:43+00:00","mainEntityOfPage":{"@id":"https:\/\/narteks.net\/index.php\/2010\/08\/11\/olum-beni-cagiriyor-yilmaz-guney\/"},"wordCount":1032,"commentCount":0,"publisher":{"@id":"https:\/\/narteks.net\/#organization"},"image":{"@id":"https:\/\/narteks.net\/index.php\/2010\/08\/11\/olum-beni-cagiriyor-yilmaz-guney\/#primaryimage"},"thumbnailUrl":"http:\/\/www.unlulerkervani.com\/data\/media\/315\/yilmaz_guney_2.gif","articleSection":["Yedinci Sanat"],"inLanguage":"tr","potentialAction":[{"@type":"CommentAction","name":"Comment","target":["https:\/\/narteks.net\/index.php\/2010\/08\/11\/olum-beni-cagiriyor-yilmaz-guney\/#respond"]}]},{"@type":"WebPage","@id":"https:\/\/narteks.net\/index.php\/2010\/08\/11\/olum-beni-cagiriyor-yilmaz-guney\/","url":"https:\/\/narteks.net\/index.php\/2010\/08\/11\/olum-beni-cagiriyor-yilmaz-guney\/","name":"\u00d6l\u00fcm Beni \u00c7a\u011f\u0131r\u0131yor | Y\u0131lmaz G\u00fcney - narteks.net","isPartOf":{"@id":"https:\/\/narteks.net\/#website"},"primaryImageOfPage":{"@id":"https:\/\/narteks.net\/index.php\/2010\/08\/11\/olum-beni-cagiriyor-yilmaz-guney\/#primaryimage"},"image":{"@id":"https:\/\/narteks.net\/index.php\/2010\/08\/11\/olum-beni-cagiriyor-yilmaz-guney\/#primaryimage"},"thumbnailUrl":"http:\/\/www.unlulerkervani.com\/data\/media\/315\/yilmaz_guney_2.gif","datePublished":"2010-08-11T08:14:43+00:00","breadcrumb":{"@id":"https:\/\/narteks.net\/index.php\/2010\/08\/11\/olum-beni-cagiriyor-yilmaz-guney\/#breadcrumb"},"inLanguage":"tr","potentialAction":[{"@type":"ReadAction","target":["https:\/\/narteks.net\/index.php\/2010\/08\/11\/olum-beni-cagiriyor-yilmaz-guney\/"]}]},{"@type":"ImageObject","inLanguage":"tr","@id":"https:\/\/narteks.net\/index.php\/2010\/08\/11\/olum-beni-cagiriyor-yilmaz-guney\/#primaryimage","url":"http:\/\/www.unlulerkervani.com\/data\/media\/315\/yilmaz_guney_2.gif","contentUrl":"http:\/\/www.unlulerkervani.com\/data\/media\/315\/yilmaz_guney_2.gif"},{"@type":"BreadcrumbList","@id":"https:\/\/narteks.net\/index.php\/2010\/08\/11\/olum-beni-cagiriyor-yilmaz-guney\/#breadcrumb","itemListElement":[{"@type":"ListItem","position":1,"name":"Anasayfa","item":"https:\/\/narteks.net\/"},{"@type":"ListItem","position":2,"name":"\u00d6l\u00fcm Beni \u00c7a\u011f\u0131r\u0131yor | Y\u0131lmaz G\u00fcney"}]},{"@type":"WebSite","@id":"https:\/\/narteks.net\/#website","url":"https:\/\/narteks.net\/","name":"narteks.net","description":"K\u00fclt\u00fcr Sanat Edebiyat Felsefe","publisher":{"@id":"https:\/\/narteks.net\/#organization"},"alternateName":"K\u00fclt\u00fcr Sanat Edebiyat Felsefe","potentialAction":[{"@type":"SearchAction","target":{"@type":"EntryPoint","urlTemplate":"https:\/\/narteks.net\/?s={search_term_string}"},"query-input":{"@type":"PropertyValueSpecification","valueRequired":true,"valueName":"search_term_string"}}],"inLanguage":"tr"},{"@type":"Organization","@id":"https:\/\/narteks.net\/#organization","name":"narteks.net","url":"https:\/\/narteks.net\/","logo":{"@type":"ImageObject","inLanguage":"tr","@id":"https:\/\/narteks.net\/#\/schema\/logo\/image\/","url":"https:\/\/narteks.net\/wp-content\/uploads\/narteks.png","contentUrl":"https:\/\/narteks.net\/wp-content\/uploads\/narteks.png","width":300,"height":90,"caption":"narteks.net"},"image":{"@id":"https:\/\/narteks.net\/#\/schema\/logo\/image\/"},"sameAs":["https:\/\/x.com\/narteks","https:\/\/instagram.com\/narteksnet"]},{"@type":"Person","@id":"https:\/\/narteks.net\/#\/schema\/person\/61f37d9834294b72d31d274e7ed79bca","name":"Tar\u0131k","image":{"@type":"ImageObject","inLanguage":"tr","@id":"https:\/\/narteks.net\/#\/schema\/person\/image\/","url":"https:\/\/secure.gravatar.com\/avatar\/50865afb55632c4ae467e0af0930f6510aa2297d8014be502a55b14f3b7550cf?s=96&d=mm&r=g","contentUrl":"https:\/\/secure.gravatar.com\/avatar\/50865afb55632c4ae467e0af0930f6510aa2297d8014be502a55b14f3b7550cf?s=96&d=mm&r=g","caption":"Tar\u0131k"},"sameAs":["http:\/\/narteks.net"],"url":"https:\/\/narteks.net\/index.php\/author\/narbak\/"}]}},"_links":{"self":[{"href":"https:\/\/narteks.net\/index.php\/wp-json\/wp\/v2\/posts\/4657","targetHints":{"allow":["GET"]}}],"collection":[{"href":"https:\/\/narteks.net\/index.php\/wp-json\/wp\/v2\/posts"}],"about":[{"href":"https:\/\/narteks.net\/index.php\/wp-json\/wp\/v2\/types\/post"}],"author":[{"embeddable":true,"href":"https:\/\/narteks.net\/index.php\/wp-json\/wp\/v2\/users\/1"}],"replies":[{"embeddable":true,"href":"https:\/\/narteks.net\/index.php\/wp-json\/wp\/v2\/comments?post=4657"}],"version-history":[{"count":0,"href":"https:\/\/narteks.net\/index.php\/wp-json\/wp\/v2\/posts\/4657\/revisions"}],"wp:attachment":[{"href":"https:\/\/narteks.net\/index.php\/wp-json\/wp\/v2\/media?parent=4657"}],"wp:term":[{"taxonomy":"category","embeddable":true,"href":"https:\/\/narteks.net\/index.php\/wp-json\/wp\/v2\/categories?post=4657"},{"taxonomy":"post_tag","embeddable":true,"href":"https:\/\/narteks.net\/index.php\/wp-json\/wp\/v2\/tags?post=4657"}],"curies":[{"name":"wp","href":"https:\/\/api.w.org\/{rel}","templated":true}]}}