{"id":4660,"date":"2010-08-13T12:37:33","date_gmt":"2010-08-13T09:37:33","guid":{"rendered":"http:\/\/localhost\/wordpress\/2010\/08\/13\/bir-ispanyol-cumhuriyetcisine-agit\/"},"modified":"2010-08-13T12:37:33","modified_gmt":"2010-08-13T09:37:33","slug":"bir-ispanyol-cumhuriyetcisine-agit","status":"publish","type":"post","link":"https:\/\/narteks.net\/index.php\/2010\/08\/13\/bir-ispanyol-cumhuriyetcisine-agit\/","title":{"rendered":"B\u0130R \u0130SPANYOL CUMHUR\u0130YET\u00c7\u0130S\u0130NE A\u011eIT"},"content":{"rendered":"<p>\u00a0<\/p>\n<p>Bir kitap duruyordu yerde, cans\u0131z belinin yan\u0131nda,<br \/>filiz s\u00fcr\u00fcyordu bir kitap \u00f6l\u00fcs\u00fcn\u00fcn \u00fcst\u00fcnde.<br \/>Al\u0131p g\u00f6t\u00fcrd\u00fcler yi\u011fidi,<br \/>ve somut, mutsuz a\u011fz\u0131 kar\u0131\u015ft\u0131 solu\u011fumuza;<br \/>hepimiz terliyorduk, g\u00f6vdelerimiz bir y\u00fck;<br \/>dolanan ay ard\u0131m\u0131zda;<br \/>\u00f6l\u00fcs\u00fc de terliyordu ac\u0131dan.<\/p>\n<p>Ve bir kitap Toledo sava\u015f\u0131nda,<br \/>ard\u0131nda bir kitap, \u00fcst\u00fcnde bir kitap<br \/>filiz s\u00fcr\u00fcyordu \u00f6l\u00fcs\u00fcnden.<\/p>\n<p>Mor elmac\u0131k kemi\u011finin \u015fiiri,<br \/>s\u00f6ylemekle susmak aras\u0131,<br \/>y\u00fcre\u011finde ta\u015f\u0131d\u0131\u011f\u0131<br \/>o yi\u011fit bildirinin \u015fiiri.<br \/>Yaln\u0131z bir kitap kalm\u0131\u015ft\u0131 geride,<br \/>\u00e7\u00fcnk\u00fc mezarda b\u00f6cekler yoktu,<br \/>ve g\u00f6mle\u011finin kollar\u0131 yan\u0131nda<br \/>kan\u0131na bulanan hava<br \/>bu\u011fulan\u0131yor, sonsuzla\u015f\u0131yordu.<\/p>\n<p>Hepimiz terliyorduk, g\u00f6vdelerimiz bir y\u00fck,<br \/>\u00f6l\u00fcs\u00fc de terliyordu ac\u0131dan<br \/>ve bir kitap, g\u00f6zlerimi ya\u015fartan<br \/>bir kitap, ard\u0131nda bir kitap, \u00fcst\u00fcnde bir kitap<br \/>filizlendi \u00f6l\u00fcs\u00fcnden co\u015farak.<\/p>\n<p> C\u00e9sar VALLEJO<\/p>\n<p> \u00c7eviri : Cevat \u00c7APAN<\/p>\n","protected":false},"excerpt":{"rendered":"<p>\u00a0 Bir kitap duruyordu yerde, cans\u0131z belinin yan\u0131nda,filiz s\u00fcr\u00fcyordu bir kitap \u00f6l\u00fcs\u00fcn\u00fcn \u00fcst\u00fcnde.Al\u0131p g\u00f6t\u00fcrd\u00fcler yi\u011fidi,ve somut, mutsuz a\u011fz\u0131 kar\u0131\u015ft\u0131 solu\u011fumuza;hepimiz terliyorduk, g\u00f6vdelerimiz bir y\u00fck;dolanan ay ard\u0131m\u0131zda;\u00f6l\u00fcs\u00fc de terliyordu ac\u0131dan. Ve bir kitap Toledo sava\u015f\u0131nda,ard\u0131nda bir kitap, \u00fcst\u00fcnde bir kitapfiliz s\u00fcr\u00fcyordu \u00f6l\u00fcs\u00fcnden. Mor elmac\u0131k kemi\u011finin \u015fiiri,s\u00f6ylemekle susmak aras\u0131,y\u00fcre\u011finde ta\u015f\u0131d\u0131\u011f\u0131o yi\u011fit bildirinin \u015fiiri.Yaln\u0131z bir kitap kalm\u0131\u015ft\u0131 geride,\u00e7\u00fcnk\u00fc [&hellip;]<\/p>\n","protected":false},"author":1,"featured_media":0,"comment_status":"open","ping_status":"open","sticky":false,"template":"","format":"standard","meta":{"footnotes":""},"categories":[149],"tags":[],"class_list":{"0":"post-4660","1":"post","2":"type-post","3":"status-publish","4":"format-standard","6":"category-cesar-vallejo"},"yoast_head":"<!-- This site is optimized with the Yoast SEO Premium plugin v24.9 (Yoast SEO v24.9) - https:\/\/yoast.com\/wordpress\/plugins\/seo\/ -->\n<title>B\u0130R \u0130SPANYOL CUMHUR\u0130YET\u00c7\u0130S\u0130NE A\u011eIT - narteks.net<\/title>\n<meta name=\"robots\" content=\"index, follow, max-snippet:-1, max-image-preview:large, max-video-preview:-1\" \/>\n<link rel=\"canonical\" href=\"https:\/\/narteks.net\/index.php\/2010\/08\/13\/bir-ispanyol-cumhuriyetcisine-agit\/\" \/>\n<meta property=\"og:locale\" content=\"tr_TR\" \/>\n<meta property=\"og:type\" content=\"article\" \/>\n<meta property=\"og:title\" content=\"B\u0130R \u0130SPANYOL CUMHUR\u0130YET\u00c7\u0130S\u0130NE A\u011eIT\" \/>\n<meta property=\"og:description\" content=\"\u00a0 Bir kitap duruyordu yerde, cans\u0131z belinin yan\u0131nda,filiz s\u00fcr\u00fcyordu bir kitap \u00f6l\u00fcs\u00fcn\u00fcn \u00fcst\u00fcnde.Al\u0131p g\u00f6t\u00fcrd\u00fcler yi\u011fidi,ve somut, mutsuz a\u011fz\u0131 kar\u0131\u015ft\u0131 solu\u011fumuza;hepimiz terliyorduk, g\u00f6vdelerimiz bir y\u00fck;dolanan ay ard\u0131m\u0131zda;\u00f6l\u00fcs\u00fc de terliyordu ac\u0131dan. Ve bir kitap Toledo sava\u015f\u0131nda,ard\u0131nda bir kitap, \u00fcst\u00fcnde bir kitapfiliz s\u00fcr\u00fcyordu \u00f6l\u00fcs\u00fcnden. Mor elmac\u0131k kemi\u011finin \u015fiiri,s\u00f6ylemekle susmak aras\u0131,y\u00fcre\u011finde ta\u015f\u0131d\u0131\u011f\u0131o yi\u011fit bildirinin \u015fiiri.Yaln\u0131z bir kitap kalm\u0131\u015ft\u0131 geride,\u00e7\u00fcnk\u00fc [&hellip;]\" \/>\n<meta property=\"og:url\" content=\"https:\/\/narteks.net\/index.php\/2010\/08\/13\/bir-ispanyol-cumhuriyetcisine-agit\/\" \/>\n<meta property=\"og:site_name\" content=\"narteks.net\" \/>\n<meta property=\"article:published_time\" content=\"2010-08-13T09:37:33+00:00\" \/>\n<meta property=\"og:image\" content=\"https:\/\/narteks.net\/wp-content\/uploads\/narteks.png\" \/>\n\t<meta property=\"og:image:width\" content=\"300\" \/>\n\t<meta property=\"og:image:height\" content=\"90\" \/>\n\t<meta property=\"og:image:type\" content=\"image\/png\" \/>\n<meta name=\"author\" content=\"Tar\u0131k\" \/>\n<meta name=\"twitter:card\" content=\"summary_large_image\" \/>\n<meta name=\"twitter:creator\" content=\"@narteks\" \/>\n<meta name=\"twitter:site\" content=\"@narteks\" \/>\n<meta name=\"twitter:label1\" content=\"Yazan:\" \/>\n\t<meta name=\"twitter:data1\" content=\"Tar\u0131k\" \/>\n\t<meta name=\"twitter:label2\" content=\"Tahmini okuma s\u00fcresi\" \/>\n\t<meta name=\"twitter:data2\" content=\"1 dakika\" \/>\n<script type=\"application\/ld+json\" class=\"yoast-schema-graph\">{\"@context\":\"https:\/\/schema.org\",\"@graph\":[{\"@type\":\"Article\",\"@id\":\"https:\/\/narteks.net\/index.php\/2010\/08\/13\/bir-ispanyol-cumhuriyetcisine-agit\/#article\",\"isPartOf\":{\"@id\":\"https:\/\/narteks.net\/index.php\/2010\/08\/13\/bir-ispanyol-cumhuriyetcisine-agit\/\"},\"author\":{\"name\":\"Tar\u0131k\",\"@id\":\"https:\/\/narteks.net\/#\/schema\/person\/61f37d9834294b72d31d274e7ed79bca\"},\"headline\":\"B\u0130R \u0130SPANYOL CUMHUR\u0130YET\u00c7\u0130S\u0130NE A\u011eIT\",\"datePublished\":\"2010-08-13T09:37:33+00:00\",\"mainEntityOfPage\":{\"@id\":\"https:\/\/narteks.net\/index.php\/2010\/08\/13\/bir-ispanyol-cumhuriyetcisine-agit\/\"},\"wordCount\":170,\"commentCount\":0,\"publisher\":{\"@id\":\"https:\/\/narteks.net\/#organization\"},\"articleSection\":[\"Cesar VALLEJO\"],\"inLanguage\":\"tr\",\"potentialAction\":[{\"@type\":\"CommentAction\",\"name\":\"Comment\",\"target\":[\"https:\/\/narteks.net\/index.php\/2010\/08\/13\/bir-ispanyol-cumhuriyetcisine-agit\/#respond\"]}]},{\"@type\":\"WebPage\",\"@id\":\"https:\/\/narteks.net\/index.php\/2010\/08\/13\/bir-ispanyol-cumhuriyetcisine-agit\/\",\"url\":\"https:\/\/narteks.net\/index.php\/2010\/08\/13\/bir-ispanyol-cumhuriyetcisine-agit\/\",\"name\":\"B\u0130R \u0130SPANYOL CUMHUR\u0130YET\u00c7\u0130S\u0130NE A\u011eIT - narteks.net\",\"isPartOf\":{\"@id\":\"https:\/\/narteks.net\/#website\"},\"datePublished\":\"2010-08-13T09:37:33+00:00\",\"breadcrumb\":{\"@id\":\"https:\/\/narteks.net\/index.php\/2010\/08\/13\/bir-ispanyol-cumhuriyetcisine-agit\/#breadcrumb\"},\"inLanguage\":\"tr\",\"potentialAction\":[{\"@type\":\"ReadAction\",\"target\":[\"https:\/\/narteks.net\/index.php\/2010\/08\/13\/bir-ispanyol-cumhuriyetcisine-agit\/\"]}]},{\"@type\":\"BreadcrumbList\",\"@id\":\"https:\/\/narteks.net\/index.php\/2010\/08\/13\/bir-ispanyol-cumhuriyetcisine-agit\/#breadcrumb\",\"itemListElement\":[{\"@type\":\"ListItem\",\"position\":1,\"name\":\"Anasayfa\",\"item\":\"https:\/\/narteks.net\/\"},{\"@type\":\"ListItem\",\"position\":2,\"name\":\"B\u0130R \u0130SPANYOL CUMHUR\u0130YET\u00c7\u0130S\u0130NE A\u011eIT\"}]},{\"@type\":\"WebSite\",\"@id\":\"https:\/\/narteks.net\/#website\",\"url\":\"https:\/\/narteks.net\/\",\"name\":\"narteks.net\",\"description\":\"K\u00fclt\u00fcr Sanat Edebiyat Felsefe\",\"publisher\":{\"@id\":\"https:\/\/narteks.net\/#organization\"},\"alternateName\":\"K\u00fclt\u00fcr Sanat Edebiyat Felsefe\",\"potentialAction\":[{\"@type\":\"SearchAction\",\"target\":{\"@type\":\"EntryPoint\",\"urlTemplate\":\"https:\/\/narteks.net\/?s={search_term_string}\"},\"query-input\":{\"@type\":\"PropertyValueSpecification\",\"valueRequired\":true,\"valueName\":\"search_term_string\"}}],\"inLanguage\":\"tr\"},{\"@type\":\"Organization\",\"@id\":\"https:\/\/narteks.net\/#organization\",\"name\":\"narteks.net\",\"url\":\"https:\/\/narteks.net\/\",\"logo\":{\"@type\":\"ImageObject\",\"inLanguage\":\"tr\",\"@id\":\"https:\/\/narteks.net\/#\/schema\/logo\/image\/\",\"url\":\"https:\/\/narteks.net\/wp-content\/uploads\/narteks.png\",\"contentUrl\":\"https:\/\/narteks.net\/wp-content\/uploads\/narteks.png\",\"width\":300,\"height\":90,\"caption\":\"narteks.net\"},\"image\":{\"@id\":\"https:\/\/narteks.net\/#\/schema\/logo\/image\/\"},\"sameAs\":[\"https:\/\/x.com\/narteks\",\"https:\/\/instagram.com\/narteksnet\"]},{\"@type\":\"Person\",\"@id\":\"https:\/\/narteks.net\/#\/schema\/person\/61f37d9834294b72d31d274e7ed79bca\",\"name\":\"Tar\u0131k\",\"image\":{\"@type\":\"ImageObject\",\"inLanguage\":\"tr\",\"@id\":\"https:\/\/narteks.net\/#\/schema\/person\/image\/\",\"url\":\"https:\/\/secure.gravatar.com\/avatar\/50865afb55632c4ae467e0af0930f6510aa2297d8014be502a55b14f3b7550cf?s=96&d=mm&r=g\",\"contentUrl\":\"https:\/\/secure.gravatar.com\/avatar\/50865afb55632c4ae467e0af0930f6510aa2297d8014be502a55b14f3b7550cf?s=96&d=mm&r=g\",\"caption\":\"Tar\u0131k\"},\"sameAs\":[\"http:\/\/narteks.net\"],\"url\":\"https:\/\/narteks.net\/index.php\/author\/narbak\/\"}]}<\/script>\n<!-- \/ Yoast SEO Premium plugin. -->","yoast_head_json":{"title":"B\u0130R \u0130SPANYOL CUMHUR\u0130YET\u00c7\u0130S\u0130NE A\u011eIT - narteks.net","robots":{"index":"index","follow":"follow","max-snippet":"max-snippet:-1","max-image-preview":"max-image-preview:large","max-video-preview":"max-video-preview:-1"},"canonical":"https:\/\/narteks.net\/index.php\/2010\/08\/13\/bir-ispanyol-cumhuriyetcisine-agit\/","og_locale":"tr_TR","og_type":"article","og_title":"B\u0130R \u0130SPANYOL CUMHUR\u0130YET\u00c7\u0130S\u0130NE A\u011eIT","og_description":"\u00a0 Bir kitap duruyordu yerde, cans\u0131z belinin yan\u0131nda,filiz s\u00fcr\u00fcyordu bir kitap \u00f6l\u00fcs\u00fcn\u00fcn \u00fcst\u00fcnde.Al\u0131p g\u00f6t\u00fcrd\u00fcler yi\u011fidi,ve somut, mutsuz a\u011fz\u0131 kar\u0131\u015ft\u0131 solu\u011fumuza;hepimiz terliyorduk, g\u00f6vdelerimiz bir y\u00fck;dolanan ay ard\u0131m\u0131zda;\u00f6l\u00fcs\u00fc de terliyordu ac\u0131dan. Ve bir kitap Toledo sava\u015f\u0131nda,ard\u0131nda bir kitap, \u00fcst\u00fcnde bir kitapfiliz s\u00fcr\u00fcyordu \u00f6l\u00fcs\u00fcnden. Mor elmac\u0131k kemi\u011finin \u015fiiri,s\u00f6ylemekle susmak aras\u0131,y\u00fcre\u011finde ta\u015f\u0131d\u0131\u011f\u0131o yi\u011fit bildirinin \u015fiiri.Yaln\u0131z bir kitap kalm\u0131\u015ft\u0131 geride,\u00e7\u00fcnk\u00fc [&hellip;]","og_url":"https:\/\/narteks.net\/index.php\/2010\/08\/13\/bir-ispanyol-cumhuriyetcisine-agit\/","og_site_name":"narteks.net","article_published_time":"2010-08-13T09:37:33+00:00","og_image":[{"width":300,"height":90,"url":"https:\/\/narteks.net\/wp-content\/uploads\/narteks.png","type":"image\/png"}],"author":"Tar\u0131k","twitter_card":"summary_large_image","twitter_creator":"@narteks","twitter_site":"@narteks","twitter_misc":{"Yazan:":"Tar\u0131k","Tahmini okuma s\u00fcresi":"1 dakika"},"schema":{"@context":"https:\/\/schema.org","@graph":[{"@type":"Article","@id":"https:\/\/narteks.net\/index.php\/2010\/08\/13\/bir-ispanyol-cumhuriyetcisine-agit\/#article","isPartOf":{"@id":"https:\/\/narteks.net\/index.php\/2010\/08\/13\/bir-ispanyol-cumhuriyetcisine-agit\/"},"author":{"name":"Tar\u0131k","@id":"https:\/\/narteks.net\/#\/schema\/person\/61f37d9834294b72d31d274e7ed79bca"},"headline":"B\u0130R \u0130SPANYOL CUMHUR\u0130YET\u00c7\u0130S\u0130NE A\u011eIT","datePublished":"2010-08-13T09:37:33+00:00","mainEntityOfPage":{"@id":"https:\/\/narteks.net\/index.php\/2010\/08\/13\/bir-ispanyol-cumhuriyetcisine-agit\/"},"wordCount":170,"commentCount":0,"publisher":{"@id":"https:\/\/narteks.net\/#organization"},"articleSection":["Cesar VALLEJO"],"inLanguage":"tr","potentialAction":[{"@type":"CommentAction","name":"Comment","target":["https:\/\/narteks.net\/index.php\/2010\/08\/13\/bir-ispanyol-cumhuriyetcisine-agit\/#respond"]}]},{"@type":"WebPage","@id":"https:\/\/narteks.net\/index.php\/2010\/08\/13\/bir-ispanyol-cumhuriyetcisine-agit\/","url":"https:\/\/narteks.net\/index.php\/2010\/08\/13\/bir-ispanyol-cumhuriyetcisine-agit\/","name":"B\u0130R \u0130SPANYOL CUMHUR\u0130YET\u00c7\u0130S\u0130NE A\u011eIT - narteks.net","isPartOf":{"@id":"https:\/\/narteks.net\/#website"},"datePublished":"2010-08-13T09:37:33+00:00","breadcrumb":{"@id":"https:\/\/narteks.net\/index.php\/2010\/08\/13\/bir-ispanyol-cumhuriyetcisine-agit\/#breadcrumb"},"inLanguage":"tr","potentialAction":[{"@type":"ReadAction","target":["https:\/\/narteks.net\/index.php\/2010\/08\/13\/bir-ispanyol-cumhuriyetcisine-agit\/"]}]},{"@type":"BreadcrumbList","@id":"https:\/\/narteks.net\/index.php\/2010\/08\/13\/bir-ispanyol-cumhuriyetcisine-agit\/#breadcrumb","itemListElement":[{"@type":"ListItem","position":1,"name":"Anasayfa","item":"https:\/\/narteks.net\/"},{"@type":"ListItem","position":2,"name":"B\u0130R \u0130SPANYOL CUMHUR\u0130YET\u00c7\u0130S\u0130NE A\u011eIT"}]},{"@type":"WebSite","@id":"https:\/\/narteks.net\/#website","url":"https:\/\/narteks.net\/","name":"narteks.net","description":"K\u00fclt\u00fcr Sanat Edebiyat Felsefe","publisher":{"@id":"https:\/\/narteks.net\/#organization"},"alternateName":"K\u00fclt\u00fcr Sanat Edebiyat Felsefe","potentialAction":[{"@type":"SearchAction","target":{"@type":"EntryPoint","urlTemplate":"https:\/\/narteks.net\/?s={search_term_string}"},"query-input":{"@type":"PropertyValueSpecification","valueRequired":true,"valueName":"search_term_string"}}],"inLanguage":"tr"},{"@type":"Organization","@id":"https:\/\/narteks.net\/#organization","name":"narteks.net","url":"https:\/\/narteks.net\/","logo":{"@type":"ImageObject","inLanguage":"tr","@id":"https:\/\/narteks.net\/#\/schema\/logo\/image\/","url":"https:\/\/narteks.net\/wp-content\/uploads\/narteks.png","contentUrl":"https:\/\/narteks.net\/wp-content\/uploads\/narteks.png","width":300,"height":90,"caption":"narteks.net"},"image":{"@id":"https:\/\/narteks.net\/#\/schema\/logo\/image\/"},"sameAs":["https:\/\/x.com\/narteks","https:\/\/instagram.com\/narteksnet"]},{"@type":"Person","@id":"https:\/\/narteks.net\/#\/schema\/person\/61f37d9834294b72d31d274e7ed79bca","name":"Tar\u0131k","image":{"@type":"ImageObject","inLanguage":"tr","@id":"https:\/\/narteks.net\/#\/schema\/person\/image\/","url":"https:\/\/secure.gravatar.com\/avatar\/50865afb55632c4ae467e0af0930f6510aa2297d8014be502a55b14f3b7550cf?s=96&d=mm&r=g","contentUrl":"https:\/\/secure.gravatar.com\/avatar\/50865afb55632c4ae467e0af0930f6510aa2297d8014be502a55b14f3b7550cf?s=96&d=mm&r=g","caption":"Tar\u0131k"},"sameAs":["http:\/\/narteks.net"],"url":"https:\/\/narteks.net\/index.php\/author\/narbak\/"}]}},"_links":{"self":[{"href":"https:\/\/narteks.net\/index.php\/wp-json\/wp\/v2\/posts\/4660","targetHints":{"allow":["GET"]}}],"collection":[{"href":"https:\/\/narteks.net\/index.php\/wp-json\/wp\/v2\/posts"}],"about":[{"href":"https:\/\/narteks.net\/index.php\/wp-json\/wp\/v2\/types\/post"}],"author":[{"embeddable":true,"href":"https:\/\/narteks.net\/index.php\/wp-json\/wp\/v2\/users\/1"}],"replies":[{"embeddable":true,"href":"https:\/\/narteks.net\/index.php\/wp-json\/wp\/v2\/comments?post=4660"}],"version-history":[{"count":0,"href":"https:\/\/narteks.net\/index.php\/wp-json\/wp\/v2\/posts\/4660\/revisions"}],"wp:attachment":[{"href":"https:\/\/narteks.net\/index.php\/wp-json\/wp\/v2\/media?parent=4660"}],"wp:term":[{"taxonomy":"category","embeddable":true,"href":"https:\/\/narteks.net\/index.php\/wp-json\/wp\/v2\/categories?post=4660"},{"taxonomy":"post_tag","embeddable":true,"href":"https:\/\/narteks.net\/index.php\/wp-json\/wp\/v2\/tags?post=4660"}],"curies":[{"name":"wp","href":"https:\/\/api.w.org\/{rel}","templated":true}]}}