{"id":4664,"date":"2010-08-13T12:40:35","date_gmt":"2010-08-13T09:40:35","guid":{"rendered":"http:\/\/localhost\/wordpress\/2010\/08\/13\/kara-tas-ak-tas-ustune\/"},"modified":"2010-08-13T12:40:35","modified_gmt":"2010-08-13T09:40:35","slug":"kara-tas-ak-tas-ustune","status":"publish","type":"post","link":"https:\/\/narteks.net\/index.php\/2010\/08\/13\/kara-tas-ak-tas-ustune\/","title":{"rendered":"KARA TA\u015e AK TA\u015e \u00dcST\u00dcNE"},"content":{"rendered":"<p>\u00a0<\/p>\n<p>Paris&#8217;te \u00f6lece\u011fim bo\u015fanan ya\u011fmurlarla,<br \/>an\u0131s\u0131n\u0131 \u015fimdiden ya\u015fad\u0131\u011f\u0131m bir g\u00fcnde.<br \/>Paris&#8217;te \u00f6lece\u011fim &#8211; bu da koymuyor bana &#8211;<br \/>belki de bug\u00fcn gibi, bir g\u00fcz per\u015fembesinde.<\/p>\n<p> Bir per\u015fembe olacak, \u00e7\u00fcnk\u00fc bug\u00fcn, per\u015fembe,<br \/>yazarken bu dizeleri durmadan s\u0131zl\u0131yor kolum,<br \/>ve hi\u00e7bir g\u00fcn, ge\u00e7ti\u011fim yollar\u0131nda ya\u015fam\u0131n,<br \/>yaln\u0131zl\u0131\u011f\u0131 i\u00e7imde bug\u00fcn gibi duymad\u0131m.<\/p>\n<p> C\u00e9sar Vallejo \u00f6ld\u00fc, dayak yiye yiye herkesten,<br \/>oysa kimseyi de incitmemi\u015fti:<br \/>koca sopalarla vurdular,<\/p>\n<p> kal\u0131n urganlarla d\u00f6vd\u00fcler;<br \/>tan\u0131\u011f\u0131 per\u015fembeler, kollar\u0131nda kemikler,<br \/>yaln\u0131zl\u0131k, ya\u011fmurlar, yollar&#8230;.<\/p>\n<p> C\u00e9sar VALLEJO<\/p>\n<p> \u00c7eviri : Cevat \u00c7APAN<\/p>\n","protected":false},"excerpt":{"rendered":"<p>\u00a0 Paris&#8217;te \u00f6lece\u011fim bo\u015fanan ya\u011fmurlarla,an\u0131s\u0131n\u0131 \u015fimdiden ya\u015fad\u0131\u011f\u0131m bir g\u00fcnde.Paris&#8217;te \u00f6lece\u011fim &#8211; bu da koymuyor bana &#8211;belki de bug\u00fcn gibi, bir g\u00fcz per\u015fembesinde. Bir per\u015fembe olacak, \u00e7\u00fcnk\u00fc bug\u00fcn, per\u015fembe,yazarken bu dizeleri durmadan s\u0131zl\u0131yor kolum,ve hi\u00e7bir g\u00fcn, ge\u00e7ti\u011fim yollar\u0131nda ya\u015fam\u0131n,yaln\u0131zl\u0131\u011f\u0131 i\u00e7imde bug\u00fcn gibi duymad\u0131m. C\u00e9sar Vallejo \u00f6ld\u00fc, dayak yiye yiye herkesten,oysa kimseyi de incitmemi\u015fti:koca sopalarla vurdular, kal\u0131n [&hellip;]<\/p>\n","protected":false},"author":1,"featured_media":0,"comment_status":"open","ping_status":"open","sticky":false,"template":"","format":"standard","meta":{"footnotes":""},"categories":[149],"tags":[],"class_list":{"0":"post-4664","1":"post","2":"type-post","3":"status-publish","4":"format-standard","6":"category-cesar-vallejo"},"yoast_head":"<!-- This site is optimized with the Yoast SEO Premium plugin v24.9 (Yoast SEO v24.9) - https:\/\/yoast.com\/wordpress\/plugins\/seo\/ -->\n<title>KARA TA\u015e AK TA\u015e \u00dcST\u00dcNE - narteks.net<\/title>\n<meta name=\"robots\" content=\"index, follow, max-snippet:-1, max-image-preview:large, max-video-preview:-1\" \/>\n<link rel=\"canonical\" href=\"https:\/\/narteks.net\/index.php\/2010\/08\/13\/kara-tas-ak-tas-ustune\/\" \/>\n<meta property=\"og:locale\" content=\"tr_TR\" \/>\n<meta property=\"og:type\" content=\"article\" \/>\n<meta property=\"og:title\" content=\"KARA TA\u015e AK TA\u015e \u00dcST\u00dcNE\" \/>\n<meta property=\"og:description\" content=\"\u00a0 Paris&#8217;te \u00f6lece\u011fim bo\u015fanan ya\u011fmurlarla,an\u0131s\u0131n\u0131 \u015fimdiden ya\u015fad\u0131\u011f\u0131m bir g\u00fcnde.Paris&#8217;te \u00f6lece\u011fim &#8211; bu da koymuyor bana &#8211;belki de bug\u00fcn gibi, bir g\u00fcz per\u015fembesinde. Bir per\u015fembe olacak, \u00e7\u00fcnk\u00fc bug\u00fcn, per\u015fembe,yazarken bu dizeleri durmadan s\u0131zl\u0131yor kolum,ve hi\u00e7bir g\u00fcn, ge\u00e7ti\u011fim yollar\u0131nda ya\u015fam\u0131n,yaln\u0131zl\u0131\u011f\u0131 i\u00e7imde bug\u00fcn gibi duymad\u0131m. C\u00e9sar Vallejo \u00f6ld\u00fc, dayak yiye yiye herkesten,oysa kimseyi de incitmemi\u015fti:koca sopalarla vurdular, kal\u0131n [&hellip;]\" \/>\n<meta property=\"og:url\" content=\"https:\/\/narteks.net\/index.php\/2010\/08\/13\/kara-tas-ak-tas-ustune\/\" \/>\n<meta property=\"og:site_name\" content=\"narteks.net\" \/>\n<meta property=\"article:published_time\" content=\"2010-08-13T09:40:35+00:00\" \/>\n<meta property=\"og:image\" content=\"https:\/\/narteks.net\/wp-content\/uploads\/narteks.png\" \/>\n\t<meta property=\"og:image:width\" content=\"300\" \/>\n\t<meta property=\"og:image:height\" content=\"90\" \/>\n\t<meta property=\"og:image:type\" content=\"image\/png\" \/>\n<meta name=\"author\" content=\"Tar\u0131k\" \/>\n<meta name=\"twitter:card\" content=\"summary_large_image\" \/>\n<meta name=\"twitter:creator\" content=\"@narteks\" \/>\n<meta name=\"twitter:site\" content=\"@narteks\" \/>\n<meta name=\"twitter:label1\" content=\"Yazan:\" \/>\n\t<meta name=\"twitter:data1\" content=\"Tar\u0131k\" \/>\n\t<meta name=\"twitter:label2\" content=\"Tahmini okuma s\u00fcresi\" \/>\n\t<meta name=\"twitter:data2\" content=\"1 dakika\" \/>\n<script type=\"application\/ld+json\" class=\"yoast-schema-graph\">{\"@context\":\"https:\/\/schema.org\",\"@graph\":[{\"@type\":\"Article\",\"@id\":\"https:\/\/narteks.net\/index.php\/2010\/08\/13\/kara-tas-ak-tas-ustune\/#article\",\"isPartOf\":{\"@id\":\"https:\/\/narteks.net\/index.php\/2010\/08\/13\/kara-tas-ak-tas-ustune\/\"},\"author\":{\"name\":\"Tar\u0131k\",\"@id\":\"https:\/\/narteks.net\/#\/schema\/person\/61f37d9834294b72d31d274e7ed79bca\"},\"headline\":\"KARA TA\u015e AK TA\u015e \u00dcST\u00dcNE\",\"datePublished\":\"2010-08-13T09:40:35+00:00\",\"mainEntityOfPage\":{\"@id\":\"https:\/\/narteks.net\/index.php\/2010\/08\/13\/kara-tas-ak-tas-ustune\/\"},\"wordCount\":120,\"commentCount\":0,\"publisher\":{\"@id\":\"https:\/\/narteks.net\/#organization\"},\"articleSection\":[\"Cesar VALLEJO\"],\"inLanguage\":\"tr\",\"potentialAction\":[{\"@type\":\"CommentAction\",\"name\":\"Comment\",\"target\":[\"https:\/\/narteks.net\/index.php\/2010\/08\/13\/kara-tas-ak-tas-ustune\/#respond\"]}]},{\"@type\":\"WebPage\",\"@id\":\"https:\/\/narteks.net\/index.php\/2010\/08\/13\/kara-tas-ak-tas-ustune\/\",\"url\":\"https:\/\/narteks.net\/index.php\/2010\/08\/13\/kara-tas-ak-tas-ustune\/\",\"name\":\"KARA TA\u015e AK TA\u015e \u00dcST\u00dcNE - narteks.net\",\"isPartOf\":{\"@id\":\"https:\/\/narteks.net\/#website\"},\"datePublished\":\"2010-08-13T09:40:35+00:00\",\"breadcrumb\":{\"@id\":\"https:\/\/narteks.net\/index.php\/2010\/08\/13\/kara-tas-ak-tas-ustune\/#breadcrumb\"},\"inLanguage\":\"tr\",\"potentialAction\":[{\"@type\":\"ReadAction\",\"target\":[\"https:\/\/narteks.net\/index.php\/2010\/08\/13\/kara-tas-ak-tas-ustune\/\"]}]},{\"@type\":\"BreadcrumbList\",\"@id\":\"https:\/\/narteks.net\/index.php\/2010\/08\/13\/kara-tas-ak-tas-ustune\/#breadcrumb\",\"itemListElement\":[{\"@type\":\"ListItem\",\"position\":1,\"name\":\"Anasayfa\",\"item\":\"https:\/\/narteks.net\/\"},{\"@type\":\"ListItem\",\"position\":2,\"name\":\"KARA TA\u015e AK TA\u015e \u00dcST\u00dcNE\"}]},{\"@type\":\"WebSite\",\"@id\":\"https:\/\/narteks.net\/#website\",\"url\":\"https:\/\/narteks.net\/\",\"name\":\"narteks.net\",\"description\":\"K\u00fclt\u00fcr Sanat Edebiyat Felsefe\",\"publisher\":{\"@id\":\"https:\/\/narteks.net\/#organization\"},\"alternateName\":\"K\u00fclt\u00fcr Sanat Edebiyat Felsefe\",\"potentialAction\":[{\"@type\":\"SearchAction\",\"target\":{\"@type\":\"EntryPoint\",\"urlTemplate\":\"https:\/\/narteks.net\/?s={search_term_string}\"},\"query-input\":{\"@type\":\"PropertyValueSpecification\",\"valueRequired\":true,\"valueName\":\"search_term_string\"}}],\"inLanguage\":\"tr\"},{\"@type\":\"Organization\",\"@id\":\"https:\/\/narteks.net\/#organization\",\"name\":\"narteks.net\",\"url\":\"https:\/\/narteks.net\/\",\"logo\":{\"@type\":\"ImageObject\",\"inLanguage\":\"tr\",\"@id\":\"https:\/\/narteks.net\/#\/schema\/logo\/image\/\",\"url\":\"https:\/\/narteks.net\/wp-content\/uploads\/narteks.png\",\"contentUrl\":\"https:\/\/narteks.net\/wp-content\/uploads\/narteks.png\",\"width\":300,\"height\":90,\"caption\":\"narteks.net\"},\"image\":{\"@id\":\"https:\/\/narteks.net\/#\/schema\/logo\/image\/\"},\"sameAs\":[\"https:\/\/x.com\/narteks\",\"https:\/\/instagram.com\/narteksnet\"]},{\"@type\":\"Person\",\"@id\":\"https:\/\/narteks.net\/#\/schema\/person\/61f37d9834294b72d31d274e7ed79bca\",\"name\":\"Tar\u0131k\",\"image\":{\"@type\":\"ImageObject\",\"inLanguage\":\"tr\",\"@id\":\"https:\/\/narteks.net\/#\/schema\/person\/image\/\",\"url\":\"https:\/\/secure.gravatar.com\/avatar\/50865afb55632c4ae467e0af0930f6510aa2297d8014be502a55b14f3b7550cf?s=96&d=mm&r=g\",\"contentUrl\":\"https:\/\/secure.gravatar.com\/avatar\/50865afb55632c4ae467e0af0930f6510aa2297d8014be502a55b14f3b7550cf?s=96&d=mm&r=g\",\"caption\":\"Tar\u0131k\"},\"sameAs\":[\"http:\/\/narteks.net\"],\"url\":\"https:\/\/narteks.net\/index.php\/author\/narbak\/\"}]}<\/script>\n<!-- \/ Yoast SEO Premium plugin. -->","yoast_head_json":{"title":"KARA TA\u015e AK TA\u015e \u00dcST\u00dcNE - narteks.net","robots":{"index":"index","follow":"follow","max-snippet":"max-snippet:-1","max-image-preview":"max-image-preview:large","max-video-preview":"max-video-preview:-1"},"canonical":"https:\/\/narteks.net\/index.php\/2010\/08\/13\/kara-tas-ak-tas-ustune\/","og_locale":"tr_TR","og_type":"article","og_title":"KARA TA\u015e AK TA\u015e \u00dcST\u00dcNE","og_description":"\u00a0 Paris&#8217;te \u00f6lece\u011fim bo\u015fanan ya\u011fmurlarla,an\u0131s\u0131n\u0131 \u015fimdiden ya\u015fad\u0131\u011f\u0131m bir g\u00fcnde.Paris&#8217;te \u00f6lece\u011fim &#8211; bu da koymuyor bana &#8211;belki de bug\u00fcn gibi, bir g\u00fcz per\u015fembesinde. Bir per\u015fembe olacak, \u00e7\u00fcnk\u00fc bug\u00fcn, per\u015fembe,yazarken bu dizeleri durmadan s\u0131zl\u0131yor kolum,ve hi\u00e7bir g\u00fcn, ge\u00e7ti\u011fim yollar\u0131nda ya\u015fam\u0131n,yaln\u0131zl\u0131\u011f\u0131 i\u00e7imde bug\u00fcn gibi duymad\u0131m. C\u00e9sar Vallejo \u00f6ld\u00fc, dayak yiye yiye herkesten,oysa kimseyi de incitmemi\u015fti:koca sopalarla vurdular, kal\u0131n [&hellip;]","og_url":"https:\/\/narteks.net\/index.php\/2010\/08\/13\/kara-tas-ak-tas-ustune\/","og_site_name":"narteks.net","article_published_time":"2010-08-13T09:40:35+00:00","og_image":[{"width":300,"height":90,"url":"https:\/\/narteks.net\/wp-content\/uploads\/narteks.png","type":"image\/png"}],"author":"Tar\u0131k","twitter_card":"summary_large_image","twitter_creator":"@narteks","twitter_site":"@narteks","twitter_misc":{"Yazan:":"Tar\u0131k","Tahmini okuma s\u00fcresi":"1 dakika"},"schema":{"@context":"https:\/\/schema.org","@graph":[{"@type":"Article","@id":"https:\/\/narteks.net\/index.php\/2010\/08\/13\/kara-tas-ak-tas-ustune\/#article","isPartOf":{"@id":"https:\/\/narteks.net\/index.php\/2010\/08\/13\/kara-tas-ak-tas-ustune\/"},"author":{"name":"Tar\u0131k","@id":"https:\/\/narteks.net\/#\/schema\/person\/61f37d9834294b72d31d274e7ed79bca"},"headline":"KARA TA\u015e AK TA\u015e \u00dcST\u00dcNE","datePublished":"2010-08-13T09:40:35+00:00","mainEntityOfPage":{"@id":"https:\/\/narteks.net\/index.php\/2010\/08\/13\/kara-tas-ak-tas-ustune\/"},"wordCount":120,"commentCount":0,"publisher":{"@id":"https:\/\/narteks.net\/#organization"},"articleSection":["Cesar VALLEJO"],"inLanguage":"tr","potentialAction":[{"@type":"CommentAction","name":"Comment","target":["https:\/\/narteks.net\/index.php\/2010\/08\/13\/kara-tas-ak-tas-ustune\/#respond"]}]},{"@type":"WebPage","@id":"https:\/\/narteks.net\/index.php\/2010\/08\/13\/kara-tas-ak-tas-ustune\/","url":"https:\/\/narteks.net\/index.php\/2010\/08\/13\/kara-tas-ak-tas-ustune\/","name":"KARA TA\u015e AK TA\u015e \u00dcST\u00dcNE - narteks.net","isPartOf":{"@id":"https:\/\/narteks.net\/#website"},"datePublished":"2010-08-13T09:40:35+00:00","breadcrumb":{"@id":"https:\/\/narteks.net\/index.php\/2010\/08\/13\/kara-tas-ak-tas-ustune\/#breadcrumb"},"inLanguage":"tr","potentialAction":[{"@type":"ReadAction","target":["https:\/\/narteks.net\/index.php\/2010\/08\/13\/kara-tas-ak-tas-ustune\/"]}]},{"@type":"BreadcrumbList","@id":"https:\/\/narteks.net\/index.php\/2010\/08\/13\/kara-tas-ak-tas-ustune\/#breadcrumb","itemListElement":[{"@type":"ListItem","position":1,"name":"Anasayfa","item":"https:\/\/narteks.net\/"},{"@type":"ListItem","position":2,"name":"KARA TA\u015e AK TA\u015e \u00dcST\u00dcNE"}]},{"@type":"WebSite","@id":"https:\/\/narteks.net\/#website","url":"https:\/\/narteks.net\/","name":"narteks.net","description":"K\u00fclt\u00fcr Sanat Edebiyat Felsefe","publisher":{"@id":"https:\/\/narteks.net\/#organization"},"alternateName":"K\u00fclt\u00fcr Sanat Edebiyat Felsefe","potentialAction":[{"@type":"SearchAction","target":{"@type":"EntryPoint","urlTemplate":"https:\/\/narteks.net\/?s={search_term_string}"},"query-input":{"@type":"PropertyValueSpecification","valueRequired":true,"valueName":"search_term_string"}}],"inLanguage":"tr"},{"@type":"Organization","@id":"https:\/\/narteks.net\/#organization","name":"narteks.net","url":"https:\/\/narteks.net\/","logo":{"@type":"ImageObject","inLanguage":"tr","@id":"https:\/\/narteks.net\/#\/schema\/logo\/image\/","url":"https:\/\/narteks.net\/wp-content\/uploads\/narteks.png","contentUrl":"https:\/\/narteks.net\/wp-content\/uploads\/narteks.png","width":300,"height":90,"caption":"narteks.net"},"image":{"@id":"https:\/\/narteks.net\/#\/schema\/logo\/image\/"},"sameAs":["https:\/\/x.com\/narteks","https:\/\/instagram.com\/narteksnet"]},{"@type":"Person","@id":"https:\/\/narteks.net\/#\/schema\/person\/61f37d9834294b72d31d274e7ed79bca","name":"Tar\u0131k","image":{"@type":"ImageObject","inLanguage":"tr","@id":"https:\/\/narteks.net\/#\/schema\/person\/image\/","url":"https:\/\/secure.gravatar.com\/avatar\/50865afb55632c4ae467e0af0930f6510aa2297d8014be502a55b14f3b7550cf?s=96&d=mm&r=g","contentUrl":"https:\/\/secure.gravatar.com\/avatar\/50865afb55632c4ae467e0af0930f6510aa2297d8014be502a55b14f3b7550cf?s=96&d=mm&r=g","caption":"Tar\u0131k"},"sameAs":["http:\/\/narteks.net"],"url":"https:\/\/narteks.net\/index.php\/author\/narbak\/"}]}},"_links":{"self":[{"href":"https:\/\/narteks.net\/index.php\/wp-json\/wp\/v2\/posts\/4664","targetHints":{"allow":["GET"]}}],"collection":[{"href":"https:\/\/narteks.net\/index.php\/wp-json\/wp\/v2\/posts"}],"about":[{"href":"https:\/\/narteks.net\/index.php\/wp-json\/wp\/v2\/types\/post"}],"author":[{"embeddable":true,"href":"https:\/\/narteks.net\/index.php\/wp-json\/wp\/v2\/users\/1"}],"replies":[{"embeddable":true,"href":"https:\/\/narteks.net\/index.php\/wp-json\/wp\/v2\/comments?post=4664"}],"version-history":[{"count":0,"href":"https:\/\/narteks.net\/index.php\/wp-json\/wp\/v2\/posts\/4664\/revisions"}],"wp:attachment":[{"href":"https:\/\/narteks.net\/index.php\/wp-json\/wp\/v2\/media?parent=4664"}],"wp:term":[{"taxonomy":"category","embeddable":true,"href":"https:\/\/narteks.net\/index.php\/wp-json\/wp\/v2\/categories?post=4664"},{"taxonomy":"post_tag","embeddable":true,"href":"https:\/\/narteks.net\/index.php\/wp-json\/wp\/v2\/tags?post=4664"}],"curies":[{"name":"wp","href":"https:\/\/api.w.org\/{rel}","templated":true}]}}