{"id":4668,"date":"2010-08-13T12:44:44","date_gmt":"2010-08-13T09:44:44","guid":{"rendered":"http:\/\/localhost\/wordpress\/2010\/08\/13\/adim-cesar-vallejo-olmasaydi-da-cekecektim-bu-aciyi-cesar-vallejo\/"},"modified":"2010-08-13T12:44:44","modified_gmt":"2010-08-13T09:44:44","slug":"adim-cesar-vallejo-olmasaydi-da-cekecektim-bu-aciyi-cesar-vallejo","status":"publish","type":"post","link":"https:\/\/narteks.net\/index.php\/2010\/08\/13\/adim-cesar-vallejo-olmasaydi-da-cekecektim-bu-aciyi-cesar-vallejo\/","title":{"rendered":"Ad\u0131m Cesar Vallejo olmasayd\u0131 da \u00e7ekecektim bu ac\u0131y\u0131 | Cesar Vallejo"},"content":{"rendered":"<p style=\"text-align: justify;\"><img loading=\"lazy\" decoding=\"async\" src=\"http:\/\/poemsforever.yolasite.com\/resources\/019Cesar_Vallejo\/5_poemsforever_cesar_vallejo.JPG?timestamp=1274268543130\" border=\"0\" width=\"155\" height=\"205\" style=\"float: left; border: 0;\" \/><\/p>\n<p style=\"text-align: justify;\">Bu ac\u0131y\u0131 Cesar Vallejo olarak \u00e7ekmiyorum. \u015eu anda ne sanat\u00e7\u0131, ne bir insan, hatta ne de bir canl\u0131 varl\u0131k olarak ac\u0131 \u00e7ekmiyorum. Bu ac\u0131y\u0131 bir Katolik, bir Muhammed\u00ee yahut dinsiz olarak \u00e7ekmiyorum.<\/p>\n<p style=\"text-align: justify;\">Yaln\u0131zca ac\u0131 \u00e7ekiyorum bug\u00fcn. Ad\u0131m Cesar Vallejo olmasayd\u0131 da \u00e7ekecektim bu ac\u0131y\u0131. Sanat\u00e7\u0131 olmasayd\u0131m, ayn\u0131 ac\u0131y\u0131 duyacakt\u0131m yine. \u0130nsan da olmasayd\u0131m, hatta canl\u0131 varl\u0131k ta, b\u00f6ylesine \u00e7ekecektim bu ac\u0131y\u0131. Katolik te olmasam, tanr\u0131-tan\u0131maz da olmasam, Muhammed\u00ee de olmasam yine ac\u0131 i\u00e7inde olacakt\u0131m. Bug\u00fcn en dipten ba\u015flayarak ac\u0131 \u00e7ekiyorum. Yaln\u0131zca ac\u0131 \u00e7ekiyorum bug\u00fcn.<\/p>\n<p>A\u00e7\u0131klamas\u0131z bir ac\u0131 i\u00e7indeyim \u015fu anda. \u00d6yle derin ki ac\u0131m bir sebebe ba\u011flanamaz, bir sebebe de ba\u011flanamaz. Sebep ne olsun ki? Ona sebep olabilecek \u00f6nemdeki \u015fey nerede? Hi\u00e7bir \u015fey sebebi de\u011fil, hi\u00e7bir \u015fey ona sebep olacak g\u00fc\u00e7te de\u011fil. Bu ac\u0131dan do\u011fan \u015fey ne i\u015fe yarar.<\/p>\n<p>Benim ac\u0131m bir tuhaf ku\u015flar\u0131n kuzey ve g\u00fcney r\u00fczg\u00e2rlar\u0131ndan d\u00f6llenip sald\u0131klar\u0131 tarafs\u0131z yumurtalardand\u0131r. Sevdi\u011fim k\u0131z \u00f6lseydi, ac\u0131m \u00e7ekti\u011fim ac\u0131 olmakta devam ederdi. Boynumu kesselerdi usturayla, ben yine \u015fimdi duydu\u011fum ac\u0131y\u0131 duyard\u0131m. Bu hayatta de\u011fil bir ba\u015fka hayatta olsayd\u0131m \u00e7ekece\u011fim bundan ba\u015fka bir ac\u0131 olmazd\u0131. Bug\u00fcn en y\u00fccelerden ba\u015flayarak ac\u0131 \u00e7ekiyorum. Yaln\u0131zca ac\u0131 \u00e7ekiyorum bug\u00fcn.<\/p>\n<p>A\u00e7lar\u0131n ac\u0131s\u0131na bak\u0131yorum da benimkinden nas\u0131l da uzakta g\u00f6r\u00fcyorum onu. A\u00e7l\u0131ktan \u00f6lecek olsam, bir ot olsun biterdi mezar\u0131mda. Ayn\u0131 \u015fey \u00e2\u015f\u0131klar i\u00e7in de \u00f6yledir. \u00c2\u015f\u0131\u011f\u0131n kan\u0131, hangi kaynaktan ve ne y\u00f6ne akt\u0131\u011f\u0131 belli olmayan benim kan\u0131m yan\u0131nda nedir ki?<\/p>\n<p>\u015eimdiye dek evrendeki her \u015feyin ka\u00e7\u0131n\u0131lmaz olarak baba-o\u011ful ba\u011flant\u0131s\u0131 i\u00e7inde oldu\u011funu d\u00fc\u015f\u00fcn\u00fcrd\u00fcm. Oysa bug\u00fcn i\u015fte bak\u0131n ne babad\u0131r benim ac\u0131m ne o\u011ful. Batan g\u00fcn olmaya t\u00fcmse\u011fi yok, fazlas\u0131yla sinesi var do\u011fan g\u00fcn olmak i\u00e7in ve lo\u015f bir yere konacak olsa hi\u00e7 \u0131\u015f\u0131k salmayacak, ayd\u0131nl\u0131k bir yere koysan g\u00f6lgesi olmaz. Bug\u00fcn ac\u0131 \u00e7ekiyorum, olsun ne olacaksa. Bug\u00fcn ac\u0131 \u00e7ekiyorum yaln\u0131zca.<\/p>\n<p>\u00a0<\/p>\n<p style=\"text-align: justify;\">***<\/p>\n<p style=\"text-align: justify;\">Perulu \u015fair C\u00e9sar Abraham Vallejo Mendoza 16 Mart 1892 tarihinde Peru&#8217;nun kuzey b\u00f6lgesinde Santiago de Chuco&#8217;da do\u011fdu, 15 Nisan 1938\u00a0 tarihinde Paris&#8217;te kendini a\u00e7 b\u0131rakmak suretiyle intihar etti. Trujillo \u00dcniversitesi&#8217;nde hukuk ve edebiyat\u00a0 okudu. \u0130lk \u015fiir kitab\u0131 olan Los Heraldos Negros&#8217;u 1918&#8217;de yay\u0131nlad\u0131. 1920&#8217;de sokak g\u00f6sterilerine kat\u0131ld\u0131\u011f\u0131 i\u00e7in tutukland\u0131. 4 ay cezaevinde kald\u0131.<\/p>\n<p style=\"text-align: justify;\">Bu haks\u0131z tutuklanma onda uzun y\u0131llar s\u00fcrecek travmaya yol a\u00e7t\u0131. \u0130kinci \u015fiir kitab\u0131 Trilce yay\u0131nland\u0131\u011f\u0131nda (1922) umdu\u011fu ilgiyi g\u00f6rmeyince d\u00fc\u015f k\u0131r\u0131kl\u0131\u011f\u0131 i\u00e7inde Paris&#8217; e gitti. Yoksulluk i\u00e7inde ya\u015fam\u0131n\u0131 gazetelere yaz\u0131 yazarak s\u00fcrd\u00fcrd\u00fc. 1925-30 y\u0131llar\u0131 aras\u0131nda Peru&#8217;da \u00e7\u0131kan Mundial ve Variadades adl\u0131 dergilerde yap\u0131tlar\u0131 yay\u0131mland\u0131. Paris&#8217;te Favorables-Paris-Poemas adl\u0131 bir derginin yay\u0131n\u0131na katk\u0131da bulundu.<\/p>\n<p style=\"text-align: justify;\">1928 ve 1929 y\u0131llar\u0131nda iki kez Rusya&#8217;y\u0131 boydan boya gezdi. 1930&#8242; da siyasal nedenlerle Fransa&#8217;dan s\u0131n\u0131r d\u0131\u015f\u0131 edildi. Madrid&#8217;e ge\u00e7ti. Daha sonra 1933&#8217;de yine Paris&#8217; e d\u00f6nd\u00fc. \u0130spanyol \u0130\u00e7 Sava\u015f\u0131 \u00e7\u0131k\u0131nca yeniden \u0130spanya&#8217;ya ge\u00e7ti ve Cumhuriyet\u00e7ileri destekleyen cephede etkin olarak \u00e7al\u0131\u015ft\u0131. \u00d6mr\u00fcn\u00fcn geri kalan g\u00fcnlerini Marsilya, Nice ve Paris&#8217; de ge\u00e7irdi. \u00c7a\u011fda\u015f Latin Amerika \u015eiiri&#8217;nin en h\u00fcmanist \u015fairlerinden C\u00e9sar Vallejo kendine \u00f6zg\u00fc karma\u015f\u0131k bir \u015fiir diliyle yo\u011fun ki\u015fisel duygular\u0131n\u0131 ve \u00e7a\u011f\u0131n\u0131n sorunlar\u0131n\u0131 yans\u0131tan devrimci-mistik \u015fiirler yazm\u0131\u015ft\u0131r.<\/p>\n<p style=\"text-align: justify;\">Che Guevara katledildi\u011finde \u00e7antas\u0131ndan \u00e7\u0131kan kendi el yaz\u0131s\u0131yla yazd\u0131\u011f\u0131 \u015fiirler aras\u0131nda Leon Felipe, Pablo Neruda,  Nicolas Guillen, Cesar Vallejo \u015fiirleri vard\u0131.<\/p>\n<p style=\"text-align: justify;\">\u015eairin, \u015fiirlerinin bir k\u0131sm\u0131n\u0131 sitemizde bulabilirsiniz&#8230;.<\/p>\n","protected":false},"excerpt":{"rendered":"<p>Bu ac\u0131y\u0131 Cesar Vallejo olarak \u00e7ekmiyorum. \u015eu anda ne sanat\u00e7\u0131, ne bir insan, hatta ne de bir canl\u0131 varl\u0131k olarak ac\u0131 \u00e7ekmiyorum. Bu ac\u0131y\u0131 bir Katolik, bir Muhammed\u00ee yahut dinsiz olarak \u00e7ekmiyorum. Yaln\u0131zca ac\u0131 \u00e7ekiyorum bug\u00fcn. Ad\u0131m Cesar Vallejo olmasayd\u0131 da \u00e7ekecektim bu ac\u0131y\u0131. Sanat\u00e7\u0131 olmasayd\u0131m, ayn\u0131 ac\u0131y\u0131 duyacakt\u0131m yine. \u0130nsan da olmasayd\u0131m, hatta canl\u0131 [&hellip;]<\/p>\n","protected":false},"author":1,"featured_media":0,"comment_status":"open","ping_status":"open","sticky":false,"template":"","format":"standard","meta":{"footnotes":""},"categories":[149],"tags":[],"class_list":{"0":"post-4668","1":"post","2":"type-post","3":"status-publish","4":"format-standard","6":"category-cesar-vallejo"},"yoast_head":"<!-- This site is optimized with the Yoast SEO Premium plugin v24.9 (Yoast SEO v24.9) - https:\/\/yoast.com\/wordpress\/plugins\/seo\/ -->\n<title>Ad\u0131m Cesar Vallejo olmasayd\u0131 da \u00e7ekecektim bu ac\u0131y\u0131 | Cesar Vallejo - narteks.net<\/title>\n<meta name=\"robots\" content=\"index, follow, max-snippet:-1, max-image-preview:large, max-video-preview:-1\" \/>\n<link rel=\"canonical\" href=\"https:\/\/narteks.net\/index.php\/2010\/08\/13\/adim-cesar-vallejo-olmasaydi-da-cekecektim-bu-aciyi-cesar-vallejo\/\" \/>\n<meta property=\"og:locale\" content=\"tr_TR\" \/>\n<meta property=\"og:type\" content=\"article\" \/>\n<meta property=\"og:title\" content=\"Ad\u0131m Cesar Vallejo olmasayd\u0131 da \u00e7ekecektim bu ac\u0131y\u0131 | Cesar Vallejo\" \/>\n<meta property=\"og:description\" content=\"Bu ac\u0131y\u0131 Cesar Vallejo olarak \u00e7ekmiyorum. \u015eu anda ne sanat\u00e7\u0131, ne bir insan, hatta ne de bir canl\u0131 varl\u0131k olarak ac\u0131 \u00e7ekmiyorum. Bu ac\u0131y\u0131 bir Katolik, bir Muhammed\u00ee yahut dinsiz olarak \u00e7ekmiyorum. Yaln\u0131zca ac\u0131 \u00e7ekiyorum bug\u00fcn. Ad\u0131m Cesar Vallejo olmasayd\u0131 da \u00e7ekecektim bu ac\u0131y\u0131. Sanat\u00e7\u0131 olmasayd\u0131m, ayn\u0131 ac\u0131y\u0131 duyacakt\u0131m yine. \u0130nsan da olmasayd\u0131m, hatta canl\u0131 [&hellip;]\" \/>\n<meta property=\"og:url\" content=\"https:\/\/narteks.net\/index.php\/2010\/08\/13\/adim-cesar-vallejo-olmasaydi-da-cekecektim-bu-aciyi-cesar-vallejo\/\" \/>\n<meta property=\"og:site_name\" content=\"narteks.net\" \/>\n<meta property=\"article:published_time\" content=\"2010-08-13T09:44:44+00:00\" \/>\n<meta property=\"og:image\" content=\"http:\/\/poemsforever.yolasite.com\/resources\/019Cesar_Vallejo\/5_poemsforever_cesar_vallejo.JPG?timestamp=1274268543130\" \/>\n<meta name=\"author\" content=\"Tar\u0131k\" \/>\n<meta name=\"twitter:card\" content=\"summary_large_image\" \/>\n<meta name=\"twitter:creator\" content=\"@narteks\" \/>\n<meta name=\"twitter:site\" content=\"@narteks\" \/>\n<meta name=\"twitter:label1\" content=\"Yazan:\" \/>\n\t<meta name=\"twitter:data1\" content=\"Tar\u0131k\" \/>\n\t<meta name=\"twitter:label2\" content=\"Tahmini okuma s\u00fcresi\" \/>\n\t<meta name=\"twitter:data2\" content=\"3 dakika\" \/>\n<script type=\"application\/ld+json\" class=\"yoast-schema-graph\">{\"@context\":\"https:\/\/schema.org\",\"@graph\":[{\"@type\":\"Article\",\"@id\":\"https:\/\/narteks.net\/index.php\/2010\/08\/13\/adim-cesar-vallejo-olmasaydi-da-cekecektim-bu-aciyi-cesar-vallejo\/#article\",\"isPartOf\":{\"@id\":\"https:\/\/narteks.net\/index.php\/2010\/08\/13\/adim-cesar-vallejo-olmasaydi-da-cekecektim-bu-aciyi-cesar-vallejo\/\"},\"author\":{\"name\":\"Tar\u0131k\",\"@id\":\"https:\/\/narteks.net\/#\/schema\/person\/61f37d9834294b72d31d274e7ed79bca\"},\"headline\":\"Ad\u0131m Cesar Vallejo olmasayd\u0131 da \u00e7ekecektim bu ac\u0131y\u0131 | Cesar Vallejo\",\"datePublished\":\"2010-08-13T09:44:44+00:00\",\"mainEntityOfPage\":{\"@id\":\"https:\/\/narteks.net\/index.php\/2010\/08\/13\/adim-cesar-vallejo-olmasaydi-da-cekecektim-bu-aciyi-cesar-vallejo\/\"},\"wordCount\":665,\"commentCount\":0,\"publisher\":{\"@id\":\"https:\/\/narteks.net\/#organization\"},\"image\":{\"@id\":\"https:\/\/narteks.net\/index.php\/2010\/08\/13\/adim-cesar-vallejo-olmasaydi-da-cekecektim-bu-aciyi-cesar-vallejo\/#primaryimage\"},\"thumbnailUrl\":\"http:\/\/poemsforever.yolasite.com\/resources\/019Cesar_Vallejo\/5_poemsforever_cesar_vallejo.JPG?timestamp=1274268543130\",\"articleSection\":[\"Cesar VALLEJO\"],\"inLanguage\":\"tr\",\"potentialAction\":[{\"@type\":\"CommentAction\",\"name\":\"Comment\",\"target\":[\"https:\/\/narteks.net\/index.php\/2010\/08\/13\/adim-cesar-vallejo-olmasaydi-da-cekecektim-bu-aciyi-cesar-vallejo\/#respond\"]}]},{\"@type\":\"WebPage\",\"@id\":\"https:\/\/narteks.net\/index.php\/2010\/08\/13\/adim-cesar-vallejo-olmasaydi-da-cekecektim-bu-aciyi-cesar-vallejo\/\",\"url\":\"https:\/\/narteks.net\/index.php\/2010\/08\/13\/adim-cesar-vallejo-olmasaydi-da-cekecektim-bu-aciyi-cesar-vallejo\/\",\"name\":\"Ad\u0131m Cesar Vallejo olmasayd\u0131 da \u00e7ekecektim bu ac\u0131y\u0131 | Cesar Vallejo - narteks.net\",\"isPartOf\":{\"@id\":\"https:\/\/narteks.net\/#website\"},\"primaryImageOfPage\":{\"@id\":\"https:\/\/narteks.net\/index.php\/2010\/08\/13\/adim-cesar-vallejo-olmasaydi-da-cekecektim-bu-aciyi-cesar-vallejo\/#primaryimage\"},\"image\":{\"@id\":\"https:\/\/narteks.net\/index.php\/2010\/08\/13\/adim-cesar-vallejo-olmasaydi-da-cekecektim-bu-aciyi-cesar-vallejo\/#primaryimage\"},\"thumbnailUrl\":\"http:\/\/poemsforever.yolasite.com\/resources\/019Cesar_Vallejo\/5_poemsforever_cesar_vallejo.JPG?timestamp=1274268543130\",\"datePublished\":\"2010-08-13T09:44:44+00:00\",\"breadcrumb\":{\"@id\":\"https:\/\/narteks.net\/index.php\/2010\/08\/13\/adim-cesar-vallejo-olmasaydi-da-cekecektim-bu-aciyi-cesar-vallejo\/#breadcrumb\"},\"inLanguage\":\"tr\",\"potentialAction\":[{\"@type\":\"ReadAction\",\"target\":[\"https:\/\/narteks.net\/index.php\/2010\/08\/13\/adim-cesar-vallejo-olmasaydi-da-cekecektim-bu-aciyi-cesar-vallejo\/\"]}]},{\"@type\":\"ImageObject\",\"inLanguage\":\"tr\",\"@id\":\"https:\/\/narteks.net\/index.php\/2010\/08\/13\/adim-cesar-vallejo-olmasaydi-da-cekecektim-bu-aciyi-cesar-vallejo\/#primaryimage\",\"url\":\"http:\/\/poemsforever.yolasite.com\/resources\/019Cesar_Vallejo\/5_poemsforever_cesar_vallejo.JPG?timestamp=1274268543130\",\"contentUrl\":\"http:\/\/poemsforever.yolasite.com\/resources\/019Cesar_Vallejo\/5_poemsforever_cesar_vallejo.JPG?timestamp=1274268543130\"},{\"@type\":\"BreadcrumbList\",\"@id\":\"https:\/\/narteks.net\/index.php\/2010\/08\/13\/adim-cesar-vallejo-olmasaydi-da-cekecektim-bu-aciyi-cesar-vallejo\/#breadcrumb\",\"itemListElement\":[{\"@type\":\"ListItem\",\"position\":1,\"name\":\"Anasayfa\",\"item\":\"https:\/\/narteks.net\/\"},{\"@type\":\"ListItem\",\"position\":2,\"name\":\"Ad\u0131m Cesar Vallejo olmasayd\u0131 da \u00e7ekecektim bu ac\u0131y\u0131 | Cesar Vallejo\"}]},{\"@type\":\"WebSite\",\"@id\":\"https:\/\/narteks.net\/#website\",\"url\":\"https:\/\/narteks.net\/\",\"name\":\"narteks.net\",\"description\":\"K\u00fclt\u00fcr Sanat Edebiyat Felsefe\",\"publisher\":{\"@id\":\"https:\/\/narteks.net\/#organization\"},\"alternateName\":\"K\u00fclt\u00fcr Sanat Edebiyat Felsefe\",\"potentialAction\":[{\"@type\":\"SearchAction\",\"target\":{\"@type\":\"EntryPoint\",\"urlTemplate\":\"https:\/\/narteks.net\/?s={search_term_string}\"},\"query-input\":{\"@type\":\"PropertyValueSpecification\",\"valueRequired\":true,\"valueName\":\"search_term_string\"}}],\"inLanguage\":\"tr\"},{\"@type\":\"Organization\",\"@id\":\"https:\/\/narteks.net\/#organization\",\"name\":\"narteks.net\",\"url\":\"https:\/\/narteks.net\/\",\"logo\":{\"@type\":\"ImageObject\",\"inLanguage\":\"tr\",\"@id\":\"https:\/\/narteks.net\/#\/schema\/logo\/image\/\",\"url\":\"https:\/\/narteks.net\/wp-content\/uploads\/narteks.png\",\"contentUrl\":\"https:\/\/narteks.net\/wp-content\/uploads\/narteks.png\",\"width\":300,\"height\":90,\"caption\":\"narteks.net\"},\"image\":{\"@id\":\"https:\/\/narteks.net\/#\/schema\/logo\/image\/\"},\"sameAs\":[\"https:\/\/x.com\/narteks\",\"https:\/\/instagram.com\/narteksnet\"]},{\"@type\":\"Person\",\"@id\":\"https:\/\/narteks.net\/#\/schema\/person\/61f37d9834294b72d31d274e7ed79bca\",\"name\":\"Tar\u0131k\",\"image\":{\"@type\":\"ImageObject\",\"inLanguage\":\"tr\",\"@id\":\"https:\/\/narteks.net\/#\/schema\/person\/image\/\",\"url\":\"https:\/\/secure.gravatar.com\/avatar\/50865afb55632c4ae467e0af0930f6510aa2297d8014be502a55b14f3b7550cf?s=96&d=mm&r=g\",\"contentUrl\":\"https:\/\/secure.gravatar.com\/avatar\/50865afb55632c4ae467e0af0930f6510aa2297d8014be502a55b14f3b7550cf?s=96&d=mm&r=g\",\"caption\":\"Tar\u0131k\"},\"sameAs\":[\"http:\/\/narteks.net\"],\"url\":\"https:\/\/narteks.net\/index.php\/author\/narbak\/\"}]}<\/script>\n<!-- \/ Yoast SEO Premium plugin. -->","yoast_head_json":{"title":"Ad\u0131m Cesar Vallejo olmasayd\u0131 da \u00e7ekecektim bu ac\u0131y\u0131 | Cesar Vallejo - narteks.net","robots":{"index":"index","follow":"follow","max-snippet":"max-snippet:-1","max-image-preview":"max-image-preview:large","max-video-preview":"max-video-preview:-1"},"canonical":"https:\/\/narteks.net\/index.php\/2010\/08\/13\/adim-cesar-vallejo-olmasaydi-da-cekecektim-bu-aciyi-cesar-vallejo\/","og_locale":"tr_TR","og_type":"article","og_title":"Ad\u0131m Cesar Vallejo olmasayd\u0131 da \u00e7ekecektim bu ac\u0131y\u0131 | Cesar Vallejo","og_description":"Bu ac\u0131y\u0131 Cesar Vallejo olarak \u00e7ekmiyorum. \u015eu anda ne sanat\u00e7\u0131, ne bir insan, hatta ne de bir canl\u0131 varl\u0131k olarak ac\u0131 \u00e7ekmiyorum. Bu ac\u0131y\u0131 bir Katolik, bir Muhammed\u00ee yahut dinsiz olarak \u00e7ekmiyorum. Yaln\u0131zca ac\u0131 \u00e7ekiyorum bug\u00fcn. Ad\u0131m Cesar Vallejo olmasayd\u0131 da \u00e7ekecektim bu ac\u0131y\u0131. Sanat\u00e7\u0131 olmasayd\u0131m, ayn\u0131 ac\u0131y\u0131 duyacakt\u0131m yine. \u0130nsan da olmasayd\u0131m, hatta canl\u0131 [&hellip;]","og_url":"https:\/\/narteks.net\/index.php\/2010\/08\/13\/adim-cesar-vallejo-olmasaydi-da-cekecektim-bu-aciyi-cesar-vallejo\/","og_site_name":"narteks.net","article_published_time":"2010-08-13T09:44:44+00:00","og_image":[{"url":"http:\/\/poemsforever.yolasite.com\/resources\/019Cesar_Vallejo\/5_poemsforever_cesar_vallejo.JPG?timestamp=1274268543130","type":"","width":"","height":""}],"author":"Tar\u0131k","twitter_card":"summary_large_image","twitter_creator":"@narteks","twitter_site":"@narteks","twitter_misc":{"Yazan:":"Tar\u0131k","Tahmini okuma s\u00fcresi":"3 dakika"},"schema":{"@context":"https:\/\/schema.org","@graph":[{"@type":"Article","@id":"https:\/\/narteks.net\/index.php\/2010\/08\/13\/adim-cesar-vallejo-olmasaydi-da-cekecektim-bu-aciyi-cesar-vallejo\/#article","isPartOf":{"@id":"https:\/\/narteks.net\/index.php\/2010\/08\/13\/adim-cesar-vallejo-olmasaydi-da-cekecektim-bu-aciyi-cesar-vallejo\/"},"author":{"name":"Tar\u0131k","@id":"https:\/\/narteks.net\/#\/schema\/person\/61f37d9834294b72d31d274e7ed79bca"},"headline":"Ad\u0131m Cesar Vallejo olmasayd\u0131 da \u00e7ekecektim bu ac\u0131y\u0131 | Cesar Vallejo","datePublished":"2010-08-13T09:44:44+00:00","mainEntityOfPage":{"@id":"https:\/\/narteks.net\/index.php\/2010\/08\/13\/adim-cesar-vallejo-olmasaydi-da-cekecektim-bu-aciyi-cesar-vallejo\/"},"wordCount":665,"commentCount":0,"publisher":{"@id":"https:\/\/narteks.net\/#organization"},"image":{"@id":"https:\/\/narteks.net\/index.php\/2010\/08\/13\/adim-cesar-vallejo-olmasaydi-da-cekecektim-bu-aciyi-cesar-vallejo\/#primaryimage"},"thumbnailUrl":"http:\/\/poemsforever.yolasite.com\/resources\/019Cesar_Vallejo\/5_poemsforever_cesar_vallejo.JPG?timestamp=1274268543130","articleSection":["Cesar VALLEJO"],"inLanguage":"tr","potentialAction":[{"@type":"CommentAction","name":"Comment","target":["https:\/\/narteks.net\/index.php\/2010\/08\/13\/adim-cesar-vallejo-olmasaydi-da-cekecektim-bu-aciyi-cesar-vallejo\/#respond"]}]},{"@type":"WebPage","@id":"https:\/\/narteks.net\/index.php\/2010\/08\/13\/adim-cesar-vallejo-olmasaydi-da-cekecektim-bu-aciyi-cesar-vallejo\/","url":"https:\/\/narteks.net\/index.php\/2010\/08\/13\/adim-cesar-vallejo-olmasaydi-da-cekecektim-bu-aciyi-cesar-vallejo\/","name":"Ad\u0131m Cesar Vallejo olmasayd\u0131 da \u00e7ekecektim bu ac\u0131y\u0131 | Cesar Vallejo - narteks.net","isPartOf":{"@id":"https:\/\/narteks.net\/#website"},"primaryImageOfPage":{"@id":"https:\/\/narteks.net\/index.php\/2010\/08\/13\/adim-cesar-vallejo-olmasaydi-da-cekecektim-bu-aciyi-cesar-vallejo\/#primaryimage"},"image":{"@id":"https:\/\/narteks.net\/index.php\/2010\/08\/13\/adim-cesar-vallejo-olmasaydi-da-cekecektim-bu-aciyi-cesar-vallejo\/#primaryimage"},"thumbnailUrl":"http:\/\/poemsforever.yolasite.com\/resources\/019Cesar_Vallejo\/5_poemsforever_cesar_vallejo.JPG?timestamp=1274268543130","datePublished":"2010-08-13T09:44:44+00:00","breadcrumb":{"@id":"https:\/\/narteks.net\/index.php\/2010\/08\/13\/adim-cesar-vallejo-olmasaydi-da-cekecektim-bu-aciyi-cesar-vallejo\/#breadcrumb"},"inLanguage":"tr","potentialAction":[{"@type":"ReadAction","target":["https:\/\/narteks.net\/index.php\/2010\/08\/13\/adim-cesar-vallejo-olmasaydi-da-cekecektim-bu-aciyi-cesar-vallejo\/"]}]},{"@type":"ImageObject","inLanguage":"tr","@id":"https:\/\/narteks.net\/index.php\/2010\/08\/13\/adim-cesar-vallejo-olmasaydi-da-cekecektim-bu-aciyi-cesar-vallejo\/#primaryimage","url":"http:\/\/poemsforever.yolasite.com\/resources\/019Cesar_Vallejo\/5_poemsforever_cesar_vallejo.JPG?timestamp=1274268543130","contentUrl":"http:\/\/poemsforever.yolasite.com\/resources\/019Cesar_Vallejo\/5_poemsforever_cesar_vallejo.JPG?timestamp=1274268543130"},{"@type":"BreadcrumbList","@id":"https:\/\/narteks.net\/index.php\/2010\/08\/13\/adim-cesar-vallejo-olmasaydi-da-cekecektim-bu-aciyi-cesar-vallejo\/#breadcrumb","itemListElement":[{"@type":"ListItem","position":1,"name":"Anasayfa","item":"https:\/\/narteks.net\/"},{"@type":"ListItem","position":2,"name":"Ad\u0131m Cesar Vallejo olmasayd\u0131 da \u00e7ekecektim bu ac\u0131y\u0131 | Cesar Vallejo"}]},{"@type":"WebSite","@id":"https:\/\/narteks.net\/#website","url":"https:\/\/narteks.net\/","name":"narteks.net","description":"K\u00fclt\u00fcr Sanat Edebiyat Felsefe","publisher":{"@id":"https:\/\/narteks.net\/#organization"},"alternateName":"K\u00fclt\u00fcr Sanat Edebiyat Felsefe","potentialAction":[{"@type":"SearchAction","target":{"@type":"EntryPoint","urlTemplate":"https:\/\/narteks.net\/?s={search_term_string}"},"query-input":{"@type":"PropertyValueSpecification","valueRequired":true,"valueName":"search_term_string"}}],"inLanguage":"tr"},{"@type":"Organization","@id":"https:\/\/narteks.net\/#organization","name":"narteks.net","url":"https:\/\/narteks.net\/","logo":{"@type":"ImageObject","inLanguage":"tr","@id":"https:\/\/narteks.net\/#\/schema\/logo\/image\/","url":"https:\/\/narteks.net\/wp-content\/uploads\/narteks.png","contentUrl":"https:\/\/narteks.net\/wp-content\/uploads\/narteks.png","width":300,"height":90,"caption":"narteks.net"},"image":{"@id":"https:\/\/narteks.net\/#\/schema\/logo\/image\/"},"sameAs":["https:\/\/x.com\/narteks","https:\/\/instagram.com\/narteksnet"]},{"@type":"Person","@id":"https:\/\/narteks.net\/#\/schema\/person\/61f37d9834294b72d31d274e7ed79bca","name":"Tar\u0131k","image":{"@type":"ImageObject","inLanguage":"tr","@id":"https:\/\/narteks.net\/#\/schema\/person\/image\/","url":"https:\/\/secure.gravatar.com\/avatar\/50865afb55632c4ae467e0af0930f6510aa2297d8014be502a55b14f3b7550cf?s=96&d=mm&r=g","contentUrl":"https:\/\/secure.gravatar.com\/avatar\/50865afb55632c4ae467e0af0930f6510aa2297d8014be502a55b14f3b7550cf?s=96&d=mm&r=g","caption":"Tar\u0131k"},"sameAs":["http:\/\/narteks.net"],"url":"https:\/\/narteks.net\/index.php\/author\/narbak\/"}]}},"_links":{"self":[{"href":"https:\/\/narteks.net\/index.php\/wp-json\/wp\/v2\/posts\/4668","targetHints":{"allow":["GET"]}}],"collection":[{"href":"https:\/\/narteks.net\/index.php\/wp-json\/wp\/v2\/posts"}],"about":[{"href":"https:\/\/narteks.net\/index.php\/wp-json\/wp\/v2\/types\/post"}],"author":[{"embeddable":true,"href":"https:\/\/narteks.net\/index.php\/wp-json\/wp\/v2\/users\/1"}],"replies":[{"embeddable":true,"href":"https:\/\/narteks.net\/index.php\/wp-json\/wp\/v2\/comments?post=4668"}],"version-history":[{"count":0,"href":"https:\/\/narteks.net\/index.php\/wp-json\/wp\/v2\/posts\/4668\/revisions"}],"wp:attachment":[{"href":"https:\/\/narteks.net\/index.php\/wp-json\/wp\/v2\/media?parent=4668"}],"wp:term":[{"taxonomy":"category","embeddable":true,"href":"https:\/\/narteks.net\/index.php\/wp-json\/wp\/v2\/categories?post=4668"},{"taxonomy":"post_tag","embeddable":true,"href":"https:\/\/narteks.net\/index.php\/wp-json\/wp\/v2\/tags?post=4668"}],"curies":[{"name":"wp","href":"https:\/\/api.w.org\/{rel}","templated":true}]}}