{"id":4672,"date":"2010-08-17T11:15:23","date_gmt":"2010-08-17T08:15:23","guid":{"rendered":"http:\/\/localhost\/wordpress\/2010\/08\/17\/panayirin-sinekleri-uzerine-friedrich-wilhelm-nietzsche\/"},"modified":"2010-08-17T11:15:23","modified_gmt":"2010-08-17T08:15:23","slug":"panayirin-sinekleri-uzerine-friedrich-wilhelm-nietzsche","status":"publish","type":"post","link":"https:\/\/narteks.net\/index.php\/2010\/08\/17\/panayirin-sinekleri-uzerine-friedrich-wilhelm-nietzsche\/","title":{"rendered":"Panay\u0131r\u0131n Sinekleri \u00dczerine |  Friedrich Wilhelm Nietzsche"},"content":{"rendered":"<p style=\"text-align: justify;\"><img loading=\"lazy\" decoding=\"async\" src=\"images\/stories\/nietzsche1.jpg\" border=\"0\" width=\"155\" height=\"205\" style=\"float: left;\" \/>Dostum yaln\u0131zl\u0131\u011fa ka\u00e7! Seni b\u00fcy\u00fck adamlar\u0131n g\u00fcr\u00fclt\u00fcs\u00fcnden sersemlemi\u015f ve k\u00fc\u00e7\u00fcklerin i\u011fnesiyle didiklenmi\u015f g\u00f6r\u00fcyorum. Orman ve kaya seninle vakur, susmay\u0131 bilirler. Sevdi\u011fin geni\u015f dall\u0131 a\u011faca benze yine! O, denizin kenar\u0131nda susan ve dinleyen bir tav\u0131rla durmaktad\u0131r.<\/p>\n<p>Yaln\u0131zl\u0131\u011f\u0131n bitti\u011fi yerde panay\u0131r ba\u015flar ve panay\u0131r\u0131n ba\u015flad\u0131\u011f\u0131 yerde b\u00fcy\u00fck artistlerin g\u00fcr\u00fclt\u00fcs\u00fc ve zehirli sineklerin v\u0131z\u0131lt\u0131s\u0131 ba\u015flar. D\u00fcnyada en iyi \u015feyler bile, g\u00f6sterecek kimse bulunmazsa, bir \u015feye yaramaz. Halk bu g\u00f6stericilere b\u00fcy\u00fck adam der. Halk b\u00fcy\u00fckten pek anlamaz. B\u00fcy\u00fck, yarat\u0131c\u0131d\u0131r. Oysaki halk yaln\u0131z b\u00fcy\u00fck davalar\u0131n g\u00f6stericilerini ve artistlerini tan\u0131r. D\u00fcnya, yeni de\u011ferler yaratanlar\u0131n etraf\u0131nda d\u00f6ner. G\u00f6r\u00fcnmeden d\u00f6ner. Oysaki halk ve \u015f\u00f6hret artistlerin etraf\u0131nda d\u00f6ner. D\u00fcnyan\u0131n gidi\u015fi b\u00f6yledir. Artistin zekas\u0131 vard\u0131r. Fakat zekan\u0131n vicdan\u0131 zay\u0131ft\u0131r. O daima en \u00e7ok inand\u0131rabilece\u011fi \u015feye inan\u0131r. Yar\u0131n ba\u015fka, \u00f6b\u00fcr g\u00fcn ba\u015fka bir \u015feye inan\u0131r. Onun duygular\u0131 halk gibi ve hava gibi s\u0131k de\u011fi\u015fir.<\/p>\n<p style=\"text-align: justify;\">Panay\u0131r \u015fatafatl\u0131 \u015faklabanlarla doludur ve halk bu b\u00fcy\u00fck adamlarla \u00f6v\u00fcn\u00fcr. Onca zaman\u0131n egemenleri bunlard\u0131r.Fakat zaman onlar\u0131 bask\u0131 alt\u0131na al\u0131r, b\u00f6ylece seni bask\u0131 alt\u0131na al\u0131rlar ve senden de bir evet ve hay\u0131r isterler. Yaz\u0131k, bu &#8220;leh&#8221; ve &#8220;aleyh&#8221; aras\u0131nda m? yer almak istiyorsun? Ey ger\u00e7ek a\u015f\u0131\u011f\u0131, bu sokulganlar\u0131 ve d\u00f6nekleri k\u0131skanma, ger\u00e7ek hi\u00e7bir zaman bir d\u00f6ne\u011fin koluna as\u0131lmam\u0131\u015ft\u0131r! Bu b\u0131kt\u0131ran, usand\u0131ranlardan kendini koru. insan\u0131 ancak panay\u0131rda &#8220;evet&#8221; veya &#8220;hay\u0131r&#8221;la bast\u0131r\u0131rlar.<\/p>\n<p>B\u00fcy\u00fcn derin kaynaklar\u0131n duyu\u015fu yava\u015ft\u0131r: Derinliklerine d\u00fc\u015fen bir \u015feyin ne oldu\u011funu anlamak i\u00e7in uzun zaman beklemeleri gerekir. Ger\u00e7ek b\u00fcy\u00fckl\u00fckler panay\u0131r\u0131n ve \u015f\u00f6hretin \u00f6tesindedirler. Yeni de\u011ferlerin yarat\u0131c\u0131lar\u0131 daima panay\u0131r\u0131n ve \u015f\u00f6hretin \u00fcst\u00fcnde bulunurlar.<\/p>\n<p>Dostum, yaln\u0131zl\u0131\u011f\u0131na ka\u00e7. Seni zehirli sineklerle didiklenmi\u015f buluyorum. Sert ve sa\u011flam bir havan\u0131n esti\u011fi yerlere ka\u00e7! Yaln\u0131zl\u0131\u011f\u0131na ka\u00e7. Sen k\u00fc\u00e7\u00fcklere ve ac\u0131nacak adamlara \u00e7ok yak\u0131n ya\u015fad\u0131n. Onlar\u0131n g\u00f6r\u00fcnmez \u00f6\u00e7lerinden ka\u00e7. Bunlar senin i\u00e7in \u00f6\u00e7ten ba\u015fka bir\u015fey de\u011fildirler. Onlara art\u0131k el kald\u0131rma! Onlar say\u0131s\u0131zd\u0131r. Ve sinek avc\u0131l\u0131\u011f\u0131 sana d\u00fc\u015fmez. Bu k\u00fc\u00e7\u00fckler ve ac\u0131nacak yarat\u0131klar say\u0131s\u0131zd\u0131r. Ve nice g\u00f6rkemli yap\u0131lar\u0131 ya\u011fmur damlalar\u0131 ve vah\u015fi otlar harap etmi\u015ftir.. Sen bir kaya de\u011filsin, fakat damlalar\u0131n \u00e7oklu\u011fu seni oymu\u015f bile! Damlalar\u0131n \u00e7oklu\u011fundan \u00e7atlayacaks\u0131n..<\/p>\n<p>Zehirli sineklerden seni yorulmu\u015f g\u00f6r\u00fcyorum.Y\u00fcz yerinde kanayan yaralar a\u00e7\u0131lm\u0131\u015f g\u00f6r\u00fcyorum. Ve gururun \u00f6fkelenmek bile istemiyor. Onlar senden masumiyetle kan isterler. Kans\u0131z ruhlar\u0131 kana hasrettir. Onun i\u00e7in b\u00fct\u00fcn masumiyetleriyle sokarlar. Fakat ey derin adam, sen k\u00fc\u00e7\u00fck yaralar\u0131n da ac\u0131s\u0131n\u0131 pek derinden duyuyorsun ve daha \u015fifa bulmadan ayn\u0131 zehirli s\u00fcl\u00fck v\u00fccuduna tekrar sokulur. Bu pis bo\u011fazlar\u0131 \u00f6ld\u00fcremeyecek kadar gururlusun. Fakat sak\u0131n ki, onlar\u0131n b\u00fct\u00fcn bu zehirli haks\u0131zl\u0131klar\u0131na dayanmak sana bela getirmesin ?<\/p>\n<p>Onlar seni \u00f6verek de etraf\u0131nda v\u0131z\u0131ldarlar. Y\u0131l\u0131\u015f\u0131kl\u0131k onlar\u0131n \u00f6v\u00fc\u015f\u00fcd\u00fcr. Onlar senin derine ve kan\u0131na yak\u0131n olmak isterler. Sana bir tanr\u0131 veya \u015feytana tapt\u0131klar\u0131 gibi y\u0131l\u0131\u015f\u0131rlar. Bir tanr\u0131 veya \u015feytan kar\u015f\u0131s\u0131nda oldu\u011fu gibi ac\u0131n\u0131rlar. Fakat neye yarar? Onlar dalkavuk ve m\u0131zm\u0131zlard\u0131r. Ba\u015fka bir\u015fey de\u011fillerdir. \u00c7ok defa kendilerini sana ho\u015f g\u00f6sterirler. Fakat korkaklar\u0131n kurnazl\u0131\u011f\u0131 her zaman bu olmu\u015ftur. Evet korkaklar, kurnazd\u0131r. Dar ruhlar\u0131yla seni \u00e7ok d\u00fc\u015f\u00fcn\u00fcrler. Sen onlarca her zaman d\u00fc\u015f\u00fcnd\u00fcr\u00fcc\u00fc bir \u015feysin. \u00c7ok d\u00fc\u015f\u00fcn\u00fclen her\u015fey, d\u00fc\u015f\u00fcnd\u00fcr\u00fcc\u00fc olur.<\/p>\n<p>Bu erdemlerin i\u00e7in seni cezaland\u0131r\u0131rlar. Asl\u0131nda yaln\u0131z hatalar\u0131n\u0131 ba\u011f\u0131\u015flarlar. Sen sakin ve d\u00fcr\u00fcst oldu\u011fun i\u00e7in dersinki; &#8220;Bu k\u00fc\u00e7\u00fck varl\u0131klar su\u00e7suzdur.&#8221; Fakat onlar\u0131n dar ruhlar\u0131 \u015f\u00f6yle d\u00fc\u015f\u00fcn\u00fcr: &#8220;B\u00fct\u00fcn b\u00fcy\u00fck varl\u0131klar su\u00e7ludur&#8221;.<\/p>\n<p>Sen onlara \u015fefkatli olsan bile kendilerine hakaret etti\u011fini zannederler ve senin iyili\u011fine, gizli ac\u0131larla kar\u015f\u0131l\u0131k verirler. Senin sessiz gururun onlar\u0131n zevkini bozar. Bir defa da gururlu olacak kadar al\u00e7akg\u00f6n\u00fcll\u00fc olursan seni ayart\u0131lar. Biz bir adamda buldu\u011fumuzu alevlendiririz de! Onun i\u00e7in k\u00fc\u00e7\u00fcklerden sak\u0131n! Senin kar\u015f\u0131nda kendilerini k\u00fc\u00e7\u00fck g\u00f6r\u00fcrler ve al\u00e7akl\u0131klar\u0131 sana kar\u0131\u015f g\u00f6r\u00fcnmez bir kin halinde yanar, tutu\u015fur.<\/p>\n<p>Kendilerine yakla\u015ft\u0131\u011f\u0131n zaman nas\u0131l sustuklar\u0131n\u0131 ve kuvvetlerinin, s\u00f6nm\u00fc\u015f bir ate\u015fin duman\u0131 gibi, kayboldu\u011funu hissetmedin mi ? Evet dostum, sen en yak\u0131nlar\u0131n i\u00e7in bir vicdan azab\u0131s\u0131n; \u00e7\u00fcnk\u00fc onlar sana lay\u0131k de\u011fillerdir. B\u00f6ylece senden nefret ederler. Ve kan\u0131n\u0131 emmek isterler.<\/p>\n<p>Yak\u0131nlar\u0131n daima zehirli sinek olacaklard\u0131r. Sende b\u00fcy\u00fck olan \u015fey, onlar\u0131 daima daha zehirli ve daha fazla sinek yapacakt\u0131r. Dostum yaln\u0131zl\u0131\u011f\u0131na, sert ve kuvvetli bir havan\u0131n esti\u011fi yere \u00e7ekil. Senin k\u0131smetin sinek kovalay\u0131c\u0131l\u0131\u011f\u0131 de\u011fildir&#8230;<\/p>\n<p>Friedrich Wilhelm Nietzsche<\/p>\n<p>\u00a0<\/p>\n","protected":false},"excerpt":{"rendered":"<p>Dostum yaln\u0131zl\u0131\u011fa ka\u00e7! Seni b\u00fcy\u00fck adamlar\u0131n g\u00fcr\u00fclt\u00fcs\u00fcnden sersemlemi\u015f ve k\u00fc\u00e7\u00fcklerin i\u011fnesiyle didiklenmi\u015f g\u00f6r\u00fcyorum. Orman ve kaya seninle vakur, susmay\u0131 bilirler. Sevdi\u011fin geni\u015f dall\u0131 a\u011faca benze yine! O, denizin kenar\u0131nda susan ve dinleyen bir tav\u0131rla durmaktad\u0131r. Yaln\u0131zl\u0131\u011f\u0131n bitti\u011fi yerde panay\u0131r ba\u015flar ve panay\u0131r\u0131n ba\u015flad\u0131\u011f\u0131 yerde b\u00fcy\u00fck artistlerin g\u00fcr\u00fclt\u00fcs\u00fc ve zehirli sineklerin v\u0131z\u0131lt\u0131s\u0131 ba\u015flar. D\u00fcnyada en iyi [&hellip;]<\/p>\n","protected":false},"author":1,"featured_media":0,"comment_status":"open","ping_status":"open","sticky":false,"template":"","format":"standard","meta":{"footnotes":""},"categories":[73],"tags":[],"class_list":{"0":"post-4672","1":"post","2":"type-post","3":"status-publish","4":"format-standard","6":"category-friedrich-wilhelm-nietzsche"},"yoast_head":"<!-- This site is optimized with the Yoast SEO Premium plugin v24.9 (Yoast SEO v24.9) - https:\/\/yoast.com\/wordpress\/plugins\/seo\/ -->\n<title>Panay\u0131r\u0131n Sinekleri \u00dczerine | Friedrich Wilhelm Nietzsche - narteks.net<\/title>\n<meta name=\"robots\" content=\"index, follow, max-snippet:-1, max-image-preview:large, max-video-preview:-1\" \/>\n<link rel=\"canonical\" href=\"https:\/\/narteks.net\/index.php\/2010\/08\/17\/panayirin-sinekleri-uzerine-friedrich-wilhelm-nietzsche\/\" \/>\n<meta property=\"og:locale\" content=\"tr_TR\" \/>\n<meta property=\"og:type\" content=\"article\" \/>\n<meta property=\"og:title\" content=\"Panay\u0131r\u0131n Sinekleri \u00dczerine | Friedrich Wilhelm Nietzsche\" \/>\n<meta property=\"og:description\" content=\"Dostum yaln\u0131zl\u0131\u011fa ka\u00e7! Seni b\u00fcy\u00fck adamlar\u0131n g\u00fcr\u00fclt\u00fcs\u00fcnden sersemlemi\u015f ve k\u00fc\u00e7\u00fcklerin i\u011fnesiyle didiklenmi\u015f g\u00f6r\u00fcyorum. Orman ve kaya seninle vakur, susmay\u0131 bilirler. Sevdi\u011fin geni\u015f dall\u0131 a\u011faca benze yine! O, denizin kenar\u0131nda susan ve dinleyen bir tav\u0131rla durmaktad\u0131r. Yaln\u0131zl\u0131\u011f\u0131n bitti\u011fi yerde panay\u0131r ba\u015flar ve panay\u0131r\u0131n ba\u015flad\u0131\u011f\u0131 yerde b\u00fcy\u00fck artistlerin g\u00fcr\u00fclt\u00fcs\u00fc ve zehirli sineklerin v\u0131z\u0131lt\u0131s\u0131 ba\u015flar. D\u00fcnyada en iyi [&hellip;]\" \/>\n<meta property=\"og:url\" content=\"https:\/\/narteks.net\/index.php\/2010\/08\/17\/panayirin-sinekleri-uzerine-friedrich-wilhelm-nietzsche\/\" \/>\n<meta property=\"og:site_name\" content=\"narteks.net\" \/>\n<meta property=\"article:published_time\" content=\"2010-08-17T08:15:23+00:00\" \/>\n<meta property=\"og:image\" content=\"https:\/\/narteks.net\/wp-content\/uploads\/narteks.png\" \/>\n\t<meta property=\"og:image:width\" content=\"300\" \/>\n\t<meta property=\"og:image:height\" content=\"90\" \/>\n\t<meta property=\"og:image:type\" content=\"image\/png\" \/>\n<meta name=\"author\" content=\"Tar\u0131k\" \/>\n<meta name=\"twitter:card\" content=\"summary_large_image\" \/>\n<meta name=\"twitter:creator\" content=\"@narteks\" \/>\n<meta name=\"twitter:site\" content=\"@narteks\" \/>\n<meta name=\"twitter:label1\" content=\"Yazan:\" \/>\n\t<meta name=\"twitter:data1\" content=\"Tar\u0131k\" \/>\n\t<meta name=\"twitter:label2\" content=\"Tahmini okuma s\u00fcresi\" \/>\n\t<meta name=\"twitter:data2\" content=\"5 dakika\" \/>\n<script type=\"application\/ld+json\" class=\"yoast-schema-graph\">{\"@context\":\"https:\/\/schema.org\",\"@graph\":[{\"@type\":\"Article\",\"@id\":\"https:\/\/narteks.net\/index.php\/2010\/08\/17\/panayirin-sinekleri-uzerine-friedrich-wilhelm-nietzsche\/#article\",\"isPartOf\":{\"@id\":\"https:\/\/narteks.net\/index.php\/2010\/08\/17\/panayirin-sinekleri-uzerine-friedrich-wilhelm-nietzsche\/\"},\"author\":{\"name\":\"Tar\u0131k\",\"@id\":\"https:\/\/narteks.net\/#\/schema\/person\/61f37d9834294b72d31d274e7ed79bca\"},\"headline\":\"Panay\u0131r\u0131n Sinekleri \u00dczerine | Friedrich Wilhelm Nietzsche\",\"datePublished\":\"2010-08-17T08:15:23+00:00\",\"mainEntityOfPage\":{\"@id\":\"https:\/\/narteks.net\/index.php\/2010\/08\/17\/panayirin-sinekleri-uzerine-friedrich-wilhelm-nietzsche\/\"},\"wordCount\":950,\"commentCount\":0,\"publisher\":{\"@id\":\"https:\/\/narteks.net\/#organization\"},\"articleSection\":[\"Friedrich Wilhelm N\u0130ETZSCHE\"],\"inLanguage\":\"tr\",\"potentialAction\":[{\"@type\":\"CommentAction\",\"name\":\"Comment\",\"target\":[\"https:\/\/narteks.net\/index.php\/2010\/08\/17\/panayirin-sinekleri-uzerine-friedrich-wilhelm-nietzsche\/#respond\"]}]},{\"@type\":\"WebPage\",\"@id\":\"https:\/\/narteks.net\/index.php\/2010\/08\/17\/panayirin-sinekleri-uzerine-friedrich-wilhelm-nietzsche\/\",\"url\":\"https:\/\/narteks.net\/index.php\/2010\/08\/17\/panayirin-sinekleri-uzerine-friedrich-wilhelm-nietzsche\/\",\"name\":\"Panay\u0131r\u0131n Sinekleri \u00dczerine | Friedrich Wilhelm Nietzsche - narteks.net\",\"isPartOf\":{\"@id\":\"https:\/\/narteks.net\/#website\"},\"datePublished\":\"2010-08-17T08:15:23+00:00\",\"breadcrumb\":{\"@id\":\"https:\/\/narteks.net\/index.php\/2010\/08\/17\/panayirin-sinekleri-uzerine-friedrich-wilhelm-nietzsche\/#breadcrumb\"},\"inLanguage\":\"tr\",\"potentialAction\":[{\"@type\":\"ReadAction\",\"target\":[\"https:\/\/narteks.net\/index.php\/2010\/08\/17\/panayirin-sinekleri-uzerine-friedrich-wilhelm-nietzsche\/\"]}]},{\"@type\":\"BreadcrumbList\",\"@id\":\"https:\/\/narteks.net\/index.php\/2010\/08\/17\/panayirin-sinekleri-uzerine-friedrich-wilhelm-nietzsche\/#breadcrumb\",\"itemListElement\":[{\"@type\":\"ListItem\",\"position\":1,\"name\":\"Anasayfa\",\"item\":\"https:\/\/narteks.net\/\"},{\"@type\":\"ListItem\",\"position\":2,\"name\":\"Panay\u0131r\u0131n Sinekleri \u00dczerine | Friedrich Wilhelm Nietzsche\"}]},{\"@type\":\"WebSite\",\"@id\":\"https:\/\/narteks.net\/#website\",\"url\":\"https:\/\/narteks.net\/\",\"name\":\"narteks.net\",\"description\":\"K\u00fclt\u00fcr Sanat Edebiyat Felsefe\",\"publisher\":{\"@id\":\"https:\/\/narteks.net\/#organization\"},\"alternateName\":\"K\u00fclt\u00fcr Sanat Edebiyat Felsefe\",\"potentialAction\":[{\"@type\":\"SearchAction\",\"target\":{\"@type\":\"EntryPoint\",\"urlTemplate\":\"https:\/\/narteks.net\/?s={search_term_string}\"},\"query-input\":{\"@type\":\"PropertyValueSpecification\",\"valueRequired\":true,\"valueName\":\"search_term_string\"}}],\"inLanguage\":\"tr\"},{\"@type\":\"Organization\",\"@id\":\"https:\/\/narteks.net\/#organization\",\"name\":\"narteks.net\",\"url\":\"https:\/\/narteks.net\/\",\"logo\":{\"@type\":\"ImageObject\",\"inLanguage\":\"tr\",\"@id\":\"https:\/\/narteks.net\/#\/schema\/logo\/image\/\",\"url\":\"https:\/\/narteks.net\/wp-content\/uploads\/narteks.png\",\"contentUrl\":\"https:\/\/narteks.net\/wp-content\/uploads\/narteks.png\",\"width\":300,\"height\":90,\"caption\":\"narteks.net\"},\"image\":{\"@id\":\"https:\/\/narteks.net\/#\/schema\/logo\/image\/\"},\"sameAs\":[\"https:\/\/x.com\/narteks\",\"https:\/\/instagram.com\/narteksnet\"]},{\"@type\":\"Person\",\"@id\":\"https:\/\/narteks.net\/#\/schema\/person\/61f37d9834294b72d31d274e7ed79bca\",\"name\":\"Tar\u0131k\",\"image\":{\"@type\":\"ImageObject\",\"inLanguage\":\"tr\",\"@id\":\"https:\/\/narteks.net\/#\/schema\/person\/image\/\",\"url\":\"https:\/\/secure.gravatar.com\/avatar\/50865afb55632c4ae467e0af0930f6510aa2297d8014be502a55b14f3b7550cf?s=96&d=mm&r=g\",\"contentUrl\":\"https:\/\/secure.gravatar.com\/avatar\/50865afb55632c4ae467e0af0930f6510aa2297d8014be502a55b14f3b7550cf?s=96&d=mm&r=g\",\"caption\":\"Tar\u0131k\"},\"sameAs\":[\"http:\/\/narteks.net\"],\"url\":\"https:\/\/narteks.net\/index.php\/author\/narbak\/\"}]}<\/script>\n<!-- \/ Yoast SEO Premium plugin. -->","yoast_head_json":{"title":"Panay\u0131r\u0131n Sinekleri \u00dczerine | Friedrich Wilhelm Nietzsche - narteks.net","robots":{"index":"index","follow":"follow","max-snippet":"max-snippet:-1","max-image-preview":"max-image-preview:large","max-video-preview":"max-video-preview:-1"},"canonical":"https:\/\/narteks.net\/index.php\/2010\/08\/17\/panayirin-sinekleri-uzerine-friedrich-wilhelm-nietzsche\/","og_locale":"tr_TR","og_type":"article","og_title":"Panay\u0131r\u0131n Sinekleri \u00dczerine | Friedrich Wilhelm Nietzsche","og_description":"Dostum yaln\u0131zl\u0131\u011fa ka\u00e7! Seni b\u00fcy\u00fck adamlar\u0131n g\u00fcr\u00fclt\u00fcs\u00fcnden sersemlemi\u015f ve k\u00fc\u00e7\u00fcklerin i\u011fnesiyle didiklenmi\u015f g\u00f6r\u00fcyorum. Orman ve kaya seninle vakur, susmay\u0131 bilirler. Sevdi\u011fin geni\u015f dall\u0131 a\u011faca benze yine! O, denizin kenar\u0131nda susan ve dinleyen bir tav\u0131rla durmaktad\u0131r. Yaln\u0131zl\u0131\u011f\u0131n bitti\u011fi yerde panay\u0131r ba\u015flar ve panay\u0131r\u0131n ba\u015flad\u0131\u011f\u0131 yerde b\u00fcy\u00fck artistlerin g\u00fcr\u00fclt\u00fcs\u00fc ve zehirli sineklerin v\u0131z\u0131lt\u0131s\u0131 ba\u015flar. D\u00fcnyada en iyi [&hellip;]","og_url":"https:\/\/narteks.net\/index.php\/2010\/08\/17\/panayirin-sinekleri-uzerine-friedrich-wilhelm-nietzsche\/","og_site_name":"narteks.net","article_published_time":"2010-08-17T08:15:23+00:00","og_image":[{"width":300,"height":90,"url":"https:\/\/narteks.net\/wp-content\/uploads\/narteks.png","type":"image\/png"}],"author":"Tar\u0131k","twitter_card":"summary_large_image","twitter_creator":"@narteks","twitter_site":"@narteks","twitter_misc":{"Yazan:":"Tar\u0131k","Tahmini okuma s\u00fcresi":"5 dakika"},"schema":{"@context":"https:\/\/schema.org","@graph":[{"@type":"Article","@id":"https:\/\/narteks.net\/index.php\/2010\/08\/17\/panayirin-sinekleri-uzerine-friedrich-wilhelm-nietzsche\/#article","isPartOf":{"@id":"https:\/\/narteks.net\/index.php\/2010\/08\/17\/panayirin-sinekleri-uzerine-friedrich-wilhelm-nietzsche\/"},"author":{"name":"Tar\u0131k","@id":"https:\/\/narteks.net\/#\/schema\/person\/61f37d9834294b72d31d274e7ed79bca"},"headline":"Panay\u0131r\u0131n Sinekleri \u00dczerine | Friedrich Wilhelm Nietzsche","datePublished":"2010-08-17T08:15:23+00:00","mainEntityOfPage":{"@id":"https:\/\/narteks.net\/index.php\/2010\/08\/17\/panayirin-sinekleri-uzerine-friedrich-wilhelm-nietzsche\/"},"wordCount":950,"commentCount":0,"publisher":{"@id":"https:\/\/narteks.net\/#organization"},"articleSection":["Friedrich Wilhelm N\u0130ETZSCHE"],"inLanguage":"tr","potentialAction":[{"@type":"CommentAction","name":"Comment","target":["https:\/\/narteks.net\/index.php\/2010\/08\/17\/panayirin-sinekleri-uzerine-friedrich-wilhelm-nietzsche\/#respond"]}]},{"@type":"WebPage","@id":"https:\/\/narteks.net\/index.php\/2010\/08\/17\/panayirin-sinekleri-uzerine-friedrich-wilhelm-nietzsche\/","url":"https:\/\/narteks.net\/index.php\/2010\/08\/17\/panayirin-sinekleri-uzerine-friedrich-wilhelm-nietzsche\/","name":"Panay\u0131r\u0131n Sinekleri \u00dczerine | Friedrich Wilhelm Nietzsche - narteks.net","isPartOf":{"@id":"https:\/\/narteks.net\/#website"},"datePublished":"2010-08-17T08:15:23+00:00","breadcrumb":{"@id":"https:\/\/narteks.net\/index.php\/2010\/08\/17\/panayirin-sinekleri-uzerine-friedrich-wilhelm-nietzsche\/#breadcrumb"},"inLanguage":"tr","potentialAction":[{"@type":"ReadAction","target":["https:\/\/narteks.net\/index.php\/2010\/08\/17\/panayirin-sinekleri-uzerine-friedrich-wilhelm-nietzsche\/"]}]},{"@type":"BreadcrumbList","@id":"https:\/\/narteks.net\/index.php\/2010\/08\/17\/panayirin-sinekleri-uzerine-friedrich-wilhelm-nietzsche\/#breadcrumb","itemListElement":[{"@type":"ListItem","position":1,"name":"Anasayfa","item":"https:\/\/narteks.net\/"},{"@type":"ListItem","position":2,"name":"Panay\u0131r\u0131n Sinekleri \u00dczerine | Friedrich Wilhelm Nietzsche"}]},{"@type":"WebSite","@id":"https:\/\/narteks.net\/#website","url":"https:\/\/narteks.net\/","name":"narteks.net","description":"K\u00fclt\u00fcr Sanat Edebiyat Felsefe","publisher":{"@id":"https:\/\/narteks.net\/#organization"},"alternateName":"K\u00fclt\u00fcr Sanat Edebiyat Felsefe","potentialAction":[{"@type":"SearchAction","target":{"@type":"EntryPoint","urlTemplate":"https:\/\/narteks.net\/?s={search_term_string}"},"query-input":{"@type":"PropertyValueSpecification","valueRequired":true,"valueName":"search_term_string"}}],"inLanguage":"tr"},{"@type":"Organization","@id":"https:\/\/narteks.net\/#organization","name":"narteks.net","url":"https:\/\/narteks.net\/","logo":{"@type":"ImageObject","inLanguage":"tr","@id":"https:\/\/narteks.net\/#\/schema\/logo\/image\/","url":"https:\/\/narteks.net\/wp-content\/uploads\/narteks.png","contentUrl":"https:\/\/narteks.net\/wp-content\/uploads\/narteks.png","width":300,"height":90,"caption":"narteks.net"},"image":{"@id":"https:\/\/narteks.net\/#\/schema\/logo\/image\/"},"sameAs":["https:\/\/x.com\/narteks","https:\/\/instagram.com\/narteksnet"]},{"@type":"Person","@id":"https:\/\/narteks.net\/#\/schema\/person\/61f37d9834294b72d31d274e7ed79bca","name":"Tar\u0131k","image":{"@type":"ImageObject","inLanguage":"tr","@id":"https:\/\/narteks.net\/#\/schema\/person\/image\/","url":"https:\/\/secure.gravatar.com\/avatar\/50865afb55632c4ae467e0af0930f6510aa2297d8014be502a55b14f3b7550cf?s=96&d=mm&r=g","contentUrl":"https:\/\/secure.gravatar.com\/avatar\/50865afb55632c4ae467e0af0930f6510aa2297d8014be502a55b14f3b7550cf?s=96&d=mm&r=g","caption":"Tar\u0131k"},"sameAs":["http:\/\/narteks.net"],"url":"https:\/\/narteks.net\/index.php\/author\/narbak\/"}]}},"_links":{"self":[{"href":"https:\/\/narteks.net\/index.php\/wp-json\/wp\/v2\/posts\/4672","targetHints":{"allow":["GET"]}}],"collection":[{"href":"https:\/\/narteks.net\/index.php\/wp-json\/wp\/v2\/posts"}],"about":[{"href":"https:\/\/narteks.net\/index.php\/wp-json\/wp\/v2\/types\/post"}],"author":[{"embeddable":true,"href":"https:\/\/narteks.net\/index.php\/wp-json\/wp\/v2\/users\/1"}],"replies":[{"embeddable":true,"href":"https:\/\/narteks.net\/index.php\/wp-json\/wp\/v2\/comments?post=4672"}],"version-history":[{"count":0,"href":"https:\/\/narteks.net\/index.php\/wp-json\/wp\/v2\/posts\/4672\/revisions"}],"wp:attachment":[{"href":"https:\/\/narteks.net\/index.php\/wp-json\/wp\/v2\/media?parent=4672"}],"wp:term":[{"taxonomy":"category","embeddable":true,"href":"https:\/\/narteks.net\/index.php\/wp-json\/wp\/v2\/categories?post=4672"},{"taxonomy":"post_tag","embeddable":true,"href":"https:\/\/narteks.net\/index.php\/wp-json\/wp\/v2\/tags?post=4672"}],"curies":[{"name":"wp","href":"https:\/\/api.w.org\/{rel}","templated":true}]}}