{"id":4682,"date":"2010-08-27T10:51:49","date_gmt":"2010-08-27T07:51:49","guid":{"rendered":"http:\/\/localhost\/wordpress\/2010\/08\/27\/devamlilik-bireylerin-degil-insanligin-bir-ozelligidir-arthur-schopenhauer\/"},"modified":"2010-08-27T10:51:49","modified_gmt":"2010-08-27T07:51:49","slug":"devamlilik-bireylerin-degil-insanligin-bir-ozelligidir-arthur-schopenhauer","status":"publish","type":"post","link":"https:\/\/narteks.net\/index.php\/2010\/08\/27\/devamlilik-bireylerin-degil-insanligin-bir-ozelligidir-arthur-schopenhauer\/","title":{"rendered":"Devaml\u0131l\u0131k, bireylerin de\u011fil, insanl\u0131\u011f\u0131n bir \u00f6zelli\u011fidir | Arthur Schopenhauer"},"content":{"rendered":"<p style=\"text-align: justify;\"><img loading=\"lazy\" decoding=\"async\" src=\"http:\/\/upload.wikimedia.org\/wikipedia\/commons\/thumb\/6\/6b\/Arthur_Schopenhauer_Portrait_by_Ludwig_Sigismund_Ruhl_1815.jpeg\/268px-Arthur_Schopenhauer_Portrait_by_Ludwig_Sigismund_Ruhl_1815.jpeg\" border=\"0\" width=\"155\" height=\"205\" style=\"float: left; border: 0;\" \/>\u0130nsanlar\u0131n \u00e7o\u011funun hayat\u0131 \u00f6ylesine sefil, \u00f6ylesine \u00f6nemsizdir ki, \u00f6ld\u00fckleri zaman herhangi bir \u015fey kaybettikleri s\u00f6ylenemez.<\/p>\n<p>Bu \u00e7e\u015fit kimselerde, de\u011ferli bir nitelik ta\u015f\u0131yan biricik yan,yani insanl\u0131\u011f\u0131n genel \u00f6zellikleri ise, onlar \u00f6lseler bile,\u00f6teki insanlarda var olmaya devam eder.<\/p>\n<p>Devaml\u0131l\u0131k, bireylerin de\u011fil, insanl\u0131\u011f\u0131n bir \u00f6zelli\u011fidir. \u0130nsana sonsuz bir hayat verilmi\u015f olsayd\u0131, durmadan ya\u015fayaca\u011f\u0131 i\u00e7in, en sonunda karakterinin de\u011fi\u015fmezli\u011fi ve s\u0131n\u0131rl\u0131 zekas\u0131ndan \u00f6t\u00fcr\u00fc, \u00f6yle bir yeksenakl\u0131k duygusuna kap\u0131lacak ve \u00f6yle tiksinecekti ki, sonunda hi\u00e7li\u011fi tercih etmek zorunda kalacakt\u0131.<\/p>\n<p style=\"text-align: justify;\">Bireyin ruh \u00f6l\u00fcms\u00fczl\u00fc\u011f\u00fcn\u00fc istemek, bir yan\u0131lg\u0131y\u0131 sonsuz olarak tekrarlamay\u0131 istemekle birdir. \u00c7\u00fcnk\u00fc asl\u0131nda her birey, \u00f6zel bir yan\u0131lg\u0131,zavall\u0131 bir \u015fey ve varolmamas\u0131 gereken bir varl\u0131kt\u0131r. Ve hayat\u0131n ger\u00e7ek amac\u0131, bizi bundan kurtarmakt\u0131r. Bunu a\u00e7\u0131k\u00e7a g\u00f6steren \u015fey, bir \u00e7ok insan\u0131n, hatta b\u00fct\u00fcn insanlar\u0131n, hayal ettikleri bir d\u00fcnyada olsalar bile, mutlulu\u011fa ula\u015famayacak bir bi\u00e7imde yarat\u0131lm\u0131\u015f olmas\u0131d\u0131r.<\/p>\n<p>Hayal ettikleri bu d\u00fcnya, d\u00fc\u015fk\u00fcnl\u00fck ve ac\u0131dan s\u0131yr\u0131lm\u0131\u015f olsa, can s\u0131k\u0131nt\u0131s\u0131n\u0131n avucuna d\u00fc\u015fecekler ve can s\u0131k\u0131nt\u0131s\u0131ndan ka\u00e7abildikleri \u00f6l\u00e7\u00fcde de d\u00fc\u015fk\u00fcnl\u00fc\u011fe, ac\u0131lara, s\u0131k\u0131nt\u0131lara yeniden y\u00f6neleceklerdir. Demek ki, insan\u0131 daha iyi bir duruma ula\u015ft\u0131rmak i\u00e7in, onu daha iyi bir d\u00fcnyan\u0131n i\u00e7ine yerle\u015ftirmek yetmez; as\u0131l yap\u0131lmas\u0131 gereken i\u015f, onu tepeden t\u0131rna\u011fa de\u011fi\u015ftirmek ve o ana kadar ne ise, art\u0131k \u00f6yle olmamas\u0131n\u0131 sa\u011flamakt\u0131r. B\u00fct\u00fcn hayat etkinliklerinin sona ermesi, bu etkinli\u011fi s\u00fcrd\u00fcren g\u00fcc\u00fcn bir y\u00fck alt\u0131nda kurtulu\u015fu gibi g\u00f6r\u00fcn\u00fcyor. \u00d6l\u00fclerin y\u00fczlerinde g\u00f6r\u00fclen o yumu\u015fak durulmu\u015fluk, belki de bunu dile getirmektedir.<\/p>\n<p>(&#8230;)<\/p>\n<p>K\u00f6pe\u011finize bak\u0131n: ne kadar uysal, ne kadar uslu de\u011fil mi? Bu k\u00f6pek, yery\u00fcz\u00fcne gelene kadar, binlerce k\u00f6pe\u011fin \u00f6l\u00fcp gitmesi gerekti. Ama bu binlerce k\u00f6pe\u011fin \u00f6l\u00fcm\u00fc, k\u00f6pek \u0130dea&#8217;s\u0131na hi\u00e7 dokunmad\u0131 bile. Bu \u0130dea, onlar\u0131n \u00f6l\u00fcmleri ile kararmad\u0131. K\u00f6pe\u011finizin, sanki bug\u00fcn d\u00fcnyaya gelmi\u015f gibi canl\u0131 ve diri olmas\u0131 ve hi\u00e7bir zaman \u00f6l\u00fcp gitmeyecek gibi g\u00f6r\u00fcnmesi bundan \u00f6t\u00fcr\u00fcd\u00fcr. Onun g\u00f6zlerinde, varl\u0131\u011f\u0131nda ta\u015f\u0131d\u0131\u011f\u0131 \u00f6l\u00fcms\u00fcz ilke yani archeus p\u0131r\u0131ldamaktad\u0131r.<\/p>\n<p>Peki binlerce y\u0131l i\u00e7inde \u00f6l\u00fcm neyi ortadan kald\u0131rd\u0131? \u00d6l\u00fcm k\u00f6pe\u011fi ortadan kald\u0131rmad\u0131. \u00c7\u00fcnk\u00fc k\u00f6pek, i\u015fte \u015furada g\u00f6zlerinizin \u00f6n\u00fcnde ve k\u0131l\u0131na bile dokunulmam\u0131\u015f halde duruyor. \u00d6l\u00fcm\u00fcn yok etti\u011fi \u015fey, bilincimizin g\u00fc\u00e7s\u00fczl\u00fc\u011f\u00fcn\u00fcn, ancak zaman i\u00e7inde alg\u0131layabildi\u011fi bi\u00e7imi ve g\u00f6lgesidir onun.<\/p>\n<p>(&#8230;)<\/p>\n<p>Hayat\u0131n k\u0131sa r\u00fcyas\u0131na kar\u015f\u0131l\u0131k, s\u0131n\u0131rs\u0131z zaman\u0131n gecesi ne kadar uzun!<\/p>\n<p>\u00a0<\/p>\n<p style=\"text-align: justify;\">Arthur Schopenhauer | \u00d6l\u00fcm \u00dczerine<\/p>\n","protected":false},"excerpt":{"rendered":"<p>\u0130nsanlar\u0131n \u00e7o\u011funun hayat\u0131 \u00f6ylesine sefil, \u00f6ylesine \u00f6nemsizdir ki, \u00f6ld\u00fckleri zaman herhangi bir \u015fey kaybettikleri s\u00f6ylenemez. Bu \u00e7e\u015fit kimselerde, de\u011ferli bir nitelik ta\u015f\u0131yan biricik yan,yani insanl\u0131\u011f\u0131n genel \u00f6zellikleri ise, onlar \u00f6lseler bile,\u00f6teki insanlarda var olmaya devam eder. Devaml\u0131l\u0131k, bireylerin de\u011fil, insanl\u0131\u011f\u0131n bir \u00f6zelli\u011fidir. \u0130nsana sonsuz bir hayat verilmi\u015f olsayd\u0131, durmadan ya\u015fayaca\u011f\u0131 i\u00e7in, en sonunda karakterinin de\u011fi\u015fmezli\u011fi [&hellip;]<\/p>\n","protected":false},"author":1,"featured_media":0,"comment_status":"open","ping_status":"open","sticky":false,"template":"","format":"standard","meta":{"footnotes":""},"categories":[103],"tags":[],"class_list":{"0":"post-4682","1":"post","2":"type-post","3":"status-publish","4":"format-standard","6":"category-felsefe-genel"},"yoast_head":"<!-- This site is optimized with the Yoast SEO Premium plugin v24.9 (Yoast SEO v24.9) - https:\/\/yoast.com\/wordpress\/plugins\/seo\/ -->\n<title>Devaml\u0131l\u0131k, bireylerin de\u011fil, insanl\u0131\u011f\u0131n bir \u00f6zelli\u011fidir | Arthur Schopenhauer - narteks.net<\/title>\n<meta name=\"robots\" content=\"index, follow, max-snippet:-1, max-image-preview:large, max-video-preview:-1\" \/>\n<link rel=\"canonical\" href=\"https:\/\/narteks.net\/index.php\/2010\/08\/27\/devamlilik-bireylerin-degil-insanligin-bir-ozelligidir-arthur-schopenhauer\/\" \/>\n<meta property=\"og:locale\" content=\"tr_TR\" \/>\n<meta property=\"og:type\" content=\"article\" \/>\n<meta property=\"og:title\" content=\"Devaml\u0131l\u0131k, bireylerin de\u011fil, insanl\u0131\u011f\u0131n bir \u00f6zelli\u011fidir | Arthur Schopenhauer\" \/>\n<meta property=\"og:description\" content=\"\u0130nsanlar\u0131n \u00e7o\u011funun hayat\u0131 \u00f6ylesine sefil, \u00f6ylesine \u00f6nemsizdir ki, \u00f6ld\u00fckleri zaman herhangi bir \u015fey kaybettikleri s\u00f6ylenemez. Bu \u00e7e\u015fit kimselerde, de\u011ferli bir nitelik ta\u015f\u0131yan biricik yan,yani insanl\u0131\u011f\u0131n genel \u00f6zellikleri ise, onlar \u00f6lseler bile,\u00f6teki insanlarda var olmaya devam eder. Devaml\u0131l\u0131k, bireylerin de\u011fil, insanl\u0131\u011f\u0131n bir \u00f6zelli\u011fidir. \u0130nsana sonsuz bir hayat verilmi\u015f olsayd\u0131, durmadan ya\u015fayaca\u011f\u0131 i\u00e7in, en sonunda karakterinin de\u011fi\u015fmezli\u011fi [&hellip;]\" \/>\n<meta property=\"og:url\" content=\"https:\/\/narteks.net\/index.php\/2010\/08\/27\/devamlilik-bireylerin-degil-insanligin-bir-ozelligidir-arthur-schopenhauer\/\" \/>\n<meta property=\"og:site_name\" content=\"narteks.net\" \/>\n<meta property=\"article:published_time\" content=\"2010-08-27T07:51:49+00:00\" \/>\n<meta property=\"og:image\" content=\"http:\/\/upload.wikimedia.org\/wikipedia\/commons\/thumb\/6\/6b\/Arthur_Schopenhauer_Portrait_by_Ludwig_Sigismund_Ruhl_1815.jpeg\/268px-Arthur_Schopenhauer_Portrait_by_Ludwig_Sigismund_Ruhl_1815.jpeg\" \/>\n<meta name=\"author\" content=\"Tar\u0131k\" \/>\n<meta name=\"twitter:card\" content=\"summary_large_image\" \/>\n<meta name=\"twitter:creator\" content=\"@narteks\" \/>\n<meta name=\"twitter:site\" content=\"@narteks\" \/>\n<meta name=\"twitter:label1\" content=\"Yazan:\" \/>\n\t<meta name=\"twitter:data1\" content=\"Tar\u0131k\" \/>\n\t<meta name=\"twitter:label2\" content=\"Tahmini okuma s\u00fcresi\" \/>\n\t<meta name=\"twitter:data2\" content=\"3 dakika\" \/>\n<script type=\"application\/ld+json\" class=\"yoast-schema-graph\">{\"@context\":\"https:\/\/schema.org\",\"@graph\":[{\"@type\":\"Article\",\"@id\":\"https:\/\/narteks.net\/index.php\/2010\/08\/27\/devamlilik-bireylerin-degil-insanligin-bir-ozelligidir-arthur-schopenhauer\/#article\",\"isPartOf\":{\"@id\":\"https:\/\/narteks.net\/index.php\/2010\/08\/27\/devamlilik-bireylerin-degil-insanligin-bir-ozelligidir-arthur-schopenhauer\/\"},\"author\":{\"name\":\"Tar\u0131k\",\"@id\":\"https:\/\/narteks.net\/#\/schema\/person\/61f37d9834294b72d31d274e7ed79bca\"},\"headline\":\"Devaml\u0131l\u0131k, bireylerin de\u011fil, insanl\u0131\u011f\u0131n bir \u00f6zelli\u011fidir | Arthur Schopenhauer\",\"datePublished\":\"2010-08-27T07:51:49+00:00\",\"mainEntityOfPage\":{\"@id\":\"https:\/\/narteks.net\/index.php\/2010\/08\/27\/devamlilik-bireylerin-degil-insanligin-bir-ozelligidir-arthur-schopenhauer\/\"},\"wordCount\":533,\"commentCount\":0,\"publisher\":{\"@id\":\"https:\/\/narteks.net\/#organization\"},\"image\":{\"@id\":\"https:\/\/narteks.net\/index.php\/2010\/08\/27\/devamlilik-bireylerin-degil-insanligin-bir-ozelligidir-arthur-schopenhauer\/#primaryimage\"},\"thumbnailUrl\":\"http:\/\/upload.wikimedia.org\/wikipedia\/commons\/thumb\/6\/6b\/Arthur_Schopenhauer_Portrait_by_Ludwig_Sigismund_Ruhl_1815.jpeg\/268px-Arthur_Schopenhauer_Portrait_by_Ludwig_Sigismund_Ruhl_1815.jpeg\",\"articleSection\":[\"Felsefe (Genel)\"],\"inLanguage\":\"tr\",\"potentialAction\":[{\"@type\":\"CommentAction\",\"name\":\"Comment\",\"target\":[\"https:\/\/narteks.net\/index.php\/2010\/08\/27\/devamlilik-bireylerin-degil-insanligin-bir-ozelligidir-arthur-schopenhauer\/#respond\"]}]},{\"@type\":\"WebPage\",\"@id\":\"https:\/\/narteks.net\/index.php\/2010\/08\/27\/devamlilik-bireylerin-degil-insanligin-bir-ozelligidir-arthur-schopenhauer\/\",\"url\":\"https:\/\/narteks.net\/index.php\/2010\/08\/27\/devamlilik-bireylerin-degil-insanligin-bir-ozelligidir-arthur-schopenhauer\/\",\"name\":\"Devaml\u0131l\u0131k, bireylerin de\u011fil, insanl\u0131\u011f\u0131n bir \u00f6zelli\u011fidir | Arthur Schopenhauer - narteks.net\",\"isPartOf\":{\"@id\":\"https:\/\/narteks.net\/#website\"},\"primaryImageOfPage\":{\"@id\":\"https:\/\/narteks.net\/index.php\/2010\/08\/27\/devamlilik-bireylerin-degil-insanligin-bir-ozelligidir-arthur-schopenhauer\/#primaryimage\"},\"image\":{\"@id\":\"https:\/\/narteks.net\/index.php\/2010\/08\/27\/devamlilik-bireylerin-degil-insanligin-bir-ozelligidir-arthur-schopenhauer\/#primaryimage\"},\"thumbnailUrl\":\"http:\/\/upload.wikimedia.org\/wikipedia\/commons\/thumb\/6\/6b\/Arthur_Schopenhauer_Portrait_by_Ludwig_Sigismund_Ruhl_1815.jpeg\/268px-Arthur_Schopenhauer_Portrait_by_Ludwig_Sigismund_Ruhl_1815.jpeg\",\"datePublished\":\"2010-08-27T07:51:49+00:00\",\"breadcrumb\":{\"@id\":\"https:\/\/narteks.net\/index.php\/2010\/08\/27\/devamlilik-bireylerin-degil-insanligin-bir-ozelligidir-arthur-schopenhauer\/#breadcrumb\"},\"inLanguage\":\"tr\",\"potentialAction\":[{\"@type\":\"ReadAction\",\"target\":[\"https:\/\/narteks.net\/index.php\/2010\/08\/27\/devamlilik-bireylerin-degil-insanligin-bir-ozelligidir-arthur-schopenhauer\/\"]}]},{\"@type\":\"ImageObject\",\"inLanguage\":\"tr\",\"@id\":\"https:\/\/narteks.net\/index.php\/2010\/08\/27\/devamlilik-bireylerin-degil-insanligin-bir-ozelligidir-arthur-schopenhauer\/#primaryimage\",\"url\":\"http:\/\/upload.wikimedia.org\/wikipedia\/commons\/thumb\/6\/6b\/Arthur_Schopenhauer_Portrait_by_Ludwig_Sigismund_Ruhl_1815.jpeg\/268px-Arthur_Schopenhauer_Portrait_by_Ludwig_Sigismund_Ruhl_1815.jpeg\",\"contentUrl\":\"http:\/\/upload.wikimedia.org\/wikipedia\/commons\/thumb\/6\/6b\/Arthur_Schopenhauer_Portrait_by_Ludwig_Sigismund_Ruhl_1815.jpeg\/268px-Arthur_Schopenhauer_Portrait_by_Ludwig_Sigismund_Ruhl_1815.jpeg\"},{\"@type\":\"BreadcrumbList\",\"@id\":\"https:\/\/narteks.net\/index.php\/2010\/08\/27\/devamlilik-bireylerin-degil-insanligin-bir-ozelligidir-arthur-schopenhauer\/#breadcrumb\",\"itemListElement\":[{\"@type\":\"ListItem\",\"position\":1,\"name\":\"Anasayfa\",\"item\":\"https:\/\/narteks.net\/\"},{\"@type\":\"ListItem\",\"position\":2,\"name\":\"Devaml\u0131l\u0131k, bireylerin de\u011fil, insanl\u0131\u011f\u0131n bir \u00f6zelli\u011fidir | Arthur Schopenhauer\"}]},{\"@type\":\"WebSite\",\"@id\":\"https:\/\/narteks.net\/#website\",\"url\":\"https:\/\/narteks.net\/\",\"name\":\"narteks.net\",\"description\":\"K\u00fclt\u00fcr Sanat Edebiyat Felsefe\",\"publisher\":{\"@id\":\"https:\/\/narteks.net\/#organization\"},\"alternateName\":\"K\u00fclt\u00fcr Sanat Edebiyat Felsefe\",\"potentialAction\":[{\"@type\":\"SearchAction\",\"target\":{\"@type\":\"EntryPoint\",\"urlTemplate\":\"https:\/\/narteks.net\/?s={search_term_string}\"},\"query-input\":{\"@type\":\"PropertyValueSpecification\",\"valueRequired\":true,\"valueName\":\"search_term_string\"}}],\"inLanguage\":\"tr\"},{\"@type\":\"Organization\",\"@id\":\"https:\/\/narteks.net\/#organization\",\"name\":\"narteks.net\",\"url\":\"https:\/\/narteks.net\/\",\"logo\":{\"@type\":\"ImageObject\",\"inLanguage\":\"tr\",\"@id\":\"https:\/\/narteks.net\/#\/schema\/logo\/image\/\",\"url\":\"https:\/\/narteks.net\/wp-content\/uploads\/narteks.png\",\"contentUrl\":\"https:\/\/narteks.net\/wp-content\/uploads\/narteks.png\",\"width\":300,\"height\":90,\"caption\":\"narteks.net\"},\"image\":{\"@id\":\"https:\/\/narteks.net\/#\/schema\/logo\/image\/\"},\"sameAs\":[\"https:\/\/x.com\/narteks\",\"https:\/\/instagram.com\/narteksnet\"]},{\"@type\":\"Person\",\"@id\":\"https:\/\/narteks.net\/#\/schema\/person\/61f37d9834294b72d31d274e7ed79bca\",\"name\":\"Tar\u0131k\",\"image\":{\"@type\":\"ImageObject\",\"inLanguage\":\"tr\",\"@id\":\"https:\/\/narteks.net\/#\/schema\/person\/image\/\",\"url\":\"https:\/\/secure.gravatar.com\/avatar\/50865afb55632c4ae467e0af0930f6510aa2297d8014be502a55b14f3b7550cf?s=96&d=mm&r=g\",\"contentUrl\":\"https:\/\/secure.gravatar.com\/avatar\/50865afb55632c4ae467e0af0930f6510aa2297d8014be502a55b14f3b7550cf?s=96&d=mm&r=g\",\"caption\":\"Tar\u0131k\"},\"sameAs\":[\"http:\/\/narteks.net\"],\"url\":\"https:\/\/narteks.net\/index.php\/author\/narbak\/\"}]}<\/script>\n<!-- \/ Yoast SEO Premium plugin. -->","yoast_head_json":{"title":"Devaml\u0131l\u0131k, bireylerin de\u011fil, insanl\u0131\u011f\u0131n bir \u00f6zelli\u011fidir | Arthur Schopenhauer - narteks.net","robots":{"index":"index","follow":"follow","max-snippet":"max-snippet:-1","max-image-preview":"max-image-preview:large","max-video-preview":"max-video-preview:-1"},"canonical":"https:\/\/narteks.net\/index.php\/2010\/08\/27\/devamlilik-bireylerin-degil-insanligin-bir-ozelligidir-arthur-schopenhauer\/","og_locale":"tr_TR","og_type":"article","og_title":"Devaml\u0131l\u0131k, bireylerin de\u011fil, insanl\u0131\u011f\u0131n bir \u00f6zelli\u011fidir | Arthur Schopenhauer","og_description":"\u0130nsanlar\u0131n \u00e7o\u011funun hayat\u0131 \u00f6ylesine sefil, \u00f6ylesine \u00f6nemsizdir ki, \u00f6ld\u00fckleri zaman herhangi bir \u015fey kaybettikleri s\u00f6ylenemez. Bu \u00e7e\u015fit kimselerde, de\u011ferli bir nitelik ta\u015f\u0131yan biricik yan,yani insanl\u0131\u011f\u0131n genel \u00f6zellikleri ise, onlar \u00f6lseler bile,\u00f6teki insanlarda var olmaya devam eder. Devaml\u0131l\u0131k, bireylerin de\u011fil, insanl\u0131\u011f\u0131n bir \u00f6zelli\u011fidir. \u0130nsana sonsuz bir hayat verilmi\u015f olsayd\u0131, durmadan ya\u015fayaca\u011f\u0131 i\u00e7in, en sonunda karakterinin de\u011fi\u015fmezli\u011fi [&hellip;]","og_url":"https:\/\/narteks.net\/index.php\/2010\/08\/27\/devamlilik-bireylerin-degil-insanligin-bir-ozelligidir-arthur-schopenhauer\/","og_site_name":"narteks.net","article_published_time":"2010-08-27T07:51:49+00:00","og_image":[{"url":"http:\/\/upload.wikimedia.org\/wikipedia\/commons\/thumb\/6\/6b\/Arthur_Schopenhauer_Portrait_by_Ludwig_Sigismund_Ruhl_1815.jpeg\/268px-Arthur_Schopenhauer_Portrait_by_Ludwig_Sigismund_Ruhl_1815.jpeg","type":"","width":"","height":""}],"author":"Tar\u0131k","twitter_card":"summary_large_image","twitter_creator":"@narteks","twitter_site":"@narteks","twitter_misc":{"Yazan:":"Tar\u0131k","Tahmini okuma s\u00fcresi":"3 dakika"},"schema":{"@context":"https:\/\/schema.org","@graph":[{"@type":"Article","@id":"https:\/\/narteks.net\/index.php\/2010\/08\/27\/devamlilik-bireylerin-degil-insanligin-bir-ozelligidir-arthur-schopenhauer\/#article","isPartOf":{"@id":"https:\/\/narteks.net\/index.php\/2010\/08\/27\/devamlilik-bireylerin-degil-insanligin-bir-ozelligidir-arthur-schopenhauer\/"},"author":{"name":"Tar\u0131k","@id":"https:\/\/narteks.net\/#\/schema\/person\/61f37d9834294b72d31d274e7ed79bca"},"headline":"Devaml\u0131l\u0131k, bireylerin de\u011fil, insanl\u0131\u011f\u0131n bir \u00f6zelli\u011fidir | Arthur Schopenhauer","datePublished":"2010-08-27T07:51:49+00:00","mainEntityOfPage":{"@id":"https:\/\/narteks.net\/index.php\/2010\/08\/27\/devamlilik-bireylerin-degil-insanligin-bir-ozelligidir-arthur-schopenhauer\/"},"wordCount":533,"commentCount":0,"publisher":{"@id":"https:\/\/narteks.net\/#organization"},"image":{"@id":"https:\/\/narteks.net\/index.php\/2010\/08\/27\/devamlilik-bireylerin-degil-insanligin-bir-ozelligidir-arthur-schopenhauer\/#primaryimage"},"thumbnailUrl":"http:\/\/upload.wikimedia.org\/wikipedia\/commons\/thumb\/6\/6b\/Arthur_Schopenhauer_Portrait_by_Ludwig_Sigismund_Ruhl_1815.jpeg\/268px-Arthur_Schopenhauer_Portrait_by_Ludwig_Sigismund_Ruhl_1815.jpeg","articleSection":["Felsefe (Genel)"],"inLanguage":"tr","potentialAction":[{"@type":"CommentAction","name":"Comment","target":["https:\/\/narteks.net\/index.php\/2010\/08\/27\/devamlilik-bireylerin-degil-insanligin-bir-ozelligidir-arthur-schopenhauer\/#respond"]}]},{"@type":"WebPage","@id":"https:\/\/narteks.net\/index.php\/2010\/08\/27\/devamlilik-bireylerin-degil-insanligin-bir-ozelligidir-arthur-schopenhauer\/","url":"https:\/\/narteks.net\/index.php\/2010\/08\/27\/devamlilik-bireylerin-degil-insanligin-bir-ozelligidir-arthur-schopenhauer\/","name":"Devaml\u0131l\u0131k, bireylerin de\u011fil, insanl\u0131\u011f\u0131n bir \u00f6zelli\u011fidir | Arthur Schopenhauer - narteks.net","isPartOf":{"@id":"https:\/\/narteks.net\/#website"},"primaryImageOfPage":{"@id":"https:\/\/narteks.net\/index.php\/2010\/08\/27\/devamlilik-bireylerin-degil-insanligin-bir-ozelligidir-arthur-schopenhauer\/#primaryimage"},"image":{"@id":"https:\/\/narteks.net\/index.php\/2010\/08\/27\/devamlilik-bireylerin-degil-insanligin-bir-ozelligidir-arthur-schopenhauer\/#primaryimage"},"thumbnailUrl":"http:\/\/upload.wikimedia.org\/wikipedia\/commons\/thumb\/6\/6b\/Arthur_Schopenhauer_Portrait_by_Ludwig_Sigismund_Ruhl_1815.jpeg\/268px-Arthur_Schopenhauer_Portrait_by_Ludwig_Sigismund_Ruhl_1815.jpeg","datePublished":"2010-08-27T07:51:49+00:00","breadcrumb":{"@id":"https:\/\/narteks.net\/index.php\/2010\/08\/27\/devamlilik-bireylerin-degil-insanligin-bir-ozelligidir-arthur-schopenhauer\/#breadcrumb"},"inLanguage":"tr","potentialAction":[{"@type":"ReadAction","target":["https:\/\/narteks.net\/index.php\/2010\/08\/27\/devamlilik-bireylerin-degil-insanligin-bir-ozelligidir-arthur-schopenhauer\/"]}]},{"@type":"ImageObject","inLanguage":"tr","@id":"https:\/\/narteks.net\/index.php\/2010\/08\/27\/devamlilik-bireylerin-degil-insanligin-bir-ozelligidir-arthur-schopenhauer\/#primaryimage","url":"http:\/\/upload.wikimedia.org\/wikipedia\/commons\/thumb\/6\/6b\/Arthur_Schopenhauer_Portrait_by_Ludwig_Sigismund_Ruhl_1815.jpeg\/268px-Arthur_Schopenhauer_Portrait_by_Ludwig_Sigismund_Ruhl_1815.jpeg","contentUrl":"http:\/\/upload.wikimedia.org\/wikipedia\/commons\/thumb\/6\/6b\/Arthur_Schopenhauer_Portrait_by_Ludwig_Sigismund_Ruhl_1815.jpeg\/268px-Arthur_Schopenhauer_Portrait_by_Ludwig_Sigismund_Ruhl_1815.jpeg"},{"@type":"BreadcrumbList","@id":"https:\/\/narteks.net\/index.php\/2010\/08\/27\/devamlilik-bireylerin-degil-insanligin-bir-ozelligidir-arthur-schopenhauer\/#breadcrumb","itemListElement":[{"@type":"ListItem","position":1,"name":"Anasayfa","item":"https:\/\/narteks.net\/"},{"@type":"ListItem","position":2,"name":"Devaml\u0131l\u0131k, bireylerin de\u011fil, insanl\u0131\u011f\u0131n bir \u00f6zelli\u011fidir | Arthur Schopenhauer"}]},{"@type":"WebSite","@id":"https:\/\/narteks.net\/#website","url":"https:\/\/narteks.net\/","name":"narteks.net","description":"K\u00fclt\u00fcr Sanat Edebiyat Felsefe","publisher":{"@id":"https:\/\/narteks.net\/#organization"},"alternateName":"K\u00fclt\u00fcr Sanat Edebiyat Felsefe","potentialAction":[{"@type":"SearchAction","target":{"@type":"EntryPoint","urlTemplate":"https:\/\/narteks.net\/?s={search_term_string}"},"query-input":{"@type":"PropertyValueSpecification","valueRequired":true,"valueName":"search_term_string"}}],"inLanguage":"tr"},{"@type":"Organization","@id":"https:\/\/narteks.net\/#organization","name":"narteks.net","url":"https:\/\/narteks.net\/","logo":{"@type":"ImageObject","inLanguage":"tr","@id":"https:\/\/narteks.net\/#\/schema\/logo\/image\/","url":"https:\/\/narteks.net\/wp-content\/uploads\/narteks.png","contentUrl":"https:\/\/narteks.net\/wp-content\/uploads\/narteks.png","width":300,"height":90,"caption":"narteks.net"},"image":{"@id":"https:\/\/narteks.net\/#\/schema\/logo\/image\/"},"sameAs":["https:\/\/x.com\/narteks","https:\/\/instagram.com\/narteksnet"]},{"@type":"Person","@id":"https:\/\/narteks.net\/#\/schema\/person\/61f37d9834294b72d31d274e7ed79bca","name":"Tar\u0131k","image":{"@type":"ImageObject","inLanguage":"tr","@id":"https:\/\/narteks.net\/#\/schema\/person\/image\/","url":"https:\/\/secure.gravatar.com\/avatar\/50865afb55632c4ae467e0af0930f6510aa2297d8014be502a55b14f3b7550cf?s=96&d=mm&r=g","contentUrl":"https:\/\/secure.gravatar.com\/avatar\/50865afb55632c4ae467e0af0930f6510aa2297d8014be502a55b14f3b7550cf?s=96&d=mm&r=g","caption":"Tar\u0131k"},"sameAs":["http:\/\/narteks.net"],"url":"https:\/\/narteks.net\/index.php\/author\/narbak\/"}]}},"_links":{"self":[{"href":"https:\/\/narteks.net\/index.php\/wp-json\/wp\/v2\/posts\/4682","targetHints":{"allow":["GET"]}}],"collection":[{"href":"https:\/\/narteks.net\/index.php\/wp-json\/wp\/v2\/posts"}],"about":[{"href":"https:\/\/narteks.net\/index.php\/wp-json\/wp\/v2\/types\/post"}],"author":[{"embeddable":true,"href":"https:\/\/narteks.net\/index.php\/wp-json\/wp\/v2\/users\/1"}],"replies":[{"embeddable":true,"href":"https:\/\/narteks.net\/index.php\/wp-json\/wp\/v2\/comments?post=4682"}],"version-history":[{"count":0,"href":"https:\/\/narteks.net\/index.php\/wp-json\/wp\/v2\/posts\/4682\/revisions"}],"wp:attachment":[{"href":"https:\/\/narteks.net\/index.php\/wp-json\/wp\/v2\/media?parent=4682"}],"wp:term":[{"taxonomy":"category","embeddable":true,"href":"https:\/\/narteks.net\/index.php\/wp-json\/wp\/v2\/categories?post=4682"},{"taxonomy":"post_tag","embeddable":true,"href":"https:\/\/narteks.net\/index.php\/wp-json\/wp\/v2\/tags?post=4682"}],"curies":[{"name":"wp","href":"https:\/\/api.w.org\/{rel}","templated":true}]}}