{"id":4685,"date":"2010-08-31T10:25:33","date_gmt":"2010-08-31T07:25:33","guid":{"rendered":"http:\/\/localhost\/wordpress\/2010\/08\/31\/herseyin-ne-olacagini-biliyorum-ama-bunu-sozcuklere-dokemiyorum-nar-halil-cibran\/"},"modified":"2010-08-31T10:25:33","modified_gmt":"2010-08-31T07:25:33","slug":"herseyin-ne-olacagini-biliyorum-ama-bunu-sozcuklere-dokemiyorum-nar-halil-cibran","status":"publish","type":"post","link":"https:\/\/narteks.net\/index.php\/2010\/08\/31\/herseyin-ne-olacagini-biliyorum-ama-bunu-sozcuklere-dokemiyorum-nar-halil-cibran\/","title":{"rendered":"Her\u015feyin ne olaca\u011f\u0131n\u0131 biliyorum, ama bunu s\u00f6zc\u00fcklere d\u00f6kemiyorum | Nar \u2013 Halil Cibran"},"content":{"rendered":"<p style=\"text-align: justify;\"><img loading=\"lazy\" decoding=\"async\" src=\"http:\/\/www.dusuncegezgini.com\/halil_cibran.jpg\" border=\"0\" width=\"155\" height=\"205\" style=\"float: left;\" \/>Eskiden bir nar\u0131n ortas\u0131nda ya\u015fad\u0131\u011f\u0131m s\u0131rada tanelerden birisinin \u015f\u00f6yle dedi\u011fini i\u015fittim, \u201cBirg\u00fcn bir a\u011fa\u00e7 olaca\u011f\u0131m ve r\u00fczgar dallar\u0131m\u0131n aras\u0131nda \u015fark\u0131 s\u00f6yleyecek ve g\u00fcne\u015f yapraklar\u0131m\u0131n \u00fcst\u00fcnde dans edecek ve b\u00fct\u00fcn mevsimler boyunca g\u00fc\u00e7l\u00fc ve g\u00fczel olaca\u011f\u0131m.\u201d<br \/>Sonra, bir ba\u015fkas\u0131 konu\u015fup dedi ki, \u201cBen de senin kadar gen\u00e7 oldu\u011fum zamanlar b\u00f6yle hayaller kurard\u0131m; ama art\u0131k her \u015feyi \u00f6l\u00e7\u00fcp tartabiliyorum ve b\u00fct\u00fcn umutlar\u0131m\u0131n bo\u015f olduklar\u0131n\u0131 anlad\u0131m.\u201d<\/p>\n<p style=\"text-align: justify;\">Ve \u00fc\u00e7\u00fcnc\u00fc tane konu\u015ftu, \u201cBize b\u00f6yle g\u00fczel bir gelecek vaat eden hi\u00e7bir i\u015faret g\u00f6remiyorum.\u201d<br \/>Ve bir d\u00f6rd\u00fcnc\u00fcs\u00fc, \u201cFakat b\u00f6yle g\u00fczel bir gelecek yoksa hayat\u0131m\u0131z ne k\u00f6t\u00fc olur!\u201d<br \/>Bir be\u015fincisi, \u201cNe oldu\u011fumuzu bile bilmezken ni\u00e7in ne olaca\u011f\u0131z diye \u00e7eki\u015fiyorsunuz?\u201d<br \/>Fakat alt\u0131nc\u0131s\u0131 cevaplad\u0131, \u201cNe isek o olmaya devam edece\u011fiz.\u201d<br \/>Ve yedincisi dedi ki, \u201cHer\u015feyin ne olaca\u011f\u0131n\u0131 biliyorum, ama bunu s\u00f6zc\u00fcklere d\u00f6kemiyorum.\u201d<br \/>Sonra sekizincisi konu\u015ftu \u2013 ve dokuzuncusu \u2013 ve onuncusu \u2013 ve sonra daha bir \u00e7oklar\u0131 \u2013 sonra hepsi birden konu\u015fmaya ba\u015flad\u0131lar ve bir s\u00fcr\u00fc ses aras\u0131nda hi\u00e7bir\u015fey anlayamaz hale geldim.<\/p>\n<p>Ve tam o g\u00fcn \u00e7ekirdekleri az ve hemen hemen sessiz olan bir ayvan\u0131n i\u00e7ine ta\u015f\u0131nd\u0131m.<\/p>\n","protected":false},"excerpt":{"rendered":"<p>Eskiden bir nar\u0131n ortas\u0131nda ya\u015fad\u0131\u011f\u0131m s\u0131rada tanelerden birisinin \u015f\u00f6yle dedi\u011fini i\u015fittim, \u201cBirg\u00fcn bir a\u011fa\u00e7 olaca\u011f\u0131m ve r\u00fczgar dallar\u0131m\u0131n aras\u0131nda \u015fark\u0131 s\u00f6yleyecek ve g\u00fcne\u015f yapraklar\u0131m\u0131n \u00fcst\u00fcnde dans edecek ve b\u00fct\u00fcn mevsimler boyunca g\u00fc\u00e7l\u00fc ve g\u00fczel olaca\u011f\u0131m.\u201dSonra, bir ba\u015fkas\u0131 konu\u015fup dedi ki, \u201cBen de senin kadar gen\u00e7 oldu\u011fum zamanlar b\u00f6yle hayaller kurard\u0131m; ama art\u0131k her \u015feyi \u00f6l\u00e7\u00fcp [&hellip;]<\/p>\n","protected":false},"author":1,"featured_media":0,"comment_status":"open","ping_status":"open","sticky":false,"template":"","format":"standard","meta":{"footnotes":""},"categories":[115],"tags":[],"class_list":["post-4685","post","type-post","status-publish","format-standard","category-ceviri-oykuler"],"yoast_head":"<!-- This site is optimized with the Yoast SEO Premium plugin v24.9 (Yoast SEO v24.9) - https:\/\/yoast.com\/wordpress\/plugins\/seo\/ -->\n<title>Her\u015feyin ne olaca\u011f\u0131n\u0131 biliyorum, ama bunu s\u00f6zc\u00fcklere d\u00f6kemiyorum | Nar \u2013 Halil Cibran - narteks.net<\/title>\n<meta name=\"robots\" content=\"index, follow, max-snippet:-1, max-image-preview:large, max-video-preview:-1\" \/>\n<link rel=\"canonical\" href=\"https:\/\/narteks.net\/index.php\/2010\/08\/31\/herseyin-ne-olacagini-biliyorum-ama-bunu-sozcuklere-dokemiyorum-nar-halil-cibran\/\" \/>\n<meta property=\"og:locale\" content=\"tr_TR\" \/>\n<meta property=\"og:type\" content=\"article\" \/>\n<meta property=\"og:title\" content=\"Her\u015feyin ne olaca\u011f\u0131n\u0131 biliyorum, ama bunu s\u00f6zc\u00fcklere d\u00f6kemiyorum | Nar \u2013 Halil Cibran\" \/>\n<meta property=\"og:description\" content=\"Eskiden bir nar\u0131n ortas\u0131nda ya\u015fad\u0131\u011f\u0131m s\u0131rada tanelerden birisinin \u015f\u00f6yle dedi\u011fini i\u015fittim, \u201cBirg\u00fcn bir a\u011fa\u00e7 olaca\u011f\u0131m ve r\u00fczgar dallar\u0131m\u0131n aras\u0131nda \u015fark\u0131 s\u00f6yleyecek ve g\u00fcne\u015f yapraklar\u0131m\u0131n \u00fcst\u00fcnde dans edecek ve b\u00fct\u00fcn mevsimler boyunca g\u00fc\u00e7l\u00fc ve g\u00fczel olaca\u011f\u0131m.\u201dSonra, bir ba\u015fkas\u0131 konu\u015fup dedi ki, \u201cBen de senin kadar gen\u00e7 oldu\u011fum zamanlar b\u00f6yle hayaller kurard\u0131m; ama art\u0131k her \u015feyi \u00f6l\u00e7\u00fcp [&hellip;]\" \/>\n<meta property=\"og:url\" content=\"https:\/\/narteks.net\/index.php\/2010\/08\/31\/herseyin-ne-olacagini-biliyorum-ama-bunu-sozcuklere-dokemiyorum-nar-halil-cibran\/\" \/>\n<meta property=\"og:site_name\" content=\"narteks.net\" \/>\n<meta property=\"article:published_time\" content=\"2010-08-31T07:25:33+00:00\" \/>\n<meta property=\"og:image\" content=\"http:\/\/www.dusuncegezgini.com\/halil_cibran.jpg\" \/>\n<meta name=\"author\" content=\"Tar\u0131k\" \/>\n<meta name=\"twitter:card\" content=\"summary_large_image\" \/>\n<meta name=\"twitter:creator\" content=\"@narteks\" \/>\n<meta name=\"twitter:site\" content=\"@narteks\" \/>\n<meta name=\"twitter:label1\" content=\"Yazan:\" \/>\n\t<meta name=\"twitter:data1\" content=\"Tar\u0131k\" \/>\n\t<meta name=\"twitter:label2\" content=\"Tahmini okuma s\u00fcresi\" \/>\n\t<meta name=\"twitter:data2\" content=\"1 dakika\" \/>\n<script type=\"application\/ld+json\" class=\"yoast-schema-graph\">{\"@context\":\"https:\/\/schema.org\",\"@graph\":[{\"@type\":\"Article\",\"@id\":\"https:\/\/narteks.net\/index.php\/2010\/08\/31\/herseyin-ne-olacagini-biliyorum-ama-bunu-sozcuklere-dokemiyorum-nar-halil-cibran\/#article\",\"isPartOf\":{\"@id\":\"https:\/\/narteks.net\/index.php\/2010\/08\/31\/herseyin-ne-olacagini-biliyorum-ama-bunu-sozcuklere-dokemiyorum-nar-halil-cibran\/\"},\"author\":{\"name\":\"Tar\u0131k\",\"@id\":\"https:\/\/narteks.net\/#\/schema\/person\/61f37d9834294b72d31d274e7ed79bca\"},\"headline\":\"Her\u015feyin ne olaca\u011f\u0131n\u0131 biliyorum, ama bunu s\u00f6zc\u00fcklere d\u00f6kemiyorum | Nar \u2013 Halil Cibran\",\"datePublished\":\"2010-08-31T07:25:33+00:00\",\"mainEntityOfPage\":{\"@id\":\"https:\/\/narteks.net\/index.php\/2010\/08\/31\/herseyin-ne-olacagini-biliyorum-ama-bunu-sozcuklere-dokemiyorum-nar-halil-cibran\/\"},\"wordCount\":256,\"commentCount\":0,\"publisher\":{\"@id\":\"https:\/\/narteks.net\/#organization\"},\"image\":{\"@id\":\"https:\/\/narteks.net\/index.php\/2010\/08\/31\/herseyin-ne-olacagini-biliyorum-ama-bunu-sozcuklere-dokemiyorum-nar-halil-cibran\/#primaryimage\"},\"thumbnailUrl\":\"http:\/\/www.dusuncegezgini.com\/halil_cibran.jpg\",\"articleSection\":[\"\u00c7eviri \u00d6yk\u00fcler\"],\"inLanguage\":\"tr\",\"potentialAction\":[{\"@type\":\"CommentAction\",\"name\":\"Comment\",\"target\":[\"https:\/\/narteks.net\/index.php\/2010\/08\/31\/herseyin-ne-olacagini-biliyorum-ama-bunu-sozcuklere-dokemiyorum-nar-halil-cibran\/#respond\"]}]},{\"@type\":\"WebPage\",\"@id\":\"https:\/\/narteks.net\/index.php\/2010\/08\/31\/herseyin-ne-olacagini-biliyorum-ama-bunu-sozcuklere-dokemiyorum-nar-halil-cibran\/\",\"url\":\"https:\/\/narteks.net\/index.php\/2010\/08\/31\/herseyin-ne-olacagini-biliyorum-ama-bunu-sozcuklere-dokemiyorum-nar-halil-cibran\/\",\"name\":\"Her\u015feyin ne olaca\u011f\u0131n\u0131 biliyorum, ama bunu s\u00f6zc\u00fcklere d\u00f6kemiyorum | Nar \u2013 Halil Cibran - narteks.net\",\"isPartOf\":{\"@id\":\"https:\/\/narteks.net\/#website\"},\"primaryImageOfPage\":{\"@id\":\"https:\/\/narteks.net\/index.php\/2010\/08\/31\/herseyin-ne-olacagini-biliyorum-ama-bunu-sozcuklere-dokemiyorum-nar-halil-cibran\/#primaryimage\"},\"image\":{\"@id\":\"https:\/\/narteks.net\/index.php\/2010\/08\/31\/herseyin-ne-olacagini-biliyorum-ama-bunu-sozcuklere-dokemiyorum-nar-halil-cibran\/#primaryimage\"},\"thumbnailUrl\":\"http:\/\/www.dusuncegezgini.com\/halil_cibran.jpg\",\"datePublished\":\"2010-08-31T07:25:33+00:00\",\"breadcrumb\":{\"@id\":\"https:\/\/narteks.net\/index.php\/2010\/08\/31\/herseyin-ne-olacagini-biliyorum-ama-bunu-sozcuklere-dokemiyorum-nar-halil-cibran\/#breadcrumb\"},\"inLanguage\":\"tr\",\"potentialAction\":[{\"@type\":\"ReadAction\",\"target\":[\"https:\/\/narteks.net\/index.php\/2010\/08\/31\/herseyin-ne-olacagini-biliyorum-ama-bunu-sozcuklere-dokemiyorum-nar-halil-cibran\/\"]}]},{\"@type\":\"ImageObject\",\"inLanguage\":\"tr\",\"@id\":\"https:\/\/narteks.net\/index.php\/2010\/08\/31\/herseyin-ne-olacagini-biliyorum-ama-bunu-sozcuklere-dokemiyorum-nar-halil-cibran\/#primaryimage\",\"url\":\"http:\/\/www.dusuncegezgini.com\/halil_cibran.jpg\",\"contentUrl\":\"http:\/\/www.dusuncegezgini.com\/halil_cibran.jpg\"},{\"@type\":\"BreadcrumbList\",\"@id\":\"https:\/\/narteks.net\/index.php\/2010\/08\/31\/herseyin-ne-olacagini-biliyorum-ama-bunu-sozcuklere-dokemiyorum-nar-halil-cibran\/#breadcrumb\",\"itemListElement\":[{\"@type\":\"ListItem\",\"position\":1,\"name\":\"Anasayfa\",\"item\":\"https:\/\/narteks.net\/\"},{\"@type\":\"ListItem\",\"position\":2,\"name\":\"Her\u015feyin ne olaca\u011f\u0131n\u0131 biliyorum, ama bunu s\u00f6zc\u00fcklere d\u00f6kemiyorum | Nar \u2013 Halil Cibran\"}]},{\"@type\":\"WebSite\",\"@id\":\"https:\/\/narteks.net\/#website\",\"url\":\"https:\/\/narteks.net\/\",\"name\":\"narteks.net\",\"description\":\"K\u00fclt\u00fcr Sanat Edebiyat Felsefe\",\"publisher\":{\"@id\":\"https:\/\/narteks.net\/#organization\"},\"alternateName\":\"K\u00fclt\u00fcr Sanat Edebiyat Felsefe\",\"potentialAction\":[{\"@type\":\"SearchAction\",\"target\":{\"@type\":\"EntryPoint\",\"urlTemplate\":\"https:\/\/narteks.net\/?s={search_term_string}\"},\"query-input\":{\"@type\":\"PropertyValueSpecification\",\"valueRequired\":true,\"valueName\":\"search_term_string\"}}],\"inLanguage\":\"tr\"},{\"@type\":\"Organization\",\"@id\":\"https:\/\/narteks.net\/#organization\",\"name\":\"narteks.net\",\"url\":\"https:\/\/narteks.net\/\",\"logo\":{\"@type\":\"ImageObject\",\"inLanguage\":\"tr\",\"@id\":\"https:\/\/narteks.net\/#\/schema\/logo\/image\/\",\"url\":\"https:\/\/narteks.net\/wp-content\/uploads\/narteks.png\",\"contentUrl\":\"https:\/\/narteks.net\/wp-content\/uploads\/narteks.png\",\"width\":300,\"height\":90,\"caption\":\"narteks.net\"},\"image\":{\"@id\":\"https:\/\/narteks.net\/#\/schema\/logo\/image\/\"},\"sameAs\":[\"https:\/\/x.com\/narteks\",\"https:\/\/instagram.com\/narteksnet\"]},{\"@type\":\"Person\",\"@id\":\"https:\/\/narteks.net\/#\/schema\/person\/61f37d9834294b72d31d274e7ed79bca\",\"name\":\"Tar\u0131k\",\"image\":{\"@type\":\"ImageObject\",\"inLanguage\":\"tr\",\"@id\":\"https:\/\/narteks.net\/#\/schema\/person\/image\/\",\"url\":\"https:\/\/secure.gravatar.com\/avatar\/50865afb55632c4ae467e0af0930f6510aa2297d8014be502a55b14f3b7550cf?s=96&d=mm&r=g\",\"contentUrl\":\"https:\/\/secure.gravatar.com\/avatar\/50865afb55632c4ae467e0af0930f6510aa2297d8014be502a55b14f3b7550cf?s=96&d=mm&r=g\",\"caption\":\"Tar\u0131k\"},\"sameAs\":[\"http:\/\/narteks.net\"],\"url\":\"https:\/\/narteks.net\/index.php\/author\/narbak\/\"}]}<\/script>\n<!-- \/ Yoast SEO Premium plugin. -->","yoast_head_json":{"title":"Her\u015feyin ne olaca\u011f\u0131n\u0131 biliyorum, ama bunu s\u00f6zc\u00fcklere d\u00f6kemiyorum | Nar \u2013 Halil Cibran - narteks.net","robots":{"index":"index","follow":"follow","max-snippet":"max-snippet:-1","max-image-preview":"max-image-preview:large","max-video-preview":"max-video-preview:-1"},"canonical":"https:\/\/narteks.net\/index.php\/2010\/08\/31\/herseyin-ne-olacagini-biliyorum-ama-bunu-sozcuklere-dokemiyorum-nar-halil-cibran\/","og_locale":"tr_TR","og_type":"article","og_title":"Her\u015feyin ne olaca\u011f\u0131n\u0131 biliyorum, ama bunu s\u00f6zc\u00fcklere d\u00f6kemiyorum | Nar \u2013 Halil Cibran","og_description":"Eskiden bir nar\u0131n ortas\u0131nda ya\u015fad\u0131\u011f\u0131m s\u0131rada tanelerden birisinin \u015f\u00f6yle dedi\u011fini i\u015fittim, \u201cBirg\u00fcn bir a\u011fa\u00e7 olaca\u011f\u0131m ve r\u00fczgar dallar\u0131m\u0131n aras\u0131nda \u015fark\u0131 s\u00f6yleyecek ve g\u00fcne\u015f yapraklar\u0131m\u0131n \u00fcst\u00fcnde dans edecek ve b\u00fct\u00fcn mevsimler boyunca g\u00fc\u00e7l\u00fc ve g\u00fczel olaca\u011f\u0131m.\u201dSonra, bir ba\u015fkas\u0131 konu\u015fup dedi ki, \u201cBen de senin kadar gen\u00e7 oldu\u011fum zamanlar b\u00f6yle hayaller kurard\u0131m; ama art\u0131k her \u015feyi \u00f6l\u00e7\u00fcp [&hellip;]","og_url":"https:\/\/narteks.net\/index.php\/2010\/08\/31\/herseyin-ne-olacagini-biliyorum-ama-bunu-sozcuklere-dokemiyorum-nar-halil-cibran\/","og_site_name":"narteks.net","article_published_time":"2010-08-31T07:25:33+00:00","og_image":[{"url":"http:\/\/www.dusuncegezgini.com\/halil_cibran.jpg","type":"","width":"","height":""}],"author":"Tar\u0131k","twitter_card":"summary_large_image","twitter_creator":"@narteks","twitter_site":"@narteks","twitter_misc":{"Yazan:":"Tar\u0131k","Tahmini okuma s\u00fcresi":"1 dakika"},"schema":{"@context":"https:\/\/schema.org","@graph":[{"@type":"Article","@id":"https:\/\/narteks.net\/index.php\/2010\/08\/31\/herseyin-ne-olacagini-biliyorum-ama-bunu-sozcuklere-dokemiyorum-nar-halil-cibran\/#article","isPartOf":{"@id":"https:\/\/narteks.net\/index.php\/2010\/08\/31\/herseyin-ne-olacagini-biliyorum-ama-bunu-sozcuklere-dokemiyorum-nar-halil-cibran\/"},"author":{"name":"Tar\u0131k","@id":"https:\/\/narteks.net\/#\/schema\/person\/61f37d9834294b72d31d274e7ed79bca"},"headline":"Her\u015feyin ne olaca\u011f\u0131n\u0131 biliyorum, ama bunu s\u00f6zc\u00fcklere d\u00f6kemiyorum | Nar \u2013 Halil Cibran","datePublished":"2010-08-31T07:25:33+00:00","mainEntityOfPage":{"@id":"https:\/\/narteks.net\/index.php\/2010\/08\/31\/herseyin-ne-olacagini-biliyorum-ama-bunu-sozcuklere-dokemiyorum-nar-halil-cibran\/"},"wordCount":256,"commentCount":0,"publisher":{"@id":"https:\/\/narteks.net\/#organization"},"image":{"@id":"https:\/\/narteks.net\/index.php\/2010\/08\/31\/herseyin-ne-olacagini-biliyorum-ama-bunu-sozcuklere-dokemiyorum-nar-halil-cibran\/#primaryimage"},"thumbnailUrl":"http:\/\/www.dusuncegezgini.com\/halil_cibran.jpg","articleSection":["\u00c7eviri \u00d6yk\u00fcler"],"inLanguage":"tr","potentialAction":[{"@type":"CommentAction","name":"Comment","target":["https:\/\/narteks.net\/index.php\/2010\/08\/31\/herseyin-ne-olacagini-biliyorum-ama-bunu-sozcuklere-dokemiyorum-nar-halil-cibran\/#respond"]}]},{"@type":"WebPage","@id":"https:\/\/narteks.net\/index.php\/2010\/08\/31\/herseyin-ne-olacagini-biliyorum-ama-bunu-sozcuklere-dokemiyorum-nar-halil-cibran\/","url":"https:\/\/narteks.net\/index.php\/2010\/08\/31\/herseyin-ne-olacagini-biliyorum-ama-bunu-sozcuklere-dokemiyorum-nar-halil-cibran\/","name":"Her\u015feyin ne olaca\u011f\u0131n\u0131 biliyorum, ama bunu s\u00f6zc\u00fcklere d\u00f6kemiyorum | Nar \u2013 Halil Cibran - narteks.net","isPartOf":{"@id":"https:\/\/narteks.net\/#website"},"primaryImageOfPage":{"@id":"https:\/\/narteks.net\/index.php\/2010\/08\/31\/herseyin-ne-olacagini-biliyorum-ama-bunu-sozcuklere-dokemiyorum-nar-halil-cibran\/#primaryimage"},"image":{"@id":"https:\/\/narteks.net\/index.php\/2010\/08\/31\/herseyin-ne-olacagini-biliyorum-ama-bunu-sozcuklere-dokemiyorum-nar-halil-cibran\/#primaryimage"},"thumbnailUrl":"http:\/\/www.dusuncegezgini.com\/halil_cibran.jpg","datePublished":"2010-08-31T07:25:33+00:00","breadcrumb":{"@id":"https:\/\/narteks.net\/index.php\/2010\/08\/31\/herseyin-ne-olacagini-biliyorum-ama-bunu-sozcuklere-dokemiyorum-nar-halil-cibran\/#breadcrumb"},"inLanguage":"tr","potentialAction":[{"@type":"ReadAction","target":["https:\/\/narteks.net\/index.php\/2010\/08\/31\/herseyin-ne-olacagini-biliyorum-ama-bunu-sozcuklere-dokemiyorum-nar-halil-cibran\/"]}]},{"@type":"ImageObject","inLanguage":"tr","@id":"https:\/\/narteks.net\/index.php\/2010\/08\/31\/herseyin-ne-olacagini-biliyorum-ama-bunu-sozcuklere-dokemiyorum-nar-halil-cibran\/#primaryimage","url":"http:\/\/www.dusuncegezgini.com\/halil_cibran.jpg","contentUrl":"http:\/\/www.dusuncegezgini.com\/halil_cibran.jpg"},{"@type":"BreadcrumbList","@id":"https:\/\/narteks.net\/index.php\/2010\/08\/31\/herseyin-ne-olacagini-biliyorum-ama-bunu-sozcuklere-dokemiyorum-nar-halil-cibran\/#breadcrumb","itemListElement":[{"@type":"ListItem","position":1,"name":"Anasayfa","item":"https:\/\/narteks.net\/"},{"@type":"ListItem","position":2,"name":"Her\u015feyin ne olaca\u011f\u0131n\u0131 biliyorum, ama bunu s\u00f6zc\u00fcklere d\u00f6kemiyorum | Nar \u2013 Halil Cibran"}]},{"@type":"WebSite","@id":"https:\/\/narteks.net\/#website","url":"https:\/\/narteks.net\/","name":"narteks.net","description":"K\u00fclt\u00fcr Sanat Edebiyat Felsefe","publisher":{"@id":"https:\/\/narteks.net\/#organization"},"alternateName":"K\u00fclt\u00fcr Sanat Edebiyat Felsefe","potentialAction":[{"@type":"SearchAction","target":{"@type":"EntryPoint","urlTemplate":"https:\/\/narteks.net\/?s={search_term_string}"},"query-input":{"@type":"PropertyValueSpecification","valueRequired":true,"valueName":"search_term_string"}}],"inLanguage":"tr"},{"@type":"Organization","@id":"https:\/\/narteks.net\/#organization","name":"narteks.net","url":"https:\/\/narteks.net\/","logo":{"@type":"ImageObject","inLanguage":"tr","@id":"https:\/\/narteks.net\/#\/schema\/logo\/image\/","url":"https:\/\/narteks.net\/wp-content\/uploads\/narteks.png","contentUrl":"https:\/\/narteks.net\/wp-content\/uploads\/narteks.png","width":300,"height":90,"caption":"narteks.net"},"image":{"@id":"https:\/\/narteks.net\/#\/schema\/logo\/image\/"},"sameAs":["https:\/\/x.com\/narteks","https:\/\/instagram.com\/narteksnet"]},{"@type":"Person","@id":"https:\/\/narteks.net\/#\/schema\/person\/61f37d9834294b72d31d274e7ed79bca","name":"Tar\u0131k","image":{"@type":"ImageObject","inLanguage":"tr","@id":"https:\/\/narteks.net\/#\/schema\/person\/image\/","url":"https:\/\/secure.gravatar.com\/avatar\/50865afb55632c4ae467e0af0930f6510aa2297d8014be502a55b14f3b7550cf?s=96&d=mm&r=g","contentUrl":"https:\/\/secure.gravatar.com\/avatar\/50865afb55632c4ae467e0af0930f6510aa2297d8014be502a55b14f3b7550cf?s=96&d=mm&r=g","caption":"Tar\u0131k"},"sameAs":["http:\/\/narteks.net"],"url":"https:\/\/narteks.net\/index.php\/author\/narbak\/"}]}},"_links":{"self":[{"href":"https:\/\/narteks.net\/index.php\/wp-json\/wp\/v2\/posts\/4685","targetHints":{"allow":["GET"]}}],"collection":[{"href":"https:\/\/narteks.net\/index.php\/wp-json\/wp\/v2\/posts"}],"about":[{"href":"https:\/\/narteks.net\/index.php\/wp-json\/wp\/v2\/types\/post"}],"author":[{"embeddable":true,"href":"https:\/\/narteks.net\/index.php\/wp-json\/wp\/v2\/users\/1"}],"replies":[{"embeddable":true,"href":"https:\/\/narteks.net\/index.php\/wp-json\/wp\/v2\/comments?post=4685"}],"version-history":[{"count":0,"href":"https:\/\/narteks.net\/index.php\/wp-json\/wp\/v2\/posts\/4685\/revisions"}],"wp:attachment":[{"href":"https:\/\/narteks.net\/index.php\/wp-json\/wp\/v2\/media?parent=4685"}],"wp:term":[{"taxonomy":"category","embeddable":true,"href":"https:\/\/narteks.net\/index.php\/wp-json\/wp\/v2\/categories?post=4685"},{"taxonomy":"post_tag","embeddable":true,"href":"https:\/\/narteks.net\/index.php\/wp-json\/wp\/v2\/tags?post=4685"}],"curies":[{"name":"wp","href":"https:\/\/api.w.org\/{rel}","templated":true}]}}