{"id":4687,"date":"2010-09-02T10:09:45","date_gmt":"2010-09-02T07:09:45","guid":{"rendered":"http:\/\/localhost\/wordpress\/2010\/09\/02\/buyuk-koyun-imparatorlugu-aziz-nesin\/"},"modified":"2010-09-02T10:09:45","modified_gmt":"2010-09-02T07:09:45","slug":"buyuk-koyun-imparatorlugu-aziz-nesin","status":"publish","type":"post","link":"https:\/\/narteks.net\/index.php\/2010\/09\/02\/buyuk-koyun-imparatorlugu-aziz-nesin\/","title":{"rendered":"B\u00fcy\u00fck Koyun \u0130mparatorlu\u011fu | Aziz Nesin"},"content":{"rendered":"<p style=\"text-align: justify;\"><img loading=\"lazy\" decoding=\"async\" src=\"http:\/\/img1.loadtr.com\/b-371556-koyun_ve_kuzular%C4%B1.jpg\" border=\"0\" width=\"155\" height=\"205\" style=\"float: left;\" \/>Tarihin bir d\u00f6neminde, kurtlara av alan\u0131 kalmam\u0131\u015ft\u0131. \u00c7\u00fcnk\u00fc, hayvanlar\u0131n kral\u0131 say\u0131lan aslan, kaplan, pars vb. gibi g\u00fc\u00e7l\u00fc ve y\u0131rt\u0131c\u0131 hayvanlar, d\u00fcnyan\u0131n av alanlar\u0131n\u0131 kendi aralar\u0131nda b\u00f6l\u00fc\u015fm\u00fc\u015flerdi. Kurtlara, avlanacaklar\u0131 alan b\u0131rakmam\u0131\u015flard\u0131. Her ne denli kurtlar da y\u0131rt\u0131c\u0131 hayvanlarsa da, aslan, kaplan, pars denli g\u00fc\u00e7l\u00fc de\u011fildiler. Buy\u00fczden kurtlar, aslanlar\u0131n, kaplanlar\u0131n egemen olduklar\u0131 alanlara giremiyor, oralarda avlanam\u0131yorlard\u0131. B\u00f6yle olunca da ge\u00e7im s\u0131k\u0131nt\u0131s\u0131 \u00e7ekiyor, a\u00e7 bile kal\u0131yorlard\u0131. Kurtlar\u0131n, bu s\u0131k\u0131nt\u0131l\u0131 durumlar\u0131na bir umar bulmalar\u0131 gerekiyordu. Bunun i\u00e7in de kurtlar b\u00fcy\u00fck bir kurultay d\u00fczenlediler. Bu kurultayda, nas\u0131l bir umar bulacaklar\u0131 konusunda, aralar\u0131nda konu\u015fup g\u00f6r\u00fc\u015ft\u00fcler, tart\u0131\u015ft\u0131lar. Sonunda, kendi bilginlerine dan\u0131\u015fmaya karar verdiler. Ya\u015fl\u0131 bir kurt bilgin, kurtlar\u0131n kurultay\u0131na gelerek \u015f\u00f6yle konu\u015ftu:<\/p>\n<p style=\"text-align: justify;\">\u2014 \u00c7ok sevgili kurt karde\u015flerim, e\u015ft\u00fcrlerim! Aslan, kaplan ve benzeri hayvanlar s\u00f6m\u00fcrgecidirler. Bu b\u00fcy\u00fck s\u00f6m\u00fcrgeciler, d\u00fcnyan\u0131n\u0131n en verimli ya\u015fam alanlar\u0131n\u0131 kendilerine ay\u0131rm\u0131\u015flard\u0131r. D\u00fcnyaya egemen olmu\u015flard\u0131r. Biz kurtlara yer b\u0131rakmam\u0131\u015flard\u0131r. Bizler de ya\u015fam alan\u0131 istiyoruz. Ama bo\u015f ya\u015fam alan\u0131 kalmam\u0131\u015ft\u0131r. Oysa biz kurtlar da y\u0131rt\u0131c\u0131 g\u00fc\u00e7l\u00fc, \u00fcstelik de ak\u0131ll\u0131y\u0131z.<\/p>\n<p> Ya\u015fl\u0131 kurt bilgin, s\u00f6z\u00fcn\u00fcn buras\u0131nda birazc\u0131k durdu. Oks\u00fcrerek sesini ayarlad\u0131ktan sonra \u015fu \u00f6neride bulundu:\u2014 De\u011ferli kurt karde\u015flerim, sevgili t\u00fcrde\u015flerim! Hep birden \u00abKurtlar, hepsinden \u00fcst\u00fcnd\u00fcr!\u00bb diye ba\u011f\u0131rmam\u0131z\u0131 \u00f6neriyorum.Bu \u00f6neriyi, kurultaydaki kurtlar benimsediler. Yaln\u0131z o g\u00fcn de\u011fil, o g\u00fcnden sonra da her zaman, her yerde \u00fc\u00e7 kez \u00fcst\u00fcste ve hep bir a\u011f\u0131zdan \u015f\u00f6yle ba\u011f\u0131rmaya ba\u015flad\u0131lar:\u00abKurtlar, kurtlar, hepsinden \u00fcst\u00fcn!Kurtlar, kurtlar, hepsinden \u00fcst\u00fcn!Kurtlar, kurtlar, hepsinden \u00fcst\u00fcn!\u00bbBu s\u00f6z, kurt toplumunda bir savs\u00f6z oldu.Ya\u015fl\u0131 kurt bilgin, sonra konu\u015fmas\u0131n\u0131 \u015f\u00f6yle s\u00fcrd\u00fcrd\u00fc:<\/p>\n<p>\u2014 Bizim de s\u00f6m\u00fcrgelerimiz olmal\u0131d\u0131r. Bunun i\u00e7in \u00f6nerim \u015fudur: Koyunlar\u0131 \u00abB\u00fcy\u00fck Koyun \u0130mparatorlu\u011fu\u00bb kurmaya kand\u0131ral\u0131m. Koyunlar, B\u00fcy\u00fck Koyun \u0130mparatorlu\u011fu kurmak i\u00e7in bir alanda toplan\u0131nca, o alan\u0131 \u00e7evirir, koyunlar\u0131 ku\u015fat\u0131r\u0131z. Karn\u0131m\u0131z ac\u0131kt\u0131k\u00e7a, doyuncaya dek koyunlar\u0131 yeriz.Bu \u00f6neri, kurtlar kurultay\u0131nda benimsendi. Bunun \u00fczerine, bu \u00f6neriyi ger\u00e7ekle\u015ftirmek i\u00e7in, kurt bilginlerden bir kurul topland\u0131. Bu kurulda, \u00f6nerinin nas\u0131l uygulanaca\u011f\u0131 g\u00f6r\u00fc\u015f\u00fcld\u00fc.Bir kurt bilgin \u015f\u00f6yle dedi:\u2014 Her \u015feyden \u00f6nce, onlar\u0131 rahat\u00e7a yiyebilmemiz i\u00e7in, koyunlar\u0131 bir araya toplamam\u0131z gerekir.Ba\u015fka bir kurt bilgin de,\u2014 \u00c7ok do\u011fru, dedi, b\u00fct\u00fcn canl\u0131lar gibi, koyunlar da ancak bir tehlike kar\u015f\u0131s\u0131nda kal\u0131nca bir araya gelir, toplan\u0131rlar. Bunun i\u00e7in, bir tehlike uydurmal\u0131y\u0131z. Koyunlar\u0131, tehlikede olduklar\u0131na inand\u0131rmal\u0131y\u0131z. \u00d6rne\u011fin bu tehlike Galapintop olabilir&#8230; dedi.Dinleyen kurtlar, Galapintop tehlikesinin ne oldu\u011funu sordular.Kurt bilgin, b\u00f6yle bi\u015feyin olmad\u0131\u011f\u0131n\u0131, uydurdu\u011funu, s\u00f6yledi. Ger\u00e7ekte var olmayan bir tehlike, var olan tehlikeden \u00e7ok daha korkun\u00e7 olarak anlat\u0131labilir-di. \u00c7\u00fcnk\u00fc, var olan bi\u015fey az yada \u00e7ok bilinir, ama var olmayan bi\u015fey bilinmez.Kurtlar, koyunlara Galapintop tehlikesi kar\u015f\u0131s\u0131nda olduklar\u0131n\u0131 anlatacaklard\u0131. Bu amans\u0131z tehlikeye kar\u015f\u0131, kurtlar\u0131n her zaman, her yerde koyunlar\u0131 destekleyeceklerini a\u00e7\u0131klayacaklard\u0131.Bu \u00f6neri oybirli\u011fiyle benimsendi. Sonra ba\u015fka bir kurt bilgin \u015f\u00f6yle konu\u015ftu:\u2014 Koyunlar\u0131 birle\u015ftirmek, bir araya toplamak i\u00e7in, b\u00fcy\u00fck bir tehlike kar\u015f\u0131s\u0131nda olduklar\u0131n\u0131 onlara anlatarak koyunlar\u0131 kand\u0131rmak \u00e7ok yerindedir. Ancak yeterli de\u011fildir. Ayr\u0131ca onlar\u0131 \u00e7ok b\u00fcy\u00fck ama\u00e7l\u0131 bir \u00fclk\u00fcye inand\u0131rmak gerekir. Bu \u00fclk\u00fc, hi\u00e7bir zaman ger\u00e7ekle\u015femeyecek uzak bir hayal, tatl\u0131 bir d\u00fc\u015f olmal\u0131d\u0131r.Bunlar\u0131 s\u00f6yleyen kurda, \u00f6b\u00fcr kurtlar sordular:\u2014 Nas\u0131l bir \u00fclk\u00fc a\u015f\u0131lamal\u0131y\u0131z koyunlara ki, ger\u00e7ekle\u015ftireceklerini sanarak o hayalin arkas\u0131ndan s\u00fcr\u00fc s\u00fcr\u00fc gitsinler?<\/p>\n<p>Bilgin kurt bu soruyu \u015f\u00f6yle yan\u0131tlad\u0131:\u2014 Onlara \u00abB\u00fcy\u00fck Koyun \u0130mparatorlu\u011fu\u00bb gerekti\u011fini anlat\u0131r\u0131z. Bu \u00fclk\u00fcn\u00fcn ad\u0131 \u00abKoyunculuk\u00bb \u00fclk\u00fcs\u00fc olur.Bu kurulda al\u0131nan karardan sonra, bu kararlar\u0131n uygulanmas\u0131na ge\u00e7ildi. Kurtlar, koyunlar aras\u0131ndan en \u00e7\u0131karc\u0131lar\u0131, en bencilleri ve en aptallar\u0131 bulmu\u015flard\u0131. Onlar\u0131, kendilerine yanda\u015f yapm\u0131\u015flard\u0131. Kurt yanl\u0131s\u0131 olan koyunlara, r\u00fc\u015fvet olarak, en g\u00fczel otlaklar\u0131, geni\u015f \u00e7ay\u0131rlar\u0131 g\u00f6steriyorlard\u0131. \u0130\u015fte b\u00f6ylece koyunlar aras\u0131nda \u00abKoyunculuk\u00bb ak\u0131m\u0131 yay\u0131lmaya ba\u015flad\u0131. Koyunculuk ak\u0131m\u0131n\u0131n kitaplar\u0131 yaz\u0131l\u0131yordu. O kitapta \u015f\u00f6yle \u015feyler yaz\u0131l\u0131yd\u0131: \u00abBiz koyunlar, b\u00fct\u00fcn \u00f6b\u00fcr hayvanlardan \u00fcst\u00fcn\u00fcz. Aslan\u0131n, kaplan\u0131n t\u00fcylerinden bile iplik yap\u0131lmazken, bizim t\u00fcylerimizden iplik yap\u0131l\u0131r. Hatta bizim d\u0131\u015fk\u0131m\u0131z bile yararl\u0131d\u0131r, g\u00fcbre olarak kullan\u0131l\u0131r. Ama aslan\u0131n, kaplan\u0131n d\u0131\u015fk\u0131s\u0131, bu g\u00fczel d\u00fcnyay\u0131 pisletmekten ba\u015fka neye yarar? Biz koyunlar \u00fcst\u00fcn\u00fcz. \u00d6yleyse bir B\u00fcy\u00fck Koyun \u0130mparatorlu\u011fu kurmal\u0131y\u0131z. Bu B\u00fcy\u00fck Koyun Imparatorlu\u011fu&#8217;nu kurmak i\u00e7in de koyunculuk \u00fclk\u00fcs\u00fc oda\u011f\u0131nda birle\u015fmeliyiz. D\u00fc\u015fman\u0131m\u0131za kar\u015f\u0131 birlik olmal\u0131y\u0131z. Kahrolsun Galapintop&#8230; B\u00fcy\u00fck Koyun \u0130mparatorlu\u011fu kuraca\u011f\u0131z. B\u00fct\u00fcn ormanlar, geni\u015f \u00e7ay\u0131rlar, sonsuz \u00e7imenler biz koyunlar\u0131n olacak. Galapintop&#8217;un ba\u015f\u0131n\u0131 ezece\u011fiz.\u00bb<\/p>\n<p>Kurtlar, bu d\u00fc\u015f\u00fcncelerinde koyunlar\u0131 destekliyor, onlara yard\u0131m ediyorlard\u0131. Bu yard\u0131m ve destekleme kar\u015f\u0131s\u0131nda kimi koyunlar \u015f\u00f6yle d\u00fc\u015f\u00fcnmeye ba\u015flam\u0131\u015flard\u0131: \u00abBiz, kurtlar\u0131 ne denli yanl\u0131\u015f tan\u0131yormu\u015fuz&#8230; Oysa kurtlar, ne denli iyiliksever, ne denli yard\u0131msever hayvanlarm\u0131\u015f. Kurtlar, bizim dostlar\u0131m\u0131zd\u0131r.\u00bb<\/p>\n<p style=\"text-align: justify;\">\u00a0<\/p>\n<p style=\"text-align: justify;\">Kurtlar daha deneyimli, daha bilgili, hem de daha \u00f6rg\u00fct\u00e7\u00fc olduklar\u0131 i\u00e7in, koyunlara uzmanlar<br \/>g\u00f6nderiyorlard\u0131. Bu kurt uzmanlar, koyunlara \u00f6\u011f\u00fctler veriyor, sal\u0131klarda bulunuyor, yol-y\u00f6ntem\u00a0 g\u00f6steriyordu.Kurtlar, bu uzmanlar\u0131n\u0131n d\u0131\u015f\u0131nda, koyunlar\u0131n aras\u0131na kendi casuslar\u0131n\u0131 da g\u00f6ndermeye ba\u015flam\u0131\u015flard\u0131. Bu casuslar, koyun postuna b\u00fcr\u00fcnm\u00fc\u015f kurtlard\u0131. \u00c7ok iyi e\u011fitildikleri i\u00e7in, t\u0131pk\u0131 koyun gibi meliyorlard\u0131. Koyunlar, bu casuslar\u0131 kendileri gibi koyun sanm\u0131\u015flard\u0131. Bu casuslar her s\u00f6ze \u00abHer zamandan daha \u00e7ok birlik ve beraberli\u011fe muhta\u00e7 oldu\u011fumuz bu d\u00f6nemde\u00bb diye ba\u015flayarak, koyunlar\u0131 birli\u011fe, bir araya toplanmaya \u00e7a\u011f\u0131r\u0131yorlard\u0131.Koyunlar aras\u0131nda yay\u0131lan B\u00fcy\u00fck Koyun \u0130mparatorlu\u011fu \u00fclk\u00fcs\u00fc, bir koyun s\u00fcr\u00fcs\u00fcnden \u00f6b\u00fcr koyun s\u00fcr\u00fclerine durmadan yay\u0131l\u0131yordu. B\u00fct\u00fcn koyun s\u00fcr\u00fclerindeki koyunlar, d\u00fc\u015fmanlar\u0131 Galapintop&#8217;a kar\u015f\u0131 birle\u015fmek istiyor ve s\u0131n\u0131rs\u0131z \u00e7imenlerin, sonsuz \u00e7ay\u0131rlar\u0131n, g\u00fcr otlaklar\u0131n bulundu\u011fu o B\u00fcy\u00fck Koyun \u0130mparatorlu\u011fu&#8217;nu \u00f6zl\u00fcyorlard\u0131. B\u00fct\u00fcn koyun s\u00fcr\u00fcleri oraya ak\u0131n edeceklerdi ve kendilerine engel olmak isteyen d\u00fc\u015fmanlar\u0131 Galapintop&#8217;lar\u0131 yokedeceklerdi.B\u00fct\u00fcn koyunlar\u0131 bu kurt masal\u0131na inanacak denli aptal sanmak yanl\u0131\u015f olur. Ak\u0131ll\u0131 koyunlar da vard\u0131. Bunlar, Galapintop diye bir d\u00fc\u015fman olmad\u0131\u011f\u0131n\u0131, bu d\u00fc\u015fman tehlikesini kurtlar\u0131n uydurdu\u011funu, ama\u00e7lar\u0131n\u0131n uydurma bir tehlike yaratarak as\u0131l tehlikenin kendileri oldu\u011funu g\u00f6zden gizlemek oldu\u011funu s\u00f6yleyerek t\u00fcrde\u015flerini uyarmaya \u00e7al\u0131\u015ft\u0131lar. Bu kadarla da yetinmediler. B\u00fcy\u00fck Koyun \u0130mparatorlu\u011fu&#8217;nun bo\u015f bir hayal oldu\u011funu da anlatt\u0131lar. O hayal imparatorlukta, bol \u00e7ay\u0131r, g\u00fczel \u00e7imen, g\u00fcr otlak d\u00fc\u015flerken, postun da elden gidece\u011fini, a\u00e7 kurtlara yiyecek olacaklar\u0131n\u0131 a\u00e7\u0131klad\u0131lar. Bu uzakg\u00f6r\u00fc\u015fl\u00fc koyunlar\u0131n bu \u00e7abalar\u0131 hi\u00e7bir i\u015fe yaramad\u0131. \u00c7\u00fcnk\u00fc, d\u00fc\u015fman Galapintop&#8217;a kar\u015f\u0131 birle\u015fmek, bir arada olmak, toplanmak, B\u00fcy\u00fck Koyun \u0130mparatorlu\u011fu&#8217;nu kurmak d\u00fc\u015f\u00fcncesi \u00e7ok yay\u0131lm\u0131\u015ft\u0131. Bunun tersini d\u00fc\u015f\u00fcnenlere hain ve koyun d\u00fc\u015fman\u0131 g\u00f6z\u00fcyle bak\u0131l\u0131yordu. B\u00fcy\u00fck Koyun \u0130mparatorlu\u011fu&#8217;ndaki \u00e7ay\u0131rlar, \u00e7imenler, k\u0131\u015f so\u011fu\u011funda, kar alt\u0131nda bile kurumuyordu. Oras\u0131 bir cennetti, koyun cenneti&#8230;B\u00fcy\u00fck Koyun \u0130mparatorlu\u011fu&#8217;nu kurmak i\u00e7in \u00e7al\u0131\u015fmalar gittik\u00e7e h\u0131zland\u0131. Ve d\u00fc\u015fman Galapintop&#8217;u yenmek i\u00e7in koyunlardan asker birlikleri olu\u015fturuldu. Koyunlar, art\u0131k eskisi gibi koyun koyun y\u00fcr\u00fcm\u00fcyor, kurt kurt y\u00fcr\u00fcyorlard\u0131. Eskisi gibi koyunca melemiyor, kurt\u00e7a ulumaya \u00f6zeniyorlard\u0131.Bu \u00e7al\u0131\u015fmalar\u0131n sonunda o tarihsel g\u00fcn gelip \u00e7att\u0131.S\u00fcr\u00fcden s\u00fcr\u00fcye haberler ula\u015ft\u0131 ve d\u00fcnyan\u0131n her yerindeki koyun s\u00fcr\u00fcleri birlik i\u00e7inde olmak, d\u00fc\u015fmanlar\u0131 Galapintop&#8217;u yoketmek ve B\u00fcy\u00fck Koyun \u0130mparatorlu\u011fu&#8217;nu kurmak ve orada toplanmak i\u00e7in y\u00fcr\u00fcy\u00fc\u015fe ge\u00e7tiler.Y\u00fcr\u00fcy\u00fc\u015f \u00e7ok zor ge\u00e7ti. B\u00fct\u00fcn koyunlar, kendilerine kurt uzmanlar\u0131n g\u00f6sterdi\u011fi uzun ve \u00e7ok geni\u015f bir koyakta topland\u0131lar. Burada hep bir a\u011f\u0131zdan durmadan ba\u011f\u0131r\u0131yorlard\u0131:\u2014 Kahrolsun Galapintop&#8230;\u2014 Her zamandan \u00e7ok birlik ve beraberli\u011fe muhta\u00e7 oldu\u011fumuz b\u00f6yle bir g\u00fcnde&#8230;\u2014 B\u00fcy\u00fck Koyun \u0130mparatorlu\u011fu&#8217;nu kuraca\u011f\u0131z! B\u00fct\u00fcn a\u00e7 kurtlar, o koyakta toplanm\u0131\u015f olan koyunlar\u0131n \u00e7evresini ku\u015fatm\u0131\u015flard\u0131. Kurtlar, koyunlar\u0131 kolayl\u0131kla par\u00e7alay\u0131p, bo\u011fup yiyorlard\u0131. \u00c7\u00fcnk\u00fc art\u0131k koyunlar\u0131n ne \u00e7obanlar\u0131, ne de onlar\u0131 koruyan k\u00f6pekleri vard\u0131. Koyunlar, ger\u00e7ek tehlikenin nerden geldi\u011fini, ger\u00e7ek d\u00fc\u015fman\u0131n kim oldu\u011funu, nas\u0131l aldat\u0131ld\u0131klar\u0131n\u0131 anlad\u0131lar ama art\u0131k i\u015f i\u015ften ge\u00e7mi\u015fti. Koyunlar\u0131n aptall\u0131\u011f\u0131 y\u00fcz\u00fcnden art\u0131k kurtlar\u0131n da bir ya\u015fam alan\u0131, bir s\u00f6m\u00fcrgesi olmu\u015ftu. Kurtlar\u0131n da egemen olduklar\u0131 bir ya\u015fam alanlar\u0131 vard\u0131.<\/p>\n<p>Bu yalana kanmayan, bu tuza\u011fa d\u00fc\u015fmeyen kimi ak\u0131ll\u0131 koyunlar, orada burada gizlenip saklanm\u0131\u015flard\u0131. Onlar, koyun t\u00fcr\u00fcn\u00fc yeniden \u00fcrettiler. Onlar da olmasayd\u0131, koyun denilen hayvan t\u00fcr\u00fc, t\u00fcm\u00fcyle yok olacakt\u0131.Koyunlar\u0131n tarihinde, burda anlat\u0131lan bu olay yaz\u0131l\u0131 oldu\u011fu halde, kurtlar\u0131n bu kand\u0131rmaca oyunu d\u00fcnyada yine de s\u00fcrmektedir. \u00c7\u00fcnk\u00fc d\u00fcnyada bug\u00fcn de gerek koyunlar, gerek ba\u015fka yarat\u0131klar aras\u0131nda, ne yaz\u0131k ki, \u00e7\u0131karc\u0131lar, aptallar ve al\u00e7aklar, h\u00e2l\u00e2 vard\u0131r.<\/p>\n","protected":false},"excerpt":{"rendered":"<p>Tarihin bir d\u00f6neminde, kurtlara av alan\u0131 kalmam\u0131\u015ft\u0131. \u00c7\u00fcnk\u00fc, hayvanlar\u0131n kral\u0131 say\u0131lan aslan, kaplan, pars vb. gibi g\u00fc\u00e7l\u00fc ve y\u0131rt\u0131c\u0131 hayvanlar, d\u00fcnyan\u0131n av alanlar\u0131n\u0131 kendi aralar\u0131nda b\u00f6l\u00fc\u015fm\u00fc\u015flerdi. Kurtlara, avlanacaklar\u0131 alan b\u0131rakmam\u0131\u015flard\u0131. Her ne denli kurtlar da y\u0131rt\u0131c\u0131 hayvanlarsa da, aslan, kaplan, pars denli g\u00fc\u00e7l\u00fc de\u011fildiler. Buy\u00fczden kurtlar, aslanlar\u0131n, kaplanlar\u0131n egemen olduklar\u0131 alanlara giremiyor, oralarda avlanam\u0131yorlard\u0131. B\u00f6yle [&hellip;]<\/p>\n","protected":false},"author":1,"featured_media":0,"comment_status":"open","ping_status":"open","sticky":false,"template":"","format":"standard","meta":{"footnotes":""},"categories":[114],"tags":[],"class_list":{"0":"post-4687","1":"post","2":"type-post","3":"status-publish","4":"format-standard","6":"category-turkiye-den-oykuler"},"yoast_head":"<!-- This site is optimized with the Yoast SEO Premium plugin v24.9 (Yoast SEO v24.9) - https:\/\/yoast.com\/wordpress\/plugins\/seo\/ -->\n<title>B\u00fcy\u00fck Koyun \u0130mparatorlu\u011fu | Aziz Nesin - narteks.net<\/title>\n<meta name=\"robots\" content=\"index, follow, max-snippet:-1, max-image-preview:large, max-video-preview:-1\" \/>\n<link rel=\"canonical\" href=\"https:\/\/narteks.net\/index.php\/2010\/09\/02\/buyuk-koyun-imparatorlugu-aziz-nesin\/\" \/>\n<meta property=\"og:locale\" content=\"tr_TR\" \/>\n<meta property=\"og:type\" content=\"article\" \/>\n<meta property=\"og:title\" content=\"B\u00fcy\u00fck Koyun \u0130mparatorlu\u011fu | Aziz Nesin\" \/>\n<meta property=\"og:description\" content=\"Tarihin bir d\u00f6neminde, kurtlara av alan\u0131 kalmam\u0131\u015ft\u0131. \u00c7\u00fcnk\u00fc, hayvanlar\u0131n kral\u0131 say\u0131lan aslan, kaplan, pars vb. gibi g\u00fc\u00e7l\u00fc ve y\u0131rt\u0131c\u0131 hayvanlar, d\u00fcnyan\u0131n av alanlar\u0131n\u0131 kendi aralar\u0131nda b\u00f6l\u00fc\u015fm\u00fc\u015flerdi. Kurtlara, avlanacaklar\u0131 alan b\u0131rakmam\u0131\u015flard\u0131. Her ne denli kurtlar da y\u0131rt\u0131c\u0131 hayvanlarsa da, aslan, kaplan, pars denli g\u00fc\u00e7l\u00fc de\u011fildiler. Buy\u00fczden kurtlar, aslanlar\u0131n, kaplanlar\u0131n egemen olduklar\u0131 alanlara giremiyor, oralarda avlanam\u0131yorlard\u0131. B\u00f6yle [&hellip;]\" \/>\n<meta property=\"og:url\" content=\"https:\/\/narteks.net\/index.php\/2010\/09\/02\/buyuk-koyun-imparatorlugu-aziz-nesin\/\" \/>\n<meta property=\"og:site_name\" content=\"narteks.net\" \/>\n<meta property=\"article:published_time\" content=\"2010-09-02T07:09:45+00:00\" \/>\n<meta property=\"og:image\" content=\"http:\/\/img1.loadtr.com\/b-371556-koyun_ve_kuzular%C4%B1.jpg\" \/>\n<meta name=\"author\" content=\"Tar\u0131k\" \/>\n<meta name=\"twitter:card\" content=\"summary_large_image\" \/>\n<meta name=\"twitter:creator\" content=\"@narteks\" \/>\n<meta name=\"twitter:site\" content=\"@narteks\" \/>\n<meta name=\"twitter:label1\" content=\"Yazan:\" \/>\n\t<meta name=\"twitter:data1\" content=\"Tar\u0131k\" \/>\n\t<meta name=\"twitter:label2\" content=\"Tahmini okuma s\u00fcresi\" \/>\n\t<meta name=\"twitter:data2\" content=\"9 dakika\" \/>\n<script type=\"application\/ld+json\" class=\"yoast-schema-graph\">{\"@context\":\"https:\/\/schema.org\",\"@graph\":[{\"@type\":\"Article\",\"@id\":\"https:\/\/narteks.net\/index.php\/2010\/09\/02\/buyuk-koyun-imparatorlugu-aziz-nesin\/#article\",\"isPartOf\":{\"@id\":\"https:\/\/narteks.net\/index.php\/2010\/09\/02\/buyuk-koyun-imparatorlugu-aziz-nesin\/\"},\"author\":{\"name\":\"Tar\u0131k\",\"@id\":\"https:\/\/narteks.net\/#\/schema\/person\/61f37d9834294b72d31d274e7ed79bca\"},\"headline\":\"B\u00fcy\u00fck Koyun \u0130mparatorlu\u011fu | Aziz Nesin\",\"datePublished\":\"2010-09-02T07:09:45+00:00\",\"mainEntityOfPage\":{\"@id\":\"https:\/\/narteks.net\/index.php\/2010\/09\/02\/buyuk-koyun-imparatorlugu-aziz-nesin\/\"},\"wordCount\":1729,\"commentCount\":0,\"publisher\":{\"@id\":\"https:\/\/narteks.net\/#organization\"},\"image\":{\"@id\":\"https:\/\/narteks.net\/index.php\/2010\/09\/02\/buyuk-koyun-imparatorlugu-aziz-nesin\/#primaryimage\"},\"thumbnailUrl\":\"http:\/\/img1.loadtr.com\/b-371556-koyun_ve_kuzular%C4%B1.jpg\",\"articleSection\":[\"T\u00fcrkiye'den \u00d6yk\u00fcler\"],\"inLanguage\":\"tr\",\"potentialAction\":[{\"@type\":\"CommentAction\",\"name\":\"Comment\",\"target\":[\"https:\/\/narteks.net\/index.php\/2010\/09\/02\/buyuk-koyun-imparatorlugu-aziz-nesin\/#respond\"]}]},{\"@type\":\"WebPage\",\"@id\":\"https:\/\/narteks.net\/index.php\/2010\/09\/02\/buyuk-koyun-imparatorlugu-aziz-nesin\/\",\"url\":\"https:\/\/narteks.net\/index.php\/2010\/09\/02\/buyuk-koyun-imparatorlugu-aziz-nesin\/\",\"name\":\"B\u00fcy\u00fck Koyun \u0130mparatorlu\u011fu | Aziz Nesin - narteks.net\",\"isPartOf\":{\"@id\":\"https:\/\/narteks.net\/#website\"},\"primaryImageOfPage\":{\"@id\":\"https:\/\/narteks.net\/index.php\/2010\/09\/02\/buyuk-koyun-imparatorlugu-aziz-nesin\/#primaryimage\"},\"image\":{\"@id\":\"https:\/\/narteks.net\/index.php\/2010\/09\/02\/buyuk-koyun-imparatorlugu-aziz-nesin\/#primaryimage\"},\"thumbnailUrl\":\"http:\/\/img1.loadtr.com\/b-371556-koyun_ve_kuzular%C4%B1.jpg\",\"datePublished\":\"2010-09-02T07:09:45+00:00\",\"breadcrumb\":{\"@id\":\"https:\/\/narteks.net\/index.php\/2010\/09\/02\/buyuk-koyun-imparatorlugu-aziz-nesin\/#breadcrumb\"},\"inLanguage\":\"tr\",\"potentialAction\":[{\"@type\":\"ReadAction\",\"target\":[\"https:\/\/narteks.net\/index.php\/2010\/09\/02\/buyuk-koyun-imparatorlugu-aziz-nesin\/\"]}]},{\"@type\":\"ImageObject\",\"inLanguage\":\"tr\",\"@id\":\"https:\/\/narteks.net\/index.php\/2010\/09\/02\/buyuk-koyun-imparatorlugu-aziz-nesin\/#primaryimage\",\"url\":\"http:\/\/img1.loadtr.com\/b-371556-koyun_ve_kuzular%C4%B1.jpg\",\"contentUrl\":\"http:\/\/img1.loadtr.com\/b-371556-koyun_ve_kuzular%C4%B1.jpg\"},{\"@type\":\"BreadcrumbList\",\"@id\":\"https:\/\/narteks.net\/index.php\/2010\/09\/02\/buyuk-koyun-imparatorlugu-aziz-nesin\/#breadcrumb\",\"itemListElement\":[{\"@type\":\"ListItem\",\"position\":1,\"name\":\"Anasayfa\",\"item\":\"https:\/\/narteks.net\/\"},{\"@type\":\"ListItem\",\"position\":2,\"name\":\"B\u00fcy\u00fck Koyun \u0130mparatorlu\u011fu | Aziz Nesin\"}]},{\"@type\":\"WebSite\",\"@id\":\"https:\/\/narteks.net\/#website\",\"url\":\"https:\/\/narteks.net\/\",\"name\":\"narteks.net\",\"description\":\"K\u00fclt\u00fcr Sanat Edebiyat Felsefe\",\"publisher\":{\"@id\":\"https:\/\/narteks.net\/#organization\"},\"alternateName\":\"K\u00fclt\u00fcr Sanat Edebiyat Felsefe\",\"potentialAction\":[{\"@type\":\"SearchAction\",\"target\":{\"@type\":\"EntryPoint\",\"urlTemplate\":\"https:\/\/narteks.net\/?s={search_term_string}\"},\"query-input\":{\"@type\":\"PropertyValueSpecification\",\"valueRequired\":true,\"valueName\":\"search_term_string\"}}],\"inLanguage\":\"tr\"},{\"@type\":\"Organization\",\"@id\":\"https:\/\/narteks.net\/#organization\",\"name\":\"narteks.net\",\"url\":\"https:\/\/narteks.net\/\",\"logo\":{\"@type\":\"ImageObject\",\"inLanguage\":\"tr\",\"@id\":\"https:\/\/narteks.net\/#\/schema\/logo\/image\/\",\"url\":\"https:\/\/narteks.net\/wp-content\/uploads\/narteks.png\",\"contentUrl\":\"https:\/\/narteks.net\/wp-content\/uploads\/narteks.png\",\"width\":300,\"height\":90,\"caption\":\"narteks.net\"},\"image\":{\"@id\":\"https:\/\/narteks.net\/#\/schema\/logo\/image\/\"},\"sameAs\":[\"https:\/\/x.com\/narteks\",\"https:\/\/instagram.com\/narteksnet\"]},{\"@type\":\"Person\",\"@id\":\"https:\/\/narteks.net\/#\/schema\/person\/61f37d9834294b72d31d274e7ed79bca\",\"name\":\"Tar\u0131k\",\"image\":{\"@type\":\"ImageObject\",\"inLanguage\":\"tr\",\"@id\":\"https:\/\/narteks.net\/#\/schema\/person\/image\/\",\"url\":\"https:\/\/secure.gravatar.com\/avatar\/50865afb55632c4ae467e0af0930f6510aa2297d8014be502a55b14f3b7550cf?s=96&d=mm&r=g\",\"contentUrl\":\"https:\/\/secure.gravatar.com\/avatar\/50865afb55632c4ae467e0af0930f6510aa2297d8014be502a55b14f3b7550cf?s=96&d=mm&r=g\",\"caption\":\"Tar\u0131k\"},\"sameAs\":[\"http:\/\/narteks.net\"],\"url\":\"https:\/\/narteks.net\/index.php\/author\/narbak\/\"}]}<\/script>\n<!-- \/ Yoast SEO Premium plugin. -->","yoast_head_json":{"title":"B\u00fcy\u00fck Koyun \u0130mparatorlu\u011fu | Aziz Nesin - narteks.net","robots":{"index":"index","follow":"follow","max-snippet":"max-snippet:-1","max-image-preview":"max-image-preview:large","max-video-preview":"max-video-preview:-1"},"canonical":"https:\/\/narteks.net\/index.php\/2010\/09\/02\/buyuk-koyun-imparatorlugu-aziz-nesin\/","og_locale":"tr_TR","og_type":"article","og_title":"B\u00fcy\u00fck Koyun \u0130mparatorlu\u011fu | Aziz Nesin","og_description":"Tarihin bir d\u00f6neminde, kurtlara av alan\u0131 kalmam\u0131\u015ft\u0131. \u00c7\u00fcnk\u00fc, hayvanlar\u0131n kral\u0131 say\u0131lan aslan, kaplan, pars vb. gibi g\u00fc\u00e7l\u00fc ve y\u0131rt\u0131c\u0131 hayvanlar, d\u00fcnyan\u0131n av alanlar\u0131n\u0131 kendi aralar\u0131nda b\u00f6l\u00fc\u015fm\u00fc\u015flerdi. Kurtlara, avlanacaklar\u0131 alan b\u0131rakmam\u0131\u015flard\u0131. Her ne denli kurtlar da y\u0131rt\u0131c\u0131 hayvanlarsa da, aslan, kaplan, pars denli g\u00fc\u00e7l\u00fc de\u011fildiler. Buy\u00fczden kurtlar, aslanlar\u0131n, kaplanlar\u0131n egemen olduklar\u0131 alanlara giremiyor, oralarda avlanam\u0131yorlard\u0131. B\u00f6yle [&hellip;]","og_url":"https:\/\/narteks.net\/index.php\/2010\/09\/02\/buyuk-koyun-imparatorlugu-aziz-nesin\/","og_site_name":"narteks.net","article_published_time":"2010-09-02T07:09:45+00:00","og_image":[{"url":"http:\/\/img1.loadtr.com\/b-371556-koyun_ve_kuzular%C4%B1.jpg","type":"","width":"","height":""}],"author":"Tar\u0131k","twitter_card":"summary_large_image","twitter_creator":"@narteks","twitter_site":"@narteks","twitter_misc":{"Yazan:":"Tar\u0131k","Tahmini okuma s\u00fcresi":"9 dakika"},"schema":{"@context":"https:\/\/schema.org","@graph":[{"@type":"Article","@id":"https:\/\/narteks.net\/index.php\/2010\/09\/02\/buyuk-koyun-imparatorlugu-aziz-nesin\/#article","isPartOf":{"@id":"https:\/\/narteks.net\/index.php\/2010\/09\/02\/buyuk-koyun-imparatorlugu-aziz-nesin\/"},"author":{"name":"Tar\u0131k","@id":"https:\/\/narteks.net\/#\/schema\/person\/61f37d9834294b72d31d274e7ed79bca"},"headline":"B\u00fcy\u00fck Koyun \u0130mparatorlu\u011fu | Aziz Nesin","datePublished":"2010-09-02T07:09:45+00:00","mainEntityOfPage":{"@id":"https:\/\/narteks.net\/index.php\/2010\/09\/02\/buyuk-koyun-imparatorlugu-aziz-nesin\/"},"wordCount":1729,"commentCount":0,"publisher":{"@id":"https:\/\/narteks.net\/#organization"},"image":{"@id":"https:\/\/narteks.net\/index.php\/2010\/09\/02\/buyuk-koyun-imparatorlugu-aziz-nesin\/#primaryimage"},"thumbnailUrl":"http:\/\/img1.loadtr.com\/b-371556-koyun_ve_kuzular%C4%B1.jpg","articleSection":["T\u00fcrkiye'den \u00d6yk\u00fcler"],"inLanguage":"tr","potentialAction":[{"@type":"CommentAction","name":"Comment","target":["https:\/\/narteks.net\/index.php\/2010\/09\/02\/buyuk-koyun-imparatorlugu-aziz-nesin\/#respond"]}]},{"@type":"WebPage","@id":"https:\/\/narteks.net\/index.php\/2010\/09\/02\/buyuk-koyun-imparatorlugu-aziz-nesin\/","url":"https:\/\/narteks.net\/index.php\/2010\/09\/02\/buyuk-koyun-imparatorlugu-aziz-nesin\/","name":"B\u00fcy\u00fck Koyun \u0130mparatorlu\u011fu | Aziz Nesin - narteks.net","isPartOf":{"@id":"https:\/\/narteks.net\/#website"},"primaryImageOfPage":{"@id":"https:\/\/narteks.net\/index.php\/2010\/09\/02\/buyuk-koyun-imparatorlugu-aziz-nesin\/#primaryimage"},"image":{"@id":"https:\/\/narteks.net\/index.php\/2010\/09\/02\/buyuk-koyun-imparatorlugu-aziz-nesin\/#primaryimage"},"thumbnailUrl":"http:\/\/img1.loadtr.com\/b-371556-koyun_ve_kuzular%C4%B1.jpg","datePublished":"2010-09-02T07:09:45+00:00","breadcrumb":{"@id":"https:\/\/narteks.net\/index.php\/2010\/09\/02\/buyuk-koyun-imparatorlugu-aziz-nesin\/#breadcrumb"},"inLanguage":"tr","potentialAction":[{"@type":"ReadAction","target":["https:\/\/narteks.net\/index.php\/2010\/09\/02\/buyuk-koyun-imparatorlugu-aziz-nesin\/"]}]},{"@type":"ImageObject","inLanguage":"tr","@id":"https:\/\/narteks.net\/index.php\/2010\/09\/02\/buyuk-koyun-imparatorlugu-aziz-nesin\/#primaryimage","url":"http:\/\/img1.loadtr.com\/b-371556-koyun_ve_kuzular%C4%B1.jpg","contentUrl":"http:\/\/img1.loadtr.com\/b-371556-koyun_ve_kuzular%C4%B1.jpg"},{"@type":"BreadcrumbList","@id":"https:\/\/narteks.net\/index.php\/2010\/09\/02\/buyuk-koyun-imparatorlugu-aziz-nesin\/#breadcrumb","itemListElement":[{"@type":"ListItem","position":1,"name":"Anasayfa","item":"https:\/\/narteks.net\/"},{"@type":"ListItem","position":2,"name":"B\u00fcy\u00fck Koyun \u0130mparatorlu\u011fu | Aziz Nesin"}]},{"@type":"WebSite","@id":"https:\/\/narteks.net\/#website","url":"https:\/\/narteks.net\/","name":"narteks.net","description":"K\u00fclt\u00fcr Sanat Edebiyat Felsefe","publisher":{"@id":"https:\/\/narteks.net\/#organization"},"alternateName":"K\u00fclt\u00fcr Sanat Edebiyat Felsefe","potentialAction":[{"@type":"SearchAction","target":{"@type":"EntryPoint","urlTemplate":"https:\/\/narteks.net\/?s={search_term_string}"},"query-input":{"@type":"PropertyValueSpecification","valueRequired":true,"valueName":"search_term_string"}}],"inLanguage":"tr"},{"@type":"Organization","@id":"https:\/\/narteks.net\/#organization","name":"narteks.net","url":"https:\/\/narteks.net\/","logo":{"@type":"ImageObject","inLanguage":"tr","@id":"https:\/\/narteks.net\/#\/schema\/logo\/image\/","url":"https:\/\/narteks.net\/wp-content\/uploads\/narteks.png","contentUrl":"https:\/\/narteks.net\/wp-content\/uploads\/narteks.png","width":300,"height":90,"caption":"narteks.net"},"image":{"@id":"https:\/\/narteks.net\/#\/schema\/logo\/image\/"},"sameAs":["https:\/\/x.com\/narteks","https:\/\/instagram.com\/narteksnet"]},{"@type":"Person","@id":"https:\/\/narteks.net\/#\/schema\/person\/61f37d9834294b72d31d274e7ed79bca","name":"Tar\u0131k","image":{"@type":"ImageObject","inLanguage":"tr","@id":"https:\/\/narteks.net\/#\/schema\/person\/image\/","url":"https:\/\/secure.gravatar.com\/avatar\/50865afb55632c4ae467e0af0930f6510aa2297d8014be502a55b14f3b7550cf?s=96&d=mm&r=g","contentUrl":"https:\/\/secure.gravatar.com\/avatar\/50865afb55632c4ae467e0af0930f6510aa2297d8014be502a55b14f3b7550cf?s=96&d=mm&r=g","caption":"Tar\u0131k"},"sameAs":["http:\/\/narteks.net"],"url":"https:\/\/narteks.net\/index.php\/author\/narbak\/"}]}},"_links":{"self":[{"href":"https:\/\/narteks.net\/index.php\/wp-json\/wp\/v2\/posts\/4687","targetHints":{"allow":["GET"]}}],"collection":[{"href":"https:\/\/narteks.net\/index.php\/wp-json\/wp\/v2\/posts"}],"about":[{"href":"https:\/\/narteks.net\/index.php\/wp-json\/wp\/v2\/types\/post"}],"author":[{"embeddable":true,"href":"https:\/\/narteks.net\/index.php\/wp-json\/wp\/v2\/users\/1"}],"replies":[{"embeddable":true,"href":"https:\/\/narteks.net\/index.php\/wp-json\/wp\/v2\/comments?post=4687"}],"version-history":[{"count":0,"href":"https:\/\/narteks.net\/index.php\/wp-json\/wp\/v2\/posts\/4687\/revisions"}],"wp:attachment":[{"href":"https:\/\/narteks.net\/index.php\/wp-json\/wp\/v2\/media?parent=4687"}],"wp:term":[{"taxonomy":"category","embeddable":true,"href":"https:\/\/narteks.net\/index.php\/wp-json\/wp\/v2\/categories?post=4687"},{"taxonomy":"post_tag","embeddable":true,"href":"https:\/\/narteks.net\/index.php\/wp-json\/wp\/v2\/tags?post=4687"}],"curies":[{"name":"wp","href":"https:\/\/api.w.org\/{rel}","templated":true}]}}