{"id":4694,"date":"2010-09-08T10:10:47","date_gmt":"2010-09-08T07:10:47","guid":{"rendered":"http:\/\/localhost\/wordpress\/2010\/09\/08\/o-geliyor-duymadiniz-mi-sesleri-gurultuyu-isitmediniz-mi-mesihin-gelisi-oguz-atay\/"},"modified":"2010-09-08T10:10:47","modified_gmt":"2010-09-08T07:10:47","slug":"o-geliyor-duymadiniz-mi-sesleri-gurultuyu-isitmediniz-mi-mesihin-gelisi-oguz-atay","status":"publish","type":"post","link":"https:\/\/narteks.net\/index.php\/2010\/09\/08\/o-geliyor-duymadiniz-mi-sesleri-gurultuyu-isitmediniz-mi-mesihin-gelisi-oguz-atay\/","title":{"rendered":"O geliyor, duymad\u0131n\u0131z m\u0131? Sesleri, g\u00fcr\u00fclt\u00fcy\u00fc i\u015fitmediniz mi? | Mesih&#8217;in Geli\u015fi &#8211; O\u011fuz Atay"},"content":{"rendered":"<p style=\"text-align: justify;\"><img loading=\"lazy\" decoding=\"async\" src=\"http:\/\/t3.gstatic.com\/images?q=tbn:DceXd88-rDv4tM:http:\/\/3.bp.blogspot.com\/_Kf9xc_kih0k\/Ss_qEU2E20I\/AAAAAAAAATQ\/nSRk5VPVjZE\/s1600\/tutunamayanlar.jpg&amp;t=1\" border=\"0\" width=\"155\" height=\"205\" style=\"float: left;\" \/>&#8220;Aram\u0131zda bulunmas\u0131 bizlere \u015feref verecek olan dostum, \u00fclkemizin ger\u00e7ek sahibidir. Bu d\u00fcnyaya ikinci geli\u015finde, beyaz bir ata binmi\u015f olarak aram\u0131zda g\u00f6r\u00fcnecektir. \u0130lk gen\u00e7li\u011finde, bu sokaklarda \u00e7ok dola\u015fm\u0131\u015f, bazen bir t\u00fcrl\u00fc i\u00e7eri giremeyerek d\u00f6n\u00fcp gitmi\u015ftir. Bazen de, bu ve bunun gibi salonlarda saatlerce oturarak, onu anlayacak duygulu bir kalbi bo\u015f yere beklemi\u015ftir. \u0130kinci geli\u015finde, bu sokak zafer taklar\u0131yla donat\u0131lacakt\u0131r.<\/p>\n<p>B\u00fct\u00fcn kap\u0131lar defne dallar\u0131yla s\u00fcslenecektir. O g\u00fcn resmi tatil olacak ve k\u0131zlar m\u00fc\u015fteri kabul etmeyerek, ellerinde bayraklar, pencerelerde, yar\u0131 bellerine kadar sarkm\u0131\u015f, bekleyeceklerdir. Polisler, en iyi \u00fcniformalar\u0131n\u0131 giyerek asayi\u015fi temin edeceklerdir.<\/p>\n<p>\u00c7\u00fcnk\u00fc, o kadar kalabal\u0131k olacak, o kadar kalabal\u0131k olacakt\u0131r ki \u00fc\u00e7 g\u00fcn \u00f6ncesinden ay\u0131rtmaya kalksan\u0131z bile hi\u00e7 yer bulunamayacakt\u0131r. Yaln\u0131z, karaborsac\u0131lara m\u00fcsamaha edilmeyecektir. \u00c7\u00fcnk\u00fc o, \u00f6yle isterdi. Sokak bir g\u00fcn \u00f6nceden s\u00fcp\u00fcrt\u00fclecek; \u00e7\u00f6p\u00e7\u00fcler de onu, ellerinde s\u00fcp\u00fcrge sopalar\u0131, haz\u0131r ol vaziyetinde bekleyeceklerdir. Safter bile o g\u00fcn i\u00e7in, terliklerini \u00e7\u0131kararak ayakkab\u0131lar\u0131n\u0131 giyecektir. B\u00fct\u00fcn m\u00fc\u015fteriler de, kap\u0131lar\u0131n d\u0131\u015f\u0131nda, bayraml\u0131klar\u0131n\u0131 giymi\u015f olarak el ele tutu\u015facaklard\u0131r.&#8221;<\/p>\n<p style=\"text-align: justify;\">K\u0131zlardan biri h\u0131\u00e7k\u0131rmaya ba\u015flad\u0131. Bir m\u00fc\u015fteri: &#8220;Hangi bayram?&#8221; diye sordu arkada\u015f\u0131na. Metin, anlamadan bak\u0131yordu. Turgut devam etti:\u00a0 &#8220;Kurtulu\u015f bayram\u0131n\u0131n kerhane b\u00f6l\u00fcm\u00fc. B\u00fct\u00fcn bayram t\u00f6renlerinde oldu\u011fu gibi, onun da geli\u015fi biraz gecikecektir.<\/p>\n<p>Sokakta sab\u0131rs\u0131zl\u0131k son haddine varacakt\u0131r. Polisler, halk\u0131 zaptetmekte g\u00fc\u00e7l\u00fck \u00e7ekeceklerdir. Herkes, onu ilk g\u00f6ren olmak h\u0131rs\u0131yla, soka\u011f\u0131n giri\u015fine y\u0131\u011f\u0131lacakt\u0131r.&#8221; Ayn\u0131 m\u00fc\u015fteri homurdand\u0131: &#8220;Ne gelmek bilmez adamm\u0131\u015f.&#8221; Arkada\u015f\u0131 onu susturdu: &#8220;Adam nutuk veriyor, g\u00f6rm\u00fcyor musun? Kes sesini.&#8221; Turgut, kendini kapt\u0131rarak, ba\u011f\u0131r\u0131r gibi konu\u015fmaya ba\u015flad\u0131:<\/p>\n<p>&#8220;Fakat o gelecektir. Birinci geli\u015finde ona k\u00f6t\u00fc muamele yapanlar\u00a0 utanacaklard\u0131r. O, \u00fcst\u00fcnde \u015fimdiye kadar g\u00f6r\u00fclmemi\u015f bir \u00fcniformayla beyaz at\u0131na biraz \u00e7arp\u0131k olarak binmi\u015f bir vaziyette soka\u011f\u0131n ba\u015f\u0131nda g\u00f6r\u00fcnecektir. \u0130\u015fte o zaman k\u0131yamet kopacakt\u0131r.&#8221;<\/p>\n<p>Sustu. Geveze m\u00fc\u015fteri sordu: &#8220;Hangi k\u0131yamet?&#8221; Turgut, son derece ciddi\u00a0 kar\u015f\u0131l\u0131k verdi: &#8220;B\u00fcy\u00fck k\u0131yamet&#8221; Yava\u015f yava\u015f merdivenlerden indi.<\/p>\n<p>(&#8230;)<\/p>\n<p>&#8220;Geliyor!&#8221; diye ba\u011f\u0131rd\u0131. Kumarc\u0131lar b\u00fcy\u00fck bir pani\u011fe kap\u0131ld\u0131lar: Safter, aceleden, zarlar\u0131 a\u011fz\u0131na att\u0131. K\u0131zlardan biri \u00f6rt\u00fcy\u00fc tela\u015fla \u00e7ekti: oyuncular daha paralar\u0131n\u0131 almaya f\u0131rsat bulamad\u0131klar\u0131ndan, bir k\u0131sm\u0131 ortal\u0131\u011fa sa\u00e7\u0131ld\u0131. Biri \u0131\u015f\u0131\u011f\u0131 yakt\u0131. Safter heyecanla sordu: &#8220;Kim geliyor? Nereden?&#8221; Zarlar\u0131 a\u011fz\u0131ndan \u00e7\u0131kard\u0131, yan\u0131ndaki b\u00fcfenin \u00e7ekmecesine soktu. &#8220;O geliyor, duymad\u0131n\u0131z m\u0131? Sesleri, g\u00fcr\u00fclt\u00fcy\u00fc i\u015fitmediniz mi? Tozu dumana katm\u0131\u015f geliyor. Uyuyor musunuz? D\u0131\u015far\u0131da k\u0131yamet kopuyor.&#8221; Safter, rahat bir nefes ald\u0131, cebinden paralar\u0131 \u00e7\u0131kard\u0131, bir k\u0131sm\u0131n\u0131 ay\u0131r\u0131p Turgut&#8217;a uzatt\u0131: &#8220;Hay Allah, korkuttun, bey. B\u00f6yle \u015faka olur mu?&#8221; Kazanc\u0131n\u0131n bir k\u0131sm\u0131n\u0131 karanl\u0131kta k\u0131zlara kapt\u0131ran uzun boylu: &#8220;Olur mu b\u00f6yle i\u015f? Akl\u0131m\u0131z ba\u015f\u0131m\u0131zdan gitti,&#8221; diye homurdand\u0131.<\/p>\n<p>&#8220;\u0130kinci geli\u015fini size haber verece\u011fimi s\u00f6ylememi\u015f miydim? Ayr\u0131ca, art\u0131k\u00a0 \u00fclkesinin s\u0131n\u0131rlar\u0131 i\u00e7inde kumar oynanmas\u0131n\u0131 istemiyor. Hi\u00e7bir \u015feyin talihe b\u0131rak\u0131lmas\u0131na raz\u0131 de\u011fil art\u0131k. Kaderin a\u011flar\u0131n\u0131 par\u00e7alamaya geldi. Onu anlatabilmek i\u00e7in bana i\u00e7ki verin. Bo\u011faz\u0131m kurudu.&#8221; Sehpan\u0131n \u00fcst\u00fcnde duran konyak \u015fi\u015fesini kapt\u0131, son yudumuna kadar i\u00e7ti. G\u00f6zleri bulan\u0131yor, ba\u015f\u0131 d\u00f6n\u00fcyordu. G\u00fcr\u00fclt\u00fcden uyanan Metin, yan\u0131na geldi; uykulu ve yorgun bir sesle: &#8220;\u0130\u00e7mekten harap oldun. \u0130stersen gidelim,&#8221; diye m\u0131r\u0131ldand\u0131. Turgut salland\u0131, kolunu Metin&#8217;in omzuna dayayarak dengesini buldu, yutkundu, serbest kalan kolunu sallayarak konu\u015fmas\u0131na devam etti:<\/p>\n<p>&#8220;Kendisi, \u00e7al\u0131\u015fmaya katiyen taraftar de\u011fildir. Bizler gibi intikamc\u0131 da\u00a0 de\u011fildir. Fakat istese de istemese de, \u00f6n\u00fcnde ona yol a\u00e7mak i\u00e7in giden atl\u0131lar, k\u00f6t\u00fcleri cezaland\u0131racaklard\u0131r.&#8221; Dizlerinin \u00fcst\u00fcne \u00e7\u00f6kt\u00fc Safter&#8217;in yard\u0131m\u0131yla, Metin onu aya\u011fa kald\u0131rd\u0131. Lavaboya g\u00f6t\u00fcrd\u00fcler, ba\u015f\u0131n\u0131 y\u0131kad\u0131lar, k\u0131zlardan biri kolonya koklatt\u0131. Ba\u015f\u0131n\u0131 kald\u0131rd\u0131, kendisini tutanlar\u0131 iterek merdivenin korkulu\u011funa tutundu. Bir elini uzatarak yumru\u011funu s\u0131kt\u0131:<\/p>\n<p>&#8220;Fakat ben, kuvvetli kollar\u0131mla bu atl\u0131lar\u0131 durduraca\u011f\u0131m. Onun\u00a0 yery\u00fcz\u00fcndeki k\u0131l\u0131c\u0131 benim. Benden ba\u015fka kimse, onun ad\u0131na hareket edemez. Atlar\u0131n \u00f6n\u00fcne kendimi atarak onlar\u0131 durduraca\u011f\u0131m.&#8221; \u0130leri f\u0131rlamak i\u00e7in yorgun bir hareket yapt\u0131: Safter&#8217;le Metin onu tuttular.<\/p>\n<p>&#8220;Onu g\u00fcl\u00fcn\u00e7 duruma sokanlar\u0131 rezil edece\u011fim. Ona vuranlar\u0131 par\u00e7alayaca\u011f\u0131m.\u00a0 `\u0130ntikam K\u0131l\u0131c\u0131&#8217;nda ba\u015f rol\u00fc oynayaca\u011f\u0131m. Onu tan\u0131yanlar\u0131, onu ezenleri, hor g\u00f6renleri, yak\u0131nl\u0131k g\u00f6stererek eziyet edenleri, sakland\u0131klar\u0131 deliklerden bir bir \u00e7\u0131kararak kahredece\u011fim. Evleri, meyhaneleri, parklar\u0131, kerhaneleri, sokaklar\u0131, m\u00fczeleri, arabalar\u0131 alt\u00fcst ederek onlar\u0131 te\u015fhir edece\u011fim. Baz\u0131lar\u0131n\u0131n a\u00e7\u0131k\u00e7a \u00fcst\u00fcne gidece\u011fim, baz\u0131lar\u0131na kurnazca yakla\u015faca\u011f\u0131m: tabiat\u0131n bana verdi\u011fi b\u00fct\u00fcn ustal\u0131klar\u0131, b\u00fct\u00fcn marifetleri, b\u00fct\u00fcn maddi ve manevi kuvvetleri seferber edece\u011fim. Bu u\u011furda b\u00fct\u00fcn nimetleri terk ederek gerekirse..&#8221; Soluksuz kald\u0131, t\u00fck\u00fcr\u00fc\u011f\u00fcn\u00fc yuttu, \u00e7enesini oynatt\u0131. K\u0131sa boylu m\u00fc\u015fteri m\u0131r\u0131ldand\u0131. &#8220;Durdurmaya imkan yok. Adam deli dervi\u015fler gibi azd\u0131. B\u00f6ylesinin ne i\u015fi var kerhanede?&#8221;<\/p>\n<p>Turgut, yat\u0131\u015fmaz bir deniz gibi, k\u00fc\u00e7\u00fck k\u0131p\u0131rdanmalarla birden temposunu de\u011fi\u015ftirdi:<\/p>\n<p>Ben bunlarla u\u011fra\u015f\u0131rken, beyaz atl\u0131 prensiniz size rahatl\u0131k da\u011f\u0131tacak.\u00a0 Hani sinemalarda, reklam filmlerinde, kendi kendine pi\u015fen yemekler, ipe dizilen \u00e7ama\u015f\u0131rlar, banka kasalar\u0131ndan kalk\u0131p cebinize giren paralar var ya, onun gibi olacak i\u015fte. \u0130nsanlar gibi e\u015fya da halden anlayacak; insana kar\u015f\u0131 k\u00f6r ve anlams\u0131z direnmeden vazge\u00e7ecek. \u00c7ok s\u0131k\u0131l\u0131rsan, oturup masanla bir \u00e7ift laf edebileceksin.&#8221; Grand Mama: &#8220;Desene hepimiz ecinni tayfas\u0131 gibi olaca\u011f\u0131z yani.&#8221; Turgut b\u00fct\u00fcn di\u015flerini g\u00f6stererek g\u00fcld\u00fc. Yaramaz bir \u00e7ocuk gibi. Safter&#8217;le Metin&#8217;in kollar\u0131ndan kurtuldu, divanda ok\u015fad\u0131\u011f\u0131 k\u0131za yakla\u015ft\u0131. Yumu\u015fak ve h\u00fckmedici bir sesle: &#8220;Haydi yavrum, oyun bitti,&#8221; dedi. &#8220;Sen yukar\u0131 \u00e7\u0131k, yata\u011f\u0131 biraz serinlet. Biraz nefes al\u0131r almaz orday\u0131m.&#8221; Koltu\u011fa \u00e7\u00f6kt\u00fc.<\/p>\n<p>(&#8230;)<\/p>\n<p>Merdivenleri \u00e7\u0131kt\u0131, kap\u0131s\u0131 a\u00e7\u0131k duran \u0131\u015f\u0131kl\u0131 odaya girdi. Beyaz\u00a0 \u00e7ar\u015faflar\u0131n ortas\u0131nda yatan soluk kad\u0131na bakt\u0131. Bir an odan\u0131n ortas\u0131nda hareketsiz durdu; elini g\u00f6\u011fs\u00fcne g\u00f6t\u00fcrd\u00fc, g\u00f6mle\u011finin d\u00fc\u011fmelerini \u00e7\u00f6zmeye ba\u015flad\u0131. Toplar at\u0131ls\u0131n: zaferimizi g\u00f6klere ilan etsin.<\/p>\n<p><strong>Tutunamayanlar | O\u011fuz Atay&#8230; \u0130leti\u015fim Yay\u0131nlar\u0131 1997 <\/strong><\/p>\n<p>\u00a0<\/p>\n","protected":false},"excerpt":{"rendered":"<p>&#8220;Aram\u0131zda bulunmas\u0131 bizlere \u015feref verecek olan dostum, \u00fclkemizin ger\u00e7ek sahibidir. Bu d\u00fcnyaya ikinci geli\u015finde, beyaz bir ata binmi\u015f olarak aram\u0131zda g\u00f6r\u00fcnecektir. \u0130lk gen\u00e7li\u011finde, bu sokaklarda \u00e7ok dola\u015fm\u0131\u015f, bazen bir t\u00fcrl\u00fc i\u00e7eri giremeyerek d\u00f6n\u00fcp gitmi\u015ftir. Bazen de, bu ve bunun gibi salonlarda saatlerce oturarak, onu anlayacak duygulu bir kalbi bo\u015f yere beklemi\u015ftir. \u0130kinci geli\u015finde, bu sokak [&hellip;]<\/p>\n","protected":false},"author":1,"featured_media":0,"comment_status":"open","ping_status":"open","sticky":false,"template":"","format":"standard","meta":{"footnotes":""},"categories":[114],"tags":[],"class_list":{"0":"post-4694","1":"post","2":"type-post","3":"status-publish","4":"format-standard","6":"category-turkiye-den-oykuler"},"yoast_head":"<!-- This site is optimized with the Yoast SEO Premium plugin v24.9 (Yoast SEO v24.9) - https:\/\/yoast.com\/wordpress\/plugins\/seo\/ -->\n<title>O geliyor, duymad\u0131n\u0131z m\u0131? Sesleri, g\u00fcr\u00fclt\u00fcy\u00fc i\u015fitmediniz mi? | Mesih&#039;in Geli\u015fi - O\u011fuz Atay - narteks.net<\/title>\n<meta name=\"robots\" content=\"index, follow, max-snippet:-1, max-image-preview:large, max-video-preview:-1\" \/>\n<link rel=\"canonical\" href=\"https:\/\/narteks.net\/index.php\/2010\/09\/08\/o-geliyor-duymadiniz-mi-sesleri-gurultuyu-isitmediniz-mi-mesihin-gelisi-oguz-atay\/\" \/>\n<meta property=\"og:locale\" content=\"tr_TR\" \/>\n<meta property=\"og:type\" content=\"article\" \/>\n<meta property=\"og:title\" content=\"O geliyor, duymad\u0131n\u0131z m\u0131? Sesleri, g\u00fcr\u00fclt\u00fcy\u00fc i\u015fitmediniz mi? | Mesih&#039;in Geli\u015fi - O\u011fuz Atay\" \/>\n<meta property=\"og:description\" content=\"&#8220;Aram\u0131zda bulunmas\u0131 bizlere \u015feref verecek olan dostum, \u00fclkemizin ger\u00e7ek sahibidir. Bu d\u00fcnyaya ikinci geli\u015finde, beyaz bir ata binmi\u015f olarak aram\u0131zda g\u00f6r\u00fcnecektir. \u0130lk gen\u00e7li\u011finde, bu sokaklarda \u00e7ok dola\u015fm\u0131\u015f, bazen bir t\u00fcrl\u00fc i\u00e7eri giremeyerek d\u00f6n\u00fcp gitmi\u015ftir. Bazen de, bu ve bunun gibi salonlarda saatlerce oturarak, onu anlayacak duygulu bir kalbi bo\u015f yere beklemi\u015ftir. \u0130kinci geli\u015finde, bu sokak [&hellip;]\" \/>\n<meta property=\"og:url\" content=\"https:\/\/narteks.net\/index.php\/2010\/09\/08\/o-geliyor-duymadiniz-mi-sesleri-gurultuyu-isitmediniz-mi-mesihin-gelisi-oguz-atay\/\" \/>\n<meta property=\"og:site_name\" content=\"narteks.net\" \/>\n<meta property=\"article:published_time\" content=\"2010-09-08T07:10:47+00:00\" \/>\n<meta property=\"og:image\" content=\"http:\/\/t3.gstatic.com\/images?q=tbn:DceXd88-rDv4tM:http:\/\/3.bp.blogspot.com\/_Kf9xc_kih0k\/Ss_qEU2E20I\/AAAAAAAAATQ\/nSRk5VPVjZE\/s1600\/tutunamayanlar.jpg&amp;t=1\" \/>\n<meta name=\"author\" content=\"Tar\u0131k\" \/>\n<meta name=\"twitter:card\" content=\"summary_large_image\" \/>\n<meta name=\"twitter:creator\" content=\"@narteks\" \/>\n<meta name=\"twitter:site\" content=\"@narteks\" \/>\n<meta name=\"twitter:label1\" content=\"Yazan:\" \/>\n\t<meta name=\"twitter:data1\" content=\"Tar\u0131k\" \/>\n\t<meta name=\"twitter:label2\" content=\"Tahmini okuma s\u00fcresi\" \/>\n\t<meta name=\"twitter:data2\" content=\"6 dakika\" \/>\n<script type=\"application\/ld+json\" class=\"yoast-schema-graph\">{\"@context\":\"https:\/\/schema.org\",\"@graph\":[{\"@type\":\"Article\",\"@id\":\"https:\/\/narteks.net\/index.php\/2010\/09\/08\/o-geliyor-duymadiniz-mi-sesleri-gurultuyu-isitmediniz-mi-mesihin-gelisi-oguz-atay\/#article\",\"isPartOf\":{\"@id\":\"https:\/\/narteks.net\/index.php\/2010\/09\/08\/o-geliyor-duymadiniz-mi-sesleri-gurultuyu-isitmediniz-mi-mesihin-gelisi-oguz-atay\/\"},\"author\":{\"name\":\"Tar\u0131k\",\"@id\":\"https:\/\/narteks.net\/#\/schema\/person\/61f37d9834294b72d31d274e7ed79bca\"},\"headline\":\"O geliyor, duymad\u0131n\u0131z m\u0131? Sesleri, g\u00fcr\u00fclt\u00fcy\u00fc i\u015fitmediniz mi? | Mesih&#8217;in Geli\u015fi &#8211; O\u011fuz Atay\",\"datePublished\":\"2010-09-08T07:10:47+00:00\",\"mainEntityOfPage\":{\"@id\":\"https:\/\/narteks.net\/index.php\/2010\/09\/08\/o-geliyor-duymadiniz-mi-sesleri-gurultuyu-isitmediniz-mi-mesihin-gelisi-oguz-atay\/\"},\"wordCount\":1170,\"commentCount\":0,\"publisher\":{\"@id\":\"https:\/\/narteks.net\/#organization\"},\"image\":{\"@id\":\"https:\/\/narteks.net\/index.php\/2010\/09\/08\/o-geliyor-duymadiniz-mi-sesleri-gurultuyu-isitmediniz-mi-mesihin-gelisi-oguz-atay\/#primaryimage\"},\"thumbnailUrl\":\"http:\/\/t3.gstatic.com\/images?q=tbn:DceXd88-rDv4tM:http:\/\/3.bp.blogspot.com\/_Kf9xc_kih0k\/Ss_qEU2E20I\/AAAAAAAAATQ\/nSRk5VPVjZE\/s1600\/tutunamayanlar.jpg&amp;t=1\",\"articleSection\":[\"T\u00fcrkiye'den \u00d6yk\u00fcler\"],\"inLanguage\":\"tr\",\"potentialAction\":[{\"@type\":\"CommentAction\",\"name\":\"Comment\",\"target\":[\"https:\/\/narteks.net\/index.php\/2010\/09\/08\/o-geliyor-duymadiniz-mi-sesleri-gurultuyu-isitmediniz-mi-mesihin-gelisi-oguz-atay\/#respond\"]}]},{\"@type\":\"WebPage\",\"@id\":\"https:\/\/narteks.net\/index.php\/2010\/09\/08\/o-geliyor-duymadiniz-mi-sesleri-gurultuyu-isitmediniz-mi-mesihin-gelisi-oguz-atay\/\",\"url\":\"https:\/\/narteks.net\/index.php\/2010\/09\/08\/o-geliyor-duymadiniz-mi-sesleri-gurultuyu-isitmediniz-mi-mesihin-gelisi-oguz-atay\/\",\"name\":\"O geliyor, duymad\u0131n\u0131z m\u0131? Sesleri, g\u00fcr\u00fclt\u00fcy\u00fc i\u015fitmediniz mi? | Mesih'in Geli\u015fi - O\u011fuz Atay - narteks.net\",\"isPartOf\":{\"@id\":\"https:\/\/narteks.net\/#website\"},\"primaryImageOfPage\":{\"@id\":\"https:\/\/narteks.net\/index.php\/2010\/09\/08\/o-geliyor-duymadiniz-mi-sesleri-gurultuyu-isitmediniz-mi-mesihin-gelisi-oguz-atay\/#primaryimage\"},\"image\":{\"@id\":\"https:\/\/narteks.net\/index.php\/2010\/09\/08\/o-geliyor-duymadiniz-mi-sesleri-gurultuyu-isitmediniz-mi-mesihin-gelisi-oguz-atay\/#primaryimage\"},\"thumbnailUrl\":\"http:\/\/t3.gstatic.com\/images?q=tbn:DceXd88-rDv4tM:http:\/\/3.bp.blogspot.com\/_Kf9xc_kih0k\/Ss_qEU2E20I\/AAAAAAAAATQ\/nSRk5VPVjZE\/s1600\/tutunamayanlar.jpg&amp;t=1\",\"datePublished\":\"2010-09-08T07:10:47+00:00\",\"breadcrumb\":{\"@id\":\"https:\/\/narteks.net\/index.php\/2010\/09\/08\/o-geliyor-duymadiniz-mi-sesleri-gurultuyu-isitmediniz-mi-mesihin-gelisi-oguz-atay\/#breadcrumb\"},\"inLanguage\":\"tr\",\"potentialAction\":[{\"@type\":\"ReadAction\",\"target\":[\"https:\/\/narteks.net\/index.php\/2010\/09\/08\/o-geliyor-duymadiniz-mi-sesleri-gurultuyu-isitmediniz-mi-mesihin-gelisi-oguz-atay\/\"]}]},{\"@type\":\"ImageObject\",\"inLanguage\":\"tr\",\"@id\":\"https:\/\/narteks.net\/index.php\/2010\/09\/08\/o-geliyor-duymadiniz-mi-sesleri-gurultuyu-isitmediniz-mi-mesihin-gelisi-oguz-atay\/#primaryimage\",\"url\":\"http:\/\/t3.gstatic.com\/images?q=tbn:DceXd88-rDv4tM:http:\/\/3.bp.blogspot.com\/_Kf9xc_kih0k\/Ss_qEU2E20I\/AAAAAAAAATQ\/nSRk5VPVjZE\/s1600\/tutunamayanlar.jpg&amp;t=1\",\"contentUrl\":\"http:\/\/t3.gstatic.com\/images?q=tbn:DceXd88-rDv4tM:http:\/\/3.bp.blogspot.com\/_Kf9xc_kih0k\/Ss_qEU2E20I\/AAAAAAAAATQ\/nSRk5VPVjZE\/s1600\/tutunamayanlar.jpg&amp;t=1\"},{\"@type\":\"BreadcrumbList\",\"@id\":\"https:\/\/narteks.net\/index.php\/2010\/09\/08\/o-geliyor-duymadiniz-mi-sesleri-gurultuyu-isitmediniz-mi-mesihin-gelisi-oguz-atay\/#breadcrumb\",\"itemListElement\":[{\"@type\":\"ListItem\",\"position\":1,\"name\":\"Anasayfa\",\"item\":\"https:\/\/narteks.net\/\"},{\"@type\":\"ListItem\",\"position\":2,\"name\":\"O geliyor, duymad\u0131n\u0131z m\u0131? Sesleri, g\u00fcr\u00fclt\u00fcy\u00fc i\u015fitmediniz mi? | Mesih&#8217;in Geli\u015fi &#8211; O\u011fuz Atay\"}]},{\"@type\":\"WebSite\",\"@id\":\"https:\/\/narteks.net\/#website\",\"url\":\"https:\/\/narteks.net\/\",\"name\":\"narteks.net\",\"description\":\"K\u00fclt\u00fcr Sanat Edebiyat Felsefe\",\"publisher\":{\"@id\":\"https:\/\/narteks.net\/#organization\"},\"alternateName\":\"K\u00fclt\u00fcr Sanat Edebiyat Felsefe\",\"potentialAction\":[{\"@type\":\"SearchAction\",\"target\":{\"@type\":\"EntryPoint\",\"urlTemplate\":\"https:\/\/narteks.net\/?s={search_term_string}\"},\"query-input\":{\"@type\":\"PropertyValueSpecification\",\"valueRequired\":true,\"valueName\":\"search_term_string\"}}],\"inLanguage\":\"tr\"},{\"@type\":\"Organization\",\"@id\":\"https:\/\/narteks.net\/#organization\",\"name\":\"narteks.net\",\"url\":\"https:\/\/narteks.net\/\",\"logo\":{\"@type\":\"ImageObject\",\"inLanguage\":\"tr\",\"@id\":\"https:\/\/narteks.net\/#\/schema\/logo\/image\/\",\"url\":\"https:\/\/narteks.net\/wp-content\/uploads\/narteks.png\",\"contentUrl\":\"https:\/\/narteks.net\/wp-content\/uploads\/narteks.png\",\"width\":300,\"height\":90,\"caption\":\"narteks.net\"},\"image\":{\"@id\":\"https:\/\/narteks.net\/#\/schema\/logo\/image\/\"},\"sameAs\":[\"https:\/\/x.com\/narteks\",\"https:\/\/instagram.com\/narteksnet\"]},{\"@type\":\"Person\",\"@id\":\"https:\/\/narteks.net\/#\/schema\/person\/61f37d9834294b72d31d274e7ed79bca\",\"name\":\"Tar\u0131k\",\"image\":{\"@type\":\"ImageObject\",\"inLanguage\":\"tr\",\"@id\":\"https:\/\/narteks.net\/#\/schema\/person\/image\/\",\"url\":\"https:\/\/secure.gravatar.com\/avatar\/50865afb55632c4ae467e0af0930f6510aa2297d8014be502a55b14f3b7550cf?s=96&d=mm&r=g\",\"contentUrl\":\"https:\/\/secure.gravatar.com\/avatar\/50865afb55632c4ae467e0af0930f6510aa2297d8014be502a55b14f3b7550cf?s=96&d=mm&r=g\",\"caption\":\"Tar\u0131k\"},\"sameAs\":[\"http:\/\/narteks.net\"],\"url\":\"https:\/\/narteks.net\/index.php\/author\/narbak\/\"}]}<\/script>\n<!-- \/ Yoast SEO Premium plugin. -->","yoast_head_json":{"title":"O geliyor, duymad\u0131n\u0131z m\u0131? Sesleri, g\u00fcr\u00fclt\u00fcy\u00fc i\u015fitmediniz mi? | Mesih'in Geli\u015fi - O\u011fuz Atay - narteks.net","robots":{"index":"index","follow":"follow","max-snippet":"max-snippet:-1","max-image-preview":"max-image-preview:large","max-video-preview":"max-video-preview:-1"},"canonical":"https:\/\/narteks.net\/index.php\/2010\/09\/08\/o-geliyor-duymadiniz-mi-sesleri-gurultuyu-isitmediniz-mi-mesihin-gelisi-oguz-atay\/","og_locale":"tr_TR","og_type":"article","og_title":"O geliyor, duymad\u0131n\u0131z m\u0131? Sesleri, g\u00fcr\u00fclt\u00fcy\u00fc i\u015fitmediniz mi? | Mesih'in Geli\u015fi - O\u011fuz Atay","og_description":"&#8220;Aram\u0131zda bulunmas\u0131 bizlere \u015feref verecek olan dostum, \u00fclkemizin ger\u00e7ek sahibidir. Bu d\u00fcnyaya ikinci geli\u015finde, beyaz bir ata binmi\u015f olarak aram\u0131zda g\u00f6r\u00fcnecektir. \u0130lk gen\u00e7li\u011finde, bu sokaklarda \u00e7ok dola\u015fm\u0131\u015f, bazen bir t\u00fcrl\u00fc i\u00e7eri giremeyerek d\u00f6n\u00fcp gitmi\u015ftir. Bazen de, bu ve bunun gibi salonlarda saatlerce oturarak, onu anlayacak duygulu bir kalbi bo\u015f yere beklemi\u015ftir. \u0130kinci geli\u015finde, bu sokak [&hellip;]","og_url":"https:\/\/narteks.net\/index.php\/2010\/09\/08\/o-geliyor-duymadiniz-mi-sesleri-gurultuyu-isitmediniz-mi-mesihin-gelisi-oguz-atay\/","og_site_name":"narteks.net","article_published_time":"2010-09-08T07:10:47+00:00","og_image":[{"url":"http:\/\/t3.gstatic.com\/images?q=tbn:DceXd88-rDv4tM:http:\/\/3.bp.blogspot.com\/_Kf9xc_kih0k\/Ss_qEU2E20I\/AAAAAAAAATQ\/nSRk5VPVjZE\/s1600\/tutunamayanlar.jpg&amp;t=1","type":"","width":"","height":""}],"author":"Tar\u0131k","twitter_card":"summary_large_image","twitter_creator":"@narteks","twitter_site":"@narteks","twitter_misc":{"Yazan:":"Tar\u0131k","Tahmini okuma s\u00fcresi":"6 dakika"},"schema":{"@context":"https:\/\/schema.org","@graph":[{"@type":"Article","@id":"https:\/\/narteks.net\/index.php\/2010\/09\/08\/o-geliyor-duymadiniz-mi-sesleri-gurultuyu-isitmediniz-mi-mesihin-gelisi-oguz-atay\/#article","isPartOf":{"@id":"https:\/\/narteks.net\/index.php\/2010\/09\/08\/o-geliyor-duymadiniz-mi-sesleri-gurultuyu-isitmediniz-mi-mesihin-gelisi-oguz-atay\/"},"author":{"name":"Tar\u0131k","@id":"https:\/\/narteks.net\/#\/schema\/person\/61f37d9834294b72d31d274e7ed79bca"},"headline":"O geliyor, duymad\u0131n\u0131z m\u0131? Sesleri, g\u00fcr\u00fclt\u00fcy\u00fc i\u015fitmediniz mi? | Mesih&#8217;in Geli\u015fi &#8211; O\u011fuz Atay","datePublished":"2010-09-08T07:10:47+00:00","mainEntityOfPage":{"@id":"https:\/\/narteks.net\/index.php\/2010\/09\/08\/o-geliyor-duymadiniz-mi-sesleri-gurultuyu-isitmediniz-mi-mesihin-gelisi-oguz-atay\/"},"wordCount":1170,"commentCount":0,"publisher":{"@id":"https:\/\/narteks.net\/#organization"},"image":{"@id":"https:\/\/narteks.net\/index.php\/2010\/09\/08\/o-geliyor-duymadiniz-mi-sesleri-gurultuyu-isitmediniz-mi-mesihin-gelisi-oguz-atay\/#primaryimage"},"thumbnailUrl":"http:\/\/t3.gstatic.com\/images?q=tbn:DceXd88-rDv4tM:http:\/\/3.bp.blogspot.com\/_Kf9xc_kih0k\/Ss_qEU2E20I\/AAAAAAAAATQ\/nSRk5VPVjZE\/s1600\/tutunamayanlar.jpg&amp;t=1","articleSection":["T\u00fcrkiye'den \u00d6yk\u00fcler"],"inLanguage":"tr","potentialAction":[{"@type":"CommentAction","name":"Comment","target":["https:\/\/narteks.net\/index.php\/2010\/09\/08\/o-geliyor-duymadiniz-mi-sesleri-gurultuyu-isitmediniz-mi-mesihin-gelisi-oguz-atay\/#respond"]}]},{"@type":"WebPage","@id":"https:\/\/narteks.net\/index.php\/2010\/09\/08\/o-geliyor-duymadiniz-mi-sesleri-gurultuyu-isitmediniz-mi-mesihin-gelisi-oguz-atay\/","url":"https:\/\/narteks.net\/index.php\/2010\/09\/08\/o-geliyor-duymadiniz-mi-sesleri-gurultuyu-isitmediniz-mi-mesihin-gelisi-oguz-atay\/","name":"O geliyor, duymad\u0131n\u0131z m\u0131? Sesleri, g\u00fcr\u00fclt\u00fcy\u00fc i\u015fitmediniz mi? | Mesih'in Geli\u015fi - O\u011fuz Atay - narteks.net","isPartOf":{"@id":"https:\/\/narteks.net\/#website"},"primaryImageOfPage":{"@id":"https:\/\/narteks.net\/index.php\/2010\/09\/08\/o-geliyor-duymadiniz-mi-sesleri-gurultuyu-isitmediniz-mi-mesihin-gelisi-oguz-atay\/#primaryimage"},"image":{"@id":"https:\/\/narteks.net\/index.php\/2010\/09\/08\/o-geliyor-duymadiniz-mi-sesleri-gurultuyu-isitmediniz-mi-mesihin-gelisi-oguz-atay\/#primaryimage"},"thumbnailUrl":"http:\/\/t3.gstatic.com\/images?q=tbn:DceXd88-rDv4tM:http:\/\/3.bp.blogspot.com\/_Kf9xc_kih0k\/Ss_qEU2E20I\/AAAAAAAAATQ\/nSRk5VPVjZE\/s1600\/tutunamayanlar.jpg&amp;t=1","datePublished":"2010-09-08T07:10:47+00:00","breadcrumb":{"@id":"https:\/\/narteks.net\/index.php\/2010\/09\/08\/o-geliyor-duymadiniz-mi-sesleri-gurultuyu-isitmediniz-mi-mesihin-gelisi-oguz-atay\/#breadcrumb"},"inLanguage":"tr","potentialAction":[{"@type":"ReadAction","target":["https:\/\/narteks.net\/index.php\/2010\/09\/08\/o-geliyor-duymadiniz-mi-sesleri-gurultuyu-isitmediniz-mi-mesihin-gelisi-oguz-atay\/"]}]},{"@type":"ImageObject","inLanguage":"tr","@id":"https:\/\/narteks.net\/index.php\/2010\/09\/08\/o-geliyor-duymadiniz-mi-sesleri-gurultuyu-isitmediniz-mi-mesihin-gelisi-oguz-atay\/#primaryimage","url":"http:\/\/t3.gstatic.com\/images?q=tbn:DceXd88-rDv4tM:http:\/\/3.bp.blogspot.com\/_Kf9xc_kih0k\/Ss_qEU2E20I\/AAAAAAAAATQ\/nSRk5VPVjZE\/s1600\/tutunamayanlar.jpg&amp;t=1","contentUrl":"http:\/\/t3.gstatic.com\/images?q=tbn:DceXd88-rDv4tM:http:\/\/3.bp.blogspot.com\/_Kf9xc_kih0k\/Ss_qEU2E20I\/AAAAAAAAATQ\/nSRk5VPVjZE\/s1600\/tutunamayanlar.jpg&amp;t=1"},{"@type":"BreadcrumbList","@id":"https:\/\/narteks.net\/index.php\/2010\/09\/08\/o-geliyor-duymadiniz-mi-sesleri-gurultuyu-isitmediniz-mi-mesihin-gelisi-oguz-atay\/#breadcrumb","itemListElement":[{"@type":"ListItem","position":1,"name":"Anasayfa","item":"https:\/\/narteks.net\/"},{"@type":"ListItem","position":2,"name":"O geliyor, duymad\u0131n\u0131z m\u0131? Sesleri, g\u00fcr\u00fclt\u00fcy\u00fc i\u015fitmediniz mi? | Mesih&#8217;in Geli\u015fi &#8211; O\u011fuz Atay"}]},{"@type":"WebSite","@id":"https:\/\/narteks.net\/#website","url":"https:\/\/narteks.net\/","name":"narteks.net","description":"K\u00fclt\u00fcr Sanat Edebiyat Felsefe","publisher":{"@id":"https:\/\/narteks.net\/#organization"},"alternateName":"K\u00fclt\u00fcr Sanat Edebiyat Felsefe","potentialAction":[{"@type":"SearchAction","target":{"@type":"EntryPoint","urlTemplate":"https:\/\/narteks.net\/?s={search_term_string}"},"query-input":{"@type":"PropertyValueSpecification","valueRequired":true,"valueName":"search_term_string"}}],"inLanguage":"tr"},{"@type":"Organization","@id":"https:\/\/narteks.net\/#organization","name":"narteks.net","url":"https:\/\/narteks.net\/","logo":{"@type":"ImageObject","inLanguage":"tr","@id":"https:\/\/narteks.net\/#\/schema\/logo\/image\/","url":"https:\/\/narteks.net\/wp-content\/uploads\/narteks.png","contentUrl":"https:\/\/narteks.net\/wp-content\/uploads\/narteks.png","width":300,"height":90,"caption":"narteks.net"},"image":{"@id":"https:\/\/narteks.net\/#\/schema\/logo\/image\/"},"sameAs":["https:\/\/x.com\/narteks","https:\/\/instagram.com\/narteksnet"]},{"@type":"Person","@id":"https:\/\/narteks.net\/#\/schema\/person\/61f37d9834294b72d31d274e7ed79bca","name":"Tar\u0131k","image":{"@type":"ImageObject","inLanguage":"tr","@id":"https:\/\/narteks.net\/#\/schema\/person\/image\/","url":"https:\/\/secure.gravatar.com\/avatar\/50865afb55632c4ae467e0af0930f6510aa2297d8014be502a55b14f3b7550cf?s=96&d=mm&r=g","contentUrl":"https:\/\/secure.gravatar.com\/avatar\/50865afb55632c4ae467e0af0930f6510aa2297d8014be502a55b14f3b7550cf?s=96&d=mm&r=g","caption":"Tar\u0131k"},"sameAs":["http:\/\/narteks.net"],"url":"https:\/\/narteks.net\/index.php\/author\/narbak\/"}]}},"_links":{"self":[{"href":"https:\/\/narteks.net\/index.php\/wp-json\/wp\/v2\/posts\/4694","targetHints":{"allow":["GET"]}}],"collection":[{"href":"https:\/\/narteks.net\/index.php\/wp-json\/wp\/v2\/posts"}],"about":[{"href":"https:\/\/narteks.net\/index.php\/wp-json\/wp\/v2\/types\/post"}],"author":[{"embeddable":true,"href":"https:\/\/narteks.net\/index.php\/wp-json\/wp\/v2\/users\/1"}],"replies":[{"embeddable":true,"href":"https:\/\/narteks.net\/index.php\/wp-json\/wp\/v2\/comments?post=4694"}],"version-history":[{"count":0,"href":"https:\/\/narteks.net\/index.php\/wp-json\/wp\/v2\/posts\/4694\/revisions"}],"wp:attachment":[{"href":"https:\/\/narteks.net\/index.php\/wp-json\/wp\/v2\/media?parent=4694"}],"wp:term":[{"taxonomy":"category","embeddable":true,"href":"https:\/\/narteks.net\/index.php\/wp-json\/wp\/v2\/categories?post=4694"},{"taxonomy":"post_tag","embeddable":true,"href":"https:\/\/narteks.net\/index.php\/wp-json\/wp\/v2\/tags?post=4694"}],"curies":[{"name":"wp","href":"https:\/\/api.w.org\/{rel}","templated":true}]}}