{"id":4698,"date":"2010-09-17T09:55:31","date_gmt":"2010-09-17T06:55:31","guid":{"rendered":"http:\/\/localhost\/wordpress\/2010\/09\/17\/bu-bir-idealist-dedi-ruhum-kuskusuz-bu-da-ciplakligimizi-gormemeli-halil-cibran\/"},"modified":"2010-09-17T09:55:31","modified_gmt":"2010-09-17T06:55:31","slug":"bu-bir-idealist-dedi-ruhum-kuskusuz-bu-da-ciplakligimizi-gormemeli-halil-cibran","status":"publish","type":"post","link":"https:\/\/narteks.net\/index.php\/2010\/09\/17\/bu-bir-idealist-dedi-ruhum-kuskusuz-bu-da-ciplakligimizi-gormemeli-halil-cibran\/","title":{"rendered":"&#8216;Bu bir idealist,&#8217; dedi ruhum, &#8216;Ku\u015fkusuz bu da \u00e7\u0131plakl\u0131\u011f\u0131m\u0131z\u0131 g\u00f6rmemeli.&#8217; | Halil Cibran"},"content":{"rendered":"<p style=\"text-align: justify;\"><img loading=\"lazy\" decoding=\"async\" src=\"http:\/\/www.dusuncegezgini.com\/halil_cibran.jpg\" border=\"0\" width=\"155\" height=\"205\" style=\"float: left;\" \/>Ruhumla birlikte b\u00fcy\u00fck denize y\u00fczmeye gittik. Ve k\u0131y\u0131ya vard\u0131\u011f\u0131m\u0131zda g\u00f6zden uzak ve sakin bir plaj arad\u0131k.<br \/>Fakat y\u00fcr\u00fcrken gri bir kayan\u0131n \u00fcst\u00fcnde oturmu\u015f ve bir torbadan fiske fiske tuz al\u0131p denize atan bir adam g\u00f6rd\u00fck.<br \/>&#8220;Bu k\u00f6t\u00fcmser bir insan,&#8221; dedi ruhum, &#8220;Bu plajdan gidelim. Burada denize giremeyiz.&#8221;<br \/>Bir koya varana kadar y\u00fcr\u00fcd\u00fck. Orada beyaz bir kayan\u0131n \u00fcst\u00fcnde dikilmi\u015f, elindeki s\u00fcsl\u00fc bir kutudan \u015feker al\u0131p denize f\u0131rlatan bir adam g\u00f6rd\u00fck.<br \/>&#8220;Bu da iyimser bir insan,&#8221; dedi ruhum, &#8220;Bu da \u00e7\u0131plak bedenlerimizi g\u00f6rmemeli.&#8221;<br \/>Daha ileriye y\u00fcr\u00fcd\u00fck. Ve bir plajda \u00f6l\u00fc bal\u0131klar\u0131 toplay\u0131p duyarl\u0131l\u0131kla denize geri atan bir adam g\u00f6rd\u00fck.<br \/>&#8220;Ve bunun \u00f6n\u00fcnde de denize giremeyiz,&#8221; dedi ruhum.<br \/>&#8220;Bu iyiliksever bir insan.&#8221;<br \/>Ve onu da ge\u00e7tik.<br \/>Sonra kuma kendi g\u00f6lgesini \u00e7izen bir adam\u0131n oldu\u011fu bir plaja geldik. B\u00fcy\u00fck dalgalar gelip izi sildi. Fakat adam tekrar ve tekrar \u00e7izdi.<br \/>&#8220;Bu gizemli bir adam,&#8221; dedi ruhum, &#8220;Yan\u0131ndan uzakla\u015fal\u0131m.&#8221;<br \/>Ve k\u00f6p\u00fckleri k\u00fcrekle al\u0131p mermer bir kaseye koyan bir adam\u0131 g\u00f6rd\u00fc\u011f\u00fcm\u00fcz sakin bir koya gelene kadar y\u00fcr\u00fcd\u00fck.<\/p>\n<p style=\"text-align: justify;\">&#8220;Bu bir idealist,&#8221; dedi ruhum, &#8220;Ku\u015fkusuz bu da \u00e7\u0131plakl\u0131\u011f\u0131m\u0131z\u0131 g\u00f6rmemeli.&#8221;<br \/>Ve y\u00fcr\u00fcd\u00fck. Birden, &#8220;Bu deniz. Bu derin deniz. Bu engin ve g\u00fc\u00e7l\u00fc deniz,&#8221; diye hayk\u0131ran bir ses i\u015fittik. Ve sesin kayna\u011f\u0131na vard\u0131\u011f\u0131m\u0131zda bunun s\u0131rt\u0131n\u0131 denize d\u00f6nm\u00fc\u015f ve kula\u011f\u0131na bir deniz kabu\u011funu dayay\u0131p onun m\u0131r\u0131lt\u0131s\u0131n\u0131 dinleyen bir adam oldu\u011funu g\u00f6rd\u00fck.<br \/>Ve ruhum dedi ki, &#8220;Buradan gidelim. Bu ger\u00e7ek\u00e7i birisi, anlayamad\u0131\u011f\u0131 b\u00fct\u00fcne s\u0131rt\u0131n\u0131 \u00e7evirir ve onun bir par\u00e7as\u0131yla u\u011fra\u015f\u0131r.&#8221;<br \/>B\u00f6ylece oradan da uzakla\u015ft\u0131k. Ve kayalar aras\u0131nda k\u00f6t\u00fc otlar\u0131n bitti\u011fi bir yerde ba\u015f\u0131n\u0131 kuma g\u00f6mm\u00fc\u015f bir adam g\u00f6rd\u00fck. Ve ruhuma, &#8220;Burada denize girebiliriz, nas\u0131l olsa bizi g\u00f6remez,&#8221; dedim.<br \/>&#8220;Yo,&#8221; dedi ruhum, &#8220;\u00c7\u00fcnk\u00fc hepsinin i\u00e7inde en \u00f6l\u00fcmc\u00fcl olan\u0131 bu. Bu adam ba\u011fnaz.&#8221;<br \/>Sonra ruhumun y\u00fcz\u00fcnde ve sesinde b\u00fcy\u00fck bir h\u00fcz\u00fcn belirdi.<br \/>&#8220;Buradan gidelim,&#8221; dedi, &#8220;\u00c7\u00fcnk\u00fc denize girebilece\u011fimiz \u0131ss\u0131z ve g\u00f6zlerden uzak bir plaj yok. Alt\u0131n sa\u00e7lar\u0131m\u0131 bu r\u00fczgara a\u00e7mak, beyaz g\u00f6\u011fs\u00fcm\u00fc bu havaya sunmak ve kutsal \u00e7\u0131plakl\u0131\u011f\u0131m\u0131 bu \u0131\u015f\u0131\u011fa \u00e7\u0131karmak istemiyorum.&#8221;<br \/>O zaman Daha B\u00fcy\u00fck Denizi aramak i\u00e7in o denizden uzakla\u015ft\u0131k.<\/p>\n<p>\u00a0<\/p>\n<p style=\"text-align: justify;\"><em>Daha B\u00fcy\u00fck Deniz | Halil Cibran<\/em><\/p>\n","protected":false},"excerpt":{"rendered":"<p>Ruhumla birlikte b\u00fcy\u00fck denize y\u00fczmeye gittik. Ve k\u0131y\u0131ya vard\u0131\u011f\u0131m\u0131zda g\u00f6zden uzak ve sakin bir plaj arad\u0131k.Fakat y\u00fcr\u00fcrken gri bir kayan\u0131n \u00fcst\u00fcnde oturmu\u015f ve bir torbadan fiske fiske tuz al\u0131p denize atan bir adam g\u00f6rd\u00fck.&#8220;Bu k\u00f6t\u00fcmser bir insan,&#8221; dedi ruhum, &#8220;Bu plajdan gidelim. Burada denize giremeyiz.&#8221;Bir koya varana kadar y\u00fcr\u00fcd\u00fck. Orada beyaz bir kayan\u0131n \u00fcst\u00fcnde dikilmi\u015f, [&hellip;]<\/p>\n","protected":false},"author":1,"featured_media":0,"comment_status":"open","ping_status":"open","sticky":false,"template":"","format":"standard","meta":{"footnotes":""},"categories":[115],"tags":[],"class_list":{"0":"post-4698","1":"post","2":"type-post","3":"status-publish","4":"format-standard","6":"category-ceviri-oykuler"},"yoast_head":"<!-- This site is optimized with the Yoast SEO Premium plugin v24.9 (Yoast SEO v24.9) - https:\/\/yoast.com\/wordpress\/plugins\/seo\/ -->\n<title>&#039;Bu bir idealist,&#039; dedi ruhum, &#039;Ku\u015fkusuz bu da \u00e7\u0131plakl\u0131\u011f\u0131m\u0131z\u0131 g\u00f6rmemeli.&#039; | Halil Cibran - narteks.net<\/title>\n<meta name=\"robots\" content=\"index, follow, max-snippet:-1, max-image-preview:large, max-video-preview:-1\" \/>\n<link rel=\"canonical\" href=\"https:\/\/narteks.net\/index.php\/2010\/09\/17\/bu-bir-idealist-dedi-ruhum-kuskusuz-bu-da-ciplakligimizi-gormemeli-halil-cibran\/\" \/>\n<meta property=\"og:locale\" content=\"tr_TR\" \/>\n<meta property=\"og:type\" content=\"article\" \/>\n<meta property=\"og:title\" content=\"&#039;Bu bir idealist,&#039; dedi ruhum, &#039;Ku\u015fkusuz bu da \u00e7\u0131plakl\u0131\u011f\u0131m\u0131z\u0131 g\u00f6rmemeli.&#039; | Halil Cibran\" \/>\n<meta property=\"og:description\" content=\"Ruhumla birlikte b\u00fcy\u00fck denize y\u00fczmeye gittik. Ve k\u0131y\u0131ya vard\u0131\u011f\u0131m\u0131zda g\u00f6zden uzak ve sakin bir plaj arad\u0131k.Fakat y\u00fcr\u00fcrken gri bir kayan\u0131n \u00fcst\u00fcnde oturmu\u015f ve bir torbadan fiske fiske tuz al\u0131p denize atan bir adam g\u00f6rd\u00fck.&#8220;Bu k\u00f6t\u00fcmser bir insan,&#8221; dedi ruhum, &#8220;Bu plajdan gidelim. Burada denize giremeyiz.&#8221;Bir koya varana kadar y\u00fcr\u00fcd\u00fck. Orada beyaz bir kayan\u0131n \u00fcst\u00fcnde dikilmi\u015f, [&hellip;]\" \/>\n<meta property=\"og:url\" content=\"https:\/\/narteks.net\/index.php\/2010\/09\/17\/bu-bir-idealist-dedi-ruhum-kuskusuz-bu-da-ciplakligimizi-gormemeli-halil-cibran\/\" \/>\n<meta property=\"og:site_name\" content=\"narteks.net\" \/>\n<meta property=\"article:published_time\" content=\"2010-09-17T06:55:31+00:00\" \/>\n<meta property=\"og:image\" content=\"http:\/\/www.dusuncegezgini.com\/halil_cibran.jpg\" \/>\n<meta name=\"author\" content=\"Tar\u0131k\" \/>\n<meta name=\"twitter:card\" content=\"summary_large_image\" \/>\n<meta name=\"twitter:creator\" content=\"@narteks\" \/>\n<meta name=\"twitter:site\" content=\"@narteks\" \/>\n<meta name=\"twitter:label1\" content=\"Yazan:\" \/>\n\t<meta name=\"twitter:data1\" content=\"Tar\u0131k\" \/>\n\t<meta name=\"twitter:label2\" content=\"Tahmini okuma s\u00fcresi\" \/>\n\t<meta name=\"twitter:data2\" content=\"2 dakika\" \/>\n<script type=\"application\/ld+json\" class=\"yoast-schema-graph\">{\"@context\":\"https:\/\/schema.org\",\"@graph\":[{\"@type\":\"Article\",\"@id\":\"https:\/\/narteks.net\/index.php\/2010\/09\/17\/bu-bir-idealist-dedi-ruhum-kuskusuz-bu-da-ciplakligimizi-gormemeli-halil-cibran\/#article\",\"isPartOf\":{\"@id\":\"https:\/\/narteks.net\/index.php\/2010\/09\/17\/bu-bir-idealist-dedi-ruhum-kuskusuz-bu-da-ciplakligimizi-gormemeli-halil-cibran\/\"},\"author\":{\"name\":\"Tar\u0131k\",\"@id\":\"https:\/\/narteks.net\/#\/schema\/person\/61f37d9834294b72d31d274e7ed79bca\"},\"headline\":\"&#8216;Bu bir idealist,&#8217; dedi ruhum, &#8216;Ku\u015fkusuz bu da \u00e7\u0131plakl\u0131\u011f\u0131m\u0131z\u0131 g\u00f6rmemeli.&#8217; | Halil Cibran\",\"datePublished\":\"2010-09-17T06:55:31+00:00\",\"mainEntityOfPage\":{\"@id\":\"https:\/\/narteks.net\/index.php\/2010\/09\/17\/bu-bir-idealist-dedi-ruhum-kuskusuz-bu-da-ciplakligimizi-gormemeli-halil-cibran\/\"},\"wordCount\":475,\"commentCount\":0,\"publisher\":{\"@id\":\"https:\/\/narteks.net\/#organization\"},\"image\":{\"@id\":\"https:\/\/narteks.net\/index.php\/2010\/09\/17\/bu-bir-idealist-dedi-ruhum-kuskusuz-bu-da-ciplakligimizi-gormemeli-halil-cibran\/#primaryimage\"},\"thumbnailUrl\":\"http:\/\/www.dusuncegezgini.com\/halil_cibran.jpg\",\"articleSection\":[\"\u00c7eviri \u00d6yk\u00fcler\"],\"inLanguage\":\"tr\",\"potentialAction\":[{\"@type\":\"CommentAction\",\"name\":\"Comment\",\"target\":[\"https:\/\/narteks.net\/index.php\/2010\/09\/17\/bu-bir-idealist-dedi-ruhum-kuskusuz-bu-da-ciplakligimizi-gormemeli-halil-cibran\/#respond\"]}]},{\"@type\":\"WebPage\",\"@id\":\"https:\/\/narteks.net\/index.php\/2010\/09\/17\/bu-bir-idealist-dedi-ruhum-kuskusuz-bu-da-ciplakligimizi-gormemeli-halil-cibran\/\",\"url\":\"https:\/\/narteks.net\/index.php\/2010\/09\/17\/bu-bir-idealist-dedi-ruhum-kuskusuz-bu-da-ciplakligimizi-gormemeli-halil-cibran\/\",\"name\":\"'Bu bir idealist,' dedi ruhum, 'Ku\u015fkusuz bu da \u00e7\u0131plakl\u0131\u011f\u0131m\u0131z\u0131 g\u00f6rmemeli.' | Halil Cibran - narteks.net\",\"isPartOf\":{\"@id\":\"https:\/\/narteks.net\/#website\"},\"primaryImageOfPage\":{\"@id\":\"https:\/\/narteks.net\/index.php\/2010\/09\/17\/bu-bir-idealist-dedi-ruhum-kuskusuz-bu-da-ciplakligimizi-gormemeli-halil-cibran\/#primaryimage\"},\"image\":{\"@id\":\"https:\/\/narteks.net\/index.php\/2010\/09\/17\/bu-bir-idealist-dedi-ruhum-kuskusuz-bu-da-ciplakligimizi-gormemeli-halil-cibran\/#primaryimage\"},\"thumbnailUrl\":\"http:\/\/www.dusuncegezgini.com\/halil_cibran.jpg\",\"datePublished\":\"2010-09-17T06:55:31+00:00\",\"breadcrumb\":{\"@id\":\"https:\/\/narteks.net\/index.php\/2010\/09\/17\/bu-bir-idealist-dedi-ruhum-kuskusuz-bu-da-ciplakligimizi-gormemeli-halil-cibran\/#breadcrumb\"},\"inLanguage\":\"tr\",\"potentialAction\":[{\"@type\":\"ReadAction\",\"target\":[\"https:\/\/narteks.net\/index.php\/2010\/09\/17\/bu-bir-idealist-dedi-ruhum-kuskusuz-bu-da-ciplakligimizi-gormemeli-halil-cibran\/\"]}]},{\"@type\":\"ImageObject\",\"inLanguage\":\"tr\",\"@id\":\"https:\/\/narteks.net\/index.php\/2010\/09\/17\/bu-bir-idealist-dedi-ruhum-kuskusuz-bu-da-ciplakligimizi-gormemeli-halil-cibran\/#primaryimage\",\"url\":\"http:\/\/www.dusuncegezgini.com\/halil_cibran.jpg\",\"contentUrl\":\"http:\/\/www.dusuncegezgini.com\/halil_cibran.jpg\"},{\"@type\":\"BreadcrumbList\",\"@id\":\"https:\/\/narteks.net\/index.php\/2010\/09\/17\/bu-bir-idealist-dedi-ruhum-kuskusuz-bu-da-ciplakligimizi-gormemeli-halil-cibran\/#breadcrumb\",\"itemListElement\":[{\"@type\":\"ListItem\",\"position\":1,\"name\":\"Anasayfa\",\"item\":\"https:\/\/narteks.net\/\"},{\"@type\":\"ListItem\",\"position\":2,\"name\":\"&#8216;Bu bir idealist,&#8217; dedi ruhum, &#8216;Ku\u015fkusuz bu da \u00e7\u0131plakl\u0131\u011f\u0131m\u0131z\u0131 g\u00f6rmemeli.&#8217; | Halil Cibran\"}]},{\"@type\":\"WebSite\",\"@id\":\"https:\/\/narteks.net\/#website\",\"url\":\"https:\/\/narteks.net\/\",\"name\":\"narteks.net\",\"description\":\"K\u00fclt\u00fcr Sanat Edebiyat Felsefe\",\"publisher\":{\"@id\":\"https:\/\/narteks.net\/#organization\"},\"alternateName\":\"K\u00fclt\u00fcr Sanat Edebiyat Felsefe\",\"potentialAction\":[{\"@type\":\"SearchAction\",\"target\":{\"@type\":\"EntryPoint\",\"urlTemplate\":\"https:\/\/narteks.net\/?s={search_term_string}\"},\"query-input\":{\"@type\":\"PropertyValueSpecification\",\"valueRequired\":true,\"valueName\":\"search_term_string\"}}],\"inLanguage\":\"tr\"},{\"@type\":\"Organization\",\"@id\":\"https:\/\/narteks.net\/#organization\",\"name\":\"narteks.net\",\"url\":\"https:\/\/narteks.net\/\",\"logo\":{\"@type\":\"ImageObject\",\"inLanguage\":\"tr\",\"@id\":\"https:\/\/narteks.net\/#\/schema\/logo\/image\/\",\"url\":\"https:\/\/narteks.net\/wp-content\/uploads\/narteks.png\",\"contentUrl\":\"https:\/\/narteks.net\/wp-content\/uploads\/narteks.png\",\"width\":300,\"height\":90,\"caption\":\"narteks.net\"},\"image\":{\"@id\":\"https:\/\/narteks.net\/#\/schema\/logo\/image\/\"},\"sameAs\":[\"https:\/\/x.com\/narteks\",\"https:\/\/instagram.com\/narteksnet\"]},{\"@type\":\"Person\",\"@id\":\"https:\/\/narteks.net\/#\/schema\/person\/61f37d9834294b72d31d274e7ed79bca\",\"name\":\"Tar\u0131k\",\"image\":{\"@type\":\"ImageObject\",\"inLanguage\":\"tr\",\"@id\":\"https:\/\/narteks.net\/#\/schema\/person\/image\/\",\"url\":\"https:\/\/secure.gravatar.com\/avatar\/50865afb55632c4ae467e0af0930f6510aa2297d8014be502a55b14f3b7550cf?s=96&d=mm&r=g\",\"contentUrl\":\"https:\/\/secure.gravatar.com\/avatar\/50865afb55632c4ae467e0af0930f6510aa2297d8014be502a55b14f3b7550cf?s=96&d=mm&r=g\",\"caption\":\"Tar\u0131k\"},\"sameAs\":[\"http:\/\/narteks.net\"],\"url\":\"https:\/\/narteks.net\/index.php\/author\/narbak\/\"}]}<\/script>\n<!-- \/ Yoast SEO Premium plugin. -->","yoast_head_json":{"title":"'Bu bir idealist,' dedi ruhum, 'Ku\u015fkusuz bu da \u00e7\u0131plakl\u0131\u011f\u0131m\u0131z\u0131 g\u00f6rmemeli.' | Halil Cibran - narteks.net","robots":{"index":"index","follow":"follow","max-snippet":"max-snippet:-1","max-image-preview":"max-image-preview:large","max-video-preview":"max-video-preview:-1"},"canonical":"https:\/\/narteks.net\/index.php\/2010\/09\/17\/bu-bir-idealist-dedi-ruhum-kuskusuz-bu-da-ciplakligimizi-gormemeli-halil-cibran\/","og_locale":"tr_TR","og_type":"article","og_title":"'Bu bir idealist,' dedi ruhum, 'Ku\u015fkusuz bu da \u00e7\u0131plakl\u0131\u011f\u0131m\u0131z\u0131 g\u00f6rmemeli.' | Halil Cibran","og_description":"Ruhumla birlikte b\u00fcy\u00fck denize y\u00fczmeye gittik. Ve k\u0131y\u0131ya vard\u0131\u011f\u0131m\u0131zda g\u00f6zden uzak ve sakin bir plaj arad\u0131k.Fakat y\u00fcr\u00fcrken gri bir kayan\u0131n \u00fcst\u00fcnde oturmu\u015f ve bir torbadan fiske fiske tuz al\u0131p denize atan bir adam g\u00f6rd\u00fck.&#8220;Bu k\u00f6t\u00fcmser bir insan,&#8221; dedi ruhum, &#8220;Bu plajdan gidelim. Burada denize giremeyiz.&#8221;Bir koya varana kadar y\u00fcr\u00fcd\u00fck. Orada beyaz bir kayan\u0131n \u00fcst\u00fcnde dikilmi\u015f, [&hellip;]","og_url":"https:\/\/narteks.net\/index.php\/2010\/09\/17\/bu-bir-idealist-dedi-ruhum-kuskusuz-bu-da-ciplakligimizi-gormemeli-halil-cibran\/","og_site_name":"narteks.net","article_published_time":"2010-09-17T06:55:31+00:00","og_image":[{"url":"http:\/\/www.dusuncegezgini.com\/halil_cibran.jpg","type":"","width":"","height":""}],"author":"Tar\u0131k","twitter_card":"summary_large_image","twitter_creator":"@narteks","twitter_site":"@narteks","twitter_misc":{"Yazan:":"Tar\u0131k","Tahmini okuma s\u00fcresi":"2 dakika"},"schema":{"@context":"https:\/\/schema.org","@graph":[{"@type":"Article","@id":"https:\/\/narteks.net\/index.php\/2010\/09\/17\/bu-bir-idealist-dedi-ruhum-kuskusuz-bu-da-ciplakligimizi-gormemeli-halil-cibran\/#article","isPartOf":{"@id":"https:\/\/narteks.net\/index.php\/2010\/09\/17\/bu-bir-idealist-dedi-ruhum-kuskusuz-bu-da-ciplakligimizi-gormemeli-halil-cibran\/"},"author":{"name":"Tar\u0131k","@id":"https:\/\/narteks.net\/#\/schema\/person\/61f37d9834294b72d31d274e7ed79bca"},"headline":"&#8216;Bu bir idealist,&#8217; dedi ruhum, &#8216;Ku\u015fkusuz bu da \u00e7\u0131plakl\u0131\u011f\u0131m\u0131z\u0131 g\u00f6rmemeli.&#8217; | Halil Cibran","datePublished":"2010-09-17T06:55:31+00:00","mainEntityOfPage":{"@id":"https:\/\/narteks.net\/index.php\/2010\/09\/17\/bu-bir-idealist-dedi-ruhum-kuskusuz-bu-da-ciplakligimizi-gormemeli-halil-cibran\/"},"wordCount":475,"commentCount":0,"publisher":{"@id":"https:\/\/narteks.net\/#organization"},"image":{"@id":"https:\/\/narteks.net\/index.php\/2010\/09\/17\/bu-bir-idealist-dedi-ruhum-kuskusuz-bu-da-ciplakligimizi-gormemeli-halil-cibran\/#primaryimage"},"thumbnailUrl":"http:\/\/www.dusuncegezgini.com\/halil_cibran.jpg","articleSection":["\u00c7eviri \u00d6yk\u00fcler"],"inLanguage":"tr","potentialAction":[{"@type":"CommentAction","name":"Comment","target":["https:\/\/narteks.net\/index.php\/2010\/09\/17\/bu-bir-idealist-dedi-ruhum-kuskusuz-bu-da-ciplakligimizi-gormemeli-halil-cibran\/#respond"]}]},{"@type":"WebPage","@id":"https:\/\/narteks.net\/index.php\/2010\/09\/17\/bu-bir-idealist-dedi-ruhum-kuskusuz-bu-da-ciplakligimizi-gormemeli-halil-cibran\/","url":"https:\/\/narteks.net\/index.php\/2010\/09\/17\/bu-bir-idealist-dedi-ruhum-kuskusuz-bu-da-ciplakligimizi-gormemeli-halil-cibran\/","name":"'Bu bir idealist,' dedi ruhum, 'Ku\u015fkusuz bu da \u00e7\u0131plakl\u0131\u011f\u0131m\u0131z\u0131 g\u00f6rmemeli.' | Halil Cibran - narteks.net","isPartOf":{"@id":"https:\/\/narteks.net\/#website"},"primaryImageOfPage":{"@id":"https:\/\/narteks.net\/index.php\/2010\/09\/17\/bu-bir-idealist-dedi-ruhum-kuskusuz-bu-da-ciplakligimizi-gormemeli-halil-cibran\/#primaryimage"},"image":{"@id":"https:\/\/narteks.net\/index.php\/2010\/09\/17\/bu-bir-idealist-dedi-ruhum-kuskusuz-bu-da-ciplakligimizi-gormemeli-halil-cibran\/#primaryimage"},"thumbnailUrl":"http:\/\/www.dusuncegezgini.com\/halil_cibran.jpg","datePublished":"2010-09-17T06:55:31+00:00","breadcrumb":{"@id":"https:\/\/narteks.net\/index.php\/2010\/09\/17\/bu-bir-idealist-dedi-ruhum-kuskusuz-bu-da-ciplakligimizi-gormemeli-halil-cibran\/#breadcrumb"},"inLanguage":"tr","potentialAction":[{"@type":"ReadAction","target":["https:\/\/narteks.net\/index.php\/2010\/09\/17\/bu-bir-idealist-dedi-ruhum-kuskusuz-bu-da-ciplakligimizi-gormemeli-halil-cibran\/"]}]},{"@type":"ImageObject","inLanguage":"tr","@id":"https:\/\/narteks.net\/index.php\/2010\/09\/17\/bu-bir-idealist-dedi-ruhum-kuskusuz-bu-da-ciplakligimizi-gormemeli-halil-cibran\/#primaryimage","url":"http:\/\/www.dusuncegezgini.com\/halil_cibran.jpg","contentUrl":"http:\/\/www.dusuncegezgini.com\/halil_cibran.jpg"},{"@type":"BreadcrumbList","@id":"https:\/\/narteks.net\/index.php\/2010\/09\/17\/bu-bir-idealist-dedi-ruhum-kuskusuz-bu-da-ciplakligimizi-gormemeli-halil-cibran\/#breadcrumb","itemListElement":[{"@type":"ListItem","position":1,"name":"Anasayfa","item":"https:\/\/narteks.net\/"},{"@type":"ListItem","position":2,"name":"&#8216;Bu bir idealist,&#8217; dedi ruhum, &#8216;Ku\u015fkusuz bu da \u00e7\u0131plakl\u0131\u011f\u0131m\u0131z\u0131 g\u00f6rmemeli.&#8217; | Halil Cibran"}]},{"@type":"WebSite","@id":"https:\/\/narteks.net\/#website","url":"https:\/\/narteks.net\/","name":"narteks.net","description":"K\u00fclt\u00fcr Sanat Edebiyat Felsefe","publisher":{"@id":"https:\/\/narteks.net\/#organization"},"alternateName":"K\u00fclt\u00fcr Sanat Edebiyat Felsefe","potentialAction":[{"@type":"SearchAction","target":{"@type":"EntryPoint","urlTemplate":"https:\/\/narteks.net\/?s={search_term_string}"},"query-input":{"@type":"PropertyValueSpecification","valueRequired":true,"valueName":"search_term_string"}}],"inLanguage":"tr"},{"@type":"Organization","@id":"https:\/\/narteks.net\/#organization","name":"narteks.net","url":"https:\/\/narteks.net\/","logo":{"@type":"ImageObject","inLanguage":"tr","@id":"https:\/\/narteks.net\/#\/schema\/logo\/image\/","url":"https:\/\/narteks.net\/wp-content\/uploads\/narteks.png","contentUrl":"https:\/\/narteks.net\/wp-content\/uploads\/narteks.png","width":300,"height":90,"caption":"narteks.net"},"image":{"@id":"https:\/\/narteks.net\/#\/schema\/logo\/image\/"},"sameAs":["https:\/\/x.com\/narteks","https:\/\/instagram.com\/narteksnet"]},{"@type":"Person","@id":"https:\/\/narteks.net\/#\/schema\/person\/61f37d9834294b72d31d274e7ed79bca","name":"Tar\u0131k","image":{"@type":"ImageObject","inLanguage":"tr","@id":"https:\/\/narteks.net\/#\/schema\/person\/image\/","url":"https:\/\/secure.gravatar.com\/avatar\/50865afb55632c4ae467e0af0930f6510aa2297d8014be502a55b14f3b7550cf?s=96&d=mm&r=g","contentUrl":"https:\/\/secure.gravatar.com\/avatar\/50865afb55632c4ae467e0af0930f6510aa2297d8014be502a55b14f3b7550cf?s=96&d=mm&r=g","caption":"Tar\u0131k"},"sameAs":["http:\/\/narteks.net"],"url":"https:\/\/narteks.net\/index.php\/author\/narbak\/"}]}},"_links":{"self":[{"href":"https:\/\/narteks.net\/index.php\/wp-json\/wp\/v2\/posts\/4698","targetHints":{"allow":["GET"]}}],"collection":[{"href":"https:\/\/narteks.net\/index.php\/wp-json\/wp\/v2\/posts"}],"about":[{"href":"https:\/\/narteks.net\/index.php\/wp-json\/wp\/v2\/types\/post"}],"author":[{"embeddable":true,"href":"https:\/\/narteks.net\/index.php\/wp-json\/wp\/v2\/users\/1"}],"replies":[{"embeddable":true,"href":"https:\/\/narteks.net\/index.php\/wp-json\/wp\/v2\/comments?post=4698"}],"version-history":[{"count":0,"href":"https:\/\/narteks.net\/index.php\/wp-json\/wp\/v2\/posts\/4698\/revisions"}],"wp:attachment":[{"href":"https:\/\/narteks.net\/index.php\/wp-json\/wp\/v2\/media?parent=4698"}],"wp:term":[{"taxonomy":"category","embeddable":true,"href":"https:\/\/narteks.net\/index.php\/wp-json\/wp\/v2\/categories?post=4698"},{"taxonomy":"post_tag","embeddable":true,"href":"https:\/\/narteks.net\/index.php\/wp-json\/wp\/v2\/tags?post=4698"}],"curies":[{"name":"wp","href":"https:\/\/api.w.org\/{rel}","templated":true}]}}