{"id":47,"date":"2009-02-27T14:21:55","date_gmt":"2009-02-27T11:21:55","guid":{"rendered":"http:\/\/localhost\/wordpress\/2009\/02\/27\/bu-zindan-bu-kirgin-bu-can-pazari\/"},"modified":"2009-02-27T14:21:55","modified_gmt":"2009-02-27T11:21:55","slug":"bu-zindan-bu-kirgin-bu-can-pazari","status":"publish","type":"post","link":"https:\/\/narteks.net\/index.php\/2009\/02\/27\/bu-zindan-bu-kirgin-bu-can-pazari\/","title":{"rendered":"BU ZINDAN, BU KIRGIN, BU CAN PAZARI"},"content":{"rendered":"<p>\u00a0<\/p>\n<p><span>G\u00f6rd\u00fcler<br \/> Yedi cihan,<br \/> \u0130n, cin Kaf da\u011f\u0131n\u0131n ard\u0131ndakiler,<br \/> K\u0131tl\u0131k da k\u0131ran da olsa<br \/> G\u00f6rd\u00fcler analar neler do\u011furur<br \/> Aman aman hey&#8230;<\/p>\n<p> D\u00fcnyalar vard\u0131r elvan,<br \/> Bir su damlas\u0131nda, bir k\u0131l ucunda,<br \/> Meyvalar vard\u0131r, meyvalar,<br \/> A\u011fac\u0131, omcas\u0131 yok,<br \/> Sana vurgun, sana dost.<br \/> Beride Kabil&#8217;in murdar baltas\u0131<br \/> Ve kan de\u011firmenleri,<br \/> Kader kahpesi.<br \/> Beride borazanc\u0131lar\u0131 o pu\u015ft \u00f6l\u00fcm\u00fcn,<br \/> Haz\u0131r \u0131rz\u0131n\u0131 verme\u011fe<br \/> Yi\u011fitler vurulduk\u00e7a.<br \/> Timsah k\u0131sm\u0131 \u00e7\u00fcnk\u00fc yavrusunu yer<br \/> Akarsu durulduk\u00e7a.<br \/> Cad\u0131, yalan hamurunu da\u011f &#8211; da\u011f yo\u011furur<br \/> Aman aman hey<\/p>\n<p> Bu zindan, bu k\u0131rg\u0131n, bu can pazar\u0131,<br \/> Macera de\u011fil.<br \/> Ya\u015famak, sade &#8220;ya\u015famak&#8221;<br \/> Yosun, solucan harc\u0131d\u0131r.<br \/> \u00d6yle a\u00e7ar ki murat.<br \/> Susuz, g\u00fcne\u015fsiz de kalsa, kopar\u0131lsa da<br \/> \u015eavk\u0131, bulut g\u00fcllerinden daha bir suna,<br \/> Daha bir burcu &#8211; burcudur.<\/p>\n<p> Bu zindan, bu k\u0131rg\u0131n, bu can pazar\u0131<br \/> Macera de\u011fil<br \/> Sard\u0131\u011f\u0131m topra\u011f\u0131m\u0131n alt\u0131n sabr\u0131d\u0131r.<br \/> O sert, erkek h\u00fczn\u00fcd\u00fcr lahza ba\u015f\u0131nda<br \/> C\u0131gara de\u011fil.<br \/> Ve sevgilim uykusunda ba\u011fr\u0131r<br \/> Aman aman hey&#8230;<\/p>\n<p> Meltemin bir tad\u0131, ustura a\u011fz\u0131<br \/> Biri, k\u0131z memesi, t\u0131ls\u0131m,<br \/> Ya\u011fmurun bir damlas\u0131 s\u00fcz\u00fclm\u00fc\u015f k\u00fcf\u00fcr,<br \/> Bir damlas\u0131, a\u015fk.<br \/> Senin uykular\u0131n hay\u0131n,<br \/> D\u00fc\u015flerin karde\u015f.<br \/> Duyar m\u0131s\u0131n, anlay\u0131p s\u0131zlar m\u0131s\u0131n ki?<br \/> Gece, samanyollar\u0131nda r\u00fczgar \u00e7\u0131k\u0131ncaya dek,   <br \/> M\u0131sralar\u0131m karde\u015f &#8211; karde\u015f \u00e7a\u011f\u0131r\u0131r<br \/> Aman Aman hey&#8230;<\/p>\n<p> Serab\u0131n bir sonu vard\u0131r,<br \/> Ufkun, s\u0131rada\u011f\u0131n sonu.<br \/> U\u00e7ar\u0131n, ka\u00e7ar\u0131n bir sonu vard\u0131r<br \/> Senin sonun yok.<br \/> Mandalar\u0131n, kavaklar\u0131n pazar\u0131 olur,<br \/> Senin pazar\u0131n olamaz.<br \/> Sensiz nar \u00e7atlamaz, bebek g\u0131\u0131\u0131 demez.<br \/> Beni b\u00f6yle \u015fair, divane etmez,<br \/> K\u0131z\u0131m\u0131n \u00e7atal g\u00f6\u011fs\u00fc.<br \/> Senin y\u00fcz\u00fcn suyu h\u00fcrmetinedir<br \/> Bu\u011fdalara, cevizlere y\u00fcr\u00fcyen<br \/> Kara topra\u011f\u0131n ak s\u00fcd\u00fc&#8230;<\/p>\n<p> Bir bilsen kimlere tasa, kedersin,<br \/> Anlar m\u0131s\u0131n, \u015fa\u015f\u0131r\u0131p a\u011flar m\u0131s\u0131n ki?<br \/> Bir bilsen karde\u015flerim ne can \u00e7ocuklar<br \/> Ve bilsen nas\u0131l vurur beni bu duvar.<br \/> Ak\u015fam &#8211; ak\u015fam, kara sevdam a\u011far\u0131r<br \/> Aman, aman hey&#8230; <\/span><\/p>\n<p>Ahmed AR\u0130F<\/p>\n","protected":false},"excerpt":{"rendered":"<p>\u00a0 G\u00f6rd\u00fcler Yedi cihan, \u0130n, cin Kaf da\u011f\u0131n\u0131n ard\u0131ndakiler, K\u0131tl\u0131k da k\u0131ran da olsa G\u00f6rd\u00fcler analar neler do\u011furur Aman aman hey&#8230; D\u00fcnyalar vard\u0131r elvan, Bir su damlas\u0131nda, bir k\u0131l ucunda, Meyvalar vard\u0131r, meyvalar, A\u011fac\u0131, omcas\u0131 yok, Sana vurgun, sana dost. Beride Kabil&#8217;in murdar baltas\u0131 Ve kan de\u011firmenleri, Kader kahpesi. Beride borazanc\u0131lar\u0131 o pu\u015ft \u00f6l\u00fcm\u00fcn, Haz\u0131r [&hellip;]<\/p>\n","protected":false},"author":1,"featured_media":0,"comment_status":"open","ping_status":"open","sticky":false,"template":"","format":"standard","meta":{"footnotes":""},"categories":[179],"tags":[],"class_list":{"0":"post-47","1":"post","2":"type-post","3":"status-publish","4":"format-standard","6":"category-ahmed-arif"},"yoast_head":"<!-- This site is optimized with the Yoast SEO Premium plugin v24.9 (Yoast SEO v24.9) - https:\/\/yoast.com\/wordpress\/plugins\/seo\/ -->\n<title>BU ZINDAN, BU KIRGIN, BU CAN PAZARI - narteks.net<\/title>\n<meta name=\"robots\" content=\"index, follow, max-snippet:-1, max-image-preview:large, max-video-preview:-1\" \/>\n<link rel=\"canonical\" href=\"https:\/\/narteks.net\/index.php\/2009\/02\/27\/bu-zindan-bu-kirgin-bu-can-pazari\/\" \/>\n<meta property=\"og:locale\" content=\"tr_TR\" \/>\n<meta property=\"og:type\" content=\"article\" \/>\n<meta property=\"og:title\" content=\"BU ZINDAN, BU KIRGIN, BU CAN PAZARI\" \/>\n<meta property=\"og:description\" content=\"\u00a0 G\u00f6rd\u00fcler Yedi cihan, \u0130n, cin Kaf da\u011f\u0131n\u0131n ard\u0131ndakiler, K\u0131tl\u0131k da k\u0131ran da olsa G\u00f6rd\u00fcler analar neler do\u011furur Aman aman hey&#8230; D\u00fcnyalar vard\u0131r elvan, Bir su damlas\u0131nda, bir k\u0131l ucunda, Meyvalar vard\u0131r, meyvalar, A\u011fac\u0131, omcas\u0131 yok, Sana vurgun, sana dost. Beride Kabil&#8217;in murdar baltas\u0131 Ve kan de\u011firmenleri, Kader kahpesi. Beride borazanc\u0131lar\u0131 o pu\u015ft \u00f6l\u00fcm\u00fcn, Haz\u0131r [&hellip;]\" \/>\n<meta property=\"og:url\" content=\"https:\/\/narteks.net\/index.php\/2009\/02\/27\/bu-zindan-bu-kirgin-bu-can-pazari\/\" \/>\n<meta property=\"og:site_name\" content=\"narteks.net\" \/>\n<meta property=\"article:published_time\" content=\"2009-02-27T11:21:55+00:00\" \/>\n<meta property=\"og:image\" content=\"https:\/\/narteks.net\/wp-content\/uploads\/narteks.png\" \/>\n\t<meta property=\"og:image:width\" content=\"300\" \/>\n\t<meta property=\"og:image:height\" content=\"90\" \/>\n\t<meta property=\"og:image:type\" content=\"image\/png\" \/>\n<meta name=\"author\" content=\"Tar\u0131k\" \/>\n<meta name=\"twitter:card\" content=\"summary_large_image\" \/>\n<meta name=\"twitter:creator\" content=\"@narteks\" \/>\n<meta name=\"twitter:site\" content=\"@narteks\" \/>\n<meta name=\"twitter:label1\" content=\"Yazan:\" \/>\n\t<meta name=\"twitter:data1\" content=\"Tar\u0131k\" \/>\n\t<meta name=\"twitter:label2\" content=\"Tahmini okuma s\u00fcresi\" \/>\n\t<meta name=\"twitter:data2\" content=\"2 dakika\" \/>\n<script type=\"application\/ld+json\" class=\"yoast-schema-graph\">{\"@context\":\"https:\/\/schema.org\",\"@graph\":[{\"@type\":\"Article\",\"@id\":\"https:\/\/narteks.net\/index.php\/2009\/02\/27\/bu-zindan-bu-kirgin-bu-can-pazari\/#article\",\"isPartOf\":{\"@id\":\"https:\/\/narteks.net\/index.php\/2009\/02\/27\/bu-zindan-bu-kirgin-bu-can-pazari\/\"},\"author\":{\"name\":\"Tar\u0131k\",\"@id\":\"https:\/\/narteks.net\/#\/schema\/person\/61f37d9834294b72d31d274e7ed79bca\"},\"headline\":\"BU ZINDAN, BU KIRGIN, BU CAN PAZARI\",\"datePublished\":\"2009-02-27T11:21:55+00:00\",\"mainEntityOfPage\":{\"@id\":\"https:\/\/narteks.net\/index.php\/2009\/02\/27\/bu-zindan-bu-kirgin-bu-can-pazari\/\"},\"wordCount\":393,\"commentCount\":0,\"publisher\":{\"@id\":\"https:\/\/narteks.net\/#organization\"},\"articleSection\":[\"Ahmed AR\u0130F\"],\"inLanguage\":\"tr\",\"potentialAction\":[{\"@type\":\"CommentAction\",\"name\":\"Comment\",\"target\":[\"https:\/\/narteks.net\/index.php\/2009\/02\/27\/bu-zindan-bu-kirgin-bu-can-pazari\/#respond\"]}]},{\"@type\":\"WebPage\",\"@id\":\"https:\/\/narteks.net\/index.php\/2009\/02\/27\/bu-zindan-bu-kirgin-bu-can-pazari\/\",\"url\":\"https:\/\/narteks.net\/index.php\/2009\/02\/27\/bu-zindan-bu-kirgin-bu-can-pazari\/\",\"name\":\"BU ZINDAN, BU KIRGIN, BU CAN PAZARI - narteks.net\",\"isPartOf\":{\"@id\":\"https:\/\/narteks.net\/#website\"},\"datePublished\":\"2009-02-27T11:21:55+00:00\",\"breadcrumb\":{\"@id\":\"https:\/\/narteks.net\/index.php\/2009\/02\/27\/bu-zindan-bu-kirgin-bu-can-pazari\/#breadcrumb\"},\"inLanguage\":\"tr\",\"potentialAction\":[{\"@type\":\"ReadAction\",\"target\":[\"https:\/\/narteks.net\/index.php\/2009\/02\/27\/bu-zindan-bu-kirgin-bu-can-pazari\/\"]}]},{\"@type\":\"BreadcrumbList\",\"@id\":\"https:\/\/narteks.net\/index.php\/2009\/02\/27\/bu-zindan-bu-kirgin-bu-can-pazari\/#breadcrumb\",\"itemListElement\":[{\"@type\":\"ListItem\",\"position\":1,\"name\":\"Anasayfa\",\"item\":\"https:\/\/narteks.net\/\"},{\"@type\":\"ListItem\",\"position\":2,\"name\":\"BU ZINDAN, BU KIRGIN, BU CAN PAZARI\"}]},{\"@type\":\"WebSite\",\"@id\":\"https:\/\/narteks.net\/#website\",\"url\":\"https:\/\/narteks.net\/\",\"name\":\"narteks.net\",\"description\":\"K\u00fclt\u00fcr Sanat Edebiyat Felsefe\",\"publisher\":{\"@id\":\"https:\/\/narteks.net\/#organization\"},\"alternateName\":\"K\u00fclt\u00fcr Sanat Edebiyat Felsefe\",\"potentialAction\":[{\"@type\":\"SearchAction\",\"target\":{\"@type\":\"EntryPoint\",\"urlTemplate\":\"https:\/\/narteks.net\/?s={search_term_string}\"},\"query-input\":{\"@type\":\"PropertyValueSpecification\",\"valueRequired\":true,\"valueName\":\"search_term_string\"}}],\"inLanguage\":\"tr\"},{\"@type\":\"Organization\",\"@id\":\"https:\/\/narteks.net\/#organization\",\"name\":\"narteks.net\",\"url\":\"https:\/\/narteks.net\/\",\"logo\":{\"@type\":\"ImageObject\",\"inLanguage\":\"tr\",\"@id\":\"https:\/\/narteks.net\/#\/schema\/logo\/image\/\",\"url\":\"https:\/\/narteks.net\/wp-content\/uploads\/narteks.png\",\"contentUrl\":\"https:\/\/narteks.net\/wp-content\/uploads\/narteks.png\",\"width\":300,\"height\":90,\"caption\":\"narteks.net\"},\"image\":{\"@id\":\"https:\/\/narteks.net\/#\/schema\/logo\/image\/\"},\"sameAs\":[\"https:\/\/x.com\/narteks\",\"https:\/\/instagram.com\/narteksnet\"]},{\"@type\":\"Person\",\"@id\":\"https:\/\/narteks.net\/#\/schema\/person\/61f37d9834294b72d31d274e7ed79bca\",\"name\":\"Tar\u0131k\",\"image\":{\"@type\":\"ImageObject\",\"inLanguage\":\"tr\",\"@id\":\"https:\/\/narteks.net\/#\/schema\/person\/image\/\",\"url\":\"https:\/\/secure.gravatar.com\/avatar\/50865afb55632c4ae467e0af0930f6510aa2297d8014be502a55b14f3b7550cf?s=96&d=mm&r=g\",\"contentUrl\":\"https:\/\/secure.gravatar.com\/avatar\/50865afb55632c4ae467e0af0930f6510aa2297d8014be502a55b14f3b7550cf?s=96&d=mm&r=g\",\"caption\":\"Tar\u0131k\"},\"sameAs\":[\"http:\/\/narteks.net\"],\"url\":\"https:\/\/narteks.net\/index.php\/author\/narbak\/\"}]}<\/script>\n<!-- \/ Yoast SEO Premium plugin. -->","yoast_head_json":{"title":"BU ZINDAN, BU KIRGIN, BU CAN PAZARI - narteks.net","robots":{"index":"index","follow":"follow","max-snippet":"max-snippet:-1","max-image-preview":"max-image-preview:large","max-video-preview":"max-video-preview:-1"},"canonical":"https:\/\/narteks.net\/index.php\/2009\/02\/27\/bu-zindan-bu-kirgin-bu-can-pazari\/","og_locale":"tr_TR","og_type":"article","og_title":"BU ZINDAN, BU KIRGIN, BU CAN PAZARI","og_description":"\u00a0 G\u00f6rd\u00fcler Yedi cihan, \u0130n, cin Kaf da\u011f\u0131n\u0131n ard\u0131ndakiler, K\u0131tl\u0131k da k\u0131ran da olsa G\u00f6rd\u00fcler analar neler do\u011furur Aman aman hey&#8230; D\u00fcnyalar vard\u0131r elvan, Bir su damlas\u0131nda, bir k\u0131l ucunda, Meyvalar vard\u0131r, meyvalar, A\u011fac\u0131, omcas\u0131 yok, Sana vurgun, sana dost. Beride Kabil&#8217;in murdar baltas\u0131 Ve kan de\u011firmenleri, Kader kahpesi. Beride borazanc\u0131lar\u0131 o pu\u015ft \u00f6l\u00fcm\u00fcn, Haz\u0131r [&hellip;]","og_url":"https:\/\/narteks.net\/index.php\/2009\/02\/27\/bu-zindan-bu-kirgin-bu-can-pazari\/","og_site_name":"narteks.net","article_published_time":"2009-02-27T11:21:55+00:00","og_image":[{"width":300,"height":90,"url":"https:\/\/narteks.net\/wp-content\/uploads\/narteks.png","type":"image\/png"}],"author":"Tar\u0131k","twitter_card":"summary_large_image","twitter_creator":"@narteks","twitter_site":"@narteks","twitter_misc":{"Yazan:":"Tar\u0131k","Tahmini okuma s\u00fcresi":"2 dakika"},"schema":{"@context":"https:\/\/schema.org","@graph":[{"@type":"Article","@id":"https:\/\/narteks.net\/index.php\/2009\/02\/27\/bu-zindan-bu-kirgin-bu-can-pazari\/#article","isPartOf":{"@id":"https:\/\/narteks.net\/index.php\/2009\/02\/27\/bu-zindan-bu-kirgin-bu-can-pazari\/"},"author":{"name":"Tar\u0131k","@id":"https:\/\/narteks.net\/#\/schema\/person\/61f37d9834294b72d31d274e7ed79bca"},"headline":"BU ZINDAN, BU KIRGIN, BU CAN PAZARI","datePublished":"2009-02-27T11:21:55+00:00","mainEntityOfPage":{"@id":"https:\/\/narteks.net\/index.php\/2009\/02\/27\/bu-zindan-bu-kirgin-bu-can-pazari\/"},"wordCount":393,"commentCount":0,"publisher":{"@id":"https:\/\/narteks.net\/#organization"},"articleSection":["Ahmed AR\u0130F"],"inLanguage":"tr","potentialAction":[{"@type":"CommentAction","name":"Comment","target":["https:\/\/narteks.net\/index.php\/2009\/02\/27\/bu-zindan-bu-kirgin-bu-can-pazari\/#respond"]}]},{"@type":"WebPage","@id":"https:\/\/narteks.net\/index.php\/2009\/02\/27\/bu-zindan-bu-kirgin-bu-can-pazari\/","url":"https:\/\/narteks.net\/index.php\/2009\/02\/27\/bu-zindan-bu-kirgin-bu-can-pazari\/","name":"BU ZINDAN, BU KIRGIN, BU CAN PAZARI - narteks.net","isPartOf":{"@id":"https:\/\/narteks.net\/#website"},"datePublished":"2009-02-27T11:21:55+00:00","breadcrumb":{"@id":"https:\/\/narteks.net\/index.php\/2009\/02\/27\/bu-zindan-bu-kirgin-bu-can-pazari\/#breadcrumb"},"inLanguage":"tr","potentialAction":[{"@type":"ReadAction","target":["https:\/\/narteks.net\/index.php\/2009\/02\/27\/bu-zindan-bu-kirgin-bu-can-pazari\/"]}]},{"@type":"BreadcrumbList","@id":"https:\/\/narteks.net\/index.php\/2009\/02\/27\/bu-zindan-bu-kirgin-bu-can-pazari\/#breadcrumb","itemListElement":[{"@type":"ListItem","position":1,"name":"Anasayfa","item":"https:\/\/narteks.net\/"},{"@type":"ListItem","position":2,"name":"BU ZINDAN, BU KIRGIN, BU CAN PAZARI"}]},{"@type":"WebSite","@id":"https:\/\/narteks.net\/#website","url":"https:\/\/narteks.net\/","name":"narteks.net","description":"K\u00fclt\u00fcr Sanat Edebiyat Felsefe","publisher":{"@id":"https:\/\/narteks.net\/#organization"},"alternateName":"K\u00fclt\u00fcr Sanat Edebiyat Felsefe","potentialAction":[{"@type":"SearchAction","target":{"@type":"EntryPoint","urlTemplate":"https:\/\/narteks.net\/?s={search_term_string}"},"query-input":{"@type":"PropertyValueSpecification","valueRequired":true,"valueName":"search_term_string"}}],"inLanguage":"tr"},{"@type":"Organization","@id":"https:\/\/narteks.net\/#organization","name":"narteks.net","url":"https:\/\/narteks.net\/","logo":{"@type":"ImageObject","inLanguage":"tr","@id":"https:\/\/narteks.net\/#\/schema\/logo\/image\/","url":"https:\/\/narteks.net\/wp-content\/uploads\/narteks.png","contentUrl":"https:\/\/narteks.net\/wp-content\/uploads\/narteks.png","width":300,"height":90,"caption":"narteks.net"},"image":{"@id":"https:\/\/narteks.net\/#\/schema\/logo\/image\/"},"sameAs":["https:\/\/x.com\/narteks","https:\/\/instagram.com\/narteksnet"]},{"@type":"Person","@id":"https:\/\/narteks.net\/#\/schema\/person\/61f37d9834294b72d31d274e7ed79bca","name":"Tar\u0131k","image":{"@type":"ImageObject","inLanguage":"tr","@id":"https:\/\/narteks.net\/#\/schema\/person\/image\/","url":"https:\/\/secure.gravatar.com\/avatar\/50865afb55632c4ae467e0af0930f6510aa2297d8014be502a55b14f3b7550cf?s=96&d=mm&r=g","contentUrl":"https:\/\/secure.gravatar.com\/avatar\/50865afb55632c4ae467e0af0930f6510aa2297d8014be502a55b14f3b7550cf?s=96&d=mm&r=g","caption":"Tar\u0131k"},"sameAs":["http:\/\/narteks.net"],"url":"https:\/\/narteks.net\/index.php\/author\/narbak\/"}]}},"_links":{"self":[{"href":"https:\/\/narteks.net\/index.php\/wp-json\/wp\/v2\/posts\/47","targetHints":{"allow":["GET"]}}],"collection":[{"href":"https:\/\/narteks.net\/index.php\/wp-json\/wp\/v2\/posts"}],"about":[{"href":"https:\/\/narteks.net\/index.php\/wp-json\/wp\/v2\/types\/post"}],"author":[{"embeddable":true,"href":"https:\/\/narteks.net\/index.php\/wp-json\/wp\/v2\/users\/1"}],"replies":[{"embeddable":true,"href":"https:\/\/narteks.net\/index.php\/wp-json\/wp\/v2\/comments?post=47"}],"version-history":[{"count":0,"href":"https:\/\/narteks.net\/index.php\/wp-json\/wp\/v2\/posts\/47\/revisions"}],"wp:attachment":[{"href":"https:\/\/narteks.net\/index.php\/wp-json\/wp\/v2\/media?parent=47"}],"wp:term":[{"taxonomy":"category","embeddable":true,"href":"https:\/\/narteks.net\/index.php\/wp-json\/wp\/v2\/categories?post=47"},{"taxonomy":"post_tag","embeddable":true,"href":"https:\/\/narteks.net\/index.php\/wp-json\/wp\/v2\/tags?post=47"}],"curies":[{"name":"wp","href":"https:\/\/api.w.org\/{rel}","templated":true}]}}