{"id":4700,"date":"2010-09-20T10:22:19","date_gmt":"2010-09-20T07:22:19","guid":{"rendered":"http:\/\/localhost\/wordpress\/2010\/09\/20\/basta-kurt-halki-olmak-uzere-tum-halka-yapilan-baskilara-ve-zulme-karsi-geldi-musa-anter-ape-musa-deniz-engin\/"},"modified":"2010-09-20T10:22:19","modified_gmt":"2010-09-20T07:22:19","slug":"basta-kurt-halki-olmak-uzere-tum-halka-yapilan-baskilara-ve-zulme-karsi-geldi-musa-anter-ape-musa-deniz-engin","status":"publish","type":"post","link":"https:\/\/narteks.net\/index.php\/2010\/09\/20\/basta-kurt-halki-olmak-uzere-tum-halka-yapilan-baskilara-ve-zulme-karsi-geldi-musa-anter-ape-musa-deniz-engin\/","title":{"rendered":"Ba\u015fta K\u00fcrt halk\u0131 olmak \u00fczere t\u00fcm halka yap\u0131lan bask\u0131lara ve zulme kar\u015f\u0131 geldi | Musa Anter ( Ap\u00ea Musa ) &#8211; Deniz Engin"},"content":{"rendered":"<p style=\"text-align: justify;\"><img loading=\"lazy\" decoding=\"async\" src=\"http:\/\/img.blogcu.com\/uploads\/zerdust_musa_anter_2.jpg\" border=\"0\" width=\"155\" height=\"205\" style=\"float: left;\" \/>AP\u00ca MUSA<br \/>Bir ezgi \u00e7al\u0131n\u0131r kula\u011f\u0131m\u0131za bazen. Anadolu ezgisidir. \u00c7alg\u0131lar\u0131yla, ritimleriyle Anadolu halklar\u0131n\u0131n o g\u00fczel duygular\u0131n\u0131 verir bize. Sesinde i\u00e7tenlik ve s\u0131cakl\u0131k olan bir ihtiyar, hik\u00e2ye anlat\u0131r gen\u00e7lere, o ezginin i\u00e7inden&#8230;<\/p>\n<p>Ap\u00ea Musa\u2019d\u0131r konu\u015fan. K\u00fcrt halk\u0131n\u0131n \u00f6zg\u00fcrl\u00fck m\u00fccadelesinde bir tu\u011fla olan, har\u00e7 olan Musa Anter\u2019dir. Bir g\u00fcn kontrgerilla taraf\u0131ndan Diyarbak\u0131r\u2019da katledilen Musa Anter&#8230;<\/p>\n<p>78 [72] y\u0131ll\u0131k bir \u00f6mre K\u00fcrt halk\u0131n\u0131n ac\u0131s\u0131n\u0131, sevincini, \u00f6zlemlerini s\u0131\u011fd\u0131rmaya \u00e7al\u0131\u015fm\u0131\u015ft\u0131r.<\/p>\n<p>1920 do\u011fumlu olan Ap\u00ea Musa bak\u0131n kendi do\u011fum yerini nas\u0131l anlat\u0131yor:<\/p>\n<p style=\"text-align: justify;\">\u201cRecaizade Erc\u00fcment Ekrem Talu, ya\u015fant\u0131s\u0131n\u0131 anlat\u0131rken do\u011fum yeri ve baba oca\u011f\u0131n\u0131 \u015f\u00f6yle tan\u0131t\u0131r: \u2018Marmara B\u00f6lgesi T\u00fcrkiye\u2019nin en uygar b\u00f6lgesidir; \u0130stanbul Marmara\u2019n\u0131n en g\u00fczel \u015fehridir, Bo\u011fazi\u00e7i, \u0130stanbul\u2019un en latif semtidir; Sar\u0131yer, \u0130stanbul\u2019un en \u015firin kazas\u0131d\u0131r. Yeni mahalle Sar\u0131yer\u2019in en \u00fcst\u00fcn mahallesidir ve Recaizadelerin k\u00f6\u015fk\u00fc Yenimahalle\u2019nin en harika k\u00f6\u015fk\u00fcd\u00fcr. \u0130\u015fte ben burada do\u011fdum.\u2019 Tabi O Recaizade Ekrem\u2019in o\u011flu idi.<\/p>\n<p>\u015eimdi bana bakal\u0131m. Mardin T\u00fcrkiye\u2019nin en geri ilidir. Nusaybin, Mardin\u2019in en dertli il\u00e7esidir, Stil\u00eel\u00ea (Akarsu) Nusaybin\u2019in en fakir nahiyesidir, Zivinge (Eski Ma\u011fra) Stil\u00eel\u00ea\u2019nin en geri kalm\u0131\u015f k\u00f6y\u00fcd\u00fcr ve i\u015fte ben bu k\u00f6y\u00fcn n\u00fcfus k\u00fct\u00fc\u011f\u00fcne g\u00f6re 2 numaral\u0131 ma\u011faras\u0131nda do\u011fmu\u015fum.\u201d (1)<\/p>\n<p style=\"text-align: justify;\">Ap\u00ea Musa, do\u011fumunu Anadolu ger\u00e7e\u011fine vurgu yaparak b\u00f6yle anlat\u0131r. \u0130lkokulu Mardin\u2019de, orta ve liseyi ise Adana\u2019da okur. Y\u00fcksek \u00f6\u011frenimini ise \u0130stanbul\u2019da Hukuk Fak\u00fcltesi\u2019nde yapar.<\/p>\n<p>Bu d\u00f6nemde siyasi kimli\u011fini de kazanmaya ba\u015flar Musa Anter. Ve kendisinin m\u00fccadeledeki \u0131srar\u0131n\u0131 \u015f\u00f6yle anlat\u0131r tan\u0131d\u0131klar\u0131na;<\/p>\n<p>\u201cAvrupal\u0131 filozof, akl\u0131mda kald\u0131\u011f\u0131na g\u00f6re Hobs; \u2018Politik fikirler ke\u00e7e gibidir, vurulduk\u00e7a s\u0131kla\u015f\u0131r, k\u0131ymetlenir\u2019 der. Bana da haks\u0131zl\u0131k ve i\u015fkence yap\u0131ld\u0131k\u00e7a, fikirlerime daha da ba\u011flanm\u0131\u015f\u0131md\u0131r.\u201d (2)<\/p>\n<p>Bir\u00e7ok \u00f6\u011frenci yurdu kurar Ap\u00ea Musa. \u00d6nce Dicle Talebe Yurdu\u2019nu, ard\u0131ndan F\u0131rat Talebe Yurdu\u2019nu ve Toros K\u0131z Yurdu\u2019nu&#8230; Amac\u0131 ticaret yapmak, zengin olmak de\u011fildir. Kurdu\u011fu yurtlar, G\u00fcneydo\u011fu\u2019dan \u0130stanbul\u2019a okumaya gelen yoksul talebeler i\u00e7indir. As\u0131l olarak ama\u00e7, yeni bir gen\u00e7lik yeti\u015ftirmektir. Bug\u00fcn o yurtlardan yeti\u015fen bir\u00e7ok tan\u0131nm\u0131\u015f ki\u015fi vard\u0131r. Prof. Muzaffer Akk\u0131l\u0131\u00e7, Turhan Sel\u00e7uk ve \u0130lhan Sel\u00e7uk bunlardan baz\u0131lar\u0131d\u0131r.<\/p>\n<p><strong>\u0130LK \u00d6RG\u00dcT<\/strong><\/p>\n<p>Dicle Talebe Yurdu\u2019nu kurduktan sonra Anter, arkada\u015flar\u0131ndan Mustafa Remzi Bucak, Yusuf Azizo\u011flu, Ziya \u015eerefhano\u011flu ve Faik Bucak ile birlikte illegal \u00f6rg\u00fct kurarlar. \u00d6rg\u00fct\u00fcn ad\u0131n\u0131 \u201cK\u00fcrtleri Kurtarma Cemiyeti\u201dkoyarlar. \u00d6rg\u00fct\u00fcn amac\u0131n\u0131 \u201cMemleketten gelen arkada\u015flar\u0131m\u0131za yard\u0131mc\u0131 olmak ve burada benliklerini kendilerine ifade etmektir\u201d diye a\u00e7\u0131klar Musa Anter.<\/p>\n<p>Be\u015f arkada\u015f, davalar\u0131na sad\u0131k kalacaklar\u0131na dair yemin ederler.<\/p>\n<p>\u201c\u00d6l\u00fcnceye kadar vatan sevgisi and\u0131m\u0131za sad\u0131k kalaca\u011f\u0131m\u0131za, hi\u00e7bir \u015fartta vatanda\u015flar\u0131m\u0131z\u0131n aleyhine i\u015fbirlik\u00e7i ve ca\u015f (hain) olmayaca\u011f\u0131ma yemin ederim.\u201d (3)<\/p>\n<p>Ve be\u015f ki\u015fi \u00f6l\u00fcnceye kadar yeminlerine sad\u0131k kal\u0131rlar.<\/p>\n<p>\u00c7ok y\u00f6nl\u00fcd\u00fcr bizim Ap\u00ea Musa. On parma\u011f\u0131nda on marifet vard\u0131r deyim yerindeyse. Siyasi d\u00fc\u015f\u00fcncelerini, ya\u015fanan ger\u00e7ekleri anlatmak, duyurmak i\u00e7in yay\u0131nc\u0131l\u0131\u011fa ba\u015flar. Hem sahipli\u011fini, hem de yazarl\u0131\u011f\u0131n\u0131 yapt\u0131\u011f\u0131 bir\u00e7ok gazete \u00e7\u0131kar\u0131r. Dicle Kayna\u011f\u0131, \u015eark Postas\u0131, \u0130leri Yurt, Deng, Bar\u0131\u015f D\u00fcnyas\u0131 bunlardan baz\u0131lar\u0131d\u0131r. Yine bir d\u00f6nem Cumhuriyet gazetesinin G\u00fcneydo\u011fu muhabirli\u011fini de y\u00fcr\u00fct\u00fcr.<\/p>\n<p>Yaz\u0131lar\u0131nda politik g\u00f6r\u00fc\u015fleri ile mizah\u0131n\u0131 birlikte yo\u011furarak g\u00fczel \u015feyler \u00fcreten ender insanlardand\u0131r. Yazd\u0131\u011f\u0131 bir\u00e7ok yaz\u0131dan dolay\u0131 yarg\u0131lanm\u0131\u015ft\u0131r. \u00c7\u0131kard\u0131\u011f\u0131 yay\u0131nlarla ve yaz\u0131larla, K\u00fcrt edebiyat\u0131na ve diline ayr\u0131 bir katk\u0131 sunmu\u015ftur.<\/p>\n<p>1938\u2019de Diyarbak\u0131r\u2019da, \u0130leri Yurt gazetesinde dilenci bir k\u0131z ile aras\u0131nda ge\u00e7en sohbeti K\u00fcrt\u00e7e yazar. Bu yaz\u0131, o d\u00f6nem bir bomba etkisi yarat\u0131r. Savc\u0131l\u0131k hemen Anter hakk\u0131nda, yazd\u0131\u011f\u0131 bu yaz\u0131dan dolay\u0131 dava a\u00e7ar.<\/p>\n<p>Kovu\u015fturma, soru\u015fturma ve mahpusluk yabanc\u0131 de\u011fildir Ap\u00ea Musa\u2019ya. 1959\u2019da iktidarda DP vard\u0131r. Diyarbak\u0131r\u2019da \u0130leri Yurt gazetesine y\u00f6nelik bask\u0131lar artm\u0131\u015ft\u0131r. O d\u00f6nem, DP\u2019nin her yerde genel bir bask\u0131s\u0131 vard\u0131r. Bu bask\u0131lardan dolay\u0131 DP, \u00fclkenin d\u00f6rt bir yan\u0131nda protesto edilir.<\/p>\n<p>D\u00f6nemin cumhurba\u015fkan\u0131 Celal Bayar, bizzat Diyarbak\u0131r Valili\u011fi\u2019ne telefon ederek, Anter\u2019in kafas\u0131n\u0131n ezilmesini tavsiye eder. Bunun \u00fczerine yap\u0131lan operasyonlarda aralar\u0131nda Musa Anter\u2019in de bulundu\u011fu 50 ki\u015fi, 17 Aral\u0131k 1959\u2019da tutuklan\u0131r. Bu olay, \u00f6z\u00fcnde K\u00fcrt ayd\u0131nlar hareketi olan \u201c49\u2019lar\u201d diye dosyalara ge\u00e7er. 49\u2019lar denilmesinin sebebi ise, aralar\u0131ndan birinin h\u00fccrede \u00f6lmesi \u00fczerine 49 ki\u015fi kalmalar\u0131d\u0131r. O d\u00f6nem K\u00fcrt k\u00fclt\u00fcr\u00fcn\u00fc, kimli\u011fini, K\u00fcrt ayd\u0131nlar\u0131 temsil ediyordu ve Musa Anter de bunlardan biriydi.<\/p>\n<p>Bir\u00e7ok kez mahpuslu\u011fu ya\u015fayan Musa Anter, THKP-C \u00f6nderlerinden H\u00fcseyin Cevahir\u2019in de hapishane arkada\u015f\u0131d\u0131r.<\/p>\n<p>Ony\u0131llar\u0131 mahkemelerde ge\u00e7mi\u015ftir Ap\u00ea Musa\u2019n\u0131n. Bunun sonucunda 11 y\u0131ll\u0131k hapishane ya\u015fam\u0131 da vard\u0131r. Sanki ikinci evidir hapishaneler. \u00d6yle ilgin\u00e7 ve mizahi savunmalar\u0131 vard\u0131r ki, hakimler kendi davalar\u0131 olmad\u0131\u011f\u0131 halde onun savunmalar\u0131n\u0131 ilgiyle izlerler.<\/p>\n<p>\u201cSay\u0131n mahkeme, \u0130sa\u2019dan bug\u00fcne kadar K\u00fcrtler ne yapm\u0131\u015flarsa, savc\u0131 hepsini Musa\u2019ya y\u00fcklemi\u015f. Hele o ondan vazge\u00e7sin, sonras\u0131 kolay.<\/p>\n<p>(&#8230;) Say\u0131n hakim 30 y\u0131ld\u0131r ben bu davalardan yarg\u0131lan\u0131r\u0131m. Savc\u0131lar hep idam\u0131m\u0131z\u0131 isterler, biz de su\u00e7suz oldu\u011fumuzu s\u00f6yleriz. Sizin gibi namuslu insanlar araya girer, biz de beraat ederiz. Ony\u0131llard\u0131r kar\u015f\u0131l\u0131kl\u0131 olarak konu\u015fuyoruz. Siz de bir kanaate vard\u0131n\u0131z. Benim s\u00f6yleyeceklerim bu kadar\u201d (4)<br \/>G\u00f6rd\u00fc\u011f\u00fc i\u015fkencelerden ve hapishanelerdeki zor ko\u015fullardan, bir\u00e7ok hastal\u0131\u011fa da yakalan\u0131r.<\/p>\n<p>\u201cD\u00fc\u015f\u00fcnd\u00fcm ve karar verdim. Ulan Musa T\u00fcrkiye\u2019nin d\u00fczeltilmesi, T\u00fcrk-K\u00fcrt karde\u015fli\u011fi sana m\u0131 kalm\u0131\u015f, b\u0131rak ne halleri varsa g\u00f6rs\u00fcnler\u201d (5) diyerek k\u00f6y\u00fcne d\u00f6nmeye karar verir.<\/p>\n<p>1987 y\u0131l\u0131na kadar bir s\u00fcre elini yazmaktan da \u00e7eker. Ama halk\u0131na yap\u0131lanlara dayanamayarak kaleme yeniden sar\u0131l\u0131r.<\/p>\n<p>\u201cK\u00f6y\u00fcme d\u00f6nd\u00fcm. Pastoral hayat\u0131m\u0131 s\u00fcrd\u00fcrd\u00fcm fakat etraf\u0131mda o kadar tahamm\u00fcl edilmez devlet ter\u00f6r\u00fc ve zulm\u00fc oluyordu ki, delirmedi\u011fime \u015f\u00fckrediyorum. Yeri gelmi\u015fken K\u00fcrt tarihindeki \u015fu \u00f6yk\u00fcy\u00fc anlatmak istiyorum.<\/p>\n<p>R\u00fcstemin babas\u0131 Zal, ya\u015flan\u0131r. Hen\u00fcz 14\u201315 ya\u015f\u0131nda olan R\u00fcstem\u2019e t\u00fcm kahramanl\u0131k \u00f6devlerini devreder. Osmanl\u0131 tarihinde Sultan Murat ve Sultan Fatih misali d\u00fc\u015fmanlar bundan yararlanarak, gelir Zal\u2019\u0131n b\u00fct\u00fcn s\u00fcr\u00fclerini talan ederler. Bu durumu Zal\u2019a iletirler. Zal, \u2018Zarar\u0131 yok, biz de onlar\u0131n \u00e7ok s\u00fcr\u00fclerini talan etmi\u015ftik.\u2019 der. Bu sefer d\u00fc\u015fman gelir, a\u015firet ya\u015fam\u0131nda en b\u00fcy\u00fck hakaret olan hareketi yapar ve t\u00fcm \u00e7ad\u0131rlar\u0131n iplerini keser. Bunu da Zal\u2019a s\u00f6ylerler. Zal yine \u2018Zarar\u0131 yok. Biz de onlar\u0131n \u00e7ad\u0131rlar\u0131n\u0131 par\u00e7alam\u0131\u015ft\u0131k.\u2019 der. D\u00fc\u015fman bir kez daha gelir. Bu sefer k\u0131zlar\u0131na ve kad\u0131nlar\u0131na sark\u0131nt\u0131l\u0131k eder. Bu Zal\u2019a s\u00f6ylenince Zal irkilir. \u2018Namus ha!\u2019 der ve g\u00fcrz\u00fcn\u00fc ister. \u2018Kafama bir ka\u00e7 kez vurun da kafam k\u0131z\u0131\u015fs\u0131n.\u2019 der. At\u0131n\u0131 haz\u0131rlat\u0131r, m\u0131zrak ve g\u00fcrz\u00fcn\u00fc alarak d\u00fc\u015fman\u0131n pe\u015fine d\u00fc\u015fer ve o ihtiyar haliyle hepsini peri\u015fan eder.<\/p>\n<p>Benim de halk\u0131m \u00f6ld\u00fcr\u00fcld\u00fc, i\u015fkence g\u00f6rd\u00fc, sakatland\u0131. Hatta i\u015fkenceden \u00e7\u0131ld\u0131ranlar oldu. \u2018Eh, ne yapal\u0131m\u2019 derdim. \u2018Eskiden beri biz bunlar\u0131 g\u00f6r\u00fcyoruz.\u2019 Fakat sonradan duydum ki halk\u0131m\u0131za bok yediriliyor ve namusuna el uzat\u0131l\u0131yor. \u2018Benim, atalar\u0131m Zal ve R\u00fcstem gibi g\u00fcrz\u00fcm yok. Ama \u2018Verin kalemimi!\u2019 dedim ve t\u00f6vbemi bozarak yazmaya ba\u015flad\u0131m\u201d (6)<\/p>\n<p>Ya\u015fam\u0131 boyunca T\u00fcrkiye\u2019de, ba\u015fta K\u00fcrt halk\u0131 olmak \u00fczere t\u00fcm halka yap\u0131lan bask\u0131lara ve zulme kar\u015f\u0131 geldi. Hi\u00e7bir d\u00f6nem sessiz kalmad\u0131. \u00d6mr\u00fc boyunca hep onurlu ya\u015fad\u0131. \u201cAyd\u0131n\u201d misyonunu yerine getirdi.<\/p>\n<p>Ap\u00ea Musa, d\u00f6rt arkada\u015f\u0131yla birlikte etti\u011fi yemine hayat\u0131 boyunca sad\u0131k kald\u0131\u011f\u0131 i\u00e7in 20 Eyl\u00fcl 1992\u2019de kontrgerilla taraf\u0131ndan katledildi&#8230;<\/p>\n<p>Ap\u00ea Musa; bug\u00fcn, K\u00fcrt Halk\u0131 ad\u0131na kendinde konu\u015fma hakk\u0131 g\u00f6renlere, K\u00fcrt halk\u0131n\u0131n gelece\u011fiyle oynayanlara hala ayd\u0131n olmay\u0131 \u00f6\u011fretiyor&#8230; Bug\u00fcn kendine ayd\u0131n misyonu bi\u00e7enler Ap\u00ea Musa\u2019n\u0131n ki\u015fili\u011fine, halk\u0131na ba\u011fl\u0131l\u0131\u011f\u0131na, direngenli\u011fine ve onurlu ya\u015fam\u0131na bir kez daha d\u00f6n\u00fcp bakmal\u0131d\u0131r&#8230;<\/p>\n<p>KAYNAK\u00c7A:<\/p>\n<p>(1) Hat\u0131ralar\u0131m Musa Anter Sayfa 11<br \/>(2) Age Sayfa 189<br \/>(3) Age sayfa 60<br \/>(4) Age sayfa 9<br \/>(5) Age sayfa 237<br \/>(6) Age sayfa 244<\/p>\n<p>Tav\u0131r dergisi Eyl\u00fcl 2005 say\u0131s\u0131<br \/><strong>Deniz Engin<\/strong><\/p>\n<p>\u00a0<\/p>\n","protected":false},"excerpt":{"rendered":"<p>AP\u00ca MUSABir ezgi \u00e7al\u0131n\u0131r kula\u011f\u0131m\u0131za bazen. Anadolu ezgisidir. \u00c7alg\u0131lar\u0131yla, ritimleriyle Anadolu halklar\u0131n\u0131n o g\u00fczel duygular\u0131n\u0131 verir bize. Sesinde i\u00e7tenlik ve s\u0131cakl\u0131k olan bir ihtiyar, hik\u00e2ye anlat\u0131r gen\u00e7lere, o ezginin i\u00e7inden&#8230; Ap\u00ea Musa\u2019d\u0131r konu\u015fan. K\u00fcrt halk\u0131n\u0131n \u00f6zg\u00fcrl\u00fck m\u00fccadelesinde bir tu\u011fla olan, har\u00e7 olan Musa Anter\u2019dir. Bir g\u00fcn kontrgerilla taraf\u0131ndan Diyarbak\u0131r\u2019da katledilen Musa Anter&#8230; 78 [72] y\u0131ll\u0131k [&hellip;]<\/p>\n","protected":false},"author":1,"featured_media":0,"comment_status":"open","ping_status":"open","sticky":false,"template":"","format":"standard","meta":{"footnotes":""},"categories":[156],"tags":[],"class_list":{"0":"post-4700","1":"post","2":"type-post","3":"status-publish","4":"format-standard","6":"category-genel-tarih"},"yoast_head":"<!-- This site is optimized with the Yoast SEO Premium plugin v24.9 (Yoast SEO v24.9) - https:\/\/yoast.com\/wordpress\/plugins\/seo\/ -->\n<title>Ba\u015fta K\u00fcrt halk\u0131 olmak \u00fczere t\u00fcm halka yap\u0131lan bask\u0131lara ve zulme kar\u015f\u0131 geldi | Musa Anter ( Ap\u00ea Musa ) - Deniz Engin - narteks.net<\/title>\n<meta name=\"robots\" content=\"index, follow, max-snippet:-1, max-image-preview:large, max-video-preview:-1\" \/>\n<link rel=\"canonical\" href=\"https:\/\/narteks.net\/index.php\/2010\/09\/20\/basta-kurt-halki-olmak-uzere-tum-halka-yapilan-baskilara-ve-zulme-karsi-geldi-musa-anter-ape-musa-deniz-engin\/\" \/>\n<meta property=\"og:locale\" content=\"tr_TR\" \/>\n<meta property=\"og:type\" content=\"article\" \/>\n<meta property=\"og:title\" content=\"Ba\u015fta K\u00fcrt halk\u0131 olmak \u00fczere t\u00fcm halka yap\u0131lan bask\u0131lara ve zulme kar\u015f\u0131 geldi | Musa Anter ( Ap\u00ea Musa ) - Deniz Engin\" \/>\n<meta property=\"og:description\" content=\"AP\u00ca MUSABir ezgi \u00e7al\u0131n\u0131r kula\u011f\u0131m\u0131za bazen. Anadolu ezgisidir. \u00c7alg\u0131lar\u0131yla, ritimleriyle Anadolu halklar\u0131n\u0131n o g\u00fczel duygular\u0131n\u0131 verir bize. Sesinde i\u00e7tenlik ve s\u0131cakl\u0131k olan bir ihtiyar, hik\u00e2ye anlat\u0131r gen\u00e7lere, o ezginin i\u00e7inden&#8230; Ap\u00ea Musa\u2019d\u0131r konu\u015fan. K\u00fcrt halk\u0131n\u0131n \u00f6zg\u00fcrl\u00fck m\u00fccadelesinde bir tu\u011fla olan, har\u00e7 olan Musa Anter\u2019dir. Bir g\u00fcn kontrgerilla taraf\u0131ndan Diyarbak\u0131r\u2019da katledilen Musa Anter&#8230; 78 [72] y\u0131ll\u0131k [&hellip;]\" \/>\n<meta property=\"og:url\" content=\"https:\/\/narteks.net\/index.php\/2010\/09\/20\/basta-kurt-halki-olmak-uzere-tum-halka-yapilan-baskilara-ve-zulme-karsi-geldi-musa-anter-ape-musa-deniz-engin\/\" \/>\n<meta property=\"og:site_name\" content=\"narteks.net\" \/>\n<meta property=\"article:published_time\" content=\"2010-09-20T07:22:19+00:00\" \/>\n<meta property=\"og:image\" content=\"http:\/\/img.blogcu.com\/uploads\/zerdust_musa_anter_2.jpg\" \/>\n<meta name=\"author\" content=\"Tar\u0131k\" \/>\n<meta name=\"twitter:card\" content=\"summary_large_image\" \/>\n<meta name=\"twitter:creator\" content=\"@narteks\" \/>\n<meta name=\"twitter:site\" content=\"@narteks\" \/>\n<meta name=\"twitter:label1\" content=\"Yazan:\" \/>\n\t<meta name=\"twitter:data1\" content=\"Tar\u0131k\" \/>\n\t<meta name=\"twitter:label2\" content=\"Tahmini okuma s\u00fcresi\" \/>\n\t<meta name=\"twitter:data2\" content=\"8 dakika\" \/>\n<script type=\"application\/ld+json\" class=\"yoast-schema-graph\">{\"@context\":\"https:\/\/schema.org\",\"@graph\":[{\"@type\":\"Article\",\"@id\":\"https:\/\/narteks.net\/index.php\/2010\/09\/20\/basta-kurt-halki-olmak-uzere-tum-halka-yapilan-baskilara-ve-zulme-karsi-geldi-musa-anter-ape-musa-deniz-engin\/#article\",\"isPartOf\":{\"@id\":\"https:\/\/narteks.net\/index.php\/2010\/09\/20\/basta-kurt-halki-olmak-uzere-tum-halka-yapilan-baskilara-ve-zulme-karsi-geldi-musa-anter-ape-musa-deniz-engin\/\"},\"author\":{\"name\":\"Tar\u0131k\",\"@id\":\"https:\/\/narteks.net\/#\/schema\/person\/61f37d9834294b72d31d274e7ed79bca\"},\"headline\":\"Ba\u015fta K\u00fcrt halk\u0131 olmak \u00fczere t\u00fcm halka yap\u0131lan bask\u0131lara ve zulme kar\u015f\u0131 geldi | Musa Anter ( Ap\u00ea Musa ) &#8211; Deniz Engin\",\"datePublished\":\"2010-09-20T07:22:19+00:00\",\"mainEntityOfPage\":{\"@id\":\"https:\/\/narteks.net\/index.php\/2010\/09\/20\/basta-kurt-halki-olmak-uzere-tum-halka-yapilan-baskilara-ve-zulme-karsi-geldi-musa-anter-ape-musa-deniz-engin\/\"},\"wordCount\":1609,\"commentCount\":0,\"publisher\":{\"@id\":\"https:\/\/narteks.net\/#organization\"},\"image\":{\"@id\":\"https:\/\/narteks.net\/index.php\/2010\/09\/20\/basta-kurt-halki-olmak-uzere-tum-halka-yapilan-baskilara-ve-zulme-karsi-geldi-musa-anter-ape-musa-deniz-engin\/#primaryimage\"},\"thumbnailUrl\":\"http:\/\/img.blogcu.com\/uploads\/zerdust_musa_anter_2.jpg\",\"articleSection\":[\"Genel Tarih\"],\"inLanguage\":\"tr\",\"potentialAction\":[{\"@type\":\"CommentAction\",\"name\":\"Comment\",\"target\":[\"https:\/\/narteks.net\/index.php\/2010\/09\/20\/basta-kurt-halki-olmak-uzere-tum-halka-yapilan-baskilara-ve-zulme-karsi-geldi-musa-anter-ape-musa-deniz-engin\/#respond\"]}]},{\"@type\":\"WebPage\",\"@id\":\"https:\/\/narteks.net\/index.php\/2010\/09\/20\/basta-kurt-halki-olmak-uzere-tum-halka-yapilan-baskilara-ve-zulme-karsi-geldi-musa-anter-ape-musa-deniz-engin\/\",\"url\":\"https:\/\/narteks.net\/index.php\/2010\/09\/20\/basta-kurt-halki-olmak-uzere-tum-halka-yapilan-baskilara-ve-zulme-karsi-geldi-musa-anter-ape-musa-deniz-engin\/\",\"name\":\"Ba\u015fta K\u00fcrt halk\u0131 olmak \u00fczere t\u00fcm halka yap\u0131lan bask\u0131lara ve zulme kar\u015f\u0131 geldi | Musa Anter ( Ap\u00ea Musa ) - Deniz Engin - narteks.net\",\"isPartOf\":{\"@id\":\"https:\/\/narteks.net\/#website\"},\"primaryImageOfPage\":{\"@id\":\"https:\/\/narteks.net\/index.php\/2010\/09\/20\/basta-kurt-halki-olmak-uzere-tum-halka-yapilan-baskilara-ve-zulme-karsi-geldi-musa-anter-ape-musa-deniz-engin\/#primaryimage\"},\"image\":{\"@id\":\"https:\/\/narteks.net\/index.php\/2010\/09\/20\/basta-kurt-halki-olmak-uzere-tum-halka-yapilan-baskilara-ve-zulme-karsi-geldi-musa-anter-ape-musa-deniz-engin\/#primaryimage\"},\"thumbnailUrl\":\"http:\/\/img.blogcu.com\/uploads\/zerdust_musa_anter_2.jpg\",\"datePublished\":\"2010-09-20T07:22:19+00:00\",\"breadcrumb\":{\"@id\":\"https:\/\/narteks.net\/index.php\/2010\/09\/20\/basta-kurt-halki-olmak-uzere-tum-halka-yapilan-baskilara-ve-zulme-karsi-geldi-musa-anter-ape-musa-deniz-engin\/#breadcrumb\"},\"inLanguage\":\"tr\",\"potentialAction\":[{\"@type\":\"ReadAction\",\"target\":[\"https:\/\/narteks.net\/index.php\/2010\/09\/20\/basta-kurt-halki-olmak-uzere-tum-halka-yapilan-baskilara-ve-zulme-karsi-geldi-musa-anter-ape-musa-deniz-engin\/\"]}]},{\"@type\":\"ImageObject\",\"inLanguage\":\"tr\",\"@id\":\"https:\/\/narteks.net\/index.php\/2010\/09\/20\/basta-kurt-halki-olmak-uzere-tum-halka-yapilan-baskilara-ve-zulme-karsi-geldi-musa-anter-ape-musa-deniz-engin\/#primaryimage\",\"url\":\"http:\/\/img.blogcu.com\/uploads\/zerdust_musa_anter_2.jpg\",\"contentUrl\":\"http:\/\/img.blogcu.com\/uploads\/zerdust_musa_anter_2.jpg\"},{\"@type\":\"BreadcrumbList\",\"@id\":\"https:\/\/narteks.net\/index.php\/2010\/09\/20\/basta-kurt-halki-olmak-uzere-tum-halka-yapilan-baskilara-ve-zulme-karsi-geldi-musa-anter-ape-musa-deniz-engin\/#breadcrumb\",\"itemListElement\":[{\"@type\":\"ListItem\",\"position\":1,\"name\":\"Anasayfa\",\"item\":\"https:\/\/narteks.net\/\"},{\"@type\":\"ListItem\",\"position\":2,\"name\":\"Ba\u015fta K\u00fcrt halk\u0131 olmak \u00fczere t\u00fcm halka yap\u0131lan bask\u0131lara ve zulme kar\u015f\u0131 geldi | Musa Anter ( Ap\u00ea Musa ) &#8211; Deniz Engin\"}]},{\"@type\":\"WebSite\",\"@id\":\"https:\/\/narteks.net\/#website\",\"url\":\"https:\/\/narteks.net\/\",\"name\":\"narteks.net\",\"description\":\"K\u00fclt\u00fcr Sanat Edebiyat Felsefe\",\"publisher\":{\"@id\":\"https:\/\/narteks.net\/#organization\"},\"alternateName\":\"K\u00fclt\u00fcr Sanat Edebiyat Felsefe\",\"potentialAction\":[{\"@type\":\"SearchAction\",\"target\":{\"@type\":\"EntryPoint\",\"urlTemplate\":\"https:\/\/narteks.net\/?s={search_term_string}\"},\"query-input\":{\"@type\":\"PropertyValueSpecification\",\"valueRequired\":true,\"valueName\":\"search_term_string\"}}],\"inLanguage\":\"tr\"},{\"@type\":\"Organization\",\"@id\":\"https:\/\/narteks.net\/#organization\",\"name\":\"narteks.net\",\"url\":\"https:\/\/narteks.net\/\",\"logo\":{\"@type\":\"ImageObject\",\"inLanguage\":\"tr\",\"@id\":\"https:\/\/narteks.net\/#\/schema\/logo\/image\/\",\"url\":\"https:\/\/narteks.net\/wp-content\/uploads\/narteks.png\",\"contentUrl\":\"https:\/\/narteks.net\/wp-content\/uploads\/narteks.png\",\"width\":300,\"height\":90,\"caption\":\"narteks.net\"},\"image\":{\"@id\":\"https:\/\/narteks.net\/#\/schema\/logo\/image\/\"},\"sameAs\":[\"https:\/\/x.com\/narteks\",\"https:\/\/instagram.com\/narteksnet\"]},{\"@type\":\"Person\",\"@id\":\"https:\/\/narteks.net\/#\/schema\/person\/61f37d9834294b72d31d274e7ed79bca\",\"name\":\"Tar\u0131k\",\"image\":{\"@type\":\"ImageObject\",\"inLanguage\":\"tr\",\"@id\":\"https:\/\/narteks.net\/#\/schema\/person\/image\/\",\"url\":\"https:\/\/secure.gravatar.com\/avatar\/50865afb55632c4ae467e0af0930f6510aa2297d8014be502a55b14f3b7550cf?s=96&d=mm&r=g\",\"contentUrl\":\"https:\/\/secure.gravatar.com\/avatar\/50865afb55632c4ae467e0af0930f6510aa2297d8014be502a55b14f3b7550cf?s=96&d=mm&r=g\",\"caption\":\"Tar\u0131k\"},\"sameAs\":[\"http:\/\/narteks.net\"],\"url\":\"https:\/\/narteks.net\/index.php\/author\/narbak\/\"}]}<\/script>\n<!-- \/ Yoast SEO Premium plugin. -->","yoast_head_json":{"title":"Ba\u015fta K\u00fcrt halk\u0131 olmak \u00fczere t\u00fcm halka yap\u0131lan bask\u0131lara ve zulme kar\u015f\u0131 geldi | Musa Anter ( Ap\u00ea Musa ) - Deniz Engin - narteks.net","robots":{"index":"index","follow":"follow","max-snippet":"max-snippet:-1","max-image-preview":"max-image-preview:large","max-video-preview":"max-video-preview:-1"},"canonical":"https:\/\/narteks.net\/index.php\/2010\/09\/20\/basta-kurt-halki-olmak-uzere-tum-halka-yapilan-baskilara-ve-zulme-karsi-geldi-musa-anter-ape-musa-deniz-engin\/","og_locale":"tr_TR","og_type":"article","og_title":"Ba\u015fta K\u00fcrt halk\u0131 olmak \u00fczere t\u00fcm halka yap\u0131lan bask\u0131lara ve zulme kar\u015f\u0131 geldi | Musa Anter ( Ap\u00ea Musa ) - Deniz Engin","og_description":"AP\u00ca MUSABir ezgi \u00e7al\u0131n\u0131r kula\u011f\u0131m\u0131za bazen. Anadolu ezgisidir. \u00c7alg\u0131lar\u0131yla, ritimleriyle Anadolu halklar\u0131n\u0131n o g\u00fczel duygular\u0131n\u0131 verir bize. Sesinde i\u00e7tenlik ve s\u0131cakl\u0131k olan bir ihtiyar, hik\u00e2ye anlat\u0131r gen\u00e7lere, o ezginin i\u00e7inden&#8230; Ap\u00ea Musa\u2019d\u0131r konu\u015fan. K\u00fcrt halk\u0131n\u0131n \u00f6zg\u00fcrl\u00fck m\u00fccadelesinde bir tu\u011fla olan, har\u00e7 olan Musa Anter\u2019dir. Bir g\u00fcn kontrgerilla taraf\u0131ndan Diyarbak\u0131r\u2019da katledilen Musa Anter&#8230; 78 [72] y\u0131ll\u0131k [&hellip;]","og_url":"https:\/\/narteks.net\/index.php\/2010\/09\/20\/basta-kurt-halki-olmak-uzere-tum-halka-yapilan-baskilara-ve-zulme-karsi-geldi-musa-anter-ape-musa-deniz-engin\/","og_site_name":"narteks.net","article_published_time":"2010-09-20T07:22:19+00:00","og_image":[{"url":"http:\/\/img.blogcu.com\/uploads\/zerdust_musa_anter_2.jpg","type":"","width":"","height":""}],"author":"Tar\u0131k","twitter_card":"summary_large_image","twitter_creator":"@narteks","twitter_site":"@narteks","twitter_misc":{"Yazan:":"Tar\u0131k","Tahmini okuma s\u00fcresi":"8 dakika"},"schema":{"@context":"https:\/\/schema.org","@graph":[{"@type":"Article","@id":"https:\/\/narteks.net\/index.php\/2010\/09\/20\/basta-kurt-halki-olmak-uzere-tum-halka-yapilan-baskilara-ve-zulme-karsi-geldi-musa-anter-ape-musa-deniz-engin\/#article","isPartOf":{"@id":"https:\/\/narteks.net\/index.php\/2010\/09\/20\/basta-kurt-halki-olmak-uzere-tum-halka-yapilan-baskilara-ve-zulme-karsi-geldi-musa-anter-ape-musa-deniz-engin\/"},"author":{"name":"Tar\u0131k","@id":"https:\/\/narteks.net\/#\/schema\/person\/61f37d9834294b72d31d274e7ed79bca"},"headline":"Ba\u015fta K\u00fcrt halk\u0131 olmak \u00fczere t\u00fcm halka yap\u0131lan bask\u0131lara ve zulme kar\u015f\u0131 geldi | Musa Anter ( Ap\u00ea Musa ) &#8211; Deniz Engin","datePublished":"2010-09-20T07:22:19+00:00","mainEntityOfPage":{"@id":"https:\/\/narteks.net\/index.php\/2010\/09\/20\/basta-kurt-halki-olmak-uzere-tum-halka-yapilan-baskilara-ve-zulme-karsi-geldi-musa-anter-ape-musa-deniz-engin\/"},"wordCount":1609,"commentCount":0,"publisher":{"@id":"https:\/\/narteks.net\/#organization"},"image":{"@id":"https:\/\/narteks.net\/index.php\/2010\/09\/20\/basta-kurt-halki-olmak-uzere-tum-halka-yapilan-baskilara-ve-zulme-karsi-geldi-musa-anter-ape-musa-deniz-engin\/#primaryimage"},"thumbnailUrl":"http:\/\/img.blogcu.com\/uploads\/zerdust_musa_anter_2.jpg","articleSection":["Genel Tarih"],"inLanguage":"tr","potentialAction":[{"@type":"CommentAction","name":"Comment","target":["https:\/\/narteks.net\/index.php\/2010\/09\/20\/basta-kurt-halki-olmak-uzere-tum-halka-yapilan-baskilara-ve-zulme-karsi-geldi-musa-anter-ape-musa-deniz-engin\/#respond"]}]},{"@type":"WebPage","@id":"https:\/\/narteks.net\/index.php\/2010\/09\/20\/basta-kurt-halki-olmak-uzere-tum-halka-yapilan-baskilara-ve-zulme-karsi-geldi-musa-anter-ape-musa-deniz-engin\/","url":"https:\/\/narteks.net\/index.php\/2010\/09\/20\/basta-kurt-halki-olmak-uzere-tum-halka-yapilan-baskilara-ve-zulme-karsi-geldi-musa-anter-ape-musa-deniz-engin\/","name":"Ba\u015fta K\u00fcrt halk\u0131 olmak \u00fczere t\u00fcm halka yap\u0131lan bask\u0131lara ve zulme kar\u015f\u0131 geldi | Musa Anter ( Ap\u00ea Musa ) - Deniz Engin - narteks.net","isPartOf":{"@id":"https:\/\/narteks.net\/#website"},"primaryImageOfPage":{"@id":"https:\/\/narteks.net\/index.php\/2010\/09\/20\/basta-kurt-halki-olmak-uzere-tum-halka-yapilan-baskilara-ve-zulme-karsi-geldi-musa-anter-ape-musa-deniz-engin\/#primaryimage"},"image":{"@id":"https:\/\/narteks.net\/index.php\/2010\/09\/20\/basta-kurt-halki-olmak-uzere-tum-halka-yapilan-baskilara-ve-zulme-karsi-geldi-musa-anter-ape-musa-deniz-engin\/#primaryimage"},"thumbnailUrl":"http:\/\/img.blogcu.com\/uploads\/zerdust_musa_anter_2.jpg","datePublished":"2010-09-20T07:22:19+00:00","breadcrumb":{"@id":"https:\/\/narteks.net\/index.php\/2010\/09\/20\/basta-kurt-halki-olmak-uzere-tum-halka-yapilan-baskilara-ve-zulme-karsi-geldi-musa-anter-ape-musa-deniz-engin\/#breadcrumb"},"inLanguage":"tr","potentialAction":[{"@type":"ReadAction","target":["https:\/\/narteks.net\/index.php\/2010\/09\/20\/basta-kurt-halki-olmak-uzere-tum-halka-yapilan-baskilara-ve-zulme-karsi-geldi-musa-anter-ape-musa-deniz-engin\/"]}]},{"@type":"ImageObject","inLanguage":"tr","@id":"https:\/\/narteks.net\/index.php\/2010\/09\/20\/basta-kurt-halki-olmak-uzere-tum-halka-yapilan-baskilara-ve-zulme-karsi-geldi-musa-anter-ape-musa-deniz-engin\/#primaryimage","url":"http:\/\/img.blogcu.com\/uploads\/zerdust_musa_anter_2.jpg","contentUrl":"http:\/\/img.blogcu.com\/uploads\/zerdust_musa_anter_2.jpg"},{"@type":"BreadcrumbList","@id":"https:\/\/narteks.net\/index.php\/2010\/09\/20\/basta-kurt-halki-olmak-uzere-tum-halka-yapilan-baskilara-ve-zulme-karsi-geldi-musa-anter-ape-musa-deniz-engin\/#breadcrumb","itemListElement":[{"@type":"ListItem","position":1,"name":"Anasayfa","item":"https:\/\/narteks.net\/"},{"@type":"ListItem","position":2,"name":"Ba\u015fta K\u00fcrt halk\u0131 olmak \u00fczere t\u00fcm halka yap\u0131lan bask\u0131lara ve zulme kar\u015f\u0131 geldi | Musa Anter ( Ap\u00ea Musa ) &#8211; Deniz Engin"}]},{"@type":"WebSite","@id":"https:\/\/narteks.net\/#website","url":"https:\/\/narteks.net\/","name":"narteks.net","description":"K\u00fclt\u00fcr Sanat Edebiyat Felsefe","publisher":{"@id":"https:\/\/narteks.net\/#organization"},"alternateName":"K\u00fclt\u00fcr Sanat Edebiyat Felsefe","potentialAction":[{"@type":"SearchAction","target":{"@type":"EntryPoint","urlTemplate":"https:\/\/narteks.net\/?s={search_term_string}"},"query-input":{"@type":"PropertyValueSpecification","valueRequired":true,"valueName":"search_term_string"}}],"inLanguage":"tr"},{"@type":"Organization","@id":"https:\/\/narteks.net\/#organization","name":"narteks.net","url":"https:\/\/narteks.net\/","logo":{"@type":"ImageObject","inLanguage":"tr","@id":"https:\/\/narteks.net\/#\/schema\/logo\/image\/","url":"https:\/\/narteks.net\/wp-content\/uploads\/narteks.png","contentUrl":"https:\/\/narteks.net\/wp-content\/uploads\/narteks.png","width":300,"height":90,"caption":"narteks.net"},"image":{"@id":"https:\/\/narteks.net\/#\/schema\/logo\/image\/"},"sameAs":["https:\/\/x.com\/narteks","https:\/\/instagram.com\/narteksnet"]},{"@type":"Person","@id":"https:\/\/narteks.net\/#\/schema\/person\/61f37d9834294b72d31d274e7ed79bca","name":"Tar\u0131k","image":{"@type":"ImageObject","inLanguage":"tr","@id":"https:\/\/narteks.net\/#\/schema\/person\/image\/","url":"https:\/\/secure.gravatar.com\/avatar\/50865afb55632c4ae467e0af0930f6510aa2297d8014be502a55b14f3b7550cf?s=96&d=mm&r=g","contentUrl":"https:\/\/secure.gravatar.com\/avatar\/50865afb55632c4ae467e0af0930f6510aa2297d8014be502a55b14f3b7550cf?s=96&d=mm&r=g","caption":"Tar\u0131k"},"sameAs":["http:\/\/narteks.net"],"url":"https:\/\/narteks.net\/index.php\/author\/narbak\/"}]}},"_links":{"self":[{"href":"https:\/\/narteks.net\/index.php\/wp-json\/wp\/v2\/posts\/4700","targetHints":{"allow":["GET"]}}],"collection":[{"href":"https:\/\/narteks.net\/index.php\/wp-json\/wp\/v2\/posts"}],"about":[{"href":"https:\/\/narteks.net\/index.php\/wp-json\/wp\/v2\/types\/post"}],"author":[{"embeddable":true,"href":"https:\/\/narteks.net\/index.php\/wp-json\/wp\/v2\/users\/1"}],"replies":[{"embeddable":true,"href":"https:\/\/narteks.net\/index.php\/wp-json\/wp\/v2\/comments?post=4700"}],"version-history":[{"count":0,"href":"https:\/\/narteks.net\/index.php\/wp-json\/wp\/v2\/posts\/4700\/revisions"}],"wp:attachment":[{"href":"https:\/\/narteks.net\/index.php\/wp-json\/wp\/v2\/media?parent=4700"}],"wp:term":[{"taxonomy":"category","embeddable":true,"href":"https:\/\/narteks.net\/index.php\/wp-json\/wp\/v2\/categories?post=4700"},{"taxonomy":"post_tag","embeddable":true,"href":"https:\/\/narteks.net\/index.php\/wp-json\/wp\/v2\/tags?post=4700"}],"curies":[{"name":"wp","href":"https:\/\/api.w.org\/{rel}","templated":true}]}}