{"id":4702,"date":"2010-09-22T10:27:04","date_gmt":"2010-09-22T07:27:04","guid":{"rendered":"http:\/\/localhost\/wordpress\/2010\/09\/22\/fakat-ben-bu-ruh-dan-bezdim-ve-goruyorum-ki-o-da-kendinden-bezecek-friedrich-nietzsche\/"},"modified":"2010-09-22T10:27:04","modified_gmt":"2010-09-22T07:27:04","slug":"fakat-ben-bu-ruh-dan-bezdim-ve-goruyorum-ki-o-da-kendinden-bezecek-friedrich-nietzsche","status":"publish","type":"post","link":"https:\/\/narteks.net\/index.php\/2010\/09\/22\/fakat-ben-bu-ruh-dan-bezdim-ve-goruyorum-ki-o-da-kendinden-bezecek-friedrich-nietzsche\/","title":{"rendered":"Fakat ben, bu ruh dan bezdim. Ve g\u00f6r\u00fcyorum ki o da kendinden bezecek | Friedrich Nietzsche"},"content":{"rendered":"<p style=\"text-align: justify;\"><img loading=\"lazy\" decoding=\"async\" src=\"http:\/\/img03.blogcu.com\/images\/g\/i\/z\/gizemmelek\/abd8f10d02b242473e67b1ff48f8a0ae_1279726642.jpg\" border=\"0\" width=\"155\" height=\"205\" style=\"float: left;\" \/>Zerd\u00fc\u015ft havarilerinden birine \u015f\u00f6yle diyordu: &#8220;Bedeni daha iyi tan\u0131yal\u0131 beri ruhun bence ehemmiyeti kalmad\u0131. Ve &#8221;ebedi&#8221;<br \/>denen her \u015fey bir sembolden ibaret.&#8221;<\/p>\n<p>Havari cevap verdi: &#8220;Evvelce de b\u00f6yle bir \u015fey s\u00f6ylemi\u015ftin.Fakat \u015fairler \u00e7ok yalan s\u00f6ylerler diye ilave etmi\u015ftin. Bunu<br \/>neden demi\u015ftin.&#8221;<\/p>\n<p>Zerd\u00fc\u015ft, &#8220;neden diye soruyorsun&#8221; dedi. &#8220;Ben o adamlardan\u0131m ki onlara neden diye sual sorulmaz. Ben bunlar\u0131 hen\u00fcz d\u00fcn m\u00fc ya\u015fad\u0131m. Fikirlerimin sebeplerini ya\u015fayal\u0131 beri hayli zaman ge\u00e7ti. E\u011fer sebeplerimi de yan\u0131mda ta\u015f\u0131mam gerekseydi benim bir haf\u0131za ambar\u0131 olmam laz\u0131m de\u011fil miydi? Fikirlerimi kendim i\u00e7in saklamam bile bana fazla geliyor.<\/p>\n<p style=\"text-align: justify;\">Ve nice ku\u015flar u\u00e7up gidiyorlar. Bazen g\u00fcvercinli\u011fime yabanc\u0131 ve elimle dokundu\u011fum zaman titreyen bir ku\u015fun s\u0131\u011f\u0131nd\u0131\u011f\u0131n\u0131 g\u00f6r\u00fcr\u00fcm.Fakat Zerd\u00fc\u015ft sana bir zaman ne diyordu? \u015eairlerin \u00e7ok yalan s\u00f6yledi\u011fini mi? Fakat Zerd\u00fc\u015ft de bir \u015fairdir. Onun bu i\u015fte hakikati s\u00f6yledi\u011fine inan\u0131yor musun? Neden inan\u0131yorsun?&#8221;Havari cevap verdi: &#8220;Ben Zerd\u00fc\u015ft&#8221;e inan\u0131r\u0131m.&#8221;<\/p>\n<p>Zerd\u00fc\u015ft ba\u015f\u0131n\u0131 sallad\u0131 ve g\u00fcl\u00fcmsedi.<br \/>&#8220;\u0130nanman, hele bana inanman, beni mesut etmez.Fakat, birisi ciddiyetle, \u015fairler \u00e7ok yalan s\u00f6ylerler diyorsa hakl\u0131d\u0131r. Biz \u00e7ok yalan s\u00f6yleriz.Biz pek az \u015fey biliriz. Ve g\u00fc\u00e7 \u00f6\u011freniriz. Onun i\u00e7in yalan s\u00f6ylemeye mecburuz.Biz \u015fairlerden, \u015farab\u0131n\u0131 ta\u011f\u015fi\u015f etmeyen kim var?Kilerimizde nice zehirli kar\u0131\u015f\u0131mlar yapt\u0131k. Tarif edilmez nice i\u015fler yapt\u0131k.\u00c7ok az \u015fey bildi\u011fimiz i\u00e7in ruh\u00e7a z\u00fc\u011f\u00fcrt olanlar ho\u015fumuza gider.<\/p>\n<p>Hele kad\u0131nlar!<br \/>Hatta ihtiyar kad\u0131nlar\u0131n ak\u015famlar\u0131 anlatt\u0131klar\u0131 masallara bile hasret duyar\u0131z. Ve kendimizce buna &#8220;ebedi karanl\u0131k&#8221; deriz.Sanki hususi ve mahrem bir kap\u0131 varm\u0131\u015f da \u00f6\u011frenmek isteyenlere oradan bilgi da\u011f\u0131t\u0131l\u0131yormu\u015f gibi, halka ve onun vecizelerine inan\u0131r\u0131z.<br \/>\u00c7ay\u0131rda veya m\u00fcnzevi tepelerde yat\u0131p kulaklar\u0131n\u0131 diken herkesin g\u00f6kle yer aras\u0131ndaki \u015feylerin baz\u0131lar\u0131na agah olabilece\u011fine b\u00fct\u00fcn \u015fairler inan\u0131r.Ve \u015fairler kendilerine nermin heyecanlar gelince bizzat tabiat\u0131n kendilerine a\u015f\u0131k oldu\u011funu ve tabiat\u0131n kulaklar\u0131na gizlice ok\u015fay\u0131c\u0131 s\u00f6zler f\u0131s\u0131ldad\u0131\u011f\u0131n\u0131 duyarlar ve faniler \u00f6n\u00fcnde bununla g\u00f6\u011f\u00fcs kabart\u0131rlar.<\/p>\n<p>Ah yerle g\u00f6k aras\u0131nda o kadar \u00e7ok \u015fey var ki bunlar\u0131 ancak \u015fairler tahayy\u00fcl edebilir. Hele tanr\u0131 hakk\u0131nda. \u00c7\u00fcnk\u00fc b\u00fct\u00fcn ilahlar \u015fair sembolleri ve \u015fair uydurmalar\u0131d\u0131r.Ger\u00e7ekten, daima g\u00f6klere yeni bulutlar\u0131n alemine y\u00fckseliriz bu bulutlar\u0131n \u00fcst\u00fcne alaca k\u00f6r\u00fcklerimizi kurar\u0131z. Ve sonra onlara tanr\u0131lar ve \u00fcst insanlar deriz.Onlar ancak bu iskemlelere oturabilecek kadar yufkad\u0131rlar. B\u00fct\u00fcn o \u015fairler ve \u00fcst insanlar!<\/p>\n<p>Ah, ola\u011fan\u00fcst\u00fc bir \u015feymi\u015f gibi g\u00f6r\u00fcnmek isteyen b\u00fct\u00fcn bu acizlerden ne b\u0131kk\u0131n\u0131m! Ah b\u00fct\u00fcn \u015fairlerde ne bezginim.&#8221;Zerd\u00fc\u015ft b\u00f6yle deyince \u00e7\u00f6mezi ona k\u0131zd\u0131. Fakat sustu. Zerd\u00fc\u015ft de sustu. Ve g\u00f6zleri sanki \u00e7ok uzaklara bak\u0131yormu\u015f gibi i\u00e7ine y\u00f6neldi. Nihayet i\u00e7ini \u00e7ekti ve nefes ald\u0131. Ve \u015f\u00f6yle dedi:&#8221;Ben bug\u00fcn\u00fcn ve d\u00fcn\u00fcn eseriyim. Fakat i\u00e7imde bir \u015fey var ki,yar\u0131n\u0131n, yar\u0131ndan sonran\u0131n ve daha uzak bir istikbalindir. Ben eski ve yeni \u015fairlerden bezginim. Bence hepsi sathidirler. Ve s\u0131\u011f sulard\u0131r. Derinlere dalamam\u0131\u015flard\u0131r. Onun i\u00e7in duygular\u0131 dibe n\u00fcfuz edememi\u015ftir.Biraz \u015fehvet biraz can s\u0131k\u0131nt\u0131s\u0131. Onlar\u0131n en \u00e7ok d\u00fc\u015f\u00fcnd\u00fc\u011f\u00fc bu idi.Onlar\u0131n saz t\u0131ng\u0131rt\u0131lar\u0131 bir hayaletin h\u0131\u015f\u0131rt\u0131lar\u0131d\u0131r. Seslerin i\u00e7lili\u011finden ne anl\u0131yorlard\u0131?<\/p>\n<p>Onlar temiz de de\u011fillerdi. Derin g\u00f6r\u00fcns\u00fcn diye b\u00fct\u00fcn sular\u0131n\u0131 buland\u0131rm\u0131\u015flard\u0131r. Ve b\u00f6ylelikle bar\u0131\u015ft\u0131r\u0131c\u0131 g\u00f6r\u00fcnmek istediler.Fakat bence arac\u0131, kar\u0131\u015ft\u0131r\u0131c\u0131d\u0131rlar. Yar\u0131m ve pistirler.Ah, ben a\u011f\u0131m\u0131 onlar\u0131n denizlerine dald\u0131rd\u0131m ve bal\u0131k avlamak istedim. Fakat daima eski bir tanr\u0131n\u0131n ba\u015f\u0131n\u0131 \u00e7ektim.B\u00f6ylece deniz ancak bir ta\u015f vermi\u015f oldu. Bizzat onlar da denizden gelmi\u015f olabilirler.Tabii i\u00e7lerinde inci vard\u0131r. Fakat kabuklu hayvanlara o nispette benzerler.<\/p>\n<p>Ve kendilerinde ruh yerine ekseriya tuzlu bir s\u00fcm\u00fck buldum.Onlar denizden gurur da \u00f6\u011frenmi\u015flerdir. Deniz tavus ku\u015flar\u0131n\u0131n en g\u00fczeli de\u011fil mi? Tavus en \u00e7irkin bir manda kar\u015f\u0131s\u0131nda bile kuyru\u011funu a\u00e7ar g\u00fcm\u00fc\u015ften ve ipekten kanatlar\u0131ndan hi\u00e7 b\u0131kk\u0131nl\u0131k g\u00f6stermez.<\/p>\n<p>Manda hayretle bunu seyreder. Ruhunda kuma yak\u0131n, sazl\u0131klara daha yak\u0131n, bata\u011fa en yak\u0131n olarak.Mandaya g\u00fczellikten, denizden ve tavus s\u00fcs\u00fcnden ne? \u015eairlere bu sembol\u00fc s\u00f6ylerim.Ger\u00e7ekten, onlar\u0131n ruhlar\u0131 tavuslar\u0131n tavusudur ve bir kibir denizidir.\u015eairin ruhu seyirci ister. \u0130sterse seyirci manda olsun.Fakat ben, bu ruh dan bezdim. Ve g\u00f6r\u00fcyorum ki o da kendinden bezecek.Ben \u015fairleri de\u011fi\u015fmi\u015f ve bak\u0131\u015flar\u0131 kendilerine y\u00f6nelmi\u015f g\u00f6r\u00fcyorum.Ruh t\u00f6vbekarl\u0131\u011f\u0131n\u0131n geldi\u011fini g\u00f6r\u00fcyorum. Bunlar onlardan meydana gelmi\u015ftir&#8230;Zerd\u00fc\u015ft b\u00f6yle dedi.<\/p>\n<p style=\"text-align: justify;\">\u00a0<\/p>\n<p style=\"text-align: justify;\">B\u00d6YLE BUYURDU ZERD\u00dc\u015eT&#8221;den<br \/>Friedrich Nietzsche<\/p>\n","protected":false},"excerpt":{"rendered":"<p>Zerd\u00fc\u015ft havarilerinden birine \u015f\u00f6yle diyordu: &#8220;Bedeni daha iyi tan\u0131yal\u0131 beri ruhun bence ehemmiyeti kalmad\u0131. Ve &#8221;ebedi&#8221;denen her \u015fey bir sembolden ibaret.&#8221; Havari cevap verdi: &#8220;Evvelce de b\u00f6yle bir \u015fey s\u00f6ylemi\u015ftin.Fakat \u015fairler \u00e7ok yalan s\u00f6ylerler diye ilave etmi\u015ftin. Bununeden demi\u015ftin.&#8221; Zerd\u00fc\u015ft, &#8220;neden diye soruyorsun&#8221; dedi. &#8220;Ben o adamlardan\u0131m ki onlara neden diye sual sorulmaz. Ben bunlar\u0131 [&hellip;]<\/p>\n","protected":false},"author":1,"featured_media":0,"comment_status":"open","ping_status":"open","sticky":false,"template":"","format":"standard","meta":{"footnotes":""},"categories":[73],"tags":[],"class_list":{"0":"post-4702","1":"post","2":"type-post","3":"status-publish","4":"format-standard","6":"category-friedrich-wilhelm-nietzsche"},"yoast_head":"<!-- This site is optimized with the Yoast SEO Premium plugin v24.9 (Yoast SEO v24.9) - https:\/\/yoast.com\/wordpress\/plugins\/seo\/ -->\n<title>Fakat ben, bu ruh dan bezdim. Ve g\u00f6r\u00fcyorum ki o da kendinden bezecek | Friedrich Nietzsche - narteks.net<\/title>\n<meta name=\"robots\" content=\"index, follow, max-snippet:-1, max-image-preview:large, max-video-preview:-1\" \/>\n<link rel=\"canonical\" href=\"https:\/\/narteks.net\/index.php\/2010\/09\/22\/fakat-ben-bu-ruh-dan-bezdim-ve-goruyorum-ki-o-da-kendinden-bezecek-friedrich-nietzsche\/\" \/>\n<meta property=\"og:locale\" content=\"tr_TR\" \/>\n<meta property=\"og:type\" content=\"article\" \/>\n<meta property=\"og:title\" content=\"Fakat ben, bu ruh dan bezdim. Ve g\u00f6r\u00fcyorum ki o da kendinden bezecek | Friedrich Nietzsche\" \/>\n<meta property=\"og:description\" content=\"Zerd\u00fc\u015ft havarilerinden birine \u015f\u00f6yle diyordu: &#8220;Bedeni daha iyi tan\u0131yal\u0131 beri ruhun bence ehemmiyeti kalmad\u0131. Ve &#8221;ebedi&#8221;denen her \u015fey bir sembolden ibaret.&#8221; Havari cevap verdi: &#8220;Evvelce de b\u00f6yle bir \u015fey s\u00f6ylemi\u015ftin.Fakat \u015fairler \u00e7ok yalan s\u00f6ylerler diye ilave etmi\u015ftin. Bununeden demi\u015ftin.&#8221; Zerd\u00fc\u015ft, &#8220;neden diye soruyorsun&#8221; dedi. &#8220;Ben o adamlardan\u0131m ki onlara neden diye sual sorulmaz. Ben bunlar\u0131 [&hellip;]\" \/>\n<meta property=\"og:url\" content=\"https:\/\/narteks.net\/index.php\/2010\/09\/22\/fakat-ben-bu-ruh-dan-bezdim-ve-goruyorum-ki-o-da-kendinden-bezecek-friedrich-nietzsche\/\" \/>\n<meta property=\"og:site_name\" content=\"narteks.net\" \/>\n<meta property=\"article:published_time\" content=\"2010-09-22T07:27:04+00:00\" \/>\n<meta property=\"og:image\" content=\"http:\/\/img03.blogcu.com\/images\/g\/i\/z\/gizemmelek\/abd8f10d02b242473e67b1ff48f8a0ae_1279726642.jpg\" \/>\n<meta name=\"author\" content=\"Tar\u0131k\" \/>\n<meta name=\"twitter:card\" content=\"summary_large_image\" \/>\n<meta name=\"twitter:creator\" content=\"@narteks\" \/>\n<meta name=\"twitter:site\" content=\"@narteks\" \/>\n<meta name=\"twitter:label1\" content=\"Yazan:\" \/>\n\t<meta name=\"twitter:data1\" content=\"Tar\u0131k\" \/>\n\t<meta name=\"twitter:label2\" content=\"Tahmini okuma s\u00fcresi\" \/>\n\t<meta name=\"twitter:data2\" content=\"4 dakika\" \/>\n<script type=\"application\/ld+json\" class=\"yoast-schema-graph\">{\"@context\":\"https:\/\/schema.org\",\"@graph\":[{\"@type\":\"Article\",\"@id\":\"https:\/\/narteks.net\/index.php\/2010\/09\/22\/fakat-ben-bu-ruh-dan-bezdim-ve-goruyorum-ki-o-da-kendinden-bezecek-friedrich-nietzsche\/#article\",\"isPartOf\":{\"@id\":\"https:\/\/narteks.net\/index.php\/2010\/09\/22\/fakat-ben-bu-ruh-dan-bezdim-ve-goruyorum-ki-o-da-kendinden-bezecek-friedrich-nietzsche\/\"},\"author\":{\"name\":\"Tar\u0131k\",\"@id\":\"https:\/\/narteks.net\/#\/schema\/person\/61f37d9834294b72d31d274e7ed79bca\"},\"headline\":\"Fakat ben, bu ruh dan bezdim. Ve g\u00f6r\u00fcyorum ki o da kendinden bezecek | Friedrich Nietzsche\",\"datePublished\":\"2010-09-22T07:27:04+00:00\",\"mainEntityOfPage\":{\"@id\":\"https:\/\/narteks.net\/index.php\/2010\/09\/22\/fakat-ben-bu-ruh-dan-bezdim-ve-goruyorum-ki-o-da-kendinden-bezecek-friedrich-nietzsche\/\"},\"wordCount\":902,\"commentCount\":0,\"publisher\":{\"@id\":\"https:\/\/narteks.net\/#organization\"},\"image\":{\"@id\":\"https:\/\/narteks.net\/index.php\/2010\/09\/22\/fakat-ben-bu-ruh-dan-bezdim-ve-goruyorum-ki-o-da-kendinden-bezecek-friedrich-nietzsche\/#primaryimage\"},\"thumbnailUrl\":\"http:\/\/img03.blogcu.com\/images\/g\/i\/z\/gizemmelek\/abd8f10d02b242473e67b1ff48f8a0ae_1279726642.jpg\",\"articleSection\":[\"Friedrich Wilhelm N\u0130ETZSCHE\"],\"inLanguage\":\"tr\",\"potentialAction\":[{\"@type\":\"CommentAction\",\"name\":\"Comment\",\"target\":[\"https:\/\/narteks.net\/index.php\/2010\/09\/22\/fakat-ben-bu-ruh-dan-bezdim-ve-goruyorum-ki-o-da-kendinden-bezecek-friedrich-nietzsche\/#respond\"]}]},{\"@type\":\"WebPage\",\"@id\":\"https:\/\/narteks.net\/index.php\/2010\/09\/22\/fakat-ben-bu-ruh-dan-bezdim-ve-goruyorum-ki-o-da-kendinden-bezecek-friedrich-nietzsche\/\",\"url\":\"https:\/\/narteks.net\/index.php\/2010\/09\/22\/fakat-ben-bu-ruh-dan-bezdim-ve-goruyorum-ki-o-da-kendinden-bezecek-friedrich-nietzsche\/\",\"name\":\"Fakat ben, bu ruh dan bezdim. Ve g\u00f6r\u00fcyorum ki o da kendinden bezecek | Friedrich Nietzsche - narteks.net\",\"isPartOf\":{\"@id\":\"https:\/\/narteks.net\/#website\"},\"primaryImageOfPage\":{\"@id\":\"https:\/\/narteks.net\/index.php\/2010\/09\/22\/fakat-ben-bu-ruh-dan-bezdim-ve-goruyorum-ki-o-da-kendinden-bezecek-friedrich-nietzsche\/#primaryimage\"},\"image\":{\"@id\":\"https:\/\/narteks.net\/index.php\/2010\/09\/22\/fakat-ben-bu-ruh-dan-bezdim-ve-goruyorum-ki-o-da-kendinden-bezecek-friedrich-nietzsche\/#primaryimage\"},\"thumbnailUrl\":\"http:\/\/img03.blogcu.com\/images\/g\/i\/z\/gizemmelek\/abd8f10d02b242473e67b1ff48f8a0ae_1279726642.jpg\",\"datePublished\":\"2010-09-22T07:27:04+00:00\",\"breadcrumb\":{\"@id\":\"https:\/\/narteks.net\/index.php\/2010\/09\/22\/fakat-ben-bu-ruh-dan-bezdim-ve-goruyorum-ki-o-da-kendinden-bezecek-friedrich-nietzsche\/#breadcrumb\"},\"inLanguage\":\"tr\",\"potentialAction\":[{\"@type\":\"ReadAction\",\"target\":[\"https:\/\/narteks.net\/index.php\/2010\/09\/22\/fakat-ben-bu-ruh-dan-bezdim-ve-goruyorum-ki-o-da-kendinden-bezecek-friedrich-nietzsche\/\"]}]},{\"@type\":\"ImageObject\",\"inLanguage\":\"tr\",\"@id\":\"https:\/\/narteks.net\/index.php\/2010\/09\/22\/fakat-ben-bu-ruh-dan-bezdim-ve-goruyorum-ki-o-da-kendinden-bezecek-friedrich-nietzsche\/#primaryimage\",\"url\":\"http:\/\/img03.blogcu.com\/images\/g\/i\/z\/gizemmelek\/abd8f10d02b242473e67b1ff48f8a0ae_1279726642.jpg\",\"contentUrl\":\"http:\/\/img03.blogcu.com\/images\/g\/i\/z\/gizemmelek\/abd8f10d02b242473e67b1ff48f8a0ae_1279726642.jpg\"},{\"@type\":\"BreadcrumbList\",\"@id\":\"https:\/\/narteks.net\/index.php\/2010\/09\/22\/fakat-ben-bu-ruh-dan-bezdim-ve-goruyorum-ki-o-da-kendinden-bezecek-friedrich-nietzsche\/#breadcrumb\",\"itemListElement\":[{\"@type\":\"ListItem\",\"position\":1,\"name\":\"Anasayfa\",\"item\":\"https:\/\/narteks.net\/\"},{\"@type\":\"ListItem\",\"position\":2,\"name\":\"Fakat ben, bu ruh dan bezdim. Ve g\u00f6r\u00fcyorum ki o da kendinden bezecek | Friedrich Nietzsche\"}]},{\"@type\":\"WebSite\",\"@id\":\"https:\/\/narteks.net\/#website\",\"url\":\"https:\/\/narteks.net\/\",\"name\":\"narteks.net\",\"description\":\"K\u00fclt\u00fcr Sanat Edebiyat Felsefe\",\"publisher\":{\"@id\":\"https:\/\/narteks.net\/#organization\"},\"alternateName\":\"K\u00fclt\u00fcr Sanat Edebiyat Felsefe\",\"potentialAction\":[{\"@type\":\"SearchAction\",\"target\":{\"@type\":\"EntryPoint\",\"urlTemplate\":\"https:\/\/narteks.net\/?s={search_term_string}\"},\"query-input\":{\"@type\":\"PropertyValueSpecification\",\"valueRequired\":true,\"valueName\":\"search_term_string\"}}],\"inLanguage\":\"tr\"},{\"@type\":\"Organization\",\"@id\":\"https:\/\/narteks.net\/#organization\",\"name\":\"narteks.net\",\"url\":\"https:\/\/narteks.net\/\",\"logo\":{\"@type\":\"ImageObject\",\"inLanguage\":\"tr\",\"@id\":\"https:\/\/narteks.net\/#\/schema\/logo\/image\/\",\"url\":\"https:\/\/narteks.net\/wp-content\/uploads\/narteks.png\",\"contentUrl\":\"https:\/\/narteks.net\/wp-content\/uploads\/narteks.png\",\"width\":300,\"height\":90,\"caption\":\"narteks.net\"},\"image\":{\"@id\":\"https:\/\/narteks.net\/#\/schema\/logo\/image\/\"},\"sameAs\":[\"https:\/\/x.com\/narteks\",\"https:\/\/instagram.com\/narteksnet\"]},{\"@type\":\"Person\",\"@id\":\"https:\/\/narteks.net\/#\/schema\/person\/61f37d9834294b72d31d274e7ed79bca\",\"name\":\"Tar\u0131k\",\"image\":{\"@type\":\"ImageObject\",\"inLanguage\":\"tr\",\"@id\":\"https:\/\/narteks.net\/#\/schema\/person\/image\/\",\"url\":\"https:\/\/secure.gravatar.com\/avatar\/50865afb55632c4ae467e0af0930f6510aa2297d8014be502a55b14f3b7550cf?s=96&d=mm&r=g\",\"contentUrl\":\"https:\/\/secure.gravatar.com\/avatar\/50865afb55632c4ae467e0af0930f6510aa2297d8014be502a55b14f3b7550cf?s=96&d=mm&r=g\",\"caption\":\"Tar\u0131k\"},\"sameAs\":[\"http:\/\/narteks.net\"],\"url\":\"https:\/\/narteks.net\/index.php\/author\/narbak\/\"}]}<\/script>\n<!-- \/ Yoast SEO Premium plugin. -->","yoast_head_json":{"title":"Fakat ben, bu ruh dan bezdim. Ve g\u00f6r\u00fcyorum ki o da kendinden bezecek | Friedrich Nietzsche - narteks.net","robots":{"index":"index","follow":"follow","max-snippet":"max-snippet:-1","max-image-preview":"max-image-preview:large","max-video-preview":"max-video-preview:-1"},"canonical":"https:\/\/narteks.net\/index.php\/2010\/09\/22\/fakat-ben-bu-ruh-dan-bezdim-ve-goruyorum-ki-o-da-kendinden-bezecek-friedrich-nietzsche\/","og_locale":"tr_TR","og_type":"article","og_title":"Fakat ben, bu ruh dan bezdim. Ve g\u00f6r\u00fcyorum ki o da kendinden bezecek | Friedrich Nietzsche","og_description":"Zerd\u00fc\u015ft havarilerinden birine \u015f\u00f6yle diyordu: &#8220;Bedeni daha iyi tan\u0131yal\u0131 beri ruhun bence ehemmiyeti kalmad\u0131. Ve &#8221;ebedi&#8221;denen her \u015fey bir sembolden ibaret.&#8221; Havari cevap verdi: &#8220;Evvelce de b\u00f6yle bir \u015fey s\u00f6ylemi\u015ftin.Fakat \u015fairler \u00e7ok yalan s\u00f6ylerler diye ilave etmi\u015ftin. Bununeden demi\u015ftin.&#8221; Zerd\u00fc\u015ft, &#8220;neden diye soruyorsun&#8221; dedi. &#8220;Ben o adamlardan\u0131m ki onlara neden diye sual sorulmaz. Ben bunlar\u0131 [&hellip;]","og_url":"https:\/\/narteks.net\/index.php\/2010\/09\/22\/fakat-ben-bu-ruh-dan-bezdim-ve-goruyorum-ki-o-da-kendinden-bezecek-friedrich-nietzsche\/","og_site_name":"narteks.net","article_published_time":"2010-09-22T07:27:04+00:00","og_image":[{"url":"http:\/\/img03.blogcu.com\/images\/g\/i\/z\/gizemmelek\/abd8f10d02b242473e67b1ff48f8a0ae_1279726642.jpg","type":"","width":"","height":""}],"author":"Tar\u0131k","twitter_card":"summary_large_image","twitter_creator":"@narteks","twitter_site":"@narteks","twitter_misc":{"Yazan:":"Tar\u0131k","Tahmini okuma s\u00fcresi":"4 dakika"},"schema":{"@context":"https:\/\/schema.org","@graph":[{"@type":"Article","@id":"https:\/\/narteks.net\/index.php\/2010\/09\/22\/fakat-ben-bu-ruh-dan-bezdim-ve-goruyorum-ki-o-da-kendinden-bezecek-friedrich-nietzsche\/#article","isPartOf":{"@id":"https:\/\/narteks.net\/index.php\/2010\/09\/22\/fakat-ben-bu-ruh-dan-bezdim-ve-goruyorum-ki-o-da-kendinden-bezecek-friedrich-nietzsche\/"},"author":{"name":"Tar\u0131k","@id":"https:\/\/narteks.net\/#\/schema\/person\/61f37d9834294b72d31d274e7ed79bca"},"headline":"Fakat ben, bu ruh dan bezdim. Ve g\u00f6r\u00fcyorum ki o da kendinden bezecek | Friedrich Nietzsche","datePublished":"2010-09-22T07:27:04+00:00","mainEntityOfPage":{"@id":"https:\/\/narteks.net\/index.php\/2010\/09\/22\/fakat-ben-bu-ruh-dan-bezdim-ve-goruyorum-ki-o-da-kendinden-bezecek-friedrich-nietzsche\/"},"wordCount":902,"commentCount":0,"publisher":{"@id":"https:\/\/narteks.net\/#organization"},"image":{"@id":"https:\/\/narteks.net\/index.php\/2010\/09\/22\/fakat-ben-bu-ruh-dan-bezdim-ve-goruyorum-ki-o-da-kendinden-bezecek-friedrich-nietzsche\/#primaryimage"},"thumbnailUrl":"http:\/\/img03.blogcu.com\/images\/g\/i\/z\/gizemmelek\/abd8f10d02b242473e67b1ff48f8a0ae_1279726642.jpg","articleSection":["Friedrich Wilhelm N\u0130ETZSCHE"],"inLanguage":"tr","potentialAction":[{"@type":"CommentAction","name":"Comment","target":["https:\/\/narteks.net\/index.php\/2010\/09\/22\/fakat-ben-bu-ruh-dan-bezdim-ve-goruyorum-ki-o-da-kendinden-bezecek-friedrich-nietzsche\/#respond"]}]},{"@type":"WebPage","@id":"https:\/\/narteks.net\/index.php\/2010\/09\/22\/fakat-ben-bu-ruh-dan-bezdim-ve-goruyorum-ki-o-da-kendinden-bezecek-friedrich-nietzsche\/","url":"https:\/\/narteks.net\/index.php\/2010\/09\/22\/fakat-ben-bu-ruh-dan-bezdim-ve-goruyorum-ki-o-da-kendinden-bezecek-friedrich-nietzsche\/","name":"Fakat ben, bu ruh dan bezdim. Ve g\u00f6r\u00fcyorum ki o da kendinden bezecek | Friedrich Nietzsche - narteks.net","isPartOf":{"@id":"https:\/\/narteks.net\/#website"},"primaryImageOfPage":{"@id":"https:\/\/narteks.net\/index.php\/2010\/09\/22\/fakat-ben-bu-ruh-dan-bezdim-ve-goruyorum-ki-o-da-kendinden-bezecek-friedrich-nietzsche\/#primaryimage"},"image":{"@id":"https:\/\/narteks.net\/index.php\/2010\/09\/22\/fakat-ben-bu-ruh-dan-bezdim-ve-goruyorum-ki-o-da-kendinden-bezecek-friedrich-nietzsche\/#primaryimage"},"thumbnailUrl":"http:\/\/img03.blogcu.com\/images\/g\/i\/z\/gizemmelek\/abd8f10d02b242473e67b1ff48f8a0ae_1279726642.jpg","datePublished":"2010-09-22T07:27:04+00:00","breadcrumb":{"@id":"https:\/\/narteks.net\/index.php\/2010\/09\/22\/fakat-ben-bu-ruh-dan-bezdim-ve-goruyorum-ki-o-da-kendinden-bezecek-friedrich-nietzsche\/#breadcrumb"},"inLanguage":"tr","potentialAction":[{"@type":"ReadAction","target":["https:\/\/narteks.net\/index.php\/2010\/09\/22\/fakat-ben-bu-ruh-dan-bezdim-ve-goruyorum-ki-o-da-kendinden-bezecek-friedrich-nietzsche\/"]}]},{"@type":"ImageObject","inLanguage":"tr","@id":"https:\/\/narteks.net\/index.php\/2010\/09\/22\/fakat-ben-bu-ruh-dan-bezdim-ve-goruyorum-ki-o-da-kendinden-bezecek-friedrich-nietzsche\/#primaryimage","url":"http:\/\/img03.blogcu.com\/images\/g\/i\/z\/gizemmelek\/abd8f10d02b242473e67b1ff48f8a0ae_1279726642.jpg","contentUrl":"http:\/\/img03.blogcu.com\/images\/g\/i\/z\/gizemmelek\/abd8f10d02b242473e67b1ff48f8a0ae_1279726642.jpg"},{"@type":"BreadcrumbList","@id":"https:\/\/narteks.net\/index.php\/2010\/09\/22\/fakat-ben-bu-ruh-dan-bezdim-ve-goruyorum-ki-o-da-kendinden-bezecek-friedrich-nietzsche\/#breadcrumb","itemListElement":[{"@type":"ListItem","position":1,"name":"Anasayfa","item":"https:\/\/narteks.net\/"},{"@type":"ListItem","position":2,"name":"Fakat ben, bu ruh dan bezdim. Ve g\u00f6r\u00fcyorum ki o da kendinden bezecek | Friedrich Nietzsche"}]},{"@type":"WebSite","@id":"https:\/\/narteks.net\/#website","url":"https:\/\/narteks.net\/","name":"narteks.net","description":"K\u00fclt\u00fcr Sanat Edebiyat Felsefe","publisher":{"@id":"https:\/\/narteks.net\/#organization"},"alternateName":"K\u00fclt\u00fcr Sanat Edebiyat Felsefe","potentialAction":[{"@type":"SearchAction","target":{"@type":"EntryPoint","urlTemplate":"https:\/\/narteks.net\/?s={search_term_string}"},"query-input":{"@type":"PropertyValueSpecification","valueRequired":true,"valueName":"search_term_string"}}],"inLanguage":"tr"},{"@type":"Organization","@id":"https:\/\/narteks.net\/#organization","name":"narteks.net","url":"https:\/\/narteks.net\/","logo":{"@type":"ImageObject","inLanguage":"tr","@id":"https:\/\/narteks.net\/#\/schema\/logo\/image\/","url":"https:\/\/narteks.net\/wp-content\/uploads\/narteks.png","contentUrl":"https:\/\/narteks.net\/wp-content\/uploads\/narteks.png","width":300,"height":90,"caption":"narteks.net"},"image":{"@id":"https:\/\/narteks.net\/#\/schema\/logo\/image\/"},"sameAs":["https:\/\/x.com\/narteks","https:\/\/instagram.com\/narteksnet"]},{"@type":"Person","@id":"https:\/\/narteks.net\/#\/schema\/person\/61f37d9834294b72d31d274e7ed79bca","name":"Tar\u0131k","image":{"@type":"ImageObject","inLanguage":"tr","@id":"https:\/\/narteks.net\/#\/schema\/person\/image\/","url":"https:\/\/secure.gravatar.com\/avatar\/50865afb55632c4ae467e0af0930f6510aa2297d8014be502a55b14f3b7550cf?s=96&d=mm&r=g","contentUrl":"https:\/\/secure.gravatar.com\/avatar\/50865afb55632c4ae467e0af0930f6510aa2297d8014be502a55b14f3b7550cf?s=96&d=mm&r=g","caption":"Tar\u0131k"},"sameAs":["http:\/\/narteks.net"],"url":"https:\/\/narteks.net\/index.php\/author\/narbak\/"}]}},"_links":{"self":[{"href":"https:\/\/narteks.net\/index.php\/wp-json\/wp\/v2\/posts\/4702","targetHints":{"allow":["GET"]}}],"collection":[{"href":"https:\/\/narteks.net\/index.php\/wp-json\/wp\/v2\/posts"}],"about":[{"href":"https:\/\/narteks.net\/index.php\/wp-json\/wp\/v2\/types\/post"}],"author":[{"embeddable":true,"href":"https:\/\/narteks.net\/index.php\/wp-json\/wp\/v2\/users\/1"}],"replies":[{"embeddable":true,"href":"https:\/\/narteks.net\/index.php\/wp-json\/wp\/v2\/comments?post=4702"}],"version-history":[{"count":0,"href":"https:\/\/narteks.net\/index.php\/wp-json\/wp\/v2\/posts\/4702\/revisions"}],"wp:attachment":[{"href":"https:\/\/narteks.net\/index.php\/wp-json\/wp\/v2\/media?parent=4702"}],"wp:term":[{"taxonomy":"category","embeddable":true,"href":"https:\/\/narteks.net\/index.php\/wp-json\/wp\/v2\/categories?post=4702"},{"taxonomy":"post_tag","embeddable":true,"href":"https:\/\/narteks.net\/index.php\/wp-json\/wp\/v2\/tags?post=4702"}],"curies":[{"name":"wp","href":"https:\/\/api.w.org\/{rel}","templated":true}]}}