{"id":4705,"date":"2010-09-29T10:15:52","date_gmt":"2010-09-29T07:15:52","guid":{"rendered":"http:\/\/localhost\/wordpress\/2010\/09\/29\/andre-gorzun-olumu-ve-intiharin-etigine-dair\/"},"modified":"2010-09-29T10:15:52","modified_gmt":"2010-09-29T07:15:52","slug":"andre-gorzun-olumu-ve-intiharin-etigine-dair","status":"publish","type":"post","link":"https:\/\/narteks.net\/index.php\/2010\/09\/29\/andre-gorzun-olumu-ve-intiharin-etigine-dair\/","title":{"rendered":"Andr\u00e9 Gorz\u2019un \u00d6l\u00fcm\u00fc ve \u0130ntihar\u0131n Eti\u011fine Dair"},"content":{"rendered":"<p style=\"text-align: justify;\"><img loading=\"lazy\" decoding=\"async\" src=\"http:\/\/elizabethwong.files.wordpress.com\/2007\/10\/gorz.jpg\" border=\"0\" width=\"155\" height=\"205\" style=\"float: left;\" \/>Frans\u0131z Filozof Andr\u00e9 Gorz, e\u015fi ile birlikte Vosnon k\u00f6y\u00fcnde intihar etti. Hasta e\u015finin giderek a\u011f\u0131rla\u015fan sa\u011fl\u0131\u011f\u0131 kar\u015f\u0131s\u0131nda ac\u0131 \u00e7eken d\u00fc\u015f\u00fcn\u00fcr evinde e\u015fi ile birlikte yan yana \u00f6l\u00fc olarak bulundu.<\/p>\n<p>Nouvel Observateur dergisinin kurucular\u0131ndan politik ekoloji teorisyeni 84 ya\u015f\u0131ndaki filozof Andr\u00e9 Gorz&#8217;un e\u015fi ile birlikte Aube b\u00f6lgesindeki Vosnon&#8217;da bulunan evinde intihar etti\u011fi belirtildi.<\/p>\n<p>Ya\u015fam\u0131 boyunca \u00e7ok say\u0131da \u00f6nemli esere imza atan Gorz, 1923 y\u0131l\u0131nda Gerard Horst ismi ile Viyana&#8217;da Yahudi bir baba ve Katolik bir annenin \u00e7ocu\u011fu olarak d\u00fcnyaya geldi. 1946 y\u0131l\u0131nda Lozan&#8217;da Sartre ile kar\u015f\u0131la\u015fan Gorz, 1946&#8217;da evlendi ve Paris&#8217;e yerle\u015fti. 1964 y\u0131l\u0131nda Michel Bosquet ad\u0131 ile ortaya \u00e7\u0131kan Gorz, politik ekoloji ve antikapitalist d\u00fc\u015f\u00fcn\u00fcr olarak de\u011ferlendiriliyor. Gorz ayr\u0131ca Ekoloji ve Politika, Ekoloji ve \u00d6zg\u00fcrl\u00fck gibi kitaplar\u0131 ile de tan\u0131n\u0131yor.<\/p>\n<p>Gorz, &#8220;onlar\u0131n ve bizim ekolojimizi&#8221; tan\u0131mlarken, &#8220;Ekoloji, ilk etapta t\u0131pk\u0131 genel se\u00e7imler ve bir Pazar dinlenmesi gibidir, d\u00fczenin t\u00fcm burjuvalar\u0131 ve partizanlar\u0131 onlar\u0131n y\u0131k\u0131m\u0131n\u0131, anar\u015finin zaferi ve gericili\u011fi istedi\u011finizi s\u00f6yler. Sonra ikinci bir a\u015famada, \u015feylerin g\u00fcc\u00fc ve halk bask\u0131s\u0131 dayan\u0131lmaz olunca, size d\u00fcn reddettikleri verilir ve temelde bir \u015fey de\u011fi\u015fmez&#8221; diyor.<\/p>\n<p style=\"text-align: justify;\">Gazetecilik de yapan Gorz, 1946&#8217;da Sartre&#8217;\u0131n \u00f6ns\u00f6z\u00fcn\u00fc yazd\u0131\u011f\u0131 \u0130hanet\u00e7i kitab\u0131na imza att\u0131. 1961 y\u0131l\u0131nda Modern Zamanlar Komitesi&#8217;ne girdi, 1964&#8217;te Jean Daniel ile birlikte Nouvel Observateur dergisini kurdu. 1980 y\u0131l\u0131na Elveda Proletarya kitab\u0131 \u00e7\u0131kan Gorz, kapitalizm, sosyalizm, ahlaki de\u011ferler, ekoloji ve siyaset \u00fczerine \u00e7ok say\u0131da kitap yazd\u0131.<\/p>\n<p>Gorz, 1983 y\u0131l\u0131nda Troyes kentinin 35 km uza\u011f\u0131ndaki Vosnon k\u00f6y\u00fcnde hasta e\u015fi ile birlikte emeklili\u011fe ayr\u0131ld\u0131. Bir arkada\u015f\u0131 pazartesi sabah\u0131 Gorz ve e\u015fi Dorine&#8217;nin ya\u015fad\u0131\u011f\u0131 dram\u0131 fark etti. Kap\u0131s\u0131n\u0131n \u00fczerinde jandarmaya verilmesi gerekti\u011fini belirten bir not buldu. Andr\u00e9 Gorz ve e\u015fi i\u00e7erde yan yana yat\u0131yordu.<\/p>\n<p>Gorz&#8217;un yak\u0131nlar\u0131na yazd\u0131\u011f\u0131 mektuplar evinde bulundu. \u0130ntihar\u0131ndan birka\u00e7 g\u00fcn \u00f6nce Andr\u00e9 Gorz bir arkada\u015f\u0131nda e\u015finin giderek k\u00f6t\u00fcle\u015fen sa\u011fl\u0131\u011f\u0131 kar\u015f\u0131s\u0131nda duydu\u011fu ac\u0131y\u0131 anlatm\u0131\u015f. Vosnon k\u00f6y\u00fcnde Gorz \u00e7ifti sade ve misafirperver olarak tan\u0131n\u0131yor.<\/p>\n<p>Gorz&#8217;un e\u015fi ile ili\u015fkisini anlatt\u0131\u011f\u0131 Bir a\u015fk\u0131n hikayesi adl\u0131 kitab\u0131 2006 y\u0131l\u0131nda Galil\u00e9e yay\u0131nlar\u0131ndan \u00e7\u0131kt\u0131. Gorz&#8217;un bu kitab\u0131 e\u015fine yaz\u0131lm\u0131\u015f bir mektup gibi. Filozof Gorz e\u015fine \u015funlar\u0131 yaz\u0131yordu: &#8220;82 ya\u015f\u0131na gireceksin. 6 santimetre k\u00fc\u00e7\u00fcld\u00fcn, sadece 45 kilogram a\u011f\u0131rl\u0131\u011f\u0131ndas\u0131n ve halen de g\u00fczelsin, zarifsin ve arzu edilebilirsin. 47 y\u0131ld\u0131r birlikte ya\u015f\u0131yoruz ve ben seni her zamankinden daha fazla seviyorum. K\u0131sa bir s\u00fcre \u00f6nce sana yeniden a\u015f\u0131k oldum.&#8221;<\/p>\n<p>\u00c7ok az say\u0131da kitap birka\u00e7 c\u00fcmle ile bir a\u015fk hikayesini bu denli duygu ve ya\u015fam y\u00fckl\u00fc anlat\u0131yor. Bu mektup ac\u0131 \u00e7eken ve yak\u0131nda hayata veda edece\u011fi bilinen bir kad\u0131na yaz\u0131lm\u0131\u015ft\u0131. Bu \u00f6l\u00fcm yazan ve okuyan i\u00e7in de kabul edilemezdi. Gorz, \u00f6ng\u00f6r\u00fclen bu \u00f6l\u00fcmde e\u015fini yaln\u0131z b\u0131rakmayarak ya\u015famda oldu\u011fu gibi \u00f6l\u00fcmde de yan\u0131nda oldu. (vurgular bana aittir.)<\/p>\n<p>Bu haber, bir y\u00f6n\u00fcyle akci\u011fer kanserine yakalan\u0131p g\u0131rtla\u011f\u0131nda ciddi problemleri olan ve sesini yitiren sigara tiryakisi Deleuze&#8217;un evinin penceresinden kendini at\u0131\u015f\u0131 hat\u0131rlatt\u0131 ister istemez. Bunun haricinde Woody Allen&#8217;\u0131n dahiyane filmlerinden 1989 yap\u0131ml\u0131 Crimes and Misdemeanors&#8217;da Cliff&#8217;in (Allen&#8217;\u0131n canland\u0131rd\u0131\u011f\u0131 karakterin) r\u00f6portaj yapt\u0131\u011f\u0131; \u00f6lmeden \u00f6nce hayata ve a\u015fka dair olumlu ve iyimser laflar eden bir filozof, hi\u00e7 beklenmedik bir anda intihar etti\u011finde Cliff, \u015fa\u015fk\u0131nl\u0131\u011f\u0131n\u0131 ve \u00fcz\u00fcnt\u00fcs\u00fcn\u00fc \u015f\u00f6yle haykr\u0131yordu:<\/p>\n<p>&#8220;Bu da ne demek oluyor \u015fimdi? Adam gibi bir entellekt\u00fceldi. Benim rol modelimdi, en az\u0131ndan bir not b\u0131rakabilirdi&#8230; G\u00fcnbeg\u00fcn, hayata Evet diyen bir adam, \u015fimdi kalkm\u0131\u015f birdenbire Hay\u0131r diyor.&#8221;<\/p>\n<p>Deleuze&#8217;un \u00f6l\u00fcm\u00fcn\u00fcn 1995&#8217;te, filmin \u00e7ekiminden 6 y\u0131l sonra olmas\u0131 ayr\u0131ca dikkat \u00e7ekici&#8230; Filmde Cliff&#8217;de \u015fok yaratan Ger\u00e7ek intihar\u0131n aksine; Gorz, 82 ya\u015f\u0131ndaki sevgilisinin hastal\u0131\u011f\u0131na dayanamayarak onunla birlikte \u00f6lmeyi tercih etti. Hem de son s\u00f6zlerinde a\u015fk&#8217;\u0131n\u0131 \u00e7arp\u0131c\u0131 bir \u015fekilde ifade ederek, arkada\u015flar\u0131na mektuplar b\u0131rakarak&#8230; \u0130ntihar\u0131 dahi sembolikle\u015ftirerek, Ger\u00e7ek&#8217;in u\u00e7urumundan ge\u00e7meyi kabul etmeyen bir hatta ya\u015fam\u0131n\u0131 sonland\u0131rd\u0131.<\/p>\n<p>\u00d6l\u00fcm, Gorz&#8217;unkine benzer \u015fekilde estetik k\u0131l\u0131nmal\u0131 m\u0131d\u0131r? Yoksa Allen&#8217;\u0131n filmindeki filozofun tek ba\u015f\u0131na \u00f6l\u00fcm\u00fc daha m\u0131 etiktir? Ya\u015fama son nefeslerini verirken dahi g\u00fczel s\u00f6zc\u00fckler b\u0131rakmadan elveda etmek, Ger\u00e7ek&#8217;in imbi\u011finden ge\u00e7erek \u00f6lmekse e\u011fer; filmdeki filozofun intihar\u0131n\u0131n \u015fokunu atlatmak m\u00fcmk\u00fcn de\u011filken, Gorz&#8217;un cenaze namaz\u0131n\u0131 k\u0131lmaya gerek bile yoktur.<\/p>\n<p style=\"text-align: justify;\">\u00a0<\/p>\n<p style=\"text-align: justify;\">Kaynak:ANF<\/p>\n","protected":false},"excerpt":{"rendered":"<p>Frans\u0131z Filozof Andr\u00e9 Gorz, e\u015fi ile birlikte Vosnon k\u00f6y\u00fcnde intihar etti. Hasta e\u015finin giderek a\u011f\u0131rla\u015fan sa\u011fl\u0131\u011f\u0131 kar\u015f\u0131s\u0131nda ac\u0131 \u00e7eken d\u00fc\u015f\u00fcn\u00fcr evinde e\u015fi ile birlikte yan yana \u00f6l\u00fc olarak bulundu. Nouvel Observateur dergisinin kurucular\u0131ndan politik ekoloji teorisyeni 84 ya\u015f\u0131ndaki filozof Andr\u00e9 Gorz&#8217;un e\u015fi ile birlikte Aube b\u00f6lgesindeki Vosnon&#8217;da bulunan evinde intihar etti\u011fi belirtildi. Ya\u015fam\u0131 boyunca \u00e7ok [&hellip;]<\/p>\n","protected":false},"author":1,"featured_media":0,"comment_status":"open","ping_status":"open","sticky":false,"template":"","format":"standard","meta":{"footnotes":""},"categories":[103],"tags":[],"class_list":{"0":"post-4705","1":"post","2":"type-post","3":"status-publish","4":"format-standard","6":"category-felsefe-genel"},"yoast_head":"<!-- This site is optimized with the Yoast SEO Premium plugin v24.9 (Yoast SEO v24.9) - https:\/\/yoast.com\/wordpress\/plugins\/seo\/ -->\n<title>Andr\u00e9 Gorz\u2019un \u00d6l\u00fcm\u00fc ve \u0130ntihar\u0131n Eti\u011fine Dair - narteks.net<\/title>\n<meta name=\"robots\" content=\"index, follow, max-snippet:-1, max-image-preview:large, max-video-preview:-1\" \/>\n<link rel=\"canonical\" href=\"https:\/\/narteks.net\/index.php\/2010\/09\/29\/andre-gorzun-olumu-ve-intiharin-etigine-dair\/\" \/>\n<meta property=\"og:locale\" content=\"tr_TR\" \/>\n<meta property=\"og:type\" content=\"article\" \/>\n<meta property=\"og:title\" content=\"Andr\u00e9 Gorz\u2019un \u00d6l\u00fcm\u00fc ve \u0130ntihar\u0131n Eti\u011fine Dair\" \/>\n<meta property=\"og:description\" content=\"Frans\u0131z Filozof Andr\u00e9 Gorz, e\u015fi ile birlikte Vosnon k\u00f6y\u00fcnde intihar etti. Hasta e\u015finin giderek a\u011f\u0131rla\u015fan sa\u011fl\u0131\u011f\u0131 kar\u015f\u0131s\u0131nda ac\u0131 \u00e7eken d\u00fc\u015f\u00fcn\u00fcr evinde e\u015fi ile birlikte yan yana \u00f6l\u00fc olarak bulundu. Nouvel Observateur dergisinin kurucular\u0131ndan politik ekoloji teorisyeni 84 ya\u015f\u0131ndaki filozof Andr\u00e9 Gorz&#8217;un e\u015fi ile birlikte Aube b\u00f6lgesindeki Vosnon&#8217;da bulunan evinde intihar etti\u011fi belirtildi. Ya\u015fam\u0131 boyunca \u00e7ok [&hellip;]\" \/>\n<meta property=\"og:url\" content=\"https:\/\/narteks.net\/index.php\/2010\/09\/29\/andre-gorzun-olumu-ve-intiharin-etigine-dair\/\" \/>\n<meta property=\"og:site_name\" content=\"narteks.net\" \/>\n<meta property=\"article:published_time\" content=\"2010-09-29T07:15:52+00:00\" \/>\n<meta property=\"og:image\" content=\"http:\/\/elizabethwong.files.wordpress.com\/2007\/10\/gorz.jpg\" \/>\n<meta name=\"author\" content=\"Tar\u0131k\" \/>\n<meta name=\"twitter:card\" content=\"summary_large_image\" \/>\n<meta name=\"twitter:creator\" content=\"@narteks\" \/>\n<meta name=\"twitter:site\" content=\"@narteks\" \/>\n<meta name=\"twitter:label1\" content=\"Yazan:\" \/>\n\t<meta name=\"twitter:data1\" content=\"Tar\u0131k\" \/>\n\t<meta name=\"twitter:label2\" content=\"Tahmini okuma s\u00fcresi\" \/>\n\t<meta name=\"twitter:data2\" content=\"4 dakika\" \/>\n<script type=\"application\/ld+json\" class=\"yoast-schema-graph\">{\"@context\":\"https:\/\/schema.org\",\"@graph\":[{\"@type\":\"Article\",\"@id\":\"https:\/\/narteks.net\/index.php\/2010\/09\/29\/andre-gorzun-olumu-ve-intiharin-etigine-dair\/#article\",\"isPartOf\":{\"@id\":\"https:\/\/narteks.net\/index.php\/2010\/09\/29\/andre-gorzun-olumu-ve-intiharin-etigine-dair\/\"},\"author\":{\"name\":\"Tar\u0131k\",\"@id\":\"https:\/\/narteks.net\/#\/schema\/person\/61f37d9834294b72d31d274e7ed79bca\"},\"headline\":\"Andr\u00e9 Gorz\u2019un \u00d6l\u00fcm\u00fc ve \u0130ntihar\u0131n Eti\u011fine Dair\",\"datePublished\":\"2010-09-29T07:15:52+00:00\",\"mainEntityOfPage\":{\"@id\":\"https:\/\/narteks.net\/index.php\/2010\/09\/29\/andre-gorzun-olumu-ve-intiharin-etigine-dair\/\"},\"wordCount\":837,\"commentCount\":0,\"publisher\":{\"@id\":\"https:\/\/narteks.net\/#organization\"},\"image\":{\"@id\":\"https:\/\/narteks.net\/index.php\/2010\/09\/29\/andre-gorzun-olumu-ve-intiharin-etigine-dair\/#primaryimage\"},\"thumbnailUrl\":\"http:\/\/elizabethwong.files.wordpress.com\/2007\/10\/gorz.jpg\",\"articleSection\":[\"Felsefe (Genel)\"],\"inLanguage\":\"tr\",\"potentialAction\":[{\"@type\":\"CommentAction\",\"name\":\"Comment\",\"target\":[\"https:\/\/narteks.net\/index.php\/2010\/09\/29\/andre-gorzun-olumu-ve-intiharin-etigine-dair\/#respond\"]}]},{\"@type\":\"WebPage\",\"@id\":\"https:\/\/narteks.net\/index.php\/2010\/09\/29\/andre-gorzun-olumu-ve-intiharin-etigine-dair\/\",\"url\":\"https:\/\/narteks.net\/index.php\/2010\/09\/29\/andre-gorzun-olumu-ve-intiharin-etigine-dair\/\",\"name\":\"Andr\u00e9 Gorz\u2019un \u00d6l\u00fcm\u00fc ve \u0130ntihar\u0131n Eti\u011fine Dair - narteks.net\",\"isPartOf\":{\"@id\":\"https:\/\/narteks.net\/#website\"},\"primaryImageOfPage\":{\"@id\":\"https:\/\/narteks.net\/index.php\/2010\/09\/29\/andre-gorzun-olumu-ve-intiharin-etigine-dair\/#primaryimage\"},\"image\":{\"@id\":\"https:\/\/narteks.net\/index.php\/2010\/09\/29\/andre-gorzun-olumu-ve-intiharin-etigine-dair\/#primaryimage\"},\"thumbnailUrl\":\"http:\/\/elizabethwong.files.wordpress.com\/2007\/10\/gorz.jpg\",\"datePublished\":\"2010-09-29T07:15:52+00:00\",\"breadcrumb\":{\"@id\":\"https:\/\/narteks.net\/index.php\/2010\/09\/29\/andre-gorzun-olumu-ve-intiharin-etigine-dair\/#breadcrumb\"},\"inLanguage\":\"tr\",\"potentialAction\":[{\"@type\":\"ReadAction\",\"target\":[\"https:\/\/narteks.net\/index.php\/2010\/09\/29\/andre-gorzun-olumu-ve-intiharin-etigine-dair\/\"]}]},{\"@type\":\"ImageObject\",\"inLanguage\":\"tr\",\"@id\":\"https:\/\/narteks.net\/index.php\/2010\/09\/29\/andre-gorzun-olumu-ve-intiharin-etigine-dair\/#primaryimage\",\"url\":\"http:\/\/elizabethwong.files.wordpress.com\/2007\/10\/gorz.jpg\",\"contentUrl\":\"http:\/\/elizabethwong.files.wordpress.com\/2007\/10\/gorz.jpg\"},{\"@type\":\"BreadcrumbList\",\"@id\":\"https:\/\/narteks.net\/index.php\/2010\/09\/29\/andre-gorzun-olumu-ve-intiharin-etigine-dair\/#breadcrumb\",\"itemListElement\":[{\"@type\":\"ListItem\",\"position\":1,\"name\":\"Anasayfa\",\"item\":\"https:\/\/narteks.net\/\"},{\"@type\":\"ListItem\",\"position\":2,\"name\":\"Andr\u00e9 Gorz\u2019un \u00d6l\u00fcm\u00fc ve \u0130ntihar\u0131n Eti\u011fine Dair\"}]},{\"@type\":\"WebSite\",\"@id\":\"https:\/\/narteks.net\/#website\",\"url\":\"https:\/\/narteks.net\/\",\"name\":\"narteks.net\",\"description\":\"K\u00fclt\u00fcr Sanat Edebiyat Felsefe\",\"publisher\":{\"@id\":\"https:\/\/narteks.net\/#organization\"},\"alternateName\":\"K\u00fclt\u00fcr Sanat Edebiyat Felsefe\",\"potentialAction\":[{\"@type\":\"SearchAction\",\"target\":{\"@type\":\"EntryPoint\",\"urlTemplate\":\"https:\/\/narteks.net\/?s={search_term_string}\"},\"query-input\":{\"@type\":\"PropertyValueSpecification\",\"valueRequired\":true,\"valueName\":\"search_term_string\"}}],\"inLanguage\":\"tr\"},{\"@type\":\"Organization\",\"@id\":\"https:\/\/narteks.net\/#organization\",\"name\":\"narteks.net\",\"url\":\"https:\/\/narteks.net\/\",\"logo\":{\"@type\":\"ImageObject\",\"inLanguage\":\"tr\",\"@id\":\"https:\/\/narteks.net\/#\/schema\/logo\/image\/\",\"url\":\"https:\/\/narteks.net\/wp-content\/uploads\/narteks.png\",\"contentUrl\":\"https:\/\/narteks.net\/wp-content\/uploads\/narteks.png\",\"width\":300,\"height\":90,\"caption\":\"narteks.net\"},\"image\":{\"@id\":\"https:\/\/narteks.net\/#\/schema\/logo\/image\/\"},\"sameAs\":[\"https:\/\/x.com\/narteks\",\"https:\/\/instagram.com\/narteksnet\"]},{\"@type\":\"Person\",\"@id\":\"https:\/\/narteks.net\/#\/schema\/person\/61f37d9834294b72d31d274e7ed79bca\",\"name\":\"Tar\u0131k\",\"image\":{\"@type\":\"ImageObject\",\"inLanguage\":\"tr\",\"@id\":\"https:\/\/narteks.net\/#\/schema\/person\/image\/\",\"url\":\"https:\/\/secure.gravatar.com\/avatar\/50865afb55632c4ae467e0af0930f6510aa2297d8014be502a55b14f3b7550cf?s=96&d=mm&r=g\",\"contentUrl\":\"https:\/\/secure.gravatar.com\/avatar\/50865afb55632c4ae467e0af0930f6510aa2297d8014be502a55b14f3b7550cf?s=96&d=mm&r=g\",\"caption\":\"Tar\u0131k\"},\"sameAs\":[\"http:\/\/narteks.net\"],\"url\":\"https:\/\/narteks.net\/index.php\/author\/narbak\/\"}]}<\/script>\n<!-- \/ Yoast SEO Premium plugin. -->","yoast_head_json":{"title":"Andr\u00e9 Gorz\u2019un \u00d6l\u00fcm\u00fc ve \u0130ntihar\u0131n Eti\u011fine Dair - narteks.net","robots":{"index":"index","follow":"follow","max-snippet":"max-snippet:-1","max-image-preview":"max-image-preview:large","max-video-preview":"max-video-preview:-1"},"canonical":"https:\/\/narteks.net\/index.php\/2010\/09\/29\/andre-gorzun-olumu-ve-intiharin-etigine-dair\/","og_locale":"tr_TR","og_type":"article","og_title":"Andr\u00e9 Gorz\u2019un \u00d6l\u00fcm\u00fc ve \u0130ntihar\u0131n Eti\u011fine Dair","og_description":"Frans\u0131z Filozof Andr\u00e9 Gorz, e\u015fi ile birlikte Vosnon k\u00f6y\u00fcnde intihar etti. Hasta e\u015finin giderek a\u011f\u0131rla\u015fan sa\u011fl\u0131\u011f\u0131 kar\u015f\u0131s\u0131nda ac\u0131 \u00e7eken d\u00fc\u015f\u00fcn\u00fcr evinde e\u015fi ile birlikte yan yana \u00f6l\u00fc olarak bulundu. Nouvel Observateur dergisinin kurucular\u0131ndan politik ekoloji teorisyeni 84 ya\u015f\u0131ndaki filozof Andr\u00e9 Gorz&#8217;un e\u015fi ile birlikte Aube b\u00f6lgesindeki Vosnon&#8217;da bulunan evinde intihar etti\u011fi belirtildi. Ya\u015fam\u0131 boyunca \u00e7ok [&hellip;]","og_url":"https:\/\/narteks.net\/index.php\/2010\/09\/29\/andre-gorzun-olumu-ve-intiharin-etigine-dair\/","og_site_name":"narteks.net","article_published_time":"2010-09-29T07:15:52+00:00","og_image":[{"url":"http:\/\/elizabethwong.files.wordpress.com\/2007\/10\/gorz.jpg","type":"","width":"","height":""}],"author":"Tar\u0131k","twitter_card":"summary_large_image","twitter_creator":"@narteks","twitter_site":"@narteks","twitter_misc":{"Yazan:":"Tar\u0131k","Tahmini okuma s\u00fcresi":"4 dakika"},"schema":{"@context":"https:\/\/schema.org","@graph":[{"@type":"Article","@id":"https:\/\/narteks.net\/index.php\/2010\/09\/29\/andre-gorzun-olumu-ve-intiharin-etigine-dair\/#article","isPartOf":{"@id":"https:\/\/narteks.net\/index.php\/2010\/09\/29\/andre-gorzun-olumu-ve-intiharin-etigine-dair\/"},"author":{"name":"Tar\u0131k","@id":"https:\/\/narteks.net\/#\/schema\/person\/61f37d9834294b72d31d274e7ed79bca"},"headline":"Andr\u00e9 Gorz\u2019un \u00d6l\u00fcm\u00fc ve \u0130ntihar\u0131n Eti\u011fine Dair","datePublished":"2010-09-29T07:15:52+00:00","mainEntityOfPage":{"@id":"https:\/\/narteks.net\/index.php\/2010\/09\/29\/andre-gorzun-olumu-ve-intiharin-etigine-dair\/"},"wordCount":837,"commentCount":0,"publisher":{"@id":"https:\/\/narteks.net\/#organization"},"image":{"@id":"https:\/\/narteks.net\/index.php\/2010\/09\/29\/andre-gorzun-olumu-ve-intiharin-etigine-dair\/#primaryimage"},"thumbnailUrl":"http:\/\/elizabethwong.files.wordpress.com\/2007\/10\/gorz.jpg","articleSection":["Felsefe (Genel)"],"inLanguage":"tr","potentialAction":[{"@type":"CommentAction","name":"Comment","target":["https:\/\/narteks.net\/index.php\/2010\/09\/29\/andre-gorzun-olumu-ve-intiharin-etigine-dair\/#respond"]}]},{"@type":"WebPage","@id":"https:\/\/narteks.net\/index.php\/2010\/09\/29\/andre-gorzun-olumu-ve-intiharin-etigine-dair\/","url":"https:\/\/narteks.net\/index.php\/2010\/09\/29\/andre-gorzun-olumu-ve-intiharin-etigine-dair\/","name":"Andr\u00e9 Gorz\u2019un \u00d6l\u00fcm\u00fc ve \u0130ntihar\u0131n Eti\u011fine Dair - narteks.net","isPartOf":{"@id":"https:\/\/narteks.net\/#website"},"primaryImageOfPage":{"@id":"https:\/\/narteks.net\/index.php\/2010\/09\/29\/andre-gorzun-olumu-ve-intiharin-etigine-dair\/#primaryimage"},"image":{"@id":"https:\/\/narteks.net\/index.php\/2010\/09\/29\/andre-gorzun-olumu-ve-intiharin-etigine-dair\/#primaryimage"},"thumbnailUrl":"http:\/\/elizabethwong.files.wordpress.com\/2007\/10\/gorz.jpg","datePublished":"2010-09-29T07:15:52+00:00","breadcrumb":{"@id":"https:\/\/narteks.net\/index.php\/2010\/09\/29\/andre-gorzun-olumu-ve-intiharin-etigine-dair\/#breadcrumb"},"inLanguage":"tr","potentialAction":[{"@type":"ReadAction","target":["https:\/\/narteks.net\/index.php\/2010\/09\/29\/andre-gorzun-olumu-ve-intiharin-etigine-dair\/"]}]},{"@type":"ImageObject","inLanguage":"tr","@id":"https:\/\/narteks.net\/index.php\/2010\/09\/29\/andre-gorzun-olumu-ve-intiharin-etigine-dair\/#primaryimage","url":"http:\/\/elizabethwong.files.wordpress.com\/2007\/10\/gorz.jpg","contentUrl":"http:\/\/elizabethwong.files.wordpress.com\/2007\/10\/gorz.jpg"},{"@type":"BreadcrumbList","@id":"https:\/\/narteks.net\/index.php\/2010\/09\/29\/andre-gorzun-olumu-ve-intiharin-etigine-dair\/#breadcrumb","itemListElement":[{"@type":"ListItem","position":1,"name":"Anasayfa","item":"https:\/\/narteks.net\/"},{"@type":"ListItem","position":2,"name":"Andr\u00e9 Gorz\u2019un \u00d6l\u00fcm\u00fc ve \u0130ntihar\u0131n Eti\u011fine Dair"}]},{"@type":"WebSite","@id":"https:\/\/narteks.net\/#website","url":"https:\/\/narteks.net\/","name":"narteks.net","description":"K\u00fclt\u00fcr Sanat Edebiyat Felsefe","publisher":{"@id":"https:\/\/narteks.net\/#organization"},"alternateName":"K\u00fclt\u00fcr Sanat Edebiyat Felsefe","potentialAction":[{"@type":"SearchAction","target":{"@type":"EntryPoint","urlTemplate":"https:\/\/narteks.net\/?s={search_term_string}"},"query-input":{"@type":"PropertyValueSpecification","valueRequired":true,"valueName":"search_term_string"}}],"inLanguage":"tr"},{"@type":"Organization","@id":"https:\/\/narteks.net\/#organization","name":"narteks.net","url":"https:\/\/narteks.net\/","logo":{"@type":"ImageObject","inLanguage":"tr","@id":"https:\/\/narteks.net\/#\/schema\/logo\/image\/","url":"https:\/\/narteks.net\/wp-content\/uploads\/narteks.png","contentUrl":"https:\/\/narteks.net\/wp-content\/uploads\/narteks.png","width":300,"height":90,"caption":"narteks.net"},"image":{"@id":"https:\/\/narteks.net\/#\/schema\/logo\/image\/"},"sameAs":["https:\/\/x.com\/narteks","https:\/\/instagram.com\/narteksnet"]},{"@type":"Person","@id":"https:\/\/narteks.net\/#\/schema\/person\/61f37d9834294b72d31d274e7ed79bca","name":"Tar\u0131k","image":{"@type":"ImageObject","inLanguage":"tr","@id":"https:\/\/narteks.net\/#\/schema\/person\/image\/","url":"https:\/\/secure.gravatar.com\/avatar\/50865afb55632c4ae467e0af0930f6510aa2297d8014be502a55b14f3b7550cf?s=96&d=mm&r=g","contentUrl":"https:\/\/secure.gravatar.com\/avatar\/50865afb55632c4ae467e0af0930f6510aa2297d8014be502a55b14f3b7550cf?s=96&d=mm&r=g","caption":"Tar\u0131k"},"sameAs":["http:\/\/narteks.net"],"url":"https:\/\/narteks.net\/index.php\/author\/narbak\/"}]}},"_links":{"self":[{"href":"https:\/\/narteks.net\/index.php\/wp-json\/wp\/v2\/posts\/4705","targetHints":{"allow":["GET"]}}],"collection":[{"href":"https:\/\/narteks.net\/index.php\/wp-json\/wp\/v2\/posts"}],"about":[{"href":"https:\/\/narteks.net\/index.php\/wp-json\/wp\/v2\/types\/post"}],"author":[{"embeddable":true,"href":"https:\/\/narteks.net\/index.php\/wp-json\/wp\/v2\/users\/1"}],"replies":[{"embeddable":true,"href":"https:\/\/narteks.net\/index.php\/wp-json\/wp\/v2\/comments?post=4705"}],"version-history":[{"count":0,"href":"https:\/\/narteks.net\/index.php\/wp-json\/wp\/v2\/posts\/4705\/revisions"}],"wp:attachment":[{"href":"https:\/\/narteks.net\/index.php\/wp-json\/wp\/v2\/media?parent=4705"}],"wp:term":[{"taxonomy":"category","embeddable":true,"href":"https:\/\/narteks.net\/index.php\/wp-json\/wp\/v2\/categories?post=4705"},{"taxonomy":"post_tag","embeddable":true,"href":"https:\/\/narteks.net\/index.php\/wp-json\/wp\/v2\/tags?post=4705"}],"curies":[{"name":"wp","href":"https:\/\/api.w.org\/{rel}","templated":true}]}}