{"id":4715,"date":"2010-10-13T10:14:03","date_gmt":"2010-10-13T07:14:03","guid":{"rendered":"http:\/\/localhost\/wordpress\/2010\/10\/13\/gelecegi-goruyorum-iste-orada-bulanti-jean-paul-sartre\/"},"modified":"2010-10-13T10:14:03","modified_gmt":"2010-10-13T07:14:03","slug":"gelecegi-goruyorum-iste-orada-bulanti-jean-paul-sartre","status":"publish","type":"post","link":"https:\/\/narteks.net\/index.php\/2010\/10\/13\/gelecegi-goruyorum-iste-orada-bulanti-jean-paul-sartre\/","title":{"rendered":"Gelece\u011fi g\u00f6r\u00fcyorum. \u0130\u015fte orada | Bulant\u0131 \u2013 Jean Paul Sartre"},"content":{"rendered":"<p style=\"text-align: justify;\"><img loading=\"lazy\" decoding=\"async\" src=\"http:\/\/www.idefineme.co.uk\/wp-content\/uploads\/2010\/07\/jean-paul-sartre.jpg\" border=\"0\" width=\"155\" height=\"205\" style=\"float: left;\" \/>Gelece\u011fi g\u00f6r\u00fcyorum. \u0130\u015fte orada, sokakta. \u015eimdiden daha silik\u00e7e. Daha ne bekliyor ger\u00e7ekle\u015fmek i\u00e7in sanki? Gelecek, bu ihtiyar kad\u0131na daha fazla ne sa\u011flayabilir ki? \u0130htiyar kad\u0131n topallayarak uzakla\u015f\u0131yor. Aniden duruyor. Ba\u015f\u00f6rt\u00fcs\u00fcnden sarkan akla\u015fm\u0131\u015f bir tutam sa\u00e7\u0131 yana do\u011fru itiyor. Yeniden y\u00fcr\u00fcmeye koyuluyor. Demin oradayd\u0131, simdi ise burada&#8230; Hi\u00e7 anlayam\u0131yorum i\u00e7inde bulundu\u011fum durumu: Hareketlerini ger\u00e7ekten g\u00f6rebiliyor muyum, yoksa onlar\u0131 tahmin mi ediyorum?<\/p>\n<p>\u015eimdiyi gelecekten hi\u00e7 ay\u0131rt etmiyorum art\u0131k. \u00c7\u00fcnk\u00fc, s\u00fcr\u00fcp gidiyor bu, yava\u015f da olsa ger\u00e7ekle\u015fiyor; ihtiyar, koskocaman erkek ayakkab\u0131lar\u0131n\u0131 s\u00fcr\u00fcye s\u00fcr\u00fcye ilerliyor \u0131ss\u0131z sokakta. Budur i\u015fte zaman, hem de \u00e7\u0131r\u0131l\u00e7\u0131plak zaman, yava\u015f\u00e7a var oluyor. Kendini beklettirir ve geldi\u011finde de tiksinti verir. \u00c7\u00fcnk\u00fc zaten, uzun s\u00fcredir onunla birlikte bulunuldu\u011funun fark\u0131na var\u0131l\u0131r. \u0130htiyar, soka\u011f\u0131n k\u00f6\u015fesine yakla\u015f\u0131yor. Ufac\u0131k kara bir kuma\u015f y\u0131\u011f\u0131n\u0131ndan ba\u015fka bir \u015fey de\u011fildir art\u0131k o. Evet, do\u011fru, bu, yeni bir \u015fey. Demin orada de\u011fildi. Ama bu, insan\u0131 \u015fa\u015f\u0131rtmayan tats\u0131z ve silik bir yenilik. Soka\u011f\u0131n k\u00f6\u015fesini d\u00f6nmek \u00fczere ihtiyar kad\u0131n, d\u00f6n\u00fcyor i\u015fte&#8230; Bitmek bilmeyen bir s\u00fcreden beri.<\/p>\n<p>Pencereden s\u00f6k\u00fcp at\u0131yorum kendimi. Sallana sallana odada ba\u015fl\u0131yorum dola\u015fmaya; birdenbire aynaya yap\u0131\u015f\u0131p kal\u0131yorum, kendime s\u00f6yle bir bak\u0131yorum, tiksiniyorum kendimden: Hala bitmez t\u00fckenmez bir s\u00fcre daha. Sonunda, bu g\u00f6r\u00fcnt\u00fcmden kurtulup yata\u011f\u0131n \u00fczerine y\u0131\u011f\u0131l\u0131yorum. Tavana bak\u0131yorum, bir uyuyabilsem.<\/p>\n<p style=\"text-align: justify;\">Sakinlik, sessizlik\u2026<\/p>\n<p>*******<\/p>\n<p>Bizden rahats\u0131z olan bir varolanlar y\u0131\u011f\u0131n\u0131, ne birilerinin, ne \u00f6tekilerinin;\u00a0 hi\u00e7birimizin burada olmak i\u00e7in en ufak\u00a0 hakk\u0131m\u0131z yok. Kar\u0131\u015f\u0131k ve belirsizce tedirgin olan her varolan di\u011ferlerine g\u00f6re\u00a0 kendini fazla hissetmektedir. Fazlal\u0131k, bu\u00a0 a\u011fa\u00e7lar, bu kafesler, bu \u00e7ak\u0131llar aras\u0131nda kurabilece\u011fim tek ili\u015fkidir.<\/p>\n<p>Bo\u015funa kestane a\u011fa\u00e7lar\u0131n\u0131 saymaya, onlar\u0131n yerlerini\u00a0 belirlemeye, y\u00fcksekliklerini \u00e7\u0131narlar\u0131nkiyle\u00a0 kar\u015f\u0131la\u015ft\u0131rmaya \u00e7al\u0131\u015ft\u0131m: onlar\u0131n herbiri, i\u00e7ine sokmaya \u00e7al\u0131\u015ft\u0131\u011f\u0131m bu ili\u015fkilerden\u00a0 ka\u00e7\u0131yor, yaln\u0131zla\u015f\u0131yor ve ta\u015f\u0131yordu.<\/p>\n<p>Bu\u00a0 ili\u015fkilerin (d\u00fcnyan\u0131n y\u0131k\u0131l\u0131\u015f\u0131n\u0131 geciktirmek\u00a0 i\u00e7in korumaya inat etti\u011fim \u00f6l\u00e7\u00fclerin, niceliklerin, y\u00f6nlerin ili\u015fkileri) keyfili\u011fini\u00a0 hissediyordum; art\u0131k \u015feyleri a\u015fm\u0131yorlard\u0131. \u015eurada, kar\u015f\u0131mda, biraz solda olan kestane a\u011fa\u00e7lar\u0131 fazlayd\u0131lar.<\/p>\n<p>(&#8230;)<\/p>\n<p>Ve ben, gev\u015fek, edepsiz, i\u00e7 karart\u0131c\u0131\u00a0 d\u00fc\u015f\u00fcnceleri sindiren, sallayan ben de\u00a0 fazlayd\u0131m. Bitkiler aras\u0131ndaki, bu \u00e7ak\u0131llar<br \/>\u00fczerindeki cesedim, kan\u0131m fazlayd\u0131.<\/p>\n<p>(&#8230;)<\/p>\n<p>Ve \u00e7\u00fcr\u00fcm\u00fc\u015f beden onu i\u00e7ine alan toprak i\u00e7in\u00a0 fazlayd\u0131 ve nihayet y\u0131kanm\u0131\u015f, derisi y\u00fcz\u00fclm\u00fc\u015f,\u00a0 di\u015fler gibi temiz olan kemiklerim de<br \/>fazlayd\u0131lar: ebediyete kadar fazlayd\u0131m. <\/p>\n<p><strong>Bulant\u0131 (La Nausee)<\/strong><\/p>\n","protected":false},"excerpt":{"rendered":"<p>Gelece\u011fi g\u00f6r\u00fcyorum. \u0130\u015fte orada, sokakta. \u015eimdiden daha silik\u00e7e. Daha ne bekliyor ger\u00e7ekle\u015fmek i\u00e7in sanki? Gelecek, bu ihtiyar kad\u0131na daha fazla ne sa\u011flayabilir ki? \u0130htiyar kad\u0131n topallayarak uzakla\u015f\u0131yor. Aniden duruyor. Ba\u015f\u00f6rt\u00fcs\u00fcnden sarkan akla\u015fm\u0131\u015f bir tutam sa\u00e7\u0131 yana do\u011fru itiyor. Yeniden y\u00fcr\u00fcmeye koyuluyor. Demin oradayd\u0131, simdi ise burada&#8230; Hi\u00e7 anlayam\u0131yorum i\u00e7inde bulundu\u011fum durumu: Hareketlerini ger\u00e7ekten g\u00f6rebiliyor muyum, [&hellip;]<\/p>\n","protected":false},"author":1,"featured_media":0,"comment_status":"open","ping_status":"open","sticky":false,"template":"","format":"standard","meta":{"footnotes":""},"categories":[103],"tags":[],"class_list":{"0":"post-4715","1":"post","2":"type-post","3":"status-publish","4":"format-standard","6":"category-felsefe-genel"},"yoast_head":"<!-- This site is optimized with the Yoast SEO Premium plugin v24.9 (Yoast SEO v24.9) - https:\/\/yoast.com\/wordpress\/plugins\/seo\/ -->\n<title>Gelece\u011fi g\u00f6r\u00fcyorum. \u0130\u015fte orada | Bulant\u0131 \u2013 Jean Paul Sartre - narteks.net<\/title>\n<meta name=\"robots\" content=\"index, follow, max-snippet:-1, max-image-preview:large, max-video-preview:-1\" \/>\n<link rel=\"canonical\" href=\"https:\/\/narteks.net\/index.php\/2010\/10\/13\/gelecegi-goruyorum-iste-orada-bulanti-jean-paul-sartre\/\" \/>\n<meta property=\"og:locale\" content=\"tr_TR\" \/>\n<meta property=\"og:type\" content=\"article\" \/>\n<meta property=\"og:title\" content=\"Gelece\u011fi g\u00f6r\u00fcyorum. \u0130\u015fte orada | Bulant\u0131 \u2013 Jean Paul Sartre\" \/>\n<meta property=\"og:description\" content=\"Gelece\u011fi g\u00f6r\u00fcyorum. \u0130\u015fte orada, sokakta. \u015eimdiden daha silik\u00e7e. Daha ne bekliyor ger\u00e7ekle\u015fmek i\u00e7in sanki? Gelecek, bu ihtiyar kad\u0131na daha fazla ne sa\u011flayabilir ki? \u0130htiyar kad\u0131n topallayarak uzakla\u015f\u0131yor. Aniden duruyor. Ba\u015f\u00f6rt\u00fcs\u00fcnden sarkan akla\u015fm\u0131\u015f bir tutam sa\u00e7\u0131 yana do\u011fru itiyor. Yeniden y\u00fcr\u00fcmeye koyuluyor. Demin oradayd\u0131, simdi ise burada&#8230; Hi\u00e7 anlayam\u0131yorum i\u00e7inde bulundu\u011fum durumu: Hareketlerini ger\u00e7ekten g\u00f6rebiliyor muyum, [&hellip;]\" \/>\n<meta property=\"og:url\" content=\"https:\/\/narteks.net\/index.php\/2010\/10\/13\/gelecegi-goruyorum-iste-orada-bulanti-jean-paul-sartre\/\" \/>\n<meta property=\"og:site_name\" content=\"narteks.net\" \/>\n<meta property=\"article:published_time\" content=\"2010-10-13T07:14:03+00:00\" \/>\n<meta property=\"og:image\" content=\"http:\/\/www.idefineme.co.uk\/wp-content\/uploads\/2010\/07\/jean-paul-sartre.jpg\" \/>\n<meta name=\"author\" content=\"Tar\u0131k\" \/>\n<meta name=\"twitter:card\" content=\"summary_large_image\" \/>\n<meta name=\"twitter:creator\" content=\"@narteks\" \/>\n<meta name=\"twitter:site\" content=\"@narteks\" \/>\n<meta name=\"twitter:label1\" content=\"Yazan:\" \/>\n\t<meta name=\"twitter:data1\" content=\"Tar\u0131k\" \/>\n\t<meta name=\"twitter:label2\" content=\"Tahmini okuma s\u00fcresi\" \/>\n\t<meta name=\"twitter:data2\" content=\"2 dakika\" \/>\n<script type=\"application\/ld+json\" class=\"yoast-schema-graph\">{\"@context\":\"https:\/\/schema.org\",\"@graph\":[{\"@type\":\"Article\",\"@id\":\"https:\/\/narteks.net\/index.php\/2010\/10\/13\/gelecegi-goruyorum-iste-orada-bulanti-jean-paul-sartre\/#article\",\"isPartOf\":{\"@id\":\"https:\/\/narteks.net\/index.php\/2010\/10\/13\/gelecegi-goruyorum-iste-orada-bulanti-jean-paul-sartre\/\"},\"author\":{\"name\":\"Tar\u0131k\",\"@id\":\"https:\/\/narteks.net\/#\/schema\/person\/61f37d9834294b72d31d274e7ed79bca\"},\"headline\":\"Gelece\u011fi g\u00f6r\u00fcyorum. \u0130\u015fte orada | Bulant\u0131 \u2013 Jean Paul Sartre\",\"datePublished\":\"2010-10-13T07:14:03+00:00\",\"mainEntityOfPage\":{\"@id\":\"https:\/\/narteks.net\/index.php\/2010\/10\/13\/gelecegi-goruyorum-iste-orada-bulanti-jean-paul-sartre\/\"},\"wordCount\":497,\"commentCount\":0,\"publisher\":{\"@id\":\"https:\/\/narteks.net\/#organization\"},\"image\":{\"@id\":\"https:\/\/narteks.net\/index.php\/2010\/10\/13\/gelecegi-goruyorum-iste-orada-bulanti-jean-paul-sartre\/#primaryimage\"},\"thumbnailUrl\":\"http:\/\/www.idefineme.co.uk\/wp-content\/uploads\/2010\/07\/jean-paul-sartre.jpg\",\"articleSection\":[\"Felsefe (Genel)\"],\"inLanguage\":\"tr\",\"potentialAction\":[{\"@type\":\"CommentAction\",\"name\":\"Comment\",\"target\":[\"https:\/\/narteks.net\/index.php\/2010\/10\/13\/gelecegi-goruyorum-iste-orada-bulanti-jean-paul-sartre\/#respond\"]}]},{\"@type\":\"WebPage\",\"@id\":\"https:\/\/narteks.net\/index.php\/2010\/10\/13\/gelecegi-goruyorum-iste-orada-bulanti-jean-paul-sartre\/\",\"url\":\"https:\/\/narteks.net\/index.php\/2010\/10\/13\/gelecegi-goruyorum-iste-orada-bulanti-jean-paul-sartre\/\",\"name\":\"Gelece\u011fi g\u00f6r\u00fcyorum. \u0130\u015fte orada | Bulant\u0131 \u2013 Jean Paul Sartre - narteks.net\",\"isPartOf\":{\"@id\":\"https:\/\/narteks.net\/#website\"},\"primaryImageOfPage\":{\"@id\":\"https:\/\/narteks.net\/index.php\/2010\/10\/13\/gelecegi-goruyorum-iste-orada-bulanti-jean-paul-sartre\/#primaryimage\"},\"image\":{\"@id\":\"https:\/\/narteks.net\/index.php\/2010\/10\/13\/gelecegi-goruyorum-iste-orada-bulanti-jean-paul-sartre\/#primaryimage\"},\"thumbnailUrl\":\"http:\/\/www.idefineme.co.uk\/wp-content\/uploads\/2010\/07\/jean-paul-sartre.jpg\",\"datePublished\":\"2010-10-13T07:14:03+00:00\",\"breadcrumb\":{\"@id\":\"https:\/\/narteks.net\/index.php\/2010\/10\/13\/gelecegi-goruyorum-iste-orada-bulanti-jean-paul-sartre\/#breadcrumb\"},\"inLanguage\":\"tr\",\"potentialAction\":[{\"@type\":\"ReadAction\",\"target\":[\"https:\/\/narteks.net\/index.php\/2010\/10\/13\/gelecegi-goruyorum-iste-orada-bulanti-jean-paul-sartre\/\"]}]},{\"@type\":\"ImageObject\",\"inLanguage\":\"tr\",\"@id\":\"https:\/\/narteks.net\/index.php\/2010\/10\/13\/gelecegi-goruyorum-iste-orada-bulanti-jean-paul-sartre\/#primaryimage\",\"url\":\"http:\/\/www.idefineme.co.uk\/wp-content\/uploads\/2010\/07\/jean-paul-sartre.jpg\",\"contentUrl\":\"http:\/\/www.idefineme.co.uk\/wp-content\/uploads\/2010\/07\/jean-paul-sartre.jpg\"},{\"@type\":\"BreadcrumbList\",\"@id\":\"https:\/\/narteks.net\/index.php\/2010\/10\/13\/gelecegi-goruyorum-iste-orada-bulanti-jean-paul-sartre\/#breadcrumb\",\"itemListElement\":[{\"@type\":\"ListItem\",\"position\":1,\"name\":\"Anasayfa\",\"item\":\"https:\/\/narteks.net\/\"},{\"@type\":\"ListItem\",\"position\":2,\"name\":\"Gelece\u011fi g\u00f6r\u00fcyorum. \u0130\u015fte orada | Bulant\u0131 \u2013 Jean Paul Sartre\"}]},{\"@type\":\"WebSite\",\"@id\":\"https:\/\/narteks.net\/#website\",\"url\":\"https:\/\/narteks.net\/\",\"name\":\"narteks.net\",\"description\":\"K\u00fclt\u00fcr Sanat Edebiyat Felsefe\",\"publisher\":{\"@id\":\"https:\/\/narteks.net\/#organization\"},\"alternateName\":\"K\u00fclt\u00fcr Sanat Edebiyat Felsefe\",\"potentialAction\":[{\"@type\":\"SearchAction\",\"target\":{\"@type\":\"EntryPoint\",\"urlTemplate\":\"https:\/\/narteks.net\/?s={search_term_string}\"},\"query-input\":{\"@type\":\"PropertyValueSpecification\",\"valueRequired\":true,\"valueName\":\"search_term_string\"}}],\"inLanguage\":\"tr\"},{\"@type\":\"Organization\",\"@id\":\"https:\/\/narteks.net\/#organization\",\"name\":\"narteks.net\",\"url\":\"https:\/\/narteks.net\/\",\"logo\":{\"@type\":\"ImageObject\",\"inLanguage\":\"tr\",\"@id\":\"https:\/\/narteks.net\/#\/schema\/logo\/image\/\",\"url\":\"https:\/\/narteks.net\/wp-content\/uploads\/narteks.png\",\"contentUrl\":\"https:\/\/narteks.net\/wp-content\/uploads\/narteks.png\",\"width\":300,\"height\":90,\"caption\":\"narteks.net\"},\"image\":{\"@id\":\"https:\/\/narteks.net\/#\/schema\/logo\/image\/\"},\"sameAs\":[\"https:\/\/x.com\/narteks\",\"https:\/\/instagram.com\/narteksnet\"]},{\"@type\":\"Person\",\"@id\":\"https:\/\/narteks.net\/#\/schema\/person\/61f37d9834294b72d31d274e7ed79bca\",\"name\":\"Tar\u0131k\",\"image\":{\"@type\":\"ImageObject\",\"inLanguage\":\"tr\",\"@id\":\"https:\/\/narteks.net\/#\/schema\/person\/image\/\",\"url\":\"https:\/\/secure.gravatar.com\/avatar\/50865afb55632c4ae467e0af0930f6510aa2297d8014be502a55b14f3b7550cf?s=96&d=mm&r=g\",\"contentUrl\":\"https:\/\/secure.gravatar.com\/avatar\/50865afb55632c4ae467e0af0930f6510aa2297d8014be502a55b14f3b7550cf?s=96&d=mm&r=g\",\"caption\":\"Tar\u0131k\"},\"sameAs\":[\"http:\/\/narteks.net\"],\"url\":\"https:\/\/narteks.net\/index.php\/author\/narbak\/\"}]}<\/script>\n<!-- \/ Yoast SEO Premium plugin. -->","yoast_head_json":{"title":"Gelece\u011fi g\u00f6r\u00fcyorum. \u0130\u015fte orada | Bulant\u0131 \u2013 Jean Paul Sartre - narteks.net","robots":{"index":"index","follow":"follow","max-snippet":"max-snippet:-1","max-image-preview":"max-image-preview:large","max-video-preview":"max-video-preview:-1"},"canonical":"https:\/\/narteks.net\/index.php\/2010\/10\/13\/gelecegi-goruyorum-iste-orada-bulanti-jean-paul-sartre\/","og_locale":"tr_TR","og_type":"article","og_title":"Gelece\u011fi g\u00f6r\u00fcyorum. \u0130\u015fte orada | Bulant\u0131 \u2013 Jean Paul Sartre","og_description":"Gelece\u011fi g\u00f6r\u00fcyorum. \u0130\u015fte orada, sokakta. \u015eimdiden daha silik\u00e7e. Daha ne bekliyor ger\u00e7ekle\u015fmek i\u00e7in sanki? Gelecek, bu ihtiyar kad\u0131na daha fazla ne sa\u011flayabilir ki? \u0130htiyar kad\u0131n topallayarak uzakla\u015f\u0131yor. Aniden duruyor. Ba\u015f\u00f6rt\u00fcs\u00fcnden sarkan akla\u015fm\u0131\u015f bir tutam sa\u00e7\u0131 yana do\u011fru itiyor. Yeniden y\u00fcr\u00fcmeye koyuluyor. Demin oradayd\u0131, simdi ise burada&#8230; Hi\u00e7 anlayam\u0131yorum i\u00e7inde bulundu\u011fum durumu: Hareketlerini ger\u00e7ekten g\u00f6rebiliyor muyum, [&hellip;]","og_url":"https:\/\/narteks.net\/index.php\/2010\/10\/13\/gelecegi-goruyorum-iste-orada-bulanti-jean-paul-sartre\/","og_site_name":"narteks.net","article_published_time":"2010-10-13T07:14:03+00:00","og_image":[{"url":"http:\/\/www.idefineme.co.uk\/wp-content\/uploads\/2010\/07\/jean-paul-sartre.jpg","type":"","width":"","height":""}],"author":"Tar\u0131k","twitter_card":"summary_large_image","twitter_creator":"@narteks","twitter_site":"@narteks","twitter_misc":{"Yazan:":"Tar\u0131k","Tahmini okuma s\u00fcresi":"2 dakika"},"schema":{"@context":"https:\/\/schema.org","@graph":[{"@type":"Article","@id":"https:\/\/narteks.net\/index.php\/2010\/10\/13\/gelecegi-goruyorum-iste-orada-bulanti-jean-paul-sartre\/#article","isPartOf":{"@id":"https:\/\/narteks.net\/index.php\/2010\/10\/13\/gelecegi-goruyorum-iste-orada-bulanti-jean-paul-sartre\/"},"author":{"name":"Tar\u0131k","@id":"https:\/\/narteks.net\/#\/schema\/person\/61f37d9834294b72d31d274e7ed79bca"},"headline":"Gelece\u011fi g\u00f6r\u00fcyorum. \u0130\u015fte orada | Bulant\u0131 \u2013 Jean Paul Sartre","datePublished":"2010-10-13T07:14:03+00:00","mainEntityOfPage":{"@id":"https:\/\/narteks.net\/index.php\/2010\/10\/13\/gelecegi-goruyorum-iste-orada-bulanti-jean-paul-sartre\/"},"wordCount":497,"commentCount":0,"publisher":{"@id":"https:\/\/narteks.net\/#organization"},"image":{"@id":"https:\/\/narteks.net\/index.php\/2010\/10\/13\/gelecegi-goruyorum-iste-orada-bulanti-jean-paul-sartre\/#primaryimage"},"thumbnailUrl":"http:\/\/www.idefineme.co.uk\/wp-content\/uploads\/2010\/07\/jean-paul-sartre.jpg","articleSection":["Felsefe (Genel)"],"inLanguage":"tr","potentialAction":[{"@type":"CommentAction","name":"Comment","target":["https:\/\/narteks.net\/index.php\/2010\/10\/13\/gelecegi-goruyorum-iste-orada-bulanti-jean-paul-sartre\/#respond"]}]},{"@type":"WebPage","@id":"https:\/\/narteks.net\/index.php\/2010\/10\/13\/gelecegi-goruyorum-iste-orada-bulanti-jean-paul-sartre\/","url":"https:\/\/narteks.net\/index.php\/2010\/10\/13\/gelecegi-goruyorum-iste-orada-bulanti-jean-paul-sartre\/","name":"Gelece\u011fi g\u00f6r\u00fcyorum. \u0130\u015fte orada | Bulant\u0131 \u2013 Jean Paul Sartre - narteks.net","isPartOf":{"@id":"https:\/\/narteks.net\/#website"},"primaryImageOfPage":{"@id":"https:\/\/narteks.net\/index.php\/2010\/10\/13\/gelecegi-goruyorum-iste-orada-bulanti-jean-paul-sartre\/#primaryimage"},"image":{"@id":"https:\/\/narteks.net\/index.php\/2010\/10\/13\/gelecegi-goruyorum-iste-orada-bulanti-jean-paul-sartre\/#primaryimage"},"thumbnailUrl":"http:\/\/www.idefineme.co.uk\/wp-content\/uploads\/2010\/07\/jean-paul-sartre.jpg","datePublished":"2010-10-13T07:14:03+00:00","breadcrumb":{"@id":"https:\/\/narteks.net\/index.php\/2010\/10\/13\/gelecegi-goruyorum-iste-orada-bulanti-jean-paul-sartre\/#breadcrumb"},"inLanguage":"tr","potentialAction":[{"@type":"ReadAction","target":["https:\/\/narteks.net\/index.php\/2010\/10\/13\/gelecegi-goruyorum-iste-orada-bulanti-jean-paul-sartre\/"]}]},{"@type":"ImageObject","inLanguage":"tr","@id":"https:\/\/narteks.net\/index.php\/2010\/10\/13\/gelecegi-goruyorum-iste-orada-bulanti-jean-paul-sartre\/#primaryimage","url":"http:\/\/www.idefineme.co.uk\/wp-content\/uploads\/2010\/07\/jean-paul-sartre.jpg","contentUrl":"http:\/\/www.idefineme.co.uk\/wp-content\/uploads\/2010\/07\/jean-paul-sartre.jpg"},{"@type":"BreadcrumbList","@id":"https:\/\/narteks.net\/index.php\/2010\/10\/13\/gelecegi-goruyorum-iste-orada-bulanti-jean-paul-sartre\/#breadcrumb","itemListElement":[{"@type":"ListItem","position":1,"name":"Anasayfa","item":"https:\/\/narteks.net\/"},{"@type":"ListItem","position":2,"name":"Gelece\u011fi g\u00f6r\u00fcyorum. \u0130\u015fte orada | Bulant\u0131 \u2013 Jean Paul Sartre"}]},{"@type":"WebSite","@id":"https:\/\/narteks.net\/#website","url":"https:\/\/narteks.net\/","name":"narteks.net","description":"K\u00fclt\u00fcr Sanat Edebiyat Felsefe","publisher":{"@id":"https:\/\/narteks.net\/#organization"},"alternateName":"K\u00fclt\u00fcr Sanat Edebiyat Felsefe","potentialAction":[{"@type":"SearchAction","target":{"@type":"EntryPoint","urlTemplate":"https:\/\/narteks.net\/?s={search_term_string}"},"query-input":{"@type":"PropertyValueSpecification","valueRequired":true,"valueName":"search_term_string"}}],"inLanguage":"tr"},{"@type":"Organization","@id":"https:\/\/narteks.net\/#organization","name":"narteks.net","url":"https:\/\/narteks.net\/","logo":{"@type":"ImageObject","inLanguage":"tr","@id":"https:\/\/narteks.net\/#\/schema\/logo\/image\/","url":"https:\/\/narteks.net\/wp-content\/uploads\/narteks.png","contentUrl":"https:\/\/narteks.net\/wp-content\/uploads\/narteks.png","width":300,"height":90,"caption":"narteks.net"},"image":{"@id":"https:\/\/narteks.net\/#\/schema\/logo\/image\/"},"sameAs":["https:\/\/x.com\/narteks","https:\/\/instagram.com\/narteksnet"]},{"@type":"Person","@id":"https:\/\/narteks.net\/#\/schema\/person\/61f37d9834294b72d31d274e7ed79bca","name":"Tar\u0131k","image":{"@type":"ImageObject","inLanguage":"tr","@id":"https:\/\/narteks.net\/#\/schema\/person\/image\/","url":"https:\/\/secure.gravatar.com\/avatar\/50865afb55632c4ae467e0af0930f6510aa2297d8014be502a55b14f3b7550cf?s=96&d=mm&r=g","contentUrl":"https:\/\/secure.gravatar.com\/avatar\/50865afb55632c4ae467e0af0930f6510aa2297d8014be502a55b14f3b7550cf?s=96&d=mm&r=g","caption":"Tar\u0131k"},"sameAs":["http:\/\/narteks.net"],"url":"https:\/\/narteks.net\/index.php\/author\/narbak\/"}]}},"_links":{"self":[{"href":"https:\/\/narteks.net\/index.php\/wp-json\/wp\/v2\/posts\/4715","targetHints":{"allow":["GET"]}}],"collection":[{"href":"https:\/\/narteks.net\/index.php\/wp-json\/wp\/v2\/posts"}],"about":[{"href":"https:\/\/narteks.net\/index.php\/wp-json\/wp\/v2\/types\/post"}],"author":[{"embeddable":true,"href":"https:\/\/narteks.net\/index.php\/wp-json\/wp\/v2\/users\/1"}],"replies":[{"embeddable":true,"href":"https:\/\/narteks.net\/index.php\/wp-json\/wp\/v2\/comments?post=4715"}],"version-history":[{"count":0,"href":"https:\/\/narteks.net\/index.php\/wp-json\/wp\/v2\/posts\/4715\/revisions"}],"wp:attachment":[{"href":"https:\/\/narteks.net\/index.php\/wp-json\/wp\/v2\/media?parent=4715"}],"wp:term":[{"taxonomy":"category","embeddable":true,"href":"https:\/\/narteks.net\/index.php\/wp-json\/wp\/v2\/categories?post=4715"},{"taxonomy":"post_tag","embeddable":true,"href":"https:\/\/narteks.net\/index.php\/wp-json\/wp\/v2\/tags?post=4715"}],"curies":[{"name":"wp","href":"https:\/\/api.w.org\/{rel}","templated":true}]}}