{"id":4724,"date":"2010-10-16T14:22:30","date_gmt":"2010-10-16T11:22:30","guid":{"rendered":"http:\/\/localhost\/wordpress\/2010\/10\/16\/veda-4\/"},"modified":"2010-10-16T14:22:30","modified_gmt":"2010-10-16T11:22:30","slug":"veda-4","status":"publish","type":"post","link":"https:\/\/narteks.net\/index.php\/2010\/10\/16\/veda-4\/","title":{"rendered":"VEDA"},"content":{"rendered":"<p>\u00a0<\/p>\n<p>Anneci\u011fim , a\u011flama! <br \/> Evet , o\u011flun bir \u00e7eteci; <br \/> Ba\u015fkald\u0131ran bir \u00e7eteci! <br \/> Daha do\u011fdu\u011fu g\u00fcnden beri , <br \/> Belliydi , sana yaslar b\u0131rakaca\u011f\u0131. <br \/> A\u011flama anne , lanetle yaln\u0131zca , <br \/> T\u00fcrklerin yapt\u0131\u011f\u0131 zul\u00fcm\u00fc; <br \/> Bize ve gen\u00e7lerimize! <br \/> Garip diyarlar\u0131n , gizli h\u00fcz\u00fcnleri; <br \/> Bize gelen ve s\u00fcrg\u00fcne g\u00f6nderen sonra , <br \/> Yersiz ve yurtsuz b\u0131rakarak \u00e7ocuklar\u0131n\u0131. <br \/> Ve sevgiden yoksun kalma anne! <br \/> \u00c7\u00fcnk\u00fc , ondan yoksun kalanlar; <br \/> Her \u015feyden yoksun kal\u0131r! <\/p>\n<p> Biliyorum anne , beni sevdi\u011fini; <br \/> Biliyorum , gen\u00e7 \u00f6lece\u011fimi de! <br \/> Yar\u0131n , belki de beyaz Tuna&#8217;da , <br \/> Erece\u011fim sonsuz huzura. <br \/> S\u00f6yle bana ne yapay\u0131m? <br \/> Sensin , bana bu uslanmaz kalbi veren;anlayan da sen! <br \/> Bu kahraman kalbi s\u00f6yle ne yapay\u0131m? <br \/> Bu kalp ki , bir T\u00fcrk g\u00f6rmeye dayanamaz; <br \/> Atalar\u0131m\u0131n mezarlar\u0131 \u00fcst\u00fcnde. <br \/> B\u00fcy\u00fcd\u00fc\u011f\u00fcm bu vatanda , <br \/> \u0130lk s\u00fct\u00fcm\u00fc i\u00e7ti\u011fim , <br \/> \u0130lk a\u015fklar\u0131m\u0131n \u00fclkesi olan bu diyarda; <br \/> Onlar\u0131n karanl\u0131k bak\u0131\u015flar\u0131na dayanamaz. <br \/> Yaral\u0131 y\u00fcre\u011fime korku salamaz , <br \/> Hi\u00e7 biri daha fazla. <\/p>\n<p> De\u011fil mi ki , babam ve karde\u015flerim de , <br \/> Ben mutlu olay\u0131m diye ac\u0131 \u00e7ekti. <br \/> Ey anneci\u011fim , ey kahraman kad\u0131n! <br \/> Elveda ve ba\u011f\u0131\u015fla beni! <br \/> S\u0131rt\u0131mda \u00e7antam , elimde t\u00fcfek , <br \/> Halk beni \u00e7a\u011f\u0131r\u0131yor k\u00fckreyerek , <br \/> D\u00fc\u015fmana kar\u015f\u0131 sava\u015fmaya; <br \/> Bana can verenler i\u00e7in , <br \/> Senin i\u00e7in , babam i\u00e7in , karde\u015flerim i\u00e7in! <\/p>\n<p> Anne , e\u011fer duyarsan kendi aln\u0131nda , <br \/> Bir merminin f\u0131s\u0131lt\u0131s\u0131n\u0131 , <br \/> E\u011fer , gar\u0131n dolup bo\u015fald\u0131\u011f\u0131n\u0131 g\u00f6r\u00fcrsen; <br \/> \u00c7\u0131k evden , o\u011flundan kalan ne varsa <br \/> Ve son an\u0131lar\u0131 da al yan\u0131na! <br \/> Sana derlerse ki , vurulup d\u00fc\u015ft\u00fc o\u011flun , <br \/> Bir top mermisiyle; <br \/> O zaman , a\u011flama sak\u0131n anne , <br \/> \u0130nanma , sana gelen k\u00f6t\u00fc habere! <br \/> &#8220;Bir sersem gibi hareket etmi\u015fti!&#8221; derlerse; <br \/> Sak\u0131n kulak verme , b\u00f6yle s\u00f6zlere! <br \/> Eve d\u00f6n ve g\u00fczel masallar anlat kendine <br \/> Bilsinler ki , o\u011flun onuruyla d\u00fc\u015ft\u00fc topra\u011fa; <br \/> Vatan\u0131 i\u00e7in , \u00e7ok uzak diyarlarda. <br \/> Bu mutsuzluk , zarar vermesin k\u0131r\u0131lgan y\u00fcre\u011fine; <br \/> Sak\u0131n ba\u015f\u0131n\u0131 e\u011fme , T\u00fcrkler \u00f6n\u00fcnde! <br \/> G\u00f6remezsin , yoksul insanlar\u0131n ac\u0131lar\u0131n\u0131; <br \/> Asla , bir yak\u0131n\u0131n\u0131 kaybetmeksizin! <br \/> S\u00f6yle onlara anne;yal\u00e7\u0131n kayal\u0131klar\u0131n ard\u0131ndan , <br \/> Huzurlu bir d\u00fcnyay\u0131 aramaya gitti\u011fimi! <br \/> Bembeyaz ve diri bedenimle , <br \/> U\u00e7maktay\u0131m kayal\u0131klar\u0131n \u00fczerinde; <br \/> Siyah kan\u0131m , \u00e7orak toprakta. <\/p>\n<p> Asla bulamas\u0131nlar t\u00fcfe\u011fimi anne; <br \/> Kumlara g\u00f6ms\u00fcnler! <br \/> Ve zalimleri anlats\u0131n herkes birbirine; <br \/> Sonra , e\u011filip topra\u011f\u0131m\u0131 ok\u015fas\u0131nlar! <br \/> Anne , e\u011fer ac\u0131n dayan\u0131lmaz olursa , <br \/> Yat\u0131\u015ft\u0131r kendini t\u00fcm bunlarla! <br \/> Toplay\u0131p ba\u015fucuna gen\u00e7 k\u0131zlar\u0131 , <br \/> O\u011flunun \u00f6yk\u00fcs\u00fcn\u00fc anlat onlara! <br \/> Horon tepip , dans edecekler etraf\u0131nda <br \/> Ve gen\u00e7 adamlar geldi\u011finde kap\u0131na , <br \/> H\u00fcz\u00fcnl\u00fc a\u015fk\u0131m\u0131 getirdiklerinde sana; <br \/> Benim k\u00fc\u00e7\u00fck karde\u015flerimmi\u015f gibi , <br \/> Severek dinle ve konu\u015f onlarla! <br \/> Nas\u0131l ve ni\u00e7in topra\u011fa d\u00fc\u015ft\u00fcm , <br \/> Son s\u00f6zlerim neydi \u00f6l\u00fcrken ; sor onlara! <br \/> G\u00f6receksin ki , zavall\u0131 anneci\u011fim , <br \/> Onlar\u0131n \u00e7\u0131\u011fl\u0131klar\u0131 ve sesleri ne\u015feyle \u00e7\u0131nlayacak , <br \/> G\u00f6zlerin , onlar\u0131n g\u00f6zlerinde sanki bir an ; <br \/> Benimkilerle kar\u015f\u0131la\u015facak! <br \/> Derin bir i\u00e7 \u00e7eki\u015fle rahatlayacaks\u0131n , <br \/> \u0130ki kalp duyacaks\u0131n i\u00e7inde \u00e7arpan ; <br \/> Biri benimkiyse , \u00f6b\u00fcr\u00fc seninki. <br \/> \u0130ki iri g\u00f6zya\u015f\u0131 damlayacak sessizce; <br \/> Ya\u015fl\u0131 bir kalple , gen\u00e7 bir kalbin \u00fcst\u00fcne! <br \/> Bunu g\u00f6recek olan karde\u015flerim , <br \/> Sevecek ve nefret edecekler , ayn\u0131 benim gibi; <br \/> Ya da a\u011flayacak ve g\u00fclecekler yaln\u0131zca. <\/p>\n<p> Ama e\u011fer , sevgili anneci\u011fim , <br \/> Geri d\u00f6necek olursam k\u00f6y\u00fcm\u00fcze sa\u011fl\u0131cakla , <br \/> Elimde bayrak , y\u00fcz\u00fcmde bir zafer g\u00fcl\u00fcmsemesiyle , <br \/> Arkada\u015flar\u0131mla ayn\u0131 giysiler i\u00e7inde , <br \/> Alt\u0131n bir aslan heykeli gibi \u0131\u015f\u0131lt\u0131l\u0131 , <br \/> Omuzumda , ince t\u00fcfe\u011fimin g\u00f6rkemi , <br \/> Ku\u015fand\u0131\u011f\u0131m haliyle , k\u0131l\u0131c\u0131m yan\u0131mda olacak yine; <br \/> O zaman , kahraman g\u00f6r\u00fcn\u00fcr\u00fcm anne! <br \/> \u00c7i\u00e7ekler topla bah\u00e7eden; <br \/> B\u00fcy\u00fck bir sardunya demeti yap! <br \/> Ve sarma\u015f\u0131klardan bir ta\u00e7 kondur aln\u0131na; <br \/> Yasla o g\u00fczel ba\u015f\u0131n\u0131 t\u00fcfe\u011fime! <br \/> Sen anne , co\u015fkuyla kar\u015f\u0131lamaya gel beni; <br \/> Tatl\u0131 bir \u00f6p\u00fcc\u00fck kondur , saf ve temiz aln\u0131ma <br \/> Ve \u015fu y\u00fcce s\u00f6zleri m\u0131r\u0131ldan kula\u011f\u0131ma; <br \/> &#8220;Ya \u00f6zg\u00fcr ya\u015fa , ya da yi\u011fit\u00e7e \u00f6l!&#8221; <br \/> Yorgun ba\u015f\u0131m\u0131 yaslayaca\u011f\u0131m , yava\u015f\u00e7a omuzlar\u0131na , <br \/> Kanl\u0131 ellerimle bast\u0131raca\u011f\u0131m , \u00e7arpan kahraman kalbimi , <br \/> \u0130\u00e7ece\u011fim kana kana g\u00f6z ya\u015flar\u0131m\u0131 , bir \u00f6p\u00fcc\u00fck gibi! <\/p>\n<p> Ve sonra , anneci\u011fim affet beni! <br \/> Sen sevdi\u011fim varl\u0131k , unutma; <br \/> Bu d\u00fcnyadan erken g\u00f6\u00e7\u00fcp gidenleri! <br \/> Yol \u00e7etin , ancak zafer mu\u015ftuluyor , <br \/> Orada , d\u00fc\u015f\u00fcp \u00f6lmek de var gen\u00e7 ya\u015fta; <br \/> Ba\u015fka bir g\u00fcnde , halk \u015f\u00f6yle seslenecek duyuyorum: <br \/> &#8220;Adalet u\u011fruna \u00f6lm\u00fc\u015f bir yoksul; <br \/> adalet ve \u00f6zg\u00fcrl\u00fck ad\u0131na!&#8221;<\/p>\n<p>Hristo BOTEV<\/p>\n","protected":false},"excerpt":{"rendered":"<p>\u00a0 Anneci\u011fim , a\u011flama! Evet , o\u011flun bir \u00e7eteci; Ba\u015fkald\u0131ran bir \u00e7eteci! Daha do\u011fdu\u011fu g\u00fcnden beri , Belliydi , sana yaslar b\u0131rakaca\u011f\u0131. A\u011flama anne , lanetle yaln\u0131zca , T\u00fcrklerin yapt\u0131\u011f\u0131 zul\u00fcm\u00fc; Bize ve gen\u00e7lerimize! Garip diyarlar\u0131n , gizli h\u00fcz\u00fcnleri; Bize gelen ve s\u00fcrg\u00fcne g\u00f6nderen sonra , Yersiz ve yurtsuz b\u0131rakarak \u00e7ocuklar\u0131n\u0131. Ve sevgiden yoksun kalma [&hellip;]<\/p>\n","protected":false},"author":1,"featured_media":0,"comment_status":"open","ping_status":"open","sticky":false,"template":"","format":"standard","meta":{"footnotes":""},"categories":[150],"tags":[],"class_list":{"0":"post-4724","1":"post","2":"type-post","3":"status-publish","4":"format-standard","6":"category-hristo-botev"},"yoast_head":"<!-- This site is optimized with the Yoast SEO Premium plugin v24.9 (Yoast SEO v24.9) - https:\/\/yoast.com\/wordpress\/plugins\/seo\/ -->\n<title>VEDA - narteks.net<\/title>\n<meta name=\"robots\" content=\"index, follow, max-snippet:-1, max-image-preview:large, max-video-preview:-1\" \/>\n<link rel=\"canonical\" href=\"https:\/\/narteks.net\/index.php\/2010\/10\/16\/veda-4\/\" \/>\n<meta property=\"og:locale\" content=\"tr_TR\" \/>\n<meta property=\"og:type\" content=\"article\" \/>\n<meta property=\"og:title\" content=\"VEDA\" \/>\n<meta property=\"og:description\" content=\"\u00a0 Anneci\u011fim , a\u011flama! Evet , o\u011flun bir \u00e7eteci; Ba\u015fkald\u0131ran bir \u00e7eteci! Daha do\u011fdu\u011fu g\u00fcnden beri , Belliydi , sana yaslar b\u0131rakaca\u011f\u0131. A\u011flama anne , lanetle yaln\u0131zca , T\u00fcrklerin yapt\u0131\u011f\u0131 zul\u00fcm\u00fc; Bize ve gen\u00e7lerimize! Garip diyarlar\u0131n , gizli h\u00fcz\u00fcnleri; Bize gelen ve s\u00fcrg\u00fcne g\u00f6nderen sonra , Yersiz ve yurtsuz b\u0131rakarak \u00e7ocuklar\u0131n\u0131. Ve sevgiden yoksun kalma [&hellip;]\" \/>\n<meta property=\"og:url\" content=\"https:\/\/narteks.net\/index.php\/2010\/10\/16\/veda-4\/\" \/>\n<meta property=\"og:site_name\" content=\"narteks.net\" \/>\n<meta property=\"article:published_time\" content=\"2010-10-16T11:22:30+00:00\" \/>\n<meta property=\"og:image\" content=\"https:\/\/narteks.net\/wp-content\/uploads\/narteks.png\" \/>\n\t<meta property=\"og:image:width\" content=\"300\" \/>\n\t<meta property=\"og:image:height\" content=\"90\" \/>\n\t<meta property=\"og:image:type\" content=\"image\/png\" \/>\n<meta name=\"author\" content=\"Tar\u0131k\" \/>\n<meta name=\"twitter:card\" content=\"summary_large_image\" \/>\n<meta name=\"twitter:creator\" content=\"@narteks\" \/>\n<meta name=\"twitter:site\" content=\"@narteks\" \/>\n<meta name=\"twitter:label1\" content=\"Yazan:\" \/>\n\t<meta name=\"twitter:data1\" content=\"Tar\u0131k\" \/>\n\t<meta name=\"twitter:label2\" content=\"Tahmini okuma s\u00fcresi\" \/>\n\t<meta name=\"twitter:data2\" content=\"4 dakika\" \/>\n<script type=\"application\/ld+json\" class=\"yoast-schema-graph\">{\"@context\":\"https:\/\/schema.org\",\"@graph\":[{\"@type\":\"Article\",\"@id\":\"https:\/\/narteks.net\/index.php\/2010\/10\/16\/veda-4\/#article\",\"isPartOf\":{\"@id\":\"https:\/\/narteks.net\/index.php\/2010\/10\/16\/veda-4\/\"},\"author\":{\"name\":\"Tar\u0131k\",\"@id\":\"https:\/\/narteks.net\/#\/schema\/person\/61f37d9834294b72d31d274e7ed79bca\"},\"headline\":\"VEDA\",\"datePublished\":\"2010-10-16T11:22:30+00:00\",\"mainEntityOfPage\":{\"@id\":\"https:\/\/narteks.net\/index.php\/2010\/10\/16\/veda-4\/\"},\"wordCount\":827,\"commentCount\":0,\"publisher\":{\"@id\":\"https:\/\/narteks.net\/#organization\"},\"articleSection\":[\"Hristo BOTEV\"],\"inLanguage\":\"tr\",\"potentialAction\":[{\"@type\":\"CommentAction\",\"name\":\"Comment\",\"target\":[\"https:\/\/narteks.net\/index.php\/2010\/10\/16\/veda-4\/#respond\"]}]},{\"@type\":\"WebPage\",\"@id\":\"https:\/\/narteks.net\/index.php\/2010\/10\/16\/veda-4\/\",\"url\":\"https:\/\/narteks.net\/index.php\/2010\/10\/16\/veda-4\/\",\"name\":\"VEDA - narteks.net\",\"isPartOf\":{\"@id\":\"https:\/\/narteks.net\/#website\"},\"datePublished\":\"2010-10-16T11:22:30+00:00\",\"breadcrumb\":{\"@id\":\"https:\/\/narteks.net\/index.php\/2010\/10\/16\/veda-4\/#breadcrumb\"},\"inLanguage\":\"tr\",\"potentialAction\":[{\"@type\":\"ReadAction\",\"target\":[\"https:\/\/narteks.net\/index.php\/2010\/10\/16\/veda-4\/\"]}]},{\"@type\":\"BreadcrumbList\",\"@id\":\"https:\/\/narteks.net\/index.php\/2010\/10\/16\/veda-4\/#breadcrumb\",\"itemListElement\":[{\"@type\":\"ListItem\",\"position\":1,\"name\":\"Anasayfa\",\"item\":\"https:\/\/narteks.net\/\"},{\"@type\":\"ListItem\",\"position\":2,\"name\":\"VEDA\"}]},{\"@type\":\"WebSite\",\"@id\":\"https:\/\/narteks.net\/#website\",\"url\":\"https:\/\/narteks.net\/\",\"name\":\"narteks.net\",\"description\":\"K\u00fclt\u00fcr Sanat Edebiyat Felsefe\",\"publisher\":{\"@id\":\"https:\/\/narteks.net\/#organization\"},\"alternateName\":\"K\u00fclt\u00fcr Sanat Edebiyat Felsefe\",\"potentialAction\":[{\"@type\":\"SearchAction\",\"target\":{\"@type\":\"EntryPoint\",\"urlTemplate\":\"https:\/\/narteks.net\/?s={search_term_string}\"},\"query-input\":{\"@type\":\"PropertyValueSpecification\",\"valueRequired\":true,\"valueName\":\"search_term_string\"}}],\"inLanguage\":\"tr\"},{\"@type\":\"Organization\",\"@id\":\"https:\/\/narteks.net\/#organization\",\"name\":\"narteks.net\",\"url\":\"https:\/\/narteks.net\/\",\"logo\":{\"@type\":\"ImageObject\",\"inLanguage\":\"tr\",\"@id\":\"https:\/\/narteks.net\/#\/schema\/logo\/image\/\",\"url\":\"https:\/\/narteks.net\/wp-content\/uploads\/narteks.png\",\"contentUrl\":\"https:\/\/narteks.net\/wp-content\/uploads\/narteks.png\",\"width\":300,\"height\":90,\"caption\":\"narteks.net\"},\"image\":{\"@id\":\"https:\/\/narteks.net\/#\/schema\/logo\/image\/\"},\"sameAs\":[\"https:\/\/x.com\/narteks\",\"https:\/\/instagram.com\/narteksnet\"]},{\"@type\":\"Person\",\"@id\":\"https:\/\/narteks.net\/#\/schema\/person\/61f37d9834294b72d31d274e7ed79bca\",\"name\":\"Tar\u0131k\",\"image\":{\"@type\":\"ImageObject\",\"inLanguage\":\"tr\",\"@id\":\"https:\/\/narteks.net\/#\/schema\/person\/image\/\",\"url\":\"https:\/\/secure.gravatar.com\/avatar\/50865afb55632c4ae467e0af0930f6510aa2297d8014be502a55b14f3b7550cf?s=96&d=mm&r=g\",\"contentUrl\":\"https:\/\/secure.gravatar.com\/avatar\/50865afb55632c4ae467e0af0930f6510aa2297d8014be502a55b14f3b7550cf?s=96&d=mm&r=g\",\"caption\":\"Tar\u0131k\"},\"sameAs\":[\"http:\/\/narteks.net\"],\"url\":\"https:\/\/narteks.net\/index.php\/author\/narbak\/\"}]}<\/script>\n<!-- \/ Yoast SEO Premium plugin. -->","yoast_head_json":{"title":"VEDA - narteks.net","robots":{"index":"index","follow":"follow","max-snippet":"max-snippet:-1","max-image-preview":"max-image-preview:large","max-video-preview":"max-video-preview:-1"},"canonical":"https:\/\/narteks.net\/index.php\/2010\/10\/16\/veda-4\/","og_locale":"tr_TR","og_type":"article","og_title":"VEDA","og_description":"\u00a0 Anneci\u011fim , a\u011flama! Evet , o\u011flun bir \u00e7eteci; Ba\u015fkald\u0131ran bir \u00e7eteci! Daha do\u011fdu\u011fu g\u00fcnden beri , Belliydi , sana yaslar b\u0131rakaca\u011f\u0131. A\u011flama anne , lanetle yaln\u0131zca , T\u00fcrklerin yapt\u0131\u011f\u0131 zul\u00fcm\u00fc; Bize ve gen\u00e7lerimize! Garip diyarlar\u0131n , gizli h\u00fcz\u00fcnleri; Bize gelen ve s\u00fcrg\u00fcne g\u00f6nderen sonra , Yersiz ve yurtsuz b\u0131rakarak \u00e7ocuklar\u0131n\u0131. Ve sevgiden yoksun kalma [&hellip;]","og_url":"https:\/\/narteks.net\/index.php\/2010\/10\/16\/veda-4\/","og_site_name":"narteks.net","article_published_time":"2010-10-16T11:22:30+00:00","og_image":[{"width":300,"height":90,"url":"https:\/\/narteks.net\/wp-content\/uploads\/narteks.png","type":"image\/png"}],"author":"Tar\u0131k","twitter_card":"summary_large_image","twitter_creator":"@narteks","twitter_site":"@narteks","twitter_misc":{"Yazan:":"Tar\u0131k","Tahmini okuma s\u00fcresi":"4 dakika"},"schema":{"@context":"https:\/\/schema.org","@graph":[{"@type":"Article","@id":"https:\/\/narteks.net\/index.php\/2010\/10\/16\/veda-4\/#article","isPartOf":{"@id":"https:\/\/narteks.net\/index.php\/2010\/10\/16\/veda-4\/"},"author":{"name":"Tar\u0131k","@id":"https:\/\/narteks.net\/#\/schema\/person\/61f37d9834294b72d31d274e7ed79bca"},"headline":"VEDA","datePublished":"2010-10-16T11:22:30+00:00","mainEntityOfPage":{"@id":"https:\/\/narteks.net\/index.php\/2010\/10\/16\/veda-4\/"},"wordCount":827,"commentCount":0,"publisher":{"@id":"https:\/\/narteks.net\/#organization"},"articleSection":["Hristo BOTEV"],"inLanguage":"tr","potentialAction":[{"@type":"CommentAction","name":"Comment","target":["https:\/\/narteks.net\/index.php\/2010\/10\/16\/veda-4\/#respond"]}]},{"@type":"WebPage","@id":"https:\/\/narteks.net\/index.php\/2010\/10\/16\/veda-4\/","url":"https:\/\/narteks.net\/index.php\/2010\/10\/16\/veda-4\/","name":"VEDA - narteks.net","isPartOf":{"@id":"https:\/\/narteks.net\/#website"},"datePublished":"2010-10-16T11:22:30+00:00","breadcrumb":{"@id":"https:\/\/narteks.net\/index.php\/2010\/10\/16\/veda-4\/#breadcrumb"},"inLanguage":"tr","potentialAction":[{"@type":"ReadAction","target":["https:\/\/narteks.net\/index.php\/2010\/10\/16\/veda-4\/"]}]},{"@type":"BreadcrumbList","@id":"https:\/\/narteks.net\/index.php\/2010\/10\/16\/veda-4\/#breadcrumb","itemListElement":[{"@type":"ListItem","position":1,"name":"Anasayfa","item":"https:\/\/narteks.net\/"},{"@type":"ListItem","position":2,"name":"VEDA"}]},{"@type":"WebSite","@id":"https:\/\/narteks.net\/#website","url":"https:\/\/narteks.net\/","name":"narteks.net","description":"K\u00fclt\u00fcr Sanat Edebiyat Felsefe","publisher":{"@id":"https:\/\/narteks.net\/#organization"},"alternateName":"K\u00fclt\u00fcr Sanat Edebiyat Felsefe","potentialAction":[{"@type":"SearchAction","target":{"@type":"EntryPoint","urlTemplate":"https:\/\/narteks.net\/?s={search_term_string}"},"query-input":{"@type":"PropertyValueSpecification","valueRequired":true,"valueName":"search_term_string"}}],"inLanguage":"tr"},{"@type":"Organization","@id":"https:\/\/narteks.net\/#organization","name":"narteks.net","url":"https:\/\/narteks.net\/","logo":{"@type":"ImageObject","inLanguage":"tr","@id":"https:\/\/narteks.net\/#\/schema\/logo\/image\/","url":"https:\/\/narteks.net\/wp-content\/uploads\/narteks.png","contentUrl":"https:\/\/narteks.net\/wp-content\/uploads\/narteks.png","width":300,"height":90,"caption":"narteks.net"},"image":{"@id":"https:\/\/narteks.net\/#\/schema\/logo\/image\/"},"sameAs":["https:\/\/x.com\/narteks","https:\/\/instagram.com\/narteksnet"]},{"@type":"Person","@id":"https:\/\/narteks.net\/#\/schema\/person\/61f37d9834294b72d31d274e7ed79bca","name":"Tar\u0131k","image":{"@type":"ImageObject","inLanguage":"tr","@id":"https:\/\/narteks.net\/#\/schema\/person\/image\/","url":"https:\/\/secure.gravatar.com\/avatar\/50865afb55632c4ae467e0af0930f6510aa2297d8014be502a55b14f3b7550cf?s=96&d=mm&r=g","contentUrl":"https:\/\/secure.gravatar.com\/avatar\/50865afb55632c4ae467e0af0930f6510aa2297d8014be502a55b14f3b7550cf?s=96&d=mm&r=g","caption":"Tar\u0131k"},"sameAs":["http:\/\/narteks.net"],"url":"https:\/\/narteks.net\/index.php\/author\/narbak\/"}]}},"_links":{"self":[{"href":"https:\/\/narteks.net\/index.php\/wp-json\/wp\/v2\/posts\/4724","targetHints":{"allow":["GET"]}}],"collection":[{"href":"https:\/\/narteks.net\/index.php\/wp-json\/wp\/v2\/posts"}],"about":[{"href":"https:\/\/narteks.net\/index.php\/wp-json\/wp\/v2\/types\/post"}],"author":[{"embeddable":true,"href":"https:\/\/narteks.net\/index.php\/wp-json\/wp\/v2\/users\/1"}],"replies":[{"embeddable":true,"href":"https:\/\/narteks.net\/index.php\/wp-json\/wp\/v2\/comments?post=4724"}],"version-history":[{"count":0,"href":"https:\/\/narteks.net\/index.php\/wp-json\/wp\/v2\/posts\/4724\/revisions"}],"wp:attachment":[{"href":"https:\/\/narteks.net\/index.php\/wp-json\/wp\/v2\/media?parent=4724"}],"wp:term":[{"taxonomy":"category","embeddable":true,"href":"https:\/\/narteks.net\/index.php\/wp-json\/wp\/v2\/categories?post=4724"},{"taxonomy":"post_tag","embeddable":true,"href":"https:\/\/narteks.net\/index.php\/wp-json\/wp\/v2\/tags?post=4724"}],"curies":[{"name":"wp","href":"https:\/\/api.w.org\/{rel}","templated":true}]}}