{"id":4731,"date":"2010-10-19T10:21:17","date_gmt":"2010-10-19T07:21:17","guid":{"rendered":"http:\/\/localhost\/wordpress\/2010\/10\/19\/komunist-devrim-yabancilasmis-emegi-ortadan-kaldirir-karl-marks\/"},"modified":"2010-10-19T10:21:17","modified_gmt":"2010-10-19T07:21:17","slug":"komunist-devrim-yabancilasmis-emegi-ortadan-kaldirir-karl-marks","status":"publish","type":"post","link":"https:\/\/narteks.net\/index.php\/2010\/10\/19\/komunist-devrim-yabancilasmis-emegi-ortadan-kaldirir-karl-marks\/","title":{"rendered":"Kom\u00fcnist devrim yabanc\u0131la\u015fm\u0131\u015f eme\u011fi ortadan kald\u0131r\u0131r | Karl Marks"},"content":{"rendered":"<p style=\"text-align: justify;\"><img loading=\"lazy\" decoding=\"async\" src=\"http:\/\/www.dersimzaza.com\/images\/marks.jpg\" border=\"0\" width=\"155\" height=\"205\" style=\"float: left;\" \/>Marks, &#8220;emek&#8221; tabirini iki anlamda kullan\u0131r. Birincisi, genel-evrensel kullan\u0131md\u0131r, &#8220;\u00fcretici faaliyet&#8221; demektir. Bu genel-evrensel anlam\u0131yla emek, insan ile do\u011fa aras\u0131ndaki al\u0131\u015fveri\u015fi sa\u011flayan arac\u0131 s\u00fcre\u00e7tir, dolay\u0131md\u0131r. Emek s\u00fcreci, insan\u0131n varolu\u015funa do\u011fan\u0131n dayatt\u0131\u011f\u0131 ebed\u00ee ko\u015fuldur. Marks, emek tabirini a\u015fa\u011f\u0131daki al\u0131nt\u0131da genel-evrensel anlam\u0131yla kullan\u0131r, emek s\u00fcreci b\u00fct\u00fcn toplumsal a\u015famalarda ortakt\u0131r, der:<\/p>\n<p>&#8220;Emek s\u00fcreci, &#8230; kullan\u0131m de\u011ferleri \u00fcretimi amac\u0131yla, yani do\u011fal maddeleri insan ihtiya\u00e7lar\u0131n\u0131 kar\u015f\u0131lar \u015fekilde sahiplenmek amac\u0131yla giri\u015filen insan eylemidir. Emek s\u00fcreci, insan ile do\u011fa aras\u0131nda madde al\u0131\u015fveri\u015fini sa\u011flaman\u0131n zorunlu ko\u015fuludur. Emek s\u00fcreci, insan\u0131n varolu\u015funa do\u011fan\u0131n dayatt\u0131\u011f\u0131 ebed\u00ee ko\u015fuldur. Bu nedenle de emek s\u00fcreci, insan\u0131n varolu\u015funun b\u00fct\u00fcn toplumsal a\u015famalar\u0131ndan ba\u011f\u0131ms\u0131zd\u0131r, ya da daha do\u011frusu, b\u00fct\u00fcn toplumsal a\u015famalarda ortakt\u0131r.&#8221; (K. Marks, Kapital, 1867, (\u0130ng.), c. 1, s. 179.)<\/p>\n<p>Marks, &#8220;emek&#8221; tabirini bir de yabanc\u0131la\u015fm\u0131\u015f emek anlam\u0131nda kullan\u0131r. Bu kullan\u0131m, genel-evrensel kullan\u0131m de\u011fil, fakat belli tarihsel ko\u015fullara \u00f6zg\u00fc, yani partik\u00fcler kullan\u0131md\u0131r.<\/p>\n<p style=\"text-align: justify;\">\u0130nsan ile do\u011fa aras\u0131ndaki al\u0131\u015fveri\u015fi sa\u011flayan emek faaliyeti, tarihsel s\u00fcre\u00e7 i\u00e7inde do\u011frudan \u00fcreticiler ile \u00fcretimin maddi ko\u015fullar\u0131n\u0131n birbirinden kopmas\u0131yla partik\u00fcler bir bi\u00e7im alm\u0131\u015ft\u0131r. Bu partik\u00fcler bi\u00e7imiyle emek sapk\u0131nd\u0131r, insana ayk\u0131r\u0131d\u0131r, insana yabanc\u0131d\u0131r. Do\u011frudan \u00fcreticiler ile \u00fcretimin maddi ko\u015fullar\u0131n\u0131n yeniden birli\u011fini sa\u011flayacak olan kom\u00fcnist devrim, bu ikinci anlamdaki eme\u011fi, yani yabanc\u0131la\u015fm\u0131\u015f eme\u011fi ortadan kald\u0131r\u0131r:<\/p>\n<p>&#8220;\u015eimdiye kadarki b\u00fct\u00fcn devrimlerde faaliyet tarz\u0131na hi\u00e7 dokunulmad\u0131. Sorun bu faaliyetin sadece de\u011fi\u015fik bir da\u011f\u0131t\u0131m\u0131yd\u0131, eme\u011fin \u00f6teki ki\u015filer aras\u0131nda yeni bir da\u011f\u0131t\u0131m\u0131yd\u0131. Oysa kom\u00fcnist devrim, daha \u00f6nceki faaliyet tarz\u0131na kar\u015f\u0131 y\u00f6nelir, eme\u011fi (yabanc\u0131la\u015fm\u0131\u015f eme\u011fi &#8211; YZ) ortadan kald\u0131r\u0131r.&#8221; (K. Marks, F. Engels, &#8220;Alman \u0130deolojisi&#8221;, Kas\u0131m 1845 &#8211; A\u011fustos 1846, MESY, (\u0130ng.), c. 1, s. 40-41.)<\/p>\n<p>&#8220;Emek&#8221; tabiri yukar\u0131da &#8220;yabanc\u0131 emek&#8221; yerine kullan\u0131lm\u0131\u015ft\u0131r. Marks&#8217;\u0131n metinlerini do\u011fru \u00e7\u00f6z\u00fcmlemek i\u00e7in, bu t\u00fcr farkl\u0131 kullan\u0131mlar\u0131, metnin anlam b\u00fct\u00fcnl\u00fc\u011f\u00fcnden destek alarak ay\u0131rt etmek gerekir. O halde al\u0131nt\u0131y\u0131 \u015f\u00f6yle anlamal\u0131y\u0131z: Kom\u00fcnist devrim her toplumsal a\u015famada zorunlu olan eme\u011fi de\u011fil, fakat do\u011frudan \u00fcreticiler ile \u00fcretimin maddi ko\u015fullar\u0131n\u0131n birbirinden ayr\u0131l\u0131\u011f\u0131ndan do\u011fmu\u015f bulunan yabanc\u0131la\u015fm\u0131\u015f eme\u011fi ortadan kald\u0131r\u0131r.<\/p>\n<p>Yabanc\u0131la\u015fm\u0131\u015f emek, do\u011frudan \u00fcreticiler ile \u00fcretimin maddi ko\u015fullar\u0131 birli\u011finin ink\u00e2r edilegeldi\u011fi tarihsel s\u00fcre\u00e7 boyunca ortaya \u00e7\u0131kar. Yabanc\u0131la\u015fm\u0131\u015f emek, bu tarihsel ink\u00e2r s\u00fcreci boyunca geli\u015fegelen i\u015fb\u00f6l\u00fcm\u00fc, \u00f6zel m\u00fclkiyet, m\u00fcbadele, meta, de\u011fer, para, faiz, rant, \u00fccretli emek, sermaye gibi \u00e7e\u015fitli toplumsal ili\u015fki bi\u00e7imlerine b\u00fcr\u00fcnerek tezah\u00fcr eder.<\/p>\n<p>Yabanc\u0131la\u015fm\u0131\u015f emek faaliyeti, dar kapsam\u0131yla, insan &#8211; do\u011fa al\u0131\u015fveri\u015fini sa\u011flayan emek faaliyetinin sapk\u0131nla\u015fm\u0131\u015f halidir. \u0130nsan &#8211; do\u011fa al\u0131\u015fveri\u015fini sa\u011flayan emek faaliyetinin sapk\u0131nla\u015fmas\u0131 temelinde insan &#8211; insan ili\u015fkileri de sapk\u0131nla\u015f\u0131r, yani insanlar\u0131n kar\u015f\u0131l\u0131kl\u0131 faaliyetleri insana ayk\u0131r\u0131 bir hal al\u0131r. O halde yabanc\u0131la\u015fm\u0131\u015f emek kavram\u0131, yaln\u0131zca insan ile do\u011fa aras\u0131ndaki al\u0131\u015fveri\u015fin sapk\u0131nla\u015fmas\u0131n\u0131 de\u011fil, fakat bu sapk\u0131n emek faaliyetinin b\u00fcr\u00fcnd\u00fc\u011f\u00fc insana ayk\u0131r\u0131 toplumsal ili\u015fki faaliyetini de kapsar. \u00c7\u00fcnk\u00fc, kendisini bir bi\u00e7im olarak \u00f6rg\u00fctleyemeyen i\u00e7erik yok h\u00fckm\u00fcndedir. \u0130\u00e7erik bi\u00e7imiyle birlikte vard\u0131r.<\/p>\n<p>Kom\u00fcnist devrimin yabanc\u0131la\u015fm\u0131\u015f eme\u011fi ortadan kald\u0131rmas\u0131, insana yabanc\u0131la\u015fm\u0131\u015f faaliyeti b\u00fct\u00fcn toplumsal tezah\u00fcrleriyle birlikte ortadan kald\u0131rmas\u0131 demektir. O halde kom\u00fcnist devrim, m\u00fclkiyet, m\u00fcbadele, meta, de\u011fer, para, pazar, \u00fccretli emek, sermaye, sivil toplum, devlet gibi b\u00fct\u00fcn yabanc\u0131la\u015fm\u0131\u015f toplumsal ili\u015fki bi\u00e7imlerini ortadan kald\u0131rmak durumundad\u0131r.<\/p>\n<p>Kom\u00fcnist devrim, insan faaliyetinin insana ayk\u0131r\u0131, insana yabanc\u0131, sapk\u0131n bi\u00e7imlerden kurtularak insana geri d\u00f6nmesidir. Kom\u00fcnist devrim, bu anlamda, insan\u0131n kendisine geri d\u00f6nmesi, insan\u0131n insanla\u015fmas\u0131 demektir.<\/p>\n<p>Emek tabiri \u00e7o\u011fu kez &#8220;\u00fccretli emek&#8221; anlam\u0131na kullan\u0131ld\u0131\u011f\u0131 i\u00e7in, Marks, kom\u00fcnist toplumdaki eme\u011fi &#8220;\u00f6zg\u00fcr faaliyet&#8221;, &#8220;do\u011frudan toplumsal faaliyet&#8221;, &#8220;engin yarat\u0131c\u0131l\u0131k faaliyeti&#8221; olarak adland\u0131r\u0131r. Kom\u00fcnist toplumda do\u011frudan toplumsal faaliyet i\u00e7inde olan toplumsal bireyler birbirleri i\u00e7in \u00e7al\u0131\u015facaklar, birbirlerinin ihtiya\u00e7lar\u0131n\u0131 kar\u015f\u0131layacaklard\u0131r. A\u015fa\u011f\u0131daki al\u0131nt\u0131, Marks&#8217;\u0131n kom\u00fcnist toplumdaki eme\u011fe &#8220;engin yarat\u0131c\u0131l\u0131k faaliyeti&#8221; dedi\u011fine \u00f6rnektir:<\/p>\n<p>&#8220;Sermayenin zenginli\u011fin genel bi\u00e7imi u\u011fruna durmaks\u0131z\u0131n u\u011fra\u015fmas\u0131, eme\u011fi do\u011fal darl\u0131\u011f\u0131n\u0131n s\u0131n\u0131rlar\u0131 \u00f6tesine s\u00fcrerek, zengin bireyselli\u011fin (kom\u00fcnist toplumdaki \u00f6zg\u00fcr bireyselli\u011fin, toplumsal bireyselli\u011fin &#8211; YZ) geli\u015fmesi i\u00e7in gereken maddi unsurlar\u0131 yarat\u0131r. Zengin bireysellik, hem \u00fcretiminde ve hem de t\u00fcketiminde \u00e7ok y\u00f6nl\u00fcd\u00fcr, evrenseldir. Zengin bireyselli\u011fin eme\u011fi, art\u0131k bu nedenle emek (yabanc\u0131la\u015fm\u0131\u015f emek, \u00fccretli emek &#8211; YZ) olarak de\u011fil, fakat engin yarat\u0131c\u0131l\u0131k faaliyeti olarak g\u00f6r\u00fcn\u00fcr.&#8221; (K. Marks, Grundrisse, A\u011fustos 1857 &#8211; Mart 1858, (\u0130ng.), \u00e7ev. Martin Nicolaus, Penguin Books, s. 325.)<\/p>\n<p>\u00a0<\/p>\n","protected":false},"excerpt":{"rendered":"<p>Marks, &#8220;emek&#8221; tabirini iki anlamda kullan\u0131r. Birincisi, genel-evrensel kullan\u0131md\u0131r, &#8220;\u00fcretici faaliyet&#8221; demektir. Bu genel-evrensel anlam\u0131yla emek, insan ile do\u011fa aras\u0131ndaki al\u0131\u015fveri\u015fi sa\u011flayan arac\u0131 s\u00fcre\u00e7tir, dolay\u0131md\u0131r. Emek s\u00fcreci, insan\u0131n varolu\u015funa do\u011fan\u0131n dayatt\u0131\u011f\u0131 ebed\u00ee ko\u015fuldur. Marks, emek tabirini a\u015fa\u011f\u0131daki al\u0131nt\u0131da genel-evrensel anlam\u0131yla kullan\u0131r, emek s\u00fcreci b\u00fct\u00fcn toplumsal a\u015famalarda ortakt\u0131r, der: &#8220;Emek s\u00fcreci, &#8230; kullan\u0131m de\u011ferleri \u00fcretimi amac\u0131yla, [&hellip;]<\/p>\n","protected":false},"author":1,"featured_media":0,"comment_status":"open","ping_status":"open","sticky":false,"template":"","format":"standard","meta":{"footnotes":""},"categories":[178],"tags":[],"class_list":{"0":"post-4731","1":"post","2":"type-post","3":"status-publish","4":"format-standard","6":"category-marksizm"},"yoast_head":"<!-- This site is optimized with the Yoast SEO Premium plugin v24.9 (Yoast SEO v24.9) - https:\/\/yoast.com\/wordpress\/plugins\/seo\/ -->\n<title>Kom\u00fcnist devrim yabanc\u0131la\u015fm\u0131\u015f eme\u011fi ortadan kald\u0131r\u0131r | Karl Marks - narteks.net<\/title>\n<meta name=\"robots\" content=\"index, follow, max-snippet:-1, max-image-preview:large, max-video-preview:-1\" \/>\n<link rel=\"canonical\" href=\"https:\/\/narteks.net\/index.php\/2010\/10\/19\/komunist-devrim-yabancilasmis-emegi-ortadan-kaldirir-karl-marks\/\" \/>\n<meta property=\"og:locale\" content=\"tr_TR\" \/>\n<meta property=\"og:type\" content=\"article\" \/>\n<meta property=\"og:title\" content=\"Kom\u00fcnist devrim yabanc\u0131la\u015fm\u0131\u015f eme\u011fi ortadan kald\u0131r\u0131r | Karl Marks\" \/>\n<meta property=\"og:description\" content=\"Marks, &#8220;emek&#8221; tabirini iki anlamda kullan\u0131r. Birincisi, genel-evrensel kullan\u0131md\u0131r, &#8220;\u00fcretici faaliyet&#8221; demektir. Bu genel-evrensel anlam\u0131yla emek, insan ile do\u011fa aras\u0131ndaki al\u0131\u015fveri\u015fi sa\u011flayan arac\u0131 s\u00fcre\u00e7tir, dolay\u0131md\u0131r. Emek s\u00fcreci, insan\u0131n varolu\u015funa do\u011fan\u0131n dayatt\u0131\u011f\u0131 ebed\u00ee ko\u015fuldur. Marks, emek tabirini a\u015fa\u011f\u0131daki al\u0131nt\u0131da genel-evrensel anlam\u0131yla kullan\u0131r, emek s\u00fcreci b\u00fct\u00fcn toplumsal a\u015famalarda ortakt\u0131r, der: &#8220;Emek s\u00fcreci, &#8230; kullan\u0131m de\u011ferleri \u00fcretimi amac\u0131yla, [&hellip;]\" \/>\n<meta property=\"og:url\" content=\"https:\/\/narteks.net\/index.php\/2010\/10\/19\/komunist-devrim-yabancilasmis-emegi-ortadan-kaldirir-karl-marks\/\" \/>\n<meta property=\"og:site_name\" content=\"narteks.net\" \/>\n<meta property=\"article:published_time\" content=\"2010-10-19T07:21:17+00:00\" \/>\n<meta property=\"og:image\" content=\"http:\/\/www.dersimzaza.com\/images\/marks.jpg\" \/>\n<meta name=\"author\" content=\"Tar\u0131k\" \/>\n<meta name=\"twitter:card\" content=\"summary_large_image\" \/>\n<meta name=\"twitter:creator\" content=\"@narteks\" \/>\n<meta name=\"twitter:site\" content=\"@narteks\" \/>\n<meta name=\"twitter:label1\" content=\"Yazan:\" \/>\n\t<meta name=\"twitter:data1\" content=\"Tar\u0131k\" \/>\n\t<meta name=\"twitter:label2\" content=\"Tahmini okuma s\u00fcresi\" \/>\n\t<meta name=\"twitter:data2\" content=\"5 dakika\" \/>\n<script type=\"application\/ld+json\" class=\"yoast-schema-graph\">{\"@context\":\"https:\/\/schema.org\",\"@graph\":[{\"@type\":\"Article\",\"@id\":\"https:\/\/narteks.net\/index.php\/2010\/10\/19\/komunist-devrim-yabancilasmis-emegi-ortadan-kaldirir-karl-marks\/#article\",\"isPartOf\":{\"@id\":\"https:\/\/narteks.net\/index.php\/2010\/10\/19\/komunist-devrim-yabancilasmis-emegi-ortadan-kaldirir-karl-marks\/\"},\"author\":{\"name\":\"Tar\u0131k\",\"@id\":\"https:\/\/narteks.net\/#\/schema\/person\/61f37d9834294b72d31d274e7ed79bca\"},\"headline\":\"Kom\u00fcnist devrim yabanc\u0131la\u015fm\u0131\u015f eme\u011fi ortadan kald\u0131r\u0131r | Karl Marks\",\"datePublished\":\"2010-10-19T07:21:17+00:00\",\"mainEntityOfPage\":{\"@id\":\"https:\/\/narteks.net\/index.php\/2010\/10\/19\/komunist-devrim-yabancilasmis-emegi-ortadan-kaldirir-karl-marks\/\"},\"wordCount\":966,\"commentCount\":0,\"publisher\":{\"@id\":\"https:\/\/narteks.net\/#organization\"},\"image\":{\"@id\":\"https:\/\/narteks.net\/index.php\/2010\/10\/19\/komunist-devrim-yabancilasmis-emegi-ortadan-kaldirir-karl-marks\/#primaryimage\"},\"thumbnailUrl\":\"http:\/\/www.dersimzaza.com\/images\/marks.jpg\",\"articleSection\":[\"Marksizm\"],\"inLanguage\":\"tr\",\"potentialAction\":[{\"@type\":\"CommentAction\",\"name\":\"Comment\",\"target\":[\"https:\/\/narteks.net\/index.php\/2010\/10\/19\/komunist-devrim-yabancilasmis-emegi-ortadan-kaldirir-karl-marks\/#respond\"]}]},{\"@type\":\"WebPage\",\"@id\":\"https:\/\/narteks.net\/index.php\/2010\/10\/19\/komunist-devrim-yabancilasmis-emegi-ortadan-kaldirir-karl-marks\/\",\"url\":\"https:\/\/narteks.net\/index.php\/2010\/10\/19\/komunist-devrim-yabancilasmis-emegi-ortadan-kaldirir-karl-marks\/\",\"name\":\"Kom\u00fcnist devrim yabanc\u0131la\u015fm\u0131\u015f eme\u011fi ortadan kald\u0131r\u0131r | Karl Marks - narteks.net\",\"isPartOf\":{\"@id\":\"https:\/\/narteks.net\/#website\"},\"primaryImageOfPage\":{\"@id\":\"https:\/\/narteks.net\/index.php\/2010\/10\/19\/komunist-devrim-yabancilasmis-emegi-ortadan-kaldirir-karl-marks\/#primaryimage\"},\"image\":{\"@id\":\"https:\/\/narteks.net\/index.php\/2010\/10\/19\/komunist-devrim-yabancilasmis-emegi-ortadan-kaldirir-karl-marks\/#primaryimage\"},\"thumbnailUrl\":\"http:\/\/www.dersimzaza.com\/images\/marks.jpg\",\"datePublished\":\"2010-10-19T07:21:17+00:00\",\"breadcrumb\":{\"@id\":\"https:\/\/narteks.net\/index.php\/2010\/10\/19\/komunist-devrim-yabancilasmis-emegi-ortadan-kaldirir-karl-marks\/#breadcrumb\"},\"inLanguage\":\"tr\",\"potentialAction\":[{\"@type\":\"ReadAction\",\"target\":[\"https:\/\/narteks.net\/index.php\/2010\/10\/19\/komunist-devrim-yabancilasmis-emegi-ortadan-kaldirir-karl-marks\/\"]}]},{\"@type\":\"ImageObject\",\"inLanguage\":\"tr\",\"@id\":\"https:\/\/narteks.net\/index.php\/2010\/10\/19\/komunist-devrim-yabancilasmis-emegi-ortadan-kaldirir-karl-marks\/#primaryimage\",\"url\":\"http:\/\/www.dersimzaza.com\/images\/marks.jpg\",\"contentUrl\":\"http:\/\/www.dersimzaza.com\/images\/marks.jpg\"},{\"@type\":\"BreadcrumbList\",\"@id\":\"https:\/\/narteks.net\/index.php\/2010\/10\/19\/komunist-devrim-yabancilasmis-emegi-ortadan-kaldirir-karl-marks\/#breadcrumb\",\"itemListElement\":[{\"@type\":\"ListItem\",\"position\":1,\"name\":\"Anasayfa\",\"item\":\"https:\/\/narteks.net\/\"},{\"@type\":\"ListItem\",\"position\":2,\"name\":\"Kom\u00fcnist devrim yabanc\u0131la\u015fm\u0131\u015f eme\u011fi ortadan kald\u0131r\u0131r | Karl Marks\"}]},{\"@type\":\"WebSite\",\"@id\":\"https:\/\/narteks.net\/#website\",\"url\":\"https:\/\/narteks.net\/\",\"name\":\"narteks.net\",\"description\":\"K\u00fclt\u00fcr Sanat Edebiyat Felsefe\",\"publisher\":{\"@id\":\"https:\/\/narteks.net\/#organization\"},\"alternateName\":\"K\u00fclt\u00fcr Sanat Edebiyat Felsefe\",\"potentialAction\":[{\"@type\":\"SearchAction\",\"target\":{\"@type\":\"EntryPoint\",\"urlTemplate\":\"https:\/\/narteks.net\/?s={search_term_string}\"},\"query-input\":{\"@type\":\"PropertyValueSpecification\",\"valueRequired\":true,\"valueName\":\"search_term_string\"}}],\"inLanguage\":\"tr\"},{\"@type\":\"Organization\",\"@id\":\"https:\/\/narteks.net\/#organization\",\"name\":\"narteks.net\",\"url\":\"https:\/\/narteks.net\/\",\"logo\":{\"@type\":\"ImageObject\",\"inLanguage\":\"tr\",\"@id\":\"https:\/\/narteks.net\/#\/schema\/logo\/image\/\",\"url\":\"https:\/\/narteks.net\/wp-content\/uploads\/narteks.png\",\"contentUrl\":\"https:\/\/narteks.net\/wp-content\/uploads\/narteks.png\",\"width\":300,\"height\":90,\"caption\":\"narteks.net\"},\"image\":{\"@id\":\"https:\/\/narteks.net\/#\/schema\/logo\/image\/\"},\"sameAs\":[\"https:\/\/x.com\/narteks\",\"https:\/\/instagram.com\/narteksnet\"]},{\"@type\":\"Person\",\"@id\":\"https:\/\/narteks.net\/#\/schema\/person\/61f37d9834294b72d31d274e7ed79bca\",\"name\":\"Tar\u0131k\",\"image\":{\"@type\":\"ImageObject\",\"inLanguage\":\"tr\",\"@id\":\"https:\/\/narteks.net\/#\/schema\/person\/image\/\",\"url\":\"https:\/\/secure.gravatar.com\/avatar\/50865afb55632c4ae467e0af0930f6510aa2297d8014be502a55b14f3b7550cf?s=96&d=mm&r=g\",\"contentUrl\":\"https:\/\/secure.gravatar.com\/avatar\/50865afb55632c4ae467e0af0930f6510aa2297d8014be502a55b14f3b7550cf?s=96&d=mm&r=g\",\"caption\":\"Tar\u0131k\"},\"sameAs\":[\"http:\/\/narteks.net\"],\"url\":\"https:\/\/narteks.net\/index.php\/author\/narbak\/\"}]}<\/script>\n<!-- \/ Yoast SEO Premium plugin. -->","yoast_head_json":{"title":"Kom\u00fcnist devrim yabanc\u0131la\u015fm\u0131\u015f eme\u011fi ortadan kald\u0131r\u0131r | Karl Marks - narteks.net","robots":{"index":"index","follow":"follow","max-snippet":"max-snippet:-1","max-image-preview":"max-image-preview:large","max-video-preview":"max-video-preview:-1"},"canonical":"https:\/\/narteks.net\/index.php\/2010\/10\/19\/komunist-devrim-yabancilasmis-emegi-ortadan-kaldirir-karl-marks\/","og_locale":"tr_TR","og_type":"article","og_title":"Kom\u00fcnist devrim yabanc\u0131la\u015fm\u0131\u015f eme\u011fi ortadan kald\u0131r\u0131r | Karl Marks","og_description":"Marks, &#8220;emek&#8221; tabirini iki anlamda kullan\u0131r. Birincisi, genel-evrensel kullan\u0131md\u0131r, &#8220;\u00fcretici faaliyet&#8221; demektir. Bu genel-evrensel anlam\u0131yla emek, insan ile do\u011fa aras\u0131ndaki al\u0131\u015fveri\u015fi sa\u011flayan arac\u0131 s\u00fcre\u00e7tir, dolay\u0131md\u0131r. Emek s\u00fcreci, insan\u0131n varolu\u015funa do\u011fan\u0131n dayatt\u0131\u011f\u0131 ebed\u00ee ko\u015fuldur. Marks, emek tabirini a\u015fa\u011f\u0131daki al\u0131nt\u0131da genel-evrensel anlam\u0131yla kullan\u0131r, emek s\u00fcreci b\u00fct\u00fcn toplumsal a\u015famalarda ortakt\u0131r, der: &#8220;Emek s\u00fcreci, &#8230; kullan\u0131m de\u011ferleri \u00fcretimi amac\u0131yla, [&hellip;]","og_url":"https:\/\/narteks.net\/index.php\/2010\/10\/19\/komunist-devrim-yabancilasmis-emegi-ortadan-kaldirir-karl-marks\/","og_site_name":"narteks.net","article_published_time":"2010-10-19T07:21:17+00:00","og_image":[{"url":"http:\/\/www.dersimzaza.com\/images\/marks.jpg","type":"","width":"","height":""}],"author":"Tar\u0131k","twitter_card":"summary_large_image","twitter_creator":"@narteks","twitter_site":"@narteks","twitter_misc":{"Yazan:":"Tar\u0131k","Tahmini okuma s\u00fcresi":"5 dakika"},"schema":{"@context":"https:\/\/schema.org","@graph":[{"@type":"Article","@id":"https:\/\/narteks.net\/index.php\/2010\/10\/19\/komunist-devrim-yabancilasmis-emegi-ortadan-kaldirir-karl-marks\/#article","isPartOf":{"@id":"https:\/\/narteks.net\/index.php\/2010\/10\/19\/komunist-devrim-yabancilasmis-emegi-ortadan-kaldirir-karl-marks\/"},"author":{"name":"Tar\u0131k","@id":"https:\/\/narteks.net\/#\/schema\/person\/61f37d9834294b72d31d274e7ed79bca"},"headline":"Kom\u00fcnist devrim yabanc\u0131la\u015fm\u0131\u015f eme\u011fi ortadan kald\u0131r\u0131r | Karl Marks","datePublished":"2010-10-19T07:21:17+00:00","mainEntityOfPage":{"@id":"https:\/\/narteks.net\/index.php\/2010\/10\/19\/komunist-devrim-yabancilasmis-emegi-ortadan-kaldirir-karl-marks\/"},"wordCount":966,"commentCount":0,"publisher":{"@id":"https:\/\/narteks.net\/#organization"},"image":{"@id":"https:\/\/narteks.net\/index.php\/2010\/10\/19\/komunist-devrim-yabancilasmis-emegi-ortadan-kaldirir-karl-marks\/#primaryimage"},"thumbnailUrl":"http:\/\/www.dersimzaza.com\/images\/marks.jpg","articleSection":["Marksizm"],"inLanguage":"tr","potentialAction":[{"@type":"CommentAction","name":"Comment","target":["https:\/\/narteks.net\/index.php\/2010\/10\/19\/komunist-devrim-yabancilasmis-emegi-ortadan-kaldirir-karl-marks\/#respond"]}]},{"@type":"WebPage","@id":"https:\/\/narteks.net\/index.php\/2010\/10\/19\/komunist-devrim-yabancilasmis-emegi-ortadan-kaldirir-karl-marks\/","url":"https:\/\/narteks.net\/index.php\/2010\/10\/19\/komunist-devrim-yabancilasmis-emegi-ortadan-kaldirir-karl-marks\/","name":"Kom\u00fcnist devrim yabanc\u0131la\u015fm\u0131\u015f eme\u011fi ortadan kald\u0131r\u0131r | Karl Marks - narteks.net","isPartOf":{"@id":"https:\/\/narteks.net\/#website"},"primaryImageOfPage":{"@id":"https:\/\/narteks.net\/index.php\/2010\/10\/19\/komunist-devrim-yabancilasmis-emegi-ortadan-kaldirir-karl-marks\/#primaryimage"},"image":{"@id":"https:\/\/narteks.net\/index.php\/2010\/10\/19\/komunist-devrim-yabancilasmis-emegi-ortadan-kaldirir-karl-marks\/#primaryimage"},"thumbnailUrl":"http:\/\/www.dersimzaza.com\/images\/marks.jpg","datePublished":"2010-10-19T07:21:17+00:00","breadcrumb":{"@id":"https:\/\/narteks.net\/index.php\/2010\/10\/19\/komunist-devrim-yabancilasmis-emegi-ortadan-kaldirir-karl-marks\/#breadcrumb"},"inLanguage":"tr","potentialAction":[{"@type":"ReadAction","target":["https:\/\/narteks.net\/index.php\/2010\/10\/19\/komunist-devrim-yabancilasmis-emegi-ortadan-kaldirir-karl-marks\/"]}]},{"@type":"ImageObject","inLanguage":"tr","@id":"https:\/\/narteks.net\/index.php\/2010\/10\/19\/komunist-devrim-yabancilasmis-emegi-ortadan-kaldirir-karl-marks\/#primaryimage","url":"http:\/\/www.dersimzaza.com\/images\/marks.jpg","contentUrl":"http:\/\/www.dersimzaza.com\/images\/marks.jpg"},{"@type":"BreadcrumbList","@id":"https:\/\/narteks.net\/index.php\/2010\/10\/19\/komunist-devrim-yabancilasmis-emegi-ortadan-kaldirir-karl-marks\/#breadcrumb","itemListElement":[{"@type":"ListItem","position":1,"name":"Anasayfa","item":"https:\/\/narteks.net\/"},{"@type":"ListItem","position":2,"name":"Kom\u00fcnist devrim yabanc\u0131la\u015fm\u0131\u015f eme\u011fi ortadan kald\u0131r\u0131r | Karl Marks"}]},{"@type":"WebSite","@id":"https:\/\/narteks.net\/#website","url":"https:\/\/narteks.net\/","name":"narteks.net","description":"K\u00fclt\u00fcr Sanat Edebiyat Felsefe","publisher":{"@id":"https:\/\/narteks.net\/#organization"},"alternateName":"K\u00fclt\u00fcr Sanat Edebiyat Felsefe","potentialAction":[{"@type":"SearchAction","target":{"@type":"EntryPoint","urlTemplate":"https:\/\/narteks.net\/?s={search_term_string}"},"query-input":{"@type":"PropertyValueSpecification","valueRequired":true,"valueName":"search_term_string"}}],"inLanguage":"tr"},{"@type":"Organization","@id":"https:\/\/narteks.net\/#organization","name":"narteks.net","url":"https:\/\/narteks.net\/","logo":{"@type":"ImageObject","inLanguage":"tr","@id":"https:\/\/narteks.net\/#\/schema\/logo\/image\/","url":"https:\/\/narteks.net\/wp-content\/uploads\/narteks.png","contentUrl":"https:\/\/narteks.net\/wp-content\/uploads\/narteks.png","width":300,"height":90,"caption":"narteks.net"},"image":{"@id":"https:\/\/narteks.net\/#\/schema\/logo\/image\/"},"sameAs":["https:\/\/x.com\/narteks","https:\/\/instagram.com\/narteksnet"]},{"@type":"Person","@id":"https:\/\/narteks.net\/#\/schema\/person\/61f37d9834294b72d31d274e7ed79bca","name":"Tar\u0131k","image":{"@type":"ImageObject","inLanguage":"tr","@id":"https:\/\/narteks.net\/#\/schema\/person\/image\/","url":"https:\/\/secure.gravatar.com\/avatar\/50865afb55632c4ae467e0af0930f6510aa2297d8014be502a55b14f3b7550cf?s=96&d=mm&r=g","contentUrl":"https:\/\/secure.gravatar.com\/avatar\/50865afb55632c4ae467e0af0930f6510aa2297d8014be502a55b14f3b7550cf?s=96&d=mm&r=g","caption":"Tar\u0131k"},"sameAs":["http:\/\/narteks.net"],"url":"https:\/\/narteks.net\/index.php\/author\/narbak\/"}]}},"_links":{"self":[{"href":"https:\/\/narteks.net\/index.php\/wp-json\/wp\/v2\/posts\/4731","targetHints":{"allow":["GET"]}}],"collection":[{"href":"https:\/\/narteks.net\/index.php\/wp-json\/wp\/v2\/posts"}],"about":[{"href":"https:\/\/narteks.net\/index.php\/wp-json\/wp\/v2\/types\/post"}],"author":[{"embeddable":true,"href":"https:\/\/narteks.net\/index.php\/wp-json\/wp\/v2\/users\/1"}],"replies":[{"embeddable":true,"href":"https:\/\/narteks.net\/index.php\/wp-json\/wp\/v2\/comments?post=4731"}],"version-history":[{"count":0,"href":"https:\/\/narteks.net\/index.php\/wp-json\/wp\/v2\/posts\/4731\/revisions"}],"wp:attachment":[{"href":"https:\/\/narteks.net\/index.php\/wp-json\/wp\/v2\/media?parent=4731"}],"wp:term":[{"taxonomy":"category","embeddable":true,"href":"https:\/\/narteks.net\/index.php\/wp-json\/wp\/v2\/categories?post=4731"},{"taxonomy":"post_tag","embeddable":true,"href":"https:\/\/narteks.net\/index.php\/wp-json\/wp\/v2\/tags?post=4731"}],"curies":[{"name":"wp","href":"https:\/\/api.w.org\/{rel}","templated":true}]}}