{"id":4733,"date":"2010-10-21T10:57:27","date_gmt":"2010-10-21T07:57:27","guid":{"rendered":"http:\/\/localhost\/wordpress\/2010\/10\/21\/bir-karsi-koyus-dort-mevsim-ilkbahar-deniz-faruk-zeren\/"},"modified":"2010-10-21T10:57:27","modified_gmt":"2010-10-21T07:57:27","slug":"bir-karsi-koyus-dort-mevsim-ilkbahar-deniz-faruk-zeren","status":"publish","type":"post","link":"https:\/\/narteks.net\/index.php\/2010\/10\/21\/bir-karsi-koyus-dort-mevsim-ilkbahar-deniz-faruk-zeren\/","title":{"rendered":"Bir kar\u015f\u0131 koyu\u015f; D\u00f6rt Mevsim \u0130lkbahar | Deniz Faruk Zeren"},"content":{"rendered":"<p><img loading=\"lazy\" decoding=\"async\" src=\"http:\/\/images.hepsiburada.com\/assets\/Kitap\/200\/kkdbencekitap58063.jpg\" border=\"0\" width=\"155\" height=\"205\" style=\"float: left;\" \/><!--[if gte mso 9]><xml> <w:WordDocument> <w:View>Normal<\/w:View> <w:Zoom>0<\/w:Zoom> <w:HyphenationZone>21<\/w:HyphenationZone> <w:PunctuationKerning \/> <w:ValidateAgainstSchemas \/> <w:SaveIfXMLInvalid>false<\/w:SaveIfXMLInvalid> <w:IgnoreMixedContent>false<\/w:IgnoreMixedContent> <w:AlwaysShowPlaceholderText>false<\/w:AlwaysShowPlaceholderText> <w:Compatibility> <w:BreakWrappedTables \/> <w:SnapToGridInCell \/> <w:WrapTextWithPunct \/> <w:UseAsianBreakRules \/> <w:DontGrowAutofit \/> <\/w:Compatibility> <w:BrowserLevel>MicrosoftInternetExplorer4<\/w:BrowserLevel> <\/w:WordDocument> <\/xml><![endif]--><!--[if gte mso 9]><xml> <w:LatentStyles DefLockedState=\"false\" LatentStyleCount=\"156\"> <\/w:LatentStyles> <\/xml><![endif]--><!--[if gte mso 10]> <mce:style><!   \/* Style Definitions *\/  table.MsoNormalTable \t{mso-style-name:\"Normal Tablo\"; \tmso-tstyle-rowband-size:0; \tmso-tstyle-colband-size:0; \tmso-style-noshow:yes; \tmso-style-parent:\"\"; \tmso-padding-alt:0cm 5.4pt 0cm 5.4pt; \tmso-para-margin:0cm; \tmso-para-margin-bottom:.0001pt; \tmso-pagination:widow-orphan; \tfont-size:10.0pt; \tfont-family:\"Times New Roman\"; \tmso-ansi-language:#0400; \tmso-fareast-language:#0400; \tmso-bidi-language:#0400;} --> <!--[endif]--><\/p>\n<p style=\"text-align: justify;\">Bug\u00fcnlerde raflar yeni bir kitab\u0131 daha a\u011f\u0131rl\u0131yor. Uzun y\u0131llar cezaevinde kalan Deniz Faruk Zeren, \u015fiirlerini D\u00f6rt Mevsim \u0130lkbahar adl\u0131 kitapta toplad\u0131. Kitap &#8220;Unutulmaya, unutturulmaya kar\u015f\u0131 bir kar\u015f\u0131 koyu\u015f.&#8221;<\/p>\n<p style=\"text-align: justify;\">D\u00f6rt Mevsim \u0130lkbahar. Uzun y\u0131llar cezaevinde kalan bir \u00e7ok \u00f6yk\u00fcs\u00fc \u00f6d\u00fcle lay\u0131k g\u00f6r\u00fclen Deniz Faruk Zeren&#8217;in ilk kitab\u0131. Kitab\u0131n\u0131 cezaevlerinde bedenini a\u00e7l\u0131\u011fa ve direni\u015fe yat\u0131ran, hayatlar\u0131n\u0131 feda eden kad\u0131n devrimcilere adayan Zeren, &#8220;\u015eairlik ve sanat\u00e7\u0131l\u0131k onlar\u0131 unuttuk\u00e7a t\u00fckenecektir&#8221; diyor.<\/p>\n<p>D\u00f6rt Mevsim \u0130lkbahar, Bencekitap Yay\u0131nlar\u0131&#8217;ndan \u00e7\u0131kt\u0131.<br \/>Siverek do\u011fumlu olan K\u00fcrt \u015fair, &#8217;98&#8217;den 2005 y\u0131l\u0131na kadar politik nedenlerle \u00e7e\u015fitli cezaevlerinde kald\u0131. D\u00f6rt Mevsim \u0130lkbahar adl\u0131 kitaptaki \u015fiirler Nazilli Cezaevi&#8217;nde 2001-2003 y\u0131llar\u0131 aras\u0131nda yaz\u0131ld\u0131.<\/p>\n<p>Zeren, &#8220;90&#8217;l\u0131 y\u0131llar\u0131n sonlar\u0131, ve &#8216;milenyum&#8217; diye sahte umutlar yarat\u0131larak beklenen 2000&#8217;li y\u0131llar hapishanelerde direni\u015flerle, \u00d6l\u00fcm Oru\u00e7lar\u0131 ve katliamlarla ge\u00e7ti. Bu \u015fiirler bu atmosferin i\u00e7inde yaz\u0131ld\u0131&#8221; diyor.<\/p>\n<p>&#8217;99&#8217;da ba\u015flayan, onlarca K\u00fcrt tutuklu ve h\u00fck\u00fcml\u00fcn\u00fcn bedenini ate\u015fe vererek hayatlar\u0131n\u0131 kaybetmesi, sonras\u0131 a\u00e7l\u0131k grevleri, \u00f6l\u00fcm oru\u00e7lar\u0131 ve ard\u0131ndan 19 Aral\u0131k&#8230; Ve F tipi cezaevleriyle yeni bir boyut kazanan bir s\u00fcre\u00e7&#8230;<br \/>&#8220;Katliam ve direni\u015fler&#8230; Bu s\u00fcrecin yans\u0131mas\u0131d\u0131r bu kitaptaki \u015fiirler&#8221; diye ekliyor.<\/p>\n<p>\u00a0<\/p>\n<p style=\"text-align: justify;\">M\u00dcTEVAZ\u0130 B\u0130R KAR\u015eI DURU\u015e<\/p>\n<p>Kitap &#8220;Direnmek i\u00e7in beden ve beyinden ba\u015fka bir\u015feye sahip olmayan, ko\u011fu\u015flar\u0131nda diri diri yak\u0131lan, \u00d6l\u00fcm Oru\u00e7lar\u0131nda dirhem dirhem eriyerek hayatlar\u0131n\u0131 feda eden kad\u0131n devrimcilere adand\u0131&#8221; diye belirten Zeren, \u015f\u00f6yle diyor: &#8220;Giderek toplumun belle\u011finden silinmek istenen bir direni\u015f silsilesine tan\u0131k oldu bu topraklar. Hen\u00fcz toplumun belle\u011fi ve y\u00fcre\u011fi diyebilece\u011fimiz sanat ve onun \u00e7e\u015fitli dallar\u0131nda \u00fcr\u00fcnler veren sanat\u00e7\u0131lar o y\u0131llar\u0131n ve o direni\u015flerin estetik alg\u0131s\u0131na ula\u015famad\u0131, yeterince y\u00fczle\u015femedi. Bu \u015fairlik ve sanat\u00e7\u0131l\u0131k onlar\u0131 unuttuk\u00e7a t\u00fckenecektir. Kitap, m\u00fctevazi bir kar\u015f\u0131 duru\u015f olma iddias\u0131nda.&#8221;<\/p>\n<p>ANAD\u0130L\u0130N ACISINI \u0130L\u0130KLER\u0130MDE H\u0130SSED\u0130YORUM<\/p>\n<p>\u015eairin anadili K\u00fcrt\u00e7e. Ancak kitap T\u00fcrk\u00e7e yaz\u0131lm\u0131\u015f. Kendisi de bunun ac\u0131s\u0131n\u0131 ya\u015f\u0131yor. \u015e\u00f6yle diyor: &#8221; Anadilinde okuyamayan, yazamayan, bunun ac\u0131s\u0131n\u0131 ve eksikli\u011fini iliklerinde hisseden biriyim. Bu yan\u0131yla yazd\u0131klar\u0131m\u0131n, yazmak istediklerimin hep bir y\u00f6n\u00fcyle eksik ve gedikli oldu\u011funu d\u00fc\u015f\u00fcn\u00fcr\u00fcm. Bu eksikli\u011fi edebiyat\u0131n, \u015fiirin, \u00f6yk\u00fcn\u00fcn evrenselli\u011fi ile kapatmaya \u00e7al\u0131\u015fsam da bu bir yerde nafile bir \u00e7aba gibi. Duydu\u011fun, hissetti\u011fin, bildi\u011fin dilin anadilin olmamas\u0131d\u0131r buna sebep. Ve buna neden olan binlerce y\u0131ll\u0131k asimilasyon politikalar\u0131d\u0131r. Ne tam T\u00fcrk\u00e7e ne de K\u00fcrt\u00e7e ile dilimi kuramaman\u0131n b\u00fcy\u00fck sanc\u0131s\u0131 bu. Bunu en \u00e7ok yar\u0131m yamalak bildi\u011fi bir dille yazmak zorunda olan \u015fairler, \u00f6yk\u00fcc\u00fcler hissedebilir. Ben de bunu ya\u015fayan bir yazar\u0131m.&#8221;<\/p>\n<p style=\"text-align: justify;\">TOPLUMCU AYDINLARIN UNUTMASI D\u00dc\u015e\u00dcND\u00dcR\u00dcC\u00dc<\/p>\n<p>Zeren, kitab\u0131 i\u00e7in &#8220;&#8221;Unutulmaya, unutturulmaya kar\u015f\u0131 bir kar\u015f\u0131 koyu\u015f&#8221; diyor. Zeren, o s\u00fcre\u00e7lerde \u00e7e\u015fitli ayd\u0131n ve yazarlar\u0131n bu direni\u015fleri ve bi\u00e7imlerini ele\u015ftirdiklerini hat\u0131rlat\u0131yor. \u015e\u00f6yle diyor: &#8220;Cezaevlerinde ya\u015fan\u0131lanlar bu \u00fclkenin sanat\u00e7\u0131lar\u0131, ayd\u0131nlar\u0131 taraf\u0131ndan yeterince irdelenmedi halen. Edebiyatta, sinemada, sanat\u0131n di\u011fer \u00e7e\u015fitli dallar\u0131nda o b\u00fcy\u00fck ac\u0131lar\u0131n yeterli bir izle\u011fine rastlamak g\u00fc\u00e7. Kendisine toplumcu s\u0131fat\u0131 yak\u0131\u015ft\u0131ran ve \u00f6yle de olan sanat\u00e7\u0131lar\u0131n bu ger\u00e7eklerin \u00fczerinden atlamas\u0131 olduk\u00e7a d\u00fc\u015f\u00fcnd\u00fcr\u00fcc\u00fcd\u00fcr. Biz, bu unutulmaya, unutturulmaya kar\u015f\u0131 ve halen cezaevlerinde devam etmekte olan tecrit ve di\u011fer sorunlara kar\u015f\u0131 bir duru\u015f i\u00e7erisinde olmak istiyoruz.&#8221;<\/p>\n<p style=\"text-align: justify;\">\u015e\u0130\u0130R VE \u00d6YK\u00dc D\u0130LSEL OYUN DE\u011e\u0130LD\u0130R<\/p>\n<p>Zeren, kar\u015f\u0131 koyu\u015fun ve ele\u015ftirisinin d\u00f6n\u00fc\u015ft\u00fcr\u00fcc\u00fcl\u00fc\u011f\u00fcn\u00fc yine edebiyatta ar\u0131yor. &#8220;G\u00f6r\u00fcnmeyeni g\u00f6r\u00fcn\u00fcr k\u0131lmak, anla\u015f\u0131lmayan\u0131 anla\u015f\u0131l\u0131r k\u0131lmak, bilinmeyeni bilinir k\u0131lmak, de\u011fi\u015fmeyeni de\u011fi\u015ftirmek edebiyat\u0131n i\u015fi olmal\u0131d\u0131r&#8221; diyor ve \u015f\u00f6yle devam ediyor: &#8220;Esteti\u011fin, imgenin g\u00fcc\u00fc bunlar\u0131 yapmak i\u00e7in olduk\u00e7a elveri\u015flidir. \u015eiir ve \u00f6yk\u00fc yaln\u0131zca dilsel oyunlar alan\u0131 de\u011fildir. Toplumsal ger\u00e7ekliklerle kopmaz ba\u011flar i\u00e7erisinde olmak gerekiyor. Biz bu y\u00f6nl\u00fc \u00fcretim ve \u00e7abalar\u0131m\u0131z\u0131 s\u00fcrekli k\u0131larak yetkinle\u015fme ve daha fazla edebiyatla konu\u015fma kararl\u0131l\u0131\u011f\u0131nday\u0131z. Acemiyiz. \u00d6\u011freniyoruz. Daha \u00e7ok uzun yolumuz var.&#8221;<\/p>\n<p>(D\u00f6rt Mevsim \u0130lkbahar&#8217;dan)<\/p>\n<p>Ahd oldu ki, ah al\u0131nmak gerekti<br \/>\u00d6\u015fre batm\u0131\u015f \u00fcryan\u0131n<br \/>Vakti ge\u00e7ti ilim ile tefekk\u00fcr\u00fcn<br \/>Ol \u015ferdir celle celal deyip Z\u00fclf\u00fckara davrand\u0131m<br \/>Bedreddin\u2019den bu yan ahvalim budur benim.<\/p>\n<p>K\u0131rm\u0131z\u0131 per\u00e7emleri yoktu rahvan atlar\u0131n<br \/>\u00c7al\u0131nm\u0131\u015ft\u0131 ar\u015f\u0131n mavi katlar\u0131, \u00e7\u00f6z\u00fclm\u00fc\u015ft\u00fc<br \/>Reng-u reng ku\u015fa\u011f\u0131, zehr-u haramd\u0131 sular.<br \/>Bebelerin \u0131ngalar\u0131 di\u015flenmi\u015fti<br \/>Kurumu\u015ftu s\u00fctl\u00fc memeleri ana\u00e7lar\u0131n.<\/p>\n<p>Ne soluk ne ter<br \/>Ne hayat ne mah\u015fer<br \/>Rahmine s\u00fcng\u00fc ge\u00e7mi\u015f yard\u0131 ayan beyan yaln\u0131z.<br \/>Ab-\u0131 hayat ta\u015f\u0131d\u0131 da sakalar s\u00fcst\u00fck dibden dibe.<\/p>\n<p>Gece olanda k\u0131na yakt\u0131k ayam\u0131za, bezendik.<br \/>Y\u0131ld\u0131z ile balk\u0131d\u0131 al al aln\u0131m\u0131z<br \/>Toy ettik haps-u zindan i\u00e7inde<br \/>Zava olduk, buk\u00ea olduk do\u011fdu do\u011facak g\u00fcnde.<\/p>\n","protected":false},"excerpt":{"rendered":"<p>Bug\u00fcnlerde raflar yeni bir kitab\u0131 daha a\u011f\u0131rl\u0131yor. Uzun y\u0131llar cezaevinde kalan Deniz Faruk Zeren, \u015fiirlerini D\u00f6rt Mevsim \u0130lkbahar adl\u0131 kitapta toplad\u0131. Kitap &#8220;Unutulmaya, unutturulmaya kar\u015f\u0131 bir kar\u015f\u0131 koyu\u015f.&#8221; D\u00f6rt Mevsim \u0130lkbahar. Uzun y\u0131llar cezaevinde kalan bir \u00e7ok \u00f6yk\u00fcs\u00fc \u00f6d\u00fcle lay\u0131k g\u00f6r\u00fclen Deniz Faruk Zeren&#8217;in ilk kitab\u0131. Kitab\u0131n\u0131 cezaevlerinde bedenini a\u00e7l\u0131\u011fa ve direni\u015fe yat\u0131ran, hayatlar\u0131n\u0131 feda [&hellip;]<\/p>\n","protected":false},"author":1,"featured_media":0,"comment_status":"open","ping_status":"open","sticky":false,"template":"","format":"standard","meta":{"footnotes":""},"categories":[60],"tags":[],"class_list":{"0":"post-4733","1":"post","2":"type-post","3":"status-publish","4":"format-standard","6":"category-kitap-tanitim"},"yoast_head":"<!-- This site is optimized with the Yoast SEO Premium plugin v24.9 (Yoast SEO v24.9) - https:\/\/yoast.com\/wordpress\/plugins\/seo\/ -->\n<title>Bir kar\u015f\u0131 koyu\u015f; D\u00f6rt Mevsim \u0130lkbahar | Deniz Faruk Zeren - narteks.net<\/title>\n<meta name=\"robots\" content=\"index, follow, max-snippet:-1, max-image-preview:large, max-video-preview:-1\" \/>\n<link rel=\"canonical\" href=\"https:\/\/narteks.net\/index.php\/2010\/10\/21\/bir-karsi-koyus-dort-mevsim-ilkbahar-deniz-faruk-zeren\/\" \/>\n<meta property=\"og:locale\" content=\"tr_TR\" \/>\n<meta property=\"og:type\" content=\"article\" \/>\n<meta property=\"og:title\" content=\"Bir kar\u015f\u0131 koyu\u015f; D\u00f6rt Mevsim \u0130lkbahar | Deniz Faruk Zeren\" \/>\n<meta property=\"og:description\" content=\"Bug\u00fcnlerde raflar yeni bir kitab\u0131 daha a\u011f\u0131rl\u0131yor. Uzun y\u0131llar cezaevinde kalan Deniz Faruk Zeren, \u015fiirlerini D\u00f6rt Mevsim \u0130lkbahar adl\u0131 kitapta toplad\u0131. Kitap &#8220;Unutulmaya, unutturulmaya kar\u015f\u0131 bir kar\u015f\u0131 koyu\u015f.&#8221; D\u00f6rt Mevsim \u0130lkbahar. Uzun y\u0131llar cezaevinde kalan bir \u00e7ok \u00f6yk\u00fcs\u00fc \u00f6d\u00fcle lay\u0131k g\u00f6r\u00fclen Deniz Faruk Zeren&#8217;in ilk kitab\u0131. Kitab\u0131n\u0131 cezaevlerinde bedenini a\u00e7l\u0131\u011fa ve direni\u015fe yat\u0131ran, hayatlar\u0131n\u0131 feda [&hellip;]\" \/>\n<meta property=\"og:url\" content=\"https:\/\/narteks.net\/index.php\/2010\/10\/21\/bir-karsi-koyus-dort-mevsim-ilkbahar-deniz-faruk-zeren\/\" \/>\n<meta property=\"og:site_name\" content=\"narteks.net\" \/>\n<meta property=\"article:published_time\" content=\"2010-10-21T07:57:27+00:00\" \/>\n<meta property=\"og:image\" content=\"http:\/\/images.hepsiburada.com\/assets\/Kitap\/200\/kkdbencekitap58063.jpg\" \/>\n<meta name=\"author\" content=\"Tar\u0131k\" \/>\n<meta name=\"twitter:card\" content=\"summary_large_image\" \/>\n<meta name=\"twitter:creator\" content=\"@narteks\" \/>\n<meta name=\"twitter:site\" content=\"@narteks\" \/>\n<meta name=\"twitter:label1\" content=\"Yazan:\" \/>\n\t<meta name=\"twitter:data1\" content=\"Tar\u0131k\" \/>\n\t<meta name=\"twitter:label2\" content=\"Tahmini okuma s\u00fcresi\" \/>\n\t<meta name=\"twitter:data2\" content=\"5 dakika\" \/>\n<script type=\"application\/ld+json\" class=\"yoast-schema-graph\">{\"@context\":\"https:\/\/schema.org\",\"@graph\":[{\"@type\":\"Article\",\"@id\":\"https:\/\/narteks.net\/index.php\/2010\/10\/21\/bir-karsi-koyus-dort-mevsim-ilkbahar-deniz-faruk-zeren\/#article\",\"isPartOf\":{\"@id\":\"https:\/\/narteks.net\/index.php\/2010\/10\/21\/bir-karsi-koyus-dort-mevsim-ilkbahar-deniz-faruk-zeren\/\"},\"author\":{\"name\":\"Tar\u0131k\",\"@id\":\"https:\/\/narteks.net\/#\/schema\/person\/61f37d9834294b72d31d274e7ed79bca\"},\"headline\":\"Bir kar\u015f\u0131 koyu\u015f; D\u00f6rt Mevsim \u0130lkbahar | Deniz Faruk Zeren\",\"datePublished\":\"2010-10-21T07:57:27+00:00\",\"mainEntityOfPage\":{\"@id\":\"https:\/\/narteks.net\/index.php\/2010\/10\/21\/bir-karsi-koyus-dort-mevsim-ilkbahar-deniz-faruk-zeren\/\"},\"wordCount\":927,\"commentCount\":0,\"publisher\":{\"@id\":\"https:\/\/narteks.net\/#organization\"},\"image\":{\"@id\":\"https:\/\/narteks.net\/index.php\/2010\/10\/21\/bir-karsi-koyus-dort-mevsim-ilkbahar-deniz-faruk-zeren\/#primaryimage\"},\"thumbnailUrl\":\"http:\/\/images.hepsiburada.com\/assets\/Kitap\/200\/kkdbencekitap58063.jpg\",\"articleSection\":[\"Kitap Tan\u0131t\u0131m\"],\"inLanguage\":\"tr\",\"potentialAction\":[{\"@type\":\"CommentAction\",\"name\":\"Comment\",\"target\":[\"https:\/\/narteks.net\/index.php\/2010\/10\/21\/bir-karsi-koyus-dort-mevsim-ilkbahar-deniz-faruk-zeren\/#respond\"]}]},{\"@type\":\"WebPage\",\"@id\":\"https:\/\/narteks.net\/index.php\/2010\/10\/21\/bir-karsi-koyus-dort-mevsim-ilkbahar-deniz-faruk-zeren\/\",\"url\":\"https:\/\/narteks.net\/index.php\/2010\/10\/21\/bir-karsi-koyus-dort-mevsim-ilkbahar-deniz-faruk-zeren\/\",\"name\":\"Bir kar\u015f\u0131 koyu\u015f; D\u00f6rt Mevsim \u0130lkbahar | Deniz Faruk Zeren - narteks.net\",\"isPartOf\":{\"@id\":\"https:\/\/narteks.net\/#website\"},\"primaryImageOfPage\":{\"@id\":\"https:\/\/narteks.net\/index.php\/2010\/10\/21\/bir-karsi-koyus-dort-mevsim-ilkbahar-deniz-faruk-zeren\/#primaryimage\"},\"image\":{\"@id\":\"https:\/\/narteks.net\/index.php\/2010\/10\/21\/bir-karsi-koyus-dort-mevsim-ilkbahar-deniz-faruk-zeren\/#primaryimage\"},\"thumbnailUrl\":\"http:\/\/images.hepsiburada.com\/assets\/Kitap\/200\/kkdbencekitap58063.jpg\",\"datePublished\":\"2010-10-21T07:57:27+00:00\",\"breadcrumb\":{\"@id\":\"https:\/\/narteks.net\/index.php\/2010\/10\/21\/bir-karsi-koyus-dort-mevsim-ilkbahar-deniz-faruk-zeren\/#breadcrumb\"},\"inLanguage\":\"tr\",\"potentialAction\":[{\"@type\":\"ReadAction\",\"target\":[\"https:\/\/narteks.net\/index.php\/2010\/10\/21\/bir-karsi-koyus-dort-mevsim-ilkbahar-deniz-faruk-zeren\/\"]}]},{\"@type\":\"ImageObject\",\"inLanguage\":\"tr\",\"@id\":\"https:\/\/narteks.net\/index.php\/2010\/10\/21\/bir-karsi-koyus-dort-mevsim-ilkbahar-deniz-faruk-zeren\/#primaryimage\",\"url\":\"http:\/\/images.hepsiburada.com\/assets\/Kitap\/200\/kkdbencekitap58063.jpg\",\"contentUrl\":\"http:\/\/images.hepsiburada.com\/assets\/Kitap\/200\/kkdbencekitap58063.jpg\"},{\"@type\":\"BreadcrumbList\",\"@id\":\"https:\/\/narteks.net\/index.php\/2010\/10\/21\/bir-karsi-koyus-dort-mevsim-ilkbahar-deniz-faruk-zeren\/#breadcrumb\",\"itemListElement\":[{\"@type\":\"ListItem\",\"position\":1,\"name\":\"Anasayfa\",\"item\":\"https:\/\/narteks.net\/\"},{\"@type\":\"ListItem\",\"position\":2,\"name\":\"Bir kar\u015f\u0131 koyu\u015f; D\u00f6rt Mevsim \u0130lkbahar | Deniz Faruk Zeren\"}]},{\"@type\":\"WebSite\",\"@id\":\"https:\/\/narteks.net\/#website\",\"url\":\"https:\/\/narteks.net\/\",\"name\":\"narteks.net\",\"description\":\"K\u00fclt\u00fcr Sanat Edebiyat Felsefe\",\"publisher\":{\"@id\":\"https:\/\/narteks.net\/#organization\"},\"alternateName\":\"K\u00fclt\u00fcr Sanat Edebiyat Felsefe\",\"potentialAction\":[{\"@type\":\"SearchAction\",\"target\":{\"@type\":\"EntryPoint\",\"urlTemplate\":\"https:\/\/narteks.net\/?s={search_term_string}\"},\"query-input\":{\"@type\":\"PropertyValueSpecification\",\"valueRequired\":true,\"valueName\":\"search_term_string\"}}],\"inLanguage\":\"tr\"},{\"@type\":\"Organization\",\"@id\":\"https:\/\/narteks.net\/#organization\",\"name\":\"narteks.net\",\"url\":\"https:\/\/narteks.net\/\",\"logo\":{\"@type\":\"ImageObject\",\"inLanguage\":\"tr\",\"@id\":\"https:\/\/narteks.net\/#\/schema\/logo\/image\/\",\"url\":\"https:\/\/narteks.net\/wp-content\/uploads\/narteks.png\",\"contentUrl\":\"https:\/\/narteks.net\/wp-content\/uploads\/narteks.png\",\"width\":300,\"height\":90,\"caption\":\"narteks.net\"},\"image\":{\"@id\":\"https:\/\/narteks.net\/#\/schema\/logo\/image\/\"},\"sameAs\":[\"https:\/\/x.com\/narteks\",\"https:\/\/instagram.com\/narteksnet\"]},{\"@type\":\"Person\",\"@id\":\"https:\/\/narteks.net\/#\/schema\/person\/61f37d9834294b72d31d274e7ed79bca\",\"name\":\"Tar\u0131k\",\"image\":{\"@type\":\"ImageObject\",\"inLanguage\":\"tr\",\"@id\":\"https:\/\/narteks.net\/#\/schema\/person\/image\/\",\"url\":\"https:\/\/secure.gravatar.com\/avatar\/50865afb55632c4ae467e0af0930f6510aa2297d8014be502a55b14f3b7550cf?s=96&d=mm&r=g\",\"contentUrl\":\"https:\/\/secure.gravatar.com\/avatar\/50865afb55632c4ae467e0af0930f6510aa2297d8014be502a55b14f3b7550cf?s=96&d=mm&r=g\",\"caption\":\"Tar\u0131k\"},\"sameAs\":[\"http:\/\/narteks.net\"],\"url\":\"https:\/\/narteks.net\/index.php\/author\/narbak\/\"}]}<\/script>\n<!-- \/ Yoast SEO Premium plugin. -->","yoast_head_json":{"title":"Bir kar\u015f\u0131 koyu\u015f; D\u00f6rt Mevsim \u0130lkbahar | Deniz Faruk Zeren - narteks.net","robots":{"index":"index","follow":"follow","max-snippet":"max-snippet:-1","max-image-preview":"max-image-preview:large","max-video-preview":"max-video-preview:-1"},"canonical":"https:\/\/narteks.net\/index.php\/2010\/10\/21\/bir-karsi-koyus-dort-mevsim-ilkbahar-deniz-faruk-zeren\/","og_locale":"tr_TR","og_type":"article","og_title":"Bir kar\u015f\u0131 koyu\u015f; D\u00f6rt Mevsim \u0130lkbahar | Deniz Faruk Zeren","og_description":"Bug\u00fcnlerde raflar yeni bir kitab\u0131 daha a\u011f\u0131rl\u0131yor. Uzun y\u0131llar cezaevinde kalan Deniz Faruk Zeren, \u015fiirlerini D\u00f6rt Mevsim \u0130lkbahar adl\u0131 kitapta toplad\u0131. Kitap &#8220;Unutulmaya, unutturulmaya kar\u015f\u0131 bir kar\u015f\u0131 koyu\u015f.&#8221; D\u00f6rt Mevsim \u0130lkbahar. Uzun y\u0131llar cezaevinde kalan bir \u00e7ok \u00f6yk\u00fcs\u00fc \u00f6d\u00fcle lay\u0131k g\u00f6r\u00fclen Deniz Faruk Zeren&#8217;in ilk kitab\u0131. Kitab\u0131n\u0131 cezaevlerinde bedenini a\u00e7l\u0131\u011fa ve direni\u015fe yat\u0131ran, hayatlar\u0131n\u0131 feda [&hellip;]","og_url":"https:\/\/narteks.net\/index.php\/2010\/10\/21\/bir-karsi-koyus-dort-mevsim-ilkbahar-deniz-faruk-zeren\/","og_site_name":"narteks.net","article_published_time":"2010-10-21T07:57:27+00:00","og_image":[{"url":"http:\/\/images.hepsiburada.com\/assets\/Kitap\/200\/kkdbencekitap58063.jpg","type":"","width":"","height":""}],"author":"Tar\u0131k","twitter_card":"summary_large_image","twitter_creator":"@narteks","twitter_site":"@narteks","twitter_misc":{"Yazan:":"Tar\u0131k","Tahmini okuma s\u00fcresi":"5 dakika"},"schema":{"@context":"https:\/\/schema.org","@graph":[{"@type":"Article","@id":"https:\/\/narteks.net\/index.php\/2010\/10\/21\/bir-karsi-koyus-dort-mevsim-ilkbahar-deniz-faruk-zeren\/#article","isPartOf":{"@id":"https:\/\/narteks.net\/index.php\/2010\/10\/21\/bir-karsi-koyus-dort-mevsim-ilkbahar-deniz-faruk-zeren\/"},"author":{"name":"Tar\u0131k","@id":"https:\/\/narteks.net\/#\/schema\/person\/61f37d9834294b72d31d274e7ed79bca"},"headline":"Bir kar\u015f\u0131 koyu\u015f; D\u00f6rt Mevsim \u0130lkbahar | Deniz Faruk Zeren","datePublished":"2010-10-21T07:57:27+00:00","mainEntityOfPage":{"@id":"https:\/\/narteks.net\/index.php\/2010\/10\/21\/bir-karsi-koyus-dort-mevsim-ilkbahar-deniz-faruk-zeren\/"},"wordCount":927,"commentCount":0,"publisher":{"@id":"https:\/\/narteks.net\/#organization"},"image":{"@id":"https:\/\/narteks.net\/index.php\/2010\/10\/21\/bir-karsi-koyus-dort-mevsim-ilkbahar-deniz-faruk-zeren\/#primaryimage"},"thumbnailUrl":"http:\/\/images.hepsiburada.com\/assets\/Kitap\/200\/kkdbencekitap58063.jpg","articleSection":["Kitap Tan\u0131t\u0131m"],"inLanguage":"tr","potentialAction":[{"@type":"CommentAction","name":"Comment","target":["https:\/\/narteks.net\/index.php\/2010\/10\/21\/bir-karsi-koyus-dort-mevsim-ilkbahar-deniz-faruk-zeren\/#respond"]}]},{"@type":"WebPage","@id":"https:\/\/narteks.net\/index.php\/2010\/10\/21\/bir-karsi-koyus-dort-mevsim-ilkbahar-deniz-faruk-zeren\/","url":"https:\/\/narteks.net\/index.php\/2010\/10\/21\/bir-karsi-koyus-dort-mevsim-ilkbahar-deniz-faruk-zeren\/","name":"Bir kar\u015f\u0131 koyu\u015f; D\u00f6rt Mevsim \u0130lkbahar | Deniz Faruk Zeren - narteks.net","isPartOf":{"@id":"https:\/\/narteks.net\/#website"},"primaryImageOfPage":{"@id":"https:\/\/narteks.net\/index.php\/2010\/10\/21\/bir-karsi-koyus-dort-mevsim-ilkbahar-deniz-faruk-zeren\/#primaryimage"},"image":{"@id":"https:\/\/narteks.net\/index.php\/2010\/10\/21\/bir-karsi-koyus-dort-mevsim-ilkbahar-deniz-faruk-zeren\/#primaryimage"},"thumbnailUrl":"http:\/\/images.hepsiburada.com\/assets\/Kitap\/200\/kkdbencekitap58063.jpg","datePublished":"2010-10-21T07:57:27+00:00","breadcrumb":{"@id":"https:\/\/narteks.net\/index.php\/2010\/10\/21\/bir-karsi-koyus-dort-mevsim-ilkbahar-deniz-faruk-zeren\/#breadcrumb"},"inLanguage":"tr","potentialAction":[{"@type":"ReadAction","target":["https:\/\/narteks.net\/index.php\/2010\/10\/21\/bir-karsi-koyus-dort-mevsim-ilkbahar-deniz-faruk-zeren\/"]}]},{"@type":"ImageObject","inLanguage":"tr","@id":"https:\/\/narteks.net\/index.php\/2010\/10\/21\/bir-karsi-koyus-dort-mevsim-ilkbahar-deniz-faruk-zeren\/#primaryimage","url":"http:\/\/images.hepsiburada.com\/assets\/Kitap\/200\/kkdbencekitap58063.jpg","contentUrl":"http:\/\/images.hepsiburada.com\/assets\/Kitap\/200\/kkdbencekitap58063.jpg"},{"@type":"BreadcrumbList","@id":"https:\/\/narteks.net\/index.php\/2010\/10\/21\/bir-karsi-koyus-dort-mevsim-ilkbahar-deniz-faruk-zeren\/#breadcrumb","itemListElement":[{"@type":"ListItem","position":1,"name":"Anasayfa","item":"https:\/\/narteks.net\/"},{"@type":"ListItem","position":2,"name":"Bir kar\u015f\u0131 koyu\u015f; D\u00f6rt Mevsim \u0130lkbahar | Deniz Faruk Zeren"}]},{"@type":"WebSite","@id":"https:\/\/narteks.net\/#website","url":"https:\/\/narteks.net\/","name":"narteks.net","description":"K\u00fclt\u00fcr Sanat Edebiyat Felsefe","publisher":{"@id":"https:\/\/narteks.net\/#organization"},"alternateName":"K\u00fclt\u00fcr Sanat Edebiyat Felsefe","potentialAction":[{"@type":"SearchAction","target":{"@type":"EntryPoint","urlTemplate":"https:\/\/narteks.net\/?s={search_term_string}"},"query-input":{"@type":"PropertyValueSpecification","valueRequired":true,"valueName":"search_term_string"}}],"inLanguage":"tr"},{"@type":"Organization","@id":"https:\/\/narteks.net\/#organization","name":"narteks.net","url":"https:\/\/narteks.net\/","logo":{"@type":"ImageObject","inLanguage":"tr","@id":"https:\/\/narteks.net\/#\/schema\/logo\/image\/","url":"https:\/\/narteks.net\/wp-content\/uploads\/narteks.png","contentUrl":"https:\/\/narteks.net\/wp-content\/uploads\/narteks.png","width":300,"height":90,"caption":"narteks.net"},"image":{"@id":"https:\/\/narteks.net\/#\/schema\/logo\/image\/"},"sameAs":["https:\/\/x.com\/narteks","https:\/\/instagram.com\/narteksnet"]},{"@type":"Person","@id":"https:\/\/narteks.net\/#\/schema\/person\/61f37d9834294b72d31d274e7ed79bca","name":"Tar\u0131k","image":{"@type":"ImageObject","inLanguage":"tr","@id":"https:\/\/narteks.net\/#\/schema\/person\/image\/","url":"https:\/\/secure.gravatar.com\/avatar\/50865afb55632c4ae467e0af0930f6510aa2297d8014be502a55b14f3b7550cf?s=96&d=mm&r=g","contentUrl":"https:\/\/secure.gravatar.com\/avatar\/50865afb55632c4ae467e0af0930f6510aa2297d8014be502a55b14f3b7550cf?s=96&d=mm&r=g","caption":"Tar\u0131k"},"sameAs":["http:\/\/narteks.net"],"url":"https:\/\/narteks.net\/index.php\/author\/narbak\/"}]}},"_links":{"self":[{"href":"https:\/\/narteks.net\/index.php\/wp-json\/wp\/v2\/posts\/4733","targetHints":{"allow":["GET"]}}],"collection":[{"href":"https:\/\/narteks.net\/index.php\/wp-json\/wp\/v2\/posts"}],"about":[{"href":"https:\/\/narteks.net\/index.php\/wp-json\/wp\/v2\/types\/post"}],"author":[{"embeddable":true,"href":"https:\/\/narteks.net\/index.php\/wp-json\/wp\/v2\/users\/1"}],"replies":[{"embeddable":true,"href":"https:\/\/narteks.net\/index.php\/wp-json\/wp\/v2\/comments?post=4733"}],"version-history":[{"count":0,"href":"https:\/\/narteks.net\/index.php\/wp-json\/wp\/v2\/posts\/4733\/revisions"}],"wp:attachment":[{"href":"https:\/\/narteks.net\/index.php\/wp-json\/wp\/v2\/media?parent=4733"}],"wp:term":[{"taxonomy":"category","embeddable":true,"href":"https:\/\/narteks.net\/index.php\/wp-json\/wp\/v2\/categories?post=4733"},{"taxonomy":"post_tag","embeddable":true,"href":"https:\/\/narteks.net\/index.php\/wp-json\/wp\/v2\/tags?post=4733"}],"curies":[{"name":"wp","href":"https:\/\/api.w.org\/{rel}","templated":true}]}}