{"id":4735,"date":"2010-10-22T10:15:21","date_gmt":"2010-10-22T07:15:21","guid":{"rendered":"http:\/\/localhost\/wordpress\/2010\/10\/22\/ve-bir-genc-soyle-dedi-bize-arkadasliktan-bahset-halil-cibran\/"},"modified":"2010-10-22T10:15:21","modified_gmt":"2010-10-22T07:15:21","slug":"ve-bir-genc-soyle-dedi-bize-arkadasliktan-bahset-halil-cibran","status":"publish","type":"post","link":"https:\/\/narteks.net\/index.php\/2010\/10\/22\/ve-bir-genc-soyle-dedi-bize-arkadasliktan-bahset-halil-cibran\/","title":{"rendered":"Ve bir gen\u00e7, \u015f\u00f6yle dedi: &#8216;Bize arkada\u015fl\u0131ktan bahset.&#8217; | Halil Cibran"},"content":{"rendered":"<p><img loading=\"lazy\" decoding=\"async\" src=\"http:\/\/www.dusuncegezgini.com\/halil_cibran.jpg\" border=\"0\" width=\"155\" height=\"205\" style=\"float: left;\" \/>Ve bir gen\u00e7, \u015f\u00f6yle dedi: \u201cBize arkada\u015fl\u0131ktan bahset.\u201d<\/p>\n<p>Ve o cevap verdi:<\/p>\n<p>\u201cArkada\u015f\u0131n\u0131z, cevap bulan gereksinimlerinizdir.<br \/>O, sevgiyle ekti\u011finiz ve \u015f\u00fckranla bi\u00e7ti\u011finiz tarlan\u0131zd\u0131r.<\/p>\n<p>O sizin sofran\u0131z ve ocakba\u015f\u0131n\u0131zd\u0131r.<br \/>\u00c7\u00fcnk\u00fc ona a\u00e7l\u0131\u011f\u0131n\u0131zla gelir ve onda huzuru arars\u0131n\u0131z.<\/p>\n<p>Arkada\u015f\u0131n\u0131z sizinle i\u00e7inden geldi\u011fi gibi konu\u015ftu\u011funda,<br \/>ne \u2018hay\u0131r\u2019 demek zor gelir, ne de \u2018evet\u2019 demekten \u00e7ekinirsiniz.<\/p>\n<p>Ve o sessiz kald\u0131\u011f\u0131nda,<br \/>kalbiniz onun kalbini dinlemek i\u00e7in sessizle\u015fir.<br \/>\u00c7\u00fcnk\u00fc arkada\u015fl\u0131kta, kelimeler susunca,<br \/>t\u00fcm d\u00fc\u015f\u00fcnceler, t\u00fcm arzular ve beklentiler,<br \/>g\u00fcr\u00fclt\u00fcs\u00fcz bir sevin\u00e7 i\u00e7inde do\u011far ve payla\u015f\u0131l\u0131rlar.<\/p>\n<p>Arkada\u015f\u0131n\u0131zdan ayr\u0131ld\u0131\u011f\u0131n\u0131zda ise yas tutmazs\u0131n\u0131z;<br \/>\u00c7\u00fcnk\u00fc onun en sevdi\u011finiz yan\u0131, yoklu\u011funda<br \/>daha bir berrakl\u0131k kazan\u0131r, t\u0131pk\u0131 bir da\u011f\u0131n,<br \/>da\u011fc\u0131ya, ovadan daha net g\u00f6r\u00fcnmesi gibi\u2026<\/p>\n<p>Ve arkada\u015fl\u0131\u011f\u0131n\u0131zda, ruhsal derinlik<br \/>kazanmaktan ba\u015fka bir ama\u00e7 g\u00fctmeyin.<\/p>\n<p>\u00c7\u00fcnk\u00fc, salt kendi gizemini a\u00e7\u0131\u011fa vurmak pe\u015finde<br \/>olan sevgi, sevgi de\u011fil, savrulmu\u015f bir a\u011fd\u0131r<br \/>ve sadece yarars\u0131z olan yakalan\u0131r.<\/p>\n<p>Ve arkada\u015f\u0131n\u0131za, kendinizi oldu\u011funuz gibi sunun.<br \/>E\u011fer dalgalar\u0131n\u0131z\u0131n cezrini bilecekse,<br \/>meddini de bilmesine izin verin.<\/p>\n<p>\u00c7\u00fcnk\u00fc salt zaman \u00f6ld\u00fcrmek i\u00e7in bir arkada\u015f<br \/>araman\u0131z\u0131n anlam\u0131 olabilir mi?<br \/>Onu, zaman\u0131 ya\u015fatmak i\u00e7in aray\u0131n.<\/p>\n<p>\u00c7\u00fcnk\u00fc o gereksiniminizi kar\u015f\u0131lamak i\u00e7indir,<br \/>bo\u015flu\u011funuzu doldurmak i\u00e7in de\u011fil.<\/p>\n<p>Ve arkada\u015fl\u0131\u011f\u0131n ho\u015flu\u011funda,<br \/>kahkahalar, payla\u015f\u0131lan hazlar olsun.<br \/>\u00c7\u00fcnk\u00fc k\u00fc\u00e7\u00fck \u015feylerin \u015febneminde,<br \/>y\u00fcrek sabah\u0131n\u0131 bulur ve tazelenir.\u201d<\/p>\n<p>Halil Cibran.<\/p>\n","protected":false},"excerpt":{"rendered":"<p>Ve bir gen\u00e7, \u015f\u00f6yle dedi: \u201cBize arkada\u015fl\u0131ktan bahset.\u201d Ve o cevap verdi: \u201cArkada\u015f\u0131n\u0131z, cevap bulan gereksinimlerinizdir.O, sevgiyle ekti\u011finiz ve \u015f\u00fckranla bi\u00e7ti\u011finiz tarlan\u0131zd\u0131r. O sizin sofran\u0131z ve ocakba\u015f\u0131n\u0131zd\u0131r.\u00c7\u00fcnk\u00fc ona a\u00e7l\u0131\u011f\u0131n\u0131zla gelir ve onda huzuru arars\u0131n\u0131z. Arkada\u015f\u0131n\u0131z sizinle i\u00e7inden geldi\u011fi gibi konu\u015ftu\u011funda,ne \u2018hay\u0131r\u2019 demek zor gelir, ne de \u2018evet\u2019 demekten \u00e7ekinirsiniz. Ve o sessiz kald\u0131\u011f\u0131nda,kalbiniz onun kalbini [&hellip;]<\/p>\n","protected":false},"author":1,"featured_media":0,"comment_status":"open","ping_status":"open","sticky":false,"template":"","format":"standard","meta":{"footnotes":""},"categories":[103],"tags":[],"class_list":{"0":"post-4735","1":"post","2":"type-post","3":"status-publish","4":"format-standard","6":"category-felsefe-genel"},"yoast_head":"<!-- This site is optimized with the Yoast SEO Premium plugin v24.9 (Yoast SEO v24.9) - https:\/\/yoast.com\/wordpress\/plugins\/seo\/ -->\n<title>Ve bir gen\u00e7, \u015f\u00f6yle dedi: &#039;Bize arkada\u015fl\u0131ktan bahset.&#039; | Halil Cibran - narteks.net<\/title>\n<meta name=\"robots\" content=\"index, follow, max-snippet:-1, max-image-preview:large, max-video-preview:-1\" \/>\n<link rel=\"canonical\" href=\"https:\/\/narteks.net\/index.php\/2010\/10\/22\/ve-bir-genc-soyle-dedi-bize-arkadasliktan-bahset-halil-cibran\/\" \/>\n<meta property=\"og:locale\" content=\"tr_TR\" \/>\n<meta property=\"og:type\" content=\"article\" \/>\n<meta property=\"og:title\" content=\"Ve bir gen\u00e7, \u015f\u00f6yle dedi: &#039;Bize arkada\u015fl\u0131ktan bahset.&#039; | Halil Cibran\" \/>\n<meta property=\"og:description\" content=\"Ve bir gen\u00e7, \u015f\u00f6yle dedi: \u201cBize arkada\u015fl\u0131ktan bahset.\u201d Ve o cevap verdi: \u201cArkada\u015f\u0131n\u0131z, cevap bulan gereksinimlerinizdir.O, sevgiyle ekti\u011finiz ve \u015f\u00fckranla bi\u00e7ti\u011finiz tarlan\u0131zd\u0131r. O sizin sofran\u0131z ve ocakba\u015f\u0131n\u0131zd\u0131r.\u00c7\u00fcnk\u00fc ona a\u00e7l\u0131\u011f\u0131n\u0131zla gelir ve onda huzuru arars\u0131n\u0131z. Arkada\u015f\u0131n\u0131z sizinle i\u00e7inden geldi\u011fi gibi konu\u015ftu\u011funda,ne \u2018hay\u0131r\u2019 demek zor gelir, ne de \u2018evet\u2019 demekten \u00e7ekinirsiniz. Ve o sessiz kald\u0131\u011f\u0131nda,kalbiniz onun kalbini [&hellip;]\" \/>\n<meta property=\"og:url\" content=\"https:\/\/narteks.net\/index.php\/2010\/10\/22\/ve-bir-genc-soyle-dedi-bize-arkadasliktan-bahset-halil-cibran\/\" \/>\n<meta property=\"og:site_name\" content=\"narteks.net\" \/>\n<meta property=\"article:published_time\" content=\"2010-10-22T07:15:21+00:00\" \/>\n<meta property=\"og:image\" content=\"http:\/\/www.dusuncegezgini.com\/halil_cibran.jpg\" \/>\n<meta name=\"author\" content=\"Tar\u0131k\" \/>\n<meta name=\"twitter:card\" content=\"summary_large_image\" \/>\n<meta name=\"twitter:creator\" content=\"@narteks\" \/>\n<meta name=\"twitter:site\" content=\"@narteks\" \/>\n<meta name=\"twitter:label1\" content=\"Yazan:\" \/>\n\t<meta name=\"twitter:data1\" content=\"Tar\u0131k\" \/>\n\t<meta name=\"twitter:label2\" content=\"Tahmini okuma s\u00fcresi\" \/>\n\t<meta name=\"twitter:data2\" content=\"1 dakika\" \/>\n<script type=\"application\/ld+json\" class=\"yoast-schema-graph\">{\"@context\":\"https:\/\/schema.org\",\"@graph\":[{\"@type\":\"Article\",\"@id\":\"https:\/\/narteks.net\/index.php\/2010\/10\/22\/ve-bir-genc-soyle-dedi-bize-arkadasliktan-bahset-halil-cibran\/#article\",\"isPartOf\":{\"@id\":\"https:\/\/narteks.net\/index.php\/2010\/10\/22\/ve-bir-genc-soyle-dedi-bize-arkadasliktan-bahset-halil-cibran\/\"},\"author\":{\"name\":\"Tar\u0131k\",\"@id\":\"https:\/\/narteks.net\/#\/schema\/person\/61f37d9834294b72d31d274e7ed79bca\"},\"headline\":\"Ve bir gen\u00e7, \u015f\u00f6yle dedi: &#8216;Bize arkada\u015fl\u0131ktan bahset.&#8217; | Halil Cibran\",\"datePublished\":\"2010-10-22T07:15:21+00:00\",\"mainEntityOfPage\":{\"@id\":\"https:\/\/narteks.net\/index.php\/2010\/10\/22\/ve-bir-genc-soyle-dedi-bize-arkadasliktan-bahset-halil-cibran\/\"},\"wordCount\":296,\"commentCount\":0,\"publisher\":{\"@id\":\"https:\/\/narteks.net\/#organization\"},\"image\":{\"@id\":\"https:\/\/narteks.net\/index.php\/2010\/10\/22\/ve-bir-genc-soyle-dedi-bize-arkadasliktan-bahset-halil-cibran\/#primaryimage\"},\"thumbnailUrl\":\"http:\/\/www.dusuncegezgini.com\/halil_cibran.jpg\",\"articleSection\":[\"Felsefe (Genel)\"],\"inLanguage\":\"tr\",\"potentialAction\":[{\"@type\":\"CommentAction\",\"name\":\"Comment\",\"target\":[\"https:\/\/narteks.net\/index.php\/2010\/10\/22\/ve-bir-genc-soyle-dedi-bize-arkadasliktan-bahset-halil-cibran\/#respond\"]}]},{\"@type\":\"WebPage\",\"@id\":\"https:\/\/narteks.net\/index.php\/2010\/10\/22\/ve-bir-genc-soyle-dedi-bize-arkadasliktan-bahset-halil-cibran\/\",\"url\":\"https:\/\/narteks.net\/index.php\/2010\/10\/22\/ve-bir-genc-soyle-dedi-bize-arkadasliktan-bahset-halil-cibran\/\",\"name\":\"Ve bir gen\u00e7, \u015f\u00f6yle dedi: 'Bize arkada\u015fl\u0131ktan bahset.' | Halil Cibran - narteks.net\",\"isPartOf\":{\"@id\":\"https:\/\/narteks.net\/#website\"},\"primaryImageOfPage\":{\"@id\":\"https:\/\/narteks.net\/index.php\/2010\/10\/22\/ve-bir-genc-soyle-dedi-bize-arkadasliktan-bahset-halil-cibran\/#primaryimage\"},\"image\":{\"@id\":\"https:\/\/narteks.net\/index.php\/2010\/10\/22\/ve-bir-genc-soyle-dedi-bize-arkadasliktan-bahset-halil-cibran\/#primaryimage\"},\"thumbnailUrl\":\"http:\/\/www.dusuncegezgini.com\/halil_cibran.jpg\",\"datePublished\":\"2010-10-22T07:15:21+00:00\",\"breadcrumb\":{\"@id\":\"https:\/\/narteks.net\/index.php\/2010\/10\/22\/ve-bir-genc-soyle-dedi-bize-arkadasliktan-bahset-halil-cibran\/#breadcrumb\"},\"inLanguage\":\"tr\",\"potentialAction\":[{\"@type\":\"ReadAction\",\"target\":[\"https:\/\/narteks.net\/index.php\/2010\/10\/22\/ve-bir-genc-soyle-dedi-bize-arkadasliktan-bahset-halil-cibran\/\"]}]},{\"@type\":\"ImageObject\",\"inLanguage\":\"tr\",\"@id\":\"https:\/\/narteks.net\/index.php\/2010\/10\/22\/ve-bir-genc-soyle-dedi-bize-arkadasliktan-bahset-halil-cibran\/#primaryimage\",\"url\":\"http:\/\/www.dusuncegezgini.com\/halil_cibran.jpg\",\"contentUrl\":\"http:\/\/www.dusuncegezgini.com\/halil_cibran.jpg\"},{\"@type\":\"BreadcrumbList\",\"@id\":\"https:\/\/narteks.net\/index.php\/2010\/10\/22\/ve-bir-genc-soyle-dedi-bize-arkadasliktan-bahset-halil-cibran\/#breadcrumb\",\"itemListElement\":[{\"@type\":\"ListItem\",\"position\":1,\"name\":\"Anasayfa\",\"item\":\"https:\/\/narteks.net\/\"},{\"@type\":\"ListItem\",\"position\":2,\"name\":\"Ve bir gen\u00e7, \u015f\u00f6yle dedi: &#8216;Bize arkada\u015fl\u0131ktan bahset.&#8217; | Halil Cibran\"}]},{\"@type\":\"WebSite\",\"@id\":\"https:\/\/narteks.net\/#website\",\"url\":\"https:\/\/narteks.net\/\",\"name\":\"narteks.net\",\"description\":\"K\u00fclt\u00fcr Sanat Edebiyat Felsefe\",\"publisher\":{\"@id\":\"https:\/\/narteks.net\/#organization\"},\"alternateName\":\"K\u00fclt\u00fcr Sanat Edebiyat Felsefe\",\"potentialAction\":[{\"@type\":\"SearchAction\",\"target\":{\"@type\":\"EntryPoint\",\"urlTemplate\":\"https:\/\/narteks.net\/?s={search_term_string}\"},\"query-input\":{\"@type\":\"PropertyValueSpecification\",\"valueRequired\":true,\"valueName\":\"search_term_string\"}}],\"inLanguage\":\"tr\"},{\"@type\":\"Organization\",\"@id\":\"https:\/\/narteks.net\/#organization\",\"name\":\"narteks.net\",\"url\":\"https:\/\/narteks.net\/\",\"logo\":{\"@type\":\"ImageObject\",\"inLanguage\":\"tr\",\"@id\":\"https:\/\/narteks.net\/#\/schema\/logo\/image\/\",\"url\":\"https:\/\/narteks.net\/wp-content\/uploads\/narteks.png\",\"contentUrl\":\"https:\/\/narteks.net\/wp-content\/uploads\/narteks.png\",\"width\":300,\"height\":90,\"caption\":\"narteks.net\"},\"image\":{\"@id\":\"https:\/\/narteks.net\/#\/schema\/logo\/image\/\"},\"sameAs\":[\"https:\/\/x.com\/narteks\",\"https:\/\/instagram.com\/narteksnet\"]},{\"@type\":\"Person\",\"@id\":\"https:\/\/narteks.net\/#\/schema\/person\/61f37d9834294b72d31d274e7ed79bca\",\"name\":\"Tar\u0131k\",\"image\":{\"@type\":\"ImageObject\",\"inLanguage\":\"tr\",\"@id\":\"https:\/\/narteks.net\/#\/schema\/person\/image\/\",\"url\":\"https:\/\/secure.gravatar.com\/avatar\/50865afb55632c4ae467e0af0930f6510aa2297d8014be502a55b14f3b7550cf?s=96&d=mm&r=g\",\"contentUrl\":\"https:\/\/secure.gravatar.com\/avatar\/50865afb55632c4ae467e0af0930f6510aa2297d8014be502a55b14f3b7550cf?s=96&d=mm&r=g\",\"caption\":\"Tar\u0131k\"},\"sameAs\":[\"http:\/\/narteks.net\"],\"url\":\"https:\/\/narteks.net\/index.php\/author\/narbak\/\"}]}<\/script>\n<!-- \/ Yoast SEO Premium plugin. -->","yoast_head_json":{"title":"Ve bir gen\u00e7, \u015f\u00f6yle dedi: 'Bize arkada\u015fl\u0131ktan bahset.' | Halil Cibran - narteks.net","robots":{"index":"index","follow":"follow","max-snippet":"max-snippet:-1","max-image-preview":"max-image-preview:large","max-video-preview":"max-video-preview:-1"},"canonical":"https:\/\/narteks.net\/index.php\/2010\/10\/22\/ve-bir-genc-soyle-dedi-bize-arkadasliktan-bahset-halil-cibran\/","og_locale":"tr_TR","og_type":"article","og_title":"Ve bir gen\u00e7, \u015f\u00f6yle dedi: 'Bize arkada\u015fl\u0131ktan bahset.' | Halil Cibran","og_description":"Ve bir gen\u00e7, \u015f\u00f6yle dedi: \u201cBize arkada\u015fl\u0131ktan bahset.\u201d Ve o cevap verdi: \u201cArkada\u015f\u0131n\u0131z, cevap bulan gereksinimlerinizdir.O, sevgiyle ekti\u011finiz ve \u015f\u00fckranla bi\u00e7ti\u011finiz tarlan\u0131zd\u0131r. O sizin sofran\u0131z ve ocakba\u015f\u0131n\u0131zd\u0131r.\u00c7\u00fcnk\u00fc ona a\u00e7l\u0131\u011f\u0131n\u0131zla gelir ve onda huzuru arars\u0131n\u0131z. Arkada\u015f\u0131n\u0131z sizinle i\u00e7inden geldi\u011fi gibi konu\u015ftu\u011funda,ne \u2018hay\u0131r\u2019 demek zor gelir, ne de \u2018evet\u2019 demekten \u00e7ekinirsiniz. Ve o sessiz kald\u0131\u011f\u0131nda,kalbiniz onun kalbini [&hellip;]","og_url":"https:\/\/narteks.net\/index.php\/2010\/10\/22\/ve-bir-genc-soyle-dedi-bize-arkadasliktan-bahset-halil-cibran\/","og_site_name":"narteks.net","article_published_time":"2010-10-22T07:15:21+00:00","og_image":[{"url":"http:\/\/www.dusuncegezgini.com\/halil_cibran.jpg","type":"","width":"","height":""}],"author":"Tar\u0131k","twitter_card":"summary_large_image","twitter_creator":"@narteks","twitter_site":"@narteks","twitter_misc":{"Yazan:":"Tar\u0131k","Tahmini okuma s\u00fcresi":"1 dakika"},"schema":{"@context":"https:\/\/schema.org","@graph":[{"@type":"Article","@id":"https:\/\/narteks.net\/index.php\/2010\/10\/22\/ve-bir-genc-soyle-dedi-bize-arkadasliktan-bahset-halil-cibran\/#article","isPartOf":{"@id":"https:\/\/narteks.net\/index.php\/2010\/10\/22\/ve-bir-genc-soyle-dedi-bize-arkadasliktan-bahset-halil-cibran\/"},"author":{"name":"Tar\u0131k","@id":"https:\/\/narteks.net\/#\/schema\/person\/61f37d9834294b72d31d274e7ed79bca"},"headline":"Ve bir gen\u00e7, \u015f\u00f6yle dedi: &#8216;Bize arkada\u015fl\u0131ktan bahset.&#8217; | Halil Cibran","datePublished":"2010-10-22T07:15:21+00:00","mainEntityOfPage":{"@id":"https:\/\/narteks.net\/index.php\/2010\/10\/22\/ve-bir-genc-soyle-dedi-bize-arkadasliktan-bahset-halil-cibran\/"},"wordCount":296,"commentCount":0,"publisher":{"@id":"https:\/\/narteks.net\/#organization"},"image":{"@id":"https:\/\/narteks.net\/index.php\/2010\/10\/22\/ve-bir-genc-soyle-dedi-bize-arkadasliktan-bahset-halil-cibran\/#primaryimage"},"thumbnailUrl":"http:\/\/www.dusuncegezgini.com\/halil_cibran.jpg","articleSection":["Felsefe (Genel)"],"inLanguage":"tr","potentialAction":[{"@type":"CommentAction","name":"Comment","target":["https:\/\/narteks.net\/index.php\/2010\/10\/22\/ve-bir-genc-soyle-dedi-bize-arkadasliktan-bahset-halil-cibran\/#respond"]}]},{"@type":"WebPage","@id":"https:\/\/narteks.net\/index.php\/2010\/10\/22\/ve-bir-genc-soyle-dedi-bize-arkadasliktan-bahset-halil-cibran\/","url":"https:\/\/narteks.net\/index.php\/2010\/10\/22\/ve-bir-genc-soyle-dedi-bize-arkadasliktan-bahset-halil-cibran\/","name":"Ve bir gen\u00e7, \u015f\u00f6yle dedi: 'Bize arkada\u015fl\u0131ktan bahset.' | Halil Cibran - narteks.net","isPartOf":{"@id":"https:\/\/narteks.net\/#website"},"primaryImageOfPage":{"@id":"https:\/\/narteks.net\/index.php\/2010\/10\/22\/ve-bir-genc-soyle-dedi-bize-arkadasliktan-bahset-halil-cibran\/#primaryimage"},"image":{"@id":"https:\/\/narteks.net\/index.php\/2010\/10\/22\/ve-bir-genc-soyle-dedi-bize-arkadasliktan-bahset-halil-cibran\/#primaryimage"},"thumbnailUrl":"http:\/\/www.dusuncegezgini.com\/halil_cibran.jpg","datePublished":"2010-10-22T07:15:21+00:00","breadcrumb":{"@id":"https:\/\/narteks.net\/index.php\/2010\/10\/22\/ve-bir-genc-soyle-dedi-bize-arkadasliktan-bahset-halil-cibran\/#breadcrumb"},"inLanguage":"tr","potentialAction":[{"@type":"ReadAction","target":["https:\/\/narteks.net\/index.php\/2010\/10\/22\/ve-bir-genc-soyle-dedi-bize-arkadasliktan-bahset-halil-cibran\/"]}]},{"@type":"ImageObject","inLanguage":"tr","@id":"https:\/\/narteks.net\/index.php\/2010\/10\/22\/ve-bir-genc-soyle-dedi-bize-arkadasliktan-bahset-halil-cibran\/#primaryimage","url":"http:\/\/www.dusuncegezgini.com\/halil_cibran.jpg","contentUrl":"http:\/\/www.dusuncegezgini.com\/halil_cibran.jpg"},{"@type":"BreadcrumbList","@id":"https:\/\/narteks.net\/index.php\/2010\/10\/22\/ve-bir-genc-soyle-dedi-bize-arkadasliktan-bahset-halil-cibran\/#breadcrumb","itemListElement":[{"@type":"ListItem","position":1,"name":"Anasayfa","item":"https:\/\/narteks.net\/"},{"@type":"ListItem","position":2,"name":"Ve bir gen\u00e7, \u015f\u00f6yle dedi: &#8216;Bize arkada\u015fl\u0131ktan bahset.&#8217; | Halil Cibran"}]},{"@type":"WebSite","@id":"https:\/\/narteks.net\/#website","url":"https:\/\/narteks.net\/","name":"narteks.net","description":"K\u00fclt\u00fcr Sanat Edebiyat Felsefe","publisher":{"@id":"https:\/\/narteks.net\/#organization"},"alternateName":"K\u00fclt\u00fcr Sanat Edebiyat Felsefe","potentialAction":[{"@type":"SearchAction","target":{"@type":"EntryPoint","urlTemplate":"https:\/\/narteks.net\/?s={search_term_string}"},"query-input":{"@type":"PropertyValueSpecification","valueRequired":true,"valueName":"search_term_string"}}],"inLanguage":"tr"},{"@type":"Organization","@id":"https:\/\/narteks.net\/#organization","name":"narteks.net","url":"https:\/\/narteks.net\/","logo":{"@type":"ImageObject","inLanguage":"tr","@id":"https:\/\/narteks.net\/#\/schema\/logo\/image\/","url":"https:\/\/narteks.net\/wp-content\/uploads\/narteks.png","contentUrl":"https:\/\/narteks.net\/wp-content\/uploads\/narteks.png","width":300,"height":90,"caption":"narteks.net"},"image":{"@id":"https:\/\/narteks.net\/#\/schema\/logo\/image\/"},"sameAs":["https:\/\/x.com\/narteks","https:\/\/instagram.com\/narteksnet"]},{"@type":"Person","@id":"https:\/\/narteks.net\/#\/schema\/person\/61f37d9834294b72d31d274e7ed79bca","name":"Tar\u0131k","image":{"@type":"ImageObject","inLanguage":"tr","@id":"https:\/\/narteks.net\/#\/schema\/person\/image\/","url":"https:\/\/secure.gravatar.com\/avatar\/50865afb55632c4ae467e0af0930f6510aa2297d8014be502a55b14f3b7550cf?s=96&d=mm&r=g","contentUrl":"https:\/\/secure.gravatar.com\/avatar\/50865afb55632c4ae467e0af0930f6510aa2297d8014be502a55b14f3b7550cf?s=96&d=mm&r=g","caption":"Tar\u0131k"},"sameAs":["http:\/\/narteks.net"],"url":"https:\/\/narteks.net\/index.php\/author\/narbak\/"}]}},"_links":{"self":[{"href":"https:\/\/narteks.net\/index.php\/wp-json\/wp\/v2\/posts\/4735","targetHints":{"allow":["GET"]}}],"collection":[{"href":"https:\/\/narteks.net\/index.php\/wp-json\/wp\/v2\/posts"}],"about":[{"href":"https:\/\/narteks.net\/index.php\/wp-json\/wp\/v2\/types\/post"}],"author":[{"embeddable":true,"href":"https:\/\/narteks.net\/index.php\/wp-json\/wp\/v2\/users\/1"}],"replies":[{"embeddable":true,"href":"https:\/\/narteks.net\/index.php\/wp-json\/wp\/v2\/comments?post=4735"}],"version-history":[{"count":0,"href":"https:\/\/narteks.net\/index.php\/wp-json\/wp\/v2\/posts\/4735\/revisions"}],"wp:attachment":[{"href":"https:\/\/narteks.net\/index.php\/wp-json\/wp\/v2\/media?parent=4735"}],"wp:term":[{"taxonomy":"category","embeddable":true,"href":"https:\/\/narteks.net\/index.php\/wp-json\/wp\/v2\/categories?post=4735"},{"taxonomy":"post_tag","embeddable":true,"href":"https:\/\/narteks.net\/index.php\/wp-json\/wp\/v2\/tags?post=4735"}],"curies":[{"name":"wp","href":"https:\/\/api.w.org\/{rel}","templated":true}]}}