{"id":4736,"date":"2010-10-22T10:52:14","date_gmt":"2010-10-22T07:52:14","guid":{"rendered":"http:\/\/localhost\/wordpress\/2010\/10\/22\/sirin-gorunmeye-calismak-yalinlik-adina-ilk-yanlis-adimdir-ozdemir-asaf\/"},"modified":"2010-10-22T10:52:14","modified_gmt":"2010-10-22T07:52:14","slug":"sirin-gorunmeye-calismak-yalinlik-adina-ilk-yanlis-adimdir-ozdemir-asaf","status":"publish","type":"post","link":"https:\/\/narteks.net\/index.php\/2010\/10\/22\/sirin-gorunmeye-calismak-yalinlik-adina-ilk-yanlis-adimdir-ozdemir-asaf\/","title":{"rendered":"\u015eirin g\u00f6r\u00fcnmeye \u00e7al\u0131\u015fmak yal\u0131nl\u0131k ad\u0131na ilk yanl\u0131\u015f ad\u0131md\u0131r | \u00d6zdemir Asaf"},"content":{"rendered":"<p style=\"text-align: justify;\"><img loading=\"lazy\" decoding=\"async\" src=\"http:\/\/img1.loadtr.com\/b-287905-%C3%B6zdemir_asaf.jpg\" border=\"0\" width=\"155\" height=\"205\" style=\"float: left;\" \/>Kap\u0131ya Vuruyorum adl\u0131 yaz\u0131mda : &#8220;Sevilmek i\u00e7in ya\u015fayanlar kamp\u0131ndan de\u011filim,&#8221; demi\u015ftim.<\/p>\n<p>Sevilmeyi istemek bir insan i\u00e7in olumsuz bir y\u00f6nelim de\u011fildir. Bu, insan\u0131n duygusal ya\u015fant\u0131s\u0131n\u0131n ak\u00fcm\u00fclat\u00f6rlerinden biridir, sevilmeyi istemesi insan\u0131n. Ama duygusal ya\u015fant\u0131 da insan hayat\u0131n\u0131n ka\u00e7ta ka\u00e7\u0131d\u0131r, o ayr\u0131 konu.<\/p>\n<p>Olsun da nas\u0131l olursa olsun! Ben buna kar\u015f\u0131 oldu\u011fumu belirtmek i\u00e7in \u00f6rne\u011fimi sevgiden alm\u0131\u015ft\u0131m. O do\u011furgan sevgiden, o \u00f6ld\u00fcren sevgiden.<\/p>\n<p>Sevilmek u\u011fruna, her \u015feyi, ama her \u015feyi g\u00f6ze al\u0131p didinircesine \u00e7abalamak insan\u0131 ki\u015filik&#8217;inden \u00f6tele\u015ftirdi\u011fine g\u00f6re, onun \u00f6z\u00fcn\u00fc de c\u0131l\u0131kla\u015ft\u0131r\u0131r. O kadar ki sevilmede insan, he men hemen, kendini kendine daha da yak\u0131nla\u015ft\u0131rmaya \u00e7aba lamal\u0131d\u0131r.. \u00d6z\u00fcne daha da y\u00f6nelmeye..<\/p>\n<p>Sevilmede, fazlaca yap\u0131lan her davran\u0131\u015f, ayr\u0131ca katlan\u0131lan her y\u00f6neli\u015f i\u00e7denlikten uzakla\u015fmak de\u011fil de nedir ?<\/p>\n<p>\u0130\u00e7tenlik katk\u0131s\u0131zl\u0131kd\u0131r, insan\u0131n kendisi olma iste\u011finin y\u00fcce ucudur. K\u0131sacas\u0131, insan sevilmek yolunda, \u00f6ylesine ayr\u0131ca hi\u00e7bir \u015fey yapmamal\u0131d\u0131r.<\/p>\n<p>\u015eirin g\u00f6r\u00fcnmeye \u00e7al\u0131\u015fmak yal\u0131nl\u0131k ad\u0131na ilk yanl\u0131\u015f ad\u0131md\u0131r. Yal\u0131nl\u0131ktan yoksunlukda ilk yoksunluk yal\u0131nl\u0131k ad\u0131nad\u0131r ki \u00f6tesi u\u00e7urumudur sevginin ve her \u015feyin.<\/p>\n<p>Ne kadar hi\u00e7bir \u015fey yapmad\u0131k\u00e7a sevilirse insan, o kadar iyidir onun i\u00e7in ve onu seven i\u00e7in. Seven, yapmac\u0131ks\u0131z bir ki\u015fiyi (ki ki\u015fi olmak yapmac\u0131ks\u0131z olmakla ger\u00e7ekle\u015fir) seviyor demektir. Kendisine yak\u0131\u015ft\u0131rma yapmac\u0131klar katmam\u0131\u015f birini seviyor olur seven.<\/p>\n<p>\u00d6zel olmak, durgunlu\u011funda (statiquc) yatar insan\u0131n. \u015eimdiye de\u011fgin insanlardan insanl\u0131k&#8217;a kalm\u0131\u015f olanlar\u0131n bu birikimidir sanat\u0131m\u0131z, k\u00fclt\u00fcr\u00fcm\u00fcz ve ahlak\u0131m\u0131z.<\/p>\n<p>Burada bir kutu a\u00e7ay\u0131m :<\/p>\n<p>B\u00f6yle felsefi g\u00f6r\u00fcn\u00fc\u015fl\u00fc yaz\u0131lar yazmak bana yak\u0131\u015fm\u0131yor, biliyorum. \u00c7\u00fcnk\u00fc felsefe yapmak benim harc\u0131m ve niyetim de\u011fildir. Bir \u015feyler s\u00f6ylemek i\u00e7in, ya\u015famak denen o b\u00fcy\u00fck olguya tapt\u0131\u011f\u0131m i\u00e7in \u015fairce amac\u0131ma do\u011fru y\u00fcr\u00fcy\u00fc\u015f\u00fcm\u00fcn izleridir bunlar. Sanat dallar\u0131n\u0131 ya\u015famak a\u011fac\u0131nda g\u00f6rmek \u00fczere konuya e\u011fili\u015fimin belirtileridir. Bu paralelde bir iki yaz\u0131 daha yazd\u0131ktan sonra \u00fclkemin ve \u00e7a\u011f\u0131m\u0131n edebiyat, sanat alanlar\u0131ndaki olaylar\u0131na de\u011fgin yaz\u0131lar yazmaya gidiyorum. Bu yaz\u0131lar\u0131m i\u00e7in beni ba\u011f\u0131\u015flamayanlar\u0131 ben ba\u011f\u0131\u015fl\u0131yorum.<\/p>\n<p>Konuya devam :<\/p>\n<p>\u00d6telerden berilerden toplanm\u0131\u015f derleme d\u00fc\u015f\u00fcnce ve davran\u0131\u015flar\u0131 ben yarat\u0131m saym\u0131yorum.<\/p>\n<p>Alacal\u0131-bulacal\u0131, yanard\u00f6ner, parlar-s\u00f6ner, yap\u0131\u015ft\u0131rma pul-pul ki\u015fileri sanatta yorabilece\u011fime inanmaktay\u0131m.<\/p>\n<p>Gitgide mutsuz bir az\u0131nl\u0131k lekesi olmaya d\u00f6nm\u00fc\u015f yal\u0131nl\u0131k&#8217;\u0131 sanatta savunmaya devam edece\u011fim. Bunun i\u00e7in de ilkin ya\u015fam\u0131 savunaca\u011f\u0131m.. Onun i\u00e7inde olaylar\u0131, olaylar\u0131n i\u00e7inde insanlar\u0131 izlemek ve bunlar\u0131 sevilmek \u00f6nduyu ve \u00f6nd\u00fc\u015f\u00fcncesini ta\u015f\u0131madan yapabilmek istiyorum.<\/p>\n<p>As\u0131l g\u00fczeli, kendi dediklerimi kesin ve sert kaleme ald\u0131\u011f\u0131m\u0131 g\u00f6rd\u00fc\u011f\u00fcm halde, y\u00fczde y\u00fczden \u00e7ok a\u015fa\u011f\u0131 \u00f6l\u00e7\u00fclerde ancak yapabildi\u011fimi de bilmemdir, \u015fu ilk ad\u0131mlar\u0131mda.<\/p>\n<p>E\u011fer bir ger\u00e7ek bulacaksam, acaba bunun ne kadar\u0131n\u0131 s\u00f6yleyebilece\u011fim. Onu ben de merak ediyorum. Bunun i\u00e7in, sevmek ya da sevmemek \u00f6l\u00e7\u00fcs\u00fcn\u00fc kendime koydum \u00f6nceden. Bu \u00f6l\u00e7\u00fcn\u00fcn zor bir \u00f6l\u00e7\u00fc oldu\u011funu bile bile..<\/p>\n<p>Baz\u0131 iyiliklerin uyu\u015fturuculu\u011funa kar\u015f\u0131, baz\u0131 k\u00f6t\u00fcl\u00fcklerin yarat\u0131c\u0131l\u0131\u011f\u0131na parmak basa basa..<\/p>\n<p>Sevgisiz beraberliklerin ormanlar\u0131nda kaybolmu\u015f, sevgi g\u00fcl\u00fcmseyi\u015flerinde \u0131\u015f\u0131ldayan g\u00f6z ya\u015flar\u0131n\u0131 g\u00f6stere g\u00f6stere..<\/p>\n<p>Ki\u015fiyi (sanat\u00e7\u0131y\u0131) toplumda gururland\u0131rmak i\u00e7in.. Toplumu ki\u015fide (sanat\u00e7\u0131da) aramak ad\u0131na.. K\u00fc\u00e7\u00fck&#8217;e k\u00fc\u00e7\u00fcks\u00fcn derken k\u00fc\u00e7\u00fcltmeden ve k\u00fc\u00e7\u00fclmeden. B\u00fcy\u00fck&#8217;e b\u00fcy\u00fckl\u00fc\u011f\u00fcn\u00fc iletirken onun eteklerine ili\u015fmeden., sokak \u00e7ocu\u011funa kar\u015f\u0131 sokak \u00e7ocu\u011fu gibi.. Yalanc\u0131ya duvar gibi.. Ben her i\u015fi yapar\u0131m de\u011fil, ben bu i\u015fi yapamam efendim demekle, adam gibi.. Her \u015feye evet de\u011fil, olumsuz olu\u015flara hay\u0131r der gibi..<\/p>\n<p>Sevmek ya da sevmemek.<\/p>\n","protected":false},"excerpt":{"rendered":"<p>Kap\u0131ya Vuruyorum adl\u0131 yaz\u0131mda : &#8220;Sevilmek i\u00e7in ya\u015fayanlar kamp\u0131ndan de\u011filim,&#8221; demi\u015ftim. Sevilmeyi istemek bir insan i\u00e7in olumsuz bir y\u00f6nelim de\u011fildir. Bu, insan\u0131n duygusal ya\u015fant\u0131s\u0131n\u0131n ak\u00fcm\u00fclat\u00f6rlerinden biridir, sevilmeyi istemesi insan\u0131n. Ama duygusal ya\u015fant\u0131 da insan hayat\u0131n\u0131n ka\u00e7ta ka\u00e7\u0131d\u0131r, o ayr\u0131 konu. Olsun da nas\u0131l olursa olsun! Ben buna kar\u015f\u0131 oldu\u011fumu belirtmek i\u00e7in \u00f6rne\u011fimi sevgiden alm\u0131\u015ft\u0131m. O [&hellip;]<\/p>\n","protected":false},"author":1,"featured_media":0,"comment_status":"open","ping_status":"open","sticky":false,"template":"","format":"standard","meta":{"footnotes":""},"categories":[103],"tags":[],"class_list":{"0":"post-4736","1":"post","2":"type-post","3":"status-publish","4":"format-standard","6":"category-felsefe-genel"},"yoast_head":"<!-- This site is optimized with the Yoast SEO Premium plugin v24.9 (Yoast SEO v24.9) - https:\/\/yoast.com\/wordpress\/plugins\/seo\/ -->\n<title>\u015eirin g\u00f6r\u00fcnmeye \u00e7al\u0131\u015fmak yal\u0131nl\u0131k ad\u0131na ilk yanl\u0131\u015f ad\u0131md\u0131r | \u00d6zdemir Asaf - narteks.net<\/title>\n<meta name=\"robots\" content=\"index, follow, max-snippet:-1, max-image-preview:large, max-video-preview:-1\" \/>\n<link rel=\"canonical\" href=\"https:\/\/narteks.net\/index.php\/2010\/10\/22\/sirin-gorunmeye-calismak-yalinlik-adina-ilk-yanlis-adimdir-ozdemir-asaf\/\" \/>\n<meta property=\"og:locale\" content=\"tr_TR\" \/>\n<meta property=\"og:type\" content=\"article\" \/>\n<meta property=\"og:title\" content=\"\u015eirin g\u00f6r\u00fcnmeye \u00e7al\u0131\u015fmak yal\u0131nl\u0131k ad\u0131na ilk yanl\u0131\u015f ad\u0131md\u0131r | \u00d6zdemir Asaf\" \/>\n<meta property=\"og:description\" content=\"Kap\u0131ya Vuruyorum adl\u0131 yaz\u0131mda : &#8220;Sevilmek i\u00e7in ya\u015fayanlar kamp\u0131ndan de\u011filim,&#8221; demi\u015ftim. Sevilmeyi istemek bir insan i\u00e7in olumsuz bir y\u00f6nelim de\u011fildir. Bu, insan\u0131n duygusal ya\u015fant\u0131s\u0131n\u0131n ak\u00fcm\u00fclat\u00f6rlerinden biridir, sevilmeyi istemesi insan\u0131n. Ama duygusal ya\u015fant\u0131 da insan hayat\u0131n\u0131n ka\u00e7ta ka\u00e7\u0131d\u0131r, o ayr\u0131 konu. Olsun da nas\u0131l olursa olsun! Ben buna kar\u015f\u0131 oldu\u011fumu belirtmek i\u00e7in \u00f6rne\u011fimi sevgiden alm\u0131\u015ft\u0131m. O [&hellip;]\" \/>\n<meta property=\"og:url\" content=\"https:\/\/narteks.net\/index.php\/2010\/10\/22\/sirin-gorunmeye-calismak-yalinlik-adina-ilk-yanlis-adimdir-ozdemir-asaf\/\" \/>\n<meta property=\"og:site_name\" content=\"narteks.net\" \/>\n<meta property=\"article:published_time\" content=\"2010-10-22T07:52:14+00:00\" \/>\n<meta property=\"og:image\" content=\"http:\/\/img1.loadtr.com\/b-287905-%C3%B6zdemir_asaf.jpg\" \/>\n<meta name=\"author\" content=\"Tar\u0131k\" \/>\n<meta name=\"twitter:card\" content=\"summary_large_image\" \/>\n<meta name=\"twitter:creator\" content=\"@narteks\" \/>\n<meta name=\"twitter:site\" content=\"@narteks\" \/>\n<meta name=\"twitter:label1\" content=\"Yazan:\" \/>\n\t<meta name=\"twitter:data1\" content=\"Tar\u0131k\" \/>\n\t<meta name=\"twitter:label2\" content=\"Tahmini okuma s\u00fcresi\" \/>\n\t<meta name=\"twitter:data2\" content=\"4 dakika\" \/>\n<script type=\"application\/ld+json\" class=\"yoast-schema-graph\">{\"@context\":\"https:\/\/schema.org\",\"@graph\":[{\"@type\":\"Article\",\"@id\":\"https:\/\/narteks.net\/index.php\/2010\/10\/22\/sirin-gorunmeye-calismak-yalinlik-adina-ilk-yanlis-adimdir-ozdemir-asaf\/#article\",\"isPartOf\":{\"@id\":\"https:\/\/narteks.net\/index.php\/2010\/10\/22\/sirin-gorunmeye-calismak-yalinlik-adina-ilk-yanlis-adimdir-ozdemir-asaf\/\"},\"author\":{\"name\":\"Tar\u0131k\",\"@id\":\"https:\/\/narteks.net\/#\/schema\/person\/61f37d9834294b72d31d274e7ed79bca\"},\"headline\":\"\u015eirin g\u00f6r\u00fcnmeye \u00e7al\u0131\u015fmak yal\u0131nl\u0131k ad\u0131na ilk yanl\u0131\u015f ad\u0131md\u0131r | \u00d6zdemir Asaf\",\"datePublished\":\"2010-10-22T07:52:14+00:00\",\"mainEntityOfPage\":{\"@id\":\"https:\/\/narteks.net\/index.php\/2010\/10\/22\/sirin-gorunmeye-calismak-yalinlik-adina-ilk-yanlis-adimdir-ozdemir-asaf\/\"},\"wordCount\":735,\"commentCount\":0,\"publisher\":{\"@id\":\"https:\/\/narteks.net\/#organization\"},\"image\":{\"@id\":\"https:\/\/narteks.net\/index.php\/2010\/10\/22\/sirin-gorunmeye-calismak-yalinlik-adina-ilk-yanlis-adimdir-ozdemir-asaf\/#primaryimage\"},\"thumbnailUrl\":\"http:\/\/img1.loadtr.com\/b-287905-%C3%B6zdemir_asaf.jpg\",\"articleSection\":[\"Felsefe (Genel)\"],\"inLanguage\":\"tr\",\"potentialAction\":[{\"@type\":\"CommentAction\",\"name\":\"Comment\",\"target\":[\"https:\/\/narteks.net\/index.php\/2010\/10\/22\/sirin-gorunmeye-calismak-yalinlik-adina-ilk-yanlis-adimdir-ozdemir-asaf\/#respond\"]}]},{\"@type\":\"WebPage\",\"@id\":\"https:\/\/narteks.net\/index.php\/2010\/10\/22\/sirin-gorunmeye-calismak-yalinlik-adina-ilk-yanlis-adimdir-ozdemir-asaf\/\",\"url\":\"https:\/\/narteks.net\/index.php\/2010\/10\/22\/sirin-gorunmeye-calismak-yalinlik-adina-ilk-yanlis-adimdir-ozdemir-asaf\/\",\"name\":\"\u015eirin g\u00f6r\u00fcnmeye \u00e7al\u0131\u015fmak yal\u0131nl\u0131k ad\u0131na ilk yanl\u0131\u015f ad\u0131md\u0131r | \u00d6zdemir Asaf - narteks.net\",\"isPartOf\":{\"@id\":\"https:\/\/narteks.net\/#website\"},\"primaryImageOfPage\":{\"@id\":\"https:\/\/narteks.net\/index.php\/2010\/10\/22\/sirin-gorunmeye-calismak-yalinlik-adina-ilk-yanlis-adimdir-ozdemir-asaf\/#primaryimage\"},\"image\":{\"@id\":\"https:\/\/narteks.net\/index.php\/2010\/10\/22\/sirin-gorunmeye-calismak-yalinlik-adina-ilk-yanlis-adimdir-ozdemir-asaf\/#primaryimage\"},\"thumbnailUrl\":\"http:\/\/img1.loadtr.com\/b-287905-%C3%B6zdemir_asaf.jpg\",\"datePublished\":\"2010-10-22T07:52:14+00:00\",\"breadcrumb\":{\"@id\":\"https:\/\/narteks.net\/index.php\/2010\/10\/22\/sirin-gorunmeye-calismak-yalinlik-adina-ilk-yanlis-adimdir-ozdemir-asaf\/#breadcrumb\"},\"inLanguage\":\"tr\",\"potentialAction\":[{\"@type\":\"ReadAction\",\"target\":[\"https:\/\/narteks.net\/index.php\/2010\/10\/22\/sirin-gorunmeye-calismak-yalinlik-adina-ilk-yanlis-adimdir-ozdemir-asaf\/\"]}]},{\"@type\":\"ImageObject\",\"inLanguage\":\"tr\",\"@id\":\"https:\/\/narteks.net\/index.php\/2010\/10\/22\/sirin-gorunmeye-calismak-yalinlik-adina-ilk-yanlis-adimdir-ozdemir-asaf\/#primaryimage\",\"url\":\"http:\/\/img1.loadtr.com\/b-287905-%C3%B6zdemir_asaf.jpg\",\"contentUrl\":\"http:\/\/img1.loadtr.com\/b-287905-%C3%B6zdemir_asaf.jpg\"},{\"@type\":\"BreadcrumbList\",\"@id\":\"https:\/\/narteks.net\/index.php\/2010\/10\/22\/sirin-gorunmeye-calismak-yalinlik-adina-ilk-yanlis-adimdir-ozdemir-asaf\/#breadcrumb\",\"itemListElement\":[{\"@type\":\"ListItem\",\"position\":1,\"name\":\"Anasayfa\",\"item\":\"https:\/\/narteks.net\/\"},{\"@type\":\"ListItem\",\"position\":2,\"name\":\"\u015eirin g\u00f6r\u00fcnmeye \u00e7al\u0131\u015fmak yal\u0131nl\u0131k ad\u0131na ilk yanl\u0131\u015f ad\u0131md\u0131r | \u00d6zdemir Asaf\"}]},{\"@type\":\"WebSite\",\"@id\":\"https:\/\/narteks.net\/#website\",\"url\":\"https:\/\/narteks.net\/\",\"name\":\"narteks.net\",\"description\":\"K\u00fclt\u00fcr Sanat Edebiyat Felsefe\",\"publisher\":{\"@id\":\"https:\/\/narteks.net\/#organization\"},\"alternateName\":\"K\u00fclt\u00fcr Sanat Edebiyat Felsefe\",\"potentialAction\":[{\"@type\":\"SearchAction\",\"target\":{\"@type\":\"EntryPoint\",\"urlTemplate\":\"https:\/\/narteks.net\/?s={search_term_string}\"},\"query-input\":{\"@type\":\"PropertyValueSpecification\",\"valueRequired\":true,\"valueName\":\"search_term_string\"}}],\"inLanguage\":\"tr\"},{\"@type\":\"Organization\",\"@id\":\"https:\/\/narteks.net\/#organization\",\"name\":\"narteks.net\",\"url\":\"https:\/\/narteks.net\/\",\"logo\":{\"@type\":\"ImageObject\",\"inLanguage\":\"tr\",\"@id\":\"https:\/\/narteks.net\/#\/schema\/logo\/image\/\",\"url\":\"https:\/\/narteks.net\/wp-content\/uploads\/narteks.png\",\"contentUrl\":\"https:\/\/narteks.net\/wp-content\/uploads\/narteks.png\",\"width\":300,\"height\":90,\"caption\":\"narteks.net\"},\"image\":{\"@id\":\"https:\/\/narteks.net\/#\/schema\/logo\/image\/\"},\"sameAs\":[\"https:\/\/x.com\/narteks\",\"https:\/\/instagram.com\/narteksnet\"]},{\"@type\":\"Person\",\"@id\":\"https:\/\/narteks.net\/#\/schema\/person\/61f37d9834294b72d31d274e7ed79bca\",\"name\":\"Tar\u0131k\",\"image\":{\"@type\":\"ImageObject\",\"inLanguage\":\"tr\",\"@id\":\"https:\/\/narteks.net\/#\/schema\/person\/image\/\",\"url\":\"https:\/\/secure.gravatar.com\/avatar\/50865afb55632c4ae467e0af0930f6510aa2297d8014be502a55b14f3b7550cf?s=96&d=mm&r=g\",\"contentUrl\":\"https:\/\/secure.gravatar.com\/avatar\/50865afb55632c4ae467e0af0930f6510aa2297d8014be502a55b14f3b7550cf?s=96&d=mm&r=g\",\"caption\":\"Tar\u0131k\"},\"sameAs\":[\"http:\/\/narteks.net\"],\"url\":\"https:\/\/narteks.net\/index.php\/author\/narbak\/\"}]}<\/script>\n<!-- \/ Yoast SEO Premium plugin. -->","yoast_head_json":{"title":"\u015eirin g\u00f6r\u00fcnmeye \u00e7al\u0131\u015fmak yal\u0131nl\u0131k ad\u0131na ilk yanl\u0131\u015f ad\u0131md\u0131r | \u00d6zdemir Asaf - narteks.net","robots":{"index":"index","follow":"follow","max-snippet":"max-snippet:-1","max-image-preview":"max-image-preview:large","max-video-preview":"max-video-preview:-1"},"canonical":"https:\/\/narteks.net\/index.php\/2010\/10\/22\/sirin-gorunmeye-calismak-yalinlik-adina-ilk-yanlis-adimdir-ozdemir-asaf\/","og_locale":"tr_TR","og_type":"article","og_title":"\u015eirin g\u00f6r\u00fcnmeye \u00e7al\u0131\u015fmak yal\u0131nl\u0131k ad\u0131na ilk yanl\u0131\u015f ad\u0131md\u0131r | \u00d6zdemir Asaf","og_description":"Kap\u0131ya Vuruyorum adl\u0131 yaz\u0131mda : &#8220;Sevilmek i\u00e7in ya\u015fayanlar kamp\u0131ndan de\u011filim,&#8221; demi\u015ftim. Sevilmeyi istemek bir insan i\u00e7in olumsuz bir y\u00f6nelim de\u011fildir. Bu, insan\u0131n duygusal ya\u015fant\u0131s\u0131n\u0131n ak\u00fcm\u00fclat\u00f6rlerinden biridir, sevilmeyi istemesi insan\u0131n. Ama duygusal ya\u015fant\u0131 da insan hayat\u0131n\u0131n ka\u00e7ta ka\u00e7\u0131d\u0131r, o ayr\u0131 konu. Olsun da nas\u0131l olursa olsun! Ben buna kar\u015f\u0131 oldu\u011fumu belirtmek i\u00e7in \u00f6rne\u011fimi sevgiden alm\u0131\u015ft\u0131m. O [&hellip;]","og_url":"https:\/\/narteks.net\/index.php\/2010\/10\/22\/sirin-gorunmeye-calismak-yalinlik-adina-ilk-yanlis-adimdir-ozdemir-asaf\/","og_site_name":"narteks.net","article_published_time":"2010-10-22T07:52:14+00:00","og_image":[{"url":"http:\/\/img1.loadtr.com\/b-287905-%C3%B6zdemir_asaf.jpg","type":"","width":"","height":""}],"author":"Tar\u0131k","twitter_card":"summary_large_image","twitter_creator":"@narteks","twitter_site":"@narteks","twitter_misc":{"Yazan:":"Tar\u0131k","Tahmini okuma s\u00fcresi":"4 dakika"},"schema":{"@context":"https:\/\/schema.org","@graph":[{"@type":"Article","@id":"https:\/\/narteks.net\/index.php\/2010\/10\/22\/sirin-gorunmeye-calismak-yalinlik-adina-ilk-yanlis-adimdir-ozdemir-asaf\/#article","isPartOf":{"@id":"https:\/\/narteks.net\/index.php\/2010\/10\/22\/sirin-gorunmeye-calismak-yalinlik-adina-ilk-yanlis-adimdir-ozdemir-asaf\/"},"author":{"name":"Tar\u0131k","@id":"https:\/\/narteks.net\/#\/schema\/person\/61f37d9834294b72d31d274e7ed79bca"},"headline":"\u015eirin g\u00f6r\u00fcnmeye \u00e7al\u0131\u015fmak yal\u0131nl\u0131k ad\u0131na ilk yanl\u0131\u015f ad\u0131md\u0131r | \u00d6zdemir Asaf","datePublished":"2010-10-22T07:52:14+00:00","mainEntityOfPage":{"@id":"https:\/\/narteks.net\/index.php\/2010\/10\/22\/sirin-gorunmeye-calismak-yalinlik-adina-ilk-yanlis-adimdir-ozdemir-asaf\/"},"wordCount":735,"commentCount":0,"publisher":{"@id":"https:\/\/narteks.net\/#organization"},"image":{"@id":"https:\/\/narteks.net\/index.php\/2010\/10\/22\/sirin-gorunmeye-calismak-yalinlik-adina-ilk-yanlis-adimdir-ozdemir-asaf\/#primaryimage"},"thumbnailUrl":"http:\/\/img1.loadtr.com\/b-287905-%C3%B6zdemir_asaf.jpg","articleSection":["Felsefe (Genel)"],"inLanguage":"tr","potentialAction":[{"@type":"CommentAction","name":"Comment","target":["https:\/\/narteks.net\/index.php\/2010\/10\/22\/sirin-gorunmeye-calismak-yalinlik-adina-ilk-yanlis-adimdir-ozdemir-asaf\/#respond"]}]},{"@type":"WebPage","@id":"https:\/\/narteks.net\/index.php\/2010\/10\/22\/sirin-gorunmeye-calismak-yalinlik-adina-ilk-yanlis-adimdir-ozdemir-asaf\/","url":"https:\/\/narteks.net\/index.php\/2010\/10\/22\/sirin-gorunmeye-calismak-yalinlik-adina-ilk-yanlis-adimdir-ozdemir-asaf\/","name":"\u015eirin g\u00f6r\u00fcnmeye \u00e7al\u0131\u015fmak yal\u0131nl\u0131k ad\u0131na ilk yanl\u0131\u015f ad\u0131md\u0131r | \u00d6zdemir Asaf - narteks.net","isPartOf":{"@id":"https:\/\/narteks.net\/#website"},"primaryImageOfPage":{"@id":"https:\/\/narteks.net\/index.php\/2010\/10\/22\/sirin-gorunmeye-calismak-yalinlik-adina-ilk-yanlis-adimdir-ozdemir-asaf\/#primaryimage"},"image":{"@id":"https:\/\/narteks.net\/index.php\/2010\/10\/22\/sirin-gorunmeye-calismak-yalinlik-adina-ilk-yanlis-adimdir-ozdemir-asaf\/#primaryimage"},"thumbnailUrl":"http:\/\/img1.loadtr.com\/b-287905-%C3%B6zdemir_asaf.jpg","datePublished":"2010-10-22T07:52:14+00:00","breadcrumb":{"@id":"https:\/\/narteks.net\/index.php\/2010\/10\/22\/sirin-gorunmeye-calismak-yalinlik-adina-ilk-yanlis-adimdir-ozdemir-asaf\/#breadcrumb"},"inLanguage":"tr","potentialAction":[{"@type":"ReadAction","target":["https:\/\/narteks.net\/index.php\/2010\/10\/22\/sirin-gorunmeye-calismak-yalinlik-adina-ilk-yanlis-adimdir-ozdemir-asaf\/"]}]},{"@type":"ImageObject","inLanguage":"tr","@id":"https:\/\/narteks.net\/index.php\/2010\/10\/22\/sirin-gorunmeye-calismak-yalinlik-adina-ilk-yanlis-adimdir-ozdemir-asaf\/#primaryimage","url":"http:\/\/img1.loadtr.com\/b-287905-%C3%B6zdemir_asaf.jpg","contentUrl":"http:\/\/img1.loadtr.com\/b-287905-%C3%B6zdemir_asaf.jpg"},{"@type":"BreadcrumbList","@id":"https:\/\/narteks.net\/index.php\/2010\/10\/22\/sirin-gorunmeye-calismak-yalinlik-adina-ilk-yanlis-adimdir-ozdemir-asaf\/#breadcrumb","itemListElement":[{"@type":"ListItem","position":1,"name":"Anasayfa","item":"https:\/\/narteks.net\/"},{"@type":"ListItem","position":2,"name":"\u015eirin g\u00f6r\u00fcnmeye \u00e7al\u0131\u015fmak yal\u0131nl\u0131k ad\u0131na ilk yanl\u0131\u015f ad\u0131md\u0131r | \u00d6zdemir Asaf"}]},{"@type":"WebSite","@id":"https:\/\/narteks.net\/#website","url":"https:\/\/narteks.net\/","name":"narteks.net","description":"K\u00fclt\u00fcr Sanat Edebiyat Felsefe","publisher":{"@id":"https:\/\/narteks.net\/#organization"},"alternateName":"K\u00fclt\u00fcr Sanat Edebiyat Felsefe","potentialAction":[{"@type":"SearchAction","target":{"@type":"EntryPoint","urlTemplate":"https:\/\/narteks.net\/?s={search_term_string}"},"query-input":{"@type":"PropertyValueSpecification","valueRequired":true,"valueName":"search_term_string"}}],"inLanguage":"tr"},{"@type":"Organization","@id":"https:\/\/narteks.net\/#organization","name":"narteks.net","url":"https:\/\/narteks.net\/","logo":{"@type":"ImageObject","inLanguage":"tr","@id":"https:\/\/narteks.net\/#\/schema\/logo\/image\/","url":"https:\/\/narteks.net\/wp-content\/uploads\/narteks.png","contentUrl":"https:\/\/narteks.net\/wp-content\/uploads\/narteks.png","width":300,"height":90,"caption":"narteks.net"},"image":{"@id":"https:\/\/narteks.net\/#\/schema\/logo\/image\/"},"sameAs":["https:\/\/x.com\/narteks","https:\/\/instagram.com\/narteksnet"]},{"@type":"Person","@id":"https:\/\/narteks.net\/#\/schema\/person\/61f37d9834294b72d31d274e7ed79bca","name":"Tar\u0131k","image":{"@type":"ImageObject","inLanguage":"tr","@id":"https:\/\/narteks.net\/#\/schema\/person\/image\/","url":"https:\/\/secure.gravatar.com\/avatar\/50865afb55632c4ae467e0af0930f6510aa2297d8014be502a55b14f3b7550cf?s=96&d=mm&r=g","contentUrl":"https:\/\/secure.gravatar.com\/avatar\/50865afb55632c4ae467e0af0930f6510aa2297d8014be502a55b14f3b7550cf?s=96&d=mm&r=g","caption":"Tar\u0131k"},"sameAs":["http:\/\/narteks.net"],"url":"https:\/\/narteks.net\/index.php\/author\/narbak\/"}]}},"_links":{"self":[{"href":"https:\/\/narteks.net\/index.php\/wp-json\/wp\/v2\/posts\/4736","targetHints":{"allow":["GET"]}}],"collection":[{"href":"https:\/\/narteks.net\/index.php\/wp-json\/wp\/v2\/posts"}],"about":[{"href":"https:\/\/narteks.net\/index.php\/wp-json\/wp\/v2\/types\/post"}],"author":[{"embeddable":true,"href":"https:\/\/narteks.net\/index.php\/wp-json\/wp\/v2\/users\/1"}],"replies":[{"embeddable":true,"href":"https:\/\/narteks.net\/index.php\/wp-json\/wp\/v2\/comments?post=4736"}],"version-history":[{"count":0,"href":"https:\/\/narteks.net\/index.php\/wp-json\/wp\/v2\/posts\/4736\/revisions"}],"wp:attachment":[{"href":"https:\/\/narteks.net\/index.php\/wp-json\/wp\/v2\/media?parent=4736"}],"wp:term":[{"taxonomy":"category","embeddable":true,"href":"https:\/\/narteks.net\/index.php\/wp-json\/wp\/v2\/categories?post=4736"},{"taxonomy":"post_tag","embeddable":true,"href":"https:\/\/narteks.net\/index.php\/wp-json\/wp\/v2\/tags?post=4736"}],"curies":[{"name":"wp","href":"https:\/\/api.w.org\/{rel}","templated":true}]}}