{"id":4740,"date":"2010-10-26T10:34:12","date_gmt":"2010-10-26T07:34:12","guid":{"rendered":"http:\/\/localhost\/wordpress\/2010\/10\/26\/kadinin-idam-sehpasina-cikma-hakki-varsa-kursuye-cikma-hakki-da-olmalidir-olympe-de-gouges\/"},"modified":"2010-10-26T10:34:12","modified_gmt":"2010-10-26T07:34:12","slug":"kadinin-idam-sehpasina-cikma-hakki-varsa-kursuye-cikma-hakki-da-olmalidir-olympe-de-gouges","status":"publish","type":"post","link":"https:\/\/narteks.net\/index.php\/2010\/10\/26\/kadinin-idam-sehpasina-cikma-hakki-varsa-kursuye-cikma-hakki-da-olmalidir-olympe-de-gouges\/","title":{"rendered":"Kad\u0131n\u0131n idam sehpas\u0131na \u00e7\u0131kma hakk\u0131 varsa ; k\u00fcrs\u00fcye \u00e7\u0131kma hakk\u0131 da olmal\u0131d\u0131r | Olympe de Gouges"},"content":{"rendered":"<p style=\"text-align: justify;\"><img loading=\"lazy\" decoding=\"async\" src=\"http:\/\/upload.wikimedia.org\/wikipedia\/commons\/a\/a2\/Marie-Olympe-de-Gouges.jpg\" border=\"0\" width=\"155\" height=\"205\" style=\"float: left;\" \/>&#8221;Kad\u0131nlara Olympe&#8217;in idam sehpas\u0131na \u00e7\u0131kmas\u0131 d\u0131\u015f\u0131nda ,Devrim s\u0131ras\u0131nda hi\u00e7bir hak verilmemi\u015ftir.&#8221;<br \/>ALISA DEL RE<\/p>\n<p>Olympe de Gouges (7 May\u0131s 1748 &#8211; 3 Kas\u0131m 1793) Frans\u0131z yazar.<br \/>Feminizm odakl\u0131 yaz\u0131lar\u0131yla b\u00fcy\u00fck \u00fcn toplayan Olympe de Gouges , 1791 y\u0131l\u0131nda Frans\u0131z kad\u0131nlar\u0131n\u0131n Frans\u0131z erkekleriyle e\u015fit konuma getirilmesi ve e\u015fit haklara sahip olmas\u0131n\u0131 istemi\u015f, bu iste\u011fini kamuoyuna sunmu\u015ftur. Meclisin \u00e7\u0131kard\u0131\u011f\u0131 Erkek ve Yurtta\u015f Haklar\u0131 Bildirgesi`ne cevaben &#8221;Kad\u0131n ve Yurtta\u015f Haklar\u0131 Bildirgesi`ni yay\u0131mlam\u0131\u015ft\u0131r. Daha sonra fikirleri nedeniyle giyotin ile idam edilmi\u015ftir.<\/p>\n<p>1748 y\u0131l\u0131nda Fransa&#8217;n\u0131n g\u00fcneyindeki Montauban&#8217;da do\u011fmu\u015ftur. Babas\u0131 kasapl\u0131k, annesi ise giyim i\u015fiyle u\u011fra\u015fmaktayd\u0131. K\u00fc\u00e7\u00fck burjuva (petit bourgeois) bir ailenin k\u0131z\u0131 olan Olympe&#8217;nin ailesi ona &#8220;Marie Gouze&#8221; ismini vermi\u015fti. 1765 y\u0131l\u0131nda \u00e7ok gen\u00e7 bir ya\u015fta Louis Aubry ile evlenmi\u015f, fakat k\u0131sa bir s\u00fcre sonra (18 ya\u015f\u0131ndayken) kocas\u0131n\u0131 terk ederek Paris&#8217;e ka\u00e7m\u0131\u015f ve burada &#8220;Olympe de Gouges&#8221; ismini alm\u0131\u015ft\u0131r.<\/p>\n<p>1774 y\u0131l\u0131nda k\u00f6lelik kar\u015f\u0131t\u0131 oyunu &#8220;L&#8217;Esclavage des N\u00e8gres&#8221;i kaleme ald\u0131. Kad\u0131n olu\u015fu ve oyununun konusu nedeniyle oyunu 1789 Frans\u0131z Devrimi&#8217;nin ba\u015flang\u0131c\u0131na kadar bas\u0131lmam\u0131\u015ft\u0131r. Evlilik d\u0131\u015f\u0131 ili\u015fkiler ve bo\u015fanma hakk\u0131 gibi cinsiyet ve kad\u0131n haklar\u0131 ile ilgili konularda da eserler kaleme alm\u0131\u015ft\u0131r.<\/p>\n<p>Frans\u0131z Devrimi&#8217;ni sevin\u00e7le ve umutla kar\u015f\u0131lamas\u0131na ra\u011fmen k\u0131sa s\u00fcre sonra e\u015fit haklar\u0131n sadece erkeklere verildi\u011fini, kad\u0131nlar\u0131n erkeklerle e\u015fit stat\u00fcye getirilmedi\u011fini g\u00f6zlemleyince Frans\u0131z Devrimi&#8217;ne olan inanc\u0131n\u0131 ve umutlar\u0131n\u0131 yitirdi. 1791 y\u0131l\u0131nda kad\u0131nlar i\u00e7in e\u015fit politik ve yasal haklar\u0131 talep eden bir dernek olan Cercle Social`e kat\u0131ld\u0131. Cercle Social d\u00f6nemin \u00fcnl\u00fc kad\u0131n haklar\u0131 savunucusu Sophie de Condorcet&#8217;in evinde bulu\u015furdu. Daha sonra \u00fcnlenecek &#8220;Kad\u0131na dara\u011fac\u0131na \u00e7\u0131kma hakk\u0131 tan\u0131n\u0131yor; \u00f6yleyse k\u00fcrs\u00fcye \u00e7\u0131kma hakk\u0131 da olmal\u0131d\u0131r&#8221; s\u00f6z\u00fcn\u00fc ilk kez bu s\u0131ralarda s\u00f6ylemi\u015ftir. Bu s\u00f6z\u00fc ayn\u0131 y\u0131l kaleme ald\u0131\u011f\u0131 Kad\u0131n ve Yurtta\u015f Haklar\u0131 Bildirgesi&#8217;nin de 10. maddesini olu\u015fturmu\u015ftur. Kad\u0131n ve Yurtta\u015f Haklar\u0131 Bildirgesi (D\u00e9claration des droits de la Femme et de la Citoyenne) o y\u0131l (1791) meclis taraf\u0131ndan yay\u0131mlanm\u0131\u015f olan Erkek ve Yurtta\u015f Haklar\u0131 Bildirgesi&#8217;ne (La D\u00e9claration des droits de l&#8217;Homme et du citoyen) bir cevap niteli\u011fi ta\u015f\u0131yordu.<\/p>\n<p>\u0130nand\u0131\u011f\u0131 her \u015feyin u\u011frunda sonuna kadar direnen, tutkulu ve heyecanl\u0131 bir ki\u015fili\u011fi vard\u0131. D\u00f6nemin kaotik ortam\u0131nda adaletsiz olarak tan\u0131mlad\u0131\u011f\u0131 her i\u015fe kar\u015f\u0131 \u00e7\u0131km\u0131\u015ft\u0131r. Kar\u015f\u0131 \u00e7\u0131kt\u0131\u011f\u0131 konulardan biri de devrilen Fransa kral\u0131 16. Louis&#8217;in (Louis XVI) idam edilmesiydi. Bu idama kar\u015f\u0131 \u00e7\u0131kmas\u0131n\u0131n nedeni tam olarak bilinmese de, ba\u015fl\u0131 ba\u015f\u0131na &#8216;idam cezas\u0131&#8217;na kar\u015f\u0131yd\u0131 ve ona g\u00f6re siyasi strateji a\u00e7\u0131s\u0131ndan da en iyisi kral\u0131n \u00f6ld\u00fcr\u00fclmemesiydi.<\/p>\n<p>Frans\u0131z Devrimi s\u0131ras\u0131nda yer alan adaletsiz ve vah\u015fi olarak tan\u0131mlanabilecek bir\u00e7ok olay, ve bu olaylar\u0131 \u00f6nleyemeyi\u015fi onda b\u00fcy\u00fck bir rahats\u0131zl\u0131k uyand\u0131r\u0131yordu. Bu rahats\u0131zl\u0131\u011f\u0131 nedeniyle yaz\u0131m\u0131 sertle\u015fti ve meselelere \u00e7ok daha \u015fiddetli ele\u015ftiriler getirmeye ba\u015flad\u0131. Sonunda Le trois urnes, ou le salut de la Patrie, par un voyageur a\u00e9rien isimli eseri nedeniyle Temmuz 1793&#8217;de tutukland\u0131. Ayn\u0131 y\u0131l\u0131n Kas\u0131m ay\u0131nda giyotin ile idam edildi.<\/p>\n<p>Olympe de Gouges yo\u011fun olarak kad\u0131n haklar\u0131 i\u00e7in sava\u015fmakla beraber kad\u0131n haklar\u0131 konusuyla kendisini s\u0131n\u0131rland\u0131rmam\u0131\u015f, g\u00f6rd\u00fc\u011f\u00fc her t\u00fcrl\u00fc haks\u0131zl\u0131\u011f\u0131 ele\u015ftirmi\u015f, sessiz kalmam\u0131\u015ft\u0131r. Israrc\u0131 tutumu, y\u0131lmazl\u0131\u011f\u0131 y\u00f6netimi rahats\u0131z etmi\u015fti. Eserleri kad\u0131n ve insan haklar\u0131 a\u00e7\u0131s\u0131ndan b\u00fcy\u00fck bir \u00f6neme sahiptir. Ayr\u0131ca Frans\u0131z Devrimi&#8217;nin ve d\u00f6nemin kad\u0131na ve \u00f6zg\u00fcr d\u00fc\u015f\u00fcnceye bak\u0131\u015f a\u00e7\u0131s\u0131n\u0131 anlamak a\u00e7\u0131s\u0131ndan da eserleri farkl\u0131 bir \u00f6nem arz eder.<\/p>\n","protected":false},"excerpt":{"rendered":"<p>&#8221;Kad\u0131nlara Olympe&#8217;in idam sehpas\u0131na \u00e7\u0131kmas\u0131 d\u0131\u015f\u0131nda ,Devrim s\u0131ras\u0131nda hi\u00e7bir hak verilmemi\u015ftir.&#8221;ALISA DEL RE Olympe de Gouges (7 May\u0131s 1748 &#8211; 3 Kas\u0131m 1793) Frans\u0131z yazar.Feminizm odakl\u0131 yaz\u0131lar\u0131yla b\u00fcy\u00fck \u00fcn toplayan Olympe de Gouges , 1791 y\u0131l\u0131nda Frans\u0131z kad\u0131nlar\u0131n\u0131n Frans\u0131z erkekleriyle e\u015fit konuma getirilmesi ve e\u015fit haklara sahip olmas\u0131n\u0131 istemi\u015f, bu iste\u011fini kamuoyuna sunmu\u015ftur. Meclisin \u00e7\u0131kard\u0131\u011f\u0131 [&hellip;]<\/p>\n","protected":false},"author":1,"featured_media":0,"comment_status":"open","ping_status":"open","sticky":false,"template":"","format":"standard","meta":{"footnotes":""},"categories":[176],"tags":[],"class_list":{"0":"post-4740","1":"post","2":"type-post","3":"status-publish","4":"format-standard","6":"category-kadin-a-dair"},"yoast_head":"<!-- This site is optimized with the Yoast SEO Premium plugin v24.9 (Yoast SEO v24.9) - https:\/\/yoast.com\/wordpress\/plugins\/seo\/ -->\n<title>Kad\u0131n\u0131n idam sehpas\u0131na \u00e7\u0131kma hakk\u0131 varsa ; k\u00fcrs\u00fcye \u00e7\u0131kma hakk\u0131 da olmal\u0131d\u0131r | Olympe de Gouges - narteks.net<\/title>\n<meta name=\"robots\" content=\"index, follow, max-snippet:-1, max-image-preview:large, max-video-preview:-1\" \/>\n<link rel=\"canonical\" href=\"https:\/\/narteks.net\/index.php\/2010\/10\/26\/kadinin-idam-sehpasina-cikma-hakki-varsa-kursuye-cikma-hakki-da-olmalidir-olympe-de-gouges\/\" \/>\n<meta property=\"og:locale\" content=\"tr_TR\" \/>\n<meta property=\"og:type\" content=\"article\" \/>\n<meta property=\"og:title\" content=\"Kad\u0131n\u0131n idam sehpas\u0131na \u00e7\u0131kma hakk\u0131 varsa ; k\u00fcrs\u00fcye \u00e7\u0131kma hakk\u0131 da olmal\u0131d\u0131r | Olympe de Gouges\" \/>\n<meta property=\"og:description\" content=\"&#8221;Kad\u0131nlara Olympe&#8217;in idam sehpas\u0131na \u00e7\u0131kmas\u0131 d\u0131\u015f\u0131nda ,Devrim s\u0131ras\u0131nda hi\u00e7bir hak verilmemi\u015ftir.&#8221;ALISA DEL RE Olympe de Gouges (7 May\u0131s 1748 &#8211; 3 Kas\u0131m 1793) Frans\u0131z yazar.Feminizm odakl\u0131 yaz\u0131lar\u0131yla b\u00fcy\u00fck \u00fcn toplayan Olympe de Gouges , 1791 y\u0131l\u0131nda Frans\u0131z kad\u0131nlar\u0131n\u0131n Frans\u0131z erkekleriyle e\u015fit konuma getirilmesi ve e\u015fit haklara sahip olmas\u0131n\u0131 istemi\u015f, bu iste\u011fini kamuoyuna sunmu\u015ftur. Meclisin \u00e7\u0131kard\u0131\u011f\u0131 [&hellip;]\" \/>\n<meta property=\"og:url\" content=\"https:\/\/narteks.net\/index.php\/2010\/10\/26\/kadinin-idam-sehpasina-cikma-hakki-varsa-kursuye-cikma-hakki-da-olmalidir-olympe-de-gouges\/\" \/>\n<meta property=\"og:site_name\" content=\"narteks.net\" \/>\n<meta property=\"article:published_time\" content=\"2010-10-26T07:34:12+00:00\" \/>\n<meta property=\"og:image\" content=\"http:\/\/upload.wikimedia.org\/wikipedia\/commons\/a\/a2\/Marie-Olympe-de-Gouges.jpg\" \/>\n<meta name=\"author\" content=\"Tar\u0131k\" \/>\n<meta name=\"twitter:card\" content=\"summary_large_image\" \/>\n<meta name=\"twitter:creator\" content=\"@narteks\" \/>\n<meta name=\"twitter:site\" content=\"@narteks\" \/>\n<meta name=\"twitter:label1\" content=\"Yazan:\" \/>\n\t<meta name=\"twitter:data1\" content=\"Tar\u0131k\" \/>\n\t<meta name=\"twitter:label2\" content=\"Tahmini okuma s\u00fcresi\" \/>\n\t<meta name=\"twitter:data2\" content=\"3 dakika\" \/>\n<script type=\"application\/ld+json\" class=\"yoast-schema-graph\">{\"@context\":\"https:\/\/schema.org\",\"@graph\":[{\"@type\":\"Article\",\"@id\":\"https:\/\/narteks.net\/index.php\/2010\/10\/26\/kadinin-idam-sehpasina-cikma-hakki-varsa-kursuye-cikma-hakki-da-olmalidir-olympe-de-gouges\/#article\",\"isPartOf\":{\"@id\":\"https:\/\/narteks.net\/index.php\/2010\/10\/26\/kadinin-idam-sehpasina-cikma-hakki-varsa-kursuye-cikma-hakki-da-olmalidir-olympe-de-gouges\/\"},\"author\":{\"name\":\"Tar\u0131k\",\"@id\":\"https:\/\/narteks.net\/#\/schema\/person\/61f37d9834294b72d31d274e7ed79bca\"},\"headline\":\"Kad\u0131n\u0131n idam sehpas\u0131na \u00e7\u0131kma hakk\u0131 varsa ; k\u00fcrs\u00fcye \u00e7\u0131kma hakk\u0131 da olmal\u0131d\u0131r | Olympe de Gouges\",\"datePublished\":\"2010-10-26T07:34:12+00:00\",\"mainEntityOfPage\":{\"@id\":\"https:\/\/narteks.net\/index.php\/2010\/10\/26\/kadinin-idam-sehpasina-cikma-hakki-varsa-kursuye-cikma-hakki-da-olmalidir-olympe-de-gouges\/\"},\"wordCount\":704,\"commentCount\":0,\"publisher\":{\"@id\":\"https:\/\/narteks.net\/#organization\"},\"image\":{\"@id\":\"https:\/\/narteks.net\/index.php\/2010\/10\/26\/kadinin-idam-sehpasina-cikma-hakki-varsa-kursuye-cikma-hakki-da-olmalidir-olympe-de-gouges\/#primaryimage\"},\"thumbnailUrl\":\"http:\/\/upload.wikimedia.org\/wikipedia\/commons\/a\/a2\/Marie-Olympe-de-Gouges.jpg\",\"articleSection\":[\"Kad\u0131na Dair\"],\"inLanguage\":\"tr\",\"potentialAction\":[{\"@type\":\"CommentAction\",\"name\":\"Comment\",\"target\":[\"https:\/\/narteks.net\/index.php\/2010\/10\/26\/kadinin-idam-sehpasina-cikma-hakki-varsa-kursuye-cikma-hakki-da-olmalidir-olympe-de-gouges\/#respond\"]}]},{\"@type\":\"WebPage\",\"@id\":\"https:\/\/narteks.net\/index.php\/2010\/10\/26\/kadinin-idam-sehpasina-cikma-hakki-varsa-kursuye-cikma-hakki-da-olmalidir-olympe-de-gouges\/\",\"url\":\"https:\/\/narteks.net\/index.php\/2010\/10\/26\/kadinin-idam-sehpasina-cikma-hakki-varsa-kursuye-cikma-hakki-da-olmalidir-olympe-de-gouges\/\",\"name\":\"Kad\u0131n\u0131n idam sehpas\u0131na \u00e7\u0131kma hakk\u0131 varsa ; k\u00fcrs\u00fcye \u00e7\u0131kma hakk\u0131 da olmal\u0131d\u0131r | Olympe de Gouges - narteks.net\",\"isPartOf\":{\"@id\":\"https:\/\/narteks.net\/#website\"},\"primaryImageOfPage\":{\"@id\":\"https:\/\/narteks.net\/index.php\/2010\/10\/26\/kadinin-idam-sehpasina-cikma-hakki-varsa-kursuye-cikma-hakki-da-olmalidir-olympe-de-gouges\/#primaryimage\"},\"image\":{\"@id\":\"https:\/\/narteks.net\/index.php\/2010\/10\/26\/kadinin-idam-sehpasina-cikma-hakki-varsa-kursuye-cikma-hakki-da-olmalidir-olympe-de-gouges\/#primaryimage\"},\"thumbnailUrl\":\"http:\/\/upload.wikimedia.org\/wikipedia\/commons\/a\/a2\/Marie-Olympe-de-Gouges.jpg\",\"datePublished\":\"2010-10-26T07:34:12+00:00\",\"breadcrumb\":{\"@id\":\"https:\/\/narteks.net\/index.php\/2010\/10\/26\/kadinin-idam-sehpasina-cikma-hakki-varsa-kursuye-cikma-hakki-da-olmalidir-olympe-de-gouges\/#breadcrumb\"},\"inLanguage\":\"tr\",\"potentialAction\":[{\"@type\":\"ReadAction\",\"target\":[\"https:\/\/narteks.net\/index.php\/2010\/10\/26\/kadinin-idam-sehpasina-cikma-hakki-varsa-kursuye-cikma-hakki-da-olmalidir-olympe-de-gouges\/\"]}]},{\"@type\":\"ImageObject\",\"inLanguage\":\"tr\",\"@id\":\"https:\/\/narteks.net\/index.php\/2010\/10\/26\/kadinin-idam-sehpasina-cikma-hakki-varsa-kursuye-cikma-hakki-da-olmalidir-olympe-de-gouges\/#primaryimage\",\"url\":\"http:\/\/upload.wikimedia.org\/wikipedia\/commons\/a\/a2\/Marie-Olympe-de-Gouges.jpg\",\"contentUrl\":\"http:\/\/upload.wikimedia.org\/wikipedia\/commons\/a\/a2\/Marie-Olympe-de-Gouges.jpg\"},{\"@type\":\"BreadcrumbList\",\"@id\":\"https:\/\/narteks.net\/index.php\/2010\/10\/26\/kadinin-idam-sehpasina-cikma-hakki-varsa-kursuye-cikma-hakki-da-olmalidir-olympe-de-gouges\/#breadcrumb\",\"itemListElement\":[{\"@type\":\"ListItem\",\"position\":1,\"name\":\"Anasayfa\",\"item\":\"https:\/\/narteks.net\/\"},{\"@type\":\"ListItem\",\"position\":2,\"name\":\"Kad\u0131n\u0131n idam sehpas\u0131na \u00e7\u0131kma hakk\u0131 varsa ; k\u00fcrs\u00fcye \u00e7\u0131kma hakk\u0131 da olmal\u0131d\u0131r | Olympe de Gouges\"}]},{\"@type\":\"WebSite\",\"@id\":\"https:\/\/narteks.net\/#website\",\"url\":\"https:\/\/narteks.net\/\",\"name\":\"narteks.net\",\"description\":\"K\u00fclt\u00fcr Sanat Edebiyat Felsefe\",\"publisher\":{\"@id\":\"https:\/\/narteks.net\/#organization\"},\"alternateName\":\"K\u00fclt\u00fcr Sanat Edebiyat Felsefe\",\"potentialAction\":[{\"@type\":\"SearchAction\",\"target\":{\"@type\":\"EntryPoint\",\"urlTemplate\":\"https:\/\/narteks.net\/?s={search_term_string}\"},\"query-input\":{\"@type\":\"PropertyValueSpecification\",\"valueRequired\":true,\"valueName\":\"search_term_string\"}}],\"inLanguage\":\"tr\"},{\"@type\":\"Organization\",\"@id\":\"https:\/\/narteks.net\/#organization\",\"name\":\"narteks.net\",\"url\":\"https:\/\/narteks.net\/\",\"logo\":{\"@type\":\"ImageObject\",\"inLanguage\":\"tr\",\"@id\":\"https:\/\/narteks.net\/#\/schema\/logo\/image\/\",\"url\":\"https:\/\/narteks.net\/wp-content\/uploads\/narteks.png\",\"contentUrl\":\"https:\/\/narteks.net\/wp-content\/uploads\/narteks.png\",\"width\":300,\"height\":90,\"caption\":\"narteks.net\"},\"image\":{\"@id\":\"https:\/\/narteks.net\/#\/schema\/logo\/image\/\"},\"sameAs\":[\"https:\/\/x.com\/narteks\",\"https:\/\/instagram.com\/narteksnet\"]},{\"@type\":\"Person\",\"@id\":\"https:\/\/narteks.net\/#\/schema\/person\/61f37d9834294b72d31d274e7ed79bca\",\"name\":\"Tar\u0131k\",\"image\":{\"@type\":\"ImageObject\",\"inLanguage\":\"tr\",\"@id\":\"https:\/\/narteks.net\/#\/schema\/person\/image\/\",\"url\":\"https:\/\/secure.gravatar.com\/avatar\/50865afb55632c4ae467e0af0930f6510aa2297d8014be502a55b14f3b7550cf?s=96&d=mm&r=g\",\"contentUrl\":\"https:\/\/secure.gravatar.com\/avatar\/50865afb55632c4ae467e0af0930f6510aa2297d8014be502a55b14f3b7550cf?s=96&d=mm&r=g\",\"caption\":\"Tar\u0131k\"},\"sameAs\":[\"http:\/\/narteks.net\"],\"url\":\"https:\/\/narteks.net\/index.php\/author\/narbak\/\"}]}<\/script>\n<!-- \/ Yoast SEO Premium plugin. -->","yoast_head_json":{"title":"Kad\u0131n\u0131n idam sehpas\u0131na \u00e7\u0131kma hakk\u0131 varsa ; k\u00fcrs\u00fcye \u00e7\u0131kma hakk\u0131 da olmal\u0131d\u0131r | Olympe de Gouges - narteks.net","robots":{"index":"index","follow":"follow","max-snippet":"max-snippet:-1","max-image-preview":"max-image-preview:large","max-video-preview":"max-video-preview:-1"},"canonical":"https:\/\/narteks.net\/index.php\/2010\/10\/26\/kadinin-idam-sehpasina-cikma-hakki-varsa-kursuye-cikma-hakki-da-olmalidir-olympe-de-gouges\/","og_locale":"tr_TR","og_type":"article","og_title":"Kad\u0131n\u0131n idam sehpas\u0131na \u00e7\u0131kma hakk\u0131 varsa ; k\u00fcrs\u00fcye \u00e7\u0131kma hakk\u0131 da olmal\u0131d\u0131r | Olympe de Gouges","og_description":"&#8221;Kad\u0131nlara Olympe&#8217;in idam sehpas\u0131na \u00e7\u0131kmas\u0131 d\u0131\u015f\u0131nda ,Devrim s\u0131ras\u0131nda hi\u00e7bir hak verilmemi\u015ftir.&#8221;ALISA DEL RE Olympe de Gouges (7 May\u0131s 1748 &#8211; 3 Kas\u0131m 1793) Frans\u0131z yazar.Feminizm odakl\u0131 yaz\u0131lar\u0131yla b\u00fcy\u00fck \u00fcn toplayan Olympe de Gouges , 1791 y\u0131l\u0131nda Frans\u0131z kad\u0131nlar\u0131n\u0131n Frans\u0131z erkekleriyle e\u015fit konuma getirilmesi ve e\u015fit haklara sahip olmas\u0131n\u0131 istemi\u015f, bu iste\u011fini kamuoyuna sunmu\u015ftur. Meclisin \u00e7\u0131kard\u0131\u011f\u0131 [&hellip;]","og_url":"https:\/\/narteks.net\/index.php\/2010\/10\/26\/kadinin-idam-sehpasina-cikma-hakki-varsa-kursuye-cikma-hakki-da-olmalidir-olympe-de-gouges\/","og_site_name":"narteks.net","article_published_time":"2010-10-26T07:34:12+00:00","og_image":[{"url":"http:\/\/upload.wikimedia.org\/wikipedia\/commons\/a\/a2\/Marie-Olympe-de-Gouges.jpg","type":"","width":"","height":""}],"author":"Tar\u0131k","twitter_card":"summary_large_image","twitter_creator":"@narteks","twitter_site":"@narteks","twitter_misc":{"Yazan:":"Tar\u0131k","Tahmini okuma s\u00fcresi":"3 dakika"},"schema":{"@context":"https:\/\/schema.org","@graph":[{"@type":"Article","@id":"https:\/\/narteks.net\/index.php\/2010\/10\/26\/kadinin-idam-sehpasina-cikma-hakki-varsa-kursuye-cikma-hakki-da-olmalidir-olympe-de-gouges\/#article","isPartOf":{"@id":"https:\/\/narteks.net\/index.php\/2010\/10\/26\/kadinin-idam-sehpasina-cikma-hakki-varsa-kursuye-cikma-hakki-da-olmalidir-olympe-de-gouges\/"},"author":{"name":"Tar\u0131k","@id":"https:\/\/narteks.net\/#\/schema\/person\/61f37d9834294b72d31d274e7ed79bca"},"headline":"Kad\u0131n\u0131n idam sehpas\u0131na \u00e7\u0131kma hakk\u0131 varsa ; k\u00fcrs\u00fcye \u00e7\u0131kma hakk\u0131 da olmal\u0131d\u0131r | Olympe de Gouges","datePublished":"2010-10-26T07:34:12+00:00","mainEntityOfPage":{"@id":"https:\/\/narteks.net\/index.php\/2010\/10\/26\/kadinin-idam-sehpasina-cikma-hakki-varsa-kursuye-cikma-hakki-da-olmalidir-olympe-de-gouges\/"},"wordCount":704,"commentCount":0,"publisher":{"@id":"https:\/\/narteks.net\/#organization"},"image":{"@id":"https:\/\/narteks.net\/index.php\/2010\/10\/26\/kadinin-idam-sehpasina-cikma-hakki-varsa-kursuye-cikma-hakki-da-olmalidir-olympe-de-gouges\/#primaryimage"},"thumbnailUrl":"http:\/\/upload.wikimedia.org\/wikipedia\/commons\/a\/a2\/Marie-Olympe-de-Gouges.jpg","articleSection":["Kad\u0131na Dair"],"inLanguage":"tr","potentialAction":[{"@type":"CommentAction","name":"Comment","target":["https:\/\/narteks.net\/index.php\/2010\/10\/26\/kadinin-idam-sehpasina-cikma-hakki-varsa-kursuye-cikma-hakki-da-olmalidir-olympe-de-gouges\/#respond"]}]},{"@type":"WebPage","@id":"https:\/\/narteks.net\/index.php\/2010\/10\/26\/kadinin-idam-sehpasina-cikma-hakki-varsa-kursuye-cikma-hakki-da-olmalidir-olympe-de-gouges\/","url":"https:\/\/narteks.net\/index.php\/2010\/10\/26\/kadinin-idam-sehpasina-cikma-hakki-varsa-kursuye-cikma-hakki-da-olmalidir-olympe-de-gouges\/","name":"Kad\u0131n\u0131n idam sehpas\u0131na \u00e7\u0131kma hakk\u0131 varsa ; k\u00fcrs\u00fcye \u00e7\u0131kma hakk\u0131 da olmal\u0131d\u0131r | Olympe de Gouges - narteks.net","isPartOf":{"@id":"https:\/\/narteks.net\/#website"},"primaryImageOfPage":{"@id":"https:\/\/narteks.net\/index.php\/2010\/10\/26\/kadinin-idam-sehpasina-cikma-hakki-varsa-kursuye-cikma-hakki-da-olmalidir-olympe-de-gouges\/#primaryimage"},"image":{"@id":"https:\/\/narteks.net\/index.php\/2010\/10\/26\/kadinin-idam-sehpasina-cikma-hakki-varsa-kursuye-cikma-hakki-da-olmalidir-olympe-de-gouges\/#primaryimage"},"thumbnailUrl":"http:\/\/upload.wikimedia.org\/wikipedia\/commons\/a\/a2\/Marie-Olympe-de-Gouges.jpg","datePublished":"2010-10-26T07:34:12+00:00","breadcrumb":{"@id":"https:\/\/narteks.net\/index.php\/2010\/10\/26\/kadinin-idam-sehpasina-cikma-hakki-varsa-kursuye-cikma-hakki-da-olmalidir-olympe-de-gouges\/#breadcrumb"},"inLanguage":"tr","potentialAction":[{"@type":"ReadAction","target":["https:\/\/narteks.net\/index.php\/2010\/10\/26\/kadinin-idam-sehpasina-cikma-hakki-varsa-kursuye-cikma-hakki-da-olmalidir-olympe-de-gouges\/"]}]},{"@type":"ImageObject","inLanguage":"tr","@id":"https:\/\/narteks.net\/index.php\/2010\/10\/26\/kadinin-idam-sehpasina-cikma-hakki-varsa-kursuye-cikma-hakki-da-olmalidir-olympe-de-gouges\/#primaryimage","url":"http:\/\/upload.wikimedia.org\/wikipedia\/commons\/a\/a2\/Marie-Olympe-de-Gouges.jpg","contentUrl":"http:\/\/upload.wikimedia.org\/wikipedia\/commons\/a\/a2\/Marie-Olympe-de-Gouges.jpg"},{"@type":"BreadcrumbList","@id":"https:\/\/narteks.net\/index.php\/2010\/10\/26\/kadinin-idam-sehpasina-cikma-hakki-varsa-kursuye-cikma-hakki-da-olmalidir-olympe-de-gouges\/#breadcrumb","itemListElement":[{"@type":"ListItem","position":1,"name":"Anasayfa","item":"https:\/\/narteks.net\/"},{"@type":"ListItem","position":2,"name":"Kad\u0131n\u0131n idam sehpas\u0131na \u00e7\u0131kma hakk\u0131 varsa ; k\u00fcrs\u00fcye \u00e7\u0131kma hakk\u0131 da olmal\u0131d\u0131r | Olympe de Gouges"}]},{"@type":"WebSite","@id":"https:\/\/narteks.net\/#website","url":"https:\/\/narteks.net\/","name":"narteks.net","description":"K\u00fclt\u00fcr Sanat Edebiyat Felsefe","publisher":{"@id":"https:\/\/narteks.net\/#organization"},"alternateName":"K\u00fclt\u00fcr Sanat Edebiyat Felsefe","potentialAction":[{"@type":"SearchAction","target":{"@type":"EntryPoint","urlTemplate":"https:\/\/narteks.net\/?s={search_term_string}"},"query-input":{"@type":"PropertyValueSpecification","valueRequired":true,"valueName":"search_term_string"}}],"inLanguage":"tr"},{"@type":"Organization","@id":"https:\/\/narteks.net\/#organization","name":"narteks.net","url":"https:\/\/narteks.net\/","logo":{"@type":"ImageObject","inLanguage":"tr","@id":"https:\/\/narteks.net\/#\/schema\/logo\/image\/","url":"https:\/\/narteks.net\/wp-content\/uploads\/narteks.png","contentUrl":"https:\/\/narteks.net\/wp-content\/uploads\/narteks.png","width":300,"height":90,"caption":"narteks.net"},"image":{"@id":"https:\/\/narteks.net\/#\/schema\/logo\/image\/"},"sameAs":["https:\/\/x.com\/narteks","https:\/\/instagram.com\/narteksnet"]},{"@type":"Person","@id":"https:\/\/narteks.net\/#\/schema\/person\/61f37d9834294b72d31d274e7ed79bca","name":"Tar\u0131k","image":{"@type":"ImageObject","inLanguage":"tr","@id":"https:\/\/narteks.net\/#\/schema\/person\/image\/","url":"https:\/\/secure.gravatar.com\/avatar\/50865afb55632c4ae467e0af0930f6510aa2297d8014be502a55b14f3b7550cf?s=96&d=mm&r=g","contentUrl":"https:\/\/secure.gravatar.com\/avatar\/50865afb55632c4ae467e0af0930f6510aa2297d8014be502a55b14f3b7550cf?s=96&d=mm&r=g","caption":"Tar\u0131k"},"sameAs":["http:\/\/narteks.net"],"url":"https:\/\/narteks.net\/index.php\/author\/narbak\/"}]}},"_links":{"self":[{"href":"https:\/\/narteks.net\/index.php\/wp-json\/wp\/v2\/posts\/4740","targetHints":{"allow":["GET"]}}],"collection":[{"href":"https:\/\/narteks.net\/index.php\/wp-json\/wp\/v2\/posts"}],"about":[{"href":"https:\/\/narteks.net\/index.php\/wp-json\/wp\/v2\/types\/post"}],"author":[{"embeddable":true,"href":"https:\/\/narteks.net\/index.php\/wp-json\/wp\/v2\/users\/1"}],"replies":[{"embeddable":true,"href":"https:\/\/narteks.net\/index.php\/wp-json\/wp\/v2\/comments?post=4740"}],"version-history":[{"count":0,"href":"https:\/\/narteks.net\/index.php\/wp-json\/wp\/v2\/posts\/4740\/revisions"}],"wp:attachment":[{"href":"https:\/\/narteks.net\/index.php\/wp-json\/wp\/v2\/media?parent=4740"}],"wp:term":[{"taxonomy":"category","embeddable":true,"href":"https:\/\/narteks.net\/index.php\/wp-json\/wp\/v2\/categories?post=4740"},{"taxonomy":"post_tag","embeddable":true,"href":"https:\/\/narteks.net\/index.php\/wp-json\/wp\/v2\/tags?post=4740"}],"curies":[{"name":"wp","href":"https:\/\/api.w.org\/{rel}","templated":true}]}}