{"id":4744,"date":"2010-10-28T09:43:05","date_gmt":"2010-10-28T06:43:05","guid":{"rendered":"http:\/\/localhost\/wordpress\/2010\/10\/28\/dusun-ozgurlugu-veya-ifade-ozgurlugu-ozgurlukler-icinde-basta-gelen-bir-ozgurluktur-ismail-besikci\/"},"modified":"2010-10-28T09:43:05","modified_gmt":"2010-10-28T06:43:05","slug":"dusun-ozgurlugu-veya-ifade-ozgurlugu-ozgurlukler-icinde-basta-gelen-bir-ozgurluktur-ismail-besikci","status":"publish","type":"post","link":"https:\/\/narteks.net\/index.php\/2010\/10\/28\/dusun-ozgurlugu-veya-ifade-ozgurlugu-ozgurlukler-icinde-basta-gelen-bir-ozgurluktur-ismail-besikci\/","title":{"rendered":"D\u00fc\u015f\u00fcn \u00f6zg\u00fcrl\u00fc\u011f\u00fc veya ifade \u00f6zg\u00fcrl\u00fc\u011f\u00fc, \u00f6zg\u00fcrl\u00fckler i\u00e7inde ba\u015fta gelen bir \u00f6zg\u00fcrl\u00fckt\u00fcr | \u0130smail Be\u015fik\u00e7i"},"content":{"rendered":"<p style=\"text-align: justify;\"><strong><img loading=\"lazy\" decoding=\"async\" src=\"http:\/\/www.gomanweb.com\/2008_gomanweb\/HABER_YORUM4\/Kasim_2008\/30Kasim\/ismailbesikci.jpg\" border=\"0\" width=\"155\" height=\"205\" style=\"float: left; border: 0;\" \/>D\u00fc\u015f\u00fcn \u00f6zg\u00fcrl\u00fc\u011f\u00fc<\/strong><\/p>\n<p>D\u00fc\u015f\u00fcn yasaklar\u0131n\u0131n, ge\u00e7mi\u015fte topluma kar\u015f\u0131 i\u015flenen su\u00e7lar\u0131 gizlemek, onlar\u0131n bilince \u00e7\u0131kmas\u0131n\u0131 engellemek gibi bir i\u015flevi vard\u0131r<br \/>D\u00fc\u015f\u00fcn \u00f6zg\u00fcrl\u00fc\u011f\u00fc veya ifade \u00f6zg\u00fcrl\u00fc\u011f\u00fc, \u00f6zg\u00fcrl\u00fckler i\u00e7inde ba\u015fta gelen bir \u00f6zg\u00fcrl\u00fckt\u00fcr. Ya\u015fam \u00f6zg\u00fcrl\u00fc\u011f\u00fcnden sonra en \u00f6nemli \u00f6zg\u00fcrl\u00fck kan\u0131mca d\u00fc\u015f\u00fcn \u00f6zg\u00fcrl\u00fc\u011f\u00fcd\u00fcr. Bunu ifade \u00f6zg\u00fcrl\u00fc\u011f\u00fc olarak dile getirmek de m\u00fcmk\u00fcn.<br \/>Devletlerin d\u00fc\u015f\u00fcn yasaklar\u0131na neden gerek duyduklar\u0131, irdelenmesi gereken bir konudur. Toplumsal ve siyasal ya\u015famda, hangi konular rahat\u00e7a ifade ediliyor, hangi konular\u0131n konu\u015fulmas\u0131nda ve yaz\u0131lmas\u0131nda sorunlar, yasaklar var? Bu konunun irdelenmesi \u00f6nemlidir. Toplumsal ve siyasal ya\u015famda, bu yasaklar\u0131n ne gibi bir i\u015flevi var konusunun irdelenmesi de \u00f6nemlidir.<\/p>\n<p><strong>Yasa\u011f\u0131n i\u015flevi<\/strong><br \/>Bir devlet ge\u00e7mi\u015fiyle kolayca y\u00fczle\u015febiliyorsa, bu konuda hi\u00e7bir endi\u015fesi yoksa, ge\u00e7mi\u015fte i\u015flenen tarihsel bir ay\u0131b\u0131 yoksa, siyasal sisteminde d\u00fc\u015f\u00fcn yasaklar\u0131na gerek duymuyor. \u00c7\u00fcnk\u00fc d\u00fc\u015f\u00fcn yasaklar\u0131n\u0131n, ge\u00e7mi\u015fte topluma kar\u015f\u0131 i\u015flenen, halen de s\u00fcrd\u00fcr\u00fclen su\u00e7lar\u0131 gizlemek, \u00f6rtmek, onlar\u0131n bilince \u00e7\u0131kmas\u0131n\u0131 engellemek gibi bir i\u015flevi vard\u0131r.<br \/>T\u00fcrkiye, K\u00fcrt sorunu, Ermeni sorunu, Alevilik gibi sorunlarda ge\u00e7mi\u015fiyle y\u00fczle\u015fmek istemiyor, bundan ka\u00e7\u0131n\u0131yor. Bu konular\u0131n insanlar\u0131n bilincine \u00e7arpmas\u0131n\u0131 engellemek i\u00e7in ayr\u0131nt\u0131l\u0131 bir \u015fekilde d\u00fc\u015f\u00fcn yasaklar\u0131 getiriyor. D\u00fc\u015f\u00fcn yasaklar\u0131n\u0131n bu konular\u0131n d\u00fc\u015f\u00fcn\u00fclmesini, yaz\u0131lmas\u0131n\u0131, konu\u015fulmas\u0131n\u0131, ara\u015ft\u0131r\u0131lmas\u0131n\u0131 engellemek gibi bir i\u015flevi var.<br \/>D\u00fc\u015f\u00fcn yasaklar\u0131 resmi ideoloji kurumuyla ilgili bir kavramd\u0131r. Resmi ideoloji, toplumsal ve siyasal hayatta, hangi konular\u0131n d\u00fc\u015f\u00fcn\u00fclece\u011fini, hangi kavramlarla d\u00fc\u015f\u00fcn\u00fclece\u011fini, hangi konularla ilgilenmekten uzak durulaca\u011f\u0131n\u0131 saptayan, bunlar\u0131 idari ve cezai yapt\u0131r\u0131mlarla peki\u015ftiren bir normlar, yasaklar dizgesidir. Resmi ideolojiyse T\u00fcrk siyasal sisteminin en \u00f6nemli kurumudur. Siyasal sisteminde resmi ideolojiye yer veren, resmi ideoloji gibi bir kuruma ihtiya\u00e7 duyan, resmi ideolojiyi kurumla\u015ft\u0131ran bir devlet demokratik bir devlet de\u011fildir.<br \/>T\u00fcrkiye&#8217;de d\u00fc\u015f\u00fcn hayat\u0131n\u0131, bilim hayat\u0131n\u0131, sanat\u0131, edebiyat\u0131 belirleyen, y\u00f6nlendiren kurum resmi ideolojidir. Resmi ideoloji herhangi bir ideoloji de\u011fildir. Devletin idari ve cezai yapt\u0131r\u0131mlar\u0131yla korunan ve kollanan bir ideolojidir. \u0130dari ve cezai yapt\u0131r\u0131mlar, resmi ideolojiyi peki\u015ftirir, kemikle\u015ftirir.<br \/>\u00dcniversitenin, d\u00fc\u015f\u00fcn \u00f6zg\u00fcrl\u00fc\u011f\u00fcn\u00fc aramak, d\u00fc\u015f\u00fcn \u00f6zg\u00fcrl\u00fc\u011f\u00fcne kavu\u015fmak gibi bir aray\u0131\u015f\u0131, bir sorunu yoktur. T\u00fcrkiye&#8217;de, \u00fcniversite, resmi ideolojiye en iyi, en kolay uyum sa\u011flayan, resmi ideolojinin direktiflerine, gereklerine g\u00f6re tav\u0131r-davran\u0131\u015f sergileyen kurumlar\u0131n ba\u015f\u0131nda yer al\u0131yor. Resmi ideoloji militer bir ideolojidir. Milli G\u00fcvenlik Kurumu taraf\u0131ndan, askerlerin a\u011f\u0131rl\u0131kta oldu\u011fu kurumlar taraf\u0131ndan \u00fcretilen bir ideolojidir. Giderek \u00fcniversite de resmi ideolojinin yap\u0131c\u0131s\u0131, yay\u0131c\u0131s\u0131 ve propagandisti haline geldi. \u00dcniversitenin d\u00fc\u015f\u00fcn \u00f6zg\u00fcrl\u00fc\u011f\u00fc diye bir sorunu yoktur.<\/p>\n<p><strong>Medyan\u0131n rol\u00fc<\/strong><br \/>Medya, bas\u0131n-yay\u0131n da resmi ideolojinin yay\u0131lmas\u0131nda, kitlelere benimsetilmesinde b\u00fcy\u00fck bir rol sahibidir. T\u00fcrk bas\u0131n\u0131, baz\u0131 konularda, \u00f6zellikle K\u00fcrt sorunu konusunda, Milli \u0130stihbarat Te\u015fkilat\u0131&#8217;n\u0131n bir \u015fubesi gibi \u00e7al\u0131\u015f\u0131yor. Medya, bir iki y\u0131ld\u0131r, Orhan Pamuk, Elif \u015eafak, Hrant Dink gibi yazarlar\u0131n \u015fahs\u0131nda, d\u00fc\u015f\u00fcn \u00f6zg\u00fcrl\u00fc\u011f\u00fcn\u00fc savunuyormu\u015f gibi bir tutum sergiliyor. Bu tutumu Avrupa Birli\u011fi kurumlar\u0131 da destekleyip te\u015fvik ediyor. Bunu, d\u00fc\u015f\u00fcn \u00f6zg\u00fcrl\u00fc\u011f\u00fcn\u00fc savunmaktan \u00e7ok, baz\u0131 ki\u015filerin, baz\u0131 yazarlar\u0131n savunulmas\u0131 olarak alg\u0131lamak daha do\u011frudur kan\u0131s\u0131nday\u0131m. Zira d\u00fc\u015f\u00fcn \u00f6zg\u00fcrl\u00fc\u011f\u00fcn\u00fc k\u0131s\u0131tlayan yasalar birinci planda, K\u00fcrt sorunu dikkate al\u0131narak getiriliyor. K\u00fcrt sorunuyla ilgili yarg\u0131lamalara ise bas\u0131n, medya hi\u00e7 de\u011finmiyor. Mahkumiyetleri bile haber olarak duyurmuyor. Bunlar\u0131 g\u00f6rmezlikten, duymazl\u0131ktan, bilmezlikten geliyor.<br \/>Bas\u0131nda zaman zaman, &#8220;T\u00fcrkiye&#8217;nin sorunlar\u0131n\u0131 yeniden ele almal\u0131y\u0131z&#8221;, &#8220;T\u00fcrkiye&#8217;nin temel sorunlar\u0131na yeni yakla\u015f\u0131mlar getirmeliyiz&#8221; y\u00f6n\u00fcnde yaz\u0131lar, g\u00f6r\u00fc\u015fler yer al\u0131yor. Fakat, &#8220;yeni&#8221; denen bu g\u00f6r\u00fc\u015fler, aray\u0131\u015flar da resmi ideoloji \u00e7er\u00e7evesinde, resmi ideolojinin kavramlar\u0131yla dile getirildi\u011fi i\u00e7in, hi\u00e7bir \u015fey de\u011fi\u015fmiyor. \u00d6zg\u00fcr d\u00fc\u015f\u00fcncenin, bilimin, ideolojileri, \u00f6zellikle resmi ideolojiyi ele\u015ftirmesi b\u00fcy\u00fck bir ihtiya\u00e7t\u0131r.<\/p>\n<p><strong>Evrenseldir ama<\/strong><br \/>Bilimle ideoloji aras\u0131nda \u00e7ok b\u00fcy\u00fck farklar vard\u0131r. Resmi ideolojiyle bilim aras\u0131ndaki fark ise, \u00f6l\u00e7\u00fclmeyecek kadar b\u00fcy\u00fckt\u00fcr. Bu fark\u0131 ortaya koyan temel kriter ele\u015ftiridir. Bilimsel \u00f6nermeler her zaman ele\u015ftiriye a\u00e7\u0131kt\u0131r. Bilimde mutlak do\u011fru, nihai do\u011fru diye bir kavram yoktur. Resmi ideolojinin \u00f6nermeleri ise ele\u015ftiriye a\u00e7\u0131k de\u011fildir. Ele\u015ftiriler idari ve cezai yapt\u0131r\u0131mlarla engellenir.<br \/>D\u00fc\u015f\u00fcn \u00f6zg\u00fcrl\u00fc\u011f\u00fc, insanla\u015fman\u0131n, bilimi \u00fcretmenin temel ko\u015fuludur. Bilimin kime ihtiyac\u0131 varsa o \u00fcretir. D\u00fc\u015f\u00fcn \u00f6zg\u00fcrl\u00fc\u011f\u00fc kimler i\u00e7in gerekliyse, bunun m\u00fccadelesini ba\u015fta onlar yapar. D\u00fc\u015f\u00fcn \u00f6zg\u00fcrl\u00fc\u011f\u00fc i\u00e7in yap\u0131lan m\u00fccadele elbette evrensel bir m\u00fccadeledir. Fakat bu m\u00fccadeleyi, ba\u015fta, d\u00fc\u015f\u00fcncesi k\u0131s\u0131tlananlar\u0131n, bask\u0131 alt\u0131nda tutulanlar\u0131n yapmas\u0131 ka\u00e7\u0131n\u0131lmazd\u0131r. 1915&#8217;ten \u00f6nce Osmanl\u0131 \u0130mparatorlu\u011fu s\u0131n\u0131rlar\u0131 i\u00e7inde ka\u00e7 Ermeni ya\u015f\u0131yordu? Ermeni n\u00fcfus ne kadard\u0131? Bu say\u0131 ne olursa olsun, ortada \u015f\u00f6yle bir soru var. Ermenilerden kalan ta\u015f\u0131nmaz mallar ne oldu? Evler, d\u00fckkanlar, at\u00f6lyeler, tarlalar, mand\u0131ralar, zeytinlikler, de\u011firmenler, fabrikalar, i\u015flikler vs. ne oldu? T\u00fcrkiye&#8217;de kapitalizmin geli\u015fmesini ara\u015ft\u0131ran T\u00fcrk iktisat\u00e7\u0131lar\u0131, T\u00fcrk ayd\u0131nlar\u0131, T\u00fcrk burjuvazisinin olu\u015fmas\u0131n\u0131n temelinde Ermenilerden kalan mallar\u0131n, ya\u011fma edilmesini, Ermeni mallar\u0131ndan ganimet elde edilmesini d\u00fc\u015f\u00fcn\u00fcyorlar m\u0131?<\/p>\n<p style=\"text-align: justify;\">T\u00fcrk burjuvazisi kendisini palazland\u0131ran esas unsurun, Ermeni mallar\u0131ndan ganimet elde etmek oldu\u011funun bilincinde mi? Bu ancak olgular\u0131n \u00f6zg\u00fcrce alg\u0131lanmas\u0131yla olgular\u0131n, olgusal ili\u015fkilerin \u00f6zg\u00fcrce de\u011ferlendirilmesiyle incelenebilecek bir sorundur. Bir iki soru daha: Do\u011fru d\u00fcr\u00fcst K\u00fcrt\u00e7e konu\u015famayan K\u00fcrtler, K\u00fcrt\u00e7e yay\u0131n ve K\u00fcrt\u00e7e e\u011fitimle ilgili olarak \u00e7ok a\u011f\u0131r sorunlarla kar\u015f\u0131 kar\u015f\u0131ya olan K\u00fcrtler, neden ille de, &#8220;biz milliyet\u00e7i de\u011filiz, biz karde\u015fiz, karde\u015f olaca\u011f\u0131z, biz enternasyonalistiz&#8230;&#8221; deyip duruyorlar? \u0130slam\u0131n hi\u00e7bir ko\u015fulunu yerine getirmeyen Aleviler, neden ille de &#8220;biz M\u00fcsl\u00fcman\u0131z, en iyi M\u00fcsl\u00fcman biziz&#8230;&#8221; diyorlar? Bunlar da ancak, \u00f6zg\u00fcr d\u00fc\u015f\u00fcnceyle, bilim y\u00f6ntemiyle incelenebilecek sorunlard\u0131r. K\u00fcrt sorununda, Ermeni sorununda, Aleviler sorununda bilgilerimizi elbette geli\u015ftirmeli, \u00e7o\u011faltmal\u0131y\u0131z. Fakat bunlar sadece bilgi sorunlar\u0131 de\u011fildir. Bunlar ayn\u0131 zamanda \u00e7ok ciddi bir duru\u015f sorunudur. Sa\u011fl\u0131kl\u0131 bir duru\u015funuz yoksa, bilgiyi istedi\u011finiz kadar \u00e7o\u011falt\u0131n, sa\u011fl\u0131kl\u0131 sonu\u00e7lar almak m\u00fcmk\u00fcn de\u011fildir. Bilgiyi duru\u015fla g\u00fc\u00e7lendirmek, sa\u011flamla\u015ft\u0131rmak gerekir.<br \/>D\u00fc\u015f\u00fcn \u00f6zg\u00fcrl\u00fc\u011f\u00fc kavram\u0131 \u00e7a\u011fda\u015f uygarl\u0131k kavram\u0131yla \u00e7ok yak\u0131ndan ili\u015fkilidir. D\u00fc\u015f\u00fcn yasaklar\u0131na, resmi ideoloji gibi bir kuruma gereksinim duyan, bunlar\u0131 kurumla\u015ft\u0131ran bir devletin \u00e7a\u011fda\u015f uygarl\u0131k s\u00fcrecinde bir devlet oldu\u011fu s\u00f6ylenemez. \u00c7\u00fcnk\u00fc d\u00fc\u015f\u00fcn yasaklar\u0131n\u0131n ge\u00e7mi\u015fte i\u015flenen, halen de s\u00fcrd\u00fcr\u00fclen ay\u0131plar\u0131 gizlemek gibi bir siyasal i\u015flevi vard\u0131r. Bu ay\u0131plarla, d\u00fc\u015f\u00fcn k\u0131s\u0131tlamalar\u0131yla, bask\u0131larla, \u00e7a\u011fda\u015f uygarl\u0131k d\u00fczeyine ula\u015f\u0131lamaz. D\u00fc\u015f\u00fcn \u00f6zg\u00fcrl\u00fc\u011f\u00fc i\u00e7in yap\u0131lan m\u00fccadele elbette evrensel bir m\u00fccadeledir.<\/p>\n","protected":false},"excerpt":{"rendered":"<p>D\u00fc\u015f\u00fcn \u00f6zg\u00fcrl\u00fc\u011f\u00fc D\u00fc\u015f\u00fcn yasaklar\u0131n\u0131n, ge\u00e7mi\u015fte topluma kar\u015f\u0131 i\u015flenen su\u00e7lar\u0131 gizlemek, onlar\u0131n bilince \u00e7\u0131kmas\u0131n\u0131 engellemek gibi bir i\u015flevi vard\u0131rD\u00fc\u015f\u00fcn \u00f6zg\u00fcrl\u00fc\u011f\u00fc veya ifade \u00f6zg\u00fcrl\u00fc\u011f\u00fc, \u00f6zg\u00fcrl\u00fckler i\u00e7inde ba\u015fta gelen bir \u00f6zg\u00fcrl\u00fckt\u00fcr. Ya\u015fam \u00f6zg\u00fcrl\u00fc\u011f\u00fcnden sonra en \u00f6nemli \u00f6zg\u00fcrl\u00fck kan\u0131mca d\u00fc\u015f\u00fcn \u00f6zg\u00fcrl\u00fc\u011f\u00fcd\u00fcr. Bunu ifade \u00f6zg\u00fcrl\u00fc\u011f\u00fc olarak dile getirmek de m\u00fcmk\u00fcn.Devletlerin d\u00fc\u015f\u00fcn yasaklar\u0131na neden gerek duyduklar\u0131, irdelenmesi gereken bir konudur. Toplumsal [&hellip;]<\/p>\n","protected":false},"author":1,"featured_media":0,"comment_status":"open","ping_status":"open","sticky":false,"template":"","format":"standard","meta":{"footnotes":""},"categories":[98],"tags":[],"class_list":{"0":"post-4744","1":"post","2":"type-post","3":"status-publish","4":"format-standard","6":"category-turkiye"},"yoast_head":"<!-- This site is optimized with the Yoast SEO Premium plugin v24.9 (Yoast SEO v24.9) - https:\/\/yoast.com\/wordpress\/plugins\/seo\/ -->\n<title>D\u00fc\u015f\u00fcn \u00f6zg\u00fcrl\u00fc\u011f\u00fc veya ifade \u00f6zg\u00fcrl\u00fc\u011f\u00fc, \u00f6zg\u00fcrl\u00fckler i\u00e7inde ba\u015fta gelen bir \u00f6zg\u00fcrl\u00fckt\u00fcr | \u0130smail Be\u015fik\u00e7i - narteks.net<\/title>\n<meta name=\"robots\" content=\"index, follow, max-snippet:-1, max-image-preview:large, max-video-preview:-1\" \/>\n<link rel=\"canonical\" href=\"https:\/\/narteks.net\/index.php\/2010\/10\/28\/dusun-ozgurlugu-veya-ifade-ozgurlugu-ozgurlukler-icinde-basta-gelen-bir-ozgurluktur-ismail-besikci\/\" \/>\n<meta property=\"og:locale\" content=\"tr_TR\" \/>\n<meta property=\"og:type\" content=\"article\" \/>\n<meta property=\"og:title\" content=\"D\u00fc\u015f\u00fcn \u00f6zg\u00fcrl\u00fc\u011f\u00fc veya ifade \u00f6zg\u00fcrl\u00fc\u011f\u00fc, \u00f6zg\u00fcrl\u00fckler i\u00e7inde ba\u015fta gelen bir \u00f6zg\u00fcrl\u00fckt\u00fcr | \u0130smail Be\u015fik\u00e7i\" \/>\n<meta property=\"og:description\" content=\"D\u00fc\u015f\u00fcn \u00f6zg\u00fcrl\u00fc\u011f\u00fc D\u00fc\u015f\u00fcn yasaklar\u0131n\u0131n, ge\u00e7mi\u015fte topluma kar\u015f\u0131 i\u015flenen su\u00e7lar\u0131 gizlemek, onlar\u0131n bilince \u00e7\u0131kmas\u0131n\u0131 engellemek gibi bir i\u015flevi vard\u0131rD\u00fc\u015f\u00fcn \u00f6zg\u00fcrl\u00fc\u011f\u00fc veya ifade \u00f6zg\u00fcrl\u00fc\u011f\u00fc, \u00f6zg\u00fcrl\u00fckler i\u00e7inde ba\u015fta gelen bir \u00f6zg\u00fcrl\u00fckt\u00fcr. Ya\u015fam \u00f6zg\u00fcrl\u00fc\u011f\u00fcnden sonra en \u00f6nemli \u00f6zg\u00fcrl\u00fck kan\u0131mca d\u00fc\u015f\u00fcn \u00f6zg\u00fcrl\u00fc\u011f\u00fcd\u00fcr. Bunu ifade \u00f6zg\u00fcrl\u00fc\u011f\u00fc olarak dile getirmek de m\u00fcmk\u00fcn.Devletlerin d\u00fc\u015f\u00fcn yasaklar\u0131na neden gerek duyduklar\u0131, irdelenmesi gereken bir konudur. Toplumsal [&hellip;]\" \/>\n<meta property=\"og:url\" content=\"https:\/\/narteks.net\/index.php\/2010\/10\/28\/dusun-ozgurlugu-veya-ifade-ozgurlugu-ozgurlukler-icinde-basta-gelen-bir-ozgurluktur-ismail-besikci\/\" \/>\n<meta property=\"og:site_name\" content=\"narteks.net\" \/>\n<meta property=\"article:published_time\" content=\"2010-10-28T06:43:05+00:00\" \/>\n<meta property=\"og:image\" content=\"http:\/\/www.gomanweb.com\/2008_gomanweb\/HABER_YORUM4\/Kasim_2008\/30Kasim\/ismailbesikci.jpg\" \/>\n<meta name=\"author\" content=\"Tar\u0131k\" \/>\n<meta name=\"twitter:card\" content=\"summary_large_image\" \/>\n<meta name=\"twitter:creator\" content=\"@narteks\" \/>\n<meta name=\"twitter:site\" content=\"@narteks\" \/>\n<meta name=\"twitter:label1\" content=\"Yazan:\" \/>\n\t<meta name=\"twitter:data1\" content=\"Tar\u0131k\" \/>\n\t<meta name=\"twitter:label2\" content=\"Tahmini okuma s\u00fcresi\" \/>\n\t<meta name=\"twitter:data2\" content=\"6 dakika\" \/>\n<script type=\"application\/ld+json\" class=\"yoast-schema-graph\">{\"@context\":\"https:\/\/schema.org\",\"@graph\":[{\"@type\":\"Article\",\"@id\":\"https:\/\/narteks.net\/index.php\/2010\/10\/28\/dusun-ozgurlugu-veya-ifade-ozgurlugu-ozgurlukler-icinde-basta-gelen-bir-ozgurluktur-ismail-besikci\/#article\",\"isPartOf\":{\"@id\":\"https:\/\/narteks.net\/index.php\/2010\/10\/28\/dusun-ozgurlugu-veya-ifade-ozgurlugu-ozgurlukler-icinde-basta-gelen-bir-ozgurluktur-ismail-besikci\/\"},\"author\":{\"name\":\"Tar\u0131k\",\"@id\":\"https:\/\/narteks.net\/#\/schema\/person\/61f37d9834294b72d31d274e7ed79bca\"},\"headline\":\"D\u00fc\u015f\u00fcn \u00f6zg\u00fcrl\u00fc\u011f\u00fc veya ifade \u00f6zg\u00fcrl\u00fc\u011f\u00fc, \u00f6zg\u00fcrl\u00fckler i\u00e7inde ba\u015fta gelen bir \u00f6zg\u00fcrl\u00fckt\u00fcr | \u0130smail Be\u015fik\u00e7i\",\"datePublished\":\"2010-10-28T06:43:05+00:00\",\"mainEntityOfPage\":{\"@id\":\"https:\/\/narteks.net\/index.php\/2010\/10\/28\/dusun-ozgurlugu-veya-ifade-ozgurlugu-ozgurlukler-icinde-basta-gelen-bir-ozgurluktur-ismail-besikci\/\"},\"wordCount\":1305,\"commentCount\":0,\"publisher\":{\"@id\":\"https:\/\/narteks.net\/#organization\"},\"image\":{\"@id\":\"https:\/\/narteks.net\/index.php\/2010\/10\/28\/dusun-ozgurlugu-veya-ifade-ozgurlugu-ozgurlukler-icinde-basta-gelen-bir-ozgurluktur-ismail-besikci\/#primaryimage\"},\"thumbnailUrl\":\"http:\/\/www.gomanweb.com\/2008_gomanweb\/HABER_YORUM4\/Kasim_2008\/30Kasim\/ismailbesikci.jpg\",\"articleSection\":[\"T\u00fcrkiye\"],\"inLanguage\":\"tr\",\"potentialAction\":[{\"@type\":\"CommentAction\",\"name\":\"Comment\",\"target\":[\"https:\/\/narteks.net\/index.php\/2010\/10\/28\/dusun-ozgurlugu-veya-ifade-ozgurlugu-ozgurlukler-icinde-basta-gelen-bir-ozgurluktur-ismail-besikci\/#respond\"]}]},{\"@type\":\"WebPage\",\"@id\":\"https:\/\/narteks.net\/index.php\/2010\/10\/28\/dusun-ozgurlugu-veya-ifade-ozgurlugu-ozgurlukler-icinde-basta-gelen-bir-ozgurluktur-ismail-besikci\/\",\"url\":\"https:\/\/narteks.net\/index.php\/2010\/10\/28\/dusun-ozgurlugu-veya-ifade-ozgurlugu-ozgurlukler-icinde-basta-gelen-bir-ozgurluktur-ismail-besikci\/\",\"name\":\"D\u00fc\u015f\u00fcn \u00f6zg\u00fcrl\u00fc\u011f\u00fc veya ifade \u00f6zg\u00fcrl\u00fc\u011f\u00fc, \u00f6zg\u00fcrl\u00fckler i\u00e7inde ba\u015fta gelen bir \u00f6zg\u00fcrl\u00fckt\u00fcr | \u0130smail Be\u015fik\u00e7i - narteks.net\",\"isPartOf\":{\"@id\":\"https:\/\/narteks.net\/#website\"},\"primaryImageOfPage\":{\"@id\":\"https:\/\/narteks.net\/index.php\/2010\/10\/28\/dusun-ozgurlugu-veya-ifade-ozgurlugu-ozgurlukler-icinde-basta-gelen-bir-ozgurluktur-ismail-besikci\/#primaryimage\"},\"image\":{\"@id\":\"https:\/\/narteks.net\/index.php\/2010\/10\/28\/dusun-ozgurlugu-veya-ifade-ozgurlugu-ozgurlukler-icinde-basta-gelen-bir-ozgurluktur-ismail-besikci\/#primaryimage\"},\"thumbnailUrl\":\"http:\/\/www.gomanweb.com\/2008_gomanweb\/HABER_YORUM4\/Kasim_2008\/30Kasim\/ismailbesikci.jpg\",\"datePublished\":\"2010-10-28T06:43:05+00:00\",\"breadcrumb\":{\"@id\":\"https:\/\/narteks.net\/index.php\/2010\/10\/28\/dusun-ozgurlugu-veya-ifade-ozgurlugu-ozgurlukler-icinde-basta-gelen-bir-ozgurluktur-ismail-besikci\/#breadcrumb\"},\"inLanguage\":\"tr\",\"potentialAction\":[{\"@type\":\"ReadAction\",\"target\":[\"https:\/\/narteks.net\/index.php\/2010\/10\/28\/dusun-ozgurlugu-veya-ifade-ozgurlugu-ozgurlukler-icinde-basta-gelen-bir-ozgurluktur-ismail-besikci\/\"]}]},{\"@type\":\"ImageObject\",\"inLanguage\":\"tr\",\"@id\":\"https:\/\/narteks.net\/index.php\/2010\/10\/28\/dusun-ozgurlugu-veya-ifade-ozgurlugu-ozgurlukler-icinde-basta-gelen-bir-ozgurluktur-ismail-besikci\/#primaryimage\",\"url\":\"http:\/\/www.gomanweb.com\/2008_gomanweb\/HABER_YORUM4\/Kasim_2008\/30Kasim\/ismailbesikci.jpg\",\"contentUrl\":\"http:\/\/www.gomanweb.com\/2008_gomanweb\/HABER_YORUM4\/Kasim_2008\/30Kasim\/ismailbesikci.jpg\"},{\"@type\":\"BreadcrumbList\",\"@id\":\"https:\/\/narteks.net\/index.php\/2010\/10\/28\/dusun-ozgurlugu-veya-ifade-ozgurlugu-ozgurlukler-icinde-basta-gelen-bir-ozgurluktur-ismail-besikci\/#breadcrumb\",\"itemListElement\":[{\"@type\":\"ListItem\",\"position\":1,\"name\":\"Anasayfa\",\"item\":\"https:\/\/narteks.net\/\"},{\"@type\":\"ListItem\",\"position\":2,\"name\":\"D\u00fc\u015f\u00fcn \u00f6zg\u00fcrl\u00fc\u011f\u00fc veya ifade \u00f6zg\u00fcrl\u00fc\u011f\u00fc, \u00f6zg\u00fcrl\u00fckler i\u00e7inde ba\u015fta gelen bir \u00f6zg\u00fcrl\u00fckt\u00fcr | \u0130smail Be\u015fik\u00e7i\"}]},{\"@type\":\"WebSite\",\"@id\":\"https:\/\/narteks.net\/#website\",\"url\":\"https:\/\/narteks.net\/\",\"name\":\"narteks.net\",\"description\":\"K\u00fclt\u00fcr Sanat Edebiyat Felsefe\",\"publisher\":{\"@id\":\"https:\/\/narteks.net\/#organization\"},\"alternateName\":\"K\u00fclt\u00fcr Sanat Edebiyat Felsefe\",\"potentialAction\":[{\"@type\":\"SearchAction\",\"target\":{\"@type\":\"EntryPoint\",\"urlTemplate\":\"https:\/\/narteks.net\/?s={search_term_string}\"},\"query-input\":{\"@type\":\"PropertyValueSpecification\",\"valueRequired\":true,\"valueName\":\"search_term_string\"}}],\"inLanguage\":\"tr\"},{\"@type\":\"Organization\",\"@id\":\"https:\/\/narteks.net\/#organization\",\"name\":\"narteks.net\",\"url\":\"https:\/\/narteks.net\/\",\"logo\":{\"@type\":\"ImageObject\",\"inLanguage\":\"tr\",\"@id\":\"https:\/\/narteks.net\/#\/schema\/logo\/image\/\",\"url\":\"https:\/\/narteks.net\/wp-content\/uploads\/narteks.png\",\"contentUrl\":\"https:\/\/narteks.net\/wp-content\/uploads\/narteks.png\",\"width\":300,\"height\":90,\"caption\":\"narteks.net\"},\"image\":{\"@id\":\"https:\/\/narteks.net\/#\/schema\/logo\/image\/\"},\"sameAs\":[\"https:\/\/x.com\/narteks\",\"https:\/\/instagram.com\/narteksnet\"]},{\"@type\":\"Person\",\"@id\":\"https:\/\/narteks.net\/#\/schema\/person\/61f37d9834294b72d31d274e7ed79bca\",\"name\":\"Tar\u0131k\",\"image\":{\"@type\":\"ImageObject\",\"inLanguage\":\"tr\",\"@id\":\"https:\/\/narteks.net\/#\/schema\/person\/image\/\",\"url\":\"https:\/\/secure.gravatar.com\/avatar\/50865afb55632c4ae467e0af0930f6510aa2297d8014be502a55b14f3b7550cf?s=96&d=mm&r=g\",\"contentUrl\":\"https:\/\/secure.gravatar.com\/avatar\/50865afb55632c4ae467e0af0930f6510aa2297d8014be502a55b14f3b7550cf?s=96&d=mm&r=g\",\"caption\":\"Tar\u0131k\"},\"sameAs\":[\"http:\/\/narteks.net\"],\"url\":\"https:\/\/narteks.net\/index.php\/author\/narbak\/\"}]}<\/script>\n<!-- \/ Yoast SEO Premium plugin. -->","yoast_head_json":{"title":"D\u00fc\u015f\u00fcn \u00f6zg\u00fcrl\u00fc\u011f\u00fc veya ifade \u00f6zg\u00fcrl\u00fc\u011f\u00fc, \u00f6zg\u00fcrl\u00fckler i\u00e7inde ba\u015fta gelen bir \u00f6zg\u00fcrl\u00fckt\u00fcr | \u0130smail Be\u015fik\u00e7i - narteks.net","robots":{"index":"index","follow":"follow","max-snippet":"max-snippet:-1","max-image-preview":"max-image-preview:large","max-video-preview":"max-video-preview:-1"},"canonical":"https:\/\/narteks.net\/index.php\/2010\/10\/28\/dusun-ozgurlugu-veya-ifade-ozgurlugu-ozgurlukler-icinde-basta-gelen-bir-ozgurluktur-ismail-besikci\/","og_locale":"tr_TR","og_type":"article","og_title":"D\u00fc\u015f\u00fcn \u00f6zg\u00fcrl\u00fc\u011f\u00fc veya ifade \u00f6zg\u00fcrl\u00fc\u011f\u00fc, \u00f6zg\u00fcrl\u00fckler i\u00e7inde ba\u015fta gelen bir \u00f6zg\u00fcrl\u00fckt\u00fcr | \u0130smail Be\u015fik\u00e7i","og_description":"D\u00fc\u015f\u00fcn \u00f6zg\u00fcrl\u00fc\u011f\u00fc D\u00fc\u015f\u00fcn yasaklar\u0131n\u0131n, ge\u00e7mi\u015fte topluma kar\u015f\u0131 i\u015flenen su\u00e7lar\u0131 gizlemek, onlar\u0131n bilince \u00e7\u0131kmas\u0131n\u0131 engellemek gibi bir i\u015flevi vard\u0131rD\u00fc\u015f\u00fcn \u00f6zg\u00fcrl\u00fc\u011f\u00fc veya ifade \u00f6zg\u00fcrl\u00fc\u011f\u00fc, \u00f6zg\u00fcrl\u00fckler i\u00e7inde ba\u015fta gelen bir \u00f6zg\u00fcrl\u00fckt\u00fcr. Ya\u015fam \u00f6zg\u00fcrl\u00fc\u011f\u00fcnden sonra en \u00f6nemli \u00f6zg\u00fcrl\u00fck kan\u0131mca d\u00fc\u015f\u00fcn \u00f6zg\u00fcrl\u00fc\u011f\u00fcd\u00fcr. Bunu ifade \u00f6zg\u00fcrl\u00fc\u011f\u00fc olarak dile getirmek de m\u00fcmk\u00fcn.Devletlerin d\u00fc\u015f\u00fcn yasaklar\u0131na neden gerek duyduklar\u0131, irdelenmesi gereken bir konudur. Toplumsal [&hellip;]","og_url":"https:\/\/narteks.net\/index.php\/2010\/10\/28\/dusun-ozgurlugu-veya-ifade-ozgurlugu-ozgurlukler-icinde-basta-gelen-bir-ozgurluktur-ismail-besikci\/","og_site_name":"narteks.net","article_published_time":"2010-10-28T06:43:05+00:00","og_image":[{"url":"http:\/\/www.gomanweb.com\/2008_gomanweb\/HABER_YORUM4\/Kasim_2008\/30Kasim\/ismailbesikci.jpg","type":"","width":"","height":""}],"author":"Tar\u0131k","twitter_card":"summary_large_image","twitter_creator":"@narteks","twitter_site":"@narteks","twitter_misc":{"Yazan:":"Tar\u0131k","Tahmini okuma s\u00fcresi":"6 dakika"},"schema":{"@context":"https:\/\/schema.org","@graph":[{"@type":"Article","@id":"https:\/\/narteks.net\/index.php\/2010\/10\/28\/dusun-ozgurlugu-veya-ifade-ozgurlugu-ozgurlukler-icinde-basta-gelen-bir-ozgurluktur-ismail-besikci\/#article","isPartOf":{"@id":"https:\/\/narteks.net\/index.php\/2010\/10\/28\/dusun-ozgurlugu-veya-ifade-ozgurlugu-ozgurlukler-icinde-basta-gelen-bir-ozgurluktur-ismail-besikci\/"},"author":{"name":"Tar\u0131k","@id":"https:\/\/narteks.net\/#\/schema\/person\/61f37d9834294b72d31d274e7ed79bca"},"headline":"D\u00fc\u015f\u00fcn \u00f6zg\u00fcrl\u00fc\u011f\u00fc veya ifade \u00f6zg\u00fcrl\u00fc\u011f\u00fc, \u00f6zg\u00fcrl\u00fckler i\u00e7inde ba\u015fta gelen bir \u00f6zg\u00fcrl\u00fckt\u00fcr | \u0130smail Be\u015fik\u00e7i","datePublished":"2010-10-28T06:43:05+00:00","mainEntityOfPage":{"@id":"https:\/\/narteks.net\/index.php\/2010\/10\/28\/dusun-ozgurlugu-veya-ifade-ozgurlugu-ozgurlukler-icinde-basta-gelen-bir-ozgurluktur-ismail-besikci\/"},"wordCount":1305,"commentCount":0,"publisher":{"@id":"https:\/\/narteks.net\/#organization"},"image":{"@id":"https:\/\/narteks.net\/index.php\/2010\/10\/28\/dusun-ozgurlugu-veya-ifade-ozgurlugu-ozgurlukler-icinde-basta-gelen-bir-ozgurluktur-ismail-besikci\/#primaryimage"},"thumbnailUrl":"http:\/\/www.gomanweb.com\/2008_gomanweb\/HABER_YORUM4\/Kasim_2008\/30Kasim\/ismailbesikci.jpg","articleSection":["T\u00fcrkiye"],"inLanguage":"tr","potentialAction":[{"@type":"CommentAction","name":"Comment","target":["https:\/\/narteks.net\/index.php\/2010\/10\/28\/dusun-ozgurlugu-veya-ifade-ozgurlugu-ozgurlukler-icinde-basta-gelen-bir-ozgurluktur-ismail-besikci\/#respond"]}]},{"@type":"WebPage","@id":"https:\/\/narteks.net\/index.php\/2010\/10\/28\/dusun-ozgurlugu-veya-ifade-ozgurlugu-ozgurlukler-icinde-basta-gelen-bir-ozgurluktur-ismail-besikci\/","url":"https:\/\/narteks.net\/index.php\/2010\/10\/28\/dusun-ozgurlugu-veya-ifade-ozgurlugu-ozgurlukler-icinde-basta-gelen-bir-ozgurluktur-ismail-besikci\/","name":"D\u00fc\u015f\u00fcn \u00f6zg\u00fcrl\u00fc\u011f\u00fc veya ifade \u00f6zg\u00fcrl\u00fc\u011f\u00fc, \u00f6zg\u00fcrl\u00fckler i\u00e7inde ba\u015fta gelen bir \u00f6zg\u00fcrl\u00fckt\u00fcr | \u0130smail Be\u015fik\u00e7i - narteks.net","isPartOf":{"@id":"https:\/\/narteks.net\/#website"},"primaryImageOfPage":{"@id":"https:\/\/narteks.net\/index.php\/2010\/10\/28\/dusun-ozgurlugu-veya-ifade-ozgurlugu-ozgurlukler-icinde-basta-gelen-bir-ozgurluktur-ismail-besikci\/#primaryimage"},"image":{"@id":"https:\/\/narteks.net\/index.php\/2010\/10\/28\/dusun-ozgurlugu-veya-ifade-ozgurlugu-ozgurlukler-icinde-basta-gelen-bir-ozgurluktur-ismail-besikci\/#primaryimage"},"thumbnailUrl":"http:\/\/www.gomanweb.com\/2008_gomanweb\/HABER_YORUM4\/Kasim_2008\/30Kasim\/ismailbesikci.jpg","datePublished":"2010-10-28T06:43:05+00:00","breadcrumb":{"@id":"https:\/\/narteks.net\/index.php\/2010\/10\/28\/dusun-ozgurlugu-veya-ifade-ozgurlugu-ozgurlukler-icinde-basta-gelen-bir-ozgurluktur-ismail-besikci\/#breadcrumb"},"inLanguage":"tr","potentialAction":[{"@type":"ReadAction","target":["https:\/\/narteks.net\/index.php\/2010\/10\/28\/dusun-ozgurlugu-veya-ifade-ozgurlugu-ozgurlukler-icinde-basta-gelen-bir-ozgurluktur-ismail-besikci\/"]}]},{"@type":"ImageObject","inLanguage":"tr","@id":"https:\/\/narteks.net\/index.php\/2010\/10\/28\/dusun-ozgurlugu-veya-ifade-ozgurlugu-ozgurlukler-icinde-basta-gelen-bir-ozgurluktur-ismail-besikci\/#primaryimage","url":"http:\/\/www.gomanweb.com\/2008_gomanweb\/HABER_YORUM4\/Kasim_2008\/30Kasim\/ismailbesikci.jpg","contentUrl":"http:\/\/www.gomanweb.com\/2008_gomanweb\/HABER_YORUM4\/Kasim_2008\/30Kasim\/ismailbesikci.jpg"},{"@type":"BreadcrumbList","@id":"https:\/\/narteks.net\/index.php\/2010\/10\/28\/dusun-ozgurlugu-veya-ifade-ozgurlugu-ozgurlukler-icinde-basta-gelen-bir-ozgurluktur-ismail-besikci\/#breadcrumb","itemListElement":[{"@type":"ListItem","position":1,"name":"Anasayfa","item":"https:\/\/narteks.net\/"},{"@type":"ListItem","position":2,"name":"D\u00fc\u015f\u00fcn \u00f6zg\u00fcrl\u00fc\u011f\u00fc veya ifade \u00f6zg\u00fcrl\u00fc\u011f\u00fc, \u00f6zg\u00fcrl\u00fckler i\u00e7inde ba\u015fta gelen bir \u00f6zg\u00fcrl\u00fckt\u00fcr | \u0130smail Be\u015fik\u00e7i"}]},{"@type":"WebSite","@id":"https:\/\/narteks.net\/#website","url":"https:\/\/narteks.net\/","name":"narteks.net","description":"K\u00fclt\u00fcr Sanat Edebiyat Felsefe","publisher":{"@id":"https:\/\/narteks.net\/#organization"},"alternateName":"K\u00fclt\u00fcr Sanat Edebiyat Felsefe","potentialAction":[{"@type":"SearchAction","target":{"@type":"EntryPoint","urlTemplate":"https:\/\/narteks.net\/?s={search_term_string}"},"query-input":{"@type":"PropertyValueSpecification","valueRequired":true,"valueName":"search_term_string"}}],"inLanguage":"tr"},{"@type":"Organization","@id":"https:\/\/narteks.net\/#organization","name":"narteks.net","url":"https:\/\/narteks.net\/","logo":{"@type":"ImageObject","inLanguage":"tr","@id":"https:\/\/narteks.net\/#\/schema\/logo\/image\/","url":"https:\/\/narteks.net\/wp-content\/uploads\/narteks.png","contentUrl":"https:\/\/narteks.net\/wp-content\/uploads\/narteks.png","width":300,"height":90,"caption":"narteks.net"},"image":{"@id":"https:\/\/narteks.net\/#\/schema\/logo\/image\/"},"sameAs":["https:\/\/x.com\/narteks","https:\/\/instagram.com\/narteksnet"]},{"@type":"Person","@id":"https:\/\/narteks.net\/#\/schema\/person\/61f37d9834294b72d31d274e7ed79bca","name":"Tar\u0131k","image":{"@type":"ImageObject","inLanguage":"tr","@id":"https:\/\/narteks.net\/#\/schema\/person\/image\/","url":"https:\/\/secure.gravatar.com\/avatar\/50865afb55632c4ae467e0af0930f6510aa2297d8014be502a55b14f3b7550cf?s=96&d=mm&r=g","contentUrl":"https:\/\/secure.gravatar.com\/avatar\/50865afb55632c4ae467e0af0930f6510aa2297d8014be502a55b14f3b7550cf?s=96&d=mm&r=g","caption":"Tar\u0131k"},"sameAs":["http:\/\/narteks.net"],"url":"https:\/\/narteks.net\/index.php\/author\/narbak\/"}]}},"_links":{"self":[{"href":"https:\/\/narteks.net\/index.php\/wp-json\/wp\/v2\/posts\/4744","targetHints":{"allow":["GET"]}}],"collection":[{"href":"https:\/\/narteks.net\/index.php\/wp-json\/wp\/v2\/posts"}],"about":[{"href":"https:\/\/narteks.net\/index.php\/wp-json\/wp\/v2\/types\/post"}],"author":[{"embeddable":true,"href":"https:\/\/narteks.net\/index.php\/wp-json\/wp\/v2\/users\/1"}],"replies":[{"embeddable":true,"href":"https:\/\/narteks.net\/index.php\/wp-json\/wp\/v2\/comments?post=4744"}],"version-history":[{"count":0,"href":"https:\/\/narteks.net\/index.php\/wp-json\/wp\/v2\/posts\/4744\/revisions"}],"wp:attachment":[{"href":"https:\/\/narteks.net\/index.php\/wp-json\/wp\/v2\/media?parent=4744"}],"wp:term":[{"taxonomy":"category","embeddable":true,"href":"https:\/\/narteks.net\/index.php\/wp-json\/wp\/v2\/categories?post=4744"},{"taxonomy":"post_tag","embeddable":true,"href":"https:\/\/narteks.net\/index.php\/wp-json\/wp\/v2\/tags?post=4744"}],"curies":[{"name":"wp","href":"https:\/\/api.w.org\/{rel}","templated":true}]}}