{"id":4748,"date":"2010-10-30T12:40:55","date_gmt":"2010-10-30T09:40:55","guid":{"rendered":"http:\/\/localhost\/wordpress\/2010\/10\/30\/trajik-bati-erkan-kucuk\/"},"modified":"2010-10-30T12:40:55","modified_gmt":"2010-10-30T09:40:55","slug":"trajik-bati-erkan-kucuk","status":"publish","type":"post","link":"https:\/\/narteks.net\/index.php\/2010\/10\/30\/trajik-bati-erkan-kucuk\/","title":{"rendered":"Trajik Bat\u0131 | Erkan K\u00fc\u00e7\u00fck"},"content":{"rendered":"<p style=\"text-align: justify;\">Trajik olan, bat\u0131l\u0131 insan\u0131n bilincinde ortaya \u00e7\u0131kan bir yar\u0131lmayla kendini g\u00f6sterir. \u0130nsan\u0131 \u00f6zellikle kendi kendisine kar\u015f\u0131 bir \u00e7eli\u015fki i\u00e7inde b\u0131rakan, yabanc\u0131la\u015ft\u0131ran ve d\u00fcnya \u00fczerindeki yerini tan\u0131mlanamaz k\u0131lan bir durumdur bu. Tragedyan\u0131n neden bat\u0131ya \u00f6zg\u00fc bir t\u00fcr oldu\u011funu \u00f6rne\u011fin \u00c7in\u2019de ni\u00e7in ortaya \u00e7\u0131kmad\u0131\u011f\u0131n\u0131 bu minvalde de\u011ferlendirmek m\u00fcmk\u00fcnd\u00fcr. Evrenle uyumunu yitiren ve kendi ya\u015fam\u0131n\u0131 a\u00e7\u0131klama \u00e7abalar\u0131n\u0131n ge\u00e7ersizli\u011fi y\u00fcz\u00fcnden \u00e7eli\u015fkiye d\u00fc\u015fen bat\u0131 insan\u0131n\u0131n yan\u0131nda bir kabulleni\u015f i\u00e7inde, uyumlu bir hayat ya\u015fayan \u00c7inli aras\u0131ndaki bu temel farkl\u0131l\u0131k tragedyan\u0131n varl\u0131k sebebidir. <\/p>\n<p>Bat\u0131n\u0131n tragedyay\u0131 do\u011furan \u00f6zg\u00fcll\u00fc\u011f\u00fcn\u00fcn nedenleri bir \u00e7ok nosyondan\u00a0 kaynaklan\u0131r. Bunlar\u0131 temel de \u015fu \u015fekilde ifade edebiliriz:<\/p>\n<p><em>\u201cUzla\u015fmaz kar\u015f\u0131tl\u0131klar ile \u00e7at\u0131\u015fmalar- anla\u015f\u0131l\u0131r ile duyulur ikili\u011fi, Varl\u0131k ile Olu\u015f, Hakikat ile felsefedeki Kan\u0131 ikili\u011fi- \u00e7eli\u015fmezlik mant\u0131\u011f\u0131- insan\u0131n se\u00e7me ile \u00f6zg\u00fcr karar g\u00fcc\u00fc \u00fcst\u00fcne kurulu etik- iki kar\u015f\u0131t davan\u0131n, iki d\u00fc\u015fman s\u00f6ylemin \u00e7arp\u0131\u015fmas\u0131n\u0131 gerektiren hukuk ile siyaset uygulamas\u0131\u201d( Vernant, Eski Yunan\u2019da S\u00f6ylen ve Toplum,s.92-93) <\/em><\/p>\n<p>Traji\u011fin do\u011fmas\u0131nda ve k\u00f6kle\u015fmesinde bu \u00e7eli\u015fmeci, uzla\u015f\u0131mdan uzak nosyonlar belirleyici olurlar.\u00a0 Bat\u0131l\u0131n\u0131n hem kendiyle hemde i\u00e7inde bulundu\u011fu do\u011fayla aras\u0131nda var olan uyumsuzluk traji\u011fi besler. Oysa do\u011funun tini insan\u0131 uzla\u015f\u0131ma, uyuma davet eder. Do\u011fu t\u00fcm ya\u015fam\u0131n\u0131 dinsel, inan\u00e7sal varl\u0131k ile doldurur. \u0130nsan, bu \u00e7eli\u015fki bar\u0131nd\u0131rmayan, tanr\u0131sal bilgi ile a\u00e7\u0131kland\u0131\u011f\u0131 i\u00e7in bilinmezlik bar\u0131nd\u0131rmayan d\u00fcnyada traji\u011fi ya\u015fayacak kadar bile bo\u015fluk bulamaz. Bat\u0131 ya\u015fam\u0131nda ise trajik bir \u00f6z bulunur. Onlar\u0131n ya\u015fam\u0131n\u0131n \u00f6z\u00fc:<\/p>\n<p> <em>\u201cbelirsiz, bilinmez, kestirilmez olan kar\u015f\u0131s\u0131nda duyulan gerilim ile o b\u00fcy\u00fck ak\u0131\u015fa at\u0131lmak, o b\u00fcy\u00fck ak\u0131\u015f, kucaklamak, kula\u00e7lamak ve bilinmezi bilinir, karanl\u0131\u011f\u0131 ayd\u0131nl\u0131k k\u0131lmaya \u00e7al\u0131\u015fmakt\u0131r.\u201d (Erdemli, Atilla, \u201c\u0130nsan ya da Trajik olan\u201d, Navisalvia, ,s.30)<\/em><br \/> \u0130nsan\u0131n bilinmez kar\u015f\u0131s\u0131ndaki \u00e7abas\u0131 tragedya sanat\u0131n\u0131n da kayna\u011f\u0131n\u0131 olu\u015fturdu. <\/p>\n<p>Tragedyan\u0131n bat\u0131l\u0131n\u0131n bir yarat\u0131m\u0131 olmas\u0131n\u0131n sonucunda bu konuyla ilgilenme iste\u011finde olan da yine bat\u0131l\u0131 olmu\u015ftur. Bu noktada Schelling, Schlegel ve\u00a0 Hegel \u00f6zellikle isimleri an\u0131lmas\u0131 gereken d\u00fc\u015f\u00fcn\u00fcrlerdir.Bu d\u00fc\u015f\u00fcn\u00fcrler ayd\u0131nlanman\u0131n da etkisiyle bireysel olan\u0131 yani kendilerini ke\u015ffetmelerine kar\u015f\u0131n bir zorunluluk d\u00fcnyas\u0131 i\u00e7inde de ya\u015fad\u0131klar\u0131n\u0131 biliyorlard\u0131. \u00d6rne\u011fin Schelling belirlenim kar\u015f\u0131s\u0131ndaki \u00f6zne olmas\u0131 m\u00fcmk\u00fcn olamayan insan tekini \u00f6zg\u00fcrle\u015ftirmenin yollar\u0131n\u0131 arar\u00a0 felsefesinde. Ayn\u0131 \u015feyi di\u011fer filozoflarda da g\u00f6r\u00fcr\u00fcz. <\/p>\n<p>Romantik ak\u0131ma dahil edebilece\u011fimiz yukarda ad\u0131 ge\u00e7en d\u00fc\u015f\u00fcn\u00fcr ve sanat\u00e7\u0131lar, ku\u015fat\u0131lm\u0131\u015f bir d\u00fcnyada insan tekinin sesini a\u00e7\u0131\u011fa \u00e7\u0131karmaya \u00e7al\u0131\u015ft\u0131lar. Bireyin \u00e7evresini saran, onu g\u00f6r\u00fcnmez ve etkisiz k\u0131lan ko\u015fullar kar\u015f\u0131s\u0131ndaki varolu\u015funu savundular. Burjuvazinin feodal cemaat\u00e7ili\u011finin yerine, ulusala ba\u011fl\u0131 bireyi y\u00fccelti\u015finin d\u00fc\u015f\u00fcn alan\u0131ndaki kar\u015f\u0131l\u0131\u011f\u0131 oldular. \u00d6zellikle Alman romantik d\u00fc\u015f\u00fcn\u00fcrlerinin bu do\u011frultuda eserler verdiklerini g\u00f6r\u00fcr\u00fcz. Schelling\u2019in, Goethe\u2019nin, Schlegel Karde\u015flerin, Hegel\u2019in, H\u00f6lderlin\u2019in tragedyaya olan ilgisini de bu noktadan de\u011ferlendirmek gereklidir&#8230;<\/p>\n","protected":false},"excerpt":{"rendered":"<p>Trajik olan, bat\u0131l\u0131 insan\u0131n bilincinde ortaya \u00e7\u0131kan bir yar\u0131lmayla kendini g\u00f6sterir. \u0130nsan\u0131 \u00f6zellikle kendi kendisine kar\u015f\u0131 bir \u00e7eli\u015fki i\u00e7inde b\u0131rakan, yabanc\u0131la\u015ft\u0131ran ve d\u00fcnya \u00fczerindeki yerini tan\u0131mlanamaz k\u0131lan bir durumdur bu. Tragedyan\u0131n neden bat\u0131ya \u00f6zg\u00fc bir t\u00fcr oldu\u011funu \u00f6rne\u011fin \u00c7in\u2019de ni\u00e7in ortaya \u00e7\u0131kmad\u0131\u011f\u0131n\u0131 bu minvalde de\u011ferlendirmek m\u00fcmk\u00fcnd\u00fcr. Evrenle uyumunu yitiren ve kendi ya\u015fam\u0131n\u0131 a\u00e7\u0131klama \u00e7abalar\u0131n\u0131n ge\u00e7ersizli\u011fi [&hellip;]<\/p>\n","protected":false},"author":1,"featured_media":0,"comment_status":"open","ping_status":"open","sticky":false,"template":"","format":"standard","meta":{"footnotes":""},"categories":[140],"tags":[],"class_list":{"0":"post-4748","1":"post","2":"type-post","3":"status-publish","4":"format-standard","6":"category-erkan-kucuk-makale"},"yoast_head":"<!-- This site is optimized with the Yoast SEO Premium plugin v24.9 (Yoast SEO v24.9) - https:\/\/yoast.com\/wordpress\/plugins\/seo\/ -->\n<title>Trajik Bat\u0131 | Erkan K\u00fc\u00e7\u00fck - narteks.net<\/title>\n<meta name=\"robots\" content=\"index, follow, max-snippet:-1, max-image-preview:large, max-video-preview:-1\" \/>\n<link rel=\"canonical\" href=\"https:\/\/narteks.net\/index.php\/2010\/10\/30\/trajik-bati-erkan-kucuk\/\" \/>\n<meta property=\"og:locale\" content=\"tr_TR\" \/>\n<meta property=\"og:type\" content=\"article\" \/>\n<meta property=\"og:title\" content=\"Trajik Bat\u0131 | Erkan K\u00fc\u00e7\u00fck\" \/>\n<meta property=\"og:description\" content=\"Trajik olan, bat\u0131l\u0131 insan\u0131n bilincinde ortaya \u00e7\u0131kan bir yar\u0131lmayla kendini g\u00f6sterir. \u0130nsan\u0131 \u00f6zellikle kendi kendisine kar\u015f\u0131 bir \u00e7eli\u015fki i\u00e7inde b\u0131rakan, yabanc\u0131la\u015ft\u0131ran ve d\u00fcnya \u00fczerindeki yerini tan\u0131mlanamaz k\u0131lan bir durumdur bu. Tragedyan\u0131n neden bat\u0131ya \u00f6zg\u00fc bir t\u00fcr oldu\u011funu \u00f6rne\u011fin \u00c7in\u2019de ni\u00e7in ortaya \u00e7\u0131kmad\u0131\u011f\u0131n\u0131 bu minvalde de\u011ferlendirmek m\u00fcmk\u00fcnd\u00fcr. Evrenle uyumunu yitiren ve kendi ya\u015fam\u0131n\u0131 a\u00e7\u0131klama \u00e7abalar\u0131n\u0131n ge\u00e7ersizli\u011fi [&hellip;]\" \/>\n<meta property=\"og:url\" content=\"https:\/\/narteks.net\/index.php\/2010\/10\/30\/trajik-bati-erkan-kucuk\/\" \/>\n<meta property=\"og:site_name\" content=\"narteks.net\" \/>\n<meta property=\"article:published_time\" content=\"2010-10-30T09:40:55+00:00\" \/>\n<meta property=\"og:image\" content=\"https:\/\/narteks.net\/wp-content\/uploads\/narteks.png\" \/>\n\t<meta property=\"og:image:width\" content=\"300\" \/>\n\t<meta property=\"og:image:height\" content=\"90\" \/>\n\t<meta property=\"og:image:type\" content=\"image\/png\" \/>\n<meta name=\"author\" content=\"Tar\u0131k\" \/>\n<meta name=\"twitter:card\" content=\"summary_large_image\" \/>\n<meta name=\"twitter:creator\" content=\"@narteks\" \/>\n<meta name=\"twitter:site\" content=\"@narteks\" \/>\n<meta name=\"twitter:label1\" content=\"Yazan:\" \/>\n\t<meta name=\"twitter:data1\" content=\"Tar\u0131k\" \/>\n\t<meta name=\"twitter:label2\" content=\"Tahmini okuma s\u00fcresi\" \/>\n\t<meta name=\"twitter:data2\" content=\"3 dakika\" \/>\n<script type=\"application\/ld+json\" class=\"yoast-schema-graph\">{\"@context\":\"https:\/\/schema.org\",\"@graph\":[{\"@type\":\"Article\",\"@id\":\"https:\/\/narteks.net\/index.php\/2010\/10\/30\/trajik-bati-erkan-kucuk\/#article\",\"isPartOf\":{\"@id\":\"https:\/\/narteks.net\/index.php\/2010\/10\/30\/trajik-bati-erkan-kucuk\/\"},\"author\":{\"name\":\"Tar\u0131k\",\"@id\":\"https:\/\/narteks.net\/#\/schema\/person\/61f37d9834294b72d31d274e7ed79bca\"},\"headline\":\"Trajik Bat\u0131 | Erkan K\u00fc\u00e7\u00fck\",\"datePublished\":\"2010-10-30T09:40:55+00:00\",\"mainEntityOfPage\":{\"@id\":\"https:\/\/narteks.net\/index.php\/2010\/10\/30\/trajik-bati-erkan-kucuk\/\"},\"wordCount\":599,\"commentCount\":0,\"publisher\":{\"@id\":\"https:\/\/narteks.net\/#organization\"},\"articleSection\":[\"Erkan K\u00fc\u00e7\u00fck (Makale)\"],\"inLanguage\":\"tr\",\"potentialAction\":[{\"@type\":\"CommentAction\",\"name\":\"Comment\",\"target\":[\"https:\/\/narteks.net\/index.php\/2010\/10\/30\/trajik-bati-erkan-kucuk\/#respond\"]}]},{\"@type\":\"WebPage\",\"@id\":\"https:\/\/narteks.net\/index.php\/2010\/10\/30\/trajik-bati-erkan-kucuk\/\",\"url\":\"https:\/\/narteks.net\/index.php\/2010\/10\/30\/trajik-bati-erkan-kucuk\/\",\"name\":\"Trajik Bat\u0131 | Erkan K\u00fc\u00e7\u00fck - narteks.net\",\"isPartOf\":{\"@id\":\"https:\/\/narteks.net\/#website\"},\"datePublished\":\"2010-10-30T09:40:55+00:00\",\"breadcrumb\":{\"@id\":\"https:\/\/narteks.net\/index.php\/2010\/10\/30\/trajik-bati-erkan-kucuk\/#breadcrumb\"},\"inLanguage\":\"tr\",\"potentialAction\":[{\"@type\":\"ReadAction\",\"target\":[\"https:\/\/narteks.net\/index.php\/2010\/10\/30\/trajik-bati-erkan-kucuk\/\"]}]},{\"@type\":\"BreadcrumbList\",\"@id\":\"https:\/\/narteks.net\/index.php\/2010\/10\/30\/trajik-bati-erkan-kucuk\/#breadcrumb\",\"itemListElement\":[{\"@type\":\"ListItem\",\"position\":1,\"name\":\"Anasayfa\",\"item\":\"https:\/\/narteks.net\/\"},{\"@type\":\"ListItem\",\"position\":2,\"name\":\"Trajik Bat\u0131 | Erkan K\u00fc\u00e7\u00fck\"}]},{\"@type\":\"WebSite\",\"@id\":\"https:\/\/narteks.net\/#website\",\"url\":\"https:\/\/narteks.net\/\",\"name\":\"narteks.net\",\"description\":\"K\u00fclt\u00fcr Sanat Edebiyat Felsefe\",\"publisher\":{\"@id\":\"https:\/\/narteks.net\/#organization\"},\"alternateName\":\"K\u00fclt\u00fcr Sanat Edebiyat Felsefe\",\"potentialAction\":[{\"@type\":\"SearchAction\",\"target\":{\"@type\":\"EntryPoint\",\"urlTemplate\":\"https:\/\/narteks.net\/?s={search_term_string}\"},\"query-input\":{\"@type\":\"PropertyValueSpecification\",\"valueRequired\":true,\"valueName\":\"search_term_string\"}}],\"inLanguage\":\"tr\"},{\"@type\":\"Organization\",\"@id\":\"https:\/\/narteks.net\/#organization\",\"name\":\"narteks.net\",\"url\":\"https:\/\/narteks.net\/\",\"logo\":{\"@type\":\"ImageObject\",\"inLanguage\":\"tr\",\"@id\":\"https:\/\/narteks.net\/#\/schema\/logo\/image\/\",\"url\":\"https:\/\/narteks.net\/wp-content\/uploads\/narteks.png\",\"contentUrl\":\"https:\/\/narteks.net\/wp-content\/uploads\/narteks.png\",\"width\":300,\"height\":90,\"caption\":\"narteks.net\"},\"image\":{\"@id\":\"https:\/\/narteks.net\/#\/schema\/logo\/image\/\"},\"sameAs\":[\"https:\/\/x.com\/narteks\",\"https:\/\/instagram.com\/narteksnet\"]},{\"@type\":\"Person\",\"@id\":\"https:\/\/narteks.net\/#\/schema\/person\/61f37d9834294b72d31d274e7ed79bca\",\"name\":\"Tar\u0131k\",\"image\":{\"@type\":\"ImageObject\",\"inLanguage\":\"tr\",\"@id\":\"https:\/\/narteks.net\/#\/schema\/person\/image\/\",\"url\":\"https:\/\/secure.gravatar.com\/avatar\/50865afb55632c4ae467e0af0930f6510aa2297d8014be502a55b14f3b7550cf?s=96&d=mm&r=g\",\"contentUrl\":\"https:\/\/secure.gravatar.com\/avatar\/50865afb55632c4ae467e0af0930f6510aa2297d8014be502a55b14f3b7550cf?s=96&d=mm&r=g\",\"caption\":\"Tar\u0131k\"},\"sameAs\":[\"http:\/\/narteks.net\"],\"url\":\"https:\/\/narteks.net\/index.php\/author\/narbak\/\"}]}<\/script>\n<!-- \/ Yoast SEO Premium plugin. -->","yoast_head_json":{"title":"Trajik Bat\u0131 | Erkan K\u00fc\u00e7\u00fck - narteks.net","robots":{"index":"index","follow":"follow","max-snippet":"max-snippet:-1","max-image-preview":"max-image-preview:large","max-video-preview":"max-video-preview:-1"},"canonical":"https:\/\/narteks.net\/index.php\/2010\/10\/30\/trajik-bati-erkan-kucuk\/","og_locale":"tr_TR","og_type":"article","og_title":"Trajik Bat\u0131 | Erkan K\u00fc\u00e7\u00fck","og_description":"Trajik olan, bat\u0131l\u0131 insan\u0131n bilincinde ortaya \u00e7\u0131kan bir yar\u0131lmayla kendini g\u00f6sterir. \u0130nsan\u0131 \u00f6zellikle kendi kendisine kar\u015f\u0131 bir \u00e7eli\u015fki i\u00e7inde b\u0131rakan, yabanc\u0131la\u015ft\u0131ran ve d\u00fcnya \u00fczerindeki yerini tan\u0131mlanamaz k\u0131lan bir durumdur bu. Tragedyan\u0131n neden bat\u0131ya \u00f6zg\u00fc bir t\u00fcr oldu\u011funu \u00f6rne\u011fin \u00c7in\u2019de ni\u00e7in ortaya \u00e7\u0131kmad\u0131\u011f\u0131n\u0131 bu minvalde de\u011ferlendirmek m\u00fcmk\u00fcnd\u00fcr. Evrenle uyumunu yitiren ve kendi ya\u015fam\u0131n\u0131 a\u00e7\u0131klama \u00e7abalar\u0131n\u0131n ge\u00e7ersizli\u011fi [&hellip;]","og_url":"https:\/\/narteks.net\/index.php\/2010\/10\/30\/trajik-bati-erkan-kucuk\/","og_site_name":"narteks.net","article_published_time":"2010-10-30T09:40:55+00:00","og_image":[{"width":300,"height":90,"url":"https:\/\/narteks.net\/wp-content\/uploads\/narteks.png","type":"image\/png"}],"author":"Tar\u0131k","twitter_card":"summary_large_image","twitter_creator":"@narteks","twitter_site":"@narteks","twitter_misc":{"Yazan:":"Tar\u0131k","Tahmini okuma s\u00fcresi":"3 dakika"},"schema":{"@context":"https:\/\/schema.org","@graph":[{"@type":"Article","@id":"https:\/\/narteks.net\/index.php\/2010\/10\/30\/trajik-bati-erkan-kucuk\/#article","isPartOf":{"@id":"https:\/\/narteks.net\/index.php\/2010\/10\/30\/trajik-bati-erkan-kucuk\/"},"author":{"name":"Tar\u0131k","@id":"https:\/\/narteks.net\/#\/schema\/person\/61f37d9834294b72d31d274e7ed79bca"},"headline":"Trajik Bat\u0131 | Erkan K\u00fc\u00e7\u00fck","datePublished":"2010-10-30T09:40:55+00:00","mainEntityOfPage":{"@id":"https:\/\/narteks.net\/index.php\/2010\/10\/30\/trajik-bati-erkan-kucuk\/"},"wordCount":599,"commentCount":0,"publisher":{"@id":"https:\/\/narteks.net\/#organization"},"articleSection":["Erkan K\u00fc\u00e7\u00fck (Makale)"],"inLanguage":"tr","potentialAction":[{"@type":"CommentAction","name":"Comment","target":["https:\/\/narteks.net\/index.php\/2010\/10\/30\/trajik-bati-erkan-kucuk\/#respond"]}]},{"@type":"WebPage","@id":"https:\/\/narteks.net\/index.php\/2010\/10\/30\/trajik-bati-erkan-kucuk\/","url":"https:\/\/narteks.net\/index.php\/2010\/10\/30\/trajik-bati-erkan-kucuk\/","name":"Trajik Bat\u0131 | Erkan K\u00fc\u00e7\u00fck - narteks.net","isPartOf":{"@id":"https:\/\/narteks.net\/#website"},"datePublished":"2010-10-30T09:40:55+00:00","breadcrumb":{"@id":"https:\/\/narteks.net\/index.php\/2010\/10\/30\/trajik-bati-erkan-kucuk\/#breadcrumb"},"inLanguage":"tr","potentialAction":[{"@type":"ReadAction","target":["https:\/\/narteks.net\/index.php\/2010\/10\/30\/trajik-bati-erkan-kucuk\/"]}]},{"@type":"BreadcrumbList","@id":"https:\/\/narteks.net\/index.php\/2010\/10\/30\/trajik-bati-erkan-kucuk\/#breadcrumb","itemListElement":[{"@type":"ListItem","position":1,"name":"Anasayfa","item":"https:\/\/narteks.net\/"},{"@type":"ListItem","position":2,"name":"Trajik Bat\u0131 | Erkan K\u00fc\u00e7\u00fck"}]},{"@type":"WebSite","@id":"https:\/\/narteks.net\/#website","url":"https:\/\/narteks.net\/","name":"narteks.net","description":"K\u00fclt\u00fcr Sanat Edebiyat Felsefe","publisher":{"@id":"https:\/\/narteks.net\/#organization"},"alternateName":"K\u00fclt\u00fcr Sanat Edebiyat Felsefe","potentialAction":[{"@type":"SearchAction","target":{"@type":"EntryPoint","urlTemplate":"https:\/\/narteks.net\/?s={search_term_string}"},"query-input":{"@type":"PropertyValueSpecification","valueRequired":true,"valueName":"search_term_string"}}],"inLanguage":"tr"},{"@type":"Organization","@id":"https:\/\/narteks.net\/#organization","name":"narteks.net","url":"https:\/\/narteks.net\/","logo":{"@type":"ImageObject","inLanguage":"tr","@id":"https:\/\/narteks.net\/#\/schema\/logo\/image\/","url":"https:\/\/narteks.net\/wp-content\/uploads\/narteks.png","contentUrl":"https:\/\/narteks.net\/wp-content\/uploads\/narteks.png","width":300,"height":90,"caption":"narteks.net"},"image":{"@id":"https:\/\/narteks.net\/#\/schema\/logo\/image\/"},"sameAs":["https:\/\/x.com\/narteks","https:\/\/instagram.com\/narteksnet"]},{"@type":"Person","@id":"https:\/\/narteks.net\/#\/schema\/person\/61f37d9834294b72d31d274e7ed79bca","name":"Tar\u0131k","image":{"@type":"ImageObject","inLanguage":"tr","@id":"https:\/\/narteks.net\/#\/schema\/person\/image\/","url":"https:\/\/secure.gravatar.com\/avatar\/50865afb55632c4ae467e0af0930f6510aa2297d8014be502a55b14f3b7550cf?s=96&d=mm&r=g","contentUrl":"https:\/\/secure.gravatar.com\/avatar\/50865afb55632c4ae467e0af0930f6510aa2297d8014be502a55b14f3b7550cf?s=96&d=mm&r=g","caption":"Tar\u0131k"},"sameAs":["http:\/\/narteks.net"],"url":"https:\/\/narteks.net\/index.php\/author\/narbak\/"}]}},"_links":{"self":[{"href":"https:\/\/narteks.net\/index.php\/wp-json\/wp\/v2\/posts\/4748","targetHints":{"allow":["GET"]}}],"collection":[{"href":"https:\/\/narteks.net\/index.php\/wp-json\/wp\/v2\/posts"}],"about":[{"href":"https:\/\/narteks.net\/index.php\/wp-json\/wp\/v2\/types\/post"}],"author":[{"embeddable":true,"href":"https:\/\/narteks.net\/index.php\/wp-json\/wp\/v2\/users\/1"}],"replies":[{"embeddable":true,"href":"https:\/\/narteks.net\/index.php\/wp-json\/wp\/v2\/comments?post=4748"}],"version-history":[{"count":0,"href":"https:\/\/narteks.net\/index.php\/wp-json\/wp\/v2\/posts\/4748\/revisions"}],"wp:attachment":[{"href":"https:\/\/narteks.net\/index.php\/wp-json\/wp\/v2\/media?parent=4748"}],"wp:term":[{"taxonomy":"category","embeddable":true,"href":"https:\/\/narteks.net\/index.php\/wp-json\/wp\/v2\/categories?post=4748"},{"taxonomy":"post_tag","embeddable":true,"href":"https:\/\/narteks.net\/index.php\/wp-json\/wp\/v2\/tags?post=4748"}],"curies":[{"name":"wp","href":"https:\/\/api.w.org\/{rel}","templated":true}]}}