{"id":4751,"date":"2010-11-01T11:22:44","date_gmt":"2010-11-01T08:22:44","guid":{"rendered":"http:\/\/localhost\/wordpress\/2010\/11\/01\/ruhumu-yedi-kez-asagiladim-kum-ve-kopuk-halil-cibran\/"},"modified":"2010-11-01T11:22:44","modified_gmt":"2010-11-01T08:22:44","slug":"ruhumu-yedi-kez-asagiladim-kum-ve-kopuk-halil-cibran","status":"publish","type":"post","link":"https:\/\/narteks.net\/index.php\/2010\/11\/01\/ruhumu-yedi-kez-asagiladim-kum-ve-kopuk-halil-cibran\/","title":{"rendered":"Ruhumu yedi kez a\u015fa\u011f\u0131lad\u0131m | Kum ve K\u00f6p\u00fck \u2014 Halil Cibran"},"content":{"rendered":"<p><img loading=\"lazy\" decoding=\"async\" src=\"http:\/\/www.itusozluk.com\/img.php\/6c918d5c24614e25ef50dd627d6b92db32730\/halil+cibran\" border=\"0\" width=\"155\" height=\"205\" \/><\/p>\n<p>Ruhumu yedi kez a\u015fa\u011f\u0131lad\u0131m:<\/p>\n<p>\u0130lki, onu y\u00fckseklere ula\u015fmaktan ka\u00e7\u0131nd\u0131\u011f\u0131n\u0131 g\u00f6rd\u00fc\u011f\u00fcm zamand\u0131;<\/p>\n<p> \u0130kincisi onu topal\u0131n \u00f6n\u00fcnde topallarken g\u00f6rd\u00fc\u011f\u00fcm zamand\u0131;<\/p>\n<p> \u00dc\u00e7\u00fcnc\u00fcs\u00fc kolayla zor aras\u0131nda se\u00e7im yapmas\u0131 gerekip de, kolay\u0131 se\u00e7ti\u011fi zamand\u0131;<\/p>\n<p>D\u00f6rd\u00fcnc\u00fcs\u00fc bir yanl\u0131\u015f yapt\u0131\u011f\u0131 ve kendini ba\u015fkalar\u0131n\u0131n yanl\u0131\u015flar\u0131yla avuttu\u011fu zamand\u0131;<\/p>\n<p>Be\u015fincisi g\u00fc\u00e7s\u00fczl\u00fc\u011fe sabretti\u011fi ve sabr\u0131n\u0131 g\u00fcce yordu\u011fu zamand\u0131;<\/p>\n<p> Alt\u0131nc\u0131s\u0131 bir y\u00fcz\u00fcn \u00e7irkinli\u011fini hor g\u00f6rd\u00fc\u011f\u00fc ve onun asl\u0131nda kendi maskelerinden biri oldu\u011funu anlamad\u0131\u011f\u0131 zamand\u0131;<\/p>\n<p> Ve yedincisi bir \u00f6vg\u00fc \u015fark\u0131s\u0131 s\u00f6yleyip de, bunun bir erdem oldu\u011funu sand\u0131\u011f\u0131 zamand\u0131.<\/p>\n<p>Kum ve K\u00f6p\u00fck \u2014\u00a0 Halil Cibran<\/p>\n<p>\u00a0<\/p>\n","protected":false},"excerpt":{"rendered":"<p>Ruhumu yedi kez a\u015fa\u011f\u0131lad\u0131m: \u0130lki, onu y\u00fckseklere ula\u015fmaktan ka\u00e7\u0131nd\u0131\u011f\u0131n\u0131 g\u00f6rd\u00fc\u011f\u00fcm zamand\u0131; \u0130kincisi onu topal\u0131n \u00f6n\u00fcnde topallarken g\u00f6rd\u00fc\u011f\u00fcm zamand\u0131; \u00dc\u00e7\u00fcnc\u00fcs\u00fc kolayla zor aras\u0131nda se\u00e7im yapmas\u0131 gerekip de, kolay\u0131 se\u00e7ti\u011fi zamand\u0131; D\u00f6rd\u00fcnc\u00fcs\u00fc bir yanl\u0131\u015f yapt\u0131\u011f\u0131 ve kendini ba\u015fkalar\u0131n\u0131n yanl\u0131\u015flar\u0131yla avuttu\u011fu zamand\u0131; Be\u015fincisi g\u00fc\u00e7s\u00fczl\u00fc\u011fe sabretti\u011fi ve sabr\u0131n\u0131 g\u00fcce yordu\u011fu zamand\u0131; Alt\u0131nc\u0131s\u0131 bir y\u00fcz\u00fcn \u00e7irkinli\u011fini hor g\u00f6rd\u00fc\u011f\u00fc ve onun [&hellip;]<\/p>\n","protected":false},"author":1,"featured_media":0,"comment_status":"open","ping_status":"open","sticky":false,"template":"","format":"standard","meta":{"footnotes":""},"categories":[103],"tags":[],"class_list":{"0":"post-4751","1":"post","2":"type-post","3":"status-publish","4":"format-standard","6":"category-felsefe-genel"},"yoast_head":"<!-- This site is optimized with the Yoast SEO Premium plugin v24.9 (Yoast SEO v24.9) - https:\/\/yoast.com\/wordpress\/plugins\/seo\/ -->\n<title>Ruhumu yedi kez a\u015fa\u011f\u0131lad\u0131m | Kum ve K\u00f6p\u00fck \u2014 Halil Cibran - narteks.net<\/title>\n<meta name=\"robots\" content=\"index, follow, max-snippet:-1, max-image-preview:large, max-video-preview:-1\" \/>\n<link rel=\"canonical\" href=\"https:\/\/narteks.net\/index.php\/2010\/11\/01\/ruhumu-yedi-kez-asagiladim-kum-ve-kopuk-halil-cibran\/\" \/>\n<meta property=\"og:locale\" content=\"tr_TR\" \/>\n<meta property=\"og:type\" content=\"article\" \/>\n<meta property=\"og:title\" content=\"Ruhumu yedi kez a\u015fa\u011f\u0131lad\u0131m | Kum ve K\u00f6p\u00fck \u2014 Halil Cibran\" \/>\n<meta property=\"og:description\" content=\"Ruhumu yedi kez a\u015fa\u011f\u0131lad\u0131m: \u0130lki, onu y\u00fckseklere ula\u015fmaktan ka\u00e7\u0131nd\u0131\u011f\u0131n\u0131 g\u00f6rd\u00fc\u011f\u00fcm zamand\u0131; \u0130kincisi onu topal\u0131n \u00f6n\u00fcnde topallarken g\u00f6rd\u00fc\u011f\u00fcm zamand\u0131; \u00dc\u00e7\u00fcnc\u00fcs\u00fc kolayla zor aras\u0131nda se\u00e7im yapmas\u0131 gerekip de, kolay\u0131 se\u00e7ti\u011fi zamand\u0131; D\u00f6rd\u00fcnc\u00fcs\u00fc bir yanl\u0131\u015f yapt\u0131\u011f\u0131 ve kendini ba\u015fkalar\u0131n\u0131n yanl\u0131\u015flar\u0131yla avuttu\u011fu zamand\u0131; Be\u015fincisi g\u00fc\u00e7s\u00fczl\u00fc\u011fe sabretti\u011fi ve sabr\u0131n\u0131 g\u00fcce yordu\u011fu zamand\u0131; Alt\u0131nc\u0131s\u0131 bir y\u00fcz\u00fcn \u00e7irkinli\u011fini hor g\u00f6rd\u00fc\u011f\u00fc ve onun [&hellip;]\" \/>\n<meta property=\"og:url\" content=\"https:\/\/narteks.net\/index.php\/2010\/11\/01\/ruhumu-yedi-kez-asagiladim-kum-ve-kopuk-halil-cibran\/\" \/>\n<meta property=\"og:site_name\" content=\"narteks.net\" \/>\n<meta property=\"article:published_time\" content=\"2010-11-01T08:22:44+00:00\" \/>\n<meta property=\"og:image\" content=\"http:\/\/www.itusozluk.com\/img.php\/6c918d5c24614e25ef50dd627d6b92db32730\/halil+cibran\" \/>\n<meta name=\"author\" content=\"Tar\u0131k\" \/>\n<meta name=\"twitter:card\" content=\"summary_large_image\" \/>\n<meta name=\"twitter:creator\" content=\"@narteks\" \/>\n<meta name=\"twitter:site\" content=\"@narteks\" \/>\n<meta name=\"twitter:label1\" content=\"Yazan:\" \/>\n\t<meta name=\"twitter:data1\" content=\"Tar\u0131k\" \/>\n\t<meta name=\"twitter:label2\" content=\"Tahmini okuma s\u00fcresi\" \/>\n\t<meta name=\"twitter:data2\" content=\"1 dakika\" \/>\n<script type=\"application\/ld+json\" class=\"yoast-schema-graph\">{\"@context\":\"https:\/\/schema.org\",\"@graph\":[{\"@type\":\"Article\",\"@id\":\"https:\/\/narteks.net\/index.php\/2010\/11\/01\/ruhumu-yedi-kez-asagiladim-kum-ve-kopuk-halil-cibran\/#article\",\"isPartOf\":{\"@id\":\"https:\/\/narteks.net\/index.php\/2010\/11\/01\/ruhumu-yedi-kez-asagiladim-kum-ve-kopuk-halil-cibran\/\"},\"author\":{\"name\":\"Tar\u0131k\",\"@id\":\"https:\/\/narteks.net\/#\/schema\/person\/61f37d9834294b72d31d274e7ed79bca\"},\"headline\":\"Ruhumu yedi kez a\u015fa\u011f\u0131lad\u0131m | Kum ve K\u00f6p\u00fck \u2014 Halil Cibran\",\"datePublished\":\"2010-11-01T08:22:44+00:00\",\"mainEntityOfPage\":{\"@id\":\"https:\/\/narteks.net\/index.php\/2010\/11\/01\/ruhumu-yedi-kez-asagiladim-kum-ve-kopuk-halil-cibran\/\"},\"wordCount\":142,\"commentCount\":0,\"publisher\":{\"@id\":\"https:\/\/narteks.net\/#organization\"},\"image\":{\"@id\":\"https:\/\/narteks.net\/index.php\/2010\/11\/01\/ruhumu-yedi-kez-asagiladim-kum-ve-kopuk-halil-cibran\/#primaryimage\"},\"thumbnailUrl\":\"http:\/\/www.itusozluk.com\/img.php\/6c918d5c24614e25ef50dd627d6b92db32730\/halil+cibran\",\"articleSection\":[\"Felsefe (Genel)\"],\"inLanguage\":\"tr\",\"potentialAction\":[{\"@type\":\"CommentAction\",\"name\":\"Comment\",\"target\":[\"https:\/\/narteks.net\/index.php\/2010\/11\/01\/ruhumu-yedi-kez-asagiladim-kum-ve-kopuk-halil-cibran\/#respond\"]}]},{\"@type\":\"WebPage\",\"@id\":\"https:\/\/narteks.net\/index.php\/2010\/11\/01\/ruhumu-yedi-kez-asagiladim-kum-ve-kopuk-halil-cibran\/\",\"url\":\"https:\/\/narteks.net\/index.php\/2010\/11\/01\/ruhumu-yedi-kez-asagiladim-kum-ve-kopuk-halil-cibran\/\",\"name\":\"Ruhumu yedi kez a\u015fa\u011f\u0131lad\u0131m | Kum ve K\u00f6p\u00fck \u2014 Halil Cibran - narteks.net\",\"isPartOf\":{\"@id\":\"https:\/\/narteks.net\/#website\"},\"primaryImageOfPage\":{\"@id\":\"https:\/\/narteks.net\/index.php\/2010\/11\/01\/ruhumu-yedi-kez-asagiladim-kum-ve-kopuk-halil-cibran\/#primaryimage\"},\"image\":{\"@id\":\"https:\/\/narteks.net\/index.php\/2010\/11\/01\/ruhumu-yedi-kez-asagiladim-kum-ve-kopuk-halil-cibran\/#primaryimage\"},\"thumbnailUrl\":\"http:\/\/www.itusozluk.com\/img.php\/6c918d5c24614e25ef50dd627d6b92db32730\/halil+cibran\",\"datePublished\":\"2010-11-01T08:22:44+00:00\",\"breadcrumb\":{\"@id\":\"https:\/\/narteks.net\/index.php\/2010\/11\/01\/ruhumu-yedi-kez-asagiladim-kum-ve-kopuk-halil-cibran\/#breadcrumb\"},\"inLanguage\":\"tr\",\"potentialAction\":[{\"@type\":\"ReadAction\",\"target\":[\"https:\/\/narteks.net\/index.php\/2010\/11\/01\/ruhumu-yedi-kez-asagiladim-kum-ve-kopuk-halil-cibran\/\"]}]},{\"@type\":\"ImageObject\",\"inLanguage\":\"tr\",\"@id\":\"https:\/\/narteks.net\/index.php\/2010\/11\/01\/ruhumu-yedi-kez-asagiladim-kum-ve-kopuk-halil-cibran\/#primaryimage\",\"url\":\"http:\/\/www.itusozluk.com\/img.php\/6c918d5c24614e25ef50dd627d6b92db32730\/halil+cibran\",\"contentUrl\":\"http:\/\/www.itusozluk.com\/img.php\/6c918d5c24614e25ef50dd627d6b92db32730\/halil+cibran\"},{\"@type\":\"BreadcrumbList\",\"@id\":\"https:\/\/narteks.net\/index.php\/2010\/11\/01\/ruhumu-yedi-kez-asagiladim-kum-ve-kopuk-halil-cibran\/#breadcrumb\",\"itemListElement\":[{\"@type\":\"ListItem\",\"position\":1,\"name\":\"Anasayfa\",\"item\":\"https:\/\/narteks.net\/\"},{\"@type\":\"ListItem\",\"position\":2,\"name\":\"Ruhumu yedi kez a\u015fa\u011f\u0131lad\u0131m | Kum ve K\u00f6p\u00fck \u2014 Halil Cibran\"}]},{\"@type\":\"WebSite\",\"@id\":\"https:\/\/narteks.net\/#website\",\"url\":\"https:\/\/narteks.net\/\",\"name\":\"narteks.net\",\"description\":\"K\u00fclt\u00fcr Sanat Edebiyat Felsefe\",\"publisher\":{\"@id\":\"https:\/\/narteks.net\/#organization\"},\"alternateName\":\"K\u00fclt\u00fcr Sanat Edebiyat Felsefe\",\"potentialAction\":[{\"@type\":\"SearchAction\",\"target\":{\"@type\":\"EntryPoint\",\"urlTemplate\":\"https:\/\/narteks.net\/?s={search_term_string}\"},\"query-input\":{\"@type\":\"PropertyValueSpecification\",\"valueRequired\":true,\"valueName\":\"search_term_string\"}}],\"inLanguage\":\"tr\"},{\"@type\":\"Organization\",\"@id\":\"https:\/\/narteks.net\/#organization\",\"name\":\"narteks.net\",\"url\":\"https:\/\/narteks.net\/\",\"logo\":{\"@type\":\"ImageObject\",\"inLanguage\":\"tr\",\"@id\":\"https:\/\/narteks.net\/#\/schema\/logo\/image\/\",\"url\":\"https:\/\/narteks.net\/wp-content\/uploads\/narteks.png\",\"contentUrl\":\"https:\/\/narteks.net\/wp-content\/uploads\/narteks.png\",\"width\":300,\"height\":90,\"caption\":\"narteks.net\"},\"image\":{\"@id\":\"https:\/\/narteks.net\/#\/schema\/logo\/image\/\"},\"sameAs\":[\"https:\/\/x.com\/narteks\",\"https:\/\/instagram.com\/narteksnet\"]},{\"@type\":\"Person\",\"@id\":\"https:\/\/narteks.net\/#\/schema\/person\/61f37d9834294b72d31d274e7ed79bca\",\"name\":\"Tar\u0131k\",\"image\":{\"@type\":\"ImageObject\",\"inLanguage\":\"tr\",\"@id\":\"https:\/\/narteks.net\/#\/schema\/person\/image\/\",\"url\":\"https:\/\/secure.gravatar.com\/avatar\/50865afb55632c4ae467e0af0930f6510aa2297d8014be502a55b14f3b7550cf?s=96&d=mm&r=g\",\"contentUrl\":\"https:\/\/secure.gravatar.com\/avatar\/50865afb55632c4ae467e0af0930f6510aa2297d8014be502a55b14f3b7550cf?s=96&d=mm&r=g\",\"caption\":\"Tar\u0131k\"},\"sameAs\":[\"http:\/\/narteks.net\"],\"url\":\"https:\/\/narteks.net\/index.php\/author\/narbak\/\"}]}<\/script>\n<!-- \/ Yoast SEO Premium plugin. -->","yoast_head_json":{"title":"Ruhumu yedi kez a\u015fa\u011f\u0131lad\u0131m | Kum ve K\u00f6p\u00fck \u2014 Halil Cibran - narteks.net","robots":{"index":"index","follow":"follow","max-snippet":"max-snippet:-1","max-image-preview":"max-image-preview:large","max-video-preview":"max-video-preview:-1"},"canonical":"https:\/\/narteks.net\/index.php\/2010\/11\/01\/ruhumu-yedi-kez-asagiladim-kum-ve-kopuk-halil-cibran\/","og_locale":"tr_TR","og_type":"article","og_title":"Ruhumu yedi kez a\u015fa\u011f\u0131lad\u0131m | Kum ve K\u00f6p\u00fck \u2014 Halil Cibran","og_description":"Ruhumu yedi kez a\u015fa\u011f\u0131lad\u0131m: \u0130lki, onu y\u00fckseklere ula\u015fmaktan ka\u00e7\u0131nd\u0131\u011f\u0131n\u0131 g\u00f6rd\u00fc\u011f\u00fcm zamand\u0131; \u0130kincisi onu topal\u0131n \u00f6n\u00fcnde topallarken g\u00f6rd\u00fc\u011f\u00fcm zamand\u0131; \u00dc\u00e7\u00fcnc\u00fcs\u00fc kolayla zor aras\u0131nda se\u00e7im yapmas\u0131 gerekip de, kolay\u0131 se\u00e7ti\u011fi zamand\u0131; D\u00f6rd\u00fcnc\u00fcs\u00fc bir yanl\u0131\u015f yapt\u0131\u011f\u0131 ve kendini ba\u015fkalar\u0131n\u0131n yanl\u0131\u015flar\u0131yla avuttu\u011fu zamand\u0131; Be\u015fincisi g\u00fc\u00e7s\u00fczl\u00fc\u011fe sabretti\u011fi ve sabr\u0131n\u0131 g\u00fcce yordu\u011fu zamand\u0131; Alt\u0131nc\u0131s\u0131 bir y\u00fcz\u00fcn \u00e7irkinli\u011fini hor g\u00f6rd\u00fc\u011f\u00fc ve onun [&hellip;]","og_url":"https:\/\/narteks.net\/index.php\/2010\/11\/01\/ruhumu-yedi-kez-asagiladim-kum-ve-kopuk-halil-cibran\/","og_site_name":"narteks.net","article_published_time":"2010-11-01T08:22:44+00:00","og_image":[{"url":"http:\/\/www.itusozluk.com\/img.php\/6c918d5c24614e25ef50dd627d6b92db32730\/halil+cibran","type":"","width":"","height":""}],"author":"Tar\u0131k","twitter_card":"summary_large_image","twitter_creator":"@narteks","twitter_site":"@narteks","twitter_misc":{"Yazan:":"Tar\u0131k","Tahmini okuma s\u00fcresi":"1 dakika"},"schema":{"@context":"https:\/\/schema.org","@graph":[{"@type":"Article","@id":"https:\/\/narteks.net\/index.php\/2010\/11\/01\/ruhumu-yedi-kez-asagiladim-kum-ve-kopuk-halil-cibran\/#article","isPartOf":{"@id":"https:\/\/narteks.net\/index.php\/2010\/11\/01\/ruhumu-yedi-kez-asagiladim-kum-ve-kopuk-halil-cibran\/"},"author":{"name":"Tar\u0131k","@id":"https:\/\/narteks.net\/#\/schema\/person\/61f37d9834294b72d31d274e7ed79bca"},"headline":"Ruhumu yedi kez a\u015fa\u011f\u0131lad\u0131m | Kum ve K\u00f6p\u00fck \u2014 Halil Cibran","datePublished":"2010-11-01T08:22:44+00:00","mainEntityOfPage":{"@id":"https:\/\/narteks.net\/index.php\/2010\/11\/01\/ruhumu-yedi-kez-asagiladim-kum-ve-kopuk-halil-cibran\/"},"wordCount":142,"commentCount":0,"publisher":{"@id":"https:\/\/narteks.net\/#organization"},"image":{"@id":"https:\/\/narteks.net\/index.php\/2010\/11\/01\/ruhumu-yedi-kez-asagiladim-kum-ve-kopuk-halil-cibran\/#primaryimage"},"thumbnailUrl":"http:\/\/www.itusozluk.com\/img.php\/6c918d5c24614e25ef50dd627d6b92db32730\/halil+cibran","articleSection":["Felsefe (Genel)"],"inLanguage":"tr","potentialAction":[{"@type":"CommentAction","name":"Comment","target":["https:\/\/narteks.net\/index.php\/2010\/11\/01\/ruhumu-yedi-kez-asagiladim-kum-ve-kopuk-halil-cibran\/#respond"]}]},{"@type":"WebPage","@id":"https:\/\/narteks.net\/index.php\/2010\/11\/01\/ruhumu-yedi-kez-asagiladim-kum-ve-kopuk-halil-cibran\/","url":"https:\/\/narteks.net\/index.php\/2010\/11\/01\/ruhumu-yedi-kez-asagiladim-kum-ve-kopuk-halil-cibran\/","name":"Ruhumu yedi kez a\u015fa\u011f\u0131lad\u0131m | Kum ve K\u00f6p\u00fck \u2014 Halil Cibran - narteks.net","isPartOf":{"@id":"https:\/\/narteks.net\/#website"},"primaryImageOfPage":{"@id":"https:\/\/narteks.net\/index.php\/2010\/11\/01\/ruhumu-yedi-kez-asagiladim-kum-ve-kopuk-halil-cibran\/#primaryimage"},"image":{"@id":"https:\/\/narteks.net\/index.php\/2010\/11\/01\/ruhumu-yedi-kez-asagiladim-kum-ve-kopuk-halil-cibran\/#primaryimage"},"thumbnailUrl":"http:\/\/www.itusozluk.com\/img.php\/6c918d5c24614e25ef50dd627d6b92db32730\/halil+cibran","datePublished":"2010-11-01T08:22:44+00:00","breadcrumb":{"@id":"https:\/\/narteks.net\/index.php\/2010\/11\/01\/ruhumu-yedi-kez-asagiladim-kum-ve-kopuk-halil-cibran\/#breadcrumb"},"inLanguage":"tr","potentialAction":[{"@type":"ReadAction","target":["https:\/\/narteks.net\/index.php\/2010\/11\/01\/ruhumu-yedi-kez-asagiladim-kum-ve-kopuk-halil-cibran\/"]}]},{"@type":"ImageObject","inLanguage":"tr","@id":"https:\/\/narteks.net\/index.php\/2010\/11\/01\/ruhumu-yedi-kez-asagiladim-kum-ve-kopuk-halil-cibran\/#primaryimage","url":"http:\/\/www.itusozluk.com\/img.php\/6c918d5c24614e25ef50dd627d6b92db32730\/halil+cibran","contentUrl":"http:\/\/www.itusozluk.com\/img.php\/6c918d5c24614e25ef50dd627d6b92db32730\/halil+cibran"},{"@type":"BreadcrumbList","@id":"https:\/\/narteks.net\/index.php\/2010\/11\/01\/ruhumu-yedi-kez-asagiladim-kum-ve-kopuk-halil-cibran\/#breadcrumb","itemListElement":[{"@type":"ListItem","position":1,"name":"Anasayfa","item":"https:\/\/narteks.net\/"},{"@type":"ListItem","position":2,"name":"Ruhumu yedi kez a\u015fa\u011f\u0131lad\u0131m | Kum ve K\u00f6p\u00fck \u2014 Halil Cibran"}]},{"@type":"WebSite","@id":"https:\/\/narteks.net\/#website","url":"https:\/\/narteks.net\/","name":"narteks.net","description":"K\u00fclt\u00fcr Sanat Edebiyat Felsefe","publisher":{"@id":"https:\/\/narteks.net\/#organization"},"alternateName":"K\u00fclt\u00fcr Sanat Edebiyat Felsefe","potentialAction":[{"@type":"SearchAction","target":{"@type":"EntryPoint","urlTemplate":"https:\/\/narteks.net\/?s={search_term_string}"},"query-input":{"@type":"PropertyValueSpecification","valueRequired":true,"valueName":"search_term_string"}}],"inLanguage":"tr"},{"@type":"Organization","@id":"https:\/\/narteks.net\/#organization","name":"narteks.net","url":"https:\/\/narteks.net\/","logo":{"@type":"ImageObject","inLanguage":"tr","@id":"https:\/\/narteks.net\/#\/schema\/logo\/image\/","url":"https:\/\/narteks.net\/wp-content\/uploads\/narteks.png","contentUrl":"https:\/\/narteks.net\/wp-content\/uploads\/narteks.png","width":300,"height":90,"caption":"narteks.net"},"image":{"@id":"https:\/\/narteks.net\/#\/schema\/logo\/image\/"},"sameAs":["https:\/\/x.com\/narteks","https:\/\/instagram.com\/narteksnet"]},{"@type":"Person","@id":"https:\/\/narteks.net\/#\/schema\/person\/61f37d9834294b72d31d274e7ed79bca","name":"Tar\u0131k","image":{"@type":"ImageObject","inLanguage":"tr","@id":"https:\/\/narteks.net\/#\/schema\/person\/image\/","url":"https:\/\/secure.gravatar.com\/avatar\/50865afb55632c4ae467e0af0930f6510aa2297d8014be502a55b14f3b7550cf?s=96&d=mm&r=g","contentUrl":"https:\/\/secure.gravatar.com\/avatar\/50865afb55632c4ae467e0af0930f6510aa2297d8014be502a55b14f3b7550cf?s=96&d=mm&r=g","caption":"Tar\u0131k"},"sameAs":["http:\/\/narteks.net"],"url":"https:\/\/narteks.net\/index.php\/author\/narbak\/"}]}},"_links":{"self":[{"href":"https:\/\/narteks.net\/index.php\/wp-json\/wp\/v2\/posts\/4751","targetHints":{"allow":["GET"]}}],"collection":[{"href":"https:\/\/narteks.net\/index.php\/wp-json\/wp\/v2\/posts"}],"about":[{"href":"https:\/\/narteks.net\/index.php\/wp-json\/wp\/v2\/types\/post"}],"author":[{"embeddable":true,"href":"https:\/\/narteks.net\/index.php\/wp-json\/wp\/v2\/users\/1"}],"replies":[{"embeddable":true,"href":"https:\/\/narteks.net\/index.php\/wp-json\/wp\/v2\/comments?post=4751"}],"version-history":[{"count":0,"href":"https:\/\/narteks.net\/index.php\/wp-json\/wp\/v2\/posts\/4751\/revisions"}],"wp:attachment":[{"href":"https:\/\/narteks.net\/index.php\/wp-json\/wp\/v2\/media?parent=4751"}],"wp:term":[{"taxonomy":"category","embeddable":true,"href":"https:\/\/narteks.net\/index.php\/wp-json\/wp\/v2\/categories?post=4751"},{"taxonomy":"post_tag","embeddable":true,"href":"https:\/\/narteks.net\/index.php\/wp-json\/wp\/v2\/tags?post=4751"}],"curies":[{"name":"wp","href":"https:\/\/api.w.org\/{rel}","templated":true}]}}