{"id":4770,"date":"2010-11-04T11:01:13","date_gmt":"2010-11-04T08:01:13","guid":{"rendered":"http:\/\/localhost\/wordpress\/2010\/11\/04\/cervantesin-don-kisotun-gencligine-dair-hazirlamakta-oldugu-bir-kitaptan-bilinmeyenler-giovanni-papini\/"},"modified":"2010-11-04T11:01:13","modified_gmt":"2010-11-04T08:01:13","slug":"cervantesin-don-kisotun-gencligine-dair-hazirlamakta-oldugu-bir-kitaptan-bilinmeyenler-giovanni-papini","status":"publish","type":"post","link":"https:\/\/narteks.net\/index.php\/2010\/11\/04\/cervantesin-don-kisotun-gencligine-dair-hazirlamakta-oldugu-bir-kitaptan-bilinmeyenler-giovanni-papini\/","title":{"rendered":"Cervantes\u2019in Don Ki\u015fot\u2019un gen\u00e7li\u011fine dair haz\u0131rlamakta oldu\u011fu bir kitaptan bilinmeyenler | Giovanni Papini"},"content":{"rendered":"<p style=\"text-align: justify;\"><img loading=\"lazy\" decoding=\"async\" src=\"http:\/\/img.blogcu.com\/uploads\/karnaval_karnaval_picasso.JPG\" border=\"0\" width=\"155\" height=\"205\" style=\"float: left;\" \/>Londra\u2019da Lord Everet\u2019ten sat\u0131n ald\u0131\u011f\u0131m \u00e7ok de\u011ferli ve yay\u0131nlanmam\u0131\u015f el yaz\u0131lar\u0131 koleksiyonlar\u0131 i\u00e7inde, \u0130spanyol edebiyat\u0131 uzmanlar\u0131n\u0131n hi\u00e7birinin bilmedi\u011fi bir kitab\u0131n m\u00fcsveddelerini buldum. Bu, Miguel Cervantes\u2019in Don Ki\u015fot\u2019un gen\u00e7li\u011fine dair haz\u0131rlamakta oldu\u011fu bir kitaptan par\u00e7alard\u0131. Onlar\u0131 Granata \u00dcniversitesi\u2019nin gen\u00e7 profes\u00f6rlerinden birine verdim, d\u00fczelttirdim, \u00e7evirttim ve \u00fcnl\u00fc \u015f\u00f6valyenin hayat hikayesini \u00f6\u011frenebildim.<\/p>\n<p> Cervantes\u2019in me\u015fhur eseri, herkesin bildi\u011fi gibi, Don Ki\u015fot\u2019u elli ya\u015flar\u0131nda, Armasilla de Albada\u2019ki evinde tan\u0131t\u0131r. Bu g\u00fcne kadar yay\u0131nlanm\u0131\u015f iki ciltte ondan \u00f6nceki hayat\u0131na dair bir ize rastlayamay\u0131z. Cervantes\u2019in bu yay\u0131nlanmam\u0131\u015f eserinde kahraman\u0131n\u0131n gen\u00e7li\u011fini anlatmak istedi\u011fini san\u0131yorum. Elimdeki m\u00fcsveddeler bunu g\u00f6steriyor. Fakat, her halde \u00f6mr\u00fc vefa etmemi\u015f, m\u00fcsveddelere istedi\u011fi \u015fekli vermemi\u015f olacak.<\/p>\n<p style=\"text-align: justify;\">Bu \u015fimdiye kadar bilinmeyen m\u00fcsveddelere g\u00f6re Don Ki\u015fot asil fakat fakir olmu\u015f bir ailenin \u00e7ocu\u011fudur. Bir rahipten Latince ve din bilgisi \u00f6\u011frendikten sonra babas\u0131 onu \u00fcnl\u00fc Salamanka \u00dcniversitesi\u2019ne g\u00f6ndermi\u015fti. Don Ki\u015fot orada ilk \u00f6nce felsefeyle u\u011fra\u015ft\u0131. Fakat bu s\u0131k\u0131c\u0131 bilimle iki y\u0131l u\u011fra\u015ft\u0131ktan sonra Alonso Quijana \u2013as\u0131l ad\u0131 bu idi- k\u0131s\u0131r fikir cambazl\u0131klar\u0131ndan, sa\u00e7ma diyalektik oyunlar\u0131ndan b\u0131kt\u0131, edebiyata d\u00f6nd\u00fc, hatta sevdal\u0131 romanlar, a\u015fk m\u0131sralar\u0131 d\u00f6kt\u00fcrmeye ba\u015flad\u0131. Bu arada \u015fehrin ba\u015f hakiminin g\u00fczel k\u0131z\u0131 ile de sevi\u015fmi\u015fti. Gen\u00e7 k\u0131z bak\u0131\u015flar\u0131, g\u00fcl\u00fcmsemeleri ile de olsa onun \u00e7ekingen fakat derin a\u015fk\u0131na kay\u0131ts\u0131z kalmad\u0131\u011f\u0131n\u0131 anlat\u0131yordu. Nihayet bir ak\u015fam k\u0131zla \u00fc\u00e7, be\u015f dakika g\u00f6r\u00fc\u015febildiler. G\u00f6lgeler aras\u0131nda titreyen g\u00fczel taze yaln\u0131z onun olaca\u011f\u0131na, ba\u015fkas\u0131na bakmayaca\u011f\u0131na s\u00f6z verdi. Gen\u00e7 \u015f\u00f6valye saadetten deliye d\u00f6nercesine sa\u00e7malamaya ba\u015flad\u0131.<\/p>\n<p style=\"text-align: justify;\">K\u0131za \u00f6yle ate\u015fli \u015fiirler yaz\u0131yordu ki, Cervantes, bu \u015fiirlerin yaz\u0131ld\u0131\u011f\u0131 ka\u011f\u0131tlar\u0131n kavrulmu\u015f olduklar\u0131n\u0131 bildiriyor. Fakat bir g\u00fcn, zavall\u0131 a\u015f\u0131k, ni\u015fanl\u0131s\u0131n\u0131n bir hukuk\u00e7u ile evlendi\u011fini \u00f6\u011frendi. Damat, k\u0131z\u0131n babas\u0131n\u0131n arkada\u015f\u0131 imi\u015f. O zaman, Don Ki\u015fot, kad\u0131nlar\u0131n, melek gibi g\u00f6r\u00fcnenlerin bile, ne mal oldu\u011fu yarg\u0131s\u0131na ula\u015ft\u0131, \u015fiire bile d\u00fc\u015fman kesildi, \u00f6yle bir \u00fcmitsizli\u011fe d\u00fc\u015ft\u00fc ki, manast\u0131ra kapanmaya karar verdi, ba\u015fvurdu, kabul edildi. Sevgilisinin ihanetinden sonra, kalbindeki a\u015fk\u0131n yaln\u0131z Tanr\u0131ya lay\u0131k oldu\u011fu kanaatine vard\u0131. Manast\u0131rda bir y\u0131l kald\u0131, \u00fcst a\u015famalara ula\u015fmak i\u00e7in \u00e7al\u0131\u015ft\u0131. Ama saf ruhu i\u00e7in rahiplerin, ya\u015fl\u0131 olsun, gen\u00e7 olsun, davran\u0131\u015flar\u0131 hi\u00e7 de iyi bir \u00f6rnek olam\u0131yordu. \u00c7o\u011fu tembeldiler, bir k\u0131sm\u0131 ikiy\u00fczl\u00fc, fena insanlard\u0131, b\u00f6b\u00fcrlenip duruyorlard\u0131. Hatta i\u00e7lerinde ayya\u015f olanlar, kad\u0131nlara sald\u0131ranlar bile vard\u0131. Don Ki\u015fot bu \u00e7irkin olaylar\u0131 manast\u0131r\u0131n ba\u015f rahibine anlatmak cesaretini g\u00f6sterdi, ama o, \u015fikayetlerini iftira olarak kabul etti, kendisini cezaland\u0131rmaya kalk\u0131\u015ft\u0131. Bir sabah da onu \u00e7a\u011f\u0131rtarak kendisinde rahip olmaya kabiliyet g\u00f6remedi\u011fini bildirdi. Don Ki\u015fot da s\u0131rt\u0131ndan c\u00fcbbeyi \u00e7\u0131kartt\u0131. Kral\u0131n nedimelerinden bir akrabas\u0131 bir Marki onu mabeyne asilzade olarak kabul ettirdi.<\/p>\n<p style=\"text-align: justify;\">Bu, Cervantes\u2019in hayat\u0131n\u0131n en mutsuz denemelerinden biri oldu. Otuz ya\u015flar\u0131nda idi. \u00c7ok okumu\u015f uzun d\u00fc\u015f\u00fcncelere dalm\u0131\u015f, kafas\u0131 olgunla\u015fm\u0131\u015ft\u0131. Halbuki \u00e7evresinde g\u00f6rd\u00fckleri ona pek ac\u0131 geliyordu. Asil kad\u0131nlar\u0131n ahlaks\u0131zl\u0131klar\u0131, erkeklerin cakalar\u0131, bakanlar\u0131n tutkular\u0131, maiyetin yardak\u00e7\u0131l\u0131\u011f\u0131, onun ince, duygulu ruhunu k\u0131r\u0131yor, h\u0131rpal\u0131yordu. Bu yald\u0131zl\u0131 g\u00f6r\u00fcn\u00fc\u015f\u00fcn alt\u0131ndaki i\u011fren\u00e7li\u011fe dayanamayarak Ha\u015fmetli Kraldan Yeni D\u00fcnya\u2019ya, Amerika eyaletine \u00f6zel subay\u00a0 olarak g\u00f6nderilmesini rica etti. \u0130ste\u011fi yerine getirildi. Oraya gidince gen\u00e7 subay, memleketinin insanlar\u0131ndan bamba\u015fka halk aras\u0131nda at \u00fczerinde da\u011f, bay\u0131r dola\u015fmaktan b\u00fcy\u00fck bir zevk duydu. Bununla beraber bu yeni ser\u00fcveni de \u00f6tekiler gibi ac\u0131 bir sonu\u00e7la bitti. Asil, dini b\u00fct\u00fcn, zay\u0131flar\u0131n savunucusu olan bu temiz y\u00fcrekli gen\u00e7, zavall\u0131 K\u0131z\u0131lderililere yap\u0131lan haks\u0131zl\u0131klara, zul\u00fcmlere dayanamad\u0131.<\/p>\n<p style=\"text-align: justify;\">Yeni D\u00fcnya fatihlerinin zul\u00fcmleri, k\u00fcstahl\u0131klar\u0131, memurlar\u0131n r\u00fc\u015fvet\u00e7ili\u011fi, askeri s\u0131n\u0131f\u0131n\u0131n zorbal\u0131klar\u0131 ve ahlaks\u0131zl\u0131\u011f\u0131 onu i\u011frendirdi y\u00fcre\u011fini nefretle doldurdu. Saf d\u00fcr\u00fcst Alonso Quijana bu namussuzluklar\u0131 merkezi Sevilla\u2019da olan Yeni D\u00fcnya Konseyi\u2019ne ihbar etmek gafletinde bulundu. \u0130spanya da oraya, Kral\u0131 temsil eden bir enkizat\u00f6r, bir m\u00fcfetti\u015f g\u00f6nderdi. Fakat Vali, m\u00fcfetti\u015fi a\u011f\u0131rl\u0131\u011f\u0131nca alt\u0131n vererek sat\u0131n ald\u0131, iyi kalpli subay\u0131, iftirac\u0131, ka\u00e7\u0131k olarak tutuklatt\u0131. Memleketine geri g\u00f6nderilen subay Albe de Tormes zindan\u0131na at\u0131ld\u0131, yarg\u0131lanmas\u0131 yap\u0131lmadan orada alt\u0131 y\u0131l s\u00fcr\u00fcnd\u00fc. Bu al\u00e7ak\u00e7a haks\u0131zl\u0131ktan alt\u00fcst olan zavall\u0131 adam bir kuruntuya tutuldu ve bir daha da iyile\u015femedi. Nihayet kendisinin tehlikeli bir hasta olmad\u0131\u011f\u0131na h\u00fckmettiler ve serbest b\u0131rakt\u0131lar. Yeni bir hayata ba\u015flamak i\u00e7in bir giri\u015fimde bulunmad\u0131, babas\u0131n\u0131n evine d\u00f6nd\u00fc. Oras\u0131 bombo\u015ftu, evdekilerin hepsi \u00f6lm\u00fc\u015flerdi.<\/p>\n<p style=\"text-align: justify;\">Alonso Quijana de\u011fi\u015fik durumlarda kar\u015f\u0131la\u015ft\u0131\u011f\u0131 \u00e7irkin ger\u00e7eklerden ka\u00e7mak \u00fczere \u015fiir ve kahramanl\u0131k alanlar\u0131na s\u0131\u011f\u0131nd\u0131, ser\u00fcvenler, manzumeler i\u00e7inde, korkusuz, dinib\u00fct\u00fcn, a\u015f\u0131k \u015f\u00f6valye ideali ile avundu. Bunlar\u0131n sonucu ne oldu? Miguel de Cervantes\u2019in \u015faheserini okumu\u015f olan herkes bilir. Fakat Don Ki\u015fot\u2019un fantezilerinin ger\u00e7ek anahtar\u0131 yaln\u0131z bende bulunan yay\u0131nlanmam\u0131\u015f bu eser tasar\u0131s\u0131ndad\u0131r. Tek ba\u015f\u0131na, d\u00fcnyadan elini, ete\u011fini \u00e7ekerek, her \u015feye k\u00fcsm\u00fc\u015f, i\u00e7ine kapanm\u0131\u015f, kendini hayali ser\u00fcvenlere vererek hayat\u0131n ac\u0131l\u0131klar\u0131n\u0131 unutmaya \u00e7al\u0131\u015fan ihtiyar asilzadenin davran\u0131\u015flar\u0131n\u0131n sebepleri b\u00f6ylece anla\u015f\u0131labiliyor. Cervantes bunu yakm\u0131\u015f olsa, Alonso Quijana\u2019n\u0131n gen\u00e7li\u011fi bilinmeden olgun Don Ki\u015fot ile onun garip olmakla beraber c\u00f6mert\u00e7e davran\u0131\u015flar\u0131n\u0131n sebepleri anla\u015f\u0131lmaz.<\/p>\n<p> Giovanni Papini<\/p>\n","protected":false},"excerpt":{"rendered":"<p>Londra\u2019da Lord Everet\u2019ten sat\u0131n ald\u0131\u011f\u0131m \u00e7ok de\u011ferli ve yay\u0131nlanmam\u0131\u015f el yaz\u0131lar\u0131 koleksiyonlar\u0131 i\u00e7inde, \u0130spanyol edebiyat\u0131 uzmanlar\u0131n\u0131n hi\u00e7birinin bilmedi\u011fi bir kitab\u0131n m\u00fcsveddelerini buldum. Bu, Miguel Cervantes\u2019in Don Ki\u015fot\u2019un gen\u00e7li\u011fine dair haz\u0131rlamakta oldu\u011fu bir kitaptan par\u00e7alard\u0131. Onlar\u0131 Granata \u00dcniversitesi\u2019nin gen\u00e7 profes\u00f6rlerinden birine verdim, d\u00fczelttirdim, \u00e7evirttim ve \u00fcnl\u00fc \u015f\u00f6valyenin hayat hikayesini \u00f6\u011frenebildim. Cervantes\u2019in me\u015fhur eseri, herkesin bildi\u011fi gibi, [&hellip;]<\/p>\n","protected":false},"author":1,"featured_media":0,"comment_status":"open","ping_status":"open","sticky":false,"template":"","format":"standard","meta":{"footnotes":""},"categories":[134],"tags":[],"class_list":{"0":"post-4770","1":"post","2":"type-post","3":"status-publish","4":"format-standard","6":"category-kuram"},"yoast_head":"<!-- This site is optimized with the Yoast SEO Premium plugin v24.9 (Yoast SEO v24.9) - https:\/\/yoast.com\/wordpress\/plugins\/seo\/ -->\n<title>Cervantes\u2019in Don Ki\u015fot\u2019un gen\u00e7li\u011fine dair haz\u0131rlamakta oldu\u011fu bir kitaptan bilinmeyenler | Giovanni Papini - narteks.net<\/title>\n<meta name=\"robots\" content=\"index, follow, max-snippet:-1, max-image-preview:large, max-video-preview:-1\" \/>\n<link rel=\"canonical\" href=\"https:\/\/narteks.net\/index.php\/2010\/11\/04\/cervantesin-don-kisotun-gencligine-dair-hazirlamakta-oldugu-bir-kitaptan-bilinmeyenler-giovanni-papini\/\" \/>\n<meta property=\"og:locale\" content=\"tr_TR\" \/>\n<meta property=\"og:type\" content=\"article\" \/>\n<meta property=\"og:title\" content=\"Cervantes\u2019in Don Ki\u015fot\u2019un gen\u00e7li\u011fine dair haz\u0131rlamakta oldu\u011fu bir kitaptan bilinmeyenler | Giovanni Papini\" \/>\n<meta property=\"og:description\" content=\"Londra\u2019da Lord Everet\u2019ten sat\u0131n ald\u0131\u011f\u0131m \u00e7ok de\u011ferli ve yay\u0131nlanmam\u0131\u015f el yaz\u0131lar\u0131 koleksiyonlar\u0131 i\u00e7inde, \u0130spanyol edebiyat\u0131 uzmanlar\u0131n\u0131n hi\u00e7birinin bilmedi\u011fi bir kitab\u0131n m\u00fcsveddelerini buldum. Bu, Miguel Cervantes\u2019in Don Ki\u015fot\u2019un gen\u00e7li\u011fine dair haz\u0131rlamakta oldu\u011fu bir kitaptan par\u00e7alard\u0131. Onlar\u0131 Granata \u00dcniversitesi\u2019nin gen\u00e7 profes\u00f6rlerinden birine verdim, d\u00fczelttirdim, \u00e7evirttim ve \u00fcnl\u00fc \u015f\u00f6valyenin hayat hikayesini \u00f6\u011frenebildim. Cervantes\u2019in me\u015fhur eseri, herkesin bildi\u011fi gibi, [&hellip;]\" \/>\n<meta property=\"og:url\" content=\"https:\/\/narteks.net\/index.php\/2010\/11\/04\/cervantesin-don-kisotun-gencligine-dair-hazirlamakta-oldugu-bir-kitaptan-bilinmeyenler-giovanni-papini\/\" \/>\n<meta property=\"og:site_name\" content=\"narteks.net\" \/>\n<meta property=\"article:published_time\" content=\"2010-11-04T08:01:13+00:00\" \/>\n<meta property=\"og:image\" content=\"http:\/\/img.blogcu.com\/uploads\/karnaval_karnaval_picasso.JPG\" \/>\n<meta name=\"author\" content=\"Tar\u0131k\" \/>\n<meta name=\"twitter:card\" content=\"summary_large_image\" \/>\n<meta name=\"twitter:creator\" content=\"@narteks\" \/>\n<meta name=\"twitter:site\" content=\"@narteks\" \/>\n<meta name=\"twitter:label1\" content=\"Yazan:\" \/>\n\t<meta name=\"twitter:data1\" content=\"Tar\u0131k\" \/>\n\t<meta name=\"twitter:label2\" content=\"Tahmini okuma s\u00fcresi\" \/>\n\t<meta name=\"twitter:data2\" content=\"5 dakika\" \/>\n<script type=\"application\/ld+json\" class=\"yoast-schema-graph\">{\"@context\":\"https:\/\/schema.org\",\"@graph\":[{\"@type\":\"Article\",\"@id\":\"https:\/\/narteks.net\/index.php\/2010\/11\/04\/cervantesin-don-kisotun-gencligine-dair-hazirlamakta-oldugu-bir-kitaptan-bilinmeyenler-giovanni-papini\/#article\",\"isPartOf\":{\"@id\":\"https:\/\/narteks.net\/index.php\/2010\/11\/04\/cervantesin-don-kisotun-gencligine-dair-hazirlamakta-oldugu-bir-kitaptan-bilinmeyenler-giovanni-papini\/\"},\"author\":{\"name\":\"Tar\u0131k\",\"@id\":\"https:\/\/narteks.net\/#\/schema\/person\/61f37d9834294b72d31d274e7ed79bca\"},\"headline\":\"Cervantes\u2019in Don Ki\u015fot\u2019un gen\u00e7li\u011fine dair haz\u0131rlamakta oldu\u011fu bir kitaptan bilinmeyenler | Giovanni Papini\",\"datePublished\":\"2010-11-04T08:01:13+00:00\",\"mainEntityOfPage\":{\"@id\":\"https:\/\/narteks.net\/index.php\/2010\/11\/04\/cervantesin-don-kisotun-gencligine-dair-hazirlamakta-oldugu-bir-kitaptan-bilinmeyenler-giovanni-papini\/\"},\"wordCount\":1062,\"commentCount\":0,\"publisher\":{\"@id\":\"https:\/\/narteks.net\/#organization\"},\"image\":{\"@id\":\"https:\/\/narteks.net\/index.php\/2010\/11\/04\/cervantesin-don-kisotun-gencligine-dair-hazirlamakta-oldugu-bir-kitaptan-bilinmeyenler-giovanni-papini\/#primaryimage\"},\"thumbnailUrl\":\"http:\/\/img.blogcu.com\/uploads\/karnaval_karnaval_picasso.JPG\",\"articleSection\":[\"Kuram\"],\"inLanguage\":\"tr\",\"potentialAction\":[{\"@type\":\"CommentAction\",\"name\":\"Comment\",\"target\":[\"https:\/\/narteks.net\/index.php\/2010\/11\/04\/cervantesin-don-kisotun-gencligine-dair-hazirlamakta-oldugu-bir-kitaptan-bilinmeyenler-giovanni-papini\/#respond\"]}]},{\"@type\":\"WebPage\",\"@id\":\"https:\/\/narteks.net\/index.php\/2010\/11\/04\/cervantesin-don-kisotun-gencligine-dair-hazirlamakta-oldugu-bir-kitaptan-bilinmeyenler-giovanni-papini\/\",\"url\":\"https:\/\/narteks.net\/index.php\/2010\/11\/04\/cervantesin-don-kisotun-gencligine-dair-hazirlamakta-oldugu-bir-kitaptan-bilinmeyenler-giovanni-papini\/\",\"name\":\"Cervantes\u2019in Don Ki\u015fot\u2019un gen\u00e7li\u011fine dair haz\u0131rlamakta oldu\u011fu bir kitaptan bilinmeyenler | Giovanni Papini - narteks.net\",\"isPartOf\":{\"@id\":\"https:\/\/narteks.net\/#website\"},\"primaryImageOfPage\":{\"@id\":\"https:\/\/narteks.net\/index.php\/2010\/11\/04\/cervantesin-don-kisotun-gencligine-dair-hazirlamakta-oldugu-bir-kitaptan-bilinmeyenler-giovanni-papini\/#primaryimage\"},\"image\":{\"@id\":\"https:\/\/narteks.net\/index.php\/2010\/11\/04\/cervantesin-don-kisotun-gencligine-dair-hazirlamakta-oldugu-bir-kitaptan-bilinmeyenler-giovanni-papini\/#primaryimage\"},\"thumbnailUrl\":\"http:\/\/img.blogcu.com\/uploads\/karnaval_karnaval_picasso.JPG\",\"datePublished\":\"2010-11-04T08:01:13+00:00\",\"breadcrumb\":{\"@id\":\"https:\/\/narteks.net\/index.php\/2010\/11\/04\/cervantesin-don-kisotun-gencligine-dair-hazirlamakta-oldugu-bir-kitaptan-bilinmeyenler-giovanni-papini\/#breadcrumb\"},\"inLanguage\":\"tr\",\"potentialAction\":[{\"@type\":\"ReadAction\",\"target\":[\"https:\/\/narteks.net\/index.php\/2010\/11\/04\/cervantesin-don-kisotun-gencligine-dair-hazirlamakta-oldugu-bir-kitaptan-bilinmeyenler-giovanni-papini\/\"]}]},{\"@type\":\"ImageObject\",\"inLanguage\":\"tr\",\"@id\":\"https:\/\/narteks.net\/index.php\/2010\/11\/04\/cervantesin-don-kisotun-gencligine-dair-hazirlamakta-oldugu-bir-kitaptan-bilinmeyenler-giovanni-papini\/#primaryimage\",\"url\":\"http:\/\/img.blogcu.com\/uploads\/karnaval_karnaval_picasso.JPG\",\"contentUrl\":\"http:\/\/img.blogcu.com\/uploads\/karnaval_karnaval_picasso.JPG\"},{\"@type\":\"BreadcrumbList\",\"@id\":\"https:\/\/narteks.net\/index.php\/2010\/11\/04\/cervantesin-don-kisotun-gencligine-dair-hazirlamakta-oldugu-bir-kitaptan-bilinmeyenler-giovanni-papini\/#breadcrumb\",\"itemListElement\":[{\"@type\":\"ListItem\",\"position\":1,\"name\":\"Anasayfa\",\"item\":\"https:\/\/narteks.net\/\"},{\"@type\":\"ListItem\",\"position\":2,\"name\":\"Cervantes\u2019in Don Ki\u015fot\u2019un gen\u00e7li\u011fine dair haz\u0131rlamakta oldu\u011fu bir kitaptan bilinmeyenler | Giovanni Papini\"}]},{\"@type\":\"WebSite\",\"@id\":\"https:\/\/narteks.net\/#website\",\"url\":\"https:\/\/narteks.net\/\",\"name\":\"narteks.net\",\"description\":\"K\u00fclt\u00fcr Sanat Edebiyat Felsefe\",\"publisher\":{\"@id\":\"https:\/\/narteks.net\/#organization\"},\"alternateName\":\"K\u00fclt\u00fcr Sanat Edebiyat Felsefe\",\"potentialAction\":[{\"@type\":\"SearchAction\",\"target\":{\"@type\":\"EntryPoint\",\"urlTemplate\":\"https:\/\/narteks.net\/?s={search_term_string}\"},\"query-input\":{\"@type\":\"PropertyValueSpecification\",\"valueRequired\":true,\"valueName\":\"search_term_string\"}}],\"inLanguage\":\"tr\"},{\"@type\":\"Organization\",\"@id\":\"https:\/\/narteks.net\/#organization\",\"name\":\"narteks.net\",\"url\":\"https:\/\/narteks.net\/\",\"logo\":{\"@type\":\"ImageObject\",\"inLanguage\":\"tr\",\"@id\":\"https:\/\/narteks.net\/#\/schema\/logo\/image\/\",\"url\":\"https:\/\/narteks.net\/wp-content\/uploads\/narteks.png\",\"contentUrl\":\"https:\/\/narteks.net\/wp-content\/uploads\/narteks.png\",\"width\":300,\"height\":90,\"caption\":\"narteks.net\"},\"image\":{\"@id\":\"https:\/\/narteks.net\/#\/schema\/logo\/image\/\"},\"sameAs\":[\"https:\/\/x.com\/narteks\",\"https:\/\/instagram.com\/narteksnet\"]},{\"@type\":\"Person\",\"@id\":\"https:\/\/narteks.net\/#\/schema\/person\/61f37d9834294b72d31d274e7ed79bca\",\"name\":\"Tar\u0131k\",\"image\":{\"@type\":\"ImageObject\",\"inLanguage\":\"tr\",\"@id\":\"https:\/\/narteks.net\/#\/schema\/person\/image\/\",\"url\":\"https:\/\/secure.gravatar.com\/avatar\/50865afb55632c4ae467e0af0930f6510aa2297d8014be502a55b14f3b7550cf?s=96&d=mm&r=g\",\"contentUrl\":\"https:\/\/secure.gravatar.com\/avatar\/50865afb55632c4ae467e0af0930f6510aa2297d8014be502a55b14f3b7550cf?s=96&d=mm&r=g\",\"caption\":\"Tar\u0131k\"},\"sameAs\":[\"http:\/\/narteks.net\"],\"url\":\"https:\/\/narteks.net\/index.php\/author\/narbak\/\"}]}<\/script>\n<!-- \/ Yoast SEO Premium plugin. -->","yoast_head_json":{"title":"Cervantes\u2019in Don Ki\u015fot\u2019un gen\u00e7li\u011fine dair haz\u0131rlamakta oldu\u011fu bir kitaptan bilinmeyenler | Giovanni Papini - narteks.net","robots":{"index":"index","follow":"follow","max-snippet":"max-snippet:-1","max-image-preview":"max-image-preview:large","max-video-preview":"max-video-preview:-1"},"canonical":"https:\/\/narteks.net\/index.php\/2010\/11\/04\/cervantesin-don-kisotun-gencligine-dair-hazirlamakta-oldugu-bir-kitaptan-bilinmeyenler-giovanni-papini\/","og_locale":"tr_TR","og_type":"article","og_title":"Cervantes\u2019in Don Ki\u015fot\u2019un gen\u00e7li\u011fine dair haz\u0131rlamakta oldu\u011fu bir kitaptan bilinmeyenler | Giovanni Papini","og_description":"Londra\u2019da Lord Everet\u2019ten sat\u0131n ald\u0131\u011f\u0131m \u00e7ok de\u011ferli ve yay\u0131nlanmam\u0131\u015f el yaz\u0131lar\u0131 koleksiyonlar\u0131 i\u00e7inde, \u0130spanyol edebiyat\u0131 uzmanlar\u0131n\u0131n hi\u00e7birinin bilmedi\u011fi bir kitab\u0131n m\u00fcsveddelerini buldum. Bu, Miguel Cervantes\u2019in Don Ki\u015fot\u2019un gen\u00e7li\u011fine dair haz\u0131rlamakta oldu\u011fu bir kitaptan par\u00e7alard\u0131. Onlar\u0131 Granata \u00dcniversitesi\u2019nin gen\u00e7 profes\u00f6rlerinden birine verdim, d\u00fczelttirdim, \u00e7evirttim ve \u00fcnl\u00fc \u015f\u00f6valyenin hayat hikayesini \u00f6\u011frenebildim. Cervantes\u2019in me\u015fhur eseri, herkesin bildi\u011fi gibi, [&hellip;]","og_url":"https:\/\/narteks.net\/index.php\/2010\/11\/04\/cervantesin-don-kisotun-gencligine-dair-hazirlamakta-oldugu-bir-kitaptan-bilinmeyenler-giovanni-papini\/","og_site_name":"narteks.net","article_published_time":"2010-11-04T08:01:13+00:00","og_image":[{"url":"http:\/\/img.blogcu.com\/uploads\/karnaval_karnaval_picasso.JPG","type":"","width":"","height":""}],"author":"Tar\u0131k","twitter_card":"summary_large_image","twitter_creator":"@narteks","twitter_site":"@narteks","twitter_misc":{"Yazan:":"Tar\u0131k","Tahmini okuma s\u00fcresi":"5 dakika"},"schema":{"@context":"https:\/\/schema.org","@graph":[{"@type":"Article","@id":"https:\/\/narteks.net\/index.php\/2010\/11\/04\/cervantesin-don-kisotun-gencligine-dair-hazirlamakta-oldugu-bir-kitaptan-bilinmeyenler-giovanni-papini\/#article","isPartOf":{"@id":"https:\/\/narteks.net\/index.php\/2010\/11\/04\/cervantesin-don-kisotun-gencligine-dair-hazirlamakta-oldugu-bir-kitaptan-bilinmeyenler-giovanni-papini\/"},"author":{"name":"Tar\u0131k","@id":"https:\/\/narteks.net\/#\/schema\/person\/61f37d9834294b72d31d274e7ed79bca"},"headline":"Cervantes\u2019in Don Ki\u015fot\u2019un gen\u00e7li\u011fine dair haz\u0131rlamakta oldu\u011fu bir kitaptan bilinmeyenler | Giovanni Papini","datePublished":"2010-11-04T08:01:13+00:00","mainEntityOfPage":{"@id":"https:\/\/narteks.net\/index.php\/2010\/11\/04\/cervantesin-don-kisotun-gencligine-dair-hazirlamakta-oldugu-bir-kitaptan-bilinmeyenler-giovanni-papini\/"},"wordCount":1062,"commentCount":0,"publisher":{"@id":"https:\/\/narteks.net\/#organization"},"image":{"@id":"https:\/\/narteks.net\/index.php\/2010\/11\/04\/cervantesin-don-kisotun-gencligine-dair-hazirlamakta-oldugu-bir-kitaptan-bilinmeyenler-giovanni-papini\/#primaryimage"},"thumbnailUrl":"http:\/\/img.blogcu.com\/uploads\/karnaval_karnaval_picasso.JPG","articleSection":["Kuram"],"inLanguage":"tr","potentialAction":[{"@type":"CommentAction","name":"Comment","target":["https:\/\/narteks.net\/index.php\/2010\/11\/04\/cervantesin-don-kisotun-gencligine-dair-hazirlamakta-oldugu-bir-kitaptan-bilinmeyenler-giovanni-papini\/#respond"]}]},{"@type":"WebPage","@id":"https:\/\/narteks.net\/index.php\/2010\/11\/04\/cervantesin-don-kisotun-gencligine-dair-hazirlamakta-oldugu-bir-kitaptan-bilinmeyenler-giovanni-papini\/","url":"https:\/\/narteks.net\/index.php\/2010\/11\/04\/cervantesin-don-kisotun-gencligine-dair-hazirlamakta-oldugu-bir-kitaptan-bilinmeyenler-giovanni-papini\/","name":"Cervantes\u2019in Don Ki\u015fot\u2019un gen\u00e7li\u011fine dair haz\u0131rlamakta oldu\u011fu bir kitaptan bilinmeyenler | Giovanni Papini - narteks.net","isPartOf":{"@id":"https:\/\/narteks.net\/#website"},"primaryImageOfPage":{"@id":"https:\/\/narteks.net\/index.php\/2010\/11\/04\/cervantesin-don-kisotun-gencligine-dair-hazirlamakta-oldugu-bir-kitaptan-bilinmeyenler-giovanni-papini\/#primaryimage"},"image":{"@id":"https:\/\/narteks.net\/index.php\/2010\/11\/04\/cervantesin-don-kisotun-gencligine-dair-hazirlamakta-oldugu-bir-kitaptan-bilinmeyenler-giovanni-papini\/#primaryimage"},"thumbnailUrl":"http:\/\/img.blogcu.com\/uploads\/karnaval_karnaval_picasso.JPG","datePublished":"2010-11-04T08:01:13+00:00","breadcrumb":{"@id":"https:\/\/narteks.net\/index.php\/2010\/11\/04\/cervantesin-don-kisotun-gencligine-dair-hazirlamakta-oldugu-bir-kitaptan-bilinmeyenler-giovanni-papini\/#breadcrumb"},"inLanguage":"tr","potentialAction":[{"@type":"ReadAction","target":["https:\/\/narteks.net\/index.php\/2010\/11\/04\/cervantesin-don-kisotun-gencligine-dair-hazirlamakta-oldugu-bir-kitaptan-bilinmeyenler-giovanni-papini\/"]}]},{"@type":"ImageObject","inLanguage":"tr","@id":"https:\/\/narteks.net\/index.php\/2010\/11\/04\/cervantesin-don-kisotun-gencligine-dair-hazirlamakta-oldugu-bir-kitaptan-bilinmeyenler-giovanni-papini\/#primaryimage","url":"http:\/\/img.blogcu.com\/uploads\/karnaval_karnaval_picasso.JPG","contentUrl":"http:\/\/img.blogcu.com\/uploads\/karnaval_karnaval_picasso.JPG"},{"@type":"BreadcrumbList","@id":"https:\/\/narteks.net\/index.php\/2010\/11\/04\/cervantesin-don-kisotun-gencligine-dair-hazirlamakta-oldugu-bir-kitaptan-bilinmeyenler-giovanni-papini\/#breadcrumb","itemListElement":[{"@type":"ListItem","position":1,"name":"Anasayfa","item":"https:\/\/narteks.net\/"},{"@type":"ListItem","position":2,"name":"Cervantes\u2019in Don Ki\u015fot\u2019un gen\u00e7li\u011fine dair haz\u0131rlamakta oldu\u011fu bir kitaptan bilinmeyenler | Giovanni Papini"}]},{"@type":"WebSite","@id":"https:\/\/narteks.net\/#website","url":"https:\/\/narteks.net\/","name":"narteks.net","description":"K\u00fclt\u00fcr Sanat Edebiyat Felsefe","publisher":{"@id":"https:\/\/narteks.net\/#organization"},"alternateName":"K\u00fclt\u00fcr Sanat Edebiyat Felsefe","potentialAction":[{"@type":"SearchAction","target":{"@type":"EntryPoint","urlTemplate":"https:\/\/narteks.net\/?s={search_term_string}"},"query-input":{"@type":"PropertyValueSpecification","valueRequired":true,"valueName":"search_term_string"}}],"inLanguage":"tr"},{"@type":"Organization","@id":"https:\/\/narteks.net\/#organization","name":"narteks.net","url":"https:\/\/narteks.net\/","logo":{"@type":"ImageObject","inLanguage":"tr","@id":"https:\/\/narteks.net\/#\/schema\/logo\/image\/","url":"https:\/\/narteks.net\/wp-content\/uploads\/narteks.png","contentUrl":"https:\/\/narteks.net\/wp-content\/uploads\/narteks.png","width":300,"height":90,"caption":"narteks.net"},"image":{"@id":"https:\/\/narteks.net\/#\/schema\/logo\/image\/"},"sameAs":["https:\/\/x.com\/narteks","https:\/\/instagram.com\/narteksnet"]},{"@type":"Person","@id":"https:\/\/narteks.net\/#\/schema\/person\/61f37d9834294b72d31d274e7ed79bca","name":"Tar\u0131k","image":{"@type":"ImageObject","inLanguage":"tr","@id":"https:\/\/narteks.net\/#\/schema\/person\/image\/","url":"https:\/\/secure.gravatar.com\/avatar\/50865afb55632c4ae467e0af0930f6510aa2297d8014be502a55b14f3b7550cf?s=96&d=mm&r=g","contentUrl":"https:\/\/secure.gravatar.com\/avatar\/50865afb55632c4ae467e0af0930f6510aa2297d8014be502a55b14f3b7550cf?s=96&d=mm&r=g","caption":"Tar\u0131k"},"sameAs":["http:\/\/narteks.net"],"url":"https:\/\/narteks.net\/index.php\/author\/narbak\/"}]}},"_links":{"self":[{"href":"https:\/\/narteks.net\/index.php\/wp-json\/wp\/v2\/posts\/4770","targetHints":{"allow":["GET"]}}],"collection":[{"href":"https:\/\/narteks.net\/index.php\/wp-json\/wp\/v2\/posts"}],"about":[{"href":"https:\/\/narteks.net\/index.php\/wp-json\/wp\/v2\/types\/post"}],"author":[{"embeddable":true,"href":"https:\/\/narteks.net\/index.php\/wp-json\/wp\/v2\/users\/1"}],"replies":[{"embeddable":true,"href":"https:\/\/narteks.net\/index.php\/wp-json\/wp\/v2\/comments?post=4770"}],"version-history":[{"count":0,"href":"https:\/\/narteks.net\/index.php\/wp-json\/wp\/v2\/posts\/4770\/revisions"}],"wp:attachment":[{"href":"https:\/\/narteks.net\/index.php\/wp-json\/wp\/v2\/media?parent=4770"}],"wp:term":[{"taxonomy":"category","embeddable":true,"href":"https:\/\/narteks.net\/index.php\/wp-json\/wp\/v2\/categories?post=4770"},{"taxonomy":"post_tag","embeddable":true,"href":"https:\/\/narteks.net\/index.php\/wp-json\/wp\/v2\/tags?post=4770"}],"curies":[{"name":"wp","href":"https:\/\/api.w.org\/{rel}","templated":true}]}}