{"id":4783,"date":"2010-11-20T12:59:58","date_gmt":"2010-11-20T09:59:58","guid":{"rendered":"http:\/\/localhost\/wordpress\/2010\/11\/20\/ben-senin-her-zaman-aradigin-ve-asla-bulamayacagin-kimseyim-seytanin-saati-f-pessoa\/"},"modified":"2010-11-20T12:59:58","modified_gmt":"2010-11-20T09:59:58","slug":"ben-senin-her-zaman-aradigin-ve-asla-bulamayacagin-kimseyim-seytanin-saati-f-pessoa","status":"publish","type":"post","link":"https:\/\/narteks.net\/index.php\/2010\/11\/20\/ben-senin-her-zaman-aradigin-ve-asla-bulamayacagin-kimseyim-seytanin-saati-f-pessoa\/","title":{"rendered":"Ben, senin her zaman arad\u0131\u011f\u0131n ve asla bulamayaca\u011f\u0131n kimseyim | \u015eeytan\u0131n saati &#8211; F. Pessoa"},"content":{"rendered":"<p style=\"text-align: justify;\"><img loading=\"lazy\" decoding=\"async\" src=\"http:\/\/1.bp.blogspot.com\/_aANQURL9DN4\/S8o3Y54e_KI\/AAAAAAAAAqc\/JOTErFVuxp0\/s1600\/Fernando-Pessoa.jpg\" border=\"0\" width=\"155\" height=\"205\" style=\"float: left;\" \/>&#8220;Masallardaki Yak\u0131\u015f\u0131kl\u0131 Prens&#8217;i, M\u00fckemmel Erke\u011fi, Yorulmak bilmez a\u015f\u0131\u011f\u0131 hi\u00e7 d\u00fc\u015f\u00fcnmediniz mi? Sizi kimsenin ok\u015famad\u0131\u011f\u0131 gibi ok\u015fayacak birini, sanki siz onun i\u00e7indeymi\u015fsiniz gibi sizin olan birini, asl\u0131nda bir olan \u00fc\u00e7l\u00fc bir co\u015fkuda hem baban\u0131z, hem kocan\u0131z, hem de o\u011flunuz olan birini, hi\u00e7 yan\u0131n\u0131zda, d\u00fc\u015f\u00fcn\u00fczde hissetmediniz mi? &#8230; Bendim o, her zaman ben, ben Y\u0131lan -bana verilegelen rol bu- d\u00fcnyan\u0131n ba\u015flang\u0131c\u0131ndan beri&#8230; &#8230; Ben \u0130mgelem Tanr\u0131s\u0131&#8217;y\u0131m, yitik, \u00e7\u00fcnk\u00fc yaratm\u0131yorum. &#8230; Ben sesi esriklik, ruhu yan\u0131lg\u0131 olan, yaratmadan yaratan Tin&#8217;im. &#8230; Ben, senin her zaman arad\u0131\u011f\u0131n ve asla bulamayaca\u011f\u0131n kimseyim.&#8221;<\/p>\n<p style=\"text-align: justify;\">\u201cBenim b\u00fcy\u00fcl\u00fc silahlar\u0131m m\u00fczik, ay \u0131\u015f\u0131\u011f\u0131 ve d\u00fc\u015flerdir. Ne var ki m\u00fczik denince sadece \u00e7al\u0131nan de\u011fil, sonsuza dek \u00e7al\u0131nmadan kalacak m\u00fczik de anla\u015f\u0131lmal\u0131d\u0131r. Ay \u0131\u015f\u0131\u011f\u0131 derken, sadece aydan gelen ve a\u011fa\u00e7lar\u0131n g\u00f6lgelerini uzatan \u0131\u015f\u0131ktan s\u00f6z etti\u011fim san\u0131lmamal\u0131d\u0131r; g\u00fcne\u015fin d\u0131\u015flamad\u0131\u011f\u0131 ve nesnelerin aldat\u0131c\u0131 g\u00f6r\u00fcn\u00fcmlerini g\u00fcpeg\u00fcnd\u00fcz karartan ba\u015fka bir ay \u0131\u015f\u0131\u011f\u0131 da vard\u0131r. Her zaman kendisi olarak kalan tek \u015fey d\u00fc\u015flerdir. Onlar bizim, i\u00e7ine do\u011fdu\u011fumuz, her zaman do\u011fal ve kendimiz kald\u0131\u011f\u0131m\u0131z par\u00e7alar\u0131m\u0131zd\u0131r .\u201ds.23-24<\/p>\n<p style=\"text-align: justify;\">\u201cBu d\u00fcnyaya ili\u015fkin, bayan, \u00fc\u00e7 de\u011fi\u015fik teori vard\u0131r \u2013 her \u015feyin Raslant\u0131 eseri oldu\u011fu, her \u015feyin Tanr\u0131 eseri oldu\u011fu, her \u015feyin d\u00fczenlenmi\u015f ya da birbiriyle kesi\u015fen bir \u00e7ok \u015feyin eseri oldu\u011fu. Genellikle, duyarl\u0131l\u0131\u011f\u0131m\u0131zla uyum i\u00e7inde d\u00fc\u015f\u00fcn\u00fcr\u00fcz, b\u00f6ylece bizim i\u00e7in her \u015fey bir iyilik ve bir k\u00f6t\u00fcl\u00fck sorunu haline gelir; uzun zamand\u0131r, bu yorum nedeniyle ben, \u015fahsen b\u00fcy\u00fck iftiralara u\u011fruyorum. \u015eeyler aras\u0131ndaki ili\u015fkilerin -\u015feylerin ve ili\u015fkilerin var oldu\u011funu kabul edersek- bir tanr\u0131n\u0131n ya da bir \u015feytan\u0131n veya her ikisinin birden a\u00e7\u0131klayamayaca\u011f\u0131 kadar karma\u015f\u0131k oldu\u011fu, san\u0131r\u0131m kimsenin akl\u0131na gelmedi hi\u00e7.\u201d s.31<\/p>\n<p>\u201cSizler insan olma \u00fcst\u00fcnl\u00fc\u011f\u00fcne sahipsiniz ve ben, bazen b\u00fct\u00fcn bu Dipsiz Derinlik yorgunlu\u011fumun derinli\u011finde, ocak ba\u015f\u0131nda ailecek ge\u00e7irilen bir gecenin dinginlik ve huzuru, biz tanr\u0131larla meleklerin, \u00f6z\u00fcm\u00fcz gere\u011fi mahkum oldu\u011fumuz bu s\u0131r metafizi\u011finden daha hay\u0131rl\u0131d\u0131r diye d\u00fc\u015f\u00fcn\u00fcyorum. Kimi zaman, d\u00fcnyaya bakmak i\u00e7in e\u011filip de, limandan \u00e7\u0131kan ya da limana d\u00f6nen bal\u0131k\u00e7\u0131 gemilerinin yelkenlerini uzaktan g\u00f6rd\u00fck\u00e7e kalbim, tan\u0131mad\u0131\u011f\u0131 bir \u00fclkeye d\u00fc\u015fsel bir \u00f6zlem duyuyor. Hayvani ya\u015famlar\u0131nda uyuyanlara ne mutlu &#8211; \u015fiirle \u00f6rt\u00fcl\u00fc ve s\u00f6zc\u00fcklerle a\u00e7\u0131klanan \u00f6zel bir ruh sistemi.\u201d s.35<\/p>\n<p style=\"text-align: justify;\">***<\/p>\n<p style=\"text-align: justify;\">&#8220;Alt\u0131 g\u00fcne\u015f ay&#8217;\u0131 m\u0131? Ha evet. Ama hamilelik ay takvimine g\u00f6re hesaplan\u0131r ve ben bile ancak k\u0131z\u0131m\u0131n yani kaosun sular\u0131nda g\u00f6r\u00fcnen y\u00fcz\u00fcm olan Ay&#8217;\u0131n aylar\u0131yla hesap yapabilirim. Benim hamilelikle ve yery\u00fcz\u00fcn\u00fcn t\u00fcm bu pislikleriyle hi\u00e7bir ilgim yok ve bu \u015feyleri benim yaratt\u0131\u011f\u0131m ay\u0131n yasalar\u0131na g\u00f6re hangi hakla \u00f6l\u00e7meye kalk\u0131\u015ft\u0131klar\u0131n\u0131 da bilmiyorum. Ni\u00e7in ba\u015fka bir \u00f6l\u00e7\u00fc bulmad\u0131lar? K\u00e2dir-i Mutlak Tanr\u0131 ni\u00e7in benim i\u015fime gerek duymu\u015f?<\/p>\n<p>&#8220;D\u00fcnyan\u0131n ba\u015flang\u0131c\u0131ndan beri bana hakaret ya\u011fd\u0131r\u0131ld\u0131 ve iftira edildi. Beni savunan \u015fairler bile -ki yarat\u0131l\u0131\u015f olarak dostlar\u0131md\u0131r- beni iyi savunmad\u0131lar. \u0130\u00e7lerinden biri -Milton denen bir \u0130ngiliz- asla \u00e7\u0131kmam\u0131\u015f belirsiz bir sava\u015f\u0131 yanda\u015flar\u0131mla birlikte bana kaybettirdi. Bir di\u011feri -Goethe denen bir Alman- bir k\u00f6y trajedisinde bana muhabbet tellal\u0131 rol\u00fc verdi. Ama ben onlar\u0131n sand\u0131\u011f\u0131 ki\u015fi de\u011filim. Kiliseler benden tiksiniyor. M\u00fcminler ad\u0131m\u0131 duyunca titriyor. Ama onlar isteseler de istemeseler de bu d\u00fcnyada bir g\u00f6revim var. Ben ne Tanr\u0131&#8217;ya ba\u015fkald\u0131ran ki\u015fiyim ne de inkar eden tin. Ben imgelem Tanr\u0131&#8217;s\u0131y\u0131m yitik \u00e7\u00fcnk\u00fc yaratm\u0131yorum. \u00c7ocukken oyuncaklardan olu\u015fan d\u00fc\u015fleri benim sayemde g\u00f6r\u00fcyordun; kad\u0131n oldu\u011funda bu d\u00fc\u015flerin dibinde uyuyan geceleyin seni kucaklayacak ve fatihlere benim sayende sahip oldun. Ben sesi esriklik ruhu yan\u0131lg\u0131 olan yaratmadan yaratan Tin&#8217;im. Tanr\u0131 beni geceleyin kendisini taklit etmem i\u00e7in yaratt\u0131. O G\u00fcne\u015f&#8217;tir ben Ay. Benim \u0131\u015f\u0131\u011f\u0131m u\u00e7ucu ve sonlu olan her \u015feyin batakl\u0131klarda ve g\u00f6m\u00fctlerde geceleri g\u00f6r\u00fclen hafif par\u0131lt\u0131n\u0131n nehir k\u0131y\u0131lar\u0131n\u0131n batakl\u0131klar\u0131n ve g\u00f6lgelerin \u00fczerinde gezinir.<\/p>\n<p>&#8220;Benim. Ben senin her zaman arad\u0131\u011f\u0131n ve asla bulamayaca\u011f\u0131n kimseyim. Belki Tanr\u0131&#8217;n\u0131n kendisi bile Dipsiz Derinli\u011fin u\u00e7suz bucaks\u0131z dibinde beni aramaktad\u0131r onu tan\u0131mlayay\u0131m diye ama \u00c7ok-Ya\u015fl\u0131-Tanr\u0131&#8217;n\u0131n -Yehova Sat\u00fcrn\u00fc&#8217;n\u00fcn- laneti ikimizin de \u00fczerinde dola\u015f\u0131yor bizi birle\u015ftirmesi gerekirken ay\u0131r\u0131yor ki ya\u015famla ya\u015famdan bekledi\u011fimiz tek \u015fey olsun.<\/p>\n<p>&#8220;\u0130nsanlara \u0131st\u0131rap veren dertlerle tanr\u0131lara \u0131st\u0131rap veren dertlerle ayn\u0131d\u0131r. A\u015fa\u011f\u0131da olan yukar\u0131da olan gibidir der b\u00fct\u00fcn din kurucular\u0131 gibi var olma hari\u00e7 hi\u00e7bir \u015feyi unutmayan \u00dc\u00e7 Kere Y\u00fcce Hermes. Tanr\u0131 ka\u00e7 kez bana Anthero de Quental&#8217;\u0131n a\u011fz\u0131yla &#8216;Zavall\u0131 ben! Zavall\u0131 ben! Kimim ki ben?&#8217; demi\u015ftir.&#8221;<\/p>\n<p style=\"text-align: justify;\"><strong>Fernando Pessoa<\/strong><\/p>\n","protected":false},"excerpt":{"rendered":"<p>&#8220;Masallardaki Yak\u0131\u015f\u0131kl\u0131 Prens&#8217;i, M\u00fckemmel Erke\u011fi, Yorulmak bilmez a\u015f\u0131\u011f\u0131 hi\u00e7 d\u00fc\u015f\u00fcnmediniz mi? Sizi kimsenin ok\u015famad\u0131\u011f\u0131 gibi ok\u015fayacak birini, sanki siz onun i\u00e7indeymi\u015fsiniz gibi sizin olan birini, asl\u0131nda bir olan \u00fc\u00e7l\u00fc bir co\u015fkuda hem baban\u0131z, hem kocan\u0131z, hem de o\u011flunuz olan birini, hi\u00e7 yan\u0131n\u0131zda, d\u00fc\u015f\u00fcn\u00fczde hissetmediniz mi? &#8230; Bendim o, her zaman ben, ben Y\u0131lan -bana verilegelen [&hellip;]<\/p>\n","protected":false},"author":1,"featured_media":0,"comment_status":"open","ping_status":"open","sticky":false,"template":"","format":"standard","meta":{"footnotes":""},"categories":[138],"tags":[],"class_list":["post-4783","post","type-post","status-publish","format-standard","category-edebiyat-dunya"],"yoast_head":"<!-- This site is optimized with the Yoast SEO Premium plugin v24.9 (Yoast SEO v24.9) - https:\/\/yoast.com\/wordpress\/plugins\/seo\/ -->\n<title>Ben, senin her zaman arad\u0131\u011f\u0131n ve asla bulamayaca\u011f\u0131n kimseyim | \u015eeytan\u0131n saati - F. Pessoa - narteks.net<\/title>\n<meta name=\"robots\" content=\"index, follow, max-snippet:-1, max-image-preview:large, max-video-preview:-1\" \/>\n<link rel=\"canonical\" href=\"https:\/\/narteks.net\/index.php\/2010\/11\/20\/ben-senin-her-zaman-aradigin-ve-asla-bulamayacagin-kimseyim-seytanin-saati-f-pessoa\/\" \/>\n<meta property=\"og:locale\" content=\"tr_TR\" \/>\n<meta property=\"og:type\" content=\"article\" \/>\n<meta property=\"og:title\" content=\"Ben, senin her zaman arad\u0131\u011f\u0131n ve asla bulamayaca\u011f\u0131n kimseyim | \u015eeytan\u0131n saati - F. Pessoa\" \/>\n<meta property=\"og:description\" content=\"&#8220;Masallardaki Yak\u0131\u015f\u0131kl\u0131 Prens&#8217;i, M\u00fckemmel Erke\u011fi, Yorulmak bilmez a\u015f\u0131\u011f\u0131 hi\u00e7 d\u00fc\u015f\u00fcnmediniz mi? Sizi kimsenin ok\u015famad\u0131\u011f\u0131 gibi ok\u015fayacak birini, sanki siz onun i\u00e7indeymi\u015fsiniz gibi sizin olan birini, asl\u0131nda bir olan \u00fc\u00e7l\u00fc bir co\u015fkuda hem baban\u0131z, hem kocan\u0131z, hem de o\u011flunuz olan birini, hi\u00e7 yan\u0131n\u0131zda, d\u00fc\u015f\u00fcn\u00fczde hissetmediniz mi? &#8230; Bendim o, her zaman ben, ben Y\u0131lan -bana verilegelen [&hellip;]\" \/>\n<meta property=\"og:url\" content=\"https:\/\/narteks.net\/index.php\/2010\/11\/20\/ben-senin-her-zaman-aradigin-ve-asla-bulamayacagin-kimseyim-seytanin-saati-f-pessoa\/\" \/>\n<meta property=\"og:site_name\" content=\"narteks.net\" \/>\n<meta property=\"article:published_time\" content=\"2010-11-20T09:59:58+00:00\" \/>\n<meta property=\"og:image\" content=\"http:\/\/1.bp.blogspot.com\/_aANQURL9DN4\/S8o3Y54e_KI\/AAAAAAAAAqc\/JOTErFVuxp0\/s1600\/Fernando-Pessoa.jpg\" \/>\n<meta name=\"author\" content=\"Tar\u0131k\" \/>\n<meta name=\"twitter:card\" content=\"summary_large_image\" \/>\n<meta name=\"twitter:creator\" content=\"@narteks\" \/>\n<meta name=\"twitter:site\" content=\"@narteks\" \/>\n<meta name=\"twitter:label1\" content=\"Yazan:\" \/>\n\t<meta name=\"twitter:data1\" content=\"Tar\u0131k\" \/>\n\t<meta name=\"twitter:label2\" content=\"Tahmini okuma s\u00fcresi\" \/>\n\t<meta name=\"twitter:data2\" content=\"5 dakika\" \/>\n<script type=\"application\/ld+json\" class=\"yoast-schema-graph\">{\"@context\":\"https:\/\/schema.org\",\"@graph\":[{\"@type\":\"Article\",\"@id\":\"https:\/\/narteks.net\/index.php\/2010\/11\/20\/ben-senin-her-zaman-aradigin-ve-asla-bulamayacagin-kimseyim-seytanin-saati-f-pessoa\/#article\",\"isPartOf\":{\"@id\":\"https:\/\/narteks.net\/index.php\/2010\/11\/20\/ben-senin-her-zaman-aradigin-ve-asla-bulamayacagin-kimseyim-seytanin-saati-f-pessoa\/\"},\"author\":{\"name\":\"Tar\u0131k\",\"@id\":\"https:\/\/narteks.net\/#\/schema\/person\/61f37d9834294b72d31d274e7ed79bca\"},\"headline\":\"Ben, senin her zaman arad\u0131\u011f\u0131n ve asla bulamayaca\u011f\u0131n kimseyim | \u015eeytan\u0131n saati &#8211; F. Pessoa\",\"datePublished\":\"2010-11-20T09:59:58+00:00\",\"mainEntityOfPage\":{\"@id\":\"https:\/\/narteks.net\/index.php\/2010\/11\/20\/ben-senin-her-zaman-aradigin-ve-asla-bulamayacagin-kimseyim-seytanin-saati-f-pessoa\/\"},\"wordCount\":925,\"commentCount\":0,\"publisher\":{\"@id\":\"https:\/\/narteks.net\/#organization\"},\"image\":{\"@id\":\"https:\/\/narteks.net\/index.php\/2010\/11\/20\/ben-senin-her-zaman-aradigin-ve-asla-bulamayacagin-kimseyim-seytanin-saati-f-pessoa\/#primaryimage\"},\"thumbnailUrl\":\"http:\/\/1.bp.blogspot.com\/_aANQURL9DN4\/S8o3Y54e_KI\/AAAAAAAAAqc\/JOTErFVuxp0\/s1600\/Fernando-Pessoa.jpg\",\"articleSection\":[\"Edebiyat ( D\u00fcnya )\"],\"inLanguage\":\"tr\",\"potentialAction\":[{\"@type\":\"CommentAction\",\"name\":\"Comment\",\"target\":[\"https:\/\/narteks.net\/index.php\/2010\/11\/20\/ben-senin-her-zaman-aradigin-ve-asla-bulamayacagin-kimseyim-seytanin-saati-f-pessoa\/#respond\"]}]},{\"@type\":\"WebPage\",\"@id\":\"https:\/\/narteks.net\/index.php\/2010\/11\/20\/ben-senin-her-zaman-aradigin-ve-asla-bulamayacagin-kimseyim-seytanin-saati-f-pessoa\/\",\"url\":\"https:\/\/narteks.net\/index.php\/2010\/11\/20\/ben-senin-her-zaman-aradigin-ve-asla-bulamayacagin-kimseyim-seytanin-saati-f-pessoa\/\",\"name\":\"Ben, senin her zaman arad\u0131\u011f\u0131n ve asla bulamayaca\u011f\u0131n kimseyim | \u015eeytan\u0131n saati - F. Pessoa - narteks.net\",\"isPartOf\":{\"@id\":\"https:\/\/narteks.net\/#website\"},\"primaryImageOfPage\":{\"@id\":\"https:\/\/narteks.net\/index.php\/2010\/11\/20\/ben-senin-her-zaman-aradigin-ve-asla-bulamayacagin-kimseyim-seytanin-saati-f-pessoa\/#primaryimage\"},\"image\":{\"@id\":\"https:\/\/narteks.net\/index.php\/2010\/11\/20\/ben-senin-her-zaman-aradigin-ve-asla-bulamayacagin-kimseyim-seytanin-saati-f-pessoa\/#primaryimage\"},\"thumbnailUrl\":\"http:\/\/1.bp.blogspot.com\/_aANQURL9DN4\/S8o3Y54e_KI\/AAAAAAAAAqc\/JOTErFVuxp0\/s1600\/Fernando-Pessoa.jpg\",\"datePublished\":\"2010-11-20T09:59:58+00:00\",\"breadcrumb\":{\"@id\":\"https:\/\/narteks.net\/index.php\/2010\/11\/20\/ben-senin-her-zaman-aradigin-ve-asla-bulamayacagin-kimseyim-seytanin-saati-f-pessoa\/#breadcrumb\"},\"inLanguage\":\"tr\",\"potentialAction\":[{\"@type\":\"ReadAction\",\"target\":[\"https:\/\/narteks.net\/index.php\/2010\/11\/20\/ben-senin-her-zaman-aradigin-ve-asla-bulamayacagin-kimseyim-seytanin-saati-f-pessoa\/\"]}]},{\"@type\":\"ImageObject\",\"inLanguage\":\"tr\",\"@id\":\"https:\/\/narteks.net\/index.php\/2010\/11\/20\/ben-senin-her-zaman-aradigin-ve-asla-bulamayacagin-kimseyim-seytanin-saati-f-pessoa\/#primaryimage\",\"url\":\"http:\/\/1.bp.blogspot.com\/_aANQURL9DN4\/S8o3Y54e_KI\/AAAAAAAAAqc\/JOTErFVuxp0\/s1600\/Fernando-Pessoa.jpg\",\"contentUrl\":\"http:\/\/1.bp.blogspot.com\/_aANQURL9DN4\/S8o3Y54e_KI\/AAAAAAAAAqc\/JOTErFVuxp0\/s1600\/Fernando-Pessoa.jpg\"},{\"@type\":\"BreadcrumbList\",\"@id\":\"https:\/\/narteks.net\/index.php\/2010\/11\/20\/ben-senin-her-zaman-aradigin-ve-asla-bulamayacagin-kimseyim-seytanin-saati-f-pessoa\/#breadcrumb\",\"itemListElement\":[{\"@type\":\"ListItem\",\"position\":1,\"name\":\"Anasayfa\",\"item\":\"https:\/\/narteks.net\/\"},{\"@type\":\"ListItem\",\"position\":2,\"name\":\"Ben, senin her zaman arad\u0131\u011f\u0131n ve asla bulamayaca\u011f\u0131n kimseyim | \u015eeytan\u0131n saati &#8211; F. Pessoa\"}]},{\"@type\":\"WebSite\",\"@id\":\"https:\/\/narteks.net\/#website\",\"url\":\"https:\/\/narteks.net\/\",\"name\":\"narteks.net\",\"description\":\"K\u00fclt\u00fcr Sanat Edebiyat Felsefe\",\"publisher\":{\"@id\":\"https:\/\/narteks.net\/#organization\"},\"alternateName\":\"K\u00fclt\u00fcr Sanat Edebiyat Felsefe\",\"potentialAction\":[{\"@type\":\"SearchAction\",\"target\":{\"@type\":\"EntryPoint\",\"urlTemplate\":\"https:\/\/narteks.net\/?s={search_term_string}\"},\"query-input\":{\"@type\":\"PropertyValueSpecification\",\"valueRequired\":true,\"valueName\":\"search_term_string\"}}],\"inLanguage\":\"tr\"},{\"@type\":\"Organization\",\"@id\":\"https:\/\/narteks.net\/#organization\",\"name\":\"narteks.net\",\"url\":\"https:\/\/narteks.net\/\",\"logo\":{\"@type\":\"ImageObject\",\"inLanguage\":\"tr\",\"@id\":\"https:\/\/narteks.net\/#\/schema\/logo\/image\/\",\"url\":\"https:\/\/narteks.net\/wp-content\/uploads\/narteks.png\",\"contentUrl\":\"https:\/\/narteks.net\/wp-content\/uploads\/narteks.png\",\"width\":300,\"height\":90,\"caption\":\"narteks.net\"},\"image\":{\"@id\":\"https:\/\/narteks.net\/#\/schema\/logo\/image\/\"},\"sameAs\":[\"https:\/\/x.com\/narteks\",\"https:\/\/instagram.com\/narteksnet\"]},{\"@type\":\"Person\",\"@id\":\"https:\/\/narteks.net\/#\/schema\/person\/61f37d9834294b72d31d274e7ed79bca\",\"name\":\"Tar\u0131k\",\"image\":{\"@type\":\"ImageObject\",\"inLanguage\":\"tr\",\"@id\":\"https:\/\/narteks.net\/#\/schema\/person\/image\/\",\"url\":\"https:\/\/secure.gravatar.com\/avatar\/50865afb55632c4ae467e0af0930f6510aa2297d8014be502a55b14f3b7550cf?s=96&d=mm&r=g\",\"contentUrl\":\"https:\/\/secure.gravatar.com\/avatar\/50865afb55632c4ae467e0af0930f6510aa2297d8014be502a55b14f3b7550cf?s=96&d=mm&r=g\",\"caption\":\"Tar\u0131k\"},\"sameAs\":[\"http:\/\/narteks.net\"],\"url\":\"https:\/\/narteks.net\/index.php\/author\/narbak\/\"}]}<\/script>\n<!-- \/ Yoast SEO Premium plugin. -->","yoast_head_json":{"title":"Ben, senin her zaman arad\u0131\u011f\u0131n ve asla bulamayaca\u011f\u0131n kimseyim | \u015eeytan\u0131n saati - F. Pessoa - narteks.net","robots":{"index":"index","follow":"follow","max-snippet":"max-snippet:-1","max-image-preview":"max-image-preview:large","max-video-preview":"max-video-preview:-1"},"canonical":"https:\/\/narteks.net\/index.php\/2010\/11\/20\/ben-senin-her-zaman-aradigin-ve-asla-bulamayacagin-kimseyim-seytanin-saati-f-pessoa\/","og_locale":"tr_TR","og_type":"article","og_title":"Ben, senin her zaman arad\u0131\u011f\u0131n ve asla bulamayaca\u011f\u0131n kimseyim | \u015eeytan\u0131n saati - F. Pessoa","og_description":"&#8220;Masallardaki Yak\u0131\u015f\u0131kl\u0131 Prens&#8217;i, M\u00fckemmel Erke\u011fi, Yorulmak bilmez a\u015f\u0131\u011f\u0131 hi\u00e7 d\u00fc\u015f\u00fcnmediniz mi? Sizi kimsenin ok\u015famad\u0131\u011f\u0131 gibi ok\u015fayacak birini, sanki siz onun i\u00e7indeymi\u015fsiniz gibi sizin olan birini, asl\u0131nda bir olan \u00fc\u00e7l\u00fc bir co\u015fkuda hem baban\u0131z, hem kocan\u0131z, hem de o\u011flunuz olan birini, hi\u00e7 yan\u0131n\u0131zda, d\u00fc\u015f\u00fcn\u00fczde hissetmediniz mi? &#8230; Bendim o, her zaman ben, ben Y\u0131lan -bana verilegelen [&hellip;]","og_url":"https:\/\/narteks.net\/index.php\/2010\/11\/20\/ben-senin-her-zaman-aradigin-ve-asla-bulamayacagin-kimseyim-seytanin-saati-f-pessoa\/","og_site_name":"narteks.net","article_published_time":"2010-11-20T09:59:58+00:00","og_image":[{"url":"http:\/\/1.bp.blogspot.com\/_aANQURL9DN4\/S8o3Y54e_KI\/AAAAAAAAAqc\/JOTErFVuxp0\/s1600\/Fernando-Pessoa.jpg","type":"","width":"","height":""}],"author":"Tar\u0131k","twitter_card":"summary_large_image","twitter_creator":"@narteks","twitter_site":"@narteks","twitter_misc":{"Yazan:":"Tar\u0131k","Tahmini okuma s\u00fcresi":"5 dakika"},"schema":{"@context":"https:\/\/schema.org","@graph":[{"@type":"Article","@id":"https:\/\/narteks.net\/index.php\/2010\/11\/20\/ben-senin-her-zaman-aradigin-ve-asla-bulamayacagin-kimseyim-seytanin-saati-f-pessoa\/#article","isPartOf":{"@id":"https:\/\/narteks.net\/index.php\/2010\/11\/20\/ben-senin-her-zaman-aradigin-ve-asla-bulamayacagin-kimseyim-seytanin-saati-f-pessoa\/"},"author":{"name":"Tar\u0131k","@id":"https:\/\/narteks.net\/#\/schema\/person\/61f37d9834294b72d31d274e7ed79bca"},"headline":"Ben, senin her zaman arad\u0131\u011f\u0131n ve asla bulamayaca\u011f\u0131n kimseyim | \u015eeytan\u0131n saati &#8211; F. Pessoa","datePublished":"2010-11-20T09:59:58+00:00","mainEntityOfPage":{"@id":"https:\/\/narteks.net\/index.php\/2010\/11\/20\/ben-senin-her-zaman-aradigin-ve-asla-bulamayacagin-kimseyim-seytanin-saati-f-pessoa\/"},"wordCount":925,"commentCount":0,"publisher":{"@id":"https:\/\/narteks.net\/#organization"},"image":{"@id":"https:\/\/narteks.net\/index.php\/2010\/11\/20\/ben-senin-her-zaman-aradigin-ve-asla-bulamayacagin-kimseyim-seytanin-saati-f-pessoa\/#primaryimage"},"thumbnailUrl":"http:\/\/1.bp.blogspot.com\/_aANQURL9DN4\/S8o3Y54e_KI\/AAAAAAAAAqc\/JOTErFVuxp0\/s1600\/Fernando-Pessoa.jpg","articleSection":["Edebiyat ( D\u00fcnya )"],"inLanguage":"tr","potentialAction":[{"@type":"CommentAction","name":"Comment","target":["https:\/\/narteks.net\/index.php\/2010\/11\/20\/ben-senin-her-zaman-aradigin-ve-asla-bulamayacagin-kimseyim-seytanin-saati-f-pessoa\/#respond"]}]},{"@type":"WebPage","@id":"https:\/\/narteks.net\/index.php\/2010\/11\/20\/ben-senin-her-zaman-aradigin-ve-asla-bulamayacagin-kimseyim-seytanin-saati-f-pessoa\/","url":"https:\/\/narteks.net\/index.php\/2010\/11\/20\/ben-senin-her-zaman-aradigin-ve-asla-bulamayacagin-kimseyim-seytanin-saati-f-pessoa\/","name":"Ben, senin her zaman arad\u0131\u011f\u0131n ve asla bulamayaca\u011f\u0131n kimseyim | \u015eeytan\u0131n saati - F. Pessoa - narteks.net","isPartOf":{"@id":"https:\/\/narteks.net\/#website"},"primaryImageOfPage":{"@id":"https:\/\/narteks.net\/index.php\/2010\/11\/20\/ben-senin-her-zaman-aradigin-ve-asla-bulamayacagin-kimseyim-seytanin-saati-f-pessoa\/#primaryimage"},"image":{"@id":"https:\/\/narteks.net\/index.php\/2010\/11\/20\/ben-senin-her-zaman-aradigin-ve-asla-bulamayacagin-kimseyim-seytanin-saati-f-pessoa\/#primaryimage"},"thumbnailUrl":"http:\/\/1.bp.blogspot.com\/_aANQURL9DN4\/S8o3Y54e_KI\/AAAAAAAAAqc\/JOTErFVuxp0\/s1600\/Fernando-Pessoa.jpg","datePublished":"2010-11-20T09:59:58+00:00","breadcrumb":{"@id":"https:\/\/narteks.net\/index.php\/2010\/11\/20\/ben-senin-her-zaman-aradigin-ve-asla-bulamayacagin-kimseyim-seytanin-saati-f-pessoa\/#breadcrumb"},"inLanguage":"tr","potentialAction":[{"@type":"ReadAction","target":["https:\/\/narteks.net\/index.php\/2010\/11\/20\/ben-senin-her-zaman-aradigin-ve-asla-bulamayacagin-kimseyim-seytanin-saati-f-pessoa\/"]}]},{"@type":"ImageObject","inLanguage":"tr","@id":"https:\/\/narteks.net\/index.php\/2010\/11\/20\/ben-senin-her-zaman-aradigin-ve-asla-bulamayacagin-kimseyim-seytanin-saati-f-pessoa\/#primaryimage","url":"http:\/\/1.bp.blogspot.com\/_aANQURL9DN4\/S8o3Y54e_KI\/AAAAAAAAAqc\/JOTErFVuxp0\/s1600\/Fernando-Pessoa.jpg","contentUrl":"http:\/\/1.bp.blogspot.com\/_aANQURL9DN4\/S8o3Y54e_KI\/AAAAAAAAAqc\/JOTErFVuxp0\/s1600\/Fernando-Pessoa.jpg"},{"@type":"BreadcrumbList","@id":"https:\/\/narteks.net\/index.php\/2010\/11\/20\/ben-senin-her-zaman-aradigin-ve-asla-bulamayacagin-kimseyim-seytanin-saati-f-pessoa\/#breadcrumb","itemListElement":[{"@type":"ListItem","position":1,"name":"Anasayfa","item":"https:\/\/narteks.net\/"},{"@type":"ListItem","position":2,"name":"Ben, senin her zaman arad\u0131\u011f\u0131n ve asla bulamayaca\u011f\u0131n kimseyim | \u015eeytan\u0131n saati &#8211; F. Pessoa"}]},{"@type":"WebSite","@id":"https:\/\/narteks.net\/#website","url":"https:\/\/narteks.net\/","name":"narteks.net","description":"K\u00fclt\u00fcr Sanat Edebiyat Felsefe","publisher":{"@id":"https:\/\/narteks.net\/#organization"},"alternateName":"K\u00fclt\u00fcr Sanat Edebiyat Felsefe","potentialAction":[{"@type":"SearchAction","target":{"@type":"EntryPoint","urlTemplate":"https:\/\/narteks.net\/?s={search_term_string}"},"query-input":{"@type":"PropertyValueSpecification","valueRequired":true,"valueName":"search_term_string"}}],"inLanguage":"tr"},{"@type":"Organization","@id":"https:\/\/narteks.net\/#organization","name":"narteks.net","url":"https:\/\/narteks.net\/","logo":{"@type":"ImageObject","inLanguage":"tr","@id":"https:\/\/narteks.net\/#\/schema\/logo\/image\/","url":"https:\/\/narteks.net\/wp-content\/uploads\/narteks.png","contentUrl":"https:\/\/narteks.net\/wp-content\/uploads\/narteks.png","width":300,"height":90,"caption":"narteks.net"},"image":{"@id":"https:\/\/narteks.net\/#\/schema\/logo\/image\/"},"sameAs":["https:\/\/x.com\/narteks","https:\/\/instagram.com\/narteksnet"]},{"@type":"Person","@id":"https:\/\/narteks.net\/#\/schema\/person\/61f37d9834294b72d31d274e7ed79bca","name":"Tar\u0131k","image":{"@type":"ImageObject","inLanguage":"tr","@id":"https:\/\/narteks.net\/#\/schema\/person\/image\/","url":"https:\/\/secure.gravatar.com\/avatar\/50865afb55632c4ae467e0af0930f6510aa2297d8014be502a55b14f3b7550cf?s=96&d=mm&r=g","contentUrl":"https:\/\/secure.gravatar.com\/avatar\/50865afb55632c4ae467e0af0930f6510aa2297d8014be502a55b14f3b7550cf?s=96&d=mm&r=g","caption":"Tar\u0131k"},"sameAs":["http:\/\/narteks.net"],"url":"https:\/\/narteks.net\/index.php\/author\/narbak\/"}]}},"_links":{"self":[{"href":"https:\/\/narteks.net\/index.php\/wp-json\/wp\/v2\/posts\/4783","targetHints":{"allow":["GET"]}}],"collection":[{"href":"https:\/\/narteks.net\/index.php\/wp-json\/wp\/v2\/posts"}],"about":[{"href":"https:\/\/narteks.net\/index.php\/wp-json\/wp\/v2\/types\/post"}],"author":[{"embeddable":true,"href":"https:\/\/narteks.net\/index.php\/wp-json\/wp\/v2\/users\/1"}],"replies":[{"embeddable":true,"href":"https:\/\/narteks.net\/index.php\/wp-json\/wp\/v2\/comments?post=4783"}],"version-history":[{"count":0,"href":"https:\/\/narteks.net\/index.php\/wp-json\/wp\/v2\/posts\/4783\/revisions"}],"wp:attachment":[{"href":"https:\/\/narteks.net\/index.php\/wp-json\/wp\/v2\/media?parent=4783"}],"wp:term":[{"taxonomy":"category","embeddable":true,"href":"https:\/\/narteks.net\/index.php\/wp-json\/wp\/v2\/categories?post=4783"},{"taxonomy":"post_tag","embeddable":true,"href":"https:\/\/narteks.net\/index.php\/wp-json\/wp\/v2\/tags?post=4783"}],"curies":[{"name":"wp","href":"https:\/\/api.w.org\/{rel}","templated":true}]}}