{"id":4784,"date":"2010-11-22T11:40:52","date_gmt":"2010-11-22T08:40:52","guid":{"rendered":"http:\/\/localhost\/wordpress\/2010\/11\/22\/marksizm-ve-ayaklanma-vlenin\/"},"modified":"2010-11-22T11:40:52","modified_gmt":"2010-11-22T08:40:52","slug":"marksizm-ve-ayaklanma-vlenin","status":"publish","type":"post","link":"https:\/\/narteks.net\/index.php\/2010\/11\/22\/marksizm-ve-ayaklanma-vlenin\/","title":{"rendered":"Marksizm ve Ayaklanma | V.\u0130.Lenin"},"content":{"rendered":"<p style=\"text-align: justify;\"><img loading=\"lazy\" decoding=\"async\" src=\"http:\/\/img1.loadtr.com\/b-266298-lenin.jpg\" border=\"0\" width=\"155\" height=\"205\" style=\"float: left;\" \/>Ayaklanmaya haz\u0131rlanman\u0131n ve genel olarak, ayaklanmay\u0131 bir sanat olarak g\u00f6rme bi\u00e7iminin &#8220;blankicilik&#8221; oldu\u011funu ileri s\u00fcren oport\u00fcnist yalan, Marksizmin \u00e7arp\u0131t\u0131lmalar\u0131 aras\u0131nda, en k\u00f6t\u00fc niyetlerden ve egemen &#8220;sosyalist&#8221; partiler taraf\u0131ndan belki de en \u00e7ok yay\u0131lm\u0131\u015f bulunanlardan biridir.<\/p>\n<p style=\"text-align: justify;\">Oport\u00fcnizmin b\u00fcy\u00fck ustas\u0131, Bernstein, Marksizme kar\u015f\u0131 blankicilik su\u00e7lamas\u0131n\u0131 ileri s\u00fcrerek, ac\u0131kl\u0131 bir \u00fcn kazanm\u0131\u015ft\u0131, ve ger\u00e7ekte, bug\u00fcn\u00fcn oport\u00fcnistleri, blankicilik diye hayk\u0131rd\u0131klar\u0131 zaman, Bernstein&#8217;\u0131n yoksul &#8220;fikir&#8221; lerini ne az\u0131c\u0131k yenile\u015ftiriyor, ne de onlar\u0131 en k\u00fc\u00e7\u00fck bir \u015fey ile &#8220;zenginle\u015ftiriyorlar&#8221;.<\/p>\n<p style=\"text-align: justify;\">Marksistleri, ayaklanmay\u0131 bir sanat olarak g\u00f6rd\u00fckleri i\u00e7in, blankicilik olarak su\u00e7lamak! Ayaklanman\u0131n bir sanat oldu\u011funu a\u00e7\u0131klayarak, onu bir sanat olarak ele almak gerekti\u011fini, ilk ba\u015far\u0131lar\u0131 kazanmak ve karga\u015fal\u0131k i\u00e7ine d\u00fc\u015fmesinden yararlanarak, d\u00fc\u015fmana kar\u015f\u0131 y\u00fcr\u00fcy\u00fc\u015f\u00fc aksatmaks\u0131z\u0131n, ba\u015far\u0131dan ba\u015far\u0131ya ilerlemek gerekti\u011fini, vb., vb. s\u00f6yleyerek bu konudaki fikrini en belgin, en a\u00e7\u0131k ve en kesin bir bi\u00e7imde a\u00e7\u0131klayan\u0131n Marks&#8217;\u0131n ta kendisi oldu\u011funu hi\u00e7 bir Marksist yads\u0131yamayaca\u011f\u0131na g\u00f6re, ger\u00e7e\u011fin bundan daha apa\u00e7\u0131k bir \u00e7arp\u0131t\u0131lmas\u0131 olamaz.<\/p>\n<p style=\"text-align: justify;\">Ba\u015farmak i\u00e7in, ayaklanma bir komploya de\u011fil, bir partiye de\u011fil, ama \u00f6nc\u00fc s\u0131n\u0131f\u0131na dayanmal\u0131d\u0131r. \u0130\u015fte birinci nokta. Ayaklanma halk\u0131n devrimci at\u0131l\u0131m\u0131na dayanmal\u0131d\u0131r. \u0130\u015fte ikinci nokta. Ayaklanma, y\u00fckselen devrim tarihinin, halk \u00f6nc\u00fcs\u00fcn\u00fcn etkinli\u011finin en g\u00fc\u00e7l\u00fc oldu\u011fu, d\u00fc\u015fman saflar\u0131nda ve devrimin g\u00fc\u00e7s\u00fcz, karars\u0131z, \u00e7eli\u015fki dolu dostlar\u0131n\u0131n saflar\u0131nda duraksamalar\u0131n en g\u00fc\u00e7l\u00fc olduklar\u0131 bir d\u00f6n\u00fcm noktas\u0131nda patlak vermelidir; \u0130\u015fte \u00fc\u00e7\u00fcnc\u00fc nokta. Ayaklanma sorununu koyma bi\u00e7iminde, Marksizmin blankicilikten ayr\u0131lmas\u0131 sonucunu veren \u00fc\u00e7 ko\u015ful, i\u015fte bunlard\u0131r.<br \/> Ama, bu ko\u015fullar yerine geldikten sonra, ayaklanmay\u0131 bir sanat olarak g\u00f6rmeyi kabul etmemek, Marksizme ihanet etmektir, devrime ihanet etmektir.<\/p>\n<p style=\"text-align: justify;\">Ayaklanman\u0131n, olaylar\u0131n nesnel ak\u0131\u015f\u0131 taraf\u0131ndan g\u00fcndeme konmu\u015f bulundu\u011funu partinin tam da \u015fu anda zorunlulukla kabul etmesi gerekti\u011fini, ayaklanmay\u0131 bir sanat olarak ele almas\u0131 gerekti\u011fini tan\u0131tlamak i\u00e7in, belki en iyisi kar\u015f\u0131la\u015ft\u0131rma y\u00f6ntemini kullanmak ve 3 ve 4 Temmuz g\u00fcnleri ile Eyl\u00fcl g\u00fcnlerini kar\u015f\u0131la\u015ft\u0131rmak olacakt\u0131r.<\/p>\n<p style=\"text-align: justify;\">3 ve 4 Temmuz g\u00fcnleri, ger\u00e7e\u011fe ayk\u0131r\u0131 davranmaks\u0131z\u0131n, sorun \u015f\u00f6yle konabiliyordu: \u0130ktidar\u0131 almak daha ye\u011fdir, yoksa d\u00fc\u015fmanlar\u0131m\u0131z bizi her durumda ba\u015fkald\u0131rma ile su\u00e7layacak ve bize fesat\u00e7\u0131ym\u0131\u015f\u0131z gibi davranacaklard\u0131r. Ama bundan, iktidar\u0131 o zaman alman\u0131n yararl\u0131 oldu\u011fu sonucu \u00e7\u0131kar\u0131lam\u0131yordu, \u00e7\u00fcnk\u00fc ayaklanman\u0131n zaferi i\u00e7in nesnel ko\u015fullar ger\u00e7ekle\u015fmemi\u015fti.<\/p>\n<p style=\"text-align: justify;\">1) Devrimin \u00f6nc\u00fcs\u00fc olan s\u0131n\u0131f hen\u00fcz arkam\u0131zda de\u011fildi.<br \/> Her iki ba\u015fkent i\u015f\u00e7ileri ve askerleri aras\u0131nda hen\u00fcz \u00e7o\u011funlu\u011fa sahip de\u011fildik. Bug\u00fcn, her iki sovyette de bu \u00e7o\u011funlu\u011fa sahip bulunuyoruz. Bu \u00e7o\u011funluk yaln\u0131zca Temmuz ve A\u011fustos aylar\u0131 olaylar\u0131 taraf\u0131ndan, bol\u015feviklere kar\u015f\u0131 &#8220;bast\u0131rma&#8221;lar deneyimi taraf\u0131ndan ve Kornilov ayaklanmas\u0131 deneyimi taraf\u0131ndan yarat\u0131lm\u0131\u015ft\u0131r.<\/p>\n<p style=\"text-align: justify;\">2) Devrimci co\u015fku hen\u00fcz b\u00fcy\u00fck halk y\u0131\u011f\u0131n\u0131n\u0131 kazanmam\u0131\u015ft\u0131. Bug\u00fcn, Kornilov ayaklanmas\u0131ndan sonra, kazanm\u0131\u015f bulunuyor. Ta\u015fradaki olaylar ve iktidar\u0131n bir\u00e7ok yerde sovyetler taraf\u0131ndan al\u0131nmas\u0131, i\u015fte bunu tan\u0131tlar.<\/p>\n<p style=\"text-align: justify;\">3) D\u00fc\u015fmanlar\u0131m\u0131z aras\u0131nda ve karars\u0131z k\u00fc\u00e7\u00fck-burjuvazi aras\u0131nda, o zaman ciddi bir siyasal geni\u015flikteki duraksamalar yoktu. Bug\u00fcn, bu duraksamalar b\u00fcy\u00fck bir geni\u015flik kazand\u0131: ba\u015f d\u00fc\u015fman\u0131m\u0131z, m\u00fcttefik emperyalizm, d\u00fcnya emperyalizmi -\u00e7\u00fcnk\u00fc &#8220;M\u00fcttefikler&#8221;, d\u00fcnya emperyalizminin ba\u015f\u0131nda bulunuyorlar- zafere de\u011fin sava\u015f ile Rusya&#8217;ya kar\u015f\u0131 ayr\u0131 bar\u0131\u015f aras\u0131nda karars\u0131zl\u0131k g\u00f6sterdi. Halk i\u00e7inde \u00e7o\u011funlu\u011fu a\u00e7\u0131k\u00e7a yitirmi\u015f bulunan k\u00fc\u00e7\u00fck-burjuva demokratlar\u0131m\u0131z, kadetler ile blok kurmay\u0131, yani birle\u015fmeyi kabul etmedikleri zaman, derin duraksamalar i\u00e7ine d\u00fc\u015ft\u00fcler.<\/p>\n<p style=\"text-align: justify;\">4) Bu nedenle, 3 ve 4 Temmuz g\u00fcnleri, ayaklanma bir yanl\u0131\u015fl\u0131k olurdu: iktidar\u0131 ne maddeten ne de siyasal olarak koruyabilecektik. Her ne kadar Petrograd zaman zaman bizim elimizde olsa da, (iktidar\u0131-\u00e7.) maddeten (koruyamazd\u0131k-\u00e7.), \u00e7\u00fcnk\u00fc i\u015f\u00e7ilerimiz ve askerlerimiz Petrograd&#8217;\u0131 elde tutmak i\u00e7in d\u00f6v\u00fc\u015fmeyi, \u00f6lmeyi o zaman kabul etmezlerdi: ayn\u0131 zamanda hem Kerenski&#8217;lere ve hem de \u00c7ereteli&#8217;ler ve \u00c7ernov&#8217;lara kar\u015f\u0131 bu &#8216;k\u0131zg\u0131nl\u0131k&#8221;, bu yat\u0131\u015fmaz kin o zaman yoktu; bol\u015feviklere kar\u015f\u0131, sosyalist-devrimcilerin ve men\u015feviklerin de kat\u0131ld\u0131klar\u0131 k\u0131y\u0131mlar\u0131n deneyimi ile insanlar\u0131m\u0131z hen\u00fcz yo\u011frulmam\u0131\u015flard\u0131.<\/p>\n<p style=\"text-align: justify;\">Siyasal olarak 3 ve 4 temmuz g\u00fcnleri iktidar\u0131 koruyamayacakt\u0131k, \u00e7\u00fcnk\u00fc, Kornilov ser\u00fcveninden \u00f6nce, ordu ve ta\u015fra, Petrograd&#8217;a kar\u015f\u0131 y\u00fcr\u00fcyebilirdi ve y\u00fcr\u00fcyecekti.<\/p>\n<p style=\"text-align: justify;\">Bug\u00fcn durum bamba\u015fkad\u0131r.<br \/> Devrimin \u00f6nc\u00fcs\u00fc, y\u0131\u011f\u0131nlar\u0131 s\u00fcr\u00fcklemeye yetenekli, halk\u0131n \u00f6nc\u00fcs\u00fc olan s\u0131n\u0131f\u0131n \u00e7o\u011funlu\u011fu bizden yana.<br \/> Halk\u0131n \u00e7o\u011funlu\u011fu bizden yana, \u00e7\u00fcnk\u00fc \u00c7ernov&#8217;un h\u00fck\u00fcmetten ayr\u0131l\u0131\u015f\u0131, k\u00f6yl\u00fcl\u00fc\u011f\u00fcn sosyalist-devrimci bloktan (ne de sosyalist-devrimcilerin kendinden) toprak almayaca\u011f\u0131n\u0131n, her ne kadar tek belirtisi olmaktan uzaksa da, gene de en g\u00f6zle g\u00f6r\u00fcl\u00fcr ve en somut belirtisidir. Ba\u015fl\u0131ca nokta, devrime kendi ulusal niteli\u011fini veren nokta da, i\u015fte budur.<br \/> T\u00fcm emperyalizm ve t\u00fcm men\u015fevikler ve sosyalist-devrimciler blokunun g\u00f6r\u00fclmemi\u015fduraksamalar\u0131 kar\u015f\u0131s\u0131nda, partinin kendi yolunu \u00e7ok iyi bildi\u011fi bir durumun \u00fcst\u00fcnl\u00fc\u011f\u00fc bizden yana.<\/p>\n<p style=\"text-align: justify;\">Kesin bir zafer bizden yana, \u00e7\u00fcnk\u00fc halk art\u0131k umutsuzlu\u011fun k\u0131y\u0131s\u0131ndad\u0131r, ve biz, &#8220;Kornilov g\u00fcnleri s\u0131ras\u0131ndaki&#8221; y\u00f6netimimizin \u00f6nemini g\u00f6stererek, sonra da &#8220;blok\u00e7ular&#8221;a bir uzla\u015fma \u00f6nererek ve onlardan kendi duraksamalar\u0131na bir son vermekten uzak bir red yan\u0131t\u0131 alarak, t\u00fcm halka ayd\u0131nl\u0131k bir persfektif sunuyoruz.<\/p>\n<p style=\"text-align: justify;\">Uzla\u015fma \u00f6nerimizin hen\u00fcz reddedilmemi\u015f oldu\u011funa, Demokratik Konferans\u0131n hen\u00fcz onu kabul edebilece\u011fine inanmak, en b\u00fcy\u00fck yanl\u0131\u015fl\u0131k olurdu. Uzla\u015fma, bir parti taraf\u0131ndan partilere \u00f6nerilmi\u015fti: bu i\u015f ba\u015fka t\u00fcrl\u00fc de olamazd\u0131. Partiler bu uzla\u015fma \u00f6nerisini kabul etmediler. Demokratik Konferans, yaln\u0131zca bir konferanst\u0131r, ba\u015fka hi\u00e7 bir \u015fey de\u011fil. Unutulmamas\u0131 gereken \u015fey, onun devrimci halk \u00e7o\u011funlu\u011funu, yoksulla\u015fm\u0131\u015f ve k\u0131zd\u0131r\u0131lm\u0131\u015f k\u00f6yl\u00fcl\u00fc\u011f\u00fc temsil etmedi\u011fidir. Bu bir halk az\u0131nl\u0131\u011f\u0131 konferans\u0131d\u0131r bu apa\u00e7\u0131k ger\u00e7e\u011fi unutmamak gerek. Demokratik Konferansa bir parlamento gibi davranmak, bizim bak\u0131m\u0131m\u0131zdan en b\u00fcy\u00fck yanl\u0131\u015fl\u0131k, en k\u00f6t\u00fc parlamenter al\u0131kl\u0131k olurdu, \u00e7\u00fcnk\u00fc o e\u011fer kendini parlamento ve devrimin egemen parlamentosu olarak da ilan etse, her \u015feye kar\u015f\u0131n hi\u00e7 bir \u015feyi kararla\u015ft\u0131ramayacakt\u0131r: Karar ona de\u011fil, Petrograd ve Moskova i\u015f\u00e7i mahallelerine ba\u011fl\u0131d\u0131r.<\/p>\n<p style=\"text-align: justify;\">Ba\u015far\u0131 ile ta\u00e7lanm\u0131\u015f bir ayaklanman\u0131n b\u00fct\u00fcn nesnel ko\u015fullar\u0131 biraraya gelmi\u015f bulunuyor. Halk\u0131 \u00e7ileden \u00e7\u0131karan ve ger\u00e7ek bir i\u015fkence olu\u015fturan duraksamalara, yaln\u0131z bizim ayaklanmadaki zaferimizin son verece\u011fi; yaln\u0131z bizim ayaklanmadaki zaferimizin topra\u011f\u0131 k\u00f6yl\u00fcl\u00fc\u011fe hemen verece\u011fi; devrime kar\u015f\u0131 ayr\u0131 bar\u0131\u015f manevralar\u0131n\u0131, yaln\u0131z bizim ayaklanmadaki zaferimizin ba\u015far\u0131s\u0131zl\u0131\u011fa u\u011frataca\u011f\u0131, bu manevralar\u0131, daha tam, daha adil ve daha yak\u0131n bir bar\u0131\u015f, devrime elveri\u015fli bir bar\u0131\u015f a\u00e7\u0131k \u00f6nerisi ile ba\u015far\u0131s\u0131zl\u0131\u011fa u\u011frataca\u011f\u0131 bir durumun ola\u011fan\u00fcst\u00fc \u00fcst\u00fcnl\u00fc\u011f\u00fc bizden yana.<br \/> Ensonu yaln\u0131z bizim partimiz, ayaklanmada zafer kazand\u0131ktan sonra, Petrograd&#8217;\u0131 kurtarabilir, \u00e7\u00fcnk\u00fc, e\u011fer bizim bar\u0131\u015f \u00f6nerimiz kabul edilmez ve bir silah b\u0131rak\u0131\u015fmas\u0131 bile sa\u011flayamazsak, o zaman &#8220;a\u015f\u0131r\u0131c\u0131l\u0131\u011f\u0131n&#8221; as\u0131l yanda\u015flar\u0131 biz olaca\u011f\u0131z, sava\u015f partilerinin ba\u015f\u0131nda biz olaca\u011f\u0131z, en iyi &#8220;sava\u015f&#8221; partisi biz olaca\u011f\u0131z ve sava\u015f\u0131 ger\u00e7ekten devrimci bir bi\u00e7imde y\u00fcr\u00fctece\u011fiz. Kapitalistlerin b\u00fct\u00fcn ekmeklerini ve b\u00fct\u00fcn \u00e7izmelerini ellerinden alaca\u011f\u0131z. Onlara ekmek k\u0131r\u0131nt\u0131lar\u0131n\u0131 b\u0131rakacak, onlara \u00e7ar\u0131k giydirece\u011fiz. B\u00fct\u00fcn ekmek ve b\u00fct\u00fcn kunduralar\u0131 cepheye verece\u011fiz.<br \/> O zaman Petrograd&#8217;\u0131 ba\u015far\u0131yla savunaca\u011f\u0131z.<\/p>\n<p style=\"text-align: justify;\">Ger\u00e7ekten devrimci bir sava\u015f i\u00e7in, maddi oldu\u011fu kadar manevi kaynaklar da, Rusya&#8217;da hala \u00e7oktur; Almanlar\u0131n bizimle hi\u00e7 olmazsa bir silah b\u0131rak\u0131\u015fmas\u0131 yapmalar\u0131 i\u00e7in y\u00fczde-doksandokuz \u015fans vard\u0131r. Ve bug\u00fcn bir silah b\u0131rak\u0131\u015fmas\u0131 sa\u011flamak, t\u00fcm d\u00fcnyay\u0131 yenmektir.<br \/> Devrimi kurtarmak ve Rusya&#8217;y\u0131 her iki koalisyon emperyalistlerinin de istedikleri &#8220;ayr\u0131&#8221; payla\u015f\u0131mdan kurturmak i\u00e7in, Petrograd ve Moskova i\u015f\u00e7ilerinin ayaklanmas\u0131n\u0131n kesinlikle zorunlu oldu\u011funun bilincine varm\u0131\u015f bulunan bizler, ilkin, siyasal takti\u011fimizi, Konferansta, y\u00fckselen devrim ko\u015fullar\u0131na uyarlamal\u0131y\u0131z; sonra da, Marks&#8217;\u0131n ayaklanmay\u0131 bir sanat olarak g\u00f6rmenin zorunlulu\u011fu \u00fczerindeki d\u00fc\u015f\u00fcncesini yaln\u0131zca s\u00f6zde kabul etmedi\u011fimizi tan\u0131tlamal\u0131y\u0131z.<\/p>\n<p style=\"text-align: justify;\">Say\u0131 ile etkilenmeksizin, karars\u0131zlar\u0131 karars\u0131zlar kamp\u0131nda b\u0131rakmaktan korkmaks\u0131z\u0131n, Konferansa kat\u0131lan bol\u015fevik kanada gecikmeden yeni bir birlik vermeliyiz: Karars\u0131zlar devrim davas\u0131na orada (karars\u0131zlar kamp\u0131nda-\u00e7.) g\u00f6z\u00fcpek ve \u00f6zverili sava\u015f\u00e7\u0131lar kamp\u0131nda oldu\u011fundan daha yararl\u0131 olacaklard\u0131r.<\/p>\n<p style=\"text-align: justify;\">Uzun s\u00f6ylevlerin yetersizli\u011fini, genel olarak &#8220;s\u00f6ylev&#8221;lerin yersizli\u011fini, devrimin kurtulu\u015fu i\u00e7in ivedi bir eylem zorunlulu\u011funu, burjuvaziden tam bir kopma, b\u00fct\u00fcn bug\u00fcnk\u00fc h\u00fck\u00fcmet \u00fcyelerinin g\u00f6revden al\u0131nma, Rusya&#8217; n\u0131n &#8220;ayr\u0131&#8221; bir payla\u015f\u0131m\u0131n\u0131 haz\u0131rlayan \u0130ngiliz-Frans\u0131z emperyalistlerinden tam bir kopma kesin zorunlulu\u011funu, b\u00fct\u00fcn iktidar\u0131 hemen devrimci proletarya taraf\u0131ndan y\u00f6netilen devrimci demokrasinin eline ge\u00e7irme zorunlulu\u011funu en kesin bir bi\u00e7imde belirten k\u0131sa bir bol\u015fevikler bildirgesi yazmal\u0131y\u0131z.<\/p>\n<p style=\"text-align: justify;\">Bildirgemiz, program tasar\u0131m\u0131z ile ba\u011fl\u0131l\u0131k i\u00e7inde, \u015fu varg\u0131y\u0131 en k\u0131sa ve en a\u00e7\u0131k bi\u00e7imde form\u00fcllendirmelidir: Halklara bar\u0131\u015f, k\u00f6yl\u00fclere toprak, y\u00fczk\u0131zart\u0131c\u0131 kazan\u00e7lara el koyma ve \u00fcretimin kapitalistler taraf\u0131ndan edepsizce baltalanmas\u0131na kar\u015f\u0131 bast\u0131rma.<\/p>\n<p style=\"text-align: justify;\">Bildirgemiz ne denli k\u0131sa, ne denli kesin olursa, o denli iyi olacakt\u0131r. Yaln\u0131zca bu bildirgede \u00e7ok \u00f6nemli iki noktay\u0131 daha vurgulamak gerekir: Halk karars\u0131zl\u0131klar y\u00fcz\u00fcnden \u00e7ileden \u00e7\u0131km\u0131\u015ft\u0131r, halk sosyalist-devrimciler ile men\u015feviklerin karars\u0131zl\u0131\u011f\u0131 y\u00fcz\u00fcnden rahats\u0131zd\u0131r; biz bu partilerden kesinlikle kopuyoruz, \u00e7\u00fcnk\u00fc onlar devrime ihanet etmi\u015flerdir.<\/p>\n<p style=\"text-align: justify;\">Ba\u015fka bir \u015fey daha: Hemen ilhaks\u0131z bir bar\u0131\u015f \u00f6nererek, m\u00fcttefik emperyalistlerden ve t\u00fcm emperyalistlerden hemen koparak, hemen ya bir silah b\u0131rak\u0131\u015fmas\u0131, ya da b\u00fct\u00fcn devrimci proletaryan\u0131n savunmaya kat\u0131lmas\u0131n\u0131, ve devrimci demokrasi taraf\u0131ndan, devrimci demokrasinin y\u00f6netimi alt\u0131nda, ger\u00e7ekten adil, ger\u00e7ekten devrimci bir sava\u015f\u0131n s\u00fcrd\u00fcr\u00fclmesini elde edece\u011fiz.<\/p>\n<p style=\"text-align: justify;\">Bu bildirgeyi okuduktan sonra, s\u00f6zler de\u011fil kararlar, yaz\u0131l\u0131 kararlar de\u011fil eylemler istedikten sonra, b\u00fct\u00fcn kanad\u0131m\u0131z\u0131 fabrikalara ve k\u0131\u015flalara g\u00f6ndermeliyiz: onun yeri oralardad\u0131r, devrimin dirimsel g\u00fcc\u00fc oralardad\u0131r, devrimin kurtulu\u015fu oralardan gelecektir, Demokratik Konferans\u0131n itici g\u00fcc\u00fc oralard\u0131r.<\/p>\n<p style=\"text-align: justify;\">Ate\u015fli, heyecanl\u0131 s\u00f6ylevlerimizde, program\u0131m\u0131z\u0131 oralarda a\u00e7\u0131klaml\u0131 ve sorunu \u015f\u00f6yle koymal\u0131y\u0131z: Ya bu program\u0131n Konferans taraf\u0131ndan eksiksiz kabul\u00fc, ya da ayaklanma. Orta yol yoktur. Beklemek olanaks\u0131zd\u0131r. Devrim mahvolur.<\/p>\n<p style=\"text-align: justify;\">Sorun b\u00f6ylece konduktan sonra, t\u00fcm kanad\u0131m\u0131z fabrikalar ve k\u0131\u015flalarda toplanm\u0131\u015f bulundu\u011fundan, ayaklanman\u0131n ba\u015flamas\u0131 gereken zaman\u0131 kararla\u015ft\u0131rabilecek bir durumda olaca\u011f\u0131z.<\/p>\n<p style=\"text-align: justify;\">Ve ayaklanmay\u0131 Marksistler olarak, yani bir sanat olarak g\u00f6rmek i\u00e7in, ayn\u0131 zamanda, bir dakika yitirmeksizin, ayaklanma m\u00fcfrezeleri kurmayan\u0131 \u00f6rg\u00fctlemeli, g\u00fc\u00e7lerimizi yerli yerine da\u011f\u0131tmal\u0131, g\u00fcvenilir alaylar\u0131 en \u00f6nemli noktalara g\u00f6ndermeli, Aleksandra Tiyatrosunu ku\u015fatmal\u0131, Piyer ve Pol kalesini ku\u015fatmal\u0131, genelkurmay\u0131 ve h\u00fck\u00fcmeti tutuklamal\u0131, harpokulu \u00f6\u011frencilerine ve &#8220;vah\u015fi t\u00fcmen&#8221;e kar\u015f\u0131, d\u00fc\u015fman\u0131 kentin dirimsel merkezlerine sokmaktansa, \u00f6lmeye haz\u0131r m\u00fcfrezeleri g\u00f6ndermeliyiz; silahl\u0131 i\u015f\u00e7ileri seferber etmeli, onlar\u0131 son ve amans\u0131z bir sava\u015f\u0131ma \u00e7a\u011f\u0131rmal\u0131, telgraf ve telefonu ayn\u0131 zamanda i\u015fgal etmeli, bizim ayaklanma kurmay\u0131m\u0131z\u0131 Telefon Merkezine yerle\u015ftirmeli, onu b\u00fct\u00fcn fabrikalara, b\u00fct\u00fcn alaylara, b\u00fct\u00fcn silahl\u0131 sava\u015f\u0131m merkezlerine, vb. telefonla ba\u011flamal\u0131y\u0131z.<\/p>\n<p style=\"text-align: justify;\">B\u00fct\u00fcn bunlar, ku\u015fkusuz, yaln\u0131zca yakla\u015f\u0131k, ve yaln\u0131zca, ya\u015fad\u0131\u011f\u0131m\u0131z anda, e\u011fer ayaklanma bir sanat olarak g\u00f6r\u00fclmezse, Marksizme ba\u011fl\u0131 kal\u0131namayaca\u011f\u0131, devrime ba\u011fl\u0131 kal\u0131namayaca\u011f\u0131 olgusunu ayd\u0131nlatmaya y\u00f6nelik \u015feylerdir.<\/p>\n<p style=\"text-align: justify;\"><strong>Marksizm ve ayaklanma<\/strong><\/p>\n<p>LEN\u0130N<br \/>13-14 (26-27) Eyl\u00fcl 1917 g\u00fcnleri yaz\u0131ld\u0131.\u0130lk kez 1921&#8217;de Proletarskaya Revolutsiya No: 2&#8217;de yay\u0131nland\u0131.<br \/>Eri\u015f Yay\u0131nlar\u0131 taraf\u0131ndan d\u00fczenlenmi\u015ftir.<\/p>\n","protected":false},"excerpt":{"rendered":"<p>Ayaklanmaya haz\u0131rlanman\u0131n ve genel olarak, ayaklanmay\u0131 bir sanat olarak g\u00f6rme bi\u00e7iminin &#8220;blankicilik&#8221; oldu\u011funu ileri s\u00fcren oport\u00fcnist yalan, Marksizmin \u00e7arp\u0131t\u0131lmalar\u0131 aras\u0131nda, en k\u00f6t\u00fc niyetlerden ve egemen &#8220;sosyalist&#8221; partiler taraf\u0131ndan belki de en \u00e7ok yay\u0131lm\u0131\u015f bulunanlardan biridir. Oport\u00fcnizmin b\u00fcy\u00fck ustas\u0131, Bernstein, Marksizme kar\u015f\u0131 blankicilik su\u00e7lamas\u0131n\u0131 ileri s\u00fcrerek, ac\u0131kl\u0131 bir \u00fcn kazanm\u0131\u015ft\u0131, ve ger\u00e7ekte, bug\u00fcn\u00fcn oport\u00fcnistleri, blankicilik diye [&hellip;]<\/p>\n","protected":false},"author":1,"featured_media":0,"comment_status":"open","ping_status":"open","sticky":false,"template":"","format":"standard","meta":{"footnotes":""},"categories":[57],"tags":[],"class_list":["post-4784","post","type-post","status-publish","format-standard","category-vladimir-ilyic-lenin"],"yoast_head":"<!-- This site is optimized with the Yoast SEO Premium plugin v24.9 (Yoast SEO v24.9) - https:\/\/yoast.com\/wordpress\/plugins\/seo\/ -->\n<title>Marksizm ve Ayaklanma | V.\u0130.Lenin - narteks.net<\/title>\n<meta name=\"robots\" content=\"index, follow, max-snippet:-1, max-image-preview:large, max-video-preview:-1\" \/>\n<link rel=\"canonical\" href=\"https:\/\/narteks.net\/index.php\/2010\/11\/22\/marksizm-ve-ayaklanma-vlenin\/\" \/>\n<meta property=\"og:locale\" content=\"tr_TR\" \/>\n<meta property=\"og:type\" content=\"article\" \/>\n<meta property=\"og:title\" content=\"Marksizm ve Ayaklanma | V.\u0130.Lenin\" \/>\n<meta property=\"og:description\" content=\"Ayaklanmaya haz\u0131rlanman\u0131n ve genel olarak, ayaklanmay\u0131 bir sanat olarak g\u00f6rme bi\u00e7iminin &#8220;blankicilik&#8221; oldu\u011funu ileri s\u00fcren oport\u00fcnist yalan, Marksizmin \u00e7arp\u0131t\u0131lmalar\u0131 aras\u0131nda, en k\u00f6t\u00fc niyetlerden ve egemen &#8220;sosyalist&#8221; partiler taraf\u0131ndan belki de en \u00e7ok yay\u0131lm\u0131\u015f bulunanlardan biridir. Oport\u00fcnizmin b\u00fcy\u00fck ustas\u0131, Bernstein, Marksizme kar\u015f\u0131 blankicilik su\u00e7lamas\u0131n\u0131 ileri s\u00fcrerek, ac\u0131kl\u0131 bir \u00fcn kazanm\u0131\u015ft\u0131, ve ger\u00e7ekte, bug\u00fcn\u00fcn oport\u00fcnistleri, blankicilik diye [&hellip;]\" \/>\n<meta property=\"og:url\" content=\"https:\/\/narteks.net\/index.php\/2010\/11\/22\/marksizm-ve-ayaklanma-vlenin\/\" \/>\n<meta property=\"og:site_name\" content=\"narteks.net\" \/>\n<meta property=\"article:published_time\" content=\"2010-11-22T08:40:52+00:00\" \/>\n<meta property=\"og:image\" content=\"http:\/\/img1.loadtr.com\/b-266298-lenin.jpg\" \/>\n<meta name=\"author\" content=\"Tar\u0131k\" \/>\n<meta name=\"twitter:card\" content=\"summary_large_image\" \/>\n<meta name=\"twitter:creator\" content=\"@narteks\" \/>\n<meta name=\"twitter:site\" content=\"@narteks\" \/>\n<meta name=\"twitter:label1\" content=\"Yazan:\" \/>\n\t<meta name=\"twitter:data1\" content=\"Tar\u0131k\" \/>\n\t<meta name=\"twitter:label2\" content=\"Tahmini okuma s\u00fcresi\" \/>\n\t<meta name=\"twitter:data2\" content=\"11 dakika\" \/>\n<script type=\"application\/ld+json\" class=\"yoast-schema-graph\">{\"@context\":\"https:\/\/schema.org\",\"@graph\":[{\"@type\":\"Article\",\"@id\":\"https:\/\/narteks.net\/index.php\/2010\/11\/22\/marksizm-ve-ayaklanma-vlenin\/#article\",\"isPartOf\":{\"@id\":\"https:\/\/narteks.net\/index.php\/2010\/11\/22\/marksizm-ve-ayaklanma-vlenin\/\"},\"author\":{\"name\":\"Tar\u0131k\",\"@id\":\"https:\/\/narteks.net\/#\/schema\/person\/61f37d9834294b72d31d274e7ed79bca\"},\"headline\":\"Marksizm ve Ayaklanma | V.\u0130.Lenin\",\"datePublished\":\"2010-11-22T08:40:52+00:00\",\"mainEntityOfPage\":{\"@id\":\"https:\/\/narteks.net\/index.php\/2010\/11\/22\/marksizm-ve-ayaklanma-vlenin\/\"},\"wordCount\":2162,\"commentCount\":0,\"publisher\":{\"@id\":\"https:\/\/narteks.net\/#organization\"},\"image\":{\"@id\":\"https:\/\/narteks.net\/index.php\/2010\/11\/22\/marksizm-ve-ayaklanma-vlenin\/#primaryimage\"},\"thumbnailUrl\":\"http:\/\/img1.loadtr.com\/b-266298-lenin.jpg\",\"articleSection\":[\"Vladimir \u0130lyi\u00e7 Lenin\"],\"inLanguage\":\"tr\",\"potentialAction\":[{\"@type\":\"CommentAction\",\"name\":\"Comment\",\"target\":[\"https:\/\/narteks.net\/index.php\/2010\/11\/22\/marksizm-ve-ayaklanma-vlenin\/#respond\"]}]},{\"@type\":\"WebPage\",\"@id\":\"https:\/\/narteks.net\/index.php\/2010\/11\/22\/marksizm-ve-ayaklanma-vlenin\/\",\"url\":\"https:\/\/narteks.net\/index.php\/2010\/11\/22\/marksizm-ve-ayaklanma-vlenin\/\",\"name\":\"Marksizm ve Ayaklanma | V.\u0130.Lenin - narteks.net\",\"isPartOf\":{\"@id\":\"https:\/\/narteks.net\/#website\"},\"primaryImageOfPage\":{\"@id\":\"https:\/\/narteks.net\/index.php\/2010\/11\/22\/marksizm-ve-ayaklanma-vlenin\/#primaryimage\"},\"image\":{\"@id\":\"https:\/\/narteks.net\/index.php\/2010\/11\/22\/marksizm-ve-ayaklanma-vlenin\/#primaryimage\"},\"thumbnailUrl\":\"http:\/\/img1.loadtr.com\/b-266298-lenin.jpg\",\"datePublished\":\"2010-11-22T08:40:52+00:00\",\"breadcrumb\":{\"@id\":\"https:\/\/narteks.net\/index.php\/2010\/11\/22\/marksizm-ve-ayaklanma-vlenin\/#breadcrumb\"},\"inLanguage\":\"tr\",\"potentialAction\":[{\"@type\":\"ReadAction\",\"target\":[\"https:\/\/narteks.net\/index.php\/2010\/11\/22\/marksizm-ve-ayaklanma-vlenin\/\"]}]},{\"@type\":\"ImageObject\",\"inLanguage\":\"tr\",\"@id\":\"https:\/\/narteks.net\/index.php\/2010\/11\/22\/marksizm-ve-ayaklanma-vlenin\/#primaryimage\",\"url\":\"http:\/\/img1.loadtr.com\/b-266298-lenin.jpg\",\"contentUrl\":\"http:\/\/img1.loadtr.com\/b-266298-lenin.jpg\"},{\"@type\":\"BreadcrumbList\",\"@id\":\"https:\/\/narteks.net\/index.php\/2010\/11\/22\/marksizm-ve-ayaklanma-vlenin\/#breadcrumb\",\"itemListElement\":[{\"@type\":\"ListItem\",\"position\":1,\"name\":\"Anasayfa\",\"item\":\"https:\/\/narteks.net\/\"},{\"@type\":\"ListItem\",\"position\":2,\"name\":\"Marksizm ve Ayaklanma | V.\u0130.Lenin\"}]},{\"@type\":\"WebSite\",\"@id\":\"https:\/\/narteks.net\/#website\",\"url\":\"https:\/\/narteks.net\/\",\"name\":\"narteks.net\",\"description\":\"K\u00fclt\u00fcr Sanat Edebiyat Felsefe\",\"publisher\":{\"@id\":\"https:\/\/narteks.net\/#organization\"},\"alternateName\":\"K\u00fclt\u00fcr Sanat Edebiyat Felsefe\",\"potentialAction\":[{\"@type\":\"SearchAction\",\"target\":{\"@type\":\"EntryPoint\",\"urlTemplate\":\"https:\/\/narteks.net\/?s={search_term_string}\"},\"query-input\":{\"@type\":\"PropertyValueSpecification\",\"valueRequired\":true,\"valueName\":\"search_term_string\"}}],\"inLanguage\":\"tr\"},{\"@type\":\"Organization\",\"@id\":\"https:\/\/narteks.net\/#organization\",\"name\":\"narteks.net\",\"url\":\"https:\/\/narteks.net\/\",\"logo\":{\"@type\":\"ImageObject\",\"inLanguage\":\"tr\",\"@id\":\"https:\/\/narteks.net\/#\/schema\/logo\/image\/\",\"url\":\"https:\/\/narteks.net\/wp-content\/uploads\/narteks.png\",\"contentUrl\":\"https:\/\/narteks.net\/wp-content\/uploads\/narteks.png\",\"width\":300,\"height\":90,\"caption\":\"narteks.net\"},\"image\":{\"@id\":\"https:\/\/narteks.net\/#\/schema\/logo\/image\/\"},\"sameAs\":[\"https:\/\/x.com\/narteks\",\"https:\/\/instagram.com\/narteksnet\"]},{\"@type\":\"Person\",\"@id\":\"https:\/\/narteks.net\/#\/schema\/person\/61f37d9834294b72d31d274e7ed79bca\",\"name\":\"Tar\u0131k\",\"image\":{\"@type\":\"ImageObject\",\"inLanguage\":\"tr\",\"@id\":\"https:\/\/narteks.net\/#\/schema\/person\/image\/\",\"url\":\"https:\/\/secure.gravatar.com\/avatar\/50865afb55632c4ae467e0af0930f6510aa2297d8014be502a55b14f3b7550cf?s=96&d=mm&r=g\",\"contentUrl\":\"https:\/\/secure.gravatar.com\/avatar\/50865afb55632c4ae467e0af0930f6510aa2297d8014be502a55b14f3b7550cf?s=96&d=mm&r=g\",\"caption\":\"Tar\u0131k\"},\"sameAs\":[\"http:\/\/narteks.net\"],\"url\":\"https:\/\/narteks.net\/index.php\/author\/narbak\/\"}]}<\/script>\n<!-- \/ Yoast SEO Premium plugin. -->","yoast_head_json":{"title":"Marksizm ve Ayaklanma | V.\u0130.Lenin - narteks.net","robots":{"index":"index","follow":"follow","max-snippet":"max-snippet:-1","max-image-preview":"max-image-preview:large","max-video-preview":"max-video-preview:-1"},"canonical":"https:\/\/narteks.net\/index.php\/2010\/11\/22\/marksizm-ve-ayaklanma-vlenin\/","og_locale":"tr_TR","og_type":"article","og_title":"Marksizm ve Ayaklanma | V.\u0130.Lenin","og_description":"Ayaklanmaya haz\u0131rlanman\u0131n ve genel olarak, ayaklanmay\u0131 bir sanat olarak g\u00f6rme bi\u00e7iminin &#8220;blankicilik&#8221; oldu\u011funu ileri s\u00fcren oport\u00fcnist yalan, Marksizmin \u00e7arp\u0131t\u0131lmalar\u0131 aras\u0131nda, en k\u00f6t\u00fc niyetlerden ve egemen &#8220;sosyalist&#8221; partiler taraf\u0131ndan belki de en \u00e7ok yay\u0131lm\u0131\u015f bulunanlardan biridir. Oport\u00fcnizmin b\u00fcy\u00fck ustas\u0131, Bernstein, Marksizme kar\u015f\u0131 blankicilik su\u00e7lamas\u0131n\u0131 ileri s\u00fcrerek, ac\u0131kl\u0131 bir \u00fcn kazanm\u0131\u015ft\u0131, ve ger\u00e7ekte, bug\u00fcn\u00fcn oport\u00fcnistleri, blankicilik diye [&hellip;]","og_url":"https:\/\/narteks.net\/index.php\/2010\/11\/22\/marksizm-ve-ayaklanma-vlenin\/","og_site_name":"narteks.net","article_published_time":"2010-11-22T08:40:52+00:00","og_image":[{"url":"http:\/\/img1.loadtr.com\/b-266298-lenin.jpg","type":"","width":"","height":""}],"author":"Tar\u0131k","twitter_card":"summary_large_image","twitter_creator":"@narteks","twitter_site":"@narteks","twitter_misc":{"Yazan:":"Tar\u0131k","Tahmini okuma s\u00fcresi":"11 dakika"},"schema":{"@context":"https:\/\/schema.org","@graph":[{"@type":"Article","@id":"https:\/\/narteks.net\/index.php\/2010\/11\/22\/marksizm-ve-ayaklanma-vlenin\/#article","isPartOf":{"@id":"https:\/\/narteks.net\/index.php\/2010\/11\/22\/marksizm-ve-ayaklanma-vlenin\/"},"author":{"name":"Tar\u0131k","@id":"https:\/\/narteks.net\/#\/schema\/person\/61f37d9834294b72d31d274e7ed79bca"},"headline":"Marksizm ve Ayaklanma | V.\u0130.Lenin","datePublished":"2010-11-22T08:40:52+00:00","mainEntityOfPage":{"@id":"https:\/\/narteks.net\/index.php\/2010\/11\/22\/marksizm-ve-ayaklanma-vlenin\/"},"wordCount":2162,"commentCount":0,"publisher":{"@id":"https:\/\/narteks.net\/#organization"},"image":{"@id":"https:\/\/narteks.net\/index.php\/2010\/11\/22\/marksizm-ve-ayaklanma-vlenin\/#primaryimage"},"thumbnailUrl":"http:\/\/img1.loadtr.com\/b-266298-lenin.jpg","articleSection":["Vladimir \u0130lyi\u00e7 Lenin"],"inLanguage":"tr","potentialAction":[{"@type":"CommentAction","name":"Comment","target":["https:\/\/narteks.net\/index.php\/2010\/11\/22\/marksizm-ve-ayaklanma-vlenin\/#respond"]}]},{"@type":"WebPage","@id":"https:\/\/narteks.net\/index.php\/2010\/11\/22\/marksizm-ve-ayaklanma-vlenin\/","url":"https:\/\/narteks.net\/index.php\/2010\/11\/22\/marksizm-ve-ayaklanma-vlenin\/","name":"Marksizm ve Ayaklanma | V.\u0130.Lenin - narteks.net","isPartOf":{"@id":"https:\/\/narteks.net\/#website"},"primaryImageOfPage":{"@id":"https:\/\/narteks.net\/index.php\/2010\/11\/22\/marksizm-ve-ayaklanma-vlenin\/#primaryimage"},"image":{"@id":"https:\/\/narteks.net\/index.php\/2010\/11\/22\/marksizm-ve-ayaklanma-vlenin\/#primaryimage"},"thumbnailUrl":"http:\/\/img1.loadtr.com\/b-266298-lenin.jpg","datePublished":"2010-11-22T08:40:52+00:00","breadcrumb":{"@id":"https:\/\/narteks.net\/index.php\/2010\/11\/22\/marksizm-ve-ayaklanma-vlenin\/#breadcrumb"},"inLanguage":"tr","potentialAction":[{"@type":"ReadAction","target":["https:\/\/narteks.net\/index.php\/2010\/11\/22\/marksizm-ve-ayaklanma-vlenin\/"]}]},{"@type":"ImageObject","inLanguage":"tr","@id":"https:\/\/narteks.net\/index.php\/2010\/11\/22\/marksizm-ve-ayaklanma-vlenin\/#primaryimage","url":"http:\/\/img1.loadtr.com\/b-266298-lenin.jpg","contentUrl":"http:\/\/img1.loadtr.com\/b-266298-lenin.jpg"},{"@type":"BreadcrumbList","@id":"https:\/\/narteks.net\/index.php\/2010\/11\/22\/marksizm-ve-ayaklanma-vlenin\/#breadcrumb","itemListElement":[{"@type":"ListItem","position":1,"name":"Anasayfa","item":"https:\/\/narteks.net\/"},{"@type":"ListItem","position":2,"name":"Marksizm ve Ayaklanma | V.\u0130.Lenin"}]},{"@type":"WebSite","@id":"https:\/\/narteks.net\/#website","url":"https:\/\/narteks.net\/","name":"narteks.net","description":"K\u00fclt\u00fcr Sanat Edebiyat Felsefe","publisher":{"@id":"https:\/\/narteks.net\/#organization"},"alternateName":"K\u00fclt\u00fcr Sanat Edebiyat Felsefe","potentialAction":[{"@type":"SearchAction","target":{"@type":"EntryPoint","urlTemplate":"https:\/\/narteks.net\/?s={search_term_string}"},"query-input":{"@type":"PropertyValueSpecification","valueRequired":true,"valueName":"search_term_string"}}],"inLanguage":"tr"},{"@type":"Organization","@id":"https:\/\/narteks.net\/#organization","name":"narteks.net","url":"https:\/\/narteks.net\/","logo":{"@type":"ImageObject","inLanguage":"tr","@id":"https:\/\/narteks.net\/#\/schema\/logo\/image\/","url":"https:\/\/narteks.net\/wp-content\/uploads\/narteks.png","contentUrl":"https:\/\/narteks.net\/wp-content\/uploads\/narteks.png","width":300,"height":90,"caption":"narteks.net"},"image":{"@id":"https:\/\/narteks.net\/#\/schema\/logo\/image\/"},"sameAs":["https:\/\/x.com\/narteks","https:\/\/instagram.com\/narteksnet"]},{"@type":"Person","@id":"https:\/\/narteks.net\/#\/schema\/person\/61f37d9834294b72d31d274e7ed79bca","name":"Tar\u0131k","image":{"@type":"ImageObject","inLanguage":"tr","@id":"https:\/\/narteks.net\/#\/schema\/person\/image\/","url":"https:\/\/secure.gravatar.com\/avatar\/50865afb55632c4ae467e0af0930f6510aa2297d8014be502a55b14f3b7550cf?s=96&d=mm&r=g","contentUrl":"https:\/\/secure.gravatar.com\/avatar\/50865afb55632c4ae467e0af0930f6510aa2297d8014be502a55b14f3b7550cf?s=96&d=mm&r=g","caption":"Tar\u0131k"},"sameAs":["http:\/\/narteks.net"],"url":"https:\/\/narteks.net\/index.php\/author\/narbak\/"}]}},"_links":{"self":[{"href":"https:\/\/narteks.net\/index.php\/wp-json\/wp\/v2\/posts\/4784","targetHints":{"allow":["GET"]}}],"collection":[{"href":"https:\/\/narteks.net\/index.php\/wp-json\/wp\/v2\/posts"}],"about":[{"href":"https:\/\/narteks.net\/index.php\/wp-json\/wp\/v2\/types\/post"}],"author":[{"embeddable":true,"href":"https:\/\/narteks.net\/index.php\/wp-json\/wp\/v2\/users\/1"}],"replies":[{"embeddable":true,"href":"https:\/\/narteks.net\/index.php\/wp-json\/wp\/v2\/comments?post=4784"}],"version-history":[{"count":0,"href":"https:\/\/narteks.net\/index.php\/wp-json\/wp\/v2\/posts\/4784\/revisions"}],"wp:attachment":[{"href":"https:\/\/narteks.net\/index.php\/wp-json\/wp\/v2\/media?parent=4784"}],"wp:term":[{"taxonomy":"category","embeddable":true,"href":"https:\/\/narteks.net\/index.php\/wp-json\/wp\/v2\/categories?post=4784"},{"taxonomy":"post_tag","embeddable":true,"href":"https:\/\/narteks.net\/index.php\/wp-json\/wp\/v2\/tags?post=4784"}],"curies":[{"name":"wp","href":"https:\/\/api.w.org\/{rel}","templated":true}]}}