{"id":4790,"date":"2010-11-26T11:10:09","date_gmt":"2010-11-26T08:10:09","guid":{"rendered":"http:\/\/localhost\/wordpress\/2010\/11\/26\/luigi-mutlu-degildi-rasgele-adam-olduruyordu-vicdan-italo-calvino\/"},"modified":"2010-11-26T11:10:09","modified_gmt":"2010-11-26T08:10:09","slug":"luigi-mutlu-degildi-rasgele-adam-olduruyordu-vicdan-italo-calvino","status":"publish","type":"post","link":"https:\/\/narteks.net\/index.php\/2010\/11\/26\/luigi-mutlu-degildi-rasgele-adam-olduruyordu-vicdan-italo-calvino\/","title":{"rendered":"Luigi mutlu de\u011fildi. Rasgele adam \u00f6ld\u00fcr\u00fcyordu | Vicdan &#8211; Italo Calvino"},"content":{"rendered":"<p style=\"text-align: justify;\"><img loading=\"lazy\" decoding=\"async\" src=\"http:\/\/1.bp.blogspot.com\/-YifwWkqKgyE\/TVqwkox2tUI\/AAAAAAAAAdY\/kp_2TVDb2O4\/s1600\/italo_calvino.jpg\" border=\"0\" width=\"155\" height=\"205\" style=\"float: left; border: 0;\" \/>Sava\u015f \u00e7\u0131kt\u0131\u011f\u0131nda Luigi ad\u0131nda bir adam, g\u00f6n\u00fcll\u00fc olarak gidip gidemeyece\u011fini sordu.<\/p>\n<p>Herkes onu \u00f6vd\u00fc. Luigi t\u00fcfek da\u011f\u0131t\u0131lan yere gitti, bir tane ald\u0131 ve dedi ki: &#8220;\u015eimdi gidip Alberto denen herifi \u00f6ld\u00fcrece\u011fim.&#8221;<\/p>\n<p>Alberto kim diye sordular ona.<\/p>\n<p>&#8220;Bir d\u00fc\u015fman,&#8221; dedi Alberto, &#8220;benim bir d\u00fc\u015fman\u0131m.&#8221;<\/p>\n<p>Ona belirli bir t\u00fcr d\u00fc\u015fman\u0131 \u00f6ld\u00fcrmesi gerekti\u011fini, \u00f6yle istedi\u011fi herkesi \u00f6ld\u00fcremeyece\u011fini anlatt\u0131lar.<\/p>\n<p>&#8220;Ee?&#8221; dedi Luigi. &#8220;Siz beni salak m\u0131 sand\u0131n\u0131z? Bu Alberto tam sizin dedi\u011finiz gibi biri, onlardan biri yani. B\u00fct\u00fcn o gruba kar\u015f\u0131 sava\u015fa girdi\u011finizi duydu\u011fumda \u015f\u00f6yle d\u00fc\u015f\u00fcnd\u00fcm: ben de gidece\u011fim, b\u00f6ylece Alberto&#8217;yu \u00f6ld\u00fcrebilirim. O y\u00fczden geldim. Alberto&#8217;yu tan\u0131r\u0131m ben: sahtekar\u0131n biridir. Bana ihanet etti, neredeyse bir hi\u00e7 u\u011fruna, benim kendimi bir kad\u0131n y\u00fcz\u00fcnden k\u00fc\u00e7\u00fck d\u00fc\u015f\u00fcrmeme yol a\u00e7t\u0131. Eski hikaye. Bana inanm\u0131yorsan\u0131z size her\u015feyi anlatabilirim.&#8221;<\/p>\n<p>Tamam, dediler, bo\u015fver.<\/p>\n<p>&#8220;\u0130yi \u00f6yleyse,&#8221; dedi Luigi, &#8220;bana Alberto&#8217;nun nerede oldu\u011funu s\u00f6yleyin de gidip d\u00f6v\u00fc\u015feyim.&#8221;<\/p>\n<p>Bilmiyoruz dediler.<\/p>\n<p>&#8220;Fark etmez,&#8221; dedi Luigi. &#8220;Bilen birini bulurum. Eninde sonunda onu yakalayaca\u011f\u0131m.&#8221;<\/p>\n<p>Bunu yapamayaca\u011f\u0131n\u0131, nereye yollan\u0131rsa oraya gidip sava\u015fmas\u0131, orada kim varsa onu \u00f6ld\u00fcrmesi gerekti\u011fini s\u00f6ylediler ona. Bu Alberto hakk\u0131nda da hi\u00e7bir \u015fey bilmiyorlard\u0131.<\/p>\n<p>&#8220;Bak\u0131n,&#8221; diye \u0131srar etti Luigi, &#8220;size hikayeyi anlatmam gerekecek. \u00c7\u00fcnk\u00fc bu adam ger\u00e7ek bir sahtekar ve ona kar\u015f\u0131 sava\u015f a\u00e7makla do\u011frusunu yap\u0131yorsunuz.&#8221;<\/p>\n<p>Ama \u00f6b\u00fcrleri dinlemek istemiyordu.<\/p>\n<p>Luigi laftan anlam\u0131yordu: &#8220;\u00d6z\u00fcr dilerim, sizin i\u00e7in \u015fu ya da bu d\u00fc\u015fman\u0131 \u00f6ld\u00fcrmem fark etmeyebilir, ama Alberto&#8217;yla ilgisi olmayan birisini \u00f6ld\u00fcr\u00fcrsem \u00e7ok \u00fcz\u00fcl\u00fcrd\u00fcm.&#8221;<\/p>\n<p>Di\u011ferlerinin sabr\u0131 ta\u015ft\u0131. \u0130\u00e7lerinden biri ona uzun bir konu\u015fma yapt\u0131 ve sava\u015f\u0131n ne oldu\u011funu, nas\u0131l istedi\u011fin belirli bir d\u00fc\u015fman\u0131 gidip \u00f6ld\u00fcremeyece\u011fini a\u00e7\u0131klad\u0131.<\/p>\n<p>Luigi omuz silkti. &#8220;E\u011fer \u00f6yleyse,&#8221; dedi, beni yok say\u0131n.&#8221;<\/p>\n<p>&#8220;Vars\u0131n ve de olacaks\u0131n,&#8221; diye ba\u011f\u0131rd\u0131lar.<\/p>\n<p>&#8220;\u0130leri mar\u015f, bir-ki, bir-ki!&#8221; Sava\u015fa yollad\u0131lar Luigi&#8217;yi.<\/p>\n<p>Luigi mutlu de\u011fildi. Rasgele adam \u00f6ld\u00fcr\u00fcyordu, Alberto&#8217;ya ya da ailesinden birine denk gelir diye. \u00d6ld\u00fcrd\u00fc\u011f\u00fc her d\u00fc\u015fman i\u00e7in ona bir madalya verdiler, ama Luigi yine mutlu de\u011fildi. &#8220;Alberto&#8217;yu \u00f6ld\u00fcremezsem,&#8221; diye d\u00fc\u015f\u00fcnd\u00fc, &#8220;Bir s\u00fcr\u00fc insan\u0131 bo\u015f yere \u00f6ld\u00fcrm\u00fc\u015f olaca\u011f\u0131m.&#8221; Kendini k\u00f6t\u00fc hissetti.<\/p>\n<p>Bu s\u0131rada ona hala birbiri ard\u0131ndan madalyalar veriyorlard\u0131, g\u00fcm\u00fc\u015f, alt\u0131n, ne varsa&#8230;<\/p>\n<p>\u015e\u00f6yle d\u00fc\u015f\u00fcnd\u00fc Luigi: &#8220;Bug\u00fcn birka\u00e7\u0131n\u0131 \u00f6ld\u00fcr\u00fcr\u00fcm, yar\u0131n birka\u00e7\u0131n\u0131 daha \u00f6ld\u00fcr\u00fcr\u00fcm, sonu\u00e7ta say\u0131lar\u0131 azal\u0131r ve bu sahtekar\u0131n s\u0131ras\u0131 da elbet gelir.&#8221;<\/p>\n<p>Ama Luigi Alberto&#8217;yu bulamadan d\u00fc\u015fman teslim oldu. Bo\u015f yere o kadar insan\u0131 \u00f6ld\u00fcrd\u00fc\u011f\u00fc i\u00e7in kendini k\u00f6t\u00fc hissediyordu, \u015fimdi bar\u0131\u015f ilan edildi\u011fi i\u00e7in de b\u00fct\u00fcn madalyalar\u0131n\u0131 bir \u00e7antaya doldurdu ve d\u00fc\u015fman \u00fclkede dola\u015farak \u00f6lenlerin kar\u0131lar\u0131na ve \u00e7ocuklar\u0131na hepsini da\u011f\u0131tt\u0131.<\/p>\n<p>B\u00f6yle dola\u015f\u0131rken Alberto&#8217;yla kar\u015f\u0131la\u015ft\u0131.<\/p>\n<p>&#8220;\u0130yi,&#8221; dedi, &#8220;ge\u00e7 olsun da g\u00fc\u00e7 olmas\u0131n,&#8221; ve Alberto&#8217;yu \u00f6ld\u00fcrd\u00fc.<\/p>\n<p>\u0130\u015fte o zaman Luigi&#8217;yi tutuklad\u0131lar, cinayetten yarg\u0131lad\u0131lar ve ast\u0131lar. Mahkemede vicdan\u0131n\u0131n sesini dinlemi\u015f oldu\u011funu defalarca s\u00f6ylediyse de kimse onu dinlemedi&#8230;<\/p>\n","protected":false},"excerpt":{"rendered":"<p>Sava\u015f \u00e7\u0131kt\u0131\u011f\u0131nda Luigi ad\u0131nda bir adam, g\u00f6n\u00fcll\u00fc olarak gidip gidemeyece\u011fini sordu. Herkes onu \u00f6vd\u00fc. Luigi t\u00fcfek da\u011f\u0131t\u0131lan yere gitti, bir tane ald\u0131 ve dedi ki: &#8220;\u015eimdi gidip Alberto denen herifi \u00f6ld\u00fcrece\u011fim.&#8221; Alberto kim diye sordular ona. &#8220;Bir d\u00fc\u015fman,&#8221; dedi Alberto, &#8220;benim bir d\u00fc\u015fman\u0131m.&#8221; Ona belirli bir t\u00fcr d\u00fc\u015fman\u0131 \u00f6ld\u00fcrmesi gerekti\u011fini, \u00f6yle istedi\u011fi herkesi \u00f6ld\u00fcremeyece\u011fini anlatt\u0131lar. [&hellip;]<\/p>\n","protected":false},"author":1,"featured_media":0,"comment_status":"open","ping_status":"open","sticky":false,"template":"","format":"standard","meta":{"footnotes":""},"categories":[138],"tags":[],"class_list":{"0":"post-4790","1":"post","2":"type-post","3":"status-publish","4":"format-standard","6":"category-edebiyat-dunya"},"yoast_head":"<!-- This site is optimized with the Yoast SEO Premium plugin v24.9 (Yoast SEO v24.9) - https:\/\/yoast.com\/wordpress\/plugins\/seo\/ -->\n<title>Luigi mutlu de\u011fildi. Rasgele adam \u00f6ld\u00fcr\u00fcyordu | Vicdan - Italo Calvino - narteks.net<\/title>\n<meta name=\"robots\" content=\"index, follow, max-snippet:-1, max-image-preview:large, max-video-preview:-1\" \/>\n<link rel=\"canonical\" href=\"https:\/\/narteks.net\/index.php\/2010\/11\/26\/luigi-mutlu-degildi-rasgele-adam-olduruyordu-vicdan-italo-calvino\/\" \/>\n<meta property=\"og:locale\" content=\"tr_TR\" \/>\n<meta property=\"og:type\" content=\"article\" \/>\n<meta property=\"og:title\" content=\"Luigi mutlu de\u011fildi. Rasgele adam \u00f6ld\u00fcr\u00fcyordu | Vicdan - Italo Calvino\" \/>\n<meta property=\"og:description\" content=\"Sava\u015f \u00e7\u0131kt\u0131\u011f\u0131nda Luigi ad\u0131nda bir adam, g\u00f6n\u00fcll\u00fc olarak gidip gidemeyece\u011fini sordu. Herkes onu \u00f6vd\u00fc. Luigi t\u00fcfek da\u011f\u0131t\u0131lan yere gitti, bir tane ald\u0131 ve dedi ki: &#8220;\u015eimdi gidip Alberto denen herifi \u00f6ld\u00fcrece\u011fim.&#8221; Alberto kim diye sordular ona. &#8220;Bir d\u00fc\u015fman,&#8221; dedi Alberto, &#8220;benim bir d\u00fc\u015fman\u0131m.&#8221; Ona belirli bir t\u00fcr d\u00fc\u015fman\u0131 \u00f6ld\u00fcrmesi gerekti\u011fini, \u00f6yle istedi\u011fi herkesi \u00f6ld\u00fcremeyece\u011fini anlatt\u0131lar. [&hellip;]\" \/>\n<meta property=\"og:url\" content=\"https:\/\/narteks.net\/index.php\/2010\/11\/26\/luigi-mutlu-degildi-rasgele-adam-olduruyordu-vicdan-italo-calvino\/\" \/>\n<meta property=\"og:site_name\" content=\"narteks.net\" \/>\n<meta property=\"article:published_time\" content=\"2010-11-26T08:10:09+00:00\" \/>\n<meta property=\"og:image\" content=\"http:\/\/1.bp.blogspot.com\/-YifwWkqKgyE\/TVqwkox2tUI\/AAAAAAAAAdY\/kp_2TVDb2O4\/s1600\/italo_calvino.jpg\" \/>\n<meta name=\"author\" content=\"Tar\u0131k\" \/>\n<meta name=\"twitter:card\" content=\"summary_large_image\" \/>\n<meta name=\"twitter:creator\" content=\"@narteks\" \/>\n<meta name=\"twitter:site\" content=\"@narteks\" \/>\n<meta name=\"twitter:label1\" content=\"Yazan:\" \/>\n\t<meta name=\"twitter:data1\" content=\"Tar\u0131k\" \/>\n\t<meta name=\"twitter:label2\" content=\"Tahmini okuma s\u00fcresi\" \/>\n\t<meta name=\"twitter:data2\" content=\"3 dakika\" \/>\n<script type=\"application\/ld+json\" class=\"yoast-schema-graph\">{\"@context\":\"https:\/\/schema.org\",\"@graph\":[{\"@type\":\"Article\",\"@id\":\"https:\/\/narteks.net\/index.php\/2010\/11\/26\/luigi-mutlu-degildi-rasgele-adam-olduruyordu-vicdan-italo-calvino\/#article\",\"isPartOf\":{\"@id\":\"https:\/\/narteks.net\/index.php\/2010\/11\/26\/luigi-mutlu-degildi-rasgele-adam-olduruyordu-vicdan-italo-calvino\/\"},\"author\":{\"name\":\"Tar\u0131k\",\"@id\":\"https:\/\/narteks.net\/#\/schema\/person\/61f37d9834294b72d31d274e7ed79bca\"},\"headline\":\"Luigi mutlu de\u011fildi. Rasgele adam \u00f6ld\u00fcr\u00fcyordu | Vicdan &#8211; Italo Calvino\",\"datePublished\":\"2010-11-26T08:10:09+00:00\",\"mainEntityOfPage\":{\"@id\":\"https:\/\/narteks.net\/index.php\/2010\/11\/26\/luigi-mutlu-degildi-rasgele-adam-olduruyordu-vicdan-italo-calvino\/\"},\"wordCount\":579,\"commentCount\":0,\"publisher\":{\"@id\":\"https:\/\/narteks.net\/#organization\"},\"image\":{\"@id\":\"https:\/\/narteks.net\/index.php\/2010\/11\/26\/luigi-mutlu-degildi-rasgele-adam-olduruyordu-vicdan-italo-calvino\/#primaryimage\"},\"thumbnailUrl\":\"http:\/\/1.bp.blogspot.com\/-YifwWkqKgyE\/TVqwkox2tUI\/AAAAAAAAAdY\/kp_2TVDb2O4\/s1600\/italo_calvino.jpg\",\"articleSection\":[\"Edebiyat ( D\u00fcnya )\"],\"inLanguage\":\"tr\",\"potentialAction\":[{\"@type\":\"CommentAction\",\"name\":\"Comment\",\"target\":[\"https:\/\/narteks.net\/index.php\/2010\/11\/26\/luigi-mutlu-degildi-rasgele-adam-olduruyordu-vicdan-italo-calvino\/#respond\"]}]},{\"@type\":\"WebPage\",\"@id\":\"https:\/\/narteks.net\/index.php\/2010\/11\/26\/luigi-mutlu-degildi-rasgele-adam-olduruyordu-vicdan-italo-calvino\/\",\"url\":\"https:\/\/narteks.net\/index.php\/2010\/11\/26\/luigi-mutlu-degildi-rasgele-adam-olduruyordu-vicdan-italo-calvino\/\",\"name\":\"Luigi mutlu de\u011fildi. Rasgele adam \u00f6ld\u00fcr\u00fcyordu | Vicdan - Italo Calvino - narteks.net\",\"isPartOf\":{\"@id\":\"https:\/\/narteks.net\/#website\"},\"primaryImageOfPage\":{\"@id\":\"https:\/\/narteks.net\/index.php\/2010\/11\/26\/luigi-mutlu-degildi-rasgele-adam-olduruyordu-vicdan-italo-calvino\/#primaryimage\"},\"image\":{\"@id\":\"https:\/\/narteks.net\/index.php\/2010\/11\/26\/luigi-mutlu-degildi-rasgele-adam-olduruyordu-vicdan-italo-calvino\/#primaryimage\"},\"thumbnailUrl\":\"http:\/\/1.bp.blogspot.com\/-YifwWkqKgyE\/TVqwkox2tUI\/AAAAAAAAAdY\/kp_2TVDb2O4\/s1600\/italo_calvino.jpg\",\"datePublished\":\"2010-11-26T08:10:09+00:00\",\"breadcrumb\":{\"@id\":\"https:\/\/narteks.net\/index.php\/2010\/11\/26\/luigi-mutlu-degildi-rasgele-adam-olduruyordu-vicdan-italo-calvino\/#breadcrumb\"},\"inLanguage\":\"tr\",\"potentialAction\":[{\"@type\":\"ReadAction\",\"target\":[\"https:\/\/narteks.net\/index.php\/2010\/11\/26\/luigi-mutlu-degildi-rasgele-adam-olduruyordu-vicdan-italo-calvino\/\"]}]},{\"@type\":\"ImageObject\",\"inLanguage\":\"tr\",\"@id\":\"https:\/\/narteks.net\/index.php\/2010\/11\/26\/luigi-mutlu-degildi-rasgele-adam-olduruyordu-vicdan-italo-calvino\/#primaryimage\",\"url\":\"http:\/\/1.bp.blogspot.com\/-YifwWkqKgyE\/TVqwkox2tUI\/AAAAAAAAAdY\/kp_2TVDb2O4\/s1600\/italo_calvino.jpg\",\"contentUrl\":\"http:\/\/1.bp.blogspot.com\/-YifwWkqKgyE\/TVqwkox2tUI\/AAAAAAAAAdY\/kp_2TVDb2O4\/s1600\/italo_calvino.jpg\"},{\"@type\":\"BreadcrumbList\",\"@id\":\"https:\/\/narteks.net\/index.php\/2010\/11\/26\/luigi-mutlu-degildi-rasgele-adam-olduruyordu-vicdan-italo-calvino\/#breadcrumb\",\"itemListElement\":[{\"@type\":\"ListItem\",\"position\":1,\"name\":\"Anasayfa\",\"item\":\"https:\/\/narteks.net\/\"},{\"@type\":\"ListItem\",\"position\":2,\"name\":\"Luigi mutlu de\u011fildi. Rasgele adam \u00f6ld\u00fcr\u00fcyordu | Vicdan &#8211; Italo Calvino\"}]},{\"@type\":\"WebSite\",\"@id\":\"https:\/\/narteks.net\/#website\",\"url\":\"https:\/\/narteks.net\/\",\"name\":\"narteks.net\",\"description\":\"K\u00fclt\u00fcr Sanat Edebiyat Felsefe\",\"publisher\":{\"@id\":\"https:\/\/narteks.net\/#organization\"},\"alternateName\":\"K\u00fclt\u00fcr Sanat Edebiyat Felsefe\",\"potentialAction\":[{\"@type\":\"SearchAction\",\"target\":{\"@type\":\"EntryPoint\",\"urlTemplate\":\"https:\/\/narteks.net\/?s={search_term_string}\"},\"query-input\":{\"@type\":\"PropertyValueSpecification\",\"valueRequired\":true,\"valueName\":\"search_term_string\"}}],\"inLanguage\":\"tr\"},{\"@type\":\"Organization\",\"@id\":\"https:\/\/narteks.net\/#organization\",\"name\":\"narteks.net\",\"url\":\"https:\/\/narteks.net\/\",\"logo\":{\"@type\":\"ImageObject\",\"inLanguage\":\"tr\",\"@id\":\"https:\/\/narteks.net\/#\/schema\/logo\/image\/\",\"url\":\"https:\/\/narteks.net\/wp-content\/uploads\/narteks.png\",\"contentUrl\":\"https:\/\/narteks.net\/wp-content\/uploads\/narteks.png\",\"width\":300,\"height\":90,\"caption\":\"narteks.net\"},\"image\":{\"@id\":\"https:\/\/narteks.net\/#\/schema\/logo\/image\/\"},\"sameAs\":[\"https:\/\/x.com\/narteks\",\"https:\/\/instagram.com\/narteksnet\"]},{\"@type\":\"Person\",\"@id\":\"https:\/\/narteks.net\/#\/schema\/person\/61f37d9834294b72d31d274e7ed79bca\",\"name\":\"Tar\u0131k\",\"image\":{\"@type\":\"ImageObject\",\"inLanguage\":\"tr\",\"@id\":\"https:\/\/narteks.net\/#\/schema\/person\/image\/\",\"url\":\"https:\/\/secure.gravatar.com\/avatar\/50865afb55632c4ae467e0af0930f6510aa2297d8014be502a55b14f3b7550cf?s=96&d=mm&r=g\",\"contentUrl\":\"https:\/\/secure.gravatar.com\/avatar\/50865afb55632c4ae467e0af0930f6510aa2297d8014be502a55b14f3b7550cf?s=96&d=mm&r=g\",\"caption\":\"Tar\u0131k\"},\"sameAs\":[\"http:\/\/narteks.net\"],\"url\":\"https:\/\/narteks.net\/index.php\/author\/narbak\/\"}]}<\/script>\n<!-- \/ Yoast SEO Premium plugin. -->","yoast_head_json":{"title":"Luigi mutlu de\u011fildi. Rasgele adam \u00f6ld\u00fcr\u00fcyordu | Vicdan - Italo Calvino - narteks.net","robots":{"index":"index","follow":"follow","max-snippet":"max-snippet:-1","max-image-preview":"max-image-preview:large","max-video-preview":"max-video-preview:-1"},"canonical":"https:\/\/narteks.net\/index.php\/2010\/11\/26\/luigi-mutlu-degildi-rasgele-adam-olduruyordu-vicdan-italo-calvino\/","og_locale":"tr_TR","og_type":"article","og_title":"Luigi mutlu de\u011fildi. Rasgele adam \u00f6ld\u00fcr\u00fcyordu | Vicdan - Italo Calvino","og_description":"Sava\u015f \u00e7\u0131kt\u0131\u011f\u0131nda Luigi ad\u0131nda bir adam, g\u00f6n\u00fcll\u00fc olarak gidip gidemeyece\u011fini sordu. Herkes onu \u00f6vd\u00fc. Luigi t\u00fcfek da\u011f\u0131t\u0131lan yere gitti, bir tane ald\u0131 ve dedi ki: &#8220;\u015eimdi gidip Alberto denen herifi \u00f6ld\u00fcrece\u011fim.&#8221; Alberto kim diye sordular ona. &#8220;Bir d\u00fc\u015fman,&#8221; dedi Alberto, &#8220;benim bir d\u00fc\u015fman\u0131m.&#8221; Ona belirli bir t\u00fcr d\u00fc\u015fman\u0131 \u00f6ld\u00fcrmesi gerekti\u011fini, \u00f6yle istedi\u011fi herkesi \u00f6ld\u00fcremeyece\u011fini anlatt\u0131lar. [&hellip;]","og_url":"https:\/\/narteks.net\/index.php\/2010\/11\/26\/luigi-mutlu-degildi-rasgele-adam-olduruyordu-vicdan-italo-calvino\/","og_site_name":"narteks.net","article_published_time":"2010-11-26T08:10:09+00:00","og_image":[{"url":"http:\/\/1.bp.blogspot.com\/-YifwWkqKgyE\/TVqwkox2tUI\/AAAAAAAAAdY\/kp_2TVDb2O4\/s1600\/italo_calvino.jpg","type":"","width":"","height":""}],"author":"Tar\u0131k","twitter_card":"summary_large_image","twitter_creator":"@narteks","twitter_site":"@narteks","twitter_misc":{"Yazan:":"Tar\u0131k","Tahmini okuma s\u00fcresi":"3 dakika"},"schema":{"@context":"https:\/\/schema.org","@graph":[{"@type":"Article","@id":"https:\/\/narteks.net\/index.php\/2010\/11\/26\/luigi-mutlu-degildi-rasgele-adam-olduruyordu-vicdan-italo-calvino\/#article","isPartOf":{"@id":"https:\/\/narteks.net\/index.php\/2010\/11\/26\/luigi-mutlu-degildi-rasgele-adam-olduruyordu-vicdan-italo-calvino\/"},"author":{"name":"Tar\u0131k","@id":"https:\/\/narteks.net\/#\/schema\/person\/61f37d9834294b72d31d274e7ed79bca"},"headline":"Luigi mutlu de\u011fildi. Rasgele adam \u00f6ld\u00fcr\u00fcyordu | Vicdan &#8211; Italo Calvino","datePublished":"2010-11-26T08:10:09+00:00","mainEntityOfPage":{"@id":"https:\/\/narteks.net\/index.php\/2010\/11\/26\/luigi-mutlu-degildi-rasgele-adam-olduruyordu-vicdan-italo-calvino\/"},"wordCount":579,"commentCount":0,"publisher":{"@id":"https:\/\/narteks.net\/#organization"},"image":{"@id":"https:\/\/narteks.net\/index.php\/2010\/11\/26\/luigi-mutlu-degildi-rasgele-adam-olduruyordu-vicdan-italo-calvino\/#primaryimage"},"thumbnailUrl":"http:\/\/1.bp.blogspot.com\/-YifwWkqKgyE\/TVqwkox2tUI\/AAAAAAAAAdY\/kp_2TVDb2O4\/s1600\/italo_calvino.jpg","articleSection":["Edebiyat ( D\u00fcnya )"],"inLanguage":"tr","potentialAction":[{"@type":"CommentAction","name":"Comment","target":["https:\/\/narteks.net\/index.php\/2010\/11\/26\/luigi-mutlu-degildi-rasgele-adam-olduruyordu-vicdan-italo-calvino\/#respond"]}]},{"@type":"WebPage","@id":"https:\/\/narteks.net\/index.php\/2010\/11\/26\/luigi-mutlu-degildi-rasgele-adam-olduruyordu-vicdan-italo-calvino\/","url":"https:\/\/narteks.net\/index.php\/2010\/11\/26\/luigi-mutlu-degildi-rasgele-adam-olduruyordu-vicdan-italo-calvino\/","name":"Luigi mutlu de\u011fildi. Rasgele adam \u00f6ld\u00fcr\u00fcyordu | Vicdan - Italo Calvino - narteks.net","isPartOf":{"@id":"https:\/\/narteks.net\/#website"},"primaryImageOfPage":{"@id":"https:\/\/narteks.net\/index.php\/2010\/11\/26\/luigi-mutlu-degildi-rasgele-adam-olduruyordu-vicdan-italo-calvino\/#primaryimage"},"image":{"@id":"https:\/\/narteks.net\/index.php\/2010\/11\/26\/luigi-mutlu-degildi-rasgele-adam-olduruyordu-vicdan-italo-calvino\/#primaryimage"},"thumbnailUrl":"http:\/\/1.bp.blogspot.com\/-YifwWkqKgyE\/TVqwkox2tUI\/AAAAAAAAAdY\/kp_2TVDb2O4\/s1600\/italo_calvino.jpg","datePublished":"2010-11-26T08:10:09+00:00","breadcrumb":{"@id":"https:\/\/narteks.net\/index.php\/2010\/11\/26\/luigi-mutlu-degildi-rasgele-adam-olduruyordu-vicdan-italo-calvino\/#breadcrumb"},"inLanguage":"tr","potentialAction":[{"@type":"ReadAction","target":["https:\/\/narteks.net\/index.php\/2010\/11\/26\/luigi-mutlu-degildi-rasgele-adam-olduruyordu-vicdan-italo-calvino\/"]}]},{"@type":"ImageObject","inLanguage":"tr","@id":"https:\/\/narteks.net\/index.php\/2010\/11\/26\/luigi-mutlu-degildi-rasgele-adam-olduruyordu-vicdan-italo-calvino\/#primaryimage","url":"http:\/\/1.bp.blogspot.com\/-YifwWkqKgyE\/TVqwkox2tUI\/AAAAAAAAAdY\/kp_2TVDb2O4\/s1600\/italo_calvino.jpg","contentUrl":"http:\/\/1.bp.blogspot.com\/-YifwWkqKgyE\/TVqwkox2tUI\/AAAAAAAAAdY\/kp_2TVDb2O4\/s1600\/italo_calvino.jpg"},{"@type":"BreadcrumbList","@id":"https:\/\/narteks.net\/index.php\/2010\/11\/26\/luigi-mutlu-degildi-rasgele-adam-olduruyordu-vicdan-italo-calvino\/#breadcrumb","itemListElement":[{"@type":"ListItem","position":1,"name":"Anasayfa","item":"https:\/\/narteks.net\/"},{"@type":"ListItem","position":2,"name":"Luigi mutlu de\u011fildi. Rasgele adam \u00f6ld\u00fcr\u00fcyordu | Vicdan &#8211; Italo Calvino"}]},{"@type":"WebSite","@id":"https:\/\/narteks.net\/#website","url":"https:\/\/narteks.net\/","name":"narteks.net","description":"K\u00fclt\u00fcr Sanat Edebiyat Felsefe","publisher":{"@id":"https:\/\/narteks.net\/#organization"},"alternateName":"K\u00fclt\u00fcr Sanat Edebiyat Felsefe","potentialAction":[{"@type":"SearchAction","target":{"@type":"EntryPoint","urlTemplate":"https:\/\/narteks.net\/?s={search_term_string}"},"query-input":{"@type":"PropertyValueSpecification","valueRequired":true,"valueName":"search_term_string"}}],"inLanguage":"tr"},{"@type":"Organization","@id":"https:\/\/narteks.net\/#organization","name":"narteks.net","url":"https:\/\/narteks.net\/","logo":{"@type":"ImageObject","inLanguage":"tr","@id":"https:\/\/narteks.net\/#\/schema\/logo\/image\/","url":"https:\/\/narteks.net\/wp-content\/uploads\/narteks.png","contentUrl":"https:\/\/narteks.net\/wp-content\/uploads\/narteks.png","width":300,"height":90,"caption":"narteks.net"},"image":{"@id":"https:\/\/narteks.net\/#\/schema\/logo\/image\/"},"sameAs":["https:\/\/x.com\/narteks","https:\/\/instagram.com\/narteksnet"]},{"@type":"Person","@id":"https:\/\/narteks.net\/#\/schema\/person\/61f37d9834294b72d31d274e7ed79bca","name":"Tar\u0131k","image":{"@type":"ImageObject","inLanguage":"tr","@id":"https:\/\/narteks.net\/#\/schema\/person\/image\/","url":"https:\/\/secure.gravatar.com\/avatar\/50865afb55632c4ae467e0af0930f6510aa2297d8014be502a55b14f3b7550cf?s=96&d=mm&r=g","contentUrl":"https:\/\/secure.gravatar.com\/avatar\/50865afb55632c4ae467e0af0930f6510aa2297d8014be502a55b14f3b7550cf?s=96&d=mm&r=g","caption":"Tar\u0131k"},"sameAs":["http:\/\/narteks.net"],"url":"https:\/\/narteks.net\/index.php\/author\/narbak\/"}]}},"_links":{"self":[{"href":"https:\/\/narteks.net\/index.php\/wp-json\/wp\/v2\/posts\/4790","targetHints":{"allow":["GET"]}}],"collection":[{"href":"https:\/\/narteks.net\/index.php\/wp-json\/wp\/v2\/posts"}],"about":[{"href":"https:\/\/narteks.net\/index.php\/wp-json\/wp\/v2\/types\/post"}],"author":[{"embeddable":true,"href":"https:\/\/narteks.net\/index.php\/wp-json\/wp\/v2\/users\/1"}],"replies":[{"embeddable":true,"href":"https:\/\/narteks.net\/index.php\/wp-json\/wp\/v2\/comments?post=4790"}],"version-history":[{"count":0,"href":"https:\/\/narteks.net\/index.php\/wp-json\/wp\/v2\/posts\/4790\/revisions"}],"wp:attachment":[{"href":"https:\/\/narteks.net\/index.php\/wp-json\/wp\/v2\/media?parent=4790"}],"wp:term":[{"taxonomy":"category","embeddable":true,"href":"https:\/\/narteks.net\/index.php\/wp-json\/wp\/v2\/categories?post=4790"},{"taxonomy":"post_tag","embeddable":true,"href":"https:\/\/narteks.net\/index.php\/wp-json\/wp\/v2\/tags?post=4790"}],"curies":[{"name":"wp","href":"https:\/\/api.w.org\/{rel}","templated":true}]}}