{"id":48,"date":"2009-02-27T14:22:40","date_gmt":"2009-02-27T11:22:40","guid":{"rendered":"http:\/\/localhost\/wordpress\/2009\/02\/27\/diyarbekir-kalesinden-notlar-ve-adilos-bebe\/"},"modified":"2009-02-27T14:22:40","modified_gmt":"2009-02-27T11:22:40","slug":"diyarbekir-kalesinden-notlar-ve-adilos-bebe","status":"publish","type":"post","link":"https:\/\/narteks.net\/index.php\/2009\/02\/27\/diyarbekir-kalesinden-notlar-ve-adilos-bebe\/","title":{"rendered":"DIYARBEKIR KALESINDEN NOTLAR VE ADILO\u015e BEBE"},"content":{"rendered":"<p>1.<strong><\/strong><\/p>\n<p><strong><br \/><\/strong><span>Varamaz elim<br \/> Ayvas\u0131na, nar\u0131na can dayanamazken,<br \/> K\u0131rar boynumu y\u00fcr\u00fcr\u00fcm.<br \/> Kurdun, ku\u015fun bilece\u011fi hal de\u011fil,<br \/> Sormay\u0131n hi\u00e7<br \/> Laaaaal&#8230;<br \/> Kara ferman \u00e7\u0131kadursun yollara,<br \/> Yarin bah\u00e7esi tarumar,<br \/> Kan eder per\u00e7em<\/p>\n<p> Olancas\u0131 bir tutam can,<br \/> Kadas\u0131na, belas\u0131na sundu\u011fum,<br \/> Ben \u00f6leydim loooy&#8230;<br \/> Elim bo\u015f,<br \/> Aya\u011f\u0131m pusu.<br \/> Bir ben bilece\u011fim oysa<br \/> Ne afat sevdim.<br \/> Bir de a\u011fz\u0131 var dili yok<br \/> Diyarbekir Kalesi&#8230;<\/p>\n<p> 2.<\/p>\n<p> A\u00e7ar, <br \/> Kan k\u0131rm\u0131z\u0131 yediverenler<br \/> Ve kar ya\u011far bir yandan,<br \/> Savrulur Karacada\u011f,<br \/> Savrulur zozan&#8230;<br \/> Bak, b\u0131y\u0131\u011f\u0131m buz tuttu,<br \/> \u00dc\u015f\u00fcyorum da<br \/> Zemheri de uzad\u0131k\u00e7a uzad\u0131,<br \/> Seni, baharm\u0131\u015f\u0131n gibi d\u00fc\u015f\u00fcn\u00fcyorum,<br \/> Seni, Diyarbekir gibi,<br \/> Nelere, nelere bask\u0131n gelmez ki<br \/> Seni d\u00fc\u015f\u00fcnmenin tad\u0131&#8230;<\/p>\n<p> 3.<\/p>\n<p> Hamravat suyu dondu,<br \/> Diclede d\u00f6rt parmak buz,<br \/> Biz kuyudan i\u015fliyoruz kaba &#8211; kaca\u011fa,  <br \/> \u00c7ay\u0131 kardan demliyoruz.<br \/> Anam s\u0131r gibi saklar siyati\u011fini,<br \/> &#8220;Yel&#8221; der, &#8220;Bahar\u0131n ge\u00e7er&#8221;.<br \/> Bac\u0131m, ikicanl\u0131, a\u011f\u0131r,<br \/> G\u00fczel k\u0131zd\u0131r, bilirsin.<br \/> \u0130lki bu, bir yandan sakl\u0131 utan\u0131r<br \/> Ve bir yandan korkar<br \/> \u00d6l\u00fcr\u00fcm deyi.<br \/> Bir can daha \u00e7o\u011falaca\u011f\u0131z bu k\u0131\u015f.<br \/> Bebe\u011fim, neremde saklay\u0131m seni?<br \/> Ho\u015f gelir,<br \/> Safa gelir,<br \/> Ahmed Arif&#8217;in ye\u011feni&#8230;<\/p>\n<p> 4.<\/p>\n<p> Do\u011fdun,<br \/> \u00dc\u00e7 g\u00fcn a\u00e7 tuttuk<br \/> \u00dc\u00e7 g\u00fcn meme vermedik sana<br \/> Adilo\u015f Bebem,<br \/> Hasta d\u00fc\u015fmeyesin diye,<br \/> T\u00f6remiz b\u00f6yle diye,<br \/> Sald\u0131r \u015fimdi memeye,<br \/> Sald\u0131r da b\u00fcy\u00fc&#8230;<\/p>\n<p> Bunlar,<br \/> Engerekler ve \u00e7\u0131yanlard\u0131r,<br \/> Bunlar,<br \/> A\u015f\u0131m\u0131za, ekme\u011fimize<br \/> G\u00f6z koyanlard\u0131r,<br \/> Tan\u0131 bunlar\u0131,<br \/> Tan\u0131 da b\u00fcy\u00fc&#8230;<\/p>\n<p> Bu, namustur<br \/> K\u00fcnyemize kaz\u0131nm\u0131\u015f,<br \/> Bu da sab\u0131r,<br \/> A\u011fulardan s\u00fcz\u00fclm\u00fc\u015f.<br \/> Sar\u0131l bunlara<br \/> Sar\u0131l da b\u00fcy\u00fc. <\/span><\/p>\n<p>Ahmed AR\u0130F<\/p>\n","protected":false},"excerpt":{"rendered":"<p>1. Varamaz elim Ayvas\u0131na, nar\u0131na can dayanamazken, K\u0131rar boynumu y\u00fcr\u00fcr\u00fcm. Kurdun, ku\u015fun bilece\u011fi hal de\u011fil, Sormay\u0131n hi\u00e7 Laaaaal&#8230; Kara ferman \u00e7\u0131kadursun yollara, Yarin bah\u00e7esi tarumar, Kan eder per\u00e7em Olancas\u0131 bir tutam can, Kadas\u0131na, belas\u0131na sundu\u011fum, Ben \u00f6leydim loooy&#8230; Elim bo\u015f, Aya\u011f\u0131m pusu. Bir ben bilece\u011fim oysa Ne afat sevdim. Bir de a\u011fz\u0131 var dili yok [&hellip;]<\/p>\n","protected":false},"author":1,"featured_media":0,"comment_status":"open","ping_status":"open","sticky":false,"template":"","format":"standard","meta":{"footnotes":""},"categories":[179],"tags":[],"class_list":{"0":"post-48","1":"post","2":"type-post","3":"status-publish","4":"format-standard","6":"category-ahmed-arif"},"yoast_head":"<!-- This site is optimized with the Yoast SEO Premium plugin v24.9 (Yoast SEO v24.9) - https:\/\/yoast.com\/wordpress\/plugins\/seo\/ -->\n<title>DIYARBEKIR KALESINDEN NOTLAR VE ADILO\u015e BEBE - narteks.net<\/title>\n<meta name=\"robots\" content=\"index, follow, max-snippet:-1, max-image-preview:large, max-video-preview:-1\" \/>\n<link rel=\"canonical\" href=\"https:\/\/narteks.net\/index.php\/2009\/02\/27\/diyarbekir-kalesinden-notlar-ve-adilos-bebe\/\" \/>\n<meta property=\"og:locale\" content=\"tr_TR\" \/>\n<meta property=\"og:type\" content=\"article\" \/>\n<meta property=\"og:title\" content=\"DIYARBEKIR KALESINDEN NOTLAR VE ADILO\u015e BEBE\" \/>\n<meta property=\"og:description\" content=\"1. Varamaz elim Ayvas\u0131na, nar\u0131na can dayanamazken, K\u0131rar boynumu y\u00fcr\u00fcr\u00fcm. Kurdun, ku\u015fun bilece\u011fi hal de\u011fil, Sormay\u0131n hi\u00e7 Laaaaal&#8230; Kara ferman \u00e7\u0131kadursun yollara, Yarin bah\u00e7esi tarumar, Kan eder per\u00e7em Olancas\u0131 bir tutam can, Kadas\u0131na, belas\u0131na sundu\u011fum, Ben \u00f6leydim loooy&#8230; Elim bo\u015f, Aya\u011f\u0131m pusu. Bir ben bilece\u011fim oysa Ne afat sevdim. Bir de a\u011fz\u0131 var dili yok [&hellip;]\" \/>\n<meta property=\"og:url\" content=\"https:\/\/narteks.net\/index.php\/2009\/02\/27\/diyarbekir-kalesinden-notlar-ve-adilos-bebe\/\" \/>\n<meta property=\"og:site_name\" content=\"narteks.net\" \/>\n<meta property=\"article:published_time\" content=\"2009-02-27T11:22:40+00:00\" \/>\n<meta property=\"og:image\" content=\"https:\/\/narteks.net\/wp-content\/uploads\/narteks.png\" \/>\n\t<meta property=\"og:image:width\" content=\"300\" \/>\n\t<meta property=\"og:image:height\" content=\"90\" \/>\n\t<meta property=\"og:image:type\" content=\"image\/png\" \/>\n<meta name=\"author\" content=\"Tar\u0131k\" \/>\n<meta name=\"twitter:card\" content=\"summary_large_image\" \/>\n<meta name=\"twitter:creator\" content=\"@narteks\" \/>\n<meta name=\"twitter:site\" content=\"@narteks\" \/>\n<meta name=\"twitter:label1\" content=\"Yazan:\" \/>\n\t<meta name=\"twitter:data1\" content=\"Tar\u0131k\" \/>\n\t<meta name=\"twitter:label2\" content=\"Tahmini okuma s\u00fcresi\" \/>\n\t<meta name=\"twitter:data2\" content=\"1 dakika\" \/>\n<script type=\"application\/ld+json\" class=\"yoast-schema-graph\">{\"@context\":\"https:\/\/schema.org\",\"@graph\":[{\"@type\":\"Article\",\"@id\":\"https:\/\/narteks.net\/index.php\/2009\/02\/27\/diyarbekir-kalesinden-notlar-ve-adilos-bebe\/#article\",\"isPartOf\":{\"@id\":\"https:\/\/narteks.net\/index.php\/2009\/02\/27\/diyarbekir-kalesinden-notlar-ve-adilos-bebe\/\"},\"author\":{\"name\":\"Tar\u0131k\",\"@id\":\"https:\/\/narteks.net\/#\/schema\/person\/61f37d9834294b72d31d274e7ed79bca\"},\"headline\":\"DIYARBEKIR KALESINDEN NOTLAR VE ADILO\u015e BEBE\",\"datePublished\":\"2009-02-27T11:22:40+00:00\",\"mainEntityOfPage\":{\"@id\":\"https:\/\/narteks.net\/index.php\/2009\/02\/27\/diyarbekir-kalesinden-notlar-ve-adilos-bebe\/\"},\"wordCount\":289,\"commentCount\":0,\"publisher\":{\"@id\":\"https:\/\/narteks.net\/#organization\"},\"articleSection\":[\"Ahmed AR\u0130F\"],\"inLanguage\":\"tr\",\"potentialAction\":[{\"@type\":\"CommentAction\",\"name\":\"Comment\",\"target\":[\"https:\/\/narteks.net\/index.php\/2009\/02\/27\/diyarbekir-kalesinden-notlar-ve-adilos-bebe\/#respond\"]}]},{\"@type\":\"WebPage\",\"@id\":\"https:\/\/narteks.net\/index.php\/2009\/02\/27\/diyarbekir-kalesinden-notlar-ve-adilos-bebe\/\",\"url\":\"https:\/\/narteks.net\/index.php\/2009\/02\/27\/diyarbekir-kalesinden-notlar-ve-adilos-bebe\/\",\"name\":\"DIYARBEKIR KALESINDEN NOTLAR VE ADILO\u015e BEBE - narteks.net\",\"isPartOf\":{\"@id\":\"https:\/\/narteks.net\/#website\"},\"datePublished\":\"2009-02-27T11:22:40+00:00\",\"breadcrumb\":{\"@id\":\"https:\/\/narteks.net\/index.php\/2009\/02\/27\/diyarbekir-kalesinden-notlar-ve-adilos-bebe\/#breadcrumb\"},\"inLanguage\":\"tr\",\"potentialAction\":[{\"@type\":\"ReadAction\",\"target\":[\"https:\/\/narteks.net\/index.php\/2009\/02\/27\/diyarbekir-kalesinden-notlar-ve-adilos-bebe\/\"]}]},{\"@type\":\"BreadcrumbList\",\"@id\":\"https:\/\/narteks.net\/index.php\/2009\/02\/27\/diyarbekir-kalesinden-notlar-ve-adilos-bebe\/#breadcrumb\",\"itemListElement\":[{\"@type\":\"ListItem\",\"position\":1,\"name\":\"Anasayfa\",\"item\":\"https:\/\/narteks.net\/\"},{\"@type\":\"ListItem\",\"position\":2,\"name\":\"DIYARBEKIR KALESINDEN NOTLAR VE ADILO\u015e BEBE\"}]},{\"@type\":\"WebSite\",\"@id\":\"https:\/\/narteks.net\/#website\",\"url\":\"https:\/\/narteks.net\/\",\"name\":\"narteks.net\",\"description\":\"K\u00fclt\u00fcr Sanat Edebiyat Felsefe\",\"publisher\":{\"@id\":\"https:\/\/narteks.net\/#organization\"},\"alternateName\":\"K\u00fclt\u00fcr Sanat Edebiyat Felsefe\",\"potentialAction\":[{\"@type\":\"SearchAction\",\"target\":{\"@type\":\"EntryPoint\",\"urlTemplate\":\"https:\/\/narteks.net\/?s={search_term_string}\"},\"query-input\":{\"@type\":\"PropertyValueSpecification\",\"valueRequired\":true,\"valueName\":\"search_term_string\"}}],\"inLanguage\":\"tr\"},{\"@type\":\"Organization\",\"@id\":\"https:\/\/narteks.net\/#organization\",\"name\":\"narteks.net\",\"url\":\"https:\/\/narteks.net\/\",\"logo\":{\"@type\":\"ImageObject\",\"inLanguage\":\"tr\",\"@id\":\"https:\/\/narteks.net\/#\/schema\/logo\/image\/\",\"url\":\"https:\/\/narteks.net\/wp-content\/uploads\/narteks.png\",\"contentUrl\":\"https:\/\/narteks.net\/wp-content\/uploads\/narteks.png\",\"width\":300,\"height\":90,\"caption\":\"narteks.net\"},\"image\":{\"@id\":\"https:\/\/narteks.net\/#\/schema\/logo\/image\/\"},\"sameAs\":[\"https:\/\/x.com\/narteks\",\"https:\/\/instagram.com\/narteksnet\"]},{\"@type\":\"Person\",\"@id\":\"https:\/\/narteks.net\/#\/schema\/person\/61f37d9834294b72d31d274e7ed79bca\",\"name\":\"Tar\u0131k\",\"image\":{\"@type\":\"ImageObject\",\"inLanguage\":\"tr\",\"@id\":\"https:\/\/narteks.net\/#\/schema\/person\/image\/\",\"url\":\"https:\/\/secure.gravatar.com\/avatar\/50865afb55632c4ae467e0af0930f6510aa2297d8014be502a55b14f3b7550cf?s=96&d=mm&r=g\",\"contentUrl\":\"https:\/\/secure.gravatar.com\/avatar\/50865afb55632c4ae467e0af0930f6510aa2297d8014be502a55b14f3b7550cf?s=96&d=mm&r=g\",\"caption\":\"Tar\u0131k\"},\"sameAs\":[\"http:\/\/narteks.net\"],\"url\":\"https:\/\/narteks.net\/index.php\/author\/narbak\/\"}]}<\/script>\n<!-- \/ Yoast SEO Premium plugin. -->","yoast_head_json":{"title":"DIYARBEKIR KALESINDEN NOTLAR VE ADILO\u015e BEBE - narteks.net","robots":{"index":"index","follow":"follow","max-snippet":"max-snippet:-1","max-image-preview":"max-image-preview:large","max-video-preview":"max-video-preview:-1"},"canonical":"https:\/\/narteks.net\/index.php\/2009\/02\/27\/diyarbekir-kalesinden-notlar-ve-adilos-bebe\/","og_locale":"tr_TR","og_type":"article","og_title":"DIYARBEKIR KALESINDEN NOTLAR VE ADILO\u015e BEBE","og_description":"1. Varamaz elim Ayvas\u0131na, nar\u0131na can dayanamazken, K\u0131rar boynumu y\u00fcr\u00fcr\u00fcm. Kurdun, ku\u015fun bilece\u011fi hal de\u011fil, Sormay\u0131n hi\u00e7 Laaaaal&#8230; Kara ferman \u00e7\u0131kadursun yollara, Yarin bah\u00e7esi tarumar, Kan eder per\u00e7em Olancas\u0131 bir tutam can, Kadas\u0131na, belas\u0131na sundu\u011fum, Ben \u00f6leydim loooy&#8230; Elim bo\u015f, Aya\u011f\u0131m pusu. Bir ben bilece\u011fim oysa Ne afat sevdim. Bir de a\u011fz\u0131 var dili yok [&hellip;]","og_url":"https:\/\/narteks.net\/index.php\/2009\/02\/27\/diyarbekir-kalesinden-notlar-ve-adilos-bebe\/","og_site_name":"narteks.net","article_published_time":"2009-02-27T11:22:40+00:00","og_image":[{"width":300,"height":90,"url":"https:\/\/narteks.net\/wp-content\/uploads\/narteks.png","type":"image\/png"}],"author":"Tar\u0131k","twitter_card":"summary_large_image","twitter_creator":"@narteks","twitter_site":"@narteks","twitter_misc":{"Yazan:":"Tar\u0131k","Tahmini okuma s\u00fcresi":"1 dakika"},"schema":{"@context":"https:\/\/schema.org","@graph":[{"@type":"Article","@id":"https:\/\/narteks.net\/index.php\/2009\/02\/27\/diyarbekir-kalesinden-notlar-ve-adilos-bebe\/#article","isPartOf":{"@id":"https:\/\/narteks.net\/index.php\/2009\/02\/27\/diyarbekir-kalesinden-notlar-ve-adilos-bebe\/"},"author":{"name":"Tar\u0131k","@id":"https:\/\/narteks.net\/#\/schema\/person\/61f37d9834294b72d31d274e7ed79bca"},"headline":"DIYARBEKIR KALESINDEN NOTLAR VE ADILO\u015e BEBE","datePublished":"2009-02-27T11:22:40+00:00","mainEntityOfPage":{"@id":"https:\/\/narteks.net\/index.php\/2009\/02\/27\/diyarbekir-kalesinden-notlar-ve-adilos-bebe\/"},"wordCount":289,"commentCount":0,"publisher":{"@id":"https:\/\/narteks.net\/#organization"},"articleSection":["Ahmed AR\u0130F"],"inLanguage":"tr","potentialAction":[{"@type":"CommentAction","name":"Comment","target":["https:\/\/narteks.net\/index.php\/2009\/02\/27\/diyarbekir-kalesinden-notlar-ve-adilos-bebe\/#respond"]}]},{"@type":"WebPage","@id":"https:\/\/narteks.net\/index.php\/2009\/02\/27\/diyarbekir-kalesinden-notlar-ve-adilos-bebe\/","url":"https:\/\/narteks.net\/index.php\/2009\/02\/27\/diyarbekir-kalesinden-notlar-ve-adilos-bebe\/","name":"DIYARBEKIR KALESINDEN NOTLAR VE ADILO\u015e BEBE - narteks.net","isPartOf":{"@id":"https:\/\/narteks.net\/#website"},"datePublished":"2009-02-27T11:22:40+00:00","breadcrumb":{"@id":"https:\/\/narteks.net\/index.php\/2009\/02\/27\/diyarbekir-kalesinden-notlar-ve-adilos-bebe\/#breadcrumb"},"inLanguage":"tr","potentialAction":[{"@type":"ReadAction","target":["https:\/\/narteks.net\/index.php\/2009\/02\/27\/diyarbekir-kalesinden-notlar-ve-adilos-bebe\/"]}]},{"@type":"BreadcrumbList","@id":"https:\/\/narteks.net\/index.php\/2009\/02\/27\/diyarbekir-kalesinden-notlar-ve-adilos-bebe\/#breadcrumb","itemListElement":[{"@type":"ListItem","position":1,"name":"Anasayfa","item":"https:\/\/narteks.net\/"},{"@type":"ListItem","position":2,"name":"DIYARBEKIR KALESINDEN NOTLAR VE ADILO\u015e BEBE"}]},{"@type":"WebSite","@id":"https:\/\/narteks.net\/#website","url":"https:\/\/narteks.net\/","name":"narteks.net","description":"K\u00fclt\u00fcr Sanat Edebiyat Felsefe","publisher":{"@id":"https:\/\/narteks.net\/#organization"},"alternateName":"K\u00fclt\u00fcr Sanat Edebiyat Felsefe","potentialAction":[{"@type":"SearchAction","target":{"@type":"EntryPoint","urlTemplate":"https:\/\/narteks.net\/?s={search_term_string}"},"query-input":{"@type":"PropertyValueSpecification","valueRequired":true,"valueName":"search_term_string"}}],"inLanguage":"tr"},{"@type":"Organization","@id":"https:\/\/narteks.net\/#organization","name":"narteks.net","url":"https:\/\/narteks.net\/","logo":{"@type":"ImageObject","inLanguage":"tr","@id":"https:\/\/narteks.net\/#\/schema\/logo\/image\/","url":"https:\/\/narteks.net\/wp-content\/uploads\/narteks.png","contentUrl":"https:\/\/narteks.net\/wp-content\/uploads\/narteks.png","width":300,"height":90,"caption":"narteks.net"},"image":{"@id":"https:\/\/narteks.net\/#\/schema\/logo\/image\/"},"sameAs":["https:\/\/x.com\/narteks","https:\/\/instagram.com\/narteksnet"]},{"@type":"Person","@id":"https:\/\/narteks.net\/#\/schema\/person\/61f37d9834294b72d31d274e7ed79bca","name":"Tar\u0131k","image":{"@type":"ImageObject","inLanguage":"tr","@id":"https:\/\/narteks.net\/#\/schema\/person\/image\/","url":"https:\/\/secure.gravatar.com\/avatar\/50865afb55632c4ae467e0af0930f6510aa2297d8014be502a55b14f3b7550cf?s=96&d=mm&r=g","contentUrl":"https:\/\/secure.gravatar.com\/avatar\/50865afb55632c4ae467e0af0930f6510aa2297d8014be502a55b14f3b7550cf?s=96&d=mm&r=g","caption":"Tar\u0131k"},"sameAs":["http:\/\/narteks.net"],"url":"https:\/\/narteks.net\/index.php\/author\/narbak\/"}]}},"_links":{"self":[{"href":"https:\/\/narteks.net\/index.php\/wp-json\/wp\/v2\/posts\/48","targetHints":{"allow":["GET"]}}],"collection":[{"href":"https:\/\/narteks.net\/index.php\/wp-json\/wp\/v2\/posts"}],"about":[{"href":"https:\/\/narteks.net\/index.php\/wp-json\/wp\/v2\/types\/post"}],"author":[{"embeddable":true,"href":"https:\/\/narteks.net\/index.php\/wp-json\/wp\/v2\/users\/1"}],"replies":[{"embeddable":true,"href":"https:\/\/narteks.net\/index.php\/wp-json\/wp\/v2\/comments?post=48"}],"version-history":[{"count":0,"href":"https:\/\/narteks.net\/index.php\/wp-json\/wp\/v2\/posts\/48\/revisions"}],"wp:attachment":[{"href":"https:\/\/narteks.net\/index.php\/wp-json\/wp\/v2\/media?parent=48"}],"wp:term":[{"taxonomy":"category","embeddable":true,"href":"https:\/\/narteks.net\/index.php\/wp-json\/wp\/v2\/categories?post=48"},{"taxonomy":"post_tag","embeddable":true,"href":"https:\/\/narteks.net\/index.php\/wp-json\/wp\/v2\/tags?post=48"}],"curies":[{"name":"wp","href":"https:\/\/api.w.org\/{rel}","templated":true}]}}