{"id":4803,"date":"2010-12-07T11:02:15","date_gmt":"2010-12-07T08:02:15","guid":{"rendered":"http:\/\/localhost\/wordpress\/2010\/12\/07\/bir-sey-hatirlamak-icin-mi-olunuyordu-son-insan-maurice-blanchot\/"},"modified":"2010-12-07T11:02:15","modified_gmt":"2010-12-07T08:02:15","slug":"bir-sey-hatirlamak-icin-mi-olunuyordu-son-insan-maurice-blanchot","status":"publish","type":"post","link":"https:\/\/narteks.net\/index.php\/2010\/12\/07\/bir-sey-hatirlamak-icin-mi-olunuyordu-son-insan-maurice-blanchot\/","title":{"rendered":"Bir \u015fey hat\u0131rlamak i\u00e7in mi \u00f6l\u00fcn\u00fcyordu? | Son \u0130nsan &#8211; Maurice Blanchot"},"content":{"rendered":"<p style=\"text-align: justify;\"><img loading=\"lazy\" decoding=\"async\" src=\"http:\/\/www.webstore.fr\/eze\/village\/ang\/images\/blanchot.jpg\" border=\"0\" width=\"155\" height=\"205\" style=\"float: left;\" \/>&#8230;<\/p>\n<p>&#8220;Ni\u00e7in yaln\u0131z sana g\u00fcveniyorum ben? Ni\u00e7in yaln\u0131z sana ba\u011flanm\u0131\u015f hissediyorum kendimi ve her ne kadar arkanda, g\u00f6ky\u00fcz\u00fc olan bu sivri u\u00e7, beni yorulmadan, hissedilemez ve ezeli bir bask\u0131yla zorla geri \u00e7ekilmeye davet eden bu bo\u015f ve hep daha bo\u015f i\u015fkence, beni iten ve de art\u0131k \u00e7ekmeyen s\u00fck\u00fbnet gizlense de, sana seslendik\u00e7e, soru sorduk\u00e7a, sana &#8216;Sana soru soruyorum, sana sesleniyorum&#8217; diyebildik\u00e7e, bu hep Biz diyen sarho\u015fluktan beni koruyan bir sa\u011flaml\u0131k hissediyorum. Beni aldat\u0131yorsan, isterim bunu. E\u011fer bir hi\u00e7sen, sadece seninle birlikte hi\u00e7 olaca\u011f\u0131m. Benden, seni t\u00fcketmemi, ben olan bu bo\u015flu\u011fa seni teslim etmemi bekliyorsan, senin yard\u0131m\u0131nla, e\u011fer bu nihai ama\u00e7sa, ula\u015faca\u011f\u0131m ona.<\/p>\n<p>Bir tuzak olabilece\u011fin d\u00fc\u015f\u00fcncesini de d\u0131\u015flamad\u0131\u011f\u0131m\u0131 hat\u0131rla. Ben belki \u00f6lmedim ve g\u00fcven duydu\u011fum sen, benden, sabr\u0131n ve ihtiyatl\u0131l\u0131\u011f\u0131nla, gelecek olan s\u00fck\u00fbnet an\u0131n\u0131n \u00f6zg\u00fcr fedak\u00e2rl\u0131\u011f\u0131n\u0131 elde etmek i\u00e7in buradas\u0131n. S\u00fck\u00fbnet verilmi\u015ftir, geri al\u0131namaz, verilmemi\u015ftir, son eme\u011fin meyvesidir, \u00f6l\u00fcm\u00fcn kendisinden, \u00f6lenden bir an ald\u0131\u011f\u0131 geli\u015fme ve dengedir. B\u00f6yledir. \u0130nk\u00e2r etmeyeceksin bunu ve an\u0131n, ona ula\u015fm\u0131\u015f olana b\u0131rak\u0131lsayd\u0131, kendisi i\u00e7in art\u0131k ba\u015fka bir an olmayaca\u011f\u0131n\u0131 da ink\u00e2r etmeyeceksin. Ama s\u00fck\u00fbnetin y\u00fcre\u011fe h\u00fccum etmesi gerekir, gizemli ba\u011f\u0131\u015f\u0131n, \u00f6zg\u00fcr yarg\u0131n\u0131n ger\u00e7ekle\u015fmesi gerekir: ah, her zaman evet deme mutlulu\u011fu, bu yeni ba\u011flar\u0131n verdi\u011fi \u015fa\u015fk\u0131nl\u0131k ve en eski olan \u015feyin kesinli\u011fi; bana ba\u015flang\u0131\u00e7taki hafiflikten gelen ve yeni bir hafifli\u011fe giden \u00e7a\u011fr\u0131, benim taraf\u0131mdan d\u00fc\u015f\u00fcn\u00fclmemi\u015f, beni \u00e7\u0131lg\u0131nca bir \u00e7abuklukla s\u00fcr\u00fckleyerek, tam anlam\u0131yla da s\u00fcr\u00fcklemeyerek yeniden y\u00fckseklere do\u011fru \u00e7\u0131karan d\u00fc\u015f\u00fcnce.&#8221; Syf. 104-105.<\/p>\n<p>Son \u0130nsan<br \/>Maurice Blanchot<br \/>\u00c7ev. \u0130smail Yerguz<\/p>\n","protected":false},"excerpt":{"rendered":"<p>&#8230; &#8220;Ni\u00e7in yaln\u0131z sana g\u00fcveniyorum ben? Ni\u00e7in yaln\u0131z sana ba\u011flanm\u0131\u015f hissediyorum kendimi ve her ne kadar arkanda, g\u00f6ky\u00fcz\u00fc olan bu sivri u\u00e7, beni yorulmadan, hissedilemez ve ezeli bir bask\u0131yla zorla geri \u00e7ekilmeye davet eden bu bo\u015f ve hep daha bo\u015f i\u015fkence, beni iten ve de art\u0131k \u00e7ekmeyen s\u00fck\u00fbnet gizlense de, sana seslendik\u00e7e, soru sorduk\u00e7a, sana [&hellip;]<\/p>\n","protected":false},"author":1,"featured_media":0,"comment_status":"open","ping_status":"open","sticky":false,"template":"","format":"standard","meta":{"footnotes":""},"categories":[61],"tags":[],"class_list":{"0":"post-4803","1":"post","2":"type-post","3":"status-publish","4":"format-standard","6":"category-maurice-blanchot"},"yoast_head":"<!-- This site is optimized with the Yoast SEO Premium plugin v24.9 (Yoast SEO v24.9) - https:\/\/yoast.com\/wordpress\/plugins\/seo\/ -->\n<title>Bir \u015fey hat\u0131rlamak i\u00e7in mi \u00f6l\u00fcn\u00fcyordu? | Son \u0130nsan - Maurice Blanchot - narteks.net<\/title>\n<meta name=\"robots\" content=\"index, follow, max-snippet:-1, max-image-preview:large, max-video-preview:-1\" \/>\n<link rel=\"canonical\" href=\"https:\/\/narteks.net\/index.php\/2010\/12\/07\/bir-sey-hatirlamak-icin-mi-olunuyordu-son-insan-maurice-blanchot\/\" \/>\n<meta property=\"og:locale\" content=\"tr_TR\" \/>\n<meta property=\"og:type\" content=\"article\" \/>\n<meta property=\"og:title\" content=\"Bir \u015fey hat\u0131rlamak i\u00e7in mi \u00f6l\u00fcn\u00fcyordu? | Son \u0130nsan - Maurice Blanchot\" \/>\n<meta property=\"og:description\" content=\"&#8230; &#8220;Ni\u00e7in yaln\u0131z sana g\u00fcveniyorum ben? Ni\u00e7in yaln\u0131z sana ba\u011flanm\u0131\u015f hissediyorum kendimi ve her ne kadar arkanda, g\u00f6ky\u00fcz\u00fc olan bu sivri u\u00e7, beni yorulmadan, hissedilemez ve ezeli bir bask\u0131yla zorla geri \u00e7ekilmeye davet eden bu bo\u015f ve hep daha bo\u015f i\u015fkence, beni iten ve de art\u0131k \u00e7ekmeyen s\u00fck\u00fbnet gizlense de, sana seslendik\u00e7e, soru sorduk\u00e7a, sana [&hellip;]\" \/>\n<meta property=\"og:url\" content=\"https:\/\/narteks.net\/index.php\/2010\/12\/07\/bir-sey-hatirlamak-icin-mi-olunuyordu-son-insan-maurice-blanchot\/\" \/>\n<meta property=\"og:site_name\" content=\"narteks.net\" \/>\n<meta property=\"article:published_time\" content=\"2010-12-07T08:02:15+00:00\" \/>\n<meta property=\"og:image\" content=\"http:\/\/www.webstore.fr\/eze\/village\/ang\/images\/blanchot.jpg\" \/>\n<meta name=\"author\" content=\"Tar\u0131k\" \/>\n<meta name=\"twitter:card\" content=\"summary_large_image\" \/>\n<meta name=\"twitter:creator\" content=\"@narteks\" \/>\n<meta name=\"twitter:site\" content=\"@narteks\" \/>\n<meta name=\"twitter:label1\" content=\"Yazan:\" \/>\n\t<meta name=\"twitter:data1\" content=\"Tar\u0131k\" \/>\n\t<meta name=\"twitter:label2\" content=\"Tahmini okuma s\u00fcresi\" \/>\n\t<meta name=\"twitter:data2\" content=\"2 dakika\" \/>\n<script type=\"application\/ld+json\" class=\"yoast-schema-graph\">{\"@context\":\"https:\/\/schema.org\",\"@graph\":[{\"@type\":\"Article\",\"@id\":\"https:\/\/narteks.net\/index.php\/2010\/12\/07\/bir-sey-hatirlamak-icin-mi-olunuyordu-son-insan-maurice-blanchot\/#article\",\"isPartOf\":{\"@id\":\"https:\/\/narteks.net\/index.php\/2010\/12\/07\/bir-sey-hatirlamak-icin-mi-olunuyordu-son-insan-maurice-blanchot\/\"},\"author\":{\"name\":\"Tar\u0131k\",\"@id\":\"https:\/\/narteks.net\/#\/schema\/person\/61f37d9834294b72d31d274e7ed79bca\"},\"headline\":\"Bir \u015fey hat\u0131rlamak i\u00e7in mi \u00f6l\u00fcn\u00fcyordu? | Son \u0130nsan &#8211; Maurice Blanchot\",\"datePublished\":\"2010-12-07T08:02:15+00:00\",\"mainEntityOfPage\":{\"@id\":\"https:\/\/narteks.net\/index.php\/2010\/12\/07\/bir-sey-hatirlamak-icin-mi-olunuyordu-son-insan-maurice-blanchot\/\"},\"wordCount\":351,\"commentCount\":0,\"publisher\":{\"@id\":\"https:\/\/narteks.net\/#organization\"},\"image\":{\"@id\":\"https:\/\/narteks.net\/index.php\/2010\/12\/07\/bir-sey-hatirlamak-icin-mi-olunuyordu-son-insan-maurice-blanchot\/#primaryimage\"},\"thumbnailUrl\":\"http:\/\/www.webstore.fr\/eze\/village\/ang\/images\/blanchot.jpg\",\"articleSection\":[\"Maurice BLANCHOT\"],\"inLanguage\":\"tr\",\"potentialAction\":[{\"@type\":\"CommentAction\",\"name\":\"Comment\",\"target\":[\"https:\/\/narteks.net\/index.php\/2010\/12\/07\/bir-sey-hatirlamak-icin-mi-olunuyordu-son-insan-maurice-blanchot\/#respond\"]}]},{\"@type\":\"WebPage\",\"@id\":\"https:\/\/narteks.net\/index.php\/2010\/12\/07\/bir-sey-hatirlamak-icin-mi-olunuyordu-son-insan-maurice-blanchot\/\",\"url\":\"https:\/\/narteks.net\/index.php\/2010\/12\/07\/bir-sey-hatirlamak-icin-mi-olunuyordu-son-insan-maurice-blanchot\/\",\"name\":\"Bir \u015fey hat\u0131rlamak i\u00e7in mi \u00f6l\u00fcn\u00fcyordu? | Son \u0130nsan - Maurice Blanchot - narteks.net\",\"isPartOf\":{\"@id\":\"https:\/\/narteks.net\/#website\"},\"primaryImageOfPage\":{\"@id\":\"https:\/\/narteks.net\/index.php\/2010\/12\/07\/bir-sey-hatirlamak-icin-mi-olunuyordu-son-insan-maurice-blanchot\/#primaryimage\"},\"image\":{\"@id\":\"https:\/\/narteks.net\/index.php\/2010\/12\/07\/bir-sey-hatirlamak-icin-mi-olunuyordu-son-insan-maurice-blanchot\/#primaryimage\"},\"thumbnailUrl\":\"http:\/\/www.webstore.fr\/eze\/village\/ang\/images\/blanchot.jpg\",\"datePublished\":\"2010-12-07T08:02:15+00:00\",\"breadcrumb\":{\"@id\":\"https:\/\/narteks.net\/index.php\/2010\/12\/07\/bir-sey-hatirlamak-icin-mi-olunuyordu-son-insan-maurice-blanchot\/#breadcrumb\"},\"inLanguage\":\"tr\",\"potentialAction\":[{\"@type\":\"ReadAction\",\"target\":[\"https:\/\/narteks.net\/index.php\/2010\/12\/07\/bir-sey-hatirlamak-icin-mi-olunuyordu-son-insan-maurice-blanchot\/\"]}]},{\"@type\":\"ImageObject\",\"inLanguage\":\"tr\",\"@id\":\"https:\/\/narteks.net\/index.php\/2010\/12\/07\/bir-sey-hatirlamak-icin-mi-olunuyordu-son-insan-maurice-blanchot\/#primaryimage\",\"url\":\"http:\/\/www.webstore.fr\/eze\/village\/ang\/images\/blanchot.jpg\",\"contentUrl\":\"http:\/\/www.webstore.fr\/eze\/village\/ang\/images\/blanchot.jpg\"},{\"@type\":\"BreadcrumbList\",\"@id\":\"https:\/\/narteks.net\/index.php\/2010\/12\/07\/bir-sey-hatirlamak-icin-mi-olunuyordu-son-insan-maurice-blanchot\/#breadcrumb\",\"itemListElement\":[{\"@type\":\"ListItem\",\"position\":1,\"name\":\"Anasayfa\",\"item\":\"https:\/\/narteks.net\/\"},{\"@type\":\"ListItem\",\"position\":2,\"name\":\"Bir \u015fey hat\u0131rlamak i\u00e7in mi \u00f6l\u00fcn\u00fcyordu? | Son \u0130nsan &#8211; Maurice Blanchot\"}]},{\"@type\":\"WebSite\",\"@id\":\"https:\/\/narteks.net\/#website\",\"url\":\"https:\/\/narteks.net\/\",\"name\":\"narteks.net\",\"description\":\"K\u00fclt\u00fcr Sanat Edebiyat Felsefe\",\"publisher\":{\"@id\":\"https:\/\/narteks.net\/#organization\"},\"alternateName\":\"K\u00fclt\u00fcr Sanat Edebiyat Felsefe\",\"potentialAction\":[{\"@type\":\"SearchAction\",\"target\":{\"@type\":\"EntryPoint\",\"urlTemplate\":\"https:\/\/narteks.net\/?s={search_term_string}\"},\"query-input\":{\"@type\":\"PropertyValueSpecification\",\"valueRequired\":true,\"valueName\":\"search_term_string\"}}],\"inLanguage\":\"tr\"},{\"@type\":\"Organization\",\"@id\":\"https:\/\/narteks.net\/#organization\",\"name\":\"narteks.net\",\"url\":\"https:\/\/narteks.net\/\",\"logo\":{\"@type\":\"ImageObject\",\"inLanguage\":\"tr\",\"@id\":\"https:\/\/narteks.net\/#\/schema\/logo\/image\/\",\"url\":\"https:\/\/narteks.net\/wp-content\/uploads\/narteks.png\",\"contentUrl\":\"https:\/\/narteks.net\/wp-content\/uploads\/narteks.png\",\"width\":300,\"height\":90,\"caption\":\"narteks.net\"},\"image\":{\"@id\":\"https:\/\/narteks.net\/#\/schema\/logo\/image\/\"},\"sameAs\":[\"https:\/\/x.com\/narteks\",\"https:\/\/instagram.com\/narteksnet\"]},{\"@type\":\"Person\",\"@id\":\"https:\/\/narteks.net\/#\/schema\/person\/61f37d9834294b72d31d274e7ed79bca\",\"name\":\"Tar\u0131k\",\"image\":{\"@type\":\"ImageObject\",\"inLanguage\":\"tr\",\"@id\":\"https:\/\/narteks.net\/#\/schema\/person\/image\/\",\"url\":\"https:\/\/secure.gravatar.com\/avatar\/50865afb55632c4ae467e0af0930f6510aa2297d8014be502a55b14f3b7550cf?s=96&d=mm&r=g\",\"contentUrl\":\"https:\/\/secure.gravatar.com\/avatar\/50865afb55632c4ae467e0af0930f6510aa2297d8014be502a55b14f3b7550cf?s=96&d=mm&r=g\",\"caption\":\"Tar\u0131k\"},\"sameAs\":[\"http:\/\/narteks.net\"],\"url\":\"https:\/\/narteks.net\/index.php\/author\/narbak\/\"}]}<\/script>\n<!-- \/ Yoast SEO Premium plugin. -->","yoast_head_json":{"title":"Bir \u015fey hat\u0131rlamak i\u00e7in mi \u00f6l\u00fcn\u00fcyordu? | Son \u0130nsan - Maurice Blanchot - narteks.net","robots":{"index":"index","follow":"follow","max-snippet":"max-snippet:-1","max-image-preview":"max-image-preview:large","max-video-preview":"max-video-preview:-1"},"canonical":"https:\/\/narteks.net\/index.php\/2010\/12\/07\/bir-sey-hatirlamak-icin-mi-olunuyordu-son-insan-maurice-blanchot\/","og_locale":"tr_TR","og_type":"article","og_title":"Bir \u015fey hat\u0131rlamak i\u00e7in mi \u00f6l\u00fcn\u00fcyordu? | Son \u0130nsan - Maurice Blanchot","og_description":"&#8230; &#8220;Ni\u00e7in yaln\u0131z sana g\u00fcveniyorum ben? Ni\u00e7in yaln\u0131z sana ba\u011flanm\u0131\u015f hissediyorum kendimi ve her ne kadar arkanda, g\u00f6ky\u00fcz\u00fc olan bu sivri u\u00e7, beni yorulmadan, hissedilemez ve ezeli bir bask\u0131yla zorla geri \u00e7ekilmeye davet eden bu bo\u015f ve hep daha bo\u015f i\u015fkence, beni iten ve de art\u0131k \u00e7ekmeyen s\u00fck\u00fbnet gizlense de, sana seslendik\u00e7e, soru sorduk\u00e7a, sana [&hellip;]","og_url":"https:\/\/narteks.net\/index.php\/2010\/12\/07\/bir-sey-hatirlamak-icin-mi-olunuyordu-son-insan-maurice-blanchot\/","og_site_name":"narteks.net","article_published_time":"2010-12-07T08:02:15+00:00","og_image":[{"url":"http:\/\/www.webstore.fr\/eze\/village\/ang\/images\/blanchot.jpg","type":"","width":"","height":""}],"author":"Tar\u0131k","twitter_card":"summary_large_image","twitter_creator":"@narteks","twitter_site":"@narteks","twitter_misc":{"Yazan:":"Tar\u0131k","Tahmini okuma s\u00fcresi":"2 dakika"},"schema":{"@context":"https:\/\/schema.org","@graph":[{"@type":"Article","@id":"https:\/\/narteks.net\/index.php\/2010\/12\/07\/bir-sey-hatirlamak-icin-mi-olunuyordu-son-insan-maurice-blanchot\/#article","isPartOf":{"@id":"https:\/\/narteks.net\/index.php\/2010\/12\/07\/bir-sey-hatirlamak-icin-mi-olunuyordu-son-insan-maurice-blanchot\/"},"author":{"name":"Tar\u0131k","@id":"https:\/\/narteks.net\/#\/schema\/person\/61f37d9834294b72d31d274e7ed79bca"},"headline":"Bir \u015fey hat\u0131rlamak i\u00e7in mi \u00f6l\u00fcn\u00fcyordu? | Son \u0130nsan &#8211; Maurice Blanchot","datePublished":"2010-12-07T08:02:15+00:00","mainEntityOfPage":{"@id":"https:\/\/narteks.net\/index.php\/2010\/12\/07\/bir-sey-hatirlamak-icin-mi-olunuyordu-son-insan-maurice-blanchot\/"},"wordCount":351,"commentCount":0,"publisher":{"@id":"https:\/\/narteks.net\/#organization"},"image":{"@id":"https:\/\/narteks.net\/index.php\/2010\/12\/07\/bir-sey-hatirlamak-icin-mi-olunuyordu-son-insan-maurice-blanchot\/#primaryimage"},"thumbnailUrl":"http:\/\/www.webstore.fr\/eze\/village\/ang\/images\/blanchot.jpg","articleSection":["Maurice BLANCHOT"],"inLanguage":"tr","potentialAction":[{"@type":"CommentAction","name":"Comment","target":["https:\/\/narteks.net\/index.php\/2010\/12\/07\/bir-sey-hatirlamak-icin-mi-olunuyordu-son-insan-maurice-blanchot\/#respond"]}]},{"@type":"WebPage","@id":"https:\/\/narteks.net\/index.php\/2010\/12\/07\/bir-sey-hatirlamak-icin-mi-olunuyordu-son-insan-maurice-blanchot\/","url":"https:\/\/narteks.net\/index.php\/2010\/12\/07\/bir-sey-hatirlamak-icin-mi-olunuyordu-son-insan-maurice-blanchot\/","name":"Bir \u015fey hat\u0131rlamak i\u00e7in mi \u00f6l\u00fcn\u00fcyordu? | Son \u0130nsan - Maurice Blanchot - narteks.net","isPartOf":{"@id":"https:\/\/narteks.net\/#website"},"primaryImageOfPage":{"@id":"https:\/\/narteks.net\/index.php\/2010\/12\/07\/bir-sey-hatirlamak-icin-mi-olunuyordu-son-insan-maurice-blanchot\/#primaryimage"},"image":{"@id":"https:\/\/narteks.net\/index.php\/2010\/12\/07\/bir-sey-hatirlamak-icin-mi-olunuyordu-son-insan-maurice-blanchot\/#primaryimage"},"thumbnailUrl":"http:\/\/www.webstore.fr\/eze\/village\/ang\/images\/blanchot.jpg","datePublished":"2010-12-07T08:02:15+00:00","breadcrumb":{"@id":"https:\/\/narteks.net\/index.php\/2010\/12\/07\/bir-sey-hatirlamak-icin-mi-olunuyordu-son-insan-maurice-blanchot\/#breadcrumb"},"inLanguage":"tr","potentialAction":[{"@type":"ReadAction","target":["https:\/\/narteks.net\/index.php\/2010\/12\/07\/bir-sey-hatirlamak-icin-mi-olunuyordu-son-insan-maurice-blanchot\/"]}]},{"@type":"ImageObject","inLanguage":"tr","@id":"https:\/\/narteks.net\/index.php\/2010\/12\/07\/bir-sey-hatirlamak-icin-mi-olunuyordu-son-insan-maurice-blanchot\/#primaryimage","url":"http:\/\/www.webstore.fr\/eze\/village\/ang\/images\/blanchot.jpg","contentUrl":"http:\/\/www.webstore.fr\/eze\/village\/ang\/images\/blanchot.jpg"},{"@type":"BreadcrumbList","@id":"https:\/\/narteks.net\/index.php\/2010\/12\/07\/bir-sey-hatirlamak-icin-mi-olunuyordu-son-insan-maurice-blanchot\/#breadcrumb","itemListElement":[{"@type":"ListItem","position":1,"name":"Anasayfa","item":"https:\/\/narteks.net\/"},{"@type":"ListItem","position":2,"name":"Bir \u015fey hat\u0131rlamak i\u00e7in mi \u00f6l\u00fcn\u00fcyordu? | Son \u0130nsan &#8211; Maurice Blanchot"}]},{"@type":"WebSite","@id":"https:\/\/narteks.net\/#website","url":"https:\/\/narteks.net\/","name":"narteks.net","description":"K\u00fclt\u00fcr Sanat Edebiyat Felsefe","publisher":{"@id":"https:\/\/narteks.net\/#organization"},"alternateName":"K\u00fclt\u00fcr Sanat Edebiyat Felsefe","potentialAction":[{"@type":"SearchAction","target":{"@type":"EntryPoint","urlTemplate":"https:\/\/narteks.net\/?s={search_term_string}"},"query-input":{"@type":"PropertyValueSpecification","valueRequired":true,"valueName":"search_term_string"}}],"inLanguage":"tr"},{"@type":"Organization","@id":"https:\/\/narteks.net\/#organization","name":"narteks.net","url":"https:\/\/narteks.net\/","logo":{"@type":"ImageObject","inLanguage":"tr","@id":"https:\/\/narteks.net\/#\/schema\/logo\/image\/","url":"https:\/\/narteks.net\/wp-content\/uploads\/narteks.png","contentUrl":"https:\/\/narteks.net\/wp-content\/uploads\/narteks.png","width":300,"height":90,"caption":"narteks.net"},"image":{"@id":"https:\/\/narteks.net\/#\/schema\/logo\/image\/"},"sameAs":["https:\/\/x.com\/narteks","https:\/\/instagram.com\/narteksnet"]},{"@type":"Person","@id":"https:\/\/narteks.net\/#\/schema\/person\/61f37d9834294b72d31d274e7ed79bca","name":"Tar\u0131k","image":{"@type":"ImageObject","inLanguage":"tr","@id":"https:\/\/narteks.net\/#\/schema\/person\/image\/","url":"https:\/\/secure.gravatar.com\/avatar\/50865afb55632c4ae467e0af0930f6510aa2297d8014be502a55b14f3b7550cf?s=96&d=mm&r=g","contentUrl":"https:\/\/secure.gravatar.com\/avatar\/50865afb55632c4ae467e0af0930f6510aa2297d8014be502a55b14f3b7550cf?s=96&d=mm&r=g","caption":"Tar\u0131k"},"sameAs":["http:\/\/narteks.net"],"url":"https:\/\/narteks.net\/index.php\/author\/narbak\/"}]}},"_links":{"self":[{"href":"https:\/\/narteks.net\/index.php\/wp-json\/wp\/v2\/posts\/4803","targetHints":{"allow":["GET"]}}],"collection":[{"href":"https:\/\/narteks.net\/index.php\/wp-json\/wp\/v2\/posts"}],"about":[{"href":"https:\/\/narteks.net\/index.php\/wp-json\/wp\/v2\/types\/post"}],"author":[{"embeddable":true,"href":"https:\/\/narteks.net\/index.php\/wp-json\/wp\/v2\/users\/1"}],"replies":[{"embeddable":true,"href":"https:\/\/narteks.net\/index.php\/wp-json\/wp\/v2\/comments?post=4803"}],"version-history":[{"count":0,"href":"https:\/\/narteks.net\/index.php\/wp-json\/wp\/v2\/posts\/4803\/revisions"}],"wp:attachment":[{"href":"https:\/\/narteks.net\/index.php\/wp-json\/wp\/v2\/media?parent=4803"}],"wp:term":[{"taxonomy":"category","embeddable":true,"href":"https:\/\/narteks.net\/index.php\/wp-json\/wp\/v2\/categories?post=4803"},{"taxonomy":"post_tag","embeddable":true,"href":"https:\/\/narteks.net\/index.php\/wp-json\/wp\/v2\/tags?post=4803"}],"curies":[{"name":"wp","href":"https:\/\/api.w.org\/{rel}","templated":true}]}}