{"id":4804,"date":"2010-12-07T11:37:08","date_gmt":"2010-12-07T08:37:08","guid":{"rendered":"http:\/\/localhost\/wordpress\/2010\/12\/07\/her-kim-ki-haldinin-gazabi-uzerine-olsun-kelasinin-lanetli-yaziti-serdar-eroglu\/"},"modified":"2010-12-07T11:37:08","modified_gmt":"2010-12-07T08:37:08","slug":"her-kim-ki-haldinin-gazabi-uzerine-olsun-kelasinin-lanetli-yaziti-serdar-eroglu","status":"publish","type":"post","link":"https:\/\/narteks.net\/index.php\/2010\/12\/07\/her-kim-ki-haldinin-gazabi-uzerine-olsun-kelasinin-lanetli-yaziti-serdar-eroglu\/","title":{"rendered":"Her kim ki&#8230;\/ Haldi\u2019nin gazab\u0131 \u00fczerine olsun | Kela\u015fin\u2019in lanetli yaz\u0131t\u0131! &#8211; Serdar Ero\u011flu"},"content":{"rendered":"<p style=\"text-align: justify;\"><img loading=\"lazy\" decoding=\"async\" src=\"http:\/\/img.blogcu.com\/uploads\/YasakSokak_lanet.jpg\" border=\"0\" width=\"155\" height=\"205\" style=\"float: left;\" \/>As\u0131rlar boyunca Za\u011froslar\u0131n en sarp b\u00f6lgelerinden birinde, Kela\u015fin ge\u00e7idinde dikili olan 2 metre boyundaki ta\u015f yaz\u0131t\u0131n s\u0131rr\u0131 bilinmiyordu. 3 bin metre y\u00fcksekte dikilen ve Kela\u015fin Ta\u015f\u0131 olarak adland\u0131r\u0131lan yaz\u0131t, 1828\u2019de ilk kez ke\u015ffedilmesinin ard\u0131ndan 100 y\u0131l\u0131 a\u015fk\u0131n bir s\u00fcre adeta gizini korumak i\u00e7in direndi. 1961 y\u0131l\u0131nda yaz\u0131t tamamen \u00e7\u00f6z\u00fcld\u00fc\u011f\u00fcnde ilgin\u00e7 bir ger\u00e7ek ortaya \u00e7\u0131kt\u0131. Yaz\u0131t lanetliydi\u2026<br \/>K\u00fcrdistan 19. y\u00fczy\u0131l\u0131n ba\u015f\u0131ndan 20. y\u00fczy\u0131l\u0131n ortalar\u0131na kadar Bat\u0131 d\u00fcnyas\u0131ndan \u00e7ok say\u0131da ka\u015fif, arkeolog ve gezginin ak\u0131n\u0131na u\u011frad\u0131. Tarihe be\u015fiklik yapm\u0131\u015f bu co\u011frafyada ilk\u00e7a\u011f uygarl\u0131klar\u0131na ait eserler Bat\u0131l\u0131lar\u0131n b\u00fcy\u00fck ilgisiyle kar\u015f\u0131la\u015f\u0131yordu. Bu d\u00f6nem ayn\u0131 zamanda b\u00fcy\u00fck bir ya\u011fman\u0131n ya\u015fand\u0131\u011f\u0131 bir d\u00f6nemdi. K\u00fcrdistan\u2019daki \u00e7ok say\u0131da tarihi eser Avrupa\u2019ya ka\u00e7\u0131r\u0131ld\u0131.<\/p>\n<p>19. y\u00fczy\u0131lda K\u00fcrdistan\u2019daki tarihi kal\u0131nt\u0131larla ilgilenen isimlerden biri de Fransa Orient Vakf\u0131n\u2019dan Friedrich Eduard Schulz\u2019tu.<\/p>\n<p>Almanya\u2019n\u0131n Giessen \u00dcniversitesi\u2019nde gen\u00e7 bir felsefe profes\u00f6r\u00fc olan Schulz, d\u00f6nemin en \u00e7ok gelecek vadeden bilim insanlar\u0131 aras\u0131nda g\u00f6steriliyordu. Schulz, do\u011fu bilimlerine duydu\u011fu ilgi ve Paris\u2019ten gelen davet \u00fczerine Frans\u0131z Orient Vakf\u0131 i\u00e7in \u00e7al\u0131\u015fmalara ba\u015flad\u0131.<\/p>\n<p style=\"text-align: justify;\">1826\u2019da K\u00fcrdistan\u2019a gelen Schulz ilk olarak Van ve \u00e7evresinde kaz\u0131lar yapmaya ba\u015flad\u0131. Bu kaz\u0131lar sonucunda bir Bronz \u00e7a\u011f\u0131 yerle\u015fkesi olan Behura\u2019n\u0131n kal\u0131nt\u0131lar\u0131na ula\u015f\u0131ld\u0131. Schulz\u2019un \u00e7al\u0131\u015fmalar\u0131 Urartularla ilgili ilk bulgular\u0131n ortaya \u00e7\u0131kar\u0131lmas\u0131na hizmet etti.<\/p>\n<p>SCHULZ OSMANLI AJANI D\u0130YE \u00d6LD\u00dcR\u00dcLD\u00dc<\/p>\n<p>Schulz 1828-29 y\u0131llar\u0131 aras\u0131nda \u0130ran ve K\u00fcrdistan\u2019\u0131 kapsayan bir geziye \u00e7\u0131kt\u0131. Bu gezide Schulz, Kela\u015fin ge\u00e7idindeki Urartu ta\u015f an\u0131t\u0131n\u0131 ke\u015ffetti. Kela\u015fin ta\u015f\u0131 olarak adland\u0131r\u0131lan bu an\u0131ttaki yaz\u0131lar\u0131 inceleyen ve bunlar\u0131n t\u00fcm\u00fcn\u00fc ka\u011f\u0131t \u00fczerine ge\u00e7iren Schulz, Ba\u015fkale\u2019ye ge\u00e7ti.<\/p>\n<p>Schulz burada k\u00f6yl\u00fclerle konu\u015ftu ve elindeki deftere notlar ald\u0131. Bu durum Hakkari Miri Nurullah Bey\u2019in kula\u011f\u0131na kadar gitti. Schulz, kendisinin Osmanl\u0131 hesab\u0131na \u00e7al\u0131\u015fan bir casus oldu\u011funa inanan Nurullah Bey\u2019in talimat\u0131yla \u00f6ld\u00fcr\u00fcld\u00fc. Schulz\u2019un yan\u0131ndaki belgelerin b\u00fcy\u00fck bir b\u00f6l\u00fcm\u00fc de kayboldu.<\/p>\n<p>Nurullah Bey de 1847 y\u0131l\u0131ndaki Bedirhan isyan\u0131na kat\u0131ld\u0131 ve isyan\u0131n ba\u015far\u0131s\u0131zl\u0131kla sonu\u00e7lanmas\u0131n\u0131n ard\u0131ndan 1849\u2019da teslim oldu ve s\u00fcrg\u00fcne g\u00f6nderildi\u011fi Girit\u2019te \u00f6ld\u00fc.<\/p>\n<p>38 K\u0130\u015e\u0130N\u0130N CESETLER\u0130 PAR\u00c7ALANMI\u015eTI<\/p>\n<p>Ayn\u0131 d\u00f6nemde K\u00fcrdistan\u2019\u0131 dola\u015fan ka\u015fiflerin aras\u0131nda \u0130ngiliz Asurolog Sir Henry Crexwicke Rawlinson da vard\u0131. Rawlinson Irak taraf\u0131ndan gelerek Kela\u015fin\u2019e ula\u015ft\u0131. Ancak hava \u00e7ok so\u011fuktu ve Kela\u015fin ta\u015f\u0131n\u0131n \u00fcst\u00fc buzla kaplanm\u0131\u015ft\u0131. Bir s\u00fcre b\u00f6lgede kalan ve birden fazla kere Kela\u015fin ta\u015f\u0131n\u0131n \u00fczerindeki yaz\u0131lara ula\u015fma yolunu arayan Rawlinson hep dondurucu so\u011fuk engeline tak\u0131ld\u0131.<\/p>\n<p>Rawlinson\u2019un da Kela\u015fin\u2019den eli bo\u015f d\u00f6nmesinin ard\u0131ndan Alman oryantalist R. Rosch da Kela\u015fin ta\u015f\u0131na ula\u015fmak i\u00e7in yola \u00e7\u0131kt\u0131. Rosch yan\u0131ndaki 38 ki\u015fiyle birlikte Kela\u015fin\u2019e ula\u015ft\u0131 ancak bir daha inemedi. Rosch ve yan\u0131ndakilerin cesetleri kur\u015funlanm\u0131\u015f ve par\u00e7a par\u00e7a edilmi\u015f bir halde bulundu.<\/p>\n<p>Bu olaydan sonra Bat\u0131l\u0131 arkeologlar uzun s\u00fcre kendilerine rehberlik edecek insanlar bulmakta zorluk \u00e7ektiler. Atalar\u0131ndan bu yana lanetli bir yer an\u0131t olarak bildikleri Kela\u015fin ta\u015f\u0131n\u0131n ona her dokunana u\u011fursuzluk getirdi\u011fine inan\u0131l\u0131yordu. \u00dczerindeki yaz\u0131lar bir t\u00fcrl\u00fc okunam\u0131yor ve \u00e7\u00f6z\u00fclemiyordu. Kela\u015fin ta\u015f\u0131 adeta kendi kendini koruyordu.<\/p>\n<p>\u015eANSSIZLIK MI LANET M\u0130?<\/p>\n<p>1857 y\u0131l\u0131nda Alman oryantalist Otto Blau da Kela\u015fin Ta\u015f\u0131n\u0131 ke\u015ffe \u00e7\u0131kt\u0131. Yan\u0131nda adeta bir orduyla b\u00f6lgeye gelen Blau, Kela\u015fin Ta\u015f\u0131n\u0131n \u00fcst\u00fcndeki yaz\u0131lar\u0131 bir kal\u0131ba \u00e7\u0131kararak kopyalad\u0131. Blau b\u00fcy\u00fck bir i\u015f ba\u015fard\u0131\u011f\u0131n\u0131 d\u00fc\u015f\u00fcn\u00fcyordu ancak kal\u0131p ovaya indirilirken yolda k\u0131r\u0131ld\u0131. Blau yeni bir kal\u0131pla yeniden Kela\u015fin Ta\u015f\u0131na ula\u015fmay\u0131 d\u00fc\u015f\u00fcnd\u00fc ancak gelen acil bir mektupla Trabzon\u2019a g\u00f6nderildi.<\/p>\n<p>Bir di\u011fer Alman oryantalist Waldemar Bleck, 1891 y\u0131l\u0131nda Kela\u015fin Ta\u015f\u0131na ula\u015fmak istedi. Ancak yolda K\u00fcrt s\u00fcvarilerinin sald\u0131r\u0131s\u0131na u\u011frad\u0131 ve can\u0131n\u0131 zor kurtard\u0131. Bu sald\u0131r\u0131da Bleck\u2019in yan\u0131ndaki 15 ki\u015fi \u00f6ld\u00fcr\u00fcld\u00fc.<\/p>\n<p>1892\u2019de Belck, bir di\u011fer oryantalist Lehmann-Haupt ile birlikte Kela\u015fin Ta\u015f\u0131na \u00e7\u0131kt\u0131 ancak bu kez de hava \u015fartlar\u0131 ta\u015f\u0131n \u00fczerindeki yaz\u0131lar\u0131n okunmas\u0131na izin vermedi. Kela\u015fin Ta\u015f\u0131 buz tutmu\u015ftu. Bu olaydan sonra bir kez daha sald\u0131r\u0131ya u\u011frayan Bleck bir daha Kela\u015fin Ta\u015f\u0131n\u0131n dikili oldu\u011fu ge\u00e7ide geri d\u00f6nmedi.<\/p>\n<p>TA\u015eIN G\u0130ZEM\u0130 \u00c7\u00d6Z\u00dcL\u00dcYOR<\/p>\n<p>1951 y\u0131l\u0131nda ABDli arkeolog George Cameron\u2019a kadar bir daha \u00e7ok az ki\u015finin yolu Kela\u015fin ge\u00e7idine d\u00fc\u015ft\u00fc ve onlar da di\u011ferleri gibi ba\u015far\u0131s\u0131z oldu. Cameron tarihte ilk kez Kela\u015fin Ta\u015f\u0131 \u00fczerindeki yaz\u0131lar\u0131 tamamen lateksle kaplama suretiyle tamamen kopyalad\u0131 ve incelenmek \u00fczere kopyay\u0131 Michigan \u00dcniversitesi\u2019ne g\u00f6nderdi.<\/p>\n<p>Yaz\u0131lar\u0131n incelenmesi 10 y\u0131ldan fazla bir s\u00fcre ald\u0131. Kela\u015fin Ta\u015f\u0131 \u00fczerindeki yaz\u0131lar\u0131 inceleyen bilim insanlar\u0131 \u015fa\u015f\u0131rt\u0131c\u0131 bir ger\u00e7ekle kar\u015f\u0131la\u015ft\u0131. 2760 senedir 3 bin metre y\u00fcksekli\u011findeki Kela\u015fin ge\u00e7idinde ayakta duran yaz\u0131t lanetliydi.<\/p>\n<p>Yaz\u0131t Urartu kral\u0131 \u0130\u015fpuinis taraf\u0131ndan M.\u00d6. 802 y\u0131l\u0131nda dikilmi\u015fti. Kral, Kela\u015fin ge\u00e7idinden ge\u00e7ti\u011fi s\u0131rada sava\u015f tanr\u0131s\u0131 Haldi\u2019nin tap\u0131na\u011f\u0131n\u0131n bulundu\u011fu Musasir \u015fehrinin fethinden d\u00f6n\u00fcyordu. Yaz\u0131t\u0131n bir taraf\u0131na Urartu di\u011fer taraf\u0131na da Asuri dilinde, Musasir\u2019in nas\u0131l fethedildi\u011fini, tanr\u0131 Haldi\u2019ye ne kadar kurban sunuldu\u011fu anlat\u0131l\u0131yordu.<\/p>\n<p>YAZITIN LANETLEND\u0130\u011e\u0130 C\u00dcMLELER<\/p>\n<p>Yaz\u0131t \u0130\u015fpuinis taraf\u0131ndan \u015fu s\u00f6zlerle lanetlenmi\u015fti:<\/p>\n<p>\u201cAluse tulie (her kim ki bu yaz\u0131t\u0131 yok ederse)<br \/>Aluse pitulie (her kim zarar verirse)<br \/>Aluse iphulie (her kim k\u0131rarsa)<br \/>Aluse qiuraedi sepulie (her kim topra\u011f\u0131n alt\u0131na g\u00f6merse)<br \/>Aluse husulie (her kim suya atarsa)<br \/>Aluse ini pulusi esini suidulie (her kim onu yerinden s\u00f6kerse)<br \/>Aluse kaini serdulie (her kim onu g\u00fcne\u015ften saklarsa)<br \/>Aluse ainiei inili dulie (her kim ba\u015fkas\u0131n\u0131 &lt;&gt; cesaretlendirirse)<br \/>Aluse giei inukani esinini siulie (her kim buradan bir \u015feyi ta\u015f\u0131y\u0131p g\u00f6t\u00fcr\u00fcrse)<br \/>(\u2026)<br \/>turunini haldise mani (Haldi\u2019nin gazab\u0131 \u00fczerine olsun).<\/p>\n<p>Cameron\u2019un ta\u015f\u0131n gizemini \u00e7\u00f6zmesinin ard\u0131ndan bir \u0130talyan arkeolog yan\u0131nda adeta bir orduyla 1976 y\u0131l\u0131nda Kela\u015fin ge\u00e7idine giderek yaz\u0131t \u00fczerinde incelemelerde bulundu. Ancak bu ara\u015ft\u0131rma Cameron\u2019un \u00e7\u00f6z\u00fcm\u00fcnden farkl\u0131 bir sonu\u00e7 vermedi.<\/p>\n<p>\u0130RAN KELA\u015e\u0130N TA\u015eINI URM\u0130YE\u2019YE KA\u00c7IRDI<\/p>\n<p>Kela\u015fin Ta\u015f\u0131, 1980 y\u0131l\u0131nda ba\u015flayan \u0130ran-Irak sava\u015f\u0131 s\u0131ras\u0131nda \u0130ran ordusu taraf\u0131ndan yerinden s\u00f6k\u00fcld\u00fc ve Urmiye\u2019ye g\u00f6t\u00fcr\u00fcld\u00fc. Yaz\u0131t sava\u015f\u0131n bitiminin ard\u0131ndan Urmiye Arkeoloji M\u00fczesinde sergilenmeye ba\u015flad\u0131. Lanetli yaz\u0131t halen de bu m\u00fczede bulunuyor.<\/p>\n<p>Kimilerine g\u00f6re 1980 y\u0131l\u0131na kadar ayakta kalan yaz\u0131t\u0131n art\u0131k g\u00fcc\u00fc t\u00fckenmi\u015fti. Kimilerine g\u00f6re kendini koruyan ellerdeydi \u015fimdi. Kimilerine g\u00f6re ise ta\u015f\u0131n laneti yeniden ortaya \u00e7\u0131kaca\u011f\u0131 ve Kela\u015fin ge\u00e7idine geri d\u00f6nece\u011fi g\u00fcn\u00fc bekliyor.<\/p>\n<p>Kaynak: ANF<\/p>\n<p>\u00a0<\/p>\n","protected":false},"excerpt":{"rendered":"<p>As\u0131rlar boyunca Za\u011froslar\u0131n en sarp b\u00f6lgelerinden birinde, Kela\u015fin ge\u00e7idinde dikili olan 2 metre boyundaki ta\u015f yaz\u0131t\u0131n s\u0131rr\u0131 bilinmiyordu. 3 bin metre y\u00fcksekte dikilen ve Kela\u015fin Ta\u015f\u0131 olarak adland\u0131r\u0131lan yaz\u0131t, 1828\u2019de ilk kez ke\u015ffedilmesinin ard\u0131ndan 100 y\u0131l\u0131 a\u015fk\u0131n bir s\u00fcre adeta gizini korumak i\u00e7in direndi. 1961 y\u0131l\u0131nda yaz\u0131t tamamen \u00e7\u00f6z\u00fcld\u00fc\u011f\u00fcnde ilgin\u00e7 bir ger\u00e7ek ortaya \u00e7\u0131kt\u0131. Yaz\u0131t [&hellip;]<\/p>\n","protected":false},"author":1,"featured_media":0,"comment_status":"open","ping_status":"open","sticky":false,"template":"","format":"standard","meta":{"footnotes":""},"categories":[139],"tags":[],"class_list":{"0":"post-4804","1":"post","2":"type-post","3":"status-publish","4":"format-standard","6":"category-mitoloji"},"yoast_head":"<!-- This site is optimized with the Yoast SEO Premium plugin v24.9 (Yoast SEO v24.9) - https:\/\/yoast.com\/wordpress\/plugins\/seo\/ -->\n<title>Her kim ki...\/ Haldi\u2019nin gazab\u0131 \u00fczerine olsun | Kela\u015fin\u2019in lanetli yaz\u0131t\u0131! - Serdar Ero\u011flu - narteks.net<\/title>\n<meta name=\"robots\" content=\"index, follow, max-snippet:-1, max-image-preview:large, max-video-preview:-1\" \/>\n<link rel=\"canonical\" href=\"https:\/\/narteks.net\/index.php\/2010\/12\/07\/her-kim-ki-haldinin-gazabi-uzerine-olsun-kelasinin-lanetli-yaziti-serdar-eroglu\/\" \/>\n<meta property=\"og:locale\" content=\"tr_TR\" \/>\n<meta property=\"og:type\" content=\"article\" \/>\n<meta property=\"og:title\" content=\"Her kim ki...\/ Haldi\u2019nin gazab\u0131 \u00fczerine olsun | Kela\u015fin\u2019in lanetli yaz\u0131t\u0131! - Serdar Ero\u011flu\" \/>\n<meta property=\"og:description\" content=\"As\u0131rlar boyunca Za\u011froslar\u0131n en sarp b\u00f6lgelerinden birinde, Kela\u015fin ge\u00e7idinde dikili olan 2 metre boyundaki ta\u015f yaz\u0131t\u0131n s\u0131rr\u0131 bilinmiyordu. 3 bin metre y\u00fcksekte dikilen ve Kela\u015fin Ta\u015f\u0131 olarak adland\u0131r\u0131lan yaz\u0131t, 1828\u2019de ilk kez ke\u015ffedilmesinin ard\u0131ndan 100 y\u0131l\u0131 a\u015fk\u0131n bir s\u00fcre adeta gizini korumak i\u00e7in direndi. 1961 y\u0131l\u0131nda yaz\u0131t tamamen \u00e7\u00f6z\u00fcld\u00fc\u011f\u00fcnde ilgin\u00e7 bir ger\u00e7ek ortaya \u00e7\u0131kt\u0131. Yaz\u0131t [&hellip;]\" \/>\n<meta property=\"og:url\" content=\"https:\/\/narteks.net\/index.php\/2010\/12\/07\/her-kim-ki-haldinin-gazabi-uzerine-olsun-kelasinin-lanetli-yaziti-serdar-eroglu\/\" \/>\n<meta property=\"og:site_name\" content=\"narteks.net\" \/>\n<meta property=\"article:published_time\" content=\"2010-12-07T08:37:08+00:00\" \/>\n<meta property=\"og:image\" content=\"http:\/\/img.blogcu.com\/uploads\/YasakSokak_lanet.jpg\" \/>\n<meta name=\"author\" content=\"Tar\u0131k\" \/>\n<meta name=\"twitter:card\" content=\"summary_large_image\" \/>\n<meta name=\"twitter:creator\" content=\"@narteks\" \/>\n<meta name=\"twitter:site\" content=\"@narteks\" \/>\n<meta name=\"twitter:label1\" content=\"Yazan:\" \/>\n\t<meta name=\"twitter:data1\" content=\"Tar\u0131k\" \/>\n\t<meta name=\"twitter:label2\" content=\"Tahmini okuma s\u00fcresi\" \/>\n\t<meta name=\"twitter:data2\" content=\"6 dakika\" \/>\n<script type=\"application\/ld+json\" class=\"yoast-schema-graph\">{\"@context\":\"https:\/\/schema.org\",\"@graph\":[{\"@type\":\"Article\",\"@id\":\"https:\/\/narteks.net\/index.php\/2010\/12\/07\/her-kim-ki-haldinin-gazabi-uzerine-olsun-kelasinin-lanetli-yaziti-serdar-eroglu\/#article\",\"isPartOf\":{\"@id\":\"https:\/\/narteks.net\/index.php\/2010\/12\/07\/her-kim-ki-haldinin-gazabi-uzerine-olsun-kelasinin-lanetli-yaziti-serdar-eroglu\/\"},\"author\":{\"name\":\"Tar\u0131k\",\"@id\":\"https:\/\/narteks.net\/#\/schema\/person\/61f37d9834294b72d31d274e7ed79bca\"},\"headline\":\"Her kim ki&#8230;\/ Haldi\u2019nin gazab\u0131 \u00fczerine olsun | Kela\u015fin\u2019in lanetli yaz\u0131t\u0131! &#8211; Serdar Ero\u011flu\",\"datePublished\":\"2010-12-07T08:37:08+00:00\",\"mainEntityOfPage\":{\"@id\":\"https:\/\/narteks.net\/index.php\/2010\/12\/07\/her-kim-ki-haldinin-gazabi-uzerine-olsun-kelasinin-lanetli-yaziti-serdar-eroglu\/\"},\"wordCount\":1307,\"commentCount\":0,\"publisher\":{\"@id\":\"https:\/\/narteks.net\/#organization\"},\"image\":{\"@id\":\"https:\/\/narteks.net\/index.php\/2010\/12\/07\/her-kim-ki-haldinin-gazabi-uzerine-olsun-kelasinin-lanetli-yaziti-serdar-eroglu\/#primaryimage\"},\"thumbnailUrl\":\"http:\/\/img.blogcu.com\/uploads\/YasakSokak_lanet.jpg\",\"articleSection\":[\"Mitoloji\"],\"inLanguage\":\"tr\",\"potentialAction\":[{\"@type\":\"CommentAction\",\"name\":\"Comment\",\"target\":[\"https:\/\/narteks.net\/index.php\/2010\/12\/07\/her-kim-ki-haldinin-gazabi-uzerine-olsun-kelasinin-lanetli-yaziti-serdar-eroglu\/#respond\"]}]},{\"@type\":\"WebPage\",\"@id\":\"https:\/\/narteks.net\/index.php\/2010\/12\/07\/her-kim-ki-haldinin-gazabi-uzerine-olsun-kelasinin-lanetli-yaziti-serdar-eroglu\/\",\"url\":\"https:\/\/narteks.net\/index.php\/2010\/12\/07\/her-kim-ki-haldinin-gazabi-uzerine-olsun-kelasinin-lanetli-yaziti-serdar-eroglu\/\",\"name\":\"Her kim ki...\/ Haldi\u2019nin gazab\u0131 \u00fczerine olsun | Kela\u015fin\u2019in lanetli yaz\u0131t\u0131! - Serdar Ero\u011flu - narteks.net\",\"isPartOf\":{\"@id\":\"https:\/\/narteks.net\/#website\"},\"primaryImageOfPage\":{\"@id\":\"https:\/\/narteks.net\/index.php\/2010\/12\/07\/her-kim-ki-haldinin-gazabi-uzerine-olsun-kelasinin-lanetli-yaziti-serdar-eroglu\/#primaryimage\"},\"image\":{\"@id\":\"https:\/\/narteks.net\/index.php\/2010\/12\/07\/her-kim-ki-haldinin-gazabi-uzerine-olsun-kelasinin-lanetli-yaziti-serdar-eroglu\/#primaryimage\"},\"thumbnailUrl\":\"http:\/\/img.blogcu.com\/uploads\/YasakSokak_lanet.jpg\",\"datePublished\":\"2010-12-07T08:37:08+00:00\",\"breadcrumb\":{\"@id\":\"https:\/\/narteks.net\/index.php\/2010\/12\/07\/her-kim-ki-haldinin-gazabi-uzerine-olsun-kelasinin-lanetli-yaziti-serdar-eroglu\/#breadcrumb\"},\"inLanguage\":\"tr\",\"potentialAction\":[{\"@type\":\"ReadAction\",\"target\":[\"https:\/\/narteks.net\/index.php\/2010\/12\/07\/her-kim-ki-haldinin-gazabi-uzerine-olsun-kelasinin-lanetli-yaziti-serdar-eroglu\/\"]}]},{\"@type\":\"ImageObject\",\"inLanguage\":\"tr\",\"@id\":\"https:\/\/narteks.net\/index.php\/2010\/12\/07\/her-kim-ki-haldinin-gazabi-uzerine-olsun-kelasinin-lanetli-yaziti-serdar-eroglu\/#primaryimage\",\"url\":\"http:\/\/img.blogcu.com\/uploads\/YasakSokak_lanet.jpg\",\"contentUrl\":\"http:\/\/img.blogcu.com\/uploads\/YasakSokak_lanet.jpg\"},{\"@type\":\"BreadcrumbList\",\"@id\":\"https:\/\/narteks.net\/index.php\/2010\/12\/07\/her-kim-ki-haldinin-gazabi-uzerine-olsun-kelasinin-lanetli-yaziti-serdar-eroglu\/#breadcrumb\",\"itemListElement\":[{\"@type\":\"ListItem\",\"position\":1,\"name\":\"Anasayfa\",\"item\":\"https:\/\/narteks.net\/\"},{\"@type\":\"ListItem\",\"position\":2,\"name\":\"Her kim ki&#8230;\/ Haldi\u2019nin gazab\u0131 \u00fczerine olsun | Kela\u015fin\u2019in lanetli yaz\u0131t\u0131! &#8211; Serdar Ero\u011flu\"}]},{\"@type\":\"WebSite\",\"@id\":\"https:\/\/narteks.net\/#website\",\"url\":\"https:\/\/narteks.net\/\",\"name\":\"narteks.net\",\"description\":\"K\u00fclt\u00fcr Sanat Edebiyat Felsefe\",\"publisher\":{\"@id\":\"https:\/\/narteks.net\/#organization\"},\"alternateName\":\"K\u00fclt\u00fcr Sanat Edebiyat Felsefe\",\"potentialAction\":[{\"@type\":\"SearchAction\",\"target\":{\"@type\":\"EntryPoint\",\"urlTemplate\":\"https:\/\/narteks.net\/?s={search_term_string}\"},\"query-input\":{\"@type\":\"PropertyValueSpecification\",\"valueRequired\":true,\"valueName\":\"search_term_string\"}}],\"inLanguage\":\"tr\"},{\"@type\":\"Organization\",\"@id\":\"https:\/\/narteks.net\/#organization\",\"name\":\"narteks.net\",\"url\":\"https:\/\/narteks.net\/\",\"logo\":{\"@type\":\"ImageObject\",\"inLanguage\":\"tr\",\"@id\":\"https:\/\/narteks.net\/#\/schema\/logo\/image\/\",\"url\":\"https:\/\/narteks.net\/wp-content\/uploads\/narteks.png\",\"contentUrl\":\"https:\/\/narteks.net\/wp-content\/uploads\/narteks.png\",\"width\":300,\"height\":90,\"caption\":\"narteks.net\"},\"image\":{\"@id\":\"https:\/\/narteks.net\/#\/schema\/logo\/image\/\"},\"sameAs\":[\"https:\/\/x.com\/narteks\",\"https:\/\/instagram.com\/narteksnet\"]},{\"@type\":\"Person\",\"@id\":\"https:\/\/narteks.net\/#\/schema\/person\/61f37d9834294b72d31d274e7ed79bca\",\"name\":\"Tar\u0131k\",\"image\":{\"@type\":\"ImageObject\",\"inLanguage\":\"tr\",\"@id\":\"https:\/\/narteks.net\/#\/schema\/person\/image\/\",\"url\":\"https:\/\/secure.gravatar.com\/avatar\/50865afb55632c4ae467e0af0930f6510aa2297d8014be502a55b14f3b7550cf?s=96&d=mm&r=g\",\"contentUrl\":\"https:\/\/secure.gravatar.com\/avatar\/50865afb55632c4ae467e0af0930f6510aa2297d8014be502a55b14f3b7550cf?s=96&d=mm&r=g\",\"caption\":\"Tar\u0131k\"},\"sameAs\":[\"http:\/\/narteks.net\"],\"url\":\"https:\/\/narteks.net\/index.php\/author\/narbak\/\"}]}<\/script>\n<!-- \/ Yoast SEO Premium plugin. -->","yoast_head_json":{"title":"Her kim ki...\/ Haldi\u2019nin gazab\u0131 \u00fczerine olsun | Kela\u015fin\u2019in lanetli yaz\u0131t\u0131! - Serdar Ero\u011flu - narteks.net","robots":{"index":"index","follow":"follow","max-snippet":"max-snippet:-1","max-image-preview":"max-image-preview:large","max-video-preview":"max-video-preview:-1"},"canonical":"https:\/\/narteks.net\/index.php\/2010\/12\/07\/her-kim-ki-haldinin-gazabi-uzerine-olsun-kelasinin-lanetli-yaziti-serdar-eroglu\/","og_locale":"tr_TR","og_type":"article","og_title":"Her kim ki...\/ Haldi\u2019nin gazab\u0131 \u00fczerine olsun | Kela\u015fin\u2019in lanetli yaz\u0131t\u0131! - Serdar Ero\u011flu","og_description":"As\u0131rlar boyunca Za\u011froslar\u0131n en sarp b\u00f6lgelerinden birinde, Kela\u015fin ge\u00e7idinde dikili olan 2 metre boyundaki ta\u015f yaz\u0131t\u0131n s\u0131rr\u0131 bilinmiyordu. 3 bin metre y\u00fcksekte dikilen ve Kela\u015fin Ta\u015f\u0131 olarak adland\u0131r\u0131lan yaz\u0131t, 1828\u2019de ilk kez ke\u015ffedilmesinin ard\u0131ndan 100 y\u0131l\u0131 a\u015fk\u0131n bir s\u00fcre adeta gizini korumak i\u00e7in direndi. 1961 y\u0131l\u0131nda yaz\u0131t tamamen \u00e7\u00f6z\u00fcld\u00fc\u011f\u00fcnde ilgin\u00e7 bir ger\u00e7ek ortaya \u00e7\u0131kt\u0131. Yaz\u0131t [&hellip;]","og_url":"https:\/\/narteks.net\/index.php\/2010\/12\/07\/her-kim-ki-haldinin-gazabi-uzerine-olsun-kelasinin-lanetli-yaziti-serdar-eroglu\/","og_site_name":"narteks.net","article_published_time":"2010-12-07T08:37:08+00:00","og_image":[{"url":"http:\/\/img.blogcu.com\/uploads\/YasakSokak_lanet.jpg","type":"","width":"","height":""}],"author":"Tar\u0131k","twitter_card":"summary_large_image","twitter_creator":"@narteks","twitter_site":"@narteks","twitter_misc":{"Yazan:":"Tar\u0131k","Tahmini okuma s\u00fcresi":"6 dakika"},"schema":{"@context":"https:\/\/schema.org","@graph":[{"@type":"Article","@id":"https:\/\/narteks.net\/index.php\/2010\/12\/07\/her-kim-ki-haldinin-gazabi-uzerine-olsun-kelasinin-lanetli-yaziti-serdar-eroglu\/#article","isPartOf":{"@id":"https:\/\/narteks.net\/index.php\/2010\/12\/07\/her-kim-ki-haldinin-gazabi-uzerine-olsun-kelasinin-lanetli-yaziti-serdar-eroglu\/"},"author":{"name":"Tar\u0131k","@id":"https:\/\/narteks.net\/#\/schema\/person\/61f37d9834294b72d31d274e7ed79bca"},"headline":"Her kim ki&#8230;\/ Haldi\u2019nin gazab\u0131 \u00fczerine olsun | Kela\u015fin\u2019in lanetli yaz\u0131t\u0131! &#8211; Serdar Ero\u011flu","datePublished":"2010-12-07T08:37:08+00:00","mainEntityOfPage":{"@id":"https:\/\/narteks.net\/index.php\/2010\/12\/07\/her-kim-ki-haldinin-gazabi-uzerine-olsun-kelasinin-lanetli-yaziti-serdar-eroglu\/"},"wordCount":1307,"commentCount":0,"publisher":{"@id":"https:\/\/narteks.net\/#organization"},"image":{"@id":"https:\/\/narteks.net\/index.php\/2010\/12\/07\/her-kim-ki-haldinin-gazabi-uzerine-olsun-kelasinin-lanetli-yaziti-serdar-eroglu\/#primaryimage"},"thumbnailUrl":"http:\/\/img.blogcu.com\/uploads\/YasakSokak_lanet.jpg","articleSection":["Mitoloji"],"inLanguage":"tr","potentialAction":[{"@type":"CommentAction","name":"Comment","target":["https:\/\/narteks.net\/index.php\/2010\/12\/07\/her-kim-ki-haldinin-gazabi-uzerine-olsun-kelasinin-lanetli-yaziti-serdar-eroglu\/#respond"]}]},{"@type":"WebPage","@id":"https:\/\/narteks.net\/index.php\/2010\/12\/07\/her-kim-ki-haldinin-gazabi-uzerine-olsun-kelasinin-lanetli-yaziti-serdar-eroglu\/","url":"https:\/\/narteks.net\/index.php\/2010\/12\/07\/her-kim-ki-haldinin-gazabi-uzerine-olsun-kelasinin-lanetli-yaziti-serdar-eroglu\/","name":"Her kim ki...\/ Haldi\u2019nin gazab\u0131 \u00fczerine olsun | Kela\u015fin\u2019in lanetli yaz\u0131t\u0131! - Serdar Ero\u011flu - narteks.net","isPartOf":{"@id":"https:\/\/narteks.net\/#website"},"primaryImageOfPage":{"@id":"https:\/\/narteks.net\/index.php\/2010\/12\/07\/her-kim-ki-haldinin-gazabi-uzerine-olsun-kelasinin-lanetli-yaziti-serdar-eroglu\/#primaryimage"},"image":{"@id":"https:\/\/narteks.net\/index.php\/2010\/12\/07\/her-kim-ki-haldinin-gazabi-uzerine-olsun-kelasinin-lanetli-yaziti-serdar-eroglu\/#primaryimage"},"thumbnailUrl":"http:\/\/img.blogcu.com\/uploads\/YasakSokak_lanet.jpg","datePublished":"2010-12-07T08:37:08+00:00","breadcrumb":{"@id":"https:\/\/narteks.net\/index.php\/2010\/12\/07\/her-kim-ki-haldinin-gazabi-uzerine-olsun-kelasinin-lanetli-yaziti-serdar-eroglu\/#breadcrumb"},"inLanguage":"tr","potentialAction":[{"@type":"ReadAction","target":["https:\/\/narteks.net\/index.php\/2010\/12\/07\/her-kim-ki-haldinin-gazabi-uzerine-olsun-kelasinin-lanetli-yaziti-serdar-eroglu\/"]}]},{"@type":"ImageObject","inLanguage":"tr","@id":"https:\/\/narteks.net\/index.php\/2010\/12\/07\/her-kim-ki-haldinin-gazabi-uzerine-olsun-kelasinin-lanetli-yaziti-serdar-eroglu\/#primaryimage","url":"http:\/\/img.blogcu.com\/uploads\/YasakSokak_lanet.jpg","contentUrl":"http:\/\/img.blogcu.com\/uploads\/YasakSokak_lanet.jpg"},{"@type":"BreadcrumbList","@id":"https:\/\/narteks.net\/index.php\/2010\/12\/07\/her-kim-ki-haldinin-gazabi-uzerine-olsun-kelasinin-lanetli-yaziti-serdar-eroglu\/#breadcrumb","itemListElement":[{"@type":"ListItem","position":1,"name":"Anasayfa","item":"https:\/\/narteks.net\/"},{"@type":"ListItem","position":2,"name":"Her kim ki&#8230;\/ Haldi\u2019nin gazab\u0131 \u00fczerine olsun | Kela\u015fin\u2019in lanetli yaz\u0131t\u0131! &#8211; Serdar Ero\u011flu"}]},{"@type":"WebSite","@id":"https:\/\/narteks.net\/#website","url":"https:\/\/narteks.net\/","name":"narteks.net","description":"K\u00fclt\u00fcr Sanat Edebiyat Felsefe","publisher":{"@id":"https:\/\/narteks.net\/#organization"},"alternateName":"K\u00fclt\u00fcr Sanat Edebiyat Felsefe","potentialAction":[{"@type":"SearchAction","target":{"@type":"EntryPoint","urlTemplate":"https:\/\/narteks.net\/?s={search_term_string}"},"query-input":{"@type":"PropertyValueSpecification","valueRequired":true,"valueName":"search_term_string"}}],"inLanguage":"tr"},{"@type":"Organization","@id":"https:\/\/narteks.net\/#organization","name":"narteks.net","url":"https:\/\/narteks.net\/","logo":{"@type":"ImageObject","inLanguage":"tr","@id":"https:\/\/narteks.net\/#\/schema\/logo\/image\/","url":"https:\/\/narteks.net\/wp-content\/uploads\/narteks.png","contentUrl":"https:\/\/narteks.net\/wp-content\/uploads\/narteks.png","width":300,"height":90,"caption":"narteks.net"},"image":{"@id":"https:\/\/narteks.net\/#\/schema\/logo\/image\/"},"sameAs":["https:\/\/x.com\/narteks","https:\/\/instagram.com\/narteksnet"]},{"@type":"Person","@id":"https:\/\/narteks.net\/#\/schema\/person\/61f37d9834294b72d31d274e7ed79bca","name":"Tar\u0131k","image":{"@type":"ImageObject","inLanguage":"tr","@id":"https:\/\/narteks.net\/#\/schema\/person\/image\/","url":"https:\/\/secure.gravatar.com\/avatar\/50865afb55632c4ae467e0af0930f6510aa2297d8014be502a55b14f3b7550cf?s=96&d=mm&r=g","contentUrl":"https:\/\/secure.gravatar.com\/avatar\/50865afb55632c4ae467e0af0930f6510aa2297d8014be502a55b14f3b7550cf?s=96&d=mm&r=g","caption":"Tar\u0131k"},"sameAs":["http:\/\/narteks.net"],"url":"https:\/\/narteks.net\/index.php\/author\/narbak\/"}]}},"_links":{"self":[{"href":"https:\/\/narteks.net\/index.php\/wp-json\/wp\/v2\/posts\/4804","targetHints":{"allow":["GET"]}}],"collection":[{"href":"https:\/\/narteks.net\/index.php\/wp-json\/wp\/v2\/posts"}],"about":[{"href":"https:\/\/narteks.net\/index.php\/wp-json\/wp\/v2\/types\/post"}],"author":[{"embeddable":true,"href":"https:\/\/narteks.net\/index.php\/wp-json\/wp\/v2\/users\/1"}],"replies":[{"embeddable":true,"href":"https:\/\/narteks.net\/index.php\/wp-json\/wp\/v2\/comments?post=4804"}],"version-history":[{"count":0,"href":"https:\/\/narteks.net\/index.php\/wp-json\/wp\/v2\/posts\/4804\/revisions"}],"wp:attachment":[{"href":"https:\/\/narteks.net\/index.php\/wp-json\/wp\/v2\/media?parent=4804"}],"wp:term":[{"taxonomy":"category","embeddable":true,"href":"https:\/\/narteks.net\/index.php\/wp-json\/wp\/v2\/categories?post=4804"},{"taxonomy":"post_tag","embeddable":true,"href":"https:\/\/narteks.net\/index.php\/wp-json\/wp\/v2\/tags?post=4804"}],"curies":[{"name":"wp","href":"https:\/\/api.w.org\/{rel}","templated":true}]}}