{"id":481,"date":"2009-04-12T12:46:34","date_gmt":"2009-04-12T09:46:34","guid":{"rendered":"http:\/\/localhost\/wordpress\/2009\/04\/12\/aydinlik-neyin-oluyor-senin\/"},"modified":"2009-04-12T12:46:34","modified_gmt":"2009-04-12T09:46:34","slug":"aydinlik-neyin-oluyor-senin","status":"publish","type":"post","link":"https:\/\/narteks.net\/index.php\/2009\/04\/12\/aydinlik-neyin-oluyor-senin\/","title":{"rendered":"AYDINLIK NEY\u0130N OLUYOR SEN\u0130N?"},"content":{"rendered":"<p>\u00a0<\/p>\n<p>ayd\u0131nl\u0131k neyin oluyor senin <br \/> g\u00f6ky\u00fcz\u00fc akraban filan m\u0131 <br \/> beni bulur bulmaz g\u00f6zlerin <br \/> \u015fim\u015fek \u00e7ak\u0131yorum yalan m\u0131 <br \/> y\u00fcz\u00fcnde yalaz\u0131n\u0131 gezdirdi\u011fin <br \/> sa\u00e7lar\u0131ndan tutu\u015fmu\u015f orman m\u0131 <br \/> akla ziyan bir \u015fey elektri\u011fin <\/p>\n<p> ay\u0131\u015f\u0131\u011f\u0131 mavisi dudaklar\u0131ndan m\u0131 <br \/> o \u0131\u015f\u0131k zenginli\u011fi mi giyindi\u011fin <br \/> uzay tozlar\u0131 m\u0131 y\u0131ld\u0131zlardan m\u0131 <br \/> elime dokundu\u011fu an elin <br \/> g\u00fcne\u015fler a\u00e7\u0131yorum sahi ondan m\u0131 <br \/> ayd\u0131nl\u0131k neyin oluyor senin<\/p>\n<p>Attila \u0130LHAN<\/p>\n","protected":false},"excerpt":{"rendered":"<p>\u00a0 ayd\u0131nl\u0131k neyin oluyor senin g\u00f6ky\u00fcz\u00fc akraban filan m\u0131 beni bulur bulmaz g\u00f6zlerin \u015fim\u015fek \u00e7ak\u0131yorum yalan m\u0131 y\u00fcz\u00fcnde yalaz\u0131n\u0131 gezdirdi\u011fin sa\u00e7lar\u0131ndan tutu\u015fmu\u015f orman m\u0131 akla ziyan bir \u015fey elektri\u011fin ay\u0131\u015f\u0131\u011f\u0131 mavisi dudaklar\u0131ndan m\u0131 o \u0131\u015f\u0131k zenginli\u011fi mi giyindi\u011fin uzay tozlar\u0131 m\u0131 y\u0131ld\u0131zlardan m\u0131 elime dokundu\u011fu an elin g\u00fcne\u015fler a\u00e7\u0131yorum sahi ondan m\u0131 ayd\u0131nl\u0131k neyin oluyor [&hellip;]<\/p>\n","protected":false},"author":1,"featured_media":0,"comment_status":"open","ping_status":"open","sticky":false,"template":"","format":"standard","meta":{"footnotes":""},"categories":[11],"tags":[],"class_list":{"0":"post-481","1":"post","2":"type-post","3":"status-publish","4":"format-standard","6":"category-attila-ilhan"},"yoast_head":"<!-- This site is optimized with the Yoast SEO Premium plugin v24.9 (Yoast SEO v24.9) - https:\/\/yoast.com\/wordpress\/plugins\/seo\/ -->\n<title>AYDINLIK NEY\u0130N OLUYOR SEN\u0130N? - narteks.net<\/title>\n<meta name=\"robots\" content=\"index, follow, max-snippet:-1, max-image-preview:large, max-video-preview:-1\" \/>\n<link rel=\"canonical\" href=\"https:\/\/narteks.net\/index.php\/2009\/04\/12\/aydinlik-neyin-oluyor-senin\/\" \/>\n<meta property=\"og:locale\" content=\"tr_TR\" \/>\n<meta property=\"og:type\" content=\"article\" \/>\n<meta property=\"og:title\" content=\"AYDINLIK NEY\u0130N OLUYOR SEN\u0130N?\" \/>\n<meta property=\"og:description\" content=\"\u00a0 ayd\u0131nl\u0131k neyin oluyor senin g\u00f6ky\u00fcz\u00fc akraban filan m\u0131 beni bulur bulmaz g\u00f6zlerin \u015fim\u015fek \u00e7ak\u0131yorum yalan m\u0131 y\u00fcz\u00fcnde yalaz\u0131n\u0131 gezdirdi\u011fin sa\u00e7lar\u0131ndan tutu\u015fmu\u015f orman m\u0131 akla ziyan bir \u015fey elektri\u011fin ay\u0131\u015f\u0131\u011f\u0131 mavisi dudaklar\u0131ndan m\u0131 o \u0131\u015f\u0131k zenginli\u011fi mi giyindi\u011fin uzay tozlar\u0131 m\u0131 y\u0131ld\u0131zlardan m\u0131 elime dokundu\u011fu an elin g\u00fcne\u015fler a\u00e7\u0131yorum sahi ondan m\u0131 ayd\u0131nl\u0131k neyin oluyor [&hellip;]\" \/>\n<meta property=\"og:url\" content=\"https:\/\/narteks.net\/index.php\/2009\/04\/12\/aydinlik-neyin-oluyor-senin\/\" \/>\n<meta property=\"og:site_name\" content=\"narteks.net\" \/>\n<meta property=\"article:published_time\" content=\"2009-04-12T09:46:34+00:00\" \/>\n<meta property=\"og:image\" content=\"https:\/\/narteks.net\/wp-content\/uploads\/narteks.png\" \/>\n\t<meta property=\"og:image:width\" content=\"300\" \/>\n\t<meta property=\"og:image:height\" content=\"90\" \/>\n\t<meta property=\"og:image:type\" content=\"image\/png\" \/>\n<meta name=\"author\" content=\"Tar\u0131k\" \/>\n<meta name=\"twitter:card\" content=\"summary_large_image\" \/>\n<meta name=\"twitter:creator\" content=\"@narteks\" \/>\n<meta name=\"twitter:site\" content=\"@narteks\" \/>\n<meta name=\"twitter:label1\" content=\"Yazan:\" \/>\n\t<meta name=\"twitter:data1\" content=\"Tar\u0131k\" \/>\n<script type=\"application\/ld+json\" class=\"yoast-schema-graph\">{\"@context\":\"https:\/\/schema.org\",\"@graph\":[{\"@type\":\"Article\",\"@id\":\"https:\/\/narteks.net\/index.php\/2009\/04\/12\/aydinlik-neyin-oluyor-senin\/#article\",\"isPartOf\":{\"@id\":\"https:\/\/narteks.net\/index.php\/2009\/04\/12\/aydinlik-neyin-oluyor-senin\/\"},\"author\":{\"name\":\"Tar\u0131k\",\"@id\":\"https:\/\/narteks.net\/#\/schema\/person\/61f37d9834294b72d31d274e7ed79bca\"},\"headline\":\"AYDINLIK NEY\u0130N OLUYOR SEN\u0130N?\",\"datePublished\":\"2009-04-12T09:46:34+00:00\",\"mainEntityOfPage\":{\"@id\":\"https:\/\/narteks.net\/index.php\/2009\/04\/12\/aydinlik-neyin-oluyor-senin\/\"},\"wordCount\":89,\"commentCount\":0,\"publisher\":{\"@id\":\"https:\/\/narteks.net\/#organization\"},\"articleSection\":[\"Attila ILHAN\"],\"inLanguage\":\"tr\",\"potentialAction\":[{\"@type\":\"CommentAction\",\"name\":\"Comment\",\"target\":[\"https:\/\/narteks.net\/index.php\/2009\/04\/12\/aydinlik-neyin-oluyor-senin\/#respond\"]}]},{\"@type\":\"WebPage\",\"@id\":\"https:\/\/narteks.net\/index.php\/2009\/04\/12\/aydinlik-neyin-oluyor-senin\/\",\"url\":\"https:\/\/narteks.net\/index.php\/2009\/04\/12\/aydinlik-neyin-oluyor-senin\/\",\"name\":\"AYDINLIK NEY\u0130N OLUYOR SEN\u0130N? - narteks.net\",\"isPartOf\":{\"@id\":\"https:\/\/narteks.net\/#website\"},\"datePublished\":\"2009-04-12T09:46:34+00:00\",\"breadcrumb\":{\"@id\":\"https:\/\/narteks.net\/index.php\/2009\/04\/12\/aydinlik-neyin-oluyor-senin\/#breadcrumb\"},\"inLanguage\":\"tr\",\"potentialAction\":[{\"@type\":\"ReadAction\",\"target\":[\"https:\/\/narteks.net\/index.php\/2009\/04\/12\/aydinlik-neyin-oluyor-senin\/\"]}]},{\"@type\":\"BreadcrumbList\",\"@id\":\"https:\/\/narteks.net\/index.php\/2009\/04\/12\/aydinlik-neyin-oluyor-senin\/#breadcrumb\",\"itemListElement\":[{\"@type\":\"ListItem\",\"position\":1,\"name\":\"Anasayfa\",\"item\":\"https:\/\/narteks.net\/\"},{\"@type\":\"ListItem\",\"position\":2,\"name\":\"AYDINLIK NEY\u0130N OLUYOR SEN\u0130N?\"}]},{\"@type\":\"WebSite\",\"@id\":\"https:\/\/narteks.net\/#website\",\"url\":\"https:\/\/narteks.net\/\",\"name\":\"narteks.net\",\"description\":\"K\u00fclt\u00fcr Sanat Edebiyat Felsefe\",\"publisher\":{\"@id\":\"https:\/\/narteks.net\/#organization\"},\"alternateName\":\"K\u00fclt\u00fcr Sanat Edebiyat Felsefe\",\"potentialAction\":[{\"@type\":\"SearchAction\",\"target\":{\"@type\":\"EntryPoint\",\"urlTemplate\":\"https:\/\/narteks.net\/?s={search_term_string}\"},\"query-input\":{\"@type\":\"PropertyValueSpecification\",\"valueRequired\":true,\"valueName\":\"search_term_string\"}}],\"inLanguage\":\"tr\"},{\"@type\":\"Organization\",\"@id\":\"https:\/\/narteks.net\/#organization\",\"name\":\"narteks.net\",\"url\":\"https:\/\/narteks.net\/\",\"logo\":{\"@type\":\"ImageObject\",\"inLanguage\":\"tr\",\"@id\":\"https:\/\/narteks.net\/#\/schema\/logo\/image\/\",\"url\":\"https:\/\/narteks.net\/wp-content\/uploads\/narteks.png\",\"contentUrl\":\"https:\/\/narteks.net\/wp-content\/uploads\/narteks.png\",\"width\":300,\"height\":90,\"caption\":\"narteks.net\"},\"image\":{\"@id\":\"https:\/\/narteks.net\/#\/schema\/logo\/image\/\"},\"sameAs\":[\"https:\/\/x.com\/narteks\",\"https:\/\/instagram.com\/narteksnet\"]},{\"@type\":\"Person\",\"@id\":\"https:\/\/narteks.net\/#\/schema\/person\/61f37d9834294b72d31d274e7ed79bca\",\"name\":\"Tar\u0131k\",\"image\":{\"@type\":\"ImageObject\",\"inLanguage\":\"tr\",\"@id\":\"https:\/\/narteks.net\/#\/schema\/person\/image\/\",\"url\":\"https:\/\/secure.gravatar.com\/avatar\/50865afb55632c4ae467e0af0930f6510aa2297d8014be502a55b14f3b7550cf?s=96&d=mm&r=g\",\"contentUrl\":\"https:\/\/secure.gravatar.com\/avatar\/50865afb55632c4ae467e0af0930f6510aa2297d8014be502a55b14f3b7550cf?s=96&d=mm&r=g\",\"caption\":\"Tar\u0131k\"},\"sameAs\":[\"http:\/\/narteks.net\"],\"url\":\"https:\/\/narteks.net\/index.php\/author\/narbak\/\"}]}<\/script>\n<!-- \/ Yoast SEO Premium plugin. -->","yoast_head_json":{"title":"AYDINLIK NEY\u0130N OLUYOR SEN\u0130N? - narteks.net","robots":{"index":"index","follow":"follow","max-snippet":"max-snippet:-1","max-image-preview":"max-image-preview:large","max-video-preview":"max-video-preview:-1"},"canonical":"https:\/\/narteks.net\/index.php\/2009\/04\/12\/aydinlik-neyin-oluyor-senin\/","og_locale":"tr_TR","og_type":"article","og_title":"AYDINLIK NEY\u0130N OLUYOR SEN\u0130N?","og_description":"\u00a0 ayd\u0131nl\u0131k neyin oluyor senin g\u00f6ky\u00fcz\u00fc akraban filan m\u0131 beni bulur bulmaz g\u00f6zlerin \u015fim\u015fek \u00e7ak\u0131yorum yalan m\u0131 y\u00fcz\u00fcnde yalaz\u0131n\u0131 gezdirdi\u011fin sa\u00e7lar\u0131ndan tutu\u015fmu\u015f orman m\u0131 akla ziyan bir \u015fey elektri\u011fin ay\u0131\u015f\u0131\u011f\u0131 mavisi dudaklar\u0131ndan m\u0131 o \u0131\u015f\u0131k zenginli\u011fi mi giyindi\u011fin uzay tozlar\u0131 m\u0131 y\u0131ld\u0131zlardan m\u0131 elime dokundu\u011fu an elin g\u00fcne\u015fler a\u00e7\u0131yorum sahi ondan m\u0131 ayd\u0131nl\u0131k neyin oluyor [&hellip;]","og_url":"https:\/\/narteks.net\/index.php\/2009\/04\/12\/aydinlik-neyin-oluyor-senin\/","og_site_name":"narteks.net","article_published_time":"2009-04-12T09:46:34+00:00","og_image":[{"width":300,"height":90,"url":"https:\/\/narteks.net\/wp-content\/uploads\/narteks.png","type":"image\/png"}],"author":"Tar\u0131k","twitter_card":"summary_large_image","twitter_creator":"@narteks","twitter_site":"@narteks","twitter_misc":{"Yazan:":"Tar\u0131k"},"schema":{"@context":"https:\/\/schema.org","@graph":[{"@type":"Article","@id":"https:\/\/narteks.net\/index.php\/2009\/04\/12\/aydinlik-neyin-oluyor-senin\/#article","isPartOf":{"@id":"https:\/\/narteks.net\/index.php\/2009\/04\/12\/aydinlik-neyin-oluyor-senin\/"},"author":{"name":"Tar\u0131k","@id":"https:\/\/narteks.net\/#\/schema\/person\/61f37d9834294b72d31d274e7ed79bca"},"headline":"AYDINLIK NEY\u0130N OLUYOR SEN\u0130N?","datePublished":"2009-04-12T09:46:34+00:00","mainEntityOfPage":{"@id":"https:\/\/narteks.net\/index.php\/2009\/04\/12\/aydinlik-neyin-oluyor-senin\/"},"wordCount":89,"commentCount":0,"publisher":{"@id":"https:\/\/narteks.net\/#organization"},"articleSection":["Attila ILHAN"],"inLanguage":"tr","potentialAction":[{"@type":"CommentAction","name":"Comment","target":["https:\/\/narteks.net\/index.php\/2009\/04\/12\/aydinlik-neyin-oluyor-senin\/#respond"]}]},{"@type":"WebPage","@id":"https:\/\/narteks.net\/index.php\/2009\/04\/12\/aydinlik-neyin-oluyor-senin\/","url":"https:\/\/narteks.net\/index.php\/2009\/04\/12\/aydinlik-neyin-oluyor-senin\/","name":"AYDINLIK NEY\u0130N OLUYOR SEN\u0130N? - narteks.net","isPartOf":{"@id":"https:\/\/narteks.net\/#website"},"datePublished":"2009-04-12T09:46:34+00:00","breadcrumb":{"@id":"https:\/\/narteks.net\/index.php\/2009\/04\/12\/aydinlik-neyin-oluyor-senin\/#breadcrumb"},"inLanguage":"tr","potentialAction":[{"@type":"ReadAction","target":["https:\/\/narteks.net\/index.php\/2009\/04\/12\/aydinlik-neyin-oluyor-senin\/"]}]},{"@type":"BreadcrumbList","@id":"https:\/\/narteks.net\/index.php\/2009\/04\/12\/aydinlik-neyin-oluyor-senin\/#breadcrumb","itemListElement":[{"@type":"ListItem","position":1,"name":"Anasayfa","item":"https:\/\/narteks.net\/"},{"@type":"ListItem","position":2,"name":"AYDINLIK NEY\u0130N OLUYOR SEN\u0130N?"}]},{"@type":"WebSite","@id":"https:\/\/narteks.net\/#website","url":"https:\/\/narteks.net\/","name":"narteks.net","description":"K\u00fclt\u00fcr Sanat Edebiyat Felsefe","publisher":{"@id":"https:\/\/narteks.net\/#organization"},"alternateName":"K\u00fclt\u00fcr Sanat Edebiyat Felsefe","potentialAction":[{"@type":"SearchAction","target":{"@type":"EntryPoint","urlTemplate":"https:\/\/narteks.net\/?s={search_term_string}"},"query-input":{"@type":"PropertyValueSpecification","valueRequired":true,"valueName":"search_term_string"}}],"inLanguage":"tr"},{"@type":"Organization","@id":"https:\/\/narteks.net\/#organization","name":"narteks.net","url":"https:\/\/narteks.net\/","logo":{"@type":"ImageObject","inLanguage":"tr","@id":"https:\/\/narteks.net\/#\/schema\/logo\/image\/","url":"https:\/\/narteks.net\/wp-content\/uploads\/narteks.png","contentUrl":"https:\/\/narteks.net\/wp-content\/uploads\/narteks.png","width":300,"height":90,"caption":"narteks.net"},"image":{"@id":"https:\/\/narteks.net\/#\/schema\/logo\/image\/"},"sameAs":["https:\/\/x.com\/narteks","https:\/\/instagram.com\/narteksnet"]},{"@type":"Person","@id":"https:\/\/narteks.net\/#\/schema\/person\/61f37d9834294b72d31d274e7ed79bca","name":"Tar\u0131k","image":{"@type":"ImageObject","inLanguage":"tr","@id":"https:\/\/narteks.net\/#\/schema\/person\/image\/","url":"https:\/\/secure.gravatar.com\/avatar\/50865afb55632c4ae467e0af0930f6510aa2297d8014be502a55b14f3b7550cf?s=96&d=mm&r=g","contentUrl":"https:\/\/secure.gravatar.com\/avatar\/50865afb55632c4ae467e0af0930f6510aa2297d8014be502a55b14f3b7550cf?s=96&d=mm&r=g","caption":"Tar\u0131k"},"sameAs":["http:\/\/narteks.net"],"url":"https:\/\/narteks.net\/index.php\/author\/narbak\/"}]}},"_links":{"self":[{"href":"https:\/\/narteks.net\/index.php\/wp-json\/wp\/v2\/posts\/481","targetHints":{"allow":["GET"]}}],"collection":[{"href":"https:\/\/narteks.net\/index.php\/wp-json\/wp\/v2\/posts"}],"about":[{"href":"https:\/\/narteks.net\/index.php\/wp-json\/wp\/v2\/types\/post"}],"author":[{"embeddable":true,"href":"https:\/\/narteks.net\/index.php\/wp-json\/wp\/v2\/users\/1"}],"replies":[{"embeddable":true,"href":"https:\/\/narteks.net\/index.php\/wp-json\/wp\/v2\/comments?post=481"}],"version-history":[{"count":0,"href":"https:\/\/narteks.net\/index.php\/wp-json\/wp\/v2\/posts\/481\/revisions"}],"wp:attachment":[{"href":"https:\/\/narteks.net\/index.php\/wp-json\/wp\/v2\/media?parent=481"}],"wp:term":[{"taxonomy":"category","embeddable":true,"href":"https:\/\/narteks.net\/index.php\/wp-json\/wp\/v2\/categories?post=481"},{"taxonomy":"post_tag","embeddable":true,"href":"https:\/\/narteks.net\/index.php\/wp-json\/wp\/v2\/tags?post=481"}],"curies":[{"name":"wp","href":"https:\/\/api.w.org\/{rel}","templated":true}]}}