{"id":4810,"date":"2010-12-11T11:35:35","date_gmt":"2010-12-11T08:35:35","guid":{"rendered":"http:\/\/localhost\/wordpress\/2010\/12\/11\/butun-insanlar-ozgur-onur-ve-haklar-bakimindan-esit-dogarlar-insan-haklari-evrensel-bildirisi\/"},"modified":"2010-12-11T11:35:35","modified_gmt":"2010-12-11T08:35:35","slug":"butun-insanlar-ozgur-onur-ve-haklar-bakimindan-esit-dogarlar-insan-haklari-evrensel-bildirisi","status":"publish","type":"post","link":"https:\/\/narteks.net\/index.php\/2010\/12\/11\/butun-insanlar-ozgur-onur-ve-haklar-bakimindan-esit-dogarlar-insan-haklari-evrensel-bildirisi\/","title":{"rendered":"B\u00fct\u00fcn insanlar \u00f6zg\u00fcr, onur ve haklar bak\u0131m\u0131ndan e\u015fit do\u011farlar | \u0130nsan Haklar\u0131 Evrensel Bildirisi"},"content":{"rendered":"<p style=\"text-align: justify;\"><img loading=\"lazy\" decoding=\"async\" src=\"http:\/\/www.biriyilik.com\/wp-content\/uploads\/2008\/10\/human-rights-insan-haklari.gif\" border=\"0\" width=\"155\" height=\"205\" style=\"float: left;\" \/>\u0130nsan Haklar\u0131 Evrensel Bildirisi ,Birle\u015fmi\u015f Milletler \u0130nsan Haklar\u0131 Komisyonu&#8217;nun Haziran 1948&#8217;de haz\u0131rlad\u0131\u011f\u0131 ve birka\u00e7 de\u011fi\u015fiklik yap\u0131ld\u0131ktan sonra 10 Aral\u0131k 1948&#8217;de, BM Genel Kurulu&#8217;nun Paris&#8217;te yap\u0131lan oturumunda kabul edilen 30 maddelik bildiridir.<\/p>\n<p>Bildirinin imzalanmas\u0131nda, \u0130kinci D\u00fcnya Sava\u015f\u0131&#8217;ndan sonra devletlerin, bireylere tan\u0131nan hak ve \u00f6zg\u00fcrl\u00fcklerin g\u00fcvence alt\u0131na al\u0131nmas\u0131 konusunda birle\u015fmesi de etkili olmu\u015ftur. Eleanor Roosevelt bu bildiriyi &#8220;B\u00fct\u00fcn insanl\u0131k i\u00e7in bir Magna Carta (Magna Karta)&#8221; olarak tan\u0131mlam\u0131\u015ft\u0131r. Bildirinin imzaland\u0131\u011f\u0131 10 Aral\u0131k, D\u00fcnya \u0130nsan Haklar\u0131 G\u00fcn\u00fc olarak kutlan\u0131r.<\/p>\n<p>Devletler, \u00f6nceleri, bask\u0131ya dayanan bir anlay\u0131\u015fla y\u00f6netilmekteydi. Bu anlay\u0131\u015fa son vermek amac\u0131yla 1215 y\u0131l\u0131nda \u0130ngiltere Kral\u0131&#8217;na kabul ettirilen bildiri olan Magna Carta, insan haklar\u0131 kavram\u0131n\u0131n ilk belgesi say\u0131l\u0131r. \u0130nsan haklar\u0131 konusunda yay\u0131mlanan bir di\u011fer \u00f6nemli bildiri ise, Amerika&#8217;da yay\u0131mlanan Ba\u011f\u0131ms\u0131zl\u0131k Bildirisi&#8217;dir. \u00d6zg\u00fcrl\u00fck, e\u015fitlik ve karde\u015flik gibi kavramlar, 1789 y\u0131l\u0131nda ger\u00e7ekle\u015fen Frans\u0131z Devrimi&#8217;nden sonra yay\u0131mlanan &#8220;\u0130nsan Haklar\u0131 Bildirisi&#8221;nde ger\u00e7ek yerini alm\u0131\u015ft\u0131r.<\/p>\n<p>II. D\u00fcnya Sava\u015f\u0131&#8217;ndan sonra devletler, bireylere tan\u0131nan hak ve \u00f6zg\u00fcrl\u00fcklerin g\u00fcvence alt\u0131na al\u0131nmas\u0131 konusunda birle\u015ftiler. Bunun bir nedeni de, insanlara \u00f6zg\u00fcrl\u00fck tan\u0131nmas\u0131n\u0131n, devam ederse uygarl\u0131klar\u0131n sonu olabilecek sava\u015flar\u0131 da \u00f6nleyebilece\u011fi d\u00fc\u015f\u00fcncesidir.<\/p>\n<p>Bildiri, Birle\u015fmi\u015f Milletler \u0130nsan Haklar\u0131 Komisyonunca Haziran 1948&#8217;de haz\u0131rland\u0131. Yap\u0131lan kimi de\u011fi\u015fikliklerin ard\u0131ndan, 10 Aral\u0131k 1948&#8217;de Genel Kurulun Paris&#8217;te yap\u0131lan oturumunda kabul edildi. Oturumda, 6 sosyalist \u00fclke \u00e7ekimser kald\u0131. Bildiri, bu \u00fclkeler ile Suudi Arabistan ve G\u00fcney Afrika Birli\u011fi d\u0131\u015f\u0131nda kalan \u00fclkelerin oylar\u0131yla kabul edildi.<\/p>\n<p>\u0130nsan Haklar\u0131 Evrensel Bildirgesi\u2019nin T\u00fcrkiye\u2019de resmi gazete ile yay\u0131n\u0131ndan sonra okullarda okutulmas\u0131, yorumlanmas\u0131 Bakanlar Kurulu\u2019nun 6 Nisan 1949\u2019daki toplant\u0131s\u0131nda kararla\u015ft\u0131r\u0131lm\u0131\u015ft\u0131r. Bildirgede SSCB, \u00c7ekoslavakya, Polonya, Beyaz Rusya, Ukrayna, Suudi Arabistan ve G\u00fcney Afrika Birli\u011fi \u00e7ekimser oy kullanm\u0131\u015ft\u0131r. Bildirgede red oyu \u00e7\u0131kmam\u0131\u015ft\u0131r. T\u00fcrkiye bu bildirgede olumlu oy vermi\u015ftir. Madde 17, Sovyet Rusya ve di\u011fer sosyalist\u00a0 devletlerinin bildirgeyi kabul etmelerine engel olan bir maddedir. Ne diyor 17. madde:<\/p>\n<p>1-) Herkesin tek ba\u015f\u0131na ya da ba\u015fkalar\u0131yla birlikte m\u00fclkiyet hakk\u0131 vard\u0131r.<\/p>\n<p>2-) Hi\u00e7 kimse keyfi olarak m\u00fclkiyetinden mahrum b\u0131rak\u0131lamaz.<\/p>\n<p>Suudi Arabistan\u2019\u0131n \u00e7ekimser oy kullanmas\u0131n\u0131n sebebi ise, maddelerin hemen hemen hepsinin \u015feriat h\u00fck\u00fcmleriyle \u00e7eli\u015fmesidir. G\u00fcney Afrika Cumhuriyeti\u2019nin bildirgeye \u00e7ekimser oy kullanmas\u0131n\u0131n sebebi,\u00a0 Aparthayd (ayr\u0131mc\u0131l\u0131k) rejimidir. Aparthayd rejimi uluslararas\u0131 terminolojide \u0131rk\u00e7\u0131l\u0131k siyasetinin egemen oldu\u011fu h\u00fck\u00fcmetlerce y\u00f6netilen rejimin ad\u0131d\u0131r.<\/p>\n<p>Aparthayd rejimi Avrupal\u0131 az\u0131nl\u0131\u011f\u0131n \u00fclkenin y\u00f6netimini kontrol etmesi i\u00e7in d\u00fczenlenmi\u015ftir. B\u00f6ylece \u00fclke n\u00fcfusunun sadece %15\u2019ini olu\u015fturan beyazlar \u00fclkenin siyaset liderli\u011fini ellerinde tutuyorlar ve \u00fclke ekonomisini de istedikleri \u015fekilde y\u00f6nlendiriyorlard\u0131. Bu d\u00fczen 1950 tarihli N\u00fcfus Kay\u0131t Yasas\u0131\u2019na dayan\u0131yordu. Bu yasaya g\u00f6re G\u00fcney Afrika vatanda\u015flar\u0131 bantu (b\u00fct\u00fcn zenciler), renkliler (melezler) ve beyazlar \u015feklinde \u00fc\u00e7e ayr\u0131l\u0131yordu. Bu ayr\u0131ma sonra Asyal\u0131lar da (Pakistan ve Hindistan k\u00f6kenliler) eklendi.<\/p>\n<p>Aparthayd rejimi ile beyaz y\u00f6netim beyaz olmayanlar\u0131n siyasi haklar\u0131n\u0131 se\u00e7me, evlenme, ibadet \u00f6zg\u00fcrl\u00fcklerini k\u0131s\u0131tl\u0131yordu. Zenciler devlet\u00e7e belirlenen \u00f6zel b\u00f6lgelerde ya\u015famaya zorlan\u0131yorlard\u0131. Aparthayd k\u0131sa zamanda tepki almaya ba\u015flad\u0131. 1961\u2019de G\u00fcney Afrika Cumhuriyeti \u0130ngiliz Uluslar Toplulu\u011fu\u2019ndan \u00e7\u0131kart\u0131ld\u0131. Bu \u00fclkeye \u00e7e\u015fitli ambargolar uyguland\u0131. 1980 Aparthayd esnek duruma getirildi. Aparthayda kar\u015f\u0131 Afrika Ulusal Konseyi m\u00fccadele etti. 27 Nisan 1994\u2019te ilk kez b\u00fct\u00fcn \u0131rklardan ki\u015filerin tek oy sahibi olaca\u011f\u0131 e\u015fit ve ak\u0131lc\u0131 se\u00e7imlerin yap\u0131lmas\u0131 kararla\u015ft\u0131r\u0131ld\u0131. O tarihte yap\u0131lan se\u00e7imlerde Afrika Ulusal Konseyi b\u00fcy\u00fck bir ba\u015far\u0131 elde etti ve Nelson Mandela G\u00fcney Afrika\u2019n\u0131n cumhurba\u015fkan\u0131 oldu. Yeni anayasa ile Aparthayd rejimi tarihe kar\u0131\u015ft\u0131.<\/p>\n<p>Bu bildiriyle, yaln\u0131zca demokratik anayasalarla tan\u0131nan temel medeni ve siyasi haklar de\u011fil, ekonomik, toplumsal, k\u00fclt\u00fcrel haklar da genel tan\u0131mlarla belirli hale gelmi\u015ftir. \u0130lk grup haklar aras\u0131nda, ya\u015fama, \u00f6zg\u00fcrl\u00fck ve ki\u015fi g\u00fcvenli\u011fi gibi haklarla birlikte, keyfi tutuklama, hapis ve s\u00fcrg\u00fcnden korunma, ba\u011f\u0131ms\u0131z ve tarafs\u0131z mahkemelerde adil ve kamuya a\u00e7\u0131k olarak yarg\u0131lanma hakk\u0131 ile d\u00fc\u015f\u00fcnce, vicdan, din, toplanma ve \u00f6rg\u00fctlenme \u00f6zg\u00fcrl\u00fckleri bulunur.<\/p>\n<p>Sosyal g\u00fcvenlik, \u00e7al\u0131\u015fma, e\u011fitim, toplumun k\u00fclt\u00fcrel ya\u015fam\u0131na kat\u0131lma haklar\u0131yla bilimsel ilerlemenin \u00fcr\u00fcnlerinden yararlanma hakk\u0131 ise, bildiriyle getirilen yeniliklerdendir.<\/p>\n<p><strong>\u0130NSAN HAKLARI EVRENSEL BEYANNAMES\u0130<\/strong><\/p>\n<p>10 Aral\u0131k 1948<br \/>Birle\u015fmi\u015f Milletler Genel Kurulu&#8217;nun 10 Aral\u0131k 1948 tarih ve 217 A(III) say\u0131l\u0131 Karar\u0131yla ilan edilmi\u015ftir.<\/p>\n<p>6 Nisan 1949 tarih ve 9119 Say\u0131l\u0131 Bakanlar Kurulu ile &#8220;\u0130nsan Haklar\u0131 Evrensel Beyannamesi&#8217;nin Resmi Gazete ile yay\u0131nlanmas\u0131 yay\u0131mdan sonra okullarda ve di\u011fer e\u011fitim m\u00fcesseselerinde okutulmas\u0131 ve yorumlanmas\u0131 ve bu Beyanname hakk\u0131nda radyo ve gazetelerde m\u00fcnasip ne\u015friyatta bulunulmas\u0131&#8221; kararla\u015ft\u0131r\u0131lm\u0131\u015ft\u0131r.<\/p>\n<p>Bakanlar Kurulu Karar\u0131 27 May\u0131s 1949 tarih ve 7217 Say\u0131l\u0131 Resmi Gazete&#8217;de yay\u0131nlanm\u0131\u015ft\u0131r.<\/p>\n<p>Birle\u015fmi\u015f Milletler Genel Kurulu;<\/p>\n<p>\u0130nsanl\u0131k toplulu\u011funun b\u00fct\u00fcn bireyleriyle kurulu\u015flar\u0131n\u0131n bu Bildirgeyi her zaman g\u00f6z \u00f6n\u00fcnde tutarak e\u011fitim ve \u00f6\u011fretim yoluyla bu hak ve \u00f6zg\u00fcrl\u00fcklere sayg\u0131y\u0131 geli\u015ftirmeye, giderek artan ulusal ve uluslararas\u0131 \u00f6nlemlerle gerek \u00fcye devletlerin halklar\u0131 ve gerekse bu devletlerin y\u00f6netimi alt\u0131ndaki \u00fclkeler halklar\u0131 aras\u0131nda bu haklar\u0131n d\u00fcnyaca etkin olarak tan\u0131nmas\u0131n\u0131 ve uygulanmas\u0131n\u0131 sa\u011flamaya \u00e7aba g\u00f6stermeleri amac\u0131yla t\u00fcm halklar ve uluslar i\u00e7in ortak ideal \u00f6l\u00e7\u00fcleri belirleyen bu<br \/>\u0130nsan Haklar\u0131 Evrensel Bildirgesini ilan eder.<\/p>\n<p>Madde 1- B\u00fct\u00fcn insanlar \u00f6zg\u00fcr, onur ve haklar bak\u0131m\u0131ndan e\u015fit do\u011farlar. Ak\u0131l ve vicdana sahiptirler, birbirlerine kar\u015f\u0131 karde\u015flik anlay\u0131\u015f\u0131yla davranmal\u0131d\u0131rlar.<\/p>\n<p>Madde 2- Herkes, \u0131rk, renk, cinsiyet, dil, din, siyasal veya ba\u015fka bir g\u00f6r\u00fc\u015f, ulusal veya sosyal k\u00f6ken, m\u00fclkiyet, do\u011fu\u015f veya herhangi ba\u015fka bir ayr\u0131m g\u00f6zetmeksizin bu Bildirge ile ilan olunan b\u00fct\u00fcn haklardan ve b\u00fct\u00fcn \u00f6zg\u00fcrl\u00fcklerden yararlanabilir. Ayr\u0131ca, ister ba\u011f\u0131ms\u0131z olsun, ister vesayet alt\u0131nda veya \u00f6zerk olmayan ya da ba\u015fka bir egemenlik k\u0131s\u0131tlamas\u0131na ba\u011fl\u0131 \u00fclke yurtta\u015f\u0131 olsun, bir kimse hakk\u0131nda, uyru\u011funda bulundu\u011fu devlet veya \u00fclkenin siyasal, hukuksal veya uluslararas\u0131 stat\u00fcs\u00fc bak\u0131m\u0131ndan hi\u00e7bir ayr\u0131m g\u00f6zetilmeyecektir.<\/p>\n<p>Madde 3 -Ya\u015famak, \u00f6zg\u00fcrl\u00fck ve ki\u015fi g\u00fcvenli\u011fi herkesin hakk\u0131d\u0131r.<\/p>\n<p>Madde 4- Hi\u00e7 kimse k\u00f6lelik veya kulluk alt\u0131nda bulundurulamaz, k\u00f6lelik ve k\u00f6le ticareti her t\u00fcrl\u00fc bi\u00e7imde yasakt\u0131r.<\/p>\n<p>Madde 5- Hi\u00e7 kimseye i\u015fkence yap\u0131lamaz, zalimce, insanl\u0131k d\u0131\u015f\u0131 veya onur k\u0131r\u0131c\u0131 davran\u0131\u015flarda bulunulamaz ve ceza verilemez.<\/p>\n<p>Madde 6- Herkesin, her nerede olursa olsun, hukuksal ki\u015fili\u011finin tan\u0131nmas\u0131 hakk\u0131 vard\u0131r.<\/p>\n<p>Madde 7- Herkes yasa \u00f6n\u00fcnde e\u015fittir ve ayr\u0131m g\u00f6zetilmeksizin yasan\u0131n korunmas\u0131ndan e\u015fit olarak yararlanma hakk\u0131na sahiptir. Herkesin bu Bildirgeye ayk\u0131r\u0131 her t\u00fcrl\u00fc ayr\u0131m g\u00f6zetici i\u015fleme kar\u015f\u0131 ve b\u00f6yle i\u015flemler i\u00e7in yap\u0131lacak her t\u00fcrl\u00fc k\u0131\u015fk\u0131rtmaya kar\u015f\u0131 e\u015fit korunma hakk\u0131 vard\u0131r.<\/p>\n<p>Madde 8- Herkesin anayasa yada yasayla tan\u0131nm\u0131\u015f temel haklar\u0131n\u0131 \u00e7i\u011fneyen eylemlere kar\u015f\u0131 yetkili ulusal mahkemeler eliyle etkin bir yarg\u0131 yoluna ba\u015fvurma hakk\u0131 vard\u0131r.<\/p>\n<p>Madde 9- Hi\u00e7 kimse keyfi olarak yakalanamaz, tutuklanamaz ve s\u00fcrg\u00fcn edilemez.<\/p>\n<p>Madde 10- Herkesin, hak ve y\u00fck\u00fcml\u00fcl\u00fckleri belirlenirken ve kendisine bir su\u00e7 y\u00fcklenirken, tam bir \u015fekilde davas\u0131n\u0131n ba\u011f\u0131ms\u0131z ve tarafs\u0131z bir mahkeme taraf\u0131ndan hak\u00e7a ve a\u00e7\u0131k olarak g\u00f6r\u00fclmesini istemeye hakk\u0131 vard\u0131r.<\/p>\n<p>Madde 11<br \/>1. Kendisine bir su\u00e7 y\u00fcklenen herkes, savunmas\u0131 i\u00e7in gerekli olan t\u00fcm g\u00fcvencelerin tan\u0131nd\u0131\u011f\u0131 a\u00e7\u0131k bir yarg\u0131lama sonunda, yasaya g\u00f6re su\u00e7lu oldu\u011fu saptanmad\u0131k\u00e7a, su\u00e7suz say\u0131l\u0131r.<\/p>\n<p>2. Hi\u00e7 kimse i\u015flendi\u011fi s\u0131rada ulusal yada uluslararas\u0131 hukuka g\u00f6re bir su\u00e7 olu\u015fturmayan herhangi bir eylem veya ihmalden dolay\u0131 su\u00e7lu say\u0131lamaz. Kimseye su\u00e7un i\u015flendi\u011fi s\u0131rada uygulanabilecek olan cezadan daha a\u011f\u0131r bir ceza verilemez.<\/p>\n<p>Madde 12- Kimsenin \u00f6zel ya\u015fam\u0131na, ailesine konutuna ya da haberle\u015fmesine keyfi olarak kar\u0131\u015f\u0131lamaz, \u015feref ve ad\u0131na sald\u0131r\u0131lamaz.<\/p>\n<p>Herkesin bu gibi kar\u0131\u015fma ve sald\u0131r\u0131lara kar\u015f\u0131 yasa taraf\u0131ndan korunmaya hakk\u0131 vard\u0131r.<\/p>\n<p>Madde 13<br \/>1. Herkesin bir devletin topraklar\u0131 \u00fczerinde serbest\u00e7e dola\u015fma ve oturma hakk\u0131 vard\u0131r.<\/p>\n<p>2. Herkes , kendi \u00fclkesi de dahil olmak \u00fczere, herhangi bir \u00fclkeden ayr\u0131lmak ve \u00fclkesine yeniden d\u00f6nmek hakk\u0131na sahiptir.<\/p>\n<p>Madde 14<br \/>1. Herkesin zul\u00fcm alt\u0131nda ba\u015fka \u00fclkelere s\u0131\u011f\u0131nma ve s\u0131\u011f\u0131nma olanaklar\u0131ndan yararlanma hakk\u0131 vard\u0131r.<\/p>\n<p>2. Ger\u00e7ekten siyasal nitelik ta\u015f\u0131mayan su\u00e7lardan veya Birle\u015fmi\u015f Milletlerin ama\u00e7 ve \u00fclkelerine ayk\u0131r\u0131 eylemlerden do\u011fan kovu\u015fturma durumunda bu haktan yararlan\u0131lamaz.<\/p>\n<p>Madde 15<br \/>1. Herkesin bir yurtta\u015fl\u0131\u011fa hakk\u0131 vard\u0131r.<\/p>\n<p>2. Hi\u00e7 kimse keyfi olarak yurtta\u015fl\u0131\u011f\u0131ndan veya yurtta\u015fl\u0131\u011f\u0131n\u0131 de\u011fi\u015ftirme hakk\u0131ndan yoksun b\u0131rak\u0131lamaz.<\/p>\n<p>Madde 16<br \/>1. Yeti\u015fkin her erke\u011fin ve kad\u0131n\u0131n, \u0131rk, yurtta\u015fl\u0131k veya din bak\u0131mlar\u0131ndan herhangi bir k\u0131s\u0131tlamaya u\u011framaks\u0131z\u0131n evlenme ve aile kurmaya hakk\u0131 vard\u0131r.<\/p>\n<p>2. Evlenme s\u00f6zle\u015fmesi, ancak evleneceklerin \u00f6zg\u00fcr ve tam iradeleriyle yap\u0131l\u0131r.<\/p>\n<p>3. Aile, toplumun, do\u011fal ve temel unsurudur, toplum ve devlet taraf\u0131ndan korunur.<\/p>\n<p>Madde 17<br \/>1. Herkesin tek ba\u015f\u0131na veya ba\u015fkalar\u0131yla ortakla\u015fa m\u00fclkiyet hakk\u0131 vard\u0131r.<\/p>\n<p>2. Hi\u00e7 kimse keyfi olarak m\u00fclkiyetinden yoksun b\u0131rak\u0131lamaz.<\/p>\n<p>Madde 18- Herkesin d\u00fc\u015f\u00fcnce, vicdan ve din \u00f6zg\u00fcrl\u00fc\u011f\u00fcne hakk\u0131 vard\u0131r.<\/p>\n<p>Bu hak, din veya topluca, a\u00e7\u0131k olarak ya da \u00f6zel bi\u00e7imde \u00f6\u011frenim, uygulama, ibadet ve dinsel t\u00f6renlerle a\u00e7\u0131\u011fa vurma \u00f6zg\u00fcrl\u00fc\u011f\u00fcn\u00fc i\u00e7erir.<\/p>\n<p>Madde 19- Herkesin d\u00fc\u015f\u00fcnce ve anlat\u0131m \u00f6zg\u00fcrl\u00fc\u011f\u00fcne hakk\u0131 vard\u0131r. Bu hak d\u00fc\u015f\u00fcncelerinden dolay\u0131 rahats\u0131z edilmemek, \u00fclke s\u0131n\u0131rlar\u0131 s\u00f6z konusu olmaks\u0131z\u0131n, bilgi ve d\u00fc\u015f\u00fcnceleri her yoldan ara\u015ft\u0131rmak, elde etmek ve yaymak hakk\u0131n\u0131 gerekli k\u0131lar.<\/p>\n<p>Madde 20<br \/>1. Herkesin silahs\u0131z ve sald\u0131r\u0131s\u0131z toplanma, dernek kurma ve derne\u011fe kat\u0131lma \u00f6zg\u00fcrl\u00fc\u011f\u00fc vard\u0131r.<\/p>\n<p>2. Hi\u00e7 kimse bir derne\u011fe girmeye zorlanamaz.<\/p>\n<p>Madde 21<br \/>1. Herkes, do\u011frudan veya serbest\u00e7e se\u00e7ilmi\u015f temsilciler arac\u0131l\u0131\u011f\u0131 ile \u00fclkesinin y\u00f6netimine kat\u0131lma hakk\u0131na sahiptir.<\/p>\n<p>2. Herkesin \u00fclkesinin kamu hizmetlerinden e\u015fit olarak yararlanma hakk\u0131 vard\u0131r.<\/p>\n<p>3. Halk\u0131n iradesi h\u00fck\u00fcmet otoritesinin temelidir. Bu irade, gizli veya serbestli\u011fi sa\u011flayacak benzeri bir y\u00f6ntemle genel ve e\u015fit oy verme yoluyla yap\u0131lacak ve belirli aral\u0131klarla tekrarlanacak d\u00fcr\u00fcst se\u00e7imlerle belirlenir.<\/p>\n<p>Madde 22- Herkesin, toplumun bir \u00fcyesi olarak, sosyal g\u00fcvenli\u011fe hakk\u0131 vard\u0131r. Ulusal \u00e7abalarla ve uluslararas\u0131 i\u015fbirli\u011fi yoluyla ve her devletin \u00f6rg\u00fctlenmesine ve kaynaklar\u0131na g\u00f6re, herkes onur ve ki\u015fili\u011finin serbest\u00e7e geli\u015fim i\u00e7in gerekli olan ekonomik, sosyal ve k\u00fclt\u00fcrel haklar\u0131n\u0131n ger\u00e7ekle\u015ftirilmesi hakk\u0131na sahiptir.<\/p>\n<p>Madde 23<br \/>1. Herkesin \u00e7al\u0131\u015fma, i\u015fini serbest\u00e7e se\u00e7me, adaletli ve elveri\u015fli ko\u015fullarda \u00e7al\u0131\u015fma ve i\u015fsizli\u011fe kar\u015f\u0131 korunma hakk\u0131 vard\u0131r.<\/p>\n<p>2. Herkesin, herhangi bir ayr\u0131m g\u00f6zetmeksizin, e\u015fit i\u015f i\u00e7in e\u015fit \u00fccrete hakk\u0131 vard\u0131r.+<\/p>\n<p>3. Herkesin kendisi ve ailesi i\u00e7in insan onuruna yara\u015f\u0131r ve gerekirse her t\u00fcrl\u00fc sosyal koruma \u00f6nlemleriyle desteklenmi\u015f bir ya\u015fam sa\u011flayacak adil ve elveri\u015fli bir \u00fccrete hakk\u0131 vard\u0131r.<\/p>\n<p>4. Herkesin \u00e7\u0131kar\u0131n\u0131 korumak i\u00e7in sendika kurma veya sendikaya \u00fcye olma hakk\u0131 vard\u0131r.<\/p>\n<p>Madde 24- Herkesin dinlenmeye, e\u011flenmeye, \u00f6zellikle \u00e7al\u0131\u015fma s\u00fcresinin makul \u00f6l\u00e7\u00fcde s\u0131n\u0131rland\u0131r\u0131lmas\u0131na ve belirli d\u00f6nemlerde \u00fccretli izne \u00e7\u0131kmaya hakk\u0131 vard\u0131r.<\/p>\n<p>Madde 25<br \/>1. Herkesin kendisinin ve ailesinin sa\u011fl\u0131k ve refah\u0131 i\u00e7in beslenme, giyim, konut ve t\u0131bbi bak\u0131m hakk\u0131 vard\u0131r. Herkes, i\u015fsizlik, hastal\u0131k, sakatl\u0131k, dulluk, ya\u015fl\u0131l\u0131k ve kendi iradesi d\u0131\u015f\u0131ndaki ko\u015fullardan do\u011fan ge\u00e7im s\u0131k\u0131nt\u0131s\u0131 durumunda g\u00fcvenlik hakk\u0131na sahiptir.<\/p>\n<p>2. Analar\u0131n ve \u00e7ocuklar\u0131n \u00f6zel bak\u0131m ve yard\u0131m g\u00f6rme haklar\u0131 vard\u0131r.<br \/>B\u00fct\u00fcn \u00e7ocuklar, evlilik i\u00e7i veya evlilik d\u0131\u015f\u0131 do\u011fmu\u015f olsunlar, ayn\u0131 sosyal g\u00fcvenceden yararlan\u0131rlar.<\/p>\n<p>Madde 26<br \/>1. Herkes e\u011fitim hakk\u0131na sahiptir. E\u011fitim, en az\u0131ndan ilk ve temel e\u011fitim a\u015famas\u0131nda paras\u0131zd\u0131r. \u0130lk\u00f6\u011fretim zorunludur. Teknik ve mesleksel e\u011fitim herkese a\u00e7\u0131kt\u0131r. Y\u00fcksek \u00f6\u011fretim, yeteneklerine g\u00f6re herkese tam bir e\u015fitlikle a\u00e7\u0131k olmal\u0131d\u0131r.<\/p>\n<p>2. E\u011fitim insan ki\u015fili\u011fini tam geli\u015ftirmeye ve insan haklar\u0131yla temel \u00f6zg\u00fcrl\u00fcklere sayg\u0131y\u0131 g\u00fc\u00e7lendirmeye y\u00f6nelik olmal\u0131d\u0131r. E\u011fitim, b\u00fct\u00fcn uluslar, \u0131rklar ve dinsel topluluklar aras\u0131nda anlay\u0131\u015f, ho\u015fg\u00f6r\u00fc ve dostlu\u011fu \u00f6zendirmeli ve Birle\u015fmi\u015f Milletlerin bar\u0131\u015f\u0131 koruma yolundaki \u00e7al\u0131\u015fmalar\u0131n\u0131 geli\u015ftirmelidir.<\/p>\n<p>3. \u00c7ocuklara verilecek e\u011fitimin t\u00fcr\u00fcn\u00fc se\u00e7mek, \u00f6ncelikle ana ve baban\u0131n hakk\u0131d\u0131r.<\/p>\n<p>Madde 27<br \/>1. Herkes toplumun k\u00fclt\u00fcrel ya\u015fam\u0131na serbest\u00e7e kat\u0131lma, g\u00fczel sanatlardan yararlanma, bilimsel geli\u015fmeye kat\u0131lma ve bundan yararlanma hakk\u0131na sahiptir.<\/p>\n<p>2. Herkesin yarat\u0131c\u0131s\u0131 oldu\u011fu bilim, edebiyat ve sanat \u00fcr\u00fcnlerinden do\u011fan maddi ve manevi \u00e7\u0131karlar\u0131n\u0131n korunmas\u0131na hakk\u0131 vard\u0131r.<\/p>\n<p>Madde 28- Herkesin bu Bildirgede \u00f6ng\u00f6r\u00fclen hak ve \u00f6zg\u00fcrl\u00fcklerin ger\u00e7ekle\u015fece\u011fi bir toplumsal ve uluslararas\u0131 d\u00fczene hakk\u0131 vard\u0131r.<\/p>\n<p>Madde 29<br \/>1. Herkesin, ki\u015fili\u011finin serbest\u00e7e ve tam geli\u015fmesine olanak veren topluma kar\u015f\u0131 \u00f6devleri vard\u0131r.<\/p>\n<p>2. Herkes haklar\u0131n\u0131 kullan\u0131rken ve \u00f6zg\u00fcrl\u00fcklerinden yararlan\u0131rken, ba\u015fkalar\u0131n\u0131n hak ve \u00f6zg\u00fcrl\u00fcklerinin tan\u0131nmas\u0131 ve bunlara sayg\u0131 g\u00f6sterilmesinin sa\u011flanmas\u0131 ve demokratik bir toplumda genel ahlak ve kamu d\u00fczeniyle genel refah\u0131n gereklerinin kar\u015f\u0131lanmas\u0131 amac\u0131yla yaln\u0131z yasayla belirlenmi\u015f s\u0131n\u0131rlamalara ba\u011fl\u0131 olur.<\/p>\n<p>3. Bu hak ve \u00f6zg\u00fcrl\u00fckler hi\u00e7bir ko\u015fulda Birle\u015fmi\u015f Milletlerin ama\u00e7 ve ilkelerine ayk\u0131r\u0131 olarak kullan\u0131lamaz.<\/p>\n<p>Madde 30- Bu bildirgenin hi\u00e7bir kural\u0131, herhangi bir devlet, topluluk veya ki\u015fiye, burada a\u00e7\u0131klanan hak ve \u00f6zg\u00fcrl\u00fcklerden herhangi birinin yok edilmesini ama\u00e7layan bir giri\u015fimde veya eylemde bulunma hakk\u0131n\u0131 verir bi\u00e7imde yorumlanamaz.<\/p>\n","protected":false},"excerpt":{"rendered":"<p>\u0130nsan Haklar\u0131 Evrensel Bildirisi ,Birle\u015fmi\u015f Milletler \u0130nsan Haklar\u0131 Komisyonu&#8217;nun Haziran 1948&#8217;de haz\u0131rlad\u0131\u011f\u0131 ve birka\u00e7 de\u011fi\u015fiklik yap\u0131ld\u0131ktan sonra 10 Aral\u0131k 1948&#8217;de, BM Genel Kurulu&#8217;nun Paris&#8217;te yap\u0131lan oturumunda kabul edilen 30 maddelik bildiridir. Bildirinin imzalanmas\u0131nda, \u0130kinci D\u00fcnya Sava\u015f\u0131&#8217;ndan sonra devletlerin, bireylere tan\u0131nan hak ve \u00f6zg\u00fcrl\u00fcklerin g\u00fcvence alt\u0131na al\u0131nmas\u0131 konusunda birle\u015fmesi de etkili olmu\u015ftur. Eleanor Roosevelt bu bildiriyi [&hellip;]<\/p>\n","protected":false},"author":1,"featured_media":0,"comment_status":"open","ping_status":"open","sticky":false,"template":"","format":"standard","meta":{"footnotes":""},"categories":[156],"tags":[],"class_list":{"0":"post-4810","1":"post","2":"type-post","3":"status-publish","4":"format-standard","6":"category-genel-tarih"},"yoast_head":"<!-- This site is optimized with the Yoast SEO Premium plugin v24.9 (Yoast SEO v24.9) - https:\/\/yoast.com\/wordpress\/plugins\/seo\/ -->\n<title>B\u00fct\u00fcn insanlar \u00f6zg\u00fcr, onur ve haklar bak\u0131m\u0131ndan e\u015fit do\u011farlar | \u0130nsan Haklar\u0131 Evrensel Bildirisi - narteks.net<\/title>\n<meta name=\"robots\" content=\"index, follow, max-snippet:-1, max-image-preview:large, max-video-preview:-1\" \/>\n<link rel=\"canonical\" href=\"https:\/\/narteks.net\/index.php\/2010\/12\/11\/butun-insanlar-ozgur-onur-ve-haklar-bakimindan-esit-dogarlar-insan-haklari-evrensel-bildirisi\/\" \/>\n<meta property=\"og:locale\" content=\"tr_TR\" \/>\n<meta property=\"og:type\" content=\"article\" \/>\n<meta property=\"og:title\" content=\"B\u00fct\u00fcn insanlar \u00f6zg\u00fcr, onur ve haklar bak\u0131m\u0131ndan e\u015fit do\u011farlar | \u0130nsan Haklar\u0131 Evrensel Bildirisi\" \/>\n<meta property=\"og:description\" content=\"\u0130nsan Haklar\u0131 Evrensel Bildirisi ,Birle\u015fmi\u015f Milletler \u0130nsan Haklar\u0131 Komisyonu&#8217;nun Haziran 1948&#8217;de haz\u0131rlad\u0131\u011f\u0131 ve birka\u00e7 de\u011fi\u015fiklik yap\u0131ld\u0131ktan sonra 10 Aral\u0131k 1948&#8217;de, BM Genel Kurulu&#8217;nun Paris&#8217;te yap\u0131lan oturumunda kabul edilen 30 maddelik bildiridir. Bildirinin imzalanmas\u0131nda, \u0130kinci D\u00fcnya Sava\u015f\u0131&#8217;ndan sonra devletlerin, bireylere tan\u0131nan hak ve \u00f6zg\u00fcrl\u00fcklerin g\u00fcvence alt\u0131na al\u0131nmas\u0131 konusunda birle\u015fmesi de etkili olmu\u015ftur. Eleanor Roosevelt bu bildiriyi [&hellip;]\" \/>\n<meta property=\"og:url\" content=\"https:\/\/narteks.net\/index.php\/2010\/12\/11\/butun-insanlar-ozgur-onur-ve-haklar-bakimindan-esit-dogarlar-insan-haklari-evrensel-bildirisi\/\" \/>\n<meta property=\"og:site_name\" content=\"narteks.net\" \/>\n<meta property=\"article:published_time\" content=\"2010-12-11T08:35:35+00:00\" \/>\n<meta property=\"og:image\" content=\"http:\/\/www.biriyilik.com\/wp-content\/uploads\/2008\/10\/human-rights-insan-haklari.gif\" \/>\n<meta name=\"author\" content=\"Tar\u0131k\" \/>\n<meta name=\"twitter:card\" content=\"summary_large_image\" \/>\n<meta name=\"twitter:creator\" content=\"@narteks\" \/>\n<meta name=\"twitter:site\" content=\"@narteks\" \/>\n<meta name=\"twitter:label1\" content=\"Yazan:\" \/>\n\t<meta name=\"twitter:data1\" content=\"Tar\u0131k\" \/>\n\t<meta name=\"twitter:label2\" content=\"Tahmini okuma s\u00fcresi\" \/>\n\t<meta name=\"twitter:data2\" content=\"12 dakika\" \/>\n<script type=\"application\/ld+json\" class=\"yoast-schema-graph\">{\"@context\":\"https:\/\/schema.org\",\"@graph\":[{\"@type\":\"Article\",\"@id\":\"https:\/\/narteks.net\/index.php\/2010\/12\/11\/butun-insanlar-ozgur-onur-ve-haklar-bakimindan-esit-dogarlar-insan-haklari-evrensel-bildirisi\/#article\",\"isPartOf\":{\"@id\":\"https:\/\/narteks.net\/index.php\/2010\/12\/11\/butun-insanlar-ozgur-onur-ve-haklar-bakimindan-esit-dogarlar-insan-haklari-evrensel-bildirisi\/\"},\"author\":{\"name\":\"Tar\u0131k\",\"@id\":\"https:\/\/narteks.net\/#\/schema\/person\/61f37d9834294b72d31d274e7ed79bca\"},\"headline\":\"B\u00fct\u00fcn insanlar \u00f6zg\u00fcr, onur ve haklar bak\u0131m\u0131ndan e\u015fit do\u011farlar | \u0130nsan Haklar\u0131 Evrensel Bildirisi\",\"datePublished\":\"2010-12-11T08:35:35+00:00\",\"mainEntityOfPage\":{\"@id\":\"https:\/\/narteks.net\/index.php\/2010\/12\/11\/butun-insanlar-ozgur-onur-ve-haklar-bakimindan-esit-dogarlar-insan-haklari-evrensel-bildirisi\/\"},\"wordCount\":2508,\"commentCount\":0,\"publisher\":{\"@id\":\"https:\/\/narteks.net\/#organization\"},\"image\":{\"@id\":\"https:\/\/narteks.net\/index.php\/2010\/12\/11\/butun-insanlar-ozgur-onur-ve-haklar-bakimindan-esit-dogarlar-insan-haklari-evrensel-bildirisi\/#primaryimage\"},\"thumbnailUrl\":\"http:\/\/www.biriyilik.com\/wp-content\/uploads\/2008\/10\/human-rights-insan-haklari.gif\",\"articleSection\":[\"Genel Tarih\"],\"inLanguage\":\"tr\",\"potentialAction\":[{\"@type\":\"CommentAction\",\"name\":\"Comment\",\"target\":[\"https:\/\/narteks.net\/index.php\/2010\/12\/11\/butun-insanlar-ozgur-onur-ve-haklar-bakimindan-esit-dogarlar-insan-haklari-evrensel-bildirisi\/#respond\"]}]},{\"@type\":\"WebPage\",\"@id\":\"https:\/\/narteks.net\/index.php\/2010\/12\/11\/butun-insanlar-ozgur-onur-ve-haklar-bakimindan-esit-dogarlar-insan-haklari-evrensel-bildirisi\/\",\"url\":\"https:\/\/narteks.net\/index.php\/2010\/12\/11\/butun-insanlar-ozgur-onur-ve-haklar-bakimindan-esit-dogarlar-insan-haklari-evrensel-bildirisi\/\",\"name\":\"B\u00fct\u00fcn insanlar \u00f6zg\u00fcr, onur ve haklar bak\u0131m\u0131ndan e\u015fit do\u011farlar | \u0130nsan Haklar\u0131 Evrensel Bildirisi - narteks.net\",\"isPartOf\":{\"@id\":\"https:\/\/narteks.net\/#website\"},\"primaryImageOfPage\":{\"@id\":\"https:\/\/narteks.net\/index.php\/2010\/12\/11\/butun-insanlar-ozgur-onur-ve-haklar-bakimindan-esit-dogarlar-insan-haklari-evrensel-bildirisi\/#primaryimage\"},\"image\":{\"@id\":\"https:\/\/narteks.net\/index.php\/2010\/12\/11\/butun-insanlar-ozgur-onur-ve-haklar-bakimindan-esit-dogarlar-insan-haklari-evrensel-bildirisi\/#primaryimage\"},\"thumbnailUrl\":\"http:\/\/www.biriyilik.com\/wp-content\/uploads\/2008\/10\/human-rights-insan-haklari.gif\",\"datePublished\":\"2010-12-11T08:35:35+00:00\",\"breadcrumb\":{\"@id\":\"https:\/\/narteks.net\/index.php\/2010\/12\/11\/butun-insanlar-ozgur-onur-ve-haklar-bakimindan-esit-dogarlar-insan-haklari-evrensel-bildirisi\/#breadcrumb\"},\"inLanguage\":\"tr\",\"potentialAction\":[{\"@type\":\"ReadAction\",\"target\":[\"https:\/\/narteks.net\/index.php\/2010\/12\/11\/butun-insanlar-ozgur-onur-ve-haklar-bakimindan-esit-dogarlar-insan-haklari-evrensel-bildirisi\/\"]}]},{\"@type\":\"ImageObject\",\"inLanguage\":\"tr\",\"@id\":\"https:\/\/narteks.net\/index.php\/2010\/12\/11\/butun-insanlar-ozgur-onur-ve-haklar-bakimindan-esit-dogarlar-insan-haklari-evrensel-bildirisi\/#primaryimage\",\"url\":\"http:\/\/www.biriyilik.com\/wp-content\/uploads\/2008\/10\/human-rights-insan-haklari.gif\",\"contentUrl\":\"http:\/\/www.biriyilik.com\/wp-content\/uploads\/2008\/10\/human-rights-insan-haklari.gif\"},{\"@type\":\"BreadcrumbList\",\"@id\":\"https:\/\/narteks.net\/index.php\/2010\/12\/11\/butun-insanlar-ozgur-onur-ve-haklar-bakimindan-esit-dogarlar-insan-haklari-evrensel-bildirisi\/#breadcrumb\",\"itemListElement\":[{\"@type\":\"ListItem\",\"position\":1,\"name\":\"Anasayfa\",\"item\":\"https:\/\/narteks.net\/\"},{\"@type\":\"ListItem\",\"position\":2,\"name\":\"B\u00fct\u00fcn insanlar \u00f6zg\u00fcr, onur ve haklar bak\u0131m\u0131ndan e\u015fit do\u011farlar | \u0130nsan Haklar\u0131 Evrensel Bildirisi\"}]},{\"@type\":\"WebSite\",\"@id\":\"https:\/\/narteks.net\/#website\",\"url\":\"https:\/\/narteks.net\/\",\"name\":\"narteks.net\",\"description\":\"K\u00fclt\u00fcr Sanat Edebiyat Felsefe\",\"publisher\":{\"@id\":\"https:\/\/narteks.net\/#organization\"},\"alternateName\":\"K\u00fclt\u00fcr Sanat Edebiyat Felsefe\",\"potentialAction\":[{\"@type\":\"SearchAction\",\"target\":{\"@type\":\"EntryPoint\",\"urlTemplate\":\"https:\/\/narteks.net\/?s={search_term_string}\"},\"query-input\":{\"@type\":\"PropertyValueSpecification\",\"valueRequired\":true,\"valueName\":\"search_term_string\"}}],\"inLanguage\":\"tr\"},{\"@type\":\"Organization\",\"@id\":\"https:\/\/narteks.net\/#organization\",\"name\":\"narteks.net\",\"url\":\"https:\/\/narteks.net\/\",\"logo\":{\"@type\":\"ImageObject\",\"inLanguage\":\"tr\",\"@id\":\"https:\/\/narteks.net\/#\/schema\/logo\/image\/\",\"url\":\"https:\/\/narteks.net\/wp-content\/uploads\/narteks.png\",\"contentUrl\":\"https:\/\/narteks.net\/wp-content\/uploads\/narteks.png\",\"width\":300,\"height\":90,\"caption\":\"narteks.net\"},\"image\":{\"@id\":\"https:\/\/narteks.net\/#\/schema\/logo\/image\/\"},\"sameAs\":[\"https:\/\/x.com\/narteks\",\"https:\/\/instagram.com\/narteksnet\"]},{\"@type\":\"Person\",\"@id\":\"https:\/\/narteks.net\/#\/schema\/person\/61f37d9834294b72d31d274e7ed79bca\",\"name\":\"Tar\u0131k\",\"image\":{\"@type\":\"ImageObject\",\"inLanguage\":\"tr\",\"@id\":\"https:\/\/narteks.net\/#\/schema\/person\/image\/\",\"url\":\"https:\/\/secure.gravatar.com\/avatar\/50865afb55632c4ae467e0af0930f6510aa2297d8014be502a55b14f3b7550cf?s=96&d=mm&r=g\",\"contentUrl\":\"https:\/\/secure.gravatar.com\/avatar\/50865afb55632c4ae467e0af0930f6510aa2297d8014be502a55b14f3b7550cf?s=96&d=mm&r=g\",\"caption\":\"Tar\u0131k\"},\"sameAs\":[\"http:\/\/narteks.net\"],\"url\":\"https:\/\/narteks.net\/index.php\/author\/narbak\/\"}]}<\/script>\n<!-- \/ Yoast SEO Premium plugin. -->","yoast_head_json":{"title":"B\u00fct\u00fcn insanlar \u00f6zg\u00fcr, onur ve haklar bak\u0131m\u0131ndan e\u015fit do\u011farlar | \u0130nsan Haklar\u0131 Evrensel Bildirisi - narteks.net","robots":{"index":"index","follow":"follow","max-snippet":"max-snippet:-1","max-image-preview":"max-image-preview:large","max-video-preview":"max-video-preview:-1"},"canonical":"https:\/\/narteks.net\/index.php\/2010\/12\/11\/butun-insanlar-ozgur-onur-ve-haklar-bakimindan-esit-dogarlar-insan-haklari-evrensel-bildirisi\/","og_locale":"tr_TR","og_type":"article","og_title":"B\u00fct\u00fcn insanlar \u00f6zg\u00fcr, onur ve haklar bak\u0131m\u0131ndan e\u015fit do\u011farlar | \u0130nsan Haklar\u0131 Evrensel Bildirisi","og_description":"\u0130nsan Haklar\u0131 Evrensel Bildirisi ,Birle\u015fmi\u015f Milletler \u0130nsan Haklar\u0131 Komisyonu&#8217;nun Haziran 1948&#8217;de haz\u0131rlad\u0131\u011f\u0131 ve birka\u00e7 de\u011fi\u015fiklik yap\u0131ld\u0131ktan sonra 10 Aral\u0131k 1948&#8217;de, BM Genel Kurulu&#8217;nun Paris&#8217;te yap\u0131lan oturumunda kabul edilen 30 maddelik bildiridir. Bildirinin imzalanmas\u0131nda, \u0130kinci D\u00fcnya Sava\u015f\u0131&#8217;ndan sonra devletlerin, bireylere tan\u0131nan hak ve \u00f6zg\u00fcrl\u00fcklerin g\u00fcvence alt\u0131na al\u0131nmas\u0131 konusunda birle\u015fmesi de etkili olmu\u015ftur. Eleanor Roosevelt bu bildiriyi [&hellip;]","og_url":"https:\/\/narteks.net\/index.php\/2010\/12\/11\/butun-insanlar-ozgur-onur-ve-haklar-bakimindan-esit-dogarlar-insan-haklari-evrensel-bildirisi\/","og_site_name":"narteks.net","article_published_time":"2010-12-11T08:35:35+00:00","og_image":[{"url":"http:\/\/www.biriyilik.com\/wp-content\/uploads\/2008\/10\/human-rights-insan-haklari.gif","type":"","width":"","height":""}],"author":"Tar\u0131k","twitter_card":"summary_large_image","twitter_creator":"@narteks","twitter_site":"@narteks","twitter_misc":{"Yazan:":"Tar\u0131k","Tahmini okuma s\u00fcresi":"12 dakika"},"schema":{"@context":"https:\/\/schema.org","@graph":[{"@type":"Article","@id":"https:\/\/narteks.net\/index.php\/2010\/12\/11\/butun-insanlar-ozgur-onur-ve-haklar-bakimindan-esit-dogarlar-insan-haklari-evrensel-bildirisi\/#article","isPartOf":{"@id":"https:\/\/narteks.net\/index.php\/2010\/12\/11\/butun-insanlar-ozgur-onur-ve-haklar-bakimindan-esit-dogarlar-insan-haklari-evrensel-bildirisi\/"},"author":{"name":"Tar\u0131k","@id":"https:\/\/narteks.net\/#\/schema\/person\/61f37d9834294b72d31d274e7ed79bca"},"headline":"B\u00fct\u00fcn insanlar \u00f6zg\u00fcr, onur ve haklar bak\u0131m\u0131ndan e\u015fit do\u011farlar | \u0130nsan Haklar\u0131 Evrensel Bildirisi","datePublished":"2010-12-11T08:35:35+00:00","mainEntityOfPage":{"@id":"https:\/\/narteks.net\/index.php\/2010\/12\/11\/butun-insanlar-ozgur-onur-ve-haklar-bakimindan-esit-dogarlar-insan-haklari-evrensel-bildirisi\/"},"wordCount":2508,"commentCount":0,"publisher":{"@id":"https:\/\/narteks.net\/#organization"},"image":{"@id":"https:\/\/narteks.net\/index.php\/2010\/12\/11\/butun-insanlar-ozgur-onur-ve-haklar-bakimindan-esit-dogarlar-insan-haklari-evrensel-bildirisi\/#primaryimage"},"thumbnailUrl":"http:\/\/www.biriyilik.com\/wp-content\/uploads\/2008\/10\/human-rights-insan-haklari.gif","articleSection":["Genel Tarih"],"inLanguage":"tr","potentialAction":[{"@type":"CommentAction","name":"Comment","target":["https:\/\/narteks.net\/index.php\/2010\/12\/11\/butun-insanlar-ozgur-onur-ve-haklar-bakimindan-esit-dogarlar-insan-haklari-evrensel-bildirisi\/#respond"]}]},{"@type":"WebPage","@id":"https:\/\/narteks.net\/index.php\/2010\/12\/11\/butun-insanlar-ozgur-onur-ve-haklar-bakimindan-esit-dogarlar-insan-haklari-evrensel-bildirisi\/","url":"https:\/\/narteks.net\/index.php\/2010\/12\/11\/butun-insanlar-ozgur-onur-ve-haklar-bakimindan-esit-dogarlar-insan-haklari-evrensel-bildirisi\/","name":"B\u00fct\u00fcn insanlar \u00f6zg\u00fcr, onur ve haklar bak\u0131m\u0131ndan e\u015fit do\u011farlar | \u0130nsan Haklar\u0131 Evrensel Bildirisi - narteks.net","isPartOf":{"@id":"https:\/\/narteks.net\/#website"},"primaryImageOfPage":{"@id":"https:\/\/narteks.net\/index.php\/2010\/12\/11\/butun-insanlar-ozgur-onur-ve-haklar-bakimindan-esit-dogarlar-insan-haklari-evrensel-bildirisi\/#primaryimage"},"image":{"@id":"https:\/\/narteks.net\/index.php\/2010\/12\/11\/butun-insanlar-ozgur-onur-ve-haklar-bakimindan-esit-dogarlar-insan-haklari-evrensel-bildirisi\/#primaryimage"},"thumbnailUrl":"http:\/\/www.biriyilik.com\/wp-content\/uploads\/2008\/10\/human-rights-insan-haklari.gif","datePublished":"2010-12-11T08:35:35+00:00","breadcrumb":{"@id":"https:\/\/narteks.net\/index.php\/2010\/12\/11\/butun-insanlar-ozgur-onur-ve-haklar-bakimindan-esit-dogarlar-insan-haklari-evrensel-bildirisi\/#breadcrumb"},"inLanguage":"tr","potentialAction":[{"@type":"ReadAction","target":["https:\/\/narteks.net\/index.php\/2010\/12\/11\/butun-insanlar-ozgur-onur-ve-haklar-bakimindan-esit-dogarlar-insan-haklari-evrensel-bildirisi\/"]}]},{"@type":"ImageObject","inLanguage":"tr","@id":"https:\/\/narteks.net\/index.php\/2010\/12\/11\/butun-insanlar-ozgur-onur-ve-haklar-bakimindan-esit-dogarlar-insan-haklari-evrensel-bildirisi\/#primaryimage","url":"http:\/\/www.biriyilik.com\/wp-content\/uploads\/2008\/10\/human-rights-insan-haklari.gif","contentUrl":"http:\/\/www.biriyilik.com\/wp-content\/uploads\/2008\/10\/human-rights-insan-haklari.gif"},{"@type":"BreadcrumbList","@id":"https:\/\/narteks.net\/index.php\/2010\/12\/11\/butun-insanlar-ozgur-onur-ve-haklar-bakimindan-esit-dogarlar-insan-haklari-evrensel-bildirisi\/#breadcrumb","itemListElement":[{"@type":"ListItem","position":1,"name":"Anasayfa","item":"https:\/\/narteks.net\/"},{"@type":"ListItem","position":2,"name":"B\u00fct\u00fcn insanlar \u00f6zg\u00fcr, onur ve haklar bak\u0131m\u0131ndan e\u015fit do\u011farlar | \u0130nsan Haklar\u0131 Evrensel Bildirisi"}]},{"@type":"WebSite","@id":"https:\/\/narteks.net\/#website","url":"https:\/\/narteks.net\/","name":"narteks.net","description":"K\u00fclt\u00fcr Sanat Edebiyat Felsefe","publisher":{"@id":"https:\/\/narteks.net\/#organization"},"alternateName":"K\u00fclt\u00fcr Sanat Edebiyat Felsefe","potentialAction":[{"@type":"SearchAction","target":{"@type":"EntryPoint","urlTemplate":"https:\/\/narteks.net\/?s={search_term_string}"},"query-input":{"@type":"PropertyValueSpecification","valueRequired":true,"valueName":"search_term_string"}}],"inLanguage":"tr"},{"@type":"Organization","@id":"https:\/\/narteks.net\/#organization","name":"narteks.net","url":"https:\/\/narteks.net\/","logo":{"@type":"ImageObject","inLanguage":"tr","@id":"https:\/\/narteks.net\/#\/schema\/logo\/image\/","url":"https:\/\/narteks.net\/wp-content\/uploads\/narteks.png","contentUrl":"https:\/\/narteks.net\/wp-content\/uploads\/narteks.png","width":300,"height":90,"caption":"narteks.net"},"image":{"@id":"https:\/\/narteks.net\/#\/schema\/logo\/image\/"},"sameAs":["https:\/\/x.com\/narteks","https:\/\/instagram.com\/narteksnet"]},{"@type":"Person","@id":"https:\/\/narteks.net\/#\/schema\/person\/61f37d9834294b72d31d274e7ed79bca","name":"Tar\u0131k","image":{"@type":"ImageObject","inLanguage":"tr","@id":"https:\/\/narteks.net\/#\/schema\/person\/image\/","url":"https:\/\/secure.gravatar.com\/avatar\/50865afb55632c4ae467e0af0930f6510aa2297d8014be502a55b14f3b7550cf?s=96&d=mm&r=g","contentUrl":"https:\/\/secure.gravatar.com\/avatar\/50865afb55632c4ae467e0af0930f6510aa2297d8014be502a55b14f3b7550cf?s=96&d=mm&r=g","caption":"Tar\u0131k"},"sameAs":["http:\/\/narteks.net"],"url":"https:\/\/narteks.net\/index.php\/author\/narbak\/"}]}},"_links":{"self":[{"href":"https:\/\/narteks.net\/index.php\/wp-json\/wp\/v2\/posts\/4810","targetHints":{"allow":["GET"]}}],"collection":[{"href":"https:\/\/narteks.net\/index.php\/wp-json\/wp\/v2\/posts"}],"about":[{"href":"https:\/\/narteks.net\/index.php\/wp-json\/wp\/v2\/types\/post"}],"author":[{"embeddable":true,"href":"https:\/\/narteks.net\/index.php\/wp-json\/wp\/v2\/users\/1"}],"replies":[{"embeddable":true,"href":"https:\/\/narteks.net\/index.php\/wp-json\/wp\/v2\/comments?post=4810"}],"version-history":[{"count":0,"href":"https:\/\/narteks.net\/index.php\/wp-json\/wp\/v2\/posts\/4810\/revisions"}],"wp:attachment":[{"href":"https:\/\/narteks.net\/index.php\/wp-json\/wp\/v2\/media?parent=4810"}],"wp:term":[{"taxonomy":"category","embeddable":true,"href":"https:\/\/narteks.net\/index.php\/wp-json\/wp\/v2\/categories?post=4810"},{"taxonomy":"post_tag","embeddable":true,"href":"https:\/\/narteks.net\/index.php\/wp-json\/wp\/v2\/tags?post=4810"}],"curies":[{"name":"wp","href":"https:\/\/api.w.org\/{rel}","templated":true}]}}