{"id":4811,"date":"2010-12-13T12:45:54","date_gmt":"2010-12-13T09:45:54","guid":{"rendered":"http:\/\/localhost\/wordpress\/2010\/12\/13\/gercek-elestiri-gercekligin-elestirisidir-ulus-baker\/"},"modified":"2010-12-13T12:45:54","modified_gmt":"2010-12-13T09:45:54","slug":"gercek-elestiri-gercekligin-elestirisidir-ulus-baker","status":"publish","type":"post","link":"https:\/\/narteks.net\/index.php\/2010\/12\/13\/gercek-elestiri-gercekligin-elestirisidir-ulus-baker\/","title":{"rendered":"Ger\u00e7ek Ele\u015ftiri Ger\u00e7ekli\u011fin Ele\u015ftirisidir | Ulus Baker"},"content":{"rendered":"<p style=\"text-align: justify;\"><img loading=\"lazy\" decoding=\"async\" src=\"http:\/\/4.bp.blogspot.com\/_BbgmNfxNnrQ\/Stovi36QbHI\/AAAAAAAAAGc\/COkhBd36M_g\/s400\/ulus-baker.png\" border=\"0\" width=\"155\" height=\"205\" style=\"float: left;\" \/>Senin hik\u00e2yen senin anlat\u0131n<\/p>\n<p>Tarih her \u015feyden \u00f6nce bir &#8220;anlat\u0131&#8221;d\u0131r. Marx, Kapital&#8217;in \u00f6ns\u00f6z\u00fcnde: &#8220;De te fabula narratur!&#8221; der. \u201cSenin hik\u00e2yeni anlat\u0131yorlar.\u201d Tarihin bir anlat\u0131 oldu\u011fu ger\u00e7e\u011fi, tam da Das Kapital&#8217;in birinci cildinin yaz\u0131nsal yap\u0131s\u0131nda belirir. Altba\u015fl\u0131k \u015f\u00f6yledir: &#8220;Ekonomi Politi\u011fin Bir Ele\u015ftirisi&#8221;<\/p>\n<p>Marx&#8217;\u0131n ironik dili uzun s\u00fcredir, kapitalist iktisadi ili\u015fkilerin tahlilinin, \u00f6nce en v\u00fclger tasar\u0131mlar\u0131ndan ba\u015flayarak, burjuva ekonomi politik &#8220;biliminin&#8221; gittik\u00e7e yo\u011funla\u015fan bir ele\u015ftiri etraf\u0131nda geli\u015fmesi gerekti\u011fini defalarca tekrarlam\u0131\u015ft\u0131.<\/p>\n<p><strong>\u0130lk kaynak<\/strong><\/p>\n<p>\u0130lk kaynak, tarihte her zaman ilk anlatand\u0131r. K\u00f6ken Heidegger&#8217;in istedi\u011fi gibi, Varl\u0131k ile Hakikat aras\u0131ndaki ilk ba\u011flant\u0131y\u0131 kuran Logos de\u011fil, Olu\u015f ile Logos, yani dil aras\u0131ndaki ilk ba\u011f\u0131 olu\u015fturan anlat\u0131d\u0131r. \u00d6yleyse tarihyaz\u0131m\u0131n\u0131n, tarih felsefesine ve onu ta\u015f\u0131yan &#8220;evrensel \u00f6zne&#8221; tasar\u0131m\u0131na bir \u00f6nceli\u011fi olmal\u0131d\u0131r. Marx&#8217;tan \u00f6nce tarih yoktur, \u00e7\u00fcnk\u00fc &#8220;senin hikayeni anlat\u0131yorlar&#8221; form\u00fcl\u00fc, tarihe yeni bir bak\u0131\u015f\u0131n, tarihe giri\u015f an\u0131n\u0131 olu\u015fturuyor. Althusser&#8217;in hat\u0131rlatt\u0131\u011f\u0131 gibi, e\u011fer fizi\u011fin k\u0131tas\u0131n\u0131 Galileo a\u00e7t\u0131ysa, tarihin k\u0131tas\u0131n\u0131 Marx a\u00e7\u0131yordu. Tarihi anlat\u0131\u015f bi\u00e7imi tarihi d\u00f6n\u00fc\u015ft\u00fcrebilir.<\/p>\n<p>Tarihsel maddecili\u011fin basit bir retorik ve \u00fcslup sorunu olmad\u0131\u011f\u0131n\u0131 anlamak i\u00e7in, Marx&#8217;\u0131n a\u00e7t\u0131\u011f\u0131 k\u0131tan\u0131n &#8220;gnoseolojik&#8221; topra\u011f\u0131nda tarihsel anlat\u0131lar\u0131n bir \u00e7at\u0131\u015fmas\u0131n\u0131n yer ald\u0131\u011f\u0131n\u0131 ve modern tarihimizin bundan ba\u015fka bir \u015fey olmad\u0131\u011f\u0131n\u0131 g\u00f6rmek gerekiyor.<\/p>\n<p><strong>Tesad\u00fcften korkmak<\/strong><\/p>\n<p>Marx&#8217;\u0131n, kapitalizmin do\u011fu\u015f s\u00fcre\u00e7lerine ili\u015fkin olarak alt\u0131n\u0131 \u00e7izdi\u011fi \u00e7ok \u00f6zel bir &#8220;tesad\u00fcf&#8221;, &#8220;topraktan ve t\u00fcm di\u011fer ba\u011flar\u0131ndan ba\u011f\u0131ms\u0131zla\u015fm\u0131\u015f \u00f6zg\u00fcr emek g\u00fcc\u00fc&#8221; ile &#8220;ticari sermaye&#8221; aras\u0131ndaki &#8220;kar\u015f\u0131la\u015fma&#8221; da kapitalizmin olu\u015fumu a\u00e7\u0131s\u0131ndan asla bir tesad\u00fcf de\u011fil, bir zorunluluktu. Marx&#8217;\u0131n kuram\u0131nda sol retorik i\u00e7in her zaman en zor anla\u015f\u0131l\u0131r ve karanl\u0131kta kalm\u0131\u015f bir kavramla\u015ft\u0131rma zincirinin halkalar\u0131ndan birini olu\u015fturan bu konu, t\u00fcm bir &#8220;iradecilik&#8221; temati\u011fine istenmese de olanak sa\u011flam\u0131\u015f gibidir. 19. y\u00fczy\u0131ldan beri sol k\u00fclt\u00fcr tesad\u00fcflerden korkmakta, onu bilimsel bir d\u00fcnya g\u00f6r\u00fc\u015f\u00fcne yak\u0131\u015ft\u0131ramamaktad\u0131r. Daha da \u00f6nemlisi, tesad\u00fcflerden faydalanmay\u0131 Bol\u015fevik devriminin d\u0131\u015f\u0131nda becerememektedir.<\/p>\n<p>B\u00f6ylece hareket ile kurumla\u015fma, sanki zorunlu bir &#8220;\u00f6rg\u00fctlenin&#8221; kategorik emperatifinin dayatmas\u0131 s\u00f6z konusuymu\u015f gibi, sol k\u00fclt\u00fcr\u00fcn tesad\u00fcflere kar\u015f\u0131 \u00e7\u0131kard\u0131\u011f\u0131 bir g\u00fc\u00e7ler birikimi haline gelmektedir. Bu y\u00fczden tesad\u00fcf\u00fcn olumlanmas\u0131n\u0131n b\u00fcy\u00fck d\u00fc\u015f\u00fcn\u00fcr\u00fc Nietzsche ile Marksizm aras\u0131nda herhangi bir ortak paydan\u0131n bir t\u00fcrl\u00fc bulunamamas\u0131, g\u00fcn\u00fcm\u00fczde yeni bir sorgulaman\u0131n konusu haline geldi. \u0130ki dil, birbiriyle ortak bir mekanda kar\u015f\u0131la\u015fmamak i\u00e7in \u00f6zel bir \u00e7aba sarf etmi\u015f gibidir sanki. Ayn\u0131 olgu, farkl\u0131 bi\u00e7imlerde Marx ile Proudhon, sonras\u0131nda da Marx ile Bakunin aras\u0131nda da s\u00f6z konusudur. Yine anlat\u0131 ve dil meselesinde d\u00fc\u011f\u00fcmleniyor i\u015f. Dillerin dola\u015f\u0131mlar\u0131 aras\u0131ndaki karakteristik kar\u015f\u0131la\u015fmalar\u0131n incelenmesi, herhangi bir yorumsama y\u00f6nteminden \u00e7ok daha g\u00fc\u00e7l\u00fc bir bi\u00e7imde bizi Mannheim&#8217;\u0131n \u00f6nerdi\u011fi bir diller sosyolojisine g\u00f6t\u00fcrebilir.<\/p>\n<p> <strong>Marx&#8217;\u0131n konumu<\/strong><\/p>\n<p>&#8220;De te fabula narratur&#8221; Marksizmin 19. y\u00fczy\u0131la ait bir tasar\u0131m oldu\u011fu y\u00f6n\u00fcnde ikinci bir uyar\u0131 yapar. Marx&#8217;\u0131n g\u00f6zlemledi\u011fi d\u00fcnya ile bug\u00fcn g\u00f6zlemledi\u011fimiz d\u00fcnya aras\u0131ndaki fark\u0131n dile getirilmesi bir t\u00fcr basmakal\u0131pl\u0131kt\u0131r. Ayn\u0131 sorunun bir Machiavelli ya da bir Rousseau i\u00e7in ortaya at\u0131lmamas\u0131 Marx&#8217;\u0131n konumunun gizli ve itiraf edilmemi\u015f bir ayr\u0131cal\u0131k ta\u015f\u0131d\u0131\u011f\u0131n\u0131 da g\u00f6steriyor.<\/p>\n<p>Belki Marx \u00e7a\u011f\u0131n\u0131 g\u00f6zlemlemi\u015f, yorumlam\u0131\u015f ve a\u00e7\u0131klamaya giri\u015fmi\u015ftir. Ama bunu bizim bug\u00fcn, kendi d\u00fcnyam\u0131z i\u00e7in ba\u015farabildi\u011fimiz varsay\u0131m\u0131 ne \u00f6l\u00e7\u00fcde ileri s\u00fcr\u00fclebilir. Marx&#8217;\u0131n s\u00f6yleyece\u011fi \u015fey elbette bizim \u00e7a\u011f\u0131m\u0131z\u0131 a\u00e7\u0131klamak de\u011fildir, onun \u00f6nemi, birinin kendi \u00e7a\u011f\u0131n\u0131 anlamak ve a\u00e7\u0131klamak i\u00e7in ne yapabilece\u011fini bize \u00f6\u011fretecek son sistematik d\u00fc\u015f\u00fcnceyi i\u00e7eriyor olmas\u0131nda yat\u0131yor.<\/p>\n<p><strong>Ger\u00e7ek ele\u015ftiri<\/strong><\/p>\n<p>Marx literat\u00fcr\u00fcn\u00fcn 20. y\u00fczy\u0131l akademik ya\u015fam\u0131nda (bunlara kiliseler denmesinde de bir sak\u0131nca yok) kar\u015f\u0131lanmas\u0131, kendi \u00f6zel tarihine ve sava\u015f meydan\u0131na sahiptir. Her durumda bu sava\u015f meydan\u0131nda Marx&#8217;\u0131n nihai olarak muzaffer \u00e7\u0131kt\u0131\u011f\u0131n\u0131 s\u00f6ylemenin olanaks\u0131zl\u0131\u011f\u0131, ekonomi politi\u011fin burjuvaca tasar\u0131m\u0131n\u0131n ve bizzat kapitalizmin ekonomi politi\u011finin kar\u015f\u0131s\u0131na dikilen bir 19. y\u00fczy\u0131l d\u00fc\u015f\u00fcncesinin de\u011fer kayb\u0131na u\u011frad\u0131\u011f\u0131 anlam\u0131na asla gelmiyor.<\/p>\n<p>Marx&#8217;\u0131n d\u00fc\u015f\u00fcncesi &#8220;ger\u00e7ek ele\u015ftiri&#8221;dir, \u00e7\u00fcnk\u00fc &#8220;ger\u00e7ekli\u011fin ele\u015ftirisi&#8221;dir. Frankfurt ekol\u00fcnden ba\u015flayarak g\u00fcn\u00fcm\u00fcze dek, s\u0131ras\u0131yla 68&#8217;li, anar\u015fist, feminist ve radikal ele\u015ftiri ku\u015faklar\u0131na yak\u0131\u015ft\u0131rma cesaretini kendimde bulmaktan geri kalmayaca\u011f\u0131m &#8220;zay\u0131f d\u00fc\u015f\u00fcnce&#8221; terimi ayn\u0131 zamanda &#8220;ger\u00e7ek ele\u015ftirinin&#8221; kat etti\u011fi toplumsal ve siyasal boyutlar\u0131 da ortaya \u00e7\u0131karmakta yard\u0131mc\u0131 olabilir.<\/p>\n<p>Zay\u0131f d\u00fc\u015f\u00fcncenin s\u0131rt\u0131na bindirilmi\u015f ele\u015ftiri, ya radikalizm, ya da ele\u015ftirel felsefenin yeni olanaklar\u0131 olarak sunulmaya devam ediliyor bug\u00fcnlerde. Kolayca, bir ele\u015ftiri \u00e7a\u011f\u0131nda ya\u015famakta oldu\u011fumuz iddia ediliyor: Dev, kurgusal ve ku\u015faklar\u0131 as\u0131rlard\u0131r pe\u015fis\u0131ra s\u00fcr\u00fckleyip g\u00f6t\u00fcrm\u00fc\u015f, bir bak\u0131ma tarihin pestilini \u00e7\u0131karm\u0131\u015f d\u00fc\u015f\u00fcnceler ve &#8220;meta anlat\u0131lar&#8221; \u00e7a\u011f\u0131n\u0131n kapand\u0131\u011f\u0131 (nedense Marksizm bu anlat\u0131lar\u0131n en belirgin \u00f6rne\u011fi olarak g\u00f6r\u00fcl\u00fcr hep), fark edilmeden kalan\u0131n, bir di\u011ferinden ve her birinden &#8220;farkl\u0131&#8221; olan\u0131n de\u011fer kazand\u0131\u011f\u0131, her \u00f6zel \u00f6zg\u00fcrl\u00fc\u011f\u00fcn kendi engelini, dolay\u0131s\u0131yla farkl\u0131 bi\u00e7imlenme ve yap\u0131lanma tarz\u0131n\u0131 buldu\u011fu s\u00f6yleniyor. Ele\u015ftirinin; toplumsal, k\u00fclt\u00fcrel, estetik, edebi her boyutta felsefeye bir kez daha \u015fans tan\u0131yacak tek d\u00fc\u015f\u00fcnsel buyruk, tek kelam tarz\u0131 oldu\u011fu s\u00f6yleniyor. Bu zay\u0131f d\u00fc\u015f\u00fcncenin \u00f6nerilmesidir. Zay\u0131f d\u00fc\u015f\u00fcnce k\u00fclt\u00fcr d\u00fcnyas\u0131n\u0131n tuza\u011f\u0131ndad\u0131r. Yolunu orada bulur, sald\u0131r\u0131 nesnelerini se\u00e7er.<\/p>\n<p>Marx&#8217;\u0131n &#8220;senin hikayeni anlat\u0131yorlar&#8221; s\u00f6z\u00fc, b\u00fct\u00fcnsel bir \u00fcst anlat\u0131n\u0131n yeniden devreye sokulmas\u0131n\u0131 ama\u00e7lam\u0131yor elbette. Hakikatin t\u00fcm\u00fc ku\u015fat\u0131lmasa bile, hep hakikati s\u00f6ylemenin m\u00fcmk\u00fcn oldu\u011funu en iyi Marx&#8217;\u0131n eserinden \u00f6\u011freniyoruz. Hi\u00e7 de\u011filse modern d\u00fcnyan\u0131n yetinebildi\u011fi, ama bu yetinmeyle kendi hakikat anlat\u0131s\u0131ndan gurur duyabildi\u011fi bir \u00f6zelli\u011fi, hakikati s\u00f6ylemeye atfedilen erdem de\u011ferinde bulabiliriz.<\/p>\n<p style=\"text-align: justify;\">Ger\u00e7ek Ele\u015ftiri Ger\u00e7ekli\u011fin Ele\u015ftirisidir<br \/> Ulus Baker<\/p>\n<p> ( Hayvan Dergisi , Cilt:7, Say\u0131: 45, Sayfa: 29\u201330)<\/p>\n","protected":false},"excerpt":{"rendered":"<p>Senin hik\u00e2yen senin anlat\u0131n Tarih her \u015feyden \u00f6nce bir &#8220;anlat\u0131&#8221;d\u0131r. Marx, Kapital&#8217;in \u00f6ns\u00f6z\u00fcnde: &#8220;De te fabula narratur!&#8221; der. \u201cSenin hik\u00e2yeni anlat\u0131yorlar.\u201d Tarihin bir anlat\u0131 oldu\u011fu ger\u00e7e\u011fi, tam da Das Kapital&#8217;in birinci cildinin yaz\u0131nsal yap\u0131s\u0131nda belirir. Altba\u015fl\u0131k \u015f\u00f6yledir: &#8220;Ekonomi Politi\u011fin Bir Ele\u015ftirisi&#8221; Marx&#8217;\u0131n ironik dili uzun s\u00fcredir, kapitalist iktisadi ili\u015fkilerin tahlilinin, \u00f6nce en v\u00fclger tasar\u0131mlar\u0131ndan ba\u015flayarak, [&hellip;]<\/p>\n","protected":false},"author":1,"featured_media":0,"comment_status":"open","ping_status":"open","sticky":false,"template":"","format":"standard","meta":{"footnotes":""},"categories":[103],"tags":[],"class_list":{"0":"post-4811","1":"post","2":"type-post","3":"status-publish","4":"format-standard","6":"category-felsefe-genel"},"yoast_head":"<!-- This site is optimized with the Yoast SEO Premium plugin v24.9 (Yoast SEO v24.9) - https:\/\/yoast.com\/wordpress\/plugins\/seo\/ -->\n<title>Ger\u00e7ek Ele\u015ftiri Ger\u00e7ekli\u011fin Ele\u015ftirisidir | Ulus Baker - narteks.net<\/title>\n<meta name=\"robots\" content=\"index, follow, max-snippet:-1, max-image-preview:large, max-video-preview:-1\" \/>\n<link rel=\"canonical\" href=\"https:\/\/narteks.net\/index.php\/2010\/12\/13\/gercek-elestiri-gercekligin-elestirisidir-ulus-baker\/\" \/>\n<meta property=\"og:locale\" content=\"tr_TR\" \/>\n<meta property=\"og:type\" content=\"article\" \/>\n<meta property=\"og:title\" content=\"Ger\u00e7ek Ele\u015ftiri Ger\u00e7ekli\u011fin Ele\u015ftirisidir | Ulus Baker\" \/>\n<meta property=\"og:description\" content=\"Senin hik\u00e2yen senin anlat\u0131n Tarih her \u015feyden \u00f6nce bir &#8220;anlat\u0131&#8221;d\u0131r. Marx, Kapital&#8217;in \u00f6ns\u00f6z\u00fcnde: &#8220;De te fabula narratur!&#8221; der. \u201cSenin hik\u00e2yeni anlat\u0131yorlar.\u201d Tarihin bir anlat\u0131 oldu\u011fu ger\u00e7e\u011fi, tam da Das Kapital&#8217;in birinci cildinin yaz\u0131nsal yap\u0131s\u0131nda belirir. Altba\u015fl\u0131k \u015f\u00f6yledir: &#8220;Ekonomi Politi\u011fin Bir Ele\u015ftirisi&#8221; Marx&#8217;\u0131n ironik dili uzun s\u00fcredir, kapitalist iktisadi ili\u015fkilerin tahlilinin, \u00f6nce en v\u00fclger tasar\u0131mlar\u0131ndan ba\u015flayarak, [&hellip;]\" \/>\n<meta property=\"og:url\" content=\"https:\/\/narteks.net\/index.php\/2010\/12\/13\/gercek-elestiri-gercekligin-elestirisidir-ulus-baker\/\" \/>\n<meta property=\"og:site_name\" content=\"narteks.net\" \/>\n<meta property=\"article:published_time\" content=\"2010-12-13T09:45:54+00:00\" \/>\n<meta property=\"og:image\" content=\"http:\/\/4.bp.blogspot.com\/_BbgmNfxNnrQ\/Stovi36QbHI\/AAAAAAAAAGc\/COkhBd36M_g\/s400\/ulus-baker.png\" \/>\n<meta name=\"author\" content=\"Tar\u0131k\" \/>\n<meta name=\"twitter:card\" content=\"summary_large_image\" \/>\n<meta name=\"twitter:creator\" content=\"@narteks\" \/>\n<meta name=\"twitter:site\" content=\"@narteks\" \/>\n<meta name=\"twitter:label1\" content=\"Yazan:\" \/>\n\t<meta name=\"twitter:data1\" content=\"Tar\u0131k\" \/>\n\t<meta name=\"twitter:label2\" content=\"Tahmini okuma s\u00fcresi\" \/>\n\t<meta name=\"twitter:data2\" content=\"6 dakika\" \/>\n<script type=\"application\/ld+json\" class=\"yoast-schema-graph\">{\"@context\":\"https:\/\/schema.org\",\"@graph\":[{\"@type\":\"Article\",\"@id\":\"https:\/\/narteks.net\/index.php\/2010\/12\/13\/gercek-elestiri-gercekligin-elestirisidir-ulus-baker\/#article\",\"isPartOf\":{\"@id\":\"https:\/\/narteks.net\/index.php\/2010\/12\/13\/gercek-elestiri-gercekligin-elestirisidir-ulus-baker\/\"},\"author\":{\"name\":\"Tar\u0131k\",\"@id\":\"https:\/\/narteks.net\/#\/schema\/person\/61f37d9834294b72d31d274e7ed79bca\"},\"headline\":\"Ger\u00e7ek Ele\u015ftiri Ger\u00e7ekli\u011fin Ele\u015ftirisidir | Ulus Baker\",\"datePublished\":\"2010-12-13T09:45:54+00:00\",\"mainEntityOfPage\":{\"@id\":\"https:\/\/narteks.net\/index.php\/2010\/12\/13\/gercek-elestiri-gercekligin-elestirisidir-ulus-baker\/\"},\"wordCount\":1166,\"commentCount\":0,\"publisher\":{\"@id\":\"https:\/\/narteks.net\/#organization\"},\"image\":{\"@id\":\"https:\/\/narteks.net\/index.php\/2010\/12\/13\/gercek-elestiri-gercekligin-elestirisidir-ulus-baker\/#primaryimage\"},\"thumbnailUrl\":\"http:\/\/4.bp.blogspot.com\/_BbgmNfxNnrQ\/Stovi36QbHI\/AAAAAAAAAGc\/COkhBd36M_g\/s400\/ulus-baker.png\",\"articleSection\":[\"Felsefe (Genel)\"],\"inLanguage\":\"tr\",\"potentialAction\":[{\"@type\":\"CommentAction\",\"name\":\"Comment\",\"target\":[\"https:\/\/narteks.net\/index.php\/2010\/12\/13\/gercek-elestiri-gercekligin-elestirisidir-ulus-baker\/#respond\"]}]},{\"@type\":\"WebPage\",\"@id\":\"https:\/\/narteks.net\/index.php\/2010\/12\/13\/gercek-elestiri-gercekligin-elestirisidir-ulus-baker\/\",\"url\":\"https:\/\/narteks.net\/index.php\/2010\/12\/13\/gercek-elestiri-gercekligin-elestirisidir-ulus-baker\/\",\"name\":\"Ger\u00e7ek Ele\u015ftiri Ger\u00e7ekli\u011fin Ele\u015ftirisidir | Ulus Baker - narteks.net\",\"isPartOf\":{\"@id\":\"https:\/\/narteks.net\/#website\"},\"primaryImageOfPage\":{\"@id\":\"https:\/\/narteks.net\/index.php\/2010\/12\/13\/gercek-elestiri-gercekligin-elestirisidir-ulus-baker\/#primaryimage\"},\"image\":{\"@id\":\"https:\/\/narteks.net\/index.php\/2010\/12\/13\/gercek-elestiri-gercekligin-elestirisidir-ulus-baker\/#primaryimage\"},\"thumbnailUrl\":\"http:\/\/4.bp.blogspot.com\/_BbgmNfxNnrQ\/Stovi36QbHI\/AAAAAAAAAGc\/COkhBd36M_g\/s400\/ulus-baker.png\",\"datePublished\":\"2010-12-13T09:45:54+00:00\",\"breadcrumb\":{\"@id\":\"https:\/\/narteks.net\/index.php\/2010\/12\/13\/gercek-elestiri-gercekligin-elestirisidir-ulus-baker\/#breadcrumb\"},\"inLanguage\":\"tr\",\"potentialAction\":[{\"@type\":\"ReadAction\",\"target\":[\"https:\/\/narteks.net\/index.php\/2010\/12\/13\/gercek-elestiri-gercekligin-elestirisidir-ulus-baker\/\"]}]},{\"@type\":\"ImageObject\",\"inLanguage\":\"tr\",\"@id\":\"https:\/\/narteks.net\/index.php\/2010\/12\/13\/gercek-elestiri-gercekligin-elestirisidir-ulus-baker\/#primaryimage\",\"url\":\"http:\/\/4.bp.blogspot.com\/_BbgmNfxNnrQ\/Stovi36QbHI\/AAAAAAAAAGc\/COkhBd36M_g\/s400\/ulus-baker.png\",\"contentUrl\":\"http:\/\/4.bp.blogspot.com\/_BbgmNfxNnrQ\/Stovi36QbHI\/AAAAAAAAAGc\/COkhBd36M_g\/s400\/ulus-baker.png\"},{\"@type\":\"BreadcrumbList\",\"@id\":\"https:\/\/narteks.net\/index.php\/2010\/12\/13\/gercek-elestiri-gercekligin-elestirisidir-ulus-baker\/#breadcrumb\",\"itemListElement\":[{\"@type\":\"ListItem\",\"position\":1,\"name\":\"Anasayfa\",\"item\":\"https:\/\/narteks.net\/\"},{\"@type\":\"ListItem\",\"position\":2,\"name\":\"Ger\u00e7ek Ele\u015ftiri Ger\u00e7ekli\u011fin Ele\u015ftirisidir | Ulus Baker\"}]},{\"@type\":\"WebSite\",\"@id\":\"https:\/\/narteks.net\/#website\",\"url\":\"https:\/\/narteks.net\/\",\"name\":\"narteks.net\",\"description\":\"K\u00fclt\u00fcr Sanat Edebiyat Felsefe\",\"publisher\":{\"@id\":\"https:\/\/narteks.net\/#organization\"},\"alternateName\":\"K\u00fclt\u00fcr Sanat Edebiyat Felsefe\",\"potentialAction\":[{\"@type\":\"SearchAction\",\"target\":{\"@type\":\"EntryPoint\",\"urlTemplate\":\"https:\/\/narteks.net\/?s={search_term_string}\"},\"query-input\":{\"@type\":\"PropertyValueSpecification\",\"valueRequired\":true,\"valueName\":\"search_term_string\"}}],\"inLanguage\":\"tr\"},{\"@type\":\"Organization\",\"@id\":\"https:\/\/narteks.net\/#organization\",\"name\":\"narteks.net\",\"url\":\"https:\/\/narteks.net\/\",\"logo\":{\"@type\":\"ImageObject\",\"inLanguage\":\"tr\",\"@id\":\"https:\/\/narteks.net\/#\/schema\/logo\/image\/\",\"url\":\"https:\/\/narteks.net\/wp-content\/uploads\/narteks.png\",\"contentUrl\":\"https:\/\/narteks.net\/wp-content\/uploads\/narteks.png\",\"width\":300,\"height\":90,\"caption\":\"narteks.net\"},\"image\":{\"@id\":\"https:\/\/narteks.net\/#\/schema\/logo\/image\/\"},\"sameAs\":[\"https:\/\/x.com\/narteks\",\"https:\/\/instagram.com\/narteksnet\"]},{\"@type\":\"Person\",\"@id\":\"https:\/\/narteks.net\/#\/schema\/person\/61f37d9834294b72d31d274e7ed79bca\",\"name\":\"Tar\u0131k\",\"image\":{\"@type\":\"ImageObject\",\"inLanguage\":\"tr\",\"@id\":\"https:\/\/narteks.net\/#\/schema\/person\/image\/\",\"url\":\"https:\/\/secure.gravatar.com\/avatar\/50865afb55632c4ae467e0af0930f6510aa2297d8014be502a55b14f3b7550cf?s=96&d=mm&r=g\",\"contentUrl\":\"https:\/\/secure.gravatar.com\/avatar\/50865afb55632c4ae467e0af0930f6510aa2297d8014be502a55b14f3b7550cf?s=96&d=mm&r=g\",\"caption\":\"Tar\u0131k\"},\"sameAs\":[\"http:\/\/narteks.net\"],\"url\":\"https:\/\/narteks.net\/index.php\/author\/narbak\/\"}]}<\/script>\n<!-- \/ Yoast SEO Premium plugin. -->","yoast_head_json":{"title":"Ger\u00e7ek Ele\u015ftiri Ger\u00e7ekli\u011fin Ele\u015ftirisidir | Ulus Baker - narteks.net","robots":{"index":"index","follow":"follow","max-snippet":"max-snippet:-1","max-image-preview":"max-image-preview:large","max-video-preview":"max-video-preview:-1"},"canonical":"https:\/\/narteks.net\/index.php\/2010\/12\/13\/gercek-elestiri-gercekligin-elestirisidir-ulus-baker\/","og_locale":"tr_TR","og_type":"article","og_title":"Ger\u00e7ek Ele\u015ftiri Ger\u00e7ekli\u011fin Ele\u015ftirisidir | Ulus Baker","og_description":"Senin hik\u00e2yen senin anlat\u0131n Tarih her \u015feyden \u00f6nce bir &#8220;anlat\u0131&#8221;d\u0131r. Marx, Kapital&#8217;in \u00f6ns\u00f6z\u00fcnde: &#8220;De te fabula narratur!&#8221; der. \u201cSenin hik\u00e2yeni anlat\u0131yorlar.\u201d Tarihin bir anlat\u0131 oldu\u011fu ger\u00e7e\u011fi, tam da Das Kapital&#8217;in birinci cildinin yaz\u0131nsal yap\u0131s\u0131nda belirir. Altba\u015fl\u0131k \u015f\u00f6yledir: &#8220;Ekonomi Politi\u011fin Bir Ele\u015ftirisi&#8221; Marx&#8217;\u0131n ironik dili uzun s\u00fcredir, kapitalist iktisadi ili\u015fkilerin tahlilinin, \u00f6nce en v\u00fclger tasar\u0131mlar\u0131ndan ba\u015flayarak, [&hellip;]","og_url":"https:\/\/narteks.net\/index.php\/2010\/12\/13\/gercek-elestiri-gercekligin-elestirisidir-ulus-baker\/","og_site_name":"narteks.net","article_published_time":"2010-12-13T09:45:54+00:00","og_image":[{"url":"http:\/\/4.bp.blogspot.com\/_BbgmNfxNnrQ\/Stovi36QbHI\/AAAAAAAAAGc\/COkhBd36M_g\/s400\/ulus-baker.png","type":"","width":"","height":""}],"author":"Tar\u0131k","twitter_card":"summary_large_image","twitter_creator":"@narteks","twitter_site":"@narteks","twitter_misc":{"Yazan:":"Tar\u0131k","Tahmini okuma s\u00fcresi":"6 dakika"},"schema":{"@context":"https:\/\/schema.org","@graph":[{"@type":"Article","@id":"https:\/\/narteks.net\/index.php\/2010\/12\/13\/gercek-elestiri-gercekligin-elestirisidir-ulus-baker\/#article","isPartOf":{"@id":"https:\/\/narteks.net\/index.php\/2010\/12\/13\/gercek-elestiri-gercekligin-elestirisidir-ulus-baker\/"},"author":{"name":"Tar\u0131k","@id":"https:\/\/narteks.net\/#\/schema\/person\/61f37d9834294b72d31d274e7ed79bca"},"headline":"Ger\u00e7ek Ele\u015ftiri Ger\u00e7ekli\u011fin Ele\u015ftirisidir | Ulus Baker","datePublished":"2010-12-13T09:45:54+00:00","mainEntityOfPage":{"@id":"https:\/\/narteks.net\/index.php\/2010\/12\/13\/gercek-elestiri-gercekligin-elestirisidir-ulus-baker\/"},"wordCount":1166,"commentCount":0,"publisher":{"@id":"https:\/\/narteks.net\/#organization"},"image":{"@id":"https:\/\/narteks.net\/index.php\/2010\/12\/13\/gercek-elestiri-gercekligin-elestirisidir-ulus-baker\/#primaryimage"},"thumbnailUrl":"http:\/\/4.bp.blogspot.com\/_BbgmNfxNnrQ\/Stovi36QbHI\/AAAAAAAAAGc\/COkhBd36M_g\/s400\/ulus-baker.png","articleSection":["Felsefe (Genel)"],"inLanguage":"tr","potentialAction":[{"@type":"CommentAction","name":"Comment","target":["https:\/\/narteks.net\/index.php\/2010\/12\/13\/gercek-elestiri-gercekligin-elestirisidir-ulus-baker\/#respond"]}]},{"@type":"WebPage","@id":"https:\/\/narteks.net\/index.php\/2010\/12\/13\/gercek-elestiri-gercekligin-elestirisidir-ulus-baker\/","url":"https:\/\/narteks.net\/index.php\/2010\/12\/13\/gercek-elestiri-gercekligin-elestirisidir-ulus-baker\/","name":"Ger\u00e7ek Ele\u015ftiri Ger\u00e7ekli\u011fin Ele\u015ftirisidir | Ulus Baker - narteks.net","isPartOf":{"@id":"https:\/\/narteks.net\/#website"},"primaryImageOfPage":{"@id":"https:\/\/narteks.net\/index.php\/2010\/12\/13\/gercek-elestiri-gercekligin-elestirisidir-ulus-baker\/#primaryimage"},"image":{"@id":"https:\/\/narteks.net\/index.php\/2010\/12\/13\/gercek-elestiri-gercekligin-elestirisidir-ulus-baker\/#primaryimage"},"thumbnailUrl":"http:\/\/4.bp.blogspot.com\/_BbgmNfxNnrQ\/Stovi36QbHI\/AAAAAAAAAGc\/COkhBd36M_g\/s400\/ulus-baker.png","datePublished":"2010-12-13T09:45:54+00:00","breadcrumb":{"@id":"https:\/\/narteks.net\/index.php\/2010\/12\/13\/gercek-elestiri-gercekligin-elestirisidir-ulus-baker\/#breadcrumb"},"inLanguage":"tr","potentialAction":[{"@type":"ReadAction","target":["https:\/\/narteks.net\/index.php\/2010\/12\/13\/gercek-elestiri-gercekligin-elestirisidir-ulus-baker\/"]}]},{"@type":"ImageObject","inLanguage":"tr","@id":"https:\/\/narteks.net\/index.php\/2010\/12\/13\/gercek-elestiri-gercekligin-elestirisidir-ulus-baker\/#primaryimage","url":"http:\/\/4.bp.blogspot.com\/_BbgmNfxNnrQ\/Stovi36QbHI\/AAAAAAAAAGc\/COkhBd36M_g\/s400\/ulus-baker.png","contentUrl":"http:\/\/4.bp.blogspot.com\/_BbgmNfxNnrQ\/Stovi36QbHI\/AAAAAAAAAGc\/COkhBd36M_g\/s400\/ulus-baker.png"},{"@type":"BreadcrumbList","@id":"https:\/\/narteks.net\/index.php\/2010\/12\/13\/gercek-elestiri-gercekligin-elestirisidir-ulus-baker\/#breadcrumb","itemListElement":[{"@type":"ListItem","position":1,"name":"Anasayfa","item":"https:\/\/narteks.net\/"},{"@type":"ListItem","position":2,"name":"Ger\u00e7ek Ele\u015ftiri Ger\u00e7ekli\u011fin Ele\u015ftirisidir | Ulus Baker"}]},{"@type":"WebSite","@id":"https:\/\/narteks.net\/#website","url":"https:\/\/narteks.net\/","name":"narteks.net","description":"K\u00fclt\u00fcr Sanat Edebiyat Felsefe","publisher":{"@id":"https:\/\/narteks.net\/#organization"},"alternateName":"K\u00fclt\u00fcr Sanat Edebiyat Felsefe","potentialAction":[{"@type":"SearchAction","target":{"@type":"EntryPoint","urlTemplate":"https:\/\/narteks.net\/?s={search_term_string}"},"query-input":{"@type":"PropertyValueSpecification","valueRequired":true,"valueName":"search_term_string"}}],"inLanguage":"tr"},{"@type":"Organization","@id":"https:\/\/narteks.net\/#organization","name":"narteks.net","url":"https:\/\/narteks.net\/","logo":{"@type":"ImageObject","inLanguage":"tr","@id":"https:\/\/narteks.net\/#\/schema\/logo\/image\/","url":"https:\/\/narteks.net\/wp-content\/uploads\/narteks.png","contentUrl":"https:\/\/narteks.net\/wp-content\/uploads\/narteks.png","width":300,"height":90,"caption":"narteks.net"},"image":{"@id":"https:\/\/narteks.net\/#\/schema\/logo\/image\/"},"sameAs":["https:\/\/x.com\/narteks","https:\/\/instagram.com\/narteksnet"]},{"@type":"Person","@id":"https:\/\/narteks.net\/#\/schema\/person\/61f37d9834294b72d31d274e7ed79bca","name":"Tar\u0131k","image":{"@type":"ImageObject","inLanguage":"tr","@id":"https:\/\/narteks.net\/#\/schema\/person\/image\/","url":"https:\/\/secure.gravatar.com\/avatar\/50865afb55632c4ae467e0af0930f6510aa2297d8014be502a55b14f3b7550cf?s=96&d=mm&r=g","contentUrl":"https:\/\/secure.gravatar.com\/avatar\/50865afb55632c4ae467e0af0930f6510aa2297d8014be502a55b14f3b7550cf?s=96&d=mm&r=g","caption":"Tar\u0131k"},"sameAs":["http:\/\/narteks.net"],"url":"https:\/\/narteks.net\/index.php\/author\/narbak\/"}]}},"_links":{"self":[{"href":"https:\/\/narteks.net\/index.php\/wp-json\/wp\/v2\/posts\/4811","targetHints":{"allow":["GET"]}}],"collection":[{"href":"https:\/\/narteks.net\/index.php\/wp-json\/wp\/v2\/posts"}],"about":[{"href":"https:\/\/narteks.net\/index.php\/wp-json\/wp\/v2\/types\/post"}],"author":[{"embeddable":true,"href":"https:\/\/narteks.net\/index.php\/wp-json\/wp\/v2\/users\/1"}],"replies":[{"embeddable":true,"href":"https:\/\/narteks.net\/index.php\/wp-json\/wp\/v2\/comments?post=4811"}],"version-history":[{"count":0,"href":"https:\/\/narteks.net\/index.php\/wp-json\/wp\/v2\/posts\/4811\/revisions"}],"wp:attachment":[{"href":"https:\/\/narteks.net\/index.php\/wp-json\/wp\/v2\/media?parent=4811"}],"wp:term":[{"taxonomy":"category","embeddable":true,"href":"https:\/\/narteks.net\/index.php\/wp-json\/wp\/v2\/categories?post=4811"},{"taxonomy":"post_tag","embeddable":true,"href":"https:\/\/narteks.net\/index.php\/wp-json\/wp\/v2\/tags?post=4811"}],"curies":[{"name":"wp","href":"https:\/\/api.w.org\/{rel}","templated":true}]}}