{"id":482,"date":"2009-04-12T12:49:28","date_gmt":"2009-04-12T09:49:28","guid":{"rendered":"http:\/\/localhost\/wordpress\/2009\/04\/12\/aysel-git-basimdan\/"},"modified":"2009-04-12T12:49:28","modified_gmt":"2009-04-12T09:49:28","slug":"aysel-git-basimdan","status":"publish","type":"post","link":"https:\/\/narteks.net\/index.php\/2009\/04\/12\/aysel-git-basimdan\/","title":{"rendered":"AYSEL G\u0130T BA\u015eIMDAN"},"content":{"rendered":"<p>\u00a0<\/p>\n<p>Aysel git ba\u015f\u0131mdan ben sana g\u00f6re de\u011filim <br \/> \u00d6l\u00fcm\u00fcm birden olacak seziyorum. <br \/> Hem k\u00f6t\u00fcy\u00fcm karanl\u0131\u011f\u0131m biraz \u00e7irkinim <br \/> Aysel git ba\u015f\u0131mdan istemiyorum. <\/p>\n<p> Benim ya\u011fmurumda gezinemezsin \u00fc\u015f\u00fcrs\u00fcn <br \/> Da\u011f\u0131t\u0131r gecelerim sar\u0131\u015f\u0131nl\u0131\u011f\u0131n\u0131 <br \/> Uykular\u0131m\u0131 uyusan nas\u0131l korkars\u0131n, <br \/> hi\u00e7bir dakikam\u0131 ya\u015fayamazs\u0131n. <br \/> Aysel git ba\u015f\u0131mdan ben sana g\u00f6re de\u011filim. <br \/> Benim i\u00e7in kirletme ayd\u0131nl\u0131\u011f\u0131n\u0131, <br \/> hem k\u00f6t\u00fcy\u00fcm karanl\u0131\u011f\u0131m biraz \u00e7irkinim <\/p>\n<p> Isl\u0131\u011f\u0131m\u0131 denesen hemen d\u00fc\u015f\u00fcr\u00fcrs\u00fcn, <br \/> g\u00f6zlerim h\u0131zland\u0131r\u0131r tenhal\u0131\u011f\u0131n\u0131 <br \/> Yanl\u0131\u015f \u015fehirlere g\u00f6t\u00fcr\u00fcr trenlerim. <br \/> Ya \u00f6lmek ustal\u0131\u011f\u0131n\u0131 kazan\u0131rs\u0131n, <br \/> ya korku biriktirmek yetisini. <br \/> Ac\u0131lar\u0131m iyice bol gelir sana, <br \/> sevincim bir t\u00fcrl\u00fc tutmaz sevincini. <br \/> Aysel git ba\u015f\u0131mdan ben sana g\u00f6re de\u011filim. <br \/> \u00dcmitsizli\u011fimi olsun anlasana <br \/> hem k\u00f6t\u00fcy\u00fcm, karanl\u0131\u011f\u0131m biraz, \u00e7irkinim. <\/p>\n<p> Sevindi\u011fim anda sen \u00fcz\u00fcl\u00fcrs\u00fcn. <br \/> Sonbahar u\u011fultusu duymam\u0131\u015fs\u0131n ki <br \/> i\u00e7inden bir gemi kalk\u0131p gitmemi\u015f, <br \/> uzak yaln\u0131zl\u0131k limanlar\u0131na. <br \/> Ayk\u0131r\u0131 bir yolcuyum d\u00fcnya geni\u015f, <br \/> B\u00fcy\u00fck bir kulak \u00e7\u0131nl\u0131yor i\u00e7imdeki. <br \/> \u00c7etrefil yolculu\u011fum kesinle\u015fmi\u015f. <br \/> Sak\u0131n ba\u015fka bir \u015fey getirme akl\u0131na. <br \/> Aysel git ba\u015f\u0131mdan ben sana g\u00f6re de\u011filim, <br \/> \u00f6l\u00fcm\u00fcm birden olacak seziyorum, <br \/> hem k\u00f6t\u00fcy\u00fcm, karanl\u0131\u011f\u0131m biraz, \u00e7irkinim. <br \/> Aysel git ba\u015f\u0131mdan seni seviyorum&#8230;<\/p>\n<p>Attila \u0130LHAN<\/p>\n","protected":false},"excerpt":{"rendered":"<p>\u00a0 Aysel git ba\u015f\u0131mdan ben sana g\u00f6re de\u011filim \u00d6l\u00fcm\u00fcm birden olacak seziyorum. Hem k\u00f6t\u00fcy\u00fcm karanl\u0131\u011f\u0131m biraz \u00e7irkinim Aysel git ba\u015f\u0131mdan istemiyorum. Benim ya\u011fmurumda gezinemezsin \u00fc\u015f\u00fcrs\u00fcn Da\u011f\u0131t\u0131r gecelerim sar\u0131\u015f\u0131nl\u0131\u011f\u0131n\u0131 Uykular\u0131m\u0131 uyusan nas\u0131l korkars\u0131n, hi\u00e7bir dakikam\u0131 ya\u015fayamazs\u0131n. Aysel git ba\u015f\u0131mdan ben sana g\u00f6re de\u011filim. Benim i\u00e7in kirletme ayd\u0131nl\u0131\u011f\u0131n\u0131, hem k\u00f6t\u00fcy\u00fcm karanl\u0131\u011f\u0131m biraz \u00e7irkinim Isl\u0131\u011f\u0131m\u0131 denesen hemen d\u00fc\u015f\u00fcr\u00fcrs\u00fcn, [&hellip;]<\/p>\n","protected":false},"author":1,"featured_media":0,"comment_status":"open","ping_status":"open","sticky":false,"template":"","format":"standard","meta":{"footnotes":""},"categories":[11],"tags":[],"class_list":{"0":"post-482","1":"post","2":"type-post","3":"status-publish","4":"format-standard","6":"category-attila-ilhan"},"yoast_head":"<!-- This site is optimized with the Yoast SEO Premium plugin v24.9 (Yoast SEO v24.9) - https:\/\/yoast.com\/wordpress\/plugins\/seo\/ -->\n<title>AYSEL G\u0130T BA\u015eIMDAN - narteks.net<\/title>\n<meta name=\"robots\" content=\"index, follow, max-snippet:-1, max-image-preview:large, max-video-preview:-1\" \/>\n<link rel=\"canonical\" href=\"https:\/\/narteks.net\/index.php\/2009\/04\/12\/aysel-git-basimdan\/\" \/>\n<meta property=\"og:locale\" content=\"tr_TR\" \/>\n<meta property=\"og:type\" content=\"article\" \/>\n<meta property=\"og:title\" content=\"AYSEL G\u0130T BA\u015eIMDAN\" \/>\n<meta property=\"og:description\" content=\"\u00a0 Aysel git ba\u015f\u0131mdan ben sana g\u00f6re de\u011filim \u00d6l\u00fcm\u00fcm birden olacak seziyorum. Hem k\u00f6t\u00fcy\u00fcm karanl\u0131\u011f\u0131m biraz \u00e7irkinim Aysel git ba\u015f\u0131mdan istemiyorum. Benim ya\u011fmurumda gezinemezsin \u00fc\u015f\u00fcrs\u00fcn Da\u011f\u0131t\u0131r gecelerim sar\u0131\u015f\u0131nl\u0131\u011f\u0131n\u0131 Uykular\u0131m\u0131 uyusan nas\u0131l korkars\u0131n, hi\u00e7bir dakikam\u0131 ya\u015fayamazs\u0131n. Aysel git ba\u015f\u0131mdan ben sana g\u00f6re de\u011filim. Benim i\u00e7in kirletme ayd\u0131nl\u0131\u011f\u0131n\u0131, hem k\u00f6t\u00fcy\u00fcm karanl\u0131\u011f\u0131m biraz \u00e7irkinim Isl\u0131\u011f\u0131m\u0131 denesen hemen d\u00fc\u015f\u00fcr\u00fcrs\u00fcn, [&hellip;]\" \/>\n<meta property=\"og:url\" content=\"https:\/\/narteks.net\/index.php\/2009\/04\/12\/aysel-git-basimdan\/\" \/>\n<meta property=\"og:site_name\" content=\"narteks.net\" \/>\n<meta property=\"article:published_time\" content=\"2009-04-12T09:49:28+00:00\" \/>\n<meta property=\"og:image\" content=\"https:\/\/narteks.net\/wp-content\/uploads\/narteks.png\" \/>\n\t<meta property=\"og:image:width\" content=\"300\" \/>\n\t<meta property=\"og:image:height\" content=\"90\" \/>\n\t<meta property=\"og:image:type\" content=\"image\/png\" \/>\n<meta name=\"author\" content=\"Tar\u0131k\" \/>\n<meta name=\"twitter:card\" content=\"summary_large_image\" \/>\n<meta name=\"twitter:creator\" content=\"@narteks\" \/>\n<meta name=\"twitter:site\" content=\"@narteks\" \/>\n<meta name=\"twitter:label1\" content=\"Yazan:\" \/>\n\t<meta name=\"twitter:data1\" content=\"Tar\u0131k\" \/>\n\t<meta name=\"twitter:label2\" content=\"Tahmini okuma s\u00fcresi\" \/>\n\t<meta name=\"twitter:data2\" content=\"1 dakika\" \/>\n<script type=\"application\/ld+json\" class=\"yoast-schema-graph\">{\"@context\":\"https:\/\/schema.org\",\"@graph\":[{\"@type\":\"Article\",\"@id\":\"https:\/\/narteks.net\/index.php\/2009\/04\/12\/aysel-git-basimdan\/#article\",\"isPartOf\":{\"@id\":\"https:\/\/narteks.net\/index.php\/2009\/04\/12\/aysel-git-basimdan\/\"},\"author\":{\"name\":\"Tar\u0131k\",\"@id\":\"https:\/\/narteks.net\/#\/schema\/person\/61f37d9834294b72d31d274e7ed79bca\"},\"headline\":\"AYSEL G\u0130T BA\u015eIMDAN\",\"datePublished\":\"2009-04-12T09:49:28+00:00\",\"mainEntityOfPage\":{\"@id\":\"https:\/\/narteks.net\/index.php\/2009\/04\/12\/aysel-git-basimdan\/\"},\"wordCount\":248,\"commentCount\":0,\"publisher\":{\"@id\":\"https:\/\/narteks.net\/#organization\"},\"articleSection\":[\"Attila ILHAN\"],\"inLanguage\":\"tr\",\"potentialAction\":[{\"@type\":\"CommentAction\",\"name\":\"Comment\",\"target\":[\"https:\/\/narteks.net\/index.php\/2009\/04\/12\/aysel-git-basimdan\/#respond\"]}]},{\"@type\":\"WebPage\",\"@id\":\"https:\/\/narteks.net\/index.php\/2009\/04\/12\/aysel-git-basimdan\/\",\"url\":\"https:\/\/narteks.net\/index.php\/2009\/04\/12\/aysel-git-basimdan\/\",\"name\":\"AYSEL G\u0130T BA\u015eIMDAN - narteks.net\",\"isPartOf\":{\"@id\":\"https:\/\/narteks.net\/#website\"},\"datePublished\":\"2009-04-12T09:49:28+00:00\",\"breadcrumb\":{\"@id\":\"https:\/\/narteks.net\/index.php\/2009\/04\/12\/aysel-git-basimdan\/#breadcrumb\"},\"inLanguage\":\"tr\",\"potentialAction\":[{\"@type\":\"ReadAction\",\"target\":[\"https:\/\/narteks.net\/index.php\/2009\/04\/12\/aysel-git-basimdan\/\"]}]},{\"@type\":\"BreadcrumbList\",\"@id\":\"https:\/\/narteks.net\/index.php\/2009\/04\/12\/aysel-git-basimdan\/#breadcrumb\",\"itemListElement\":[{\"@type\":\"ListItem\",\"position\":1,\"name\":\"Anasayfa\",\"item\":\"https:\/\/narteks.net\/\"},{\"@type\":\"ListItem\",\"position\":2,\"name\":\"AYSEL G\u0130T BA\u015eIMDAN\"}]},{\"@type\":\"WebSite\",\"@id\":\"https:\/\/narteks.net\/#website\",\"url\":\"https:\/\/narteks.net\/\",\"name\":\"narteks.net\",\"description\":\"K\u00fclt\u00fcr Sanat Edebiyat Felsefe\",\"publisher\":{\"@id\":\"https:\/\/narteks.net\/#organization\"},\"alternateName\":\"K\u00fclt\u00fcr Sanat Edebiyat Felsefe\",\"potentialAction\":[{\"@type\":\"SearchAction\",\"target\":{\"@type\":\"EntryPoint\",\"urlTemplate\":\"https:\/\/narteks.net\/?s={search_term_string}\"},\"query-input\":{\"@type\":\"PropertyValueSpecification\",\"valueRequired\":true,\"valueName\":\"search_term_string\"}}],\"inLanguage\":\"tr\"},{\"@type\":\"Organization\",\"@id\":\"https:\/\/narteks.net\/#organization\",\"name\":\"narteks.net\",\"url\":\"https:\/\/narteks.net\/\",\"logo\":{\"@type\":\"ImageObject\",\"inLanguage\":\"tr\",\"@id\":\"https:\/\/narteks.net\/#\/schema\/logo\/image\/\",\"url\":\"https:\/\/narteks.net\/wp-content\/uploads\/narteks.png\",\"contentUrl\":\"https:\/\/narteks.net\/wp-content\/uploads\/narteks.png\",\"width\":300,\"height\":90,\"caption\":\"narteks.net\"},\"image\":{\"@id\":\"https:\/\/narteks.net\/#\/schema\/logo\/image\/\"},\"sameAs\":[\"https:\/\/x.com\/narteks\",\"https:\/\/instagram.com\/narteksnet\"]},{\"@type\":\"Person\",\"@id\":\"https:\/\/narteks.net\/#\/schema\/person\/61f37d9834294b72d31d274e7ed79bca\",\"name\":\"Tar\u0131k\",\"image\":{\"@type\":\"ImageObject\",\"inLanguage\":\"tr\",\"@id\":\"https:\/\/narteks.net\/#\/schema\/person\/image\/\",\"url\":\"https:\/\/secure.gravatar.com\/avatar\/50865afb55632c4ae467e0af0930f6510aa2297d8014be502a55b14f3b7550cf?s=96&d=mm&r=g\",\"contentUrl\":\"https:\/\/secure.gravatar.com\/avatar\/50865afb55632c4ae467e0af0930f6510aa2297d8014be502a55b14f3b7550cf?s=96&d=mm&r=g\",\"caption\":\"Tar\u0131k\"},\"sameAs\":[\"http:\/\/narteks.net\"],\"url\":\"https:\/\/narteks.net\/index.php\/author\/narbak\/\"}]}<\/script>\n<!-- \/ Yoast SEO Premium plugin. -->","yoast_head_json":{"title":"AYSEL G\u0130T BA\u015eIMDAN - narteks.net","robots":{"index":"index","follow":"follow","max-snippet":"max-snippet:-1","max-image-preview":"max-image-preview:large","max-video-preview":"max-video-preview:-1"},"canonical":"https:\/\/narteks.net\/index.php\/2009\/04\/12\/aysel-git-basimdan\/","og_locale":"tr_TR","og_type":"article","og_title":"AYSEL G\u0130T BA\u015eIMDAN","og_description":"\u00a0 Aysel git ba\u015f\u0131mdan ben sana g\u00f6re de\u011filim \u00d6l\u00fcm\u00fcm birden olacak seziyorum. Hem k\u00f6t\u00fcy\u00fcm karanl\u0131\u011f\u0131m biraz \u00e7irkinim Aysel git ba\u015f\u0131mdan istemiyorum. Benim ya\u011fmurumda gezinemezsin \u00fc\u015f\u00fcrs\u00fcn Da\u011f\u0131t\u0131r gecelerim sar\u0131\u015f\u0131nl\u0131\u011f\u0131n\u0131 Uykular\u0131m\u0131 uyusan nas\u0131l korkars\u0131n, hi\u00e7bir dakikam\u0131 ya\u015fayamazs\u0131n. Aysel git ba\u015f\u0131mdan ben sana g\u00f6re de\u011filim. Benim i\u00e7in kirletme ayd\u0131nl\u0131\u011f\u0131n\u0131, hem k\u00f6t\u00fcy\u00fcm karanl\u0131\u011f\u0131m biraz \u00e7irkinim Isl\u0131\u011f\u0131m\u0131 denesen hemen d\u00fc\u015f\u00fcr\u00fcrs\u00fcn, [&hellip;]","og_url":"https:\/\/narteks.net\/index.php\/2009\/04\/12\/aysel-git-basimdan\/","og_site_name":"narteks.net","article_published_time":"2009-04-12T09:49:28+00:00","og_image":[{"width":300,"height":90,"url":"https:\/\/narteks.net\/wp-content\/uploads\/narteks.png","type":"image\/png"}],"author":"Tar\u0131k","twitter_card":"summary_large_image","twitter_creator":"@narteks","twitter_site":"@narteks","twitter_misc":{"Yazan:":"Tar\u0131k","Tahmini okuma s\u00fcresi":"1 dakika"},"schema":{"@context":"https:\/\/schema.org","@graph":[{"@type":"Article","@id":"https:\/\/narteks.net\/index.php\/2009\/04\/12\/aysel-git-basimdan\/#article","isPartOf":{"@id":"https:\/\/narteks.net\/index.php\/2009\/04\/12\/aysel-git-basimdan\/"},"author":{"name":"Tar\u0131k","@id":"https:\/\/narteks.net\/#\/schema\/person\/61f37d9834294b72d31d274e7ed79bca"},"headline":"AYSEL G\u0130T BA\u015eIMDAN","datePublished":"2009-04-12T09:49:28+00:00","mainEntityOfPage":{"@id":"https:\/\/narteks.net\/index.php\/2009\/04\/12\/aysel-git-basimdan\/"},"wordCount":248,"commentCount":0,"publisher":{"@id":"https:\/\/narteks.net\/#organization"},"articleSection":["Attila ILHAN"],"inLanguage":"tr","potentialAction":[{"@type":"CommentAction","name":"Comment","target":["https:\/\/narteks.net\/index.php\/2009\/04\/12\/aysel-git-basimdan\/#respond"]}]},{"@type":"WebPage","@id":"https:\/\/narteks.net\/index.php\/2009\/04\/12\/aysel-git-basimdan\/","url":"https:\/\/narteks.net\/index.php\/2009\/04\/12\/aysel-git-basimdan\/","name":"AYSEL G\u0130T BA\u015eIMDAN - narteks.net","isPartOf":{"@id":"https:\/\/narteks.net\/#website"},"datePublished":"2009-04-12T09:49:28+00:00","breadcrumb":{"@id":"https:\/\/narteks.net\/index.php\/2009\/04\/12\/aysel-git-basimdan\/#breadcrumb"},"inLanguage":"tr","potentialAction":[{"@type":"ReadAction","target":["https:\/\/narteks.net\/index.php\/2009\/04\/12\/aysel-git-basimdan\/"]}]},{"@type":"BreadcrumbList","@id":"https:\/\/narteks.net\/index.php\/2009\/04\/12\/aysel-git-basimdan\/#breadcrumb","itemListElement":[{"@type":"ListItem","position":1,"name":"Anasayfa","item":"https:\/\/narteks.net\/"},{"@type":"ListItem","position":2,"name":"AYSEL G\u0130T BA\u015eIMDAN"}]},{"@type":"WebSite","@id":"https:\/\/narteks.net\/#website","url":"https:\/\/narteks.net\/","name":"narteks.net","description":"K\u00fclt\u00fcr Sanat Edebiyat Felsefe","publisher":{"@id":"https:\/\/narteks.net\/#organization"},"alternateName":"K\u00fclt\u00fcr Sanat Edebiyat Felsefe","potentialAction":[{"@type":"SearchAction","target":{"@type":"EntryPoint","urlTemplate":"https:\/\/narteks.net\/?s={search_term_string}"},"query-input":{"@type":"PropertyValueSpecification","valueRequired":true,"valueName":"search_term_string"}}],"inLanguage":"tr"},{"@type":"Organization","@id":"https:\/\/narteks.net\/#organization","name":"narteks.net","url":"https:\/\/narteks.net\/","logo":{"@type":"ImageObject","inLanguage":"tr","@id":"https:\/\/narteks.net\/#\/schema\/logo\/image\/","url":"https:\/\/narteks.net\/wp-content\/uploads\/narteks.png","contentUrl":"https:\/\/narteks.net\/wp-content\/uploads\/narteks.png","width":300,"height":90,"caption":"narteks.net"},"image":{"@id":"https:\/\/narteks.net\/#\/schema\/logo\/image\/"},"sameAs":["https:\/\/x.com\/narteks","https:\/\/instagram.com\/narteksnet"]},{"@type":"Person","@id":"https:\/\/narteks.net\/#\/schema\/person\/61f37d9834294b72d31d274e7ed79bca","name":"Tar\u0131k","image":{"@type":"ImageObject","inLanguage":"tr","@id":"https:\/\/narteks.net\/#\/schema\/person\/image\/","url":"https:\/\/secure.gravatar.com\/avatar\/50865afb55632c4ae467e0af0930f6510aa2297d8014be502a55b14f3b7550cf?s=96&d=mm&r=g","contentUrl":"https:\/\/secure.gravatar.com\/avatar\/50865afb55632c4ae467e0af0930f6510aa2297d8014be502a55b14f3b7550cf?s=96&d=mm&r=g","caption":"Tar\u0131k"},"sameAs":["http:\/\/narteks.net"],"url":"https:\/\/narteks.net\/index.php\/author\/narbak\/"}]}},"_links":{"self":[{"href":"https:\/\/narteks.net\/index.php\/wp-json\/wp\/v2\/posts\/482","targetHints":{"allow":["GET"]}}],"collection":[{"href":"https:\/\/narteks.net\/index.php\/wp-json\/wp\/v2\/posts"}],"about":[{"href":"https:\/\/narteks.net\/index.php\/wp-json\/wp\/v2\/types\/post"}],"author":[{"embeddable":true,"href":"https:\/\/narteks.net\/index.php\/wp-json\/wp\/v2\/users\/1"}],"replies":[{"embeddable":true,"href":"https:\/\/narteks.net\/index.php\/wp-json\/wp\/v2\/comments?post=482"}],"version-history":[{"count":0,"href":"https:\/\/narteks.net\/index.php\/wp-json\/wp\/v2\/posts\/482\/revisions"}],"wp:attachment":[{"href":"https:\/\/narteks.net\/index.php\/wp-json\/wp\/v2\/media?parent=482"}],"wp:term":[{"taxonomy":"category","embeddable":true,"href":"https:\/\/narteks.net\/index.php\/wp-json\/wp\/v2\/categories?post=482"},{"taxonomy":"post_tag","embeddable":true,"href":"https:\/\/narteks.net\/index.php\/wp-json\/wp\/v2\/tags?post=482"}],"curies":[{"name":"wp","href":"https:\/\/api.w.org\/{rel}","templated":true}]}}