{"id":4823,"date":"2010-12-22T11:14:49","date_gmt":"2010-12-22T08:14:49","guid":{"rendered":"http:\/\/localhost\/wordpress\/2010\/12\/22\/masalin-bittigi-yerde-hayat-baslar-murathan-mungan\/"},"modified":"2010-12-22T11:14:49","modified_gmt":"2010-12-22T08:14:49","slug":"masalin-bittigi-yerde-hayat-baslar-murathan-mungan","status":"publish","type":"post","link":"https:\/\/narteks.net\/index.php\/2010\/12\/22\/masalin-bittigi-yerde-hayat-baslar-murathan-mungan\/","title":{"rendered":"Masal\u0131n bitti\u011fi yerde hayat ba\u015flar | Murathan Mungan"},"content":{"rendered":"<p style=\"text-align: justify;\"><img loading=\"lazy\" decoding=\"async\" src=\"http:\/\/img03.blogcu.com\/images\/s\/e\/z\/sezenakyuz\/1238396246murathan_mungan_1__1241891078.jpg\" border=\"0\" width=\"155\" height=\"205\" style=\"float: left;\" \/>Y\u00fczy\u0131llar \u00f6nce y\u00fczy\u0131l uyuyan bir prenses varm\u0131\u015f ,bir b\u00fcy\u00fcc\u00fcn\u00fcn zulm\u00fcn\u00fcn esaretinde kimbilir belki olabilecek bir uyan\u0131\u015f\u0131 beklemi\u015f y\u00fczy\u0131l boyunca.<\/p>\n<p>\u0130\u015fte o masal;<\/p>\n<p>Her masal\u0131n ,her s\u00f6ylencenin uzun uykusunda bir uyanma vakti vard\u0131r.Ve o gelmeden giri\u015filen her eylem bir ser\u00fcven yaln\u0131zl\u0131\u011f\u0131 olarak kal\u0131r.\u00d6yle an\u0131l\u0131r.<br \/>Ve y\u00fczy\u0131l sonra vadesi eri\u015fip bir prens \u00e7\u0131km\u0131\u015f ortaya.Masal\u0131n ve y\u00fczy\u0131l\u0131n kendisine verdi\u011fi bu g\u00f6revi seve seve \u00fcstlenmi\u015f; zaten uyuyan g\u00fczel hakk\u0131nda y\u00fczy\u0131ld\u0131r s\u00f6ylenegelenlerin etkisinde daha onu g\u00f6rmeden deliler gibi tutulmu\u015f ona.Kendisine verilmi\u015f misyona m\u0131,uyuyan g\u00fczele mi a\u015f\u0131k oldu\u011funu ay\u0131rt edemeyecek kadar toymu\u015f o zamanlar.B\u00f6ylelikle hayranl\u0131\u011f\u0131n ,sevginin,sevdan\u0131n,a\u015fk\u0131n,cinselli\u011fin ve beraberli\u011fin bir kulak dolgunlu\u011fu oldu\u011funu birkez daha g\u00f6r\u00fcyoruz &#8220;Bizim&#8221;sand\u0131\u011f\u0131m\u0131z bir\u00e7ok duygunun,d\u00fc\u015f\u00fcncenin,de\u011ferin ve do\u011frunun i\u00e7imize usul usul i\u015flenmi\u015f bir kulak dolgunlu\u011fu oldu\u011funu&#8230;<br \/>Ve prens dudaklar\u0131nda y\u00fczy\u0131ld\u0131r bekletti\u011fi \u00f6p\u00fcc\u00fc\u011f\u00fcyle birlikte saraya do\u011fru<br \/>yolland\u0131.<br \/>Masal\u0131na kahraman olma zaman\u0131 gelmi\u015fti.<\/p>\n<p>Prensesin odas\u0131na geldi.Prenses uykusunun i\u00e7ersinde bat\u0131k bir gemi gibi gizemliydi.Uykusuyla b\u00fct\u00fcnlenmi\u015f g\u00fczelli\u011fine,efsanesinin g\u00fczelle\u015ftirdi\u011fi y\u00fcz\u00fcne uzun uzun bakt\u0131 Prens.\u00c7ok uzaktan ,\u00e7ok uzaklardan,tam y\u00fczy\u0131l sonras\u0131ndan bakt\u0131.<br \/>Sonra karar\u0131n\u0131 verdi:<br \/>Aradan y\u00fczy\u0131l ge\u00e7se de uyand\u0131rmayacakt\u0131 onu.<br \/>O g\u00fcn gelse de.<br \/>Uyand\u0131rd\u0131\u011f\u0131nda bu sevdan\u0131n,bu b\u00fcy\u00fcn\u00fcn,bu t\u0131ls\u0131m\u0131n bozulaca\u011f\u0131n\u0131 biliyordu \u00e7\u00fcnk\u00fc; bir bak\u0131\u015f,birka\u00e7 s\u00f6z,bir dokunu\u015f her\u015feyi bozacakt\u0131.Sevmek suskunluktu, sevmek kesin sessizlikti,sevmek uzakl\u0131kt\u0131,sevmek dokunamamak,eri\u015fememek, sevi\u015fememekti.<br \/>Ya da y\u00fczy\u0131ld\u0131r b\u00f6yle \u00f6\u011fretilmi\u015fti sevmek.<\/p>\n<p>G\u00f6zlerini a\u00e7ar a\u00e7maz ,y\u00fczy\u0131ld\u0131r g\u00f6rd\u00fc\u011f\u00fc d\u00fc\u015flerin an\u0131msayamad\u0131klar\u0131ndan ve o d\u00fc\u015flerin t\u00fcm\u00fcnden,s\u0131z\u0131ya benzer bir duygu olacakt\u0131 kalakalm\u0131\u015f olan. Biliyordu bu s\u0131z\u0131 hep olacakt\u0131.Kald\u0131 ki,o d\u00fc\u015flerin t\u00fcm\u00fcne e\u011femen olan ortak motifler,zaman zaman,yani ya\u015fad\u0131k\u00e7a;ya\u015fam\u0131n\u0131,ili\u015fkilerini yoklayacakt\u0131 elbet. O d\u00fc\u015flerin t\u00fcm\u00fc an\u0131msanmak i\u00e7indi.Sonsuz bir an\u0131msay\u0131\u015ft\u0131 her\u015fey;an\u0131msay\u0131\u015f ve unutu\u015f.\u00d6mr\u00fcn\u00fcn bundan sonras\u0131 d\u00fc\u015flerinde g\u00f6rd\u00fcklerini ya\u015famakla ge\u00e7ecekti.\u0130nsan uzun uykulardan sonra yalva\u00e7 bir yaln\u0131zl\u0131\u011fa uyan\u0131yor.<\/p>\n<p>Aradan y\u00fczy\u0131l ge\u00e7tikten sonra hi\u00e7bir uyan\u0131\u015f mutlu olamaz.<\/p>\n<p>Benim i\u00e7in art\u0131k \u00e7ok ge\u00e7 kalm\u0131\u015f bir sevgi bu,ben seversem y\u00fczy\u0131l \u00f6ncesinin sevgisiyle sevece\u011fim,o severse, beni \u00fczerinden y\u00fczy\u0131l ge\u00e7mi\u015f bir sevgiyle sevecek.Aram\u0131zda ka\u00e7 takvimin uzakl\u0131\u011f\u0131 duruyor.Bir \u00f6p\u00fcc\u00fck,yaln\u0131zca bir \u00f6p\u00fcc\u00fck bu uzakl\u0131\u011f\u0131 kapatmaya yeter mi?<br \/>Sevgi,<br \/>Zehirli bir d\u00fc\u015f\u00fcn,b\u00fcy\u00fcl\u00fc s\u00f6zc\u00fc\u011f\u00fc&#8230;<br \/>\u00d6te yandan sevmek g\u00f6ze almakt\u0131,sonuna dek gitmekti,gidebilmek y\u00fcreklili\u011fiydi. Biliyordu prenses uykusundan uyand\u0131\u011f\u0131nda,ya da uyan\u0131r uyanmaz onu eskisi kadar sevmeyecekti.\u00c7\u00fcnk\u00fc sevmek sessiz ve tek ba\u015f\u0131na bir\u015feydi.Sevmek yaln\u0131zl\u0131kt\u0131r.Onu eskisi kadar sevemeyece\u011finden korkuyordu.Onu uyand\u0131rmaktan korkuyordu.<br \/>Eskisi kadar sevemeyecekti,belki de hi\u00e7 sevemeyecekti.\u00c7\u00fcnk\u00fc arada o orman, o karanl\u0131k,o ge\u00e7it vermez,o giz olmayacakt\u0131 art\u0131k.\u0130\u015fte odas\u0131nda duruyordu.<br \/>Duman inceli\u011finde bir bo\u015fluk dolan\u0131yordu y\u00fcre\u011fini.<\/p>\n<p>Arada ne orman\u0131n, ne de y\u00fczy\u0131l\u0131n karanl\u0131\u011f\u0131 olmadan onu nas\u0131l sevebilirdi?Bu kadar b\u00fcy\u00fck sorumlulu\u011fu y\u00fcklenebilirmiydi?Sevmenin zahmetini,birlikte omuzlanacak olan zahmeti y\u00fcklenebilirmiydi?<\/p>\n<p>Payla\u015fmaya,tart\u0131\u015fmaya,\u00f6zveriye,anlay\u0131\u015fa gereksinen iki ki\u015filik ili\u015fkiyi<br \/>g\u00f6\u011f\u00fcsleyebilir,g\u00f6t\u00fcrebilirmiydi?<br \/>Sevmek imkans\u0131zl\u0131kt\u0131.<\/p>\n<p>Kendimizde besledi\u011fimiz,kendimizde b\u00fcy\u00fctt\u00fc\u011f\u00fcm\u00fcz,kendimizde sakl\u0131 duran bir \u015feydir sevmek.O hep bizdedir,bizledir,usul usul biriktiririz onu,i\u00e7imizde y\u0131\u011f\u0131l\u0131 durur.Ve g\u00fcn\u00fcn birinde ans\u0131z\u0131n kar\u015f\u0131m\u0131za biri \u00e7\u0131kt\u0131\u011f\u0131nda san\u0131r\u0131z ki i\u00e7imizden bo\u015fal\u0131veren b\u00fct\u00fcn bu duygular\u0131 o ta\u015f\u0131m\u0131\u015ft\u0131r bize.<\/p>\n<p>Sevmek,kendi kendimizi b\u00fcy\u00fclemektir; kendi kendimize yapt\u0131\u011f\u0131m\u0131z b\u00fcy\u00fc.<br \/>Oysa yeniden ba\u015flayacakt\u0131r aray\u0131\u015flar,pi\u015fmanl\u0131klar,yan\u0131lg\u0131lar.Her\u015fey &#8220;tamamlanmak&#8221; i\u00e7indir.\u00c7o\u011fu kez \u00f6l\u00fcm\u00fcn tamamlay\u0131c\u0131 ellerine dek ayn\u0131 umut, ayn\u0131 aray\u0131\u015f,ayn\u0131 \u00e7\u0131rp\u0131n\u0131\u015f ve ayn\u0131 peri\u015fanl\u0131kla s\u00fcr\u00fckleniriz.<br \/>G\u00f6z\u00fcm\u00fcz arkada kalm\u0131\u015ft\u0131r.<\/p>\n<p>Ans\u0131z\u0131n anlad\u0131 ki uyuyan g\u00fczelin kendisini de\u011fil,masal\u0131n\u0131 seviyordu Prens.<\/p>\n<p>Masal\u0131n bitti\u011fi yerde hayat ba\u015flar.<\/p>\n<p><strong>Murathan Mungan<\/strong><\/p>\n","protected":false},"excerpt":{"rendered":"<p>Y\u00fczy\u0131llar \u00f6nce y\u00fczy\u0131l uyuyan bir prenses varm\u0131\u015f ,bir b\u00fcy\u00fcc\u00fcn\u00fcn zulm\u00fcn\u00fcn esaretinde kimbilir belki olabilecek bir uyan\u0131\u015f\u0131 beklemi\u015f y\u00fczy\u0131l boyunca. \u0130\u015fte o masal; Her masal\u0131n ,her s\u00f6ylencenin uzun uykusunda bir uyanma vakti vard\u0131r.Ve o gelmeden giri\u015filen her eylem bir ser\u00fcven yaln\u0131zl\u0131\u011f\u0131 olarak kal\u0131r.\u00d6yle an\u0131l\u0131r.Ve y\u00fczy\u0131l sonra vadesi eri\u015fip bir prens \u00e7\u0131km\u0131\u015f ortaya.Masal\u0131n ve y\u00fczy\u0131l\u0131n kendisine verdi\u011fi [&hellip;]<\/p>\n","protected":false},"author":1,"featured_media":0,"comment_status":"open","ping_status":"open","sticky":false,"template":"","format":"standard","meta":{"footnotes":""},"categories":[114],"tags":[],"class_list":{"0":"post-4823","1":"post","2":"type-post","3":"status-publish","4":"format-standard","6":"category-turkiye-den-oykuler"},"yoast_head":"<!-- This site is optimized with the Yoast SEO Premium plugin v24.9 (Yoast SEO v24.9) - https:\/\/yoast.com\/wordpress\/plugins\/seo\/ -->\n<title>Masal\u0131n bitti\u011fi yerde hayat ba\u015flar | Murathan Mungan - narteks.net<\/title>\n<meta name=\"robots\" content=\"index, follow, max-snippet:-1, max-image-preview:large, max-video-preview:-1\" \/>\n<link rel=\"canonical\" href=\"https:\/\/narteks.net\/index.php\/2010\/12\/22\/masalin-bittigi-yerde-hayat-baslar-murathan-mungan\/\" \/>\n<meta property=\"og:locale\" content=\"tr_TR\" \/>\n<meta property=\"og:type\" content=\"article\" \/>\n<meta property=\"og:title\" content=\"Masal\u0131n bitti\u011fi yerde hayat ba\u015flar | Murathan Mungan\" \/>\n<meta property=\"og:description\" content=\"Y\u00fczy\u0131llar \u00f6nce y\u00fczy\u0131l uyuyan bir prenses varm\u0131\u015f ,bir b\u00fcy\u00fcc\u00fcn\u00fcn zulm\u00fcn\u00fcn esaretinde kimbilir belki olabilecek bir uyan\u0131\u015f\u0131 beklemi\u015f y\u00fczy\u0131l boyunca. \u0130\u015fte o masal; Her masal\u0131n ,her s\u00f6ylencenin uzun uykusunda bir uyanma vakti vard\u0131r.Ve o gelmeden giri\u015filen her eylem bir ser\u00fcven yaln\u0131zl\u0131\u011f\u0131 olarak kal\u0131r.\u00d6yle an\u0131l\u0131r.Ve y\u00fczy\u0131l sonra vadesi eri\u015fip bir prens \u00e7\u0131km\u0131\u015f ortaya.Masal\u0131n ve y\u00fczy\u0131l\u0131n kendisine verdi\u011fi [&hellip;]\" \/>\n<meta property=\"og:url\" content=\"https:\/\/narteks.net\/index.php\/2010\/12\/22\/masalin-bittigi-yerde-hayat-baslar-murathan-mungan\/\" \/>\n<meta property=\"og:site_name\" content=\"narteks.net\" \/>\n<meta property=\"article:published_time\" content=\"2010-12-22T08:14:49+00:00\" \/>\n<meta property=\"og:image\" content=\"http:\/\/img03.blogcu.com\/images\/s\/e\/z\/sezenakyuz\/1238396246murathan_mungan_1__1241891078.jpg\" \/>\n<meta name=\"author\" content=\"Tar\u0131k\" \/>\n<meta name=\"twitter:card\" content=\"summary_large_image\" \/>\n<meta name=\"twitter:creator\" content=\"@narteks\" \/>\n<meta name=\"twitter:site\" content=\"@narteks\" \/>\n<meta name=\"twitter:label1\" content=\"Yazan:\" \/>\n\t<meta name=\"twitter:data1\" content=\"Tar\u0131k\" \/>\n\t<meta name=\"twitter:label2\" content=\"Tahmini okuma s\u00fcresi\" \/>\n\t<meta name=\"twitter:data2\" content=\"4 dakika\" \/>\n<script type=\"application\/ld+json\" class=\"yoast-schema-graph\">{\"@context\":\"https:\/\/schema.org\",\"@graph\":[{\"@type\":\"Article\",\"@id\":\"https:\/\/narteks.net\/index.php\/2010\/12\/22\/masalin-bittigi-yerde-hayat-baslar-murathan-mungan\/#article\",\"isPartOf\":{\"@id\":\"https:\/\/narteks.net\/index.php\/2010\/12\/22\/masalin-bittigi-yerde-hayat-baslar-murathan-mungan\/\"},\"author\":{\"name\":\"Tar\u0131k\",\"@id\":\"https:\/\/narteks.net\/#\/schema\/person\/61f37d9834294b72d31d274e7ed79bca\"},\"headline\":\"Masal\u0131n bitti\u011fi yerde hayat ba\u015flar | Murathan Mungan\",\"datePublished\":\"2010-12-22T08:14:49+00:00\",\"mainEntityOfPage\":{\"@id\":\"https:\/\/narteks.net\/index.php\/2010\/12\/22\/masalin-bittigi-yerde-hayat-baslar-murathan-mungan\/\"},\"wordCount\":819,\"commentCount\":0,\"publisher\":{\"@id\":\"https:\/\/narteks.net\/#organization\"},\"image\":{\"@id\":\"https:\/\/narteks.net\/index.php\/2010\/12\/22\/masalin-bittigi-yerde-hayat-baslar-murathan-mungan\/#primaryimage\"},\"thumbnailUrl\":\"http:\/\/img03.blogcu.com\/images\/s\/e\/z\/sezenakyuz\/1238396246murathan_mungan_1__1241891078.jpg\",\"articleSection\":[\"T\u00fcrkiye'den \u00d6yk\u00fcler\"],\"inLanguage\":\"tr\",\"potentialAction\":[{\"@type\":\"CommentAction\",\"name\":\"Comment\",\"target\":[\"https:\/\/narteks.net\/index.php\/2010\/12\/22\/masalin-bittigi-yerde-hayat-baslar-murathan-mungan\/#respond\"]}]},{\"@type\":\"WebPage\",\"@id\":\"https:\/\/narteks.net\/index.php\/2010\/12\/22\/masalin-bittigi-yerde-hayat-baslar-murathan-mungan\/\",\"url\":\"https:\/\/narteks.net\/index.php\/2010\/12\/22\/masalin-bittigi-yerde-hayat-baslar-murathan-mungan\/\",\"name\":\"Masal\u0131n bitti\u011fi yerde hayat ba\u015flar | Murathan Mungan - narteks.net\",\"isPartOf\":{\"@id\":\"https:\/\/narteks.net\/#website\"},\"primaryImageOfPage\":{\"@id\":\"https:\/\/narteks.net\/index.php\/2010\/12\/22\/masalin-bittigi-yerde-hayat-baslar-murathan-mungan\/#primaryimage\"},\"image\":{\"@id\":\"https:\/\/narteks.net\/index.php\/2010\/12\/22\/masalin-bittigi-yerde-hayat-baslar-murathan-mungan\/#primaryimage\"},\"thumbnailUrl\":\"http:\/\/img03.blogcu.com\/images\/s\/e\/z\/sezenakyuz\/1238396246murathan_mungan_1__1241891078.jpg\",\"datePublished\":\"2010-12-22T08:14:49+00:00\",\"breadcrumb\":{\"@id\":\"https:\/\/narteks.net\/index.php\/2010\/12\/22\/masalin-bittigi-yerde-hayat-baslar-murathan-mungan\/#breadcrumb\"},\"inLanguage\":\"tr\",\"potentialAction\":[{\"@type\":\"ReadAction\",\"target\":[\"https:\/\/narteks.net\/index.php\/2010\/12\/22\/masalin-bittigi-yerde-hayat-baslar-murathan-mungan\/\"]}]},{\"@type\":\"ImageObject\",\"inLanguage\":\"tr\",\"@id\":\"https:\/\/narteks.net\/index.php\/2010\/12\/22\/masalin-bittigi-yerde-hayat-baslar-murathan-mungan\/#primaryimage\",\"url\":\"http:\/\/img03.blogcu.com\/images\/s\/e\/z\/sezenakyuz\/1238396246murathan_mungan_1__1241891078.jpg\",\"contentUrl\":\"http:\/\/img03.blogcu.com\/images\/s\/e\/z\/sezenakyuz\/1238396246murathan_mungan_1__1241891078.jpg\"},{\"@type\":\"BreadcrumbList\",\"@id\":\"https:\/\/narteks.net\/index.php\/2010\/12\/22\/masalin-bittigi-yerde-hayat-baslar-murathan-mungan\/#breadcrumb\",\"itemListElement\":[{\"@type\":\"ListItem\",\"position\":1,\"name\":\"Anasayfa\",\"item\":\"https:\/\/narteks.net\/\"},{\"@type\":\"ListItem\",\"position\":2,\"name\":\"Masal\u0131n bitti\u011fi yerde hayat ba\u015flar | Murathan Mungan\"}]},{\"@type\":\"WebSite\",\"@id\":\"https:\/\/narteks.net\/#website\",\"url\":\"https:\/\/narteks.net\/\",\"name\":\"narteks.net\",\"description\":\"K\u00fclt\u00fcr Sanat Edebiyat Felsefe\",\"publisher\":{\"@id\":\"https:\/\/narteks.net\/#organization\"},\"alternateName\":\"K\u00fclt\u00fcr Sanat Edebiyat Felsefe\",\"potentialAction\":[{\"@type\":\"SearchAction\",\"target\":{\"@type\":\"EntryPoint\",\"urlTemplate\":\"https:\/\/narteks.net\/?s={search_term_string}\"},\"query-input\":{\"@type\":\"PropertyValueSpecification\",\"valueRequired\":true,\"valueName\":\"search_term_string\"}}],\"inLanguage\":\"tr\"},{\"@type\":\"Organization\",\"@id\":\"https:\/\/narteks.net\/#organization\",\"name\":\"narteks.net\",\"url\":\"https:\/\/narteks.net\/\",\"logo\":{\"@type\":\"ImageObject\",\"inLanguage\":\"tr\",\"@id\":\"https:\/\/narteks.net\/#\/schema\/logo\/image\/\",\"url\":\"https:\/\/narteks.net\/wp-content\/uploads\/narteks.png\",\"contentUrl\":\"https:\/\/narteks.net\/wp-content\/uploads\/narteks.png\",\"width\":300,\"height\":90,\"caption\":\"narteks.net\"},\"image\":{\"@id\":\"https:\/\/narteks.net\/#\/schema\/logo\/image\/\"},\"sameAs\":[\"https:\/\/x.com\/narteks\",\"https:\/\/instagram.com\/narteksnet\"]},{\"@type\":\"Person\",\"@id\":\"https:\/\/narteks.net\/#\/schema\/person\/61f37d9834294b72d31d274e7ed79bca\",\"name\":\"Tar\u0131k\",\"image\":{\"@type\":\"ImageObject\",\"inLanguage\":\"tr\",\"@id\":\"https:\/\/narteks.net\/#\/schema\/person\/image\/\",\"url\":\"https:\/\/secure.gravatar.com\/avatar\/50865afb55632c4ae467e0af0930f6510aa2297d8014be502a55b14f3b7550cf?s=96&d=mm&r=g\",\"contentUrl\":\"https:\/\/secure.gravatar.com\/avatar\/50865afb55632c4ae467e0af0930f6510aa2297d8014be502a55b14f3b7550cf?s=96&d=mm&r=g\",\"caption\":\"Tar\u0131k\"},\"sameAs\":[\"http:\/\/narteks.net\"],\"url\":\"https:\/\/narteks.net\/index.php\/author\/narbak\/\"}]}<\/script>\n<!-- \/ Yoast SEO Premium plugin. -->","yoast_head_json":{"title":"Masal\u0131n bitti\u011fi yerde hayat ba\u015flar | Murathan Mungan - narteks.net","robots":{"index":"index","follow":"follow","max-snippet":"max-snippet:-1","max-image-preview":"max-image-preview:large","max-video-preview":"max-video-preview:-1"},"canonical":"https:\/\/narteks.net\/index.php\/2010\/12\/22\/masalin-bittigi-yerde-hayat-baslar-murathan-mungan\/","og_locale":"tr_TR","og_type":"article","og_title":"Masal\u0131n bitti\u011fi yerde hayat ba\u015flar | Murathan Mungan","og_description":"Y\u00fczy\u0131llar \u00f6nce y\u00fczy\u0131l uyuyan bir prenses varm\u0131\u015f ,bir b\u00fcy\u00fcc\u00fcn\u00fcn zulm\u00fcn\u00fcn esaretinde kimbilir belki olabilecek bir uyan\u0131\u015f\u0131 beklemi\u015f y\u00fczy\u0131l boyunca. \u0130\u015fte o masal; Her masal\u0131n ,her s\u00f6ylencenin uzun uykusunda bir uyanma vakti vard\u0131r.Ve o gelmeden giri\u015filen her eylem bir ser\u00fcven yaln\u0131zl\u0131\u011f\u0131 olarak kal\u0131r.\u00d6yle an\u0131l\u0131r.Ve y\u00fczy\u0131l sonra vadesi eri\u015fip bir prens \u00e7\u0131km\u0131\u015f ortaya.Masal\u0131n ve y\u00fczy\u0131l\u0131n kendisine verdi\u011fi [&hellip;]","og_url":"https:\/\/narteks.net\/index.php\/2010\/12\/22\/masalin-bittigi-yerde-hayat-baslar-murathan-mungan\/","og_site_name":"narteks.net","article_published_time":"2010-12-22T08:14:49+00:00","og_image":[{"url":"http:\/\/img03.blogcu.com\/images\/s\/e\/z\/sezenakyuz\/1238396246murathan_mungan_1__1241891078.jpg","type":"","width":"","height":""}],"author":"Tar\u0131k","twitter_card":"summary_large_image","twitter_creator":"@narteks","twitter_site":"@narteks","twitter_misc":{"Yazan:":"Tar\u0131k","Tahmini okuma s\u00fcresi":"4 dakika"},"schema":{"@context":"https:\/\/schema.org","@graph":[{"@type":"Article","@id":"https:\/\/narteks.net\/index.php\/2010\/12\/22\/masalin-bittigi-yerde-hayat-baslar-murathan-mungan\/#article","isPartOf":{"@id":"https:\/\/narteks.net\/index.php\/2010\/12\/22\/masalin-bittigi-yerde-hayat-baslar-murathan-mungan\/"},"author":{"name":"Tar\u0131k","@id":"https:\/\/narteks.net\/#\/schema\/person\/61f37d9834294b72d31d274e7ed79bca"},"headline":"Masal\u0131n bitti\u011fi yerde hayat ba\u015flar | Murathan Mungan","datePublished":"2010-12-22T08:14:49+00:00","mainEntityOfPage":{"@id":"https:\/\/narteks.net\/index.php\/2010\/12\/22\/masalin-bittigi-yerde-hayat-baslar-murathan-mungan\/"},"wordCount":819,"commentCount":0,"publisher":{"@id":"https:\/\/narteks.net\/#organization"},"image":{"@id":"https:\/\/narteks.net\/index.php\/2010\/12\/22\/masalin-bittigi-yerde-hayat-baslar-murathan-mungan\/#primaryimage"},"thumbnailUrl":"http:\/\/img03.blogcu.com\/images\/s\/e\/z\/sezenakyuz\/1238396246murathan_mungan_1__1241891078.jpg","articleSection":["T\u00fcrkiye'den \u00d6yk\u00fcler"],"inLanguage":"tr","potentialAction":[{"@type":"CommentAction","name":"Comment","target":["https:\/\/narteks.net\/index.php\/2010\/12\/22\/masalin-bittigi-yerde-hayat-baslar-murathan-mungan\/#respond"]}]},{"@type":"WebPage","@id":"https:\/\/narteks.net\/index.php\/2010\/12\/22\/masalin-bittigi-yerde-hayat-baslar-murathan-mungan\/","url":"https:\/\/narteks.net\/index.php\/2010\/12\/22\/masalin-bittigi-yerde-hayat-baslar-murathan-mungan\/","name":"Masal\u0131n bitti\u011fi yerde hayat ba\u015flar | Murathan Mungan - narteks.net","isPartOf":{"@id":"https:\/\/narteks.net\/#website"},"primaryImageOfPage":{"@id":"https:\/\/narteks.net\/index.php\/2010\/12\/22\/masalin-bittigi-yerde-hayat-baslar-murathan-mungan\/#primaryimage"},"image":{"@id":"https:\/\/narteks.net\/index.php\/2010\/12\/22\/masalin-bittigi-yerde-hayat-baslar-murathan-mungan\/#primaryimage"},"thumbnailUrl":"http:\/\/img03.blogcu.com\/images\/s\/e\/z\/sezenakyuz\/1238396246murathan_mungan_1__1241891078.jpg","datePublished":"2010-12-22T08:14:49+00:00","breadcrumb":{"@id":"https:\/\/narteks.net\/index.php\/2010\/12\/22\/masalin-bittigi-yerde-hayat-baslar-murathan-mungan\/#breadcrumb"},"inLanguage":"tr","potentialAction":[{"@type":"ReadAction","target":["https:\/\/narteks.net\/index.php\/2010\/12\/22\/masalin-bittigi-yerde-hayat-baslar-murathan-mungan\/"]}]},{"@type":"ImageObject","inLanguage":"tr","@id":"https:\/\/narteks.net\/index.php\/2010\/12\/22\/masalin-bittigi-yerde-hayat-baslar-murathan-mungan\/#primaryimage","url":"http:\/\/img03.blogcu.com\/images\/s\/e\/z\/sezenakyuz\/1238396246murathan_mungan_1__1241891078.jpg","contentUrl":"http:\/\/img03.blogcu.com\/images\/s\/e\/z\/sezenakyuz\/1238396246murathan_mungan_1__1241891078.jpg"},{"@type":"BreadcrumbList","@id":"https:\/\/narteks.net\/index.php\/2010\/12\/22\/masalin-bittigi-yerde-hayat-baslar-murathan-mungan\/#breadcrumb","itemListElement":[{"@type":"ListItem","position":1,"name":"Anasayfa","item":"https:\/\/narteks.net\/"},{"@type":"ListItem","position":2,"name":"Masal\u0131n bitti\u011fi yerde hayat ba\u015flar | Murathan Mungan"}]},{"@type":"WebSite","@id":"https:\/\/narteks.net\/#website","url":"https:\/\/narteks.net\/","name":"narteks.net","description":"K\u00fclt\u00fcr Sanat Edebiyat Felsefe","publisher":{"@id":"https:\/\/narteks.net\/#organization"},"alternateName":"K\u00fclt\u00fcr Sanat Edebiyat Felsefe","potentialAction":[{"@type":"SearchAction","target":{"@type":"EntryPoint","urlTemplate":"https:\/\/narteks.net\/?s={search_term_string}"},"query-input":{"@type":"PropertyValueSpecification","valueRequired":true,"valueName":"search_term_string"}}],"inLanguage":"tr"},{"@type":"Organization","@id":"https:\/\/narteks.net\/#organization","name":"narteks.net","url":"https:\/\/narteks.net\/","logo":{"@type":"ImageObject","inLanguage":"tr","@id":"https:\/\/narteks.net\/#\/schema\/logo\/image\/","url":"https:\/\/narteks.net\/wp-content\/uploads\/narteks.png","contentUrl":"https:\/\/narteks.net\/wp-content\/uploads\/narteks.png","width":300,"height":90,"caption":"narteks.net"},"image":{"@id":"https:\/\/narteks.net\/#\/schema\/logo\/image\/"},"sameAs":["https:\/\/x.com\/narteks","https:\/\/instagram.com\/narteksnet"]},{"@type":"Person","@id":"https:\/\/narteks.net\/#\/schema\/person\/61f37d9834294b72d31d274e7ed79bca","name":"Tar\u0131k","image":{"@type":"ImageObject","inLanguage":"tr","@id":"https:\/\/narteks.net\/#\/schema\/person\/image\/","url":"https:\/\/secure.gravatar.com\/avatar\/50865afb55632c4ae467e0af0930f6510aa2297d8014be502a55b14f3b7550cf?s=96&d=mm&r=g","contentUrl":"https:\/\/secure.gravatar.com\/avatar\/50865afb55632c4ae467e0af0930f6510aa2297d8014be502a55b14f3b7550cf?s=96&d=mm&r=g","caption":"Tar\u0131k"},"sameAs":["http:\/\/narteks.net"],"url":"https:\/\/narteks.net\/index.php\/author\/narbak\/"}]}},"_links":{"self":[{"href":"https:\/\/narteks.net\/index.php\/wp-json\/wp\/v2\/posts\/4823","targetHints":{"allow":["GET"]}}],"collection":[{"href":"https:\/\/narteks.net\/index.php\/wp-json\/wp\/v2\/posts"}],"about":[{"href":"https:\/\/narteks.net\/index.php\/wp-json\/wp\/v2\/types\/post"}],"author":[{"embeddable":true,"href":"https:\/\/narteks.net\/index.php\/wp-json\/wp\/v2\/users\/1"}],"replies":[{"embeddable":true,"href":"https:\/\/narteks.net\/index.php\/wp-json\/wp\/v2\/comments?post=4823"}],"version-history":[{"count":0,"href":"https:\/\/narteks.net\/index.php\/wp-json\/wp\/v2\/posts\/4823\/revisions"}],"wp:attachment":[{"href":"https:\/\/narteks.net\/index.php\/wp-json\/wp\/v2\/media?parent=4823"}],"wp:term":[{"taxonomy":"category","embeddable":true,"href":"https:\/\/narteks.net\/index.php\/wp-json\/wp\/v2\/categories?post=4823"},{"taxonomy":"post_tag","embeddable":true,"href":"https:\/\/narteks.net\/index.php\/wp-json\/wp\/v2\/tags?post=4823"}],"curies":[{"name":"wp","href":"https:\/\/api.w.org\/{rel}","templated":true}]}}