{"id":4831,"date":"2011-01-03T11:13:24","date_gmt":"2011-01-03T08:13:24","guid":{"rendered":"http:\/\/localhost\/wordpress\/2011\/01\/03\/gunumuzun-asil-kurbani-insandir-drerdal-atabek\/"},"modified":"2011-01-03T11:13:24","modified_gmt":"2011-01-03T08:13:24","slug":"gunumuzun-asil-kurbani-insandir-drerdal-atabek","status":"publish","type":"post","link":"https:\/\/narteks.net\/index.php\/2011\/01\/03\/gunumuzun-asil-kurbani-insandir-drerdal-atabek\/","title":{"rendered":"G\u00fcn\u00fcm\u00fcz\u00fcn as\u0131l kurban\u0131 &#8216;\u0130NSAN&#8217;d\u0131r.| Dr.Erdal Atabek"},"content":{"rendered":"<p style=\"text-align: justify;\"><img loading=\"lazy\" decoding=\"async\" src=\"http:\/\/www.dzll.com\/CMSU\/erdalatabek\/img_konu\/erdalatabek_4_lores.jpg\" border=\"0\" width=\"155\" height=\"205\" style=\"float: left;\" \/>Aztekler insan kurban ederlerdi.Tanr\u0131lar\u0131n \u201ckendine kurban alarak geri kalanlar\u0131 ba\u011f\u0131\u015flamas\u0131 i\u00e7in\u201d bakire k\u0131zlar\u0131 se\u00e7erek sunak \u00fczerinde kurban ederlerdi.Kurban gelene\u011finin temeli Tanr\u0131 korkusudur.Kurban edenler de Tanr\u0131\u2019n\u0131n bu kurban\u0131 kabul ederek kendilerini ba\u011f\u0131\u015flayaca\u011f\u0131n\u0131 umarlar.<\/p>\n<p>Ama g\u00fcn\u00fcm\u00fcz\u00fcn as\u0131l kurban\u0131 \u201c\u0130NSAN\u201dd\u0131r.<\/p>\n<p>G\u00fcn\u00fcm\u00fcz\u00fcn dini de \u2018PARA\u2019d\u0131r.<\/p>\n<p>G\u00fcn\u00fcm\u00fcz\u00fcn tap\u0131naklar\u0131 \u201cALI\u015eVER\u0130\u015e MERKEZLER\u0130\u201ddir.<\/p>\n<p>\u201cALI\u015eVER\u0130\u015e\u201d de g\u00fcn\u00fcm\u00fcz\u00fcn ibadetidir.<\/p>\n<p>Ekonomik kriz gene insan\u0131 kurban ediyor.<\/p>\n<p>\u0130\u015ften \u00e7\u0131karmalar, i\u015fsizlik.Ne s\u00fcrede d\u00fczelece\u011fi bilinmeyen k\u00fcresel kaos.\u00c7al\u0131\u015fanlar\u0131n i\u015ften \u00e7\u0131kar\u0131lma korkusu.\u0130nsanlar\u0131n korkudan duralamas\u0131.Aztekler bir ka\u00e7 gen\u00e7 k\u0131z\u0131 kurban ediyorlard\u0131.\u201c\u0130lkel toplum\u201d say\u0131lmalar\u0131n\u0131n bir nedeni de budur.Ya g\u00fcn\u00fcm\u00fcz\u00fcn toplumlar\u0131na ne demek gerekiyor?<\/p>\n<p>Modern mi, postmodern mi?<\/p>\n<p>Ya da ilkelden daha ilkel mi?<\/p>\n<p>Paravan\u0131 k\u00fcreselle\u015fme olan kapitalizm b\u00fct\u00fcn insanlar\u0131 kurban ediyor.Bak\u0131n\u0131z nas\u0131l ?<\/p>\n<p>***<\/p>\n<p>\u00c7ocuklar\u0131m\u0131z kurban edilmektedir.Onlar art\u0131k al\u0131\u015fveri\u015f d\u00fcnyas\u0131n\u0131n kurbanlar\u0131d\u0131r.Yedikleri, i\u00e7tikleri, giydikleri, oynad\u0131klar\u0131, e\u011flendikleri her \u015fey \u201cPAZAR EKONOM\u0130S\u0130\u201d taraf\u0131ndan belirlenmektedir.<\/p>\n<p>Fast-food beslenme, kolal\u0131 ve gazl\u0131 i\u00e7ecekler, marka giysiler, elektronik oyuncaklar, g\u00fcn\u00fc ge\u00e7irme e\u011flenceleri, her \u015fey, her \u015fey bu alanda k\u00e2r sa\u011flayan \u015firketlerin y\u00f6nlendirmeleriyle bi\u00e7imlenmektedir.<\/p>\n<p>***<\/p>\n<p>Gen\u00e7lerimiz kurban edilmektedir.B\u00fct\u00fcn sosyal de\u011ferler tepetaklak edilmi\u015ftir.Gen\u00e7lerimiz ne olduklar\u0131yla de\u011fil, nas\u0131l g\u00f6r\u00fcnd\u00fckleriyle ilgilendirilmektedir.Nas\u0131l g\u00f6r\u00fcneceklerine de moda \u015fablonlar karar vermektedir.Bilgisayar ve internet k\u00fclt\u00fcr\u00fc e\u011flenmeye ve zaman ge\u00e7irmeye hizmet etmektedir.Ya\u015famlar\u0131n\u0131 sorgulamalar\u0131 engellenmektedir.Sorumluluk duygular\u0131 yok edilmektedir.Hedef se\u00e7meleri \u015fa\u015f\u0131rt\u0131lmaktad\u0131r.Gelecek umutlar\u0131 karart\u0131lmaktad\u0131r.Gen\u00e7lerimiz b\u00f6yle kurban edilmektedir.<\/p>\n<p>***<\/p>\n<p>Kad\u0131nlar kendi bedenlerinden nefret ettirilmektedir.Kad\u0131nlar\u0131n sa\u00e7lar\u0131, g\u00f6zleri, y\u00fczleri, tenleri, bedenleri birer end\u00fcstri nesnesi olmu\u015ftur.Boyalar, kokular, cilt ta\u015flamalar, yosun banyolar\u0131 onlar\u0131 esir almaktad\u0131r.Bunlar\u0131 \u00f6nemsemeyenler, yapmayanlar kendinden nefret ettirilmekte, kendini aforoz etmeye zorlanmaktad\u0131r.Anoreksi, s\u0131f\u0131r beden g\u00fcn\u00fcm\u00fcz\u00fcn en de\u011ferli modeli olmaktad\u0131r.<\/p>\n<p>Kad\u0131nlar art\u0131k g\u00f6n\u00fcll\u00fc kurbanlard\u0131r.<\/p>\n<p>***<\/p>\n<p>Ve erkekler her zamanki kurbanlard\u0131r.Onlar da kendilerine kurban edilmi\u015flerdir.Kimisi g\u00fc\u00e7l\u00fc olma ad\u0131na kurban edilmektedir.Kimisi sorumluluklar\u0131yla kurban edilmektedir.<\/p>\n<p>Kimisi erkekli\u011finin kurban\u0131d\u0131r.<\/p>\n<p>***<\/p>\n<p>G\u00fcn\u00fcm\u00fcz\u00fcn kurban\u0131: \u201c\u0130NSAN\u201d&#8230;<\/p>\n<p style=\"text-align: justify;\">Kaynak: Cumhuriyet<\/p>\n","protected":false},"excerpt":{"rendered":"<p>Aztekler insan kurban ederlerdi.Tanr\u0131lar\u0131n \u201ckendine kurban alarak geri kalanlar\u0131 ba\u011f\u0131\u015flamas\u0131 i\u00e7in\u201d bakire k\u0131zlar\u0131 se\u00e7erek sunak \u00fczerinde kurban ederlerdi.Kurban gelene\u011finin temeli Tanr\u0131 korkusudur.Kurban edenler de Tanr\u0131\u2019n\u0131n bu kurban\u0131 kabul ederek kendilerini ba\u011f\u0131\u015flayaca\u011f\u0131n\u0131 umarlar. Ama g\u00fcn\u00fcm\u00fcz\u00fcn as\u0131l kurban\u0131 \u201c\u0130NSAN\u201dd\u0131r. G\u00fcn\u00fcm\u00fcz\u00fcn dini de \u2018PARA\u2019d\u0131r. G\u00fcn\u00fcm\u00fcz\u00fcn tap\u0131naklar\u0131 \u201cALI\u015eVER\u0130\u015e MERKEZLER\u0130\u201ddir. \u201cALI\u015eVER\u0130\u015e\u201d de g\u00fcn\u00fcm\u00fcz\u00fcn ibadetidir. Ekonomik kriz gene insan\u0131 kurban ediyor. [&hellip;]<\/p>\n","protected":false},"author":1,"featured_media":0,"comment_status":"open","ping_status":"open","sticky":false,"template":"","format":"standard","meta":{"footnotes":""},"categories":[52],"tags":[],"class_list":{"0":"post-4831","1":"post","2":"type-post","3":"status-publish","4":"format-standard","6":"category-psikoloji"},"yoast_head":"<!-- This site is optimized with the Yoast SEO Premium plugin v24.9 (Yoast SEO v24.9) - https:\/\/yoast.com\/wordpress\/plugins\/seo\/ -->\n<title>G\u00fcn\u00fcm\u00fcz\u00fcn as\u0131l kurban\u0131 &#039;\u0130NSAN&#039;d\u0131r.| Dr.Erdal Atabek - narteks.net<\/title>\n<meta name=\"robots\" content=\"index, follow, max-snippet:-1, max-image-preview:large, max-video-preview:-1\" \/>\n<link rel=\"canonical\" href=\"https:\/\/narteks.net\/index.php\/2011\/01\/03\/gunumuzun-asil-kurbani-insandir-drerdal-atabek\/\" \/>\n<meta property=\"og:locale\" content=\"tr_TR\" \/>\n<meta property=\"og:type\" content=\"article\" \/>\n<meta property=\"og:title\" content=\"G\u00fcn\u00fcm\u00fcz\u00fcn as\u0131l kurban\u0131 &#039;\u0130NSAN&#039;d\u0131r.| Dr.Erdal Atabek\" \/>\n<meta property=\"og:description\" content=\"Aztekler insan kurban ederlerdi.Tanr\u0131lar\u0131n \u201ckendine kurban alarak geri kalanlar\u0131 ba\u011f\u0131\u015flamas\u0131 i\u00e7in\u201d bakire k\u0131zlar\u0131 se\u00e7erek sunak \u00fczerinde kurban ederlerdi.Kurban gelene\u011finin temeli Tanr\u0131 korkusudur.Kurban edenler de Tanr\u0131\u2019n\u0131n bu kurban\u0131 kabul ederek kendilerini ba\u011f\u0131\u015flayaca\u011f\u0131n\u0131 umarlar. Ama g\u00fcn\u00fcm\u00fcz\u00fcn as\u0131l kurban\u0131 \u201c\u0130NSAN\u201dd\u0131r. G\u00fcn\u00fcm\u00fcz\u00fcn dini de \u2018PARA\u2019d\u0131r. G\u00fcn\u00fcm\u00fcz\u00fcn tap\u0131naklar\u0131 \u201cALI\u015eVER\u0130\u015e MERKEZLER\u0130\u201ddir. \u201cALI\u015eVER\u0130\u015e\u201d de g\u00fcn\u00fcm\u00fcz\u00fcn ibadetidir. Ekonomik kriz gene insan\u0131 kurban ediyor. [&hellip;]\" \/>\n<meta property=\"og:url\" content=\"https:\/\/narteks.net\/index.php\/2011\/01\/03\/gunumuzun-asil-kurbani-insandir-drerdal-atabek\/\" \/>\n<meta property=\"og:site_name\" content=\"narteks.net\" \/>\n<meta property=\"article:published_time\" content=\"2011-01-03T08:13:24+00:00\" \/>\n<meta property=\"og:image\" content=\"http:\/\/www.dzll.com\/CMSU\/erdalatabek\/img_konu\/erdalatabek_4_lores.jpg\" \/>\n<meta name=\"author\" content=\"Tar\u0131k\" \/>\n<meta name=\"twitter:card\" content=\"summary_large_image\" \/>\n<meta name=\"twitter:creator\" content=\"@narteks\" \/>\n<meta name=\"twitter:site\" content=\"@narteks\" \/>\n<meta name=\"twitter:label1\" content=\"Yazan:\" \/>\n\t<meta name=\"twitter:data1\" content=\"Tar\u0131k\" \/>\n\t<meta name=\"twitter:label2\" content=\"Tahmini okuma s\u00fcresi\" \/>\n\t<meta name=\"twitter:data2\" content=\"2 dakika\" \/>\n<script type=\"application\/ld+json\" class=\"yoast-schema-graph\">{\"@context\":\"https:\/\/schema.org\",\"@graph\":[{\"@type\":\"Article\",\"@id\":\"https:\/\/narteks.net\/index.php\/2011\/01\/03\/gunumuzun-asil-kurbani-insandir-drerdal-atabek\/#article\",\"isPartOf\":{\"@id\":\"https:\/\/narteks.net\/index.php\/2011\/01\/03\/gunumuzun-asil-kurbani-insandir-drerdal-atabek\/\"},\"author\":{\"name\":\"Tar\u0131k\",\"@id\":\"https:\/\/narteks.net\/#\/schema\/person\/61f37d9834294b72d31d274e7ed79bca\"},\"headline\":\"G\u00fcn\u00fcm\u00fcz\u00fcn as\u0131l kurban\u0131 &#8216;\u0130NSAN&#8217;d\u0131r.| Dr.Erdal Atabek\",\"datePublished\":\"2011-01-03T08:13:24+00:00\",\"mainEntityOfPage\":{\"@id\":\"https:\/\/narteks.net\/index.php\/2011\/01\/03\/gunumuzun-asil-kurbani-insandir-drerdal-atabek\/\"},\"wordCount\":443,\"commentCount\":0,\"publisher\":{\"@id\":\"https:\/\/narteks.net\/#organization\"},\"image\":{\"@id\":\"https:\/\/narteks.net\/index.php\/2011\/01\/03\/gunumuzun-asil-kurbani-insandir-drerdal-atabek\/#primaryimage\"},\"thumbnailUrl\":\"http:\/\/www.dzll.com\/CMSU\/erdalatabek\/img_konu\/erdalatabek_4_lores.jpg\",\"articleSection\":[\"Psikoloji\"],\"inLanguage\":\"tr\",\"potentialAction\":[{\"@type\":\"CommentAction\",\"name\":\"Comment\",\"target\":[\"https:\/\/narteks.net\/index.php\/2011\/01\/03\/gunumuzun-asil-kurbani-insandir-drerdal-atabek\/#respond\"]}]},{\"@type\":\"WebPage\",\"@id\":\"https:\/\/narteks.net\/index.php\/2011\/01\/03\/gunumuzun-asil-kurbani-insandir-drerdal-atabek\/\",\"url\":\"https:\/\/narteks.net\/index.php\/2011\/01\/03\/gunumuzun-asil-kurbani-insandir-drerdal-atabek\/\",\"name\":\"G\u00fcn\u00fcm\u00fcz\u00fcn as\u0131l kurban\u0131 '\u0130NSAN'd\u0131r.| Dr.Erdal Atabek - narteks.net\",\"isPartOf\":{\"@id\":\"https:\/\/narteks.net\/#website\"},\"primaryImageOfPage\":{\"@id\":\"https:\/\/narteks.net\/index.php\/2011\/01\/03\/gunumuzun-asil-kurbani-insandir-drerdal-atabek\/#primaryimage\"},\"image\":{\"@id\":\"https:\/\/narteks.net\/index.php\/2011\/01\/03\/gunumuzun-asil-kurbani-insandir-drerdal-atabek\/#primaryimage\"},\"thumbnailUrl\":\"http:\/\/www.dzll.com\/CMSU\/erdalatabek\/img_konu\/erdalatabek_4_lores.jpg\",\"datePublished\":\"2011-01-03T08:13:24+00:00\",\"breadcrumb\":{\"@id\":\"https:\/\/narteks.net\/index.php\/2011\/01\/03\/gunumuzun-asil-kurbani-insandir-drerdal-atabek\/#breadcrumb\"},\"inLanguage\":\"tr\",\"potentialAction\":[{\"@type\":\"ReadAction\",\"target\":[\"https:\/\/narteks.net\/index.php\/2011\/01\/03\/gunumuzun-asil-kurbani-insandir-drerdal-atabek\/\"]}]},{\"@type\":\"ImageObject\",\"inLanguage\":\"tr\",\"@id\":\"https:\/\/narteks.net\/index.php\/2011\/01\/03\/gunumuzun-asil-kurbani-insandir-drerdal-atabek\/#primaryimage\",\"url\":\"http:\/\/www.dzll.com\/CMSU\/erdalatabek\/img_konu\/erdalatabek_4_lores.jpg\",\"contentUrl\":\"http:\/\/www.dzll.com\/CMSU\/erdalatabek\/img_konu\/erdalatabek_4_lores.jpg\"},{\"@type\":\"BreadcrumbList\",\"@id\":\"https:\/\/narteks.net\/index.php\/2011\/01\/03\/gunumuzun-asil-kurbani-insandir-drerdal-atabek\/#breadcrumb\",\"itemListElement\":[{\"@type\":\"ListItem\",\"position\":1,\"name\":\"Anasayfa\",\"item\":\"https:\/\/narteks.net\/\"},{\"@type\":\"ListItem\",\"position\":2,\"name\":\"G\u00fcn\u00fcm\u00fcz\u00fcn as\u0131l kurban\u0131 &#8216;\u0130NSAN&#8217;d\u0131r.| Dr.Erdal Atabek\"}]},{\"@type\":\"WebSite\",\"@id\":\"https:\/\/narteks.net\/#website\",\"url\":\"https:\/\/narteks.net\/\",\"name\":\"narteks.net\",\"description\":\"K\u00fclt\u00fcr Sanat Edebiyat Felsefe\",\"publisher\":{\"@id\":\"https:\/\/narteks.net\/#organization\"},\"alternateName\":\"K\u00fclt\u00fcr Sanat Edebiyat Felsefe\",\"potentialAction\":[{\"@type\":\"SearchAction\",\"target\":{\"@type\":\"EntryPoint\",\"urlTemplate\":\"https:\/\/narteks.net\/?s={search_term_string}\"},\"query-input\":{\"@type\":\"PropertyValueSpecification\",\"valueRequired\":true,\"valueName\":\"search_term_string\"}}],\"inLanguage\":\"tr\"},{\"@type\":\"Organization\",\"@id\":\"https:\/\/narteks.net\/#organization\",\"name\":\"narteks.net\",\"url\":\"https:\/\/narteks.net\/\",\"logo\":{\"@type\":\"ImageObject\",\"inLanguage\":\"tr\",\"@id\":\"https:\/\/narteks.net\/#\/schema\/logo\/image\/\",\"url\":\"https:\/\/narteks.net\/wp-content\/uploads\/narteks.png\",\"contentUrl\":\"https:\/\/narteks.net\/wp-content\/uploads\/narteks.png\",\"width\":300,\"height\":90,\"caption\":\"narteks.net\"},\"image\":{\"@id\":\"https:\/\/narteks.net\/#\/schema\/logo\/image\/\"},\"sameAs\":[\"https:\/\/x.com\/narteks\",\"https:\/\/instagram.com\/narteksnet\"]},{\"@type\":\"Person\",\"@id\":\"https:\/\/narteks.net\/#\/schema\/person\/61f37d9834294b72d31d274e7ed79bca\",\"name\":\"Tar\u0131k\",\"image\":{\"@type\":\"ImageObject\",\"inLanguage\":\"tr\",\"@id\":\"https:\/\/narteks.net\/#\/schema\/person\/image\/\",\"url\":\"https:\/\/secure.gravatar.com\/avatar\/50865afb55632c4ae467e0af0930f6510aa2297d8014be502a55b14f3b7550cf?s=96&d=mm&r=g\",\"contentUrl\":\"https:\/\/secure.gravatar.com\/avatar\/50865afb55632c4ae467e0af0930f6510aa2297d8014be502a55b14f3b7550cf?s=96&d=mm&r=g\",\"caption\":\"Tar\u0131k\"},\"sameAs\":[\"http:\/\/narteks.net\"],\"url\":\"https:\/\/narteks.net\/index.php\/author\/narbak\/\"}]}<\/script>\n<!-- \/ Yoast SEO Premium plugin. -->","yoast_head_json":{"title":"G\u00fcn\u00fcm\u00fcz\u00fcn as\u0131l kurban\u0131 '\u0130NSAN'd\u0131r.| Dr.Erdal Atabek - narteks.net","robots":{"index":"index","follow":"follow","max-snippet":"max-snippet:-1","max-image-preview":"max-image-preview:large","max-video-preview":"max-video-preview:-1"},"canonical":"https:\/\/narteks.net\/index.php\/2011\/01\/03\/gunumuzun-asil-kurbani-insandir-drerdal-atabek\/","og_locale":"tr_TR","og_type":"article","og_title":"G\u00fcn\u00fcm\u00fcz\u00fcn as\u0131l kurban\u0131 '\u0130NSAN'd\u0131r.| Dr.Erdal Atabek","og_description":"Aztekler insan kurban ederlerdi.Tanr\u0131lar\u0131n \u201ckendine kurban alarak geri kalanlar\u0131 ba\u011f\u0131\u015flamas\u0131 i\u00e7in\u201d bakire k\u0131zlar\u0131 se\u00e7erek sunak \u00fczerinde kurban ederlerdi.Kurban gelene\u011finin temeli Tanr\u0131 korkusudur.Kurban edenler de Tanr\u0131\u2019n\u0131n bu kurban\u0131 kabul ederek kendilerini ba\u011f\u0131\u015flayaca\u011f\u0131n\u0131 umarlar. Ama g\u00fcn\u00fcm\u00fcz\u00fcn as\u0131l kurban\u0131 \u201c\u0130NSAN\u201dd\u0131r. G\u00fcn\u00fcm\u00fcz\u00fcn dini de \u2018PARA\u2019d\u0131r. G\u00fcn\u00fcm\u00fcz\u00fcn tap\u0131naklar\u0131 \u201cALI\u015eVER\u0130\u015e MERKEZLER\u0130\u201ddir. \u201cALI\u015eVER\u0130\u015e\u201d de g\u00fcn\u00fcm\u00fcz\u00fcn ibadetidir. Ekonomik kriz gene insan\u0131 kurban ediyor. [&hellip;]","og_url":"https:\/\/narteks.net\/index.php\/2011\/01\/03\/gunumuzun-asil-kurbani-insandir-drerdal-atabek\/","og_site_name":"narteks.net","article_published_time":"2011-01-03T08:13:24+00:00","og_image":[{"url":"http:\/\/www.dzll.com\/CMSU\/erdalatabek\/img_konu\/erdalatabek_4_lores.jpg","type":"","width":"","height":""}],"author":"Tar\u0131k","twitter_card":"summary_large_image","twitter_creator":"@narteks","twitter_site":"@narteks","twitter_misc":{"Yazan:":"Tar\u0131k","Tahmini okuma s\u00fcresi":"2 dakika"},"schema":{"@context":"https:\/\/schema.org","@graph":[{"@type":"Article","@id":"https:\/\/narteks.net\/index.php\/2011\/01\/03\/gunumuzun-asil-kurbani-insandir-drerdal-atabek\/#article","isPartOf":{"@id":"https:\/\/narteks.net\/index.php\/2011\/01\/03\/gunumuzun-asil-kurbani-insandir-drerdal-atabek\/"},"author":{"name":"Tar\u0131k","@id":"https:\/\/narteks.net\/#\/schema\/person\/61f37d9834294b72d31d274e7ed79bca"},"headline":"G\u00fcn\u00fcm\u00fcz\u00fcn as\u0131l kurban\u0131 &#8216;\u0130NSAN&#8217;d\u0131r.| Dr.Erdal Atabek","datePublished":"2011-01-03T08:13:24+00:00","mainEntityOfPage":{"@id":"https:\/\/narteks.net\/index.php\/2011\/01\/03\/gunumuzun-asil-kurbani-insandir-drerdal-atabek\/"},"wordCount":443,"commentCount":0,"publisher":{"@id":"https:\/\/narteks.net\/#organization"},"image":{"@id":"https:\/\/narteks.net\/index.php\/2011\/01\/03\/gunumuzun-asil-kurbani-insandir-drerdal-atabek\/#primaryimage"},"thumbnailUrl":"http:\/\/www.dzll.com\/CMSU\/erdalatabek\/img_konu\/erdalatabek_4_lores.jpg","articleSection":["Psikoloji"],"inLanguage":"tr","potentialAction":[{"@type":"CommentAction","name":"Comment","target":["https:\/\/narteks.net\/index.php\/2011\/01\/03\/gunumuzun-asil-kurbani-insandir-drerdal-atabek\/#respond"]}]},{"@type":"WebPage","@id":"https:\/\/narteks.net\/index.php\/2011\/01\/03\/gunumuzun-asil-kurbani-insandir-drerdal-atabek\/","url":"https:\/\/narteks.net\/index.php\/2011\/01\/03\/gunumuzun-asil-kurbani-insandir-drerdal-atabek\/","name":"G\u00fcn\u00fcm\u00fcz\u00fcn as\u0131l kurban\u0131 '\u0130NSAN'd\u0131r.| Dr.Erdal Atabek - narteks.net","isPartOf":{"@id":"https:\/\/narteks.net\/#website"},"primaryImageOfPage":{"@id":"https:\/\/narteks.net\/index.php\/2011\/01\/03\/gunumuzun-asil-kurbani-insandir-drerdal-atabek\/#primaryimage"},"image":{"@id":"https:\/\/narteks.net\/index.php\/2011\/01\/03\/gunumuzun-asil-kurbani-insandir-drerdal-atabek\/#primaryimage"},"thumbnailUrl":"http:\/\/www.dzll.com\/CMSU\/erdalatabek\/img_konu\/erdalatabek_4_lores.jpg","datePublished":"2011-01-03T08:13:24+00:00","breadcrumb":{"@id":"https:\/\/narteks.net\/index.php\/2011\/01\/03\/gunumuzun-asil-kurbani-insandir-drerdal-atabek\/#breadcrumb"},"inLanguage":"tr","potentialAction":[{"@type":"ReadAction","target":["https:\/\/narteks.net\/index.php\/2011\/01\/03\/gunumuzun-asil-kurbani-insandir-drerdal-atabek\/"]}]},{"@type":"ImageObject","inLanguage":"tr","@id":"https:\/\/narteks.net\/index.php\/2011\/01\/03\/gunumuzun-asil-kurbani-insandir-drerdal-atabek\/#primaryimage","url":"http:\/\/www.dzll.com\/CMSU\/erdalatabek\/img_konu\/erdalatabek_4_lores.jpg","contentUrl":"http:\/\/www.dzll.com\/CMSU\/erdalatabek\/img_konu\/erdalatabek_4_lores.jpg"},{"@type":"BreadcrumbList","@id":"https:\/\/narteks.net\/index.php\/2011\/01\/03\/gunumuzun-asil-kurbani-insandir-drerdal-atabek\/#breadcrumb","itemListElement":[{"@type":"ListItem","position":1,"name":"Anasayfa","item":"https:\/\/narteks.net\/"},{"@type":"ListItem","position":2,"name":"G\u00fcn\u00fcm\u00fcz\u00fcn as\u0131l kurban\u0131 &#8216;\u0130NSAN&#8217;d\u0131r.| Dr.Erdal Atabek"}]},{"@type":"WebSite","@id":"https:\/\/narteks.net\/#website","url":"https:\/\/narteks.net\/","name":"narteks.net","description":"K\u00fclt\u00fcr Sanat Edebiyat Felsefe","publisher":{"@id":"https:\/\/narteks.net\/#organization"},"alternateName":"K\u00fclt\u00fcr Sanat Edebiyat Felsefe","potentialAction":[{"@type":"SearchAction","target":{"@type":"EntryPoint","urlTemplate":"https:\/\/narteks.net\/?s={search_term_string}"},"query-input":{"@type":"PropertyValueSpecification","valueRequired":true,"valueName":"search_term_string"}}],"inLanguage":"tr"},{"@type":"Organization","@id":"https:\/\/narteks.net\/#organization","name":"narteks.net","url":"https:\/\/narteks.net\/","logo":{"@type":"ImageObject","inLanguage":"tr","@id":"https:\/\/narteks.net\/#\/schema\/logo\/image\/","url":"https:\/\/narteks.net\/wp-content\/uploads\/narteks.png","contentUrl":"https:\/\/narteks.net\/wp-content\/uploads\/narteks.png","width":300,"height":90,"caption":"narteks.net"},"image":{"@id":"https:\/\/narteks.net\/#\/schema\/logo\/image\/"},"sameAs":["https:\/\/x.com\/narteks","https:\/\/instagram.com\/narteksnet"]},{"@type":"Person","@id":"https:\/\/narteks.net\/#\/schema\/person\/61f37d9834294b72d31d274e7ed79bca","name":"Tar\u0131k","image":{"@type":"ImageObject","inLanguage":"tr","@id":"https:\/\/narteks.net\/#\/schema\/person\/image\/","url":"https:\/\/secure.gravatar.com\/avatar\/50865afb55632c4ae467e0af0930f6510aa2297d8014be502a55b14f3b7550cf?s=96&d=mm&r=g","contentUrl":"https:\/\/secure.gravatar.com\/avatar\/50865afb55632c4ae467e0af0930f6510aa2297d8014be502a55b14f3b7550cf?s=96&d=mm&r=g","caption":"Tar\u0131k"},"sameAs":["http:\/\/narteks.net"],"url":"https:\/\/narteks.net\/index.php\/author\/narbak\/"}]}},"_links":{"self":[{"href":"https:\/\/narteks.net\/index.php\/wp-json\/wp\/v2\/posts\/4831","targetHints":{"allow":["GET"]}}],"collection":[{"href":"https:\/\/narteks.net\/index.php\/wp-json\/wp\/v2\/posts"}],"about":[{"href":"https:\/\/narteks.net\/index.php\/wp-json\/wp\/v2\/types\/post"}],"author":[{"embeddable":true,"href":"https:\/\/narteks.net\/index.php\/wp-json\/wp\/v2\/users\/1"}],"replies":[{"embeddable":true,"href":"https:\/\/narteks.net\/index.php\/wp-json\/wp\/v2\/comments?post=4831"}],"version-history":[{"count":0,"href":"https:\/\/narteks.net\/index.php\/wp-json\/wp\/v2\/posts\/4831\/revisions"}],"wp:attachment":[{"href":"https:\/\/narteks.net\/index.php\/wp-json\/wp\/v2\/media?parent=4831"}],"wp:term":[{"taxonomy":"category","embeddable":true,"href":"https:\/\/narteks.net\/index.php\/wp-json\/wp\/v2\/categories?post=4831"},{"taxonomy":"post_tag","embeddable":true,"href":"https:\/\/narteks.net\/index.php\/wp-json\/wp\/v2\/tags?post=4831"}],"curies":[{"name":"wp","href":"https:\/\/api.w.org\/{rel}","templated":true}]}}