{"id":4833,"date":"2011-01-04T12:49:19","date_gmt":"2011-01-04T09:49:19","guid":{"rendered":"http:\/\/localhost\/wordpress\/2011\/01\/04\/evi-aklin-ve-duzenin-hakim-oldugu-bir-evdi-kotuluk-oraya-nasil-sizdi-necib-mahfuz\/"},"modified":"2011-01-04T12:49:19","modified_gmt":"2011-01-04T09:49:19","slug":"evi-aklin-ve-duzenin-hakim-oldugu-bir-evdi-kotuluk-oraya-nasil-sizdi-necib-mahfuz","status":"publish","type":"post","link":"https:\/\/narteks.net\/index.php\/2011\/01\/04\/evi-aklin-ve-duzenin-hakim-oldugu-bir-evdi-kotuluk-oraya-nasil-sizdi-necib-mahfuz\/","title":{"rendered":"Evi, akl\u0131n ve d\u00fczenin hakim oldu\u011fu bir evdi, K\u00f6t\u00fcl\u00fck oraya nas\u0131l s\u0131zd\u0131? | Necib Mahfuz"},"content":{"rendered":"<p style=\"text-align: justify;\"><img loading=\"lazy\" decoding=\"async\" src=\"http:\/\/www.turkcebilgi.com\/uploads\/media\/resim\/necip_mahfuz.jpg\" border=\"0\" width=\"155\" height=\"205\" style=\"float: left;\" \/>Aile meclisi toplanm\u0131\u015ft\u0131. Bu, e\u011fitimci ve psikolog Hasan Dehman ve \u00c7al\u0131\u015fma Bakanl\u0131\u011f\u0131&#8217;nda m\u00fcfetti\u015f olan e\u015fi Nazire sayesinde uzun zamand\u0131r s\u00fcrd\u00fcr\u00fclen g\u00fczel bir gelenekti. Bu meclisin amac\u0131, \u00e7ocuklar\u0131n davran\u0131\u015flar\u0131nda ak\u0131llar\u0131n\u0131 kullanmalar\u0131n\u0131 temin etmenin yan\u0131 s\u0131ra, sorumluluk y\u00fcklenmelerine ve hayat\u0131 anlamalar\u0131na ortak olmalar\u0131 i\u00e7in izledikleri bir e\u011fitim sistemiydi.<\/p>\n<p>Anne, &#8220;Tahir&#8217;in sorununu tart\u0131\u015fmak i\u00e7in toplanm\u0131\u015f bulunuyoruz,&#8221; dedi.<\/p>\n<p>Tahir en k\u00fc\u00e7\u00fck \u00e7ocuktu. Lisedeydi. Babas\u0131n\u0131n arkada\u015f\u0131n\u0131n, kendi ya\u015flar\u0131ndaki k\u0131z\u0131n\u0131 seviyordu. K\u0131z\u0131n ailesi, birka\u00e7 seneli\u011fine bir Arap \u00fclkesine ta\u015f\u0131nmak \u00fczere oldu\u011fundan Tahir, gitmeden \u00f6nce k\u0131zla ni\u015fanlanmak istiyordu. \u00c7ocuklar\u0131n en b\u00fcy\u00fc\u011f\u00fc ve m\u00fchendislik fak\u00fcltesinde \u00f6\u011frenci olan Semir, &#8220;Bence Tahir&#8217;in ni\u015fanlanma vakti hen\u00fcz gelmedi,&#8221; dedi.<\/p>\n<p>Hukuk fak\u00fcltesinde okuyan H\u00fbda da, &#8220;Tahir&#8217;in duygular\u0131 de\u011fi\u015fkendir. Bence enine boyuna d\u00fc\u015f\u00fcnmeliyiz,&#8221; dedi.<\/p>\n<p>Hasan Dehman ciddiyetle Tahir&#8217;e do\u011fru d\u00f6nd\u00fc ve, &#8220;G\u00f6r\u00fc\u015f\u00fcn\u00fc almak istiyorum,&#8221; dedi.<\/p>\n<p>Tahir, g\u00f6z g\u00f6ze gelmekten ka\u00e7\u0131narak g\u00f6zlerini hal\u0131n\u0131n s\u00fcslerine dikip as\u0131k bir y\u00fczle, &#8220;Madem sonunda ak\u0131l galip gelecek, konu\u015fman\u0131n faydas\u0131 ne?&#8221; diye cevap verdi.<\/p>\n<p>Tart\u0131\u015fma uzad\u0131. Sesler y\u00fckseldi. Sonra da Tahir&#8217;in s\u00f6yledi\u011fi gibi ak\u0131l galip geldi ve baba, var\u0131lan neticeyi yorumlayarak, &#8220;Bu akl\u0131n gere\u011fidir,&#8221; dedi.<\/p>\n<p>Bu c\u00fcmle baban\u0131n, tart\u0131\u015fmalar\u0131n\u0131 ve ba\u015far\u0131l\u0131 raporlar\u0131n\u0131 bitirdi\u011fi bir kli\u015feydi. Bu kli\u015fe y\u00fcz\u00fcnden Tahir, ak\u0131l ad\u0131na \u00e7ok \u00e7ekti\u011finden, ho\u015f olmayan bir tutum tak\u0131nd\u0131. Fakat ak\u0131l, bu ailenin hayat\u0131nda \u00e7ok tehlikeli bir rol oynuyordu. Akla tap\u0131yorlard\u0131 adeta. Akl\u0131n y\u00f6nlendirmesiyle aileye garip bir d\u00fczen hakim olmu\u015ftu. Aile dakik bir saat gibiydi. Evleri, d\u00fczen ve temizlik \u00f6rne\u011fiydi. Kibrit \u00e7\u00f6plerinin d\u00fc\u015f\u00fc\u015f\u00fc ya da koltu\u011fun yerinden oynay\u0131\u015f\u0131 veya radyo sesinin kararla\u015ft\u0131r\u0131landan daha \u00e7ok a\u00e7\u0131lmas\u0131 hemen m\u00fcdahale edilmesi gereken olaylardan say\u0131l\u0131rd\u0131. Yemek, uyanma, uyuma, i\u015f ve istirahat vakitleri \u015fa\u015fmaz bir saat gibiydi. B\u00fct\u00fcn bunlardan sonra Hasan Dehman, &#8220;Bu akl\u0131n gere\u011fidir,&#8221; derdi.<\/p>\n<p>Ailenin her ferdinin, kendisine uygun bir t\u00fcr kitaba benzer ajandas\u0131 vard\u0131. Hatta, \u015fark\u0131lar, radyo ve televizyon programlar\u0131, dan\u0131\u015fma ve tart\u0131\u015fma sonucunda kararla\u015ft\u0131r\u0131l\u0131rd\u0131. \u00d6nemli bir sorunla kar\u015f\u0131 kar\u015f\u0131ya kal\u0131nd\u0131\u011f\u0131nda, aile toplant\u0131s\u0131 d\u00fczenlenir, herkes g\u00f6r\u00fc\u015f\u00fcn\u00fc s\u00f6ylerdi. Bu g\u00f6r\u00fc\u015f ister e\u011fitim, ister sevgi, ister dostluk, isterse de siyasetle ilgili olsun b\u00fcy\u00fck bir titizlik ve dikkatle a\u00e7\u0131klan\u0131rd\u0131. Evet, bu d\u00fczen asla \u015fa\u015fmazd\u0131. Sonra Hasan Dehman b\u00fcy\u00fck bir ne\u015feyle, &#8220;Bu akl\u0131n gere\u011fidir,&#8221; derdi.<\/p>\n<p>Saatin kollar\u0131 \u00e7ok dikkatliydi, ancak k\u00fc\u00e7\u00fck akrep anne ve babas\u0131 i\u00e7in bir \u00fcz\u00fcnt\u00fc kayna\u011f\u0131yd\u0131.<\/p>\n<p>&#8220;Tahir, kendinden utanm\u0131yor musun?&#8221;<\/p>\n<p>Fakat o, \u015fa\u015fk\u0131n \u015fa\u015fk\u0131n etraf\u0131na bakm\u0131yordu. Hi\u00e7bir \u015feye ilgi duymak istemiyordu. Toplant\u0131lara isteksiz geliyor, sebepli ya da sebepsiz hep problem \u00e7\u0131kar\u0131yordu. Aile orkestras\u0131n\u0131n akortsuz sesiydi. \u00c7o\u011fu zaman da ac\u0131 ac\u0131 g\u00fclerdi. Bir keresinde, bir sorumsuzluk \u00f6rne\u011fi g\u00f6stererek zorla mutfa\u011fa girip kararla\u015ft\u0131r\u0131lan vakitten yar\u0131m saat \u00f6nce \u00f6\u011fle yeme\u011fi yedi. Bunun \u00fczerine babas\u0131 ona, &#8220;Fakat bu kurald\u0131\u015f\u0131 bir hareket, mazeret kabul etmez o\u011flum,&#8221; dedi.<\/p>\n<p>Herhangi bir cevap alamay\u0131nca, &#8220;Hala ni\u015fanlanmay\u0131 d\u00fc\u015f\u00fcn\u00fcyor musun?&#8221; diye sordu.<\/p>\n<p>&#8220;Asla. \u015eu an a\u00e7l\u0131\u011f\u0131m\u0131 d\u00fc\u015f\u00fcn\u00fcyorum, sevgiyi de\u011fil.&#8221;<\/p>\n<p>Tahir mutfaktan \u00e7\u0131k\u0131nca, Nazire Han\u0131m kocas\u0131n\u0131n kula\u011f\u0131na, &#8220;Fazla \u00fcst\u00fcne gitmeyelim, sevgilim,&#8221; dedi.<\/p>\n<p>Baba k\u0131zarak, &#8220;Yenilgiye raz\u0131 m\u0131 gelece\u011fiz?&#8221; diye \u00e7\u0131k\u0131\u015ft\u0131.<\/p>\n<p>Tahir, bunun &#8220;akl\u0131n gere\u011fi&#8221; oldu\u011funa inand\u0131. Nereye gitse onu koval\u0131yordu. \u0130\u00e7eriden d\u0131\u015far\u0131dan onu ku\u015fatm\u0131\u015ft\u0131. Sa\u011flam a\u011flar\u0131na tak\u0131lm\u0131\u015ft\u0131. Hatta sevgi, e\u011flence ve h\u00fcz\u00fcn de onu bo\u011fuyordu. Damarlar\u0131ndaki kan\u0131n ak\u0131\u015f\u0131nda bir gariplik hissetti ve bir \u015feyler olaca\u011f\u0131n\u0131 anlad\u0131. Etraf\u0131nda ya\u015fayanlar\u0131n duygular\u0131 da kar\u015f\u0131l\u0131kl\u0131 sessiz bir ileti\u015fim i\u00e7inde ona e\u015flik etti. Ve bir g\u00fcn k\u00fc\u00e7\u00fck bah\u00e7eye bakan verandada iken bir \u015fey oldu: \u0130mtihan mevsimi yakla\u015f\u0131yordu. Semir ve H\u00fbda derse dalm\u0131\u015flard\u0131. Baba bir ara\u015ft\u0131rma haz\u0131rl\u0131yordu. anne bir Amerikan dergisi okuyordu. Tahir ise a\u011fl\u0131yordu. Tahir verandada ders \u00e7al\u0131\u015f\u0131rken art\u0131k bu y\u00fcke dayanamayaca\u011f\u0131n\u0131 ve d\u00fcnyan\u0131n ona hi\u00e7bir \u015fey ifade etmedi\u011fini hissetti. Kitab\u0131 t\u0131rabzan\u0131n \u00fcst\u00fcne b\u0131rakt\u0131 ve bo\u015f bo\u015f bakmaya ba\u015flad\u0131. \u00c7ok \u00fcz\u00fcld\u00fc, sonra da \u00fcz\u00fcnt\u00fcs\u00fc g\u00f6zya\u015flar\u0131n\u0131n i\u00e7inde eridi. Ba\u015flang\u0131\u00e7ta, a\u011flamas\u0131n\u0131 birinin duymamas\u0131 i\u00e7in saklamaya \u00e7al\u0131\u015ft\u0131. Fakat sonra seller gibi g\u00f6zya\u015f\u0131 ak\u0131tt\u0131 ve h\u0131\u00e7k\u0131ra h\u0131\u00e7k\u0131ra, feryatla a\u011flamaya ba\u015flad\u0131. Art\u0131k kendine hakim olam\u0131yordu. Bunun \u00fczerine herkes ona ko\u015ftu ve \u015fa\u015fk\u0131nl\u0131ktan donakald\u0131lar, annesi hemen su getirip y\u00fcz\u00fcn\u00fc y\u0131kad\u0131. Tahir ise sessiz ve g\u00f6zya\u015flar\u0131n\u0131 i\u00e7ine ak\u0131tarak a\u011flamaya devam etti. Ba\u015f\u0131n\u0131 annesinin g\u00f6\u011fs\u00fcne dayad\u0131. O da onu \u015fefkatle kucaklad\u0131. Bir yandan da endi\u015feyle, acaba g\u00f6\u011fs\u00fcndeki \u015fefkat g\u00f6sterisinde kararla\u015ft\u0131r\u0131lan s\u0131n\u0131r\u0131 a\u015f\u0131p a\u015fmad\u0131\u011f\u0131n\u0131 d\u00fc\u015f\u00fcnd\u00fc. Sonra Tahir tamamen sakinle\u015fti ve tedirgin bir halde oturdu. O garip tedirginlikten, kelimenin tam anlam\u0131yla hazin bir bak\u0131\u015f kald\u0131. Ortal\u0131\u011fa sessizlik hakim oldu. \u00dczg\u00fcn g\u00f6zlerde sorular belirdi. anne, &#8220;Neyin var, Tahir?&#8221; dedi.<\/p>\n<p>Tahir kimseye bakmadan, &#8220;Hi\u00e7bir \u015fey,&#8221; dedi.<\/p>\n<p>Sorular\u0131n yerini \u015fa\u015fk\u0131nl\u0131k ve merak ald\u0131. Semir ona, &#8220;Seni \u00fczen \u015feyi bize s\u00f6yle,&#8221; dedi.<\/p>\n<p>H\u00fbda merakla, &#8220;Bunu bilmemiz gerekiyor,&#8221; dedi.<\/p>\n<p>Fakat baba onlara \u00e7\u0131kmalar\u0131n\u0131 i\u015faret etti ve \u00e7\u0131kt\u0131lar. Sonra da kibarca sordu: &#8220;Neyin var o\u011flum?&#8221;<\/p>\n<p>&#8220;Hi\u00e7bir \u015feyim yok dedim,&#8221; diye cevap verdi.<\/p>\n<p>&#8220;imtihan g\u00fcnleri, sinirleri geren g\u00fcnlerdir.&#8221;<\/p>\n<p>&#8220;Asla! Her \u015fey yolunda.&#8221;<\/p>\n<p>Baba, anneye bir f\u0131rsat tan\u0131mak i\u00e7in odadan \u00e7\u0131kt\u0131. Fakat Tahir hi\u00e7bir \u015fey s\u00f6ylemedi. Bildi\u011fi kadar\u0131n\u0131 s\u00f6ylemi\u015fti zaten. Bunun i\u00e7in kimse ondan yeni bir \u015fey \u00f6\u011frenemedi. Ne o gece, ne di\u011fer g\u00fcnlerde&#8230;<\/p>\n<p>Babas\u0131 ona, evin etraf\u0131ndaki caddelerde ders \u00e7al\u0131\u015fmadan \u00f6nce her g\u00fcn bir saat gezmesini sal\u0131k verdi. Olay\u0131 sinirsel bask\u0131n\u0131n bir belirtisi olarak kabul etti.<\/p>\n<p>Art\u0131k kimse bu olay\u0131 hat\u0131rlam\u0131yordu. Sonra da tamamen unutuldu.<\/p>\n<p>Bir g\u00fcn Hasan Dehman, bir hevesle, &#8220;Yeni m\u00fcd\u00fcr\u00fcm\u00fcz\u00fc k\u00fc\u00e7\u00fck bah\u00e7emizdeki g\u00fczel bir partiye davet ettim,&#8221; dedi.<\/p>\n<p>Anne de \u00e7ocuklara, &#8220;Uygun \u015fekilde g\u00f6r\u00fcnmeli ve bizimle biraz oturmal\u0131s\u0131n\u0131z. Sonra \u00e7al\u0131\u015fmaya gidersiniz. Partinin ba\u015far\u0131s\u0131 sizin inceli\u011finize ba\u011fl\u0131,&#8221; diye s\u00f6yledi.<\/p>\n<p>Tahir, &#8220;O senin arkada\u015f\u0131n m\u0131 baba?&#8221; diye sordu.<\/p>\n<p>Baba biraz d\u00fc\u015f\u00fcnd\u00fc sonra da, &#8220;Dostluk b\u00fcy\u00fck bir nimettir. Elimizden geldik\u00e7e dostluklar kurmal\u0131y\u0131z. Genel m\u00fcd\u00fcr \u015fu an sadece b\u00fcy\u00fck bir dosttur, ama yar\u0131n bir arkada\u015f olacak. Toplumsal hayat bizden mutlaka faydal\u0131 g\u00f6revler bekler,&#8221; dedi.<\/p>\n<p>Tahir kendi kendine, &#8220;Bu, akl\u0131n gere\u011fidir,&#8221; dedi.<\/p>\n<p>Yeni m\u00fcd\u00fcr, k\u0131sa boylu, \u015fi\u015fman, y\u00fcz\u00fc dolgun, ba\u015f\u0131 kel ve \u00e7ok yava\u015f konu\u015fan biriydi. Tahir, zoraki bir g\u00fcl\u00fcmsemeyle ona \u015f\u00f6yle bir bakt\u0131. annesi ve H\u00fbda&#8217;n\u0131n giysileri ho\u015funa gitmi\u015fti. Ailesinin g\u00fczel konu\u015fmalar\u0131n\u0131 \u015fa\u015fk\u0131nl\u0131kla izledi. Babas\u0131n\u0131n \u00f6rnek olarak birka\u00e7 kez bir \u015fiiri s\u00f6yledi\u011fini duydu. annesinin de m\u00fcd\u00fcr\u00fcn \u00e7ok unutkanl\u0131\u011f\u0131na dair \u015fikayetlerine, &#8220;Bu dahilik alametidir beyefendi,&#8221; diye yorum getirdi\u011fini duydu.<\/p>\n<p>Semir ve H\u00fbda uygun bir vakitte ayr\u0131ld\u0131lar. Fakat Tahir, yerinden ayr\u0131lmad\u0131. annesinin gizli i\u015faretlerine ra\u011fmen yerinden k\u0131p\u0131rdamad\u0131. Babas\u0131 onun m\u00fcd\u00fcre bakt\u0131\u011f\u0131n\u0131 fark edince ona, &#8220;Tahir, gitme zaman\u0131n geldi,&#8221; dedi.<\/p>\n<p>Tahir de, &#8220;\u015eiir s\u00f6ylemeyeyim mi baba?&#8221; dedi.<\/p>\n<p>M\u00fcd\u00fcr, Tahir&#8217;e, &#8220;Yoksa sen \u015fair misin?&#8221; derken babas\u0131 ka\u015flar\u0131n\u0131 \u00e7atm\u0131\u015ft\u0131.<\/p>\n<p>&#8220;Hay\u0131r, fakat ezberimde \u015fiir var.&#8221;<\/p>\n<p>&#8220;\u00d6yleyse bir \u015fiir s\u00f6yle de zevkini anlayal\u0131m.&#8221;<\/p>\n<p>Tahir zafer elde etmi\u015f\u00e7esine, &#8220;Hayatta ve \u00f6l\u00fcmde y\u00fccelik var&#8230;&#8221; dedi.<\/p>\n<p>&#8220;Me\u015fhur bir \u015fiir.&#8221;<\/p>\n<p>&#8220;Bir adam\u0131n as\u0131lmas\u0131 dolay\u0131s\u0131yla s\u00f6ylenmi\u015f.&#8221;<\/p>\n<p>M\u00fcd\u00fcr, &#8220;\u015eiir g\u00fczel, fakat yaz\u0131l\u0131\u015f sebebi iyi de\u011fil,&#8221; diyerek g\u00fcld\u00fc.<\/p>\n<p>O an Tahir de g\u00fcld\u00fc. Art\u0131k bu y\u00fck\u00fc ta\u015f\u0131yamayaca\u011f\u0131n\u0131 ve d\u00fcnyan\u0131n hi\u00e7bir \u015fey ifade etmedi\u011fini hissetti ve bo\u015f bo\u015f bakmaya ba\u015flad\u0131. \u00c7ok \u00fcz\u00fcld\u00fc. Sonra da kahkahalarla g\u00fcld\u00fc. Babas\u0131 aceleyle elinden tutup onu d\u0131\u015far\u0131 g\u00f6t\u00fcrd\u00fc. Partinin sonunda anne baba Tahir&#8217;in sorununu tart\u0131\u015ft\u0131lar ve sorununun ger\u00e7ek bir tedaviye gereksinme duydu\u011fu konusunda anla\u015ft\u0131lar. Fakat en iyisinin bunu imtihan sonras\u0131na ertelemek oldu\u011funa karar verdiler.<\/p>\n<p>Bir g\u00fcn H\u00fbda&#8217;n\u0131n sesi evi \u00e7\u0131nlatt\u0131. &#8220;Anne gel, bak Tahir ne yapt\u0131?&#8221; diye yard\u0131m istercesine ba\u011f\u0131r\u0131yordu. Sesi duyan herkes delikanl\u0131n\u0131n odas\u0131na gitti. Oday\u0131 garip bir d\u00fczen i\u00e7inde g\u00f6rd\u00fcler. Bir insan\u0131n akl\u0131na gelmeyecek bir manzarayd\u0131 bu. Yata\u011f\u0131n yast\u0131\u011f\u0131 masan\u0131n \u00fczerine at\u0131lm\u0131\u015f, kitaplar ve ka\u011f\u0131tlar yata\u011f\u0131n tahtas\u0131n\u0131n \u00fczerine dizilmi\u015f; masa ters y\u00fcz edilmi\u015f, odan\u0131n kap\u0131s\u0131 sonuna kadar a\u00e7\u0131lm\u0131\u015f, sandalyeler ters y\u00fcz edilmi\u015f, k\u00fc\u00e7\u00fck hal\u0131 katlanm\u0131\u015f, sonra da elektrik lambas\u0131n\u0131n kordonuna as\u0131lm\u0131\u015ft\u0131. anne \u00fcz\u00fcnt\u00fcyle babaya seslendi.<\/p>\n<p>&#8220;Felaket! Felaket, Allah\u0131m!&#8221;<\/p>\n<p>Herkes ne oldu\u011funu sordu. Tahir odan\u0131n ortas\u0131nda sakin ve g\u00fcl\u00fcmseyerek duruyor, a\u011fz\u0131ndan &#8220;Neden olmas\u0131n?&#8221;dan ba\u015fka bir s\u00f6z \u00e7\u0131km\u0131yordu.<\/p>\n<p>Anne, &#8220;Kalbimi par\u00e7al\u0131yorsun,&#8221; diye ba\u011f\u0131rd\u0131.<\/p>\n<p>Kibarca, &#8220;Sizleri \u00fczd\u00fc\u011f\u00fcm i\u00e7in \u00fczg\u00fcn\u00fcm,&#8221; diye cevap verdi.<\/p>\n<p>Babas\u0131 h\u00fcz\u00fcnle, &#8220;Do\u011fru de\u011fil! Do\u011fru de\u011fil!&#8221; dedi.<\/p>\n<p>&#8220;Neden olmas\u0131n baba? Bir deneme yap\u0131yordum. E\u011fer zaman tan\u0131sayd\u0131n\u0131z bu &#8216;akl\u0131n gere\u011fi&#8217; olacakt\u0131.&#8221;<\/p>\n<p>Ve odas\u0131ndan \u00e7\u0131karak verandaya gitti. Babas\u0131 onu takip etti ve onun dikkatle g\u00f6ky\u00fcz\u00fcne bakarak durdu\u011funu g\u00f6rd\u00fc. O da o\u011flunun bakt\u0131\u011f\u0131 yere bakt\u0131. Bir \u015fey g\u00f6remedi. Can\u0131 daha da s\u0131k\u0131ld\u0131. Ve kibarca kendisine, &#8220;G\u00f6zlerini mi dinlendiriyorsun? Ni\u00e7in b\u00f6yle g\u00f6ky\u00fcz\u00fcne bak\u0131yorsun?&#8221; diye sordu.<\/p>\n<p>Tahir onu duymazl\u0131ktan geldi. Babas\u0131 sorusunu iki kez tekrarlamak zorunda kald\u0131. Sonra da Tahir s\u0131k\u0131nt\u0131 i\u00e7inde, &#8220;Ben onlar\u0131n sahip oldu\u011fu h\u00fcrriyeti k\u0131skan\u0131yorum,&#8221; dedi.<\/p>\n<p>Babas\u0131 onu ikaz ederek, &#8220;Fakat onlar son derece m\u00fckemmel ve sa\u011flam bir sistemle yarat\u0131lm\u0131\u015ft\u0131r. Hatas\u0131 olmayan bir sistemle&#8230;&#8221;<\/p>\n<p>Tahir s\u0131k\u0131ld\u0131 ve k\u0131zg\u0131n k\u0131zg\u0131n ba\u015f\u0131n\u0131 yere e\u011fdi.<\/p>\n<p>&#8220;Tahir, yoksa d\u00fczeni sevmiyor musun?&#8221;<\/p>\n<p>&#8220;Bir \u015feyin iki defa olmas\u0131n\u0131 sevmiyorum,&#8221; diye sert\u00e7e cevap verdi.<\/p>\n<p>&#8220;Fakat kar\u0131\u015f\u0131kl\u0131k do\u011far, o\u011flum!&#8221;<\/p>\n<p>Tahir, &#8220;Bu ne g\u00fczel olurdu!&#8221; diye m\u0131r\u0131ldand\u0131.<\/p>\n<p>Anne baba tart\u0131\u015ft\u0131lar ve e\u011fitim y\u0131l\u0131 kaybolsa bile, geciktirmeden tedaviye ba\u015flanmas\u0131n\u0131n gereklili\u011fi neticesine vard\u0131lar. \u00d6ncelikle bir i\u00e7 hastal\u0131klar\u0131 doktoruna dan\u0131\u015fmaya, ondan sonra da i\u00e7 hastal\u0131klar\u0131 doktoru e\u011fer tavsiye ederse, sinir doktoruna gitmeye ve sonra da gerekli g\u00f6r\u00fcl\u00fcrse Tahir&#8217;i psikologa g\u00f6t\u00fcrmeye karar verdiler.<\/p>\n<p>Yolda bir g\u00fcr\u00fclt\u00fc, i\u00e7eride ayak sesleri ve hizmet\u00e7ilerin sesi duyuldu\u011funda, anne baba bah\u00e7ede baz\u0131 misafirleri kar\u015f\u0131l\u0131yor, Semir ve H\u00fbda ders \u00e7al\u0131\u015f\u0131yordu.<\/p>\n<p>Alt katta yang\u0131n \u00e7\u0131kt\u0131\u011f\u0131 anla\u015f\u0131lm\u0131\u015ft\u0131. Herkes yola ko\u015ftu. Hizmet\u00e7ilerden birisi Tahir&#8217;in elinden tutuyordu. \u0130tfaiye geldi, yang\u0131n\u0131 etrafa yay\u0131lmadan s\u00f6nd\u00fcrd\u00fc. Sorgulama esnas\u0131nda Tahir, &#8220;Evet, evet, benzini d\u00f6k\u00fcp ate\u015fi yakan benim,&#8221; dedi.<\/p>\n<p>Sebep sorulunca da \u00f6nemsemeksizin, &#8220;Hat\u0131rlam\u0131yorum,&#8221; dedi.<\/p>\n<p>Sonra sessizli\u011fe dald\u0131.<\/p>\n<p>Ambulans hareket etti. Tahir eli ve aya\u011f\u0131 ba\u011fl\u0131, anne babas\u0131n\u0131n aras\u0131na oturdu. \u00d6nlerinde hastane g\u00f6revlisi vard\u0131.<\/p>\n<p>&#8220;Bu durumdan \u00e7ok daha a\u011f\u0131r vakalar g\u00f6rd\u00fck. Sonunda hepsi de normale d\u00f6nd\u00fcler.&#8221;<\/p>\n<p>Baba, &#8220;Akl\u0131n gitmesi felakettir. Hi\u00e7bir felaket bundan daha k\u00f6t\u00fc olamaz!&#8221; demek istedi, fakat a\u011fz\u0131n\u0131 a\u00e7mad\u0131. Sadece kendi kendine, &#8220;Bunun anlam\u0131 ne? Bir hata m\u0131 yapt\u0131k? Evi, akl\u0131n ve d\u00fczenin hakim oldu\u011fu bir evdi, hala da \u00f6yle. K\u00f6t\u00fcl\u00fck oraya nas\u0131l s\u0131zd\u0131?&#8221; diye d\u00fc\u015f\u00fcnd\u00fc.<\/p>\n<p>\u00dcz\u00fcnt\u00fc onu yedi bitirdi. \u0130\u00e7 ge\u00e7irmeleri birbirini takip etti ve g\u00f6z ucuyla sevgili o\u011fluna bakt\u0131. Onun, g\u00f6zlerini kapatt\u0131\u011f\u0131n\u0131, dudaklar\u0131n\u0131 \u0131s\u0131rd\u0131\u011f\u0131n\u0131 g\u00f6rd\u00fc.<\/p>\n<p>Hastane g\u00f6revlisi gergin havay\u0131 yumu\u015fatmak i\u00e7in, &#8220;Hastane onun i\u00e7in en iyi yer. Bunun i\u00e7in \u00fcz\u00fclmeyin. Yap\u0131lmas\u0131 gereken&#8230;&#8221; diye teselliye \u00e7al\u0131\u015ft\u0131.<\/p>\n<p>Hasan Dehman&#8217;\u0131n konu\u015facak hali yoktu, fakat elinden geldi\u011fince adama nazik davranmak istedi. Son derece \u00fcz\u00fcnt\u00fcyle, &#8220;Do\u011fru s\u00f6yl\u00fcyorsunuz. Bu &#8216;akl\u0131n gere\u011fidir,&#8221;&#8216; diye m\u0131r\u0131ldand\u0131.<\/p>\n<p style=\"text-align: justify;\"><strong>Ak\u0131l Bunu Gerektirir<\/p>\n<p> Necib Mahfuz<\/strong><\/p>\n","protected":false},"excerpt":{"rendered":"<p>Aile meclisi toplanm\u0131\u015ft\u0131. Bu, e\u011fitimci ve psikolog Hasan Dehman ve \u00c7al\u0131\u015fma Bakanl\u0131\u011f\u0131&#8217;nda m\u00fcfetti\u015f olan e\u015fi Nazire sayesinde uzun zamand\u0131r s\u00fcrd\u00fcr\u00fclen g\u00fczel bir gelenekti. Bu meclisin amac\u0131, \u00e7ocuklar\u0131n davran\u0131\u015flar\u0131nda ak\u0131llar\u0131n\u0131 kullanmalar\u0131n\u0131 temin etmenin yan\u0131 s\u0131ra, sorumluluk y\u00fcklenmelerine ve hayat\u0131 anlamalar\u0131na ortak olmalar\u0131 i\u00e7in izledikleri bir e\u011fitim sistemiydi. Anne, &#8220;Tahir&#8217;in sorununu tart\u0131\u015fmak i\u00e7in toplanm\u0131\u015f bulunuyoruz,&#8221; dedi. Tahir [&hellip;]<\/p>\n","protected":false},"author":1,"featured_media":0,"comment_status":"open","ping_status":"open","sticky":false,"template":"","format":"standard","meta":{"footnotes":""},"categories":[115],"tags":[],"class_list":{"0":"post-4833","1":"post","2":"type-post","3":"status-publish","4":"format-standard","6":"category-ceviri-oykuler"},"yoast_head":"<!-- This site is optimized with the Yoast SEO Premium plugin v24.9 (Yoast SEO v24.9) - https:\/\/yoast.com\/wordpress\/plugins\/seo\/ -->\n<title>Evi, akl\u0131n ve d\u00fczenin hakim oldu\u011fu bir evdi, K\u00f6t\u00fcl\u00fck oraya nas\u0131l s\u0131zd\u0131? | Necib Mahfuz - narteks.net<\/title>\n<meta name=\"robots\" content=\"index, follow, max-snippet:-1, max-image-preview:large, max-video-preview:-1\" \/>\n<link rel=\"canonical\" href=\"https:\/\/narteks.net\/index.php\/2011\/01\/04\/evi-aklin-ve-duzenin-hakim-oldugu-bir-evdi-kotuluk-oraya-nasil-sizdi-necib-mahfuz\/\" \/>\n<meta property=\"og:locale\" content=\"tr_TR\" \/>\n<meta property=\"og:type\" content=\"article\" \/>\n<meta property=\"og:title\" content=\"Evi, akl\u0131n ve d\u00fczenin hakim oldu\u011fu bir evdi, K\u00f6t\u00fcl\u00fck oraya nas\u0131l s\u0131zd\u0131? | Necib Mahfuz\" \/>\n<meta property=\"og:description\" content=\"Aile meclisi toplanm\u0131\u015ft\u0131. Bu, e\u011fitimci ve psikolog Hasan Dehman ve \u00c7al\u0131\u015fma Bakanl\u0131\u011f\u0131&#8217;nda m\u00fcfetti\u015f olan e\u015fi Nazire sayesinde uzun zamand\u0131r s\u00fcrd\u00fcr\u00fclen g\u00fczel bir gelenekti. Bu meclisin amac\u0131, \u00e7ocuklar\u0131n davran\u0131\u015flar\u0131nda ak\u0131llar\u0131n\u0131 kullanmalar\u0131n\u0131 temin etmenin yan\u0131 s\u0131ra, sorumluluk y\u00fcklenmelerine ve hayat\u0131 anlamalar\u0131na ortak olmalar\u0131 i\u00e7in izledikleri bir e\u011fitim sistemiydi. Anne, &#8220;Tahir&#8217;in sorununu tart\u0131\u015fmak i\u00e7in toplanm\u0131\u015f bulunuyoruz,&#8221; dedi. Tahir [&hellip;]\" \/>\n<meta property=\"og:url\" content=\"https:\/\/narteks.net\/index.php\/2011\/01\/04\/evi-aklin-ve-duzenin-hakim-oldugu-bir-evdi-kotuluk-oraya-nasil-sizdi-necib-mahfuz\/\" \/>\n<meta property=\"og:site_name\" content=\"narteks.net\" \/>\n<meta property=\"article:published_time\" content=\"2011-01-04T09:49:19+00:00\" \/>\n<meta property=\"og:image\" content=\"http:\/\/www.turkcebilgi.com\/uploads\/media\/resim\/necip_mahfuz.jpg\" \/>\n<meta name=\"author\" content=\"Tar\u0131k\" \/>\n<meta name=\"twitter:card\" content=\"summary_large_image\" \/>\n<meta name=\"twitter:creator\" content=\"@narteks\" \/>\n<meta name=\"twitter:site\" content=\"@narteks\" \/>\n<meta name=\"twitter:label1\" content=\"Yazan:\" \/>\n\t<meta name=\"twitter:data1\" content=\"Tar\u0131k\" \/>\n\t<meta name=\"twitter:label2\" content=\"Tahmini okuma s\u00fcresi\" \/>\n\t<meta name=\"twitter:data2\" content=\"11 dakika\" \/>\n<script type=\"application\/ld+json\" class=\"yoast-schema-graph\">{\"@context\":\"https:\/\/schema.org\",\"@graph\":[{\"@type\":\"Article\",\"@id\":\"https:\/\/narteks.net\/index.php\/2011\/01\/04\/evi-aklin-ve-duzenin-hakim-oldugu-bir-evdi-kotuluk-oraya-nasil-sizdi-necib-mahfuz\/#article\",\"isPartOf\":{\"@id\":\"https:\/\/narteks.net\/index.php\/2011\/01\/04\/evi-aklin-ve-duzenin-hakim-oldugu-bir-evdi-kotuluk-oraya-nasil-sizdi-necib-mahfuz\/\"},\"author\":{\"name\":\"Tar\u0131k\",\"@id\":\"https:\/\/narteks.net\/#\/schema\/person\/61f37d9834294b72d31d274e7ed79bca\"},\"headline\":\"Evi, akl\u0131n ve d\u00fczenin hakim oldu\u011fu bir evdi, K\u00f6t\u00fcl\u00fck oraya nas\u0131l s\u0131zd\u0131? | Necib Mahfuz\",\"datePublished\":\"2011-01-04T09:49:19+00:00\",\"mainEntityOfPage\":{\"@id\":\"https:\/\/narteks.net\/index.php\/2011\/01\/04\/evi-aklin-ve-duzenin-hakim-oldugu-bir-evdi-kotuluk-oraya-nasil-sizdi-necib-mahfuz\/\"},\"wordCount\":2244,\"commentCount\":0,\"publisher\":{\"@id\":\"https:\/\/narteks.net\/#organization\"},\"image\":{\"@id\":\"https:\/\/narteks.net\/index.php\/2011\/01\/04\/evi-aklin-ve-duzenin-hakim-oldugu-bir-evdi-kotuluk-oraya-nasil-sizdi-necib-mahfuz\/#primaryimage\"},\"thumbnailUrl\":\"http:\/\/www.turkcebilgi.com\/uploads\/media\/resim\/necip_mahfuz.jpg\",\"articleSection\":[\"\u00c7eviri \u00d6yk\u00fcler\"],\"inLanguage\":\"tr\",\"potentialAction\":[{\"@type\":\"CommentAction\",\"name\":\"Comment\",\"target\":[\"https:\/\/narteks.net\/index.php\/2011\/01\/04\/evi-aklin-ve-duzenin-hakim-oldugu-bir-evdi-kotuluk-oraya-nasil-sizdi-necib-mahfuz\/#respond\"]}]},{\"@type\":\"WebPage\",\"@id\":\"https:\/\/narteks.net\/index.php\/2011\/01\/04\/evi-aklin-ve-duzenin-hakim-oldugu-bir-evdi-kotuluk-oraya-nasil-sizdi-necib-mahfuz\/\",\"url\":\"https:\/\/narteks.net\/index.php\/2011\/01\/04\/evi-aklin-ve-duzenin-hakim-oldugu-bir-evdi-kotuluk-oraya-nasil-sizdi-necib-mahfuz\/\",\"name\":\"Evi, akl\u0131n ve d\u00fczenin hakim oldu\u011fu bir evdi, K\u00f6t\u00fcl\u00fck oraya nas\u0131l s\u0131zd\u0131? | Necib Mahfuz - narteks.net\",\"isPartOf\":{\"@id\":\"https:\/\/narteks.net\/#website\"},\"primaryImageOfPage\":{\"@id\":\"https:\/\/narteks.net\/index.php\/2011\/01\/04\/evi-aklin-ve-duzenin-hakim-oldugu-bir-evdi-kotuluk-oraya-nasil-sizdi-necib-mahfuz\/#primaryimage\"},\"image\":{\"@id\":\"https:\/\/narteks.net\/index.php\/2011\/01\/04\/evi-aklin-ve-duzenin-hakim-oldugu-bir-evdi-kotuluk-oraya-nasil-sizdi-necib-mahfuz\/#primaryimage\"},\"thumbnailUrl\":\"http:\/\/www.turkcebilgi.com\/uploads\/media\/resim\/necip_mahfuz.jpg\",\"datePublished\":\"2011-01-04T09:49:19+00:00\",\"breadcrumb\":{\"@id\":\"https:\/\/narteks.net\/index.php\/2011\/01\/04\/evi-aklin-ve-duzenin-hakim-oldugu-bir-evdi-kotuluk-oraya-nasil-sizdi-necib-mahfuz\/#breadcrumb\"},\"inLanguage\":\"tr\",\"potentialAction\":[{\"@type\":\"ReadAction\",\"target\":[\"https:\/\/narteks.net\/index.php\/2011\/01\/04\/evi-aklin-ve-duzenin-hakim-oldugu-bir-evdi-kotuluk-oraya-nasil-sizdi-necib-mahfuz\/\"]}]},{\"@type\":\"ImageObject\",\"inLanguage\":\"tr\",\"@id\":\"https:\/\/narteks.net\/index.php\/2011\/01\/04\/evi-aklin-ve-duzenin-hakim-oldugu-bir-evdi-kotuluk-oraya-nasil-sizdi-necib-mahfuz\/#primaryimage\",\"url\":\"http:\/\/www.turkcebilgi.com\/uploads\/media\/resim\/necip_mahfuz.jpg\",\"contentUrl\":\"http:\/\/www.turkcebilgi.com\/uploads\/media\/resim\/necip_mahfuz.jpg\"},{\"@type\":\"BreadcrumbList\",\"@id\":\"https:\/\/narteks.net\/index.php\/2011\/01\/04\/evi-aklin-ve-duzenin-hakim-oldugu-bir-evdi-kotuluk-oraya-nasil-sizdi-necib-mahfuz\/#breadcrumb\",\"itemListElement\":[{\"@type\":\"ListItem\",\"position\":1,\"name\":\"Anasayfa\",\"item\":\"https:\/\/narteks.net\/\"},{\"@type\":\"ListItem\",\"position\":2,\"name\":\"Evi, akl\u0131n ve d\u00fczenin hakim oldu\u011fu bir evdi, K\u00f6t\u00fcl\u00fck oraya nas\u0131l s\u0131zd\u0131? | Necib Mahfuz\"}]},{\"@type\":\"WebSite\",\"@id\":\"https:\/\/narteks.net\/#website\",\"url\":\"https:\/\/narteks.net\/\",\"name\":\"narteks.net\",\"description\":\"K\u00fclt\u00fcr Sanat Edebiyat Felsefe\",\"publisher\":{\"@id\":\"https:\/\/narteks.net\/#organization\"},\"alternateName\":\"K\u00fclt\u00fcr Sanat Edebiyat Felsefe\",\"potentialAction\":[{\"@type\":\"SearchAction\",\"target\":{\"@type\":\"EntryPoint\",\"urlTemplate\":\"https:\/\/narteks.net\/?s={search_term_string}\"},\"query-input\":{\"@type\":\"PropertyValueSpecification\",\"valueRequired\":true,\"valueName\":\"search_term_string\"}}],\"inLanguage\":\"tr\"},{\"@type\":\"Organization\",\"@id\":\"https:\/\/narteks.net\/#organization\",\"name\":\"narteks.net\",\"url\":\"https:\/\/narteks.net\/\",\"logo\":{\"@type\":\"ImageObject\",\"inLanguage\":\"tr\",\"@id\":\"https:\/\/narteks.net\/#\/schema\/logo\/image\/\",\"url\":\"https:\/\/narteks.net\/wp-content\/uploads\/narteks.png\",\"contentUrl\":\"https:\/\/narteks.net\/wp-content\/uploads\/narteks.png\",\"width\":300,\"height\":90,\"caption\":\"narteks.net\"},\"image\":{\"@id\":\"https:\/\/narteks.net\/#\/schema\/logo\/image\/\"},\"sameAs\":[\"https:\/\/x.com\/narteks\",\"https:\/\/instagram.com\/narteksnet\"]},{\"@type\":\"Person\",\"@id\":\"https:\/\/narteks.net\/#\/schema\/person\/61f37d9834294b72d31d274e7ed79bca\",\"name\":\"Tar\u0131k\",\"image\":{\"@type\":\"ImageObject\",\"inLanguage\":\"tr\",\"@id\":\"https:\/\/narteks.net\/#\/schema\/person\/image\/\",\"url\":\"https:\/\/secure.gravatar.com\/avatar\/50865afb55632c4ae467e0af0930f6510aa2297d8014be502a55b14f3b7550cf?s=96&d=mm&r=g\",\"contentUrl\":\"https:\/\/secure.gravatar.com\/avatar\/50865afb55632c4ae467e0af0930f6510aa2297d8014be502a55b14f3b7550cf?s=96&d=mm&r=g\",\"caption\":\"Tar\u0131k\"},\"sameAs\":[\"http:\/\/narteks.net\"],\"url\":\"https:\/\/narteks.net\/index.php\/author\/narbak\/\"}]}<\/script>\n<!-- \/ Yoast SEO Premium plugin. -->","yoast_head_json":{"title":"Evi, akl\u0131n ve d\u00fczenin hakim oldu\u011fu bir evdi, K\u00f6t\u00fcl\u00fck oraya nas\u0131l s\u0131zd\u0131? | Necib Mahfuz - narteks.net","robots":{"index":"index","follow":"follow","max-snippet":"max-snippet:-1","max-image-preview":"max-image-preview:large","max-video-preview":"max-video-preview:-1"},"canonical":"https:\/\/narteks.net\/index.php\/2011\/01\/04\/evi-aklin-ve-duzenin-hakim-oldugu-bir-evdi-kotuluk-oraya-nasil-sizdi-necib-mahfuz\/","og_locale":"tr_TR","og_type":"article","og_title":"Evi, akl\u0131n ve d\u00fczenin hakim oldu\u011fu bir evdi, K\u00f6t\u00fcl\u00fck oraya nas\u0131l s\u0131zd\u0131? | Necib Mahfuz","og_description":"Aile meclisi toplanm\u0131\u015ft\u0131. Bu, e\u011fitimci ve psikolog Hasan Dehman ve \u00c7al\u0131\u015fma Bakanl\u0131\u011f\u0131&#8217;nda m\u00fcfetti\u015f olan e\u015fi Nazire sayesinde uzun zamand\u0131r s\u00fcrd\u00fcr\u00fclen g\u00fczel bir gelenekti. Bu meclisin amac\u0131, \u00e7ocuklar\u0131n davran\u0131\u015flar\u0131nda ak\u0131llar\u0131n\u0131 kullanmalar\u0131n\u0131 temin etmenin yan\u0131 s\u0131ra, sorumluluk y\u00fcklenmelerine ve hayat\u0131 anlamalar\u0131na ortak olmalar\u0131 i\u00e7in izledikleri bir e\u011fitim sistemiydi. Anne, &#8220;Tahir&#8217;in sorununu tart\u0131\u015fmak i\u00e7in toplanm\u0131\u015f bulunuyoruz,&#8221; dedi. Tahir [&hellip;]","og_url":"https:\/\/narteks.net\/index.php\/2011\/01\/04\/evi-aklin-ve-duzenin-hakim-oldugu-bir-evdi-kotuluk-oraya-nasil-sizdi-necib-mahfuz\/","og_site_name":"narteks.net","article_published_time":"2011-01-04T09:49:19+00:00","og_image":[{"url":"http:\/\/www.turkcebilgi.com\/uploads\/media\/resim\/necip_mahfuz.jpg","type":"","width":"","height":""}],"author":"Tar\u0131k","twitter_card":"summary_large_image","twitter_creator":"@narteks","twitter_site":"@narteks","twitter_misc":{"Yazan:":"Tar\u0131k","Tahmini okuma s\u00fcresi":"11 dakika"},"schema":{"@context":"https:\/\/schema.org","@graph":[{"@type":"Article","@id":"https:\/\/narteks.net\/index.php\/2011\/01\/04\/evi-aklin-ve-duzenin-hakim-oldugu-bir-evdi-kotuluk-oraya-nasil-sizdi-necib-mahfuz\/#article","isPartOf":{"@id":"https:\/\/narteks.net\/index.php\/2011\/01\/04\/evi-aklin-ve-duzenin-hakim-oldugu-bir-evdi-kotuluk-oraya-nasil-sizdi-necib-mahfuz\/"},"author":{"name":"Tar\u0131k","@id":"https:\/\/narteks.net\/#\/schema\/person\/61f37d9834294b72d31d274e7ed79bca"},"headline":"Evi, akl\u0131n ve d\u00fczenin hakim oldu\u011fu bir evdi, K\u00f6t\u00fcl\u00fck oraya nas\u0131l s\u0131zd\u0131? | Necib Mahfuz","datePublished":"2011-01-04T09:49:19+00:00","mainEntityOfPage":{"@id":"https:\/\/narteks.net\/index.php\/2011\/01\/04\/evi-aklin-ve-duzenin-hakim-oldugu-bir-evdi-kotuluk-oraya-nasil-sizdi-necib-mahfuz\/"},"wordCount":2244,"commentCount":0,"publisher":{"@id":"https:\/\/narteks.net\/#organization"},"image":{"@id":"https:\/\/narteks.net\/index.php\/2011\/01\/04\/evi-aklin-ve-duzenin-hakim-oldugu-bir-evdi-kotuluk-oraya-nasil-sizdi-necib-mahfuz\/#primaryimage"},"thumbnailUrl":"http:\/\/www.turkcebilgi.com\/uploads\/media\/resim\/necip_mahfuz.jpg","articleSection":["\u00c7eviri \u00d6yk\u00fcler"],"inLanguage":"tr","potentialAction":[{"@type":"CommentAction","name":"Comment","target":["https:\/\/narteks.net\/index.php\/2011\/01\/04\/evi-aklin-ve-duzenin-hakim-oldugu-bir-evdi-kotuluk-oraya-nasil-sizdi-necib-mahfuz\/#respond"]}]},{"@type":"WebPage","@id":"https:\/\/narteks.net\/index.php\/2011\/01\/04\/evi-aklin-ve-duzenin-hakim-oldugu-bir-evdi-kotuluk-oraya-nasil-sizdi-necib-mahfuz\/","url":"https:\/\/narteks.net\/index.php\/2011\/01\/04\/evi-aklin-ve-duzenin-hakim-oldugu-bir-evdi-kotuluk-oraya-nasil-sizdi-necib-mahfuz\/","name":"Evi, akl\u0131n ve d\u00fczenin hakim oldu\u011fu bir evdi, K\u00f6t\u00fcl\u00fck oraya nas\u0131l s\u0131zd\u0131? | Necib Mahfuz - narteks.net","isPartOf":{"@id":"https:\/\/narteks.net\/#website"},"primaryImageOfPage":{"@id":"https:\/\/narteks.net\/index.php\/2011\/01\/04\/evi-aklin-ve-duzenin-hakim-oldugu-bir-evdi-kotuluk-oraya-nasil-sizdi-necib-mahfuz\/#primaryimage"},"image":{"@id":"https:\/\/narteks.net\/index.php\/2011\/01\/04\/evi-aklin-ve-duzenin-hakim-oldugu-bir-evdi-kotuluk-oraya-nasil-sizdi-necib-mahfuz\/#primaryimage"},"thumbnailUrl":"http:\/\/www.turkcebilgi.com\/uploads\/media\/resim\/necip_mahfuz.jpg","datePublished":"2011-01-04T09:49:19+00:00","breadcrumb":{"@id":"https:\/\/narteks.net\/index.php\/2011\/01\/04\/evi-aklin-ve-duzenin-hakim-oldugu-bir-evdi-kotuluk-oraya-nasil-sizdi-necib-mahfuz\/#breadcrumb"},"inLanguage":"tr","potentialAction":[{"@type":"ReadAction","target":["https:\/\/narteks.net\/index.php\/2011\/01\/04\/evi-aklin-ve-duzenin-hakim-oldugu-bir-evdi-kotuluk-oraya-nasil-sizdi-necib-mahfuz\/"]}]},{"@type":"ImageObject","inLanguage":"tr","@id":"https:\/\/narteks.net\/index.php\/2011\/01\/04\/evi-aklin-ve-duzenin-hakim-oldugu-bir-evdi-kotuluk-oraya-nasil-sizdi-necib-mahfuz\/#primaryimage","url":"http:\/\/www.turkcebilgi.com\/uploads\/media\/resim\/necip_mahfuz.jpg","contentUrl":"http:\/\/www.turkcebilgi.com\/uploads\/media\/resim\/necip_mahfuz.jpg"},{"@type":"BreadcrumbList","@id":"https:\/\/narteks.net\/index.php\/2011\/01\/04\/evi-aklin-ve-duzenin-hakim-oldugu-bir-evdi-kotuluk-oraya-nasil-sizdi-necib-mahfuz\/#breadcrumb","itemListElement":[{"@type":"ListItem","position":1,"name":"Anasayfa","item":"https:\/\/narteks.net\/"},{"@type":"ListItem","position":2,"name":"Evi, akl\u0131n ve d\u00fczenin hakim oldu\u011fu bir evdi, K\u00f6t\u00fcl\u00fck oraya nas\u0131l s\u0131zd\u0131? | Necib Mahfuz"}]},{"@type":"WebSite","@id":"https:\/\/narteks.net\/#website","url":"https:\/\/narteks.net\/","name":"narteks.net","description":"K\u00fclt\u00fcr Sanat Edebiyat Felsefe","publisher":{"@id":"https:\/\/narteks.net\/#organization"},"alternateName":"K\u00fclt\u00fcr Sanat Edebiyat Felsefe","potentialAction":[{"@type":"SearchAction","target":{"@type":"EntryPoint","urlTemplate":"https:\/\/narteks.net\/?s={search_term_string}"},"query-input":{"@type":"PropertyValueSpecification","valueRequired":true,"valueName":"search_term_string"}}],"inLanguage":"tr"},{"@type":"Organization","@id":"https:\/\/narteks.net\/#organization","name":"narteks.net","url":"https:\/\/narteks.net\/","logo":{"@type":"ImageObject","inLanguage":"tr","@id":"https:\/\/narteks.net\/#\/schema\/logo\/image\/","url":"https:\/\/narteks.net\/wp-content\/uploads\/narteks.png","contentUrl":"https:\/\/narteks.net\/wp-content\/uploads\/narteks.png","width":300,"height":90,"caption":"narteks.net"},"image":{"@id":"https:\/\/narteks.net\/#\/schema\/logo\/image\/"},"sameAs":["https:\/\/x.com\/narteks","https:\/\/instagram.com\/narteksnet"]},{"@type":"Person","@id":"https:\/\/narteks.net\/#\/schema\/person\/61f37d9834294b72d31d274e7ed79bca","name":"Tar\u0131k","image":{"@type":"ImageObject","inLanguage":"tr","@id":"https:\/\/narteks.net\/#\/schema\/person\/image\/","url":"https:\/\/secure.gravatar.com\/avatar\/50865afb55632c4ae467e0af0930f6510aa2297d8014be502a55b14f3b7550cf?s=96&d=mm&r=g","contentUrl":"https:\/\/secure.gravatar.com\/avatar\/50865afb55632c4ae467e0af0930f6510aa2297d8014be502a55b14f3b7550cf?s=96&d=mm&r=g","caption":"Tar\u0131k"},"sameAs":["http:\/\/narteks.net"],"url":"https:\/\/narteks.net\/index.php\/author\/narbak\/"}]}},"_links":{"self":[{"href":"https:\/\/narteks.net\/index.php\/wp-json\/wp\/v2\/posts\/4833","targetHints":{"allow":["GET"]}}],"collection":[{"href":"https:\/\/narteks.net\/index.php\/wp-json\/wp\/v2\/posts"}],"about":[{"href":"https:\/\/narteks.net\/index.php\/wp-json\/wp\/v2\/types\/post"}],"author":[{"embeddable":true,"href":"https:\/\/narteks.net\/index.php\/wp-json\/wp\/v2\/users\/1"}],"replies":[{"embeddable":true,"href":"https:\/\/narteks.net\/index.php\/wp-json\/wp\/v2\/comments?post=4833"}],"version-history":[{"count":0,"href":"https:\/\/narteks.net\/index.php\/wp-json\/wp\/v2\/posts\/4833\/revisions"}],"wp:attachment":[{"href":"https:\/\/narteks.net\/index.php\/wp-json\/wp\/v2\/media?parent=4833"}],"wp:term":[{"taxonomy":"category","embeddable":true,"href":"https:\/\/narteks.net\/index.php\/wp-json\/wp\/v2\/categories?post=4833"},{"taxonomy":"post_tag","embeddable":true,"href":"https:\/\/narteks.net\/index.php\/wp-json\/wp\/v2\/tags?post=4833"}],"curies":[{"name":"wp","href":"https:\/\/api.w.org\/{rel}","templated":true}]}}