{"id":484,"date":"2009-04-12T12:51:11","date_gmt":"2009-04-12T09:51:11","guid":{"rendered":"http:\/\/localhost\/wordpress\/2009\/04\/12\/bana-bir-simsek-cak\/"},"modified":"2009-04-12T12:51:11","modified_gmt":"2009-04-12T09:51:11","slug":"bana-bir-simsek-cak","status":"publish","type":"post","link":"https:\/\/narteks.net\/index.php\/2009\/04\/12\/bana-bir-simsek-cak\/","title":{"rendered":"BANA B\u0130R \u015e\u0130M\u015eEK \u00c7AK"},"content":{"rendered":"<p>\u00a0<\/p>\n<p>bana bir \u015fim\u015fek \u00e7ak <br \/> ortal\u0131k fena karanl\u0131k <br \/> y\u00fcre\u011fim \u00f6rt\u00fcl\u00fcyor <br \/> a\u011f\u0131r bir dalg\u0131nl\u0131\u011fa geni\u015fliyorum <br \/> durmadan de\u011fi\u015fen o mevsimde <br \/> da\u011flarda kal\u0131n <br \/> omuz omuza bulutlar <br \/> \u00e7ok fena kalabal\u0131k <br \/> ellerim \u00e7\u0131plak <br \/> bana bir \u015fim\u015fek \u00e7ak <br \/> k\u00f6t\u00fc bir tuzaktay\u0131m <br \/> bilmem ne yapsak <br \/> akl\u0131mda fikrimde onlar <br \/> ya\u015fl\u0131 ve gen\u00e7 <br \/> erkek ve kad\u0131n <br \/> korkular\u0131ma tutsak <\/p>\n<p> bana bir \u015fim\u015fek \u00e7ak <br \/> i\u00e7im i\u00e7ime s\u0131\u011fm\u0131yor art\u0131k <br \/> vahim bir \u00e7a\u011fr\u0131\u015f\u0131mdan <br \/> daha vahimine atlamaktay\u0131m <br \/> bana bir \u015fim\u015fek \u00e7ak <br \/> belki fena halde <br \/> yan\u0131lmaktay\u0131m <br \/> o ince k\u0131z \u00e7ocu\u011fu <br \/> g\u00fcn do\u011fmadan her sabah <br \/> bir hapisaneden bir nezarethaneye <br \/> kelep\u00e7eli g\u00f6t\u00fcr\u00fcl\u00fcyor <br \/> dudaklar\u0131 titrek <br \/> g\u00f6zlerinde bu\u011fu <br \/> bilmem ki nas\u0131l anlatay\u0131m <br \/> ba\u011f\u0131\u015flanmaz su\u00e7u d\u00fcnyay\u0131 sevmek <br \/> bir de o <br \/> ad\u0131n\u0131 bile bilmedi\u011fi <br \/> k\u0131v\u0131rc\u0131k sa\u00e7l\u0131&#8217;devrimci&#8217;\u00f6\u011frenciyi <br \/> fak\u00fclte kap\u0131s\u0131nda vurulmu\u015f <br \/> ya\u011fmurun alt\u0131nda <br \/> \u00e7\u0131plak <br \/> bana bir \u015fim\u015fek \u00e7ak <br \/> \u00e7ok yanl\u0131\u015f anla\u015f\u0131lmaktay\u0131m <br \/> hesab\u0131m yanl\u0131\u015f bir mahkemede g\u00f6r\u00fcl\u00fcyor <br \/> i\u00e7imdeki zemberek <br \/> bo\u015fand\u0131 bo\u015fanacak <br \/> ya\u015famak m\u0131 gerek <br \/> yoksa unutmak m\u0131 <br \/> \u015fa\u015f\u0131rmaktay\u0131m <br \/> galiyef yolda\u015f ne olacak <br \/> galiyef yolda\u015f sibirya s\u00fcrg\u00fcn\u00fc <br \/> sanki yal\u0131n bir b\u0131\u00e7ak <br \/> kayarak <br \/> bir k\u0131rlang\u0131\u00e7 h\u0131z\u0131yla <br \/> bulutlar\u0131n aras\u0131ndan <br \/> karanl\u0131\u011f\u0131n b\u00f6\u011fr\u00fcne saplanacak <\/p>\n<p> galiyef yolda\u015f ne olacak <br \/> galiyef yolda\u015f sibirya s\u00fcrg\u00fcn\u00fc <br \/> elinde bir mektup eski yaz\u0131yla <br \/> art\u0131k y\u00fcz\u00fcn\u00fc bile unuttu\u011fu <br \/> kar\u0131s\u0131ndan <br \/> burnunda sadece kokusu var <br \/> ilkbahar kadar m\u00fc\u015ffik <br \/> sonbahar kadar yumu\u015fak <br \/> galiyef yolda\u015f ne olacak <br \/> avrasyada hala mazlumlar\u0131n u\u011fultusu <br \/> k\u0131sa bozk\u0131r atlar\u0131n\u0131n nallar\u0131ndan <br \/> gizli k\u0131v\u0131lc\u0131mlar ki etrafa sa\u00e7\u0131l\u0131yor <br \/> azadl\u0131k mermileridir <br \/> \u00e7ekirdekleri \u00e7elik <br \/> cehennem gibi s\u0131cak <\/p>\n<p> bana bir \u015fim\u015fek \u00e7ak <br \/> sala veriliyor g\u00f6r\u00fcnmez minarelerden <br \/> \u0130zmir de istibdat&#8217;\u0131 ya\u015famaktay\u0131m <br \/> bir yang\u0131n solu\u011fu sokak i\u00e7lerinden <br \/> kordonboyunda muzaffer atl\u0131lar <br \/> fahrettin pa\u015fan\u0131n s\u00fcvarisi <br \/> bana bir \u015fim\u015fek \u00e7ak <br \/> yolumu ayd\u0131nlatacak <br \/> gazi&#8217;nin g\u00f6zlerinden <br \/> mavi bir \u015fim\u015fek <br \/> kuva-y\u0131 milliye mavisi <br \/> ayn\u0131 emaneti ta\u015f\u0131maktay\u0131m <br \/> &#8216;h\u00fcrriyet ve istiklal benim karakterimdir&#8217; <br \/> \u00e7\u00fcnk\u00fc hain sinsi ve korkak <br \/> ayn\u0131 d\u00fc\u015fmana kar\u015f\u0131 <br \/> sava\u015fmaktay\u0131m<\/p>\n<p>Attila \u0130LHAN<\/p>\n","protected":false},"excerpt":{"rendered":"<p>\u00a0 bana bir \u015fim\u015fek \u00e7ak ortal\u0131k fena karanl\u0131k y\u00fcre\u011fim \u00f6rt\u00fcl\u00fcyor a\u011f\u0131r bir dalg\u0131nl\u0131\u011fa geni\u015fliyorum durmadan de\u011fi\u015fen o mevsimde da\u011flarda kal\u0131n omuz omuza bulutlar \u00e7ok fena kalabal\u0131k ellerim \u00e7\u0131plak bana bir \u015fim\u015fek \u00e7ak k\u00f6t\u00fc bir tuzaktay\u0131m bilmem ne yapsak akl\u0131mda fikrimde onlar ya\u015fl\u0131 ve gen\u00e7 erkek ve kad\u0131n korkular\u0131ma tutsak bana bir \u015fim\u015fek \u00e7ak i\u00e7im i\u00e7ime [&hellip;]<\/p>\n","protected":false},"author":1,"featured_media":0,"comment_status":"open","ping_status":"open","sticky":false,"template":"","format":"standard","meta":{"footnotes":""},"categories":[11],"tags":[],"class_list":{"0":"post-484","1":"post","2":"type-post","3":"status-publish","4":"format-standard","6":"category-attila-ilhan"},"yoast_head":"<!-- This site is optimized with the Yoast SEO Premium plugin v24.9 (Yoast SEO v24.9) - https:\/\/yoast.com\/wordpress\/plugins\/seo\/ -->\n<title>BANA B\u0130R \u015e\u0130M\u015eEK \u00c7AK - narteks.net<\/title>\n<meta name=\"robots\" content=\"index, follow, max-snippet:-1, max-image-preview:large, max-video-preview:-1\" \/>\n<link rel=\"canonical\" href=\"https:\/\/narteks.net\/index.php\/2009\/04\/12\/bana-bir-simsek-cak\/\" \/>\n<meta property=\"og:locale\" content=\"tr_TR\" \/>\n<meta property=\"og:type\" content=\"article\" \/>\n<meta property=\"og:title\" content=\"BANA B\u0130R \u015e\u0130M\u015eEK \u00c7AK\" \/>\n<meta property=\"og:description\" content=\"\u00a0 bana bir \u015fim\u015fek \u00e7ak ortal\u0131k fena karanl\u0131k y\u00fcre\u011fim \u00f6rt\u00fcl\u00fcyor a\u011f\u0131r bir dalg\u0131nl\u0131\u011fa geni\u015fliyorum durmadan de\u011fi\u015fen o mevsimde da\u011flarda kal\u0131n omuz omuza bulutlar \u00e7ok fena kalabal\u0131k ellerim \u00e7\u0131plak bana bir \u015fim\u015fek \u00e7ak k\u00f6t\u00fc bir tuzaktay\u0131m bilmem ne yapsak akl\u0131mda fikrimde onlar ya\u015fl\u0131 ve gen\u00e7 erkek ve kad\u0131n korkular\u0131ma tutsak bana bir \u015fim\u015fek \u00e7ak i\u00e7im i\u00e7ime [&hellip;]\" \/>\n<meta property=\"og:url\" content=\"https:\/\/narteks.net\/index.php\/2009\/04\/12\/bana-bir-simsek-cak\/\" \/>\n<meta property=\"og:site_name\" content=\"narteks.net\" \/>\n<meta property=\"article:published_time\" content=\"2009-04-12T09:51:11+00:00\" \/>\n<meta property=\"og:image\" content=\"https:\/\/narteks.net\/wp-content\/uploads\/narteks.png\" \/>\n\t<meta property=\"og:image:width\" content=\"300\" \/>\n\t<meta property=\"og:image:height\" content=\"90\" \/>\n\t<meta property=\"og:image:type\" content=\"image\/png\" \/>\n<meta name=\"author\" content=\"Tar\u0131k\" \/>\n<meta name=\"twitter:card\" content=\"summary_large_image\" \/>\n<meta name=\"twitter:creator\" content=\"@narteks\" \/>\n<meta name=\"twitter:site\" content=\"@narteks\" \/>\n<meta name=\"twitter:label1\" content=\"Yazan:\" \/>\n\t<meta name=\"twitter:data1\" content=\"Tar\u0131k\" \/>\n\t<meta name=\"twitter:label2\" content=\"Tahmini okuma s\u00fcresi\" \/>\n\t<meta name=\"twitter:data2\" content=\"2 dakika\" \/>\n<script type=\"application\/ld+json\" class=\"yoast-schema-graph\">{\"@context\":\"https:\/\/schema.org\",\"@graph\":[{\"@type\":\"Article\",\"@id\":\"https:\/\/narteks.net\/index.php\/2009\/04\/12\/bana-bir-simsek-cak\/#article\",\"isPartOf\":{\"@id\":\"https:\/\/narteks.net\/index.php\/2009\/04\/12\/bana-bir-simsek-cak\/\"},\"author\":{\"name\":\"Tar\u0131k\",\"@id\":\"https:\/\/narteks.net\/#\/schema\/person\/61f37d9834294b72d31d274e7ed79bca\"},\"headline\":\"BANA B\u0130R \u015e\u0130M\u015eEK \u00c7AK\",\"datePublished\":\"2009-04-12T09:51:11+00:00\",\"mainEntityOfPage\":{\"@id\":\"https:\/\/narteks.net\/index.php\/2009\/04\/12\/bana-bir-simsek-cak\/\"},\"wordCount\":404,\"commentCount\":0,\"publisher\":{\"@id\":\"https:\/\/narteks.net\/#organization\"},\"articleSection\":[\"Attila ILHAN\"],\"inLanguage\":\"tr\",\"potentialAction\":[{\"@type\":\"CommentAction\",\"name\":\"Comment\",\"target\":[\"https:\/\/narteks.net\/index.php\/2009\/04\/12\/bana-bir-simsek-cak\/#respond\"]}]},{\"@type\":\"WebPage\",\"@id\":\"https:\/\/narteks.net\/index.php\/2009\/04\/12\/bana-bir-simsek-cak\/\",\"url\":\"https:\/\/narteks.net\/index.php\/2009\/04\/12\/bana-bir-simsek-cak\/\",\"name\":\"BANA B\u0130R \u015e\u0130M\u015eEK \u00c7AK - narteks.net\",\"isPartOf\":{\"@id\":\"https:\/\/narteks.net\/#website\"},\"datePublished\":\"2009-04-12T09:51:11+00:00\",\"breadcrumb\":{\"@id\":\"https:\/\/narteks.net\/index.php\/2009\/04\/12\/bana-bir-simsek-cak\/#breadcrumb\"},\"inLanguage\":\"tr\",\"potentialAction\":[{\"@type\":\"ReadAction\",\"target\":[\"https:\/\/narteks.net\/index.php\/2009\/04\/12\/bana-bir-simsek-cak\/\"]}]},{\"@type\":\"BreadcrumbList\",\"@id\":\"https:\/\/narteks.net\/index.php\/2009\/04\/12\/bana-bir-simsek-cak\/#breadcrumb\",\"itemListElement\":[{\"@type\":\"ListItem\",\"position\":1,\"name\":\"Anasayfa\",\"item\":\"https:\/\/narteks.net\/\"},{\"@type\":\"ListItem\",\"position\":2,\"name\":\"BANA B\u0130R \u015e\u0130M\u015eEK \u00c7AK\"}]},{\"@type\":\"WebSite\",\"@id\":\"https:\/\/narteks.net\/#website\",\"url\":\"https:\/\/narteks.net\/\",\"name\":\"narteks.net\",\"description\":\"K\u00fclt\u00fcr Sanat Edebiyat Felsefe\",\"publisher\":{\"@id\":\"https:\/\/narteks.net\/#organization\"},\"alternateName\":\"K\u00fclt\u00fcr Sanat Edebiyat Felsefe\",\"potentialAction\":[{\"@type\":\"SearchAction\",\"target\":{\"@type\":\"EntryPoint\",\"urlTemplate\":\"https:\/\/narteks.net\/?s={search_term_string}\"},\"query-input\":{\"@type\":\"PropertyValueSpecification\",\"valueRequired\":true,\"valueName\":\"search_term_string\"}}],\"inLanguage\":\"tr\"},{\"@type\":\"Organization\",\"@id\":\"https:\/\/narteks.net\/#organization\",\"name\":\"narteks.net\",\"url\":\"https:\/\/narteks.net\/\",\"logo\":{\"@type\":\"ImageObject\",\"inLanguage\":\"tr\",\"@id\":\"https:\/\/narteks.net\/#\/schema\/logo\/image\/\",\"url\":\"https:\/\/narteks.net\/wp-content\/uploads\/narteks.png\",\"contentUrl\":\"https:\/\/narteks.net\/wp-content\/uploads\/narteks.png\",\"width\":300,\"height\":90,\"caption\":\"narteks.net\"},\"image\":{\"@id\":\"https:\/\/narteks.net\/#\/schema\/logo\/image\/\"},\"sameAs\":[\"https:\/\/x.com\/narteks\",\"https:\/\/instagram.com\/narteksnet\"]},{\"@type\":\"Person\",\"@id\":\"https:\/\/narteks.net\/#\/schema\/person\/61f37d9834294b72d31d274e7ed79bca\",\"name\":\"Tar\u0131k\",\"image\":{\"@type\":\"ImageObject\",\"inLanguage\":\"tr\",\"@id\":\"https:\/\/narteks.net\/#\/schema\/person\/image\/\",\"url\":\"https:\/\/secure.gravatar.com\/avatar\/50865afb55632c4ae467e0af0930f6510aa2297d8014be502a55b14f3b7550cf?s=96&d=mm&r=g\",\"contentUrl\":\"https:\/\/secure.gravatar.com\/avatar\/50865afb55632c4ae467e0af0930f6510aa2297d8014be502a55b14f3b7550cf?s=96&d=mm&r=g\",\"caption\":\"Tar\u0131k\"},\"sameAs\":[\"http:\/\/narteks.net\"],\"url\":\"https:\/\/narteks.net\/index.php\/author\/narbak\/\"}]}<\/script>\n<!-- \/ Yoast SEO Premium plugin. -->","yoast_head_json":{"title":"BANA B\u0130R \u015e\u0130M\u015eEK \u00c7AK - narteks.net","robots":{"index":"index","follow":"follow","max-snippet":"max-snippet:-1","max-image-preview":"max-image-preview:large","max-video-preview":"max-video-preview:-1"},"canonical":"https:\/\/narteks.net\/index.php\/2009\/04\/12\/bana-bir-simsek-cak\/","og_locale":"tr_TR","og_type":"article","og_title":"BANA B\u0130R \u015e\u0130M\u015eEK \u00c7AK","og_description":"\u00a0 bana bir \u015fim\u015fek \u00e7ak ortal\u0131k fena karanl\u0131k y\u00fcre\u011fim \u00f6rt\u00fcl\u00fcyor a\u011f\u0131r bir dalg\u0131nl\u0131\u011fa geni\u015fliyorum durmadan de\u011fi\u015fen o mevsimde da\u011flarda kal\u0131n omuz omuza bulutlar \u00e7ok fena kalabal\u0131k ellerim \u00e7\u0131plak bana bir \u015fim\u015fek \u00e7ak k\u00f6t\u00fc bir tuzaktay\u0131m bilmem ne yapsak akl\u0131mda fikrimde onlar ya\u015fl\u0131 ve gen\u00e7 erkek ve kad\u0131n korkular\u0131ma tutsak bana bir \u015fim\u015fek \u00e7ak i\u00e7im i\u00e7ime [&hellip;]","og_url":"https:\/\/narteks.net\/index.php\/2009\/04\/12\/bana-bir-simsek-cak\/","og_site_name":"narteks.net","article_published_time":"2009-04-12T09:51:11+00:00","og_image":[{"width":300,"height":90,"url":"https:\/\/narteks.net\/wp-content\/uploads\/narteks.png","type":"image\/png"}],"author":"Tar\u0131k","twitter_card":"summary_large_image","twitter_creator":"@narteks","twitter_site":"@narteks","twitter_misc":{"Yazan:":"Tar\u0131k","Tahmini okuma s\u00fcresi":"2 dakika"},"schema":{"@context":"https:\/\/schema.org","@graph":[{"@type":"Article","@id":"https:\/\/narteks.net\/index.php\/2009\/04\/12\/bana-bir-simsek-cak\/#article","isPartOf":{"@id":"https:\/\/narteks.net\/index.php\/2009\/04\/12\/bana-bir-simsek-cak\/"},"author":{"name":"Tar\u0131k","@id":"https:\/\/narteks.net\/#\/schema\/person\/61f37d9834294b72d31d274e7ed79bca"},"headline":"BANA B\u0130R \u015e\u0130M\u015eEK \u00c7AK","datePublished":"2009-04-12T09:51:11+00:00","mainEntityOfPage":{"@id":"https:\/\/narteks.net\/index.php\/2009\/04\/12\/bana-bir-simsek-cak\/"},"wordCount":404,"commentCount":0,"publisher":{"@id":"https:\/\/narteks.net\/#organization"},"articleSection":["Attila ILHAN"],"inLanguage":"tr","potentialAction":[{"@type":"CommentAction","name":"Comment","target":["https:\/\/narteks.net\/index.php\/2009\/04\/12\/bana-bir-simsek-cak\/#respond"]}]},{"@type":"WebPage","@id":"https:\/\/narteks.net\/index.php\/2009\/04\/12\/bana-bir-simsek-cak\/","url":"https:\/\/narteks.net\/index.php\/2009\/04\/12\/bana-bir-simsek-cak\/","name":"BANA B\u0130R \u015e\u0130M\u015eEK \u00c7AK - narteks.net","isPartOf":{"@id":"https:\/\/narteks.net\/#website"},"datePublished":"2009-04-12T09:51:11+00:00","breadcrumb":{"@id":"https:\/\/narteks.net\/index.php\/2009\/04\/12\/bana-bir-simsek-cak\/#breadcrumb"},"inLanguage":"tr","potentialAction":[{"@type":"ReadAction","target":["https:\/\/narteks.net\/index.php\/2009\/04\/12\/bana-bir-simsek-cak\/"]}]},{"@type":"BreadcrumbList","@id":"https:\/\/narteks.net\/index.php\/2009\/04\/12\/bana-bir-simsek-cak\/#breadcrumb","itemListElement":[{"@type":"ListItem","position":1,"name":"Anasayfa","item":"https:\/\/narteks.net\/"},{"@type":"ListItem","position":2,"name":"BANA B\u0130R \u015e\u0130M\u015eEK \u00c7AK"}]},{"@type":"WebSite","@id":"https:\/\/narteks.net\/#website","url":"https:\/\/narteks.net\/","name":"narteks.net","description":"K\u00fclt\u00fcr Sanat Edebiyat Felsefe","publisher":{"@id":"https:\/\/narteks.net\/#organization"},"alternateName":"K\u00fclt\u00fcr Sanat Edebiyat Felsefe","potentialAction":[{"@type":"SearchAction","target":{"@type":"EntryPoint","urlTemplate":"https:\/\/narteks.net\/?s={search_term_string}"},"query-input":{"@type":"PropertyValueSpecification","valueRequired":true,"valueName":"search_term_string"}}],"inLanguage":"tr"},{"@type":"Organization","@id":"https:\/\/narteks.net\/#organization","name":"narteks.net","url":"https:\/\/narteks.net\/","logo":{"@type":"ImageObject","inLanguage":"tr","@id":"https:\/\/narteks.net\/#\/schema\/logo\/image\/","url":"https:\/\/narteks.net\/wp-content\/uploads\/narteks.png","contentUrl":"https:\/\/narteks.net\/wp-content\/uploads\/narteks.png","width":300,"height":90,"caption":"narteks.net"},"image":{"@id":"https:\/\/narteks.net\/#\/schema\/logo\/image\/"},"sameAs":["https:\/\/x.com\/narteks","https:\/\/instagram.com\/narteksnet"]},{"@type":"Person","@id":"https:\/\/narteks.net\/#\/schema\/person\/61f37d9834294b72d31d274e7ed79bca","name":"Tar\u0131k","image":{"@type":"ImageObject","inLanguage":"tr","@id":"https:\/\/narteks.net\/#\/schema\/person\/image\/","url":"https:\/\/secure.gravatar.com\/avatar\/50865afb55632c4ae467e0af0930f6510aa2297d8014be502a55b14f3b7550cf?s=96&d=mm&r=g","contentUrl":"https:\/\/secure.gravatar.com\/avatar\/50865afb55632c4ae467e0af0930f6510aa2297d8014be502a55b14f3b7550cf?s=96&d=mm&r=g","caption":"Tar\u0131k"},"sameAs":["http:\/\/narteks.net"],"url":"https:\/\/narteks.net\/index.php\/author\/narbak\/"}]}},"_links":{"self":[{"href":"https:\/\/narteks.net\/index.php\/wp-json\/wp\/v2\/posts\/484","targetHints":{"allow":["GET"]}}],"collection":[{"href":"https:\/\/narteks.net\/index.php\/wp-json\/wp\/v2\/posts"}],"about":[{"href":"https:\/\/narteks.net\/index.php\/wp-json\/wp\/v2\/types\/post"}],"author":[{"embeddable":true,"href":"https:\/\/narteks.net\/index.php\/wp-json\/wp\/v2\/users\/1"}],"replies":[{"embeddable":true,"href":"https:\/\/narteks.net\/index.php\/wp-json\/wp\/v2\/comments?post=484"}],"version-history":[{"count":0,"href":"https:\/\/narteks.net\/index.php\/wp-json\/wp\/v2\/posts\/484\/revisions"}],"wp:attachment":[{"href":"https:\/\/narteks.net\/index.php\/wp-json\/wp\/v2\/media?parent=484"}],"wp:term":[{"taxonomy":"category","embeddable":true,"href":"https:\/\/narteks.net\/index.php\/wp-json\/wp\/v2\/categories?post=484"},{"taxonomy":"post_tag","embeddable":true,"href":"https:\/\/narteks.net\/index.php\/wp-json\/wp\/v2\/tags?post=484"}],"curies":[{"name":"wp","href":"https:\/\/api.w.org\/{rel}","templated":true}]}}