{"id":4840,"date":"2011-01-10T11:55:25","date_gmt":"2011-01-10T08:55:25","guid":{"rendered":"http:\/\/localhost\/wordpress\/2011\/01\/10\/gercek-ne-hortum-ne-kasirgadir-zerdust-zehirli-orumcekler-fnietzsche\/"},"modified":"2011-01-10T11:55:25","modified_gmt":"2011-01-10T08:55:25","slug":"gercek-ne-hortum-ne-kasirgadir-zerdust-zehirli-orumcekler-fnietzsche","status":"publish","type":"post","link":"https:\/\/narteks.net\/index.php\/2011\/01\/10\/gercek-ne-hortum-ne-kasirgadir-zerdust-zehirli-orumcekler-fnietzsche\/","title":{"rendered":"Ger\u00e7ek, ne hortum, ne kas\u0131rgad\u0131r Zerd\u00fc\u015ft | Zehirli \u00d6r\u00fcmcekler &#8211; F.Nietzsche"},"content":{"rendered":"<p style=\"text-align: justify;\"><img loading=\"lazy\" decoding=\"async\" src=\"http:\/\/www.tarihtekiler.com\/resimler\/Friedrich-Nietzsche.jpg\" border=\"0\" width=\"155\" height=\"205\" style=\"float: left;\" \/>Bak, bu zehirli \u00f6r\u00fcmce\u011fin ma\u011faras\u0131d\u0131r.\u00d6r\u00fcmce\u011fin kendisini g\u00f6rmek ister misin?. \u0130\u015fte as\u0131l\u0131 a\u011f\u0131: Dokun ona titresin.<\/p>\n<p>\u0130\u015fte kendi iste\u011fiyle geliyor. Ho\u015f geldin \u00f6r\u00fcmcek!. \u00dc\u00e7genin ve simgen kara kara duruyor s\u0131rt\u0131nda. Ben senin g\u00f6nl\u00fcndekini de bilirim.<\/p>\n<p>\u00d6\u00e7 var senin g\u00f6nl\u00fcnde : Is\u0131rd\u0131\u011f\u0131n yer kara kabuk ba\u011flar, zehirin g\u00f6nle ba\u015f d\u00f6nmesi verir \u00f6c\u00fcyle!<\/p>\n<p>B\u00f6yle sesleniyorum size benzetme diliyle. Ey g\u00f6nle ba\u015f d\u00f6nmesi verenler, ey e\u015fitsizlik vaizleri! Siz zehirli \u00f6r\u00fcmceklersiniz bence. Gizli gizli kin besleyenlersiniz!<\/p>\n<p>Ama sizin sakland\u0131\u011f\u0131n\u0131z yerleri yak\u0131nda \u0131\u015f\u0131\u011fa \u00e7\u0131karaca\u011f\u0131m. Bunun i\u00e7in doruklar g\u00fcl\u00fc\u015f\u00fcmle g\u00fcl\u00fcyorum y\u00fcz\u00fcn\u00fcze kar\u015f\u0131.<\/p>\n<p>Bunun i\u00e7in kopar\u0131yorum a\u011f\u0131n\u0131z\u0131, \u00f6fkenizi sizi yalan-ma\u011faran\u0131zdan d\u0131\u015far\u0131 u\u011frats\u0131n diye. \u00d6c\u00fcn\u00fcz \u201cdo\u011fruluk\u201d s\u00f6z\u00fcn\u00fcz\u00fcn arkas\u0131ndan ileri s\u0131\u00e7ras\u0131n diye.<\/p>\n<p>\u00c7\u00fcnk\u00fc insan\u0131n \u00f6\u00e7 den kurtar\u0131lmas\u0131, bence en y\u00fcksek umuda k\u00f6pr\u00fc budur. Uzun f\u0131rt\u0131nalardan sonraki g\u00f6kku\u015fa\u011f\u0131 budur i\u015fte.<\/p>\n<p>Ama zehirli \u00f6r\u00fcmcekler, ba\u015fka t\u00fcrl\u00fc olsun isterler. \u201cD\u00fcnyan\u0131n \u00f6c\u00fcm\u00fcz\u00fcn f\u0131rt\u0131nalar\u0131yla dolmas\u0131, do\u011frulu\u011fun ta kendisi olsun\u2026\u201d b\u00f6yle konu\u015furlar birbirleriyle.<\/p>\n<p>\u201cBize benzemeyenlere kar\u015f\u0131 \u00f6\u00e7 ve al\u00e7aklama kullanaca\u011f\u0131z\u2026\u201d b\u00f6yle s\u00f6zle\u015fir \u00f6r\u00fcmcek y\u00fcrekleri.<\/p>\n<p>Ve \u201ce\u015fitlik istemi\u201d erdemin ad\u0131 bu olacak bundan b\u00f6yle, ve g\u00fcc\u00fc olan her \u015feye kar\u015f\u0131 hayk\u0131raca\u011f\u0131z!<\/p>\n<p>Ey, e\u015fitlik vaizleri, yetersizli\u011fin zorba \u00e7\u0131lg\u0131nl\u0131\u011f\u0131 \u201ce\u015fitlik\u201d u\u011fruna b\u00f6yle hayk\u0131r\u0131yor sizde. En gizli zorba \u00f6zlemleriniz, erdem s\u00f6zlerinin k\u0131l\u0131\u011f\u0131na b\u00f6yle giriyor i\u015fte!<\/p>\n<p>\u0130ncinmi\u015f b\u00fcy\u00fcklenme ve saklanm\u0131\u015f k\u0131skan\u00e7l\u0131k, belki de babalar\u0131n\u0131z\u0131n b\u00fcy\u00fcklenmesi ve k\u0131skan\u00e7l\u0131\u011f\u0131. Bunlar bir yal\u0131m ve kin \u00e7\u0131lg\u0131nl\u0131\u011f\u0131 gibi kopar sizden.<\/p>\n<p>Baban\u0131n gizledi\u011fi \u015fey, o\u011fulda a\u00e7\u0131\u011fa \u00e7\u0131kar. Baban\u0131n a\u00e7\u0131klanm\u0131\u015f s\u0131rr\u0131n\u0131 buldum o\u011fulda s\u0131k s\u0131k.<\/p>\n<p>Esinli ki\u015filere benzer onlar. Fakat onlar\u0131 esinleyen y\u00fcrek de\u011fil, kindir. Ve inceldikleri, so\u011fukla\u015ft\u0131klar\u0131 zaman, ruh de\u011fildir onlar\u0131 incelten ve so\u011fukla\u015ft\u0131ran. K\u0131skan\u00e7l\u0131kt\u0131r\u2026<\/p>\n<p>K\u0131skan\u00e7l\u0131klar\u0131, d\u00fc\u015f\u00fcr\u00fcrler yoluna da y\u00f6neltir onlar\u0131. K\u0131skan\u00e7l\u0131klar\u0131n\u0131n belirtisi de \u015fudur: Hep fazla ileri giderler. \u00d6yle ki yorgunluklar\u0131, en sonu, karda uyumak zorunda kal\u0131r.<\/p>\n<p>Kin \u00e7\u0131nlar b\u00fct\u00fcn yak\u0131nmalar\u0131nda, b\u00fct\u00fcn \u00f6vg\u00fclerinde k\u00f6t\u00fc niyet vard\u0131r. Ve yarg\u0131\u00e7l\u0131k onlarca mutluluktur.<\/p>\n<p>Ama \u015funu sal\u0131k veririm size, dostlar\u0131m. Cezaland\u0131rma e\u011filimi g\u00fc\u00e7l\u00fc olanlar\u0131n hi\u00e7birine g\u00fcvenmeyin!<\/p>\n<p>Bunlar soyu sopu bozuk ki\u015filerdir. Cellat ve av k\u00f6pe\u011fi bakar suratlar\u0131ndan.<\/p>\n<p>Do\u011fruluktan \u00e7ok s\u00f6z edenlere g\u00fcvenmeyin! Ger\u00e7ek, g\u00f6n\u00fcllerinde eksik olan bal de\u011fildir yaln\u0131z.<\/p>\n<p>Kendilerine \u201ciyiler ve do\u011frular\u201d dedikleri zaman unutmay\u0131n. Ferisi olmalar\u0131 i\u00e7in hi\u00e7bir eksikleri yoktur, g\u00fc\u00e7ten ba\u015fka!<\/p>\n<p>Dostlar\u0131m, ba\u015fkalar\u0131yla kar\u0131\u015ft\u0131r\u0131lmak, ba\u015fkalar\u0131 yerine konmak istemem.<\/p>\n<p>Benim hayat \u00f6\u011fretimi vazedenler var. Onlar ayn\u0131 zaman da e\u015fitlik vaizidirler. Zehirli \u00f6r\u00fcmcektirler.<\/p>\n<p>Hayata s\u0131rtlar\u0131n\u0131 \u00e7evirip ma\u011faralar\u0131nda otursalar da, bu zehirli \u00f6r\u00fcmcekler hayat\u0131 \u00f6verler. Ama zarar vermek i\u00e7in yaparlar bunu.<\/p>\n<p>\u015eimdi g\u00fcc\u00fc olanlara zarar vermek isterler. Daha \u00f6l\u00fcm vaaz\u0131 en \u00e7ok onlar\u0131 yad\u0131rgamaz da ondan.<\/p>\n<p>\u00d6yle olmasayd\u0131 zehirli \u00f6r\u00fcmcekler ba\u015fka t\u00fcrl\u00fc \u00f6\u011fretirlerdi. Kendileri eskiden, d\u00fcnyaya en \u00e7ok kara \u00e7alanlard\u0131, ayk\u0131r\u0131 inan\u00e7l\u0131klar\u0131 yakanlard\u0131.<\/p>\n<p>Bu e\u015fitlik vaizleriyle kar\u0131\u015ft\u0131r\u0131lmak, onlar\u0131n yerine konmak istemem ben. \u00c7\u00fcnk\u00fc do\u011fruluk \u015f\u00f6yle der bana: \u201c\u0130nsanlar e\u015fit de\u011fildirler\u2026\u201d<\/p>\n<p>E\u015fit olmamal\u0131d\u0131rlar da! Ba\u015fka t\u00fcrl\u00fc konu\u015fursam \u00fcst insana sevgim nerde kal\u0131r benim?<\/p>\n<p>Binlerce k\u00f6pr\u00fc ve yol \u00fcst\u00fcnde ko\u015fu\u015fmal\u0131d\u0131rlar ve gelece\u011fe, ve hep daha \u00e7ok sava\u015f ve e\u015fitsizlik olmal\u0131d\u0131r insanlar aras\u0131nda. Bana b\u00f6yle dedirtir ulu sevgim!<\/p>\n<p>G\u00f6r\u00fcnt\u00fcler ve hayaletler yaratmal\u0131d\u0131rlar d\u00fc\u015fmanl\u0131klar\u0131nda. Bu g\u00f6r\u00fcnt\u00fcler ve hayaletlerle birbirlerine kar\u015f\u0131 en y\u00fcksek sava\u015fa giri\u015fmelidirler daha!<\/p>\n<p>\u0130yi ile k\u00f6t\u00fc, zengin ile yoksul, y\u00fcksek ile al\u00e7ak, ve b\u00fct\u00fcn de\u011ferlerin adlar\u0131, silahlar olsun, \u00e7\u0131n \u00e7\u0131n \u00f6ten simgeler olsun bunlar, hayat kendini atletsin, yine yine atletsin diye hep!<\/p>\n<p>S\u00fctun s\u00fctun, basamak basamak y\u00fckse\u011fe kurmak ister kendini, hayat kendini: Geni\u015f uzakl\u0131klara bakmak ister, ta mutlu g\u00fczelliklere do\u011fru. Bundand\u0131r y\u00fckse\u011fi gereksinmesi!<\/p>\n<p>Ve y\u00fckse\u011fi gereksindi\u011finden, basamaklar ister, basamaklar \u00e7\u0131kanlar aras\u0131nda \u00e7eli\u015fme ister!A\u011fmak ister hayat. A\u011farken alt etmek ister kendini.<\/p>\n<p>Hele bak\u0131n dostlar\u0131m! Burada \u015fu zehirli \u00f6r\u00fcmcek ma\u011faras\u0131n\u0131n oldu\u011fu yerde, eski bir tap\u0131na\u011f\u0131n y\u0131k\u0131nt\u0131lar\u0131 y\u00fckselir. Ayd\u0131n g\u00f6zlerle bak\u0131n ona!<\/p>\n<p>Ger\u00e7ek, burada d\u00fc\u015f\u00fcncelerini bir zamanlar b\u00f6yle ta\u015f ta\u015f y\u00fckselten, b\u00fct\u00fcn hayat\u0131n s\u0131rr\u0131n\u0131 en bilge ki\u015filer kadar biliyordu!<\/p>\n<p>G\u00fczellikte bile u\u011fra\u015fma ve e\u015fitsizlik, erk ve \u00fcst\u00fcnl\u00fck u\u011fruna sava\u015f oldu\u011funu, bunu \u00f6\u011fretiyor o bize burada, en a\u00e7\u0131k benzetmeceyle.<\/p>\n<p>Bu g\u00fcre\u015fte kubbeyle kemer nas\u0131l tanr\u0131ca direniyor birbirlerine. I\u015f\u0131k ve g\u00f6lgeyle nas\u0131l kar\u015f\u0131 koyuyorlar birbirine, bu tanr\u0131ca kar\u015f\u0131 koyanlar.<\/p>\n<p>B\u00f6yle sa\u011flam ve g\u00fczel, d\u00fc\u015fmanlar olal\u0131m biz de dostlar\u0131m! Tanr\u0131ca kar\u015f\u0131 koyal\u0131m birbirimize!<\/p>\n<p>Ah, i\u015fte \u0131s\u0131rd\u0131 beni, eski d\u00fc\u015fman\u0131m zehirli \u00f6r\u00fcmcek! Tanr\u0131ca sa\u011flam ve g\u00fczel parma\u011f\u0131mdan \u0131s\u0131rd\u0131!<\/p>\n<p>Ceza ve do\u011fruluk olmal\u0131. B\u00f6yle d\u00fc\u015f\u00fcn\u00fcr o. Burada bo\u015f yere t\u00fcrk\u00fc s\u00f6ylemesin d\u00fc\u015fmanl\u0131k \u015ferefine!<\/p>\n<p>Evet \u00f6c\u00fcn\u00fc ald\u0131. Ah \u00f6\u00e7le g\u00f6nl\u00fcm\u00fc de sersemletecek \u015fimdi!<\/p>\n<p>Fakat ba\u015f\u0131m\u0131n d\u00f6nmemesi i\u00e7in, dostlar\u0131m beni \u015fu s\u00fctuna s\u0131ms\u0131k\u0131 ba\u011flay\u0131n! Kin \u00e7evrintisi olmaktansa, s\u00fctun ermi\u015fi olurum daha iyi!<\/p>\n<p>Ger\u00e7ek, ne hortum, ne kas\u0131rgad\u0131r Zerd\u00fc\u015ft. Hora tepen biriyse de, hi\u00e7 mi hi\u00e7 \u00f6r\u00fcmcek horancas\u0131 de\u011fildir!&#8230;<\/p>\n<p>B\u00f6yle buyurdu Zerd\u00fc\u015ft\u2026<\/p>\n","protected":false},"excerpt":{"rendered":"<p>Bak, bu zehirli \u00f6r\u00fcmce\u011fin ma\u011faras\u0131d\u0131r.\u00d6r\u00fcmce\u011fin kendisini g\u00f6rmek ister misin?. \u0130\u015fte as\u0131l\u0131 a\u011f\u0131: Dokun ona titresin. \u0130\u015fte kendi iste\u011fiyle geliyor. Ho\u015f geldin \u00f6r\u00fcmcek!. \u00dc\u00e7genin ve simgen kara kara duruyor s\u0131rt\u0131nda. Ben senin g\u00f6nl\u00fcndekini de bilirim. \u00d6\u00e7 var senin g\u00f6nl\u00fcnde : Is\u0131rd\u0131\u011f\u0131n yer kara kabuk ba\u011flar, zehirin g\u00f6nle ba\u015f d\u00f6nmesi verir \u00f6c\u00fcyle! B\u00f6yle sesleniyorum size benzetme diliyle. [&hellip;]<\/p>\n","protected":false},"author":1,"featured_media":0,"comment_status":"open","ping_status":"open","sticky":false,"template":"","format":"standard","meta":{"footnotes":""},"categories":[73],"tags":[],"class_list":["post-4840","post","type-post","status-publish","format-standard","category-friedrich-wilhelm-nietzsche"],"yoast_head":"<!-- This site is optimized with the Yoast SEO Premium plugin v24.9 (Yoast SEO v24.9) - https:\/\/yoast.com\/wordpress\/plugins\/seo\/ -->\n<title>Ger\u00e7ek, ne hortum, ne kas\u0131rgad\u0131r Zerd\u00fc\u015ft | Zehirli \u00d6r\u00fcmcekler - F.Nietzsche - narteks.net<\/title>\n<meta name=\"robots\" content=\"index, follow, max-snippet:-1, max-image-preview:large, max-video-preview:-1\" \/>\n<link rel=\"canonical\" href=\"https:\/\/narteks.net\/index.php\/2011\/01\/10\/gercek-ne-hortum-ne-kasirgadir-zerdust-zehirli-orumcekler-fnietzsche\/\" \/>\n<meta property=\"og:locale\" content=\"tr_TR\" \/>\n<meta property=\"og:type\" content=\"article\" \/>\n<meta property=\"og:title\" content=\"Ger\u00e7ek, ne hortum, ne kas\u0131rgad\u0131r Zerd\u00fc\u015ft | Zehirli \u00d6r\u00fcmcekler - F.Nietzsche\" \/>\n<meta property=\"og:description\" content=\"Bak, bu zehirli \u00f6r\u00fcmce\u011fin ma\u011faras\u0131d\u0131r.\u00d6r\u00fcmce\u011fin kendisini g\u00f6rmek ister misin?. \u0130\u015fte as\u0131l\u0131 a\u011f\u0131: Dokun ona titresin. \u0130\u015fte kendi iste\u011fiyle geliyor. Ho\u015f geldin \u00f6r\u00fcmcek!. \u00dc\u00e7genin ve simgen kara kara duruyor s\u0131rt\u0131nda. Ben senin g\u00f6nl\u00fcndekini de bilirim. \u00d6\u00e7 var senin g\u00f6nl\u00fcnde : Is\u0131rd\u0131\u011f\u0131n yer kara kabuk ba\u011flar, zehirin g\u00f6nle ba\u015f d\u00f6nmesi verir \u00f6c\u00fcyle! B\u00f6yle sesleniyorum size benzetme diliyle. [&hellip;]\" \/>\n<meta property=\"og:url\" content=\"https:\/\/narteks.net\/index.php\/2011\/01\/10\/gercek-ne-hortum-ne-kasirgadir-zerdust-zehirli-orumcekler-fnietzsche\/\" \/>\n<meta property=\"og:site_name\" content=\"narteks.net\" \/>\n<meta property=\"article:published_time\" content=\"2011-01-10T08:55:25+00:00\" \/>\n<meta property=\"og:image\" content=\"http:\/\/www.tarihtekiler.com\/resimler\/Friedrich-Nietzsche.jpg\" \/>\n<meta name=\"author\" content=\"Tar\u0131k\" \/>\n<meta name=\"twitter:card\" content=\"summary_large_image\" \/>\n<meta name=\"twitter:creator\" content=\"@narteks\" \/>\n<meta name=\"twitter:site\" content=\"@narteks\" \/>\n<meta name=\"twitter:label1\" content=\"Yazan:\" \/>\n\t<meta name=\"twitter:data1\" content=\"Tar\u0131k\" \/>\n\t<meta name=\"twitter:label2\" content=\"Tahmini okuma s\u00fcresi\" \/>\n\t<meta name=\"twitter:data2\" content=\"5 dakika\" \/>\n<script type=\"application\/ld+json\" class=\"yoast-schema-graph\">{\"@context\":\"https:\/\/schema.org\",\"@graph\":[{\"@type\":\"Article\",\"@id\":\"https:\/\/narteks.net\/index.php\/2011\/01\/10\/gercek-ne-hortum-ne-kasirgadir-zerdust-zehirli-orumcekler-fnietzsche\/#article\",\"isPartOf\":{\"@id\":\"https:\/\/narteks.net\/index.php\/2011\/01\/10\/gercek-ne-hortum-ne-kasirgadir-zerdust-zehirli-orumcekler-fnietzsche\/\"},\"author\":{\"name\":\"Tar\u0131k\",\"@id\":\"https:\/\/narteks.net\/#\/schema\/person\/61f37d9834294b72d31d274e7ed79bca\"},\"headline\":\"Ger\u00e7ek, ne hortum, ne kas\u0131rgad\u0131r Zerd\u00fc\u015ft | Zehirli \u00d6r\u00fcmcekler &#8211; F.Nietzsche\",\"datePublished\":\"2011-01-10T08:55:25+00:00\",\"mainEntityOfPage\":{\"@id\":\"https:\/\/narteks.net\/index.php\/2011\/01\/10\/gercek-ne-hortum-ne-kasirgadir-zerdust-zehirli-orumcekler-fnietzsche\/\"},\"wordCount\":1081,\"commentCount\":0,\"publisher\":{\"@id\":\"https:\/\/narteks.net\/#organization\"},\"image\":{\"@id\":\"https:\/\/narteks.net\/index.php\/2011\/01\/10\/gercek-ne-hortum-ne-kasirgadir-zerdust-zehirli-orumcekler-fnietzsche\/#primaryimage\"},\"thumbnailUrl\":\"http:\/\/www.tarihtekiler.com\/resimler\/Friedrich-Nietzsche.jpg\",\"articleSection\":[\"Friedrich Wilhelm N\u0130ETZSCHE\"],\"inLanguage\":\"tr\",\"potentialAction\":[{\"@type\":\"CommentAction\",\"name\":\"Comment\",\"target\":[\"https:\/\/narteks.net\/index.php\/2011\/01\/10\/gercek-ne-hortum-ne-kasirgadir-zerdust-zehirli-orumcekler-fnietzsche\/#respond\"]}]},{\"@type\":\"WebPage\",\"@id\":\"https:\/\/narteks.net\/index.php\/2011\/01\/10\/gercek-ne-hortum-ne-kasirgadir-zerdust-zehirli-orumcekler-fnietzsche\/\",\"url\":\"https:\/\/narteks.net\/index.php\/2011\/01\/10\/gercek-ne-hortum-ne-kasirgadir-zerdust-zehirli-orumcekler-fnietzsche\/\",\"name\":\"Ger\u00e7ek, ne hortum, ne kas\u0131rgad\u0131r Zerd\u00fc\u015ft | Zehirli \u00d6r\u00fcmcekler - F.Nietzsche - narteks.net\",\"isPartOf\":{\"@id\":\"https:\/\/narteks.net\/#website\"},\"primaryImageOfPage\":{\"@id\":\"https:\/\/narteks.net\/index.php\/2011\/01\/10\/gercek-ne-hortum-ne-kasirgadir-zerdust-zehirli-orumcekler-fnietzsche\/#primaryimage\"},\"image\":{\"@id\":\"https:\/\/narteks.net\/index.php\/2011\/01\/10\/gercek-ne-hortum-ne-kasirgadir-zerdust-zehirli-orumcekler-fnietzsche\/#primaryimage\"},\"thumbnailUrl\":\"http:\/\/www.tarihtekiler.com\/resimler\/Friedrich-Nietzsche.jpg\",\"datePublished\":\"2011-01-10T08:55:25+00:00\",\"breadcrumb\":{\"@id\":\"https:\/\/narteks.net\/index.php\/2011\/01\/10\/gercek-ne-hortum-ne-kasirgadir-zerdust-zehirli-orumcekler-fnietzsche\/#breadcrumb\"},\"inLanguage\":\"tr\",\"potentialAction\":[{\"@type\":\"ReadAction\",\"target\":[\"https:\/\/narteks.net\/index.php\/2011\/01\/10\/gercek-ne-hortum-ne-kasirgadir-zerdust-zehirli-orumcekler-fnietzsche\/\"]}]},{\"@type\":\"ImageObject\",\"inLanguage\":\"tr\",\"@id\":\"https:\/\/narteks.net\/index.php\/2011\/01\/10\/gercek-ne-hortum-ne-kasirgadir-zerdust-zehirli-orumcekler-fnietzsche\/#primaryimage\",\"url\":\"http:\/\/www.tarihtekiler.com\/resimler\/Friedrich-Nietzsche.jpg\",\"contentUrl\":\"http:\/\/www.tarihtekiler.com\/resimler\/Friedrich-Nietzsche.jpg\"},{\"@type\":\"BreadcrumbList\",\"@id\":\"https:\/\/narteks.net\/index.php\/2011\/01\/10\/gercek-ne-hortum-ne-kasirgadir-zerdust-zehirli-orumcekler-fnietzsche\/#breadcrumb\",\"itemListElement\":[{\"@type\":\"ListItem\",\"position\":1,\"name\":\"Anasayfa\",\"item\":\"https:\/\/narteks.net\/\"},{\"@type\":\"ListItem\",\"position\":2,\"name\":\"Ger\u00e7ek, ne hortum, ne kas\u0131rgad\u0131r Zerd\u00fc\u015ft | Zehirli \u00d6r\u00fcmcekler &#8211; F.Nietzsche\"}]},{\"@type\":\"WebSite\",\"@id\":\"https:\/\/narteks.net\/#website\",\"url\":\"https:\/\/narteks.net\/\",\"name\":\"narteks.net\",\"description\":\"K\u00fclt\u00fcr Sanat Edebiyat Felsefe\",\"publisher\":{\"@id\":\"https:\/\/narteks.net\/#organization\"},\"alternateName\":\"K\u00fclt\u00fcr Sanat Edebiyat Felsefe\",\"potentialAction\":[{\"@type\":\"SearchAction\",\"target\":{\"@type\":\"EntryPoint\",\"urlTemplate\":\"https:\/\/narteks.net\/?s={search_term_string}\"},\"query-input\":{\"@type\":\"PropertyValueSpecification\",\"valueRequired\":true,\"valueName\":\"search_term_string\"}}],\"inLanguage\":\"tr\"},{\"@type\":\"Organization\",\"@id\":\"https:\/\/narteks.net\/#organization\",\"name\":\"narteks.net\",\"url\":\"https:\/\/narteks.net\/\",\"logo\":{\"@type\":\"ImageObject\",\"inLanguage\":\"tr\",\"@id\":\"https:\/\/narteks.net\/#\/schema\/logo\/image\/\",\"url\":\"https:\/\/narteks.net\/wp-content\/uploads\/narteks.png\",\"contentUrl\":\"https:\/\/narteks.net\/wp-content\/uploads\/narteks.png\",\"width\":300,\"height\":90,\"caption\":\"narteks.net\"},\"image\":{\"@id\":\"https:\/\/narteks.net\/#\/schema\/logo\/image\/\"},\"sameAs\":[\"https:\/\/x.com\/narteks\",\"https:\/\/instagram.com\/narteksnet\"]},{\"@type\":\"Person\",\"@id\":\"https:\/\/narteks.net\/#\/schema\/person\/61f37d9834294b72d31d274e7ed79bca\",\"name\":\"Tar\u0131k\",\"image\":{\"@type\":\"ImageObject\",\"inLanguage\":\"tr\",\"@id\":\"https:\/\/narteks.net\/#\/schema\/person\/image\/\",\"url\":\"https:\/\/secure.gravatar.com\/avatar\/50865afb55632c4ae467e0af0930f6510aa2297d8014be502a55b14f3b7550cf?s=96&d=mm&r=g\",\"contentUrl\":\"https:\/\/secure.gravatar.com\/avatar\/50865afb55632c4ae467e0af0930f6510aa2297d8014be502a55b14f3b7550cf?s=96&d=mm&r=g\",\"caption\":\"Tar\u0131k\"},\"sameAs\":[\"http:\/\/narteks.net\"],\"url\":\"https:\/\/narteks.net\/index.php\/author\/narbak\/\"}]}<\/script>\n<!-- \/ Yoast SEO Premium plugin. -->","yoast_head_json":{"title":"Ger\u00e7ek, ne hortum, ne kas\u0131rgad\u0131r Zerd\u00fc\u015ft | Zehirli \u00d6r\u00fcmcekler - F.Nietzsche - narteks.net","robots":{"index":"index","follow":"follow","max-snippet":"max-snippet:-1","max-image-preview":"max-image-preview:large","max-video-preview":"max-video-preview:-1"},"canonical":"https:\/\/narteks.net\/index.php\/2011\/01\/10\/gercek-ne-hortum-ne-kasirgadir-zerdust-zehirli-orumcekler-fnietzsche\/","og_locale":"tr_TR","og_type":"article","og_title":"Ger\u00e7ek, ne hortum, ne kas\u0131rgad\u0131r Zerd\u00fc\u015ft | Zehirli \u00d6r\u00fcmcekler - F.Nietzsche","og_description":"Bak, bu zehirli \u00f6r\u00fcmce\u011fin ma\u011faras\u0131d\u0131r.\u00d6r\u00fcmce\u011fin kendisini g\u00f6rmek ister misin?. \u0130\u015fte as\u0131l\u0131 a\u011f\u0131: Dokun ona titresin. \u0130\u015fte kendi iste\u011fiyle geliyor. Ho\u015f geldin \u00f6r\u00fcmcek!. \u00dc\u00e7genin ve simgen kara kara duruyor s\u0131rt\u0131nda. Ben senin g\u00f6nl\u00fcndekini de bilirim. \u00d6\u00e7 var senin g\u00f6nl\u00fcnde : Is\u0131rd\u0131\u011f\u0131n yer kara kabuk ba\u011flar, zehirin g\u00f6nle ba\u015f d\u00f6nmesi verir \u00f6c\u00fcyle! B\u00f6yle sesleniyorum size benzetme diliyle. [&hellip;]","og_url":"https:\/\/narteks.net\/index.php\/2011\/01\/10\/gercek-ne-hortum-ne-kasirgadir-zerdust-zehirli-orumcekler-fnietzsche\/","og_site_name":"narteks.net","article_published_time":"2011-01-10T08:55:25+00:00","og_image":[{"url":"http:\/\/www.tarihtekiler.com\/resimler\/Friedrich-Nietzsche.jpg","type":"","width":"","height":""}],"author":"Tar\u0131k","twitter_card":"summary_large_image","twitter_creator":"@narteks","twitter_site":"@narteks","twitter_misc":{"Yazan:":"Tar\u0131k","Tahmini okuma s\u00fcresi":"5 dakika"},"schema":{"@context":"https:\/\/schema.org","@graph":[{"@type":"Article","@id":"https:\/\/narteks.net\/index.php\/2011\/01\/10\/gercek-ne-hortum-ne-kasirgadir-zerdust-zehirli-orumcekler-fnietzsche\/#article","isPartOf":{"@id":"https:\/\/narteks.net\/index.php\/2011\/01\/10\/gercek-ne-hortum-ne-kasirgadir-zerdust-zehirli-orumcekler-fnietzsche\/"},"author":{"name":"Tar\u0131k","@id":"https:\/\/narteks.net\/#\/schema\/person\/61f37d9834294b72d31d274e7ed79bca"},"headline":"Ger\u00e7ek, ne hortum, ne kas\u0131rgad\u0131r Zerd\u00fc\u015ft | Zehirli \u00d6r\u00fcmcekler &#8211; F.Nietzsche","datePublished":"2011-01-10T08:55:25+00:00","mainEntityOfPage":{"@id":"https:\/\/narteks.net\/index.php\/2011\/01\/10\/gercek-ne-hortum-ne-kasirgadir-zerdust-zehirli-orumcekler-fnietzsche\/"},"wordCount":1081,"commentCount":0,"publisher":{"@id":"https:\/\/narteks.net\/#organization"},"image":{"@id":"https:\/\/narteks.net\/index.php\/2011\/01\/10\/gercek-ne-hortum-ne-kasirgadir-zerdust-zehirli-orumcekler-fnietzsche\/#primaryimage"},"thumbnailUrl":"http:\/\/www.tarihtekiler.com\/resimler\/Friedrich-Nietzsche.jpg","articleSection":["Friedrich Wilhelm N\u0130ETZSCHE"],"inLanguage":"tr","potentialAction":[{"@type":"CommentAction","name":"Comment","target":["https:\/\/narteks.net\/index.php\/2011\/01\/10\/gercek-ne-hortum-ne-kasirgadir-zerdust-zehirli-orumcekler-fnietzsche\/#respond"]}]},{"@type":"WebPage","@id":"https:\/\/narteks.net\/index.php\/2011\/01\/10\/gercek-ne-hortum-ne-kasirgadir-zerdust-zehirli-orumcekler-fnietzsche\/","url":"https:\/\/narteks.net\/index.php\/2011\/01\/10\/gercek-ne-hortum-ne-kasirgadir-zerdust-zehirli-orumcekler-fnietzsche\/","name":"Ger\u00e7ek, ne hortum, ne kas\u0131rgad\u0131r Zerd\u00fc\u015ft | Zehirli \u00d6r\u00fcmcekler - F.Nietzsche - narteks.net","isPartOf":{"@id":"https:\/\/narteks.net\/#website"},"primaryImageOfPage":{"@id":"https:\/\/narteks.net\/index.php\/2011\/01\/10\/gercek-ne-hortum-ne-kasirgadir-zerdust-zehirli-orumcekler-fnietzsche\/#primaryimage"},"image":{"@id":"https:\/\/narteks.net\/index.php\/2011\/01\/10\/gercek-ne-hortum-ne-kasirgadir-zerdust-zehirli-orumcekler-fnietzsche\/#primaryimage"},"thumbnailUrl":"http:\/\/www.tarihtekiler.com\/resimler\/Friedrich-Nietzsche.jpg","datePublished":"2011-01-10T08:55:25+00:00","breadcrumb":{"@id":"https:\/\/narteks.net\/index.php\/2011\/01\/10\/gercek-ne-hortum-ne-kasirgadir-zerdust-zehirli-orumcekler-fnietzsche\/#breadcrumb"},"inLanguage":"tr","potentialAction":[{"@type":"ReadAction","target":["https:\/\/narteks.net\/index.php\/2011\/01\/10\/gercek-ne-hortum-ne-kasirgadir-zerdust-zehirli-orumcekler-fnietzsche\/"]}]},{"@type":"ImageObject","inLanguage":"tr","@id":"https:\/\/narteks.net\/index.php\/2011\/01\/10\/gercek-ne-hortum-ne-kasirgadir-zerdust-zehirli-orumcekler-fnietzsche\/#primaryimage","url":"http:\/\/www.tarihtekiler.com\/resimler\/Friedrich-Nietzsche.jpg","contentUrl":"http:\/\/www.tarihtekiler.com\/resimler\/Friedrich-Nietzsche.jpg"},{"@type":"BreadcrumbList","@id":"https:\/\/narteks.net\/index.php\/2011\/01\/10\/gercek-ne-hortum-ne-kasirgadir-zerdust-zehirli-orumcekler-fnietzsche\/#breadcrumb","itemListElement":[{"@type":"ListItem","position":1,"name":"Anasayfa","item":"https:\/\/narteks.net\/"},{"@type":"ListItem","position":2,"name":"Ger\u00e7ek, ne hortum, ne kas\u0131rgad\u0131r Zerd\u00fc\u015ft | Zehirli \u00d6r\u00fcmcekler &#8211; F.Nietzsche"}]},{"@type":"WebSite","@id":"https:\/\/narteks.net\/#website","url":"https:\/\/narteks.net\/","name":"narteks.net","description":"K\u00fclt\u00fcr Sanat Edebiyat Felsefe","publisher":{"@id":"https:\/\/narteks.net\/#organization"},"alternateName":"K\u00fclt\u00fcr Sanat Edebiyat Felsefe","potentialAction":[{"@type":"SearchAction","target":{"@type":"EntryPoint","urlTemplate":"https:\/\/narteks.net\/?s={search_term_string}"},"query-input":{"@type":"PropertyValueSpecification","valueRequired":true,"valueName":"search_term_string"}}],"inLanguage":"tr"},{"@type":"Organization","@id":"https:\/\/narteks.net\/#organization","name":"narteks.net","url":"https:\/\/narteks.net\/","logo":{"@type":"ImageObject","inLanguage":"tr","@id":"https:\/\/narteks.net\/#\/schema\/logo\/image\/","url":"https:\/\/narteks.net\/wp-content\/uploads\/narteks.png","contentUrl":"https:\/\/narteks.net\/wp-content\/uploads\/narteks.png","width":300,"height":90,"caption":"narteks.net"},"image":{"@id":"https:\/\/narteks.net\/#\/schema\/logo\/image\/"},"sameAs":["https:\/\/x.com\/narteks","https:\/\/instagram.com\/narteksnet"]},{"@type":"Person","@id":"https:\/\/narteks.net\/#\/schema\/person\/61f37d9834294b72d31d274e7ed79bca","name":"Tar\u0131k","image":{"@type":"ImageObject","inLanguage":"tr","@id":"https:\/\/narteks.net\/#\/schema\/person\/image\/","url":"https:\/\/secure.gravatar.com\/avatar\/50865afb55632c4ae467e0af0930f6510aa2297d8014be502a55b14f3b7550cf?s=96&d=mm&r=g","contentUrl":"https:\/\/secure.gravatar.com\/avatar\/50865afb55632c4ae467e0af0930f6510aa2297d8014be502a55b14f3b7550cf?s=96&d=mm&r=g","caption":"Tar\u0131k"},"sameAs":["http:\/\/narteks.net"],"url":"https:\/\/narteks.net\/index.php\/author\/narbak\/"}]}},"_links":{"self":[{"href":"https:\/\/narteks.net\/index.php\/wp-json\/wp\/v2\/posts\/4840","targetHints":{"allow":["GET"]}}],"collection":[{"href":"https:\/\/narteks.net\/index.php\/wp-json\/wp\/v2\/posts"}],"about":[{"href":"https:\/\/narteks.net\/index.php\/wp-json\/wp\/v2\/types\/post"}],"author":[{"embeddable":true,"href":"https:\/\/narteks.net\/index.php\/wp-json\/wp\/v2\/users\/1"}],"replies":[{"embeddable":true,"href":"https:\/\/narteks.net\/index.php\/wp-json\/wp\/v2\/comments?post=4840"}],"version-history":[{"count":0,"href":"https:\/\/narteks.net\/index.php\/wp-json\/wp\/v2\/posts\/4840\/revisions"}],"wp:attachment":[{"href":"https:\/\/narteks.net\/index.php\/wp-json\/wp\/v2\/media?parent=4840"}],"wp:term":[{"taxonomy":"category","embeddable":true,"href":"https:\/\/narteks.net\/index.php\/wp-json\/wp\/v2\/categories?post=4840"},{"taxonomy":"post_tag","embeddable":true,"href":"https:\/\/narteks.net\/index.php\/wp-json\/wp\/v2\/tags?post=4840"}],"curies":[{"name":"wp","href":"https:\/\/api.w.org\/{rel}","templated":true}]}}