{"id":4850,"date":"2011-01-22T11:39:27","date_gmt":"2011-01-22T08:39:27","guid":{"rendered":"http:\/\/localhost\/wordpress\/2011\/01\/22\/sovyet-iktidari-ve-kadinin-durumu-kadin-sorunu-uzerine-vilenin\/"},"modified":"2011-01-22T11:39:27","modified_gmt":"2011-01-22T08:39:27","slug":"sovyet-iktidari-ve-kadinin-durumu-kadin-sorunu-uzerine-vilenin","status":"publish","type":"post","link":"https:\/\/narteks.net\/index.php\/2011\/01\/22\/sovyet-iktidari-ve-kadinin-durumu-kadin-sorunu-uzerine-vilenin\/","title":{"rendered":"Sovyet iktidar\u0131 ve Kad\u0131n\u0131n durumu | Kad\u0131n sorunu \u00fczerine &#8211; V.\u0130.Lenin"},"content":{"rendered":"<p style=\"text-align: justify;\"><img loading=\"lazy\" decoding=\"async\" src=\"http:\/\/uretiyorum.org\/wp-content\/uploads\/2010\/09\/Lenin-Trotzki_1920-05-20_auf_dem_Roten_Platz_Retusche.jpg\" border=\"0\" width=\"155\" height=\"205\" style=\"float: left;\" \/>\u201cBurjuva demokrasisi \u00f6zg\u00fcrl\u00fck ve e\u015fitlik \u00fczerine kula\u011fa ho\u015f gelen s\u00f6zler, tumturakl\u0131 s\u00f6zc\u00fckler, abartmal\u0131 vaatler ve g\u00fcr\u00fclt\u00fcl\u00fc sloganlar demokrasisidir; ger\u00e7ekte ise b\u00fct\u00fcn bunlarla kad\u0131n\u0131n \u00f6zg\u00fcrl\u00fcks\u00fczl\u00fc\u011f\u00fc ve e\u015fitsizli\u011fi, \u00e7al\u0131\u015fanlar\u0131n ve s\u00f6m\u00fcr\u00fclenlerin \u00f6zg\u00fcrl\u00fcks\u00fczl\u00fc\u011f\u00fc ve e\u015fitsizli\u011fi gizlenir.<br \/>Sosyalist demokrasi yada Sovyet demokrasisi, kula\u011fa ho\u015f gelen, ama yalan olan s\u00f6zleri bir yana atar ve &#8220;demokrat&#8221;lar\u0131n, m\u00fclk sahiplerinin, kapitalistlerin ya da tah\u0131l fazlalar\u0131n\u0131 a\u00e7 i\u015f\u00e7ilere fahi\u015f fiyatlarla satarak zengin olan tok k\u00f6yl\u00fclerin ikiy\u00fczl\u00fcl\u00fc\u011f\u00fcne amans\u0131zca sava\u015f a\u00e7ar.<br \/>Kahrolsun bu \u00e7irkin yalan! Ezilenler ile ezenlerin, s\u00f6m\u00fcr\u00fclenler ile s\u00f6m\u00fcrenlerin &#8220;e\u015fitli\u011fi&#8221; olamaz, yoktur ve olmayacakt\u0131r. Kad\u0131n i\u00e7in erke\u011fin yasal ayr\u0131cal\u0131klar\u0131 kar\u015f\u0131s\u0131nda hi\u00e7bir \u00f6zg\u00fcrl\u00fck olmad\u0131k\u00e7a, semayenin boyunduru\u011fundan i\u015f\u00e7inin; kapitalistlerin, m\u00fclk sahiplerinin t\u00fcccarlar\u0131n boyunduru\u011fundan \u00e7al\u0131\u015fan k\u00f6yl\u00fcn\u00fcn hi\u00e7bir \u00f6zg\u00fcrl\u00fc\u011f\u00fc olmad\u0131k\u00e7a, ger\u00e7ek &#8220;\u00f6zg\u00fcrl\u00fck&#8221; olamaz, yoktur ve asla olmayacakt\u0131r.<br \/>B\u0131rak\u0131n yalanc\u0131lar ve ikiy\u00fczl\u00fcler, beyinsizler ve k\u00f6rler, burjuvazi ve yanda\u015flar\u0131, genelde \u00f6zg\u00fcrl\u00fck, genelde e\u015fitlik ve demokrasi konusundaki ho\u015f s\u00f6zleriyle halk\u0131 aldatmaya \u00e7al\u0131\u015fs\u0131nlar.<br \/>\u0130\u015f\u00e7ilere ve k\u00f6yl\u00fclere \u015funu s\u00f6yl\u00fcyoruz: Yalanc\u0131lar\u0131n maskelerini indirin, k\u00f6rlerin g\u00f6zlerini a\u00e7\u0131n onlara sorun:<br \/>&#8211; Hangi cinsin hangi cinsle e\u015fitli\u011fi?<br \/>&#8211; Hangi ulusun hangi ulusla e\u015fitli\u011fi?<br \/>&#8211; Hangi s\u0131n\u0131f\u0131n hangi s\u0131n\u0131fla e\u015fitli\u011fi?<br \/>&#8211; Hangi boyunduruktan ya da hangi s\u0131n\u0131f\u0131n boyunduru\u011fundan kurtulu\u015f? Hangi s\u0131n\u0131f i\u00e7in \u00f6zg\u00fcrl\u00fck?<br \/>Bu sorular\u0131 ortaya atmaks\u0131z\u0131n, bunlar\u0131 \u00f6n plana \u00e7\u0131karmaks\u0131z\u0131n, bunlar\u0131n sessizce ge\u00e7i\u015ftirilmesine, gizlenmesine, \u00f6rtbas edilmesine kar\u015f\u0131 sava\u015fmaks\u0131z\u0131n politikadan ve demokrasiden, \u00f6zg\u00fcrl\u00fckten, e\u015fitlikten ve sosyalizmden s\u00f6zeden kimse, emek\u00e7ilerin en ac\u0131mas\u0131z d\u00fc\u015fman\u0131d\u0131r, kuzu postuna b\u00fcr\u00fcnm\u00fc\u015f kurttur, i\u015f\u00e7ilerin ve k\u00f6yl\u00fclerin en k\u00f6t\u00fc d\u00fc\u015fman\u0131d\u0131r, m\u00fclk sahiplerinin, \u00e7arlar\u0131n ve kapitalistlerin u\u015fa\u011f\u0131d\u0131r.\u201d<\/p>\n<p style=\"text-align: justify;\">Lenin, 1919<\/p>\n<p style=\"text-align: justify;\">(Kad\u0131n Sorunu \u00dczerine, Marx-Engels-Lenin-Stalin-Komintern&amp;Clara Zetkin, \u0130nter Yay\u0131nlar\u0131, Sayfa 55-56)<\/p>\n<p style=\"text-align: justify;\">***<\/p>\n<p style=\"text-align: justify;\">KADIN \u0130\u015e\u00c7\u0130LER\u0130N 1. B\u00dcT\u00dcN RUSYA KONGRES\u0130&#8217;NDEK\u0130 KONU\u015eMA<\/p>\n<p>LEN\u0130N &#8212; 19 Kas\u0131m 1918<\/p>\n<p>(Delegeler Lenin yolda\u015f\u0131 bitmek bilmeyen alk\u0131\u015flar ve tezah\u00fcratla selamlarlar) Kad\u0131n yolda\u015flar!Belli bir anlamda proletarya ordusunun kad\u0131n k\u0131sm\u0131n\u0131n bu kongresinin \u00f6zel bir \u00f6nemi var; \u00e7\u00fcnk\u00fc her \u00fclkede en zor \u015feylerden biri kad\u0131nlar\u0131 harekete ge\u00e7irmek olmu\u015ftur.Ancak emek\u00e7i kad\u0131nlar\u0131n b\u00fcy\u00fck bir b\u00f6l\u00fcm\u00fc,buna \u00f6nemli \u00f6l\u00e7\u00fcde kat\u0131lmad\u0131k\u00e7a,sosyalist devrim olamaz.<\/p>\n<p>B\u00fct\u00fcn uygar \u00fclkelerde,hatta en ileri olanlarda bile,kad\u0131nlar \u00f6yle bir konumdalar ki,onlara bo\u015funa ev k\u00f6lesi denmiyor.Hi\u00e7bir kapitalist devlet,en \u00f6zg\u00fcr cumhuriyetler bile,kad\u0131nlara tam e\u015fitli\u011fi tan\u0131m\u0131yor.<\/p>\n<p>Sovyet Cumhuriyeti&#8217;nin g\u00f6revi,ilk planda kad\u0131n haklar\u0131ndaki b\u00fct\u00fcn s\u0131n\u0131rlamalar\u0131n kald\u0131r\u0131lmas\u0131d\u0131r.Sovyet h\u00fck\u00fcmeti,burjuva rezilli\u011finin,burjuva bask\u0131s\u0131n\u0131n ve a\u015fa\u011f\u0131laman\u0131n bir kayna\u011f\u0131n\u0131 -bo\u015fanma i\u015flemlerini- tamamen ortadan kald\u0131rm\u0131\u015ft\u0131r.<\/p>\n<p>Tam bo\u015fanma \u00f6zg\u00fcrl\u00fc\u011f\u00fcn\u00fcn yasalla\u015fmas\u0131,yak\u0131nda bir y\u0131l\u0131n\u0131 dolduracak.Me\u015fru ve gayrime\u015fru \u00e7ocuklar aras\u0131ndaki b\u00fct\u00fcn fark\u0131 kald\u0131ran ve bir dizi politik s\u0131n\u0131rlamay\u0131 kald\u0131ran bir kararname \u00e7\u0131kard\u0131k.D\u00fcnyan\u0131n ba\u015fka hi\u00e7bir yerinde i\u015f\u00e7i kad\u0131nlara e\u015fitlik ve \u00f6zg\u00fcrl\u00fck b\u00f6yle tam olarak tan\u0131nmam\u0131\u015ft\u0131r.<\/p>\n<p>Eski yasalar\u0131n en a\u011f\u0131r y\u00fck\u00fcn\u00fc i\u015f\u00e7i kad\u0131nlar\u0131n ta\u015f\u0131ma zorunda kald\u0131klar\u0131n\u0131 biliyoruz.<\/p>\n<p>Tarihte ilk kez bizim yasam\u0131z,kad\u0131nlar\u0131n haklar\u0131n\u0131 elinden alan her\u015feyi ortadan kald\u0131rm\u0131\u015ft\u0131r.Ama sorun yaln\u0131zca yasa sorunu de\u011fildir.Kentlerde ve sanayi b\u00f6lgelerinde tam evlilik \u00f6zg\u00fcrl\u00fc\u011f\u00fcn\u00fcn iyi yerle\u015fti\u011fini g\u00f6r\u00fcyoruz;ama k\u0131rlarda bu \u00f6zg\u00fcrl\u00fck s\u0131k,\u00e7ok s\u0131k olarak yaln\u0131zca ka\u011f\u0131t \u00fczerinde kalmaktad\u0131r.Oralarda dini evlilik hala hakimdir.Bu,papazlar\u0131n etkisinden kaynaklanmaktad\u0131r.Bu k\u00f6t\u00fcl\u00fc\u011fe kar\u015f\u0131 sava\u015fmak,eski yasalarla sava\u015fmaktan daha zordur.<\/p>\n<p>Dini \u00f6nyarg\u0131larla sava\u015f\u0131rken son derece dikkatli olmal\u0131y\u0131z;bu m\u00fccadele de dini duygular\u0131 incitenler \u00e7ok zararl\u0131 olurlar.M\u00fccadele,propaganda ve e\u011fitim yoluyla y\u00fcr\u00fct\u00fclmelidir.M\u00fccadeleyi keskin y\u00f6ntemlerle y\u00fcr\u00fct\u00fcrsek,kitleleri kar\u015f\u0131m\u0131za alabiliriz.Bu gibi m\u00fccadele y\u00f6ntemleri,kitlelerin din temelinde b\u00f6l\u00fcnm\u00fc\u015fl\u00fc\u011f\u00fcn\u00fc derinle\u015ftirir,oysa bizim g\u00fcc\u00fcm\u00fcz birlik de yatar.Dini \u00f6nyarglar\u0131n en derin kayna\u011f\u0131,yoksulluk ve cahilliktir;i\u015fte sava\u015fmak zorunda oldu\u011fumuz bela budur.<\/p>\n<p>Kad\u0131n\u0131n bug\u00fcne kadar olan durumu,ancak bir k\u00f6lenin durumuna benzetilebilir;kad\u0131n ev i\u015fleri alt\u0131nda ezilmektedir ve ancak sosyalizm onu bu durumdan kurtarabilir.Yaln\u0131zca,k\u00fc\u00e7\u00fck i\u015fletmelerden kollektif i\u015fletmelere ve to\u011fra\u011f\u0131 kollektif i\u015flemeye ge\u00e7ti\u011fimize,i\u015fte ancak o zaman kad\u0131n\u0131n tam kurtulu\u015fu ve k\u00f6leli\u011finin sonu ger\u00e7ek olur. Bu zor bir g\u00f6revdir.Ama bug\u00fcn Yoksul K\u00f6yl\u00fc Komiteleri&#8217;nin kuruluyor olmas\u0131,sosyalist devrimin sa\u011flamla\u015ft\u0131r\u0131laca\u011f\u0131 zaman\u0131n geldi\u011fini g\u00f6steriyor.<\/p>\n<p>K\u0131rsal n\u00fcfusun en yoksul k\u0131sm\u0131,ancak \u015fimdi \u00f6rg\u00fctlenmeye ba\u015fl\u0131yor ve sosyalizm yoksul k\u00f6yl\u00fclerin bu \u00f6rg\u00fctlerinde sa\u011flam bir temel kazan\u0131yor.<\/p>\n<p>Eskiden s\u0131k s\u0131k \u015f\u00f6yle olurdu:Kent devrimcile\u015fir ve k\u00f6y ancak ondan sonra eyleme ge\u00e7erdi.<br \/>\u015eimdiki devrim k\u00f6ye dayan\u0131yor ve en \u00f6nemlisi ve kuvveti de bundan do\u011fuyor.B\u00fct\u00fcn kurtulu\u015f hareketlerinin deneyimlerinden biliyoruz ki,bir devrimin ba\u015far\u0131s\u0131,kad\u0131nlar\u0131n ona hangi \u00f6l\u00e7\u00fcde kat\u0131ld\u0131\u011f\u0131na ba\u011fl\u0131d\u0131r. Sovyet iktidar\u0131,kad\u0131n\u0131n proleter sosyalist g\u00f6revini \u00f6zg\u00fcrce yerine getirebilmesi i\u00e7in her\u015feyi yap\u0131yor.<\/p>\n<p>Sovyet iktidar\u0131,bir dizi \u00fclkede devrim yang\u0131n\u0131n\u0131 alevlendirdi\u011fi ve sosyalizme do\u011fru kesin ad\u0131mlar att\u0131\u011f\u0131 i\u00e7in,b\u00fct\u00fcn emperyalist \u00fclkeler ona h\u0131n\u00e7 duyduk\u00e7a ve onu sava\u015fla bast\u0131rmak istedik\u00e7e,zor bir durumda bulunuyor.<\/p>\n<p>Simdi,devrimci Rusya&#8217;y\u0131 y\u0131kmak istedikleri yerde,kendi ayaklar\u0131n\u0131n alt\u0131ndaki toprak k\u0131zg\u0131nla\u015fmaya ba\u015fl\u0131yor.Almanya&#8217;da devrimci hareketin nas\u0131l geli\u015fti\u011fi biliniyor.Dan\u0131markada&#8217;da i\u015f\u00e7iler h\u00fck\u00fcmete kar\u015f\u0131 sava\u015f\u0131yorlar.\u0130svi\u00e7re&#8217;de ve Hollanda&#8217;da devrimci hareket kuvvetleniyor.Bu k\u00fc\u00e7\u00fck \u00fclkelerde devrimci hareketin kendi ba\u015f\u0131na hemen hi\u00e7 \u00f6nemi yoktur;ama \u015fundan \u00f6t\u00fcr\u00fc \u00f6zellikle dikkate de\u011ferdir;\u00e7\u00fcnk\u00fc o \u00fclkelerde sava\u015f olmam\u0131\u015ft\u0131r ve \u00e7\u00fcnk\u00fc oralarda en demokratik &lt;hukuk&gt; d\u00fczeni vard\u0131r.B\u00f6yle \u00fclkeler harekete ge\u00e7erse,bu, devrimci hareketin b\u00fct\u00fcn d\u00fcnyay\u0131 saraca\u011f\u0131 ger\u00e7e\u011fini g\u00f6sterir.<\/p>\n<p>Bug\u00fcne kadar hi\u00e7bir cumhuriyete kad\u0131n\u0131 \u00f6zg\u00fcrle\u015ftirmeyi ba\u015faramad\u0131.Sovyet iktidar\u0131 kad\u0131na yard\u0131m ediyor.Davam\u0131z yenilemez,\u00e7\u00fcnk\u00fc b\u00fct\u00fcn \u00fclkelerde yenilmez i\u015f\u00e7i s\u0131n\u0131f\u0131 ayaklan\u0131yor.Bu hareket yenilmez sosyalist devrimin b\u00fcy\u00fcmesi demektir.<\/p>\n<p>(S\u00fcrekli alk\u0131\u015flar.Enternasyonal&#8217;in s\u00f6ylenmesi.)<\/p>\n<p>LEN\u0130N<br \/>19.11.1918<\/p>\n<p>(Kad\u0131n Sorunu \u00dczerine,Marx-Engels-Lenin-Stalin-Komintern&amp;Clara Zetkin, \u0130nter Yay\u0131nlar\u0131, Sayfa 40-42)<\/p>\n","protected":false},"excerpt":{"rendered":"<p>\u201cBurjuva demokrasisi \u00f6zg\u00fcrl\u00fck ve e\u015fitlik \u00fczerine kula\u011fa ho\u015f gelen s\u00f6zler, tumturakl\u0131 s\u00f6zc\u00fckler, abartmal\u0131 vaatler ve g\u00fcr\u00fclt\u00fcl\u00fc sloganlar demokrasisidir; ger\u00e7ekte ise b\u00fct\u00fcn bunlarla kad\u0131n\u0131n \u00f6zg\u00fcrl\u00fcks\u00fczl\u00fc\u011f\u00fc ve e\u015fitsizli\u011fi, \u00e7al\u0131\u015fanlar\u0131n ve s\u00f6m\u00fcr\u00fclenlerin \u00f6zg\u00fcrl\u00fcks\u00fczl\u00fc\u011f\u00fc ve e\u015fitsizli\u011fi gizlenir.Sosyalist demokrasi yada Sovyet demokrasisi, kula\u011fa ho\u015f gelen, ama yalan olan s\u00f6zleri bir yana atar ve &#8220;demokrat&#8221;lar\u0131n, m\u00fclk sahiplerinin, kapitalistlerin ya da tah\u0131l [&hellip;]<\/p>\n","protected":false},"author":1,"featured_media":0,"comment_status":"open","ping_status":"open","sticky":false,"template":"","format":"standard","meta":{"footnotes":""},"categories":[176],"tags":[],"class_list":{"0":"post-4850","1":"post","2":"type-post","3":"status-publish","4":"format-standard","6":"category-kadin-a-dair"},"yoast_head":"<!-- This site is optimized with the Yoast SEO Premium plugin v24.9 (Yoast SEO v24.9) - https:\/\/yoast.com\/wordpress\/plugins\/seo\/ -->\n<title>Sovyet iktidar\u0131 ve Kad\u0131n\u0131n durumu | Kad\u0131n sorunu \u00fczerine - V.\u0130.Lenin - narteks.net<\/title>\n<meta name=\"robots\" content=\"index, follow, max-snippet:-1, max-image-preview:large, max-video-preview:-1\" \/>\n<link rel=\"canonical\" href=\"https:\/\/narteks.net\/index.php\/2011\/01\/22\/sovyet-iktidari-ve-kadinin-durumu-kadin-sorunu-uzerine-vilenin\/\" \/>\n<meta property=\"og:locale\" content=\"tr_TR\" \/>\n<meta property=\"og:type\" content=\"article\" \/>\n<meta property=\"og:title\" content=\"Sovyet iktidar\u0131 ve Kad\u0131n\u0131n durumu | Kad\u0131n sorunu \u00fczerine - V.\u0130.Lenin\" \/>\n<meta property=\"og:description\" content=\"\u201cBurjuva demokrasisi \u00f6zg\u00fcrl\u00fck ve e\u015fitlik \u00fczerine kula\u011fa ho\u015f gelen s\u00f6zler, tumturakl\u0131 s\u00f6zc\u00fckler, abartmal\u0131 vaatler ve g\u00fcr\u00fclt\u00fcl\u00fc sloganlar demokrasisidir; ger\u00e7ekte ise b\u00fct\u00fcn bunlarla kad\u0131n\u0131n \u00f6zg\u00fcrl\u00fcks\u00fczl\u00fc\u011f\u00fc ve e\u015fitsizli\u011fi, \u00e7al\u0131\u015fanlar\u0131n ve s\u00f6m\u00fcr\u00fclenlerin \u00f6zg\u00fcrl\u00fcks\u00fczl\u00fc\u011f\u00fc ve e\u015fitsizli\u011fi gizlenir.Sosyalist demokrasi yada Sovyet demokrasisi, kula\u011fa ho\u015f gelen, ama yalan olan s\u00f6zleri bir yana atar ve &#8220;demokrat&#8221;lar\u0131n, m\u00fclk sahiplerinin, kapitalistlerin ya da tah\u0131l [&hellip;]\" \/>\n<meta property=\"og:url\" content=\"https:\/\/narteks.net\/index.php\/2011\/01\/22\/sovyet-iktidari-ve-kadinin-durumu-kadin-sorunu-uzerine-vilenin\/\" \/>\n<meta property=\"og:site_name\" content=\"narteks.net\" \/>\n<meta property=\"article:published_time\" content=\"2011-01-22T08:39:27+00:00\" \/>\n<meta property=\"og:image\" content=\"http:\/\/uretiyorum.org\/wp-content\/uploads\/2010\/09\/Lenin-Trotzki_1920-05-20_auf_dem_Roten_Platz_Retusche.jpg\" \/>\n<meta name=\"author\" content=\"Tar\u0131k\" \/>\n<meta name=\"twitter:card\" content=\"summary_large_image\" \/>\n<meta name=\"twitter:creator\" content=\"@narteks\" \/>\n<meta name=\"twitter:site\" content=\"@narteks\" \/>\n<meta name=\"twitter:label1\" content=\"Yazan:\" \/>\n\t<meta name=\"twitter:data1\" content=\"Tar\u0131k\" \/>\n\t<meta name=\"twitter:label2\" content=\"Tahmini okuma s\u00fcresi\" \/>\n\t<meta name=\"twitter:data2\" content=\"6 dakika\" \/>\n<script type=\"application\/ld+json\" class=\"yoast-schema-graph\">{\"@context\":\"https:\/\/schema.org\",\"@graph\":[{\"@type\":\"Article\",\"@id\":\"https:\/\/narteks.net\/index.php\/2011\/01\/22\/sovyet-iktidari-ve-kadinin-durumu-kadin-sorunu-uzerine-vilenin\/#article\",\"isPartOf\":{\"@id\":\"https:\/\/narteks.net\/index.php\/2011\/01\/22\/sovyet-iktidari-ve-kadinin-durumu-kadin-sorunu-uzerine-vilenin\/\"},\"author\":{\"name\":\"Tar\u0131k\",\"@id\":\"https:\/\/narteks.net\/#\/schema\/person\/61f37d9834294b72d31d274e7ed79bca\"},\"headline\":\"Sovyet iktidar\u0131 ve Kad\u0131n\u0131n durumu | Kad\u0131n sorunu \u00fczerine &#8211; V.\u0130.Lenin\",\"datePublished\":\"2011-01-22T08:39:27+00:00\",\"mainEntityOfPage\":{\"@id\":\"https:\/\/narteks.net\/index.php\/2011\/01\/22\/sovyet-iktidari-ve-kadinin-durumu-kadin-sorunu-uzerine-vilenin\/\"},\"wordCount\":1281,\"commentCount\":0,\"publisher\":{\"@id\":\"https:\/\/narteks.net\/#organization\"},\"image\":{\"@id\":\"https:\/\/narteks.net\/index.php\/2011\/01\/22\/sovyet-iktidari-ve-kadinin-durumu-kadin-sorunu-uzerine-vilenin\/#primaryimage\"},\"thumbnailUrl\":\"http:\/\/uretiyorum.org\/wp-content\/uploads\/2010\/09\/Lenin-Trotzki_1920-05-20_auf_dem_Roten_Platz_Retusche.jpg\",\"articleSection\":[\"Kad\u0131na Dair\"],\"inLanguage\":\"tr\",\"potentialAction\":[{\"@type\":\"CommentAction\",\"name\":\"Comment\",\"target\":[\"https:\/\/narteks.net\/index.php\/2011\/01\/22\/sovyet-iktidari-ve-kadinin-durumu-kadin-sorunu-uzerine-vilenin\/#respond\"]}]},{\"@type\":\"WebPage\",\"@id\":\"https:\/\/narteks.net\/index.php\/2011\/01\/22\/sovyet-iktidari-ve-kadinin-durumu-kadin-sorunu-uzerine-vilenin\/\",\"url\":\"https:\/\/narteks.net\/index.php\/2011\/01\/22\/sovyet-iktidari-ve-kadinin-durumu-kadin-sorunu-uzerine-vilenin\/\",\"name\":\"Sovyet iktidar\u0131 ve Kad\u0131n\u0131n durumu | Kad\u0131n sorunu \u00fczerine - V.\u0130.Lenin - narteks.net\",\"isPartOf\":{\"@id\":\"https:\/\/narteks.net\/#website\"},\"primaryImageOfPage\":{\"@id\":\"https:\/\/narteks.net\/index.php\/2011\/01\/22\/sovyet-iktidari-ve-kadinin-durumu-kadin-sorunu-uzerine-vilenin\/#primaryimage\"},\"image\":{\"@id\":\"https:\/\/narteks.net\/index.php\/2011\/01\/22\/sovyet-iktidari-ve-kadinin-durumu-kadin-sorunu-uzerine-vilenin\/#primaryimage\"},\"thumbnailUrl\":\"http:\/\/uretiyorum.org\/wp-content\/uploads\/2010\/09\/Lenin-Trotzki_1920-05-20_auf_dem_Roten_Platz_Retusche.jpg\",\"datePublished\":\"2011-01-22T08:39:27+00:00\",\"breadcrumb\":{\"@id\":\"https:\/\/narteks.net\/index.php\/2011\/01\/22\/sovyet-iktidari-ve-kadinin-durumu-kadin-sorunu-uzerine-vilenin\/#breadcrumb\"},\"inLanguage\":\"tr\",\"potentialAction\":[{\"@type\":\"ReadAction\",\"target\":[\"https:\/\/narteks.net\/index.php\/2011\/01\/22\/sovyet-iktidari-ve-kadinin-durumu-kadin-sorunu-uzerine-vilenin\/\"]}]},{\"@type\":\"ImageObject\",\"inLanguage\":\"tr\",\"@id\":\"https:\/\/narteks.net\/index.php\/2011\/01\/22\/sovyet-iktidari-ve-kadinin-durumu-kadin-sorunu-uzerine-vilenin\/#primaryimage\",\"url\":\"http:\/\/uretiyorum.org\/wp-content\/uploads\/2010\/09\/Lenin-Trotzki_1920-05-20_auf_dem_Roten_Platz_Retusche.jpg\",\"contentUrl\":\"http:\/\/uretiyorum.org\/wp-content\/uploads\/2010\/09\/Lenin-Trotzki_1920-05-20_auf_dem_Roten_Platz_Retusche.jpg\"},{\"@type\":\"BreadcrumbList\",\"@id\":\"https:\/\/narteks.net\/index.php\/2011\/01\/22\/sovyet-iktidari-ve-kadinin-durumu-kadin-sorunu-uzerine-vilenin\/#breadcrumb\",\"itemListElement\":[{\"@type\":\"ListItem\",\"position\":1,\"name\":\"Anasayfa\",\"item\":\"https:\/\/narteks.net\/\"},{\"@type\":\"ListItem\",\"position\":2,\"name\":\"Sovyet iktidar\u0131 ve Kad\u0131n\u0131n durumu | Kad\u0131n sorunu \u00fczerine &#8211; V.\u0130.Lenin\"}]},{\"@type\":\"WebSite\",\"@id\":\"https:\/\/narteks.net\/#website\",\"url\":\"https:\/\/narteks.net\/\",\"name\":\"narteks.net\",\"description\":\"K\u00fclt\u00fcr Sanat Edebiyat Felsefe\",\"publisher\":{\"@id\":\"https:\/\/narteks.net\/#organization\"},\"alternateName\":\"K\u00fclt\u00fcr Sanat Edebiyat Felsefe\",\"potentialAction\":[{\"@type\":\"SearchAction\",\"target\":{\"@type\":\"EntryPoint\",\"urlTemplate\":\"https:\/\/narteks.net\/?s={search_term_string}\"},\"query-input\":{\"@type\":\"PropertyValueSpecification\",\"valueRequired\":true,\"valueName\":\"search_term_string\"}}],\"inLanguage\":\"tr\"},{\"@type\":\"Organization\",\"@id\":\"https:\/\/narteks.net\/#organization\",\"name\":\"narteks.net\",\"url\":\"https:\/\/narteks.net\/\",\"logo\":{\"@type\":\"ImageObject\",\"inLanguage\":\"tr\",\"@id\":\"https:\/\/narteks.net\/#\/schema\/logo\/image\/\",\"url\":\"https:\/\/narteks.net\/wp-content\/uploads\/narteks.png\",\"contentUrl\":\"https:\/\/narteks.net\/wp-content\/uploads\/narteks.png\",\"width\":300,\"height\":90,\"caption\":\"narteks.net\"},\"image\":{\"@id\":\"https:\/\/narteks.net\/#\/schema\/logo\/image\/\"},\"sameAs\":[\"https:\/\/x.com\/narteks\",\"https:\/\/instagram.com\/narteksnet\"]},{\"@type\":\"Person\",\"@id\":\"https:\/\/narteks.net\/#\/schema\/person\/61f37d9834294b72d31d274e7ed79bca\",\"name\":\"Tar\u0131k\",\"image\":{\"@type\":\"ImageObject\",\"inLanguage\":\"tr\",\"@id\":\"https:\/\/narteks.net\/#\/schema\/person\/image\/\",\"url\":\"https:\/\/secure.gravatar.com\/avatar\/50865afb55632c4ae467e0af0930f6510aa2297d8014be502a55b14f3b7550cf?s=96&d=mm&r=g\",\"contentUrl\":\"https:\/\/secure.gravatar.com\/avatar\/50865afb55632c4ae467e0af0930f6510aa2297d8014be502a55b14f3b7550cf?s=96&d=mm&r=g\",\"caption\":\"Tar\u0131k\"},\"sameAs\":[\"http:\/\/narteks.net\"],\"url\":\"https:\/\/narteks.net\/index.php\/author\/narbak\/\"}]}<\/script>\n<!-- \/ Yoast SEO Premium plugin. -->","yoast_head_json":{"title":"Sovyet iktidar\u0131 ve Kad\u0131n\u0131n durumu | Kad\u0131n sorunu \u00fczerine - V.\u0130.Lenin - narteks.net","robots":{"index":"index","follow":"follow","max-snippet":"max-snippet:-1","max-image-preview":"max-image-preview:large","max-video-preview":"max-video-preview:-1"},"canonical":"https:\/\/narteks.net\/index.php\/2011\/01\/22\/sovyet-iktidari-ve-kadinin-durumu-kadin-sorunu-uzerine-vilenin\/","og_locale":"tr_TR","og_type":"article","og_title":"Sovyet iktidar\u0131 ve Kad\u0131n\u0131n durumu | Kad\u0131n sorunu \u00fczerine - V.\u0130.Lenin","og_description":"\u201cBurjuva demokrasisi \u00f6zg\u00fcrl\u00fck ve e\u015fitlik \u00fczerine kula\u011fa ho\u015f gelen s\u00f6zler, tumturakl\u0131 s\u00f6zc\u00fckler, abartmal\u0131 vaatler ve g\u00fcr\u00fclt\u00fcl\u00fc sloganlar demokrasisidir; ger\u00e7ekte ise b\u00fct\u00fcn bunlarla kad\u0131n\u0131n \u00f6zg\u00fcrl\u00fcks\u00fczl\u00fc\u011f\u00fc ve e\u015fitsizli\u011fi, \u00e7al\u0131\u015fanlar\u0131n ve s\u00f6m\u00fcr\u00fclenlerin \u00f6zg\u00fcrl\u00fcks\u00fczl\u00fc\u011f\u00fc ve e\u015fitsizli\u011fi gizlenir.Sosyalist demokrasi yada Sovyet demokrasisi, kula\u011fa ho\u015f gelen, ama yalan olan s\u00f6zleri bir yana atar ve &#8220;demokrat&#8221;lar\u0131n, m\u00fclk sahiplerinin, kapitalistlerin ya da tah\u0131l [&hellip;]","og_url":"https:\/\/narteks.net\/index.php\/2011\/01\/22\/sovyet-iktidari-ve-kadinin-durumu-kadin-sorunu-uzerine-vilenin\/","og_site_name":"narteks.net","article_published_time":"2011-01-22T08:39:27+00:00","og_image":[{"url":"http:\/\/uretiyorum.org\/wp-content\/uploads\/2010\/09\/Lenin-Trotzki_1920-05-20_auf_dem_Roten_Platz_Retusche.jpg","type":"","width":"","height":""}],"author":"Tar\u0131k","twitter_card":"summary_large_image","twitter_creator":"@narteks","twitter_site":"@narteks","twitter_misc":{"Yazan:":"Tar\u0131k","Tahmini okuma s\u00fcresi":"6 dakika"},"schema":{"@context":"https:\/\/schema.org","@graph":[{"@type":"Article","@id":"https:\/\/narteks.net\/index.php\/2011\/01\/22\/sovyet-iktidari-ve-kadinin-durumu-kadin-sorunu-uzerine-vilenin\/#article","isPartOf":{"@id":"https:\/\/narteks.net\/index.php\/2011\/01\/22\/sovyet-iktidari-ve-kadinin-durumu-kadin-sorunu-uzerine-vilenin\/"},"author":{"name":"Tar\u0131k","@id":"https:\/\/narteks.net\/#\/schema\/person\/61f37d9834294b72d31d274e7ed79bca"},"headline":"Sovyet iktidar\u0131 ve Kad\u0131n\u0131n durumu | Kad\u0131n sorunu \u00fczerine &#8211; V.\u0130.Lenin","datePublished":"2011-01-22T08:39:27+00:00","mainEntityOfPage":{"@id":"https:\/\/narteks.net\/index.php\/2011\/01\/22\/sovyet-iktidari-ve-kadinin-durumu-kadin-sorunu-uzerine-vilenin\/"},"wordCount":1281,"commentCount":0,"publisher":{"@id":"https:\/\/narteks.net\/#organization"},"image":{"@id":"https:\/\/narteks.net\/index.php\/2011\/01\/22\/sovyet-iktidari-ve-kadinin-durumu-kadin-sorunu-uzerine-vilenin\/#primaryimage"},"thumbnailUrl":"http:\/\/uretiyorum.org\/wp-content\/uploads\/2010\/09\/Lenin-Trotzki_1920-05-20_auf_dem_Roten_Platz_Retusche.jpg","articleSection":["Kad\u0131na Dair"],"inLanguage":"tr","potentialAction":[{"@type":"CommentAction","name":"Comment","target":["https:\/\/narteks.net\/index.php\/2011\/01\/22\/sovyet-iktidari-ve-kadinin-durumu-kadin-sorunu-uzerine-vilenin\/#respond"]}]},{"@type":"WebPage","@id":"https:\/\/narteks.net\/index.php\/2011\/01\/22\/sovyet-iktidari-ve-kadinin-durumu-kadin-sorunu-uzerine-vilenin\/","url":"https:\/\/narteks.net\/index.php\/2011\/01\/22\/sovyet-iktidari-ve-kadinin-durumu-kadin-sorunu-uzerine-vilenin\/","name":"Sovyet iktidar\u0131 ve Kad\u0131n\u0131n durumu | Kad\u0131n sorunu \u00fczerine - V.\u0130.Lenin - narteks.net","isPartOf":{"@id":"https:\/\/narteks.net\/#website"},"primaryImageOfPage":{"@id":"https:\/\/narteks.net\/index.php\/2011\/01\/22\/sovyet-iktidari-ve-kadinin-durumu-kadin-sorunu-uzerine-vilenin\/#primaryimage"},"image":{"@id":"https:\/\/narteks.net\/index.php\/2011\/01\/22\/sovyet-iktidari-ve-kadinin-durumu-kadin-sorunu-uzerine-vilenin\/#primaryimage"},"thumbnailUrl":"http:\/\/uretiyorum.org\/wp-content\/uploads\/2010\/09\/Lenin-Trotzki_1920-05-20_auf_dem_Roten_Platz_Retusche.jpg","datePublished":"2011-01-22T08:39:27+00:00","breadcrumb":{"@id":"https:\/\/narteks.net\/index.php\/2011\/01\/22\/sovyet-iktidari-ve-kadinin-durumu-kadin-sorunu-uzerine-vilenin\/#breadcrumb"},"inLanguage":"tr","potentialAction":[{"@type":"ReadAction","target":["https:\/\/narteks.net\/index.php\/2011\/01\/22\/sovyet-iktidari-ve-kadinin-durumu-kadin-sorunu-uzerine-vilenin\/"]}]},{"@type":"ImageObject","inLanguage":"tr","@id":"https:\/\/narteks.net\/index.php\/2011\/01\/22\/sovyet-iktidari-ve-kadinin-durumu-kadin-sorunu-uzerine-vilenin\/#primaryimage","url":"http:\/\/uretiyorum.org\/wp-content\/uploads\/2010\/09\/Lenin-Trotzki_1920-05-20_auf_dem_Roten_Platz_Retusche.jpg","contentUrl":"http:\/\/uretiyorum.org\/wp-content\/uploads\/2010\/09\/Lenin-Trotzki_1920-05-20_auf_dem_Roten_Platz_Retusche.jpg"},{"@type":"BreadcrumbList","@id":"https:\/\/narteks.net\/index.php\/2011\/01\/22\/sovyet-iktidari-ve-kadinin-durumu-kadin-sorunu-uzerine-vilenin\/#breadcrumb","itemListElement":[{"@type":"ListItem","position":1,"name":"Anasayfa","item":"https:\/\/narteks.net\/"},{"@type":"ListItem","position":2,"name":"Sovyet iktidar\u0131 ve Kad\u0131n\u0131n durumu | Kad\u0131n sorunu \u00fczerine &#8211; V.\u0130.Lenin"}]},{"@type":"WebSite","@id":"https:\/\/narteks.net\/#website","url":"https:\/\/narteks.net\/","name":"narteks.net","description":"K\u00fclt\u00fcr Sanat Edebiyat Felsefe","publisher":{"@id":"https:\/\/narteks.net\/#organization"},"alternateName":"K\u00fclt\u00fcr Sanat Edebiyat Felsefe","potentialAction":[{"@type":"SearchAction","target":{"@type":"EntryPoint","urlTemplate":"https:\/\/narteks.net\/?s={search_term_string}"},"query-input":{"@type":"PropertyValueSpecification","valueRequired":true,"valueName":"search_term_string"}}],"inLanguage":"tr"},{"@type":"Organization","@id":"https:\/\/narteks.net\/#organization","name":"narteks.net","url":"https:\/\/narteks.net\/","logo":{"@type":"ImageObject","inLanguage":"tr","@id":"https:\/\/narteks.net\/#\/schema\/logo\/image\/","url":"https:\/\/narteks.net\/wp-content\/uploads\/narteks.png","contentUrl":"https:\/\/narteks.net\/wp-content\/uploads\/narteks.png","width":300,"height":90,"caption":"narteks.net"},"image":{"@id":"https:\/\/narteks.net\/#\/schema\/logo\/image\/"},"sameAs":["https:\/\/x.com\/narteks","https:\/\/instagram.com\/narteksnet"]},{"@type":"Person","@id":"https:\/\/narteks.net\/#\/schema\/person\/61f37d9834294b72d31d274e7ed79bca","name":"Tar\u0131k","image":{"@type":"ImageObject","inLanguage":"tr","@id":"https:\/\/narteks.net\/#\/schema\/person\/image\/","url":"https:\/\/secure.gravatar.com\/avatar\/50865afb55632c4ae467e0af0930f6510aa2297d8014be502a55b14f3b7550cf?s=96&d=mm&r=g","contentUrl":"https:\/\/secure.gravatar.com\/avatar\/50865afb55632c4ae467e0af0930f6510aa2297d8014be502a55b14f3b7550cf?s=96&d=mm&r=g","caption":"Tar\u0131k"},"sameAs":["http:\/\/narteks.net"],"url":"https:\/\/narteks.net\/index.php\/author\/narbak\/"}]}},"_links":{"self":[{"href":"https:\/\/narteks.net\/index.php\/wp-json\/wp\/v2\/posts\/4850","targetHints":{"allow":["GET"]}}],"collection":[{"href":"https:\/\/narteks.net\/index.php\/wp-json\/wp\/v2\/posts"}],"about":[{"href":"https:\/\/narteks.net\/index.php\/wp-json\/wp\/v2\/types\/post"}],"author":[{"embeddable":true,"href":"https:\/\/narteks.net\/index.php\/wp-json\/wp\/v2\/users\/1"}],"replies":[{"embeddable":true,"href":"https:\/\/narteks.net\/index.php\/wp-json\/wp\/v2\/comments?post=4850"}],"version-history":[{"count":0,"href":"https:\/\/narteks.net\/index.php\/wp-json\/wp\/v2\/posts\/4850\/revisions"}],"wp:attachment":[{"href":"https:\/\/narteks.net\/index.php\/wp-json\/wp\/v2\/media?parent=4850"}],"wp:term":[{"taxonomy":"category","embeddable":true,"href":"https:\/\/narteks.net\/index.php\/wp-json\/wp\/v2\/categories?post=4850"},{"taxonomy":"post_tag","embeddable":true,"href":"https:\/\/narteks.net\/index.php\/wp-json\/wp\/v2\/tags?post=4850"}],"curies":[{"name":"wp","href":"https:\/\/api.w.org\/{rel}","templated":true}]}}