{"id":4858,"date":"2011-01-28T11:46:31","date_gmt":"2011-01-28T08:46:31","guid":{"rendered":"http:\/\/localhost\/wordpress\/2011\/01\/28\/cevap-ver-bana-tanrilar-arasinda-yitmis-yitik-ruhlarin-tanrisi-ben-nicin-buradayim-halil-cibran\/"},"modified":"2011-01-28T11:46:31","modified_gmt":"2011-01-28T08:46:31","slug":"cevap-ver-bana-tanrilar-arasinda-yitmis-yitik-ruhlarin-tanrisi-ben-nicin-buradayim-halil-cibran","status":"publish","type":"post","link":"https:\/\/narteks.net\/index.php\/2011\/01\/28\/cevap-ver-bana-tanrilar-arasinda-yitmis-yitik-ruhlarin-tanrisi-ben-nicin-buradayim-halil-cibran\/","title":{"rendered":"Cevap ver bana, Tanr\u0131lar aras\u0131nda yitmi\u015f, yitik ruhlar\u0131n Tanr\u0131\u2019s\u0131, ben ni\u00e7in buraday\u0131m? | Halil Cibran"},"content":{"rendered":"<p style=\"text-align: justify;\"><img loading=\"lazy\" decoding=\"async\" src=\"http:\/\/www.kanatsesleri.com\/KS\/images\/Icerik\/Birileri\/Halil_Cibran\/Halil_Cibran.jpg\" border=\"0\" width=\"155\" height=\"205\" style=\"float: left;\" \/>Yitik ruhlar\u0131n Tanr\u0131\u2019s\u0131, Tanr\u0131lar aras\u0131nda en yitik olan sen, i\u015fit beni.<\/p>\n<p>Bizi, deli ve dolanan ruhlar\u0131 koruyan nazik Kader, i\u015fit beni.<\/p>\n<p>En kusurlu olan ben, kusursuz bir \u0131rk\u0131n aras\u0131nda oturuyorum.<\/p>\n<p>Bir insanl\u0131k karma\u015fas\u0131, kar\u0131\u015f\u0131k maddeler bulutu olan ben, sonlanm\u0131\u015f d\u00fcnyalar\u0131n, tamamlanm\u0131\u015f yasalar\u0131n ve saf emrin, d\u00fc\u015f\u00fcnceleri s\u0131n\u0131fland\u0131r\u0131lm\u0131\u015f, d\u00fc\u015fleri d\u00fczenlenmi\u015f ve g\u00f6r\u00fc\u015fleri kaydedilmi\u015f insanlar\u0131n aras\u0131nda dolan\u0131yorum.<\/p>\n<p>Onlar\u0131n erdemleri, ey Tanr\u0131, \u00f6l\u00e7\u00fcl\u00fc, onlar\u0131n g\u00fcnahlar\u0131 bi\u00e7ilidir ve ne g\u00fcnah\u0131n ne de erdemin bulan\u0131k alacakaranl\u0131\u011f\u0131nda ge\u00e7en say\u0131s\u0131z \u015feyler kaydedilip listelenmi\u015ftir.<\/p>\n<p>Burada g\u00fcnler ve geceler mevsimlere b\u00f6l\u00fcn\u00fcr ve su\u00e7suz do\u011frulu\u011fun kurallar\u0131yla y\u00f6netilir.<\/p>\n<p>Yemek, i\u00e7mek, uyumak, \u00e7\u0131plakl\u0131\u011f\u0131n\u0131 \u00f6rtmek ve sonra yorulmak zamana ba\u011fl\u0131d\u0131r.<\/p>\n<p>\u00c7al\u0131\u015fmak, oynamak, \u015fark\u0131 s\u00f6ylemek, dans etmek ve sonra d\u00fc\u015f\u00fcnmeyi ve hissetmeyi kesmek belli y\u0131ld\u0131zlar \u00f6teki ufka ge\u00e7ti\u011finde yap\u0131l\u0131r.<\/p>\n<p>G\u00fcl\u00fcmseyerek bir kom\u015fuyu soymak, elin zarif bir hareketiyle arma\u011fanlar bah\u015fetmek, ileri g\u00f6r\u00fc\u015fl\u00fcl\u00fckle ibadet etmek, bir s\u00f6zle bir ruhu y\u0131kmak, bir nefesle bir bedeni yakmak ve sonra ellerini y\u0131kamak, g\u00fcn\u00fcn i\u015fleri bitince.<\/p>\n<p>Verilmi\u015f bir emre g\u00f6re sevmek, \u00f6nyarg\u0131l\u0131 bir \u015fekilde e\u011flenmek, tanr\u0131lara s\u00f6ylendi\u011fi \u015fekilde tap\u0131nmak, ustal\u0131kla dalavere yapmak ve haf\u0131za \u00f6lm\u00fc\u015fcesine hepsini unutmak.<\/p>\n<p>Bir d\u00fcrt\u00fcyle hayal kurmak, sayg\u0131yla d\u00fc\u015f\u00fcnmek, tatl\u0131l\u0131kla mutlu olmak, soylu bir \u015fekilde ac\u0131ya katlanmak \u2013ve sonra, yar\u0131n tekrar doldurabilsin diye barda\u011f\u0131 bo\u015faltmak.<\/p>\n<p>B\u00fct\u00fcn bu \u015feyler, ey Tanr\u0131, ileri g\u00f6r\u00fc\u015fl\u00fcl\u00fckle d\u00fc\u015f\u00fcn\u00fcl\u00fcr, kararl\u0131l\u0131kla do\u011furulur, do\u011frulukla b\u00fcy\u00fct\u00fcl\u00fcr, kurallarla y\u00f6netilir nedenlerle y\u00f6nlendirilir ve belirlenmi\u015f bir y\u00f6ntemle \u00f6ld\u00fcr\u00fcl\u00fcp g\u00f6m\u00fcl\u00fcr. Ve onlar\u0131n insanlar\u0131n ruhlar\u0131nda yatt\u0131klar\u0131 sessiz mezarlar\u0131 bile i\u015faretli ve numaral\u0131d\u0131r.<\/p>\n<p>Bu kusursuz bir d\u00fcnya, tam \u00fcst\u00fcnl\u00fck d\u00fcnyas\u0131, b\u00fcy\u00fck mucizeler d\u00fcnyas\u0131, Tanr\u0131\u2019n\u0131n bah\u00e7esindeki en olgun meyve, evrenin usta i\u015fi d\u00fc\u015f\u00fcncesi!<\/p>\n<p>Fakat ben ni\u00e7in buraday\u0131m, ey Tanr\u0131, tamamlanmam\u0131\u015f bir tutkunun ye\u015fil tohumu ve ne do\u011fuyu ne bat\u0131y\u0131 arayan deli f\u0131rt\u0131na ve yanm\u0131\u015f bir gezegenin \u015fa\u015fk\u0131n bir par\u00e7as\u0131 olan ben?<\/p>\n<p>Cevap ver bana, Tanr\u0131lar aras\u0131nda yitmi\u015f, yitik ruhlar\u0131n Tanr\u0131\u2019s\u0131, ben ni\u00e7in buraday\u0131m?<\/p>\n<p style=\"text-align: justify;\">\u00a0<\/p>\n<p style=\"text-align: justify;\">Kusursuz D\u00fcnya &#8211; Halil Cibran<\/p>\n","protected":false},"excerpt":{"rendered":"<p>Yitik ruhlar\u0131n Tanr\u0131\u2019s\u0131, Tanr\u0131lar aras\u0131nda en yitik olan sen, i\u015fit beni. Bizi, deli ve dolanan ruhlar\u0131 koruyan nazik Kader, i\u015fit beni. En kusurlu olan ben, kusursuz bir \u0131rk\u0131n aras\u0131nda oturuyorum. Bir insanl\u0131k karma\u015fas\u0131, kar\u0131\u015f\u0131k maddeler bulutu olan ben, sonlanm\u0131\u015f d\u00fcnyalar\u0131n, tamamlanm\u0131\u015f yasalar\u0131n ve saf emrin, d\u00fc\u015f\u00fcnceleri s\u0131n\u0131fland\u0131r\u0131lm\u0131\u015f, d\u00fc\u015fleri d\u00fczenlenmi\u015f ve g\u00f6r\u00fc\u015fleri kaydedilmi\u015f insanlar\u0131n aras\u0131nda dolan\u0131yorum. [&hellip;]<\/p>\n","protected":false},"author":1,"featured_media":0,"comment_status":"open","ping_status":"open","sticky":false,"template":"","format":"standard","meta":{"footnotes":""},"categories":[115],"tags":[],"class_list":{"0":"post-4858","1":"post","2":"type-post","3":"status-publish","4":"format-standard","6":"category-ceviri-oykuler"},"yoast_head":"<!-- This site is optimized with the Yoast SEO Premium plugin v24.9 (Yoast SEO v24.9) - https:\/\/yoast.com\/wordpress\/plugins\/seo\/ -->\n<title>Cevap ver bana, Tanr\u0131lar aras\u0131nda yitmi\u015f, yitik ruhlar\u0131n Tanr\u0131\u2019s\u0131, ben ni\u00e7in buraday\u0131m? | Halil Cibran - narteks.net<\/title>\n<meta name=\"robots\" content=\"index, follow, max-snippet:-1, max-image-preview:large, max-video-preview:-1\" \/>\n<link rel=\"canonical\" href=\"https:\/\/narteks.net\/index.php\/2011\/01\/28\/cevap-ver-bana-tanrilar-arasinda-yitmis-yitik-ruhlarin-tanrisi-ben-nicin-buradayim-halil-cibran\/\" \/>\n<meta property=\"og:locale\" content=\"tr_TR\" \/>\n<meta property=\"og:type\" content=\"article\" \/>\n<meta property=\"og:title\" content=\"Cevap ver bana, Tanr\u0131lar aras\u0131nda yitmi\u015f, yitik ruhlar\u0131n Tanr\u0131\u2019s\u0131, ben ni\u00e7in buraday\u0131m? | Halil Cibran\" \/>\n<meta property=\"og:description\" content=\"Yitik ruhlar\u0131n Tanr\u0131\u2019s\u0131, Tanr\u0131lar aras\u0131nda en yitik olan sen, i\u015fit beni. Bizi, deli ve dolanan ruhlar\u0131 koruyan nazik Kader, i\u015fit beni. En kusurlu olan ben, kusursuz bir \u0131rk\u0131n aras\u0131nda oturuyorum. Bir insanl\u0131k karma\u015fas\u0131, kar\u0131\u015f\u0131k maddeler bulutu olan ben, sonlanm\u0131\u015f d\u00fcnyalar\u0131n, tamamlanm\u0131\u015f yasalar\u0131n ve saf emrin, d\u00fc\u015f\u00fcnceleri s\u0131n\u0131fland\u0131r\u0131lm\u0131\u015f, d\u00fc\u015fleri d\u00fczenlenmi\u015f ve g\u00f6r\u00fc\u015fleri kaydedilmi\u015f insanlar\u0131n aras\u0131nda dolan\u0131yorum. [&hellip;]\" \/>\n<meta property=\"og:url\" content=\"https:\/\/narteks.net\/index.php\/2011\/01\/28\/cevap-ver-bana-tanrilar-arasinda-yitmis-yitik-ruhlarin-tanrisi-ben-nicin-buradayim-halil-cibran\/\" \/>\n<meta property=\"og:site_name\" content=\"narteks.net\" \/>\n<meta property=\"article:published_time\" content=\"2011-01-28T08:46:31+00:00\" \/>\n<meta property=\"og:image\" content=\"http:\/\/www.kanatsesleri.com\/KS\/images\/Icerik\/Birileri\/Halil_Cibran\/Halil_Cibran.jpg\" \/>\n<meta name=\"author\" content=\"Tar\u0131k\" \/>\n<meta name=\"twitter:card\" content=\"summary_large_image\" \/>\n<meta name=\"twitter:creator\" content=\"@narteks\" \/>\n<meta name=\"twitter:site\" content=\"@narteks\" \/>\n<meta name=\"twitter:label1\" content=\"Yazan:\" \/>\n\t<meta name=\"twitter:data1\" content=\"Tar\u0131k\" \/>\n\t<meta name=\"twitter:label2\" content=\"Tahmini okuma s\u00fcresi\" \/>\n\t<meta name=\"twitter:data2\" content=\"2 dakika\" \/>\n<script type=\"application\/ld+json\" class=\"yoast-schema-graph\">{\"@context\":\"https:\/\/schema.org\",\"@graph\":[{\"@type\":\"Article\",\"@id\":\"https:\/\/narteks.net\/index.php\/2011\/01\/28\/cevap-ver-bana-tanrilar-arasinda-yitmis-yitik-ruhlarin-tanrisi-ben-nicin-buradayim-halil-cibran\/#article\",\"isPartOf\":{\"@id\":\"https:\/\/narteks.net\/index.php\/2011\/01\/28\/cevap-ver-bana-tanrilar-arasinda-yitmis-yitik-ruhlarin-tanrisi-ben-nicin-buradayim-halil-cibran\/\"},\"author\":{\"name\":\"Tar\u0131k\",\"@id\":\"https:\/\/narteks.net\/#\/schema\/person\/61f37d9834294b72d31d274e7ed79bca\"},\"headline\":\"Cevap ver bana, Tanr\u0131lar aras\u0131nda yitmi\u015f, yitik ruhlar\u0131n Tanr\u0131\u2019s\u0131, ben ni\u00e7in buraday\u0131m? | Halil Cibran\",\"datePublished\":\"2011-01-28T08:46:31+00:00\",\"mainEntityOfPage\":{\"@id\":\"https:\/\/narteks.net\/index.php\/2011\/01\/28\/cevap-ver-bana-tanrilar-arasinda-yitmis-yitik-ruhlarin-tanrisi-ben-nicin-buradayim-halil-cibran\/\"},\"wordCount\":464,\"commentCount\":0,\"publisher\":{\"@id\":\"https:\/\/narteks.net\/#organization\"},\"image\":{\"@id\":\"https:\/\/narteks.net\/index.php\/2011\/01\/28\/cevap-ver-bana-tanrilar-arasinda-yitmis-yitik-ruhlarin-tanrisi-ben-nicin-buradayim-halil-cibran\/#primaryimage\"},\"thumbnailUrl\":\"http:\/\/www.kanatsesleri.com\/KS\/images\/Icerik\/Birileri\/Halil_Cibran\/Halil_Cibran.jpg\",\"articleSection\":[\"\u00c7eviri \u00d6yk\u00fcler\"],\"inLanguage\":\"tr\",\"potentialAction\":[{\"@type\":\"CommentAction\",\"name\":\"Comment\",\"target\":[\"https:\/\/narteks.net\/index.php\/2011\/01\/28\/cevap-ver-bana-tanrilar-arasinda-yitmis-yitik-ruhlarin-tanrisi-ben-nicin-buradayim-halil-cibran\/#respond\"]}]},{\"@type\":\"WebPage\",\"@id\":\"https:\/\/narteks.net\/index.php\/2011\/01\/28\/cevap-ver-bana-tanrilar-arasinda-yitmis-yitik-ruhlarin-tanrisi-ben-nicin-buradayim-halil-cibran\/\",\"url\":\"https:\/\/narteks.net\/index.php\/2011\/01\/28\/cevap-ver-bana-tanrilar-arasinda-yitmis-yitik-ruhlarin-tanrisi-ben-nicin-buradayim-halil-cibran\/\",\"name\":\"Cevap ver bana, Tanr\u0131lar aras\u0131nda yitmi\u015f, yitik ruhlar\u0131n Tanr\u0131\u2019s\u0131, ben ni\u00e7in buraday\u0131m? | Halil Cibran - narteks.net\",\"isPartOf\":{\"@id\":\"https:\/\/narteks.net\/#website\"},\"primaryImageOfPage\":{\"@id\":\"https:\/\/narteks.net\/index.php\/2011\/01\/28\/cevap-ver-bana-tanrilar-arasinda-yitmis-yitik-ruhlarin-tanrisi-ben-nicin-buradayim-halil-cibran\/#primaryimage\"},\"image\":{\"@id\":\"https:\/\/narteks.net\/index.php\/2011\/01\/28\/cevap-ver-bana-tanrilar-arasinda-yitmis-yitik-ruhlarin-tanrisi-ben-nicin-buradayim-halil-cibran\/#primaryimage\"},\"thumbnailUrl\":\"http:\/\/www.kanatsesleri.com\/KS\/images\/Icerik\/Birileri\/Halil_Cibran\/Halil_Cibran.jpg\",\"datePublished\":\"2011-01-28T08:46:31+00:00\",\"breadcrumb\":{\"@id\":\"https:\/\/narteks.net\/index.php\/2011\/01\/28\/cevap-ver-bana-tanrilar-arasinda-yitmis-yitik-ruhlarin-tanrisi-ben-nicin-buradayim-halil-cibran\/#breadcrumb\"},\"inLanguage\":\"tr\",\"potentialAction\":[{\"@type\":\"ReadAction\",\"target\":[\"https:\/\/narteks.net\/index.php\/2011\/01\/28\/cevap-ver-bana-tanrilar-arasinda-yitmis-yitik-ruhlarin-tanrisi-ben-nicin-buradayim-halil-cibran\/\"]}]},{\"@type\":\"ImageObject\",\"inLanguage\":\"tr\",\"@id\":\"https:\/\/narteks.net\/index.php\/2011\/01\/28\/cevap-ver-bana-tanrilar-arasinda-yitmis-yitik-ruhlarin-tanrisi-ben-nicin-buradayim-halil-cibran\/#primaryimage\",\"url\":\"http:\/\/www.kanatsesleri.com\/KS\/images\/Icerik\/Birileri\/Halil_Cibran\/Halil_Cibran.jpg\",\"contentUrl\":\"http:\/\/www.kanatsesleri.com\/KS\/images\/Icerik\/Birileri\/Halil_Cibran\/Halil_Cibran.jpg\"},{\"@type\":\"BreadcrumbList\",\"@id\":\"https:\/\/narteks.net\/index.php\/2011\/01\/28\/cevap-ver-bana-tanrilar-arasinda-yitmis-yitik-ruhlarin-tanrisi-ben-nicin-buradayim-halil-cibran\/#breadcrumb\",\"itemListElement\":[{\"@type\":\"ListItem\",\"position\":1,\"name\":\"Anasayfa\",\"item\":\"https:\/\/narteks.net\/\"},{\"@type\":\"ListItem\",\"position\":2,\"name\":\"Cevap ver bana, Tanr\u0131lar aras\u0131nda yitmi\u015f, yitik ruhlar\u0131n Tanr\u0131\u2019s\u0131, ben ni\u00e7in buraday\u0131m? | Halil Cibran\"}]},{\"@type\":\"WebSite\",\"@id\":\"https:\/\/narteks.net\/#website\",\"url\":\"https:\/\/narteks.net\/\",\"name\":\"narteks.net\",\"description\":\"K\u00fclt\u00fcr Sanat Edebiyat Felsefe\",\"publisher\":{\"@id\":\"https:\/\/narteks.net\/#organization\"},\"alternateName\":\"K\u00fclt\u00fcr Sanat Edebiyat Felsefe\",\"potentialAction\":[{\"@type\":\"SearchAction\",\"target\":{\"@type\":\"EntryPoint\",\"urlTemplate\":\"https:\/\/narteks.net\/?s={search_term_string}\"},\"query-input\":{\"@type\":\"PropertyValueSpecification\",\"valueRequired\":true,\"valueName\":\"search_term_string\"}}],\"inLanguage\":\"tr\"},{\"@type\":\"Organization\",\"@id\":\"https:\/\/narteks.net\/#organization\",\"name\":\"narteks.net\",\"url\":\"https:\/\/narteks.net\/\",\"logo\":{\"@type\":\"ImageObject\",\"inLanguage\":\"tr\",\"@id\":\"https:\/\/narteks.net\/#\/schema\/logo\/image\/\",\"url\":\"https:\/\/narteks.net\/wp-content\/uploads\/narteks.png\",\"contentUrl\":\"https:\/\/narteks.net\/wp-content\/uploads\/narteks.png\",\"width\":300,\"height\":90,\"caption\":\"narteks.net\"},\"image\":{\"@id\":\"https:\/\/narteks.net\/#\/schema\/logo\/image\/\"},\"sameAs\":[\"https:\/\/x.com\/narteks\",\"https:\/\/instagram.com\/narteksnet\"]},{\"@type\":\"Person\",\"@id\":\"https:\/\/narteks.net\/#\/schema\/person\/61f37d9834294b72d31d274e7ed79bca\",\"name\":\"Tar\u0131k\",\"image\":{\"@type\":\"ImageObject\",\"inLanguage\":\"tr\",\"@id\":\"https:\/\/narteks.net\/#\/schema\/person\/image\/\",\"url\":\"https:\/\/secure.gravatar.com\/avatar\/50865afb55632c4ae467e0af0930f6510aa2297d8014be502a55b14f3b7550cf?s=96&d=mm&r=g\",\"contentUrl\":\"https:\/\/secure.gravatar.com\/avatar\/50865afb55632c4ae467e0af0930f6510aa2297d8014be502a55b14f3b7550cf?s=96&d=mm&r=g\",\"caption\":\"Tar\u0131k\"},\"sameAs\":[\"http:\/\/narteks.net\"],\"url\":\"https:\/\/narteks.net\/index.php\/author\/narbak\/\"}]}<\/script>\n<!-- \/ Yoast SEO Premium plugin. -->","yoast_head_json":{"title":"Cevap ver bana, Tanr\u0131lar aras\u0131nda yitmi\u015f, yitik ruhlar\u0131n Tanr\u0131\u2019s\u0131, ben ni\u00e7in buraday\u0131m? | Halil Cibran - narteks.net","robots":{"index":"index","follow":"follow","max-snippet":"max-snippet:-1","max-image-preview":"max-image-preview:large","max-video-preview":"max-video-preview:-1"},"canonical":"https:\/\/narteks.net\/index.php\/2011\/01\/28\/cevap-ver-bana-tanrilar-arasinda-yitmis-yitik-ruhlarin-tanrisi-ben-nicin-buradayim-halil-cibran\/","og_locale":"tr_TR","og_type":"article","og_title":"Cevap ver bana, Tanr\u0131lar aras\u0131nda yitmi\u015f, yitik ruhlar\u0131n Tanr\u0131\u2019s\u0131, ben ni\u00e7in buraday\u0131m? | Halil Cibran","og_description":"Yitik ruhlar\u0131n Tanr\u0131\u2019s\u0131, Tanr\u0131lar aras\u0131nda en yitik olan sen, i\u015fit beni. Bizi, deli ve dolanan ruhlar\u0131 koruyan nazik Kader, i\u015fit beni. En kusurlu olan ben, kusursuz bir \u0131rk\u0131n aras\u0131nda oturuyorum. Bir insanl\u0131k karma\u015fas\u0131, kar\u0131\u015f\u0131k maddeler bulutu olan ben, sonlanm\u0131\u015f d\u00fcnyalar\u0131n, tamamlanm\u0131\u015f yasalar\u0131n ve saf emrin, d\u00fc\u015f\u00fcnceleri s\u0131n\u0131fland\u0131r\u0131lm\u0131\u015f, d\u00fc\u015fleri d\u00fczenlenmi\u015f ve g\u00f6r\u00fc\u015fleri kaydedilmi\u015f insanlar\u0131n aras\u0131nda dolan\u0131yorum. [&hellip;]","og_url":"https:\/\/narteks.net\/index.php\/2011\/01\/28\/cevap-ver-bana-tanrilar-arasinda-yitmis-yitik-ruhlarin-tanrisi-ben-nicin-buradayim-halil-cibran\/","og_site_name":"narteks.net","article_published_time":"2011-01-28T08:46:31+00:00","og_image":[{"url":"http:\/\/www.kanatsesleri.com\/KS\/images\/Icerik\/Birileri\/Halil_Cibran\/Halil_Cibran.jpg","type":"","width":"","height":""}],"author":"Tar\u0131k","twitter_card":"summary_large_image","twitter_creator":"@narteks","twitter_site":"@narteks","twitter_misc":{"Yazan:":"Tar\u0131k","Tahmini okuma s\u00fcresi":"2 dakika"},"schema":{"@context":"https:\/\/schema.org","@graph":[{"@type":"Article","@id":"https:\/\/narteks.net\/index.php\/2011\/01\/28\/cevap-ver-bana-tanrilar-arasinda-yitmis-yitik-ruhlarin-tanrisi-ben-nicin-buradayim-halil-cibran\/#article","isPartOf":{"@id":"https:\/\/narteks.net\/index.php\/2011\/01\/28\/cevap-ver-bana-tanrilar-arasinda-yitmis-yitik-ruhlarin-tanrisi-ben-nicin-buradayim-halil-cibran\/"},"author":{"name":"Tar\u0131k","@id":"https:\/\/narteks.net\/#\/schema\/person\/61f37d9834294b72d31d274e7ed79bca"},"headline":"Cevap ver bana, Tanr\u0131lar aras\u0131nda yitmi\u015f, yitik ruhlar\u0131n Tanr\u0131\u2019s\u0131, ben ni\u00e7in buraday\u0131m? | Halil Cibran","datePublished":"2011-01-28T08:46:31+00:00","mainEntityOfPage":{"@id":"https:\/\/narteks.net\/index.php\/2011\/01\/28\/cevap-ver-bana-tanrilar-arasinda-yitmis-yitik-ruhlarin-tanrisi-ben-nicin-buradayim-halil-cibran\/"},"wordCount":464,"commentCount":0,"publisher":{"@id":"https:\/\/narteks.net\/#organization"},"image":{"@id":"https:\/\/narteks.net\/index.php\/2011\/01\/28\/cevap-ver-bana-tanrilar-arasinda-yitmis-yitik-ruhlarin-tanrisi-ben-nicin-buradayim-halil-cibran\/#primaryimage"},"thumbnailUrl":"http:\/\/www.kanatsesleri.com\/KS\/images\/Icerik\/Birileri\/Halil_Cibran\/Halil_Cibran.jpg","articleSection":["\u00c7eviri \u00d6yk\u00fcler"],"inLanguage":"tr","potentialAction":[{"@type":"CommentAction","name":"Comment","target":["https:\/\/narteks.net\/index.php\/2011\/01\/28\/cevap-ver-bana-tanrilar-arasinda-yitmis-yitik-ruhlarin-tanrisi-ben-nicin-buradayim-halil-cibran\/#respond"]}]},{"@type":"WebPage","@id":"https:\/\/narteks.net\/index.php\/2011\/01\/28\/cevap-ver-bana-tanrilar-arasinda-yitmis-yitik-ruhlarin-tanrisi-ben-nicin-buradayim-halil-cibran\/","url":"https:\/\/narteks.net\/index.php\/2011\/01\/28\/cevap-ver-bana-tanrilar-arasinda-yitmis-yitik-ruhlarin-tanrisi-ben-nicin-buradayim-halil-cibran\/","name":"Cevap ver bana, Tanr\u0131lar aras\u0131nda yitmi\u015f, yitik ruhlar\u0131n Tanr\u0131\u2019s\u0131, ben ni\u00e7in buraday\u0131m? | Halil Cibran - narteks.net","isPartOf":{"@id":"https:\/\/narteks.net\/#website"},"primaryImageOfPage":{"@id":"https:\/\/narteks.net\/index.php\/2011\/01\/28\/cevap-ver-bana-tanrilar-arasinda-yitmis-yitik-ruhlarin-tanrisi-ben-nicin-buradayim-halil-cibran\/#primaryimage"},"image":{"@id":"https:\/\/narteks.net\/index.php\/2011\/01\/28\/cevap-ver-bana-tanrilar-arasinda-yitmis-yitik-ruhlarin-tanrisi-ben-nicin-buradayim-halil-cibran\/#primaryimage"},"thumbnailUrl":"http:\/\/www.kanatsesleri.com\/KS\/images\/Icerik\/Birileri\/Halil_Cibran\/Halil_Cibran.jpg","datePublished":"2011-01-28T08:46:31+00:00","breadcrumb":{"@id":"https:\/\/narteks.net\/index.php\/2011\/01\/28\/cevap-ver-bana-tanrilar-arasinda-yitmis-yitik-ruhlarin-tanrisi-ben-nicin-buradayim-halil-cibran\/#breadcrumb"},"inLanguage":"tr","potentialAction":[{"@type":"ReadAction","target":["https:\/\/narteks.net\/index.php\/2011\/01\/28\/cevap-ver-bana-tanrilar-arasinda-yitmis-yitik-ruhlarin-tanrisi-ben-nicin-buradayim-halil-cibran\/"]}]},{"@type":"ImageObject","inLanguage":"tr","@id":"https:\/\/narteks.net\/index.php\/2011\/01\/28\/cevap-ver-bana-tanrilar-arasinda-yitmis-yitik-ruhlarin-tanrisi-ben-nicin-buradayim-halil-cibran\/#primaryimage","url":"http:\/\/www.kanatsesleri.com\/KS\/images\/Icerik\/Birileri\/Halil_Cibran\/Halil_Cibran.jpg","contentUrl":"http:\/\/www.kanatsesleri.com\/KS\/images\/Icerik\/Birileri\/Halil_Cibran\/Halil_Cibran.jpg"},{"@type":"BreadcrumbList","@id":"https:\/\/narteks.net\/index.php\/2011\/01\/28\/cevap-ver-bana-tanrilar-arasinda-yitmis-yitik-ruhlarin-tanrisi-ben-nicin-buradayim-halil-cibran\/#breadcrumb","itemListElement":[{"@type":"ListItem","position":1,"name":"Anasayfa","item":"https:\/\/narteks.net\/"},{"@type":"ListItem","position":2,"name":"Cevap ver bana, Tanr\u0131lar aras\u0131nda yitmi\u015f, yitik ruhlar\u0131n Tanr\u0131\u2019s\u0131, ben ni\u00e7in buraday\u0131m? | Halil Cibran"}]},{"@type":"WebSite","@id":"https:\/\/narteks.net\/#website","url":"https:\/\/narteks.net\/","name":"narteks.net","description":"K\u00fclt\u00fcr Sanat Edebiyat Felsefe","publisher":{"@id":"https:\/\/narteks.net\/#organization"},"alternateName":"K\u00fclt\u00fcr Sanat Edebiyat Felsefe","potentialAction":[{"@type":"SearchAction","target":{"@type":"EntryPoint","urlTemplate":"https:\/\/narteks.net\/?s={search_term_string}"},"query-input":{"@type":"PropertyValueSpecification","valueRequired":true,"valueName":"search_term_string"}}],"inLanguage":"tr"},{"@type":"Organization","@id":"https:\/\/narteks.net\/#organization","name":"narteks.net","url":"https:\/\/narteks.net\/","logo":{"@type":"ImageObject","inLanguage":"tr","@id":"https:\/\/narteks.net\/#\/schema\/logo\/image\/","url":"https:\/\/narteks.net\/wp-content\/uploads\/narteks.png","contentUrl":"https:\/\/narteks.net\/wp-content\/uploads\/narteks.png","width":300,"height":90,"caption":"narteks.net"},"image":{"@id":"https:\/\/narteks.net\/#\/schema\/logo\/image\/"},"sameAs":["https:\/\/x.com\/narteks","https:\/\/instagram.com\/narteksnet"]},{"@type":"Person","@id":"https:\/\/narteks.net\/#\/schema\/person\/61f37d9834294b72d31d274e7ed79bca","name":"Tar\u0131k","image":{"@type":"ImageObject","inLanguage":"tr","@id":"https:\/\/narteks.net\/#\/schema\/person\/image\/","url":"https:\/\/secure.gravatar.com\/avatar\/50865afb55632c4ae467e0af0930f6510aa2297d8014be502a55b14f3b7550cf?s=96&d=mm&r=g","contentUrl":"https:\/\/secure.gravatar.com\/avatar\/50865afb55632c4ae467e0af0930f6510aa2297d8014be502a55b14f3b7550cf?s=96&d=mm&r=g","caption":"Tar\u0131k"},"sameAs":["http:\/\/narteks.net"],"url":"https:\/\/narteks.net\/index.php\/author\/narbak\/"}]}},"_links":{"self":[{"href":"https:\/\/narteks.net\/index.php\/wp-json\/wp\/v2\/posts\/4858","targetHints":{"allow":["GET"]}}],"collection":[{"href":"https:\/\/narteks.net\/index.php\/wp-json\/wp\/v2\/posts"}],"about":[{"href":"https:\/\/narteks.net\/index.php\/wp-json\/wp\/v2\/types\/post"}],"author":[{"embeddable":true,"href":"https:\/\/narteks.net\/index.php\/wp-json\/wp\/v2\/users\/1"}],"replies":[{"embeddable":true,"href":"https:\/\/narteks.net\/index.php\/wp-json\/wp\/v2\/comments?post=4858"}],"version-history":[{"count":0,"href":"https:\/\/narteks.net\/index.php\/wp-json\/wp\/v2\/posts\/4858\/revisions"}],"wp:attachment":[{"href":"https:\/\/narteks.net\/index.php\/wp-json\/wp\/v2\/media?parent=4858"}],"wp:term":[{"taxonomy":"category","embeddable":true,"href":"https:\/\/narteks.net\/index.php\/wp-json\/wp\/v2\/categories?post=4858"},{"taxonomy":"post_tag","embeddable":true,"href":"https:\/\/narteks.net\/index.php\/wp-json\/wp\/v2\/tags?post=4858"}],"curies":[{"name":"wp","href":"https:\/\/api.w.org\/{rel}","templated":true}]}}