{"id":4866,"date":"2011-02-04T14:45:37","date_gmt":"2011-02-04T11:45:37","guid":{"rendered":"http:\/\/localhost\/wordpress\/2011\/02\/04\/tanzimatta-daha-cok-tiyatro-sahnesi-vardi\/"},"modified":"2011-02-04T14:45:37","modified_gmt":"2011-02-04T11:45:37","slug":"tanzimatta-daha-cok-tiyatro-sahnesi-vardi","status":"publish","type":"post","link":"https:\/\/narteks.net\/index.php\/2011\/02\/04\/tanzimatta-daha-cok-tiyatro-sahnesi-vardi\/","title":{"rendered":"Tanzimat&#8217;ta daha \u00e7ok tiyatro sahnesi vard\u0131"},"content":{"rendered":"<p style=\"text-align: justify;\"><img loading=\"lazy\" decoding=\"async\" style=\"float: left;\" src=\"http:\/\/i.sabah.com.tr\/sbh\/2011\/02\/02\/Haber\/853905114633.jpg?79428557257\" alt=\"\" width=\"155\" height=\"205\" \/>2011&#8217;in gelmesiyle \u0130stanbul, Avrupa K\u00fclt\u00fcr Ba\u015fkenti s\u0131fat\u0131na veda etse de, 2010 Avrupa K\u00fclt\u00fcr Ba\u015fkenti Ajans\u0131 (AKBA), yar\u0131m kalan projelerini tamamlamaya devam ediyor. Tanzimat d\u00f6neminden bu yana \u0130stanbul tiyatrolar\u0131n\u0131 inceleyen ve bu tiyatrolar\u0131n b\u00fcy\u00fck k\u0131sm\u0131n\u0131n yok oldu\u011funu g\u00f6zler \u00f6n\u00fcne seren bir proje olan Gelece\u011fe Perde A\u00e7an Gelenek: Ge\u00e7mi\u015ften G\u00fcn\u00fcm\u00fcze \u0130stanbul Tiyatrolar\u0131 kitab\u0131 d\u00fcn Pera M\u00fczesi&#8217;nde d\u00fczenlenen bir bas\u0131n toplant\u0131s\u0131yla tan\u0131t\u0131ld\u0131. \u0130stanbul 2010 AKBA&#8217;da bir d\u00f6nem G\u00f6steri ve Sahne Sanatlar\u0131 Y\u00f6netmenli\u011fi g\u00f6revinde bulunan Prof. Dr. Dikmen G\u00fcr\u00fcn&#8217;\u00fcn y\u00f6netmeli\u011finde, \u0130stanbul \u00dcniversitesi Edebiyat Fak\u00fcltesi Tiyatro Ele\u015ftirmenli\u011fi ve Dramaturji B\u00f6l\u00fcm\u00fc taraf\u0131ndan haz\u0131rlanan \u00e7al\u0131\u015fma, bina merkezli bir tiyatro ara\u015ft\u0131rmas\u0131 sunuyor. \u00d6zellikle Beyo\u011flu ve \u00e7evresinde Tanzimat&#8217;tan bu yana 250&#8217;ye yak\u0131n mekan\u0131n sadece y\u00fczde 20&#8217;sinin bug\u00fcn ayakta oldu\u011funa \u0131\u015f\u0131k tutmas\u0131 kitab\u0131n en ilgin\u00e7 yan\u0131. Gelece\u011fe Perde A\u00e7an Gelenek: Ge\u00e7mi\u015ften G\u00fcn\u00fcm\u00fcze \u0130stanbul Tiyatrolar\u0131&#8217;nda \u0130stanbul tiyatrolar\u0131n\u0131n yerleri, fiziksel ve yap\u0131sal \u00f6zellikleri, bug\u00fcnk\u00fc durumlar\u0131, tiyatro tarihi i\u00e7inde tuttuklar\u0131 yer ve \u015fehrin k\u00fclt\u00fcrel tarihine yapt\u0131klar\u0131 katk\u0131 anlat\u0131l\u0131yor. Yap\u0131 Kredi Yay\u0131nlar\u0131 taraf\u0131ndan yay\u0131mlanan \u00fc\u00e7 ciltlik kitapta, \u0130stanbul \u00fc\u00e7 ana b\u00f6lgeye ayr\u0131lm\u0131\u015f ve her bir cilt farkl\u0131 yazarlar taraf\u0131ndan kaleme al\u0131nm\u0131\u015f. Galata&#8217;dan Sar\u0131yer&#8217;e kadar uzanan Beyo\u011flu, Be\u015fikta\u015f, \u015ei\u015fli ve \u00e7evresini Yrd. Do\u00e7. Dr. Yavuz Pekman, Suri\u00e7i&#8217;nden Avc\u0131lar&#8217;a uzanan b\u00f6lgeye ili\u015fkin cildi Do\u00e7. Dr. Kerem Karabo\u011fa ve Anadolu Yakas\u0131&#8217;n\u0131n tamam\u0131 ile Adalar b\u00f6lgesini kapsayan cildi de Prof. Dr. Metin Balay ve Do\u00e7. Dr. Fakiye \u00d6zsoysal kaleme ald\u0131.<\/p>\n<p><strong>PROJE \u0130K\u0130 YILDA HAZIRLANDI<\/strong><br \/>\u00c7al\u0131\u015fman\u0131n y\u00f6netmenli\u011fini \u00fcstlenen Prof. Dr. Dikmen G\u00fcr\u00fcn, &#8220;\u0130stanbul opera, bale, tiyatro gibi sahne sanatlar\u0131n\u0131 yeterince kucaklam\u0131yor. N\u00fcfusu her ge\u00e7en g\u00fcn katlanan, plans\u0131z yap\u0131la\u015fman\u0131n k\u00f6k sald\u0131\u011f\u0131 bir \u015fehir olarak \u0130stanbul yatay ve dikey anlamda t\u0131rman\u0131yor ve geni\u015fliyor ancak sanat mekanlar\u0131n\u0131 yaratam\u0131yor, mevcutlar\u0131 koruyam\u0131yor&#8221; diyerek \u00e7al\u0131\u015fman\u0131n amac\u0131n\u0131n &#8220;\u0130stanbul&#8217;da ge\u00e7mi\u015ften bug\u00fcne kaybolarak gelen tiyatro binalar\u0131n\u0131n izini s\u00fcrmek oldu\u011fu kadar, yar\u0131nlar i\u00e7in itici bir g\u00fc\u00e7 olu\u015fturmak,&#8221; oldu\u011funu s\u00f6yledi.<\/p>\n<p><strong>\u00c7O\u011eU T\u0130YATRO ARTIK YOK<\/strong><br \/>Projenin fikir babas\u0131 olarak tan\u0131t\u0131lan Yrd. Do\u00e7. Dr. Yavuz Pekman ise projenin nas\u0131l ba\u015flad\u0131\u011f\u0131n\u0131 \u015f\u00f6yle anlatt\u0131: &#8220;Bu projenin temelleri 2008&#8217;de at\u0131ld\u0131. O d\u00f6nemler hem Atat\u00fcrk K\u00fclt\u00fcr Merkezi hem de Harbiye Muhsin Ertu\u011frul Sahnesi&#8217;nin yenilenmesiyle ilgili \u00e7ok yo\u011fun tart\u0131\u015fmalar vard\u0131. Biz de bunlardan yola \u00e7\u0131karak, tiyatrolar\u0131n bina sorunu \u00fczerine bir proje haz\u0131rlamaya karar verdik. O s\u0131ralar 2010 AKBA da proje topluyordu; oraya proje haz\u0131rlamak da istiyorduk. Sonu\u00e7ta bu proje ortaya \u00e7\u0131kt\u0131.&#8221; Gelece\u011fe Perde A\u00e7an Gelenek: Ge\u00e7mi\u015ften G\u00fcn\u00fcm\u00fcze \u0130stanbul Tiyatrolar\u0131, Tanzimat d\u00f6neminden bu yana tiyatro d\u00fcnyas\u0131na, tiyatro binalar\u0131 \u00fczerinden \u0131\u015f\u0131k tutuyor. Kitap, Muhsin Ertu\u011frul&#8217;un ilk sahneye \u00e7\u0131kt\u0131\u011f\u0131 tiyatro binas\u0131ndan, d\u00fczenli g\u00f6sterim yapmas\u0131na ra\u011fmen donan\u0131ml\u0131 bir binaya sahip olmayan sala\u015f tiyatrolara ve a\u00e7\u0131k hava g\u00f6sterimlerinin yap\u0131ld\u0131\u011f\u0131 mek\u00e2nlara kadar t\u00fcm tiyatro binalar\u0131n\u0131n izini s\u00fcr\u00fcyor. Fakat kitab\u0131n ortaya koydu\u011fu bir ger\u00e7ek var. Y\u0131llar \u00f6ncesinde tiyatrolara ev sahipli\u011fi yapan mek\u00e2nlar\u0131n \u00e7o\u011funun yerinde art\u0131k yeller esiyor. Bu mek\u00e2nlar\u0131n b\u00fcy\u00fck bir b\u00f6l\u00fcm\u00fc \u0130stanbul&#8217;un merkezi say\u0131lan Beyo\u011flu&#8217;nda. Yavuz Pekman, Beyo\u011flu ve \u00e7evresinde yakla\u015f\u0131k olarak 250 tiyatro tespit etti\u011fini anlatarak, bu mek\u00e2nlar\u0131n y\u00fczde 80&#8217;inin bug\u00fcn ayakta olmad\u0131\u011f\u0131n\u0131 s\u00f6yledi. (FIRAT KARADEN\u0130Z)<\/p>\n","protected":false},"excerpt":{"rendered":"<p>2011&#8217;in gelmesiyle \u0130stanbul, Avrupa K\u00fclt\u00fcr Ba\u015fkenti s\u0131fat\u0131na veda etse de, 2010 Avrupa K\u00fclt\u00fcr Ba\u015fkenti Ajans\u0131 (AKBA), yar\u0131m kalan projelerini tamamlamaya devam ediyor. Tanzimat d\u00f6neminden bu yana \u0130stanbul tiyatrolar\u0131n\u0131 inceleyen ve bu tiyatrolar\u0131n b\u00fcy\u00fck k\u0131sm\u0131n\u0131n yok oldu\u011funu g\u00f6zler \u00f6n\u00fcne seren bir proje olan Gelece\u011fe Perde A\u00e7an Gelenek: Ge\u00e7mi\u015ften G\u00fcn\u00fcm\u00fcze \u0130stanbul Tiyatrolar\u0131 kitab\u0131 d\u00fcn Pera M\u00fczesi&#8217;nde d\u00fczenlenen [&hellip;]<\/p>\n","protected":false},"author":1,"featured_media":0,"comment_status":"open","ping_status":"open","sticky":false,"template":"","format":"standard","meta":{"footnotes":""},"categories":[60],"tags":[],"class_list":{"0":"post-4866","1":"post","2":"type-post","3":"status-publish","4":"format-standard","6":"category-kitap-tanitim"},"yoast_head":"<!-- This site is optimized with the Yoast SEO Premium plugin v24.9 (Yoast SEO v24.9) - https:\/\/yoast.com\/wordpress\/plugins\/seo\/ -->\n<title>Tanzimat&#039;ta daha \u00e7ok tiyatro sahnesi vard\u0131 - narteks.net<\/title>\n<meta name=\"robots\" content=\"index, follow, max-snippet:-1, max-image-preview:large, max-video-preview:-1\" \/>\n<link rel=\"canonical\" href=\"https:\/\/narteks.net\/index.php\/2011\/02\/04\/tanzimatta-daha-cok-tiyatro-sahnesi-vardi\/\" \/>\n<meta property=\"og:locale\" content=\"tr_TR\" \/>\n<meta property=\"og:type\" content=\"article\" \/>\n<meta property=\"og:title\" content=\"Tanzimat&#039;ta daha \u00e7ok tiyatro sahnesi vard\u0131\" \/>\n<meta property=\"og:description\" content=\"2011&#8217;in gelmesiyle \u0130stanbul, Avrupa K\u00fclt\u00fcr Ba\u015fkenti s\u0131fat\u0131na veda etse de, 2010 Avrupa K\u00fclt\u00fcr Ba\u015fkenti Ajans\u0131 (AKBA), yar\u0131m kalan projelerini tamamlamaya devam ediyor. Tanzimat d\u00f6neminden bu yana \u0130stanbul tiyatrolar\u0131n\u0131 inceleyen ve bu tiyatrolar\u0131n b\u00fcy\u00fck k\u0131sm\u0131n\u0131n yok oldu\u011funu g\u00f6zler \u00f6n\u00fcne seren bir proje olan Gelece\u011fe Perde A\u00e7an Gelenek: Ge\u00e7mi\u015ften G\u00fcn\u00fcm\u00fcze \u0130stanbul Tiyatrolar\u0131 kitab\u0131 d\u00fcn Pera M\u00fczesi&#8217;nde d\u00fczenlenen [&hellip;]\" \/>\n<meta property=\"og:url\" content=\"https:\/\/narteks.net\/index.php\/2011\/02\/04\/tanzimatta-daha-cok-tiyatro-sahnesi-vardi\/\" \/>\n<meta property=\"og:site_name\" content=\"narteks.net\" \/>\n<meta property=\"article:published_time\" content=\"2011-02-04T11:45:37+00:00\" \/>\n<meta property=\"og:image\" content=\"http:\/\/i.sabah.com.tr\/sbh\/2011\/02\/02\/Haber\/853905114633.jpg?79428557257\" \/>\n<meta name=\"author\" content=\"Tar\u0131k\" \/>\n<meta name=\"twitter:card\" content=\"summary_large_image\" \/>\n<meta name=\"twitter:creator\" content=\"@narteks\" \/>\n<meta name=\"twitter:site\" content=\"@narteks\" \/>\n<meta name=\"twitter:label1\" content=\"Yazan:\" \/>\n\t<meta name=\"twitter:data1\" content=\"Tar\u0131k\" \/>\n\t<meta name=\"twitter:label2\" content=\"Tahmini okuma s\u00fcresi\" \/>\n\t<meta name=\"twitter:data2\" content=\"3 dakika\" \/>\n<script type=\"application\/ld+json\" class=\"yoast-schema-graph\">{\"@context\":\"https:\/\/schema.org\",\"@graph\":[{\"@type\":\"Article\",\"@id\":\"https:\/\/narteks.net\/index.php\/2011\/02\/04\/tanzimatta-daha-cok-tiyatro-sahnesi-vardi\/#article\",\"isPartOf\":{\"@id\":\"https:\/\/narteks.net\/index.php\/2011\/02\/04\/tanzimatta-daha-cok-tiyatro-sahnesi-vardi\/\"},\"author\":{\"name\":\"Tar\u0131k\",\"@id\":\"https:\/\/narteks.net\/#\/schema\/person\/61f37d9834294b72d31d274e7ed79bca\"},\"headline\":\"Tanzimat&#8217;ta daha \u00e7ok tiyatro sahnesi vard\u0131\",\"datePublished\":\"2011-02-04T11:45:37+00:00\",\"mainEntityOfPage\":{\"@id\":\"https:\/\/narteks.net\/index.php\/2011\/02\/04\/tanzimatta-daha-cok-tiyatro-sahnesi-vardi\/\"},\"wordCount\":664,\"commentCount\":0,\"publisher\":{\"@id\":\"https:\/\/narteks.net\/#organization\"},\"image\":{\"@id\":\"https:\/\/narteks.net\/index.php\/2011\/02\/04\/tanzimatta-daha-cok-tiyatro-sahnesi-vardi\/#primaryimage\"},\"thumbnailUrl\":\"http:\/\/i.sabah.com.tr\/sbh\/2011\/02\/02\/Haber\/853905114633.jpg?79428557257\",\"articleSection\":[\"Kitap Tan\u0131t\u0131m\"],\"inLanguage\":\"tr\",\"potentialAction\":[{\"@type\":\"CommentAction\",\"name\":\"Comment\",\"target\":[\"https:\/\/narteks.net\/index.php\/2011\/02\/04\/tanzimatta-daha-cok-tiyatro-sahnesi-vardi\/#respond\"]}]},{\"@type\":\"WebPage\",\"@id\":\"https:\/\/narteks.net\/index.php\/2011\/02\/04\/tanzimatta-daha-cok-tiyatro-sahnesi-vardi\/\",\"url\":\"https:\/\/narteks.net\/index.php\/2011\/02\/04\/tanzimatta-daha-cok-tiyatro-sahnesi-vardi\/\",\"name\":\"Tanzimat'ta daha \u00e7ok tiyatro sahnesi vard\u0131 - narteks.net\",\"isPartOf\":{\"@id\":\"https:\/\/narteks.net\/#website\"},\"primaryImageOfPage\":{\"@id\":\"https:\/\/narteks.net\/index.php\/2011\/02\/04\/tanzimatta-daha-cok-tiyatro-sahnesi-vardi\/#primaryimage\"},\"image\":{\"@id\":\"https:\/\/narteks.net\/index.php\/2011\/02\/04\/tanzimatta-daha-cok-tiyatro-sahnesi-vardi\/#primaryimage\"},\"thumbnailUrl\":\"http:\/\/i.sabah.com.tr\/sbh\/2011\/02\/02\/Haber\/853905114633.jpg?79428557257\",\"datePublished\":\"2011-02-04T11:45:37+00:00\",\"breadcrumb\":{\"@id\":\"https:\/\/narteks.net\/index.php\/2011\/02\/04\/tanzimatta-daha-cok-tiyatro-sahnesi-vardi\/#breadcrumb\"},\"inLanguage\":\"tr\",\"potentialAction\":[{\"@type\":\"ReadAction\",\"target\":[\"https:\/\/narteks.net\/index.php\/2011\/02\/04\/tanzimatta-daha-cok-tiyatro-sahnesi-vardi\/\"]}]},{\"@type\":\"ImageObject\",\"inLanguage\":\"tr\",\"@id\":\"https:\/\/narteks.net\/index.php\/2011\/02\/04\/tanzimatta-daha-cok-tiyatro-sahnesi-vardi\/#primaryimage\",\"url\":\"http:\/\/i.sabah.com.tr\/sbh\/2011\/02\/02\/Haber\/853905114633.jpg?79428557257\",\"contentUrl\":\"http:\/\/i.sabah.com.tr\/sbh\/2011\/02\/02\/Haber\/853905114633.jpg?79428557257\"},{\"@type\":\"BreadcrumbList\",\"@id\":\"https:\/\/narteks.net\/index.php\/2011\/02\/04\/tanzimatta-daha-cok-tiyatro-sahnesi-vardi\/#breadcrumb\",\"itemListElement\":[{\"@type\":\"ListItem\",\"position\":1,\"name\":\"Anasayfa\",\"item\":\"https:\/\/narteks.net\/\"},{\"@type\":\"ListItem\",\"position\":2,\"name\":\"Tanzimat&#8217;ta daha \u00e7ok tiyatro sahnesi vard\u0131\"}]},{\"@type\":\"WebSite\",\"@id\":\"https:\/\/narteks.net\/#website\",\"url\":\"https:\/\/narteks.net\/\",\"name\":\"narteks.net\",\"description\":\"K\u00fclt\u00fcr Sanat Edebiyat Felsefe\",\"publisher\":{\"@id\":\"https:\/\/narteks.net\/#organization\"},\"alternateName\":\"K\u00fclt\u00fcr Sanat Edebiyat Felsefe\",\"potentialAction\":[{\"@type\":\"SearchAction\",\"target\":{\"@type\":\"EntryPoint\",\"urlTemplate\":\"https:\/\/narteks.net\/?s={search_term_string}\"},\"query-input\":{\"@type\":\"PropertyValueSpecification\",\"valueRequired\":true,\"valueName\":\"search_term_string\"}}],\"inLanguage\":\"tr\"},{\"@type\":\"Organization\",\"@id\":\"https:\/\/narteks.net\/#organization\",\"name\":\"narteks.net\",\"url\":\"https:\/\/narteks.net\/\",\"logo\":{\"@type\":\"ImageObject\",\"inLanguage\":\"tr\",\"@id\":\"https:\/\/narteks.net\/#\/schema\/logo\/image\/\",\"url\":\"https:\/\/narteks.net\/wp-content\/uploads\/narteks.png\",\"contentUrl\":\"https:\/\/narteks.net\/wp-content\/uploads\/narteks.png\",\"width\":300,\"height\":90,\"caption\":\"narteks.net\"},\"image\":{\"@id\":\"https:\/\/narteks.net\/#\/schema\/logo\/image\/\"},\"sameAs\":[\"https:\/\/x.com\/narteks\",\"https:\/\/instagram.com\/narteksnet\"]},{\"@type\":\"Person\",\"@id\":\"https:\/\/narteks.net\/#\/schema\/person\/61f37d9834294b72d31d274e7ed79bca\",\"name\":\"Tar\u0131k\",\"image\":{\"@type\":\"ImageObject\",\"inLanguage\":\"tr\",\"@id\":\"https:\/\/narteks.net\/#\/schema\/person\/image\/\",\"url\":\"https:\/\/secure.gravatar.com\/avatar\/50865afb55632c4ae467e0af0930f6510aa2297d8014be502a55b14f3b7550cf?s=96&d=mm&r=g\",\"contentUrl\":\"https:\/\/secure.gravatar.com\/avatar\/50865afb55632c4ae467e0af0930f6510aa2297d8014be502a55b14f3b7550cf?s=96&d=mm&r=g\",\"caption\":\"Tar\u0131k\"},\"sameAs\":[\"http:\/\/narteks.net\"],\"url\":\"https:\/\/narteks.net\/index.php\/author\/narbak\/\"}]}<\/script>\n<!-- \/ Yoast SEO Premium plugin. -->","yoast_head_json":{"title":"Tanzimat'ta daha \u00e7ok tiyatro sahnesi vard\u0131 - narteks.net","robots":{"index":"index","follow":"follow","max-snippet":"max-snippet:-1","max-image-preview":"max-image-preview:large","max-video-preview":"max-video-preview:-1"},"canonical":"https:\/\/narteks.net\/index.php\/2011\/02\/04\/tanzimatta-daha-cok-tiyatro-sahnesi-vardi\/","og_locale":"tr_TR","og_type":"article","og_title":"Tanzimat'ta daha \u00e7ok tiyatro sahnesi vard\u0131","og_description":"2011&#8217;in gelmesiyle \u0130stanbul, Avrupa K\u00fclt\u00fcr Ba\u015fkenti s\u0131fat\u0131na veda etse de, 2010 Avrupa K\u00fclt\u00fcr Ba\u015fkenti Ajans\u0131 (AKBA), yar\u0131m kalan projelerini tamamlamaya devam ediyor. Tanzimat d\u00f6neminden bu yana \u0130stanbul tiyatrolar\u0131n\u0131 inceleyen ve bu tiyatrolar\u0131n b\u00fcy\u00fck k\u0131sm\u0131n\u0131n yok oldu\u011funu g\u00f6zler \u00f6n\u00fcne seren bir proje olan Gelece\u011fe Perde A\u00e7an Gelenek: Ge\u00e7mi\u015ften G\u00fcn\u00fcm\u00fcze \u0130stanbul Tiyatrolar\u0131 kitab\u0131 d\u00fcn Pera M\u00fczesi&#8217;nde d\u00fczenlenen [&hellip;]","og_url":"https:\/\/narteks.net\/index.php\/2011\/02\/04\/tanzimatta-daha-cok-tiyatro-sahnesi-vardi\/","og_site_name":"narteks.net","article_published_time":"2011-02-04T11:45:37+00:00","og_image":[{"url":"http:\/\/i.sabah.com.tr\/sbh\/2011\/02\/02\/Haber\/853905114633.jpg?79428557257","type":"","width":"","height":""}],"author":"Tar\u0131k","twitter_card":"summary_large_image","twitter_creator":"@narteks","twitter_site":"@narteks","twitter_misc":{"Yazan:":"Tar\u0131k","Tahmini okuma s\u00fcresi":"3 dakika"},"schema":{"@context":"https:\/\/schema.org","@graph":[{"@type":"Article","@id":"https:\/\/narteks.net\/index.php\/2011\/02\/04\/tanzimatta-daha-cok-tiyatro-sahnesi-vardi\/#article","isPartOf":{"@id":"https:\/\/narteks.net\/index.php\/2011\/02\/04\/tanzimatta-daha-cok-tiyatro-sahnesi-vardi\/"},"author":{"name":"Tar\u0131k","@id":"https:\/\/narteks.net\/#\/schema\/person\/61f37d9834294b72d31d274e7ed79bca"},"headline":"Tanzimat&#8217;ta daha \u00e7ok tiyatro sahnesi vard\u0131","datePublished":"2011-02-04T11:45:37+00:00","mainEntityOfPage":{"@id":"https:\/\/narteks.net\/index.php\/2011\/02\/04\/tanzimatta-daha-cok-tiyatro-sahnesi-vardi\/"},"wordCount":664,"commentCount":0,"publisher":{"@id":"https:\/\/narteks.net\/#organization"},"image":{"@id":"https:\/\/narteks.net\/index.php\/2011\/02\/04\/tanzimatta-daha-cok-tiyatro-sahnesi-vardi\/#primaryimage"},"thumbnailUrl":"http:\/\/i.sabah.com.tr\/sbh\/2011\/02\/02\/Haber\/853905114633.jpg?79428557257","articleSection":["Kitap Tan\u0131t\u0131m"],"inLanguage":"tr","potentialAction":[{"@type":"CommentAction","name":"Comment","target":["https:\/\/narteks.net\/index.php\/2011\/02\/04\/tanzimatta-daha-cok-tiyatro-sahnesi-vardi\/#respond"]}]},{"@type":"WebPage","@id":"https:\/\/narteks.net\/index.php\/2011\/02\/04\/tanzimatta-daha-cok-tiyatro-sahnesi-vardi\/","url":"https:\/\/narteks.net\/index.php\/2011\/02\/04\/tanzimatta-daha-cok-tiyatro-sahnesi-vardi\/","name":"Tanzimat'ta daha \u00e7ok tiyatro sahnesi vard\u0131 - narteks.net","isPartOf":{"@id":"https:\/\/narteks.net\/#website"},"primaryImageOfPage":{"@id":"https:\/\/narteks.net\/index.php\/2011\/02\/04\/tanzimatta-daha-cok-tiyatro-sahnesi-vardi\/#primaryimage"},"image":{"@id":"https:\/\/narteks.net\/index.php\/2011\/02\/04\/tanzimatta-daha-cok-tiyatro-sahnesi-vardi\/#primaryimage"},"thumbnailUrl":"http:\/\/i.sabah.com.tr\/sbh\/2011\/02\/02\/Haber\/853905114633.jpg?79428557257","datePublished":"2011-02-04T11:45:37+00:00","breadcrumb":{"@id":"https:\/\/narteks.net\/index.php\/2011\/02\/04\/tanzimatta-daha-cok-tiyatro-sahnesi-vardi\/#breadcrumb"},"inLanguage":"tr","potentialAction":[{"@type":"ReadAction","target":["https:\/\/narteks.net\/index.php\/2011\/02\/04\/tanzimatta-daha-cok-tiyatro-sahnesi-vardi\/"]}]},{"@type":"ImageObject","inLanguage":"tr","@id":"https:\/\/narteks.net\/index.php\/2011\/02\/04\/tanzimatta-daha-cok-tiyatro-sahnesi-vardi\/#primaryimage","url":"http:\/\/i.sabah.com.tr\/sbh\/2011\/02\/02\/Haber\/853905114633.jpg?79428557257","contentUrl":"http:\/\/i.sabah.com.tr\/sbh\/2011\/02\/02\/Haber\/853905114633.jpg?79428557257"},{"@type":"BreadcrumbList","@id":"https:\/\/narteks.net\/index.php\/2011\/02\/04\/tanzimatta-daha-cok-tiyatro-sahnesi-vardi\/#breadcrumb","itemListElement":[{"@type":"ListItem","position":1,"name":"Anasayfa","item":"https:\/\/narteks.net\/"},{"@type":"ListItem","position":2,"name":"Tanzimat&#8217;ta daha \u00e7ok tiyatro sahnesi vard\u0131"}]},{"@type":"WebSite","@id":"https:\/\/narteks.net\/#website","url":"https:\/\/narteks.net\/","name":"narteks.net","description":"K\u00fclt\u00fcr Sanat Edebiyat Felsefe","publisher":{"@id":"https:\/\/narteks.net\/#organization"},"alternateName":"K\u00fclt\u00fcr Sanat Edebiyat Felsefe","potentialAction":[{"@type":"SearchAction","target":{"@type":"EntryPoint","urlTemplate":"https:\/\/narteks.net\/?s={search_term_string}"},"query-input":{"@type":"PropertyValueSpecification","valueRequired":true,"valueName":"search_term_string"}}],"inLanguage":"tr"},{"@type":"Organization","@id":"https:\/\/narteks.net\/#organization","name":"narteks.net","url":"https:\/\/narteks.net\/","logo":{"@type":"ImageObject","inLanguage":"tr","@id":"https:\/\/narteks.net\/#\/schema\/logo\/image\/","url":"https:\/\/narteks.net\/wp-content\/uploads\/narteks.png","contentUrl":"https:\/\/narteks.net\/wp-content\/uploads\/narteks.png","width":300,"height":90,"caption":"narteks.net"},"image":{"@id":"https:\/\/narteks.net\/#\/schema\/logo\/image\/"},"sameAs":["https:\/\/x.com\/narteks","https:\/\/instagram.com\/narteksnet"]},{"@type":"Person","@id":"https:\/\/narteks.net\/#\/schema\/person\/61f37d9834294b72d31d274e7ed79bca","name":"Tar\u0131k","image":{"@type":"ImageObject","inLanguage":"tr","@id":"https:\/\/narteks.net\/#\/schema\/person\/image\/","url":"https:\/\/secure.gravatar.com\/avatar\/50865afb55632c4ae467e0af0930f6510aa2297d8014be502a55b14f3b7550cf?s=96&d=mm&r=g","contentUrl":"https:\/\/secure.gravatar.com\/avatar\/50865afb55632c4ae467e0af0930f6510aa2297d8014be502a55b14f3b7550cf?s=96&d=mm&r=g","caption":"Tar\u0131k"},"sameAs":["http:\/\/narteks.net"],"url":"https:\/\/narteks.net\/index.php\/author\/narbak\/"}]}},"_links":{"self":[{"href":"https:\/\/narteks.net\/index.php\/wp-json\/wp\/v2\/posts\/4866","targetHints":{"allow":["GET"]}}],"collection":[{"href":"https:\/\/narteks.net\/index.php\/wp-json\/wp\/v2\/posts"}],"about":[{"href":"https:\/\/narteks.net\/index.php\/wp-json\/wp\/v2\/types\/post"}],"author":[{"embeddable":true,"href":"https:\/\/narteks.net\/index.php\/wp-json\/wp\/v2\/users\/1"}],"replies":[{"embeddable":true,"href":"https:\/\/narteks.net\/index.php\/wp-json\/wp\/v2\/comments?post=4866"}],"version-history":[{"count":0,"href":"https:\/\/narteks.net\/index.php\/wp-json\/wp\/v2\/posts\/4866\/revisions"}],"wp:attachment":[{"href":"https:\/\/narteks.net\/index.php\/wp-json\/wp\/v2\/media?parent=4866"}],"wp:term":[{"taxonomy":"category","embeddable":true,"href":"https:\/\/narteks.net\/index.php\/wp-json\/wp\/v2\/categories?post=4866"},{"taxonomy":"post_tag","embeddable":true,"href":"https:\/\/narteks.net\/index.php\/wp-json\/wp\/v2\/tags?post=4866"}],"curies":[{"name":"wp","href":"https:\/\/api.w.org\/{rel}","templated":true}]}}