{"id":487,"date":"2009-04-12T12:53:42","date_gmt":"2009-04-12T09:53:42","guid":{"rendered":"http:\/\/localhost\/wordpress\/2009\/04\/12\/bela-cicegi\/"},"modified":"2009-04-12T12:53:42","modified_gmt":"2009-04-12T09:53:42","slug":"bela-cicegi","status":"publish","type":"post","link":"https:\/\/narteks.net\/index.php\/2009\/04\/12\/bela-cicegi\/","title":{"rendered":"BELA \u00c7\u0130\u00c7E\u011e\u0130"},"content":{"rendered":"<p>\u00a0<\/p>\n<p>Alsancak gar\u0131&#8217;na devrildiler <br \/> Gece gar\u0131n saati bela \u00e7i\u00e7e\u011fi <br \/> Hi\u00e7bir \u015feyin fark\u0131nda de\u011fildiler <br \/> Kalle\u015f bir titreme ald\u0131 erke\u011fi <br \/> Elleri y\u0131rt\u0131lm\u0131\u015ft\u0131 kelep\u00e7eliydiler <br \/> \u00c7antas\u0131n\u0131 kar\u0131s\u0131 ta\u015f\u0131yordu <\/p>\n<p> Hi\u00e7 kimse tan\u0131m\u0131yordu kimdiler <br \/> Gece gar\u0131n saati bela \u00e7i\u00e7e\u011fi <br \/> \u00dc\u00e7\u00fcnc\u00fc mevki bir vagona bindiler <br \/> Anla\u015f\u0131ld\u0131 erke\u011fin gidece\u011fi <br \/> Bir \u015feyden vazge\u00e7mi\u015f gibiydiler <br \/> Bir t\u00fcrl\u00fc kar\u0131s\u0131na bakam\u0131yordu <\/p>\n<p> Ayak\u00fcst\u00fc birer bafra i\u00e7tiler <br \/> Gece gar\u0131n saati bela \u00e7i\u00e7e\u011fi <br \/> \u015eimdiden bir yaln\u0131zl\u0131k i\u00e7indeydiler <br \/> Karanl\u0131k gelmi\u015fi gelece\u011fi <br \/> Birdenbire sapsar\u0131 kesildiler <br \/> Vagonlar usul usul k\u0131m\u0131ld\u0131yordu<\/p>\n<p>Attila \u0130LHAN<\/p>\n","protected":false},"excerpt":{"rendered":"<p>\u00a0 Alsancak gar\u0131&#8217;na devrildiler Gece gar\u0131n saati bela \u00e7i\u00e7e\u011fi Hi\u00e7bir \u015feyin fark\u0131nda de\u011fildiler Kalle\u015f bir titreme ald\u0131 erke\u011fi Elleri y\u0131rt\u0131lm\u0131\u015ft\u0131 kelep\u00e7eliydiler \u00c7antas\u0131n\u0131 kar\u0131s\u0131 ta\u015f\u0131yordu Hi\u00e7 kimse tan\u0131m\u0131yordu kimdiler Gece gar\u0131n saati bela \u00e7i\u00e7e\u011fi \u00dc\u00e7\u00fcnc\u00fc mevki bir vagona bindiler Anla\u015f\u0131ld\u0131 erke\u011fin gidece\u011fi Bir \u015feyden vazge\u00e7mi\u015f gibiydiler Bir t\u00fcrl\u00fc kar\u0131s\u0131na bakam\u0131yordu Ayak\u00fcst\u00fc birer bafra i\u00e7tiler Gece gar\u0131n [&hellip;]<\/p>\n","protected":false},"author":1,"featured_media":0,"comment_status":"open","ping_status":"open","sticky":false,"template":"","format":"standard","meta":{"footnotes":""},"categories":[11],"tags":[],"class_list":{"0":"post-487","1":"post","2":"type-post","3":"status-publish","4":"format-standard","6":"category-attila-ilhan"},"yoast_head":"<!-- This site is optimized with the Yoast SEO Premium plugin v24.9 (Yoast SEO v24.9) - https:\/\/yoast.com\/wordpress\/plugins\/seo\/ -->\n<title>BELA \u00c7\u0130\u00c7E\u011e\u0130 - narteks.net<\/title>\n<meta name=\"robots\" content=\"index, follow, max-snippet:-1, max-image-preview:large, max-video-preview:-1\" \/>\n<link rel=\"canonical\" href=\"https:\/\/narteks.net\/index.php\/2009\/04\/12\/bela-cicegi\/\" \/>\n<meta property=\"og:locale\" content=\"tr_TR\" \/>\n<meta property=\"og:type\" content=\"article\" \/>\n<meta property=\"og:title\" content=\"BELA \u00c7\u0130\u00c7E\u011e\u0130\" \/>\n<meta property=\"og:description\" content=\"\u00a0 Alsancak gar\u0131&#8217;na devrildiler Gece gar\u0131n saati bela \u00e7i\u00e7e\u011fi Hi\u00e7bir \u015feyin fark\u0131nda de\u011fildiler Kalle\u015f bir titreme ald\u0131 erke\u011fi Elleri y\u0131rt\u0131lm\u0131\u015ft\u0131 kelep\u00e7eliydiler \u00c7antas\u0131n\u0131 kar\u0131s\u0131 ta\u015f\u0131yordu Hi\u00e7 kimse tan\u0131m\u0131yordu kimdiler Gece gar\u0131n saati bela \u00e7i\u00e7e\u011fi \u00dc\u00e7\u00fcnc\u00fc mevki bir vagona bindiler Anla\u015f\u0131ld\u0131 erke\u011fin gidece\u011fi Bir \u015feyden vazge\u00e7mi\u015f gibiydiler Bir t\u00fcrl\u00fc kar\u0131s\u0131na bakam\u0131yordu Ayak\u00fcst\u00fc birer bafra i\u00e7tiler Gece gar\u0131n [&hellip;]\" \/>\n<meta property=\"og:url\" content=\"https:\/\/narteks.net\/index.php\/2009\/04\/12\/bela-cicegi\/\" \/>\n<meta property=\"og:site_name\" content=\"narteks.net\" \/>\n<meta property=\"article:published_time\" content=\"2009-04-12T09:53:42+00:00\" \/>\n<meta property=\"og:image\" content=\"https:\/\/narteks.net\/wp-content\/uploads\/narteks.png\" \/>\n\t<meta property=\"og:image:width\" content=\"300\" \/>\n\t<meta property=\"og:image:height\" content=\"90\" \/>\n\t<meta property=\"og:image:type\" content=\"image\/png\" \/>\n<meta name=\"author\" content=\"Tar\u0131k\" \/>\n<meta name=\"twitter:card\" content=\"summary_large_image\" \/>\n<meta name=\"twitter:creator\" content=\"@narteks\" \/>\n<meta name=\"twitter:site\" content=\"@narteks\" \/>\n<meta name=\"twitter:label1\" content=\"Yazan:\" \/>\n\t<meta name=\"twitter:data1\" content=\"Tar\u0131k\" \/>\n\t<meta name=\"twitter:label2\" content=\"Tahmini okuma s\u00fcresi\" \/>\n\t<meta name=\"twitter:data2\" content=\"1 dakika\" \/>\n<script type=\"application\/ld+json\" class=\"yoast-schema-graph\">{\"@context\":\"https:\/\/schema.org\",\"@graph\":[{\"@type\":\"Article\",\"@id\":\"https:\/\/narteks.net\/index.php\/2009\/04\/12\/bela-cicegi\/#article\",\"isPartOf\":{\"@id\":\"https:\/\/narteks.net\/index.php\/2009\/04\/12\/bela-cicegi\/\"},\"author\":{\"name\":\"Tar\u0131k\",\"@id\":\"https:\/\/narteks.net\/#\/schema\/person\/61f37d9834294b72d31d274e7ed79bca\"},\"headline\":\"BELA \u00c7\u0130\u00c7E\u011e\u0130\",\"datePublished\":\"2009-04-12T09:53:42+00:00\",\"mainEntityOfPage\":{\"@id\":\"https:\/\/narteks.net\/index.php\/2009\/04\/12\/bela-cicegi\/\"},\"wordCount\":117,\"commentCount\":0,\"publisher\":{\"@id\":\"https:\/\/narteks.net\/#organization\"},\"articleSection\":[\"Attila ILHAN\"],\"inLanguage\":\"tr\",\"potentialAction\":[{\"@type\":\"CommentAction\",\"name\":\"Comment\",\"target\":[\"https:\/\/narteks.net\/index.php\/2009\/04\/12\/bela-cicegi\/#respond\"]}]},{\"@type\":\"WebPage\",\"@id\":\"https:\/\/narteks.net\/index.php\/2009\/04\/12\/bela-cicegi\/\",\"url\":\"https:\/\/narteks.net\/index.php\/2009\/04\/12\/bela-cicegi\/\",\"name\":\"BELA \u00c7\u0130\u00c7E\u011e\u0130 - narteks.net\",\"isPartOf\":{\"@id\":\"https:\/\/narteks.net\/#website\"},\"datePublished\":\"2009-04-12T09:53:42+00:00\",\"breadcrumb\":{\"@id\":\"https:\/\/narteks.net\/index.php\/2009\/04\/12\/bela-cicegi\/#breadcrumb\"},\"inLanguage\":\"tr\",\"potentialAction\":[{\"@type\":\"ReadAction\",\"target\":[\"https:\/\/narteks.net\/index.php\/2009\/04\/12\/bela-cicegi\/\"]}]},{\"@type\":\"BreadcrumbList\",\"@id\":\"https:\/\/narteks.net\/index.php\/2009\/04\/12\/bela-cicegi\/#breadcrumb\",\"itemListElement\":[{\"@type\":\"ListItem\",\"position\":1,\"name\":\"Anasayfa\",\"item\":\"https:\/\/narteks.net\/\"},{\"@type\":\"ListItem\",\"position\":2,\"name\":\"BELA \u00c7\u0130\u00c7E\u011e\u0130\"}]},{\"@type\":\"WebSite\",\"@id\":\"https:\/\/narteks.net\/#website\",\"url\":\"https:\/\/narteks.net\/\",\"name\":\"narteks.net\",\"description\":\"K\u00fclt\u00fcr Sanat Edebiyat Felsefe\",\"publisher\":{\"@id\":\"https:\/\/narteks.net\/#organization\"},\"alternateName\":\"K\u00fclt\u00fcr Sanat Edebiyat Felsefe\",\"potentialAction\":[{\"@type\":\"SearchAction\",\"target\":{\"@type\":\"EntryPoint\",\"urlTemplate\":\"https:\/\/narteks.net\/?s={search_term_string}\"},\"query-input\":{\"@type\":\"PropertyValueSpecification\",\"valueRequired\":true,\"valueName\":\"search_term_string\"}}],\"inLanguage\":\"tr\"},{\"@type\":\"Organization\",\"@id\":\"https:\/\/narteks.net\/#organization\",\"name\":\"narteks.net\",\"url\":\"https:\/\/narteks.net\/\",\"logo\":{\"@type\":\"ImageObject\",\"inLanguage\":\"tr\",\"@id\":\"https:\/\/narteks.net\/#\/schema\/logo\/image\/\",\"url\":\"https:\/\/narteks.net\/wp-content\/uploads\/narteks.png\",\"contentUrl\":\"https:\/\/narteks.net\/wp-content\/uploads\/narteks.png\",\"width\":300,\"height\":90,\"caption\":\"narteks.net\"},\"image\":{\"@id\":\"https:\/\/narteks.net\/#\/schema\/logo\/image\/\"},\"sameAs\":[\"https:\/\/x.com\/narteks\",\"https:\/\/instagram.com\/narteksnet\"]},{\"@type\":\"Person\",\"@id\":\"https:\/\/narteks.net\/#\/schema\/person\/61f37d9834294b72d31d274e7ed79bca\",\"name\":\"Tar\u0131k\",\"image\":{\"@type\":\"ImageObject\",\"inLanguage\":\"tr\",\"@id\":\"https:\/\/narteks.net\/#\/schema\/person\/image\/\",\"url\":\"https:\/\/secure.gravatar.com\/avatar\/50865afb55632c4ae467e0af0930f6510aa2297d8014be502a55b14f3b7550cf?s=96&d=mm&r=g\",\"contentUrl\":\"https:\/\/secure.gravatar.com\/avatar\/50865afb55632c4ae467e0af0930f6510aa2297d8014be502a55b14f3b7550cf?s=96&d=mm&r=g\",\"caption\":\"Tar\u0131k\"},\"sameAs\":[\"http:\/\/narteks.net\"],\"url\":\"https:\/\/narteks.net\/index.php\/author\/narbak\/\"}]}<\/script>\n<!-- \/ Yoast SEO Premium plugin. -->","yoast_head_json":{"title":"BELA \u00c7\u0130\u00c7E\u011e\u0130 - narteks.net","robots":{"index":"index","follow":"follow","max-snippet":"max-snippet:-1","max-image-preview":"max-image-preview:large","max-video-preview":"max-video-preview:-1"},"canonical":"https:\/\/narteks.net\/index.php\/2009\/04\/12\/bela-cicegi\/","og_locale":"tr_TR","og_type":"article","og_title":"BELA \u00c7\u0130\u00c7E\u011e\u0130","og_description":"\u00a0 Alsancak gar\u0131&#8217;na devrildiler Gece gar\u0131n saati bela \u00e7i\u00e7e\u011fi Hi\u00e7bir \u015feyin fark\u0131nda de\u011fildiler Kalle\u015f bir titreme ald\u0131 erke\u011fi Elleri y\u0131rt\u0131lm\u0131\u015ft\u0131 kelep\u00e7eliydiler \u00c7antas\u0131n\u0131 kar\u0131s\u0131 ta\u015f\u0131yordu Hi\u00e7 kimse tan\u0131m\u0131yordu kimdiler Gece gar\u0131n saati bela \u00e7i\u00e7e\u011fi \u00dc\u00e7\u00fcnc\u00fc mevki bir vagona bindiler Anla\u015f\u0131ld\u0131 erke\u011fin gidece\u011fi Bir \u015feyden vazge\u00e7mi\u015f gibiydiler Bir t\u00fcrl\u00fc kar\u0131s\u0131na bakam\u0131yordu Ayak\u00fcst\u00fc birer bafra i\u00e7tiler Gece gar\u0131n [&hellip;]","og_url":"https:\/\/narteks.net\/index.php\/2009\/04\/12\/bela-cicegi\/","og_site_name":"narteks.net","article_published_time":"2009-04-12T09:53:42+00:00","og_image":[{"width":300,"height":90,"url":"https:\/\/narteks.net\/wp-content\/uploads\/narteks.png","type":"image\/png"}],"author":"Tar\u0131k","twitter_card":"summary_large_image","twitter_creator":"@narteks","twitter_site":"@narteks","twitter_misc":{"Yazan:":"Tar\u0131k","Tahmini okuma s\u00fcresi":"1 dakika"},"schema":{"@context":"https:\/\/schema.org","@graph":[{"@type":"Article","@id":"https:\/\/narteks.net\/index.php\/2009\/04\/12\/bela-cicegi\/#article","isPartOf":{"@id":"https:\/\/narteks.net\/index.php\/2009\/04\/12\/bela-cicegi\/"},"author":{"name":"Tar\u0131k","@id":"https:\/\/narteks.net\/#\/schema\/person\/61f37d9834294b72d31d274e7ed79bca"},"headline":"BELA \u00c7\u0130\u00c7E\u011e\u0130","datePublished":"2009-04-12T09:53:42+00:00","mainEntityOfPage":{"@id":"https:\/\/narteks.net\/index.php\/2009\/04\/12\/bela-cicegi\/"},"wordCount":117,"commentCount":0,"publisher":{"@id":"https:\/\/narteks.net\/#organization"},"articleSection":["Attila ILHAN"],"inLanguage":"tr","potentialAction":[{"@type":"CommentAction","name":"Comment","target":["https:\/\/narteks.net\/index.php\/2009\/04\/12\/bela-cicegi\/#respond"]}]},{"@type":"WebPage","@id":"https:\/\/narteks.net\/index.php\/2009\/04\/12\/bela-cicegi\/","url":"https:\/\/narteks.net\/index.php\/2009\/04\/12\/bela-cicegi\/","name":"BELA \u00c7\u0130\u00c7E\u011e\u0130 - narteks.net","isPartOf":{"@id":"https:\/\/narteks.net\/#website"},"datePublished":"2009-04-12T09:53:42+00:00","breadcrumb":{"@id":"https:\/\/narteks.net\/index.php\/2009\/04\/12\/bela-cicegi\/#breadcrumb"},"inLanguage":"tr","potentialAction":[{"@type":"ReadAction","target":["https:\/\/narteks.net\/index.php\/2009\/04\/12\/bela-cicegi\/"]}]},{"@type":"BreadcrumbList","@id":"https:\/\/narteks.net\/index.php\/2009\/04\/12\/bela-cicegi\/#breadcrumb","itemListElement":[{"@type":"ListItem","position":1,"name":"Anasayfa","item":"https:\/\/narteks.net\/"},{"@type":"ListItem","position":2,"name":"BELA \u00c7\u0130\u00c7E\u011e\u0130"}]},{"@type":"WebSite","@id":"https:\/\/narteks.net\/#website","url":"https:\/\/narteks.net\/","name":"narteks.net","description":"K\u00fclt\u00fcr Sanat Edebiyat Felsefe","publisher":{"@id":"https:\/\/narteks.net\/#organization"},"alternateName":"K\u00fclt\u00fcr Sanat Edebiyat Felsefe","potentialAction":[{"@type":"SearchAction","target":{"@type":"EntryPoint","urlTemplate":"https:\/\/narteks.net\/?s={search_term_string}"},"query-input":{"@type":"PropertyValueSpecification","valueRequired":true,"valueName":"search_term_string"}}],"inLanguage":"tr"},{"@type":"Organization","@id":"https:\/\/narteks.net\/#organization","name":"narteks.net","url":"https:\/\/narteks.net\/","logo":{"@type":"ImageObject","inLanguage":"tr","@id":"https:\/\/narteks.net\/#\/schema\/logo\/image\/","url":"https:\/\/narteks.net\/wp-content\/uploads\/narteks.png","contentUrl":"https:\/\/narteks.net\/wp-content\/uploads\/narteks.png","width":300,"height":90,"caption":"narteks.net"},"image":{"@id":"https:\/\/narteks.net\/#\/schema\/logo\/image\/"},"sameAs":["https:\/\/x.com\/narteks","https:\/\/instagram.com\/narteksnet"]},{"@type":"Person","@id":"https:\/\/narteks.net\/#\/schema\/person\/61f37d9834294b72d31d274e7ed79bca","name":"Tar\u0131k","image":{"@type":"ImageObject","inLanguage":"tr","@id":"https:\/\/narteks.net\/#\/schema\/person\/image\/","url":"https:\/\/secure.gravatar.com\/avatar\/50865afb55632c4ae467e0af0930f6510aa2297d8014be502a55b14f3b7550cf?s=96&d=mm&r=g","contentUrl":"https:\/\/secure.gravatar.com\/avatar\/50865afb55632c4ae467e0af0930f6510aa2297d8014be502a55b14f3b7550cf?s=96&d=mm&r=g","caption":"Tar\u0131k"},"sameAs":["http:\/\/narteks.net"],"url":"https:\/\/narteks.net\/index.php\/author\/narbak\/"}]}},"_links":{"self":[{"href":"https:\/\/narteks.net\/index.php\/wp-json\/wp\/v2\/posts\/487","targetHints":{"allow":["GET"]}}],"collection":[{"href":"https:\/\/narteks.net\/index.php\/wp-json\/wp\/v2\/posts"}],"about":[{"href":"https:\/\/narteks.net\/index.php\/wp-json\/wp\/v2\/types\/post"}],"author":[{"embeddable":true,"href":"https:\/\/narteks.net\/index.php\/wp-json\/wp\/v2\/users\/1"}],"replies":[{"embeddable":true,"href":"https:\/\/narteks.net\/index.php\/wp-json\/wp\/v2\/comments?post=487"}],"version-history":[{"count":0,"href":"https:\/\/narteks.net\/index.php\/wp-json\/wp\/v2\/posts\/487\/revisions"}],"wp:attachment":[{"href":"https:\/\/narteks.net\/index.php\/wp-json\/wp\/v2\/media?parent=487"}],"wp:term":[{"taxonomy":"category","embeddable":true,"href":"https:\/\/narteks.net\/index.php\/wp-json\/wp\/v2\/categories?post=487"},{"taxonomy":"post_tag","embeddable":true,"href":"https:\/\/narteks.net\/index.php\/wp-json\/wp\/v2\/tags?post=487"}],"curies":[{"name":"wp","href":"https:\/\/api.w.org\/{rel}","templated":true}]}}