{"id":4879,"date":"2011-02-04T17:53:42","date_gmt":"2011-02-04T14:53:42","guid":{"rendered":"http:\/\/localhost\/wordpress\/2011\/02\/04\/ay-zeytin-gece\/"},"modified":"2011-02-04T17:53:42","modified_gmt":"2011-02-04T14:53:42","slug":"ay-zeytin-gece","status":"publish","type":"post","link":"https:\/\/narteks.net\/index.php\/2011\/02\/04\/ay-zeytin-gece\/","title":{"rendered":"AY ZEYT\u0130N GECE"},"content":{"rendered":"<p>Kam\u00e7\u0131l\u0131 karanl\u0131kt\u0131 geldin \u00fcst\u00fcme<br \/>B\u00fct\u00fcn masallar\u0131 dola\u015ft\u0131n<br \/>Ay zeytin gece<br \/>Ay vurmu\u015ftu aln\u0131na<br \/>Per\u00e7emlerin Tokat ak\u0131tmas\u0131<br \/>Yorgundu at\u0131lm\u0131\u015f y\u0131lan derisi<br \/>De\u011fi\u015ftirilmi\u015f g\u00fcvercin g\u00f6mle\u011fi tende<br \/>Nereye gidiyorsun, dedim<br \/>Zeytinlerin aras\u0131ndan<br \/>Siste silinip giderken yollar<br \/>Ayd\u0131 zeytindi geceydi<br \/>Korkmad\u0131m ba\u011f\u0131rd\u0131m ard\u0131ndan<br \/>Aydaki zeytindeki gecedeki delikanl\u0131<br \/>Nereye b\u00f6yle<br \/>Ald\u0131 r\u00fczgar sesimi duyurmad\u0131<br \/>Vurdu ge\u00e7ti durdu\u011fum yeri<br \/>G\u00fcm\u00fc\u015f\u00fcn\u00fc silkeledi y\u00fcz\u00fcme<br \/>At\u0131n\u0131n kanatlar\u0131<br \/>Ben \u00f6ld\u00fcm, \u00f6l\u00fcm bulunamad\u0131<br \/>Kam\u00e7\u0131l\u0131 bir karanl\u0131kt\u0131<br \/>Hikayemin gecesini d\u00fcrd\u00fcm de<br \/>Kimse \u00e7\u0131kamad\u0131 d\u0131\u015far\u0131<br \/>Ay kald\u0131 zeytin kald\u0131 gece kald\u0131<br \/>Sis kald\u0131 yollar kald\u0131<br \/>Karanl\u0131kt\u0131\u00a0 <\/p>\n<p>Murathan MUNGAN<\/p>\n","protected":false},"excerpt":{"rendered":"<p>Kam\u00e7\u0131l\u0131 karanl\u0131kt\u0131 geldin \u00fcst\u00fcmeB\u00fct\u00fcn masallar\u0131 dola\u015ft\u0131nAy zeytin geceAy vurmu\u015ftu aln\u0131naPer\u00e7emlerin Tokat ak\u0131tmas\u0131Yorgundu at\u0131lm\u0131\u015f y\u0131lan derisiDe\u011fi\u015ftirilmi\u015f g\u00fcvercin g\u00f6mle\u011fi tendeNereye gidiyorsun, dedimZeytinlerin aras\u0131ndanSiste silinip giderken yollarAyd\u0131 zeytindi geceydiKorkmad\u0131m ba\u011f\u0131rd\u0131m ard\u0131ndanAydaki zeytindeki gecedeki delikanl\u0131Nereye b\u00f6yleAld\u0131 r\u00fczgar sesimi duyurmad\u0131Vurdu ge\u00e7ti durdu\u011fum yeriG\u00fcm\u00fc\u015f\u00fcn\u00fc silkeledi y\u00fcz\u00fcmeAt\u0131n\u0131n kanatlar\u0131Ben \u00f6ld\u00fcm, \u00f6l\u00fcm bulunamad\u0131Kam\u00e7\u0131l\u0131 bir karanl\u0131kt\u0131Hikayemin gecesini d\u00fcrd\u00fcm deKimse \u00e7\u0131kamad\u0131 d\u0131\u015far\u0131Ay kald\u0131 zeytin kald\u0131 gece [&hellip;]<\/p>\n","protected":false},"author":1,"featured_media":0,"comment_status":"open","ping_status":"open","sticky":false,"template":"","format":"standard","meta":{"footnotes":""},"categories":[154],"tags":[],"class_list":{"0":"post-4879","1":"post","2":"type-post","3":"status-publish","4":"format-standard","6":"category-murathan-mungan"},"yoast_head":"<!-- This site is optimized with the Yoast SEO Premium plugin v24.9 (Yoast SEO v24.9) - https:\/\/yoast.com\/wordpress\/plugins\/seo\/ -->\n<title>AY ZEYT\u0130N GECE - narteks.net<\/title>\n<meta name=\"robots\" content=\"index, follow, max-snippet:-1, max-image-preview:large, max-video-preview:-1\" \/>\n<link rel=\"canonical\" href=\"https:\/\/narteks.net\/index.php\/2011\/02\/04\/ay-zeytin-gece\/\" \/>\n<meta property=\"og:locale\" content=\"tr_TR\" \/>\n<meta property=\"og:type\" content=\"article\" \/>\n<meta property=\"og:title\" content=\"AY ZEYT\u0130N GECE\" \/>\n<meta property=\"og:description\" content=\"Kam\u00e7\u0131l\u0131 karanl\u0131kt\u0131 geldin \u00fcst\u00fcmeB\u00fct\u00fcn masallar\u0131 dola\u015ft\u0131nAy zeytin geceAy vurmu\u015ftu aln\u0131naPer\u00e7emlerin Tokat ak\u0131tmas\u0131Yorgundu at\u0131lm\u0131\u015f y\u0131lan derisiDe\u011fi\u015ftirilmi\u015f g\u00fcvercin g\u00f6mle\u011fi tendeNereye gidiyorsun, dedimZeytinlerin aras\u0131ndanSiste silinip giderken yollarAyd\u0131 zeytindi geceydiKorkmad\u0131m ba\u011f\u0131rd\u0131m ard\u0131ndanAydaki zeytindeki gecedeki delikanl\u0131Nereye b\u00f6yleAld\u0131 r\u00fczgar sesimi duyurmad\u0131Vurdu ge\u00e7ti durdu\u011fum yeriG\u00fcm\u00fc\u015f\u00fcn\u00fc silkeledi y\u00fcz\u00fcmeAt\u0131n\u0131n kanatlar\u0131Ben \u00f6ld\u00fcm, \u00f6l\u00fcm bulunamad\u0131Kam\u00e7\u0131l\u0131 bir karanl\u0131kt\u0131Hikayemin gecesini d\u00fcrd\u00fcm deKimse \u00e7\u0131kamad\u0131 d\u0131\u015far\u0131Ay kald\u0131 zeytin kald\u0131 gece [&hellip;]\" \/>\n<meta property=\"og:url\" content=\"https:\/\/narteks.net\/index.php\/2011\/02\/04\/ay-zeytin-gece\/\" \/>\n<meta property=\"og:site_name\" content=\"narteks.net\" \/>\n<meta property=\"article:published_time\" content=\"2011-02-04T14:53:42+00:00\" \/>\n<meta property=\"og:image\" content=\"https:\/\/narteks.net\/wp-content\/uploads\/narteks.png\" \/>\n\t<meta property=\"og:image:width\" content=\"300\" \/>\n\t<meta property=\"og:image:height\" content=\"90\" \/>\n\t<meta property=\"og:image:type\" content=\"image\/png\" \/>\n<meta name=\"author\" content=\"Tar\u0131k\" \/>\n<meta name=\"twitter:card\" content=\"summary_large_image\" \/>\n<meta name=\"twitter:creator\" content=\"@narteks\" \/>\n<meta name=\"twitter:site\" content=\"@narteks\" \/>\n<meta name=\"twitter:label1\" content=\"Yazan:\" \/>\n\t<meta name=\"twitter:data1\" content=\"Tar\u0131k\" \/>\n\t<meta name=\"twitter:label2\" content=\"Tahmini okuma s\u00fcresi\" \/>\n\t<meta name=\"twitter:data2\" content=\"1 dakika\" \/>\n<script type=\"application\/ld+json\" class=\"yoast-schema-graph\">{\"@context\":\"https:\/\/schema.org\",\"@graph\":[{\"@type\":\"Article\",\"@id\":\"https:\/\/narteks.net\/index.php\/2011\/02\/04\/ay-zeytin-gece\/#article\",\"isPartOf\":{\"@id\":\"https:\/\/narteks.net\/index.php\/2011\/02\/04\/ay-zeytin-gece\/\"},\"author\":{\"name\":\"Tar\u0131k\",\"@id\":\"https:\/\/narteks.net\/#\/schema\/person\/61f37d9834294b72d31d274e7ed79bca\"},\"headline\":\"AY ZEYT\u0130N GECE\",\"datePublished\":\"2011-02-04T14:53:42+00:00\",\"mainEntityOfPage\":{\"@id\":\"https:\/\/narteks.net\/index.php\/2011\/02\/04\/ay-zeytin-gece\/\"},\"wordCount\":115,\"commentCount\":0,\"publisher\":{\"@id\":\"https:\/\/narteks.net\/#organization\"},\"articleSection\":[\"Murathan MUNGAN\"],\"inLanguage\":\"tr\",\"potentialAction\":[{\"@type\":\"CommentAction\",\"name\":\"Comment\",\"target\":[\"https:\/\/narteks.net\/index.php\/2011\/02\/04\/ay-zeytin-gece\/#respond\"]}]},{\"@type\":\"WebPage\",\"@id\":\"https:\/\/narteks.net\/index.php\/2011\/02\/04\/ay-zeytin-gece\/\",\"url\":\"https:\/\/narteks.net\/index.php\/2011\/02\/04\/ay-zeytin-gece\/\",\"name\":\"AY ZEYT\u0130N GECE - narteks.net\",\"isPartOf\":{\"@id\":\"https:\/\/narteks.net\/#website\"},\"datePublished\":\"2011-02-04T14:53:42+00:00\",\"breadcrumb\":{\"@id\":\"https:\/\/narteks.net\/index.php\/2011\/02\/04\/ay-zeytin-gece\/#breadcrumb\"},\"inLanguage\":\"tr\",\"potentialAction\":[{\"@type\":\"ReadAction\",\"target\":[\"https:\/\/narteks.net\/index.php\/2011\/02\/04\/ay-zeytin-gece\/\"]}]},{\"@type\":\"BreadcrumbList\",\"@id\":\"https:\/\/narteks.net\/index.php\/2011\/02\/04\/ay-zeytin-gece\/#breadcrumb\",\"itemListElement\":[{\"@type\":\"ListItem\",\"position\":1,\"name\":\"Anasayfa\",\"item\":\"https:\/\/narteks.net\/\"},{\"@type\":\"ListItem\",\"position\":2,\"name\":\"AY ZEYT\u0130N GECE\"}]},{\"@type\":\"WebSite\",\"@id\":\"https:\/\/narteks.net\/#website\",\"url\":\"https:\/\/narteks.net\/\",\"name\":\"narteks.net\",\"description\":\"K\u00fclt\u00fcr Sanat Edebiyat Felsefe\",\"publisher\":{\"@id\":\"https:\/\/narteks.net\/#organization\"},\"alternateName\":\"K\u00fclt\u00fcr Sanat Edebiyat Felsefe\",\"potentialAction\":[{\"@type\":\"SearchAction\",\"target\":{\"@type\":\"EntryPoint\",\"urlTemplate\":\"https:\/\/narteks.net\/?s={search_term_string}\"},\"query-input\":{\"@type\":\"PropertyValueSpecification\",\"valueRequired\":true,\"valueName\":\"search_term_string\"}}],\"inLanguage\":\"tr\"},{\"@type\":\"Organization\",\"@id\":\"https:\/\/narteks.net\/#organization\",\"name\":\"narteks.net\",\"url\":\"https:\/\/narteks.net\/\",\"logo\":{\"@type\":\"ImageObject\",\"inLanguage\":\"tr\",\"@id\":\"https:\/\/narteks.net\/#\/schema\/logo\/image\/\",\"url\":\"https:\/\/narteks.net\/wp-content\/uploads\/narteks.png\",\"contentUrl\":\"https:\/\/narteks.net\/wp-content\/uploads\/narteks.png\",\"width\":300,\"height\":90,\"caption\":\"narteks.net\"},\"image\":{\"@id\":\"https:\/\/narteks.net\/#\/schema\/logo\/image\/\"},\"sameAs\":[\"https:\/\/x.com\/narteks\",\"https:\/\/instagram.com\/narteksnet\"]},{\"@type\":\"Person\",\"@id\":\"https:\/\/narteks.net\/#\/schema\/person\/61f37d9834294b72d31d274e7ed79bca\",\"name\":\"Tar\u0131k\",\"image\":{\"@type\":\"ImageObject\",\"inLanguage\":\"tr\",\"@id\":\"https:\/\/narteks.net\/#\/schema\/person\/image\/\",\"url\":\"https:\/\/secure.gravatar.com\/avatar\/50865afb55632c4ae467e0af0930f6510aa2297d8014be502a55b14f3b7550cf?s=96&d=mm&r=g\",\"contentUrl\":\"https:\/\/secure.gravatar.com\/avatar\/50865afb55632c4ae467e0af0930f6510aa2297d8014be502a55b14f3b7550cf?s=96&d=mm&r=g\",\"caption\":\"Tar\u0131k\"},\"sameAs\":[\"http:\/\/narteks.net\"],\"url\":\"https:\/\/narteks.net\/index.php\/author\/narbak\/\"}]}<\/script>\n<!-- \/ Yoast SEO Premium plugin. -->","yoast_head_json":{"title":"AY ZEYT\u0130N GECE - narteks.net","robots":{"index":"index","follow":"follow","max-snippet":"max-snippet:-1","max-image-preview":"max-image-preview:large","max-video-preview":"max-video-preview:-1"},"canonical":"https:\/\/narteks.net\/index.php\/2011\/02\/04\/ay-zeytin-gece\/","og_locale":"tr_TR","og_type":"article","og_title":"AY ZEYT\u0130N GECE","og_description":"Kam\u00e7\u0131l\u0131 karanl\u0131kt\u0131 geldin \u00fcst\u00fcmeB\u00fct\u00fcn masallar\u0131 dola\u015ft\u0131nAy zeytin geceAy vurmu\u015ftu aln\u0131naPer\u00e7emlerin Tokat ak\u0131tmas\u0131Yorgundu at\u0131lm\u0131\u015f y\u0131lan derisiDe\u011fi\u015ftirilmi\u015f g\u00fcvercin g\u00f6mle\u011fi tendeNereye gidiyorsun, dedimZeytinlerin aras\u0131ndanSiste silinip giderken yollarAyd\u0131 zeytindi geceydiKorkmad\u0131m ba\u011f\u0131rd\u0131m ard\u0131ndanAydaki zeytindeki gecedeki delikanl\u0131Nereye b\u00f6yleAld\u0131 r\u00fczgar sesimi duyurmad\u0131Vurdu ge\u00e7ti durdu\u011fum yeriG\u00fcm\u00fc\u015f\u00fcn\u00fc silkeledi y\u00fcz\u00fcmeAt\u0131n\u0131n kanatlar\u0131Ben \u00f6ld\u00fcm, \u00f6l\u00fcm bulunamad\u0131Kam\u00e7\u0131l\u0131 bir karanl\u0131kt\u0131Hikayemin gecesini d\u00fcrd\u00fcm deKimse \u00e7\u0131kamad\u0131 d\u0131\u015far\u0131Ay kald\u0131 zeytin kald\u0131 gece [&hellip;]","og_url":"https:\/\/narteks.net\/index.php\/2011\/02\/04\/ay-zeytin-gece\/","og_site_name":"narteks.net","article_published_time":"2011-02-04T14:53:42+00:00","og_image":[{"width":300,"height":90,"url":"https:\/\/narteks.net\/wp-content\/uploads\/narteks.png","type":"image\/png"}],"author":"Tar\u0131k","twitter_card":"summary_large_image","twitter_creator":"@narteks","twitter_site":"@narteks","twitter_misc":{"Yazan:":"Tar\u0131k","Tahmini okuma s\u00fcresi":"1 dakika"},"schema":{"@context":"https:\/\/schema.org","@graph":[{"@type":"Article","@id":"https:\/\/narteks.net\/index.php\/2011\/02\/04\/ay-zeytin-gece\/#article","isPartOf":{"@id":"https:\/\/narteks.net\/index.php\/2011\/02\/04\/ay-zeytin-gece\/"},"author":{"name":"Tar\u0131k","@id":"https:\/\/narteks.net\/#\/schema\/person\/61f37d9834294b72d31d274e7ed79bca"},"headline":"AY ZEYT\u0130N GECE","datePublished":"2011-02-04T14:53:42+00:00","mainEntityOfPage":{"@id":"https:\/\/narteks.net\/index.php\/2011\/02\/04\/ay-zeytin-gece\/"},"wordCount":115,"commentCount":0,"publisher":{"@id":"https:\/\/narteks.net\/#organization"},"articleSection":["Murathan MUNGAN"],"inLanguage":"tr","potentialAction":[{"@type":"CommentAction","name":"Comment","target":["https:\/\/narteks.net\/index.php\/2011\/02\/04\/ay-zeytin-gece\/#respond"]}]},{"@type":"WebPage","@id":"https:\/\/narteks.net\/index.php\/2011\/02\/04\/ay-zeytin-gece\/","url":"https:\/\/narteks.net\/index.php\/2011\/02\/04\/ay-zeytin-gece\/","name":"AY ZEYT\u0130N GECE - narteks.net","isPartOf":{"@id":"https:\/\/narteks.net\/#website"},"datePublished":"2011-02-04T14:53:42+00:00","breadcrumb":{"@id":"https:\/\/narteks.net\/index.php\/2011\/02\/04\/ay-zeytin-gece\/#breadcrumb"},"inLanguage":"tr","potentialAction":[{"@type":"ReadAction","target":["https:\/\/narteks.net\/index.php\/2011\/02\/04\/ay-zeytin-gece\/"]}]},{"@type":"BreadcrumbList","@id":"https:\/\/narteks.net\/index.php\/2011\/02\/04\/ay-zeytin-gece\/#breadcrumb","itemListElement":[{"@type":"ListItem","position":1,"name":"Anasayfa","item":"https:\/\/narteks.net\/"},{"@type":"ListItem","position":2,"name":"AY ZEYT\u0130N GECE"}]},{"@type":"WebSite","@id":"https:\/\/narteks.net\/#website","url":"https:\/\/narteks.net\/","name":"narteks.net","description":"K\u00fclt\u00fcr Sanat Edebiyat Felsefe","publisher":{"@id":"https:\/\/narteks.net\/#organization"},"alternateName":"K\u00fclt\u00fcr Sanat Edebiyat Felsefe","potentialAction":[{"@type":"SearchAction","target":{"@type":"EntryPoint","urlTemplate":"https:\/\/narteks.net\/?s={search_term_string}"},"query-input":{"@type":"PropertyValueSpecification","valueRequired":true,"valueName":"search_term_string"}}],"inLanguage":"tr"},{"@type":"Organization","@id":"https:\/\/narteks.net\/#organization","name":"narteks.net","url":"https:\/\/narteks.net\/","logo":{"@type":"ImageObject","inLanguage":"tr","@id":"https:\/\/narteks.net\/#\/schema\/logo\/image\/","url":"https:\/\/narteks.net\/wp-content\/uploads\/narteks.png","contentUrl":"https:\/\/narteks.net\/wp-content\/uploads\/narteks.png","width":300,"height":90,"caption":"narteks.net"},"image":{"@id":"https:\/\/narteks.net\/#\/schema\/logo\/image\/"},"sameAs":["https:\/\/x.com\/narteks","https:\/\/instagram.com\/narteksnet"]},{"@type":"Person","@id":"https:\/\/narteks.net\/#\/schema\/person\/61f37d9834294b72d31d274e7ed79bca","name":"Tar\u0131k","image":{"@type":"ImageObject","inLanguage":"tr","@id":"https:\/\/narteks.net\/#\/schema\/person\/image\/","url":"https:\/\/secure.gravatar.com\/avatar\/50865afb55632c4ae467e0af0930f6510aa2297d8014be502a55b14f3b7550cf?s=96&d=mm&r=g","contentUrl":"https:\/\/secure.gravatar.com\/avatar\/50865afb55632c4ae467e0af0930f6510aa2297d8014be502a55b14f3b7550cf?s=96&d=mm&r=g","caption":"Tar\u0131k"},"sameAs":["http:\/\/narteks.net"],"url":"https:\/\/narteks.net\/index.php\/author\/narbak\/"}]}},"_links":{"self":[{"href":"https:\/\/narteks.net\/index.php\/wp-json\/wp\/v2\/posts\/4879","targetHints":{"allow":["GET"]}}],"collection":[{"href":"https:\/\/narteks.net\/index.php\/wp-json\/wp\/v2\/posts"}],"about":[{"href":"https:\/\/narteks.net\/index.php\/wp-json\/wp\/v2\/types\/post"}],"author":[{"embeddable":true,"href":"https:\/\/narteks.net\/index.php\/wp-json\/wp\/v2\/users\/1"}],"replies":[{"embeddable":true,"href":"https:\/\/narteks.net\/index.php\/wp-json\/wp\/v2\/comments?post=4879"}],"version-history":[{"count":0,"href":"https:\/\/narteks.net\/index.php\/wp-json\/wp\/v2\/posts\/4879\/revisions"}],"wp:attachment":[{"href":"https:\/\/narteks.net\/index.php\/wp-json\/wp\/v2\/media?parent=4879"}],"wp:term":[{"taxonomy":"category","embeddable":true,"href":"https:\/\/narteks.net\/index.php\/wp-json\/wp\/v2\/categories?post=4879"},{"taxonomy":"post_tag","embeddable":true,"href":"https:\/\/narteks.net\/index.php\/wp-json\/wp\/v2\/tags?post=4879"}],"curies":[{"name":"wp","href":"https:\/\/api.w.org\/{rel}","templated":true}]}}