{"id":4884,"date":"2011-02-04T17:58:14","date_gmt":"2011-02-04T14:58:14","guid":{"rendered":"http:\/\/localhost\/wordpress\/2011\/02\/04\/baskalarinin-gecesi\/"},"modified":"2011-02-04T17:58:14","modified_gmt":"2011-02-04T14:58:14","slug":"baskalarinin-gecesi","status":"publish","type":"post","link":"https:\/\/narteks.net\/index.php\/2011\/02\/04\/baskalarinin-gecesi\/","title":{"rendered":"BA\u015eKALARININ GECES\u0130"},"content":{"rendered":"<p>G\u00f6r\u00fcnmeyeni g\u00f6rmenin azab\u0131<br \/>\u0130\u00e7imizde durmadan \u00f6dedi\u011fimiz<br \/>ne ruhumun ay\u0131\u015f\u0131\u011f\u0131<br \/>ne y\u0131rt\u0131c\u0131 hayvanlarla g\u00fcre\u015fen<br \/>yorgun bedenim<br \/>ihtiyar atlar gibi kapand\u0131m i\u00e7ime<br \/>yas\u0131n\u0131 tutuyorum sonsuz bir kehanetin<\/p>\n<p>G\u00f6r\u00fcnmeyeni g\u00f6rmenin azab\u0131<br \/>\u00c7\u0131lg\u0131nl\u0131klar otu a\u011fz\u0131mda<br \/>K\u0131rlar\u0131n y\u0131rt\u0131\u011f\u0131na tak\u0131lm\u0131\u015f karaca<br \/>S\u0131vas\u0131 d\u00f6k\u00fclm\u00fc\u015f duvarlardaki<br \/>Donmu\u015f hal\u0131 zaman\u0131<\/p>\n<p>\u00c7\u0131lg\u0131nl\u0131klar otu a\u011fz\u0131mda<br \/>De\u011fi\u015fik kalibreli intiharlar denedim<br \/>Dipteki aray\u0131\u015f bo\u015f kovan<br \/>Ba\u015fkalar\u0131n\u0131n gecesi bitmedi daha. <\/p>\n<p>Murathan MUNGAN<\/p>\n","protected":false},"excerpt":{"rendered":"<p>G\u00f6r\u00fcnmeyeni g\u00f6rmenin azab\u0131\u0130\u00e7imizde durmadan \u00f6dedi\u011fimizne ruhumun ay\u0131\u015f\u0131\u011f\u0131ne y\u0131rt\u0131c\u0131 hayvanlarla g\u00fcre\u015fenyorgun bedenimihtiyar atlar gibi kapand\u0131m i\u00e7imeyas\u0131n\u0131 tutuyorum sonsuz bir kehanetin G\u00f6r\u00fcnmeyeni g\u00f6rmenin azab\u0131\u00c7\u0131lg\u0131nl\u0131klar otu a\u011fz\u0131mdaK\u0131rlar\u0131n y\u0131rt\u0131\u011f\u0131na tak\u0131lm\u0131\u015f karacaS\u0131vas\u0131 d\u00f6k\u00fclm\u00fc\u015f duvarlardakiDonmu\u015f hal\u0131 zaman\u0131 \u00c7\u0131lg\u0131nl\u0131klar otu a\u011fz\u0131mdaDe\u011fi\u015fik kalibreli intiharlar denedimDipteki aray\u0131\u015f bo\u015f kovanBa\u015fkalar\u0131n\u0131n gecesi bitmedi daha. Murathan MUNGAN<\/p>\n","protected":false},"author":1,"featured_media":0,"comment_status":"open","ping_status":"open","sticky":false,"template":"","format":"standard","meta":{"footnotes":""},"categories":[154],"tags":[],"class_list":{"0":"post-4884","1":"post","2":"type-post","3":"status-publish","4":"format-standard","6":"category-murathan-mungan"},"yoast_head":"<!-- This site is optimized with the Yoast SEO Premium plugin v24.9 (Yoast SEO v24.9) - https:\/\/yoast.com\/wordpress\/plugins\/seo\/ -->\n<title>BA\u015eKALARININ GECES\u0130 - narteks.net<\/title>\n<meta name=\"robots\" content=\"index, follow, max-snippet:-1, max-image-preview:large, max-video-preview:-1\" \/>\n<link rel=\"canonical\" href=\"https:\/\/narteks.net\/index.php\/2011\/02\/04\/baskalarinin-gecesi\/\" \/>\n<meta property=\"og:locale\" content=\"tr_TR\" \/>\n<meta property=\"og:type\" content=\"article\" \/>\n<meta property=\"og:title\" content=\"BA\u015eKALARININ GECES\u0130\" \/>\n<meta property=\"og:description\" content=\"G\u00f6r\u00fcnmeyeni g\u00f6rmenin azab\u0131\u0130\u00e7imizde durmadan \u00f6dedi\u011fimizne ruhumun ay\u0131\u015f\u0131\u011f\u0131ne y\u0131rt\u0131c\u0131 hayvanlarla g\u00fcre\u015fenyorgun bedenimihtiyar atlar gibi kapand\u0131m i\u00e7imeyas\u0131n\u0131 tutuyorum sonsuz bir kehanetin G\u00f6r\u00fcnmeyeni g\u00f6rmenin azab\u0131\u00c7\u0131lg\u0131nl\u0131klar otu a\u011fz\u0131mdaK\u0131rlar\u0131n y\u0131rt\u0131\u011f\u0131na tak\u0131lm\u0131\u015f karacaS\u0131vas\u0131 d\u00f6k\u00fclm\u00fc\u015f duvarlardakiDonmu\u015f hal\u0131 zaman\u0131 \u00c7\u0131lg\u0131nl\u0131klar otu a\u011fz\u0131mdaDe\u011fi\u015fik kalibreli intiharlar denedimDipteki aray\u0131\u015f bo\u015f kovanBa\u015fkalar\u0131n\u0131n gecesi bitmedi daha. Murathan MUNGAN\" \/>\n<meta property=\"og:url\" content=\"https:\/\/narteks.net\/index.php\/2011\/02\/04\/baskalarinin-gecesi\/\" \/>\n<meta property=\"og:site_name\" content=\"narteks.net\" \/>\n<meta property=\"article:published_time\" content=\"2011-02-04T14:58:14+00:00\" \/>\n<meta property=\"og:image\" content=\"https:\/\/narteks.net\/wp-content\/uploads\/narteks.png\" \/>\n\t<meta property=\"og:image:width\" content=\"300\" \/>\n\t<meta property=\"og:image:height\" content=\"90\" \/>\n\t<meta property=\"og:image:type\" content=\"image\/png\" \/>\n<meta name=\"author\" content=\"Tar\u0131k\" \/>\n<meta name=\"twitter:card\" content=\"summary_large_image\" \/>\n<meta name=\"twitter:creator\" content=\"@narteks\" \/>\n<meta name=\"twitter:site\" content=\"@narteks\" \/>\n<meta name=\"twitter:label1\" content=\"Yazan:\" \/>\n\t<meta name=\"twitter:data1\" content=\"Tar\u0131k\" \/>\n<script type=\"application\/ld+json\" class=\"yoast-schema-graph\">{\"@context\":\"https:\/\/schema.org\",\"@graph\":[{\"@type\":\"Article\",\"@id\":\"https:\/\/narteks.net\/index.php\/2011\/02\/04\/baskalarinin-gecesi\/#article\",\"isPartOf\":{\"@id\":\"https:\/\/narteks.net\/index.php\/2011\/02\/04\/baskalarinin-gecesi\/\"},\"author\":{\"name\":\"Tar\u0131k\",\"@id\":\"https:\/\/narteks.net\/#\/schema\/person\/61f37d9834294b72d31d274e7ed79bca\"},\"headline\":\"BA\u015eKALARININ GECES\u0130\",\"datePublished\":\"2011-02-04T14:58:14+00:00\",\"mainEntityOfPage\":{\"@id\":\"https:\/\/narteks.net\/index.php\/2011\/02\/04\/baskalarinin-gecesi\/\"},\"wordCount\":86,\"commentCount\":0,\"publisher\":{\"@id\":\"https:\/\/narteks.net\/#organization\"},\"articleSection\":[\"Murathan MUNGAN\"],\"inLanguage\":\"tr\",\"potentialAction\":[{\"@type\":\"CommentAction\",\"name\":\"Comment\",\"target\":[\"https:\/\/narteks.net\/index.php\/2011\/02\/04\/baskalarinin-gecesi\/#respond\"]}]},{\"@type\":\"WebPage\",\"@id\":\"https:\/\/narteks.net\/index.php\/2011\/02\/04\/baskalarinin-gecesi\/\",\"url\":\"https:\/\/narteks.net\/index.php\/2011\/02\/04\/baskalarinin-gecesi\/\",\"name\":\"BA\u015eKALARININ GECES\u0130 - narteks.net\",\"isPartOf\":{\"@id\":\"https:\/\/narteks.net\/#website\"},\"datePublished\":\"2011-02-04T14:58:14+00:00\",\"breadcrumb\":{\"@id\":\"https:\/\/narteks.net\/index.php\/2011\/02\/04\/baskalarinin-gecesi\/#breadcrumb\"},\"inLanguage\":\"tr\",\"potentialAction\":[{\"@type\":\"ReadAction\",\"target\":[\"https:\/\/narteks.net\/index.php\/2011\/02\/04\/baskalarinin-gecesi\/\"]}]},{\"@type\":\"BreadcrumbList\",\"@id\":\"https:\/\/narteks.net\/index.php\/2011\/02\/04\/baskalarinin-gecesi\/#breadcrumb\",\"itemListElement\":[{\"@type\":\"ListItem\",\"position\":1,\"name\":\"Anasayfa\",\"item\":\"https:\/\/narteks.net\/\"},{\"@type\":\"ListItem\",\"position\":2,\"name\":\"BA\u015eKALARININ GECES\u0130\"}]},{\"@type\":\"WebSite\",\"@id\":\"https:\/\/narteks.net\/#website\",\"url\":\"https:\/\/narteks.net\/\",\"name\":\"narteks.net\",\"description\":\"K\u00fclt\u00fcr Sanat Edebiyat Felsefe\",\"publisher\":{\"@id\":\"https:\/\/narteks.net\/#organization\"},\"alternateName\":\"K\u00fclt\u00fcr Sanat Edebiyat Felsefe\",\"potentialAction\":[{\"@type\":\"SearchAction\",\"target\":{\"@type\":\"EntryPoint\",\"urlTemplate\":\"https:\/\/narteks.net\/?s={search_term_string}\"},\"query-input\":{\"@type\":\"PropertyValueSpecification\",\"valueRequired\":true,\"valueName\":\"search_term_string\"}}],\"inLanguage\":\"tr\"},{\"@type\":\"Organization\",\"@id\":\"https:\/\/narteks.net\/#organization\",\"name\":\"narteks.net\",\"url\":\"https:\/\/narteks.net\/\",\"logo\":{\"@type\":\"ImageObject\",\"inLanguage\":\"tr\",\"@id\":\"https:\/\/narteks.net\/#\/schema\/logo\/image\/\",\"url\":\"https:\/\/narteks.net\/wp-content\/uploads\/narteks.png\",\"contentUrl\":\"https:\/\/narteks.net\/wp-content\/uploads\/narteks.png\",\"width\":300,\"height\":90,\"caption\":\"narteks.net\"},\"image\":{\"@id\":\"https:\/\/narteks.net\/#\/schema\/logo\/image\/\"},\"sameAs\":[\"https:\/\/x.com\/narteks\",\"https:\/\/instagram.com\/narteksnet\"]},{\"@type\":\"Person\",\"@id\":\"https:\/\/narteks.net\/#\/schema\/person\/61f37d9834294b72d31d274e7ed79bca\",\"name\":\"Tar\u0131k\",\"image\":{\"@type\":\"ImageObject\",\"inLanguage\":\"tr\",\"@id\":\"https:\/\/narteks.net\/#\/schema\/person\/image\/\",\"url\":\"https:\/\/secure.gravatar.com\/avatar\/50865afb55632c4ae467e0af0930f6510aa2297d8014be502a55b14f3b7550cf?s=96&d=mm&r=g\",\"contentUrl\":\"https:\/\/secure.gravatar.com\/avatar\/50865afb55632c4ae467e0af0930f6510aa2297d8014be502a55b14f3b7550cf?s=96&d=mm&r=g\",\"caption\":\"Tar\u0131k\"},\"sameAs\":[\"http:\/\/narteks.net\"],\"url\":\"https:\/\/narteks.net\/index.php\/author\/narbak\/\"}]}<\/script>\n<!-- \/ Yoast SEO Premium plugin. -->","yoast_head_json":{"title":"BA\u015eKALARININ GECES\u0130 - narteks.net","robots":{"index":"index","follow":"follow","max-snippet":"max-snippet:-1","max-image-preview":"max-image-preview:large","max-video-preview":"max-video-preview:-1"},"canonical":"https:\/\/narteks.net\/index.php\/2011\/02\/04\/baskalarinin-gecesi\/","og_locale":"tr_TR","og_type":"article","og_title":"BA\u015eKALARININ GECES\u0130","og_description":"G\u00f6r\u00fcnmeyeni g\u00f6rmenin azab\u0131\u0130\u00e7imizde durmadan \u00f6dedi\u011fimizne ruhumun ay\u0131\u015f\u0131\u011f\u0131ne y\u0131rt\u0131c\u0131 hayvanlarla g\u00fcre\u015fenyorgun bedenimihtiyar atlar gibi kapand\u0131m i\u00e7imeyas\u0131n\u0131 tutuyorum sonsuz bir kehanetin G\u00f6r\u00fcnmeyeni g\u00f6rmenin azab\u0131\u00c7\u0131lg\u0131nl\u0131klar otu a\u011fz\u0131mdaK\u0131rlar\u0131n y\u0131rt\u0131\u011f\u0131na tak\u0131lm\u0131\u015f karacaS\u0131vas\u0131 d\u00f6k\u00fclm\u00fc\u015f duvarlardakiDonmu\u015f hal\u0131 zaman\u0131 \u00c7\u0131lg\u0131nl\u0131klar otu a\u011fz\u0131mdaDe\u011fi\u015fik kalibreli intiharlar denedimDipteki aray\u0131\u015f bo\u015f kovanBa\u015fkalar\u0131n\u0131n gecesi bitmedi daha. Murathan MUNGAN","og_url":"https:\/\/narteks.net\/index.php\/2011\/02\/04\/baskalarinin-gecesi\/","og_site_name":"narteks.net","article_published_time":"2011-02-04T14:58:14+00:00","og_image":[{"width":300,"height":90,"url":"https:\/\/narteks.net\/wp-content\/uploads\/narteks.png","type":"image\/png"}],"author":"Tar\u0131k","twitter_card":"summary_large_image","twitter_creator":"@narteks","twitter_site":"@narteks","twitter_misc":{"Yazan:":"Tar\u0131k"},"schema":{"@context":"https:\/\/schema.org","@graph":[{"@type":"Article","@id":"https:\/\/narteks.net\/index.php\/2011\/02\/04\/baskalarinin-gecesi\/#article","isPartOf":{"@id":"https:\/\/narteks.net\/index.php\/2011\/02\/04\/baskalarinin-gecesi\/"},"author":{"name":"Tar\u0131k","@id":"https:\/\/narteks.net\/#\/schema\/person\/61f37d9834294b72d31d274e7ed79bca"},"headline":"BA\u015eKALARININ GECES\u0130","datePublished":"2011-02-04T14:58:14+00:00","mainEntityOfPage":{"@id":"https:\/\/narteks.net\/index.php\/2011\/02\/04\/baskalarinin-gecesi\/"},"wordCount":86,"commentCount":0,"publisher":{"@id":"https:\/\/narteks.net\/#organization"},"articleSection":["Murathan MUNGAN"],"inLanguage":"tr","potentialAction":[{"@type":"CommentAction","name":"Comment","target":["https:\/\/narteks.net\/index.php\/2011\/02\/04\/baskalarinin-gecesi\/#respond"]}]},{"@type":"WebPage","@id":"https:\/\/narteks.net\/index.php\/2011\/02\/04\/baskalarinin-gecesi\/","url":"https:\/\/narteks.net\/index.php\/2011\/02\/04\/baskalarinin-gecesi\/","name":"BA\u015eKALARININ GECES\u0130 - narteks.net","isPartOf":{"@id":"https:\/\/narteks.net\/#website"},"datePublished":"2011-02-04T14:58:14+00:00","breadcrumb":{"@id":"https:\/\/narteks.net\/index.php\/2011\/02\/04\/baskalarinin-gecesi\/#breadcrumb"},"inLanguage":"tr","potentialAction":[{"@type":"ReadAction","target":["https:\/\/narteks.net\/index.php\/2011\/02\/04\/baskalarinin-gecesi\/"]}]},{"@type":"BreadcrumbList","@id":"https:\/\/narteks.net\/index.php\/2011\/02\/04\/baskalarinin-gecesi\/#breadcrumb","itemListElement":[{"@type":"ListItem","position":1,"name":"Anasayfa","item":"https:\/\/narteks.net\/"},{"@type":"ListItem","position":2,"name":"BA\u015eKALARININ GECES\u0130"}]},{"@type":"WebSite","@id":"https:\/\/narteks.net\/#website","url":"https:\/\/narteks.net\/","name":"narteks.net","description":"K\u00fclt\u00fcr Sanat Edebiyat Felsefe","publisher":{"@id":"https:\/\/narteks.net\/#organization"},"alternateName":"K\u00fclt\u00fcr Sanat Edebiyat Felsefe","potentialAction":[{"@type":"SearchAction","target":{"@type":"EntryPoint","urlTemplate":"https:\/\/narteks.net\/?s={search_term_string}"},"query-input":{"@type":"PropertyValueSpecification","valueRequired":true,"valueName":"search_term_string"}}],"inLanguage":"tr"},{"@type":"Organization","@id":"https:\/\/narteks.net\/#organization","name":"narteks.net","url":"https:\/\/narteks.net\/","logo":{"@type":"ImageObject","inLanguage":"tr","@id":"https:\/\/narteks.net\/#\/schema\/logo\/image\/","url":"https:\/\/narteks.net\/wp-content\/uploads\/narteks.png","contentUrl":"https:\/\/narteks.net\/wp-content\/uploads\/narteks.png","width":300,"height":90,"caption":"narteks.net"},"image":{"@id":"https:\/\/narteks.net\/#\/schema\/logo\/image\/"},"sameAs":["https:\/\/x.com\/narteks","https:\/\/instagram.com\/narteksnet"]},{"@type":"Person","@id":"https:\/\/narteks.net\/#\/schema\/person\/61f37d9834294b72d31d274e7ed79bca","name":"Tar\u0131k","image":{"@type":"ImageObject","inLanguage":"tr","@id":"https:\/\/narteks.net\/#\/schema\/person\/image\/","url":"https:\/\/secure.gravatar.com\/avatar\/50865afb55632c4ae467e0af0930f6510aa2297d8014be502a55b14f3b7550cf?s=96&d=mm&r=g","contentUrl":"https:\/\/secure.gravatar.com\/avatar\/50865afb55632c4ae467e0af0930f6510aa2297d8014be502a55b14f3b7550cf?s=96&d=mm&r=g","caption":"Tar\u0131k"},"sameAs":["http:\/\/narteks.net"],"url":"https:\/\/narteks.net\/index.php\/author\/narbak\/"}]}},"_links":{"self":[{"href":"https:\/\/narteks.net\/index.php\/wp-json\/wp\/v2\/posts\/4884","targetHints":{"allow":["GET"]}}],"collection":[{"href":"https:\/\/narteks.net\/index.php\/wp-json\/wp\/v2\/posts"}],"about":[{"href":"https:\/\/narteks.net\/index.php\/wp-json\/wp\/v2\/types\/post"}],"author":[{"embeddable":true,"href":"https:\/\/narteks.net\/index.php\/wp-json\/wp\/v2\/users\/1"}],"replies":[{"embeddable":true,"href":"https:\/\/narteks.net\/index.php\/wp-json\/wp\/v2\/comments?post=4884"}],"version-history":[{"count":0,"href":"https:\/\/narteks.net\/index.php\/wp-json\/wp\/v2\/posts\/4884\/revisions"}],"wp:attachment":[{"href":"https:\/\/narteks.net\/index.php\/wp-json\/wp\/v2\/media?parent=4884"}],"wp:term":[{"taxonomy":"category","embeddable":true,"href":"https:\/\/narteks.net\/index.php\/wp-json\/wp\/v2\/categories?post=4884"},{"taxonomy":"post_tag","embeddable":true,"href":"https:\/\/narteks.net\/index.php\/wp-json\/wp\/v2\/tags?post=4884"}],"curies":[{"name":"wp","href":"https:\/\/api.w.org\/{rel}","templated":true}]}}